{"id":32381,"date":"2025-05-01T09:33:57","date_gmt":"2025-05-01T15:33:57","guid":{"rendered":"https:\/\/soymigrante.com\/revista\/?p=32381"},"modified":"2025-05-01T09:52:57","modified_gmt":"2025-05-01T15:52:57","slug":"dia-de-los-trabajadores-nosotros-los-que-sembramos-futuros-sin-fronteras","status":"publish","type":"post","link":"https:\/\/soymigrante.com\/revista\/dia-de-los-trabajadores-nosotros-los-que-sembramos-futuros-sin-fronteras\/","title":{"rendered":"D\u00eda de los Trabajadores: Nosotros, los que sembramos futuros sin fronteras"},"content":{"rendered":"\t\t<div data-elementor-type=\"wp-post\" data-elementor-id=\"32381\" class=\"elementor elementor-32381\" data-elementor-post-type=\"post\">\n\t\t\t\t<div data-particle_enable=\"false\" data-particle-mobile-disabled=\"false\" class=\"elementor-element elementor-element-4dad09e e-flex e-con-boxed e-con e-parent\" data-id=\"4dad09e\" data-element_type=\"container\" data-e-type=\"container\">\n\t\t\t\t\t<div class=\"e-con-inner\">\n\t\t\t\t<div class=\"elementor-element elementor-element-ff49bc9 elementor-widget elementor-widget-heading\" data-id=\"ff49bc9\" data-element_type=\"widget\" data-e-type=\"widget\" data-widget_type=\"heading.default\">\n\t\t\t\t\t<h2 class=\"elementor-heading-title elementor-size-default\">Somos los guatemaltecos, una fuerza productiva incomparable con ra\u00edz de milenios. Dentro o fuera del territorio nacional constru\u00edmos con esperanza un porvenir para nuestras familias y comunidades. Migrantes y emprendedores nos damos la mano sin fronteras: este es un saludo fraternal en el D\u00eda del Trabajo.<\/h2>\t\t\t\t<\/div>\n\t\t\t\t\t<\/div>\n\t\t\t\t<\/div>\n\t\t<div data-particle_enable=\"false\" data-particle-mobile-disabled=\"false\" class=\"elementor-element elementor-element-1901a80 e-flex e-con-boxed e-con e-parent\" data-id=\"1901a80\" data-element_type=\"container\" data-e-type=\"container\">\n\t\t\t\t\t<div class=\"e-con-inner\">\n\t\t\t\t<div class=\"elementor-element elementor-element-f8fcea4 elementor-widget elementor-widget-text-editor\" data-id=\"f8fcea4\" data-element_type=\"widget\" data-e-type=\"widget\" data-widget_type=\"text-editor.default\">\n\t\t\t\t\t\t\t\t\t<p>Nosotros venimos de la tierra donde el ma\u00edz es memoria, los volcanes son guardianes y el Quetzal es s\u00edmbolo de grandeza. Venimos de la Costa y del Altiplano, del Pet\u00e9n milenario, del oriente c\u00e1lido y de los caminos color de caf\u00e9 tostado. Somos los hijos de un pa\u00eds que habla en muchas lenguas, que reza en muchas voces, que trabaja desde antes que el sol salga y que sigue trabajando cuando dice adi\u00f3s porque nos mueve el amor a nuestras familias.<\/p>\n<p>Nosotros, los emprendedores y los migrantes, conocemos el polvo del camino, el cansancio de la tarde y los valores que tejieron en nosotros nuestros abuelos. Emprendedores y migrantes nos lanzamos a un camino que sabemos lleno de desaf\u00edos, pero tambi\u00e9n de oportunidades.&nbsp;<\/p>\t\t\t\t\t\t\t\t<\/div>\n\t\t\t\t\t<\/div>\n\t\t\t\t<\/div>\n\t\t<div data-particle_enable=\"false\" data-particle-mobile-disabled=\"false\" class=\"elementor-element elementor-element-d79afca e-flex e-con-boxed e-con e-parent\" data-id=\"d79afca\" data-element_type=\"container\" data-e-type=\"container\">\n\t\t\t\t\t<div class=\"e-con-inner\">\n\t\t\t\t<div class=\"elementor-element elementor-element-6a16f2a elementor-widget elementor-widget-image\" data-id=\"6a16f2a\" data-element_type=\"widget\" data-e-type=\"widget\" data-widget_type=\"image.default\">\n\t\t\t\t\t\t\t\t\t\t\t\t<figure class=\"wp-caption\">\n\t\t\t\t\t\t\t\t\t\t<img fetchpriority=\"high\" decoding=\"async\" width=\"768\" height=\"549\" src=\"https:\/\/soymigrante.com\/revista\/wp-content\/uploads\/2024\/11\/tiana-ochoa-lider-migrante-rhode-island-4-1024x732.jpg\" class=\"attachment-large size-large wp-image-11992\" alt=\"Banderas de Guatemala y Estados Unidos en un evento migrante, simbolizando la uni\u00f3n y comunidad de migrantes en un entorno al aire libre, con \u00e1rboles y cielo azul de fondo.\" srcset=\"https:\/\/soymigrante.com\/revista\/wp-content\/uploads\/2024\/11\/tiana-ochoa-lider-migrante-rhode-island-4-1024x732.jpg 1024w, https:\/\/soymigrante.com\/revista\/wp-content\/uploads\/2024\/11\/tiana-ochoa-lider-migrante-rhode-island-4-300x214.webp 300w, https:\/\/soymigrante.com\/revista\/wp-content\/uploads\/2024\/11\/tiana-ochoa-lider-migrante-rhode-island-4-768x549.jpg 768w, https:\/\/soymigrante.com\/revista\/wp-content\/uploads\/2024\/11\/tiana-ochoa-lider-migrante-rhode-island-4-1536x1097.jpg 1536w, https:\/\/soymigrante.com\/revista\/wp-content\/uploads\/2024\/11\/tiana-ochoa-lider-migrante-rhode-island-4-120x86.webp 120w, https:\/\/soymigrante.com\/revista\/wp-content\/uploads\/2024\/11\/tiana-ochoa-lider-migrante-rhode-island-4-350x250.webp 350w, https:\/\/soymigrante.com\/revista\/wp-content\/uploads\/2024\/11\/tiana-ochoa-lider-migrante-rhode-island-4-750x536.webp 750w, https:\/\/soymigrante.com\/revista\/wp-content\/uploads\/2024\/11\/tiana-ochoa-lider-migrante-rhode-island-4-1140x814.jpg 1140w, https:\/\/soymigrante.com\/revista\/wp-content\/uploads\/2024\/11\/tiana-ochoa-lider-migrante-rhode-island-4.webp 1920w\" sizes=\"(max-width: 768px) 100vw, 768px\" title=\"tiana ochoa lider migrante rhode island 4 \u2013 SoyMigrante.com REVISTA\" \/>\t\t\t\t\t\t\t\t\t\t\t<figcaption class=\"widget-image-caption wp-caption-text\">All\u00e1 donde vayamos, all\u00ed donde estemos, trabajamos por una Guatemala mejor y aportamos para la construcci\u00f3n de un nuevo porvenir para nuestros hijos.<\/figcaption>\n\t\t\t\t\t\t\t\t\t\t<\/figure>\n\t\t\t\t\t\t\t\t\t<\/div>\n\t\t\t\t\t<\/div>\n\t\t\t\t<\/div>\n\t\t<div data-particle_enable=\"false\" data-particle-mobile-disabled=\"false\" class=\"elementor-element elementor-element-8d2af39 e-flex e-con-boxed e-con e-parent\" data-id=\"8d2af39\" data-element_type=\"container\" data-e-type=\"container\">\n\t\t\t\t\t<div class=\"e-con-inner\">\n\t\t\t\t<div class=\"elementor-element elementor-element-27e7727 elementor-widget elementor-widget-heading\" data-id=\"27e7727\" data-element_type=\"widget\" data-e-type=\"widget\" data-widget_type=\"heading.default\">\n\t\t\t\t\t<h3 class=\"elementor-heading-title elementor-size-default\">All\u00ed donde estemos, all\u00e1 donde vayamos....<\/h3>\t\t\t\t<\/div>\n\t\t\t\t\t<\/div>\n\t\t\t\t<\/div>\n\t\t<div data-particle_enable=\"false\" data-particle-mobile-disabled=\"false\" class=\"elementor-element elementor-element-35e8933 e-flex e-con-boxed e-con e-parent\" data-id=\"35e8933\" data-element_type=\"container\" data-e-type=\"container\">\n\t\t\t\t\t<div class=\"e-con-inner\">\n\t\t\t\t<div class=\"elementor-element elementor-element-1b3d4c5 elementor-widget elementor-widget-text-editor\" data-id=\"1b3d4c5\" data-element_type=\"widget\" data-e-type=\"widget\" data-widget_type=\"text-editor.default\">\n\t\t\t\t\t\t\t\t\t<p>All\u00ed donde estemos, all\u00e1 donde vayamos, llevamos con nosotros la dignidad del trabajo, el valor de la familia, y la esperanza puesta en Dios. Estamos en los mercados, los restaurantes, los talleres, las f\u00e1bricas, los campos y tambi\u00e9n en los edificios relucientes de Manhattan o los hoteles de California, con manos que hacen de todo para ganar el sustento para nuestras familias, ya sea que estemos cerca o lejos de ellas.<\/p><p>Nuestra memoria tiene todos los elementos: la tierra de las laderas con milpa, el agua de los pescadores, el fuego de las cocinas,\u00a0 el aire de las palabras que ense\u00f1an, cuidan, dise\u00f1an, inspiran. Somos guatemaltecos y venimos de pueblos mestizos, mayas, gar\u00edfunas, xincas, cada uno llevando su herencia como estandarte y su sue\u00f1o como br\u00fajula.<\/p>\t\t\t\t\t\t\t\t<\/div>\n\t\t\t\t\t<\/div>\n\t\t\t\t<\/div>\n\t\t<div data-particle_enable=\"false\" data-particle-mobile-disabled=\"false\" class=\"elementor-element elementor-element-195eee5 e-flex e-con-boxed e-con e-parent\" data-id=\"195eee5\" data-element_type=\"container\" data-e-type=\"container\">\n\t\t\t\t\t<div class=\"e-con-inner\">\n\t\t\t\t<div class=\"elementor-element elementor-element-d823b63 elementor-widget elementor-widget-video\" data-id=\"d823b63\" data-element_type=\"widget\" data-e-type=\"widget\" data-settings=\"{&quot;youtube_url&quot;:&quot;https:\\\/\\\/www.youtube.com\\\/watch?v=wTLs1GE1z9g&quot;,&quot;video_type&quot;:&quot;youtube&quot;,&quot;controls&quot;:&quot;yes&quot;}\" data-widget_type=\"video.default\">\n\t\t\t\t\t\t\t<div class=\"elementor-wrapper elementor-open-inline\">\n\t\t\t<div class=\"elementor-video\"><\/div>\t\t<\/div>\n\t\t\t\t\t\t<\/div>\n\t\t\t\t\t<\/div>\n\t\t\t\t<\/div>\n\t\t<div data-particle_enable=\"false\" data-particle-mobile-disabled=\"false\" class=\"elementor-element elementor-element-cfe707b e-flex e-con-boxed e-con e-parent\" data-id=\"cfe707b\" data-element_type=\"container\" data-e-type=\"container\">\n\t\t\t\t\t<div class=\"e-con-inner\">\n\t\t\t\t<div class=\"elementor-element elementor-element-ba093a0 elementor-widget elementor-widget-heading\" data-id=\"ba093a0\" data-element_type=\"widget\" data-e-type=\"widget\" data-widget_type=\"heading.default\">\n\t\t\t\t\t<h3 class=\"elementor-heading-title elementor-size-default\">Nosotros no pedimos permiso para so\u00f1ar...<\/h3>\t\t\t\t<\/div>\n\t\t\t\t\t<\/div>\n\t\t\t\t<\/div>\n\t\t<div data-particle_enable=\"false\" data-particle-mobile-disabled=\"false\" class=\"elementor-element elementor-element-225f226 e-flex e-con-boxed e-con e-parent\" data-id=\"225f226\" data-element_type=\"container\" data-e-type=\"container\">\n\t\t\t\t\t<div class=\"e-con-inner\">\n\t\t\t\t<div class=\"elementor-element elementor-element-2c7bdb5 elementor-widget elementor-widget-text-editor\" data-id=\"2c7bdb5\" data-element_type=\"widget\" data-e-type=\"widget\" data-widget_type=\"text-editor.default\">\n\t\t\t\t\t\t\t\t\t<p>So\u00f1amos porque es el primer ladrillo del ma\u00f1ana en cada ma\u00f1ana. El trabajo es nuestra manera de amar. Cada remesa enviada, cada negocio iniciado, cada idea sembrada es una chispa que alumbra a dos orillas: la que nos vio nacer y la que ahora habitamos. Somos puente y ra\u00edz. Ense\u00f1amos a nuestros hijos a no olvidar: ese es nuestro principal TRABAJO.<\/p><p>Nosotros no olvidamos. Y con esa memoria en las manos, en los pasos y en el coraz\u00f3n, estamos erigiendo un nuevo pa\u00eds. As\u00ed como nunca dejamos de ser trabajadores, nunca dejamos de ser guatemaltecos: lo somos a\u00fan m\u00e1s cuando triunfamos lejos, cuando decimos el nombre de nuestra aldea, cuando ense\u00f1amos que la dignidad tambi\u00e9n se exporta.<\/p>\t\t\t\t\t\t\t\t<\/div>\n\t\t\t\t\t<\/div>\n\t\t\t\t<\/div>\n\t\t<div data-particle_enable=\"false\" data-particle-mobile-disabled=\"false\" class=\"elementor-element elementor-element-ec5df9d e-flex e-con-boxed e-con e-parent\" data-id=\"ec5df9d\" data-element_type=\"container\" data-e-type=\"container\">\n\t\t\t\t\t<div class=\"e-con-inner\">\n\t\t\t\t<div class=\"elementor-element elementor-element-85461c4 elementor-grid-eael-col-1 elementor-grid-tablet-eael-col-2 elementor-grid-mobile-eael-col-1 elementor-widget elementor-widget-eael-post-grid\" data-id=\"85461c4\" data-element_type=\"widget\" data-e-type=\"widget\" data-settings=\"{&quot;eael_post_grid_columns&quot;:&quot;eael-col-1&quot;,&quot;eael_post_grid_columns_tablet&quot;:&quot;eael-col-2&quot;,&quot;eael_post_grid_columns_mobile&quot;:&quot;eael-col-1&quot;}\" data-widget_type=\"eael-post-grid.default\">\n\t\t\t\t\t<div id=\"eael-post-grid-85461c4\" class=\"eael-post-grid-container\">\n            <div class=\"eael-post-grid eael-post-appender eael-post-appender-85461c4 eael-post-grid-style-one\" data-layout-mode=\"masonry\"><article class=\"eael-grid-post  eael-post-grid-column eael-pg-post-10600 category-estamos-unidos\" data-id=\"10600\">\n        <div class=\"eael-grid-post-holder\">\n            <div class=\"eael-grid-post-holder-inner\"><div class=\"eael-entry-media\"><div class=\"eael-entry-overlay fade-in\"><i class=\"far fa-hand-pointer\" aria-hidden=\"true\"><\/i><a href=\"https:\/\/soymigrante.com\/revista\/guatemaltecos-son-el-6-de-la-fuerza-laboral-migrante-hispana-en-ee-uu\/\"><\/a><\/div><div class=\"eael-entry-thumbnail eael-image-ratio\">\n                <img decoding=\"async\" width=\"842\" height=\"842\" src=\"https:\/\/soymigrante.com\/revista\/wp-content\/uploads\/2024\/10\/guatemaltecos-desfile-hispanidad.webp\" class=\"attachment-large size-large wp-image-10609\" alt=\"Guatemaltecos en una manifestaci\u00f3n en la ciudad de Nueva York con la bandera de Guatemala. Participaci\u00f3n en eventos culturales y sociales de la comunidad migrante en EE.UU.\" srcset=\"https:\/\/soymigrante.com\/revista\/wp-content\/uploads\/2024\/10\/guatemaltecos-desfile-hispanidad.webp 842w, https:\/\/soymigrante.com\/revista\/wp-content\/uploads\/2024\/10\/guatemaltecos-desfile-hispanidad-300x300.webp 300w, https:\/\/soymigrante.com\/revista\/wp-content\/uploads\/2024\/10\/guatemaltecos-desfile-hispanidad-150x150.webp 150w, https:\/\/soymigrante.com\/revista\/wp-content\/uploads\/2024\/10\/guatemaltecos-desfile-hispanidad-768x768.webp 768w, https:\/\/soymigrante.com\/revista\/wp-content\/uploads\/2024\/10\/guatemaltecos-desfile-hispanidad-75x75.webp 75w, https:\/\/soymigrante.com\/revista\/wp-content\/uploads\/2024\/10\/guatemaltecos-desfile-hispanidad-750x750.webp 750w\" sizes=\"(max-width: 842px) 100vw, 842px\" \/>\n            <\/div>\n        <\/div><div class=\"eael-entry-wrapper\"><header class=\"eael-entry-header\"><h2 class=\"eael-entry-title\"><a class=\"eael-grid-post-link\" href=\"https:\/\/soymigrante.com\/revista\/guatemaltecos-son-el-6-de-la-fuerza-laboral-migrante-hispana-en-ee-uu\/\" title=\"Guatemaltecos son el 6% de la fuerza laboral migrante hispana en EE.UU.\">Guatemaltecos son el 6% de la fuerza laboral migrante hispana en EE.UU.<\/a><\/h2><\/header><div class=\"eael-entry-content\">\n                        <div class=\"eael-grid-post-excerpt\"><a href=\"https:\/\/soymigrante.com\/revista\/guatemaltecos-son-el-6-de-la-fuerza-laboral-migrante-hispana-en-ee-uu\/\" class=\"eael-post-elements-readmore-btn\">CONOCE SU HISTORIA <\/a><\/div>\n                    <\/div><\/div><\/div>\n        <\/div>\n    <\/article><\/div>\n            <div class=\"clearfix\"><\/div>\n        <\/div>\t\t\t\t<\/div>\n\t\t\t\t\t<\/div>\n\t\t\t\t<\/div>\n\t\t<div data-particle_enable=\"false\" data-particle-mobile-disabled=\"false\" class=\"elementor-element elementor-element-c1679cd e-flex e-con-boxed e-con e-parent\" data-id=\"c1679cd\" data-element_type=\"container\" data-e-type=\"container\">\n\t\t\t\t\t<div class=\"e-con-inner\">\n\t\t\t\t<div class=\"elementor-element elementor-element-4101f4e elementor-widget elementor-widget-heading\" data-id=\"4101f4e\" data-element_type=\"widget\" data-e-type=\"widget\" data-widget_type=\"heading.default\">\n\t\t\t\t\t<h3 class=\"elementor-heading-title elementor-size-default\">Nosotros no estamos solos: nos tenemos unos a otros<\/h3>\t\t\t\t<\/div>\n\t\t\t\t\t<\/div>\n\t\t\t\t<\/div>\n\t\t<div data-particle_enable=\"false\" data-particle-mobile-disabled=\"false\" class=\"elementor-element elementor-element-d92b127 e-flex e-con-boxed e-con e-parent\" data-id=\"d92b127\" data-element_type=\"container\" data-e-type=\"container\">\n\t\t\t\t\t<div class=\"e-con-inner\">\n\t\t\t\t<div class=\"elementor-element elementor-element-8294b98 elementor-widget elementor-widget-text-editor\" data-id=\"8294b98\" data-element_type=\"widget\" data-e-type=\"widget\" data-widget_type=\"text-editor.default\">\n\t\t\t\t\t\t\t\t\t<p>Compartimos historias, saberes, esfuerzos. Celebramos nuestras fiestas con marimba y comida de casa: con palabras en 25 idiomas. La diversidad es riqueza y fuerza. Cuando trabajamos juntos, tenemos la fuerza del volc\u00e1n.<\/p><p>Nosotros no esperamos que el futuro llegue solo: lo estamos construyendo y transformando.\u00a0 Por eso en este D\u00eda de los Trabajadores 2025 nos damos la mano y aqu\u00ed en SoyMigrante.com seguimos abriendo veredas que muy pronto ser\u00e1n grandes caminos al porvenir en donde avanzar\u00e1n nuestros hijos y nuestros nietos, en un pa\u00eds mejor que aquel donde crecimos nosotros.<\/p>\t\t\t\t\t\t\t\t<\/div>\n\t\t\t\t\t<\/div>\n\t\t\t\t<\/div>\n\t\t<div data-particle_enable=\"false\" data-particle-mobile-disabled=\"false\" class=\"elementor-element elementor-element-a703f46 e-flex e-con-boxed e-con e-parent\" data-id=\"a703f46\" data-element_type=\"container\" data-e-type=\"container\">\n\t\t\t\t\t<div class=\"e-con-inner\">\n\t\t\t\t<div class=\"elementor-element elementor-element-7106331 elementor-widget elementor-widget-heading\" data-id=\"7106331\" data-element_type=\"widget\" data-e-type=\"widget\" data-widget_type=\"heading.default\">\n\t\t\t\t\t<h2 class=\"elementor-heading-title elementor-size-default\">Nuestra identidad es nuestra fortaleza<\/h2>\t\t\t\t<\/div>\n\t\t\t\t\t<\/div>\n\t\t\t\t<\/div>\n\t\t<div data-particle_enable=\"false\" data-particle-mobile-disabled=\"false\" class=\"elementor-element elementor-element-6b47338 e-flex e-con-boxed e-con e-parent\" data-id=\"6b47338\" data-element_type=\"container\" data-e-type=\"container\">\n\t\t\t\t\t<div class=\"e-con-inner\">\n\t\t\t\t<div class=\"elementor-element elementor-element-e57dc67 elementor-grid-eael-col-3 elementor-grid-tablet-eael-col-2 elementor-grid-mobile-eael-col-1 elementor-widget elementor-widget-eael-post-grid\" data-id=\"e57dc67\" data-element_type=\"widget\" data-e-type=\"widget\" data-settings=\"{&quot;eael_post_grid_columns&quot;:&quot;eael-col-3&quot;,&quot;eael_post_grid_columns_tablet&quot;:&quot;eael-col-2&quot;,&quot;eael_post_grid_columns_mobile&quot;:&quot;eael-col-1&quot;}\" data-widget_type=\"eael-post-grid.default\">\n\t\t\t\t\t<div id=\"eael-post-grid-e57dc67\" class=\"eael-post-grid-container\">\n            <div class=\"eael-post-grid eael-post-appender eael-post-appender-e57dc67 eael-post-grid-style-one\" data-layout-mode=\"masonry\"><article class=\"eael-grid-post  eael-post-grid-column eael-pg-post-14276 category-guate-nuestra tags-mercado-emprendedores\" data-id=\"14276\">\n        <div class=\"eael-grid-post-holder\">\n            <div class=\"eael-grid-post-holder-inner\"><div class=\"eael-entry-media\"><div class=\"eael-entry-overlay fade-in\"><i class=\"far fa-hand-pointer\" aria-hidden=\"true\"><\/i><a href=\"https:\/\/soymigrante.com\/revista\/clinica-la-montana-de-colomba-costa-cuca-ofrece-capsulas-y-terapias-naturistas\/\"><\/a><\/div><div class=\"eael-entry-thumbnail \">\n                <img decoding=\"async\" width=\"542\" height=\"542\" src=\"https:\/\/soymigrante.com\/revista\/wp-content\/uploads\/2024\/11\/emprendedor-daniel-sanchez-1.webp\" class=\"attachment-large size-large wp-image-14277\" alt=\"Amplio \u00e1rbol de hoja perenne con un hombre sonriendo en medio de la naturaleza, s\u00edmbolo de crecimiento y sostenibilidad para art\u00edculos de agricultura y medio ambiente en SoyMigrante.com REVISTA.\" srcset=\"https:\/\/soymigrante.com\/revista\/wp-content\/uploads\/2024\/11\/emprendedor-daniel-sanchez-1.webp 542w, https:\/\/soymigrante.com\/revista\/wp-content\/uploads\/2024\/11\/emprendedor-daniel-sanchez-1-300x300.jpg 300w, https:\/\/soymigrante.com\/revista\/wp-content\/uploads\/2024\/11\/emprendedor-daniel-sanchez-1-150x150.jpg 150w, https:\/\/soymigrante.com\/revista\/wp-content\/uploads\/2024\/11\/emprendedor-daniel-sanchez-1-75x75.webp 75w\" sizes=\"(max-width: 542px) 100vw, 542px\" \/>\n            <\/div>\n        <\/div><div class=\"eael-entry-wrapper\"><header class=\"eael-entry-header\"><h2 class=\"eael-entry-title\"><a class=\"eael-grid-post-link\" href=\"https:\/\/soymigrante.com\/revista\/clinica-la-montana-de-colomba-costa-cuca-ofrece-capsulas-y-terapias-naturistas\/\" title=\"Danny S\u00e1nchez Mach\u00e1 ofrece productos del Centro Naturista de la Monta\u00f1a, desde Colomba Costa Cuca\">Danny S\u00e1nchez Mach\u00e1 ofrece productos del Centro Naturista de la Monta\u00f1a, desde Colomba Costa Cuca<\/a><\/h2><\/header><div class=\"eael-entry-content\">\n                        <div class=\"eael-grid-post-excerpt\"><a href=\"https:\/\/soymigrante.com\/revista\/clinica-la-montana-de-colomba-costa-cuca-ofrece-capsulas-y-terapias-naturistas\/\" class=\"eael-post-elements-readmore-btn\">CONOCE SU HISTORIA <\/a><\/div>\n                    <\/div><\/div><\/div>\n        <\/div>\n    <\/article><article class=\"eael-grid-post  eael-post-grid-column eael-pg-post-6685 category-guate-nuestra\" data-id=\"6685\">\n        <div class=\"eael-grid-post-holder\">\n            <div class=\"eael-grid-post-holder-inner\"><div class=\"eael-entry-media\"><div class=\"eael-entry-overlay fade-in\"><i class=\"far fa-hand-pointer\" aria-hidden=\"true\"><\/i><a href=\"https:\/\/soymigrante.com\/revista\/identidad-tejida-y-exportada-trajes-tipicos-de-guatemala-migran-a-ee-uu\/\"><\/a><\/div><div class=\"eael-entry-thumbnail \">\n                <img loading=\"lazy\" decoding=\"async\" width=\"872\" height=\"805\" src=\"https:\/\/soymigrante.com\/revista\/wp-content\/uploads\/2024\/05\/Captura-de-pantalla-2024-05-30-164431.webp\" class=\"attachment-large size-large wp-image-6757\" alt=\"Coloridas prendas con bordados tradicionales y dise\u00f1os de flora y fauna, ideales para promover la cultura mexicana, el arte textil y la moda \u00e9tnica, en una exhibici\u00f3n de textiles artesanales.\" srcset=\"https:\/\/soymigrante.com\/revista\/wp-content\/uploads\/2024\/05\/Captura-de-pantalla-2024-05-30-164431.webp 872w, https:\/\/soymigrante.com\/revista\/wp-content\/uploads\/2024\/05\/Captura-de-pantalla-2024-05-30-164431-300x277.webp 300w, https:\/\/soymigrante.com\/revista\/wp-content\/uploads\/2024\/05\/Captura-de-pantalla-2024-05-30-164431-768x709.webp 768w, https:\/\/soymigrante.com\/revista\/wp-content\/uploads\/2024\/05\/Captura-de-pantalla-2024-05-30-164431-750x692.webp 750w\" sizes=\"(max-width: 872px) 100vw, 872px\" \/>\n            <\/div>\n        <\/div><div class=\"eael-entry-wrapper\"><header class=\"eael-entry-header\"><h2 class=\"eael-entry-title\"><a class=\"eael-grid-post-link\" href=\"https:\/\/soymigrante.com\/revista\/identidad-tejida-y-exportada-trajes-tipicos-de-guatemala-migran-a-ee-uu\/\" title=\"Identidad tejida y exportada: trajes t\u00edpicos de Guatemala migran a EE.UU.\">Identidad tejida y exportada: trajes t\u00edpicos de Guatemala migran a EE.UU.<\/a><\/h2><\/header><div class=\"eael-entry-content\">\n                        <div class=\"eael-grid-post-excerpt\"><a href=\"https:\/\/soymigrante.com\/revista\/identidad-tejida-y-exportada-trajes-tipicos-de-guatemala-migran-a-ee-uu\/\" class=\"eael-post-elements-readmore-btn\">CONOCE SU HISTORIA <\/a><\/div>\n                    <\/div><\/div><\/div>\n        <\/div>\n    <\/article><article class=\"eael-grid-post  eael-post-grid-column eael-pg-post-5161 category-exitos\" data-id=\"5161\">\n        <div class=\"eael-grid-post-holder\">\n            <div class=\"eael-grid-post-holder-inner\"><div class=\"eael-entry-media\"><div class=\"eael-entry-overlay fade-in\"><i class=\"far fa-hand-pointer\" aria-hidden=\"true\"><\/i><a href=\"https:\/\/soymigrante.com\/revista\/pierdan-el-miedo-porque-es-el-peor-enemigo-carol-paxtor\/\"><\/a><\/div><div class=\"eael-entry-thumbnail \">\n                <img loading=\"lazy\" decoding=\"async\" width=\"700\" height=\"608\" src=\"https:\/\/soymigrante.com\/revista\/wp-content\/uploads\/2024\/03\/Captura-de-pantalla-2024-02-25-223228.webp\" class=\"attachment-large size-large wp-image-5162\" alt=\"Carol Hern\u00e1ndez, migrante guatemalteca en Nueva York, cofundadora de Caf\u00e9 Tikal.\" srcset=\"https:\/\/soymigrante.com\/revista\/wp-content\/uploads\/2024\/03\/Captura-de-pantalla-2024-02-25-223228.webp 700w, https:\/\/soymigrante.com\/revista\/wp-content\/uploads\/2024\/03\/Captura-de-pantalla-2024-02-25-223228-300x261.webp 300w\" sizes=\"(max-width: 700px) 100vw, 700px\" \/>\n            <\/div>\n        <\/div><div class=\"eael-entry-wrapper\"><header class=\"eael-entry-header\"><h2 class=\"eael-entry-title\"><a class=\"eael-grid-post-link\" href=\"https:\/\/soymigrante.com\/revista\/pierdan-el-miedo-porque-es-el-peor-enemigo-carol-paxtor\/\" title=\"&#8220;Pierdan el miedo: es el peor enemigo&#8221;: Carol Paxtor, migrante y emprendedora en NY\">&#8220;Pierdan el miedo: es el peor enemigo&#8221;: Carol Paxtor, migrante y emprendedora en NY<\/a><\/h2><\/header><div class=\"eael-entry-content\">\n                        <div class=\"eael-grid-post-excerpt\"><a href=\"https:\/\/soymigrante.com\/revista\/pierdan-el-miedo-porque-es-el-peor-enemigo-carol-paxtor\/\" class=\"eael-post-elements-readmore-btn\">CONOCE SU HISTORIA <\/a><\/div>\n                    <\/div><\/div><\/div>\n        <\/div>\n    <\/article><\/div>\n            <div class=\"clearfix\"><\/div>\n        <\/div>\t\t\t\t<\/div>\n\t\t\t\t\t<\/div>\n\t\t\t\t<\/div>\n\t\t\t\t<\/div>\n\t\t","protected":false},"excerpt":{"rendered":"<p>Somos los guatemaltecos, una fuerza productiva incomparable con ra\u00edz de milenios. Dentro o fuera del territorio nacional constru\u00edmos con esperanza un porvenir para nuestras familias y comunidades. Migrantes y emprendedores nos damos la mano sin fronteras: este es un saludo fraternal en el D\u00eda del Trabajo. Nosotros venimos de la tierra donde el ma\u00edz es [&hellip;]<\/p>\n","protected":false},"author":1,"featured_media":24220,"comment_status":"open","ping_status":"open","sticky":false,"template":"","format":"standard","meta":{"_acf_changed":false,"_eb_attr":"","footnotes":""},"categories":[126],"tags":[],"class_list":["post-32381","post","type-post","status-publish","format-standard","has-post-thumbnail","hentry","category-editorial"],"acf":[],"aioseo_notices":[],"aioseo_head":"\n\t\t<!-- All in One SEO Pro 4.9.6.2 - aioseo.com -->\n\t<meta name=\"description\" content=\"Migrante guatemalteca originaria de San Francisco El Alto, Totonicap\u00e1n, es cofundadora de Tikal Caf\u00e9, que abri\u00f3 en pandemia y que inaugur\u00f3 su segundo local en Nueva York, con un concepto vegetariano y ambientalmente amigable. \u201cTodos somos so\u00f1adores, pero no siempre llevamos a la realidad\u2026 La clave es perder el miedo, porque el miedo es el\" \/>\n\t<meta name=\"robots\" content=\"max-snippet:-1, max-image-preview:large, max-video-preview:-1\" \/>\n\t<meta name=\"author\" content=\"SoyMigrante.com REVISTA\"\/>\n\t<link rel=\"canonical\" href=\"https:\/\/soymigrante.com\/revista\/dia-de-los-trabajadores-nosotros-los-que-sembramos-futuros-sin-fronteras\/\" \/>\n\t<meta name=\"generator\" content=\"All in One SEO Pro (AIOSEO) 4.9.6.2\" \/>\n\n\t\t<link rel=\"preconnect\" href=\"https:\/\/fonts.googleapis.com\" crossorigin>\n<link rel=\"preconnect\" href=\"https:\/\/fonts.gstatic.com\" crossorigin>\n\t\t<meta property=\"og:locale\" content=\"es_ES\" \/>\n\t\t<meta property=\"og:site_name\" content=\"SoyMigrante.com REVISTA \u2013 Nuestra misi\u00f3n es reconocer y dignificar al migrante.\" \/>\n\t\t<meta property=\"og:type\" content=\"article\" \/>\n\t\t<meta property=\"og:title\" content=\"D\u00eda del Trabajo: esfuerzo guatemalteco sin fronteras\" \/>\n\t\t<meta property=\"og:description\" content=\"Somos guatemaltecos, pueblo laborioso, dedicado y de esperanza. En este D\u00eda de los Trabajadores nos damos la mano y seguimos abriendo veredas que ser\u00e1n caminos.\" \/>\n\t\t<meta property=\"og:url\" content=\"https:\/\/soymigrante.com\/revista\/dia-de-los-trabajadores-nosotros-los-que-sembramos-futuros-sin-fronteras\/\" \/>\n\t\t<meta property=\"og:image\" content=\"https:\/\/soymigrante.com\/revista\/wp-content\/uploads\/2025\/02\/Las-hermanas-Nicola\u0301s-guardianas-de-la-tradicio\u0301n-textil-esta\u0301n-en-MERCADO2.webp\" \/>\n\t\t<meta property=\"og:image:secure_url\" content=\"https:\/\/soymigrante.com\/revista\/wp-content\/uploads\/2025\/02\/Las-hermanas-Nicola\u0301s-guardianas-de-la-tradicio\u0301n-textil-esta\u0301n-en-MERCADO2.webp\" \/>\n\t\t<meta property=\"og:image:width\" content=\"1220\" \/>\n\t\t<meta property=\"og:image:height\" content=\"1280\" \/>\n\t\t<meta property=\"article:published_time\" content=\"2025-05-01T15:33:57+00:00\" \/>\n\t\t<meta property=\"article:modified_time\" content=\"2025-05-01T15:52:57+00:00\" \/>\n\t\t<meta property=\"article:publisher\" content=\"https:\/\/www.facebook.com\/soymigrantecom\" \/>\n\t\t<meta name=\"twitter:card\" content=\"summary_large_image\" \/>\n\t\t<meta name=\"twitter:site\" content=\"@SoyMigrante_com\" \/>\n\t\t<meta name=\"twitter:title\" content=\"D\u00eda del Trabajo: esfuerzo guatemalteco sin fronteras\" \/>\n\t\t<meta name=\"twitter:description\" content=\"Somos guatemaltecos, pueblo laborioso, dedicado y de esperanza. En este D\u00eda de los Trabajadores nos damos la mano y seguimos abriendo veredas que ser\u00e1n caminos.\" \/>\n\t\t<meta name=\"twitter:creator\" content=\"@SoyMigrante_com\" \/>\n\t\t<meta name=\"twitter:image\" content=\"https:\/\/soymigrante.com\/revista\/wp-content\/uploads\/2025\/02\/Las-hermanas-Nicola\u0301s-guardianas-de-la-tradicio\u0301n-textil-esta\u0301n-en-MERCADO2.webp\" \/>\n\t\t<!-- All in One SEO Pro -->\r\n\t\t<title>D\u00eda del Trabajo: esfuerzo guatemalteco sin fronteras<\/title>\n\n","aioseo_head_json":{"title":"D\u00eda del Trabajo: esfuerzo guatemalteco sin fronteras","description":"Somos guatemaltecos, pueblo laborioso, dedicado y de esperanza. En este D\u00eda de los Trabajadores nos damos la mano y seguimos abriendo veredas que ser\u00e1n caminos.","canonical_url":"https:\/\/soymigrante.com\/revista\/dia-de-los-trabajadores-nosotros-los-que-sembramos-futuros-sin-fronteras\/","robots":"max-snippet:-1, max-image-preview:large, max-video-preview:-1","keywords":"","webmasterTools":{"miscellaneous":"&lt;link rel=\"preconnect\" href=\"https:\/\/fonts.googleapis.com\" crossorigin&gt;\n&lt;link rel=\"preconnect\" href=\"https:\/\/fonts.gstatic.com\" crossorigin&gt;"},"schema":null,"og:locale":"es_ES","og:site_name":"SoyMigrante.com REVISTA \u2013 Nuestra misi\u00f3n es reconocer y dignificar al migrante.","og:type":"article","og:title":"D\u00eda del Trabajo: esfuerzo guatemalteco sin fronteras","og:description":"Somos guatemaltecos, pueblo laborioso, dedicado y de esperanza. En este D\u00eda de los Trabajadores nos damos la mano y seguimos abriendo veredas que ser\u00e1n caminos.","og:url":"https:\/\/soymigrante.com\/revista\/dia-de-los-trabajadores-nosotros-los-que-sembramos-futuros-sin-fronteras\/","og:image":"https:\/\/soymigrante.com\/revista\/wp-content\/uploads\/2025\/02\/Las-hermanas-Nicola\u0301s-guardianas-de-la-tradicio\u0301n-textil-esta\u0301n-en-MERCADO2.webp","og:image:secure_url":"https:\/\/soymigrante.com\/revista\/wp-content\/uploads\/2025\/02\/Las-hermanas-Nicola\u0301s-guardianas-de-la-tradicio\u0301n-textil-esta\u0301n-en-MERCADO2.webp","og:image:width":1220,"og:image:height":1280,"article:published_time":"2025-05-01T15:33:57+00:00","article:modified_time":"2025-05-01T15:52:57+00:00","article:publisher":"https:\/\/www.facebook.com\/soymigrantecom","twitter:card":"summary_large_image","twitter:site":"@SoyMigrante_com","twitter:title":"D\u00eda del Trabajo: esfuerzo guatemalteco sin fronteras","twitter:description":"Somos guatemaltecos, pueblo laborioso, dedicado y de esperanza. En este D\u00eda de los Trabajadores nos damos la mano y seguimos abriendo veredas que ser\u00e1n caminos.","twitter:creator":"@SoyMigrante_com","twitter:image":"https:\/\/soymigrante.com\/revista\/wp-content\/uploads\/2025\/02\/Las-hermanas-Nicola\u0301s-guardianas-de-la-tradicio\u0301n-textil-esta\u0301n-en-MERCADO2.webp"},"aioseo_meta_data":{"post_id":"32381","title":"D\u00eda del Trabajo: esfuerzo guatemalteco sin fronteras","description":"Somos guatemaltecos, pueblo laborioso, dedicado y de esperanza. En este D\u00eda de los Trabajadores nos damos la mano y seguimos abriendo veredas que ser\u00e1n caminos.","keywords":null,"keyphrases":{"focus":{"keyphrase":"migrantes guatemaltecos","score":37,"analysis":{"keyphraseInTitle":{"score":3,"maxScore":9,"error":1},"keyphraseInDescription":{"score":3,"maxScore":9,"error":1},"keyphraseLength":{"score":9,"maxScore":9,"error":0,"length":2},"keyphraseInURL":{"score":1,"maxScore":5,"error":1},"keyphraseInIntroduction":{"score":3,"maxScore":9,"error":1},"keyphraseInSubHeadings":{"score":3,"maxScore":9,"error":1},"keyphraseInImageAlt":[],"keywordDensity":{"score":0,"type":"low","maxScore":9,"error":1}}},"additional":[{"keyphrase":"trabajan","score":42,"analysis":{"keyphraseInDescription":{"score":3,"maxScore":9,"error":1},"keyphraseLength":{"score":9,"maxScore":9,"error":0,"length":1},"keyphraseInIntroduction":{"score":3,"maxScore":9,"error":1},"keyphraseInImageAlt":[],"keywordDensity":{"score":0,"type":"low","maxScore":9,"error":1}}},{"keyphrase":"migrantes","score":67,"analysis":{"keyphraseInDescription":{"score":3,"maxScore":9,"error":1},"keyphraseLength":{"score":9,"maxScore":9,"error":0,"length":1},"keyphraseInIntroduction":{"score":3,"maxScore":9,"error":1},"keyphraseInImageAlt":[],"keywordDensity":{"type":"best","score":9,"maxScore":9,"error":0}}},{"keyphrase":"guatemaltecos","score":83,"analysis":{"keyphraseInDescription":{"score":9,"maxScore":9,"error":0},"keyphraseLength":{"score":9,"maxScore":9,"error":0,"length":1},"keyphraseInIntroduction":{"score":3,"maxScore":9,"error":1},"keyphraseInImageAlt":[],"keywordDensity":{"type":"best","score":9,"maxScore":9,"error":0}}}]},"primary_term":null,"canonical_url":null,"og_title":null,"og_description":null,"og_object_type":"default","og_image_type":"default","og_image_url":null,"og_image_width":null,"og_image_height":null,"og_image_custom_url":null,"og_image_custom_fields":null,"og_video":"","og_custom_url":null,"og_article_section":null,"og_article_tags":null,"twitter_use_og":false,"twitter_card":"default","twitter_image_type":"default","twitter_image_url":null,"twitter_image_custom_url":null,"twitter_image_custom_fields":null,"twitter_title":null,"twitter_description":null,"schema":{"blockGraphs":[],"customGraphs":[],"default":{"data":{"Article":[],"Course":[],"Dataset":[],"FAQPage":[],"Movie":[],"Person":[],"Product":[],"ProductReview":[],"Car":[],"Recipe":[],"Service":[],"SoftwareApplication":[],"WebPage":[]},"graphName":"none","isEnabled":true},"graphs":[]},"schema_type":"default","schema_type_options":null,"pillar_content":false,"robots_default":true,"robots_noindex":false,"robots_noarchive":false,"robots_nosnippet":false,"robots_nofollow":false,"robots_noimageindex":false,"robots_noodp":false,"robots_notranslate":false,"robots_max_snippet":"-1","robots_max_videopreview":"-1","robots_max_imagepreview":"large","priority":null,"frequency":"default","local_seo":null,"seo_analyzer_scan_date":"2025-10-09 04:46:21","breadcrumb_settings":null,"limit_modified_date":false,"reviewed_by":null,"open_ai":"{\"title\":{\"suggestions\":[],\"usage\":0},\"description\":{\"suggestions\":[],\"usage\":0}}","ai":null,"created":"2025-05-01 14:40:29","updated":"2026-02-04 23:28:17"},"aioseo_breadcrumb":"<div class=\"aioseo-breadcrumbs\"><span class=\"aioseo-breadcrumb\">\n\t<a href=\"https:\/\/soymigrante.com\/revista\" title=\"Home\">Home<\/a>\n<\/span><span class=\"aioseo-breadcrumb-separator\">\u00bb<\/span><span class=\"aioseo-breadcrumb\">\n\t<a href=\"https:\/\/soymigrante.com\/revista\/category\/estamos-unidos\/\" title=\"Estamos Unidos\">Estamos Unidos<\/a>\n<\/span><span class=\"aioseo-breadcrumb-separator\">\u00bb<\/span><span class=\"aioseo-breadcrumb\">\n\t<a href=\"https:\/\/soymigrante.com\/revista\/category\/estamos-unidos\/editorial\/\" title=\"Editorial\">Editorial<\/a>\n<\/span><span class=\"aioseo-breadcrumb-separator\">\u00bb<\/span><span class=\"aioseo-breadcrumb\">\n\tD\u00eda de los Trabajadores: Nosotros, los que sembramos futuros sin fronteras\n<\/span><\/div>","aioseo_breadcrumb_json":[{"label":"Home","link":"https:\/\/soymigrante.com\/revista"},{"label":"Estamos Unidos","link":"https:\/\/soymigrante.com\/revista\/category\/estamos-unidos\/"},{"label":"Editorial","link":"https:\/\/soymigrante.com\/revista\/category\/estamos-unidos\/editorial\/"},{"label":"D\u00eda de los Trabajadores: Nosotros, los que sembramos futuros sin fronteras","link":"https:\/\/soymigrante.com\/revista\/dia-de-los-trabajadores-nosotros-los-que-sembramos-futuros-sin-fronteras\/"}],"_links":{"self":[{"href":"https:\/\/soymigrante.com\/revista\/wp-json\/wp\/v2\/posts\/32381","targetHints":{"allow":["GET"]}}],"collection":[{"href":"https:\/\/soymigrante.com\/revista\/wp-json\/wp\/v2\/posts"}],"about":[{"href":"https:\/\/soymigrante.com\/revista\/wp-json\/wp\/v2\/types\/post"}],"author":[{"embeddable":true,"href":"https:\/\/soymigrante.com\/revista\/wp-json\/wp\/v2\/users\/1"}],"replies":[{"embeddable":true,"href":"https:\/\/soymigrante.com\/revista\/wp-json\/wp\/v2\/comments?post=32381"}],"version-history":[{"count":15,"href":"https:\/\/soymigrante.com\/revista\/wp-json\/wp\/v2\/posts\/32381\/revisions"}],"predecessor-version":[{"id":32397,"href":"https:\/\/soymigrante.com\/revista\/wp-json\/wp\/v2\/posts\/32381\/revisions\/32397"}],"wp:featuredmedia":[{"embeddable":true,"href":"https:\/\/soymigrante.com\/revista\/wp-json\/wp\/v2\/media\/24220"}],"wp:attachment":[{"href":"https:\/\/soymigrante.com\/revista\/wp-json\/wp\/v2\/media?parent=32381"}],"wp:term":[{"taxonomy":"category","embeddable":true,"href":"https:\/\/soymigrante.com\/revista\/wp-json\/wp\/v2\/categories?post=32381"},{"taxonomy":"post_tag","embeddable":true,"href":"https:\/\/soymigrante.com\/revista\/wp-json\/wp\/v2\/tags?post=32381"}],"curies":[{"name":"wp","href":"https:\/\/api.w.org\/{rel}","templated":true}]}}