{"id":32367,"date":"2025-05-03T11:04:43","date_gmt":"2025-05-03T17:04:43","guid":{"rendered":"https:\/\/soymigrante.com\/revista\/?p=32367"},"modified":"2025-05-04T23:11:38","modified_gmt":"2025-05-05T05:11:38","slug":"chef-guatemalteca-amalia-moreno-damgaard-top-5-de-certamen","status":"publish","type":"post","link":"https:\/\/soymigrante.com\/revista\/chef-guatemalteca-amalia-moreno-damgaard-top-5-de-certamen\/","title":{"rendered":"Est\u00e1 entre 5 finalistas de certamen la chef guatemalteca Amalia Moreno-Damgaard: ap\u00f3yala"},"content":{"rendered":"\t\t<div data-elementor-type=\"wp-post\" data-elementor-id=\"32367\" class=\"elementor elementor-32367\" data-elementor-post-type=\"post\">\n\t\t\t\t<div data-particle_enable=\"false\" data-particle-mobile-disabled=\"false\" class=\"elementor-element elementor-element-cee0651 e-flex e-con-boxed e-con e-parent\" data-id=\"cee0651\" data-element_type=\"container\" data-e-type=\"container\">\n\t\t\t\t\t<div class=\"e-con-inner\">\n\t\t\t\t<div class=\"elementor-element elementor-element-ddf7c36 elementor-widget elementor-widget-heading\" data-id=\"ddf7c36\" data-element_type=\"widget\" data-e-type=\"widget\" data-widget_type=\"heading.default\">\n\t\t\t\t\t<h2 class=\"elementor-heading-title elementor-size-default\">\"Estamos en la etapa m\u00e1s competitiva. Cada voto cuenta y agradezco el apoyo de los guatemaltecos\", dijo la chef Amalia Moreno-Damgaard, impulsora de la gastronom\u00eda chapina e hispana en Minnesota poco antes de llegar al Top 5 del concurso Favorite Chef en USA.<\/h2>\t\t\t\t<\/div>\n\t\t\t\t<div class=\"elementor-element elementor-element-5dd79eb elementor-widget elementor-widget-html\" data-id=\"5dd79eb\" data-element_type=\"widget\" data-e-type=\"widget\" data-widget_type=\"html.default\">\n\t\t\t\t\t<div id=\"buzzsprout-player-16934205\"><\/div><script src=\"https:\/\/www.buzzsprout.com\/2444168\/episodes\/16934205-chef-amalia-moreno-difunde-la-cocina-guatemalteca-e-hispana-en-estados-unidos.js?container_id=buzzsprout-player-16934205&player=small\" type=\"text\/javascript\" charset=\"utf-8\"><\/script>\t\t\t\t<\/div>\n\t\t\t\t\t<\/div>\n\t\t\t\t<\/div>\n\t\t<div data-particle_enable=\"false\" data-particle-mobile-disabled=\"false\" class=\"elementor-element elementor-element-99bdf7a e-flex e-con-boxed e-con e-parent\" data-id=\"99bdf7a\" data-element_type=\"container\" data-e-type=\"container\">\n\t\t\t\t\t<div class=\"e-con-inner\">\n\t\t\t\t<div class=\"elementor-element elementor-element-a3e40e3 elementor-widget elementor-widget-text-editor\" data-id=\"a3e40e3\" data-element_type=\"widget\" data-e-type=\"widget\" data-widget_type=\"text-editor.default\">\n\t\t\t\t\t\t\t\t\t<p>Con su incomparable saz\u00f3n u tambi\u00e9n con su simpat\u00eda, la chef guatemalteca\u00a0<a href=\"https:\/\/soymigrante.com\/revista\/amalia-moreno-damgaard-chef-guatemalteca-en-minnesota-historia\/\">Amalia Moreno-Damgaard<\/a> avanza en el certamen Favorite Chef. Ha logrado colocarse dentro de los mejores 5 participantes. &#8220;Esta es la etapa m\u00e1s competitiva.\u00a0 Cada voto cuenta y agradezco el apoyo de los guatemaltecos&#8221;, dice Amalia.\u00a0<\/p><p>La votaci\u00f3n est\u00e1 abierta para todo el p\u00fablico y se cierra el 8 de mayo: los guatemaltecos han apoyado a la compatriota y t\u00fa tambi\u00e9n puedes hacerlo. Amalia expresa emoci\u00f3n, alegr\u00eda y agradecimiento por cada avance conseguido gracias a su talento pero tambi\u00e9n a la hermandad de connacionales.\u00a0<\/p><h4><a href=\"https:\/\/favchef.com\/2025\/amalia-moreno-damgaard\">\u00bfQuieres apoyar a la Chef Amalia con un voto? Haz clic aqu\u00ed<\/a><\/h4>\t\t\t\t\t\t\t\t<\/div>\n\t\t\t\t\t<\/div>\n\t\t\t\t<\/div>\n\t\t<div data-particle_enable=\"false\" data-particle-mobile-disabled=\"false\" class=\"elementor-element elementor-element-6a4164f e-flex e-con-boxed e-con e-parent\" data-id=\"6a4164f\" data-element_type=\"container\" data-e-type=\"container\">\n\t\t\t\t\t<div class=\"e-con-inner\">\n\t\t\t\t<div class=\"elementor-element elementor-element-f50e795 elementor-invisible elementor-widget elementor-widget-image\" data-id=\"f50e795\" data-element_type=\"widget\" data-e-type=\"widget\" data-settings=\"{&quot;_animation&quot;:&quot;fadeInLeft&quot;}\" data-widget_type=\"image.default\">\n\t\t\t\t\t\t\t\t\t\t\t\t<figure class=\"wp-caption\">\n\t\t\t\t\t\t\t\t\t\t\t<a href=\"https:\/\/favchef.com\/2025\/amalia-moreno-damgaard\">\n\t\t\t\t\t\t\t<img fetchpriority=\"high\" decoding=\"async\" width=\"768\" height=\"768\" src=\"https:\/\/soymigrante.com\/revista\/wp-content\/uploads\/2025\/05\/chef-amalia-moreno-2-1-1024x1024.jpg\" class=\"attachment-large size-large wp-image-32494\" alt=\"Sabores mexicanos en la mesa, mujer cocinando ingredientes tradicionales, cultura gastron\u00f3mica en SoyMigrante.com Revista, ejemplo de comida mexicana, cocina con historia y ra\u00edces culturales.\" srcset=\"https:\/\/soymigrante.com\/revista\/wp-content\/uploads\/2025\/05\/chef-amalia-moreno-2-1-1024x1024.jpg 1024w, https:\/\/soymigrante.com\/revista\/wp-content\/uploads\/2025\/05\/chef-amalia-moreno-2-1-300x300.jpg 300w, https:\/\/soymigrante.com\/revista\/wp-content\/uploads\/2025\/05\/chef-amalia-moreno-2-1-150x150.jpg 150w, https:\/\/soymigrante.com\/revista\/wp-content\/uploads\/2025\/05\/chef-amalia-moreno-2-1-768x768.jpg 768w, https:\/\/soymigrante.com\/revista\/wp-content\/uploads\/2025\/05\/chef-amalia-moreno-2-1-75x75.jpg 75w, https:\/\/soymigrante.com\/revista\/wp-content\/uploads\/2025\/05\/chef-amalia-moreno-2-1-750x750.jpg 750w, https:\/\/soymigrante.com\/revista\/wp-content\/uploads\/2025\/05\/chef-amalia-moreno-2-1-1140x1140.jpg 1140w, https:\/\/soymigrante.com\/revista\/wp-content\/uploads\/2025\/05\/chef-amalia-moreno-2-1.webp 1473w\" sizes=\"(max-width: 768px) 100vw, 768px\" title=\"Chef Guatemalteca Amalia Moreno Damgaard, top 5 en certamen Favorite Chef \u2013 SoyMigrante.com REVISTA\" \/>\t\t\t\t\t\t\t\t<\/a>\n\t\t\t\t\t\t\t\t\t\t\t<figcaption class=\"widget-image-caption wp-caption-text\">La chef guatemalteca est\u00e1 entre los 5 finalistas del certamen Favorite Chef y t\u00fa puedes apoyarla  votando aqu\u00ed. Se puede emitir un voto gratuito y si alguien desea aportar m\u00e1s de uno puede hacer una donaci\u00f3n. SI DESEAS VOTAR HAZ CLIC EN LA IMAGEN<\/figcaption>\n\t\t\t\t\t\t\t\t\t\t<\/figure>\n\t\t\t\t\t\t\t\t\t<\/div>\n\t\t\t\t\t<\/div>\n\t\t\t\t<\/div>\n\t\t<div data-particle_enable=\"false\" data-particle-mobile-disabled=\"false\" class=\"elementor-element elementor-element-7f45eb5 e-flex e-con-boxed e-con e-parent\" data-id=\"7f45eb5\" data-element_type=\"container\" data-e-type=\"container\">\n\t\t\t\t\t<div class=\"e-con-inner\">\n\t\t\t\t<div class=\"elementor-element elementor-element-af3dc4c elementor-widget elementor-widget-heading\" data-id=\"af3dc4c\" data-element_type=\"widget\" data-e-type=\"widget\" data-widget_type=\"heading.default\">\n\t\t\t\t\t<h3 class=\"elementor-heading-title elementor-size-default\">Una historia con sabor de identidad<\/h3>\t\t\t\t<\/div>\n\t\t\t\t\t<\/div>\n\t\t\t\t<\/div>\n\t\t<div data-particle_enable=\"false\" data-particle-mobile-disabled=\"false\" class=\"elementor-element elementor-element-8b089f5 e-flex e-con-boxed e-con e-parent\" data-id=\"8b089f5\" data-element_type=\"container\" data-e-type=\"container\">\n\t\t\t\t\t<div class=\"e-con-inner\">\n\t\t\t\t<div class=\"elementor-element elementor-element-cb4486f elementor-widget elementor-widget-text-editor\" data-id=\"cb4486f\" data-element_type=\"widget\" data-e-type=\"widget\" data-widget_type=\"text-editor.default\">\n\t\t\t\t\t\t\t\t\t<p>En conversaci\u00f3n con SoyMigrante.com\/Revista, Amalia cont\u00f3 que considera su &#8220;Estrella del Norte&#8221; a su abuelita M\u00e9lida Guerra, con quien vivi\u00f3 algunos a\u00f1os en Quezaltepeque, Chiquimula y con quien aprendi\u00f3 a cocinar, a ir al mercado, a seleccionar las verduras e incluso a regatear.<\/p><p>Y fue en aquella entra\u00f1able cocina de pueblo en donde presenci\u00f3 la forma de cocer los frijoles negros en olla de barro y fuego de le\u00f1a, acompa\u00f1ados de una buena sopa de arroz y tortillas de ma\u00edz reci\u00e9n salidas del comal.<\/p><p>Aquella herencia de memoria y paladar permaneci\u00f3 en el coraz\u00f3n de Amalia y se march\u00f3 con ella al migrar a Estados Unidos, en donde trabaj\u00f3 en bancos y finanzas. Sin embargo hace 15 a\u00f1os ella decidi\u00f3 empezar una etapa laboral distinta como emprendedora y fue as\u00ed como sugi\u00f3 Amalia Latin Gourmet LLC, compa\u00f1\u00eda a trav\u00e9s de la cual empez\u00f3 a dar conferencias, a publicar libros y a difundir la riqueza de la cultura gastron\u00f3mica de Guatemala.<\/p>\t\t\t\t\t\t\t\t<\/div>\n\t\t\t\t\t<\/div>\n\t\t\t\t<\/div>\n\t\t<div data-particle_enable=\"false\" data-particle-mobile-disabled=\"false\" class=\"elementor-element elementor-element-868e3cd e-flex e-con-boxed e-con e-parent\" data-id=\"868e3cd\" data-element_type=\"container\" data-e-type=\"container\">\n\t\t\t\t\t<div class=\"e-con-inner\">\n\t\t\t\t<div class=\"elementor-element elementor-element-d579f76 elementor-widget elementor-widget-html\" data-id=\"d579f76\" data-element_type=\"widget\" data-e-type=\"widget\" data-widget_type=\"html.default\">\n\t\t\t\t\t<iframe src=\"https:\/\/www.facebook.com\/plugins\/video.php?height=314&href=https%3A%2F%2Fwww.facebook.com%2FTelemundoMSP%2Fvideos%2F1232150144666541%2F&show_text=true&width=560&t=5\" width=\"560\" height=\"429\" style=\"border:none;overflow:hidden\" scrolling=\"no\" frameborder=\"0\" allowfullscreen=\"true\" allow=\"autoplay; clipboard-write; encrypted-media; picture-in-picture; web-share\" allowFullScreen=\"true\"><\/iframe>\t\t\t\t<\/div>\n\t\t\t\t\t<\/div>\n\t\t\t\t<\/div>\n\t\t<div data-particle_enable=\"false\" data-particle-mobile-disabled=\"false\" class=\"elementor-element elementor-element-f0958a2 e-flex e-con-boxed e-con e-parent\" data-id=\"f0958a2\" data-element_type=\"container\" data-e-type=\"container\">\n\t\t\t\t\t<div class=\"e-con-inner\">\n\t\t\t\t<div class=\"elementor-element elementor-element-ce27168 elementor-widget elementor-widget-text-editor\" data-id=\"ce27168\" data-element_type=\"widget\" data-e-type=\"widget\" data-widget_type=\"text-editor.default\">\n\t\t\t\t\t\t\t\t\t<p>&#8220;Doy pl\u00e1ticas y proveo de inteligencia cultural a empresas y organizaciones. Uso mis libros como plataforma para educar: en cocina, sabores, ingredientes, pero tambi\u00e9n en valores, s\u00edmbolos de identidad e historia&#8221;, comparte Amalia.<\/p><p>&#8220;Todas las personas que venimos de Am\u00e9rica Latina aprendemos a cocinar ajustando un poquito de esto, un poquito de lo otro. No hay tal ingrediente, pero est\u00e1 este otro. Nos adaptamos y a la vez mantenemos ese sabor y esa es la sabidur\u00eda de cocina que se transmite de generaci\u00f3n en generaci\u00f3n.&#8221; agrega.<\/p><p>\u00a0<\/p>\t\t\t\t\t\t\t\t<\/div>\n\t\t\t\t\t<\/div>\n\t\t\t\t<\/div>\n\t\t<div data-particle_enable=\"false\" data-particle-mobile-disabled=\"false\" class=\"elementor-element elementor-element-664d7f6 e-flex e-con-boxed e-con e-parent\" data-id=\"664d7f6\" data-element_type=\"container\" data-e-type=\"container\">\n\t\t\t\t\t<div class=\"e-con-inner\">\n\t\t\t\t<div class=\"elementor-element elementor-element-8bed598 elementor-widget elementor-widget-heading\" data-id=\"8bed598\" data-element_type=\"widget\" data-e-type=\"widget\" data-widget_type=\"heading.default\">\n\t\t\t\t\t<h3 class=\"elementor-heading-title elementor-size-default\">Conoce la historia de su talento en la cocina: te dejar\u00e1 muy buen sabor:<\/h3>\t\t\t\t<\/div>\n\t\t\t\t\t<\/div>\n\t\t\t\t<\/div>\n\t\t<div data-particle_enable=\"false\" data-particle-mobile-disabled=\"false\" class=\"elementor-element elementor-element-7209f8e e-flex e-con-boxed e-con e-parent\" data-id=\"7209f8e\" data-element_type=\"container\" data-e-type=\"container\">\n\t\t\t\t\t<div class=\"e-con-inner\">\n\t\t\t\t<div class=\"elementor-element elementor-element-f0e146b elementor-grid-eael-col-1 elementor-grid-tablet-eael-col-2 elementor-grid-mobile-eael-col-1 elementor-invisible elementor-widget elementor-widget-eael-post-grid\" data-id=\"f0e146b\" data-element_type=\"widget\" data-e-type=\"widget\" data-settings=\"{&quot;eael_post_grid_columns&quot;:&quot;eael-col-1&quot;,&quot;_animation&quot;:&quot;bounceInRight&quot;,&quot;eael_post_grid_columns_tablet&quot;:&quot;eael-col-2&quot;,&quot;eael_post_grid_columns_mobile&quot;:&quot;eael-col-1&quot;}\" data-widget_type=\"eael-post-grid.default\">\n\t\t\t\t\t<div id=\"eael-post-grid-f0e146b\" class=\"eael-post-grid-container\">\n            <div class=\"eael-post-grid eael-post-appender eael-post-appender-f0e146b eael-post-grid-style-one\" data-layout-mode=\"masonry\"><article class=\"eael-grid-post  eael-post-grid-column eael-pg-post-30210 category-exitos-guatemala\" data-id=\"30210\">\n        <div class=\"eael-grid-post-holder\">\n            <div class=\"eael-grid-post-holder-inner\"><div class=\"eael-entry-media\"><div class=\"eael-entry-overlay fade-in\"><i class=\"far fa-hand-pointer\" aria-hidden=\"true\"><\/i><a href=\"https:\/\/soymigrante.com\/revista\/amalia-moreno-damgaard-chef-guatemalteca-en-minnesota-historia\/\"><\/a><\/div><div class=\"eael-entry-thumbnail eael-image-ratio\">\n                <img decoding=\"async\" width=\"1024\" height=\"1024\" src=\"https:\/\/soymigrante.com\/revista\/wp-content\/uploads\/2025\/04\/chef-amalia-moreno-guatemalteca-guatemala-4-1024x1024.jpg\" class=\"attachment-large size-large wp-image-30245\" alt=\"Mujer sonriente con vestimenta tradicional en un entorno natural, resaltando la cultura ind\u00edgena y la diversidad en la comunidad migrante.\" srcset=\"https:\/\/soymigrante.com\/revista\/wp-content\/uploads\/2025\/04\/chef-amalia-moreno-guatemalteca-guatemala-4-1024x1024.jpg 1024w, https:\/\/soymigrante.com\/revista\/wp-content\/uploads\/2025\/04\/chef-amalia-moreno-guatemalteca-guatemala-4-300x300.jpg 300w, https:\/\/soymigrante.com\/revista\/wp-content\/uploads\/2025\/04\/chef-amalia-moreno-guatemalteca-guatemala-4-150x150.jpg 150w, https:\/\/soymigrante.com\/revista\/wp-content\/uploads\/2025\/04\/chef-amalia-moreno-guatemalteca-guatemala-4-768x768.jpg 768w, https:\/\/soymigrante.com\/revista\/wp-content\/uploads\/2025\/04\/chef-amalia-moreno-guatemalteca-guatemala-4-75x75.webp 75w, https:\/\/soymigrante.com\/revista\/wp-content\/uploads\/2025\/04\/chef-amalia-moreno-guatemalteca-guatemala-4-750x750.webp 750w, https:\/\/soymigrante.com\/revista\/wp-content\/uploads\/2025\/04\/chef-amalia-moreno-guatemalteca-guatemala-4-1140x1140.webp 1140w, https:\/\/soymigrante.com\/revista\/wp-content\/uploads\/2025\/04\/chef-amalia-moreno-guatemalteca-guatemala-4.webp 1440w\" sizes=\"(max-width: 1024px) 100vw, 1024px\" \/>\n            <\/div>\n        <\/div><div class=\"eael-entry-wrapper\"><header class=\"eael-entry-header\"><h2 class=\"eael-entry-title\"><a class=\"eael-grid-post-link\" href=\"https:\/\/soymigrante.com\/revista\/amalia-moreno-damgaard-chef-guatemalteca-en-minnesota-historia\/\" title=\"Llevar a Guatemala en el coraz\u00f3n es el ingrediente m\u00e1gico de Amalia Moreno-Damgaard, chef en Minnesota\">Llevar a Guatemala en el coraz\u00f3n es el ingrediente m\u00e1gico de Amalia Moreno-Damgaard, chef en Minnesota<\/a><\/h2><\/header><div class=\"eael-entry-content\">\n                        <div class=\"eael-grid-post-excerpt\"><a href=\"https:\/\/soymigrante.com\/revista\/amalia-moreno-damgaard-chef-guatemalteca-en-minnesota-historia\/\" class=\"eael-post-elements-readmore-btn\">CONOCE SU HISTORIA <\/a><\/div>\n                    <\/div><\/div><\/div>\n        <\/div>\n    <\/article><\/div>\n            <div class=\"clearfix\"><\/div>\n        <\/div>\t\t\t\t<\/div>\n\t\t\t\t\t<\/div>\n\t\t\t\t<\/div>\n\t\t<div data-particle_enable=\"false\" data-particle-mobile-disabled=\"false\" class=\"elementor-element elementor-element-8c277d7 e-flex e-con-boxed e-con e-parent\" data-id=\"8c277d7\" data-element_type=\"container\" data-e-type=\"container\">\n\t\t\t\t\t<div class=\"e-con-inner\">\n\t\t\t\t<div class=\"elementor-element elementor-element-6dcb2dd elementor-widget elementor-widget-heading\" data-id=\"6dcb2dd\" data-element_type=\"widget\" data-e-type=\"widget\" data-widget_type=\"heading.default\">\n\t\t\t\t\t<h3 class=\"elementor-heading-title elementor-size-default\">Sobre el certamen y su finalidad<\/h3>\t\t\t\t<\/div>\n\t\t\t\t\t<\/div>\n\t\t\t\t<\/div>\n\t\t<div data-particle_enable=\"false\" data-particle-mobile-disabled=\"false\" class=\"elementor-element elementor-element-8592159 e-flex e-con-boxed e-con e-parent\" data-id=\"8592159\" data-element_type=\"container\" data-e-type=\"container\">\n\t\t\t\t\t<div class=\"e-con-inner\">\n\t\t\t\t<div class=\"elementor-element elementor-element-151aaf2 elementor-widget elementor-widget-text-editor\" data-id=\"151aaf2\" data-element_type=\"widget\" data-e-type=\"widget\" data-widget_type=\"text-editor.default\">\n\t\t\t\t\t\t\t\t\t<p>Amalia fue invitada a participar en el certamen Favorite Chef, a beneficio de la fundaci\u00f3n neoyorkina James Beard, que se dedica a impulsar y apoyar emprendimientos de restaurantes, con especial inter\u00e9s por la diversidad gastron\u00f3mica y las propuestas que generen enriquecimiento de sabores, tradiciones y t\u00e9cnicas de preparaci\u00f3n artesanal.<\/p>\n<p>&#8220;La cocina guatemalteca debe llegar a un nivel m\u00e1s alto donde sea reconocida, sea respetada y sea incluida como una de las cocinas m\u00e1s exquisitas del mundo, y m\u00e1s importantes, por su antig\u00fcedad y multiculturalidad&#8221;, dice Amalia, quien se siente orgullosa de poder participar en este evento, a la vez que agradece el apoyo de quienes le dieron votos en la primera ronda.<\/p>\n<p>Hay un premio en efectivo para el ganador y lo recaudado en votos con donativos se destina a impulsar la riqueza gastron\u00f3mica y emprendimientos restauranteros en Estados Unidos.<\/p>\t\t\t\t\t\t\t\t<\/div>\n\t\t\t\t\t<\/div>\n\t\t\t\t<\/div>\n\t\t<div data-particle_enable=\"false\" data-particle-mobile-disabled=\"false\" class=\"elementor-element elementor-element-3131f7c e-flex e-con-boxed e-con e-parent\" data-id=\"3131f7c\" data-element_type=\"container\" data-e-type=\"container\">\n\t\t\t\t\t<div class=\"e-con-inner\">\n\t\t\t\t<div class=\"elementor-element elementor-element-4658100 elementor-widget elementor-widget-facebook-page\" data-id=\"4658100\" data-element_type=\"widget\" data-e-type=\"widget\" data-widget_type=\"facebook-page.default\">\n\t\t\t\t\t<div class=\"elementor-facebook-widget fb-page\" data-href=\"https:\/\/www.facebook.com\/amalia.morenodamgaard\" data-tabs=\"timeline\" data-height=\"937px\" data-width=\"500px\" data-small-header=\"false\" data-hide-cover=\"false\" data-show-facepile=\"true\" data-hide-cta=\"false\" style=\"min-height: 1px;height:937px\"><\/div>\t\t\t\t<\/div>\n\t\t\t\t\t<\/div>\n\t\t\t\t<\/div>\n\t\t<div data-particle_enable=\"false\" data-particle-mobile-disabled=\"false\" class=\"elementor-element elementor-element-a3591dc e-flex e-con-boxed e-con e-parent\" data-id=\"a3591dc\" data-element_type=\"container\" data-e-type=\"container\">\n\t\t\t\t\t<div class=\"e-con-inner\">\n\t\t\t\t<div class=\"elementor-element elementor-element-544fdab elementor-invisible elementor-widget elementor-widget-testimonial\" data-id=\"544fdab\" data-element_type=\"widget\" data-e-type=\"widget\" data-settings=\"{&quot;_animation&quot;:&quot;rotateInUpRight&quot;}\" data-widget_type=\"testimonial.default\">\n\t\t\t\t\t\t\t<div class=\"elementor-testimonial-wrapper\">\n\t\t\t\t\t\t\t<div class=\"elementor-testimonial-content\">\"Ganar el premio de este certamen me permitir\u00eda ampliar la misi\u00f3n de educar, preservar y unir a la comunidad a trav\u00e9s de la gastronom\u00eda guatemalteca\"\n<\/div>\n\t\t\t\n\t\t\t\t\t\t<div class=\"elementor-testimonial-meta elementor-has-image elementor-testimonial-image-position-aside\">\n\t\t\t\t<div class=\"elementor-testimonial-meta-inner\">\n\t\t\t\t\t\t\t\t\t\t\t<div class=\"elementor-testimonial-image\">\n\t\t\t\t\t\t\t<a href=\"https:\/\/favchef.com\/2025\/amalia-moreno-damgaard\"><img decoding=\"async\" width=\"1920\" height=\"1440\" src=\"https:\/\/soymigrante.com\/revista\/wp-content\/uploads\/2025\/04\/AMALIA-MORENO-GUATEMALTECA-CHEF.webp\" class=\"attachment-full size-full wp-image-30946\" alt=\"Cocinera en cocina luminosa preparando ensalada mexicana con ingredientes frescos, verduras y hierbas, en un entorno acogedor y natural, ideal para contenido de migrantes y recetas tradicionales.\" title=\"AMALIA MORENO GUATEMALTECA CHEF \u2013 SoyMigrante.com REVISTA\" srcset=\"https:\/\/soymigrante.com\/revista\/wp-content\/uploads\/2025\/04\/AMALIA-MORENO-GUATEMALTECA-CHEF.webp 1920w, https:\/\/soymigrante.com\/revista\/wp-content\/uploads\/2025\/04\/AMALIA-MORENO-GUATEMALTECA-CHEF-300x225.jpg 300w, https:\/\/soymigrante.com\/revista\/wp-content\/uploads\/2025\/04\/AMALIA-MORENO-GUATEMALTECA-CHEF-1024x768.jpg 1024w, https:\/\/soymigrante.com\/revista\/wp-content\/uploads\/2025\/04\/AMALIA-MORENO-GUATEMALTECA-CHEF-768x576.jpg 768w, https:\/\/soymigrante.com\/revista\/wp-content\/uploads\/2025\/04\/AMALIA-MORENO-GUATEMALTECA-CHEF-1536x1152.jpg 1536w, https:\/\/soymigrante.com\/revista\/wp-content\/uploads\/2025\/04\/AMALIA-MORENO-GUATEMALTECA-CHEF-750x563.webp 750w, https:\/\/soymigrante.com\/revista\/wp-content\/uploads\/2025\/04\/AMALIA-MORENO-GUATEMALTECA-CHEF-1140x855.webp 1140w\" sizes=\"(max-width: 1920px) 100vw, 1920px\" \/><\/a>\t\t\t\t\t\t<\/div>\n\t\t\t\t\t\n\t\t\t\t\t\t\t\t\t\t<div class=\"elementor-testimonial-details\">\n\t\t\t\t\t\t\t\t\t\t\t\t\t\t<a class=\"elementor-testimonial-name\" href=\"https:\/\/favchef.com\/2025\/amalia-moreno-damgaard\">Amalia Moreno Damgaard<\/a>\n\t\t\t\t\t\t\t\t\t\t\t\t\t\t\t\t\t\t\t\t\t\t<a class=\"elementor-testimonial-job\" href=\"https:\/\/favchef.com\/2025\/amalia-moreno-damgaard\">Chef, conferencista y autora de libros sobre comida guatemalteca e hispana, al explicar qu\u00e9 har\u00eda si gana el certamen Favorite Chep.\nPUEDES APOYARLA EN LA VOTACI\u00d3N DIARIA DEL CONCURSO DE COCINA FAV CHEF DANDO CLIC  EN LA FOTO<\/a>\n\t\t\t\t\t\t\t\t\t\t\t\t\t<\/div>\n\t\t\t\t\t\t\t\t\t<\/div>\n\t\t\t<\/div>\n\t\t\t\t\t<\/div>\n\t\t\t\t\t\t<\/div>\n\t\t\t\t\t<\/div>\n\t\t\t\t<\/div>\n\t\t<div data-particle_enable=\"false\" data-particle-mobile-disabled=\"false\" class=\"elementor-element elementor-element-ca600b0 e-flex e-con-boxed e-con e-parent\" data-id=\"ca600b0\" data-element_type=\"container\" data-e-type=\"container\">\n\t\t\t\t\t<div class=\"e-con-inner\">\n\t\t\t\t<div class=\"elementor-element elementor-element-53ead15 elementor-widget elementor-widget-heading\" data-id=\"53ead15\" data-element_type=\"widget\" data-e-type=\"widget\" data-widget_type=\"heading.default\">\n\t\t\t\t\t<h2 class=\"elementor-heading-title elementor-size-default\">Sabor guatemalteco sin fronteras<\/h2>\t\t\t\t<\/div>\n\t\t\t\t\t<\/div>\n\t\t\t\t<\/div>\n\t\t<div data-particle_enable=\"false\" data-particle-mobile-disabled=\"false\" class=\"elementor-element elementor-element-a24ce1a e-flex e-con-boxed e-con e-parent\" data-id=\"a24ce1a\" data-element_type=\"container\" data-e-type=\"container\">\n\t\t\t\t\t<div class=\"e-con-inner\">\n\t\t\t\t<div class=\"elementor-element elementor-element-9f4e18f elementor-grid-eael-col-3 elementor-grid-tablet-eael-col-2 elementor-grid-mobile-eael-col-1 elementor-widget elementor-widget-eael-post-grid\" data-id=\"9f4e18f\" data-element_type=\"widget\" data-e-type=\"widget\" data-settings=\"{&quot;eael_post_grid_columns&quot;:&quot;eael-col-3&quot;,&quot;eael_post_grid_columns_tablet&quot;:&quot;eael-col-2&quot;,&quot;eael_post_grid_columns_mobile&quot;:&quot;eael-col-1&quot;}\" data-widget_type=\"eael-post-grid.default\">\n\t\t\t\t\t<div id=\"eael-post-grid-9f4e18f\" class=\"eael-post-grid-container\">\n            <div class=\"eael-post-grid eael-post-appender eael-post-appender-9f4e18f eael-post-grid-style-one\" data-layout-mode=\"masonry\"><article class=\"eael-grid-post  eael-post-grid-column eael-pg-post-10173 category-exitos\" data-id=\"10173\">\n        <div class=\"eael-grid-post-holder\">\n            <div class=\"eael-grid-post-holder-inner\"><div class=\"eael-entry-media\"><div class=\"eael-entry-overlay fade-in\"><i class=\"far fa-hand-pointer\" aria-hidden=\"true\"><\/i><a href=\"https:\/\/soymigrante.com\/revista\/hermanas-migrantes-brenda-y-ana-triunfan-con-la-fuerza-del-jaguar-en-ny\/\"><\/a><\/div><div class=\"eael-entry-thumbnail \">\n                <img loading=\"lazy\" decoding=\"async\" width=\"1024\" height=\"1024\" src=\"https:\/\/soymigrante.com\/revista\/wp-content\/uploads\/2024\/10\/reestaurante-ix-new-york-2-1-1024x1024.webp\" class=\"attachment-large size-large wp-image-10189\" alt=\"Trabajadoras migrantes en un restaurante latino con decoraci\u00f3n colorida y mural de jaguar en el fondo, mostrando la cultura y comunidad migrante en eventos culturales y sociales.\" srcset=\"https:\/\/soymigrante.com\/revista\/wp-content\/uploads\/2024\/10\/reestaurante-ix-new-york-2-1-1024x1024.webp 1024w, https:\/\/soymigrante.com\/revista\/wp-content\/uploads\/2024\/10\/reestaurante-ix-new-york-2-1-300x300.webp 300w, https:\/\/soymigrante.com\/revista\/wp-content\/uploads\/2024\/10\/reestaurante-ix-new-york-2-1-150x150.webp 150w, https:\/\/soymigrante.com\/revista\/wp-content\/uploads\/2024\/10\/reestaurante-ix-new-york-2-1-768x768.jpg 768w, https:\/\/soymigrante.com\/revista\/wp-content\/uploads\/2024\/10\/reestaurante-ix-new-york-2-1-75x75.webp 75w, https:\/\/soymigrante.com\/revista\/wp-content\/uploads\/2024\/10\/reestaurante-ix-new-york-2-1-750x750.webp 750w, https:\/\/soymigrante.com\/revista\/wp-content\/uploads\/2024\/10\/reestaurante-ix-new-york-2-1.webp 1093w\" sizes=\"(max-width: 1024px) 100vw, 1024px\" \/>\n            <\/div>\n        <\/div><div class=\"eael-entry-wrapper\"><header class=\"eael-entry-header\"><h2 class=\"eael-entry-title\"><a class=\"eael-grid-post-link\" href=\"https:\/\/soymigrante.com\/revista\/hermanas-migrantes-brenda-y-ana-triunfan-con-la-fuerza-del-jaguar-en-ny\/\" title=\"Hermanas migrantes Brenda y Ana triunfan con la Fuerza del Jaguar en Nueva York\">Hermanas migrantes Brenda y Ana triunfan con la Fuerza del Jaguar en Nueva York<\/a><\/h2><\/header><div class=\"eael-entry-content\">\n                        <div class=\"eael-grid-post-excerpt\"><a href=\"https:\/\/soymigrante.com\/revista\/hermanas-migrantes-brenda-y-ana-triunfan-con-la-fuerza-del-jaguar-en-ny\/\" class=\"eael-post-elements-readmore-btn\">CONOCE SU HISTORIA <\/a><\/div>\n                    <\/div><\/div><\/div>\n        <\/div>\n    <\/article><article class=\"eael-grid-post  eael-post-grid-column eael-pg-post-6399 category-exitos\" data-id=\"6399\">\n        <div class=\"eael-grid-post-holder\">\n            <div class=\"eael-grid-post-holder-inner\"><div class=\"eael-entry-media\"><div class=\"eael-entry-overlay fade-in\"><i class=\"far fa-hand-pointer\" aria-hidden=\"true\"><\/i><a href=\"https:\/\/soymigrante.com\/revista\/el-chef-yovany-quisquina-fusiona-sabor-y-exito-en-brooklyn-ny\/\"><\/a><\/div><div class=\"eael-entry-thumbnail \">\n                <img loading=\"lazy\" decoding=\"async\" width=\"1024\" height=\"961\" src=\"https:\/\/soymigrante.com\/revista\/wp-content\/uploads\/2024\/05\/Chef-guatemalteco-Yovany-Quisquina-alcanza-exito-en-Estados-Unidos-6-e1715874690942-1024x961.webp\" class=\"attachment-large size-large wp-image-6400\" alt=\"Reconocimiento de chefs hispanos en Nueva York en SoyMigrante.com REVISTA.\" srcset=\"https:\/\/soymigrante.com\/revista\/wp-content\/uploads\/2024\/05\/Chef-guatemalteco-Yovany-Quisquina-alcanza-exito-en-Estados-Unidos-6-e1715874690942-1024x961.webp 1024w, https:\/\/soymigrante.com\/revista\/wp-content\/uploads\/2024\/05\/Chef-guatemalteco-Yovany-Quisquina-alcanza-exito-en-Estados-Unidos-6-e1715874690942-300x282.webp 300w, https:\/\/soymigrante.com\/revista\/wp-content\/uploads\/2024\/05\/Chef-guatemalteco-Yovany-Quisquina-alcanza-exito-en-Estados-Unidos-6-e1715874690942-768x721.webp 768w, https:\/\/soymigrante.com\/revista\/wp-content\/uploads\/2024\/05\/Chef-guatemalteco-Yovany-Quisquina-alcanza-exito-en-Estados-Unidos-6-e1715874690942-750x704.webp 750w, https:\/\/soymigrante.com\/revista\/wp-content\/uploads\/2024\/05\/Chef-guatemalteco-Yovany-Quisquina-alcanza-exito-en-Estados-Unidos-6-e1715874690942-1140x1070.webp 1140w, https:\/\/soymigrante.com\/revista\/wp-content\/uploads\/2024\/05\/Chef-guatemalteco-Yovany-Quisquina-alcanza-exito-en-Estados-Unidos-6-e1715874690942.webp 1450w\" sizes=\"(max-width: 1024px) 100vw, 1024px\" \/>\n            <\/div>\n        <\/div><div class=\"eael-entry-wrapper\"><header class=\"eael-entry-header\"><h2 class=\"eael-entry-title\"><a class=\"eael-grid-post-link\" href=\"https:\/\/soymigrante.com\/revista\/el-chef-yovany-quisquina-fusiona-sabor-y-exito-en-brooklyn-ny\/\" title=\"El chef Yovany Quisquin\u00e1 fusiona sabor y \u00e9xito en Brooklyn, NY\">El chef Yovany Quisquin\u00e1 fusiona sabor y \u00e9xito en Brooklyn, NY<\/a><\/h2><\/header><div class=\"eael-entry-content\">\n                        <div class=\"eael-grid-post-excerpt\"><a href=\"https:\/\/soymigrante.com\/revista\/el-chef-yovany-quisquina-fusiona-sabor-y-exito-en-brooklyn-ny\/\" class=\"eael-post-elements-readmore-btn\">CONOCE SU HISTORIA <\/a><\/div>\n                    <\/div><\/div><\/div>\n        <\/div>\n    <\/article><article class=\"eael-grid-post  eael-post-grid-column eael-pg-post-5161 category-exitos\" data-id=\"5161\">\n        <div class=\"eael-grid-post-holder\">\n            <div class=\"eael-grid-post-holder-inner\"><div class=\"eael-entry-media\"><div class=\"eael-entry-overlay fade-in\"><i class=\"far fa-hand-pointer\" aria-hidden=\"true\"><\/i><a href=\"https:\/\/soymigrante.com\/revista\/pierdan-el-miedo-porque-es-el-peor-enemigo-carol-paxtor\/\"><\/a><\/div><div class=\"eael-entry-thumbnail \">\n                <img loading=\"lazy\" decoding=\"async\" width=\"700\" height=\"608\" src=\"https:\/\/soymigrante.com\/revista\/wp-content\/uploads\/2024\/03\/Captura-de-pantalla-2024-02-25-223228.webp\" class=\"attachment-large size-large wp-image-5162\" alt=\"Carol Hern\u00e1ndez, migrante guatemalteca en Nueva York, cofundadora de Caf\u00e9 Tikal.\" srcset=\"https:\/\/soymigrante.com\/revista\/wp-content\/uploads\/2024\/03\/Captura-de-pantalla-2024-02-25-223228.webp 700w, https:\/\/soymigrante.com\/revista\/wp-content\/uploads\/2024\/03\/Captura-de-pantalla-2024-02-25-223228-300x261.webp 300w\" sizes=\"(max-width: 700px) 100vw, 700px\" \/>\n            <\/div>\n        <\/div><div class=\"eael-entry-wrapper\"><header class=\"eael-entry-header\"><h2 class=\"eael-entry-title\"><a class=\"eael-grid-post-link\" href=\"https:\/\/soymigrante.com\/revista\/pierdan-el-miedo-porque-es-el-peor-enemigo-carol-paxtor\/\" title=\"&#8220;Pierdan el miedo: es el peor enemigo&#8221;: Carol Paxtor, migrante y emprendedora en NY\">&#8220;Pierdan el miedo: es el peor enemigo&#8221;: Carol Paxtor, migrante y emprendedora en NY<\/a><\/h2><\/header><div class=\"eael-entry-content\">\n                        <div class=\"eael-grid-post-excerpt\"><a href=\"https:\/\/soymigrante.com\/revista\/pierdan-el-miedo-porque-es-el-peor-enemigo-carol-paxtor\/\" class=\"eael-post-elements-readmore-btn\">CONOCE SU HISTORIA <\/a><\/div>\n                    <\/div><\/div><\/div>\n        <\/div>\n    <\/article><\/div>\n            <div class=\"clearfix\"><\/div>\n        <\/div>\t\t\t\t<\/div>\n\t\t\t\t\t<\/div>\n\t\t\t\t<\/div>\n\t\t\t\t<\/div>\n\t\t","protected":false},"excerpt":{"rendered":"<p>&#8220;Estamos en la etapa m\u00e1s competitiva. Cada voto cuenta y agradezco el apoyo de los guatemaltecos&#8221;, dijo la chef Amalia Moreno-Damgaard, impulsora de la gastronom\u00eda chapina e hispana en Minnesota poco antes de llegar al Top 5 del concurso Favorite Chef en USA. Con su incomparable saz\u00f3n u tambi\u00e9n con su simpat\u00eda, la chef guatemalteca\u00a0Amalia [&hellip;]<\/p>\n","protected":false},"author":7,"featured_media":32494,"comment_status":"open","ping_status":"open","sticky":false,"template":"","format":"standard","meta":{"_acf_changed":false,"_eb_attr":"","footnotes":""},"categories":[54],"tags":[],"class_list":["post-32367","post","type-post","status-publish","format-standard","has-post-thumbnail","hentry","category-estamos-unidos"],"acf":[],"aioseo_notices":[],"aioseo_head":"\n\t\t<!-- All in One SEO Pro 4.9.6.2 - aioseo.com -->\n\t<meta name=\"description\" content=\"Migrante guatemalteca originaria de San Francisco El Alto, Totonicap\u00e1n, es cofundadora de Tikal Caf\u00e9, que abri\u00f3 en pandemia y que inaugur\u00f3 su segundo local en Nueva York, con un concepto vegetariano y ambientalmente amigable. \u201cTodos somos so\u00f1adores, pero no siempre llevamos a la realidad\u2026 La clave es perder el miedo, porque el miedo es el\" \/>\n\t<meta name=\"robots\" content=\"max-snippet:-1, max-image-preview:large, max-video-preview:-1\" \/>\n\t<meta name=\"author\" content=\"Gustavo Montenegro\"\/>\n\t<link rel=\"canonical\" href=\"https:\/\/soymigrante.com\/revista\/chef-guatemalteca-amalia-moreno-damgaard-top-5-de-certamen\/\" \/>\n\t<meta name=\"generator\" content=\"All in One SEO Pro (AIOSEO) 4.9.6.2\" \/>\n\n\t\t<link rel=\"preconnect\" href=\"https:\/\/fonts.googleapis.com\" crossorigin>\n<link rel=\"preconnect\" href=\"https:\/\/fonts.gstatic.com\" crossorigin>\n\t\t<meta property=\"og:locale\" content=\"es_ES\" \/>\n\t\t<meta property=\"og:site_name\" content=\"SoyMigrante.com REVISTA \u2013 Nuestra misi\u00f3n es reconocer y dignificar al migrante.\" \/>\n\t\t<meta property=\"og:type\" content=\"article\" \/>\n\t\t<meta property=\"og:title\" content=\"Llega al top 5 chef chapina Amalia Moreno-Damgaarden concurso\" \/>\n\t\t<meta property=\"og:description\" content=\"Impulsora de cocina guatemalteca e hispana en Minnesota est\u00e1 en el TOP 5, gracias a su talento y al apoyo de guatemaltecos e hispanos. Vota en l\u00ednea por ella.\" \/>\n\t\t<meta property=\"og:url\" content=\"https:\/\/soymigrante.com\/revista\/chef-guatemalteca-amalia-moreno-damgaard-top-5-de-certamen\/\" \/>\n\t\t<meta property=\"og:image\" content=\"https:\/\/soymigrante.com\/revista\/wp-content\/uploads\/2025\/05\/chef-amalia-moreno-2-1.webp\" \/>\n\t\t<meta property=\"og:image:secure_url\" content=\"https:\/\/soymigrante.com\/revista\/wp-content\/uploads\/2025\/05\/chef-amalia-moreno-2-1.webp\" \/>\n\t\t<meta property=\"og:image:width\" content=\"1473\" \/>\n\t\t<meta property=\"og:image:height\" content=\"1473\" \/>\n\t\t<meta property=\"article:published_time\" content=\"2025-05-03T17:04:43+00:00\" \/>\n\t\t<meta property=\"article:modified_time\" content=\"2025-05-05T05:11:38+00:00\" \/>\n\t\t<meta property=\"article:publisher\" content=\"https:\/\/www.facebook.com\/soymigrantecom\" \/>\n\t\t<meta name=\"twitter:card\" content=\"summary_large_image\" \/>\n\t\t<meta name=\"twitter:site\" content=\"@SoyMigrante_com\" \/>\n\t\t<meta name=\"twitter:title\" content=\"Llega al top 5 chef chapina Amalia Moreno-Damgaarden concurso\" \/>\n\t\t<meta name=\"twitter:description\" content=\"Impulsora de cocina guatemalteca e hispana en Minnesota est\u00e1 en el TOP 5, gracias a su talento y al apoyo de guatemaltecos e hispanos. Vota en l\u00ednea por ella.\" \/>\n\t\t<meta name=\"twitter:creator\" content=\"@SoyMigrante_com\" \/>\n\t\t<meta name=\"twitter:image\" content=\"https:\/\/soymigrante.com\/revista\/wp-content\/uploads\/2025\/05\/chef-amalia-moreno-2-1.webp\" \/>\n\t\t<!-- All in One SEO Pro -->\r\n\t\t<title>Llega al top 5 chef chapina Amalia Moreno-Damgaarden concurso<\/title>\n\n","aioseo_head_json":{"title":"Llega al top 5 chef chapina Amalia Moreno-Damgaarden concurso","description":"Impulsora de cocina guatemalteca e hispana en Minnesota est\u00e1 en el TOP 5, gracias a su talento y al apoyo de guatemaltecos e hispanos. Vota en l\u00ednea por ella.","canonical_url":"https:\/\/soymigrante.com\/revista\/chef-guatemalteca-amalia-moreno-damgaard-top-5-de-certamen\/","robots":"max-snippet:-1, max-image-preview:large, max-video-preview:-1","keywords":"","webmasterTools":{"miscellaneous":"&lt;link rel=\"preconnect\" href=\"https:\/\/fonts.googleapis.com\" crossorigin&gt;\n&lt;link rel=\"preconnect\" href=\"https:\/\/fonts.gstatic.com\" crossorigin&gt;"},"schema":null,"og:locale":"es_ES","og:site_name":"SoyMigrante.com REVISTA \u2013 Nuestra misi\u00f3n es reconocer y dignificar al migrante.","og:type":"article","og:title":"Llega al top 5 chef chapina Amalia Moreno-Damgaarden concurso","og:description":"Impulsora de cocina guatemalteca e hispana en Minnesota est\u00e1 en el TOP 5, gracias a su talento y al apoyo de guatemaltecos e hispanos. Vota en l\u00ednea por ella.","og:url":"https:\/\/soymigrante.com\/revista\/chef-guatemalteca-amalia-moreno-damgaard-top-5-de-certamen\/","og:image":"https:\/\/soymigrante.com\/revista\/wp-content\/uploads\/2025\/05\/chef-amalia-moreno-2-1.webp","og:image:secure_url":"https:\/\/soymigrante.com\/revista\/wp-content\/uploads\/2025\/05\/chef-amalia-moreno-2-1.webp","og:image:width":1473,"og:image:height":1473,"article:published_time":"2025-05-03T17:04:43+00:00","article:modified_time":"2025-05-05T05:11:38+00:00","article:publisher":"https:\/\/www.facebook.com\/soymigrantecom","twitter:card":"summary_large_image","twitter:site":"@SoyMigrante_com","twitter:title":"Llega al top 5 chef chapina Amalia Moreno-Damgaarden concurso","twitter:description":"Impulsora de cocina guatemalteca e hispana en Minnesota est\u00e1 en el TOP 5, gracias a su talento y al apoyo de guatemaltecos e hispanos. Vota en l\u00ednea por ella.","twitter:creator":"@SoyMigrante_com","twitter:image":"https:\/\/soymigrante.com\/revista\/wp-content\/uploads\/2025\/05\/chef-amalia-moreno-2-1.webp"},"aioseo_meta_data":{"post_id":"32367","title":"Llega al top 5 chef chapina Amalia Moreno-Damgaarden concurso","description":"Impulsora de cocina guatemalteca e hispana en Minnesota est\u00e1 en el TOP 5, gracias a su talento y al apoyo de guatemaltecos e hispanos. Vota en l\u00ednea por ella.","keywords":null,"keyphrases":{"focus":{"keyphrase":"Guatemalteca","score":82,"analysis":{"keyphraseInTitle":{"score":3,"maxScore":9,"error":1},"keyphraseInDescription":{"score":9,"maxScore":9,"error":0},"keyphraseLength":{"score":9,"maxScore":9,"error":0,"length":1},"keyphraseInURL":{"score":5,"maxScore":5,"error":0},"keyphraseInIntroduction":{"score":9,"maxScore":9,"error":0},"keyphraseInSubHeadings":{"score":3,"maxScore":9,"error":1},"keyphraseInImageAlt":{"score":9,"maxScore":9,"error":0},"keywordDensity":{"type":"best","score":9,"maxScore":9,"error":0}}},"additional":[{"keyphrase":"chef","score":87,"analysis":{"keyphraseInDescription":{"score":3,"maxScore":9,"error":1},"keyphraseLength":{"score":9,"maxScore":9,"error":0,"length":1},"keyphraseInIntroduction":{"score":9,"maxScore":9,"error":0},"keyphraseInImageAlt":{"score":9,"maxScore":9,"error":0},"keywordDensity":{"type":"best","score":9,"maxScore":9,"error":0}}},{"keyphrase":"Amalia","score":87,"analysis":{"keyphraseInDescription":{"score":3,"maxScore":9,"error":1},"keyphraseLength":{"score":9,"maxScore":9,"error":0,"length":1},"keyphraseInIntroduction":{"score":9,"maxScore":9,"error":0},"keyphraseInImageAlt":{"score":9,"maxScore":9,"error":0},"keywordDensity":{"type":"best","score":9,"maxScore":9,"error":0}}}]},"primary_term":null,"canonical_url":null,"og_title":null,"og_description":null,"og_object_type":"default","og_image_type":"default","og_image_url":null,"og_image_width":null,"og_image_height":null,"og_image_custom_url":null,"og_image_custom_fields":null,"og_video":"","og_custom_url":null,"og_article_section":null,"og_article_tags":null,"twitter_use_og":false,"twitter_card":"default","twitter_image_type":"default","twitter_image_url":null,"twitter_image_custom_url":null,"twitter_image_custom_fields":null,"twitter_title":null,"twitter_description":null,"schema":{"blockGraphs":[],"customGraphs":[],"default":{"data":{"Article":[],"Course":[],"Dataset":[],"FAQPage":[],"Movie":[],"Person":[],"Product":[],"ProductReview":[],"Car":[],"Recipe":[],"Service":[],"SoftwareApplication":[],"WebPage":[]},"graphName":"none","isEnabled":true},"graphs":[]},"schema_type":"default","schema_type_options":null,"pillar_content":false,"robots_default":true,"robots_noindex":false,"robots_noarchive":false,"robots_nosnippet":false,"robots_nofollow":false,"robots_noimageindex":false,"robots_noodp":false,"robots_notranslate":false,"robots_max_snippet":"-1","robots_max_videopreview":"-1","robots_max_imagepreview":"large","priority":null,"frequency":"default","local_seo":null,"seo_analyzer_scan_date":"2025-10-09 04:49:11","breadcrumb_settings":null,"limit_modified_date":false,"reviewed_by":null,"open_ai":"{\"title\":{\"suggestions\":[],\"usage\":0},\"description\":{\"suggestions\":[],\"usage\":0}}","ai":null,"created":"2025-05-01 14:10:05","updated":"2026-02-04 23:28:19"},"aioseo_breadcrumb":"<div class=\"aioseo-breadcrumbs\"><span class=\"aioseo-breadcrumb\">\n\t<a href=\"https:\/\/soymigrante.com\/revista\" title=\"Home\">Home<\/a>\n<\/span><span class=\"aioseo-breadcrumb-separator\">\u00bb<\/span><span class=\"aioseo-breadcrumb\">\n\t<a href=\"https:\/\/soymigrante.com\/revista\/category\/estamos-unidos\/\" title=\"Estamos Unidos\">Estamos Unidos<\/a>\n<\/span><span class=\"aioseo-breadcrumb-separator\">\u00bb<\/span><span class=\"aioseo-breadcrumb\">\n\tEst\u00e1 entre 5 finalistas de certamen la chef guatemalteca Amalia Moreno-Damgaard: ap\u00f3yala\n<\/span><\/div>","aioseo_breadcrumb_json":[{"label":"Home","link":"https:\/\/soymigrante.com\/revista"},{"label":"Estamos Unidos","link":"https:\/\/soymigrante.com\/revista\/category\/estamos-unidos\/"},{"label":"Est\u00e1 entre 5 finalistas de certamen la chef guatemalteca Amalia Moreno-Damgaard: ap\u00f3yala","link":"https:\/\/soymigrante.com\/revista\/chef-guatemalteca-amalia-moreno-damgaard-top-5-de-certamen\/"}],"_links":{"self":[{"href":"https:\/\/soymigrante.com\/revista\/wp-json\/wp\/v2\/posts\/32367","targetHints":{"allow":["GET"]}}],"collection":[{"href":"https:\/\/soymigrante.com\/revista\/wp-json\/wp\/v2\/posts"}],"about":[{"href":"https:\/\/soymigrante.com\/revista\/wp-json\/wp\/v2\/types\/post"}],"author":[{"embeddable":true,"href":"https:\/\/soymigrante.com\/revista\/wp-json\/wp\/v2\/users\/7"}],"replies":[{"embeddable":true,"href":"https:\/\/soymigrante.com\/revista\/wp-json\/wp\/v2\/comments?post=32367"}],"version-history":[{"count":29,"href":"https:\/\/soymigrante.com\/revista\/wp-json\/wp\/v2\/posts\/32367\/revisions"}],"predecessor-version":[{"id":32541,"href":"https:\/\/soymigrante.com\/revista\/wp-json\/wp\/v2\/posts\/32367\/revisions\/32541"}],"wp:featuredmedia":[{"embeddable":true,"href":"https:\/\/soymigrante.com\/revista\/wp-json\/wp\/v2\/media\/32494"}],"wp:attachment":[{"href":"https:\/\/soymigrante.com\/revista\/wp-json\/wp\/v2\/media?parent=32367"}],"wp:term":[{"taxonomy":"category","embeddable":true,"href":"https:\/\/soymigrante.com\/revista\/wp-json\/wp\/v2\/categories?post=32367"},{"taxonomy":"post_tag","embeddable":true,"href":"https:\/\/soymigrante.com\/revista\/wp-json\/wp\/v2\/tags?post=32367"}],"curies":[{"name":"wp","href":"https:\/\/api.w.org\/{rel}","templated":true}]}}