{"id":32285,"date":"2025-05-05T04:07:00","date_gmt":"2025-05-05T10:07:00","guid":{"rendered":"https:\/\/soymigrante.com\/revista\/?p=32285"},"modified":"2025-05-04T23:14:27","modified_gmt":"2025-05-05T05:14:27","slug":"el-obsequio-perfecto-articulos-elaborados-con-amor-de-mama-en-soymigrante-com-mercado","status":"publish","type":"post","link":"https:\/\/soymigrante.com\/revista\/el-obsequio-perfecto-articulos-elaborados-con-amor-de-mama-en-soymigrante-com-mercado\/","title":{"rendered":"El obsequio perfecto: art\u00edculos elaborados con amor de Mam\u00e1, en SoyMigrante.com MERCADO"},"content":{"rendered":"\t\t<div data-elementor-type=\"wp-post\" data-elementor-id=\"32285\" class=\"elementor elementor-32285\" data-elementor-post-type=\"post\">\n\t\t\t\t<div data-particle_enable=\"false\" data-particle-mobile-disabled=\"false\" class=\"elementor-element elementor-element-3145a1e e-flex e-con-boxed e-con e-parent\" data-id=\"3145a1e\" data-element_type=\"container\" data-e-type=\"container\">\n\t\t\t\t\t<div class=\"e-con-inner\">\n\t\t\t\t<div class=\"elementor-element elementor-element-821f268 elementor-widget elementor-widget-heading\" data-id=\"821f268\" data-element_type=\"widget\" data-e-type=\"widget\" data-widget_type=\"heading.default\">\n\t\t\t\t\t<h2 class=\"elementor-heading-title elementor-size-default\">Creando oportunidades y generando espacios para madres artesanas y emprendedoras: eso hace SoyMigrante.com MERCADO, una comunidad que pone en contacto el talento con quienes lo aprecian.<\/h2>\t\t\t\t<\/div>\n\t\t\t\t\t<\/div>\n\t\t\t\t<\/div>\n\t\t<div data-particle_enable=\"false\" data-particle-mobile-disabled=\"false\" class=\"elementor-element elementor-element-08ce13a e-flex e-con-boxed e-con e-parent\" data-id=\"08ce13a\" data-element_type=\"container\" data-e-type=\"container\">\n\t\t\t\t\t<div class=\"e-con-inner\">\n\t\t\t\t<div class=\"elementor-element elementor-element-9c52f35 elementor-widget elementor-widget-text-editor\" data-id=\"9c52f35\" data-element_type=\"widget\" data-e-type=\"widget\" data-widget_type=\"text-editor.default\">\n\t\t\t\t\t\t\t\t\t<p>Comienza el Mes de las Madres y para muchas personas surge la pregunta. \u00bfQu\u00e9 le obsequio a mi mam\u00e1, a mi abuelita, a mi t\u00eda o quiz\u00e1 a mi hija que tambi\u00e9n ya es mam\u00e1?\u00a0 Esta vez, SoyMigrante.com MERCADO tiene una amplia, variada e incre\u00edble propuesta de opciones en textiles, bisuter\u00eda, art\u00edculos utilitarios hechos a mano, elaborados tambi\u00e9n por mam\u00e1s de diversas regiones de Guatemala.<\/p><p>Por eso te presentamos algunas opciones de ese gran amor materno convertido en color, dedicaci\u00f3n, detalle, accesorio: as\u00ed es el cari\u00f1o de mam\u00e1, siempre ingenioso y siempre pensando en el futuro de sus hijos. \u00bfQu\u00e9 tal si hacemos un gana gana? En lugar de adquirir mercanc\u00eda importada, compras talento 100% guatemalteco,\u00a0 y te llega hasta la puerta de tu casa, a la vez que apoyas a emprendedoras geniales.<\/p><p>Todas ellas son madres creativas, dedicadas y visionarias:<\/p>\t\t\t\t\t\t\t\t<\/div>\n\t\t\t\t\t<\/div>\n\t\t\t\t<\/div>\n\t\t<div data-particle_enable=\"false\" data-particle-mobile-disabled=\"false\" class=\"elementor-element elementor-element-12573a3 e-flex e-con-boxed e-con e-parent\" data-id=\"12573a3\" data-element_type=\"container\" data-e-type=\"container\">\n\t\t\t\t\t<div class=\"e-con-inner\">\n\t\t\t\t<div class=\"elementor-element elementor-element-37a4a73 elementor-grid-eael-col-1 elementor-grid-tablet-eael-col-2 elementor-grid-mobile-eael-col-1 elementor-widget elementor-widget-eael-post-grid\" data-id=\"37a4a73\" data-element_type=\"widget\" data-e-type=\"widget\" data-settings=\"{&quot;eael_post_grid_columns&quot;:&quot;eael-col-1&quot;,&quot;eael_post_grid_columns_tablet&quot;:&quot;eael-col-2&quot;,&quot;eael_post_grid_columns_mobile&quot;:&quot;eael-col-1&quot;}\" data-widget_type=\"eael-post-grid.default\">\n\t\t\t\t\t<div id=\"eael-post-grid-37a4a73\" class=\"eael-post-grid-container\">\n            <div class=\"eael-post-grid eael-post-appender eael-post-appender-37a4a73 eael-post-grid-style-one\" data-layout-mode=\"masonry\"><article class=\"eael-grid-post  eael-post-grid-column eael-pg-post-20419 category-guate-nuestra tags-mercado-emprendedores\" data-id=\"20419\">\n        <div class=\"eael-grid-post-holder\">\n            <div class=\"eael-grid-post-holder-inner\"><div class=\"eael-entry-media\"><div class=\"eael-entry-overlay fade-in\"><i class=\"far fa-hand-pointer\" aria-hidden=\"true\"><\/i><a href=\"https:\/\/soymigrante.com\/revista\/calzado-ninnke-nacio-del-amor-de-una-mama-y-la-pasion-por-crear-un-estilo-unico\/\"><\/a><\/div><div class=\"eael-entry-thumbnail eael-image-ratio\">\n                <img fetchpriority=\"high\" decoding=\"async\" width=\"960\" height=\"960\" src=\"https:\/\/soymigrante.com\/revista\/wp-content\/uploads\/2025\/01\/ninnke-zapatos.webp\" class=\"attachment-large size-large wp-image-20421\" alt=\"Zapatos de tac\u00f3n dorados y pantalones blancos casuales con blusa azul claro, sentada en una silla en una tienda de zapatos con exhibici\u00f3n de sandalias y gafas en el fondo.\" srcset=\"https:\/\/soymigrante.com\/revista\/wp-content\/uploads\/2025\/01\/ninnke-zapatos.webp 960w, https:\/\/soymigrante.com\/revista\/wp-content\/uploads\/2025\/01\/ninnke-zapatos-300x300.jpg 300w, https:\/\/soymigrante.com\/revista\/wp-content\/uploads\/2025\/01\/ninnke-zapatos-150x150.jpg 150w, https:\/\/soymigrante.com\/revista\/wp-content\/uploads\/2025\/01\/ninnke-zapatos-768x768.jpg 768w, https:\/\/soymigrante.com\/revista\/wp-content\/uploads\/2025\/01\/ninnke-zapatos-75x75.webp 75w, https:\/\/soymigrante.com\/revista\/wp-content\/uploads\/2025\/01\/ninnke-zapatos-750x750.webp 750w\" sizes=\"(max-width: 960px) 100vw, 960px\" \/>\n            <\/div>\n        <\/div><div class=\"eael-entry-wrapper\"><header class=\"eael-entry-header\"><h2 class=\"eael-entry-title\"><a class=\"eael-grid-post-link\" href=\"https:\/\/soymigrante.com\/revista\/calzado-ninnke-nacio-del-amor-de-una-mama-y-la-pasion-por-crear-un-estilo-unico\/\" title=\"Calzado Ninnke naci\u00f3 del amor de una mam\u00e1 y la pasi\u00f3n por crear un estilo \u00fanico: ahora est\u00e1 en MERCADO\">Calzado Ninnke naci\u00f3 del amor de una mam\u00e1 y la pasi\u00f3n por crear un estilo \u00fanico: ahora est\u00e1 en MERCADO<\/a><\/h2><\/header><div class=\"eael-entry-content\">\n                        <div class=\"eael-grid-post-excerpt\"><p>Ninnke Calzado crea estilos originales, dise\u00f1ados por la emprendedora guatemalteca Mar\u00eda &#8220;Toni&#8221; Jer\u00f3nimo en San Miguel Petapa. Abri\u00f3 su tienda digital en SoyMigrante.com MERCADO y te contamos c\u00f3mo naci\u00f3 este proyecto que va en muy buenos pasos. &#8220;Cuando mi hija...<\/p><a href=\"https:\/\/soymigrante.com\/revista\/calzado-ninnke-nacio-del-amor-de-una-mama-y-la-pasion-por-crear-un-estilo-unico\/\" class=\"eael-post-elements-readmore-btn\">CONOCE M\u00c1S SOBRE  SUS PRODUCTOS E HISTORIA<\/a><\/div>\n                    <\/div><\/div><\/div>\n        <\/div>\n    <\/article><article class=\"eael-grid-post  eael-post-grid-column eael-pg-post-16441 category-guate-nuestra tags-mercado-emprendedores\" data-id=\"16441\">\n        <div class=\"eael-grid-post-holder\">\n            <div class=\"eael-grid-post-holder-inner\"><div class=\"eael-entry-media\"><div class=\"eael-entry-overlay fade-in\"><i class=\"far fa-hand-pointer\" aria-hidden=\"true\"><\/i><a href=\"https:\/\/soymigrante.com\/revista\/candeleria-san-miguel-un-legado-familiar-iluminado-por-la-devocion\/\"><\/a><\/div><div class=\"eael-entry-thumbnail eael-image-ratio\">\n                <img decoding=\"async\" width=\"829\" height=\"829\" src=\"https:\/\/soymigrante.com\/revista\/wp-content\/uploads\/2024\/12\/CANDELERIA-SAN-MIGUEL-8.webp\" class=\"attachment-large size-large wp-image-16492\" alt=\"Exposici\u00f3n de velas artesanales en un puesto de mercado, mostrando la variedad de colores y dise\u00f1os, en un contexto de comunidad migrante en M\u00e9xico.\" srcset=\"https:\/\/soymigrante.com\/revista\/wp-content\/uploads\/2024\/12\/CANDELERIA-SAN-MIGUEL-8.webp 829w, https:\/\/soymigrante.com\/revista\/wp-content\/uploads\/2024\/12\/CANDELERIA-SAN-MIGUEL-8-300x300.jpeg 300w, https:\/\/soymigrante.com\/revista\/wp-content\/uploads\/2024\/12\/CANDELERIA-SAN-MIGUEL-8-150x150.jpeg 150w, https:\/\/soymigrante.com\/revista\/wp-content\/uploads\/2024\/12\/CANDELERIA-SAN-MIGUEL-8-768x768.jpeg 768w, https:\/\/soymigrante.com\/revista\/wp-content\/uploads\/2024\/12\/CANDELERIA-SAN-MIGUEL-8-75x75.webp 75w, https:\/\/soymigrante.com\/revista\/wp-content\/uploads\/2024\/12\/CANDELERIA-SAN-MIGUEL-8-750x750.webp 750w\" sizes=\"(max-width: 829px) 100vw, 829px\" \/>\n            <\/div>\n        <\/div><div class=\"eael-entry-wrapper\"><header class=\"eael-entry-header\"><h2 class=\"eael-entry-title\"><a class=\"eael-grid-post-link\" href=\"https:\/\/soymigrante.com\/revista\/candeleria-san-miguel-un-legado-familiar-iluminado-por-la-devocion\/\" title=\"Candeler\u00eda San Miguel: Un legado  familiar de amor y trabajo iluminado por la devoci\u00f3n\">Candeler\u00eda San Miguel: Un legado  familiar de amor y trabajo iluminado por la devoci\u00f3n<\/a><\/h2><\/header><div class=\"eael-entry-content\">\n                        <div class=\"eael-grid-post-excerpt\"><p>En tres d\u00e9cadas de tradici\u00f3n, candeler\u00eda San Miguel se ha consolidado como un negocio familiar que no solo ofrece productos de calidad, sino tambi\u00e9n un v\u00ednculo profundo con las tradiciones y la fe. Conoce la historia de este emprendimiento que...<\/p><a href=\"https:\/\/soymigrante.com\/revista\/candeleria-san-miguel-un-legado-familiar-iluminado-por-la-devocion\/\" class=\"eael-post-elements-readmore-btn\">CONOCE M\u00c1S SOBRE  SUS PRODUCTOS E HISTORIA<\/a><\/div>\n                    <\/div><\/div><\/div>\n        <\/div>\n    <\/article><article class=\"eael-grid-post  eael-post-grid-column eael-pg-post-21003 category-guate-nuestra tags-mercado-emprendedores\" data-id=\"21003\">\n        <div class=\"eael-grid-post-holder\">\n            <div class=\"eael-grid-post-holder-inner\"><div class=\"eael-entry-media\"><div class=\"eael-entry-overlay fade-in\"><i class=\"far fa-hand-pointer\" aria-hidden=\"true\"><\/i><a href=\"https:\/\/soymigrante.com\/revista\/bolsas-pulseras-y-collares-raices-surgen-con-la-creatividad-y-amor-familiar-de-silvia-flores\/\"><\/a><\/div><div class=\"eael-entry-thumbnail eael-image-ratio\">\n                <img decoding=\"async\" width=\"721\" height=\"721\" src=\"https:\/\/soymigrante.com\/revista\/wp-content\/uploads\/2025\/01\/silvia-patricia-raices-1.webp\" class=\"attachment-large size-large wp-image-21004\" alt=\"Artesan\u00edas y joyer\u00eda de migrantes en exclusivo mercado con enfoque en cultura y tradici\u00f3n.\" srcset=\"https:\/\/soymigrante.com\/revista\/wp-content\/uploads\/2025\/01\/silvia-patricia-raices-1.webp 721w, https:\/\/soymigrante.com\/revista\/wp-content\/uploads\/2025\/01\/silvia-patricia-raices-1-300x300.jpg 300w, https:\/\/soymigrante.com\/revista\/wp-content\/uploads\/2025\/01\/silvia-patricia-raices-1-150x150.jpg 150w, https:\/\/soymigrante.com\/revista\/wp-content\/uploads\/2025\/01\/silvia-patricia-raices-1-75x75.webp 75w\" sizes=\"(max-width: 721px) 100vw, 721px\" \/>\n            <\/div>\n        <\/div><div class=\"eael-entry-wrapper\"><header class=\"eael-entry-header\"><h2 class=\"eael-entry-title\"><a class=\"eael-grid-post-link\" href=\"https:\/\/soymigrante.com\/revista\/bolsas-pulseras-y-collares-raices-surgen-con-la-creatividad-y-amor-familiar-de-silvia-flores\/\" title=\"Bolsas, pulseras y collares Ra\u00edces surgen con la creatividad y amor familiar de Silvia Flores\">Bolsas, pulseras y collares Ra\u00edces surgen con la creatividad y amor familiar de Silvia Flores<\/a><\/h2><\/header><div class=\"eael-entry-content\">\n                        <div class=\"eael-grid-post-excerpt\"><p>Silvia Patricia Flores aprendi\u00f3 a coser a los 10 a\u00f1os, por una urgencia escolar. Nunca imagin\u00f3 entonces que aquella habilidad se convertir\u00eda en una de las claves de su emprendimiento Ra\u00edces, cuya tienda digital est\u00e1 en SoyMigrante.com MERCADO. &#8220;Cuando me...<\/p><a href=\"https:\/\/soymigrante.com\/revista\/bolsas-pulseras-y-collares-raices-surgen-con-la-creatividad-y-amor-familiar-de-silvia-flores\/\" class=\"eael-post-elements-readmore-btn\">CONOCE M\u00c1S SOBRE  SUS PRODUCTOS E HISTORIA<\/a><\/div>\n                    <\/div><\/div><\/div>\n        <\/div>\n    <\/article><article class=\"eael-grid-post  eael-post-grid-column eael-pg-post-18254 category-guate-nuestra tags-mercado-emprendedores\" data-id=\"18254\">\n        <div class=\"eael-grid-post-holder\">\n            <div class=\"eael-grid-post-holder-inner\"><div class=\"eael-entry-media\"><div class=\"eael-entry-overlay fade-in\"><i class=\"far fa-hand-pointer\" aria-hidden=\"true\"><\/i><a href=\"https:\/\/soymigrante.com\/revista\/kemon-collection-tejiendo-suenos-y-conservando-tradiciones-ancestrales\/\"><\/a><\/div><div class=\"eael-entry-thumbnail eael-image-ratio\">\n                <img loading=\"lazy\" decoding=\"async\" width=\"1024\" height=\"1024\" src=\"https:\/\/soymigrante.com\/revista\/wp-content\/uploads\/2024\/12\/kemon-1024x1024.jpg\" class=\"attachment-large size-large wp-image-18269\" alt=\"Artesana mostrando textiles tradicionales en feria de cultura ind\u00edgena en M\u00e9xico.\" srcset=\"https:\/\/soymigrante.com\/revista\/wp-content\/uploads\/2024\/12\/kemon-1024x1024.jpg 1024w, https:\/\/soymigrante.com\/revista\/wp-content\/uploads\/2024\/12\/kemon-300x300.jpg 300w, https:\/\/soymigrante.com\/revista\/wp-content\/uploads\/2024\/12\/kemon-150x150.jpg 150w, https:\/\/soymigrante.com\/revista\/wp-content\/uploads\/2024\/12\/kemon-768x768.jpg 768w, https:\/\/soymigrante.com\/revista\/wp-content\/uploads\/2024\/12\/kemon-75x75.webp 75w, https:\/\/soymigrante.com\/revista\/wp-content\/uploads\/2024\/12\/kemon-750x750.webp 750w, https:\/\/soymigrante.com\/revista\/wp-content\/uploads\/2024\/12\/kemon.webp 1080w\" sizes=\"(max-width: 1024px) 100vw, 1024px\" \/>\n            <\/div>\n        <\/div><div class=\"eael-entry-wrapper\"><header class=\"eael-entry-header\"><h2 class=\"eael-entry-title\"><a class=\"eael-grid-post-link\" href=\"https:\/\/soymigrante.com\/revista\/kemon-collection-tejiendo-suenos-y-conservando-tradiciones-ancestrales\/\" title=\"Kemon Collection: Tejiendo sue\u00f1os y conservando tradiciones ancestrales\">Kemon Collection: Tejiendo sue\u00f1os y conservando tradiciones ancestrales<\/a><\/h2><\/header><div class=\"eael-entry-content\">\n                        <div class=\"eael-grid-post-excerpt\"><p>Desde su taller en Jocotenango, Sacatep\u00e9quez, Eulalia Chonay lidera Kemon Collection, una marca que naci\u00f3 de la necesidad de generar ingresos pero que se ha convertido en puente de oportunidad para tejedoras de San Juan Comalapa, de donde es originaria....<\/p><a href=\"https:\/\/soymigrante.com\/revista\/kemon-collection-tejiendo-suenos-y-conservando-tradiciones-ancestrales\/\" class=\"eael-post-elements-readmore-btn\">CONOCE M\u00c1S SOBRE  SUS PRODUCTOS E HISTORIA<\/a><\/div>\n                    <\/div><\/div><\/div>\n        <\/div>\n    <\/article><article class=\"eael-grid-post  eael-post-grid-column eael-pg-post-31912 category-guate-nuestra tags-mercado-emprendedores\" data-id=\"31912\">\n        <div class=\"eael-grid-post-holder\">\n            <div class=\"eael-grid-post-holder-inner\"><div class=\"eael-entry-media\"><div class=\"eael-entry-overlay fade-in\"><i class=\"far fa-hand-pointer\" aria-hidden=\"true\"><\/i><a href=\"https:\/\/soymigrante.com\/revista\/fortaleza-y-oportunidades-para-mujeres-tejedoras-impulsa-janet-guerra-con-jg-home\/\"><\/a><\/div><div class=\"eael-entry-thumbnail eael-image-ratio\">\n                <img loading=\"lazy\" decoding=\"async\" width=\"1024\" height=\"1024\" src=\"https:\/\/soymigrante.com\/revista\/wp-content\/uploads\/2025\/04\/Janet-Guerra-disenadora-quetzalteca-JG-Home-MERCADO-1024x1024.png\" class=\"attachment-large size-large wp-image-31914\" alt=\"Vendedora de textiles tradicionales, representando la cultura y el arte en productos artesanales en una feria cultural en M\u00e9xico.\" srcset=\"https:\/\/soymigrante.com\/revista\/wp-content\/uploads\/2025\/04\/Janet-Guerra-disenadora-quetzalteca-JG-Home-MERCADO-1024x1024.png 1024w, https:\/\/soymigrante.com\/revista\/wp-content\/uploads\/2025\/04\/Janet-Guerra-disenadora-quetzalteca-JG-Home-MERCADO-300x300.png 300w, https:\/\/soymigrante.com\/revista\/wp-content\/uploads\/2025\/04\/Janet-Guerra-disenadora-quetzalteca-JG-Home-MERCADO-150x150.png 150w, https:\/\/soymigrante.com\/revista\/wp-content\/uploads\/2025\/04\/Janet-Guerra-disenadora-quetzalteca-JG-Home-MERCADO-768x768.png 768w, https:\/\/soymigrante.com\/revista\/wp-content\/uploads\/2025\/04\/Janet-Guerra-disenadora-quetzalteca-JG-Home-MERCADO-75x75.webp 75w, https:\/\/soymigrante.com\/revista\/wp-content\/uploads\/2025\/04\/Janet-Guerra-disenadora-quetzalteca-JG-Home-MERCADO-750x750.png 750w, https:\/\/soymigrante.com\/revista\/wp-content\/uploads\/2025\/04\/Janet-Guerra-disenadora-quetzalteca-JG-Home-MERCADO.webp 1080w\" sizes=\"(max-width: 1024px) 100vw, 1024px\" \/>\n            <\/div>\n        <\/div><div class=\"eael-entry-wrapper\"><header class=\"eael-entry-header\"><h2 class=\"eael-entry-title\"><a class=\"eael-grid-post-link\" href=\"https:\/\/soymigrante.com\/revista\/fortaleza-y-oportunidades-para-mujeres-tejedoras-impulsa-janet-guerra-con-jg-home\/\" title=\"Dise\u00f1os originales y oportunidades para tejedoras impulsa Janet Guerra con JG Home\">Dise\u00f1os originales y oportunidades para tejedoras impulsa Janet Guerra con JG Home<\/a><\/h2><\/header><div class=\"eael-entry-content\">\n                        <div class=\"eael-grid-post-excerpt\"><p>Janet Guerra es una dise\u00f1adora de modas quetzalteca cuya boutique lleva 15 a\u00f1os en Xela. Hace 2 a\u00f1os inici\u00f3 una l\u00ednea de hogar, JG Home con textiles artesanales de algod\u00f3n, que abre oportunidades para madres mayas que ahora tiene su...<\/p><a href=\"https:\/\/soymigrante.com\/revista\/fortaleza-y-oportunidades-para-mujeres-tejedoras-impulsa-janet-guerra-con-jg-home\/\" class=\"eael-post-elements-readmore-btn\">CONOCE M\u00c1S SOBRE  SUS PRODUCTOS E HISTORIA<\/a><\/div>\n                    <\/div><\/div><\/div>\n        <\/div>\n    <\/article><article class=\"eael-grid-post  eael-post-grid-column eael-pg-post-12756 category-guate-nuestra tags-mercado-emprendedores\" data-id=\"12756\">\n        <div class=\"eael-grid-post-holder\">\n            <div class=\"eael-grid-post-holder-inner\"><div class=\"eael-entry-media\"><div class=\"eael-entry-overlay fade-in\"><i class=\"far fa-hand-pointer\" aria-hidden=\"true\"><\/i><a href=\"https:\/\/soymigrante.com\/revista\/granola-del-comal-nacio-del-amor-de-marina-chen-al-esperar-a-su-bebe\/\"><\/a><\/div><div class=\"eael-entry-thumbnail eael-image-ratio\">\n                <img loading=\"lazy\" decoding=\"async\" width=\"1024\" height=\"768\" src=\"https:\/\/soymigrante.com\/revista\/wp-content\/uploads\/2024\/11\/Marina-Chen-y-su-emprendimiento-de-granola-saludable-1-1024x768.jpeg\" class=\"attachment-large size-large wp-image-12758\" alt=\"Artesan\u00eda mexicana, tradiciones culturales, cultura de M\u00e9xico, autodidacta, comunidad ind\u00edgena, belleza cultural.\" \/>\n            <\/div>\n        <\/div><div class=\"eael-entry-wrapper\"><header class=\"eael-entry-header\"><h2 class=\"eael-entry-title\"><a class=\"eael-grid-post-link\" href=\"https:\/\/soymigrante.com\/revista\/granola-del-comal-nacio-del-amor-de-marina-chen-al-esperar-a-su-bebe\/\" title=\"Granola Del Comal naci\u00f3 del amor de Marina Chen al esperar a su beb\u00e9\">Granola Del Comal naci\u00f3 del amor de Marina Chen al esperar a su beb\u00e9<\/a><\/h2><\/header><div class=\"eael-entry-content\">\n                        <div class=\"eael-grid-post-excerpt\"><p>El cuidado de tener una sana nutrici\u00f3n durante su primer embarazo impuls\u00f3 a Marina Chen a buscar una dieta natural. Esto la llev\u00f3 a elaborar su propia receta artesanal de granola, que ahora distribuye bajo su marca Del Comal, disponible...<\/p><a href=\"https:\/\/soymigrante.com\/revista\/granola-del-comal-nacio-del-amor-de-marina-chen-al-esperar-a-su-bebe\/\" class=\"eael-post-elements-readmore-btn\">CONOCE M\u00c1S SOBRE  SUS PRODUCTOS E HISTORIA<\/a><\/div>\n                    <\/div><\/div><\/div>\n        <\/div>\n    <\/article><article class=\"eael-grid-post  eael-post-grid-column eael-pg-post-30577 category-guate-nuestra tags-mercado-emprendedores\" data-id=\"30577\">\n        <div class=\"eael-grid-post-holder\">\n            <div class=\"eael-grid-post-holder-inner\"><div class=\"eael-entry-media\"><div class=\"eael-entry-overlay fade-in\"><i class=\"far fa-hand-pointer\" aria-hidden=\"true\"><\/i><a href=\"https:\/\/soymigrante.com\/revista\/floridalia-teje-bolsas-canastas-y-hermandad-junto-a-mujeres-de-parramos-bolsos-y-bisuteria-ales-ahora-esta-en-mercado\/\"><\/a><\/div><div class=\"eael-entry-thumbnail eael-image-ratio\">\n                <img loading=\"lazy\" decoding=\"async\" width=\"1009\" height=\"1009\" src=\"https:\/\/soymigrante.com\/revista\/wp-content\/uploads\/2025\/04\/emprendedora-mercado-floridalia-ales-accesorios-2.webp\" class=\"attachment-large size-large wp-image-30579\" alt=\"Artesan\u00edas tejidas a mano por migrantes guatemaltecos, exhibidas en una feria cultural, promoviendo la identidad y el emprendimiento en la comunidad inmigrante.\" srcset=\"https:\/\/soymigrante.com\/revista\/wp-content\/uploads\/2025\/04\/emprendedora-mercado-floridalia-ales-accesorios-2.webp 1009w, https:\/\/soymigrante.com\/revista\/wp-content\/uploads\/2025\/04\/emprendedora-mercado-floridalia-ales-accesorios-2-300x300.jpg 300w, https:\/\/soymigrante.com\/revista\/wp-content\/uploads\/2025\/04\/emprendedora-mercado-floridalia-ales-accesorios-2-150x150.jpg 150w, https:\/\/soymigrante.com\/revista\/wp-content\/uploads\/2025\/04\/emprendedora-mercado-floridalia-ales-accesorios-2-768x768.jpg 768w, https:\/\/soymigrante.com\/revista\/wp-content\/uploads\/2025\/04\/emprendedora-mercado-floridalia-ales-accesorios-2-75x75.webp 75w, https:\/\/soymigrante.com\/revista\/wp-content\/uploads\/2025\/04\/emprendedora-mercado-floridalia-ales-accesorios-2-750x750.webp 750w\" sizes=\"(max-width: 1009px) 100vw, 1009px\" \/>\n            <\/div>\n        <\/div><div class=\"eael-entry-wrapper\"><header class=\"eael-entry-header\"><h2 class=\"eael-entry-title\"><a class=\"eael-grid-post-link\" href=\"https:\/\/soymigrante.com\/revista\/floridalia-teje-bolsas-canastas-y-hermandad-junto-a-mujeres-de-parramos-bolsos-y-bisuteria-ales-ahora-esta-en-mercado\/\" title=\"Floridalia teje bolsas, canastas y hermandad junto a mujeres de Parramos. Bolsos y Bisuteria Ale&#8217;s ahora est\u00e1 en MERCADO\">Floridalia teje bolsas, canastas y hermandad junto a mujeres de Parramos. Bolsos y Bisuteria Ale&#8217;s ahora est\u00e1 en MERCADO<\/a><\/h2><\/header><div class=\"eael-entry-content\">\n                        <div class=\"eael-grid-post-excerpt\"><p>En Parramos, Chimaltenango, Ale&#8217;s Accesorios y Bisuter\u00eda crea canastas, bolsas, mochiles, portamacetas, pero sobre todo genera oportunidades para m\u00e1s mujeres de la regi\u00f3n gracias al entusiasmo de la emprendedora Floridalia Lico. Esta es su historia. En el coraz\u00f3n de Parramos,...<\/p><a href=\"https:\/\/soymigrante.com\/revista\/floridalia-teje-bolsas-canastas-y-hermandad-junto-a-mujeres-de-parramos-bolsos-y-bisuteria-ales-ahora-esta-en-mercado\/\" class=\"eael-post-elements-readmore-btn\">CONOCE M\u00c1S SOBRE  SUS PRODUCTOS E HISTORIA<\/a><\/div>\n                    <\/div><\/div><\/div>\n        <\/div>\n    <\/article><\/div>\n            <div class=\"clearfix\"><\/div>\n        <\/div>\t\t\t\t<\/div>\n\t\t\t\t\t<\/div>\n\t\t\t\t<\/div>\n\t\t<div data-particle_enable=\"false\" data-particle-mobile-disabled=\"false\" class=\"elementor-element elementor-element-ac551b0 e-flex e-con-boxed e-con e-parent\" data-id=\"ac551b0\" data-element_type=\"container\" data-e-type=\"container\">\n\t\t\t\t\t<div class=\"e-con-inner\">\n\t\t\t\t<div class=\"elementor-element elementor-element-207d310 elementor-widget elementor-widget-heading\" data-id=\"207d310\" data-element_type=\"widget\" data-e-type=\"widget\" data-widget_type=\"heading.default\">\n\t\t\t\t\t<h2 class=\"elementor-heading-title elementor-size-default\">Guatemala tiene tanto talento!<\/h2>\t\t\t\t<\/div>\n\t\t\t\t\t<\/div>\n\t\t\t\t<\/div>\n\t\t<div data-particle_enable=\"false\" data-particle-mobile-disabled=\"false\" class=\"elementor-element elementor-element-a302ed2 e-flex e-con-boxed e-con e-parent\" data-id=\"a302ed2\" data-element_type=\"container\" data-e-type=\"container\">\n\t\t\t\t\t<div class=\"e-con-inner\">\n\t\t\t\t<div class=\"elementor-element elementor-element-916804f elementor-grid-eael-col-3 elementor-grid-tablet-eael-col-2 elementor-grid-mobile-eael-col-1 elementor-widget elementor-widget-eael-post-grid\" data-id=\"916804f\" data-element_type=\"widget\" data-e-type=\"widget\" data-settings=\"{&quot;eael_post_grid_columns&quot;:&quot;eael-col-3&quot;,&quot;eael_post_grid_columns_tablet&quot;:&quot;eael-col-2&quot;,&quot;eael_post_grid_columns_mobile&quot;:&quot;eael-col-1&quot;}\" data-widget_type=\"eael-post-grid.default\">\n\t\t\t\t\t<div id=\"eael-post-grid-916804f\" class=\"eael-post-grid-container\">\n            <div class=\"eael-post-grid eael-post-appender eael-post-appender-916804f eael-post-grid-style-one\" data-layout-mode=\"masonry\"><article class=\"eael-grid-post  eael-post-grid-column eael-pg-post-7159 category-guate-nuestra\" data-id=\"7159\">\n        <div class=\"eael-grid-post-holder\">\n            <div class=\"eael-grid-post-holder-inner\"><div class=\"eael-entry-media\"><div class=\"eael-entry-overlay fade-in\"><i class=\"far fa-hand-pointer\" aria-hidden=\"true\"><\/i><a href=\"https:\/\/soymigrante.com\/revista\/mercado-artesanias-en-guatemala-ubicaciones-y-horarios\/\"><\/a><\/div><div class=\"eael-entry-thumbnail \">\n                <img loading=\"lazy\" decoding=\"async\" width=\"739\" height=\"685\" src=\"https:\/\/soymigrante.com\/revista\/wp-content\/uploads\/2024\/07\/Captura-de-pantalla-2024-07-04-153719.webp\" class=\"attachment-large size-large wp-image-7314\" alt=\"Vibrante bordado de un tuc\u00e1n con flores en tonos rojizos y verdes, t\u00edpico de la cultura hispana y el arte tradicional latinoamericano.\" srcset=\"https:\/\/soymigrante.com\/revista\/wp-content\/uploads\/2024\/07\/Captura-de-pantalla-2024-07-04-153719.webp 739w, https:\/\/soymigrante.com\/revista\/wp-content\/uploads\/2024\/07\/Captura-de-pantalla-2024-07-04-153719-300x278.webp 300w\" sizes=\"(max-width: 739px) 100vw, 739px\" \/>\n            <\/div>\n        <\/div><div class=\"eael-entry-wrapper\"><header class=\"eael-entry-header\"><h2 class=\"eael-entry-title\"><a class=\"eael-grid-post-link\" href=\"https:\/\/soymigrante.com\/revista\/mercado-artesanias-en-guatemala-ubicaciones-y-horarios\/\" title=\"Mercado artesan\u00edas en Guatemala: ubicaciones y horarios.\">Mercado artesan\u00edas en Guatemala: ubicaciones y horarios.<\/a><\/h2><\/header><div class=\"eael-entry-content\">\n                        <div class=\"eael-grid-post-excerpt\"><a href=\"https:\/\/soymigrante.com\/revista\/mercado-artesanias-en-guatemala-ubicaciones-y-horarios\/\" class=\"eael-post-elements-readmore-btn\">CONOCE SU HISTORIA <\/a><\/div>\n                    <\/div><\/div><\/div>\n        <\/div>\n    <\/article><article class=\"eael-grid-post  eael-post-grid-column eael-pg-post-6685 category-guate-nuestra\" data-id=\"6685\">\n        <div class=\"eael-grid-post-holder\">\n            <div class=\"eael-grid-post-holder-inner\"><div class=\"eael-entry-media\"><div class=\"eael-entry-overlay fade-in\"><i class=\"far fa-hand-pointer\" aria-hidden=\"true\"><\/i><a href=\"https:\/\/soymigrante.com\/revista\/identidad-tejida-y-exportada-trajes-tipicos-de-guatemala-migran-a-ee-uu\/\"><\/a><\/div><div class=\"eael-entry-thumbnail \">\n                <img loading=\"lazy\" decoding=\"async\" width=\"872\" height=\"805\" src=\"https:\/\/soymigrante.com\/revista\/wp-content\/uploads\/2024\/05\/Captura-de-pantalla-2024-05-30-164431.webp\" class=\"attachment-large size-large wp-image-6757\" alt=\"Coloridas prendas con bordados tradicionales y dise\u00f1os de flora y fauna, ideales para promover la cultura mexicana, el arte textil y la moda \u00e9tnica, en una exhibici\u00f3n de textiles artesanales.\" srcset=\"https:\/\/soymigrante.com\/revista\/wp-content\/uploads\/2024\/05\/Captura-de-pantalla-2024-05-30-164431.webp 872w, https:\/\/soymigrante.com\/revista\/wp-content\/uploads\/2024\/05\/Captura-de-pantalla-2024-05-30-164431-300x277.webp 300w, https:\/\/soymigrante.com\/revista\/wp-content\/uploads\/2024\/05\/Captura-de-pantalla-2024-05-30-164431-768x709.webp 768w, https:\/\/soymigrante.com\/revista\/wp-content\/uploads\/2024\/05\/Captura-de-pantalla-2024-05-30-164431-750x692.webp 750w\" sizes=\"(max-width: 872px) 100vw, 872px\" \/>\n            <\/div>\n        <\/div><div class=\"eael-entry-wrapper\"><header class=\"eael-entry-header\"><h2 class=\"eael-entry-title\"><a class=\"eael-grid-post-link\" href=\"https:\/\/soymigrante.com\/revista\/identidad-tejida-y-exportada-trajes-tipicos-de-guatemala-migran-a-ee-uu\/\" title=\"Identidad tejida y exportada: trajes t\u00edpicos de Guatemala migran a EE.UU.\">Identidad tejida y exportada: trajes t\u00edpicos de Guatemala migran a EE.UU.<\/a><\/h2><\/header><div class=\"eael-entry-content\">\n                        <div class=\"eael-grid-post-excerpt\"><a href=\"https:\/\/soymigrante.com\/revista\/identidad-tejida-y-exportada-trajes-tipicos-de-guatemala-migran-a-ee-uu\/\" class=\"eael-post-elements-readmore-btn\">CONOCE SU HISTORIA <\/a><\/div>\n                    <\/div><\/div><\/div>\n        <\/div>\n    <\/article><article class=\"eael-grid-post  eael-post-grid-column eael-pg-post-2511 category-exitos\" data-id=\"2511\">\n        <div class=\"eael-grid-post-holder\">\n            <div class=\"eael-grid-post-holder-inner\"><div class=\"eael-entry-media\"><div class=\"eael-entry-overlay fade-in\"><i class=\"far fa-hand-pointer\" aria-hidden=\"true\"><\/i><a href=\"https:\/\/soymigrante.com\/revista\/migrante-guatemalteca-cory-tzul-emprendio-su-negocio-en-alabama-y-crea-empleo-en-toto\/\"><\/a><\/div><div class=\"eael-entry-thumbnail \">\n                <img loading=\"lazy\" decoding=\"async\" width=\"508\" height=\"416\" src=\"https:\/\/soymigrante.com\/revista\/wp-content\/uploads\/2023\/09\/Captura-de-pantalla-2023-09-09-131440.webp\" class=\"attachment-large size-large wp-image-2531\" alt=\"\" srcset=\"https:\/\/soymigrante.com\/revista\/wp-content\/uploads\/2023\/09\/Captura-de-pantalla-2023-09-09-131440.webp 508w, https:\/\/soymigrante.com\/revista\/wp-content\/uploads\/2023\/09\/Captura-de-pantalla-2023-09-09-131440-300x246.webp 300w\" sizes=\"(max-width: 508px) 100vw, 508px\" \/>\n            <\/div>\n        <\/div><div class=\"eael-entry-wrapper\"><header class=\"eael-entry-header\"><h2 class=\"eael-entry-title\"><a class=\"eael-grid-post-link\" href=\"https:\/\/soymigrante.com\/revista\/migrante-guatemalteca-cory-tzul-emprendio-su-negocio-en-alabama-y-crea-empleo-en-toto\/\" title=\"Migrante guatemalteca Cori Tzul emprendi\u00f3  negocio en Alabama y genera empleo en su natal  Totonicap\u00e1n\">Migrante guatemalteca Cori Tzul emprendi\u00f3  negocio en Alabama y genera empleo en su natal  Totonicap\u00e1n<\/a><\/h2><\/header><div class=\"eael-entry-content\">\n                        <div class=\"eael-grid-post-excerpt\"><a href=\"https:\/\/soymigrante.com\/revista\/migrante-guatemalteca-cory-tzul-emprendio-su-negocio-en-alabama-y-crea-empleo-en-toto\/\" class=\"eael-post-elements-readmore-btn\">CONOCE SU HISTORIA <\/a><\/div>\n                    <\/div><\/div><\/div>\n        <\/div>\n    <\/article><\/div>\n            <div class=\"clearfix\"><\/div>\n        <\/div>\t\t\t\t<\/div>\n\t\t\t\t\t<\/div>\n\t\t\t\t<\/div>\n\t\t\t\t<\/div>\n\t\t","protected":false},"excerpt":{"rendered":"<p>Creando oportunidades y generando espacios para madres artesanas y emprendedoras: eso hace SoyMigrante.com MERCADO, una comunidad que pone en contacto el talento con quienes lo aprecian. Comienza el Mes de las Madres y para muchas personas surge la pregunta. \u00bfQu\u00e9 le obsequio a mi mam\u00e1, a mi abuelita, a mi t\u00eda o quiz\u00e1 a mi [&hellip;]<\/p>\n","protected":false},"author":7,"featured_media":32544,"comment_status":"open","ping_status":"open","sticky":false,"template":"","format":"standard","meta":{"_acf_changed":false,"_eb_attr":"","footnotes":""},"categories":[58],"tags":[130],"class_list":["post-32285","post","type-post","status-publish","format-standard","has-post-thumbnail","hentry","category-guate-nuestra","tag-mercado-emprendedores"],"acf":[],"aioseo_notices":[],"aioseo_head":"\n\t\t<!-- All in One SEO Pro 4.9.6.2 - aioseo.com -->\n\t<meta name=\"description\" content=\"Madre, hija, migrante emprendedora, Cori Tzul lleg\u00f3 a Estados Unidos hace 25 a\u00f1os, trabaj\u00f3 en restaurantes pero hace 10 a\u00f1os sigui\u00f3 el consejo de su mam\u00e1: &quot;Inicia tu negocio propio en el pa\u00eds de la oportunidad&quot;. Y avanza... Cori se puso muy nerviosa para la entrevista. Pero lo hizo muy bien. Es originaria de la Hace una d\u00e9cada la migrante guatemalteca Cory Tzul empez\u00f3 a vender textiles mayas en Alabama, los cuales son elaborados en un taller familiar en Totonicap\u00e1n.\" \/>\n\t<meta name=\"robots\" content=\"max-snippet:-1, max-image-preview:large, max-video-preview:-1\" \/>\n\t<meta name=\"author\" content=\"Gustavo Montenegro\"\/>\n\t<link rel=\"canonical\" href=\"https:\/\/soymigrante.com\/revista\/migrante-guatemalteca-cory-tzul-emprendio-su-negocio-en-alabama-y-crea-empleo-en-toto\/\" \/>\n\t<meta name=\"generator\" content=\"All in One SEO Pro (AIOSEO) 4.9.6.2\" \/>\n\n\t\t<link rel=\"preconnect\" href=\"https:\/\/fonts.googleapis.com\" crossorigin>\n<link rel=\"preconnect\" href=\"https:\/\/fonts.gstatic.com\" crossorigin>\n\t\t<meta property=\"og:locale\" content=\"es_ES\" \/>\n\t\t<meta property=\"og:site_name\" content=\"SoyMigrante.com REVISTA \u2013 Nuestra misi\u00f3n es reconocer y dignificar al migrante.\" \/>\n\t\t<meta property=\"og:type\" content=\"article\" \/>\n\t\t<meta property=\"og:title\" content=\"Migrante guatemalteca Cori Tzul emprendi\u00f3 negocio en Alabama y genera empleo en su natal Totonicap\u00e1n\" \/>\n\t\t<meta property=\"og:description\" content=\"Madre, hija, migrante emprendedora, Cori Tzul lleg\u00f3 a Estados Unidos hace 25 a\u00f1os, trabaj\u00f3 en restaurantes pero hace 10 a\u00f1os sigui\u00f3 el consejo de su mam\u00e1: &quot;Inicia tu negocio propio en el pa\u00eds de la oportunidad&quot;. Y avanza... Cori se puso muy nerviosa para la entrevista. Pero lo hizo muy bien. Es originaria de la Hace una d\u00e9cada la migrante guatemalteca Cory Tzul empez\u00f3 a vender textiles mayas en Alabama, los cuales son elaborados en un taller familiar en Totonicap\u00e1n.\" \/>\n\t\t<meta property=\"og:url\" content=\"https:\/\/soymigrante.com\/revista\/migrante-guatemalteca-cory-tzul-emprendio-su-negocio-en-alabama-y-crea-empleo-en-toto\/\" \/>\n\t\t<meta property=\"og:image\" content=\"https:\/\/soymigrante.com\/revista\/wp-content\/uploads\/2023\/09\/Captura-de-pantalla-2023-09-09-131440.webp\" \/>\n\t\t<meta property=\"og:image:secure_url\" content=\"https:\/\/soymigrante.com\/revista\/wp-content\/uploads\/2023\/09\/Captura-de-pantalla-2023-09-09-131440.webp\" \/>\n\t\t<meta property=\"og:image:width\" content=\"508\" \/>\n\t\t<meta property=\"og:image:height\" content=\"416\" \/>\n\t\t<meta property=\"article:published_time\" content=\"2023-09-09T19:02:31+00:00\" \/>\n\t\t<meta property=\"article:modified_time\" content=\"2024-07-30T19:25:00+00:00\" \/>\n\t\t<meta property=\"article:publisher\" content=\"https:\/\/www.facebook.com\/soymigrantecom\" \/>\n\t\t<meta name=\"twitter:card\" content=\"summary_large_image\" \/>\n\t\t<meta name=\"twitter:site\" content=\"@SoyMigrante_com\" \/>\n\t\t<meta name=\"twitter:title\" content=\"Migrante guatemalteca Cori Tzul emprendi\u00f3 negocio en Alabama y genera empleo en su natal Totonicap\u00e1n\" \/>\n\t\t<meta name=\"twitter:description\" content=\"Madre, hija, migrante emprendedora, Cori Tzul lleg\u00f3 a Estados Unidos hace 25 a\u00f1os, trabaj\u00f3 en restaurantes pero hace 10 a\u00f1os sigui\u00f3 el consejo de su mam\u00e1: &quot;Inicia tu negocio propio en el pa\u00eds de la oportunidad&quot;. Y avanza... Cori se puso muy nerviosa para la entrevista. Pero lo hizo muy bien. Es originaria de la Hace una d\u00e9cada la migrante guatemalteca Cory Tzul empez\u00f3 a vender textiles mayas en Alabama, los cuales son elaborados en un taller familiar en Totonicap\u00e1n.\" \/>\n\t\t<meta name=\"twitter:creator\" content=\"@SoyMigrante_com\" \/>\n\t\t<meta name=\"twitter:image\" content=\"https:\/\/soymigrante.com\/revista\/wp-content\/uploads\/2023\/09\/Captura-de-pantalla-2023-09-09-131440.webp\" \/>\n\t\t<!-- All in One SEO Pro -->\r\n\t\t<title>Migrante guatemalteca Cori Tzul emprendi\u00f3 negocio en Alabama y genera empleo en su natal Totonicap\u00e1n<\/title>\n\n","aioseo_head_json":{"title":"Migrante guatemalteca Cori Tzul emprendi\u00f3 negocio en Alabama y genera empleo en su natal Totonicap\u00e1n","description":"Madre, hija, migrante emprendedora, Cori Tzul lleg\u00f3 a Estados Unidos hace 25 a\u00f1os, trabaj\u00f3 en restaurantes pero hace 10 a\u00f1os sigui\u00f3 el consejo de su mam\u00e1: \"Inicia tu negocio propio en el pa\u00eds de la oportunidad\". Y avanza... Cori se puso muy nerviosa para la entrevista. Pero lo hizo muy bien. Es originaria de la Hace una d\u00e9cada la migrante guatemalteca Cory Tzul empez\u00f3 a vender textiles mayas en Alabama, los cuales son elaborados en un taller familiar en Totonicap\u00e1n.","canonical_url":"https:\/\/soymigrante.com\/revista\/migrante-guatemalteca-cory-tzul-emprendio-su-negocio-en-alabama-y-crea-empleo-en-toto\/","robots":"max-snippet:-1, max-image-preview:large, max-video-preview:-1","keywords":"","webmasterTools":{"miscellaneous":"&lt;link rel=\"preconnect\" href=\"https:\/\/fonts.googleapis.com\" crossorigin&gt;\n&lt;link rel=\"preconnect\" href=\"https:\/\/fonts.gstatic.com\" crossorigin&gt;"},"schema":null,"og:locale":"es_ES","og:site_name":"SoyMigrante.com REVISTA \u2013 Nuestra misi\u00f3n es reconocer y dignificar al migrante.","og:type":"article","og:title":"Migrante guatemalteca Cori Tzul emprendi\u00f3 negocio en Alabama y genera empleo en su natal Totonicap\u00e1n","og:description":"Madre, hija, migrante emprendedora, Cori Tzul lleg\u00f3 a Estados Unidos hace 25 a\u00f1os, trabaj\u00f3 en restaurantes pero hace 10 a\u00f1os sigui\u00f3 el consejo de su mam\u00e1: &quot;Inicia tu negocio propio en el pa\u00eds de la oportunidad&quot;. Y avanza... Cori se puso muy nerviosa para la entrevista. Pero lo hizo muy bien. Es originaria de la Hace una d\u00e9cada la migrante guatemalteca Cory Tzul empez\u00f3 a vender textiles mayas en Alabama, los cuales son elaborados en un taller familiar en Totonicap\u00e1n.","og:url":"https:\/\/soymigrante.com\/revista\/migrante-guatemalteca-cory-tzul-emprendio-su-negocio-en-alabama-y-crea-empleo-en-toto\/","og:image":"https:\/\/soymigrante.com\/revista\/wp-content\/uploads\/2023\/09\/Captura-de-pantalla-2023-09-09-131440.webp","og:image:secure_url":"https:\/\/soymigrante.com\/revista\/wp-content\/uploads\/2023\/09\/Captura-de-pantalla-2023-09-09-131440.webp","og:image:width":508,"og:image:height":416,"article:published_time":"2023-09-09T19:02:31+00:00","article:modified_time":"2024-07-30T19:25:00+00:00","article:publisher":"https:\/\/www.facebook.com\/soymigrantecom","twitter:card":"summary_large_image","twitter:site":"@SoyMigrante_com","twitter:title":"Migrante guatemalteca Cori Tzul emprendi\u00f3 negocio en Alabama y genera empleo en su natal Totonicap\u00e1n","twitter:description":"Madre, hija, migrante emprendedora, Cori Tzul lleg\u00f3 a Estados Unidos hace 25 a\u00f1os, trabaj\u00f3 en restaurantes pero hace 10 a\u00f1os sigui\u00f3 el consejo de su mam\u00e1: &quot;Inicia tu negocio propio en el pa\u00eds de la oportunidad&quot;. Y avanza... Cori se puso muy nerviosa para la entrevista. Pero lo hizo muy bien. Es originaria de la Hace una d\u00e9cada la migrante guatemalteca Cory Tzul empez\u00f3 a vender textiles mayas en Alabama, los cuales son elaborados en un taller familiar en Totonicap\u00e1n.","twitter:creator":"@SoyMigrante_com","twitter:image":"https:\/\/soymigrante.com\/revista\/wp-content\/uploads\/2023\/09\/Captura-de-pantalla-2023-09-09-131440.webp"},"aioseo_meta_data":{"post_id":"32285","title":"Ingenio de madres emprendedoras brilla en SoyMigrante MERCADO","description":"Productos hechos con creatividad y dedicaci\u00f3n por madres guatemaltecas. Tienen un objetivo claro: sacar adelante a sus hijos e inspirar ejemplo de trabajo.","keywords":null,"keyphrases":{"focus":{"keyphrase":"Mam\u00e1","score":65,"analysis":{"keyphraseInTitle":{"score":3,"maxScore":9,"error":1},"keyphraseInDescription":{"score":3,"maxScore":9,"error":1},"keyphraseLength":{"score":9,"maxScore":9,"error":0,"length":1},"keyphraseInURL":{"score":5,"maxScore":5,"error":0},"keyphraseInIntroduction":{"score":9,"maxScore":9,"error":0},"keyphraseInSubHeadings":{"score":3,"maxScore":9,"error":1},"keyphraseInImageAlt":{"score":3,"maxScore":9,"error":1},"keywordDensity":{"type":"best","score":9,"maxScore":9,"error":0}}},"additional":[{"keyphrase":"Talento","score":40,"analysis":{"keyphraseInDescription":{"score":3,"maxScore":9,"error":1},"keyphraseLength":{"score":9,"maxScore":9,"error":0,"length":1},"keyphraseInIntroduction":{"score":3,"maxScore":9,"error":1},"keyphraseInImageAlt":{"score":3,"maxScore":9,"error":1},"keywordDensity":{"score":0,"type":"low","maxScore":9,"error":1}}},{"keyphrase":"Mercado","score":87,"analysis":{"keyphraseInDescription":{"score":3,"maxScore":9,"error":1},"keyphraseLength":{"score":9,"maxScore":9,"error":0,"length":1},"keyphraseInIntroduction":{"score":9,"maxScore":9,"error":0},"keyphraseInImageAlt":{"score":9,"maxScore":9,"error":0},"keywordDensity":{"type":"best","score":9,"maxScore":9,"error":0}}},{"keyphrase":"Emprendimiento","score":53,"analysis":{"keyphraseInDescription":{"score":3,"maxScore":9,"error":1},"keyphraseLength":{"score":9,"maxScore":9,"error":0,"length":1},"keyphraseInIntroduction":{"score":3,"maxScore":9,"error":1},"keyphraseInImageAlt":{"score":9,"maxScore":9,"error":0},"keywordDensity":{"score":0,"type":"low","maxScore":9,"error":1}}},{"keyphrase":"SoyMigrante","score":73,"analysis":{"keyphraseInDescription":{"score":3,"maxScore":9,"error":1},"keyphraseLength":{"score":9,"maxScore":9,"error":0,"length":1},"keyphraseInIntroduction":{"score":9,"maxScore":9,"error":0},"keyphraseInImageAlt":{"score":3,"maxScore":9,"error":1},"keywordDensity":{"type":"best","score":9,"maxScore":9,"error":0}}}]},"primary_term":null,"canonical_url":null,"og_title":null,"og_description":null,"og_object_type":"default","og_image_type":"default","og_image_url":null,"og_image_width":null,"og_image_height":null,"og_image_custom_url":null,"og_image_custom_fields":null,"og_video":"","og_custom_url":null,"og_article_section":null,"og_article_tags":null,"twitter_use_og":false,"twitter_card":"default","twitter_image_type":"default","twitter_image_url":null,"twitter_image_custom_url":null,"twitter_image_custom_fields":null,"twitter_title":null,"twitter_description":null,"schema":{"blockGraphs":[],"customGraphs":[],"default":{"data":{"Article":[],"Course":[],"Dataset":[],"FAQPage":[],"Movie":[],"Person":[],"Product":[],"ProductReview":[],"Car":[],"Recipe":[],"Service":[],"SoftwareApplication":[],"WebPage":[]},"graphName":"none","isEnabled":true},"graphs":[]},"schema_type":"default","schema_type_options":null,"pillar_content":false,"robots_default":true,"robots_noindex":false,"robots_noarchive":false,"robots_nosnippet":false,"robots_nofollow":false,"robots_noimageindex":false,"robots_noodp":false,"robots_notranslate":false,"robots_max_snippet":"-1","robots_max_videopreview":"-1","robots_max_imagepreview":"large","priority":null,"frequency":"default","local_seo":null,"seo_analyzer_scan_date":"2025-10-09 04:49:13","breadcrumb_settings":null,"limit_modified_date":false,"reviewed_by":null,"open_ai":"{\"title\":{\"suggestions\":[],\"usage\":0},\"description\":{\"suggestions\":[],\"usage\":0}}","ai":null,"created":"2025-04-30 21:46:13","updated":"2026-02-04 23:28:19"},"aioseo_breadcrumb":"<div class=\"aioseo-breadcrumbs\"><span class=\"aioseo-breadcrumb\">\n\t<a href=\"https:\/\/soymigrante.com\/revista\" title=\"Home\">Home<\/a>\n<\/span><span class=\"aioseo-breadcrumb-separator\">\u00bb<\/span><span class=\"aioseo-breadcrumb\">\n\t<a href=\"https:\/\/soymigrante.com\/revista\/category\/guate-nuestra\/\" title=\"Guate Nuestra\">Guate Nuestra<\/a>\n<\/span><span class=\"aioseo-breadcrumb-separator\">\u00bb<\/span><span class=\"aioseo-breadcrumb\">\n\tEl obsequio perfecto: art\u00edculos elaborados con amor de Mam\u00e1, en SoyMigrante.com MERCADO\n<\/span><\/div>","aioseo_breadcrumb_json":[{"label":"Home","link":"https:\/\/soymigrante.com\/revista"},{"label":"Guate Nuestra","link":"https:\/\/soymigrante.com\/revista\/category\/guate-nuestra\/"},{"label":"El obsequio perfecto: art\u00edculos elaborados con amor de Mam\u00e1, en SoyMigrante.com MERCADO","link":"https:\/\/soymigrante.com\/revista\/el-obsequio-perfecto-articulos-elaborados-con-amor-de-mama-en-soymigrante-com-mercado\/"}],"_links":{"self":[{"href":"https:\/\/soymigrante.com\/revista\/wp-json\/wp\/v2\/posts\/32285","targetHints":{"allow":["GET"]}}],"collection":[{"href":"https:\/\/soymigrante.com\/revista\/wp-json\/wp\/v2\/posts"}],"about":[{"href":"https:\/\/soymigrante.com\/revista\/wp-json\/wp\/v2\/types\/post"}],"author":[{"embeddable":true,"href":"https:\/\/soymigrante.com\/revista\/wp-json\/wp\/v2\/users\/7"}],"replies":[{"embeddable":true,"href":"https:\/\/soymigrante.com\/revista\/wp-json\/wp\/v2\/comments?post=32285"}],"version-history":[{"count":18,"href":"https:\/\/soymigrante.com\/revista\/wp-json\/wp\/v2\/posts\/32285\/revisions"}],"predecessor-version":[{"id":32545,"href":"https:\/\/soymigrante.com\/revista\/wp-json\/wp\/v2\/posts\/32285\/revisions\/32545"}],"wp:featuredmedia":[{"embeddable":true,"href":"https:\/\/soymigrante.com\/revista\/wp-json\/wp\/v2\/media\/32544"}],"wp:attachment":[{"href":"https:\/\/soymigrante.com\/revista\/wp-json\/wp\/v2\/media?parent=32285"}],"wp:term":[{"taxonomy":"category","embeddable":true,"href":"https:\/\/soymigrante.com\/revista\/wp-json\/wp\/v2\/categories?post=32285"},{"taxonomy":"post_tag","embeddable":true,"href":"https:\/\/soymigrante.com\/revista\/wp-json\/wp\/v2\/tags?post=32285"}],"curies":[{"name":"wp","href":"https:\/\/api.w.org\/{rel}","templated":true}]}}