{"id":32235,"date":"2025-05-02T04:00:00","date_gmt":"2025-05-02T10:00:00","guid":{"rendered":"https:\/\/soymigrante.com\/revista\/?p=32235"},"modified":"2025-05-01T23:44:27","modified_gmt":"2025-05-02T05:44:27","slug":"proyecto-perspectivas-apoya-a-migrantes-retornados-a-guatemala","status":"publish","type":"post","link":"https:\/\/soymigrante.com\/revista\/proyecto-perspectivas-apoya-a-migrantes-retornados-a-guatemala\/","title":{"rendered":"Proyecto Perspectivas apoya a migrantes retornados a Guatemala para retomar vida productiva"},"content":{"rendered":"\t\t<div data-elementor-type=\"wp-post\" data-elementor-id=\"32235\" class=\"elementor elementor-32235\" data-elementor-post-type=\"post\">\n\t\t\t\t<div data-particle_enable=\"false\" data-particle-mobile-disabled=\"false\" class=\"elementor-element elementor-element-7100901 e-flex e-con-boxed e-con e-parent\" data-id=\"7100901\" data-element_type=\"container\" data-e-type=\"container\">\n\t\t\t\t\t<div class=\"e-con-inner\">\n\t\t\t\t<div class=\"elementor-element elementor-element-565fac5 elementor-widget elementor-widget-heading\" data-id=\"565fac5\" data-element_type=\"widget\" data-e-type=\"widget\" data-widget_type=\"heading.default\">\n\t\t\t\t\t<h2 class=\"elementor-heading-title elementor-size-default\">El proyecto PERSPECTIVAS busca apoyar a migrantes retornados a Guatemala desde Estados Unidos, conoce los pasos. \n<\/h2>\t\t\t\t<\/div>\n\t\t\t\t\t<\/div>\n\t\t\t\t<\/div>\n\t\t<div data-particle_enable=\"false\" data-particle-mobile-disabled=\"false\" class=\"elementor-element elementor-element-b09218d e-flex e-con-boxed e-con e-parent\" data-id=\"b09218d\" data-element_type=\"container\" data-e-type=\"container\">\n\t\t\t\t\t<div class=\"e-con-inner\">\n\t\t\t\t<div class=\"elementor-element elementor-element-a94c441 elementor-widget elementor-widget-text-editor\" data-id=\"a94c441\" data-element_type=\"widget\" data-e-type=\"widget\" data-widget_type=\"text-editor.default\">\n\t\t\t\t\t\t\t\t\t<p>Volver a casa despu\u00e9s de haber trabajado en el extranjero no siempre significa un nuevo comienzo f\u00e1cil. <a href=\"https:\/\/soymigrante.com\/revista\/acompanamiento-en-la-incertidumbre-un-pilar-de-fortaleza-para-los-migrantes\/\" target=\"_blank\" rel=\"noopener\">Muchos guatemaltecos que regresan desde Estados Unidos enfrentan desaf\u00edos emocionales, econ\u00f3micos y sociales.<\/a><\/p><p>Ante esta realidad, el proyecto PERSPECTIVAS ofrece acompa\u00f1amiento integral para facilitar su reintegraci\u00f3n en el pa\u00eds.<\/p><p>\u201c\u00bfTienes experiencia laboral en Estados Unidos? \u00a1Te estamos buscando!\u201d, as\u00ed invita esta iniciativa a quienes han retornado recientemente. El objetivo es claro: brindar apoyo especializado y personalizado a los migrantes que buscan reconstruir su vida en Guatemala.<\/p>\t\t\t\t\t\t\t\t<\/div>\n\t\t\t\t\t<\/div>\n\t\t\t\t<\/div>\n\t\t<div data-particle_enable=\"false\" data-particle-mobile-disabled=\"false\" class=\"elementor-element elementor-element-8ca61df e-flex e-con-boxed e-con e-parent\" data-id=\"8ca61df\" data-element_type=\"container\" data-e-type=\"container\">\n\t\t\t\t\t<div class=\"e-con-inner\">\n\t\t\t\t<div class=\"elementor-element elementor-element-00e3428 elementor-widget elementor-widget-image\" data-id=\"00e3428\" data-element_type=\"widget\" data-e-type=\"widget\" data-widget_type=\"image.default\">\n\t\t\t\t\t\t\t\t\t\t\t\t<figure class=\"wp-caption\">\n\t\t\t\t\t\t\t\t\t\t<img fetchpriority=\"high\" decoding=\"async\" width=\"768\" height=\"768\" src=\"https:\/\/soymigrante.com\/revista\/wp-content\/uploads\/2025\/04\/Proyecto-PERSPECTIVAS-apoya-a-migrantes-retornados-a-Guatemala2-e1752511607496-1024x1024.webp\" class=\"attachment-large size-large wp-image-32268\" alt=\"Personas migrantes en reuni\u00f3n al atardecer, siluetas en un entorno social, resaltando temas de migraci\u00f3n, comunidad y cultura en la revista SoyMigrante.com REVISTA.\" srcset=\"https:\/\/soymigrante.com\/revista\/wp-content\/uploads\/2025\/04\/Proyecto-PERSPECTIVAS-apoya-a-migrantes-retornados-a-Guatemala2-e1752511607496-1024x1024.webp 1024w, https:\/\/soymigrante.com\/revista\/wp-content\/uploads\/2025\/04\/Proyecto-PERSPECTIVAS-apoya-a-migrantes-retornados-a-Guatemala2-e1752511607496-300x300.webp 300w, https:\/\/soymigrante.com\/revista\/wp-content\/uploads\/2025\/04\/Proyecto-PERSPECTIVAS-apoya-a-migrantes-retornados-a-Guatemala2-e1752511607496-150x150.webp 150w, https:\/\/soymigrante.com\/revista\/wp-content\/uploads\/2025\/04\/Proyecto-PERSPECTIVAS-apoya-a-migrantes-retornados-a-Guatemala2-e1752511607496-768x768.webp 768w, https:\/\/soymigrante.com\/revista\/wp-content\/uploads\/2025\/04\/Proyecto-PERSPECTIVAS-apoya-a-migrantes-retornados-a-Guatemala2-e1752511607496-75x75.webp 75w, https:\/\/soymigrante.com\/revista\/wp-content\/uploads\/2025\/04\/Proyecto-PERSPECTIVAS-apoya-a-migrantes-retornados-a-Guatemala2-e1752511607496-750x750.webp 750w, https:\/\/soymigrante.com\/revista\/wp-content\/uploads\/2025\/04\/Proyecto-PERSPECTIVAS-apoya-a-migrantes-retornados-a-Guatemala2-e1752511607496.webp 1067w\" sizes=\"(max-width: 768px) 100vw, 768px\" title=\"Proyecto PERSPECTIVAS apoya a migrantes retornados a Guatemala2 \u2013 SoyMigrante.com REVISTA\" \/>\t\t\t\t\t\t\t\t\t\t\t<figcaption class=\"widget-image-caption wp-caption-text\">Diversas personas migrantes se re\u00fanen al atardecer, creando un ambiente de comunidad y apoyo. La imagen resalta la importancia de la integraci\u00f3n y cultura en temas migratorios cubiertos por SoyMigrante.com REVISTA.<\/figcaption>\n\t\t\t\t\t\t\t\t\t\t<\/figure>\n\t\t\t\t\t\t\t\t\t<\/div>\n\t\t\t\t\t<\/div>\n\t\t\t\t<\/div>\n\t\t<div data-particle_enable=\"false\" data-particle-mobile-disabled=\"false\" class=\"elementor-element elementor-element-fab6338 e-flex e-con-boxed e-con e-parent\" data-id=\"fab6338\" data-element_type=\"container\" data-e-type=\"container\">\n\t\t\t\t\t<div class=\"e-con-inner\">\n\t\t\t\t<div class=\"elementor-element elementor-element-cc40aa1 elementor-widget elementor-widget-heading\" data-id=\"cc40aa1\" data-element_type=\"widget\" data-e-type=\"widget\" data-widget_type=\"heading.default\">\n\t\t\t\t\t<h3 class=\"elementor-heading-title elementor-size-default\">PERSPECTIVAS ofrece:<\/h3>\t\t\t\t<\/div>\n\t\t\t\t\t<\/div>\n\t\t\t\t<\/div>\n\t\t<div data-particle_enable=\"false\" data-particle-mobile-disabled=\"false\" class=\"elementor-element elementor-element-93b0728 e-flex e-con-boxed e-con e-parent\" data-id=\"93b0728\" data-element_type=\"container\" data-e-type=\"container\">\n\t\t\t\t\t<div class=\"e-con-inner\">\n\t\t\t\t<div class=\"elementor-element elementor-element-e978eda elementor-widget elementor-widget-text-editor\" data-id=\"e978eda\" data-element_type=\"widget\" data-e-type=\"widget\" data-widget_type=\"text-editor.default\">\n\t\t\t\t\t\t\t\t\t<div>\u2022 Acompa\u00f1amiento psicol\u00f3gico especializado,<a href=\"https:\/\/soymigrante.com\/revista\/acompanamiento-en-la-incertidumbre-un-pilar-de-fortaleza-para-los-migrantes\/\" target=\"_blank\" rel=\"noopener\"> para ayudar a las personas a enfrentar el duelo migratorio, ansiedad o traumas derivados del proceso de retorno.<\/a><\/div><div>\u2022Herramientas para reinventarse, como capacitaciones, orientaci\u00f3n laboral, formaci\u00f3n t\u00e9cnica o acompa\u00f1amiento para emprender.<\/div><div>\u2022Reintegraci\u00f3n social y econ\u00f3mica, con asesor\u00eda para encontrar empleo, crear redes de apoyo o integrarse a la comunidad.<\/div>\t\t\t\t\t\t\t\t<\/div>\n\t\t\t\t\t<\/div>\n\t\t\t\t<\/div>\n\t\t<div data-particle_enable=\"false\" data-particle-mobile-disabled=\"false\" class=\"elementor-element elementor-element-eaacaaa e-flex e-con-boxed e-con e-parent\" data-id=\"eaacaaa\" data-element_type=\"container\" data-e-type=\"container\">\n\t\t\t\t\t<div class=\"e-con-inner\">\n\t\t\t\t<div class=\"elementor-element elementor-element-9d2ba79 elementor-widget elementor-widget-heading\" data-id=\"9d2ba79\" data-element_type=\"widget\" data-e-type=\"widget\" data-widget_type=\"heading.default\">\n\t\t\t\t\t<h3 class=\"elementor-heading-title elementor-size-default\">\u00bfD\u00f3nde se encuentra?<\/h3>\t\t\t\t<\/div>\n\t\t\t\t\t<\/div>\n\t\t\t\t<\/div>\n\t\t<div data-particle_enable=\"false\" data-particle-mobile-disabled=\"false\" class=\"elementor-element elementor-element-8979f2c e-flex e-con-boxed e-con e-parent\" data-id=\"8979f2c\" data-element_type=\"container\" data-e-type=\"container\">\n\t\t\t\t\t<div class=\"e-con-inner\">\n\t\t\t\t<div class=\"elementor-element elementor-element-f2bc723 elementor-widget elementor-widget-text-editor\" data-id=\"f2bc723\" data-element_type=\"widget\" data-e-type=\"widget\" data-widget_type=\"text-editor.default\">\n\t\t\t\t\t\t\t\t\t<div>Este proyecto tiene presencia en Guatemala, Quetzaltenango, Coatepeque, Palestina de los Altos y San Marcos, donde se han habilitado canales de contacto para que las personas accedan al apoyo de forma r\u00e1pida y gratuita:<\/div><div><strong>\u2022WhatsApp Occidente:<\/strong> 3046 3786<\/div><div><strong>\u2022WhatsApp Ciudad:<\/strong> 3033 7448<\/div><div><strong>\u2022Formulario en l\u00ednea:<\/strong> <a href=\"https:\/\/forms.office.com\/pages\/responsepage.aspx?id=q4Y_PO6lLkCN-k1126uwJGJo-wQ2wFtKoOP3eDcwnzRUQjE0NVEwVE5VTFZIUjRNNzY5NDlWUlI3Ti4u&amp;fbclid=IwY2xjawJ_XZhleHRuA2FlbQIxMABicmlkETEwc0d2dXFqdXJSRFlKQkNGAR7IhnjezFoWncc7JKngbmNqSgRFv61r9e3khw3slXcFqYBTvt28QRySuZX3XQ_aem_YCZIKFFL0yGgYhvJgvFqIg&amp;route=shorturl\" target=\"_blank\" rel=\"noopener\">forms.office.com\/e\/k9UMa7Y3wX<\/a><\/div>\t\t\t\t\t\t\t\t<\/div>\n\t\t\t\t\t<\/div>\n\t\t\t\t<\/div>\n\t\t<div data-particle_enable=\"false\" data-particle-mobile-disabled=\"false\" class=\"elementor-element elementor-element-9e75603 e-flex e-con-boxed e-con e-parent\" data-id=\"9e75603\" data-element_type=\"container\" data-e-type=\"container\">\n\t\t\t\t\t<div class=\"e-con-inner\">\n\t\t\t\t<div class=\"elementor-element elementor-element-83c3884 elementor-widget elementor-widget-text-editor\" data-id=\"83c3884\" data-element_type=\"widget\" data-e-type=\"widget\" data-widget_type=\"text-editor.default\">\n\t\t\t\t\t\t\t\t\t<p>PERSPECTIVAS es una iniciativa financiada por la Cooperaci\u00f3n Alemana a trav\u00e9s del Banco Alem\u00e1n de Desarrollo KfW, ejecutada por la Secretar\u00eda de la Integraci\u00f3n Social Centroamericana (SISCA), con el apoyo t\u00e9cnico de Swisscontact, en el marco de la alianza entre la Rep\u00fablica Federal de Alemania y los pa\u00edses de la regi\u00f3n SICA (Sistema de la Integraci\u00f3n Centroamericana).<\/p>\t\t\t\t\t\t\t\t<\/div>\n\t\t\t\t\t<\/div>\n\t\t\t\t<\/div>\n\t\t<div data-particle_enable=\"false\" data-particle-mobile-disabled=\"false\" class=\"elementor-element elementor-element-7f73cc2 e-flex e-con-boxed e-con e-parent\" data-id=\"7f73cc2\" data-element_type=\"container\" data-e-type=\"container\">\n\t\t\t\t\t<div class=\"e-con-inner\">\n\t\t\t\t<div class=\"elementor-element elementor-element-a5f8316 elementor-widget elementor-widget-image\" data-id=\"a5f8316\" data-element_type=\"widget\" data-e-type=\"widget\" data-widget_type=\"image.default\">\n\t\t\t\t\t\t\t\t\t\t\t\t<figure class=\"wp-caption\">\n\t\t\t\t\t\t\t\t\t\t<img decoding=\"async\" width=\"768\" height=\"512\" src=\"https:\/\/soymigrante.com\/revista\/wp-content\/uploads\/2025\/04\/Proyecto-PERSPECTIVAS-apoya-a-migrantes-retornados-a-Guatemala3-1024x682.jpeg\" class=\"attachment-large size-large wp-image-32269\" alt=\"Diversidad cultural de migrantes en actividades rurales y agr\u00edcolas en un campo de ma\u00edz, destacando la importancia de la comunidad migrante y derechos laborales.\" srcset=\"https:\/\/soymigrante.com\/revista\/wp-content\/uploads\/2025\/04\/Proyecto-PERSPECTIVAS-apoya-a-migrantes-retornados-a-Guatemala3-1024x682.jpeg 1024w, https:\/\/soymigrante.com\/revista\/wp-content\/uploads\/2025\/04\/Proyecto-PERSPECTIVAS-apoya-a-migrantes-retornados-a-Guatemala3-300x200.jpeg 300w, https:\/\/soymigrante.com\/revista\/wp-content\/uploads\/2025\/04\/Proyecto-PERSPECTIVAS-apoya-a-migrantes-retornados-a-Guatemala3-768x512.jpeg 768w, https:\/\/soymigrante.com\/revista\/wp-content\/uploads\/2025\/04\/Proyecto-PERSPECTIVAS-apoya-a-migrantes-retornados-a-Guatemala3-1536x1023.jpeg 1536w, https:\/\/soymigrante.com\/revista\/wp-content\/uploads\/2025\/04\/Proyecto-PERSPECTIVAS-apoya-a-migrantes-retornados-a-Guatemala3-750x500.jpeg 750w, https:\/\/soymigrante.com\/revista\/wp-content\/uploads\/2025\/04\/Proyecto-PERSPECTIVAS-apoya-a-migrantes-retornados-a-Guatemala3-1140x760.jpeg 1140w, https:\/\/soymigrante.com\/revista\/wp-content\/uploads\/2025\/04\/Proyecto-PERSPECTIVAS-apoya-a-migrantes-retornados-a-Guatemala3.webp 1600w\" sizes=\"(max-width: 768px) 100vw, 768px\" title=\"Proyecto PERSPECTIVAS apoya a migrantes retornados a Guatemala3 \u2013 SoyMigrante.com REVISTA\" \/>\t\t\t\t\t\t\t\t\t\t\t<figcaption class=\"widget-image-caption wp-caption-text\">Poblaci\u00f3n migrante participando en actividades rurales, resaltando la inclusi\u00f3n de comunidades migrantes y temas de derechos humanos y laborales.<\/figcaption>\n\t\t\t\t\t\t\t\t\t\t<\/figure>\n\t\t\t\t\t\t\t\t\t<\/div>\n\t\t\t\t\t<\/div>\n\t\t\t\t<\/div>\n\t\t<div data-particle_enable=\"false\" data-particle-mobile-disabled=\"false\" class=\"elementor-element elementor-element-080c061 e-flex e-con-boxed e-con e-parent\" data-id=\"080c061\" data-element_type=\"container\" data-e-type=\"container\">\n\t\t\t\t\t<div class=\"e-con-inner\">\n\t\t\t\t<div class=\"elementor-element elementor-element-68601a6 elementor-widget elementor-widget-heading\" data-id=\"68601a6\" data-element_type=\"widget\" data-e-type=\"widget\" data-widget_type=\"heading.default\">\n\t\t\t\t\t<h3 class=\"elementor-heading-title elementor-size-default\">Migrantes reciben ayuda<\/h3>\t\t\t\t<\/div>\n\t\t\t\t\t<\/div>\n\t\t\t\t<\/div>\n\t\t<div data-particle_enable=\"false\" data-particle-mobile-disabled=\"false\" class=\"elementor-element elementor-element-b2e30d6 e-flex e-con-boxed e-con e-parent\" data-id=\"b2e30d6\" data-element_type=\"container\" data-e-type=\"container\">\n\t\t\t\t\t<div class=\"e-con-inner\">\n\t\t\t\t<div class=\"elementor-element elementor-element-b6b8d5b elementor-widget elementor-widget-text-editor\" data-id=\"b6b8d5b\" data-element_type=\"widget\" data-e-type=\"widget\" data-widget_type=\"text-editor.default\">\n\t\t\t\t\t\t\t\t\t<p>Seg\u00fan datos de la Organizaci\u00f3n Internacional para las Migraciones (OIM),<a href=\"https:\/\/soymigrante.com\/revista\/acompanamiento-en-la-incertidumbre-un-pilar-de-fortaleza-para-los-migrantes\/\" target=\"_blank\" rel=\"noopener\"> miles de guatemaltecos son retornados cada a\u00f1o, muchos de ellos con experiencia laboral adquirida en Estados Unidos<\/a>, pero sin una red de apoyo en su pa\u00eds de origen. PERSPECTIVAS busca justamente transformar esa experiencia en una oportunidad, brindando herramientas pr\u00e1cticas y apoyo emocional para que cada retornado logre salir adelante.<\/p>\t\t\t\t\t\t\t\t<\/div>\n\t\t\t\t\t<\/div>\n\t\t\t\t<\/div>\n\t\t<div data-particle_enable=\"false\" data-particle-mobile-disabled=\"false\" class=\"elementor-element elementor-element-11a991f e-flex e-con-boxed e-con e-parent\" data-id=\"11a991f\" data-element_type=\"container\" data-e-type=\"container\">\n\t\t\t\t\t<div class=\"e-con-inner\">\n\t\t\t\t<div class=\"elementor-element elementor-element-dd47a61 elementor-widget elementor-widget-text-editor\" data-id=\"dd47a61\" data-element_type=\"widget\" data-e-type=\"widget\" data-widget_type=\"text-editor.default\">\n\t\t\t\t\t\t\t\t\t<p>\u201cEl retorno no es f\u00e1cil, pero no est\u00e1s solo\u201d es m\u00e1s que un eslogan. Es un mensaje de esperanza y acci\u00f3n concreta que llega a quienes m\u00e1s lo necesitan.<\/p>\t\t\t\t\t\t\t\t<\/div>\n\t\t\t\t\t<\/div>\n\t\t\t\t<\/div>\n\t\t<div data-particle_enable=\"false\" data-particle-mobile-disabled=\"false\" class=\"elementor-element elementor-element-91105af e-flex e-con-boxed e-con e-parent\" data-id=\"91105af\" data-element_type=\"container\" data-e-type=\"container\">\n\t\t\t\t\t<div class=\"e-con-inner\">\n\t\t\t\t<div class=\"elementor-element elementor-element-9ffadc1 elementor-widget elementor-widget-heading\" data-id=\"9ffadc1\" data-element_type=\"widget\" data-e-type=\"widget\" data-widget_type=\"heading.default\">\n\t\t\t\t\t<h2 class=\"elementor-heading-title elementor-size-default\">Conoce estas historias que inspiran...<\/h2>\t\t\t\t<\/div>\n\t\t\t\t\t<\/div>\n\t\t\t\t<\/div>\n\t\t<div data-particle_enable=\"false\" data-particle-mobile-disabled=\"false\" class=\"elementor-element elementor-element-4b58124 e-flex e-con-boxed e-con e-parent\" data-id=\"4b58124\" data-element_type=\"container\" data-e-type=\"container\">\n\t\t\t\t\t<div class=\"e-con-inner\">\n\t\t\t\t<div class=\"elementor-element elementor-element-23f35ad elementor-grid-eael-col-3 elementor-grid-tablet-eael-col-2 elementor-grid-mobile-eael-col-1 elementor-widget elementor-widget-eael-post-grid\" data-id=\"23f35ad\" data-element_type=\"widget\" data-e-type=\"widget\" data-settings=\"{&quot;eael_post_grid_columns&quot;:&quot;eael-col-3&quot;,&quot;eael_post_grid_columns_tablet&quot;:&quot;eael-col-2&quot;,&quot;eael_post_grid_columns_mobile&quot;:&quot;eael-col-1&quot;}\" data-widget_type=\"eael-post-grid.default\">\n\t\t\t\t\t<div id=\"eael-post-grid-23f35ad\" class=\"eael-post-grid-container\">\n            <div class=\"eael-post-grid eael-post-appender eael-post-appender-23f35ad eael-post-grid-style-one\" data-layout-mode=\"masonry\"><article class=\"eael-grid-post  eael-post-grid-column eael-pg-post-10331 category-guate-nuestra\" data-id=\"10331\">\n        <div class=\"eael-grid-post-holder\">\n            <div class=\"eael-grid-post-holder-inner\"><div class=\"eael-entry-media\"><div class=\"eael-entry-overlay fade-in\"><i class=\"far fa-hand-pointer\" aria-hidden=\"true\"><\/i><a href=\"https:\/\/soymigrante.com\/revista\/hearts-of-eternal-spring-puente-de-ayuda-migrante-desde-oklahoma-a-guatemala\/\"><\/a><\/div><div class=\"eael-entry-thumbnail \">\n                <img decoding=\"async\" width=\"568\" height=\"568\" src=\"https:\/\/soymigrante.com\/revista\/wp-content\/uploads\/2024\/10\/escuela-quetzaltenango-1.webp\" class=\"attachment-large size-large wp-image-10431\" alt=\"Kits escolares para ni\u00f1os migrantes, iniciativa solidaria y educativa en M\u00e9xico, promoviendo integraci\u00f3n y apoyo a comunidades vulnerables, promoviendo derechos y bienestar infantil.\" srcset=\"https:\/\/soymigrante.com\/revista\/wp-content\/uploads\/2024\/10\/escuela-quetzaltenango-1.webp 568w, https:\/\/soymigrante.com\/revista\/wp-content\/uploads\/2024\/10\/escuela-quetzaltenango-1-300x300.webp 300w, https:\/\/soymigrante.com\/revista\/wp-content\/uploads\/2024\/10\/escuela-quetzaltenango-1-150x150.webp 150w, https:\/\/soymigrante.com\/revista\/wp-content\/uploads\/2024\/10\/escuela-quetzaltenango-1-75x75.webp 75w\" sizes=\"(max-width: 568px) 100vw, 568px\" \/>\n            <\/div>\n        <\/div><div class=\"eael-entry-wrapper\"><header class=\"eael-entry-header\"><h2 class=\"eael-entry-title\"><a class=\"eael-grid-post-link\" href=\"https:\/\/soymigrante.com\/revista\/hearts-of-eternal-spring-puente-de-ayuda-migrante-desde-oklahoma-a-guatemala\/\" title=\"Hearts of Eternal Spring: puente de ayuda migrante desde Oklahoma a Guatemala\">Hearts of Eternal Spring: puente de ayuda migrante desde Oklahoma a Guatemala<\/a><\/h2><\/header><div class=\"eael-entry-content\">\n                        <div class=\"eael-grid-post-excerpt\"><a href=\"https:\/\/soymigrante.com\/revista\/hearts-of-eternal-spring-puente-de-ayuda-migrante-desde-oklahoma-a-guatemala\/\" class=\"eael-post-elements-readmore-btn\">CONOCE SU HISTORIA <\/a><\/div>\n                    <\/div><\/div><\/div>\n        <\/div>\n    <\/article><article class=\"eael-grid-post  eael-post-grid-column eael-pg-post-6247 category-estamos-unidos\" data-id=\"6247\">\n        <div class=\"eael-grid-post-holder\">\n            <div class=\"eael-grid-post-holder-inner\"><div class=\"eael-entry-media\"><div class=\"eael-entry-overlay fade-in\"><i class=\"far fa-hand-pointer\" aria-hidden=\"true\"><\/i><a href=\"https:\/\/soymigrante.com\/revista\/solidaridad-migrantes-hispanos-oklahoma-victimas-tornado-sulphur\/\"><\/a><\/div><div class=\"eael-entry-thumbnail \">\n                <img loading=\"lazy\" decoding=\"async\" width=\"533\" height=\"595\" src=\"https:\/\/soymigrante.com\/revista\/wp-content\/uploads\/2024\/04\/Captura-de-pantalla-2024-04-30-234934.webp\" class=\"attachment-large size-large wp-image-6248\" alt=\"Manos con aud\u00edfonos y gafas de sol en evento de migrantes en exteriores, sonriendo y mostrando actitud positiva.\" srcset=\"https:\/\/soymigrante.com\/revista\/wp-content\/uploads\/2024\/04\/Captura-de-pantalla-2024-04-30-234934.webp 533w, https:\/\/soymigrante.com\/revista\/wp-content\/uploads\/2024\/04\/Captura-de-pantalla-2024-04-30-234934-269x300.webp 269w\" sizes=\"(max-width: 533px) 100vw, 533px\" \/>\n            <\/div>\n        <\/div><div class=\"eael-entry-wrapper\"><header class=\"eael-entry-header\"><h2 class=\"eael-entry-title\"><a class=\"eael-grid-post-link\" href=\"https:\/\/soymigrante.com\/revista\/solidaridad-migrantes-hispanos-oklahoma-victimas-tornado-sulphur\/\" title=\"Migrantes ayudan a damnificados por tornado en Sulphur, Oklahoma\">Migrantes ayudan a damnificados por tornado en Sulphur, Oklahoma<\/a><\/h2><\/header><div class=\"eael-entry-content\">\n                        <div class=\"eael-grid-post-excerpt\"><a href=\"https:\/\/soymigrante.com\/revista\/solidaridad-migrantes-hispanos-oklahoma-victimas-tornado-sulphur\/\" class=\"eael-post-elements-readmore-btn\">CONOCE SU HISTORIA <\/a><\/div>\n                    <\/div><\/div><\/div>\n        <\/div>\n    <\/article><article class=\"eael-grid-post  eael-post-grid-column eael-pg-post-5160 category-exitos\" data-id=\"5160\">\n        <div class=\"eael-grid-post-holder\">\n            <div class=\"eael-grid-post-holder-inner\"><div class=\"eael-entry-media\"><div class=\"eael-entry-overlay fade-in\"><i class=\"far fa-hand-pointer\" aria-hidden=\"true\"><\/i><a href=\"https:\/\/soymigrante.com\/revista\/willy-barreno-ayuda-migrantes-quetzaltenango-proyecto\/\"><\/a><\/div><div class=\"eael-entry-thumbnail \">\n                <img loading=\"lazy\" decoding=\"async\" width=\"1024\" height=\"768\" src=\"https:\/\/soymigrante.com\/revista\/wp-content\/uploads\/2024\/03\/Chef-Willy-Barreno-3-1024x768.webp\" class=\"attachment-large size-large wp-image-5186\" alt=\"\" srcset=\"https:\/\/soymigrante.com\/revista\/wp-content\/uploads\/2024\/03\/Chef-Willy-Barreno-3-1024x768.webp 1024w, https:\/\/soymigrante.com\/revista\/wp-content\/uploads\/2024\/03\/Chef-Willy-Barreno-3-300x225.webp 300w, https:\/\/soymigrante.com\/revista\/wp-content\/uploads\/2024\/03\/Chef-Willy-Barreno-3-768x576.webp 768w, https:\/\/soymigrante.com\/revista\/wp-content\/uploads\/2024\/03\/Chef-Willy-Barreno-3-750x563.webp 750w, https:\/\/soymigrante.com\/revista\/wp-content\/uploads\/2024\/03\/Chef-Willy-Barreno-3-1140x855.webp 1140w, https:\/\/soymigrante.com\/revista\/wp-content\/uploads\/2024\/03\/Chef-Willy-Barreno-3.webp 1440w\" sizes=\"(max-width: 1024px) 100vw, 1024px\" \/>\n            <\/div>\n        <\/div><div class=\"eael-entry-wrapper\"><header class=\"eael-entry-header\"><h2 class=\"eael-entry-title\"><a class=\"eael-grid-post-link\" href=\"https:\/\/soymigrante.com\/revista\/willy-barreno-ayuda-migrantes-quetzaltenango-proyecto\/\" title=\"Willy Barreno: chef migrante ayuda a migrantes en su propia tierra\">Willy Barreno: chef migrante ayuda a migrantes en su propia tierra<\/a><\/h2><\/header><div class=\"eael-entry-content\">\n                        <div class=\"eael-grid-post-excerpt\"><a href=\"https:\/\/soymigrante.com\/revista\/willy-barreno-ayuda-migrantes-quetzaltenango-proyecto\/\" class=\"eael-post-elements-readmore-btn\">CONOCE SU HISTORIA <\/a><\/div>\n                    <\/div><\/div><\/div>\n        <\/div>\n    <\/article><\/div>\n            <div class=\"clearfix\"><\/div>\n        <\/div>\t\t\t\t<\/div>\n\t\t\t\t\t<\/div>\n\t\t\t\t<\/div>\n\t\t\t\t<\/div>\n\t\t","protected":false},"excerpt":{"rendered":"<p>El proyecto PERSPECTIVAS busca apoyar a migrantes retornados a Guatemala desde Estados Unidos, conoce los pasos. Volver a casa despu\u00e9s de haber trabajado en el extranjero no siempre significa un nuevo comienzo f\u00e1cil. Muchos guatemaltecos que regresan desde Estados Unidos enfrentan desaf\u00edos emocionales, econ\u00f3micos y sociales. Ante esta realidad, el proyecto PERSPECTIVAS ofrece acompa\u00f1amiento integral [&hellip;]<\/p>\n","protected":false},"author":19,"featured_media":32242,"comment_status":"open","ping_status":"open","sticky":false,"template":"","format":"standard","meta":{"_acf_changed":false,"_eb_attr":"","footnotes":""},"categories":[54],"tags":[],"class_list":["post-32235","post","type-post","status-publish","format-standard","has-post-thumbnail","hentry","category-estamos-unidos"],"acf":[],"aioseo_notices":[],"aioseo_head":"\n\t\t<!-- All in One SEO Pro 4.9.6.2 - aioseo.com -->\n\t<meta name=\"description\" content=\"La muerte de una madre migrante cambi\u00f3 la vida del chef guatemalteco Willy Barreno quien desde Estados Unidos inici\u00f3 cre\u00f3 un proyecto social con sede en Quetzaltenango para capacitar a j\u00f3venes y apoyar a retornados. Willy Barreno migr\u00f3 a Estados Unidos en 1996, su objetivo: cumplir el anhelado sue\u00f1o americano. Sin embargo, la vida misma\" \/>\n\t<meta name=\"robots\" content=\"max-snippet:-1, max-image-preview:large, max-video-preview:-1\" \/>\n\t<meta name=\"author\" content=\"Marysabel Aldana\"\/>\n\t<link rel=\"canonical\" href=\"https:\/\/soymigrante.com\/revista\/proyecto-perspectivas-apoya-a-migrantes-retornados-a-guatemala\/\" \/>\n\t<meta name=\"generator\" content=\"All in One SEO Pro (AIOSEO) 4.9.6.2\" \/>\n\n\t\t<link rel=\"preconnect\" href=\"https:\/\/fonts.googleapis.com\" crossorigin>\n<link rel=\"preconnect\" href=\"https:\/\/fonts.gstatic.com\" crossorigin>\n\t\t<meta property=\"og:locale\" content=\"es_ES\" \/>\n\t\t<meta property=\"og:site_name\" content=\"SoyMigrante.com REVISTA \u2013 Nuestra misi\u00f3n es reconocer y dignificar al migrante.\" \/>\n\t\t<meta property=\"og:type\" content=\"article\" \/>\n\t\t<meta property=\"og:title\" content=\"Proyecto Perspectivas apoya a migrantes retornados a Guatemala para retomar vida productiva\" \/>\n\t\t<meta property=\"og:description\" content=\"El proyecto PERSPECTIVAS busca apoyar a migrantes retornados a Guatemala desde Estados Unidos, conoce los pasos.\" \/>\n\t\t<meta property=\"og:url\" content=\"https:\/\/soymigrante.com\/revista\/proyecto-perspectivas-apoya-a-migrantes-retornados-a-guatemala\/\" \/>\n\t\t<meta property=\"og:image\" content=\"https:\/\/soymigrante.com\/revista\/wp-content\/uploads\/2025\/04\/Proyecto-PERSPECTIVAS-apoya-a-migrantes-retornados-a-Guatemala1-e1746042137406.webp\" \/>\n\t\t<meta property=\"og:image:secure_url\" content=\"https:\/\/soymigrante.com\/revista\/wp-content\/uploads\/2025\/04\/Proyecto-PERSPECTIVAS-apoya-a-migrantes-retornados-a-Guatemala1-e1746042137406.webp\" \/>\n\t\t<meta property=\"og:image:width\" content=\"1066\" \/>\n\t\t<meta property=\"og:image:height\" content=\"1066\" \/>\n\t\t<meta property=\"article:published_time\" content=\"2025-05-02T10:00:00+00:00\" \/>\n\t\t<meta property=\"article:modified_time\" content=\"2025-05-02T05:44:27+00:00\" \/>\n\t\t<meta property=\"article:publisher\" content=\"https:\/\/www.facebook.com\/soymigrantecom\" \/>\n\t\t<meta name=\"twitter:card\" content=\"summary_large_image\" \/>\n\t\t<meta name=\"twitter:site\" content=\"@SoyMigrante_com\" \/>\n\t\t<meta name=\"twitter:title\" content=\"Proyecto Perspectivas apoya a migrantes retornados a Guatemala para retomar vida productiva\" \/>\n\t\t<meta name=\"twitter:description\" content=\"El proyecto PERSPECTIVAS busca apoyar a migrantes retornados a Guatemala desde Estados Unidos, conoce los pasos.\" \/>\n\t\t<meta name=\"twitter:creator\" content=\"@SoyMigrante_com\" \/>\n\t\t<meta name=\"twitter:image\" content=\"https:\/\/soymigrante.com\/revista\/wp-content\/uploads\/2025\/04\/Proyecto-PERSPECTIVAS-apoya-a-migrantes-retornados-a-Guatemala1-e1746042137406.webp\" \/>\n\t\t<!-- All in One SEO Pro -->\r\n\t\t<title>Proyecto Perspectivas apoya a migrantes retornados a Guatemala para retomar vida productiva<\/title>\n\n","aioseo_head_json":{"title":"Proyecto Perspectivas apoya a migrantes retornados a Guatemala para retomar vida productiva","description":"El proyecto PERSPECTIVAS busca apoyar a migrantes retornados a Guatemala desde Estados Unidos, conoce los pasos.","canonical_url":"https:\/\/soymigrante.com\/revista\/proyecto-perspectivas-apoya-a-migrantes-retornados-a-guatemala\/","robots":"max-snippet:-1, max-image-preview:large, max-video-preview:-1","keywords":"","webmasterTools":{"miscellaneous":"&lt;link rel=\"preconnect\" href=\"https:\/\/fonts.googleapis.com\" crossorigin&gt;\n&lt;link rel=\"preconnect\" href=\"https:\/\/fonts.gstatic.com\" crossorigin&gt;"},"schema":null,"og:locale":"es_ES","og:site_name":"SoyMigrante.com REVISTA \u2013 Nuestra misi\u00f3n es reconocer y dignificar al migrante.","og:type":"article","og:title":"Proyecto Perspectivas apoya a migrantes retornados a Guatemala para retomar vida productiva","og:description":"El proyecto PERSPECTIVAS busca apoyar a migrantes retornados a Guatemala desde Estados Unidos, conoce los pasos.","og:url":"https:\/\/soymigrante.com\/revista\/proyecto-perspectivas-apoya-a-migrantes-retornados-a-guatemala\/","og:image":"https:\/\/soymigrante.com\/revista\/wp-content\/uploads\/2025\/04\/Proyecto-PERSPECTIVAS-apoya-a-migrantes-retornados-a-Guatemala1-e1746042137406.webp","og:image:secure_url":"https:\/\/soymigrante.com\/revista\/wp-content\/uploads\/2025\/04\/Proyecto-PERSPECTIVAS-apoya-a-migrantes-retornados-a-Guatemala1-e1746042137406.webp","og:image:width":1066,"og:image:height":1066,"article:published_time":"2025-05-02T10:00:00+00:00","article:modified_time":"2025-05-02T05:44:27+00:00","article:publisher":"https:\/\/www.facebook.com\/soymigrantecom","twitter:card":"summary_large_image","twitter:site":"@SoyMigrante_com","twitter:title":"Proyecto Perspectivas apoya a migrantes retornados a Guatemala para retomar vida productiva","twitter:description":"El proyecto PERSPECTIVAS busca apoyar a migrantes retornados a Guatemala desde Estados Unidos, conoce los pasos.","twitter:creator":"@SoyMigrante_com","twitter:image":"https:\/\/soymigrante.com\/revista\/wp-content\/uploads\/2025\/04\/Proyecto-PERSPECTIVAS-apoya-a-migrantes-retornados-a-Guatemala1-e1746042137406.webp"},"aioseo_meta_data":{"post_id":"32235","title":null,"description":"El proyecto PERSPECTIVAS busca apoyar a migrantes retornados a Guatemala desde Estados Unidos, conoce los pasos.","keywords":null,"keyphrases":{"focus":{"keyphrase":"PERSPECTIVAS","score":82,"analysis":{"keyphraseInTitle":{"score":9,"maxScore":9,"error":0},"keyphraseInDescription":{"score":9,"maxScore":9,"error":0},"keyphraseLength":{"score":9,"maxScore":9,"error":0,"length":1},"keyphraseInURL":{"score":5,"maxScore":5,"error":0},"keyphraseInIntroduction":{"score":3,"maxScore":9,"error":1},"keyphraseInSubHeadings":{"score":3,"maxScore":9,"error":1},"keyphraseInImageAlt":{"score":9,"maxScore":9,"error":0},"keywordDensity":{"type":"best","score":9,"maxScore":9,"error":0}}},"additional":[{"keyphrase":"PERSPECTIVAS","score":87,"analysis":{"keyphraseInDescription":{"score":9,"maxScore":9,"error":0},"keyphraseLength":{"score":9,"maxScore":9,"error":0,"length":1},"keyphraseInIntroduction":{"score":3,"maxScore":9,"error":1},"keyphraseInImageAlt":{"score":9,"maxScore":9,"error":0},"keywordDensity":{"type":"best","score":9,"maxScore":9,"error":0}}},{"keyphrase":"PROYECTO","score":87,"analysis":{"keyphraseInDescription":{"score":9,"maxScore":9,"error":0},"keyphraseLength":{"score":9,"maxScore":9,"error":0,"length":1},"keyphraseInIntroduction":{"score":3,"maxScore":9,"error":1},"keyphraseInImageAlt":{"score":9,"maxScore":9,"error":0},"keywordDensity":{"type":"best","score":9,"maxScore":9,"error":0}}},{"keyphrase":"migrantes","score":87,"analysis":{"keyphraseInDescription":{"score":9,"maxScore":9,"error":0},"keyphraseLength":{"score":9,"maxScore":9,"error":0,"length":1},"keyphraseInIntroduction":{"score":3,"maxScore":9,"error":1},"keyphraseInImageAlt":{"score":9,"maxScore":9,"error":0},"keywordDensity":{"type":"best","score":9,"maxScore":9,"error":0}}},{"keyphrase":"Guatemala","score":87,"analysis":{"keyphraseInDescription":{"score":9,"maxScore":9,"error":0},"keyphraseLength":{"score":9,"maxScore":9,"error":0,"length":1},"keyphraseInIntroduction":{"score":3,"maxScore":9,"error":1},"keyphraseInImageAlt":{"score":9,"maxScore":9,"error":0},"keywordDensity":{"type":"best","score":9,"maxScore":9,"error":0}}}]},"primary_term":null,"canonical_url":null,"og_title":null,"og_description":null,"og_object_type":"default","og_image_type":"default","og_image_url":null,"og_image_width":null,"og_image_height":null,"og_image_custom_url":null,"og_image_custom_fields":null,"og_video":"","og_custom_url":null,"og_article_section":null,"og_article_tags":null,"twitter_use_og":false,"twitter_card":"default","twitter_image_type":"default","twitter_image_url":null,"twitter_image_custom_url":null,"twitter_image_custom_fields":null,"twitter_title":null,"twitter_description":null,"schema":{"blockGraphs":[],"customGraphs":[],"default":{"data":{"Article":[],"Course":[],"Dataset":[],"FAQPage":[],"Movie":[],"Person":[],"Product":[],"ProductReview":[],"Car":[],"Recipe":[],"Service":[],"SoftwareApplication":[],"WebPage":[]},"graphName":"none","isEnabled":true},"graphs":[]},"schema_type":"default","schema_type_options":null,"pillar_content":false,"robots_default":true,"robots_noindex":false,"robots_noarchive":false,"robots_nosnippet":false,"robots_nofollow":false,"robots_noimageindex":false,"robots_noodp":false,"robots_notranslate":false,"robots_max_snippet":"-1","robots_max_videopreview":"-1","robots_max_imagepreview":"large","priority":null,"frequency":"default","local_seo":null,"seo_analyzer_scan_date":"2025-10-09 04:46:22","breadcrumb_settings":null,"limit_modified_date":false,"reviewed_by":null,"open_ai":"{\"title\":{\"suggestions\":[],\"usage\":0},\"description\":{\"suggestions\":[],\"usage\":0}}","ai":null,"created":"2025-04-30 19:45:16","updated":"2026-02-04 23:28:17"},"aioseo_breadcrumb":"<div class=\"aioseo-breadcrumbs\"><span class=\"aioseo-breadcrumb\">\n\t<a href=\"https:\/\/soymigrante.com\/revista\" title=\"Home\">Home<\/a>\n<\/span><span class=\"aioseo-breadcrumb-separator\">\u00bb<\/span><span class=\"aioseo-breadcrumb\">\n\t<a href=\"https:\/\/soymigrante.com\/revista\/category\/estamos-unidos\/\" title=\"Estamos Unidos\">Estamos Unidos<\/a>\n<\/span><span class=\"aioseo-breadcrumb-separator\">\u00bb<\/span><span class=\"aioseo-breadcrumb\">\n\tProyecto Perspectivas apoya a migrantes retornados a Guatemala para retomar vida productiva\n<\/span><\/div>","aioseo_breadcrumb_json":[{"label":"Home","link":"https:\/\/soymigrante.com\/revista"},{"label":"Estamos Unidos","link":"https:\/\/soymigrante.com\/revista\/category\/estamos-unidos\/"},{"label":"Proyecto Perspectivas apoya a migrantes retornados a Guatemala para retomar vida productiva","link":"https:\/\/soymigrante.com\/revista\/proyecto-perspectivas-apoya-a-migrantes-retornados-a-guatemala\/"}],"_links":{"self":[{"href":"https:\/\/soymigrante.com\/revista\/wp-json\/wp\/v2\/posts\/32235","targetHints":{"allow":["GET"]}}],"collection":[{"href":"https:\/\/soymigrante.com\/revista\/wp-json\/wp\/v2\/posts"}],"about":[{"href":"https:\/\/soymigrante.com\/revista\/wp-json\/wp\/v2\/types\/post"}],"author":[{"embeddable":true,"href":"https:\/\/soymigrante.com\/revista\/wp-json\/wp\/v2\/users\/19"}],"replies":[{"embeddable":true,"href":"https:\/\/soymigrante.com\/revista\/wp-json\/wp\/v2\/comments?post=32235"}],"version-history":[{"count":23,"href":"https:\/\/soymigrante.com\/revista\/wp-json\/wp\/v2\/posts\/32235\/revisions"}],"predecessor-version":[{"id":32405,"href":"https:\/\/soymigrante.com\/revista\/wp-json\/wp\/v2\/posts\/32235\/revisions\/32405"}],"wp:featuredmedia":[{"embeddable":true,"href":"https:\/\/soymigrante.com\/revista\/wp-json\/wp\/v2\/media\/32242"}],"wp:attachment":[{"href":"https:\/\/soymigrante.com\/revista\/wp-json\/wp\/v2\/media?parent=32235"}],"wp:term":[{"taxonomy":"category","embeddable":true,"href":"https:\/\/soymigrante.com\/revista\/wp-json\/wp\/v2\/categories?post=32235"},{"taxonomy":"post_tag","embeddable":true,"href":"https:\/\/soymigrante.com\/revista\/wp-json\/wp\/v2\/tags?post=32235"}],"curies":[{"name":"wp","href":"https:\/\/api.w.org\/{rel}","templated":true}]}}