{"id":32189,"date":"2025-05-01T08:02:43","date_gmt":"2025-05-01T14:02:43","guid":{"rendered":"https:\/\/soymigrante.com\/revista\/?p=32189"},"modified":"2025-05-01T08:07:46","modified_gmt":"2025-05-01T14:07:46","slug":"migrantes-guatemaltecos-brindan-tarde-de-alegria-para-ninas-de-hogar","status":"publish","type":"post","link":"https:\/\/soymigrante.com\/revista\/migrantes-guatemaltecos-brindan-tarde-de-alegria-para-ninas-de-hogar\/","title":{"rendered":"Migrantes guatemaltecos brindan tarde de alegr\u00eda para ni\u00f1as de hogar"},"content":{"rendered":"\t\t<div data-elementor-type=\"wp-post\" data-elementor-id=\"32189\" class=\"elementor elementor-32189\" data-elementor-post-type=\"post\">\n\t\t\t\t<div data-particle_enable=\"false\" data-particle-mobile-disabled=\"false\" class=\"elementor-element elementor-element-d510442 e-flex e-con-boxed e-con e-parent\" data-id=\"d510442\" data-element_type=\"container\" data-e-type=\"container\">\n\t\t\t\t\t<div class=\"e-con-inner\">\n\t\t\t\t<div class=\"elementor-element elementor-element-4165f76 elementor-widget elementor-widget-heading\" data-id=\"4165f76\" data-element_type=\"widget\" data-e-type=\"widget\" data-widget_type=\"heading.default\">\n\t\t\t\t\t<h2 class=\"elementor-heading-title elementor-size-default\">La asociaci\u00f3n Entre Chapines, con sede en Texas, Estados Unidos, efectu\u00f3 un agasajo a ni\u00f1as resguardadas en hogar, como un primer aporte que esperan ampliar. As\u00ed fue este d\u00eda de sonrisas. <\/h2>\t\t\t\t<\/div>\n\t\t\t\t\t<\/div>\n\t\t\t\t<\/div>\n\t\t<div data-particle_enable=\"false\" data-particle-mobile-disabled=\"false\" class=\"elementor-element elementor-element-5aac4d9 e-flex e-con-boxed e-con e-parent\" data-id=\"5aac4d9\" data-element_type=\"container\" data-e-type=\"container\">\n\t\t\t\t\t<div class=\"e-con-inner\">\n\t\t\t\t<div class=\"elementor-element elementor-element-e0121d6 elementor-widget elementor-widget-text-editor\" data-id=\"e0121d6\" data-element_type=\"widget\" data-e-type=\"widget\" data-widget_type=\"text-editor.default\">\n\t\t\t\t\t\t\t\t\t<p><a href=\"https:\/\/soymigrante.com\/revista\/acompanamiento-en-la-incertidumbre-un-pilar-de-fortaleza-para-los-migrantes\/\" target=\"_blank\" rel=\"noopener\">Una jornada llena de alegr\u00eda, sorpresas y solidaridad vivieron 19 ni\u00f1as del Hogar Ni\u00f1o de la Demanda<\/a>, gracias a la iniciativa de la guatemalteca Sindy Lorena Venegas Barillas y el apoyo de su hermana Kiara Venegas, migrante en Estados Unidos y fundadora de la organizaci\u00f3n \u201cEntre Chapines\u201d.<\/p><p>Sindy, quien se ha dedicado por m\u00e1s de 18 a\u00f1os a la docencia en Guatemala y tambi\u00e9n ejerce como abogada y notaria, organiz\u00f3 esta actividad con el objetivo de brindar un momento especial a las ni\u00f1as del hogar, muchas de las cuales han sido v\u00edctimas de violencia.<\/p>\t\t\t\t\t\t\t\t<\/div>\n\t\t\t\t\t<\/div>\n\t\t\t\t<\/div>\n\t\t<div data-particle_enable=\"false\" data-particle-mobile-disabled=\"false\" class=\"elementor-element elementor-element-3b1f289 e-flex e-con-boxed e-con e-parent\" data-id=\"3b1f289\" data-element_type=\"container\" data-e-type=\"container\">\n\t\t\t\t\t<div class=\"e-con-inner\">\n\t\t\t\t<div class=\"elementor-element elementor-element-1e51d26 elementor-widget elementor-widget-image\" data-id=\"1e51d26\" data-element_type=\"widget\" data-e-type=\"widget\" data-widget_type=\"image.default\">\n\t\t\t\t\t\t\t\t\t\t\t\t<figure class=\"wp-caption\">\n\t\t\t\t\t\t\t\t\t\t<img fetchpriority=\"high\" decoding=\"async\" width=\"768\" height=\"576\" src=\"https:\/\/soymigrante.com\/revista\/wp-content\/uploads\/2025\/04\/Guatemaltecos-en-USA-impulsan-momentos-de-alegria-para-ninas2-1024x768.jpeg\" class=\"attachment-large size-large wp-image-32196\" alt=\"Divirti\u00e9ndose en una fiesta infantil con actividades de circo y payasos, en un ambiente lleno de alegr\u00eda y participaci\u00f3n de ni\u00f1os y adultos en un espacio cerrado.\" srcset=\"https:\/\/soymigrante.com\/revista\/wp-content\/uploads\/2025\/04\/Guatemaltecos-en-USA-impulsan-momentos-de-alegria-para-ninas2-1024x768.jpeg 1024w, https:\/\/soymigrante.com\/revista\/wp-content\/uploads\/2025\/04\/Guatemaltecos-en-USA-impulsan-momentos-de-alegria-para-ninas2-300x225.jpeg 300w, https:\/\/soymigrante.com\/revista\/wp-content\/uploads\/2025\/04\/Guatemaltecos-en-USA-impulsan-momentos-de-alegria-para-ninas2-768x576.jpeg 768w, https:\/\/soymigrante.com\/revista\/wp-content\/uploads\/2025\/04\/Guatemaltecos-en-USA-impulsan-momentos-de-alegria-para-ninas2-1536x1152.jpeg 1536w, https:\/\/soymigrante.com\/revista\/wp-content\/uploads\/2025\/04\/Guatemaltecos-en-USA-impulsan-momentos-de-alegria-para-ninas2-750x563.webp 750w, https:\/\/soymigrante.com\/revista\/wp-content\/uploads\/2025\/04\/Guatemaltecos-en-USA-impulsan-momentos-de-alegria-para-ninas2-1140x855.webp 1140w, https:\/\/soymigrante.com\/revista\/wp-content\/uploads\/2025\/04\/Guatemaltecos-en-USA-impulsan-momentos-de-alegria-para-ninas2.webp 1600w\" sizes=\"(max-width: 768px) 100vw, 768px\" title=\"Guatemaltecos en USA impulsan momentos de alegr\u00eda para ni\u00f1as2 \u2013 SoyMigrante.com REVISTA\" \/>\t\t\t\t\t\t\t\t\t\t\t<figcaption class=\"widget-image-caption wp-caption-text\">Ni\u00f1os jugando en fiesta infantil con payasos y actividades de circo, rodeados de adultos en un evento familiar con decoraci\u00f3n colorida y diversi\u00f3n garantizada.<\/figcaption>\n\t\t\t\t\t\t\t\t\t\t<\/figure>\n\t\t\t\t\t\t\t\t\t<\/div>\n\t\t\t\t\t<\/div>\n\t\t\t\t<\/div>\n\t\t<div data-particle_enable=\"false\" data-particle-mobile-disabled=\"false\" class=\"elementor-element elementor-element-426b144 e-flex e-con-boxed e-con e-parent\" data-id=\"426b144\" data-element_type=\"container\" data-e-type=\"container\">\n\t\t\t\t\t<div class=\"e-con-inner\">\n\t\t\t\t<div class=\"elementor-element elementor-element-3c829fc elementor-widget elementor-widget-heading\" data-id=\"3c829fc\" data-element_type=\"widget\" data-e-type=\"widget\" data-widget_type=\"heading.default\">\n\t\t\t\t\t<h3 class=\"elementor-heading-title elementor-size-default\">Una oportunidad para compartir <\/h3>\t\t\t\t<\/div>\n\t\t\t\t\t<\/div>\n\t\t\t\t<\/div>\n\t\t<div data-particle_enable=\"false\" data-particle-mobile-disabled=\"false\" class=\"elementor-element elementor-element-0e23012 e-flex e-con-boxed e-con e-parent\" data-id=\"0e23012\" data-element_type=\"container\" data-e-type=\"container\">\n\t\t\t\t\t<div class=\"e-con-inner\">\n\t\t\t\t<div class=\"elementor-element elementor-element-a03ffd2 elementor-widget elementor-widget-text-editor\" data-id=\"a03ffd2\" data-element_type=\"widget\" data-e-type=\"widget\" data-widget_type=\"text-editor.default\">\n\t\t\t\t\t\t\t\t\t<p>Aunque la celebraci\u00f3n estaba inicialmente prevista para el D\u00eda de la Mujer, fue pospuesta y adaptada para convertirse en una oportunidad de compartir y llevar felicidad a las menores.<\/p><p>La jornada se realiz\u00f3 desde la 1:00 p.m. hasta las 5:30 p.m. y estuvo llena de juegos, pi\u00f1atas, pasteles, pizza y premios, donados gracias a las gestiones de Kiara desde Dallas, Texas.<\/p><p>A trav\u00e9s de la organizaci\u00f3n \u201cEntre Chapines\u201d, <a href=\"https:\/\/soymigrante.com\/revista\/acompanamiento-en-la-incertidumbre-un-pilar-de-fortaleza-para-los-migrantes\/\" target=\"_blank\" rel=\"noopener\">Kiara logr\u00f3 reunir apoyos para las ni\u00f1as de entre 4 y 16 a\u00f1os, quienes disfrutaron de un ambiente de calidez y cuidado.<\/a><\/p>\t\t\t\t\t\t\t\t<\/div>\n\t\t\t\t\t<\/div>\n\t\t\t\t<\/div>\n\t\t<div data-particle_enable=\"false\" data-particle-mobile-disabled=\"false\" class=\"elementor-element elementor-element-672279b e-flex e-con-boxed e-con e-parent\" data-id=\"672279b\" data-element_type=\"container\" data-e-type=\"container\">\n\t\t\t\t\t<div class=\"e-con-inner\">\n\t\t\t\t<div class=\"elementor-element elementor-element-9d59da2 elementor-widget elementor-widget-image\" data-id=\"9d59da2\" data-element_type=\"widget\" data-e-type=\"widget\" data-widget_type=\"image.default\">\n\t\t\t\t\t\t\t\t\t\t\t\t<figure class=\"wp-caption\">\n\t\t\t\t\t\t\t\t\t\t<img decoding=\"async\" width=\"768\" height=\"576\" src=\"https:\/\/soymigrante.com\/revista\/wp-content\/uploads\/2025\/04\/Guatemaltecos-en-USA-impulsan-momentos-de-alegria-para-ninas3-1024x768.jpeg\" class=\"attachment-large size-large wp-image-32197\" alt=\"Fiestas infantiles con ni\u00f1os en celebraci\u00f3n de cumplea\u00f1os, disfrutando comida y pastel en un ambiente alegre, ideal para contenidos relacionados con eventos y comunidad migrante.\" srcset=\"https:\/\/soymigrante.com\/revista\/wp-content\/uploads\/2025\/04\/Guatemaltecos-en-USA-impulsan-momentos-de-alegria-para-ninas3-1024x768.jpeg 1024w, https:\/\/soymigrante.com\/revista\/wp-content\/uploads\/2025\/04\/Guatemaltecos-en-USA-impulsan-momentos-de-alegria-para-ninas3-300x225.jpeg 300w, https:\/\/soymigrante.com\/revista\/wp-content\/uploads\/2025\/04\/Guatemaltecos-en-USA-impulsan-momentos-de-alegria-para-ninas3-768x576.jpeg 768w, https:\/\/soymigrante.com\/revista\/wp-content\/uploads\/2025\/04\/Guatemaltecos-en-USA-impulsan-momentos-de-alegria-para-ninas3-1536x1152.jpeg 1536w, https:\/\/soymigrante.com\/revista\/wp-content\/uploads\/2025\/04\/Guatemaltecos-en-USA-impulsan-momentos-de-alegria-para-ninas3-750x563.jpeg 750w, https:\/\/soymigrante.com\/revista\/wp-content\/uploads\/2025\/04\/Guatemaltecos-en-USA-impulsan-momentos-de-alegria-para-ninas3-1140x855.jpeg 1140w, https:\/\/soymigrante.com\/revista\/wp-content\/uploads\/2025\/04\/Guatemaltecos-en-USA-impulsan-momentos-de-alegria-para-ninas3.jpeg 1600w\" sizes=\"(max-width: 768px) 100vw, 768px\" title=\"Guatemaltecos en USA impulsan momentos de alegr\u00eda para ni\u00f1as3 \u2013 SoyMigrante.com REVISTA\" \/>\t\t\t\t\t\t\t\t\t\t\t<figcaption class=\"widget-image-caption wp-caption-text\">Las ni\u00f1as fueron agasajadas con comida y diversi\u00f3n. (Foto: Envato)<\/figcaption>\n\t\t\t\t\t\t\t\t\t\t<\/figure>\n\t\t\t\t\t\t\t\t\t<\/div>\n\t\t\t\t\t<\/div>\n\t\t\t\t<\/div>\n\t\t<div data-particle_enable=\"false\" data-particle-mobile-disabled=\"false\" class=\"elementor-element elementor-element-745209a e-flex e-con-boxed e-con e-parent\" data-id=\"745209a\" data-element_type=\"container\" data-e-type=\"container\">\n\t\t\t\t\t<div class=\"e-con-inner\">\n\t\t\t\t<div class=\"elementor-element elementor-element-dcd391d elementor-widget elementor-widget-heading\" data-id=\"dcd391d\" data-element_type=\"widget\" data-e-type=\"widget\" data-widget_type=\"heading.default\">\n\t\t\t\t\t<h3 class=\"elementor-heading-title elementor-size-default\">\"Entre chapines\" una organizaci\u00f3n de amor<\/h3>\t\t\t\t<\/div>\n\t\t\t\t\t<\/div>\n\t\t\t\t<\/div>\n\t\t<div data-particle_enable=\"false\" data-particle-mobile-disabled=\"false\" class=\"elementor-element elementor-element-b235437 e-flex e-con-boxed e-con e-parent\" data-id=\"b235437\" data-element_type=\"container\" data-e-type=\"container\">\n\t\t\t\t\t<div class=\"e-con-inner\">\n\t\t\t\t<div class=\"elementor-element elementor-element-b0625cd elementor-widget elementor-widget-text-editor\" data-id=\"b0625cd\" data-element_type=\"widget\" data-e-type=\"widget\" data-widget_type=\"text-editor.default\">\n\t\t\t\t\t\t\t\t\t<p>\u201cEntre Chapines\u201d es una organizaci\u00f3n conformada actualmente por cinco personas y se encuentra en proceso de formalizaci\u00f3n como ONG en Guatemala. <a href=\"https:\/\/soymigrante.com\/revista\/acompanamiento-en-la-incertidumbre-un-pilar-de-fortaleza-para-los-migrantes\/\" target=\"_blank\" rel=\"noopener\">Desde Estados Unidos, Kiara no solo trabaja en apoyo a la ni\u00f1ez, sino que tambi\u00e9n brinda ayuda humanitaria<\/a> a migrantes en tr\u00e1nsito y a quienes buscan regresar a sus pa\u00edses de origen.<\/p><p>La iniciativa refleja c\u00f3mo los guatemaltecos en el extranjero contin\u00faan conectados con su pa\u00eds y buscan maneras de tender una mano solidaria. La organizaci\u00f3n anunci\u00f3 que planea futuras actividades orientadas a apoyar tanto a ni\u00f1os como a migrantes en situaci\u00f3n vulnerable.<\/p>\t\t\t\t\t\t\t\t<\/div>\n\t\t\t\t\t<\/div>\n\t\t\t\t<\/div>\n\t\t<div data-particle_enable=\"false\" data-particle-mobile-disabled=\"false\" class=\"elementor-element elementor-element-dde81c1 e-flex e-con-boxed e-con e-parent\" data-id=\"dde81c1\" data-element_type=\"container\" data-e-type=\"container\">\n\t\t\t\t\t<div class=\"e-con-inner\">\n\t\t\t\t<div class=\"elementor-element elementor-element-de2430b elementor-widget elementor-widget-video\" data-id=\"de2430b\" data-element_type=\"widget\" data-e-type=\"widget\" data-settings=\"{&quot;video_type&quot;:&quot;hosted&quot;,&quot;controls&quot;:&quot;yes&quot;}\" data-widget_type=\"video.default\">\n\t\t\t\t\t\t\t<div class=\"e-hosted-video elementor-wrapper elementor-open-inline\">\n\t\t\t\t\t<video class=\"elementor-video\" src=\"https:\/\/soymigrante.com\/revista\/wp-content\/uploads\/2025\/04\/Guatemaltecos-en-USA-impulsan-momentos-de-alegria-para-ninas7.mp4\" controls=\"\" preload=\"metadata\" controlsList=\"nodownload\"><\/video>\n\t\t\t\t<\/div>\n\t\t\t\t\t\t<\/div>\n\t\t\t\t\t<\/div>\n\t\t\t\t<\/div>\n\t\t<div data-particle_enable=\"false\" data-particle-mobile-disabled=\"false\" class=\"elementor-element elementor-element-590c0cb e-flex e-con-boxed e-con e-parent\" data-id=\"590c0cb\" data-element_type=\"container\" data-e-type=\"container\">\n\t\t\t\t\t<div class=\"e-con-inner\">\n\t\t\t\t<div class=\"elementor-element elementor-element-11872cc elementor-widget elementor-widget-heading\" data-id=\"11872cc\" data-element_type=\"widget\" data-e-type=\"widget\" data-widget_type=\"heading.default\">\n\t\t\t\t\t<h3 class=\"elementor-heading-title elementor-size-default\">Amor a los necesitados<\/h3>\t\t\t\t<\/div>\n\t\t\t\t\t<\/div>\n\t\t\t\t<\/div>\n\t\t<div data-particle_enable=\"false\" data-particle-mobile-disabled=\"false\" class=\"elementor-element elementor-element-640ac5f e-flex e-con-boxed e-con e-parent\" data-id=\"640ac5f\" data-element_type=\"container\" data-e-type=\"container\">\n\t\t\t\t\t<div class=\"e-con-inner\">\n\t\t\t\t<div class=\"elementor-element elementor-element-6c23573 elementor-widget elementor-widget-text-editor\" data-id=\"6c23573\" data-element_type=\"widget\" data-e-type=\"widget\" data-widget_type=\"text-editor.default\">\n\t\t\t\t\t\t\t\t\t<p>Las ni\u00f1as que viven en el Hogar Ni\u00f1o de la Demanda \u2014algunas de ellas solo durante los d\u00edas de semana\u2014 <a href=\"https:\/\/soymigrante.com\/revista\/acompanamiento-en-la-incertidumbre-un-pilar-de-fortaleza-para-los-migrantes\/\" target=\"_blank\" rel=\"noopener\">encontraron en esta actividad un espacio para sentirse valoradas y queridas, en medio de contextos dif\u00edciles<\/a>. La labor de Sindy, Kiara y todos los involucrados en \u201cEntre Chapines\u201d es un ejemplo del impacto positivo que puede generar la comunidad migrante guatemalteca.<\/p>\t\t\t\t\t\t\t\t<\/div>\n\t\t\t\t\t<\/div>\n\t\t\t\t<\/div>\n\t\t<div data-particle_enable=\"false\" data-particle-mobile-disabled=\"false\" class=\"elementor-element elementor-element-3c2310a e-flex e-con-boxed e-con e-parent\" data-id=\"3c2310a\" data-element_type=\"container\" data-e-type=\"container\">\n\t\t\t\t\t<div class=\"e-con-inner\">\n\t\t\t\t<div class=\"elementor-element elementor-element-8763e69 elementor-widget elementor-widget-heading\" data-id=\"8763e69\" data-element_type=\"widget\" data-e-type=\"widget\" data-widget_type=\"heading.default\">\n\t\t\t\t\t<h2 class=\"elementor-heading-title elementor-size-default\">Conoce otras historias que inspiran...<\/h2>\t\t\t\t<\/div>\n\t\t\t\t\t<\/div>\n\t\t\t\t<\/div>\n\t\t<div data-particle_enable=\"false\" data-particle-mobile-disabled=\"false\" class=\"elementor-element elementor-element-51d7c7b e-flex e-con-boxed e-con e-parent\" data-id=\"51d7c7b\" data-element_type=\"container\" data-e-type=\"container\">\n\t\t\t\t\t<div class=\"e-con-inner\">\n\t\t\t\t<div class=\"elementor-element elementor-element-f1750f2 elementor-grid-eael-col-3 elementor-grid-tablet-eael-col-2 elementor-grid-mobile-eael-col-1 elementor-widget elementor-widget-eael-post-grid\" data-id=\"f1750f2\" data-element_type=\"widget\" data-e-type=\"widget\" data-settings=\"{&quot;eael_post_grid_columns&quot;:&quot;eael-col-3&quot;,&quot;eael_post_grid_columns_tablet&quot;:&quot;eael-col-2&quot;,&quot;eael_post_grid_columns_mobile&quot;:&quot;eael-col-1&quot;}\" data-widget_type=\"eael-post-grid.default\">\n\t\t\t\t\t<div id=\"eael-post-grid-f1750f2\" class=\"eael-post-grid-container\">\n            <div class=\"eael-post-grid eael-post-appender eael-post-appender-f1750f2 eael-post-grid-style-one\" data-layout-mode=\"masonry\"><article class=\"eael-grid-post  eael-post-grid-column eael-pg-post-23419 category-estamos-unidos\" data-id=\"23419\">\n        <div class=\"eael-grid-post-holder\">\n            <div class=\"eael-grid-post-holder-inner\"><div class=\"eael-entry-media\"><div class=\"eael-entry-overlay fade-in\"><i class=\"far fa-hand-pointer\" aria-hidden=\"true\"><\/i><a href=\"https:\/\/soymigrante.com\/revista\/pelicula-guatemalteca-dionicio-virvez-actor-migrante-2025\/\"><\/a><\/div><div class=\"eael-entry-thumbnail \">\n                <img decoding=\"async\" width=\"1024\" height=\"1024\" src=\"https:\/\/soymigrante.com\/revista\/wp-content\/uploads\/2025\/01\/pelicula-dionicio-virvez-1024x1024.png\" class=\"attachment-large size-large wp-image-23422\" alt=\"Sobrevivencia en situaci\u00f3n de calle, depicting two individuals con backpacks, en un contexto de lucha y resiliencia, con un enfoque en historias de migrantes y pobreza.\" srcset=\"https:\/\/soymigrante.com\/revista\/wp-content\/uploads\/2025\/01\/pelicula-dionicio-virvez-1024x1024.png 1024w, https:\/\/soymigrante.com\/revista\/wp-content\/uploads\/2025\/01\/pelicula-dionicio-virvez-300x300.png 300w, https:\/\/soymigrante.com\/revista\/wp-content\/uploads\/2025\/01\/pelicula-dionicio-virvez-150x150.png 150w, https:\/\/soymigrante.com\/revista\/wp-content\/uploads\/2025\/01\/pelicula-dionicio-virvez-768x768.png 768w, https:\/\/soymigrante.com\/revista\/wp-content\/uploads\/2025\/01\/pelicula-dionicio-virvez-1536x1536.png 1536w, https:\/\/soymigrante.com\/revista\/wp-content\/uploads\/2025\/01\/pelicula-dionicio-virvez-75x75.webp 75w, https:\/\/soymigrante.com\/revista\/wp-content\/uploads\/2025\/01\/pelicula-dionicio-virvez-750x750.webp 750w, https:\/\/soymigrante.com\/revista\/wp-content\/uploads\/2025\/01\/pelicula-dionicio-virvez-1140x1140.webp 1140w, https:\/\/soymigrante.com\/revista\/wp-content\/uploads\/2025\/01\/pelicula-dionicio-virvez.webp 1755w\" sizes=\"(max-width: 1024px) 100vw, 1024px\" \/>\n            <\/div>\n        <\/div><div class=\"eael-entry-wrapper\"><header class=\"eael-entry-header\"><h2 class=\"eael-entry-title\"><a class=\"eael-grid-post-link\" href=\"https:\/\/soymigrante.com\/revista\/pelicula-guatemalteca-dionicio-virvez-actor-migrante-2025\/\" title=\"Actor migrante Dionicio Virvez participar\u00e1 en pel\u00edcula de acci\u00f3n producida en Guatemala\">Actor migrante Dionicio Virvez participar\u00e1 en pel\u00edcula de acci\u00f3n producida en Guatemala<\/a><\/h2><\/header><div class=\"eael-entry-content\">\n                        <div class=\"eael-grid-post-excerpt\"><a href=\"https:\/\/soymigrante.com\/revista\/pelicula-guatemalteca-dionicio-virvez-actor-migrante-2025\/\" class=\"eael-post-elements-readmore-btn\">CONOCE SU HISTORIA <\/a><\/div>\n                    <\/div><\/div><\/div>\n        <\/div>\n    <\/article><article class=\"eael-grid-post  eael-post-grid-column eael-pg-post-2124 category-exitos\" data-id=\"2124\">\n        <div class=\"eael-grid-post-holder\">\n            <div class=\"eael-grid-post-holder-inner\"><div class=\"eael-entry-media\"><div class=\"eael-entry-overlay fade-in\"><i class=\"far fa-hand-pointer\" aria-hidden=\"true\"><\/i><a href=\"https:\/\/soymigrante.com\/revista\/pablo-mazariegos-psicologo-migrante-guatemalteco\/\"><\/a><\/div><div class=\"eael-entry-thumbnail \">\n                <img loading=\"lazy\" decoding=\"async\" width=\"1024\" height=\"686\" src=\"https:\/\/soymigrante.com\/revista\/wp-content\/uploads\/2023\/08\/pablo-mazariegos-b-1024x686.webp\" class=\"attachment-large size-large wp-image-2130\" alt=\"Pablo Mazariegos es graduado universitario en terapia familiar y psicolog\u00eda escolar, pero a su vez estas facetas e historias le condujeron a ser creador audiovisual, a trav\u00e9s de documentales propositivos y optimistas dedicados sobre todo a j\u00f3venes.\" srcset=\"https:\/\/soymigrante.com\/revista\/wp-content\/uploads\/2023\/08\/pablo-mazariegos-b-1024x686.webp 1024w, https:\/\/soymigrante.com\/revista\/wp-content\/uploads\/2023\/08\/pablo-mazariegos-b-300x201.webp 300w, https:\/\/soymigrante.com\/revista\/wp-content\/uploads\/2023\/08\/pablo-mazariegos-b-768x514.webp 768w, https:\/\/soymigrante.com\/revista\/wp-content\/uploads\/2023\/08\/pablo-mazariegos-b-1536x1028.webp 1536w, https:\/\/soymigrante.com\/revista\/wp-content\/uploads\/2023\/08\/pablo-mazariegos-b-750x502.webp 750w, https:\/\/soymigrante.com\/revista\/wp-content\/uploads\/2023\/08\/pablo-mazariegos-b-1140x763.webp 1140w, https:\/\/soymigrante.com\/revista\/wp-content\/uploads\/2023\/08\/pablo-mazariegos-b.webp 1920w\" sizes=\"(max-width: 1024px) 100vw, 1024px\" \/>\n            <\/div>\n        <\/div><div class=\"eael-entry-wrapper\"><header class=\"eael-entry-header\"><h2 class=\"eael-entry-title\"><a class=\"eael-grid-post-link\" href=\"https:\/\/soymigrante.com\/revista\/pablo-mazariegos-psicologo-migrante-guatemalteco\/\" title=\"Pablo Mazariegos: Transformando historias migrantes en esperanza\">Pablo Mazariegos: Transformando historias migrantes en esperanza<\/a><\/h2><\/header><div class=\"eael-entry-content\">\n                        <div class=\"eael-grid-post-excerpt\"><a href=\"https:\/\/soymigrante.com\/revista\/pablo-mazariegos-psicologo-migrante-guatemalteco\/\" class=\"eael-post-elements-readmore-btn\">CONOCE SU HISTORIA <\/a><\/div>\n                    <\/div><\/div><\/div>\n        <\/div>\n    <\/article><article class=\"eael-grid-post  eael-post-grid-column eael-pg-post-1469 category-exitos tags-tennessee\" data-id=\"1469\">\n        <div class=\"eael-grid-post-holder\">\n            <div class=\"eael-grid-post-holder-inner\"><div class=\"eael-entry-media\"><div class=\"eael-entry-overlay fade-in\"><i class=\"far fa-hand-pointer\" aria-hidden=\"true\"><\/i><a href=\"https:\/\/soymigrante.com\/revista\/migrante-guatemalteca-apoya-a-compatriotas-en-tennessee\/\"><\/a><\/div><div class=\"eael-entry-thumbnail \">\n                <img loading=\"lazy\" decoding=\"async\" width=\"768\" height=\"1024\" src=\"https:\/\/soymigrante.com\/revista\/wp-content\/uploads\/2023\/06\/Migrante-guatemalteca-Velvet-Hernandez-Johnson-triunfa-como-profesional-en-Estados-Unidos-y-apoya-a-migrantes-hispanos-a-traves-de-voluntariados-2-768x1024.webp\" class=\"attachment-large size-large wp-image-1474\" alt=\"Velvet Hern\u00e1ndez-Johnson visita cada a\u00f1o a su familia en Guatemala y siempre lleva algo nuevo para la exposici\u00f3n permanente en el museo local.\" srcset=\"https:\/\/soymigrante.com\/revista\/wp-content\/uploads\/2023\/06\/Migrante-guatemalteca-Velvet-Hernandez-Johnson-triunfa-como-profesional-en-Estados-Unidos-y-apoya-a-migrantes-hispanos-a-traves-de-voluntariados-2-768x1024.webp 768w, https:\/\/soymigrante.com\/revista\/wp-content\/uploads\/2023\/06\/Migrante-guatemalteca-Velvet-Hernandez-Johnson-triunfa-como-profesional-en-Estados-Unidos-y-apoya-a-migrantes-hispanos-a-traves-de-voluntariados-2-225x300.webp 225w, https:\/\/soymigrante.com\/revista\/wp-content\/uploads\/2023\/06\/Migrante-guatemalteca-Velvet-Hernandez-Johnson-triunfa-como-profesional-en-Estados-Unidos-y-apoya-a-migrantes-hispanos-a-traves-de-voluntariados-2-750x1000.webp 750w, https:\/\/soymigrante.com\/revista\/wp-content\/uploads\/2023\/06\/Migrante-guatemalteca-Velvet-Hernandez-Johnson-triunfa-como-profesional-en-Estados-Unidos-y-apoya-a-migrantes-hispanos-a-traves-de-voluntariados-2.webp 960w\" sizes=\"(max-width: 768px) 100vw, 768px\" \/>\n            <\/div>\n        <\/div><div class=\"eael-entry-wrapper\"><header class=\"eael-entry-header\"><h2 class=\"eael-entry-title\"><a class=\"eael-grid-post-link\" href=\"https:\/\/soymigrante.com\/revista\/migrante-guatemalteca-apoya-a-compatriotas-en-tennessee\/\" title=\"Velvet Hern\u00e1ndez-Johnson triunfa en Tennessee y capacita a  migrantes\">Velvet Hern\u00e1ndez-Johnson triunfa en Tennessee y capacita a  migrantes<\/a><\/h2><\/header><div class=\"eael-entry-content\">\n                        <div class=\"eael-grid-post-excerpt\"><a href=\"https:\/\/soymigrante.com\/revista\/migrante-guatemalteca-apoya-a-compatriotas-en-tennessee\/\" class=\"eael-post-elements-readmore-btn\">CONOCE SU HISTORIA <\/a><\/div>\n                    <\/div><\/div><\/div>\n        <\/div>\n    <\/article><\/div>\n            <div class=\"clearfix\"><\/div>\n        <\/div>\t\t\t\t<\/div>\n\t\t\t\t\t<\/div>\n\t\t\t\t<\/div>\n\t\t\t\t<\/div>\n\t\t","protected":false},"excerpt":{"rendered":"<p>La asociaci\u00f3n Entre Chapines, con sede en Texas, Estados Unidos, efectu\u00f3 un agasajo a ni\u00f1as resguardadas en hogar, como un primer aporte que esperan ampliar. As\u00ed fue este d\u00eda de sonrisas. Una jornada llena de alegr\u00eda, sorpresas y solidaridad vivieron 19 ni\u00f1as del Hogar Ni\u00f1o de la Demanda, gracias a la iniciativa de la guatemalteca [&hellip;]<\/p>\n","protected":false},"author":19,"featured_media":32190,"comment_status":"open","ping_status":"open","sticky":false,"template":"","format":"standard","meta":{"_acf_changed":false,"_eb_attr":"","footnotes":""},"categories":[54],"tags":[],"class_list":["post-32189","post","type-post","status-publish","format-standard","has-post-thumbnail","hentry","category-estamos-unidos"],"acf":[],"aioseo_notices":[],"aioseo_head":"\n\t\t<!-- All in One SEO Pro 4.9.6.2 - aioseo.com -->\n\t<meta name=\"description\" content=\"Exitosa profesional guatemalteca Velvet Hern\u00e1ndez-Johnson labora en una compa\u00f1\u00eda de Georgia y vive en Tennessee, en donde impulsa programas educativos para migrantes Velvet Hern\u00e1ndez no pensaba quedarse a vivir en Estados Unidos cuando migr\u00f3 en 2005 para estudiar su Bachelor en Negocios y Mercadeo, en la Universidad Harding de Arkansas. Despu\u00e9s siguieron los estudios de\" \/>\n\t<meta name=\"robots\" content=\"max-snippet:-1, max-image-preview:large, max-video-preview:-1\" \/>\n\t<meta name=\"author\" content=\"Gustavo Montenegro\"\/>\n\t<link rel=\"canonical\" href=\"https:\/\/soymigrante.com\/revista\/migrante-guatemalteca-apoya-a-compatriotas-en-tennessee\/\" \/>\n\t<meta name=\"generator\" content=\"All in One SEO Pro (AIOSEO) 4.9.6.2\" \/>\n\n\t\t<link rel=\"preconnect\" href=\"https:\/\/fonts.googleapis.com\" crossorigin>\n<link rel=\"preconnect\" href=\"https:\/\/fonts.gstatic.com\" crossorigin>\n\t\t<meta property=\"og:locale\" content=\"es_ES\" \/>\n\t\t<meta property=\"og:site_name\" content=\"SoyMigrante.com REVISTA \u2013 Nuestra misi\u00f3n es reconocer y dignificar al migrante.\" \/>\n\t\t<meta property=\"og:type\" content=\"article\" \/>\n\t\t<meta property=\"og:title\" content=\"Velvet Hern\u00e1ndez-Johnson triunfa en Tennessee y capacita a migrantes\" \/>\n\t\t<meta property=\"og:description\" content=\"Exitosa profesional guatemalteca Velvet Hern\u00e1ndez-Johnson labora en una compa\u00f1\u00eda de Georgia y vive en Tennessee, en donde impulsa programas educativos para migrantes Velvet Hern\u00e1ndez no pensaba quedarse a vivir en Estados Unidos cuando migr\u00f3 en 2005 para estudiar su Bachelor en Negocios y Mercadeo, en la Universidad Harding de Arkansas. Despu\u00e9s siguieron los estudios de\" \/>\n\t\t<meta property=\"og:url\" content=\"https:\/\/soymigrante.com\/revista\/migrante-guatemalteca-apoya-a-compatriotas-en-tennessee\/\" \/>\n\t\t<meta property=\"og:image\" content=\"https:\/\/soymigrante.com\/revista\/wp-content\/uploads\/2023\/06\/Migrante-guatemalteca-Velvet-Hernandez-Johnson-triunfa-como-profesional-en-Estados-Unidos-y-apoya-a-migrantes-hispanos-a-traves-de-voluntariados-2.webp\" \/>\n\t\t<meta property=\"og:image:secure_url\" content=\"https:\/\/soymigrante.com\/revista\/wp-content\/uploads\/2023\/06\/Migrante-guatemalteca-Velvet-Hernandez-Johnson-triunfa-como-profesional-en-Estados-Unidos-y-apoya-a-migrantes-hispanos-a-traves-de-voluntariados-2.webp\" \/>\n\t\t<meta property=\"og:image:width\" content=\"960\" \/>\n\t\t<meta property=\"og:image:height\" content=\"1280\" \/>\n\t\t<meta property=\"article:published_time\" content=\"2023-06-19T04:45:57+00:00\" \/>\n\t\t<meta property=\"article:modified_time\" content=\"2026-03-11T22:38:35+00:00\" \/>\n\t\t<meta property=\"article:publisher\" content=\"https:\/\/www.facebook.com\/soymigrantecom\" \/>\n\t\t<meta name=\"twitter:card\" content=\"summary_large_image\" \/>\n\t\t<meta name=\"twitter:site\" content=\"@SoyMigrante_com\" \/>\n\t\t<meta name=\"twitter:title\" content=\"Velvet Hern\u00e1ndez-Johnson triunfa en Tennessee y capacita a migrantes\" \/>\n\t\t<meta name=\"twitter:description\" content=\"Exitosa profesional guatemalteca Velvet Hern\u00e1ndez-Johnson labora en una compa\u00f1\u00eda de Georgia y vive en Tennessee, en donde impulsa programas educativos para migrantes Velvet Hern\u00e1ndez no pensaba quedarse a vivir en Estados Unidos cuando migr\u00f3 en 2005 para estudiar su Bachelor en Negocios y Mercadeo, en la Universidad Harding de Arkansas. Despu\u00e9s siguieron los estudios de\" \/>\n\t\t<meta name=\"twitter:creator\" content=\"@SoyMigrante_com\" \/>\n\t\t<meta name=\"twitter:image\" content=\"https:\/\/soymigrante.com\/revista\/wp-content\/uploads\/2023\/06\/Migrante-guatemalteca-Velvet-Hernandez-Johnson-triunfa-como-profesional-en-Estados-Unidos-y-apoya-a-migrantes-hispanos-a-traves-de-voluntariados-2.webp\" \/>\n\t\t<!-- All in One SEO Pro -->\r\n\t\t<title>Velvet Hern\u00e1ndez-Johnson triunfa en Tennessee y capacita a migrantes<\/title>\n\n","aioseo_head_json":{"title":"Velvet Hern\u00e1ndez-Johnson triunfa en Tennessee y capacita a migrantes","description":"Exitosa profesional guatemalteca Velvet Hern\u00e1ndez-Johnson labora en una compa\u00f1\u00eda de Georgia y vive en Tennessee, en donde impulsa programas educativos para migrantes Velvet Hern\u00e1ndez no pensaba quedarse a vivir en Estados Unidos cuando migr\u00f3 en 2005 para estudiar su Bachelor en Negocios y Mercadeo, en la Universidad Harding de Arkansas. Despu\u00e9s siguieron los estudios de","canonical_url":"https:\/\/soymigrante.com\/revista\/migrante-guatemalteca-apoya-a-compatriotas-en-tennessee\/","robots":"max-snippet:-1, max-image-preview:large, max-video-preview:-1","keywords":"","webmasterTools":{"miscellaneous":"&lt;link rel=\"preconnect\" href=\"https:\/\/fonts.googleapis.com\" crossorigin&gt;\n&lt;link rel=\"preconnect\" href=\"https:\/\/fonts.gstatic.com\" crossorigin&gt;"},"schema":null,"og:locale":"es_ES","og:site_name":"SoyMigrante.com REVISTA \u2013 Nuestra misi\u00f3n es reconocer y dignificar al migrante.","og:type":"article","og:title":"Velvet Hern\u00e1ndez-Johnson triunfa en Tennessee y capacita a migrantes","og:description":"Exitosa profesional guatemalteca Velvet Hern\u00e1ndez-Johnson labora en una compa\u00f1\u00eda de Georgia y vive en Tennessee, en donde impulsa programas educativos para migrantes Velvet Hern\u00e1ndez no pensaba quedarse a vivir en Estados Unidos cuando migr\u00f3 en 2005 para estudiar su Bachelor en Negocios y Mercadeo, en la Universidad Harding de Arkansas. Despu\u00e9s siguieron los estudios de","og:url":"https:\/\/soymigrante.com\/revista\/migrante-guatemalteca-apoya-a-compatriotas-en-tennessee\/","og:image":"https:\/\/soymigrante.com\/revista\/wp-content\/uploads\/2023\/06\/Migrante-guatemalteca-Velvet-Hernandez-Johnson-triunfa-como-profesional-en-Estados-Unidos-y-apoya-a-migrantes-hispanos-a-traves-de-voluntariados-2.webp","og:image:secure_url":"https:\/\/soymigrante.com\/revista\/wp-content\/uploads\/2023\/06\/Migrante-guatemalteca-Velvet-Hernandez-Johnson-triunfa-como-profesional-en-Estados-Unidos-y-apoya-a-migrantes-hispanos-a-traves-de-voluntariados-2.webp","og:image:width":960,"og:image:height":1280,"article:published_time":"2023-06-19T04:45:57+00:00","article:modified_time":"2026-03-11T22:38:35+00:00","article:publisher":"https:\/\/www.facebook.com\/soymigrantecom","twitter:card":"summary_large_image","twitter:site":"@SoyMigrante_com","twitter:title":"Velvet Hern\u00e1ndez-Johnson triunfa en Tennessee y capacita a migrantes","twitter:description":"Exitosa profesional guatemalteca Velvet Hern\u00e1ndez-Johnson labora en una compa\u00f1\u00eda de Georgia y vive en Tennessee, en donde impulsa programas educativos para migrantes Velvet Hern\u00e1ndez no pensaba quedarse a vivir en Estados Unidos cuando migr\u00f3 en 2005 para estudiar su Bachelor en Negocios y Mercadeo, en la Universidad Harding de Arkansas. Despu\u00e9s siguieron los estudios de","twitter:creator":"@SoyMigrante_com","twitter:image":"https:\/\/soymigrante.com\/revista\/wp-content\/uploads\/2023\/06\/Migrante-guatemalteca-Velvet-Hernandez-Johnson-triunfa-como-profesional-en-Estados-Unidos-y-apoya-a-migrantes-hispanos-a-traves-de-voluntariados-2.webp"},"aioseo_meta_data":{"post_id":"32189","title":"Migrantes guatemalteco brindan festejo a ni\u00f1as de un hogar","description":"Un sencillo aporte de migrantes guatemaltecos en Texas trasciende en sonrisas para 19 ni\u00f1as albergadas en hogar Ni\u00f1o de la Demanda.","keywords":null,"keyphrases":{"focus":{"keyphrase":"guatemaltecos","score":60,"analysis":{"keyphraseInTitle":{"score":3,"maxScore":9,"error":1},"keyphraseInDescription":{"score":9,"maxScore":9,"error":0},"keyphraseLength":{"score":9,"maxScore":9,"error":0,"length":1},"keyphraseInURL":{"score":5,"maxScore":5,"error":0},"keyphraseInIntroduction":{"score":3,"maxScore":9,"error":1},"keyphraseInSubHeadings":{"score":3,"maxScore":9,"error":1},"keyphraseInImageAlt":{"score":9,"maxScore":9,"error":0},"keywordDensity":{"score":0,"type":"low","maxScore":9,"error":1}}},"additional":[{"keyphrase":"guatemaltecos","score":67,"analysis":{"keyphraseInDescription":{"score":9,"maxScore":9,"error":0},"keyphraseLength":{"score":9,"maxScore":9,"error":0,"length":1},"keyphraseInIntroduction":{"score":3,"maxScore":9,"error":1},"keyphraseInImageAlt":{"score":9,"maxScore":9,"error":0},"keywordDensity":{"score":0,"type":"low","maxScore":9,"error":1}}}]},"primary_term":null,"canonical_url":null,"og_title":null,"og_description":null,"og_object_type":"default","og_image_type":"default","og_image_url":null,"og_image_width":null,"og_image_height":null,"og_image_custom_url":null,"og_image_custom_fields":null,"og_video":"","og_custom_url":null,"og_article_section":null,"og_article_tags":null,"twitter_use_og":false,"twitter_card":"default","twitter_image_type":"default","twitter_image_url":null,"twitter_image_custom_url":null,"twitter_image_custom_fields":null,"twitter_title":null,"twitter_description":null,"schema":{"blockGraphs":[],"customGraphs":[],"default":{"data":{"Article":[],"Course":[],"Dataset":[],"FAQPage":[],"Movie":[],"Person":[],"Product":[],"ProductReview":[],"Car":[],"Recipe":[],"Service":[],"SoftwareApplication":[],"WebPage":[]},"graphName":"none","isEnabled":true},"graphs":[]},"schema_type":"default","schema_type_options":null,"pillar_content":false,"robots_default":true,"robots_noindex":false,"robots_noarchive":false,"robots_nosnippet":false,"robots_nofollow":false,"robots_noimageindex":false,"robots_noodp":false,"robots_notranslate":false,"robots_max_snippet":"-1","robots_max_videopreview":"-1","robots_max_imagepreview":"large","priority":null,"frequency":"default","local_seo":null,"seo_analyzer_scan_date":"2025-10-09 04:46:20","breadcrumb_settings":null,"limit_modified_date":false,"reviewed_by":null,"open_ai":"{\"title\":{\"suggestions\":[],\"usage\":0},\"description\":{\"suggestions\":[],\"usage\":0}}","ai":null,"created":"2025-04-30 16:48:53","updated":"2026-02-04 23:25:25"},"aioseo_breadcrumb":"<div class=\"aioseo-breadcrumbs\"><span class=\"aioseo-breadcrumb\">\n\t<a href=\"https:\/\/soymigrante.com\/revista\" title=\"Home\">Home<\/a>\n<\/span><span class=\"aioseo-breadcrumb-separator\">\u00bb<\/span><span class=\"aioseo-breadcrumb\">\n\t<a href=\"https:\/\/soymigrante.com\/revista\/category\/estamos-unidos\/\" title=\"Estamos Unidos\">Estamos Unidos<\/a>\n<\/span><span class=\"aioseo-breadcrumb-separator\">\u00bb<\/span><span class=\"aioseo-breadcrumb\">\n\tMigrantes guatemaltecos brindan tarde de alegr\u00eda para ni\u00f1as de hogar\n<\/span><\/div>","aioseo_breadcrumb_json":[{"label":"Home","link":"https:\/\/soymigrante.com\/revista"},{"label":"Estamos Unidos","link":"https:\/\/soymigrante.com\/revista\/category\/estamos-unidos\/"},{"label":"Migrantes guatemaltecos brindan tarde de alegr\u00eda para ni\u00f1as de hogar","link":"https:\/\/soymigrante.com\/revista\/migrantes-guatemaltecos-brindan-tarde-de-alegria-para-ninas-de-hogar\/"}],"_links":{"self":[{"href":"https:\/\/soymigrante.com\/revista\/wp-json\/wp\/v2\/posts\/32189","targetHints":{"allow":["GET"]}}],"collection":[{"href":"https:\/\/soymigrante.com\/revista\/wp-json\/wp\/v2\/posts"}],"about":[{"href":"https:\/\/soymigrante.com\/revista\/wp-json\/wp\/v2\/types\/post"}],"author":[{"embeddable":true,"href":"https:\/\/soymigrante.com\/revista\/wp-json\/wp\/v2\/users\/19"}],"replies":[{"embeddable":true,"href":"https:\/\/soymigrante.com\/revista\/wp-json\/wp\/v2\/comments?post=32189"}],"version-history":[{"count":23,"href":"https:\/\/soymigrante.com\/revista\/wp-json\/wp\/v2\/posts\/32189\/revisions"}],"predecessor-version":[{"id":32366,"href":"https:\/\/soymigrante.com\/revista\/wp-json\/wp\/v2\/posts\/32189\/revisions\/32366"}],"wp:featuredmedia":[{"embeddable":true,"href":"https:\/\/soymigrante.com\/revista\/wp-json\/wp\/v2\/media\/32190"}],"wp:attachment":[{"href":"https:\/\/soymigrante.com\/revista\/wp-json\/wp\/v2\/media?parent=32189"}],"wp:term":[{"taxonomy":"category","embeddable":true,"href":"https:\/\/soymigrante.com\/revista\/wp-json\/wp\/v2\/categories?post=32189"},{"taxonomy":"post_tag","embeddable":true,"href":"https:\/\/soymigrante.com\/revista\/wp-json\/wp\/v2\/tags?post=32189"}],"curies":[{"name":"wp","href":"https:\/\/api.w.org\/{rel}","templated":true}]}}