{"id":32164,"date":"2025-05-07T08:10:42","date_gmt":"2025-05-07T14:10:42","guid":{"rendered":"https:\/\/soymigrante.com\/revista\/?p=32164"},"modified":"2025-09-17T08:32:19","modified_gmt":"2025-09-17T14:32:19","slug":"frases-poderosas-para-expresar-carino-y-transmitir-paz-a-mama","status":"publish","type":"post","link":"https:\/\/soymigrante.com\/revista\/frases-poderosas-para-expresar-carino-y-transmitir-paz-a-mama\/","title":{"rendered":"Frases poderosas para expresar cari\u00f1o y transmitir paz a mam\u00e1"},"content":{"rendered":"\t\t<div data-elementor-type=\"wp-post\" data-elementor-id=\"32164\" class=\"elementor elementor-32164\" data-elementor-post-type=\"post\">\n\t\t\t\t<div data-particle_enable=\"false\" data-particle-mobile-disabled=\"false\" class=\"elementor-element elementor-element-b8033c6 e-flex e-con-boxed e-con e-parent\" data-id=\"b8033c6\" data-element_type=\"container\" data-e-type=\"container\">\n\t\t\t\t\t<div class=\"e-con-inner\">\n\t\t\t\t<div class=\"elementor-element elementor-element-aa41fc9 elementor-widget elementor-widget-heading\" data-id=\"aa41fc9\" data-element_type=\"widget\" data-e-type=\"widget\" data-widget_type=\"heading.default\">\n\t\t\t\t\t<h2 class=\"elementor-heading-title elementor-size-default\">Decirle algunas frases a mam\u00e1, a veces es m\u00e1s importante que un regalo, hazla sentir orgullosa. <\/h2>\t\t\t\t<\/div>\n\t\t\t\t\t<\/div>\n\t\t\t\t<\/div>\n\t\t<div data-particle_enable=\"false\" data-particle-mobile-disabled=\"false\" class=\"elementor-element elementor-element-c8a2af7 e-flex e-con-boxed e-con e-parent\" data-id=\"c8a2af7\" data-element_type=\"container\" data-e-type=\"container\">\n\t\t\t\t\t<div class=\"e-con-inner\">\n\t\t\t\t<div class=\"elementor-element elementor-element-bd0cba3 elementor-widget elementor-widget-text-editor\" data-id=\"bd0cba3\" data-element_type=\"widget\" data-e-type=\"widget\" data-widget_type=\"text-editor.default\">\n\t\t\t\t\t\t\t\t\t<p><a href=\"https:\/\/soymigrante.com\/revista\/poema-dia-de-la-madre-migrante-ausente-poeta-momosteco\/\" target=\"_blank\" rel=\"noopener\">Cada 10 de mayo en Guatemala y el segundo domingo de mayo en muchos pa\u00edses latinoamericanos, el D\u00eda de la Madre<\/a> se convierte en un momento especial para celebrar a esa figura fundamental que, con amor y sacrificio, forma el car\u00e1cter de sus hijos.<\/p><p>Si bien los regalos son una tradici\u00f3n com\u00fan, hay algo que muchas madres valoran incluso m\u00e1s: las palabras sinceras de sus hijos.<\/p><p>Decir lo correcto puede tocar el coraz\u00f3n de mam\u00e1 y recordarle que su esfuerzo ha valido la pena. Aqu\u00ed te presentamos algunas frases que no solo emocionan, <a href=\"https:\/\/soymigrante.com\/revista\/poema-dia-de-la-madre-migrante-ausente-poeta-momosteco\/\" target=\"_blank\" rel=\"noopener\">sino que tambi\u00e9n hacen que cualquier madre se sienta profundamente orgullosa.<\/a><\/p>\t\t\t\t\t\t\t\t<\/div>\n\t\t\t\t\t<\/div>\n\t\t\t\t<\/div>\n\t\t<div data-particle_enable=\"false\" data-particle-mobile-disabled=\"false\" class=\"elementor-element elementor-element-666af4e e-flex e-con-boxed e-con e-parent\" data-id=\"666af4e\" data-element_type=\"container\" data-e-type=\"container\">\n\t\t\t\t\t<div class=\"e-con-inner\">\n\t\t\t\t<div class=\"elementor-element elementor-element-c7c2435 elementor-widget elementor-widget-image\" data-id=\"c7c2435\" data-element_type=\"widget\" data-e-type=\"widget\" data-widget_type=\"image.default\">\n\t\t\t\t\t\t\t\t\t\t\t\t<figure class=\"wp-caption\">\n\t\t\t\t\t\t\t\t\t\t<img fetchpriority=\"high\" decoding=\"async\" width=\"1024\" height=\"682\" src=\"https:\/\/soymigrante.com\/revista\/wp-content\/uploads\/2025\/04\/Frases-que-hacen-sentir-orgullosa-a-mama2-1024x682.jpeg\" class=\"attachment-large size-large wp-image-32167\" alt=\"Madre e hijo disfrutando de un momento especial y lleno de amor en un parque, resaltando la importancia de la familia, la felicidad y el cari\u00f1o en la vida cotidiana. Frases que hacen sentir orgullosa a mam\u00e12\" srcset=\"https:\/\/soymigrante.com\/revista\/wp-content\/uploads\/2025\/04\/Frases-que-hacen-sentir-orgullosa-a-mama2-1024x682.jpeg 1024w, https:\/\/soymigrante.com\/revista\/wp-content\/uploads\/2025\/04\/Frases-que-hacen-sentir-orgullosa-a-mama2-300x200.jpeg 300w, https:\/\/soymigrante.com\/revista\/wp-content\/uploads\/2025\/04\/Frases-que-hacen-sentir-orgullosa-a-mama2-768x512.jpeg 768w, https:\/\/soymigrante.com\/revista\/wp-content\/uploads\/2025\/04\/Frases-que-hacen-sentir-orgullosa-a-mama2-1536x1023.jpeg 1536w, https:\/\/soymigrante.com\/revista\/wp-content\/uploads\/2025\/04\/Frases-que-hacen-sentir-orgullosa-a-mama2-750x500.jpeg 750w, https:\/\/soymigrante.com\/revista\/wp-content\/uploads\/2025\/04\/Frases-que-hacen-sentir-orgullosa-a-mama2-1140x760.jpeg 1140w, https:\/\/soymigrante.com\/revista\/wp-content\/uploads\/2025\/04\/Frases-que-hacen-sentir-orgullosa-a-mama2.webp 1600w\" sizes=\"(max-width: 1024px) 100vw, 1024px\" title=\"Frases que hacen sentir orgullosa a mam\u00e12 \u2013 SoyMigrante.com REVISTA\" \/>\t\t\t\t\t\t\t\t\t\t\t<figcaption class=\"widget-image-caption wp-caption-text\">Un momento emotivo entre madre e hijo que refleja amor, esperanza y cultura migrante en la revista SoyMigrante.com, promoviendo la conexi\u00f3n y la resiliencia de las familias migrantes. <\/figcaption>\n\t\t\t\t\t\t\t\t\t\t<\/figure>\n\t\t\t\t\t\t\t\t\t<\/div>\n\t\t\t\t\t<\/div>\n\t\t\t\t<\/div>\n\t\t<div data-particle_enable=\"false\" data-particle-mobile-disabled=\"false\" class=\"elementor-element elementor-element-80ba98a e-flex e-con-boxed e-con e-parent\" data-id=\"80ba98a\" data-element_type=\"container\" data-e-type=\"container\">\n\t\t\t\t\t<div class=\"e-con-inner\">\n\t\t\t\t<div class=\"elementor-element elementor-element-0aa0a9e elementor-widget elementor-widget-heading\" data-id=\"0aa0a9e\" data-element_type=\"widget\" data-e-type=\"widget\" data-widget_type=\"heading.default\">\n\t\t\t\t\t<h3 class=\"elementor-heading-title elementor-size-default\">1. \u201cGracias por todo lo que hiciste por m\u00ed\u201d<\/h3>\t\t\t\t<\/div>\n\t\t\t\t\t<\/div>\n\t\t\t\t<\/div>\n\t\t<div data-particle_enable=\"false\" data-particle-mobile-disabled=\"false\" class=\"elementor-element elementor-element-f142d63 e-flex e-con-boxed e-con e-parent\" data-id=\"f142d63\" data-element_type=\"container\" data-e-type=\"container\">\n\t\t\t\t\t<div class=\"e-con-inner\">\n\t\t\t\t<div class=\"elementor-element elementor-element-786f8e5 elementor-widget elementor-widget-text-editor\" data-id=\"786f8e5\" data-element_type=\"widget\" data-e-type=\"widget\" data-widget_type=\"text-editor.default\">\n\t\t\t\t\t\t\t\t\t<p>El simple hecho de reconocer el esfuerzo que hizo una madre para criar, educar o cuidar deja una huella profunda. Es una forma de honrar su entrega diaria.<\/p>\t\t\t\t\t\t\t\t<\/div>\n\t\t\t\t\t<\/div>\n\t\t\t\t<\/div>\n\t\t<div data-particle_enable=\"false\" data-particle-mobile-disabled=\"false\" class=\"elementor-element elementor-element-fcce27a e-flex e-con-boxed e-con e-parent\" data-id=\"fcce27a\" data-element_type=\"container\" data-e-type=\"container\">\n\t\t\t\t\t<div class=\"e-con-inner\">\n\t\t\t\t<div class=\"elementor-element elementor-element-626d4cd elementor-widget elementor-widget-heading\" data-id=\"626d4cd\" data-element_type=\"widget\" data-e-type=\"widget\" data-widget_type=\"heading.default\">\n\t\t\t\t\t<h3 class=\"elementor-heading-title elementor-size-default\">2. \u201cHoy soy quien, soy gracias a ti\u201d<\/h3>\t\t\t\t<\/div>\n\t\t\t\t\t<\/div>\n\t\t\t\t<\/div>\n\t\t<div data-particle_enable=\"false\" data-particle-mobile-disabled=\"false\" class=\"elementor-element elementor-element-b6ba7b0 e-flex e-con-boxed e-con e-parent\" data-id=\"b6ba7b0\" data-element_type=\"container\" data-e-type=\"container\">\n\t\t\t\t\t<div class=\"e-con-inner\">\n\t\t\t\t<div class=\"elementor-element elementor-element-4423301 elementor-widget elementor-widget-text-editor\" data-id=\"4423301\" data-element_type=\"widget\" data-e-type=\"widget\" data-widget_type=\"text-editor.default\">\n\t\t\t\t\t\t\t\t\t<p>Cuando un hijo atribuye sus logros, valores o car\u00e1cter a su madre, ella se siente validada en su rol. Esta frase encierra orgullo y reconocimiento.<\/p>\t\t\t\t\t\t\t\t<\/div>\n\t\t\t\t\t<\/div>\n\t\t\t\t<\/div>\n\t\t<div data-particle_enable=\"false\" data-particle-mobile-disabled=\"false\" class=\"elementor-element elementor-element-bd29479 e-flex e-con-boxed e-con e-parent\" data-id=\"bd29479\" data-element_type=\"container\" data-e-type=\"container\">\n\t\t\t\t\t<div class=\"e-con-inner\">\n\t\t\t\t<div class=\"elementor-element elementor-element-980a458 elementor-widget elementor-widget-heading\" data-id=\"980a458\" data-element_type=\"widget\" data-e-type=\"widget\" data-widget_type=\"heading.default\">\n\t\t\t\t\t<h3 class=\"elementor-heading-title elementor-size-default\">3. \u201cTe admiro\u201d<\/h3>\t\t\t\t<\/div>\n\t\t\t\t\t<\/div>\n\t\t\t\t<\/div>\n\t\t<div data-particle_enable=\"false\" data-particle-mobile-disabled=\"false\" class=\"elementor-element elementor-element-cb3c62e e-flex e-con-boxed e-con e-parent\" data-id=\"cb3c62e\" data-element_type=\"container\" data-e-type=\"container\">\n\t\t\t\t\t<div class=\"e-con-inner\">\n\t\t\t\t<div class=\"elementor-element elementor-element-b10f04b elementor-widget elementor-widget-text-editor\" data-id=\"b10f04b\" data-element_type=\"widget\" data-e-type=\"widget\" data-widget_type=\"text-editor.default\">\n\t\t\t\t\t\t\t\t\t<p><a href=\"https:\/\/soymigrante.com\/revista\/poema-dia-de-la-madre-migrante-ausente-poeta-momosteco\/\" target=\"_blank\" rel=\"noopener\">No todas las madres se sienten vistas en su totalidad.<\/a> Decirle que se le admira por su fuerza, su paciencia o por nunca rendirse puede elevar su autoestima y fortalecer el v\u00ednculo.<\/p>\t\t\t\t\t\t\t\t<\/div>\n\t\t\t\t\t<\/div>\n\t\t\t\t<\/div>\n\t\t<div data-particle_enable=\"false\" data-particle-mobile-disabled=\"false\" class=\"elementor-element elementor-element-2df22e6 e-flex e-con-boxed e-con e-parent\" data-id=\"2df22e6\" data-element_type=\"container\" data-e-type=\"container\">\n\t\t\t\t\t<div class=\"e-con-inner\">\n\t\t\t\t<div class=\"elementor-element elementor-element-3a0f689 elementor-widget elementor-widget-heading\" data-id=\"3a0f689\" data-element_type=\"widget\" data-e-type=\"widget\" data-widget_type=\"heading.default\">\n\t\t\t\t\t<h3 class=\"elementor-heading-title elementor-size-default\">4. \u201cTodo lo que aprend\u00ed de ti me acompa\u00f1a\u201d<\/h3>\t\t\t\t<\/div>\n\t\t\t\t\t<\/div>\n\t\t\t\t<\/div>\n\t\t<div data-particle_enable=\"false\" data-particle-mobile-disabled=\"false\" class=\"elementor-element elementor-element-84ca151 e-flex e-con-boxed e-con e-parent\" data-id=\"84ca151\" data-element_type=\"container\" data-e-type=\"container\">\n\t\t\t\t\t<div class=\"e-con-inner\">\n\t\t\t\t<div class=\"elementor-element elementor-element-b67b60d elementor-widget elementor-widget-text-editor\" data-id=\"b67b60d\" data-element_type=\"widget\" data-e-type=\"widget\" data-widget_type=\"text-editor.default\">\n\t\t\t\t\t\t\t\t\t<p>Una madre se siente realizada cuando sabe que sus ense\u00f1anzas no fueron en vano. Esta frase le dice que sus valores contin\u00faan presentes en la vida de sus hijos.<\/p>\t\t\t\t\t\t\t\t<\/div>\n\t\t\t\t\t<\/div>\n\t\t\t\t<\/div>\n\t\t<div data-particle_enable=\"false\" data-particle-mobile-disabled=\"false\" class=\"elementor-element elementor-element-76792d7 e-flex e-con-boxed e-con e-parent\" data-id=\"76792d7\" data-element_type=\"container\" data-e-type=\"container\">\n\t\t\t\t\t<div class=\"e-con-inner\">\n\t\t\t\t<div class=\"elementor-element elementor-element-76c380f elementor-widget elementor-widget-heading\" data-id=\"76c380f\" data-element_type=\"widget\" data-e-type=\"widget\" data-widget_type=\"heading.default\">\n\t\t\t\t\t<h3 class=\"elementor-heading-title elementor-size-default\">5. \u201cEstoy bien, no te preocupes\u201d<\/h3>\t\t\t\t<\/div>\n\t\t\t\t\t<\/div>\n\t\t\t\t<\/div>\n\t\t<div data-particle_enable=\"false\" data-particle-mobile-disabled=\"false\" class=\"elementor-element elementor-element-5467e15 e-flex e-con-boxed e-con e-parent\" data-id=\"5467e15\" data-element_type=\"container\" data-e-type=\"container\">\n\t\t\t\t\t<div class=\"e-con-inner\">\n\t\t\t\t<div class=\"elementor-element elementor-element-56989e1 elementor-widget elementor-widget-text-editor\" data-id=\"56989e1\" data-element_type=\"widget\" data-e-type=\"widget\" data-widget_type=\"text-editor.default\">\n\t\t\t\t\t\t\t\t\t<p>Una de las mayores preocupaciones de cualquier madre es saber si su hijo est\u00e1 bien. Esta afirmaci\u00f3n, especialmente en hijos adultos, les da paz y orgullo.<\/p>\t\t\t\t\t\t\t\t<\/div>\n\t\t\t\t\t<\/div>\n\t\t\t\t<\/div>\n\t\t<div data-particle_enable=\"false\" data-particle-mobile-disabled=\"false\" class=\"elementor-element elementor-element-d1ec12e e-flex e-con-boxed e-con e-parent\" data-id=\"d1ec12e\" data-element_type=\"container\" data-e-type=\"container\">\n\t\t\t\t\t<div class=\"e-con-inner\">\n\t\t\t\t<div class=\"elementor-element elementor-element-e70b6ef elementor-widget elementor-widget-image\" data-id=\"e70b6ef\" data-element_type=\"widget\" data-e-type=\"widget\" data-widget_type=\"image.default\">\n\t\t\t\t\t\t\t\t\t\t\t\t<figure class=\"wp-caption\">\n\t\t\t\t\t\t\t\t\t\t<img decoding=\"async\" width=\"1024\" height=\"643\" src=\"https:\/\/soymigrante.com\/revista\/wp-content\/uploads\/2025\/04\/Frases-que-hacen-sentir-orgullosa-a-mama3-1024x643.jpeg\" class=\"attachment-large size-large wp-image-32168\" alt=\"Una mujer y un ni\u00f1o felices en un entorno verde, representando la alegr\u00eda, la uni\u00f3n familiar. Frases que hacen sentir orgullosa a mam\u00e1\" srcset=\"https:\/\/soymigrante.com\/revista\/wp-content\/uploads\/2025\/04\/Frases-que-hacen-sentir-orgullosa-a-mama3-1024x643.jpeg 1024w, https:\/\/soymigrante.com\/revista\/wp-content\/uploads\/2025\/04\/Frases-que-hacen-sentir-orgullosa-a-mama3-300x188.jpeg 300w, https:\/\/soymigrante.com\/revista\/wp-content\/uploads\/2025\/04\/Frases-que-hacen-sentir-orgullosa-a-mama3-768x482.jpeg 768w, https:\/\/soymigrante.com\/revista\/wp-content\/uploads\/2025\/04\/Frases-que-hacen-sentir-orgullosa-a-mama3-1536x965.jpeg 1536w, https:\/\/soymigrante.com\/revista\/wp-content\/uploads\/2025\/04\/Frases-que-hacen-sentir-orgullosa-a-mama3-750x471.webp 750w, https:\/\/soymigrante.com\/revista\/wp-content\/uploads\/2025\/04\/Frases-que-hacen-sentir-orgullosa-a-mama3-1140x716.webp 1140w, https:\/\/soymigrante.com\/revista\/wp-content\/uploads\/2025\/04\/Frases-que-hacen-sentir-orgullosa-a-mama3.webp 1600w\" sizes=\"(max-width: 1024px) 100vw, 1024px\" title=\"Frases que hacen sentir orgullosa a mam\u00e13 \u2013 SoyMigrante.com REVISTA\" \/>\t\t\t\t\t\t\t\t\t\t\t<figcaption class=\"widget-image-caption wp-caption-text\">Una mujer y un ni\u00f1o felices en un entorno verde, representando la alegr\u00eda, la uni\u00f3n familiar. Frases que hacen sentir orgullosa a mam\u00e1<\/figcaption>\n\t\t\t\t\t\t\t\t\t\t<\/figure>\n\t\t\t\t\t\t\t\t\t<\/div>\n\t\t\t\t\t<\/div>\n\t\t\t\t<\/div>\n\t\t<div data-particle_enable=\"false\" data-particle-mobile-disabled=\"false\" class=\"elementor-element elementor-element-8e6f037 e-flex e-con-boxed e-con e-parent\" data-id=\"8e6f037\" data-element_type=\"container\" data-e-type=\"container\">\n\t\t\t\t\t<div class=\"e-con-inner\">\n\t\t\t\t<div class=\"elementor-element elementor-element-38dc37f elementor-widget elementor-widget-heading\" data-id=\"38dc37f\" data-element_type=\"widget\" data-e-type=\"widget\" data-widget_type=\"heading.default\">\n\t\t\t\t\t<h3 class=\"elementor-heading-title elementor-size-default\">6. \u201cSiempre te tengo presente\u201d<\/h3>\t\t\t\t<\/div>\n\t\t\t\t\t<\/div>\n\t\t\t\t<\/div>\n\t\t<div data-particle_enable=\"false\" data-particle-mobile-disabled=\"false\" class=\"elementor-element elementor-element-98656d9 e-flex e-con-boxed e-con e-parent\" data-id=\"98656d9\" data-element_type=\"container\" data-e-type=\"container\">\n\t\t\t\t\t<div class=\"e-con-inner\">\n\t\t\t\t<div class=\"elementor-element elementor-element-f6f5e48 elementor-widget elementor-widget-text-editor\" data-id=\"f6f5e48\" data-element_type=\"widget\" data-e-type=\"widget\" data-widget_type=\"text-editor.default\">\n\t\t\t\t\t\t\t\t\t<p><a href=\"https:\/\/soymigrante.com\/revista\/poema-dia-de-la-madre-migrante-ausente-poeta-momosteco\/\" target=\"_blank\" rel=\"noopener\">Recordarle que sigue siendo parte del d\u00eda a d\u00eda,<\/a> aunque ya no vivan juntos, es una manera de agradecerle su lugar permanente en el coraz\u00f3n.<\/p>\t\t\t\t\t\t\t\t<\/div>\n\t\t\t\t\t<\/div>\n\t\t\t\t<\/div>\n\t\t<div data-particle_enable=\"false\" data-particle-mobile-disabled=\"false\" class=\"elementor-element elementor-element-ea64115 e-flex e-con-boxed e-con e-parent\" data-id=\"ea64115\" data-element_type=\"container\" data-e-type=\"container\">\n\t\t\t\t\t<div class=\"e-con-inner\">\n\t\t\t\t<div class=\"elementor-element elementor-element-cf59022 elementor-widget elementor-widget-heading\" data-id=\"cf59022\" data-element_type=\"widget\" data-e-type=\"widget\" data-widget_type=\"heading.default\">\n\t\t\t\t\t<h3 class=\"elementor-heading-title elementor-size-default\">7. \u201cEstoy haciendo lo que me ense\u00f1aste: ser fuerte\u201d<\/h3>\t\t\t\t<\/div>\n\t\t\t\t\t<\/div>\n\t\t\t\t<\/div>\n\t\t<div data-particle_enable=\"false\" data-particle-mobile-disabled=\"false\" class=\"elementor-element elementor-element-1c0efd4 e-flex e-con-boxed e-con e-parent\" data-id=\"1c0efd4\" data-element_type=\"container\" data-e-type=\"container\">\n\t\t\t\t\t<div class=\"e-con-inner\">\n\t\t\t\t<div class=\"elementor-element elementor-element-fd3c00d elementor-widget elementor-widget-text-editor\" data-id=\"fd3c00d\" data-element_type=\"widget\" data-e-type=\"widget\" data-widget_type=\"text-editor.default\">\n\t\t\t\t\t\t\t\t\t<p>Las madres se sienten orgullosas cuando sus hijos superan dificultades. Saber que sus consejos o ejemplo les dio fortaleza es una enorme recompensa.<\/p>\t\t\t\t\t\t\t\t<\/div>\n\t\t\t\t\t<\/div>\n\t\t\t\t<\/div>\n\t\t<div data-particle_enable=\"false\" data-particle-mobile-disabled=\"false\" class=\"elementor-element elementor-element-f3ca50d e-flex e-con-boxed e-con e-parent\" data-id=\"f3ca50d\" data-element_type=\"container\" data-e-type=\"container\">\n\t\t\t\t\t<div class=\"e-con-inner\">\n\t\t\t\t<div class=\"elementor-element elementor-element-cdf16f7 elementor-widget elementor-widget-heading\" data-id=\"cdf16f7\" data-element_type=\"widget\" data-e-type=\"widget\" data-widget_type=\"heading.default\">\n\t\t\t\t\t<h3 class=\"elementor-heading-title elementor-size-default\">8. \u201cQuiero que mis hijos tengan una madre como t\u00fa\u201d<\/h3>\t\t\t\t<\/div>\n\t\t\t\t\t<\/div>\n\t\t\t\t<\/div>\n\t\t<div data-particle_enable=\"false\" data-particle-mobile-disabled=\"false\" class=\"elementor-element elementor-element-cd81068 e-flex e-con-boxed e-con e-parent\" data-id=\"cd81068\" data-element_type=\"container\" data-e-type=\"container\">\n\t\t\t\t\t<div class=\"e-con-inner\">\n\t\t\t\t<div class=\"elementor-element elementor-element-47514c0 elementor-widget elementor-widget-text-editor\" data-id=\"47514c0\" data-element_type=\"widget\" data-e-type=\"widget\" data-widget_type=\"text-editor.default\">\n\t\t\t\t\t\t\t\t\t<p><a href=\"https:\/\/soymigrante.com\/revista\/poema-dia-de-la-madre-migrante-ausente-poeta-momosteco\/\" target=\"_blank\" rel=\"noopener\">Dec\u00edrselo es asegurarle que su rol fue ejemplar y digno de imitar<\/a>. Esta frase honra a la madre y proyecta su influencia hacia nuevas generaciones.<\/p>\t\t\t\t\t\t\t\t<\/div>\n\t\t\t\t\t<\/div>\n\t\t\t\t<\/div>\n\t\t<div data-particle_enable=\"false\" data-particle-mobile-disabled=\"false\" class=\"elementor-element elementor-element-e369787 e-flex e-con-boxed e-con e-parent\" data-id=\"e369787\" data-element_type=\"container\" data-e-type=\"container\">\n\t\t\t\t\t<div class=\"e-con-inner\">\n\t\t\t\t<div class=\"elementor-element elementor-element-90af6d7 elementor-widget elementor-widget-heading\" data-id=\"90af6d7\" data-element_type=\"widget\" data-e-type=\"widget\" data-widget_type=\"heading.default\">\n\t\t\t\t\t<h3 class=\"elementor-heading-title elementor-size-default\">9. \u201cPerd\u00f3n por cuando no lo entend\u00ed antes\u201d<\/h3>\t\t\t\t<\/div>\n\t\t\t\t\t<\/div>\n\t\t\t\t<\/div>\n\t\t<div data-particle_enable=\"false\" data-particle-mobile-disabled=\"false\" class=\"elementor-element elementor-element-c472059 e-flex e-con-boxed e-con e-parent\" data-id=\"c472059\" data-element_type=\"container\" data-e-type=\"container\">\n\t\t\t\t\t<div class=\"e-con-inner\">\n\t\t\t\t<div class=\"elementor-element elementor-element-fd7f5b7 elementor-widget elementor-widget-text-editor\" data-id=\"fd7f5b7\" data-element_type=\"widget\" data-e-type=\"widget\" data-widget_type=\"text-editor.default\">\n\t\t\t\t\t\t\t\t\t<p>Reconocer errores o desacuerdos del pasado tambi\u00e9n es una forma de madurez que muchas madres valoran. Pedir perd\u00f3n puede sanar y fortalecer la relaci\u00f3n.<\/p>\t\t\t\t\t\t\t\t<\/div>\n\t\t\t\t\t<\/div>\n\t\t\t\t<\/div>\n\t\t<div data-particle_enable=\"false\" data-particle-mobile-disabled=\"false\" class=\"elementor-element elementor-element-afa729e e-flex e-con-boxed e-con e-parent\" data-id=\"afa729e\" data-element_type=\"container\" data-e-type=\"container\">\n\t\t\t\t\t<div class=\"e-con-inner\">\n\t\t\t\t<div class=\"elementor-element elementor-element-72b0dbc elementor-widget elementor-widget-heading\" data-id=\"72b0dbc\" data-element_type=\"widget\" data-e-type=\"widget\" data-widget_type=\"heading.default\">\n\t\t\t\t\t<h3 class=\"elementor-heading-title elementor-size-default\">10. \u201cTe quiero con todo mi coraz\u00f3n\u201d<\/h3>\t\t\t\t<\/div>\n\t\t\t\t\t<\/div>\n\t\t\t\t<\/div>\n\t\t<div data-particle_enable=\"false\" data-particle-mobile-disabled=\"false\" class=\"elementor-element elementor-element-4c220e9 e-flex e-con-boxed e-con e-parent\" data-id=\"4c220e9\" data-element_type=\"container\" data-e-type=\"container\">\n\t\t\t\t\t<div class=\"e-con-inner\">\n\t\t\t\t<div class=\"elementor-element elementor-element-b3e5ef4 elementor-widget elementor-widget-text-editor\" data-id=\"b3e5ef4\" data-element_type=\"widget\" data-e-type=\"widget\" data-widget_type=\"text-editor.default\">\n\t\t\t\t\t\t\t\t\t<p>Nada m\u00e1s poderoso que el amor expresado sin rodeos. A veces, lo m\u00e1s simple y honesto es tambi\u00e9n lo m\u00e1s profundo.<\/p>\t\t\t\t\t\t\t\t<\/div>\n\t\t\t\t\t<\/div>\n\t\t\t\t<\/div>\n\t\t<div data-particle_enable=\"false\" data-particle-mobile-disabled=\"false\" class=\"elementor-element elementor-element-21dc873 e-flex e-con-boxed e-con e-parent\" data-id=\"21dc873\" data-element_type=\"container\" data-e-type=\"container\">\n\t\t\t\t\t<div class=\"e-con-inner\">\n\t\t\t\t<div class=\"elementor-element elementor-element-824bbab elementor-widget elementor-widget-heading\" data-id=\"824bbab\" data-element_type=\"widget\" data-e-type=\"widget\" data-widget_type=\"heading.default\">\n\t\t\t\t\t<h3 class=\"elementor-heading-title elementor-size-default\">Un homenaje que no cuesta nada<\/h3>\t\t\t\t<\/div>\n\t\t\t\t\t<\/div>\n\t\t\t\t<\/div>\n\t\t<div data-particle_enable=\"false\" data-particle-mobile-disabled=\"false\" class=\"elementor-element elementor-element-11025a9 e-flex e-con-boxed e-con e-parent\" data-id=\"11025a9\" data-element_type=\"container\" data-e-type=\"container\">\n\t\t\t\t\t<div class=\"e-con-inner\">\n\t\t\t\t<div class=\"elementor-element elementor-element-42b5f85 elementor-widget elementor-widget-text-editor\" data-id=\"42b5f85\" data-element_type=\"widget\" data-e-type=\"widget\" data-widget_type=\"text-editor.default\">\n\t\t\t\t\t\t\t\t\t<p><a href=\"https:\/\/soymigrante.com\/revista\/poema-dia-de-la-madre-migrante-ausente-poeta-momosteco\/\" target=\"_blank\" rel=\"noopener\">Las palabras pueden ser el mejor regalo.<\/a> Un mensaje sincero, una llamada con voz temblorosa o un abrazo con una frase c\u00e1lida puede significar m\u00e1s que cualquier obsequio costoso.<\/p><p>Este D\u00eda de la Madre, adem\u00e1s de flores o un presente, regal\u00e9mosle a mam\u00e1 algo invaluable: <a href=\"https:\/\/soymigrante.com\/revista\/poema-dia-de-la-madre-migrante-ausente-poeta-momosteco\/\" target=\"_blank\" rel=\"noopener\">el orgullo de saber que sus hijos reconocen su amor, sus ense\u00f1anzas y su esfuerzo.<\/a><\/p>\t\t\t\t\t\t\t\t<\/div>\n\t\t\t\t\t<\/div>\n\t\t\t\t<\/div>\n\t\t<div data-particle_enable=\"false\" data-particle-mobile-disabled=\"false\" class=\"elementor-element elementor-element-c69a85c e-flex e-con-boxed e-con e-parent\" data-id=\"c69a85c\" data-element_type=\"container\" data-e-type=\"container\">\n\t\t\t\t\t<div class=\"e-con-inner\">\n\t\t\t\t<div class=\"elementor-element elementor-element-aa6e093 elementor-widget elementor-widget-heading\" data-id=\"aa6e093\" data-element_type=\"widget\" data-e-type=\"widget\" data-widget_type=\"heading.default\">\n\t\t\t\t\t<h2 class=\"elementor-heading-title elementor-size-default\">Conoce historias que te pueden gustar...<\/h2>\t\t\t\t<\/div>\n\t\t\t\t\t<\/div>\n\t\t\t\t<\/div>\n\t\t<div data-particle_enable=\"false\" data-particle-mobile-disabled=\"false\" class=\"elementor-element elementor-element-a56ecd2 e-flex e-con-boxed e-con e-parent\" data-id=\"a56ecd2\" data-element_type=\"container\" data-e-type=\"container\">\n\t\t\t\t\t<div class=\"e-con-inner\">\n\t\t\t\t<div class=\"elementor-element elementor-element-294235a elementor-grid-eael-col-3 elementor-grid-tablet-eael-col-2 elementor-grid-mobile-eael-col-1 elementor-widget elementor-widget-eael-post-grid\" data-id=\"294235a\" data-element_type=\"widget\" data-e-type=\"widget\" data-settings=\"{&quot;eael_post_grid_columns&quot;:&quot;eael-col-3&quot;,&quot;eael_post_grid_columns_tablet&quot;:&quot;eael-col-2&quot;,&quot;eael_post_grid_columns_mobile&quot;:&quot;eael-col-1&quot;}\" data-widget_type=\"eael-post-grid.default\">\n\t\t\t\t\t<div id=\"eael-post-grid-294235a\" class=\"eael-post-grid-container\">\n            <div class=\"eael-post-grid eael-post-appender eael-post-appender-294235a eael-post-grid-style-one\" data-layout-mode=\"masonry\"><article class=\"eael-grid-post  eael-post-grid-column eael-pg-post-26621 category-guate-nuestra\" data-id=\"26621\">\n        <div class=\"eael-grid-post-holder\">\n            <div class=\"eael-grid-post-holder-inner\"><div class=\"eael-entry-media\"><div class=\"eael-entry-overlay fade-in\"><i class=\"far fa-hand-pointer\" aria-hidden=\"true\"><\/i><a href=\"https:\/\/soymigrante.com\/revista\/asi-fue-el-reencuentro-de-madres-guatemaltecas-con-sus-hijos-migrantes\/\"><\/a><\/div><div class=\"eael-entry-thumbnail \">\n                <img decoding=\"async\" width=\"1024\" height=\"1024\" src=\"https:\/\/soymigrante.com\/revista\/wp-content\/uploads\/2025\/02\/AMGLA-ANCIANOS-e1740774814945-1024x1024.webp\" class=\"attachment-large size-large wp-image-26622\" alt=\"Autenticidad: Personas migrantes en aeropuerto mostrando identidad y esperanza, promoviendo la cultura y los derechos de los migrantes en la comunidad hispanohablante.\" srcset=\"https:\/\/soymigrante.com\/revista\/wp-content\/uploads\/2025\/02\/AMGLA-ANCIANOS-e1740774814945-1024x1024.webp 1024w, https:\/\/soymigrante.com\/revista\/wp-content\/uploads\/2025\/02\/AMGLA-ANCIANOS-e1740774814945-300x300.webp 300w, https:\/\/soymigrante.com\/revista\/wp-content\/uploads\/2025\/02\/AMGLA-ANCIANOS-e1740774814945-150x150.webp 150w, https:\/\/soymigrante.com\/revista\/wp-content\/uploads\/2025\/02\/AMGLA-ANCIANOS-e1740774814945-768x768.webp 768w, https:\/\/soymigrante.com\/revista\/wp-content\/uploads\/2025\/02\/AMGLA-ANCIANOS-e1740774814945-75x75.webp 75w, https:\/\/soymigrante.com\/revista\/wp-content\/uploads\/2025\/02\/AMGLA-ANCIANOS-e1740774814945-750x750.webp 750w, https:\/\/soymigrante.com\/revista\/wp-content\/uploads\/2025\/02\/AMGLA-ANCIANOS-e1740774814945-1140x1140.webp 1140w, https:\/\/soymigrante.com\/revista\/wp-content\/uploads\/2025\/02\/AMGLA-ANCIANOS-e1740774814945.webp 1147w\" sizes=\"(max-width: 1024px) 100vw, 1024px\" \/>\n            <\/div>\n        <\/div><div class=\"eael-entry-wrapper\"><header class=\"eael-entry-header\"><h2 class=\"eael-entry-title\"><a class=\"eael-grid-post-link\" href=\"https:\/\/soymigrante.com\/revista\/asi-fue-el-reencuentro-de-madres-guatemaltecas-con-sus-hijos-migrantes\/\" title=\"As\u00ed fue el reencuentro de madres guatemaltecas con sus hijos migrantes\">As\u00ed fue el reencuentro de madres guatemaltecas con sus hijos migrantes<\/a><\/h2><\/header><div class=\"eael-entry-content\">\n                        <div class=\"eael-grid-post-excerpt\"><a href=\"https:\/\/soymigrante.com\/revista\/asi-fue-el-reencuentro-de-madres-guatemaltecas-con-sus-hijos-migrantes\/\" class=\"eael-post-elements-readmore-btn\">CONOCE SU HISTORIA <\/a><\/div>\n                    <\/div><\/div><\/div>\n        <\/div>\n    <\/article><article class=\"eael-grid-post  eael-post-grid-column eael-pg-post-16711 category-bienestar\" data-id=\"16711\">\n        <div class=\"eael-grid-post-holder\">\n            <div class=\"eael-grid-post-holder-inner\"><div class=\"eael-entry-media\"><div class=\"eael-entry-overlay fade-in\"><i class=\"far fa-hand-pointer\" aria-hidden=\"true\"><\/i><a href=\"https:\/\/soymigrante.com\/revista\/donde-buscar-servicios-prenatales-y-atencion-medica-para-madres-migrantes-en-usa\/\"><\/a><\/div><div class=\"eael-entry-thumbnail \">\n                <img loading=\"lazy\" decoding=\"async\" width=\"1024\" height=\"1024\" src=\"https:\/\/soymigrante.com\/revista\/wp-content\/uploads\/2024\/12\/prenatal-5-1024x1024.jpg\" class=\"attachment-large size-large wp-image-16745\" alt=\"Mujer embarazada haciendo yoga, practicando meditaci\u00f3n en casa, ejercicio prenatal para futuras madres, bienestar y salud durante el embarazo, revista SoyMigrante.com.\" srcset=\"https:\/\/soymigrante.com\/revista\/wp-content\/uploads\/2024\/12\/prenatal-5-1024x1024.jpg 1024w, https:\/\/soymigrante.com\/revista\/wp-content\/uploads\/2024\/12\/prenatal-5-300x300.jpg 300w, https:\/\/soymigrante.com\/revista\/wp-content\/uploads\/2024\/12\/prenatal-5-150x150.jpg 150w, https:\/\/soymigrante.com\/revista\/wp-content\/uploads\/2024\/12\/prenatal-5-768x768.jpg 768w, https:\/\/soymigrante.com\/revista\/wp-content\/uploads\/2024\/12\/prenatal-5-1536x1536.jpg 1536w, https:\/\/soymigrante.com\/revista\/wp-content\/uploads\/2024\/12\/prenatal-5-2048x2048.jpg 2048w, https:\/\/soymigrante.com\/revista\/wp-content\/uploads\/2024\/12\/prenatal-5-75x75.webp 75w, https:\/\/soymigrante.com\/revista\/wp-content\/uploads\/2024\/12\/prenatal-5-750x750.webp 750w, https:\/\/soymigrante.com\/revista\/wp-content\/uploads\/2024\/12\/prenatal-5-1140x1140.webp 1140w, https:\/\/soymigrante.com\/revista\/wp-content\/uploads\/2024\/12\/prenatal-5-scaled.webp 1920w\" sizes=\"(max-width: 1024px) 100vw, 1024px\" \/>\n            <\/div>\n        <\/div><div class=\"eael-entry-wrapper\"><header class=\"eael-entry-header\"><h2 class=\"eael-entry-title\"><a class=\"eael-grid-post-link\" href=\"https:\/\/soymigrante.com\/revista\/donde-buscar-servicios-prenatales-y-atencion-medica-para-madres-migrantes-en-usa\/\" title=\"D\u00f3nde buscar servicios prenatales y atenci\u00f3n m\u00e9dica para madres migrantes en USA\">D\u00f3nde buscar servicios prenatales y atenci\u00f3n m\u00e9dica para madres migrantes en USA<\/a><\/h2><\/header><div class=\"eael-entry-content\">\n                        <div class=\"eael-grid-post-excerpt\"><a href=\"https:\/\/soymigrante.com\/revista\/donde-buscar-servicios-prenatales-y-atencion-medica-para-madres-migrantes-en-usa\/\" class=\"eael-post-elements-readmore-btn\">CONOCE SU HISTORIA <\/a><\/div>\n                    <\/div><\/div><\/div>\n        <\/div>\n    <\/article><article class=\"eael-grid-post  eael-post-grid-column eael-pg-post-8505 category-estamos-unidos\" data-id=\"8505\">\n        <div class=\"eael-grid-post-holder\">\n            <div class=\"eael-grid-post-holder-inner\"><div class=\"eael-entry-media\"><div class=\"eael-entry-overlay fade-in\"><i class=\"far fa-hand-pointer\" aria-hidden=\"true\"><\/i><a href=\"https:\/\/soymigrante.com\/revista\/migrante-william-velasquez-en-oklahoma-vuelve-a-abrazar-a-su-mama-despues-de-34-anos\/\"><\/a><\/div><div class=\"eael-entry-thumbnail \">\n                <img loading=\"lazy\" decoding=\"async\" width=\"485\" height=\"491\" src=\"https:\/\/soymigrante.com\/revista\/wp-content\/uploads\/2024\/08\/Captura-de-pantalla-2024-08-24-142237.webp\" class=\"attachment-large size-large wp-image-8506\" alt=\"Inmigrantes en reencuentro emotivo en aeropuerto.\" srcset=\"https:\/\/soymigrante.com\/revista\/wp-content\/uploads\/2024\/08\/Captura-de-pantalla-2024-08-24-142237.webp 485w, https:\/\/soymigrante.com\/revista\/wp-content\/uploads\/2024\/08\/Captura-de-pantalla-2024-08-24-142237-296x300.webp 296w, https:\/\/soymigrante.com\/revista\/wp-content\/uploads\/2024\/08\/Captura-de-pantalla-2024-08-24-142237-75x75.webp 75w\" sizes=\"(max-width: 485px) 100vw, 485px\" \/>\n            <\/div>\n        <\/div><div class=\"eael-entry-wrapper\"><header class=\"eael-entry-header\"><h2 class=\"eael-entry-title\"><a class=\"eael-grid-post-link\" href=\"https:\/\/soymigrante.com\/revista\/migrante-william-velasquez-en-oklahoma-vuelve-a-abrazar-a-su-mama-despues-de-34-anos\/\" title=\"Migrante William Vel\u00e1squez, en Oklahoma, vuelve a abrazar a su mam\u00e1 despu\u00e9s de 34 a\u00f1os\">Migrante William Vel\u00e1squez, en Oklahoma, vuelve a abrazar a su mam\u00e1 despu\u00e9s de 34 a\u00f1os<\/a><\/h2><\/header><div class=\"eael-entry-content\">\n                        <div class=\"eael-grid-post-excerpt\"><a href=\"https:\/\/soymigrante.com\/revista\/migrante-william-velasquez-en-oklahoma-vuelve-a-abrazar-a-su-mama-despues-de-34-anos\/\" class=\"eael-post-elements-readmore-btn\">CONOCE SU HISTORIA <\/a><\/div>\n                    <\/div><\/div><\/div>\n        <\/div>\n    <\/article><\/div>\n            <div class=\"clearfix\"><\/div>\n        <\/div>\t\t\t\t<\/div>\n\t\t\t\t\t<\/div>\n\t\t\t\t<\/div>\n\t\t\t\t<\/div>\n\t\t","protected":false},"excerpt":{"rendered":"<p>Decirle algunas frases a mam\u00e1, a veces es m\u00e1s importante que un regalo, hazla sentir orgullosa. Cada 10 de mayo en Guatemala y el segundo domingo de mayo en muchos pa\u00edses latinoamericanos, el D\u00eda de la Madre se convierte en un momento especial para celebrar a esa figura fundamental que, con amor y sacrificio, forma [&hellip;]<\/p>\n","protected":false},"author":19,"featured_media":32165,"comment_status":"open","ping_status":"open","sticky":false,"template":"","format":"standard","meta":{"_acf_changed":false,"_eb_attr":"","footnotes":""},"categories":[266],"tags":[81],"class_list":["post-32164","post","type-post","status-publish","format-standard","has-post-thumbnail","hentry","category-en-familia","tag-en-familia"],"acf":[],"aioseo_notices":[],"aioseo_head":"\n\t\t<!-- All in One SEO Pro 4.9.6.2 - aioseo.com -->\n\t<meta name=\"description\" content=\"William Vel\u00e1squez estaba emocionado y nervioso instantes antes del momento que esper\u00f3 por 34 a\u00f1os: poder abrazar a su mam\u00e1. Mira el emocionante reencuentro.\" \/>\n\t<meta name=\"robots\" content=\"max-snippet:-1, max-image-preview:large, max-video-preview:-1\" \/>\n\t<meta name=\"author\" content=\"Gustavo Montenegro\"\/>\n\t<link rel=\"canonical\" href=\"https:\/\/soymigrante.com\/revista\/migrante-william-velasquez-en-oklahoma-vuelve-a-abrazar-a-su-mama-despues-de-34-anos\/\" \/>\n\t<meta name=\"generator\" content=\"All in One SEO Pro (AIOSEO) 4.9.6.2\" \/>\n\n\t\t<link rel=\"preconnect\" href=\"https:\/\/fonts.googleapis.com\" crossorigin>\n<link rel=\"preconnect\" href=\"https:\/\/fonts.gstatic.com\" crossorigin>\n\t\t<meta property=\"og:locale\" content=\"es_ES\" \/>\n\t\t<meta property=\"og:site_name\" content=\"SoyMigrante.com REVISTA \u2013 Nuestra misi\u00f3n es reconocer y dignificar al migrante.\" \/>\n\t\t<meta property=\"og:type\" content=\"article\" \/>\n\t\t<meta property=\"og:title\" content=\"Migrante abraza a su mam\u00e1 despu\u00e9s de 34 a\u00f1os en Oklahoma\" \/>\n\t\t<meta property=\"og:description\" content=\"William Vel\u00e1squez estaba emocionado y nervioso instantes antes del momento que esper\u00f3 por 34 a\u00f1os: poder abrazar a su mam\u00e1. Mira el emocionante reencuentro.\" \/>\n\t\t<meta property=\"og:url\" content=\"https:\/\/soymigrante.com\/revista\/migrante-william-velasquez-en-oklahoma-vuelve-a-abrazar-a-su-mama-despues-de-34-anos\/\" \/>\n\t\t<meta property=\"og:image\" content=\"https:\/\/soymigrante.com\/revista\/wp-content\/uploads\/2024\/08\/Captura-de-pantalla-2024-08-24-142237.webp\" \/>\n\t\t<meta property=\"og:image:secure_url\" content=\"https:\/\/soymigrante.com\/revista\/wp-content\/uploads\/2024\/08\/Captura-de-pantalla-2024-08-24-142237.webp\" \/>\n\t\t<meta property=\"og:image:width\" content=\"485\" \/>\n\t\t<meta property=\"og:image:height\" content=\"491\" \/>\n\t\t<meta property=\"article:published_time\" content=\"2024-08-29T18:18:16+00:00\" \/>\n\t\t<meta property=\"article:modified_time\" content=\"2024-08-29T18:22:37+00:00\" \/>\n\t\t<meta property=\"article:publisher\" content=\"https:\/\/www.facebook.com\/soymigrantecom\" \/>\n\t\t<meta name=\"twitter:card\" content=\"summary_large_image\" \/>\n\t\t<meta name=\"twitter:site\" content=\"@SoyMigrante_com\" \/>\n\t\t<meta name=\"twitter:title\" content=\"Migrante abraza a su mam\u00e1 despu\u00e9s de 34 a\u00f1os en Oklahoma\" \/>\n\t\t<meta name=\"twitter:description\" content=\"William Vel\u00e1squez estaba emocionado y nervioso instantes antes del momento que esper\u00f3 por 34 a\u00f1os: poder abrazar a su mam\u00e1. Mira el emocionante reencuentro.\" \/>\n\t\t<meta name=\"twitter:creator\" content=\"@SoyMigrante_com\" \/>\n\t\t<meta name=\"twitter:image\" content=\"https:\/\/soymigrante.com\/revista\/wp-content\/uploads\/2024\/08\/Captura-de-pantalla-2024-08-24-142237.webp\" \/>\n\t\t<!-- All in One SEO Pro -->\r\n\t\t<title>Migrante abraza a su mam\u00e1 despu\u00e9s de 34 a\u00f1os en Oklahoma<\/title>\n\n","aioseo_head_json":{"title":"Migrante abraza a su mam\u00e1 despu\u00e9s de 34 a\u00f1os en Oklahoma","description":"William Vel\u00e1squez estaba emocionado y nervioso instantes antes del momento que esper\u00f3 por 34 a\u00f1os: poder abrazar a su mam\u00e1. Mira el emocionante reencuentro.","canonical_url":"https:\/\/soymigrante.com\/revista\/migrante-william-velasquez-en-oklahoma-vuelve-a-abrazar-a-su-mama-despues-de-34-anos\/","robots":"max-snippet:-1, max-image-preview:large, max-video-preview:-1","keywords":"","webmasterTools":{"miscellaneous":"&lt;link rel=\"preconnect\" href=\"https:\/\/fonts.googleapis.com\" crossorigin&gt;\n&lt;link rel=\"preconnect\" href=\"https:\/\/fonts.gstatic.com\" crossorigin&gt;"},"schema":null,"og:locale":"es_ES","og:site_name":"SoyMigrante.com REVISTA \u2013 Nuestra misi\u00f3n es reconocer y dignificar al migrante.","og:type":"article","og:title":"Migrante abraza a su mam\u00e1 despu\u00e9s de 34 a\u00f1os en Oklahoma","og:description":"William Vel\u00e1squez estaba emocionado y nervioso instantes antes del momento que esper\u00f3 por 34 a\u00f1os: poder abrazar a su mam\u00e1. Mira el emocionante reencuentro.","og:url":"https:\/\/soymigrante.com\/revista\/migrante-william-velasquez-en-oklahoma-vuelve-a-abrazar-a-su-mama-despues-de-34-anos\/","og:image":"https:\/\/soymigrante.com\/revista\/wp-content\/uploads\/2024\/08\/Captura-de-pantalla-2024-08-24-142237.webp","og:image:secure_url":"https:\/\/soymigrante.com\/revista\/wp-content\/uploads\/2024\/08\/Captura-de-pantalla-2024-08-24-142237.webp","og:image:width":485,"og:image:height":491,"article:published_time":"2024-08-29T18:18:16+00:00","article:modified_time":"2024-08-29T18:22:37+00:00","article:publisher":"https:\/\/www.facebook.com\/soymigrantecom","twitter:card":"summary_large_image","twitter:site":"@SoyMigrante_com","twitter:title":"Migrante abraza a su mam\u00e1 despu\u00e9s de 34 a\u00f1os en Oklahoma","twitter:description":"William Vel\u00e1squez estaba emocionado y nervioso instantes antes del momento que esper\u00f3 por 34 a\u00f1os: poder abrazar a su mam\u00e1. Mira el emocionante reencuentro.","twitter:creator":"@SoyMigrante_com","twitter:image":"https:\/\/soymigrante.com\/revista\/wp-content\/uploads\/2024\/08\/Captura-de-pantalla-2024-08-24-142237.webp"},"aioseo_meta_data":{"post_id":"32164","title":"Frases para expresar amor, paz y agradecimiento a Mam\u00e1","description":"Los obsequios del d\u00eda de la Madre son buenos, las acciones cotidianas tambi\u00e9n. Pero a veces se necesita decir una frase con cari\u00f1o: \u00bfhas dicho alguna de estas?","keywords":null,"keyphrases":{"focus":{"keyphrase":"mam\u00e1","score":74,"analysis":{"keyphraseInTitle":{"score":9,"maxScore":9,"error":0},"keyphraseInDescription":{"score":3,"maxScore":9,"error":1},"keyphraseLength":{"score":9,"maxScore":9,"error":0,"length":1},"keyphraseInURL":{"score":5,"maxScore":5,"error":0},"keyphraseInIntroduction":{"score":3,"maxScore":9,"error":1},"keyphraseInSubHeadings":{"score":3,"maxScore":9,"error":1},"keyphraseInImageAlt":{"score":9,"maxScore":9,"error":0},"keywordDensity":{"type":"best","score":9,"maxScore":9,"error":0}}},"additional":[{"keyphrase":"mam\u00e1","score":73,"analysis":{"keyphraseInDescription":{"score":3,"maxScore":9,"error":1},"keyphraseLength":{"score":9,"maxScore":9,"error":0,"length":1},"keyphraseInIntroduction":{"score":3,"maxScore":9,"error":1},"keyphraseInImageAlt":{"score":9,"maxScore":9,"error":0},"keywordDensity":{"type":"best","score":9,"maxScore":9,"error":0}}}]},"primary_term":null,"canonical_url":null,"og_title":null,"og_description":null,"og_object_type":"default","og_image_type":"default","og_image_url":null,"og_image_width":null,"og_image_height":null,"og_image_custom_url":null,"og_image_custom_fields":null,"og_video":"","og_custom_url":null,"og_article_section":null,"og_article_tags":null,"twitter_use_og":false,"twitter_card":"default","twitter_image_type":"default","twitter_image_url":null,"twitter_image_custom_url":null,"twitter_image_custom_fields":null,"twitter_title":null,"twitter_description":null,"schema":{"blockGraphs":[],"customGraphs":[],"default":{"data":{"Article":[],"Course":[],"Dataset":[],"FAQPage":[],"Movie":[],"Person":[],"Product":[],"ProductReview":[],"Car":[],"Recipe":[],"Service":[],"SoftwareApplication":[],"WebPage":[]},"graphName":"none","isEnabled":true},"graphs":[]},"schema_type":"default","schema_type_options":null,"pillar_content":false,"robots_default":true,"robots_noindex":false,"robots_noarchive":false,"robots_nosnippet":false,"robots_nofollow":false,"robots_noimageindex":false,"robots_noodp":false,"robots_notranslate":false,"robots_max_snippet":"-1","robots_max_videopreview":"-1","robots_max_imagepreview":"large","priority":null,"frequency":"default","local_seo":null,"seo_analyzer_scan_date":"2025-10-09 04:55:09","breadcrumb_settings":null,"limit_modified_date":false,"reviewed_by":"0","open_ai":"{\"title\":{\"suggestions\":[],\"usage\":0},\"description\":{\"suggestions\":[],\"usage\":0}}","ai":{"faqs":[],"keyPoints":[],"titles":[],"descriptions":[],"socialPosts":{"email":[],"linkedin":[],"twitter":[],"facebook":[],"instagram":[]}},"created":"2025-04-29 22:12:33","updated":"2026-02-04 23:31:28"},"aioseo_breadcrumb":"<div class=\"aioseo-breadcrumbs\"><span class=\"aioseo-breadcrumb\">\n\t<a href=\"https:\/\/soymigrante.com\/revista\" title=\"Home\">Home<\/a>\n<\/span><span class=\"aioseo-breadcrumb-separator\">\u00bb<\/span><span class=\"aioseo-breadcrumb\">\n\t<a href=\"https:\/\/soymigrante.com\/revista\/category\/bienestar\/\" title=\"Bienestar\">Bienestar<\/a>\n<\/span><span class=\"aioseo-breadcrumb-separator\">\u00bb<\/span><span class=\"aioseo-breadcrumb\">\n\t<a href=\"https:\/\/soymigrante.com\/revista\/category\/bienestar\/en-familia\/\" title=\"En Familia\">En Familia<\/a>\n<\/span><span class=\"aioseo-breadcrumb-separator\">\u00bb<\/span><span class=\"aioseo-breadcrumb\">\n\tFrases poderosas para expresar cari\u00f1o y transmitir paz a mam\u00e1\n<\/span><\/div>","aioseo_breadcrumb_json":[{"label":"Home","link":"https:\/\/soymigrante.com\/revista"},{"label":"Bienestar","link":"https:\/\/soymigrante.com\/revista\/category\/bienestar\/"},{"label":"En Familia","link":"https:\/\/soymigrante.com\/revista\/category\/bienestar\/en-familia\/"},{"label":"Frases poderosas para expresar cari\u00f1o y transmitir paz a mam\u00e1","link":"https:\/\/soymigrante.com\/revista\/frases-poderosas-para-expresar-carino-y-transmitir-paz-a-mama\/"}],"_links":{"self":[{"href":"https:\/\/soymigrante.com\/revista\/wp-json\/wp\/v2\/posts\/32164","targetHints":{"allow":["GET"]}}],"collection":[{"href":"https:\/\/soymigrante.com\/revista\/wp-json\/wp\/v2\/posts"}],"about":[{"href":"https:\/\/soymigrante.com\/revista\/wp-json\/wp\/v2\/types\/post"}],"author":[{"embeddable":true,"href":"https:\/\/soymigrante.com\/revista\/wp-json\/wp\/v2\/users\/19"}],"replies":[{"embeddable":true,"href":"https:\/\/soymigrante.com\/revista\/wp-json\/wp\/v2\/comments?post=32164"}],"version-history":[{"count":14,"href":"https:\/\/soymigrante.com\/revista\/wp-json\/wp\/v2\/posts\/32164\/revisions"}],"predecessor-version":[{"id":45138,"href":"https:\/\/soymigrante.com\/revista\/wp-json\/wp\/v2\/posts\/32164\/revisions\/45138"}],"wp:featuredmedia":[{"embeddable":true,"href":"https:\/\/soymigrante.com\/revista\/wp-json\/wp\/v2\/media\/32165"}],"wp:attachment":[{"href":"https:\/\/soymigrante.com\/revista\/wp-json\/wp\/v2\/media?parent=32164"}],"wp:term":[{"taxonomy":"category","embeddable":true,"href":"https:\/\/soymigrante.com\/revista\/wp-json\/wp\/v2\/categories?post=32164"},{"taxonomy":"post_tag","embeddable":true,"href":"https:\/\/soymigrante.com\/revista\/wp-json\/wp\/v2\/tags?post=32164"}],"curies":[{"name":"wp","href":"https:\/\/api.w.org\/{rel}","templated":true}]}}