{"id":32152,"date":"2025-05-02T05:00:00","date_gmt":"2025-05-02T11:00:00","guid":{"rendered":"https:\/\/soymigrante.com\/revista\/?p=32152"},"modified":"2025-05-01T23:46:31","modified_gmt":"2025-05-02T05:46:31","slug":"viene-el-dia-de-la-madre-que-se-podria-regalar-y-que-no-se-deberia-para-festejar-mejor","status":"publish","type":"post","link":"https:\/\/soymigrante.com\/revista\/viene-el-dia-de-la-madre-que-se-podria-regalar-y-que-no-se-deberia-para-festejar-mejor\/","title":{"rendered":"Viene el d\u00eda de la Madre: Qu\u00e9 se podr\u00eda regalar (y qu\u00e9 no se deber\u00eda) para festejar mejor"},"content":{"rendered":"\t\t<div data-elementor-type=\"wp-post\" data-elementor-id=\"32152\" class=\"elementor elementor-32152\" data-elementor-post-type=\"post\">\n\t\t\t\t<div data-particle_enable=\"false\" data-particle-mobile-disabled=\"false\" class=\"elementor-element elementor-element-61e6595 e-flex e-con-boxed e-con e-parent\" data-id=\"61e6595\" data-element_type=\"container\" data-e-type=\"container\">\n\t\t\t\t\t<div class=\"e-con-inner\">\n\t\t\t\t<div class=\"elementor-element elementor-element-38f7b57 elementor-widget elementor-widget-heading\" data-id=\"38f7b57\" data-element_type=\"widget\" data-e-type=\"widget\" data-widget_type=\"heading.default\">\n\t\t\t\t\t<h2 class=\"elementor-heading-title elementor-size-default\">El D\u00eda de la Madre es uno de los m\u00e1s importantes, por ello, hay que saber qu\u00e9 regalar y qu\u00e9 no, para hacerla m\u00e1s feliz. \n\n<\/h2>\t\t\t\t<\/div>\n\t\t\t\t\t<\/div>\n\t\t\t\t<\/div>\n\t\t<div data-particle_enable=\"false\" data-particle-mobile-disabled=\"false\" class=\"elementor-element elementor-element-3c57b89 e-flex e-con-boxed e-con e-parent\" data-id=\"3c57b89\" data-element_type=\"container\" data-e-type=\"container\">\n\t\t\t\t\t<div class=\"e-con-inner\">\n\t\t\t\t<div class=\"elementor-element elementor-element-901ed4e elementor-widget elementor-widget-text-editor\" data-id=\"901ed4e\" data-element_type=\"widget\" data-e-type=\"widget\" data-widget_type=\"text-editor.default\">\n\t\t\t\t\t\t\t\t\t<p>Se acerca el D\u00eda de la Madre y con \u00e9l la eterna pregunta: \u00bfqu\u00e9 regalarle a mam\u00e1? Aunque la intenci\u00f3n cuenta, no todos los regalos causan la misma emoci\u00f3n.<a href=\"https:\/\/soymigrante.com\/revista\/poema-dia-de-la-madre-migrante-ausente-poeta-momosteco\/\" target=\"_blank\" rel=\"noopener\"> Algunas elecciones pueden ser poco pr\u00e1cticas, impersonales o incluso contraproducentes.<\/a><\/p><p>Por eso, expertos en bienestar, psicolog\u00eda y comercio ofrecen consejos sobre qu\u00e9 obsequios s\u00ed pueden hacer feliz a una madre y cu\u00e1les es mejor evitar.<\/p>\t\t\t\t\t\t\t\t<\/div>\n\t\t\t\t\t<\/div>\n\t\t\t\t<\/div>\n\t\t<div data-particle_enable=\"false\" data-particle-mobile-disabled=\"false\" class=\"elementor-element elementor-element-af682ee e-flex e-con-boxed e-con e-parent\" data-id=\"af682ee\" data-element_type=\"container\" data-e-type=\"container\">\n\t\t\t\t\t<div class=\"e-con-inner\">\n\t\t\t\t<div class=\"elementor-element elementor-element-9eaa184 elementor-widget elementor-widget-heading\" data-id=\"9eaa184\" data-element_type=\"widget\" data-e-type=\"widget\" data-widget_type=\"heading.default\">\n\t\t\t\t\t<h3 class=\"elementor-heading-title elementor-size-default\">Lo que s\u00ed deber\u00edas regalar<\/h3>\t\t\t\t<\/div>\n\t\t\t\t\t<\/div>\n\t\t\t\t<\/div>\n\t\t<div data-particle_enable=\"false\" data-particle-mobile-disabled=\"false\" class=\"elementor-element elementor-element-36532cf e-flex e-con-boxed e-con e-parent\" data-id=\"36532cf\" data-element_type=\"container\" data-e-type=\"container\">\n\t\t\t\t\t<div class=\"e-con-inner\">\n\t\t\t\t<div class=\"elementor-element elementor-element-b085bec elementor-widget elementor-widget-text-editor\" data-id=\"b085bec\" data-element_type=\"widget\" data-e-type=\"widget\" data-widget_type=\"text-editor.default\">\n\t\t\t\t\t\t\t\t\t<div><strong>1. Tiempo de calidad:<\/strong> M\u00e1s all\u00e1 de los objetos, muchas madres valoran m\u00e1s el tiempo con sus hijos. Una comida preparada en casa, una tarde de charla o una salida al aire libre pueden significar mucho m\u00e1s que un regalo costoso.<\/div><div><strong>2.Experiencias:<\/strong> Entradas para el teatro, un masaje relajante, un paseo en familia o una clase de cocina o arte son opciones que crean recuerdos duraderos.<\/div><div><strong>3.Regalos personalizados:<\/strong> <a href=\"https:\/\/soymigrante.com\/revista\/poema-dia-de-la-madre-migrante-ausente-poeta-momosteco\/\" target=\"_blank\" rel=\"noopener\">Un \u00e1lbum de fotos, una carta escrita a mano o una prenda bordada con su nombre<\/a> o una frase especial puede conmover m\u00e1s que cualquier perfume de marca.<\/div><div><strong>4.Electrodom\u00e9sticos \u00fatiles (si los desea):<\/strong> Una licuadora, una freidora de aire o una cafetera de buena calidad pueden ser un buen regalo, pero solo si ella ha manifestado inter\u00e9s. Nunca deben ser un s\u00edmbolo de trabajo dom\u00e9stico.<\/div><div><strong>5.Productos de cuidado personal:<\/strong> Cremas, lociones, sets de spa en casa o perfumes pueden ser muy bien recibidos si conoces sus gustos. Son una forma de recordarle que tambi\u00e9n merece consentirse.<\/div>\t\t\t\t\t\t\t\t<\/div>\n\t\t\t\t\t<\/div>\n\t\t\t\t<\/div>\n\t\t<div data-particle_enable=\"false\" data-particle-mobile-disabled=\"false\" class=\"elementor-element elementor-element-b2c57b2 e-flex e-con-boxed e-con e-parent\" data-id=\"b2c57b2\" data-element_type=\"container\" data-e-type=\"container\">\n\t\t\t\t\t<div class=\"e-con-inner\">\n\t\t\t\t<div class=\"elementor-element elementor-element-015c223 elementor-widget elementor-widget-image\" data-id=\"015c223\" data-element_type=\"widget\" data-e-type=\"widget\" data-widget_type=\"image.default\">\n\t\t\t\t\t\t\t\t\t\t\t\t<figure class=\"wp-caption\">\n\t\t\t\t\t\t\t\t\t\t<img fetchpriority=\"high\" decoding=\"async\" width=\"768\" height=\"512\" src=\"https:\/\/soymigrante.com\/revista\/wp-content\/uploads\/2025\/04\/Dia-de-la-Madre1-1024x682.jpeg\" class=\"attachment-large size-large wp-image-32155\" alt=\"Ni\u00f1a y ni\u00f1os jugando en un columpio de madera en un jard\u00edn con mujer disfrutando en un entorno natural y acogedor, promoviendo la comunidad migrante y la familia.\" srcset=\"https:\/\/soymigrante.com\/revista\/wp-content\/uploads\/2025\/04\/Dia-de-la-Madre1-1024x682.jpeg 1024w, https:\/\/soymigrante.com\/revista\/wp-content\/uploads\/2025\/04\/Dia-de-la-Madre1-300x200.jpeg 300w, https:\/\/soymigrante.com\/revista\/wp-content\/uploads\/2025\/04\/Dia-de-la-Madre1-768x512.jpeg 768w, https:\/\/soymigrante.com\/revista\/wp-content\/uploads\/2025\/04\/Dia-de-la-Madre1-1536x1023.jpeg 1536w, https:\/\/soymigrante.com\/revista\/wp-content\/uploads\/2025\/04\/Dia-de-la-Madre1-750x500.jpeg 750w, https:\/\/soymigrante.com\/revista\/wp-content\/uploads\/2025\/04\/Dia-de-la-Madre1-1140x760.jpeg 1140w, https:\/\/soymigrante.com\/revista\/wp-content\/uploads\/2025\/04\/Dia-de-la-Madre1.webp 1600w\" sizes=\"(max-width: 768px) 100vw, 768px\" title=\"D\u00eda de la Madre: Qu\u00e9 regalar (y qu\u00e9 no) para hacerla feliz \u2013 SoyMigrante.com REVISTA\" \/>\t\t\t\t\t\t\t\t\t\t\t<figcaption class=\"widget-image-caption wp-caption-text\">Disfruta de momentos felices en familia y comunidad migrante en un entorno natural, en un columpio de madera en un hermoso jard\u00edn, promoviendo la pertenencia y uni\u00f3n familiar.<\/figcaption>\n\t\t\t\t\t\t\t\t\t\t<\/figure>\n\t\t\t\t\t\t\t\t\t<\/div>\n\t\t\t\t\t<\/div>\n\t\t\t\t<\/div>\n\t\t<div data-particle_enable=\"false\" data-particle-mobile-disabled=\"false\" class=\"elementor-element elementor-element-fdc6a29 e-flex e-con-boxed e-con e-parent\" data-id=\"fdc6a29\" data-element_type=\"container\" data-e-type=\"container\">\n\t\t\t\t\t<div class=\"e-con-inner\">\n\t\t\t\t<div class=\"elementor-element elementor-element-0340785 elementor-widget elementor-widget-heading\" data-id=\"0340785\" data-element_type=\"widget\" data-e-type=\"widget\" data-widget_type=\"heading.default\">\n\t\t\t\t\t<h3 class=\"elementor-heading-title elementor-size-default\">Lo que es mejor evitar<\/h3>\t\t\t\t<\/div>\n\t\t\t\t\t<\/div>\n\t\t\t\t<\/div>\n\t\t<div data-particle_enable=\"false\" data-particle-mobile-disabled=\"false\" class=\"elementor-element elementor-element-cbf1c85 e-flex e-con-boxed e-con e-parent\" data-id=\"cbf1c85\" data-element_type=\"container\" data-e-type=\"container\">\n\t\t\t\t\t<div class=\"e-con-inner\">\n\t\t\t\t<div class=\"elementor-element elementor-element-c416ae0 elementor-widget elementor-widget-text-editor\" data-id=\"c416ae0\" data-element_type=\"widget\" data-e-type=\"widget\" data-widget_type=\"text-editor.default\">\n\t\t\t\t\t\t\t\t\t<div><strong>1. Regalos impersonales:<\/strong> <a href=\"https:\/\/soymigrante.com\/revista\/poema-dia-de-la-madre-migrante-ausente-poeta-momosteco\/\" target=\"_blank\" rel=\"noopener\">Tarjetas con mensajes gen\u00e9ricos<\/a>, tazas con frases clich\u00e9 o regalos comprados a \u00faltima hora pueden dejar la impresi\u00f3n de que no se pens\u00f3 en ella.<\/div><div><strong>2.Electrodom\u00e9sticos como \u201cobligaci\u00f3n\u201d:<\/strong> Si el regalo se siente como una herramienta para que siga cocinando o limpiando, puede ser malinterpretado como una carga en lugar de un gesto.<\/div><div><strong>3.Ropa sin conocer su talla o estilo:<\/strong> Regalar ropa sin conocer bien su gusto puede ser inc\u00f3modo y decepcionante. Mejor optar por una tarjeta de regalo en su tienda favorita.<\/div><div><strong>4.Regalos que en realidad son para la casa, no para ella<\/strong>: Cortinas, vajillas o art\u00edculos de decoraci\u00f3n no son un regalo personal. Lo ideal es que el obsequio sea algo solo para ella.<\/div><div><strong>5.Cosas que impliquen m\u00e1s trabajo:<\/strong> Un libro de recetas sin tiempo para leerlo, una planta que necesita mucho cuidado<a href=\"https:\/\/soymigrante.com\/revista\/poema-dia-de-la-madre-migrante-ausente-poeta-momosteco\/\" target=\"_blank\" rel=\"noopener\"> o un art\u00edculo que deba armarse puede causar estr\u00e9s en lugar de alegr\u00eda<\/a>.<\/div>\t\t\t\t\t\t\t\t<\/div>\n\t\t\t\t\t<\/div>\n\t\t\t\t<\/div>\n\t\t<div data-particle_enable=\"false\" data-particle-mobile-disabled=\"false\" class=\"elementor-element elementor-element-438afa4 e-flex e-con-boxed e-con e-parent\" data-id=\"438afa4\" data-element_type=\"container\" data-e-type=\"container\">\n\t\t\t\t\t<div class=\"e-con-inner\">\n\t\t\t\t<div class=\"elementor-element elementor-element-b19ae12 elementor-widget elementor-widget-image\" data-id=\"b19ae12\" data-element_type=\"widget\" data-e-type=\"widget\" data-widget_type=\"image.default\">\n\t\t\t\t\t\t\t\t\t\t\t\t<figure class=\"wp-caption\">\n\t\t\t\t\t\t\t\t\t\t<img decoding=\"async\" width=\"768\" height=\"473\" src=\"https:\/\/soymigrante.com\/revista\/wp-content\/uploads\/2025\/04\/Dia-de-la-Madre3-1024x631.jpeg\" class=\"attachment-large size-large wp-image-32156\" alt=\"Ni\u00f1os y madre sonriendo juntos al aire libre en un parque, mostrando uni\u00f3n y felicidad en un entorno natural.\" srcset=\"https:\/\/soymigrante.com\/revista\/wp-content\/uploads\/2025\/04\/Dia-de-la-Madre3-1024x631.jpeg 1024w, https:\/\/soymigrante.com\/revista\/wp-content\/uploads\/2025\/04\/Dia-de-la-Madre3-300x185.jpeg 300w, https:\/\/soymigrante.com\/revista\/wp-content\/uploads\/2025\/04\/Dia-de-la-Madre3-768x473.jpeg 768w, https:\/\/soymigrante.com\/revista\/wp-content\/uploads\/2025\/04\/Dia-de-la-Madre3-1536x947.jpeg 1536w, https:\/\/soymigrante.com\/revista\/wp-content\/uploads\/2025\/04\/Dia-de-la-Madre3-750x462.webp 750w, https:\/\/soymigrante.com\/revista\/wp-content\/uploads\/2025\/04\/Dia-de-la-Madre3-1140x703.webp 1140w, https:\/\/soymigrante.com\/revista\/wp-content\/uploads\/2025\/04\/Dia-de-la-Madre3.webp 1600w\" sizes=\"(max-width: 768px) 100vw, 768px\" title=\"D\u00eda de la Madre3 \u2013 SoyMigrante.com REVISTA\" \/>\t\t\t\t\t\t\t\t\t\t\t<figcaption class=\"widget-image-caption wp-caption-text\">Familia feliz disfrutando de un d\u00eda en parque, reforzando valores de uni\u00f3n, amor y bienestar familiar en un ambiente natural y luminoso.<\/figcaption>\n\t\t\t\t\t\t\t\t\t\t<\/figure>\n\t\t\t\t\t\t\t\t\t<\/div>\n\t\t\t\t\t<\/div>\n\t\t\t\t<\/div>\n\t\t<div data-particle_enable=\"false\" data-particle-mobile-disabled=\"false\" class=\"elementor-element elementor-element-55238a4 e-flex e-con-boxed e-con e-parent\" data-id=\"55238a4\" data-element_type=\"container\" data-e-type=\"container\">\n\t\t\t\t\t<div class=\"e-con-inner\">\n\t\t\t\t<div class=\"elementor-element elementor-element-e6b32d2 elementor-widget elementor-widget-heading\" data-id=\"e6b32d2\" data-element_type=\"widget\" data-e-type=\"widget\" data-widget_type=\"heading.default\">\n\t\t\t\t\t<h3 class=\"elementor-heading-title elementor-size-default\">Lo m\u00e1s importante: pensar en ella<\/h3>\t\t\t\t<\/div>\n\t\t\t\t\t<\/div>\n\t\t\t\t<\/div>\n\t\t<div data-particle_enable=\"false\" data-particle-mobile-disabled=\"false\" class=\"elementor-element elementor-element-5b8d5e8 e-flex e-con-boxed e-con e-parent\" data-id=\"5b8d5e8\" data-element_type=\"container\" data-e-type=\"container\">\n\t\t\t\t\t<div class=\"e-con-inner\">\n\t\t\t\t<div class=\"elementor-element elementor-element-eb44b1a elementor-widget elementor-widget-text-editor\" data-id=\"eb44b1a\" data-element_type=\"widget\" data-e-type=\"widget\" data-widget_type=\"text-editor.default\">\n\t\t\t\t\t\t\t\t\t<p><a href=\"https:\/\/soymigrante.com\/revista\/poema-dia-de-la-madre-migrante-ausente-poeta-momosteco\/\" target=\"_blank\" rel=\"noopener\">Cada mam\u00e1 es \u00fanica, por eso el mejor regalo ser\u00e1 el que se haya pensado especialmente para ella.<\/a> Escucharla, observar lo que le gusta y recordar lo que ha dicho durante el a\u00f1o puede darte la mejor pista.<\/p><p>Como dice el dicho: \u201cNo se trata del precio del regalo, sino del valor que tiene para quien lo recibe\u201d. En este D\u00eda de la Madre, m\u00e1s que un objeto, regala amor, atenci\u00f3n y gratitud.<\/p>\t\t\t\t\t\t\t\t<\/div>\n\t\t\t\t\t<\/div>\n\t\t\t\t<\/div>\n\t\t<div data-particle_enable=\"false\" data-particle-mobile-disabled=\"false\" class=\"elementor-element elementor-element-3a5f4a4 e-flex e-con-boxed e-con e-parent\" data-id=\"3a5f4a4\" data-element_type=\"container\" data-e-type=\"container\">\n\t\t\t\t\t<div class=\"e-con-inner\">\n\t\t\t\t<div class=\"elementor-element elementor-element-66791db elementor-widget elementor-widget-heading\" data-id=\"66791db\" data-element_type=\"widget\" data-e-type=\"widget\" data-widget_type=\"heading.default\">\n\t\t\t\t\t<h2 class=\"elementor-heading-title elementor-size-default\">Conoce otras historias que te pueden interesar...<\/h2>\t\t\t\t<\/div>\n\t\t\t\t\t<\/div>\n\t\t\t\t<\/div>\n\t\t<div data-particle_enable=\"false\" data-particle-mobile-disabled=\"false\" class=\"elementor-element elementor-element-befd83e e-flex e-con-boxed e-con e-parent\" data-id=\"befd83e\" data-element_type=\"container\" data-e-type=\"container\">\n\t\t\t\t\t<div class=\"e-con-inner\">\n\t\t\t\t<div class=\"elementor-element elementor-element-a39b592 elementor-grid-eael-col-3 elementor-grid-tablet-eael-col-2 elementor-grid-mobile-eael-col-1 elementor-widget elementor-widget-eael-post-grid\" data-id=\"a39b592\" data-element_type=\"widget\" data-e-type=\"widget\" data-settings=\"{&quot;eael_post_grid_columns&quot;:&quot;eael-col-3&quot;,&quot;eael_post_grid_columns_tablet&quot;:&quot;eael-col-2&quot;,&quot;eael_post_grid_columns_mobile&quot;:&quot;eael-col-1&quot;}\" data-widget_type=\"eael-post-grid.default\">\n\t\t\t\t\t<div id=\"eael-post-grid-a39b592\" class=\"eael-post-grid-container\">\n            <div class=\"eael-post-grid eael-post-appender eael-post-appender-a39b592 eael-post-grid-style-one\" data-layout-mode=\"masonry\"><article class=\"eael-grid-post  eael-post-grid-column eael-pg-post-26621 category-guate-nuestra\" data-id=\"26621\">\n        <div class=\"eael-grid-post-holder\">\n            <div class=\"eael-grid-post-holder-inner\"><div class=\"eael-entry-media\"><div class=\"eael-entry-overlay fade-in\"><i class=\"far fa-hand-pointer\" aria-hidden=\"true\"><\/i><a href=\"https:\/\/soymigrante.com\/revista\/asi-fue-el-reencuentro-de-madres-guatemaltecas-con-sus-hijos-migrantes\/\"><\/a><\/div><div class=\"eael-entry-thumbnail \">\n                <img decoding=\"async\" width=\"1024\" height=\"1024\" src=\"https:\/\/soymigrante.com\/revista\/wp-content\/uploads\/2025\/02\/AMGLA-ANCIANOS-e1740774814945-1024x1024.webp\" class=\"attachment-large size-large wp-image-26622\" alt=\"Autenticidad: Personas migrantes en aeropuerto mostrando identidad y esperanza, promoviendo la cultura y los derechos de los migrantes en la comunidad hispanohablante.\" srcset=\"https:\/\/soymigrante.com\/revista\/wp-content\/uploads\/2025\/02\/AMGLA-ANCIANOS-e1740774814945-1024x1024.webp 1024w, https:\/\/soymigrante.com\/revista\/wp-content\/uploads\/2025\/02\/AMGLA-ANCIANOS-e1740774814945-300x300.webp 300w, https:\/\/soymigrante.com\/revista\/wp-content\/uploads\/2025\/02\/AMGLA-ANCIANOS-e1740774814945-150x150.webp 150w, https:\/\/soymigrante.com\/revista\/wp-content\/uploads\/2025\/02\/AMGLA-ANCIANOS-e1740774814945-768x768.webp 768w, https:\/\/soymigrante.com\/revista\/wp-content\/uploads\/2025\/02\/AMGLA-ANCIANOS-e1740774814945-75x75.webp 75w, https:\/\/soymigrante.com\/revista\/wp-content\/uploads\/2025\/02\/AMGLA-ANCIANOS-e1740774814945-750x750.webp 750w, https:\/\/soymigrante.com\/revista\/wp-content\/uploads\/2025\/02\/AMGLA-ANCIANOS-e1740774814945-1140x1140.webp 1140w, https:\/\/soymigrante.com\/revista\/wp-content\/uploads\/2025\/02\/AMGLA-ANCIANOS-e1740774814945.webp 1147w\" sizes=\"(max-width: 1024px) 100vw, 1024px\" \/>\n            <\/div>\n        <\/div><div class=\"eael-entry-wrapper\"><header class=\"eael-entry-header\"><h2 class=\"eael-entry-title\"><a class=\"eael-grid-post-link\" href=\"https:\/\/soymigrante.com\/revista\/asi-fue-el-reencuentro-de-madres-guatemaltecas-con-sus-hijos-migrantes\/\" title=\"As\u00ed fue el reencuentro de madres guatemaltecas con sus hijos migrantes\">As\u00ed fue el reencuentro de madres guatemaltecas con sus hijos migrantes<\/a><\/h2><\/header><div class=\"eael-entry-content\">\n                        <div class=\"eael-grid-post-excerpt\"><a href=\"https:\/\/soymigrante.com\/revista\/asi-fue-el-reencuentro-de-madres-guatemaltecas-con-sus-hijos-migrantes\/\" class=\"eael-post-elements-readmore-btn\">CONOCE SU HISTORIA <\/a><\/div>\n                    <\/div><\/div><\/div>\n        <\/div>\n    <\/article><article class=\"eael-grid-post  eael-post-grid-column eael-pg-post-20419 category-guate-nuestra tags-mercado-emprendedores\" data-id=\"20419\">\n        <div class=\"eael-grid-post-holder\">\n            <div class=\"eael-grid-post-holder-inner\"><div class=\"eael-entry-media\"><div class=\"eael-entry-overlay fade-in\"><i class=\"far fa-hand-pointer\" aria-hidden=\"true\"><\/i><a href=\"https:\/\/soymigrante.com\/revista\/calzado-ninnke-nacio-del-amor-de-una-mama-y-la-pasion-por-crear-un-estilo-unico\/\"><\/a><\/div><div class=\"eael-entry-thumbnail \">\n                <img loading=\"lazy\" decoding=\"async\" width=\"960\" height=\"960\" src=\"https:\/\/soymigrante.com\/revista\/wp-content\/uploads\/2025\/01\/ninnke-zapatos.webp\" class=\"attachment-large size-large wp-image-20421\" alt=\"Zapatos de tac\u00f3n dorados y pantalones blancos casuales con blusa azul claro, sentada en una silla en una tienda de zapatos con exhibici\u00f3n de sandalias y gafas en el fondo.\" srcset=\"https:\/\/soymigrante.com\/revista\/wp-content\/uploads\/2025\/01\/ninnke-zapatos.webp 960w, https:\/\/soymigrante.com\/revista\/wp-content\/uploads\/2025\/01\/ninnke-zapatos-300x300.jpg 300w, https:\/\/soymigrante.com\/revista\/wp-content\/uploads\/2025\/01\/ninnke-zapatos-150x150.jpg 150w, https:\/\/soymigrante.com\/revista\/wp-content\/uploads\/2025\/01\/ninnke-zapatos-768x768.jpg 768w, https:\/\/soymigrante.com\/revista\/wp-content\/uploads\/2025\/01\/ninnke-zapatos-75x75.webp 75w, https:\/\/soymigrante.com\/revista\/wp-content\/uploads\/2025\/01\/ninnke-zapatos-750x750.webp 750w\" sizes=\"(max-width: 960px) 100vw, 960px\" \/>\n            <\/div>\n        <\/div><div class=\"eael-entry-wrapper\"><header class=\"eael-entry-header\"><h2 class=\"eael-entry-title\"><a class=\"eael-grid-post-link\" href=\"https:\/\/soymigrante.com\/revista\/calzado-ninnke-nacio-del-amor-de-una-mama-y-la-pasion-por-crear-un-estilo-unico\/\" title=\"Calzado Ninnke naci\u00f3 del amor de una mam\u00e1 y la pasi\u00f3n por crear un estilo \u00fanico: ahora est\u00e1 en MERCADO\">Calzado Ninnke naci\u00f3 del amor de una mam\u00e1 y la pasi\u00f3n por crear un estilo \u00fanico: ahora est\u00e1 en MERCADO<\/a><\/h2><\/header><div class=\"eael-entry-content\">\n                        <div class=\"eael-grid-post-excerpt\"><a href=\"https:\/\/soymigrante.com\/revista\/calzado-ninnke-nacio-del-amor-de-una-mama-y-la-pasion-por-crear-un-estilo-unico\/\" class=\"eael-post-elements-readmore-btn\">CONOCE SU HISTORIA <\/a><\/div>\n                    <\/div><\/div><\/div>\n        <\/div>\n    <\/article><article class=\"eael-grid-post  eael-post-grid-column eael-pg-post-16711 category-bienestar\" data-id=\"16711\">\n        <div class=\"eael-grid-post-holder\">\n            <div class=\"eael-grid-post-holder-inner\"><div class=\"eael-entry-media\"><div class=\"eael-entry-overlay fade-in\"><i class=\"far fa-hand-pointer\" aria-hidden=\"true\"><\/i><a href=\"https:\/\/soymigrante.com\/revista\/donde-buscar-servicios-prenatales-y-atencion-medica-para-madres-migrantes-en-usa\/\"><\/a><\/div><div class=\"eael-entry-thumbnail \">\n                <img loading=\"lazy\" decoding=\"async\" width=\"1024\" height=\"1024\" src=\"https:\/\/soymigrante.com\/revista\/wp-content\/uploads\/2024\/12\/prenatal-5-1024x1024.jpg\" class=\"attachment-large size-large wp-image-16745\" alt=\"Mujer embarazada haciendo yoga, practicando meditaci\u00f3n en casa, ejercicio prenatal para futuras madres, bienestar y salud durante el embarazo, revista SoyMigrante.com.\" srcset=\"https:\/\/soymigrante.com\/revista\/wp-content\/uploads\/2024\/12\/prenatal-5-1024x1024.jpg 1024w, https:\/\/soymigrante.com\/revista\/wp-content\/uploads\/2024\/12\/prenatal-5-300x300.jpg 300w, https:\/\/soymigrante.com\/revista\/wp-content\/uploads\/2024\/12\/prenatal-5-150x150.jpg 150w, https:\/\/soymigrante.com\/revista\/wp-content\/uploads\/2024\/12\/prenatal-5-768x768.jpg 768w, https:\/\/soymigrante.com\/revista\/wp-content\/uploads\/2024\/12\/prenatal-5-1536x1536.jpg 1536w, https:\/\/soymigrante.com\/revista\/wp-content\/uploads\/2024\/12\/prenatal-5-2048x2048.jpg 2048w, https:\/\/soymigrante.com\/revista\/wp-content\/uploads\/2024\/12\/prenatal-5-75x75.webp 75w, https:\/\/soymigrante.com\/revista\/wp-content\/uploads\/2024\/12\/prenatal-5-750x750.webp 750w, https:\/\/soymigrante.com\/revista\/wp-content\/uploads\/2024\/12\/prenatal-5-1140x1140.webp 1140w, https:\/\/soymigrante.com\/revista\/wp-content\/uploads\/2024\/12\/prenatal-5-scaled.webp 1920w\" sizes=\"(max-width: 1024px) 100vw, 1024px\" \/>\n            <\/div>\n        <\/div><div class=\"eael-entry-wrapper\"><header class=\"eael-entry-header\"><h2 class=\"eael-entry-title\"><a class=\"eael-grid-post-link\" href=\"https:\/\/soymigrante.com\/revista\/donde-buscar-servicios-prenatales-y-atencion-medica-para-madres-migrantes-en-usa\/\" title=\"D\u00f3nde buscar servicios prenatales y atenci\u00f3n m\u00e9dica para madres migrantes en USA\">D\u00f3nde buscar servicios prenatales y atenci\u00f3n m\u00e9dica para madres migrantes en USA<\/a><\/h2><\/header><div class=\"eael-entry-content\">\n                        <div class=\"eael-grid-post-excerpt\"><a href=\"https:\/\/soymigrante.com\/revista\/donde-buscar-servicios-prenatales-y-atencion-medica-para-madres-migrantes-en-usa\/\" class=\"eael-post-elements-readmore-btn\">CONOCE SU HISTORIA <\/a><\/div>\n                    <\/div><\/div><\/div>\n        <\/div>\n    <\/article><\/div>\n            <div class=\"clearfix\"><\/div>\n        <\/div>\t\t\t\t<\/div>\n\t\t\t\t\t<\/div>\n\t\t\t\t<\/div>\n\t\t\t\t<\/div>\n\t\t","protected":false},"excerpt":{"rendered":"<p>El D\u00eda de la Madre es uno de los m\u00e1s importantes, por ello, hay que saber qu\u00e9 regalar y qu\u00e9 no, para hacerla m\u00e1s feliz. Se acerca el D\u00eda de la Madre y con \u00e9l la eterna pregunta: \u00bfqu\u00e9 regalarle a mam\u00e1? Aunque la intenci\u00f3n cuenta, no todos los regalos causan la misma emoci\u00f3n. Algunas [&hellip;]<\/p>\n","protected":false},"author":19,"featured_media":32153,"comment_status":"open","ping_status":"open","sticky":false,"template":"","format":"standard","meta":{"_acf_changed":false,"_eb_attr":"","footnotes":""},"categories":[55],"tags":[],"class_list":["post-32152","post","type-post","status-publish","format-standard","has-post-thumbnail","hentry","category-bienestar"],"acf":[],"aioseo_notices":[],"aioseo_head":"\n\t\t<!-- All in One SEO Pro 4.9.6.2 - aioseo.com -->\n\t<meta name=\"description\" content=\"Cuidar de la salud durante el embarazo es crucial tanto para la madre como para el beb\u00e9. Algunas organizaciones ayudan a orientar d\u00f3nde encontrarla.\" \/>\n\t<meta name=\"robots\" content=\"max-snippet:-1, max-image-preview:large, max-video-preview:-1\" \/>\n\t<meta name=\"author\" content=\"Beatriz Tercero\"\/>\n\t<link rel=\"canonical\" href=\"https:\/\/soymigrante.com\/revista\/donde-buscar-servicios-prenatales-y-atencion-medica-para-madres-migrantes-en-usa\/\" \/>\n\t<meta name=\"generator\" content=\"All in One SEO Pro (AIOSEO) 4.9.6.2\" \/>\n\n\t\t<link rel=\"preconnect\" href=\"https:\/\/fonts.googleapis.com\" crossorigin>\n<link rel=\"preconnect\" href=\"https:\/\/fonts.gstatic.com\" crossorigin>\n\t\t<meta property=\"og:locale\" content=\"es_ES\" \/>\n\t\t<meta property=\"og:site_name\" content=\"SoyMigrante.com REVISTA \u2013 Nuestra misi\u00f3n es reconocer y dignificar al migrante.\" \/>\n\t\t<meta property=\"og:type\" content=\"article\" \/>\n\t\t<meta property=\"og:title\" content=\"D\u00f3nde buscar servicios prenatales y atenci\u00f3n m\u00e9dica en USA\" \/>\n\t\t<meta property=\"og:description\" content=\"Cuidar de la salud durante el embarazo es crucial tanto para la madre como para el beb\u00e9. Algunas organizaciones ayudan a orientar d\u00f3nde encontrarla.\" \/>\n\t\t<meta property=\"og:url\" content=\"https:\/\/soymigrante.com\/revista\/donde-buscar-servicios-prenatales-y-atencion-medica-para-madres-migrantes-en-usa\/\" \/>\n\t\t<meta property=\"og:image\" content=\"https:\/\/soymigrante.com\/revista\/wp-content\/uploads\/2024\/12\/prenatal-5-scaled.webp\" \/>\n\t\t<meta property=\"og:image:secure_url\" content=\"https:\/\/soymigrante.com\/revista\/wp-content\/uploads\/2024\/12\/prenatal-5-scaled.webp\" \/>\n\t\t<meta property=\"og:image:width\" content=\"1920\" \/>\n\t\t<meta property=\"og:image:height\" content=\"1920\" \/>\n\t\t<meta property=\"article:published_time\" content=\"2025-01-06T23:07:49+00:00\" \/>\n\t\t<meta property=\"article:modified_time\" content=\"2025-01-06T23:10:16+00:00\" \/>\n\t\t<meta property=\"article:publisher\" content=\"https:\/\/www.facebook.com\/soymigrantecom\" \/>\n\t\t<meta name=\"twitter:card\" content=\"summary_large_image\" \/>\n\t\t<meta name=\"twitter:site\" content=\"@SoyMigrante_com\" \/>\n\t\t<meta name=\"twitter:title\" content=\"D\u00f3nde buscar servicios prenatales y atenci\u00f3n m\u00e9dica en USA\" \/>\n\t\t<meta name=\"twitter:description\" content=\"Cuidar de la salud durante el embarazo es crucial tanto para la madre como para el beb\u00e9. Algunas organizaciones ayudan a orientar d\u00f3nde encontrarla.\" \/>\n\t\t<meta name=\"twitter:creator\" content=\"@SoyMigrante_com\" \/>\n\t\t<meta name=\"twitter:image\" content=\"https:\/\/soymigrante.com\/revista\/wp-content\/uploads\/2024\/12\/prenatal-5-scaled.webp\" \/>\n\t\t<!-- All in One SEO Pro -->\r\n\t\t<title>D\u00f3nde buscar servicios prenatales y atenci\u00f3n m\u00e9dica en USA<\/title>\n\n","aioseo_head_json":{"title":"D\u00f3nde buscar servicios prenatales y atenci\u00f3n m\u00e9dica en USA","description":"Cuidar de la salud durante el embarazo es crucial tanto para la madre como para el beb\u00e9. Algunas organizaciones ayudan a orientar d\u00f3nde encontrarla.","canonical_url":"https:\/\/soymigrante.com\/revista\/donde-buscar-servicios-prenatales-y-atencion-medica-para-madres-migrantes-en-usa\/","robots":"max-snippet:-1, max-image-preview:large, max-video-preview:-1","keywords":"","webmasterTools":{"miscellaneous":"&lt;link rel=\"preconnect\" href=\"https:\/\/fonts.googleapis.com\" crossorigin&gt;\n&lt;link rel=\"preconnect\" href=\"https:\/\/fonts.gstatic.com\" crossorigin&gt;"},"schema":null,"og:locale":"es_ES","og:site_name":"SoyMigrante.com REVISTA \u2013 Nuestra misi\u00f3n es reconocer y dignificar al migrante.","og:type":"article","og:title":"D\u00f3nde buscar servicios prenatales y atenci\u00f3n m\u00e9dica en USA","og:description":"Cuidar de la salud durante el embarazo es crucial tanto para la madre como para el beb\u00e9. Algunas organizaciones ayudan a orientar d\u00f3nde encontrarla.","og:url":"https:\/\/soymigrante.com\/revista\/donde-buscar-servicios-prenatales-y-atencion-medica-para-madres-migrantes-en-usa\/","og:image":"https:\/\/soymigrante.com\/revista\/wp-content\/uploads\/2024\/12\/prenatal-5-scaled.webp","og:image:secure_url":"https:\/\/soymigrante.com\/revista\/wp-content\/uploads\/2024\/12\/prenatal-5-scaled.webp","og:image:width":1920,"og:image:height":1920,"article:published_time":"2025-01-06T23:07:49+00:00","article:modified_time":"2025-01-06T23:10:16+00:00","article:publisher":"https:\/\/www.facebook.com\/soymigrantecom","twitter:card":"summary_large_image","twitter:site":"@SoyMigrante_com","twitter:title":"D\u00f3nde buscar servicios prenatales y atenci\u00f3n m\u00e9dica en USA","twitter:description":"Cuidar de la salud durante el embarazo es crucial tanto para la madre como para el beb\u00e9. Algunas organizaciones ayudan a orientar d\u00f3nde encontrarla.","twitter:creator":"@SoyMigrante_com","twitter:image":"https:\/\/soymigrante.com\/revista\/wp-content\/uploads\/2024\/12\/prenatal-5-scaled.webp"},"aioseo_meta_data":{"post_id":"32152","title":null,"description":"El D\u00eda de la Madre es uno de los m\u00e1s importantes, por ello, hay que saber qu\u00e9 regalar y qu\u00e9 no, para hacerla m\u00e1s feliz.","keywords":null,"keyphrases":{"focus":{"keyphrase":"D\u00eda de la madre","score":74,"analysis":{"keyphraseInTitle":{"score":9,"maxScore":9,"error":0},"keyphraseInDescription":{"score":9,"maxScore":9,"error":0},"keyphraseLength":{"score":6,"maxScore":9,"error":1,"length":5},"keyphraseInURL":{"score":5,"maxScore":5,"error":0},"keyphraseInIntroduction":{"score":9,"maxScore":9,"error":0},"keyphraseInSubHeadings":{"score":3,"maxScore":9,"error":1},"keyphraseInImageAlt":{"score":9,"maxScore":9,"error":0},"keywordDensity":{"score":0,"type":"low","maxScore":9,"error":1}}},"additional":[{"keyphrase":"D\u00eda de la Madre","score":73,"analysis":{"keyphraseInDescription":{"score":9,"maxScore":9,"error":0},"keyphraseLength":{"score":6,"maxScore":9,"error":1,"length":5},"keyphraseInIntroduction":{"score":9,"maxScore":9,"error":0},"keyphraseInImageAlt":{"score":9,"maxScore":9,"error":0},"keywordDensity":{"score":0,"type":"low","maxScore":9,"error":1}}}]},"primary_term":null,"canonical_url":null,"og_title":null,"og_description":null,"og_object_type":"default","og_image_type":"default","og_image_url":null,"og_image_width":null,"og_image_height":null,"og_image_custom_url":null,"og_image_custom_fields":null,"og_video":"","og_custom_url":null,"og_article_section":null,"og_article_tags":null,"twitter_use_og":false,"twitter_card":"default","twitter_image_type":"default","twitter_image_url":null,"twitter_image_custom_url":null,"twitter_image_custom_fields":null,"twitter_title":null,"twitter_description":null,"schema":{"blockGraphs":[],"customGraphs":[],"default":{"data":{"Article":[],"Course":[],"Dataset":[],"FAQPage":[],"Movie":[],"Person":[],"Product":[],"ProductReview":[],"Car":[],"Recipe":[],"Service":[],"SoftwareApplication":[],"WebPage":[]},"graphName":"none","isEnabled":true},"graphs":[]},"schema_type":"default","schema_type_options":null,"pillar_content":false,"robots_default":true,"robots_noindex":false,"robots_noarchive":false,"robots_nosnippet":false,"robots_nofollow":false,"robots_noimageindex":false,"robots_noodp":false,"robots_notranslate":false,"robots_max_snippet":"-1","robots_max_videopreview":"-1","robots_max_imagepreview":"large","priority":null,"frequency":"default","local_seo":null,"seo_analyzer_scan_date":"2025-10-09 04:47:57","breadcrumb_settings":null,"limit_modified_date":false,"reviewed_by":null,"open_ai":"{\"title\":{\"suggestions\":[],\"usage\":0},\"description\":{\"suggestions\":[],\"usage\":0}}","ai":null,"created":"2025-04-29 18:34:30","updated":"2026-02-04 23:28:17"},"aioseo_breadcrumb":"<div class=\"aioseo-breadcrumbs\"><span class=\"aioseo-breadcrumb\">\n\t<a href=\"https:\/\/soymigrante.com\/revista\" title=\"Home\">Home<\/a>\n<\/span><span class=\"aioseo-breadcrumb-separator\">\u00bb<\/span><span class=\"aioseo-breadcrumb\">\n\t<a href=\"https:\/\/soymigrante.com\/revista\/category\/bienestar\/\" title=\"Bienestar\">Bienestar<\/a>\n<\/span><span class=\"aioseo-breadcrumb-separator\">\u00bb<\/span><span class=\"aioseo-breadcrumb\">\n\tViene el d\u00eda de la Madre: Qu\u00e9 se podr\u00eda regalar (y qu\u00e9 no se deber\u00eda) para festejar mejor\n<\/span><\/div>","aioseo_breadcrumb_json":[{"label":"Home","link":"https:\/\/soymigrante.com\/revista"},{"label":"Bienestar","link":"https:\/\/soymigrante.com\/revista\/category\/bienestar\/"},{"label":"Viene el d\u00eda de la Madre: Qu\u00e9 se podr\u00eda regalar (y qu\u00e9 no se deber\u00eda) para festejar mejor","link":"https:\/\/soymigrante.com\/revista\/viene-el-dia-de-la-madre-que-se-podria-regalar-y-que-no-se-deberia-para-festejar-mejor\/"}],"_links":{"self":[{"href":"https:\/\/soymigrante.com\/revista\/wp-json\/wp\/v2\/posts\/32152","targetHints":{"allow":["GET"]}}],"collection":[{"href":"https:\/\/soymigrante.com\/revista\/wp-json\/wp\/v2\/posts"}],"about":[{"href":"https:\/\/soymigrante.com\/revista\/wp-json\/wp\/v2\/types\/post"}],"author":[{"embeddable":true,"href":"https:\/\/soymigrante.com\/revista\/wp-json\/wp\/v2\/users\/19"}],"replies":[{"embeddable":true,"href":"https:\/\/soymigrante.com\/revista\/wp-json\/wp\/v2\/comments?post=32152"}],"version-history":[{"count":9,"href":"https:\/\/soymigrante.com\/revista\/wp-json\/wp\/v2\/posts\/32152\/revisions"}],"predecessor-version":[{"id":32407,"href":"https:\/\/soymigrante.com\/revista\/wp-json\/wp\/v2\/posts\/32152\/revisions\/32407"}],"wp:featuredmedia":[{"embeddable":true,"href":"https:\/\/soymigrante.com\/revista\/wp-json\/wp\/v2\/media\/32153"}],"wp:attachment":[{"href":"https:\/\/soymigrante.com\/revista\/wp-json\/wp\/v2\/media?parent=32152"}],"wp:term":[{"taxonomy":"category","embeddable":true,"href":"https:\/\/soymigrante.com\/revista\/wp-json\/wp\/v2\/categories?post=32152"},{"taxonomy":"post_tag","embeddable":true,"href":"https:\/\/soymigrante.com\/revista\/wp-json\/wp\/v2\/tags?post=32152"}],"curies":[{"name":"wp","href":"https:\/\/api.w.org\/{rel}","templated":true}]}}