{"id":32077,"date":"2025-04-29T11:04:11","date_gmt":"2025-04-29T17:04:11","guid":{"rendered":"https:\/\/soymigrante.com\/revista\/?p=32077"},"modified":"2025-04-30T14:42:22","modified_gmt":"2025-04-30T20:42:22","slug":"teddy-y-la-fabrica-de-chocolate-artesanal-vive-cacao-de-coban-esta-en-mercado","status":"publish","type":"post","link":"https:\/\/soymigrante.com\/revista\/teddy-y-la-fabrica-de-chocolate-artesanal-vive-cacao-de-coban-esta-en-mercado\/","title":{"rendered":"Teddy y la f\u00e1brica de chocolate artesanal Vive Cacao, de Cob\u00e1n est\u00e1 en MERCADO"},"content":{"rendered":"\t\t<div data-elementor-type=\"wp-post\" data-elementor-id=\"32077\" class=\"elementor elementor-32077\" data-elementor-post-type=\"post\">\n\t\t\t\t<div data-particle_enable=\"false\" data-particle-mobile-disabled=\"false\" class=\"elementor-element elementor-element-58044b5 e-flex e-con-boxed e-con e-parent\" data-id=\"58044b5\" data-element_type=\"container\" data-e-type=\"container\">\n\t\t\t\t\t<div class=\"e-con-inner\">\n\t\t\t\t<div class=\"elementor-element elementor-element-a669fc3 elementor-widget elementor-widget-heading\" data-id=\"a669fc3\" data-element_type=\"widget\" data-e-type=\"widget\" data-widget_type=\"heading.default\">\n\t\t\t\t\t<h2 class=\"elementor-heading-title elementor-size-default\"><span style=\"font-size: 31.2px\">Con selectos granos de cacao de Alta Verapaz, Pet\u00e9n e Izabal, con calidad de exportaci\u00f3n, el emprendedor guatemalteco Teddy Ruiz elabora en Cob\u00e1n chocolates y cocoas que ahora est\u00e1n disponibles en SoyMigrante.com MERCADO. Y esta es su historia.\n<\/span><div><br><\/div><\/h2>\t\t\t\t<\/div>\n\t\t\t\t\t<\/div>\n\t\t\t\t<\/div>\n\t\t<div data-particle_enable=\"false\" data-particle-mobile-disabled=\"false\" class=\"elementor-element elementor-element-a33699b e-flex e-con-boxed e-con e-parent\" data-id=\"a33699b\" data-element_type=\"container\" data-e-type=\"container\">\n\t\t\t\t\t<div class=\"e-con-inner\">\n\t\t\t\t<div class=\"elementor-element elementor-element-beb18a2 elementor-widget elementor-widget-text-editor\" data-id=\"beb18a2\" data-element_type=\"widget\" data-e-type=\"widget\" data-widget_type=\"text-editor.default\">\n\t\t\t\t\t\t\t\t\t<p>Tras a\u00f1os de experiencia en la exportaci\u00f3n de cacao desde <a href=\"https:\/\/soymigrante.com\/revista\/departamentos-de-guatemala-alta-verapaz-mosaico-cultural-y-natural\/\">Alta Verapaz, <\/a>el emprendedor cobanero Teddy Ruiz decidi\u00f3 cambiar rumbo. Con formaci\u00f3n como licenciado en Comercio Internacional por el Instituto Tecnol\u00f3gico de Monterrey, M\u00e9xico su trayectoria lo llev\u00f3 a trabajar como comercializador de cacao guatemalteco con rumbo a Estados Unidos y Europa. Fue en ese entorno global y en la b\u00fasqueda de excelencia de dicho grano, donde naci\u00f3 una inquietud: <b>\u00bfPor qu\u00e9 el cacao guatemalteco, con su gran tradici\u00f3n cultural y alt\u00edsima calidad, casi solo es transformado en chocolate fuera del pa\u00eds?<\/b><\/p><p>As\u00ed surgi\u00f3 <a href=\"https:\/\/soymigrante.com\/mercado\/marketplace\/seller\/vivecacao\/products?srsltid=AfmBOoq652-fuTaJrbQ9_HvB8PqpIOwpNgoheaWpGdnZPm7LnNPfyfk3\">Vive Cacao,<\/a> una propuesta de valor que busca producir chocolates y cocoas con materia prima local, demostrando as\u00ed que Guatemala no solo puede cultivar el mejor grano, sino tambi\u00e9n crear productos terminados de clase mundial. &#8220;Ya he recibido buenos comentarios de expertos&#8221;, cuenta.\u00a0<\/p><p>Abri\u00f3 su tienda en <a href=\"https:\/\/soymigrante.com\/mercado\/\">SoyMigrante.com MERCADO,<\/a> la comunidad en l\u00ednea creada para que emprendedores y compradores guatemaltecos se encuentren: un proyecto activo, proactivo e innovador para peque\u00f1os negocios y creadores de productos elaborados a mano, detr\u00e1s de las cuales siempre hay una historia.\u00a0 Y esta es la historia de Vive Cacao, de Cob\u00e1n.<\/p>\t\t\t\t\t\t\t\t<\/div>\n\t\t\t\t\t<\/div>\n\t\t\t\t<\/div>\n\t\t<div data-particle_enable=\"false\" data-particle-mobile-disabled=\"false\" class=\"elementor-element elementor-element-ce63ef8 e-flex e-con-boxed e-con e-parent\" data-id=\"ce63ef8\" data-element_type=\"container\" data-e-type=\"container\">\n\t\t\t\t\t<div class=\"e-con-inner\">\n\t\t\t\t<div class=\"elementor-element elementor-element-940443c elementor-widget elementor-widget-image\" data-id=\"940443c\" data-element_type=\"widget\" data-e-type=\"widget\" data-widget_type=\"image.default\">\n\t\t\t\t\t\t\t\t\t\t\t\t<figure class=\"wp-caption\">\n\t\t\t\t\t\t\t\t\t\t\t<a href=\"https:\/\/soymigrante.com\/mercado\/marketplace\/seller\/profile\/vivecacao\">\n\t\t\t\t\t\t\t<img fetchpriority=\"high\" decoding=\"async\" width=\"768\" height=\"409\" src=\"https:\/\/soymigrante.com\/revista\/wp-content\/uploads\/2025\/04\/vive-cacao-tienda-soymigrante-mercado-1024x545.png\" class=\"attachment-large size-large wp-image-32091\" alt=\"Vive cacao, chocolate con pasi\u00f3n, en Guatemalta, producto artesanal, cacao de alta calidad, para amantes del chocolate, productos gourmet, cultura del cacao, comercio justo, ingredientes naturales.\" srcset=\"https:\/\/soymigrante.com\/revista\/wp-content\/uploads\/2025\/04\/vive-cacao-tienda-soymigrante-mercado-1024x545.png 1024w, https:\/\/soymigrante.com\/revista\/wp-content\/uploads\/2025\/04\/vive-cacao-tienda-soymigrante-mercado-300x160.png 300w, https:\/\/soymigrante.com\/revista\/wp-content\/uploads\/2025\/04\/vive-cacao-tienda-soymigrante-mercado-768x409.png 768w, https:\/\/soymigrante.com\/revista\/wp-content\/uploads\/2025\/04\/vive-cacao-tienda-soymigrante-mercado-1536x818.png 1536w, https:\/\/soymigrante.com\/revista\/wp-content\/uploads\/2025\/04\/vive-cacao-tienda-soymigrante-mercado-750x399.webp 750w, https:\/\/soymigrante.com\/revista\/wp-content\/uploads\/2025\/04\/vive-cacao-tienda-soymigrante-mercado-1140x607.webp 1140w, https:\/\/soymigrante.com\/revista\/wp-content\/uploads\/2025\/04\/vive-cacao-tienda-soymigrante-mercado.webp 1777w\" sizes=\"(max-width: 768px) 100vw, 768px\" title=\"Vive Cacao propone un producto fresco, aut\u00e9nticamente guatemalteco, elaborado artesanalmente con granos de alta calidad en cuatro municipios del pa\u00eds. Para visitar la tienda, puedes dar clic en la imagen. \u2013 SoyMigrante.com REVISTA\" \/>\t\t\t\t\t\t\t\t<\/a>\n\t\t\t\t\t\t\t\t\t\t\t<figcaption class=\"widget-image-caption wp-caption-text\">Chocolate artesanal guatemalteco, cacao de alta calidad en SoyMigrante.com Revista.<\/figcaption>\n\t\t\t\t\t\t\t\t\t\t<\/figure>\n\t\t\t\t\t\t\t\t\t<\/div>\n\t\t\t\t\t<\/div>\n\t\t\t\t<\/div>\n\t\t<div data-particle_enable=\"false\" data-particle-mobile-disabled=\"false\" class=\"elementor-element elementor-element-620f95b e-flex e-con-boxed e-con e-parent\" data-id=\"620f95b\" data-element_type=\"container\" data-e-type=\"container\">\n\t\t\t\t\t<div class=\"e-con-inner\">\n\t\t\t\t<div class=\"elementor-element elementor-element-f82cbb8 elementor-widget elementor-widget-heading\" data-id=\"f82cbb8\" data-element_type=\"widget\" data-e-type=\"widget\" data-widget_type=\"heading.default\">\n\t\t\t\t\t<h3 class=\"elementor-heading-title elementor-size-default\">Cacao de origen 100% guatemalteco<\/h3>\t\t\t\t<\/div>\n\t\t\t\t\t<\/div>\n\t\t\t\t<\/div>\n\t\t<div data-particle_enable=\"false\" data-particle-mobile-disabled=\"false\" class=\"elementor-element elementor-element-d59d70d e-flex e-con-boxed e-con e-parent\" data-id=\"d59d70d\" data-element_type=\"container\" data-e-type=\"container\">\n\t\t\t\t\t<div class=\"e-con-inner\">\n\t\t\t\t<div class=\"elementor-element elementor-element-6931f34 elementor-widget elementor-widget-text-editor\" data-id=\"6931f34\" data-element_type=\"widget\" data-e-type=\"widget\" data-widget_type=\"text-editor.default\">\n\t\t\t\t\t\t\t\t\t<p>&#8220;El grano que se produce aqu\u00ed se transforma en chocolate afuera. La idea era mostrar que tambi\u00e9n lo podemos hacer aqu\u00ed&#8221;, cuenta Teddy, quien comenz\u00f3 su aventura en el mundo del chocolate en 2017, concentr\u00e1ndose primero en la comercializaci\u00f3n del grano proveniente de 4 regiones: Lachu\u00e1 y Cahab\u00f3n, Alta Verapaz; sur de Pet\u00e9n e Izabal.\u00a0<\/p><p>Estas zonas, reconocidas por la calidad de su cacao, hoy dan origen a las barras que Vive Cacao denomina &#8220;de origen&#8221;, una l\u00ednea que refleja la diversidad de sabor y la riqueza agr\u00edcola del pa\u00eds.<\/p><p>Teddy relata que poco a poco han ido alcanzando puntos de distribuci\u00f3n. Su n\u00facleo de ventas se concentra por ahora en Cob\u00e1n, donde restaurantes y tiendas hacen compras frecuentes, generando una base de clientes leales. \u201cQuien prueba nuestro chocolate a menudo hace una recompra y eso dice mucho\u201d, afirma.<\/p>\t\t\t\t\t\t\t\t<\/div>\n\t\t\t\t\t<\/div>\n\t\t\t\t<\/div>\n\t\t<div data-particle_enable=\"false\" data-particle-mobile-disabled=\"false\" class=\"elementor-element elementor-element-e4b81f6 e-flex e-con-boxed e-con e-parent\" data-id=\"e4b81f6\" data-element_type=\"container\" data-e-type=\"container\">\n\t\t\t\t\t<div class=\"e-con-inner\">\n\t\t\t\t<div class=\"elementor-element elementor-element-6fbee7b elementor-widget elementor-widget-image\" data-id=\"6fbee7b\" data-element_type=\"widget\" data-e-type=\"widget\" data-widget_type=\"image.default\">\n\t\t\t\t\t\t\t\t\t\t\t\t<figure class=\"wp-caption\">\n\t\t\t\t\t\t\t\t\t\t<img decoding=\"async\" width=\"768\" height=\"328\" src=\"https:\/\/soymigrante.com\/revista\/wp-content\/uploads\/2025\/04\/vive-cacao-soymigrante-mercado-coban.webp\" class=\"attachment-large size-large wp-image-32093\" alt=\"Sabores mexicanos en un ambiente de cocina industrial, destacando la importancia de la gastronom\u00eda y la migraci\u00f3n en la cultura.\" srcset=\"https:\/\/soymigrante.com\/revista\/wp-content\/uploads\/2025\/04\/vive-cacao-soymigrante-mercado-coban.webp 936w, https:\/\/soymigrante.com\/revista\/wp-content\/uploads\/2025\/04\/vive-cacao-soymigrante-mercado-coban-300x128.png 300w, https:\/\/soymigrante.com\/revista\/wp-content\/uploads\/2025\/04\/vive-cacao-soymigrante-mercado-coban-768x328.png 768w, https:\/\/soymigrante.com\/revista\/wp-content\/uploads\/2025\/04\/vive-cacao-soymigrante-mercado-coban-750x321.webp 750w\" sizes=\"(max-width: 768px) 100vw, 768px\" title=\"La selecci\u00f3n,  procesamiento, tueste y molido del cacao se efect\u00faa bajo altos est\u00e1ndares de calidad, con tradici\u00f3n artesanal pero con niveles de exportaci\u00f3n. \u2013 SoyMigrante.com REVISTA\" \/>\t\t\t\t\t\t\t\t\t\t\t<figcaption class=\"widget-image-caption wp-caption-text\">Un cocinero migrante revisa una receta en una cocina profesional, resaltando la integraci\u00f3n de sabores tradicionales y la experiencia de migrantes en la industria alimentaria.<\/figcaption>\n\t\t\t\t\t\t\t\t\t\t<\/figure>\n\t\t\t\t\t\t\t\t\t<\/div>\n\t\t\t\t\t<\/div>\n\t\t\t\t<\/div>\n\t\t<div data-particle_enable=\"false\" data-particle-mobile-disabled=\"false\" class=\"elementor-element elementor-element-9079179 e-flex e-con-boxed e-con e-parent\" data-id=\"9079179\" data-element_type=\"container\" data-e-type=\"container\">\n\t\t\t\t\t<div class=\"e-con-inner\">\n\t\t\t\t<div class=\"elementor-element elementor-element-eb9299a elementor-widget elementor-widget-heading\" data-id=\"eb9299a\" data-element_type=\"widget\" data-e-type=\"widget\" data-widget_type=\"heading.default\">\n\t\t\t\t\t<h3 class=\"elementor-heading-title elementor-size-default\">Aprender, valorar y emprender<\/h3>\t\t\t\t<\/div>\n\t\t\t\t\t<\/div>\n\t\t\t\t<\/div>\n\t\t<div data-particle_enable=\"false\" data-particle-mobile-disabled=\"false\" class=\"elementor-element elementor-element-e1f5032 e-flex e-con-boxed e-con e-parent\" data-id=\"e1f5032\" data-element_type=\"container\" data-e-type=\"container\">\n\t\t\t\t\t<div class=\"e-con-inner\">\n\t\t\t\t<div class=\"elementor-element elementor-element-37992bd elementor-widget elementor-widget-text-editor\" data-id=\"37992bd\" data-element_type=\"widget\" data-e-type=\"widget\" data-widget_type=\"text-editor.default\">\n\t\t\t\t\t\t\t\t\t<p>Teddy Ruiz tuvo que estudiar el proceso del chocolate para poder comenzar, a trav\u00e9s de artesanos chocolateros y su propia investigaci\u00f3n sobre la ciencia detr\u00e1s de este producto.\u00a0<\/p><p>&#8220;Ha sido un proceso de aprendizaje continuo&#8221;, dice, recordando los conocimientos adquiridos de visitantes internacionales y su constante investigaci\u00f3n. Dentro de lo que m\u00e1s le impresiona es saber que el cacao es originario de Mesoam\u00e9rica, que fue una bebida sagrada de la civilizaci\u00f3n maya, pero que mucha de su industrializaci\u00f3n actual se da en pa\u00edses de Europa o en Estados Unidos&#8221;.<\/p><p>Sin embargo, Teddy quiere cambiar esa percepci\u00f3n y elaborar chocolate de calidad mundial.\u00a0 Uno de sus productos estrella, una barra de chocolate con caf\u00e9,\u00a0 recibi\u00f3 elogios de un juez italiano especializado en concursos de chocolate. &#8220;Me dijo que nunca hab\u00eda probado algo igual, que mezclara as\u00ed los dos ingredientes: con balance y precisi\u00f3n. Me recomend\u00f3 postularla en competencias internacionales&#8221;, recuerda con entusiasmo.\u00a0\u00a0<\/p>\t\t\t\t\t\t\t\t<\/div>\n\t\t\t\t\t<\/div>\n\t\t\t\t<\/div>\n\t\t<div data-particle_enable=\"false\" data-particle-mobile-disabled=\"false\" class=\"elementor-element elementor-element-d20697b e-flex e-con-boxed e-con e-parent\" data-id=\"d20697b\" data-element_type=\"container\" data-e-type=\"container\">\n\t\t\t\t\t<div class=\"e-con-inner\">\n\t\t\t\t<div class=\"elementor-element elementor-element-ad7987c elementor-widget elementor-widget-video\" data-id=\"ad7987c\" data-element_type=\"widget\" data-e-type=\"widget\" data-settings=\"{&quot;youtube_url&quot;:&quot;https:\\\/\\\/www.youtube.com\\\/watch?v=ey904OUOd34&quot;,&quot;video_type&quot;:&quot;youtube&quot;,&quot;controls&quot;:&quot;yes&quot;}\" data-widget_type=\"video.default\">\n\t\t\t\t\t\t\t<div class=\"elementor-wrapper elementor-open-inline\">\n\t\t\t<div class=\"elementor-video\"><\/div>\t\t<\/div>\n\t\t\t\t\t\t<\/div>\n\t\t\t\t\t<\/div>\n\t\t\t\t<\/div>\n\t\t<div data-particle_enable=\"false\" data-particle-mobile-disabled=\"false\" class=\"elementor-element elementor-element-e8fe500 e-flex e-con-boxed e-con e-parent\" data-id=\"e8fe500\" data-element_type=\"container\" data-e-type=\"container\">\n\t\t\t\t\t<div class=\"e-con-inner\">\n\t\t\t\t<div class=\"elementor-element elementor-element-2c5a8a6 elementor-widget elementor-widget-heading\" data-id=\"2c5a8a6\" data-element_type=\"widget\" data-e-type=\"widget\" data-widget_type=\"heading.default\">\n\t\t\t\t\t<h3 class=\"elementor-heading-title elementor-size-default\">Objetivos: alcanzar a los migrantes guatemaltecos y crecer digitalmente<\/h3>\t\t\t\t<\/div>\n\t\t\t\t\t<\/div>\n\t\t\t\t<\/div>\n\t\t<div data-particle_enable=\"false\" data-particle-mobile-disabled=\"false\" class=\"elementor-element elementor-element-76e10cc e-flex e-con-boxed e-con e-parent\" data-id=\"76e10cc\" data-element_type=\"container\" data-e-type=\"container\">\n\t\t\t\t\t<div class=\"e-con-inner\">\n\t\t\t\t<div class=\"elementor-element elementor-element-e85b975 elementor-widget elementor-widget-text-editor\" data-id=\"e85b975\" data-element_type=\"widget\" data-e-type=\"widget\" data-widget_type=\"text-editor.default\">\n\t\t\t\t\t\t\t\t\t<p>Uno de los sue\u00f1os de Teddy con su f\u00e1brica de chocolate es llegar a los migrantes guatemaltecos en Estados Unidos. Consciente del valor de los <a href=\"https:\/\/soymigrante.com\/revista\/cuanto-cuestan-productos-guatemaltecos-en-estados-unidos\/\">productos nost\u00e1lgicos<\/a> en ese mercado, busca colocar Vive Cacao en tiendas latinas. sin embargo, aunque ya casi completa permisos de exportaci\u00f3n, sabe que necesita de una estrategia amplia para promocionarlo.<\/p><p>Sin embargo, esto lo ha llevado al comercio digital. al asistir a una capacitaci\u00f3n de la C\u00e1mara de Comercio de Cob\u00e1n sobre tiendas en l\u00ednea, se enter\u00f3 de la convocatoria de <a href=\"https:\/\/soymigrante.com\/mercado\/marketplace\/seller\/profile\/vivecacao\">SoyMigrante.com MERCADO, para abrir una tienda virtual de forma gratuita y f\u00e1cil, la cual ya es una realidad.<\/a><\/p><p>Teddy espera que las ventas aumenten a trav\u00e9s de este canal porque est\u00e1 ofreciendo un producto que impulsa el desarrollo de comunidades, est\u00e1 elaborado por manos guatemaltecas y muy fresco.\u00a0<\/p><p>La historia de Teddy Ruiz y <a href=\"https:\/\/soymigrante.com\/mercado\/marketplace\/seller\/profile\/vivecacao\">Vive Cacao<\/a> es la de un profesional que decidi\u00f3 romper esquemas, crear y demostrar que la transformaci\u00f3n tambi\u00e9n puede ser local. Su proyecto representa la posibilidad de darle valor agregado al cacao guatemalteco, de abrir mercados con identidad y de construir un puente entre la tierra y quienes a\u00f1oran su sabor desde lejos.\u00a0<\/p>\t\t\t\t\t\t\t\t<\/div>\n\t\t\t\t\t<\/div>\n\t\t\t\t<\/div>\n\t\t<div data-particle_enable=\"false\" data-particle-mobile-disabled=\"false\" class=\"elementor-element elementor-element-c2101fd e-flex e-con-boxed e-con e-parent\" data-id=\"c2101fd\" data-element_type=\"container\" data-e-type=\"container\">\n\t\t\t\t\t<div class=\"e-con-inner\">\n\t\t\t\t<div class=\"elementor-element elementor-element-bbb4c59 elementor-invisible elementor-widget elementor-widget-testimonial\" data-id=\"bbb4c59\" data-element_type=\"widget\" data-e-type=\"widget\" data-settings=\"{&quot;_animation&quot;:&quot;rotateInUpRight&quot;}\" data-widget_type=\"testimonial.default\">\n\t\t\t\t\t\t\t<div class=\"elementor-testimonial-wrapper\">\n\t\t\t\t\t\t\t<div class=\"elementor-testimonial-content\">\"Desarrollar Vive Cacao ha sido un proceso de constante aprendizaje y tambi\u00e9n de admiraci\u00f3n hacia los productores de Alta Verapaz, Pet\u00e9n e Izabal, as\u00ed como sus esfuerzos por cultivar y procesar un producto de alta calidad\"<\/div>\n\t\t\t\n\t\t\t\t\t\t<div class=\"elementor-testimonial-meta elementor-has-image elementor-testimonial-image-position-aside\">\n\t\t\t\t<div class=\"elementor-testimonial-meta-inner\">\n\t\t\t\t\t\t\t\t\t\t\t<div class=\"elementor-testimonial-image\">\n\t\t\t\t\t\t\t<a href=\"https:\/\/soymigrante.com\/mercado\/marketplace\/seller\/profile\/vivecacao\"><img decoding=\"async\" width=\"433\" height=\"433\" src=\"https:\/\/soymigrante.com\/revista\/wp-content\/uploads\/2025\/04\/teddy-ruiz-cacao-coban.webp\" class=\"attachment-full size-full wp-image-32101\" alt=\"Fotograf\u00eda de un hombre sonriendo en un entorno natural, representando temas de migraci\u00f3n, comunidad y bienestar en el contexto de la revista SoyMigrante.com.\" title=\"teddy ruiz cacao coban \u2013 SoyMigrante.com REVISTA\" srcset=\"https:\/\/soymigrante.com\/revista\/wp-content\/uploads\/2025\/04\/teddy-ruiz-cacao-coban.webp 433w, https:\/\/soymigrante.com\/revista\/wp-content\/uploads\/2025\/04\/teddy-ruiz-cacao-coban-300x300.jpeg 300w, https:\/\/soymigrante.com\/revista\/wp-content\/uploads\/2025\/04\/teddy-ruiz-cacao-coban-150x150.jpeg 150w, https:\/\/soymigrante.com\/revista\/wp-content\/uploads\/2025\/04\/teddy-ruiz-cacao-coban-75x75.webp 75w\" sizes=\"(max-width: 433px) 100vw, 433px\" \/><\/a>\t\t\t\t\t\t<\/div>\n\t\t\t\t\t\n\t\t\t\t\t\t\t\t\t\t<div class=\"elementor-testimonial-details\">\n\t\t\t\t\t\t\t\t\t\t\t\t\t\t<a class=\"elementor-testimonial-name\" href=\"https:\/\/soymigrante.com\/mercado\/marketplace\/seller\/profile\/vivecacao\">Teddy Ruiz<\/a>\n\t\t\t\t\t\t\t\t\t\t\t\t\t\t\t\t\t\t\t\t\t\t<a class=\"elementor-testimonial-job\" href=\"https:\/\/soymigrante.com\/mercado\/marketplace\/seller\/profile\/vivecacao\">Experto en comercio internacional\ny emprendedor altaverapacense,\nfundador de Viva Cacao, cuya tienda\ndigital ahora est\u00e1 en MERCADO.<\/a>\n\t\t\t\t\t\t\t\t\t\t\t\t\t<\/div>\n\t\t\t\t\t\t\t\t\t<\/div>\n\t\t\t<\/div>\n\t\t\t\t\t<\/div>\n\t\t\t\t\t\t<\/div>\n\t\t\t\t\t<\/div>\n\t\t\t\t<\/div>\n\t\t<div data-particle_enable=\"false\" data-particle-mobile-disabled=\"false\" class=\"elementor-element elementor-element-35bd79e e-flex e-con-boxed e-con e-parent\" data-id=\"35bd79e\" data-element_type=\"container\" data-e-type=\"container\">\n\t\t\t\t\t<div class=\"e-con-inner\">\n\t\t\t\t<div class=\"elementor-element elementor-element-1cda114 elementor-widget elementor-widget-heading\" data-id=\"1cda114\" data-element_type=\"widget\" data-e-type=\"widget\" data-widget_type=\"heading.default\">\n\t\t\t\t\t<h2 class=\"elementor-heading-title elementor-size-default\">Valoremos m\u00e1s lo nuestro <\/h2>\t\t\t\t<\/div>\n\t\t\t\t\t<\/div>\n\t\t\t\t<\/div>\n\t\t<div data-particle_enable=\"false\" data-particle-mobile-disabled=\"false\" class=\"elementor-element elementor-element-3e67159 e-flex e-con-boxed e-con e-parent\" data-id=\"3e67159\" data-element_type=\"container\" data-e-type=\"container\">\n\t\t\t\t\t<div class=\"e-con-inner\">\n\t\t\t\t<div class=\"elementor-element elementor-element-84790f6 elementor-grid-eael-col-3 elementor-grid-tablet-eael-col-2 elementor-grid-mobile-eael-col-1 elementor-widget elementor-widget-eael-post-grid\" data-id=\"84790f6\" data-element_type=\"widget\" data-e-type=\"widget\" data-settings=\"{&quot;eael_post_grid_columns&quot;:&quot;eael-col-3&quot;,&quot;eael_post_grid_columns_tablet&quot;:&quot;eael-col-2&quot;,&quot;eael_post_grid_columns_mobile&quot;:&quot;eael-col-1&quot;}\" data-widget_type=\"eael-post-grid.default\">\n\t\t\t\t\t<div id=\"eael-post-grid-84790f6\" class=\"eael-post-grid-container\">\n            <div class=\"eael-post-grid eael-post-appender eael-post-appender-84790f6 eael-post-grid-style-one\" data-layout-mode=\"masonry\"><article class=\"eael-grid-post  eael-post-grid-column eael-pg-post-15968 category-guate-nuestra\" data-id=\"15968\">\n        <div class=\"eael-grid-post-holder\">\n            <div class=\"eael-grid-post-holder-inner\"><div class=\"eael-entry-media\"><div class=\"eael-entry-overlay fade-in\"><i class=\"far fa-hand-pointer\" aria-hidden=\"true\"><\/i><a href=\"https:\/\/soymigrante.com\/revista\/cafe-de-guatemala-y-sus-10-regiones-de-cultivo-cada-una-con-sabor-y-aroma-propio\/\"><\/a><\/div><div class=\"eael-entry-thumbnail \">\n                <img loading=\"lazy\" decoding=\"async\" width=\"1024\" height=\"1024\" src=\"https:\/\/soymigrante.com\/revista\/wp-content\/uploads\/2024\/12\/Cafe\u0301-de-Guatemala-scaled-e1733862410674-1024x1024.jpg\" class=\"attachment-large size-large wp-image-15969\" alt=\"Los 10 caf\u00e9s y sus regiones m\u00e1s destacados de Guatemala\" srcset=\"https:\/\/soymigrante.com\/revista\/wp-content\/uploads\/2024\/12\/Cafe\u0301-de-Guatemala-scaled-e1733862410674-1024x1024.jpg 1024w, https:\/\/soymigrante.com\/revista\/wp-content\/uploads\/2024\/12\/Cafe\u0301-de-Guatemala-scaled-e1733862410674-300x300.jpg 300w, https:\/\/soymigrante.com\/revista\/wp-content\/uploads\/2024\/12\/Cafe\u0301-de-Guatemala-scaled-e1733862410674-150x150.jpg 150w, https:\/\/soymigrante.com\/revista\/wp-content\/uploads\/2024\/12\/Cafe\u0301-de-Guatemala-scaled-e1733862410674-768x768.jpg 768w, https:\/\/soymigrante.com\/revista\/wp-content\/uploads\/2024\/12\/Cafe\u0301-de-Guatemala-scaled-e1733862410674-1536x1536.jpg 1536w, https:\/\/soymigrante.com\/revista\/wp-content\/uploads\/2024\/12\/Cafe\u0301-de-Guatemala-scaled-e1733862410674-75x75.webp 75w, https:\/\/soymigrante.com\/revista\/wp-content\/uploads\/2024\/12\/Cafe\u0301-de-Guatemala-scaled-e1733862410674-750x750.webp 750w, https:\/\/soymigrante.com\/revista\/wp-content\/uploads\/2024\/12\/Cafe\u0301-de-Guatemala-scaled-e1733862410674-1140x1140.webp 1140w, https:\/\/soymigrante.com\/revista\/wp-content\/uploads\/2024\/12\/Cafe\u0301-de-Guatemala-scaled-e1733862410674.webp 1707w\" sizes=\"(max-width: 1024px) 100vw, 1024px\" \/>\n            <\/div>\n        <\/div><div class=\"eael-entry-wrapper\"><header class=\"eael-entry-header\"><h2 class=\"eael-entry-title\"><a class=\"eael-grid-post-link\" href=\"https:\/\/soymigrante.com\/revista\/cafe-de-guatemala-y-sus-10-regiones-de-cultivo-cada-una-con-sabor-y-aroma-propio\/\" title=\"Caf\u00e9 de Guatemala y sus 10 regiones de cultivo, cada una con  sabor y aroma propio\">Caf\u00e9 de Guatemala y sus 10 regiones de cultivo, cada una con  sabor y aroma propio<\/a><\/h2><\/header><div class=\"eael-entry-content\">\n                        <div class=\"eael-grid-post-excerpt\"><a href=\"https:\/\/soymigrante.com\/revista\/cafe-de-guatemala-y-sus-10-regiones-de-cultivo-cada-una-con-sabor-y-aroma-propio\/\" class=\"eael-post-elements-readmore-btn\">CONOCE SU HISTORIA <\/a><\/div>\n                    <\/div><\/div><\/div>\n        <\/div>\n    <\/article><article class=\"eael-grid-post  eael-post-grid-column eael-pg-post-14276 category-guate-nuestra tags-mercado-emprendedores\" data-id=\"14276\">\n        <div class=\"eael-grid-post-holder\">\n            <div class=\"eael-grid-post-holder-inner\"><div class=\"eael-entry-media\"><div class=\"eael-entry-overlay fade-in\"><i class=\"far fa-hand-pointer\" aria-hidden=\"true\"><\/i><a href=\"https:\/\/soymigrante.com\/revista\/clinica-la-montana-de-colomba-costa-cuca-ofrece-capsulas-y-terapias-naturistas\/\"><\/a><\/div><div class=\"eael-entry-thumbnail \">\n                <img loading=\"lazy\" decoding=\"async\" width=\"542\" height=\"542\" src=\"https:\/\/soymigrante.com\/revista\/wp-content\/uploads\/2024\/11\/emprendedor-daniel-sanchez-1.webp\" class=\"attachment-large size-large wp-image-14277\" alt=\"Amplio \u00e1rbol de hoja perenne con un hombre sonriendo en medio de la naturaleza, s\u00edmbolo de crecimiento y sostenibilidad para art\u00edculos de agricultura y medio ambiente en SoyMigrante.com REVISTA.\" srcset=\"https:\/\/soymigrante.com\/revista\/wp-content\/uploads\/2024\/11\/emprendedor-daniel-sanchez-1.webp 542w, https:\/\/soymigrante.com\/revista\/wp-content\/uploads\/2024\/11\/emprendedor-daniel-sanchez-1-300x300.jpg 300w, https:\/\/soymigrante.com\/revista\/wp-content\/uploads\/2024\/11\/emprendedor-daniel-sanchez-1-150x150.jpg 150w, https:\/\/soymigrante.com\/revista\/wp-content\/uploads\/2024\/11\/emprendedor-daniel-sanchez-1-75x75.webp 75w\" sizes=\"(max-width: 542px) 100vw, 542px\" \/>\n            <\/div>\n        <\/div><div class=\"eael-entry-wrapper\"><header class=\"eael-entry-header\"><h2 class=\"eael-entry-title\"><a class=\"eael-grid-post-link\" href=\"https:\/\/soymigrante.com\/revista\/clinica-la-montana-de-colomba-costa-cuca-ofrece-capsulas-y-terapias-naturistas\/\" title=\"Danny S\u00e1nchez Mach\u00e1 ofrece productos del Centro Naturista de la Monta\u00f1a, desde Colomba Costa Cuca\">Danny S\u00e1nchez Mach\u00e1 ofrece productos del Centro Naturista de la Monta\u00f1a, desde Colomba Costa Cuca<\/a><\/h2><\/header><div class=\"eael-entry-content\">\n                        <div class=\"eael-grid-post-excerpt\"><a href=\"https:\/\/soymigrante.com\/revista\/clinica-la-montana-de-colomba-costa-cuca-ofrece-capsulas-y-terapias-naturistas\/\" class=\"eael-post-elements-readmore-btn\">CONOCE SU HISTORIA <\/a><\/div>\n                    <\/div><\/div><\/div>\n        <\/div>\n    <\/article><article class=\"eael-grid-post  eael-post-grid-column eael-pg-post-7722 category-guate-nuestra tags-joyas-mayas-migrantes\" data-id=\"7722\">\n        <div class=\"eael-grid-post-holder\">\n            <div class=\"eael-grid-post-holder-inner\"><div class=\"eael-entry-media\"><div class=\"eael-entry-overlay fade-in\"><i class=\"far fa-hand-pointer\" aria-hidden=\"true\"><\/i><a href=\"https:\/\/soymigrante.com\/revista\/joyas-mayas-migrantes-jarra-con-relieve-en-el-met-museum-ny\/\"><\/a><\/div><div class=\"eael-entry-thumbnail \">\n                <img loading=\"lazy\" decoding=\"async\" width=\"850\" height=\"850\" src=\"https:\/\/soymigrante.com\/revista\/wp-content\/uploads\/2024\/07\/jarra-maya-grabada-met-1.webp\" class=\"attachment-large size-large wp-image-7726\" alt=\"Antiguo recipiente de cer\u00e1mica olmeca con grabados y s\u00edmbolos ancestrales, muestra arte prehisp\u00e1nico y cultura ind\u00edgena mexicana.\" srcset=\"https:\/\/soymigrante.com\/revista\/wp-content\/uploads\/2024\/07\/jarra-maya-grabada-met-1.webp 850w, https:\/\/soymigrante.com\/revista\/wp-content\/uploads\/2024\/07\/jarra-maya-grabada-met-1-300x300.webp 300w, https:\/\/soymigrante.com\/revista\/wp-content\/uploads\/2024\/07\/jarra-maya-grabada-met-1-150x150.webp 150w, https:\/\/soymigrante.com\/revista\/wp-content\/uploads\/2024\/07\/jarra-maya-grabada-met-1-768x768.webp 768w, https:\/\/soymigrante.com\/revista\/wp-content\/uploads\/2024\/07\/jarra-maya-grabada-met-1-75x75.webp 75w, https:\/\/soymigrante.com\/revista\/wp-content\/uploads\/2024\/07\/jarra-maya-grabada-met-1-750x750.webp 750w\" sizes=\"(max-width: 850px) 100vw, 850px\" \/>\n            <\/div>\n        <\/div><div class=\"eael-entry-wrapper\"><header class=\"eael-entry-header\"><h2 class=\"eael-entry-title\"><a class=\"eael-grid-post-link\" href=\"https:\/\/soymigrante.com\/revista\/joyas-mayas-migrantes-jarra-con-relieve-en-el-met-museum-ny\/\" title=\"Joyas mayas migrantes: Chocolatera en el Met Museum NY. Conoce su significado\">Joyas mayas migrantes: Chocolatera en el Met Museum NY. Conoce su significado<\/a><\/h2><\/header><div class=\"eael-entry-content\">\n                        <div class=\"eael-grid-post-excerpt\"><a href=\"https:\/\/soymigrante.com\/revista\/joyas-mayas-migrantes-jarra-con-relieve-en-el-met-museum-ny\/\" class=\"eael-post-elements-readmore-btn\">CONOCE SU HISTORIA <\/a><\/div>\n                    <\/div><\/div><\/div>\n        <\/div>\n    <\/article><\/div>\n            <div class=\"clearfix\"><\/div>\n        <\/div>\t\t\t\t<\/div>\n\t\t\t\t\t<\/div>\n\t\t\t\t<\/div>\n\t\t\t\t<\/div>\n\t\t","protected":false},"excerpt":{"rendered":"<p>Con selectos granos de cacao de Alta Verapaz, Pet\u00e9n e Izabal, con calidad de exportaci\u00f3n, el emprendedor guatemalteco Teddy Ruiz elabora en Cob\u00e1n chocolates y cocoas que ahora est\u00e1n disponibles en SoyMigrante.com MERCADO. Y esta es su historia. Tras a\u00f1os de experiencia en la exportaci\u00f3n de cacao desde Alta Verapaz, el emprendedor cobanero Teddy Ruiz [&hellip;]<\/p>\n","protected":false},"author":7,"featured_media":32078,"comment_status":"open","ping_status":"open","sticky":false,"template":"","format":"standard","meta":{"_acf_changed":false,"_eb_attr":"","footnotes":""},"categories":[58],"tags":[130],"class_list":["post-32077","post","type-post","status-publish","format-standard","has-post-thumbnail","hentry","category-guate-nuestra","tag-mercado-emprendedores"],"acf":[],"aioseo_notices":[],"aioseo_head":"\n\t\t<!-- All in One SEO Pro 4.9.6.2 - aioseo.com -->\n\t<meta name=\"description\" content=\"Recipiente maya con un fascinante dise\u00f1o tallado en relieve sobre material calizo. Se conserva en la colecci\u00f3n del Museo Metropolitano de Nueva York. Con\u00f3celo\" \/>\n\t<meta name=\"robots\" content=\"max-snippet:-1, max-image-preview:large, max-video-preview:-1\" \/>\n\t<meta name=\"author\" content=\"Gustavo Montenegro\"\/>\n\t<link rel=\"canonical\" href=\"https:\/\/soymigrante.com\/revista\/joyas-mayas-migrantes-jarra-con-relieve-en-el-met-museum-ny\/\" \/>\n\t<meta name=\"generator\" content=\"All in One SEO Pro (AIOSEO) 4.9.6.2\" \/>\n\n\t\t<link rel=\"preconnect\" href=\"https:\/\/fonts.googleapis.com\" crossorigin>\n<link rel=\"preconnect\" href=\"https:\/\/fonts.gstatic.com\" crossorigin>\n\t\t<meta property=\"og:locale\" content=\"es_ES\" \/>\n\t\t<meta property=\"og:site_name\" content=\"SoyMigrante.com REVISTA \u2013 Nuestra misi\u00f3n es reconocer y dignificar al migrante.\" \/>\n\t\t<meta property=\"og:type\" content=\"article\" \/>\n\t\t<meta property=\"og:title\" content=\"Joyas mayas migrantes: Chocolatera en el Met Museum NY\" \/>\n\t\t<meta property=\"og:description\" content=\"Recipiente maya con un fascinante dise\u00f1o tallado en relieve sobre material calizo. Se conserva en la colecci\u00f3n del Museo Metropolitano de Nueva York. Con\u00f3celo\" \/>\n\t\t<meta property=\"og:url\" content=\"https:\/\/soymigrante.com\/revista\/joyas-mayas-migrantes-jarra-con-relieve-en-el-met-museum-ny\/\" \/>\n\t\t<meta property=\"og:image\" content=\"https:\/\/soymigrante.com\/revista\/wp-content\/uploads\/2024\/07\/jarra-maya-grabada-met-1.webp\" \/>\n\t\t<meta property=\"og:image:secure_url\" content=\"https:\/\/soymigrante.com\/revista\/wp-content\/uploads\/2024\/07\/jarra-maya-grabada-met-1.webp\" \/>\n\t\t<meta property=\"og:image:width\" content=\"850\" \/>\n\t\t<meta property=\"og:image:height\" content=\"850\" \/>\n\t\t<meta property=\"article:published_time\" content=\"2024-07-29T16:46:14+00:00\" \/>\n\t\t<meta property=\"article:modified_time\" content=\"2025-05-16T17:07:26+00:00\" \/>\n\t\t<meta property=\"article:publisher\" content=\"https:\/\/www.facebook.com\/soymigrantecom\" \/>\n\t\t<meta name=\"twitter:card\" content=\"summary_large_image\" \/>\n\t\t<meta name=\"twitter:site\" content=\"@SoyMigrante_com\" \/>\n\t\t<meta name=\"twitter:title\" content=\"Joyas mayas migrantes: Chocolatera en el Met Museum NY\" \/>\n\t\t<meta name=\"twitter:description\" content=\"Recipiente maya con un fascinante dise\u00f1o tallado en relieve sobre material calizo. Se conserva en la colecci\u00f3n del Museo Metropolitano de Nueva York. Con\u00f3celo\" \/>\n\t\t<meta name=\"twitter:creator\" content=\"@SoyMigrante_com\" \/>\n\t\t<meta name=\"twitter:image\" content=\"https:\/\/soymigrante.com\/revista\/wp-content\/uploads\/2024\/07\/jarra-maya-grabada-met-1.webp\" \/>\n\t\t<!-- All in One SEO Pro -->\r\n\t\t<title>Joyas mayas migrantes: Chocolatera en el Met Museum NY<\/title>\n\n","aioseo_head_json":{"title":"Joyas mayas migrantes: Chocolatera en el Met Museum NY","description":"Recipiente maya con un fascinante dise\u00f1o tallado en relieve sobre material calizo. Se conserva en la colecci\u00f3n del Museo Metropolitano de Nueva York. Con\u00f3celo","canonical_url":"https:\/\/soymigrante.com\/revista\/joyas-mayas-migrantes-jarra-con-relieve-en-el-met-museum-ny\/","robots":"max-snippet:-1, max-image-preview:large, max-video-preview:-1","keywords":"","webmasterTools":{"miscellaneous":"&lt;link rel=\"preconnect\" href=\"https:\/\/fonts.googleapis.com\" crossorigin&gt;\n&lt;link rel=\"preconnect\" href=\"https:\/\/fonts.gstatic.com\" crossorigin&gt;"},"schema":null,"og:locale":"es_ES","og:site_name":"SoyMigrante.com REVISTA \u2013 Nuestra misi\u00f3n es reconocer y dignificar al migrante.","og:type":"article","og:title":"Joyas mayas migrantes: Chocolatera en el Met Museum NY","og:description":"Recipiente maya con un fascinante dise\u00f1o tallado en relieve sobre material calizo. Se conserva en la colecci\u00f3n del Museo Metropolitano de Nueva York. Con\u00f3celo","og:url":"https:\/\/soymigrante.com\/revista\/joyas-mayas-migrantes-jarra-con-relieve-en-el-met-museum-ny\/","og:image":"https:\/\/soymigrante.com\/revista\/wp-content\/uploads\/2024\/07\/jarra-maya-grabada-met-1.webp","og:image:secure_url":"https:\/\/soymigrante.com\/revista\/wp-content\/uploads\/2024\/07\/jarra-maya-grabada-met-1.webp","og:image:width":850,"og:image:height":850,"article:published_time":"2024-07-29T16:46:14+00:00","article:modified_time":"2025-05-16T17:07:26+00:00","article:publisher":"https:\/\/www.facebook.com\/soymigrantecom","twitter:card":"summary_large_image","twitter:site":"@SoyMigrante_com","twitter:title":"Joyas mayas migrantes: Chocolatera en el Met Museum NY","twitter:description":"Recipiente maya con un fascinante dise\u00f1o tallado en relieve sobre material calizo. Se conserva en la colecci\u00f3n del Museo Metropolitano de Nueva York. Con\u00f3celo","twitter:creator":"@SoyMigrante_com","twitter:image":"https:\/\/soymigrante.com\/revista\/wp-content\/uploads\/2024\/07\/jarra-maya-grabada-met-1.webp"},"aioseo_meta_data":{"post_id":"32077","title":"Teddy y la f\u00e1brica de chocolate artesanal Vive Cacao Cob\u00e1n","description":"Tras a\u00f1os exportando cacao al extranjero desde Cob\u00e1n, Teddy Ruiz decidi\u00f3 procesarlo para convertirlo en chocolate y cocoa de alta calidad. Ahora est\u00e1 en MERCADO.","keywords":null,"keyphrases":{"focus":{"keyphrase":"Chocolate","score":82,"analysis":{"keyphraseInTitle":{"score":9,"maxScore":9,"error":0},"keyphraseInDescription":{"score":9,"maxScore":9,"error":0},"keyphraseLength":{"score":9,"maxScore":9,"error":0,"length":1},"keyphraseInURL":{"score":5,"maxScore":5,"error":0},"keyphraseInIntroduction":{"score":9,"maxScore":9,"error":0},"keyphraseInSubHeadings":{"score":3,"maxScore":9,"error":1},"keyphraseInImageAlt":{"score":3,"maxScore":9,"error":1},"keywordDensity":{"type":"best","score":9,"maxScore":9,"error":0}}},"additional":[{"keyphrase":"Cacao","score":100,"analysis":{"keyphraseInDescription":{"score":9,"maxScore":9,"error":0},"keyphraseLength":{"score":9,"maxScore":9,"error":0,"length":1},"keyphraseInIntroduction":{"score":9,"maxScore":9,"error":0},"keyphraseInImageAlt":{"score":9,"maxScore":9,"error":0},"keywordDensity":{"type":"best","score":9,"maxScore":9,"error":0}}},{"keyphrase":"Cob\u00e1n","score":53,"analysis":{"keyphraseInDescription":{"score":9,"maxScore":9,"error":0},"keyphraseLength":{"score":9,"maxScore":9,"error":0,"length":2},"keyphraseInIntroduction":{"score":3,"maxScore":9,"error":1},"keyphraseInImageAlt":{"score":3,"maxScore":9,"error":1},"keywordDensity":{"score":0,"type":"low","maxScore":9,"error":1}}},{"keyphrase":"Artesanal","score":53,"analysis":{"keyphraseInDescription":{"score":3,"maxScore":9,"error":1},"keyphraseLength":{"score":9,"maxScore":9,"error":0,"length":1},"keyphraseInIntroduction":{"score":3,"maxScore":9,"error":1},"keyphraseInImageAlt":{"score":9,"maxScore":9,"error":0},"keywordDensity":{"score":0,"type":"low","maxScore":9,"error":1}}},{"keyphrase":"Mercado","score":73,"analysis":{"keyphraseInDescription":{"score":9,"maxScore":9,"error":0},"keyphraseLength":{"score":9,"maxScore":9,"error":0,"length":1},"keyphraseInIntroduction":{"score":3,"maxScore":9,"error":1},"keyphraseInImageAlt":{"score":3,"maxScore":9,"error":1},"keywordDensity":{"type":"best","score":9,"maxScore":9,"error":0}}}]},"primary_term":null,"canonical_url":null,"og_title":null,"og_description":null,"og_object_type":"default","og_image_type":"default","og_image_url":null,"og_image_width":null,"og_image_height":null,"og_image_custom_url":null,"og_image_custom_fields":null,"og_video":"","og_custom_url":null,"og_article_section":null,"og_article_tags":null,"twitter_use_og":false,"twitter_card":"default","twitter_image_type":"default","twitter_image_url":null,"twitter_image_custom_url":null,"twitter_image_custom_fields":null,"twitter_title":null,"twitter_description":null,"schema":{"blockGraphs":[],"customGraphs":[],"default":{"data":{"Article":[],"Course":[],"Dataset":[],"FAQPage":[],"Movie":[],"Person":[],"Product":[],"ProductReview":[],"Car":[],"Recipe":[],"Service":[],"SoftwareApplication":[],"WebPage":[]},"graphName":"none","isEnabled":true},"graphs":[]},"schema_type":"default","schema_type_options":null,"pillar_content":false,"robots_default":true,"robots_noindex":false,"robots_noarchive":false,"robots_nosnippet":false,"robots_nofollow":false,"robots_noimageindex":false,"robots_noodp":false,"robots_notranslate":false,"robots_max_snippet":"-1","robots_max_videopreview":"-1","robots_max_imagepreview":"large","priority":null,"frequency":"default","local_seo":null,"seo_analyzer_scan_date":"2025-10-09 04:44:36","breadcrumb_settings":null,"limit_modified_date":false,"reviewed_by":null,"open_ai":"{\"title\":{\"suggestions\":[],\"usage\":0},\"description\":{\"suggestions\":[],\"usage\":0}}","ai":null,"created":"2025-04-29 04:01:20","updated":"2026-02-04 23:25:23"},"aioseo_breadcrumb":"<div class=\"aioseo-breadcrumbs\"><span class=\"aioseo-breadcrumb\">\n\t<a href=\"https:\/\/soymigrante.com\/revista\" title=\"Home\">Home<\/a>\n<\/span><span class=\"aioseo-breadcrumb-separator\">\u00bb<\/span><span class=\"aioseo-breadcrumb\">\n\t<a href=\"https:\/\/soymigrante.com\/revista\/category\/guate-nuestra\/\" title=\"Guate Nuestra\">Guate Nuestra<\/a>\n<\/span><span class=\"aioseo-breadcrumb-separator\">\u00bb<\/span><span class=\"aioseo-breadcrumb\">\n\tTeddy y la f\u00e1brica de chocolate artesanal Vive Cacao, de Cob\u00e1n est\u00e1 en MERCADO\n<\/span><\/div>","aioseo_breadcrumb_json":[{"label":"Home","link":"https:\/\/soymigrante.com\/revista"},{"label":"Guate Nuestra","link":"https:\/\/soymigrante.com\/revista\/category\/guate-nuestra\/"},{"label":"Teddy y la f\u00e1brica de chocolate artesanal Vive Cacao, de Cob\u00e1n est\u00e1 en MERCADO","link":"https:\/\/soymigrante.com\/revista\/teddy-y-la-fabrica-de-chocolate-artesanal-vive-cacao-de-coban-esta-en-mercado\/"}],"_links":{"self":[{"href":"https:\/\/soymigrante.com\/revista\/wp-json\/wp\/v2\/posts\/32077","targetHints":{"allow":["GET"]}}],"collection":[{"href":"https:\/\/soymigrante.com\/revista\/wp-json\/wp\/v2\/posts"}],"about":[{"href":"https:\/\/soymigrante.com\/revista\/wp-json\/wp\/v2\/types\/post"}],"author":[{"embeddable":true,"href":"https:\/\/soymigrante.com\/revista\/wp-json\/wp\/v2\/users\/7"}],"replies":[{"embeddable":true,"href":"https:\/\/soymigrante.com\/revista\/wp-json\/wp\/v2\/comments?post=32077"}],"version-history":[{"count":20,"href":"https:\/\/soymigrante.com\/revista\/wp-json\/wp\/v2\/posts\/32077\/revisions"}],"predecessor-version":[{"id":32278,"href":"https:\/\/soymigrante.com\/revista\/wp-json\/wp\/v2\/posts\/32077\/revisions\/32278"}],"wp:featuredmedia":[{"embeddable":true,"href":"https:\/\/soymigrante.com\/revista\/wp-json\/wp\/v2\/media\/32078"}],"wp:attachment":[{"href":"https:\/\/soymigrante.com\/revista\/wp-json\/wp\/v2\/media?parent=32077"}],"wp:term":[{"taxonomy":"category","embeddable":true,"href":"https:\/\/soymigrante.com\/revista\/wp-json\/wp\/v2\/categories?post=32077"},{"taxonomy":"post_tag","embeddable":true,"href":"https:\/\/soymigrante.com\/revista\/wp-json\/wp\/v2\/tags?post=32077"}],"curies":[{"name":"wp","href":"https:\/\/api.w.org\/{rel}","templated":true}]}}