{"id":32065,"date":"2025-05-02T10:34:23","date_gmt":"2025-05-02T16:34:23","guid":{"rendered":"https:\/\/soymigrante.com\/revista\/?p=32065"},"modified":"2025-05-02T10:34:27","modified_gmt":"2025-05-02T16:34:27","slug":"conoce-tus-derechos-proteccion-para-trabajadores-migrantes-en-usa","status":"publish","type":"post","link":"https:\/\/soymigrante.com\/revista\/conoce-tus-derechos-proteccion-para-trabajadores-migrantes-en-usa\/","title":{"rendered":"Conoce tus derechos: Protecci\u00f3n para trabajadores migrantes en USA"},"content":{"rendered":"\t\t<div data-elementor-type=\"wp-post\" data-elementor-id=\"32065\" class=\"elementor elementor-32065\" data-elementor-post-type=\"post\">\n\t\t\t\t<div data-particle_enable=\"false\" data-particle-mobile-disabled=\"false\" class=\"elementor-element elementor-element-c8e6409 e-flex e-con-boxed e-con e-parent\" data-id=\"c8e6409\" data-element_type=\"container\" data-e-type=\"container\">\n\t\t\t\t\t<div class=\"e-con-inner\">\n\t\t\t\t<div class=\"elementor-element elementor-element-5011b86 elementor-widget elementor-widget-heading\" data-id=\"5011b86\" data-element_type=\"widget\" data-e-type=\"widget\" data-widget_type=\"heading.default\">\n\t\t\t\t\t<h2 class=\"elementor-heading-title elementor-size-default\">Los derechos para trabajadores migrantes en Estados Unidos, tienen fundamentos en las leyes federales, con\u00f3celos. \n<\/h2>\t\t\t\t<\/div>\n\t\t\t\t\t<\/div>\n\t\t\t\t<\/div>\n\t\t<div data-particle_enable=\"false\" data-particle-mobile-disabled=\"false\" class=\"elementor-element elementor-element-e366736 e-flex e-con-boxed e-con e-parent\" data-id=\"e366736\" data-element_type=\"container\" data-e-type=\"container\">\n\t\t\t\t\t<div class=\"e-con-inner\">\n\t\t\t\t<div class=\"elementor-element elementor-element-ac812b3 elementor-widget elementor-widget-text-editor\" data-id=\"ac812b3\" data-element_type=\"widget\" data-e-type=\"widget\" data-widget_type=\"text-editor.default\">\n\t\t\t\t\t\t\t\t\t<p>En Estados Unidos, millones de trabajadores migrantes contribuyen a la econom\u00eda en sectores clave como la agricultura, la construcci\u00f3n y el servicio dom\u00e9stico. Sin importar su estatus migratorio, estos trabajadores tienen derechos fundamentales que las leyes federales protegen.<\/p><p>Los trabajadores migrantes en Estados Unidos, independientemente de su situaci\u00f3n migratoria, est\u00e1n amparados por diversas leyes laborales y de derechos civiles que garantizan condiciones de trabajo justas y seguras.<\/p>\t\t\t\t\t\t\t\t<\/div>\n\t\t\t\t\t<\/div>\n\t\t\t\t<\/div>\n\t\t<div data-particle_enable=\"false\" data-particle-mobile-disabled=\"false\" class=\"elementor-element elementor-element-3f76977 e-flex e-con-boxed e-con e-parent\" data-id=\"3f76977\" data-element_type=\"container\" data-e-type=\"container\">\n\t\t\t\t\t<div class=\"e-con-inner\">\n\t\t\t\t<div class=\"elementor-element elementor-element-1c0ebbc elementor-widget elementor-widget-heading\" data-id=\"1c0ebbc\" data-element_type=\"widget\" data-e-type=\"widget\" data-widget_type=\"heading.default\">\n\t\t\t\t\t<h3 class=\"elementor-heading-title elementor-size-default\">Derechos laborales fundamentales:<\/h3>\t\t\t\t<\/div>\n\t\t\t\t\t<\/div>\n\t\t\t\t<\/div>\n\t\t<div data-particle_enable=\"false\" data-particle-mobile-disabled=\"false\" class=\"elementor-element elementor-element-27e8a4e e-flex e-con-boxed e-con e-parent\" data-id=\"27e8a4e\" data-element_type=\"container\" data-e-type=\"container\">\n\t\t\t\t\t<div class=\"e-con-inner\">\n\t\t\t\t<div class=\"elementor-element elementor-element-98f790c elementor-widget elementor-widget-text-editor\" data-id=\"98f790c\" data-element_type=\"widget\" data-e-type=\"widget\" data-widget_type=\"text-editor.default\">\n\t\t\t\t\t\t\t\t\t<div><strong>\u2022 Salario y horas de trabajo:<\/strong> <a href=\"https:\/\/www.dol.gov\/sites\/dolgov\/files\/WHD\/legacy\/files\/wh1282_SPANISH.pdf\" target=\"_blank\" rel=\"noopener\">La Ley de Normas Justas de Trabajo (FLSA, por sus siglas en ingl\u00e9s)<\/a> establece el salario m\u00ednimo federal y regula las horas extras. Los empleadores est\u00e1n obligados a pagar el salario m\u00ednimo y una tarifa adicional por horas trabajadas que excedan las 40 horas semanales.<\/div><div><strong>\u2022Condiciones de trabajo seguras:<\/strong> <a href=\"https:\/\/www.usa.gov\/es\/agencias\/administracion-de-seguridad-y-salud-ocupacional\" target=\"_blank\" rel=\"noopener\">La Administraci\u00f3n de Seguridad y Salud Ocupacional (OSHA)<\/a> exige que los empleadores proporcionen un ambiente de trabajo libre de peligros reconocidos.<\/div><div><strong>\u2022Protecci\u00f3n contra la discriminaci\u00f3n:<\/strong> La<a href=\"https:\/\/www.justice.gov\/es\/crt\/seccion-de-derechos-de-inmigrantes-y-empleados\" target=\"_blank\" rel=\"noopener\"> Secci\u00f3n de Derechos de Inmigrantes y Empleados<\/a> (IER) del Departamento de Justicia proh\u00edbe la discriminaci\u00f3n laboral basada en el origen nacional, estatus migratorio o ciudadan\u00eda.\u00a0\u00a0<\/div>\t\t\t\t\t\t\t\t<\/div>\n\t\t\t\t\t<\/div>\n\t\t\t\t<\/div>\n\t\t<div data-particle_enable=\"false\" data-particle-mobile-disabled=\"false\" class=\"elementor-element elementor-element-0b7a327 e-flex e-con-boxed e-con e-parent\" data-id=\"0b7a327\" data-element_type=\"container\" data-e-type=\"container\">\n\t\t\t\t\t<div class=\"e-con-inner\">\n\t\t\t\t<div class=\"elementor-element elementor-element-c196830 elementor-widget elementor-widget-image\" data-id=\"c196830\" data-element_type=\"widget\" data-e-type=\"widget\" data-widget_type=\"image.default\">\n\t\t\t\t\t\t\t\t\t\t\t\t<figure class=\"wp-caption\">\n\t\t\t\t\t\t\t\t\t\t<img fetchpriority=\"high\" decoding=\"async\" width=\"768\" height=\"512\" src=\"https:\/\/soymigrante.com\/revista\/wp-content\/uploads\/2025\/04\/Conoce-tus-derechos-Proteccion-legal-para-trabajadores-migrantes-en-Estados-Unidos1-1024x682.jpeg\" class=\"attachment-large size-large wp-image-32070\" alt=\"Diversos migrantes trabajando juntos en un campo agr\u00edcola, fortaleciendo la comunidad y la integraci\u00f3n en el pa\u00eds de destino.\" srcset=\"https:\/\/soymigrante.com\/revista\/wp-content\/uploads\/2025\/04\/Conoce-tus-derechos-Proteccion-legal-para-trabajadores-migrantes-en-Estados-Unidos1-1024x682.jpeg 1024w, https:\/\/soymigrante.com\/revista\/wp-content\/uploads\/2025\/04\/Conoce-tus-derechos-Proteccion-legal-para-trabajadores-migrantes-en-Estados-Unidos1-300x200.jpeg 300w, https:\/\/soymigrante.com\/revista\/wp-content\/uploads\/2025\/04\/Conoce-tus-derechos-Proteccion-legal-para-trabajadores-migrantes-en-Estados-Unidos1-768x512.jpeg 768w, https:\/\/soymigrante.com\/revista\/wp-content\/uploads\/2025\/04\/Conoce-tus-derechos-Proteccion-legal-para-trabajadores-migrantes-en-Estados-Unidos1-1536x1023.jpeg 1536w, https:\/\/soymigrante.com\/revista\/wp-content\/uploads\/2025\/04\/Conoce-tus-derechos-Proteccion-legal-para-trabajadores-migrantes-en-Estados-Unidos1-750x500.webp 750w, https:\/\/soymigrante.com\/revista\/wp-content\/uploads\/2025\/04\/Conoce-tus-derechos-Proteccion-legal-para-trabajadores-migrantes-en-Estados-Unidos1-1140x760.webp 1140w, https:\/\/soymigrante.com\/revista\/wp-content\/uploads\/2025\/04\/Conoce-tus-derechos-Proteccion-legal-para-trabajadores-migrantes-en-Estados-Unidos1.webp 1600w\" sizes=\"(max-width: 768px) 100vw, 768px\" title=\"Conoce tus derechos Protecci\u00f3n legal para trabajadores migrantes en Estados Unidos1 \u2013 SoyMigrante.com REVISTA\" \/>\t\t\t\t\t\t\t\t\t\t\t<figcaption class=\"widget-image-caption wp-caption-text\">Todas las personas trabajadoras en Estados Unidos tienen derechos y se deben respetar. (Foto: ENVATO)<\/figcaption>\n\t\t\t\t\t\t\t\t\t\t<\/figure>\n\t\t\t\t\t\t\t\t\t<\/div>\n\t\t\t\t\t<\/div>\n\t\t\t\t<\/div>\n\t\t<div data-particle_enable=\"false\" data-particle-mobile-disabled=\"false\" class=\"elementor-element elementor-element-481687d e-flex e-con-boxed e-con e-parent\" data-id=\"481687d\" data-element_type=\"container\" data-e-type=\"container\">\n\t\t\t\t\t<div class=\"e-con-inner\">\n\t\t\t\t<div class=\"elementor-element elementor-element-bcf8f9a elementor-widget elementor-widget-heading\" data-id=\"bcf8f9a\" data-element_type=\"widget\" data-e-type=\"widget\" data-widget_type=\"heading.default\">\n\t\t\t\t\t<h3 class=\"elementor-heading-title elementor-size-default\">Derechos de organizaci\u00f3n y negociaci\u00f3n colectiva:<\/h3>\t\t\t\t<\/div>\n\t\t\t\t\t<\/div>\n\t\t\t\t<\/div>\n\t\t<div data-particle_enable=\"false\" data-particle-mobile-disabled=\"false\" class=\"elementor-element elementor-element-be1000e e-flex e-con-boxed e-con e-parent\" data-id=\"be1000e\" data-element_type=\"container\" data-e-type=\"container\">\n\t\t\t\t\t<div class=\"e-con-inner\">\n\t\t\t\t<div class=\"elementor-element elementor-element-3ffd912 elementor-widget elementor-widget-text-editor\" data-id=\"3ffd912\" data-element_type=\"widget\" data-e-type=\"widget\" data-widget_type=\"text-editor.default\">\n\t\t\t\t\t\t\t\t\t<p><a href=\"https:\/\/www.nlrb.gov\/es\" target=\"_blank\" rel=\"noopener\">La Junta Nacional de Relaciones Laborales<\/a> (NLRB) garantiza el derecho de todos los empleados, incluidos los migrantes, a organizarse, formar sindicatos y negociar colectivamente con sus empleadores. La NLRB no requiere informaci\u00f3n sobre el estatus migratorio para investigar violaciones de estos derechos.<\/p>\t\t\t\t\t\t\t\t<\/div>\n\t\t\t\t\t<\/div>\n\t\t\t\t<\/div>\n\t\t<div data-particle_enable=\"false\" data-particle-mobile-disabled=\"false\" class=\"elementor-element elementor-element-75dcddb e-flex e-con-boxed e-con e-parent\" data-id=\"75dcddb\" data-element_type=\"container\" data-e-type=\"container\">\n\t\t\t\t\t<div class=\"e-con-inner\">\n\t\t\t\t<div class=\"elementor-element elementor-element-fa2039c elementor-widget elementor-widget-heading\" data-id=\"fa2039c\" data-element_type=\"widget\" data-e-type=\"widget\" data-widget_type=\"heading.default\">\n\t\t\t\t\t<h3 class=\"elementor-heading-title elementor-size-default\">Protecci\u00f3n internacional:<\/h3>\t\t\t\t<\/div>\n\t\t\t\t\t<\/div>\n\t\t\t\t<\/div>\n\t\t<div data-particle_enable=\"false\" data-particle-mobile-disabled=\"false\" class=\"elementor-element elementor-element-63da9f9 e-flex e-con-boxed e-con e-parent\" data-id=\"63da9f9\" data-element_type=\"container\" data-e-type=\"container\">\n\t\t\t\t\t<div class=\"e-con-inner\">\n\t\t\t\t<div class=\"elementor-element elementor-element-9080716 elementor-widget elementor-widget-text-editor\" data-id=\"9080716\" data-element_type=\"widget\" data-e-type=\"widget\" data-widget_type=\"text-editor.default\">\n\t\t\t\t\t\t\t\t\t<p>Aunque Estados Unidos no ha ratificado la Convenci\u00f3n Internacional sobre la Protecci\u00f3n de los Derechos de Todos los Trabajadores Migratorios y de sus Familiares, este tratado de las Naciones Unidas establece est\u00e1ndares internacionales para la protecci\u00f3n de los derechos de los trabajadores migrantes y sus familias.<\/p>\t\t\t\t\t\t\t\t<\/div>\n\t\t\t\t\t<\/div>\n\t\t\t\t<\/div>\n\t\t<div data-particle_enable=\"false\" data-particle-mobile-disabled=\"false\" class=\"elementor-element elementor-element-775027b e-flex e-con-boxed e-con e-parent\" data-id=\"775027b\" data-element_type=\"container\" data-e-type=\"container\">\n\t\t\t\t\t<div class=\"e-con-inner\">\n\t\t\t\t<div class=\"elementor-element elementor-element-d8192e3 elementor-widget elementor-widget-image\" data-id=\"d8192e3\" data-element_type=\"widget\" data-e-type=\"widget\" data-widget_type=\"image.default\">\n\t\t\t\t\t\t\t\t\t\t\t\t<figure class=\"wp-caption\">\n\t\t\t\t\t\t\t\t\t\t<img decoding=\"async\" width=\"768\" height=\"438\" src=\"https:\/\/soymigrante.com\/revista\/wp-content\/uploads\/2025\/04\/Conoce-tus-derechos-Proteccion-legal-para-trabajadores-migrantes-en-Estados-Unidos2-1024x584.jpeg\" class=\"attachment-large size-large wp-image-32072\" alt=\"Mano de obra agr\u00edcola migrante cultivando huertos org\u00e1nicos en campo abierto con verduras y frutas. Mujeres y hombres trabajando juntos en actividades agr\u00edcolas para una alimentaci\u00f3n saludable y sostenible.\" srcset=\"https:\/\/soymigrante.com\/revista\/wp-content\/uploads\/2025\/04\/Conoce-tus-derechos-Proteccion-legal-para-trabajadores-migrantes-en-Estados-Unidos2-1024x584.jpeg 1024w, https:\/\/soymigrante.com\/revista\/wp-content\/uploads\/2025\/04\/Conoce-tus-derechos-Proteccion-legal-para-trabajadores-migrantes-en-Estados-Unidos2-300x171.jpeg 300w, https:\/\/soymigrante.com\/revista\/wp-content\/uploads\/2025\/04\/Conoce-tus-derechos-Proteccion-legal-para-trabajadores-migrantes-en-Estados-Unidos2-768x438.jpeg 768w, https:\/\/soymigrante.com\/revista\/wp-content\/uploads\/2025\/04\/Conoce-tus-derechos-Proteccion-legal-para-trabajadores-migrantes-en-Estados-Unidos2-1536x876.jpeg 1536w, https:\/\/soymigrante.com\/revista\/wp-content\/uploads\/2025\/04\/Conoce-tus-derechos-Proteccion-legal-para-trabajadores-migrantes-en-Estados-Unidos2-750x428.webp 750w, https:\/\/soymigrante.com\/revista\/wp-content\/uploads\/2025\/04\/Conoce-tus-derechos-Proteccion-legal-para-trabajadores-migrantes-en-Estados-Unidos2-1140x651.webp 1140w, https:\/\/soymigrante.com\/revista\/wp-content\/uploads\/2025\/04\/Conoce-tus-derechos-Proteccion-legal-para-trabajadores-migrantes-en-Estados-Unidos2.webp 1600w\" sizes=\"(max-width: 768px) 100vw, 768px\" title=\"Conoce tus derechos Protecci\u00f3n legal para trabajadores migrantes en Estados Unidos2 \u2013 SoyMigrante.com REVISTA\" \/>\t\t\t\t\t\t\t\t\t\t\t<figcaption class=\"widget-image-caption wp-caption-text\">Trabajadores migrantes en agricultura recogiendo frutas y hortalizas en un entorno rural, destacando la importancia del trabajo agr\u00edcola y la contribuci\u00f3n de migrantes en la agricultura latinoamericana.<\/figcaption>\n\t\t\t\t\t\t\t\t\t\t<\/figure>\n\t\t\t\t\t\t\t\t\t<\/div>\n\t\t\t\t\t<\/div>\n\t\t\t\t<\/div>\n\t\t<div data-particle_enable=\"false\" data-particle-mobile-disabled=\"false\" class=\"elementor-element elementor-element-7b12bec e-flex e-con-boxed e-con e-parent\" data-id=\"7b12bec\" data-element_type=\"container\" data-e-type=\"container\">\n\t\t\t\t\t<div class=\"e-con-inner\">\n\t\t\t\t<div class=\"elementor-element elementor-element-a88eef2 elementor-widget elementor-widget-heading\" data-id=\"a88eef2\" data-element_type=\"widget\" data-e-type=\"widget\" data-widget_type=\"heading.default\">\n\t\t\t\t\t<h3 class=\"elementor-heading-title elementor-size-default\">Recursos y asistencia:<\/h3>\t\t\t\t<\/div>\n\t\t\t\t\t<\/div>\n\t\t\t\t<\/div>\n\t\t<div data-particle_enable=\"false\" data-particle-mobile-disabled=\"false\" class=\"elementor-element elementor-element-b5061b4 e-flex e-con-boxed e-con e-parent\" data-id=\"b5061b4\" data-element_type=\"container\" data-e-type=\"container\">\n\t\t\t\t\t<div class=\"e-con-inner\">\n\t\t\t\t<div class=\"elementor-element elementor-element-6d3c719 elementor-widget elementor-widget-text-editor\" data-id=\"6d3c719\" data-element_type=\"widget\" data-e-type=\"widget\" data-widget_type=\"text-editor.default\">\n\t\t\t\t\t\t\t\t\t<div><strong>\u2022 Departamento de Trabajo de EE. UU<\/strong>.: <a href=\"https:\/\/www.usa.gov\/es\/agencias\/departamento-del-trabajo\" target=\"_blank\" rel=\"noopener\">Ofrece informaci\u00f3n y recursos sobre los derechos de los trabajadores migrantes<\/a>.<\/div><div><strong>\u2022Junta Nacional de Relaciones Laborales (NLRB):<\/strong> <a href=\"https:\/\/www.nlrb.gov\/espanol\" target=\"_blank\" rel=\"noopener\">Proporciona asistencia sobre derechos de organizaci\u00f3n y negociaci\u00f3n colectiva.<\/a><\/div><div><strong>\u2022Secci\u00f3n de Derechos de Inmigrantes y Empleados (IER)<\/strong>: <a href=\"https:\/\/www.justice.gov\/es\/crt\/seccion-de-derechos-de-inmigrantes-y-empleados\" target=\"_blank\" rel=\"noopener\">Brinda orientaci\u00f3n sobre la protecci\u00f3n contra la discriminaci\u00f3n laboral.\u00a0\u00a0<\/a><\/div><div><strong>\u2022USAHello<\/strong>: <a href=\"https:\/\/usahello.org\/es\/\" target=\"_blank\" rel=\"noopener\">Ofrece informaci\u00f3n sobre los derechos de los inmigrantes y refugiados en Estados Unidos.<\/a><\/div>\t\t\t\t\t\t\t\t<\/div>\n\t\t\t\t\t<\/div>\n\t\t\t\t<\/div>\n\t\t<div data-particle_enable=\"false\" data-particle-mobile-disabled=\"false\" class=\"elementor-element elementor-element-d8f8512 e-flex e-con-boxed e-con e-parent\" data-id=\"d8f8512\" data-element_type=\"container\" data-e-type=\"container\">\n\t\t\t\t\t<div class=\"e-con-inner\">\n\t\t\t\t<div class=\"elementor-element elementor-element-03db11b elementor-widget elementor-widget-text-editor\" data-id=\"03db11b\" data-element_type=\"widget\" data-e-type=\"widget\" data-widget_type=\"text-editor.default\">\n\t\t\t\t\t\t\t\t\t<p>Es fundamental que los trabajadores migrantes en Estados Unidos conozcan y ejerzan sus derechos laborales y civiles.<\/p><p>Diversas agencias gubernamentales y organizaciones ofrecen recursos y asistencia para garantizar que estos derechos sean respetados y protegidos.<\/p>\t\t\t\t\t\t\t\t<\/div>\n\t\t\t\t\t<\/div>\n\t\t\t\t<\/div>\n\t\t<div data-particle_enable=\"false\" data-particle-mobile-disabled=\"false\" class=\"elementor-element elementor-element-4db49e7 e-flex e-con-boxed e-con e-parent\" data-id=\"4db49e7\" data-element_type=\"container\" data-e-type=\"container\">\n\t\t\t\t\t<div class=\"e-con-inner\">\n\t\t\t\t<div class=\"elementor-element elementor-element-80d309e elementor-widget elementor-widget-heading\" data-id=\"80d309e\" data-element_type=\"widget\" data-e-type=\"widget\" data-widget_type=\"heading.default\">\n\t\t\t\t\t<h2 class=\"elementor-heading-title elementor-size-default\">Conoce otros temas que te pueden gustar, ac\u00e1...<\/h2>\t\t\t\t<\/div>\n\t\t\t\t\t<\/div>\n\t\t\t\t<\/div>\n\t\t<div data-particle_enable=\"false\" data-particle-mobile-disabled=\"false\" class=\"elementor-element elementor-element-4bbb3ed e-flex e-con-boxed e-con e-parent\" data-id=\"4bbb3ed\" data-element_type=\"container\" data-e-type=\"container\">\n\t\t\t\t\t<div class=\"e-con-inner\">\n\t\t\t\t<div class=\"elementor-element elementor-element-74f59cb elementor-grid-eael-col-3 elementor-grid-tablet-eael-col-2 elementor-grid-mobile-eael-col-1 elementor-widget elementor-widget-eael-post-grid\" data-id=\"74f59cb\" data-element_type=\"widget\" data-e-type=\"widget\" data-settings=\"{&quot;eael_post_grid_columns&quot;:&quot;eael-col-3&quot;,&quot;eael_post_grid_columns_tablet&quot;:&quot;eael-col-2&quot;,&quot;eael_post_grid_columns_mobile&quot;:&quot;eael-col-1&quot;}\" data-widget_type=\"eael-post-grid.default\">\n\t\t\t\t\t<div id=\"eael-post-grid-74f59cb\" class=\"eael-post-grid-container\">\n            <div class=\"eael-post-grid eael-post-appender eael-post-appender-74f59cb eael-post-grid-style-one\" data-layout-mode=\"masonry\"><article class=\"eael-grid-post  eael-post-grid-column eael-pg-post-9493 category-bienestar\" data-id=\"9493\">\n        <div class=\"eael-grid-post-holder\">\n            <div class=\"eael-grid-post-holder-inner\"><div class=\"eael-entry-media\"><div class=\"eael-entry-overlay fade-in\"><i class=\"far fa-hand-pointer\" aria-hidden=\"true\"><\/i><a href=\"https:\/\/soymigrante.com\/revista\/cuanto-mantienes-enfocada-tu-atencion-en-el-trabajo\/\"><\/a><\/div><div class=\"eael-entry-thumbnail \">\n                <img decoding=\"async\" width=\"637\" height=\"637\" src=\"https:\/\/soymigrante.com\/revista\/wp-content\/uploads\/2024\/09\/trabajo-enfoque-rendimiento-1-2.webp\" class=\"attachment-large size-large wp-image-9609\" alt=\"Carpintero trabajando en taller con herramientas el\u00e9ctricas, enfoque en empleo y habilidades para migrantes en la construcci\u00f3n.\" srcset=\"https:\/\/soymigrante.com\/revista\/wp-content\/uploads\/2024\/09\/trabajo-enfoque-rendimiento-1-2.webp 637w, https:\/\/soymigrante.com\/revista\/wp-content\/uploads\/2024\/09\/trabajo-enfoque-rendimiento-1-2-300x300.webp 300w, https:\/\/soymigrante.com\/revista\/wp-content\/uploads\/2024\/09\/trabajo-enfoque-rendimiento-1-2-150x150.webp 150w, https:\/\/soymigrante.com\/revista\/wp-content\/uploads\/2024\/09\/trabajo-enfoque-rendimiento-1-2-75x75.webp 75w\" sizes=\"(max-width: 637px) 100vw, 637px\" \/>\n            <\/div>\n        <\/div><div class=\"eael-entry-wrapper\"><header class=\"eael-entry-header\"><h2 class=\"eael-entry-title\"><a class=\"eael-grid-post-link\" href=\"https:\/\/soymigrante.com\/revista\/cuanto-mantienes-enfocada-tu-atencion-en-el-trabajo\/\" title=\"\u00bfCu\u00e1nto mantienes enfocada tu atenci\u00f3n en el trabajo?\">\u00bfCu\u00e1nto mantienes enfocada tu atenci\u00f3n en el trabajo?<\/a><\/h2><\/header><div class=\"eael-entry-content\">\n                        <div class=\"eael-grid-post-excerpt\"><a href=\"https:\/\/soymigrante.com\/revista\/cuanto-mantienes-enfocada-tu-atencion-en-el-trabajo\/\" class=\"eael-post-elements-readmore-btn\">CONOCE SU HISTORIA <\/a><\/div>\n                    <\/div><\/div><\/div>\n        <\/div>\n    <\/article><article class=\"eael-grid-post  eael-post-grid-column eael-pg-post-4929 category-estamos-unidos\" data-id=\"4929\">\n        <div class=\"eael-grid-post-holder\">\n            <div class=\"eael-grid-post-holder-inner\"><div class=\"eael-entry-media\"><div class=\"eael-entry-overlay fade-in\"><i class=\"far fa-hand-pointer\" aria-hidden=\"true\"><\/i><a href=\"https:\/\/soymigrante.com\/revista\/migrante-fallecido-junior-gonzalez-24-anos-repatriado-solidaridad-texas-a-jutiapa\/\"><\/a><\/div><div class=\"eael-entry-thumbnail \">\n                <img loading=\"lazy\" decoding=\"async\" width=\"891\" height=\"1024\" src=\"https:\/\/soymigrante.com\/revista\/wp-content\/uploads\/2024\/02\/fallecio-primo-891x1024.webp\" class=\"attachment-large size-large wp-image-4930\" alt=\"Junior B. Gonzalez joven migrante guatemalteco fallecido en Corpus Christi Texas, donde trabajaba en construcci\u00f3n.\" srcset=\"https:\/\/soymigrante.com\/revista\/wp-content\/uploads\/2024\/02\/fallecio-primo-891x1024.webp 891w, https:\/\/soymigrante.com\/revista\/wp-content\/uploads\/2024\/02\/fallecio-primo-261x300.webp 261w, https:\/\/soymigrante.com\/revista\/wp-content\/uploads\/2024\/02\/fallecio-primo-768x882.webp 768w, https:\/\/soymigrante.com\/revista\/wp-content\/uploads\/2024\/02\/fallecio-primo-750x862.webp 750w, https:\/\/soymigrante.com\/revista\/wp-content\/uploads\/2024\/02\/fallecio-primo-1140x1310.webp 1140w, https:\/\/soymigrante.com\/revista\/wp-content\/uploads\/2024\/02\/fallecio-primo.webp 1203w\" sizes=\"(max-width: 891px) 100vw, 891px\" \/>\n            <\/div>\n        <\/div><div class=\"eael-entry-wrapper\"><header class=\"eael-entry-header\"><h2 class=\"eael-entry-title\"><a class=\"eael-grid-post-link\" href=\"https:\/\/soymigrante.com\/revista\/migrante-fallecido-junior-gonzalez-24-anos-repatriado-solidaridad-texas-a-jutiapa\/\" title=\"Migrantes en Texas ayudan a repatriaci\u00f3n de joven migrante  de Jutiapa que muri\u00f3 en su trabajo\">Migrantes en Texas ayudan a repatriaci\u00f3n de joven migrante  de Jutiapa que muri\u00f3 en su trabajo<\/a><\/h2><\/header><div class=\"eael-entry-content\">\n                        <div class=\"eael-grid-post-excerpt\"><a href=\"https:\/\/soymigrante.com\/revista\/migrante-fallecido-junior-gonzalez-24-anos-repatriado-solidaridad-texas-a-jutiapa\/\" class=\"eael-post-elements-readmore-btn\">CONOCE SU HISTORIA <\/a><\/div>\n                    <\/div><\/div><\/div>\n        <\/div>\n    <\/article><article class=\"eael-grid-post  eael-post-grid-column eael-pg-post-4542 category-lugar-de-voces\" data-id=\"4542\">\n        <div class=\"eael-grid-post-holder\">\n            <div class=\"eael-grid-post-holder-inner\"><div class=\"eael-entry-media\"><div class=\"eael-entry-overlay fade-in\"><i class=\"far fa-hand-pointer\" aria-hidden=\"true\"><\/i><a href=\"https:\/\/soymigrante.com\/revista\/migracion-jovenes-guatemaltecos-falta-oportunidades-necesitamos-desarrollo\/\"><\/a><\/div><div class=\"eael-entry-thumbnail \">\n                <img loading=\"lazy\" decoding=\"async\" width=\"1024\" height=\"534\" src=\"https:\/\/soymigrante.com\/revista\/wp-content\/uploads\/2024\/01\/Captura-de-pantalla-2024-01-22-182700-1024x534.webp\" class=\"attachment-large size-large wp-image-4543\" alt=\"Los migrantes indocumentados se exponen a los abusos y cr\u00edmenes de grupos del narcotr\u00e1fico, al riesgo de morir en el cruce del desierto y tambi\u00e9n a ser detenidos por autoridades migratorias de EE.UU:\" srcset=\"https:\/\/soymigrante.com\/revista\/wp-content\/uploads\/2024\/01\/Captura-de-pantalla-2024-01-22-182700-1024x534.webp 1024w, https:\/\/soymigrante.com\/revista\/wp-content\/uploads\/2024\/01\/Captura-de-pantalla-2024-01-22-182700-300x157.webp 300w, https:\/\/soymigrante.com\/revista\/wp-content\/uploads\/2024\/01\/Captura-de-pantalla-2024-01-22-182700-768x401.webp 768w, https:\/\/soymigrante.com\/revista\/wp-content\/uploads\/2024\/01\/Captura-de-pantalla-2024-01-22-182700-750x391.webp 750w, https:\/\/soymigrante.com\/revista\/wp-content\/uploads\/2024\/01\/Captura-de-pantalla-2024-01-22-182700-1140x595.webp 1140w, https:\/\/soymigrante.com\/revista\/wp-content\/uploads\/2024\/01\/Captura-de-pantalla-2024-01-22-182700.webp 1288w\" sizes=\"(max-width: 1024px) 100vw, 1024px\" \/>\n            <\/div>\n        <\/div><div class=\"eael-entry-wrapper\"><header class=\"eael-entry-header\"><h2 class=\"eael-entry-title\"><a class=\"eael-grid-post-link\" href=\"https:\/\/soymigrante.com\/revista\/migracion-jovenes-guatemaltecos-falta-oportunidades-necesitamos-desarrollo\/\" title=\"El trabajo y la migraci\u00f3n de los j\u00f3venes guatemaltecos\">El trabajo y la migraci\u00f3n de los j\u00f3venes guatemaltecos<\/a><\/h2><\/header><div class=\"eael-entry-content\">\n                        <div class=\"eael-grid-post-excerpt\"><a href=\"https:\/\/soymigrante.com\/revista\/migracion-jovenes-guatemaltecos-falta-oportunidades-necesitamos-desarrollo\/\" class=\"eael-post-elements-readmore-btn\">CONOCE SU HISTORIA <\/a><\/div>\n                    <\/div><\/div><\/div>\n        <\/div>\n    <\/article><\/div>\n            <div class=\"clearfix\"><\/div>\n        <\/div>\t\t\t\t<\/div>\n\t\t\t\t\t<\/div>\n\t\t\t\t<\/div>\n\t\t\t\t<\/div>\n\t\t","protected":false},"excerpt":{"rendered":"<p>Los derechos para trabajadores migrantes en Estados Unidos, tienen fundamentos en las leyes federales, con\u00f3celos. En Estados Unidos, millones de trabajadores migrantes contribuyen a la econom\u00eda en sectores clave como la agricultura, la construcci\u00f3n y el servicio dom\u00e9stico. Sin importar su estatus migratorio, estos trabajadores tienen derechos fundamentales que las leyes federales protegen. Los trabajadores [&hellip;]<\/p>\n","protected":false},"author":19,"featured_media":32066,"comment_status":"open","ping_status":"open","sticky":false,"template":"","format":"standard","meta":{"_acf_changed":false,"_eb_attr":"","footnotes":""},"categories":[59],"tags":[],"class_list":["post-32065","post","type-post","status-publish","format-standard","has-post-thumbnail","hentry","category-recursos-migratorios"],"acf":[],"aioseo_notices":[],"aioseo_head":"\n\t\t<!-- All in One SEO Pro 4.9.6.2 - aioseo.com -->\n\t<meta name=\"description\" content=\"Los j\u00f3venes migrantes van a buscar en Estados Unidos las oportunidades que no hallan en su pa\u00eds, pero Guatemala pierde esa fuerza laboral. Es necesario crear nuevas pol\u00edticas de desarrollo para esta poblaci\u00f3n. Por Guillermo Delgado, fraile dominico Todos necesitamos un trabajo para vivir, porque necesitamos dignificar la vida para vivirla. En la tradici\u00f3n\" \/>\n\t<meta name=\"robots\" content=\"max-snippet:-1, max-image-preview:large, max-video-preview:-1\" \/>\n\t<meta name=\"author\" content=\"Marysabel Aldana\"\/>\n\t<link rel=\"canonical\" href=\"https:\/\/soymigrante.com\/revista\/conoce-tus-derechos-proteccion-para-trabajadores-migrantes-en-usa\/\" \/>\n\t<meta name=\"generator\" content=\"All in One SEO Pro (AIOSEO) 4.9.6.2\" \/>\n\n\t\t<link rel=\"preconnect\" href=\"https:\/\/fonts.googleapis.com\" crossorigin>\n<link rel=\"preconnect\" href=\"https:\/\/fonts.gstatic.com\" crossorigin>\n\t\t<meta property=\"og:locale\" content=\"es_ES\" \/>\n\t\t<meta property=\"og:site_name\" content=\"SoyMigrante.com REVISTA \u2013 Nuestra misi\u00f3n es reconocer y dignificar al migrante.\" \/>\n\t\t<meta property=\"og:type\" content=\"article\" \/>\n\t\t<meta property=\"og:title\" content=\"Conoce tus derechos: Protecci\u00f3n para trabajadores migrantes en USA\" \/>\n\t\t<meta property=\"og:description\" content=\"Los derechos para trabajadores migrantes en Estados Unidos, tienen fundamentos en las leyes federales, con\u00f3celos.\" \/>\n\t\t<meta property=\"og:url\" content=\"https:\/\/soymigrante.com\/revista\/conoce-tus-derechos-proteccion-para-trabajadores-migrantes-en-usa\/\" \/>\n\t\t<meta property=\"og:image\" content=\"https:\/\/soymigrante.com\/revista\/wp-content\/uploads\/2025\/04\/Conoce-tus-derechos-Proteccion-legal-para-trabajadores-migrantes-en-Estados-Unidos3-e1745867361878.webp\" \/>\n\t\t<meta property=\"og:image:secure_url\" content=\"https:\/\/soymigrante.com\/revista\/wp-content\/uploads\/2025\/04\/Conoce-tus-derechos-Proteccion-legal-para-trabajadores-migrantes-en-Estados-Unidos3-e1745867361878.webp\" \/>\n\t\t<meta property=\"og:image:width\" content=\"1600\" \/>\n\t\t<meta property=\"og:image:height\" content=\"1066\" \/>\n\t\t<meta property=\"article:published_time\" content=\"2025-05-02T16:34:23+00:00\" \/>\n\t\t<meta property=\"article:modified_time\" content=\"2025-05-02T16:34:27+00:00\" \/>\n\t\t<meta property=\"article:publisher\" content=\"https:\/\/www.facebook.com\/soymigrantecom\" \/>\n\t\t<meta name=\"twitter:card\" content=\"summary_large_image\" \/>\n\t\t<meta name=\"twitter:site\" content=\"@SoyMigrante_com\" \/>\n\t\t<meta name=\"twitter:title\" content=\"Conoce tus derechos: Protecci\u00f3n para trabajadores migrantes en USA\" \/>\n\t\t<meta name=\"twitter:description\" content=\"Los derechos para trabajadores migrantes en Estados Unidos, tienen fundamentos en las leyes federales, con\u00f3celos.\" \/>\n\t\t<meta name=\"twitter:creator\" content=\"@SoyMigrante_com\" \/>\n\t\t<meta name=\"twitter:image\" content=\"https:\/\/soymigrante.com\/revista\/wp-content\/uploads\/2025\/04\/Conoce-tus-derechos-Proteccion-legal-para-trabajadores-migrantes-en-Estados-Unidos3-e1745867361878.webp\" \/>\n\t\t<!-- All in One SEO Pro -->\r\n\t\t<title>Conoce tus derechos: Protecci\u00f3n para trabajadores migrantes en USA<\/title>\n\n","aioseo_head_json":{"title":"Conoce tus derechos: Protecci\u00f3n para trabajadores migrantes en USA","description":"Los derechos para trabajadores migrantes en Estados Unidos, tienen fundamentos en las leyes federales, con\u00f3celos.","canonical_url":"https:\/\/soymigrante.com\/revista\/conoce-tus-derechos-proteccion-para-trabajadores-migrantes-en-usa\/","robots":"max-snippet:-1, max-image-preview:large, max-video-preview:-1","keywords":"","webmasterTools":{"miscellaneous":"&lt;link rel=\"preconnect\" href=\"https:\/\/fonts.googleapis.com\" crossorigin&gt;\n&lt;link rel=\"preconnect\" href=\"https:\/\/fonts.gstatic.com\" crossorigin&gt;"},"schema":null,"og:locale":"es_ES","og:site_name":"SoyMigrante.com REVISTA \u2013 Nuestra misi\u00f3n es reconocer y dignificar al migrante.","og:type":"article","og:title":"Conoce tus derechos: Protecci\u00f3n para trabajadores migrantes en USA","og:description":"Los derechos para trabajadores migrantes en Estados Unidos, tienen fundamentos en las leyes federales, con\u00f3celos.","og:url":"https:\/\/soymigrante.com\/revista\/conoce-tus-derechos-proteccion-para-trabajadores-migrantes-en-usa\/","og:image":"https:\/\/soymigrante.com\/revista\/wp-content\/uploads\/2025\/04\/Conoce-tus-derechos-Proteccion-legal-para-trabajadores-migrantes-en-Estados-Unidos3-e1745867361878.webp","og:image:secure_url":"https:\/\/soymigrante.com\/revista\/wp-content\/uploads\/2025\/04\/Conoce-tus-derechos-Proteccion-legal-para-trabajadores-migrantes-en-Estados-Unidos3-e1745867361878.webp","og:image:width":1600,"og:image:height":1066,"article:published_time":"2025-05-02T16:34:23+00:00","article:modified_time":"2025-05-02T16:34:27+00:00","article:publisher":"https:\/\/www.facebook.com\/soymigrantecom","twitter:card":"summary_large_image","twitter:site":"@SoyMigrante_com","twitter:title":"Conoce tus derechos: Protecci\u00f3n para trabajadores migrantes en USA","twitter:description":"Los derechos para trabajadores migrantes en Estados Unidos, tienen fundamentos en las leyes federales, con\u00f3celos.","twitter:creator":"@SoyMigrante_com","twitter:image":"https:\/\/soymigrante.com\/revista\/wp-content\/uploads\/2025\/04\/Conoce-tus-derechos-Proteccion-legal-para-trabajadores-migrantes-en-Estados-Unidos3-e1745867361878.webp"},"aioseo_meta_data":{"post_id":"32065","title":null,"description":"Los derechos para trabajadores migrantes en Estados Unidos, tienen fundamentos en las leyes federales, con\u00f3celos.","keywords":null,"keyphrases":{"focus":{"keyphrase":"Derechos","score":78,"analysis":{"keyphraseInTitle":{"score":9,"maxScore":9,"error":0},"keyphraseInDescription":{"score":9,"maxScore":9,"error":0},"keyphraseLength":{"score":9,"maxScore":9,"error":0,"length":1},"keyphraseInURL":{"score":5,"maxScore":5,"error":0},"keyphraseInIntroduction":{"score":9,"maxScore":9,"error":0},"keyphraseInSubHeadings":{"score":3,"maxScore":9,"error":1},"keyphraseInImageAlt":{"score":9,"maxScore":9,"error":0},"keywordDensity":{"type":"high","score":0,"maxScore":9,"error":1}}},"additional":[{"keyphrase":"Derechos","score":80,"analysis":{"keyphraseInDescription":{"score":9,"maxScore":9,"error":0},"keyphraseLength":{"score":9,"maxScore":9,"error":0,"length":1},"keyphraseInIntroduction":{"score":9,"maxScore":9,"error":0},"keyphraseInImageAlt":{"score":9,"maxScore":9,"error":0},"keywordDensity":{"type":"high","score":0,"maxScore":9,"error":1}}},{"keyphrase":"Migrantes","score":100,"analysis":{"keyphraseInDescription":{"score":9,"maxScore":9,"error":0},"keyphraseLength":{"score":9,"maxScore":9,"error":0,"length":1},"keyphraseInIntroduction":{"score":9,"maxScore":9,"error":0},"keyphraseInImageAlt":{"score":9,"maxScore":9,"error":0},"keywordDensity":{"type":"best","score":9,"maxScore":9,"error":0}}},{"keyphrase":"Trabajadores","score":100,"analysis":{"keyphraseInDescription":{"score":9,"maxScore":9,"error":0},"keyphraseLength":{"score":9,"maxScore":9,"error":0,"length":1},"keyphraseInIntroduction":{"score":9,"maxScore":9,"error":0},"keyphraseInImageAlt":{"score":9,"maxScore":9,"error":0},"keywordDensity":{"type":"best","score":9,"maxScore":9,"error":0}}}]},"primary_term":null,"canonical_url":null,"og_title":null,"og_description":null,"og_object_type":"default","og_image_type":"default","og_image_url":null,"og_image_width":null,"og_image_height":null,"og_image_custom_url":null,"og_image_custom_fields":null,"og_video":"","og_custom_url":null,"og_article_section":null,"og_article_tags":null,"twitter_use_og":false,"twitter_card":"default","twitter_image_type":"default","twitter_image_url":null,"twitter_image_custom_url":null,"twitter_image_custom_fields":null,"twitter_title":null,"twitter_description":null,"schema":{"blockGraphs":[],"customGraphs":[],"default":{"data":{"Article":[],"Course":[],"Dataset":[],"FAQPage":[],"Movie":[],"Person":[],"Product":[],"ProductReview":[],"Car":[],"Recipe":[],"Service":[],"SoftwareApplication":[],"WebPage":[]},"graphName":"none","isEnabled":true},"graphs":[]},"schema_type":"default","schema_type_options":null,"pillar_content":false,"robots_default":true,"robots_noindex":false,"robots_noarchive":false,"robots_nosnippet":false,"robots_nofollow":false,"robots_noimageindex":false,"robots_noodp":false,"robots_notranslate":false,"robots_max_snippet":"-1","robots_max_videopreview":"-1","robots_max_imagepreview":"large","priority":null,"frequency":"default","local_seo":null,"seo_analyzer_scan_date":"2025-10-09 04:47:58","breadcrumb_settings":null,"limit_modified_date":false,"reviewed_by":null,"open_ai":"{\"title\":{\"suggestions\":[],\"usage\":0},\"description\":{\"suggestions\":[],\"usage\":0}}","ai":null,"created":"2025-04-28 19:10:36","updated":"2026-02-04 23:28:18"},"aioseo_breadcrumb":"<div class=\"aioseo-breadcrumbs\"><span class=\"aioseo-breadcrumb\">\n\t<a href=\"https:\/\/soymigrante.com\/revista\" title=\"Home\">Home<\/a>\n<\/span><span class=\"aioseo-breadcrumb-separator\">\u00bb<\/span><span class=\"aioseo-breadcrumb\">\n\t<a href=\"https:\/\/soymigrante.com\/revista\/category\/recursos-migratorios\/\" title=\"Recursos Migratorios\">Recursos Migratorios<\/a>\n<\/span><span class=\"aioseo-breadcrumb-separator\">\u00bb<\/span><span class=\"aioseo-breadcrumb\">\n\tConoce tus derechos: Protecci\u00f3n para trabajadores migrantes en USA\n<\/span><\/div>","aioseo_breadcrumb_json":[{"label":"Home","link":"https:\/\/soymigrante.com\/revista"},{"label":"Recursos Migratorios","link":"https:\/\/soymigrante.com\/revista\/category\/recursos-migratorios\/"},{"label":"Conoce tus derechos: Protecci\u00f3n para trabajadores migrantes en USA","link":"https:\/\/soymigrante.com\/revista\/conoce-tus-derechos-proteccion-para-trabajadores-migrantes-en-usa\/"}],"_links":{"self":[{"href":"https:\/\/soymigrante.com\/revista\/wp-json\/wp\/v2\/posts\/32065","targetHints":{"allow":["GET"]}}],"collection":[{"href":"https:\/\/soymigrante.com\/revista\/wp-json\/wp\/v2\/posts"}],"about":[{"href":"https:\/\/soymigrante.com\/revista\/wp-json\/wp\/v2\/types\/post"}],"author":[{"embeddable":true,"href":"https:\/\/soymigrante.com\/revista\/wp-json\/wp\/v2\/users\/19"}],"replies":[{"embeddable":true,"href":"https:\/\/soymigrante.com\/revista\/wp-json\/wp\/v2\/comments?post=32065"}],"version-history":[{"count":8,"href":"https:\/\/soymigrante.com\/revista\/wp-json\/wp\/v2\/posts\/32065\/revisions"}],"predecessor-version":[{"id":32420,"href":"https:\/\/soymigrante.com\/revista\/wp-json\/wp\/v2\/posts\/32065\/revisions\/32420"}],"wp:featuredmedia":[{"embeddable":true,"href":"https:\/\/soymigrante.com\/revista\/wp-json\/wp\/v2\/media\/32066"}],"wp:attachment":[{"href":"https:\/\/soymigrante.com\/revista\/wp-json\/wp\/v2\/media?parent=32065"}],"wp:term":[{"taxonomy":"category","embeddable":true,"href":"https:\/\/soymigrante.com\/revista\/wp-json\/wp\/v2\/categories?post=32065"},{"taxonomy":"post_tag","embeddable":true,"href":"https:\/\/soymigrante.com\/revista\/wp-json\/wp\/v2\/tags?post=32065"}],"curies":[{"name":"wp","href":"https:\/\/api.w.org\/{rel}","templated":true}]}}