{"id":32059,"date":"2025-05-29T13:24:02","date_gmt":"2025-05-29T19:24:02","guid":{"rendered":"https:\/\/soymigrante.com\/revista\/?p=32059"},"modified":"2025-09-15T17:27:17","modified_gmt":"2025-09-15T23:27:17","slug":"estas-son-las-fiestas-patronales-de-junio-en-municipios-de-guatemala","status":"publish","type":"post","link":"https:\/\/soymigrante.com\/revista\/estas-son-las-fiestas-patronales-de-junio-en-municipios-de-guatemala\/","title":{"rendered":"Fiestas patronales en municipios de Guatemala durante junio"},"content":{"rendered":"\t\t<div data-elementor-type=\"wp-post\" data-elementor-id=\"32059\" class=\"elementor elementor-32059\" data-elementor-post-type=\"post\">\n\t\t\t\t<div data-particle_enable=\"false\" data-particle-mobile-disabled=\"false\" class=\"elementor-element elementor-element-bccfcb1 e-flex e-con-boxed e-con e-parent\" data-id=\"bccfcb1\" data-element_type=\"container\" data-e-type=\"container\">\n\t\t\t\t\t<div class=\"e-con-inner\">\n\t\t\t\t<div class=\"elementor-element elementor-element-2bf86fd elementor-widget elementor-widget-heading\" data-id=\"2bf86fd\" data-element_type=\"widget\" data-e-type=\"widget\" data-widget_type=\"heading.default\">\n\t\t\t\t\t<h2 class=\"elementor-heading-title elementor-size-default\">Junio en Guatemala es un mes de celebraci\u00f3n y devoci\u00f3n. Diversos municipios del pa\u00eds se llenan de m\u00fasica, procesiones, bailes tradicionales y ferias en honor a sus santos patronos. <\/h2>\t\t\t\t<\/div>\n\t\t\t\t\t<\/div>\n\t\t\t\t<\/div>\n\t\t<div data-particle_enable=\"false\" data-particle-mobile-disabled=\"false\" class=\"elementor-element elementor-element-30eb8b3 e-flex e-con-boxed e-con e-parent\" data-id=\"30eb8b3\" data-element_type=\"container\" data-e-type=\"container\">\n\t\t\t\t\t<div class=\"e-con-inner\">\n\t\t\t\t<div class=\"elementor-element elementor-element-4d4f517 elementor-widget elementor-widget-text-editor\" data-id=\"4d4f517\" data-element_type=\"widget\" data-e-type=\"widget\" data-widget_type=\"text-editor.default\">\n\t\t\t\t\t\t\t\t\t<p>Durante junio,<a href=\"https:\/\/soymigrante.com\/revista\/fiestas-patronales-en-guatemala-busque-su-municipio\/\" target=\"_blank\" rel=\"noopener\"> varias localidades de Guatemala celebran sus fiestas patronales,<\/a> cada una rindiendo homenaje a un santo o santa que consideran su protector espiritual.<\/p><p>Estas festividades son una oportunidad para fortalecer la fe, la identidad comunitaria y las tradiciones ancestrales.<\/p><p>A continuaci\u00f3n,<a href=\"https:\/\/soymigrante.com\/revista\/fiestas-patronales-en-guatemala-busque-su-municipio\/\" target=\"_blank\" rel=\"noopener\"> te presentamos algunos de los municipios que celebran en junio y el patr\u00f3n o patrona en cuyo honor realizan sus actividades:<\/a><\/p>\t\t\t\t\t\t\t\t<\/div>\n\t\t\t\t\t<\/div>\n\t\t\t\t<\/div>\n\t\t<div data-particle_enable=\"false\" data-particle-mobile-disabled=\"false\" class=\"elementor-element elementor-element-d17c987 e-flex e-con-boxed e-con e-parent\" data-id=\"d17c987\" data-element_type=\"container\" data-e-type=\"container\">\n\t\t\t\t\t<div class=\"e-con-inner\">\n\t\t\t\t<div class=\"elementor-element elementor-element-3483736 elementor-widget elementor-widget-heading\" data-id=\"3483736\" data-element_type=\"widget\" data-e-type=\"widget\" data-widget_type=\"heading.default\">\n\t\t\t\t\t<h3 class=\"elementor-heading-title elementor-size-default\">1. Chichicastenango, Quich\u00e9 \u2013 San Antonio de Padua (13 de junio)<\/h3>\t\t\t\t<\/div>\n\t\t\t\t\t<\/div>\n\t\t\t\t<\/div>\n\t\t<div data-particle_enable=\"false\" data-particle-mobile-disabled=\"false\" class=\"elementor-element elementor-element-ad78ef6 e-flex e-con-boxed e-con e-parent\" data-id=\"ad78ef6\" data-element_type=\"container\" data-e-type=\"container\">\n\t\t\t\t\t<div class=\"e-con-inner\">\n\t\t\t\t<div class=\"elementor-element elementor-element-3cc9f12 elementor-widget elementor-widget-text-editor\" data-id=\"3cc9f12\" data-element_type=\"widget\" data-e-type=\"widget\" data-widget_type=\"text-editor.default\">\n\t\t\t\t\t\t\t\t\t<p>Conocido mundialmente por su vibrante mercado, Chichicastenango se transforma durante su fiesta patronal con misas solemnes, danzas tradicionales como la del \u201cPalo Volador\u201d, procesiones y quema de fuegos artificiales en honor a San Antonio de Padua, <a href=\"https:\/\/soymigrante.com\/revista\/fiestas-patronales-en-guatemala-busque-su-municipio\/\" target=\"_blank\" rel=\"noopener\">santo de los milagros y protector de los pobres.<\/a><\/p>\t\t\t\t\t\t\t\t<\/div>\n\t\t\t\t\t<\/div>\n\t\t\t\t<\/div>\n\t\t<div data-particle_enable=\"false\" data-particle-mobile-disabled=\"false\" class=\"elementor-element elementor-element-98c079e e-flex e-con-boxed e-con e-parent\" data-id=\"98c079e\" data-element_type=\"container\" data-e-type=\"container\">\n\t\t\t\t\t<div class=\"e-con-inner\">\n\t\t\t\t<div class=\"elementor-element elementor-element-a961bea elementor-widget elementor-widget-video\" data-id=\"a961bea\" data-element_type=\"widget\" data-e-type=\"widget\" data-settings=\"{&quot;youtube_url&quot;:&quot;https:\\\/\\\/www.youtube.com\\\/watch?v=SRv2U9y0V1o&quot;,&quot;video_type&quot;:&quot;youtube&quot;,&quot;controls&quot;:&quot;yes&quot;}\" data-widget_type=\"video.default\">\n\t\t\t\t\t\t\t<div class=\"elementor-wrapper elementor-open-inline\">\n\t\t\t<div class=\"elementor-video\"><\/div>\t\t<\/div>\n\t\t\t\t\t\t<\/div>\n\t\t\t\t\t<\/div>\n\t\t\t\t<\/div>\n\t\t<div data-particle_enable=\"false\" data-particle-mobile-disabled=\"false\" class=\"elementor-element elementor-element-5ce08a4 e-flex e-con-boxed e-con e-parent\" data-id=\"5ce08a4\" data-element_type=\"container\" data-e-type=\"container\">\n\t\t\t\t\t<div class=\"e-con-inner\">\n\t\t\t\t<div class=\"elementor-element elementor-element-82365c3 elementor-widget elementor-widget-heading\" data-id=\"82365c3\" data-element_type=\"widget\" data-e-type=\"widget\" data-widget_type=\"heading.default\">\n\t\t\t\t\t<h3 class=\"elementor-heading-title elementor-size-default\">2. San Juan Chamelco, Alta Verapaz \u2013 San Juan Bautista (24 de junio)<\/h3>\t\t\t\t<\/div>\n\t\t\t\t\t<\/div>\n\t\t\t\t<\/div>\n\t\t<div data-particle_enable=\"false\" data-particle-mobile-disabled=\"false\" class=\"elementor-element elementor-element-55c9752 e-flex e-con-boxed e-con e-parent\" data-id=\"55c9752\" data-element_type=\"container\" data-e-type=\"container\">\n\t\t\t\t\t<div class=\"e-con-inner\">\n\t\t\t\t<div class=\"elementor-element elementor-element-28a2cf1 elementor-widget elementor-widget-text-editor\" data-id=\"28a2cf1\" data-element_type=\"widget\" data-e-type=\"widget\" data-widget_type=\"text-editor.default\">\n\t\t\t\t\t\t\t\t\t<p><a href=\"https:\/\/soymigrante.com\/revista\/fiestas-patronales-en-guatemala-busque-su-municipio\/\" target=\"_blank\" rel=\"noopener\">San Juan Chamelco se llena de actividades religiosas y culturales para venerar a San Juan Bautista.<\/a> Hay procesiones, rezos y tambi\u00e9n manifestaciones art\u00edsticas como los conciertos de marimba y los concursos de danzas mayas, destacando la fuerte presencia de la cultura q\u2019eqchi\u2019.<\/p>\t\t\t\t\t\t\t\t<\/div>\n\t\t\t\t\t<\/div>\n\t\t\t\t<\/div>\n\t\t<div data-particle_enable=\"false\" data-particle-mobile-disabled=\"false\" class=\"elementor-element elementor-element-c976f62 e-flex e-con-boxed e-con e-parent\" data-id=\"c976f62\" data-element_type=\"container\" data-e-type=\"container\">\n\t\t\t\t\t<div class=\"e-con-inner\">\n\t\t\t\t<div class=\"elementor-element elementor-element-db700ac elementor-widget elementor-widget-heading\" data-id=\"db700ac\" data-element_type=\"widget\" data-e-type=\"widget\" data-widget_type=\"heading.default\">\n\t\t\t\t\t<h3 class=\"elementor-heading-title elementor-size-default\">3. San Juan Sacatep\u00e9quez, Guatemala \u2013 San Juan Bautista (24 de junio)<\/h3>\t\t\t\t<\/div>\n\t\t\t\t\t<\/div>\n\t\t\t\t<\/div>\n\t\t<div data-particle_enable=\"false\" data-particle-mobile-disabled=\"false\" class=\"elementor-element elementor-element-b299a58 e-flex e-con-boxed e-con e-parent\" data-id=\"b299a58\" data-element_type=\"container\" data-e-type=\"container\">\n\t\t\t\t\t<div class=\"e-con-inner\">\n\t\t\t\t<div class=\"elementor-element elementor-element-4d53619 elementor-widget elementor-widget-text-editor\" data-id=\"4d53619\" data-element_type=\"widget\" data-e-type=\"widget\" data-widget_type=\"text-editor.default\">\n\t\t\t\t\t\t\t\t\t<p>Esta localidad cercana a la capital celebra con fervor a San Juan Bautista. La feria incluye desfiles h\u00edpicos, elecci\u00f3n de reinas de belleza ind\u00edgena y mestiza, conciertos de m\u00fasica popular y venta de comida t\u00edpica, como el tradicional pulique.<\/p>\t\t\t\t\t\t\t\t<\/div>\n\t\t\t\t\t<\/div>\n\t\t\t\t<\/div>\n\t\t<div data-particle_enable=\"false\" data-particle-mobile-disabled=\"false\" class=\"elementor-element elementor-element-b223a2e e-flex e-con-boxed e-con e-parent\" data-id=\"b223a2e\" data-element_type=\"container\" data-e-type=\"container\">\n\t\t\t\t\t<div class=\"e-con-inner\">\n\t\t\t\t<div class=\"elementor-element elementor-element-b4f1e73 elementor-widget elementor-widget-heading\" data-id=\"b4f1e73\" data-element_type=\"widget\" data-e-type=\"widget\" data-widget_type=\"heading.default\">\n\t\t\t\t\t<h3 class=\"elementor-heading-title elementor-size-default\">4. San Juan Comalapa, Chimaltenango \u2013 San Juan Bautista (24 de junio)<\/h3>\t\t\t\t<\/div>\n\t\t\t\t\t<\/div>\n\t\t\t\t<\/div>\n\t\t<div data-particle_enable=\"false\" data-particle-mobile-disabled=\"false\" class=\"elementor-element elementor-element-c711829 e-flex e-con-boxed e-con e-parent\" data-id=\"c711829\" data-element_type=\"container\" data-e-type=\"container\">\n\t\t\t\t\t<div class=\"e-con-inner\">\n\t\t\t\t<div class=\"elementor-element elementor-element-24df15f elementor-widget elementor-widget-text-editor\" data-id=\"24df15f\" data-element_type=\"widget\" data-e-type=\"widget\" data-widget_type=\"text-editor.default\">\n\t\t\t\t\t\t\t\t\t<p>Conocido como la \u201cFlorencia de Am\u00e9rica\u201d por sus pintores, San Juan Comalapa rinde homenaje a su patr\u00f3n con una feria art\u00edstica. <a href=\"https:\/\/soymigrante.com\/revista\/fiestas-patronales-en-guatemala-busque-su-municipio\/\" target=\"_blank\" rel=\"noopener\">Exposiciones de pintura, talleres de arte, procesiones y actos religiosos se mezclan con danzas folcl\u00f3ricas y ferias gastron\u00f3micas.<\/a><\/p>\t\t\t\t\t\t\t\t<\/div>\n\t\t\t\t\t<\/div>\n\t\t\t\t<\/div>\n\t\t<div data-particle_enable=\"false\" data-particle-mobile-disabled=\"false\" class=\"elementor-element elementor-element-f39b49b e-flex e-con-boxed e-con e-parent\" data-id=\"f39b49b\" data-element_type=\"container\" data-e-type=\"container\">\n\t\t\t\t\t<div class=\"e-con-inner\">\n\t\t\t\t<div class=\"elementor-element elementor-element-2f4c724 elementor-widget elementor-widget-video\" data-id=\"2f4c724\" data-element_type=\"widget\" data-e-type=\"widget\" data-settings=\"{&quot;youtube_url&quot;:&quot;https:\\\/\\\/www.youtube.com\\\/watch?v=VYS_wXnJoRI&quot;,&quot;video_type&quot;:&quot;youtube&quot;,&quot;controls&quot;:&quot;yes&quot;}\" data-widget_type=\"video.default\">\n\t\t\t\t\t\t\t<div class=\"elementor-wrapper elementor-open-inline\">\n\t\t\t<div class=\"elementor-video\"><\/div>\t\t<\/div>\n\t\t\t\t\t\t<\/div>\n\t\t\t\t\t<\/div>\n\t\t\t\t<\/div>\n\t\t<div data-particle_enable=\"false\" data-particle-mobile-disabled=\"false\" class=\"elementor-element elementor-element-9d24458 e-flex e-con-boxed e-con e-parent\" data-id=\"9d24458\" data-element_type=\"container\" data-e-type=\"container\">\n\t\t\t\t\t<div class=\"e-con-inner\">\n\t\t\t\t<div class=\"elementor-element elementor-element-4fbca6d elementor-widget elementor-widget-heading\" data-id=\"4fbca6d\" data-element_type=\"widget\" data-e-type=\"widget\" data-widget_type=\"heading.default\">\n\t\t\t\t\t<h3 class=\"elementor-heading-title elementor-size-default\">5. San Antonio Palop\u00f3, Solol\u00e1 \u2013 San Antonio de Padua (13 de junio)<\/h3>\t\t\t\t<\/div>\n\t\t\t\t\t<\/div>\n\t\t\t\t<\/div>\n\t\t<div data-particle_enable=\"false\" data-particle-mobile-disabled=\"false\" class=\"elementor-element elementor-element-0495c4a e-flex e-con-boxed e-con e-parent\" data-id=\"0495c4a\" data-element_type=\"container\" data-e-type=\"container\">\n\t\t\t\t\t<div class=\"e-con-inner\">\n\t\t\t\t<div class=\"elementor-element elementor-element-4871a6e elementor-widget elementor-widget-text-editor\" data-id=\"4871a6e\" data-element_type=\"widget\" data-e-type=\"widget\" data-widget_type=\"text-editor.default\">\n\t\t\t\t\t\t\t\t\t<p>Este pintoresco municipio a orillas del lago de Atitl\u00e1n celebra a San Antonio de Padua con procesiones, actividades religiosas, m\u00fasica de marimba y eventos deportivos. La feria es tambi\u00e9n un escaparate de la colorida artesan\u00eda local, principalmente tejidos.<\/p>\t\t\t\t\t\t\t\t<\/div>\n\t\t\t\t\t<\/div>\n\t\t\t\t<\/div>\n\t\t<div data-particle_enable=\"false\" data-particle-mobile-disabled=\"false\" class=\"elementor-element elementor-element-ac422e9 e-flex e-con-boxed e-con e-parent\" data-id=\"ac422e9\" data-element_type=\"container\" data-e-type=\"container\">\n\t\t\t\t\t<div class=\"e-con-inner\">\n\t\t\t\t<div class=\"elementor-element elementor-element-7c71a79 elementor-widget elementor-widget-heading\" data-id=\"7c71a79\" data-element_type=\"widget\" data-e-type=\"widget\" data-widget_type=\"heading.default\">\n\t\t\t\t\t<h3 class=\"elementor-heading-title elementor-size-default\">6. San Juan Ixcoy, Huehuetenango \u2013 San Juan Bautista (24 de junio)<\/h3>\t\t\t\t<\/div>\n\t\t\t\t\t<\/div>\n\t\t\t\t<\/div>\n\t\t<div data-particle_enable=\"false\" data-particle-mobile-disabled=\"false\" class=\"elementor-element elementor-element-91291ef e-flex e-con-boxed e-con e-parent\" data-id=\"91291ef\" data-element_type=\"container\" data-e-type=\"container\">\n\t\t\t\t\t<div class=\"e-con-inner\">\n\t\t\t\t<div class=\"elementor-element elementor-element-087ce22 elementor-widget elementor-widget-text-editor\" data-id=\"087ce22\" data-element_type=\"widget\" data-e-type=\"widget\" data-widget_type=\"text-editor.default\">\n\t\t\t\t\t\t\t\t\t<p><a href=\"https:\/\/soymigrante.com\/revista\/fiestas-patronales-en-guatemala-busque-su-municipio\/\" target=\"_blank\" rel=\"noopener\">En esta regi\u00f3n de los Cuchumatanes, la celebraci\u00f3n combina costumbres mayas y cat\u00f3licas<\/a>. Hay ceremonias religiosas, rezos en idioma q\u2019anjob\u2019al, presentaciones de bailes tradicionales y competencias deportivas, en honor a San Juan Bautista.<\/p>\t\t\t\t\t\t\t\t<\/div>\n\t\t\t\t\t<\/div>\n\t\t\t\t<\/div>\n\t\t<div data-particle_enable=\"false\" data-particle-mobile-disabled=\"false\" class=\"elementor-element elementor-element-74f17d8 e-flex e-con-boxed e-con e-parent\" data-id=\"74f17d8\" data-element_type=\"container\" data-e-type=\"container\">\n\t\t\t\t\t<div class=\"e-con-inner\">\n\t\t\t\t<div class=\"elementor-element elementor-element-a39be9c elementor-widget elementor-widget-video\" data-id=\"a39be9c\" data-element_type=\"widget\" data-e-type=\"widget\" data-settings=\"{&quot;youtube_url&quot;:&quot;https:\\\/\\\/www.youtube.com\\\/watch?v=Iv3eRFY_0ow&quot;,&quot;video_type&quot;:&quot;youtube&quot;,&quot;controls&quot;:&quot;yes&quot;}\" data-widget_type=\"video.default\">\n\t\t\t\t\t\t\t<div class=\"elementor-wrapper elementor-open-inline\">\n\t\t\t<div class=\"elementor-video\"><\/div>\t\t<\/div>\n\t\t\t\t\t\t<\/div>\n\t\t\t\t\t<\/div>\n\t\t\t\t<\/div>\n\t\t<div data-particle_enable=\"false\" data-particle-mobile-disabled=\"false\" class=\"elementor-element elementor-element-ab7f733 e-flex e-con-boxed e-con e-parent\" data-id=\"ab7f733\" data-element_type=\"container\" data-e-type=\"container\">\n\t\t\t\t\t<div class=\"e-con-inner\">\n\t\t\t\t<div class=\"elementor-element elementor-element-9bf28c1 elementor-widget elementor-widget-heading\" data-id=\"9bf28c1\" data-element_type=\"widget\" data-e-type=\"widget\" data-widget_type=\"heading.default\">\n\t\t\t\t\t<h3 class=\"elementor-heading-title elementor-size-default\">7. San Antonio Aguas Calientes, Sacatep\u00e9quez \u2013 San Antonio de Padua (13 de junio)<\/h3>\t\t\t\t<\/div>\n\t\t\t\t\t<\/div>\n\t\t\t\t<\/div>\n\t\t<div data-particle_enable=\"false\" data-particle-mobile-disabled=\"false\" class=\"elementor-element elementor-element-1ed08de e-flex e-con-boxed e-con e-parent\" data-id=\"1ed08de\" data-element_type=\"container\" data-e-type=\"container\">\n\t\t\t\t\t<div class=\"e-con-inner\">\n\t\t\t\t<div class=\"elementor-element elementor-element-0900636 elementor-widget elementor-widget-text-editor\" data-id=\"0900636\" data-element_type=\"widget\" data-e-type=\"widget\" data-widget_type=\"text-editor.default\">\n\t\t\t\t\t\t\t\t\t<p>Famoso por sus textiles de alta calidad, este municipio celebra a su patrono con misas, procesiones solemnes, jaripeos (rodeos), danzas y exposiciones de artesan\u00eda, reafirmando el valor de la cultura y tradiciones locales.<\/p>\t\t\t\t\t\t\t\t<\/div>\n\t\t\t\t\t<\/div>\n\t\t\t\t<\/div>\n\t\t<div data-particle_enable=\"false\" data-particle-mobile-disabled=\"false\" class=\"elementor-element elementor-element-ccb83a2 e-flex e-con-boxed e-con e-parent\" data-id=\"ccb83a2\" data-element_type=\"container\" data-e-type=\"container\">\n\t\t\t\t\t<div class=\"e-con-inner\">\n\t\t\t\t<div class=\"elementor-element elementor-element-c574836 elementor-widget elementor-widget-text-editor\" data-id=\"c574836\" data-element_type=\"widget\" data-e-type=\"widget\" data-widget_type=\"text-editor.default\">\n\t\t\t\t\t\t\t\t\t<p><a href=\"https:\/\/soymigrante.com\/revista\/fiestas-patronales-en-guatemala-busque-su-municipio\/\" target=\"_blank\" rel=\"noopener\">Las fiestas patronales de junio en Guatemala son m\u00e1s que eventos religiosos<\/a>: son expresiones vivas de cultura, identidad y comunidad. A trav\u00e9s de la m\u00fasica, el arte, la fe y la tradici\u00f3n, los guatemaltecos mantienen vivos los lazos con su historia y su herencia ancestral.<\/p>\t\t\t\t\t\t\t\t<\/div>\n\t\t\t\t\t<\/div>\n\t\t\t\t<\/div>\n\t\t<div data-particle_enable=\"false\" data-particle-mobile-disabled=\"false\" class=\"elementor-element elementor-element-de9f6c0 e-flex e-con-boxed e-con e-parent\" data-id=\"de9f6c0\" data-element_type=\"container\" data-e-type=\"container\">\n\t\t\t\t\t<div class=\"e-con-inner\">\n\t\t\t\t<div class=\"elementor-element elementor-element-9f45513 elementor-widget elementor-widget-heading\" data-id=\"9f45513\" data-element_type=\"widget\" data-e-type=\"widget\" data-widget_type=\"heading.default\">\n\t\t\t\t\t<h2 class=\"elementor-heading-title elementor-size-default\">Conoce m\u00e1s sobre las fiestas patronales de Guatemala...<\/h2>\t\t\t\t<\/div>\n\t\t\t\t\t<\/div>\n\t\t\t\t<\/div>\n\t\t<div data-particle_enable=\"false\" data-particle-mobile-disabled=\"false\" class=\"elementor-element elementor-element-81f9a8e e-flex e-con-boxed e-con e-parent\" data-id=\"81f9a8e\" data-element_type=\"container\" data-e-type=\"container\">\n\t\t\t\t\t<div class=\"e-con-inner\">\n\t\t\t\t<div class=\"elementor-element elementor-element-7632efb elementor-grid-eael-col-3 elementor-grid-tablet-eael-col-2 elementor-grid-mobile-eael-col-1 elementor-widget elementor-widget-eael-post-grid\" data-id=\"7632efb\" data-element_type=\"widget\" data-e-type=\"widget\" data-settings=\"{&quot;eael_post_grid_columns&quot;:&quot;eael-col-3&quot;,&quot;eael_post_grid_columns_tablet&quot;:&quot;eael-col-2&quot;,&quot;eael_post_grid_columns_mobile&quot;:&quot;eael-col-1&quot;}\" data-widget_type=\"eael-post-grid.default\">\n\t\t\t\t\t<div id=\"eael-post-grid-7632efb\" class=\"eael-post-grid-container\">\n            <div class=\"eael-post-grid eael-post-appender eael-post-appender-7632efb eael-post-grid-style-one\" data-layout-mode=\"masonry\"><article class=\"eael-grid-post  eael-post-grid-column eael-pg-post-15280 category-guate-nuestra tags-calendario-de-ferias\" data-id=\"15280\">\n        <div class=\"eael-grid-post-holder\">\n            <div class=\"eael-grid-post-holder-inner\"><div class=\"eael-entry-media\"><div class=\"eael-entry-overlay fade-in\"><i class=\"far fa-hand-pointer\" aria-hidden=\"true\"><\/i><a href=\"https:\/\/soymigrante.com\/revista\/municipios-de-guatemala-cuya-fiesta-patronal-es-la-virgen-de-concepcion\/\"><\/a><\/div><div class=\"eael-entry-thumbnail \">\n                <img fetchpriority=\"high\" decoding=\"async\" width=\"631\" height=\"631\" src=\"https:\/\/soymigrante.com\/revista\/wp-content\/uploads\/2024\/12\/virgen-de-concepcion-2.jpg\" class=\"attachment-large size-large wp-image-15338\" alt=\"L\u00e1ser de confeti de colores en la celebraci\u00f3n de Semana Santa con figuras religiosas en una procesi\u00f3n tradicional.\" srcset=\"https:\/\/soymigrante.com\/revista\/wp-content\/uploads\/2024\/12\/virgen-de-concepcion-2.jpg 631w, https:\/\/soymigrante.com\/revista\/wp-content\/uploads\/2024\/12\/virgen-de-concepcion-2-300x300.jpg 300w, https:\/\/soymigrante.com\/revista\/wp-content\/uploads\/2024\/12\/virgen-de-concepcion-2-150x150.jpg 150w, https:\/\/soymigrante.com\/revista\/wp-content\/uploads\/2024\/12\/virgen-de-concepcion-2-75x75.jpg 75w\" sizes=\"(max-width: 631px) 100vw, 631px\" \/>\n            <\/div>\n        <\/div><div class=\"eael-entry-wrapper\"><header class=\"eael-entry-header\"><h2 class=\"eael-entry-title\"><a class=\"eael-grid-post-link\" href=\"https:\/\/soymigrante.com\/revista\/municipios-de-guatemala-cuya-fiesta-patronal-es-la-virgen-de-concepcion\/\" title=\"Municipios cuya fiesta patronal es la Virgen de Concepci\u00f3n en diciembre\">Municipios cuya fiesta patronal es la Virgen de Concepci\u00f3n en diciembre<\/a><\/h2><\/header><div class=\"eael-entry-content\">\n                        <div class=\"eael-grid-post-excerpt\"><a href=\"https:\/\/soymigrante.com\/revista\/municipios-de-guatemala-cuya-fiesta-patronal-es-la-virgen-de-concepcion\/\" class=\"eael-post-elements-readmore-btn\">CONOCE SU HISTORIA <\/a><\/div>\n                    <\/div><\/div><\/div>\n        <\/div>\n    <\/article><article class=\"eael-grid-post  eael-post-grid-column eael-pg-post-7390 category-guate-nuestra tags-calendario-de-ferias\" data-id=\"7390\">\n        <div class=\"eael-grid-post-holder\">\n            <div class=\"eael-grid-post-holder-inner\"><div class=\"eael-entry-media\"><div class=\"eael-entry-overlay fade-in\"><i class=\"far fa-hand-pointer\" aria-hidden=\"true\"><\/i><a href=\"https:\/\/soymigrante.com\/revista\/fiestas-patronales-en-guatemala-busque-su-municipio\/\"><\/a><\/div><div class=\"eael-entry-thumbnail \">\n                <img decoding=\"async\" width=\"1024\" height=\"1024\" src=\"https:\/\/soymigrante.com\/revista\/wp-content\/uploads\/2024\/07\/WhatsApp-Image-2024-06-28-at-111908-AM-e1720800331515-1024x1024.webp\" class=\"attachment-large size-large wp-image-7395\" alt=\"Ferias patronales de los municipios de Guatemala, por departamento\" srcset=\"https:\/\/soymigrante.com\/revista\/wp-content\/uploads\/2024\/07\/WhatsApp-Image-2024-06-28-at-111908-AM-e1720800331515-1024x1024.webp 1024w, https:\/\/soymigrante.com\/revista\/wp-content\/uploads\/2024\/07\/WhatsApp-Image-2024-06-28-at-111908-AM-e1720800331515-300x300.webp 300w, https:\/\/soymigrante.com\/revista\/wp-content\/uploads\/2024\/07\/WhatsApp-Image-2024-06-28-at-111908-AM-e1720800331515-150x150.webp 150w, https:\/\/soymigrante.com\/revista\/wp-content\/uploads\/2024\/07\/WhatsApp-Image-2024-06-28-at-111908-AM-e1720800331515-768x768.webp 768w, https:\/\/soymigrante.com\/revista\/wp-content\/uploads\/2024\/07\/WhatsApp-Image-2024-06-28-at-111908-AM-e1720800331515-75x75.webp 75w, https:\/\/soymigrante.com\/revista\/wp-content\/uploads\/2024\/07\/WhatsApp-Image-2024-06-28-at-111908-AM-e1720800331515-750x750.webp 750w, https:\/\/soymigrante.com\/revista\/wp-content\/uploads\/2024\/07\/WhatsApp-Image-2024-06-28-at-111908-AM-e1720800331515.webp 1066w\" sizes=\"(max-width: 1024px) 100vw, 1024px\" \/>\n            <\/div>\n        <\/div><div class=\"eael-entry-wrapper\"><header class=\"eael-entry-header\"><h2 class=\"eael-entry-title\"><a class=\"eael-grid-post-link\" href=\"https:\/\/soymigrante.com\/revista\/fiestas-patronales-en-guatemala-busque-su-municipio\/\" title=\"Ferias patronales de los municipios de Guatemala, por departamento\">Ferias patronales de los municipios de Guatemala, por departamento<\/a><\/h2><\/header><div class=\"eael-entry-content\">\n                        <div class=\"eael-grid-post-excerpt\"><a href=\"https:\/\/soymigrante.com\/revista\/fiestas-patronales-en-guatemala-busque-su-municipio\/\" class=\"eael-post-elements-readmore-btn\">CONOCE SU HISTORIA <\/a><\/div>\n                    <\/div><\/div><\/div>\n        <\/div>\n    <\/article><article class=\"eael-grid-post  eael-post-grid-column eael-pg-post-7044 category-guate-nuestra\" data-id=\"7044\">\n        <div class=\"eael-grid-post-holder\">\n            <div class=\"eael-grid-post-holder-inner\"><div class=\"eael-entry-media\"><div class=\"eael-entry-overlay fade-in\"><i class=\"far fa-hand-pointer\" aria-hidden=\"true\"><\/i><a href=\"https:\/\/soymigrante.com\/revista\/san-juan-es-la-fiesta-patronal-en-15-municipios-en-guatemala\/\"><\/a><\/div><div class=\"eael-entry-thumbnail \">\n                <img decoding=\"async\" width=\"1024\" height=\"732\" src=\"https:\/\/soymigrante.com\/revista\/wp-content\/uploads\/2024\/06\/448511494_877499334419904_7531734115353672560_n-1024x732.webp\" class=\"attachment-large size-large wp-image-7049\" alt=\"Tradicional desfile folkl\u00f3rico de ni\u00f1as en San Juan Sacatepequez con vestimenta t\u00edpica y paraguas en d\u00eda lluvioso.\" srcset=\"https:\/\/soymigrante.com\/revista\/wp-content\/uploads\/2024\/06\/448511494_877499334419904_7531734115353672560_n-1024x732.webp 1024w, https:\/\/soymigrante.com\/revista\/wp-content\/uploads\/2024\/06\/448511494_877499334419904_7531734115353672560_n-300x214.webp 300w, https:\/\/soymigrante.com\/revista\/wp-content\/uploads\/2024\/06\/448511494_877499334419904_7531734115353672560_n-768x549.webp 768w, https:\/\/soymigrante.com\/revista\/wp-content\/uploads\/2024\/06\/448511494_877499334419904_7531734115353672560_n-120x86.webp 120w, https:\/\/soymigrante.com\/revista\/wp-content\/uploads\/2024\/06\/448511494_877499334419904_7531734115353672560_n-350x250.webp 350w, https:\/\/soymigrante.com\/revista\/wp-content\/uploads\/2024\/06\/448511494_877499334419904_7531734115353672560_n-750x536.webp 750w, https:\/\/soymigrante.com\/revista\/wp-content\/uploads\/2024\/06\/448511494_877499334419904_7531734115353672560_n-1140x815.webp 1140w, https:\/\/soymigrante.com\/revista\/wp-content\/uploads\/2024\/06\/448511494_877499334419904_7531734115353672560_n.webp 1280w\" sizes=\"(max-width: 1024px) 100vw, 1024px\" \/>\n            <\/div>\n        <\/div><div class=\"eael-entry-wrapper\"><header class=\"eael-entry-header\"><h2 class=\"eael-entry-title\"><a class=\"eael-grid-post-link\" href=\"https:\/\/soymigrante.com\/revista\/san-juan-es-la-fiesta-patronal-en-15-municipios-en-guatemala\/\" title=\"San Juan es la fiesta patronal en 15 municipios en Guatemala\u00a0\">San Juan es la fiesta patronal en 15 municipios en Guatemala\u00a0<\/a><\/h2><\/header><div class=\"eael-entry-content\">\n                        <div class=\"eael-grid-post-excerpt\"><a href=\"https:\/\/soymigrante.com\/revista\/san-juan-es-la-fiesta-patronal-en-15-municipios-en-guatemala\/\" class=\"eael-post-elements-readmore-btn\">CONOCE SU HISTORIA <\/a><\/div>\n                    <\/div><\/div><\/div>\n        <\/div>\n    <\/article><\/div>\n            <div class=\"clearfix\"><\/div>\n        <\/div>\t\t\t\t<\/div>\n\t\t\t\t\t<\/div>\n\t\t\t\t<\/div>\n\t\t\t\t<\/div>\n\t\t","protected":false},"excerpt":{"rendered":"<p>Junio en Guatemala es un mes de celebraci\u00f3n y devoci\u00f3n. Diversos municipios del pa\u00eds se llenan de m\u00fasica, procesiones, bailes tradicionales y ferias en honor a sus santos patronos. Durante junio, varias localidades de Guatemala celebran sus fiestas patronales, cada una rindiendo homenaje a un santo o santa que consideran su protector espiritual. Estas festividades [&hellip;]<\/p>\n","protected":false},"author":19,"featured_media":32060,"comment_status":"open","ping_status":"open","sticky":false,"template":"","format":"standard","meta":{"_acf_changed":false,"_eb_attr":"","footnotes":""},"categories":[58],"tags":[272],"class_list":["post-32059","post","type-post","status-publish","format-standard","has-post-thumbnail","hentry","category-guate-nuestra","tag-calendario-de-ferias"],"acf":[],"aioseo_notices":[],"aioseo_head":"\n\t\t<!-- All in One SEO Pro 4.9.6.2 - aioseo.com -->\n\t<meta name=\"description\" content=\"Este 24 de junio hay fiesta, alegr\u00eda y feria en 15 municipios de Guatemala. Se conmemora al santo patrono San Juan Bautista. Este es el listado de lugares.\" \/>\n\t<meta name=\"robots\" content=\"max-snippet:-1, max-image-preview:large, max-video-preview:-1\" \/>\n\t<meta name=\"author\" content=\"Marysabel Aldana\"\/>\n\t<link rel=\"canonical\" href=\"https:\/\/soymigrante.com\/revista\/san-juan-es-la-fiesta-patronal-en-15-municipios-en-guatemala\/\" \/>\n\t<meta name=\"generator\" content=\"All in One SEO Pro (AIOSEO) 4.9.6.2\" \/>\n\n\t\t<link rel=\"preconnect\" href=\"https:\/\/fonts.googleapis.com\" crossorigin>\n<link rel=\"preconnect\" href=\"https:\/\/fonts.gstatic.com\" crossorigin>\n\t\t<meta property=\"og:locale\" content=\"es_ES\" \/>\n\t\t<meta property=\"og:site_name\" content=\"SoyMigrante.com REVISTA \u2013 Nuestra misi\u00f3n es reconocer y dignificar al migrante.\" \/>\n\t\t<meta property=\"og:type\" content=\"article\" \/>\n\t\t<meta property=\"og:title\" content=\"San Juan es la fiesta patronal en 15 municipios en Guatemala \" \/>\n\t\t<meta property=\"og:description\" content=\"Este 24 de junio hay fiesta, alegr\u00eda y feria en 15 municipios de Guatemala. Se conmemora al santo patrono San Juan Bautista. Este es el listado de lugares.\" \/>\n\t\t<meta property=\"og:url\" content=\"https:\/\/soymigrante.com\/revista\/san-juan-es-la-fiesta-patronal-en-15-municipios-en-guatemala\/\" \/>\n\t\t<meta property=\"og:image\" content=\"https:\/\/soymigrante.com\/revista\/wp-content\/uploads\/2024\/06\/448511494_877499334419904_7531734115353672560_n.webp\" \/>\n\t\t<meta property=\"og:image:secure_url\" content=\"https:\/\/soymigrante.com\/revista\/wp-content\/uploads\/2024\/06\/448511494_877499334419904_7531734115353672560_n.webp\" \/>\n\t\t<meta property=\"og:image:width\" content=\"1280\" \/>\n\t\t<meta property=\"og:image:height\" content=\"915\" \/>\n\t\t<meta property=\"article:published_time\" content=\"2024-06-20T21:05:39+00:00\" \/>\n\t\t<meta property=\"article:modified_time\" content=\"2024-07-27T04:10:35+00:00\" \/>\n\t\t<meta property=\"article:publisher\" content=\"https:\/\/www.facebook.com\/soymigrantecom\" \/>\n\t\t<meta name=\"twitter:card\" content=\"summary_large_image\" \/>\n\t\t<meta name=\"twitter:site\" content=\"@SoyMigrante_com\" \/>\n\t\t<meta name=\"twitter:title\" content=\"San Juan es la fiesta patronal en 15 municipios en Guatemala \" \/>\n\t\t<meta name=\"twitter:description\" content=\"Este 24 de junio hay fiesta, alegr\u00eda y feria en 15 municipios de Guatemala. Se conmemora al santo patrono San Juan Bautista. Este es el listado de lugares.\" \/>\n\t\t<meta name=\"twitter:creator\" content=\"@SoyMigrante_com\" \/>\n\t\t<meta name=\"twitter:image\" content=\"https:\/\/soymigrante.com\/revista\/wp-content\/uploads\/2024\/06\/448511494_877499334419904_7531734115353672560_n.webp\" \/>\n\t\t<!-- All in One SEO Pro -->\r\n\t\t<title>San Juan es la fiesta patronal en 15 municipios en Guatemala <\/title>\n\n","aioseo_head_json":{"title":"San Juan es la fiesta patronal en 15 municipios en Guatemala ","description":"Este 24 de junio hay fiesta, alegr\u00eda y feria en 15 municipios de Guatemala. Se conmemora al santo patrono San Juan Bautista. Este es el listado de lugares.","canonical_url":"https:\/\/soymigrante.com\/revista\/san-juan-es-la-fiesta-patronal-en-15-municipios-en-guatemala\/","robots":"max-snippet:-1, max-image-preview:large, max-video-preview:-1","keywords":"","webmasterTools":{"miscellaneous":"&lt;link rel=\"preconnect\" href=\"https:\/\/fonts.googleapis.com\" crossorigin&gt;\n&lt;link rel=\"preconnect\" href=\"https:\/\/fonts.gstatic.com\" crossorigin&gt;"},"schema":null,"og:locale":"es_ES","og:site_name":"SoyMigrante.com REVISTA \u2013 Nuestra misi\u00f3n es reconocer y dignificar al migrante.","og:type":"article","og:title":"San Juan es la fiesta patronal en 15 municipios en Guatemala ","og:description":"Este 24 de junio hay fiesta, alegr\u00eda y feria en 15 municipios de Guatemala. Se conmemora al santo patrono San Juan Bautista. Este es el listado de lugares.","og:url":"https:\/\/soymigrante.com\/revista\/san-juan-es-la-fiesta-patronal-en-15-municipios-en-guatemala\/","og:image":"https:\/\/soymigrante.com\/revista\/wp-content\/uploads\/2024\/06\/448511494_877499334419904_7531734115353672560_n.webp","og:image:secure_url":"https:\/\/soymigrante.com\/revista\/wp-content\/uploads\/2024\/06\/448511494_877499334419904_7531734115353672560_n.webp","og:image:width":1280,"og:image:height":915,"article:published_time":"2024-06-20T21:05:39+00:00","article:modified_time":"2024-07-27T04:10:35+00:00","article:publisher":"https:\/\/www.facebook.com\/soymigrantecom","twitter:card":"summary_large_image","twitter:site":"@SoyMigrante_com","twitter:title":"San Juan es la fiesta patronal en 15 municipios en Guatemala ","twitter:description":"Este 24 de junio hay fiesta, alegr\u00eda y feria en 15 municipios de Guatemala. Se conmemora al santo patrono San Juan Bautista. Este es el listado de lugares.","twitter:creator":"@SoyMigrante_com","twitter:image":"https:\/\/soymigrante.com\/revista\/wp-content\/uploads\/2024\/06\/448511494_877499334419904_7531734115353672560_n.webp"},"aioseo_meta_data":{"post_id":"32059","title":null,"description":"Las fiestas patronales en Guatemala son conmemoraci\u00f3n de identidad, tradici\u00f3n y tambi\u00e9n espiritualidad. Actos c\u00edvicos, religiosos, sociales, deportivos y m\u00e1s.","keywords":null,"keyphrases":{"focus":{"keyphrase":"Fiestas patronales","score":82,"analysis":{"keyphraseInTitle":{"score":9,"maxScore":9,"error":0},"keyphraseInDescription":{"score":9,"maxScore":9,"error":0},"keyphraseLength":{"score":9,"maxScore":9,"error":0,"length":2},"keyphraseInURL":{"score":5,"maxScore":5,"error":0},"keyphraseInIntroduction":{"score":9,"maxScore":9,"error":0},"keyphraseInSubHeadings":{"score":3,"maxScore":9,"error":1},"keyphraseInImageAlt":{"score":3,"maxScore":9,"error":1},"keywordDensity":{"type":"best","score":9,"maxScore":9,"error":0}}},"additional":[{"keyphrase":"Fiestas patronales","score":87,"analysis":{"keyphraseInDescription":{"score":9,"maxScore":9,"error":0},"keyphraseLength":{"score":9,"maxScore":9,"error":0,"length":2},"keyphraseInIntroduction":{"score":9,"maxScore":9,"error":0},"keyphraseInImageAlt":{"score":3,"maxScore":9,"error":1},"keywordDensity":{"type":"best","score":9,"maxScore":9,"error":0}}},{"keyphrase":"Junio","score":73,"analysis":{"keyphraseInDescription":{"score":3,"maxScore":9,"error":1},"keyphraseLength":{"score":9,"maxScore":9,"error":0,"length":1},"keyphraseInIntroduction":{"score":9,"maxScore":9,"error":0},"keyphraseInImageAlt":{"score":3,"maxScore":9,"error":1},"keywordDensity":{"type":"best","score":9,"maxScore":9,"error":0}}}]},"primary_term":null,"canonical_url":null,"og_title":null,"og_description":null,"og_object_type":"default","og_image_type":"default","og_image_url":null,"og_image_width":null,"og_image_height":null,"og_image_custom_url":null,"og_image_custom_fields":null,"og_video":"","og_custom_url":null,"og_article_section":null,"og_article_tags":null,"twitter_use_og":false,"twitter_card":"default","twitter_image_type":"default","twitter_image_url":null,"twitter_image_custom_url":null,"twitter_image_custom_fields":null,"twitter_title":null,"twitter_description":null,"schema":{"blockGraphs":[],"customGraphs":[],"default":{"data":{"Article":[],"Course":[],"Dataset":[],"FAQPage":[],"Movie":[],"Person":[],"Product":[],"ProductReview":[],"Car":[],"Recipe":[],"Service":[],"SoftwareApplication":[],"WebPage":[]},"graphName":"none","isEnabled":true},"graphs":[]},"schema_type":"default","schema_type_options":null,"pillar_content":false,"robots_default":true,"robots_noindex":false,"robots_noarchive":false,"robots_nosnippet":false,"robots_nofollow":false,"robots_noimageindex":false,"robots_noodp":false,"robots_notranslate":false,"robots_max_snippet":"-1","robots_max_videopreview":"-1","robots_max_imagepreview":"large","priority":null,"frequency":"default","local_seo":null,"seo_analyzer_scan_date":"2025-10-09 05:29:08","breadcrumb_settings":null,"limit_modified_date":false,"reviewed_by":"0","open_ai":"{\"title\":{\"suggestions\":[],\"usage\":0},\"description\":{\"suggestions\":[],\"usage\":0}}","ai":{"faqs":[],"keyPoints":[],"titles":[],"descriptions":[],"socialPosts":{"email":[],"linkedin":[],"twitter":[],"facebook":[],"instagram":[]}},"created":"2025-04-28 17:58:18","updated":"2026-02-04 23:51:18"},"aioseo_breadcrumb":"<div class=\"aioseo-breadcrumbs\"><span class=\"aioseo-breadcrumb\">\n\t<a href=\"https:\/\/soymigrante.com\/revista\" title=\"Home\">Home<\/a>\n<\/span><span class=\"aioseo-breadcrumb-separator\">\u00bb<\/span><span class=\"aioseo-breadcrumb\">\n\t<a href=\"https:\/\/soymigrante.com\/revista\/category\/guate-nuestra\/\" title=\"Guate Nuestra\">Guate Nuestra<\/a>\n<\/span><span class=\"aioseo-breadcrumb-separator\">\u00bb<\/span><span class=\"aioseo-breadcrumb\">\n\tFiestas patronales en municipios de Guatemala durante junio\n<\/span><\/div>","aioseo_breadcrumb_json":[{"label":"Home","link":"https:\/\/soymigrante.com\/revista"},{"label":"Guate Nuestra","link":"https:\/\/soymigrante.com\/revista\/category\/guate-nuestra\/"},{"label":"Fiestas patronales en municipios de Guatemala durante junio","link":"https:\/\/soymigrante.com\/revista\/estas-son-las-fiestas-patronales-de-junio-en-municipios-de-guatemala\/"}],"_links":{"self":[{"href":"https:\/\/soymigrante.com\/revista\/wp-json\/wp\/v2\/posts\/32059","targetHints":{"allow":["GET"]}}],"collection":[{"href":"https:\/\/soymigrante.com\/revista\/wp-json\/wp\/v2\/posts"}],"about":[{"href":"https:\/\/soymigrante.com\/revista\/wp-json\/wp\/v2\/types\/post"}],"author":[{"embeddable":true,"href":"https:\/\/soymigrante.com\/revista\/wp-json\/wp\/v2\/users\/19"}],"replies":[{"embeddable":true,"href":"https:\/\/soymigrante.com\/revista\/wp-json\/wp\/v2\/comments?post=32059"}],"version-history":[{"count":14,"href":"https:\/\/soymigrante.com\/revista\/wp-json\/wp\/v2\/posts\/32059\/revisions"}],"predecessor-version":[{"id":44772,"href":"https:\/\/soymigrante.com\/revista\/wp-json\/wp\/v2\/posts\/32059\/revisions\/44772"}],"wp:featuredmedia":[{"embeddable":true,"href":"https:\/\/soymigrante.com\/revista\/wp-json\/wp\/v2\/media\/32060"}],"wp:attachment":[{"href":"https:\/\/soymigrante.com\/revista\/wp-json\/wp\/v2\/media?parent=32059"}],"wp:term":[{"taxonomy":"category","embeddable":true,"href":"https:\/\/soymigrante.com\/revista\/wp-json\/wp\/v2\/categories?post=32059"},{"taxonomy":"post_tag","embeddable":true,"href":"https:\/\/soymigrante.com\/revista\/wp-json\/wp\/v2\/tags?post=32059"}],"curies":[{"name":"wp","href":"https:\/\/api.w.org\/{rel}","templated":true}]}}