{"id":32038,"date":"2025-04-29T04:00:00","date_gmt":"2025-04-29T10:00:00","guid":{"rendered":"https:\/\/soymigrante.com\/revista\/?p=32038"},"modified":"2025-04-28T22:16:56","modified_gmt":"2025-04-29T04:16:56","slug":"consulados-moviles-y-sabados-consulares-de-guatemala-en-mayo-2025","status":"publish","type":"post","link":"https:\/\/soymigrante.com\/revista\/consulados-moviles-y-sabados-consulares-de-guatemala-en-mayo-2025\/","title":{"rendered":"Consulados m\u00f3viles y s\u00e1bados consulares de Guatemala en mayo 2025"},"content":{"rendered":"\t\t<div data-elementor-type=\"wp-post\" data-elementor-id=\"32038\" class=\"elementor elementor-32038\" data-elementor-post-type=\"post\">\n\t\t\t\t<div data-particle_enable=\"false\" data-particle-mobile-disabled=\"false\" class=\"elementor-element elementor-element-d64ffad e-flex e-con-boxed e-con e-parent\" data-id=\"d64ffad\" data-element_type=\"container\" data-e-type=\"container\">\n\t\t\t\t\t<div class=\"e-con-inner\">\n\t\t\t\t<div class=\"elementor-element elementor-element-3d1f0f2 elementor-widget elementor-widget-heading\" data-id=\"3d1f0f2\" data-element_type=\"widget\" data-e-type=\"widget\" data-widget_type=\"heading.default\">\n\t\t\t\t\t<h2 class=\"elementor-heading-title elementor-size-default\">Los consulados m\u00f3viles guatemaltecos en Estados Unidos, estar\u00e1n disponibles durante mayo para ayudarle a hacer tr\u00e1mites.<\/h2>\t\t\t\t<\/div>\n\t\t\t\t\t<\/div>\n\t\t\t\t<\/div>\n\t\t<div data-particle_enable=\"false\" data-particle-mobile-disabled=\"false\" class=\"elementor-element elementor-element-4b6bc55 e-flex e-con-boxed e-con e-parent\" data-id=\"4b6bc55\" data-element_type=\"container\" data-e-type=\"container\">\n\t\t\t\t\t<div class=\"e-con-inner\">\n\t\t\t\t<div class=\"elementor-element elementor-element-7676056 elementor-widget elementor-widget-text-editor\" data-id=\"7676056\" data-element_type=\"widget\" data-e-type=\"widget\" data-widget_type=\"text-editor.default\">\n\t\t\t\t\t\t\t\t\t<p>Durante el mes de mayo, los 25 consulados de Guatemala en Estados Unidos y los tres en Canad\u00e1 ofrecer\u00e1n jornadas especiales para atender a los connacionales que requieren realizar tr\u00e1mites consulares.<\/p>\t\t\t\t\t\t\t\t<\/div>\n\t\t\t\t\t<\/div>\n\t\t\t\t<\/div>\n\t\t<div data-particle_enable=\"false\" data-particle-mobile-disabled=\"false\" class=\"elementor-element elementor-element-b271a6c e-flex e-con-boxed e-con e-parent\" data-id=\"b271a6c\" data-element_type=\"container\" data-e-type=\"container\">\n\t\t\t\t\t<div class=\"e-con-inner\">\n\t\t\t\t<div class=\"elementor-element elementor-element-0b1d2d0 elementor-widget elementor-widget-text-editor\" data-id=\"0b1d2d0\" data-element_type=\"widget\" data-e-type=\"widget\" data-widget_type=\"text-editor.default\">\n\t\t\t\t\t\t\t\t\t<div><strong>Fechas clave:<\/strong><\/div><div>\u2022Estados Unidos: S\u00e1bado 3 de mayo de 2025<\/div><div>\u2022Canad\u00e1: S\u00e1bado 10 de mayo de 2025<\/div>\t\t\t\t\t\t\t\t<\/div>\n\t\t\t\t\t<\/div>\n\t\t\t\t<\/div>\n\t\t<div data-particle_enable=\"false\" data-particle-mobile-disabled=\"false\" class=\"elementor-element elementor-element-98fca8d e-flex e-con-boxed e-con e-parent\" data-id=\"98fca8d\" data-element_type=\"container\" data-e-type=\"container\">\n\t\t\t\t\t<div class=\"e-con-inner\">\n\t\t\t\t<div class=\"elementor-element elementor-element-ec1f0e4 elementor-invisible elementor-widget elementor-widget-facebook-embed\" data-id=\"ec1f0e4\" data-element_type=\"widget\" data-e-type=\"widget\" data-settings=\"{&quot;_animation&quot;:&quot;zoomInDown&quot;}\" data-widget_type=\"facebook-embed.default\">\n\t\t\t\t\t<div style=\"min-height: 1px\" class=\"elementor-facebook-widget fb-post\" data-href=\"https:\/\/www.facebook.com\/photo\/?fbid=553409103698669&#038;set=pb.100070887519629.-2207520000\" data-show-text=\"false\"><\/div>\t\t\t\t<\/div>\n\t\t\t\t\t<\/div>\n\t\t\t\t<\/div>\n\t\t<div data-particle_enable=\"false\" data-particle-mobile-disabled=\"false\" class=\"elementor-element elementor-element-df84699 e-flex e-con-boxed e-con e-parent\" data-id=\"df84699\" data-element_type=\"container\" data-e-type=\"container\">\n\t\t\t\t\t<div class=\"e-con-inner\">\n\t\t\t\t<div class=\"elementor-element elementor-element-081fbcc elementor-widget elementor-widget-heading\" data-id=\"081fbcc\" data-element_type=\"widget\" data-e-type=\"widget\" data-widget_type=\"heading.default\">\n\t\t\t\t\t<h3 class=\"elementor-heading-title elementor-size-default\">Servicios disponibles:<\/h3>\t\t\t\t<\/div>\n\t\t\t\t\t<\/div>\n\t\t\t\t<\/div>\n\t\t<div data-particle_enable=\"false\" data-particle-mobile-disabled=\"false\" class=\"elementor-element elementor-element-0fe46ad e-flex e-con-boxed e-con e-parent\" data-id=\"0fe46ad\" data-element_type=\"container\" data-e-type=\"container\">\n\t\t\t\t\t<div class=\"e-con-inner\">\n\t\t\t\t<div class=\"elementor-element elementor-element-403746d elementor-widget elementor-widget-text-editor\" data-id=\"403746d\" data-element_type=\"widget\" data-e-type=\"widget\" data-widget_type=\"text-editor.default\">\n\t\t\t\t\t\t\t\t\t<div>Las jornadas ofrecer\u00e1n una variedad de servicios, incluyendo:<\/div><div>\u2022Captura de datos para pasaportes<\/div><div>\u2022Emisi\u00f3n de Tarjeta de Identificaci\u00f3n Consular Guatemalteca (TICG)<\/div><div>\u2022Inscripci\u00f3n de nacimientos, matrimonios y defunciones<\/div><div>\u2022Autorizaciones para menores<\/div><div>\u2022Legalizaciones y supervivencias<\/div><div>\u2022Asesor\u00eda legal y migratoria<\/div><div>\u2022Consultas varias<\/div>\t\t\t\t\t\t\t\t<\/div>\n\t\t\t\t\t<\/div>\n\t\t\t\t<\/div>\n\t\t<div data-particle_enable=\"false\" data-particle-mobile-disabled=\"false\" class=\"elementor-element elementor-element-a4621be e-flex e-con-boxed e-con e-parent\" data-id=\"a4621be\" data-element_type=\"container\" data-e-type=\"container\">\n\t\t\t\t\t<div class=\"e-con-inner\">\n\t\t\t\t<div class=\"elementor-element elementor-element-ddfce89 elementor-widget elementor-widget-heading\" data-id=\"ddfce89\" data-element_type=\"widget\" data-e-type=\"widget\" data-widget_type=\"heading.default\">\n\t\t\t\t\t<h3 class=\"elementor-heading-title elementor-size-default\">Requisitos para cita:<\/h3>\t\t\t\t<\/div>\n\t\t\t\t\t<\/div>\n\t\t\t\t<\/div>\n\t\t<div data-particle_enable=\"false\" data-particle-mobile-disabled=\"false\" class=\"elementor-element elementor-element-92323f0 e-flex e-con-boxed e-con e-parent\" data-id=\"92323f0\" data-element_type=\"container\" data-e-type=\"container\">\n\t\t\t\t\t<div class=\"e-con-inner\">\n\t\t\t\t<div class=\"elementor-element elementor-element-5848eb2 elementor-widget elementor-widget-text-editor\" data-id=\"5848eb2\" data-element_type=\"widget\" data-e-type=\"widget\" data-widget_type=\"text-editor.default\">\n\t\t\t\t\t\t\t\t\t<p>Para tr\u00e1mites como la emisi\u00f3n de pasaporte, DPI o tarjeta consular, es necesario programar una cita previa. Para otros servicios, no es indispensable agendar, aunque se recomienda hacerlo para evitar largas esperas.<\/p>\t\t\t\t\t\t\t\t<\/div>\n\t\t\t\t\t<\/div>\n\t\t\t\t<\/div>\n\t\t<div data-particle_enable=\"false\" data-particle-mobile-disabled=\"false\" class=\"elementor-element elementor-element-51257ce e-flex e-con-boxed e-con e-parent\" data-id=\"51257ce\" data-element_type=\"container\" data-e-type=\"container\">\n\t\t\t\t\t<div class=\"e-con-inner\">\n\t\t\t\t<div class=\"elementor-element elementor-element-6ee2716 elementor-invisible elementor-widget elementor-widget-facebook-embed\" data-id=\"6ee2716\" data-element_type=\"widget\" data-e-type=\"widget\" data-settings=\"{&quot;_animation&quot;:&quot;zoomInDown&quot;}\" data-widget_type=\"facebook-embed.default\">\n\t\t\t\t\t<div style=\"min-height: 1px\" class=\"elementor-facebook-widget fb-post\" data-href=\"https:\/\/www.facebook.com\/ConsGTDallas\/photos\/pb.100080043669744.-2207520000\/270798008592385\/?type=3\" data-show-text=\"false\"><\/div>\t\t\t\t<\/div>\n\t\t\t\t\t<\/div>\n\t\t\t\t<\/div>\n\t\t<div data-particle_enable=\"false\" data-particle-mobile-disabled=\"false\" class=\"elementor-element elementor-element-1774918 e-flex e-con-boxed e-con e-parent\" data-id=\"1774918\" data-element_type=\"container\" data-e-type=\"container\">\n\t\t\t\t\t<div class=\"e-con-inner\">\n\t\t\t\t<div class=\"elementor-element elementor-element-305b7ce elementor-widget elementor-widget-heading\" data-id=\"305b7ce\" data-element_type=\"widget\" data-e-type=\"widget\" data-widget_type=\"heading.default\">\n\t\t\t\t\t<h3 class=\"elementor-heading-title elementor-size-default\">C\u00f3mo programar una cita<\/h3>\t\t\t\t<\/div>\n\t\t\t\t\t<\/div>\n\t\t\t\t<\/div>\n\t\t<div data-particle_enable=\"false\" data-particle-mobile-disabled=\"false\" class=\"elementor-element elementor-element-18af5c3 e-flex e-con-boxed e-con e-parent\" data-id=\"18af5c3\" data-element_type=\"container\" data-e-type=\"container\">\n\t\t\t\t\t<div class=\"e-con-inner\">\n\t\t\t\t<div class=\"elementor-element elementor-element-8ea923c elementor-widget elementor-widget-text-editor\" data-id=\"8ea923c\" data-element_type=\"widget\" data-e-type=\"widget\" data-widget_type=\"text-editor.default\">\n\t\t\t\t\t\t\t\t\t<p>Para acceder a los servicios durante los consulados m\u00f3viles o los S\u00e1bados Consulares, es recomendable programar una cita previa.<\/p><p>Las citas para pasaporte, DPI y tarjeta consular pueden agendarse a trav\u00e9s de la p\u00e1gina oficial del Minex:<a href=\"https:\/\/minex-gob-gt.my.site.com\/pc\/s\/citas-consulares\" target=\"_blank\" rel=\"noopener\"> www.minex.gob.gt.<\/a> Para otros tr\u00e1mites, no es necesario agendar cita.<\/p><p>El Minex reitera su compromiso de acercar los servicios consulares a la comunidad guatemalteca en el extranjero, facilitando tr\u00e1mites y brindando apoyo a los connacionales en Estados Unidos.<\/p>\t\t\t\t\t\t\t\t<\/div>\n\t\t\t\t\t<\/div>\n\t\t\t\t<\/div>\n\t\t<div data-particle_enable=\"false\" data-particle-mobile-disabled=\"false\" class=\"elementor-element elementor-element-0e8e343 e-flex e-con-boxed e-con e-parent\" data-id=\"0e8e343\" data-element_type=\"container\" data-e-type=\"container\">\n\t\t\t\t\t<div class=\"e-con-inner\">\n\t\t\t\t<div class=\"elementor-element elementor-element-b22a3fb elementor-widget elementor-widget-heading\" data-id=\"b22a3fb\" data-element_type=\"widget\" data-e-type=\"widget\" data-widget_type=\"heading.default\">\n\t\t\t\t\t<h3 class=\"elementor-heading-title elementor-size-default\">Recomendaciones:<\/h3>\t\t\t\t<\/div>\n\t\t\t\t\t<\/div>\n\t\t\t\t<\/div>\n\t\t<div data-particle_enable=\"false\" data-particle-mobile-disabled=\"false\" class=\"elementor-element elementor-element-2243636 e-flex e-con-boxed e-con e-parent\" data-id=\"2243636\" data-element_type=\"container\" data-e-type=\"container\">\n\t\t\t\t\t<div class=\"e-con-inner\">\n\t\t\t\t<div class=\"elementor-element elementor-element-aa01d60 elementor-widget elementor-widget-text-editor\" data-id=\"aa01d60\" data-element_type=\"widget\" data-e-type=\"widget\" data-widget_type=\"text-editor.default\">\n\t\t\t\t\t\t\t\t\t<div>\u2022 La cita es gratuita. No permita que intermediarios le cobren por el servicio.<\/div><div>\u2022Por seguridad, no comparta sus documentos personales.<\/div><div>\u2022Consulte las redes sociales del consulado m\u00e1s cercano a su residencia para informaci\u00f3n actualizada.<\/div>\t\t\t\t\t\t\t\t<\/div>\n\t\t\t\t\t<\/div>\n\t\t\t\t<\/div>\n\t\t<div data-particle_enable=\"false\" data-particle-mobile-disabled=\"false\" class=\"elementor-element elementor-element-66cfb1d e-flex e-con-boxed e-con e-parent\" data-id=\"66cfb1d\" data-element_type=\"container\" data-e-type=\"container\">\n\t\t\t\t\t<div class=\"e-con-inner\">\n\t\t\t\t<div class=\"elementor-element elementor-element-b6240ca elementor-widget elementor-widget-heading\" data-id=\"b6240ca\" data-element_type=\"widget\" data-e-type=\"widget\" data-widget_type=\"heading.default\">\n\t\t\t\t\t<h3 class=\"elementor-heading-title elementor-size-default\">Listado de consulados m\u00f3viles en mayo 2025:<\/h3>\t\t\t\t<\/div>\n\t\t\t\t\t<\/div>\n\t\t\t\t<\/div>\n\t\t<div data-particle_enable=\"false\" data-particle-mobile-disabled=\"false\" class=\"elementor-element elementor-element-2de6379 e-flex e-con-boxed e-con e-parent\" data-id=\"2de6379\" data-element_type=\"container\" data-e-type=\"container\">\n\t\t\t\t\t<div class=\"e-con-inner\">\n\t\t\t\t<div class=\"elementor-element elementor-element-2a3d66a elementor-widget elementor-widget-text-editor\" data-id=\"2a3d66a\" data-element_type=\"widget\" data-e-type=\"widget\" data-widget_type=\"text-editor.default\">\n\t\t\t\t\t\t\t\t\t<p>A continuaci\u00f3n, se detallan las fechas y ubicaciones de los consulados m\u00f3viles programados para mayo de 2025:<\/p>\t\t\t\t\t\t\t\t<\/div>\n\t\t\t\t\t<\/div>\n\t\t\t\t<\/div>\n\t\t<div data-particle_enable=\"false\" data-particle-mobile-disabled=\"false\" class=\"elementor-element elementor-element-a99f629 e-flex e-con-boxed e-con e-parent\" data-id=\"a99f629\" data-element_type=\"container\" data-e-type=\"container\">\n\t\t\t\t\t<div class=\"e-con-inner\">\n\t\t\t\t<div class=\"elementor-element elementor-element-88e4f39 elementor-widget elementor-widget-heading\" data-id=\"88e4f39\" data-element_type=\"widget\" data-e-type=\"widget\" data-widget_type=\"heading.default\">\n\t\t\t\t\t<h3 class=\"elementor-heading-title elementor-size-default\">10 y 11 de mayo 2025<\/h3>\t\t\t\t<\/div>\n\t\t\t\t\t<\/div>\n\t\t\t\t<\/div>\n\t\t<div data-particle_enable=\"false\" data-particle-mobile-disabled=\"false\" class=\"elementor-element elementor-element-39dbaf4 e-flex e-con-boxed e-con e-parent\" data-id=\"39dbaf4\" data-element_type=\"container\" data-e-type=\"container\">\n\t\t\t\t\t<div class=\"e-con-inner\">\n\t\t\t\t<div class=\"elementor-element elementor-element-f02f196 elementor-widget elementor-widget-text-editor\" data-id=\"f02f196\" data-element_type=\"widget\" data-e-type=\"widget\" data-widget_type=\"text-editor.default\">\n\t\t\t\t\t\t\t\t\t<p>Clovis, Nuevo M\u00e9xico, organizado por el <a href=\"https:\/\/soymigrante.com\/revista\/consulado-de-guatemala-en-arizona-ubicacion-contacto\/\" target=\"_blank\" rel=\"noopener\">Consulado de Phoenix, Arizona<\/a><\/p>\t\t\t\t\t\t\t\t<\/div>\n\t\t\t\t\t<\/div>\n\t\t\t\t<\/div>\n\t\t<div data-particle_enable=\"false\" data-particle-mobile-disabled=\"false\" class=\"elementor-element elementor-element-3130e96 e-flex e-con-boxed e-con e-parent\" data-id=\"3130e96\" data-element_type=\"container\" data-e-type=\"container\">\n\t\t\t\t\t<div class=\"e-con-inner\">\n\t\t\t\t<div class=\"elementor-element elementor-element-4d9a7e5 elementor-widget elementor-widget-heading\" data-id=\"4d9a7e5\" data-element_type=\"widget\" data-e-type=\"widget\" data-widget_type=\"heading.default\">\n\t\t\t\t\t<h3 class=\"elementor-heading-title elementor-size-default\">16 y 17 de mayo de 2025<\/h3>\t\t\t\t<\/div>\n\t\t\t\t\t<\/div>\n\t\t\t\t<\/div>\n\t\t<div data-particle_enable=\"false\" data-particle-mobile-disabled=\"false\" class=\"elementor-element elementor-element-a99c7e1 e-flex e-con-boxed e-con e-parent\" data-id=\"a99c7e1\" data-element_type=\"container\" data-e-type=\"container\">\n\t\t\t\t\t<div class=\"e-con-inner\">\n\t\t\t\t<div class=\"elementor-element elementor-element-6f8829d elementor-widget elementor-widget-text-editor\" data-id=\"6f8829d\" data-element_type=\"widget\" data-e-type=\"widget\" data-widget_type=\"text-editor.default\">\n\t\t\t\t\t\t\t\t\t<p>Austin, Texas, organizado por el <a href=\"https:\/\/soymigrante.com\/revista\/consulados-de-guatemala-en-texas-estados-unidos\/\" target=\"_blank\" rel=\"noopener\">Consulado de Mcallen, Texas\u00a0<\/a><\/p>\t\t\t\t\t\t\t\t<\/div>\n\t\t\t\t\t<\/div>\n\t\t\t\t<\/div>\n\t\t<div data-particle_enable=\"false\" data-particle-mobile-disabled=\"false\" class=\"elementor-element elementor-element-b25bd2b e-flex e-con-boxed e-con e-parent\" data-id=\"b25bd2b\" data-element_type=\"container\" data-e-type=\"container\">\n\t\t\t\t\t<div class=\"e-con-inner\">\n\t\t\t\t<div class=\"elementor-element elementor-element-d57514a elementor-widget elementor-widget-heading\" data-id=\"d57514a\" data-element_type=\"widget\" data-e-type=\"widget\" data-widget_type=\"heading.default\">\n\t\t\t\t\t<h3 class=\"elementor-heading-title elementor-size-default\">17 y 18 de mayo de 2025<\/h3>\t\t\t\t<\/div>\n\t\t\t\t\t<\/div>\n\t\t\t\t<\/div>\n\t\t<div data-particle_enable=\"false\" data-particle-mobile-disabled=\"false\" class=\"elementor-element elementor-element-4b79460 e-flex e-con-boxed e-con e-parent\" data-id=\"4b79460\" data-element_type=\"container\" data-e-type=\"container\">\n\t\t\t\t\t<div class=\"e-con-inner\">\n\t\t\t\t<div class=\"elementor-element elementor-element-cce1e2d elementor-widget elementor-widget-text-editor\" data-id=\"cce1e2d\" data-element_type=\"widget\" data-e-type=\"widget\" data-widget_type=\"text-editor.default\">\n\t\t\t\t\t\t\t\t\t<p>Orlando, FL, 2550 Technology Dr, Orlando, FL 32804, organizado por el<a href=\"https:\/\/soymigrante.com\/revista\/consulados-de-guatemala-en-california-ubicacion-y-horarios\/\" target=\"_blank\" rel=\"noopener\"> Consulado de Los \u00c1ngeles.\u00a0<\/a><br \/>Laredo, TX, Holding Institute, 1102 Santa Maria Ave., Laredo, TX 78040, <a href=\"https:\/\/soymigrante.com\/revista\/consulados-de-guatemala-en-texas-estados-unidos\/\" target=\"_blank\" rel=\"noopener\">organizado por el consulado de Texas.\u00a0<\/a><br \/>Virginia Beach, VA, W.T. Cooke Elementary School, 1501, Mediterranean Ave., Virginia Beach, VA 23451<a href=\"https:\/\/soymigrante.com\/revista\/consulado-de-guatemala-en-maryland-area-de-washington-dc\/\" target=\"_blank\" rel=\"noopener\"> organizado por el Consulado de Maryland.<\/a><br \/>Santa Fe, NM, Cesar Chavez Elementary School, 6251 Jaguar Dr., Santa Fe, NM 87507<\/p>\t\t\t\t\t\t\t\t<\/div>\n\t\t\t\t\t<\/div>\n\t\t\t\t<\/div>\n\t\t<div data-particle_enable=\"false\" data-particle-mobile-disabled=\"false\" class=\"elementor-element elementor-element-a86d4cc e-flex e-con-boxed e-con e-parent\" data-id=\"a86d4cc\" data-element_type=\"container\" data-e-type=\"container\">\n\t\t\t\t\t<div class=\"e-con-inner\">\n\t\t\t\t<div class=\"elementor-element elementor-element-e70a3bd elementor-invisible elementor-widget elementor-widget-facebook-embed\" data-id=\"e70a3bd\" data-element_type=\"widget\" data-e-type=\"widget\" data-settings=\"{&quot;_animation&quot;:&quot;zoomInDown&quot;}\" data-widget_type=\"facebook-embed.default\">\n\t\t\t\t\t<div style=\"min-height: 1px\" class=\"elementor-facebook-widget fb-post\" data-href=\"https:\/\/www.facebook.com\/ConsGTDallas\/photos\/pb.100080043669744.-2207520000\/123155000023354\/?type=3\" data-show-text=\"false\"><\/div>\t\t\t\t<\/div>\n\t\t\t\t\t<\/div>\n\t\t\t\t<\/div>\n\t\t<div data-particle_enable=\"false\" data-particle-mobile-disabled=\"false\" class=\"elementor-element elementor-element-0d10f5e e-flex e-con-boxed e-con e-parent\" data-id=\"0d10f5e\" data-element_type=\"container\" data-e-type=\"container\">\n\t\t\t\t\t<div class=\"e-con-inner\">\n\t\t\t\t<div class=\"elementor-element elementor-element-36db848 elementor-widget elementor-widget-heading\" data-id=\"36db848\" data-element_type=\"widget\" data-e-type=\"widget\" data-widget_type=\"heading.default\">\n\t\t\t\t\t<h3 class=\"elementor-heading-title elementor-size-default\">20 y 21 de mayo de 2025<\/h3>\t\t\t\t<\/div>\n\t\t\t\t\t<\/div>\n\t\t\t\t<\/div>\n\t\t<div data-particle_enable=\"false\" data-particle-mobile-disabled=\"false\" class=\"elementor-element elementor-element-e348d2e e-flex e-con-boxed e-con e-parent\" data-id=\"e348d2e\" data-element_type=\"container\" data-e-type=\"container\">\n\t\t\t\t\t<div class=\"e-con-inner\">\n\t\t\t\t<div class=\"elementor-element elementor-element-f3821be elementor-widget elementor-widget-text-editor\" data-id=\"f3821be\" data-element_type=\"widget\" data-e-type=\"widget\" data-widget_type=\"text-editor.default\">\n\t\t\t\t\t\t\t\t\t<p>Dallas, TX, Iglesia Cat\u00f3lica San Pablo Ap\u00f3stol, 10170 E. Northwest Hwy., Dallas, TX 75238 organizado <a href=\"https:\/\/soymigrante.com\/revista\/consulados-de-guatemala-en-texas-estados-unidos\/\" target=\"_blank\" rel=\"noopener\">por el consulado de Texas.\u00a0<\/a><\/p>\t\t\t\t\t\t\t\t<\/div>\n\t\t\t\t\t<\/div>\n\t\t\t\t<\/div>\n\t\t<div data-particle_enable=\"false\" data-particle-mobile-disabled=\"false\" class=\"elementor-element elementor-element-6912e8f e-flex e-con-boxed e-con e-parent\" data-id=\"6912e8f\" data-element_type=\"container\" data-e-type=\"container\">\n\t\t\t\t\t<div class=\"e-con-inner\">\n\t\t\t\t<div class=\"elementor-element elementor-element-a6c9f3e elementor-widget elementor-widget-heading\" data-id=\"a6c9f3e\" data-element_type=\"widget\" data-e-type=\"widget\" data-widget_type=\"heading.default\">\n\t\t\t\t\t<h3 class=\"elementor-heading-title elementor-size-default\">22 y 23 de mayo de 2025<\/h3>\t\t\t\t<\/div>\n\t\t\t\t\t<\/div>\n\t\t\t\t<\/div>\n\t\t<div data-particle_enable=\"false\" data-particle-mobile-disabled=\"false\" class=\"elementor-element elementor-element-3df2cf6 e-flex e-con-boxed e-con e-parent\" data-id=\"3df2cf6\" data-element_type=\"container\" data-e-type=\"container\">\n\t\t\t\t\t<div class=\"e-con-inner\">\n\t\t\t\t<div class=\"elementor-element elementor-element-e2156ad elementor-widget elementor-widget-text-editor\" data-id=\"e2156ad\" data-element_type=\"widget\" data-e-type=\"widget\" data-widget_type=\"text-editor.default\">\n\t\t\t\t\t\t\t\t\t<p>Baton Rouge, LA, Iglesia San Pio X, 6380 Hooper Rd, Baton Rouge, LA 70811 <a href=\"https:\/\/soymigrante.com\/revista\/consulados-de-guatemala-en-california-ubicacion-y-horarios\/\" target=\"_blank\" rel=\"noopener\">organizado por el consulado de Los \u00c1ngeles.\u00a0<\/a><\/p>\t\t\t\t\t\t\t\t<\/div>\n\t\t\t\t\t<\/div>\n\t\t\t\t<\/div>\n\t\t<div data-particle_enable=\"false\" data-particle-mobile-disabled=\"false\" class=\"elementor-element elementor-element-6af759c e-flex e-con-boxed e-con e-parent\" data-id=\"6af759c\" data-element_type=\"container\" data-e-type=\"container\">\n\t\t\t\t\t<div class=\"e-con-inner\">\n\t\t\t\t<div class=\"elementor-element elementor-element-d8346c8 elementor-widget elementor-widget-heading\" data-id=\"d8346c8\" data-element_type=\"widget\" data-e-type=\"widget\" data-widget_type=\"heading.default\">\n\t\t\t\t\t<h3 class=\"elementor-heading-title elementor-size-default\">27 y 28 de mayo de 2025<\/h3>\t\t\t\t<\/div>\n\t\t\t\t\t<\/div>\n\t\t\t\t<\/div>\n\t\t<div data-particle_enable=\"false\" data-particle-mobile-disabled=\"false\" class=\"elementor-element elementor-element-3cc4bfe e-flex e-con-boxed e-con e-parent\" data-id=\"3cc4bfe\" data-element_type=\"container\" data-e-type=\"container\">\n\t\t\t\t\t<div class=\"e-con-inner\">\n\t\t\t\t<div class=\"elementor-element elementor-element-27bfd1f elementor-widget elementor-widget-text-editor\" data-id=\"27bfd1f\" data-element_type=\"widget\" data-e-type=\"widget\" data-widget_type=\"text-editor.default\">\n\t\t\t\t\t\t\t\t\t<p>San Francisco, CA, Centro Cultural Mexicano, 2250 Folsom St., San Francisco, CA 94110 <a href=\"https:\/\/soymigrante.com\/revista\/consulados-de-guatemala-en-california-ubicacion-y-horarios\/\" target=\"_blank\" rel=\"noopener\">organizado por el consulado de San Francisco.\u00a0<\/a><\/p>\t\t\t\t\t\t\t\t<\/div>\n\t\t\t\t\t<\/div>\n\t\t\t\t<\/div>\n\t\t<div data-particle_enable=\"false\" data-particle-mobile-disabled=\"false\" class=\"elementor-element elementor-element-57da846 e-flex e-con-boxed e-con e-parent\" data-id=\"57da846\" data-element_type=\"container\" data-e-type=\"container\">\n\t\t\t\t\t<div class=\"e-con-inner\">\n\t\t\t\t<div class=\"elementor-element elementor-element-56b53d4 elementor-widget elementor-widget-text-editor\" data-id=\"56b53d4\" data-element_type=\"widget\" data-e-type=\"widget\" data-widget_type=\"text-editor.default\">\n\t\t\t\t\t\t\t\t\t<p>Estas jornadas buscan facilitar el acceso a servicios consulares para los guatemaltecos que, por motivos laborales u otras razones, no pueden acudir a los consulados en d\u00edas h\u00e1biles.<\/p>\t\t\t\t\t\t\t\t<\/div>\n\t\t\t\t\t<\/div>\n\t\t\t\t<\/div>\n\t\t<div data-particle_enable=\"false\" data-particle-mobile-disabled=\"false\" class=\"elementor-element elementor-element-8abf17e e-flex e-con-boxed e-con e-parent\" data-id=\"8abf17e\" data-element_type=\"container\" data-e-type=\"container\">\n\t\t\t\t\t<div class=\"e-con-inner\">\n\t\t\t\t<div class=\"elementor-element elementor-element-fab5d71 elementor-widget elementor-widget-heading\" data-id=\"fab5d71\" data-element_type=\"widget\" data-e-type=\"widget\" data-widget_type=\"heading.default\">\n\t\t\t\t\t<h2 class=\"elementor-heading-title elementor-size-default\">Conoce m\u00e1s informaci\u00f3n que te puede interesar...<\/h2>\t\t\t\t<\/div>\n\t\t\t\t\t<\/div>\n\t\t\t\t<\/div>\n\t\t<div data-particle_enable=\"false\" data-particle-mobile-disabled=\"false\" class=\"elementor-element elementor-element-bf99b95 e-flex e-con-boxed e-con e-parent\" data-id=\"bf99b95\" data-element_type=\"container\" data-e-type=\"container\">\n\t\t\t\t\t<div class=\"e-con-inner\">\n\t\t\t\t<div class=\"elementor-element elementor-element-c01c937 elementor-grid-eael-col-3 elementor-grid-tablet-eael-col-2 elementor-grid-mobile-eael-col-1 elementor-widget elementor-widget-eael-post-grid\" data-id=\"c01c937\" data-element_type=\"widget\" data-e-type=\"widget\" data-settings=\"{&quot;eael_post_grid_columns&quot;:&quot;eael-col-3&quot;,&quot;eael_post_grid_columns_tablet&quot;:&quot;eael-col-2&quot;,&quot;eael_post_grid_columns_mobile&quot;:&quot;eael-col-1&quot;}\" data-widget_type=\"eael-post-grid.default\">\n\t\t\t\t\t<div id=\"eael-post-grid-c01c937\" class=\"eael-post-grid-container\">\n            <div class=\"eael-post-grid eael-post-appender eael-post-appender-c01c937 eael-post-grid-style-one\" data-layout-mode=\"masonry\"><article class=\"eael-grid-post  eael-post-grid-column eael-pg-post-5419 category-recursos-migratorios\" data-id=\"5419\">\n        <div class=\"eael-grid-post-holder\">\n            <div class=\"eael-grid-post-holder-inner\"><div class=\"eael-entry-media\"><div class=\"eael-entry-overlay fade-in\"><i class=\"far fa-hand-pointer\" aria-hidden=\"true\"><\/i><a href=\"https:\/\/soymigrante.com\/revista\/migrante-4\/\"><\/a><\/div><div class=\"eael-entry-thumbnail \">\n                <img fetchpriority=\"high\" decoding=\"async\" width=\"1024\" height=\"522\" src=\"https:\/\/soymigrante.com\/revista\/wp-content\/uploads\/2024\/03\/FnR8blNXEAAL85B-1024x522.webp\" class=\"attachment-large size-large wp-image-5427\" alt=\"Consulados de Guatemala en ee. uu.\" srcset=\"https:\/\/soymigrante.com\/revista\/wp-content\/uploads\/2024\/03\/FnR8blNXEAAL85B-1024x522.webp 1024w, https:\/\/soymigrante.com\/revista\/wp-content\/uploads\/2024\/03\/FnR8blNXEAAL85B-300x153.webp 300w, https:\/\/soymigrante.com\/revista\/wp-content\/uploads\/2024\/03\/FnR8blNXEAAL85B-768x391.webp 768w, https:\/\/soymigrante.com\/revista\/wp-content\/uploads\/2024\/03\/FnR8blNXEAAL85B-750x382.webp 750w, https:\/\/soymigrante.com\/revista\/wp-content\/uploads\/2024\/03\/FnR8blNXEAAL85B-1140x581.webp 1140w, https:\/\/soymigrante.com\/revista\/wp-content\/uploads\/2024\/03\/FnR8blNXEAAL85B.webp 1490w\" sizes=\"(max-width: 1024px) 100vw, 1024px\" \/>\n            <\/div>\n        <\/div><div class=\"eael-entry-wrapper\"><header class=\"eael-entry-header\"><h2 class=\"eael-entry-title\"><a class=\"eael-grid-post-link\" href=\"https:\/\/soymigrante.com\/revista\/migrante-4\/\" title=\"Consulado de Guatemala en Miami y en Lake Worth, Florida\">Consulado de Guatemala en Miami y en Lake Worth, Florida<\/a><\/h2><\/header><div class=\"eael-entry-content\">\n                        <div class=\"eael-grid-post-excerpt\"><a href=\"https:\/\/soymigrante.com\/revista\/migrante-4\/\" class=\"eael-post-elements-readmore-btn\">CONOCE SU HISTORIA <\/a><\/div>\n                    <\/div><\/div><\/div>\n        <\/div>\n    <\/article><article class=\"eael-grid-post  eael-post-grid-column eael-pg-post-5402 category-recursos-migratorios\" data-id=\"5402\">\n        <div class=\"eael-grid-post-holder\">\n            <div class=\"eael-grid-post-holder-inner\"><div class=\"eael-entry-media\"><div class=\"eael-entry-overlay fade-in\"><i class=\"far fa-hand-pointer\" aria-hidden=\"true\"><\/i><a href=\"https:\/\/soymigrante.com\/revista\/consulado-de-guatemala-en-atlanta-hoarios-ubicacion\/\"><\/a><\/div><div class=\"eael-entry-thumbnail \">\n                <img decoding=\"async\" width=\"1024\" height=\"576\" src=\"https:\/\/soymigrante.com\/revista\/wp-content\/uploads\/2024\/03\/Consulado-de-Guatemala-en-Atlanta-1024x576.webp\" class=\"attachment-large size-large wp-image-5403\" alt=\"Consulado de Guatemala en Atlanta\" srcset=\"https:\/\/soymigrante.com\/revista\/wp-content\/uploads\/2024\/03\/Consulado-de-Guatemala-en-Atlanta-1024x576.webp 1024w, https:\/\/soymigrante.com\/revista\/wp-content\/uploads\/2024\/03\/Consulado-de-Guatemala-en-Atlanta-300x169.webp 300w, https:\/\/soymigrante.com\/revista\/wp-content\/uploads\/2024\/03\/Consulado-de-Guatemala-en-Atlanta-768x432.webp 768w, https:\/\/soymigrante.com\/revista\/wp-content\/uploads\/2024\/03\/Consulado-de-Guatemala-en-Atlanta-1536x864.webp 1536w, https:\/\/soymigrante.com\/revista\/wp-content\/uploads\/2024\/03\/Consulado-de-Guatemala-en-Atlanta-750x422.webp 750w, https:\/\/soymigrante.com\/revista\/wp-content\/uploads\/2024\/03\/Consulado-de-Guatemala-en-Atlanta-1140x641.webp 1140w, https:\/\/soymigrante.com\/revista\/wp-content\/uploads\/2024\/03\/Consulado-de-Guatemala-en-Atlanta.webp 1920w\" sizes=\"(max-width: 1024px) 100vw, 1024px\" \/>\n            <\/div>\n        <\/div><div class=\"eael-entry-wrapper\"><header class=\"eael-entry-header\"><h2 class=\"eael-entry-title\"><a class=\"eael-grid-post-link\" href=\"https:\/\/soymigrante.com\/revista\/consulado-de-guatemala-en-atlanta-hoarios-ubicacion\/\" title=\"Consulado de Guatemala en Atlanta: Ubicaci\u00f3n y horario\">Consulado de Guatemala en Atlanta: Ubicaci\u00f3n y horario<\/a><\/h2><\/header><div class=\"eael-entry-content\">\n                        <div class=\"eael-grid-post-excerpt\"><a href=\"https:\/\/soymigrante.com\/revista\/consulado-de-guatemala-en-atlanta-hoarios-ubicacion\/\" class=\"eael-post-elements-readmore-btn\">CONOCE SU HISTORIA <\/a><\/div>\n                    <\/div><\/div><\/div>\n        <\/div>\n    <\/article><article class=\"eael-grid-post  eael-post-grid-column eael-pg-post-5361 category-recursos-migratorios\" data-id=\"5361\">\n        <div class=\"eael-grid-post-holder\">\n            <div class=\"eael-grid-post-holder-inner\"><div class=\"eael-entry-media\"><div class=\"eael-entry-overlay fade-in\"><i class=\"far fa-hand-pointer\" aria-hidden=\"true\"><\/i><a href=\"https:\/\/soymigrante.com\/revista\/consulados-de-guatemala-en-texas-estados-unidos\/\"><\/a><\/div><div class=\"eael-entry-thumbnail \">\n                <img decoding=\"async\" width=\"1024\" height=\"680\" src=\"https:\/\/soymigrante.com\/revista\/wp-content\/uploads\/2024\/03\/Consulados-de-Guatemala-en-Texas-1024x680.webp\" class=\"attachment-large size-large wp-image-5362\" alt=\"Consulados de Guatemala en Texas\" srcset=\"https:\/\/soymigrante.com\/revista\/wp-content\/uploads\/2024\/03\/Consulados-de-Guatemala-en-Texas-1024x680.webp 1024w, https:\/\/soymigrante.com\/revista\/wp-content\/uploads\/2024\/03\/Consulados-de-Guatemala-en-Texas-300x199.webp 300w, https:\/\/soymigrante.com\/revista\/wp-content\/uploads\/2024\/03\/Consulados-de-Guatemala-en-Texas-768x510.webp 768w, https:\/\/soymigrante.com\/revista\/wp-content\/uploads\/2024\/03\/Consulados-de-Guatemala-en-Texas-1536x1020.webp 1536w, https:\/\/soymigrante.com\/revista\/wp-content\/uploads\/2024\/03\/Consulados-de-Guatemala-en-Texas-750x498.webp 750w, https:\/\/soymigrante.com\/revista\/wp-content\/uploads\/2024\/03\/Consulados-de-Guatemala-en-Texas-1140x757.webp 1140w, https:\/\/soymigrante.com\/revista\/wp-content\/uploads\/2024\/03\/Consulados-de-Guatemala-en-Texas.webp 1600w\" sizes=\"(max-width: 1024px) 100vw, 1024px\" \/>\n            <\/div>\n        <\/div><div class=\"eael-entry-wrapper\"><header class=\"eael-entry-header\"><h2 class=\"eael-entry-title\"><a class=\"eael-grid-post-link\" href=\"https:\/\/soymigrante.com\/revista\/consulados-de-guatemala-en-texas-estados-unidos\/\" title=\"Consulados de Guatemala en Texas: ubicaci\u00f3n y contacto\">Consulados de Guatemala en Texas: ubicaci\u00f3n y contacto<\/a><\/h2><\/header><div class=\"eael-entry-content\">\n                        <div class=\"eael-grid-post-excerpt\"><a href=\"https:\/\/soymigrante.com\/revista\/consulados-de-guatemala-en-texas-estados-unidos\/\" class=\"eael-post-elements-readmore-btn\">CONOCE SU HISTORIA <\/a><\/div>\n                    <\/div><\/div><\/div>\n        <\/div>\n    <\/article><\/div>\n            <div class=\"clearfix\"><\/div>\n        <\/div>\t\t\t\t<\/div>\n\t\t\t\t\t<\/div>\n\t\t\t\t<\/div>\n\t\t\t\t<\/div>\n\t\t","protected":false},"excerpt":{"rendered":"<p>Los consulados m\u00f3viles guatemaltecos en Estados Unidos, estar\u00e1n disponibles durante mayo para ayudarle a hacer tr\u00e1mites. Durante el mes de mayo, los 25 consulados de Guatemala en Estados Unidos y los tres en Canad\u00e1 ofrecer\u00e1n jornadas especiales para atender a los connacionales que requieren realizar tr\u00e1mites consulares. Fechas clave:\u2022Estados Unidos: S\u00e1bado 3 de mayo de [&hellip;]<\/p>\n","protected":false},"author":19,"featured_media":32039,"comment_status":"open","ping_status":"open","sticky":false,"template":"","format":"standard","meta":{"_acf_changed":false,"_eb_attr":"","footnotes":""},"categories":[59],"tags":[],"class_list":["post-32038","post","type-post","status-publish","format-standard","has-post-thumbnail","hentry","category-recursos-migratorios"],"acf":[],"aioseo_notices":[],"aioseo_head":"\n\t\t<!-- All in One SEO Pro 4.9.6.2 - aioseo.com -->\n\t<meta name=\"description\" content=\"El Ministerio de Relaciones Exteriores de Guatemala (Minex), tiene cuatro sedes consulares en el estado de Texas para atender de lunes a viernes y en jornadas sabatinas tr\u00e1mites migratorios de guatemaltecos. Paisano guatemalteco, s\u00ed est\u00e1 en Texas o alguna ciudad de este estado y necesita ayuda del consulado de Guatemala es necesario que conozca la Guatemala tiene cuatro sedes consulares en Texas para asistir a los guatemaltecos radicados en ese estado de EE. UU.\" \/>\n\t<meta name=\"robots\" content=\"max-snippet:-1, max-image-preview:large, max-video-preview:-1\" \/>\n\t<meta name=\"author\" content=\"Mynor Toc\"\/>\n\t<link rel=\"canonical\" href=\"https:\/\/soymigrante.com\/revista\/consulados-de-guatemala-en-texas-estados-unidos\/\" \/>\n\t<meta name=\"generator\" content=\"All in One SEO Pro (AIOSEO) 4.9.6.2\" \/>\n\n\t\t<link rel=\"preconnect\" href=\"https:\/\/fonts.googleapis.com\" crossorigin>\n<link rel=\"preconnect\" href=\"https:\/\/fonts.gstatic.com\" crossorigin>\n\t\t<meta property=\"og:locale\" content=\"es_ES\" \/>\n\t\t<meta property=\"og:site_name\" content=\"SoyMigrante.com REVISTA \u2013 Nuestra misi\u00f3n es reconocer y dignificar al migrante.\" \/>\n\t\t<meta property=\"og:type\" content=\"article\" \/>\n\t\t<meta property=\"og:title\" content=\"Consulados de Guatemala en Texas: ubicaci\u00f3n y contacto\" \/>\n\t\t<meta property=\"og:description\" content=\"El Ministerio de Relaciones Exteriores de Guatemala (Minex), tiene cuatro sedes consulares en el estado de Texas para atender de lunes a viernes y en jornadas sabatinas tr\u00e1mites migratorios de guatemaltecos. Paisano guatemalteco, s\u00ed est\u00e1 en Texas o alguna ciudad de este estado y necesita ayuda del consulado de Guatemala es necesario que conozca la Guatemala tiene cuatro sedes consulares en Texas para asistir a los guatemaltecos radicados en ese estado de EE. UU.\" \/>\n\t\t<meta property=\"og:url\" content=\"https:\/\/soymigrante.com\/revista\/consulados-de-guatemala-en-texas-estados-unidos\/\" \/>\n\t\t<meta property=\"og:image\" content=\"https:\/\/soymigrante.com\/revista\/wp-content\/uploads\/2024\/03\/Consulados-de-Guatemala-en-Texas.webp\" \/>\n\t\t<meta property=\"og:image:secure_url\" content=\"https:\/\/soymigrante.com\/revista\/wp-content\/uploads\/2024\/03\/Consulados-de-Guatemala-en-Texas.webp\" \/>\n\t\t<meta property=\"og:image:width\" content=\"1600\" \/>\n\t\t<meta property=\"og:image:height\" content=\"1063\" \/>\n\t\t<meta property=\"article:published_time\" content=\"2024-03-13T14:20:07+00:00\" \/>\n\t\t<meta property=\"article:modified_time\" content=\"2024-03-15T05:04:15+00:00\" \/>\n\t\t<meta property=\"article:publisher\" content=\"https:\/\/www.facebook.com\/soymigrantecom\" \/>\n\t\t<meta name=\"twitter:card\" content=\"summary_large_image\" \/>\n\t\t<meta name=\"twitter:site\" content=\"@SoyMigrante_com\" \/>\n\t\t<meta name=\"twitter:title\" content=\"Consulados de Guatemala en Texas: ubicaci\u00f3n y contacto\" \/>\n\t\t<meta name=\"twitter:description\" content=\"El Ministerio de Relaciones Exteriores de Guatemala (Minex), tiene cuatro sedes consulares en el estado de Texas para atender de lunes a viernes y en jornadas sabatinas tr\u00e1mites migratorios de guatemaltecos. Paisano guatemalteco, s\u00ed est\u00e1 en Texas o alguna ciudad de este estado y necesita ayuda del consulado de Guatemala es necesario que conozca la Guatemala tiene cuatro sedes consulares en Texas para asistir a los guatemaltecos radicados en ese estado de EE. UU.\" \/>\n\t\t<meta name=\"twitter:creator\" content=\"@SoyMigrante_com\" \/>\n\t\t<meta name=\"twitter:image\" content=\"https:\/\/soymigrante.com\/revista\/wp-content\/uploads\/2024\/03\/Consulados-de-Guatemala-en-Texas.webp\" \/>\n\t\t<!-- All in One SEO Pro -->\r\n\t\t<title>Consulados de Guatemala en Texas: ubicaci\u00f3n y contacto<\/title>\n\n","aioseo_head_json":{"title":"Consulados de Guatemala en Texas: ubicaci\u00f3n y contacto","description":"El Ministerio de Relaciones Exteriores de Guatemala (Minex), tiene cuatro sedes consulares en el estado de Texas para atender de lunes a viernes y en jornadas sabatinas tr\u00e1mites migratorios de guatemaltecos. Paisano guatemalteco, s\u00ed est\u00e1 en Texas o alguna ciudad de este estado y necesita ayuda del consulado de Guatemala es necesario que conozca la Guatemala tiene cuatro sedes consulares en Texas para asistir a los guatemaltecos radicados en ese estado de EE. UU.","canonical_url":"https:\/\/soymigrante.com\/revista\/consulados-de-guatemala-en-texas-estados-unidos\/","robots":"max-snippet:-1, max-image-preview:large, max-video-preview:-1","keywords":"","webmasterTools":{"miscellaneous":"&lt;link rel=\"preconnect\" href=\"https:\/\/fonts.googleapis.com\" crossorigin&gt;\n&lt;link rel=\"preconnect\" href=\"https:\/\/fonts.gstatic.com\" crossorigin&gt;"},"schema":null,"og:locale":"es_ES","og:site_name":"SoyMigrante.com REVISTA \u2013 Nuestra misi\u00f3n es reconocer y dignificar al migrante.","og:type":"article","og:title":"Consulados de Guatemala en Texas: ubicaci\u00f3n y contacto","og:description":"El Ministerio de Relaciones Exteriores de Guatemala (Minex), tiene cuatro sedes consulares en el estado de Texas para atender de lunes a viernes y en jornadas sabatinas tr\u00e1mites migratorios de guatemaltecos. Paisano guatemalteco, s\u00ed est\u00e1 en Texas o alguna ciudad de este estado y necesita ayuda del consulado de Guatemala es necesario que conozca la Guatemala tiene cuatro sedes consulares en Texas para asistir a los guatemaltecos radicados en ese estado de EE. UU.","og:url":"https:\/\/soymigrante.com\/revista\/consulados-de-guatemala-en-texas-estados-unidos\/","og:image":"https:\/\/soymigrante.com\/revista\/wp-content\/uploads\/2024\/03\/Consulados-de-Guatemala-en-Texas.webp","og:image:secure_url":"https:\/\/soymigrante.com\/revista\/wp-content\/uploads\/2024\/03\/Consulados-de-Guatemala-en-Texas.webp","og:image:width":1600,"og:image:height":1063,"article:published_time":"2024-03-13T14:20:07+00:00","article:modified_time":"2024-03-15T05:04:15+00:00","article:publisher":"https:\/\/www.facebook.com\/soymigrantecom","twitter:card":"summary_large_image","twitter:site":"@SoyMigrante_com","twitter:title":"Consulados de Guatemala en Texas: ubicaci\u00f3n y contacto","twitter:description":"El Ministerio de Relaciones Exteriores de Guatemala (Minex), tiene cuatro sedes consulares en el estado de Texas para atender de lunes a viernes y en jornadas sabatinas tr\u00e1mites migratorios de guatemaltecos. Paisano guatemalteco, s\u00ed est\u00e1 en Texas o alguna ciudad de este estado y necesita ayuda del consulado de Guatemala es necesario que conozca la Guatemala tiene cuatro sedes consulares en Texas para asistir a los guatemaltecos radicados en ese estado de EE. UU.","twitter:creator":"@SoyMigrante_com","twitter:image":"https:\/\/soymigrante.com\/revista\/wp-content\/uploads\/2024\/03\/Consulados-de-Guatemala-en-Texas.webp"},"aioseo_meta_data":{"post_id":"32038","title":null,"description":"Los consulados m\u00f3viles guatemaltecos en Estados Unidos, estar\u00e1n disponibles durante mayo para ayudarle a hacer tr\u00e1mites.","keywords":null,"keyphrases":{"focus":{"keyphrase":"Consulados m\u00f3viles","score":74,"analysis":{"keyphraseInTitle":{"score":9,"maxScore":9,"error":0},"keyphraseInDescription":{"score":9,"maxScore":9,"error":0},"keyphraseLength":{"score":9,"maxScore":9,"error":0,"length":3},"keyphraseInURL":{"score":5,"maxScore":5,"error":0},"keyphraseInIntroduction":{"score":3,"maxScore":9,"error":1},"keyphraseInSubHeadings":{"score":3,"maxScore":9,"error":1},"keyphraseInImageAlt":{"score":3,"maxScore":9,"error":1},"keywordDensity":{"type":"best","score":9,"maxScore":9,"error":0}}},"additional":[{"keyphrase":"Consulados m\u00f3viles","score":73,"analysis":{"keyphraseInDescription":{"score":9,"maxScore":9,"error":0},"keyphraseLength":{"score":9,"maxScore":9,"error":0,"length":3},"keyphraseInIntroduction":{"score":3,"maxScore":9,"error":1},"keyphraseInImageAlt":{"score":3,"maxScore":9,"error":1},"keywordDensity":{"type":"best","score":9,"maxScore":9,"error":0}}}]},"primary_term":null,"canonical_url":null,"og_title":null,"og_description":null,"og_object_type":"default","og_image_type":"default","og_image_url":null,"og_image_width":null,"og_image_height":null,"og_image_custom_url":null,"og_image_custom_fields":null,"og_video":"","og_custom_url":null,"og_article_section":null,"og_article_tags":null,"twitter_use_og":false,"twitter_card":"default","twitter_image_type":"default","twitter_image_url":null,"twitter_image_custom_url":null,"twitter_image_custom_fields":null,"twitter_title":null,"twitter_description":null,"schema":{"blockGraphs":[],"customGraphs":[],"default":{"data":{"Article":[],"Course":[],"Dataset":[],"FAQPage":[],"Movie":[],"Person":[],"Product":[],"ProductReview":[],"Car":[],"Recipe":[],"Service":[],"SoftwareApplication":[],"WebPage":[]},"graphName":"none","isEnabled":true},"graphs":[]},"schema_type":"default","schema_type_options":null,"pillar_content":false,"robots_default":true,"robots_noindex":false,"robots_noarchive":false,"robots_nosnippet":false,"robots_nofollow":false,"robots_noimageindex":false,"robots_noodp":false,"robots_notranslate":false,"robots_max_snippet":"-1","robots_max_videopreview":"-1","robots_max_imagepreview":"large","priority":null,"frequency":"default","local_seo":null,"seo_analyzer_scan_date":"2025-10-09 04:42:58","breadcrumb_settings":null,"limit_modified_date":false,"reviewed_by":null,"open_ai":"{\"title\":{\"suggestions\":[],\"usage\":0},\"description\":{\"suggestions\":[],\"usage\":0}}","ai":null,"created":"2025-04-28 17:04:47","updated":"2026-02-04 23:25:23"},"aioseo_breadcrumb":"<div class=\"aioseo-breadcrumbs\"><span class=\"aioseo-breadcrumb\">\n\t<a href=\"https:\/\/soymigrante.com\/revista\" title=\"Home\">Home<\/a>\n<\/span><span class=\"aioseo-breadcrumb-separator\">\u00bb<\/span><span class=\"aioseo-breadcrumb\">\n\t<a href=\"https:\/\/soymigrante.com\/revista\/category\/recursos-migratorios\/\" title=\"Recursos Migratorios\">Recursos Migratorios<\/a>\n<\/span><span class=\"aioseo-breadcrumb-separator\">\u00bb<\/span><span class=\"aioseo-breadcrumb\">\n\tConsulados m\u00f3viles y s\u00e1bados consulares de Guatemala en mayo 2025\n<\/span><\/div>","aioseo_breadcrumb_json":[{"label":"Home","link":"https:\/\/soymigrante.com\/revista"},{"label":"Recursos Migratorios","link":"https:\/\/soymigrante.com\/revista\/category\/recursos-migratorios\/"},{"label":"Consulados m\u00f3viles y s\u00e1bados consulares de Guatemala en mayo 2025","link":"https:\/\/soymigrante.com\/revista\/consulados-moviles-y-sabados-consulares-de-guatemala-en-mayo-2025\/"}],"_links":{"self":[{"href":"https:\/\/soymigrante.com\/revista\/wp-json\/wp\/v2\/posts\/32038","targetHints":{"allow":["GET"]}}],"collection":[{"href":"https:\/\/soymigrante.com\/revista\/wp-json\/wp\/v2\/posts"}],"about":[{"href":"https:\/\/soymigrante.com\/revista\/wp-json\/wp\/v2\/types\/post"}],"author":[{"embeddable":true,"href":"https:\/\/soymigrante.com\/revista\/wp-json\/wp\/v2\/users\/19"}],"replies":[{"embeddable":true,"href":"https:\/\/soymigrante.com\/revista\/wp-json\/wp\/v2\/comments?post=32038"}],"version-history":[{"count":6,"href":"https:\/\/soymigrante.com\/revista\/wp-json\/wp\/v2\/posts\/32038\/revisions"}],"predecessor-version":[{"id":32476,"href":"https:\/\/soymigrante.com\/revista\/wp-json\/wp\/v2\/posts\/32038\/revisions\/32476"}],"wp:featuredmedia":[{"embeddable":true,"href":"https:\/\/soymigrante.com\/revista\/wp-json\/wp\/v2\/media\/32039"}],"wp:attachment":[{"href":"https:\/\/soymigrante.com\/revista\/wp-json\/wp\/v2\/media?parent=32038"}],"wp:term":[{"taxonomy":"category","embeddable":true,"href":"https:\/\/soymigrante.com\/revista\/wp-json\/wp\/v2\/categories?post=32038"},{"taxonomy":"post_tag","embeddable":true,"href":"https:\/\/soymigrante.com\/revista\/wp-json\/wp\/v2\/tags?post=32038"}],"curies":[{"name":"wp","href":"https:\/\/api.w.org\/{rel}","templated":true}]}}