{"id":32026,"date":"2025-04-28T11:05:39","date_gmt":"2025-04-28T17:05:39","guid":{"rendered":"https:\/\/soymigrante.com\/revista\/?p=32026"},"modified":"2025-10-03T14:49:01","modified_gmt":"2025-10-03T20:49:01","slug":"migrante-guatemalteco-julio-veras-miami-vende-casas-bienes-raices-historia","status":"publish","type":"post","link":"https:\/\/soymigrante.com\/revista\/migrante-guatemalteco-julio-veras-miami-vende-casas-bienes-raices-historia\/","title":{"rendered":"Vend\u00eda ollas de casa en casa y ahora vende casas: Julio Veras, emprendedor en Miami"},"content":{"rendered":"\t\t<div data-elementor-type=\"wp-post\" data-elementor-id=\"32026\" class=\"elementor elementor-32026\" data-elementor-post-type=\"post\">\n\t\t\t\t<div data-particle_enable=\"false\" data-particle-mobile-disabled=\"false\" class=\"elementor-element elementor-element-335484a e-flex e-con-boxed e-con e-parent\" data-id=\"335484a\" data-element_type=\"container\" data-e-type=\"container\">\n\t\t\t\t\t<div class=\"e-con-inner\">\n\t\t\t\t<div class=\"elementor-element elementor-element-51fb8ec elementor-widget elementor-widget-heading\" data-id=\"51fb8ec\" data-element_type=\"widget\" data-e-type=\"widget\" data-widget_type=\"heading.default\">\n\t\t\t\t\t<h2 class=\"elementor-heading-title elementor-size-default\"><span style=\"font-size: 31.2px\">El guatemalteco Julio Veras lleva 35 a\u00f1os en Estados Unidos. Es un exitoso empresario en el sector de bienes ra\u00edces y la industria restaurantera. No le fue muy bien en sus primeros trabajos, pero esas lecciones lo han llevado muy alto. Esta es su historia.<\/span><\/h2>\t\t\t\t<\/div>\n\t\t\t\t<div class=\"elementor-element elementor-element-62b6f79 elementor-widget elementor-widget-html\" data-id=\"62b6f79\" data-element_type=\"widget\" data-e-type=\"widget\" data-widget_type=\"html.default\">\n\t\t\t\t\t<div id=\"buzzsprout-player-17106811\"><\/div><script src=\"https:\/\/www.buzzsprout.com\/2444168\/episodes\/17106811-julio-veras-experto-guatemalteco-de-bienes-raices-en-miami.js?container_id=buzzsprout-player-17106811&player=small\" type=\"text\/javascript\" charset=\"utf-8\"><\/script>\t\t\t\t<\/div>\n\t\t\t\t\t<\/div>\n\t\t\t\t<\/div>\n\t\t<div data-particle_enable=\"false\" data-particle-mobile-disabled=\"false\" class=\"elementor-element elementor-element-9325ec0 e-flex e-con-boxed e-con e-parent\" data-id=\"9325ec0\" data-element_type=\"container\" data-e-type=\"container\">\n\t\t\t\t\t<div class=\"e-con-inner\">\n\t\t\t\t<div class=\"elementor-element elementor-element-de52d3c elementor-widget elementor-widget-text-editor\" data-id=\"de52d3c\" data-element_type=\"widget\" data-e-type=\"widget\" data-widget_type=\"text-editor.default\">\n\t\t\t\t\t\t\t\t\t<p>Julio Veras cumpli\u00f3 18 a\u00f1os a los pocos meses de haber llegado a Estados Unidos. No dominaba el ingl\u00e9s, no conocia a nadie, no ten\u00eda claro el camino. El fallecimiento de su padre fue uno de los factores que lo llevaron a migrar. Lleg\u00f3 a <a href=\"https:\/\/soymigrante.com\/revista\/rene-amiel-de-la-adversidad-al-servicio-comunitario-en-los-angeles-en-pro-del-migrante\/\">Los \u00c1ngeles<\/a> y vender ollas de cocina fue uno de sus primeros trabajos \u201cNo vend\u00eda casi nada\u201d, cuenta. Despu\u00e9s en <a href=\"https:\/\/soymigrante.com\/revista\/chef-manuel-tol-domina-el-idioma-del-sabor-en-miami\/\">Florida<\/a>, labor\u00f3 como jardinero una semana y no le pagaron.<\/p><p>Ante ese panorama, cualquiera se desanima, se desmoraliza, se lamenta. Pero no Julio Veras: sigui\u00f3 adelante, se traz\u00f3 metas concretas, se exigi\u00f3 m\u00e1s y aprendi\u00f3 incluso de los errores. \u201cPorque todos tenemos la capacidad de ser m\u00e1s, de ser lo que queramos\u201d. Hoy es un exitoso\u00a0 empresario de <a href=\"https:\/\/soymigrante.com\/revista\/bienes-raices-son-la-realidad-y-el-sueno-de-la-guatemalteca-christtag-vasquez-cortez\/\">bienes ra\u00edces<\/a>, tambi\u00e9n profesor de dicha materia, y adem\u00e1s empresario restaurantero. De hecho, primero fue emprendedor en esta \u00faltima \u00e1rea.\u00a0<\/p><p>Pero bueno, mejor conozcamos su historia.<\/p>\t\t\t\t\t\t\t\t<\/div>\n\t\t\t\t\t<\/div>\n\t\t\t\t<\/div>\n\t\t<div data-particle_enable=\"false\" data-particle-mobile-disabled=\"false\" class=\"elementor-element elementor-element-79d4317 e-flex e-con-boxed e-con e-parent\" data-id=\"79d4317\" data-element_type=\"container\" data-e-type=\"container\">\n\t\t\t\t\t<div class=\"e-con-inner\">\n\t\t\t\t<div class=\"elementor-element elementor-element-396fde0 elementor-invisible elementor-widget elementor-widget-image\" data-id=\"396fde0\" data-element_type=\"widget\" data-e-type=\"widget\" data-settings=\"{&quot;_animation&quot;:&quot;fadeInLeft&quot;}\" data-widget_type=\"image.default\">\n\t\t\t\t\t\t\t\t\t\t\t\t<figure class=\"wp-caption\">\n\t\t\t\t\t\t\t\t\t\t<img fetchpriority=\"high\" decoding=\"async\" width=\"1024\" height=\"768\" src=\"https:\/\/soymigrante.com\/revista\/wp-content\/uploads\/2025\/04\/julio-veras-guatemalteco-migrante-miami-3-1024x768.jpg\" class=\"attachment-large size-large wp-image-32035\" alt=\"Archivo: soy-migrante-revista-conferencia.jpg.\" srcset=\"https:\/\/soymigrante.com\/revista\/wp-content\/uploads\/2025\/04\/julio-veras-guatemalteco-migrante-miami-3-1024x768.jpg 1024w, https:\/\/soymigrante.com\/revista\/wp-content\/uploads\/2025\/04\/julio-veras-guatemalteco-migrante-miami-3-300x225.jpg 300w, https:\/\/soymigrante.com\/revista\/wp-content\/uploads\/2025\/04\/julio-veras-guatemalteco-migrante-miami-3-768x576.jpg 768w, https:\/\/soymigrante.com\/revista\/wp-content\/uploads\/2025\/04\/julio-veras-guatemalteco-migrante-miami-3-750x563.jpg 750w, https:\/\/soymigrante.com\/revista\/wp-content\/uploads\/2025\/04\/julio-veras-guatemalteco-migrante-miami-3-1140x855.jpg 1140w, https:\/\/soymigrante.com\/revista\/wp-content\/uploads\/2025\/04\/julio-veras-guatemalteco-migrante-miami-3.jpg 1280w\" sizes=\"(max-width: 1024px) 100vw, 1024px\" title=\"Julio Veras, migrante guatemalteco experto en bienes ra\u00edces, da clases en la universidad de Real Estate donde alguna vez fue alumno. De hecho, cuando estudi\u00f3, no estaba seguro de estar interesado en esa materia pues ya ten\u00eda \u00e9xito con restaurantes que pose\u00eda. Pero al encarecerse franquicias tuvo que cambiar de giro de negocios y el camino fue el Real Estate. \u2013 SoyMigrante.com REVISTA\" \/>\t\t\t\t\t\t\t\t\t\t\t<figcaption class=\"widget-image-caption wp-caption-text\">Alt: Grupo de migrantes en conferencia con presencia diversa, participando en evento sobre migraci\u00f3n y derechos en un espacio interior.<\/figcaption>\n\t\t\t\t\t\t\t\t\t\t<\/figure>\n\t\t\t\t\t\t\t\t\t<\/div>\n\t\t\t\t\t<\/div>\n\t\t\t\t<\/div>\n\t\t<div data-particle_enable=\"false\" data-particle-mobile-disabled=\"false\" class=\"elementor-element elementor-element-3923ffa e-flex e-con-boxed e-con e-parent\" data-id=\"3923ffa\" data-element_type=\"container\" data-e-type=\"container\">\n\t\t\t\t\t<div class=\"e-con-inner\">\n\t\t\t\t<div class=\"elementor-element elementor-element-d571a41 elementor-widget elementor-widget-heading\" data-id=\"d571a41\" data-element_type=\"widget\" data-e-type=\"widget\" data-widget_type=\"heading.default\">\n\t\t\t\t\t<h3 class=\"elementor-heading-title elementor-size-default\">Adversidades inesperadas a los 18 a\u00f1os<\/h3>\t\t\t\t<\/div>\n\t\t\t\t\t<\/div>\n\t\t\t\t<\/div>\n\t\t<div data-particle_enable=\"false\" data-particle-mobile-disabled=\"false\" class=\"elementor-element elementor-element-db6c8c1 e-flex e-con-boxed e-con e-parent\" data-id=\"db6c8c1\" data-element_type=\"container\" data-e-type=\"container\">\n\t\t\t\t\t<div class=\"e-con-inner\">\n\t\t\t\t<div class=\"elementor-element elementor-element-7f3bf31 elementor-widget elementor-widget-text-editor\" data-id=\"7f3bf31\" data-element_type=\"widget\" data-e-type=\"widget\" data-widget_type=\"text-editor.default\">\n\t\t\t\t\t\t\t\t\t<p><b>\u00bfC\u00f3mo fueron tus primeros tiempos en Estados Unidos?<\/b><\/p><p>Llegu\u00e9 a California en 1990. Mi padre hab\u00eda fallecido en Guatemala. Hab\u00edamos tenido una empresa de transporte; yo estaba estudiando Administraci\u00f3n en la Universidad Rafael Land\u00edvar. De pronto, todo se acab\u00f3. Mi mam\u00e1 migr\u00f3 a Florida y yo me fui a Los \u00c1ngeles. Llegu\u00e9 con 50 d\u00f3lares en el bolsillo.<\/p><p>\u201cMi primer trabajo fue vendiendo unas ollas que eran famosas. Se llamaban Royal Prestige. En un carro nos llevaban a un barrio y nos dejaban con maletas de ollas. Llevando todo eso \u00edbamos de puerta en puerta, tocando. No vend\u00eda nada. Era muy mal vendedor. Deb\u00edamos hacer demostraciones de cocina con las ollas. Hab\u00eda que cocinar. Pero al final, despu\u00e9s de comer, nos dec\u00edan: \u2018Gracias\u2019, pero no compraban.\u201d<\/p><p><b>\u00bfQu\u00e9 edad ten\u00edas?<\/b><\/p><p>Llegu\u00e9 a los 17. All\u00ed, en Los \u00c1ngeles, cumpl\u00ed los 18. Mi mam\u00e1 me dec\u00eda que me mudara a Miami. Me dec\u00eda: \u201cVen\u00edte para ac\u00e1, porque necesitamos estar todos juntos\u201d. Yo no quer\u00eda. Tras la muerte de mi padre qued\u00e9 un poco descarriado. Pero poco a poco la dura realidad me fue haciendo entrar en raz\u00f3n, y me fui a Miami.<\/p><p><b>\u00bfQu\u00e9 parte de esa dura realidad te golpe\u00f3 m\u00e1s?<\/b><\/p><p>Lo m\u00e1s dif\u00edcil fue no saber <a href=\"https:\/\/soymigrante.com\/revista\/migrante-idioma-ingles-aprendizaje-claves-reto-oportunidad\/\">ingl\u00e9s<\/a>. Llegaba a buscar trabajo, pero ni siquiera entend\u00eda un letrero que dec\u00eda \u201cHelp Wanted\u201d. Fue un gran impedimento. En el empleo de las ollas, vend\u00eda en barrios hispanos, pero no ten\u00eda muchas oportunidades.<\/p>\t\t\t\t\t\t\t\t<\/div>\n\t\t\t\t\t<\/div>\n\t\t\t\t<\/div>\n\t\t<div data-particle_enable=\"false\" data-particle-mobile-disabled=\"false\" class=\"elementor-element elementor-element-2698934 e-flex e-con-boxed e-con e-parent\" data-id=\"2698934\" data-element_type=\"container\" data-e-type=\"container\">\n\t\t\t\t\t<div class=\"e-con-inner\">\n\t\t\t\t<div class=\"elementor-element elementor-element-ed9f164 elementor-invisible elementor-widget elementor-widget-image\" data-id=\"ed9f164\" data-element_type=\"widget\" data-e-type=\"widget\" data-settings=\"{&quot;_animation&quot;:&quot;lightSpeedIn&quot;}\" data-widget_type=\"image.default\">\n\t\t\t\t\t\t\t\t\t\t\t\t<figure class=\"wp-caption\">\n\t\t\t\t\t\t\t\t\t\t<img decoding=\"async\" width=\"960\" height=\"720\" src=\"https:\/\/soymigrante.com\/revista\/wp-content\/uploads\/2025\/04\/julio-veras-guatemalteco-migrante-miami-2.webp\" class=\"attachment-large size-large wp-image-32037\" alt=\"M\u00e9xico, prosperidad, crecimiento personal, \u00e9xito, cultura mexicana, confianza, ambiente natural, celebraci\u00f3n, alegr\u00eda, diversidad cultural, so\u00f1ador, entusiasmo, optimismo, emprendimiento, liderazgo, comunidad, visi\u00f3n positiva, inspiraci\u00f3n, felicidad, inclusi\u00f3n, talento mexicano.\" srcset=\"https:\/\/soymigrante.com\/revista\/wp-content\/uploads\/2025\/04\/julio-veras-guatemalteco-migrante-miami-2.webp 960w, https:\/\/soymigrante.com\/revista\/wp-content\/uploads\/2025\/04\/julio-veras-guatemalteco-migrante-miami-2-300x225.jpg 300w, https:\/\/soymigrante.com\/revista\/wp-content\/uploads\/2025\/04\/julio-veras-guatemalteco-migrante-miami-2-768x576.jpg 768w, https:\/\/soymigrante.com\/revista\/wp-content\/uploads\/2025\/04\/julio-veras-guatemalteco-migrante-miami-2-750x563.jpg 750w\" sizes=\"(max-width: 960px) 100vw, 960px\" title=\"El migrante guatemalteco Julio Veras fund\u00f3 la compa\u00f1\u00eda de bienes ra\u00edces Florida Finest Homes hace dos d\u00e9cadas; cuenta actualmente con una fuerza de venta de 20 empleados y ofrece capacitaci\u00f3n en ventas, desarrollo personal y motivaci\u00f3n. \u2013 SoyMigrante.com REVISTA\" \/>\t\t\t\t\t\t\t\t\t\t\t<figcaption class=\"widget-image-caption wp-caption-text\">Excelente imagen para la revista SoyMigrante, destacando la cultura, la inmigraci\u00f3n y el \u00e9xito en ambientes naturales y sofisticados.<\/figcaption>\n\t\t\t\t\t\t\t\t\t\t<\/figure>\n\t\t\t\t\t\t\t\t\t<\/div>\n\t\t\t\t\t<\/div>\n\t\t\t\t<\/div>\n\t\t<div data-particle_enable=\"false\" data-particle-mobile-disabled=\"false\" class=\"elementor-element elementor-element-8b96d45 e-flex e-con-boxed e-con e-parent\" data-id=\"8b96d45\" data-element_type=\"container\" data-e-type=\"container\">\n\t\t\t\t\t<div class=\"e-con-inner\">\n\t\t\t\t<div class=\"elementor-element elementor-element-fa5e0a5 elementor-widget elementor-widget-heading\" data-id=\"fa5e0a5\" data-element_type=\"widget\" data-e-type=\"widget\" data-widget_type=\"heading.default\">\n\t\t\t\t\t<h3 class=\"elementor-heading-title elementor-size-default\">La ruta de la transformaci\u00f3n<\/h3>\t\t\t\t<\/div>\n\t\t\t\t\t<\/div>\n\t\t\t\t<\/div>\n\t\t<div data-particle_enable=\"false\" data-particle-mobile-disabled=\"false\" class=\"elementor-element elementor-element-547fd33 e-flex e-con-boxed e-con e-parent\" data-id=\"547fd33\" data-element_type=\"container\" data-e-type=\"container\">\n\t\t\t\t\t<div class=\"e-con-inner\">\n\t\t\t\t<div class=\"elementor-element elementor-element-e175ea0 elementor-widget elementor-widget-text-editor\" data-id=\"e175ea0\" data-element_type=\"widget\" data-e-type=\"widget\" data-widget_type=\"text-editor.default\">\n\t\t\t\t\t\t\t\t\t<p><b>\u00bfY qu\u00e9 fue lo que marc\u00f3 tu rumbo de mejora?<\/b><\/p><p>La necesidad te obliga a mejorar. En las ventas no me fue bien. Pero el rechazo de las personas me fue haciendo fuerte. Por cada casa donde no vend\u00eda, quedaban otras. Quiz\u00e1 a la siguiente. En Florida, sal\u00eda a buscar trabajo en la calle, andaba en buses, buscando empleo. Hicimos de todo. Trabaj\u00e9 lavando platos, sembrando plantas en plazas, lavando carros, limpiando casas, pintando casas. No eran trabajos fijos. Una vez trabaj\u00e9 una semana en jardiner\u00eda y no me pagaron.<\/p><p><b>\u00bfY recuerdas c\u00f3mo te sent\u00edas en esos momentos?<\/b><\/p><p>Fue dif\u00edcil, muy dif\u00edcil. Sobre todo si tomas en cuenta que yo ven\u00eda de una familia bastante acomodada en Guatemala, estudiaba en una universidad privada, y de pronto el cuento de hadas se convirti\u00f3 en un cuento en llamas. S\u00ed hubo momentos en los que dese\u00e9 tirar la toalla, sent\u00eda que no pod\u00eda seguir\u2026 pero la necesidad te da <a href=\"https:\/\/soymigrante.com\/revista\/el-orgullo-de-ser-guatemalteco-esta-en-las-raices-de-los-migrantes-en-usa\/\">fuerzas<\/a>.<\/p><p><b>\u00bfEn qu\u00e9 momento consideras que lleg\u00f3 el cambio?<\/b><\/p><p>Un amigo me recomend\u00f3 para un trabajo en un restaurante japon\u00e9s propiedad de un tailand\u00e9s en el Miami International Mall. Hasta entonces, nunca hab\u00eda tenido un trabajo fijo. Ya hab\u00eda empezado a estudiar ingl\u00e9s. Llegu\u00e9 a la entrevista un s\u00e1bado a las 11 de la ma\u00f1ana. Me preguntaron: \u201c\u00bfCu\u00e1ndo puedes empezar?\u201d Les dije: \u201cAhora mismo\u201d. Me responde: \u201cOk, comienza: mira esos trastes que est\u00e1n ah\u00ed.\u201d<\/p><p>Hab\u00eda una monta\u00f1a de platos sucios en el lavaplatos. Empec\u00e9. Me propuse: Voy a ser el mejor lavador de trastes. Despu\u00e9s, otro objetivo: Un d\u00eda voy a tener un restaurante como este. Tiempo despu\u00e9s, el due\u00f1o me dice:<\/p><p>\u201cMira Julio, me tengo que mudar a Atlanta y voy a vender el restaurante. Has sido un excelente empleado: has estado en el lavadero, barriendo, trapeando, en la barra, eres cocinero\u2026 Te quiero vender una parte del restaurante\u201d.<\/p><p>Me sorprend\u00ed. No ten\u00eda el dinero, pero Dios me puso en el camino la soluci\u00f3n: una persona que conoc\u00eda desde Guatemala me prest\u00f3 el dinero. Al a\u00f1o ya hab\u00eda pagado. Despu\u00e9s compr\u00e9 todo. Llegu\u00e9 a tener tres restaurantes, y los trabaj\u00e1bamos en <a href=\"https:\/\/soymigrante.com\/revista\/consejos-para-parejas-migrantes-no-discutir-o-tratar-temas-delicados-frente-a-los-hijos\/\">familia<\/a>.<\/p>\t\t\t\t\t\t\t\t<\/div>\n\t\t\t\t\t<\/div>\n\t\t\t\t<\/div>\n\t\t<div data-particle_enable=\"false\" data-particle-mobile-disabled=\"false\" class=\"elementor-element elementor-element-eca1924 e-flex e-con-boxed e-con e-parent\" data-id=\"eca1924\" data-element_type=\"container\" data-e-type=\"container\">\n\t\t\t\t\t<div class=\"e-con-inner\">\n\t\t\t\t<div class=\"elementor-element elementor-element-25577ed elementor-widget elementor-widget-html\" data-id=\"25577ed\" data-element_type=\"widget\" data-e-type=\"widget\" data-widget_type=\"html.default\">\n\t\t\t\t\t<iframe src=\"https:\/\/www.facebook.com\/plugins\/video.php?height=476&href=https%3A%2F%2Fwww.facebook.com%2Fjulio.veras.940%2Fvideos%2F641114811658609%2F&show_text=false&width=267&t=0\" width=\"267\" height=\"476\" style=\"border:none;overflow:hidden\" scrolling=\"no\" frameborder=\"0\" allowfullscreen=\"true\" allow=\"autoplay; clipboard-write; encrypted-media; picture-in-picture; web-share\" allowFullScreen=\"true\"><\/iframe>\t\t\t\t<\/div>\n\t\t\t\t\t<\/div>\n\t\t\t\t<\/div>\n\t\t<div data-particle_enable=\"false\" data-particle-mobile-disabled=\"false\" class=\"elementor-element elementor-element-a8c1ad7 e-flex e-con-boxed e-con e-parent\" data-id=\"a8c1ad7\" data-element_type=\"container\" data-e-type=\"container\">\n\t\t\t\t\t<div class=\"e-con-inner\">\n\t\t\t\t<div class=\"elementor-element elementor-element-2e2a658 elementor-widget elementor-widget-heading\" data-id=\"2e2a658\" data-element_type=\"widget\" data-e-type=\"widget\" data-widget_type=\"heading.default\">\n\t\t\t\t\t<h3 class=\"elementor-heading-title elementor-size-default\">Nunca est\u00e1 de m\u00e1s seguir aprendiendo<\/h3>\t\t\t\t<\/div>\n\t\t\t\t\t<\/div>\n\t\t\t\t<\/div>\n\t\t<div data-particle_enable=\"false\" data-particle-mobile-disabled=\"false\" class=\"elementor-element elementor-element-c98ab1e e-flex e-con-boxed e-con e-parent\" data-id=\"c98ab1e\" data-element_type=\"container\" data-e-type=\"container\">\n\t\t\t\t\t<div class=\"e-con-inner\">\n\t\t\t\t<div class=\"elementor-element elementor-element-61d0dbe elementor-widget elementor-widget-text-editor\" data-id=\"61d0dbe\" data-element_type=\"widget\" data-e-type=\"widget\" data-widget_type=\"text-editor.default\">\n\t\t\t\t\t\t\t\t\t<p><b>\u00bfC\u00f3mo llegas al mundo de los bienes ra\u00edces?<\/b><\/p><p>Nos estaba yendo bien. Mi hermano me dice: \u201cPong\u00e1monos a estudiar el curso para ser real estate agents, vendedores de bienes ra\u00edces\u201d. Le respond\u00ed: \u201c\u00bfPara qu\u00e9, si nos est\u00e1 yendo bien?\u201d. \u201cPara aprender\u201d, me dijo. Nos metimos a estudiar y logramos sacar\u00a0 nuestra licencia. Era el a\u00f1o 2004. De pronto, la franquicia del restaurante subi\u00f3 de precio y ya no me daban los n\u00fameros.\u00a0<\/p><p>No la renov\u00e9 y nos lanzamos\u00a0 de lleno a los bienes ra\u00edces. Empezamos con una casa; la vend\u00ed. Llegamos a tener unas 40 propiedades en Las Vegas, Nevada; en Orlando, en Tampa\u2026 y nos iba muy bien, hasta que vino la gran ca\u00edda del mercado en 2008.<\/p><p><b>Eso fue grave\u2026 muchos se fueron a la quiebra.<\/b><\/p><p>Eso es interesante. Empezamos a ganar bien, a tener buenos ingresos. Pero cometimos errores con el dinero. \u00c9ramos trabajadores y emprendedores, pero si no controlas la plata, te vas a equivocar. En 2008 empezamos a perder todo. Solo me qued\u00f3 la casa donde viv\u00eda. Pero a partir de esa crisis aprendimos mucho sobre el dinero.<\/p><p><b>\u00bfY c\u00f3mo te levantaste de eso?<\/b><\/p><p>En 2009 trabaj\u00e9 incluso descargando camiones. Era el \u00fanico trabajo disponible. Me esforzaba al m\u00e1ximo. Solo me angustiaba no aguantar el esfuerzo f\u00edsico, y con ese calor&#8230; No me molestaba el trabajo, pero a veces no sab\u00eda si iba a resistir.<\/p><p>A la vez, invert\u00ed el dinero que me quedaba en lo que s\u00ed sab\u00eda hacer: abr\u00ed un restaurante de nuevo, en Tampa. Despu\u00e9s, otro en Miami. Tuve a mis hijos ayud\u00e1ndome y aprendiendo. Y seguimos trabajando hasta la fecha.<\/p>\t\t\t\t\t\t\t\t<\/div>\n\t\t\t\t\t<\/div>\n\t\t\t\t<\/div>\n\t\t<div data-particle_enable=\"false\" data-particle-mobile-disabled=\"false\" class=\"elementor-element elementor-element-bb677c1 e-flex e-con-boxed e-con e-parent\" data-id=\"bb677c1\" data-element_type=\"container\" data-e-type=\"container\">\n\t\t\t\t\t<div class=\"e-con-inner\">\n\t\t\t\t<div class=\"elementor-element elementor-element-542acb2 elementor-invisible elementor-widget elementor-widget-testimonial\" data-id=\"542acb2\" data-element_type=\"widget\" data-e-type=\"widget\" data-settings=\"{&quot;_animation&quot;:&quot;zoomInUp&quot;}\" data-widget_type=\"testimonial.default\">\n\t\t\t\t\t\t\t<div class=\"elementor-testimonial-wrapper\">\n\t\t\t\t\t\t\t<div class=\"elementor-testimonial-content\">\"El desaf\u00edo m\u00e1s grande del ser humano no es caerse. El reto es levantarse m\u00e1s fuerte. Porque de caer, siempre vamos a caer. La clave est\u00e1 en c\u00f3mo regresas, mejorado y con aprendizaje\".<\/div>\n\t\t\t\n\t\t\t\t\t\t<div class=\"elementor-testimonial-meta elementor-has-image elementor-testimonial-image-position-aside\">\n\t\t\t\t<div class=\"elementor-testimonial-meta-inner\">\n\t\t\t\t\t\t\t\t\t\t\t<div class=\"elementor-testimonial-image\">\n\t\t\t\t\t\t\t<img decoding=\"async\" width=\"569\" height=\"569\" src=\"https:\/\/soymigrante.com\/revista\/wp-content\/uploads\/2025\/04\/julio-veras-guatemalteco-migrante-miami-7.webp\" class=\"attachment-full size-full wp-image-32045\" alt=\"Sobreviviente de la migraci\u00f3n en un entorno urbano junto a un lago, vistiendo traje formal y sonriendo, en un d\u00eda soleado.\" title=\"julio veras guatemalteco migrante miami 7 \u2013 SoyMigrante.com REVISTA\" srcset=\"https:\/\/soymigrante.com\/revista\/wp-content\/uploads\/2025\/04\/julio-veras-guatemalteco-migrante-miami-7.webp 569w, https:\/\/soymigrante.com\/revista\/wp-content\/uploads\/2025\/04\/julio-veras-guatemalteco-migrante-miami-7-300x300.jpg 300w, https:\/\/soymigrante.com\/revista\/wp-content\/uploads\/2025\/04\/julio-veras-guatemalteco-migrante-miami-7-150x150.jpg 150w, https:\/\/soymigrante.com\/revista\/wp-content\/uploads\/2025\/04\/julio-veras-guatemalteco-migrante-miami-7-75x75.jpg 75w\" sizes=\"(max-width: 569px) 100vw, 569px\" \/>\t\t\t\t\t\t<\/div>\n\t\t\t\t\t\n\t\t\t\t\t\t\t\t\t\t<div class=\"elementor-testimonial-details\">\n\t\t\t\t\t\t\t\t\t\t\t\t\t\t<div class=\"elementor-testimonial-name\">Julio Veras<\/div>\n\t\t\t\t\t\t\t\t\t\t\t\t\t\t\t\t\t\t\t\t\t\t<div class=\"elementor-testimonial-job\">Empreasrio Guatemalteco \nexperto en bienes\nra\u00edces en Miami.<\/div>\n\t\t\t\t\t\t\t\t\t\t\t\t\t<\/div>\n\t\t\t\t\t\t\t\t\t<\/div>\n\t\t\t<\/div>\n\t\t\t\t\t<\/div>\n\t\t\t\t\t\t<\/div>\n\t\t\t\t\t<\/div>\n\t\t\t\t<\/div>\n\t\t<div data-particle_enable=\"false\" data-particle-mobile-disabled=\"false\" class=\"elementor-element elementor-element-9e14fd3 e-flex e-con-boxed e-con e-parent\" data-id=\"9e14fd3\" data-element_type=\"container\" data-e-type=\"container\">\n\t\t\t\t\t<div class=\"e-con-inner\">\n\t\t\t\t<div class=\"elementor-element elementor-element-833e19f elementor-widget elementor-widget-heading\" data-id=\"833e19f\" data-element_type=\"widget\" data-e-type=\"widget\" data-widget_type=\"heading.default\">\n\t\t\t\t\t<h3 class=\"elementor-heading-title elementor-size-default\">Seguir tocando puertas y abriendo otras<\/h3>\t\t\t\t<\/div>\n\t\t\t\t\t<\/div>\n\t\t\t\t<\/div>\n\t\t<div data-particle_enable=\"false\" data-particle-mobile-disabled=\"false\" class=\"elementor-element elementor-element-dc62715 e-flex e-con-boxed e-con e-parent\" data-id=\"dc62715\" data-element_type=\"container\" data-e-type=\"container\">\n\t\t\t\t\t<div class=\"e-con-inner\">\n\t\t\t\t<div class=\"elementor-element elementor-element-3f83e85 elementor-widget elementor-widget-text-editor\" data-id=\"3f83e85\" data-element_type=\"widget\" data-e-type=\"widget\" data-widget_type=\"text-editor.default\">\n\t\t\t\t\t\t\t\t\t<p><b>\u00bfCu\u00e1ndo volviste a los bienes ra\u00edces?<\/b><\/p><p>La recesi\u00f3n fue fuerte, terrible. Pero tuvimos para comer, gracias a Dios. Hoy soy profesor de Real Estate en una escuela especializada. Y considero \u2014se lo digo a todos mis alumnos\u2014 que el desaf\u00edo m\u00e1s grande del ser humano no es caerse. El reto es levantarse. Porque de caer, siempre vas a caer. La clave est\u00e1 en c\u00f3mo regresas, mejorado y con aprendizaje.<\/p><p>Nunca cerr\u00e9 totalmente la oficina de Real Estate. Poco a poco empec\u00e9 comprando casas peque\u00f1as, y por fin volvimos, aproximadamente en 2016. Tocamos m\u00e1s puertas, sacamos cr\u00e9ditos, compramos casas\u2026 y las vendimos. Hoy en d\u00eda tengo una oficina con 25 vendedores. Estoy abriendo ahora otra oficina en Ventura.<\/p><p><b>\u00bfQu\u00e9 consejo das al migrante que desea salir adelante?<\/b><\/p><p>El \u00fanico mensaje es: aprend\u00e9. Ten\u00e9s que estudiar. Aprend\u00e9 ingl\u00e9s y luego cuanto m\u00e1s puedas. Yo he sacado licencias del Departamento de Salud, de Administraci\u00f3n de Empresas, las capacitaciones en Real Estate, que son constantes. Estudi\u00e9 para ser instructor, y hoy soy profesor en el lugar donde alguna vez fui alumno.<\/p>\t\t\t\t\t\t\t\t<\/div>\n\t\t\t\t\t<\/div>\n\t\t\t\t<\/div>\n\t\t<div data-particle_enable=\"false\" data-particle-mobile-disabled=\"false\" class=\"elementor-element elementor-element-27f2bbf e-flex e-con-boxed e-con e-parent\" data-id=\"27f2bbf\" data-element_type=\"container\" data-e-type=\"container\">\n\t\t\t\t\t<div class=\"e-con-inner\">\n\t\t\t\t<div class=\"elementor-element elementor-element-d38282f elementor-widget elementor-widget-heading\" data-id=\"d38282f\" data-element_type=\"widget\" data-e-type=\"widget\" data-widget_type=\"heading.default\">\n\t\t\t\t\t<h2 class=\"elementor-heading-title elementor-size-default\">Historias aleccionadoras de valor<\/h2>\t\t\t\t<\/div>\n\t\t\t\t\t<\/div>\n\t\t\t\t<\/div>\n\t\t<div data-particle_enable=\"false\" data-particle-mobile-disabled=\"false\" class=\"elementor-element elementor-element-5d5f4a8 e-flex e-con-boxed e-con e-parent\" data-id=\"5d5f4a8\" data-element_type=\"container\" data-e-type=\"container\">\n\t\t\t\t\t<div class=\"e-con-inner\">\n\t\t\t\t<div class=\"elementor-element elementor-element-3d5025d elementor-grid-eael-col-3 elementor-grid-tablet-eael-col-2 elementor-grid-mobile-eael-col-1 elementor-widget elementor-widget-eael-post-grid\" data-id=\"3d5025d\" data-element_type=\"widget\" data-e-type=\"widget\" data-settings=\"{&quot;eael_post_grid_columns&quot;:&quot;eael-col-3&quot;,&quot;eael_post_grid_columns_tablet&quot;:&quot;eael-col-2&quot;,&quot;eael_post_grid_columns_mobile&quot;:&quot;eael-col-1&quot;}\" data-widget_type=\"eael-post-grid.default\">\n\t\t\t\t\t<div id=\"eael-post-grid-3d5025d\" class=\"eael-post-grid-container\">\n            <div class=\"eael-post-grid eael-post-appender eael-post-appender-3d5025d eael-post-grid-style-one\" data-layout-mode=\"masonry\"><article class=\"eael-grid-post  eael-post-grid-column eael-pg-post-2535 category-exitos\" data-id=\"2535\">\n        <div class=\"eael-grid-post-holder\">\n            <div class=\"eael-grid-post-holder-inner\"><div class=\"eael-entry-media\"><div class=\"eael-entry-overlay fade-in\"><i class=\"far fa-hand-pointer\" aria-hidden=\"true\"><\/i><a href=\"https:\/\/soymigrante.com\/revista\/little-guatemala-florece-en-carolina-del-norte-el-sueno-del-migrante-y-emprendedor-cristian-ramazzini\/\"><\/a><\/div><div class=\"eael-entry-thumbnail \">\n                <img loading=\"lazy\" decoding=\"async\" width=\"1024\" height=\"1024\" src=\"https:\/\/soymigrante.com\/revista\/wp-content\/uploads\/2023\/09\/Proyecto-Little-Guatemala-del-migrante-guatemalteco-Cristian-Ramazzini-en-Carolina-del-Norte-1-1-1024x1024.webp\" class=\"attachment-large size-large wp-image-2567\" alt=\"\" srcset=\"https:\/\/soymigrante.com\/revista\/wp-content\/uploads\/2023\/09\/Proyecto-Little-Guatemala-del-migrante-guatemalteco-Cristian-Ramazzini-en-Carolina-del-Norte-1-1-1024x1024.webp 1024w, https:\/\/soymigrante.com\/revista\/wp-content\/uploads\/2023\/09\/Proyecto-Little-Guatemala-del-migrante-guatemalteco-Cristian-Ramazzini-en-Carolina-del-Norte-1-1-300x300.webp 300w, https:\/\/soymigrante.com\/revista\/wp-content\/uploads\/2023\/09\/Proyecto-Little-Guatemala-del-migrante-guatemalteco-Cristian-Ramazzini-en-Carolina-del-Norte-1-1-150x150.webp 150w, https:\/\/soymigrante.com\/revista\/wp-content\/uploads\/2023\/09\/Proyecto-Little-Guatemala-del-migrante-guatemalteco-Cristian-Ramazzini-en-Carolina-del-Norte-1-1-768x768.webp 768w, https:\/\/soymigrante.com\/revista\/wp-content\/uploads\/2023\/09\/Proyecto-Little-Guatemala-del-migrante-guatemalteco-Cristian-Ramazzini-en-Carolina-del-Norte-1-1-75x75.webp 75w, https:\/\/soymigrante.com\/revista\/wp-content\/uploads\/2023\/09\/Proyecto-Little-Guatemala-del-migrante-guatemalteco-Cristian-Ramazzini-en-Carolina-del-Norte-1-1-750x750.webp 750w, https:\/\/soymigrante.com\/revista\/wp-content\/uploads\/2023\/09\/Proyecto-Little-Guatemala-del-migrante-guatemalteco-Cristian-Ramazzini-en-Carolina-del-Norte-1-1-1140x1140.webp 1140w, https:\/\/soymigrante.com\/revista\/wp-content\/uploads\/2023\/09\/Proyecto-Little-Guatemala-del-migrante-guatemalteco-Cristian-Ramazzini-en-Carolina-del-Norte-1-1-600x600.webp 600w, https:\/\/soymigrante.com\/revista\/wp-content\/uploads\/2023\/09\/Proyecto-Little-Guatemala-del-migrante-guatemalteco-Cristian-Ramazzini-en-Carolina-del-Norte-1-1.webp 1190w\" sizes=\"(max-width: 1024px) 100vw, 1024px\" \/>\n            <\/div>\n        <\/div><div class=\"eael-entry-wrapper\"><header class=\"eael-entry-header\"><h2 class=\"eael-entry-title\"><a class=\"eael-grid-post-link\" href=\"https:\/\/soymigrante.com\/revista\/little-guatemala-florece-en-carolina-del-norte-el-sueno-del-migrante-y-emprendedor-cristian-ramazzini\/\" title=\"Little Guatemala florece en Carolina del Norte: el sue\u00f1o del migrante y emprendedor Cristian Ramazzini\">Little Guatemala florece en Carolina del Norte: el sue\u00f1o del migrante y emprendedor Cristian Ramazzini<\/a><\/h2><\/header><div class=\"eael-entry-content\">\n                        <div class=\"eael-grid-post-excerpt\"><a href=\"https:\/\/soymigrante.com\/revista\/little-guatemala-florece-en-carolina-del-norte-el-sueno-del-migrante-y-emprendedor-cristian-ramazzini\/\" class=\"eael-post-elements-readmore-btn\">CONOCE SU HISTORIA <\/a><\/div>\n                    <\/div><\/div><\/div>\n        <\/div>\n    <\/article><article class=\"eael-grid-post  eael-post-grid-column eael-pg-post-2480 category-exitos\" data-id=\"2480\">\n        <div class=\"eael-grid-post-holder\">\n            <div class=\"eael-grid-post-holder-inner\"><div class=\"eael-entry-media\"><div class=\"eael-entry-overlay fade-in\"><i class=\"far fa-hand-pointer\" aria-hidden=\"true\"><\/i><a href=\"https:\/\/soymigrante.com\/revista\/isabel-emprendedora-y-migrante-conquista-con-el-sabor-guatemalteco-en-estados-unidos\/\"><\/a><\/div><div class=\"eael-entry-thumbnail \">\n                <img loading=\"lazy\" decoding=\"async\" width=\"1024\" height=\"485\" src=\"https:\/\/soymigrante.com\/revista\/wp-content\/uploads\/2023\/09\/Isabel-llego-a-Estados-Unidos-en-busca-de-una-oportunidad-pero-fue-una-etapa-dificil-a-partir-de-ello-nace-el-emprendimiento-familiar-Granizadas-guatemaltecas-502--1024x485.webp\" class=\"attachment-large size-large wp-image-2464\" alt=\"Isabel llego a Estados Unidos en busca de una oportunidad pero fue una etapa dif\u00edcil a partir de ello nace el emprendimiento familiar Granizadas guatemaltecas 502\" srcset=\"https:\/\/soymigrante.com\/revista\/wp-content\/uploads\/2023\/09\/Isabel-llego-a-Estados-Unidos-en-busca-de-una-oportunidad-pero-fue-una-etapa-dificil-a-partir-de-ello-nace-el-emprendimiento-familiar-Granizadas-guatemaltecas-502--1024x485.webp 1024w, https:\/\/soymigrante.com\/revista\/wp-content\/uploads\/2023\/09\/Isabel-llego-a-Estados-Unidos-en-busca-de-una-oportunidad-pero-fue-una-etapa-dificil-a-partir-de-ello-nace-el-emprendimiento-familiar-Granizadas-guatemaltecas-502--300x142.webp 300w, https:\/\/soymigrante.com\/revista\/wp-content\/uploads\/2023\/09\/Isabel-llego-a-Estados-Unidos-en-busca-de-una-oportunidad-pero-fue-una-etapa-dificil-a-partir-de-ello-nace-el-emprendimiento-familiar-Granizadas-guatemaltecas-502--768x364.webp 768w, https:\/\/soymigrante.com\/revista\/wp-content\/uploads\/2023\/09\/Isabel-llego-a-Estados-Unidos-en-busca-de-una-oportunidad-pero-fue-una-etapa-dificil-a-partir-de-ello-nace-el-emprendimiento-familiar-Granizadas-guatemaltecas-502--1536x728.webp 1536w, https:\/\/soymigrante.com\/revista\/wp-content\/uploads\/2023\/09\/Isabel-llego-a-Estados-Unidos-en-busca-de-una-oportunidad-pero-fue-una-etapa-dificil-a-partir-de-ello-nace-el-emprendimiento-familiar-Granizadas-guatemaltecas-502--750x355.webp 750w, https:\/\/soymigrante.com\/revista\/wp-content\/uploads\/2023\/09\/Isabel-llego-a-Estados-Unidos-en-busca-de-una-oportunidad-pero-fue-una-etapa-dificil-a-partir-de-ello-nace-el-emprendimiento-familiar-Granizadas-guatemaltecas-502--1140x540.webp 1140w, https:\/\/soymigrante.com\/revista\/wp-content\/uploads\/2023\/09\/Isabel-llego-a-Estados-Unidos-en-busca-de-una-oportunidad-pero-fue-una-etapa-dificil-a-partir-de-ello-nace-el-emprendimiento-familiar-Granizadas-guatemaltecas-502-.webp 1600w\" sizes=\"(max-width: 1024px) 100vw, 1024px\" \/>\n            <\/div>\n        <\/div><div class=\"eael-entry-wrapper\"><header class=\"eael-entry-header\"><h2 class=\"eael-entry-title\"><a class=\"eael-grid-post-link\" href=\"https:\/\/soymigrante.com\/revista\/isabel-emprendedora-y-migrante-conquista-con-el-sabor-guatemalteco-en-estados-unidos\/\" title=\"Isabel emprendedora y migrante refresca con sabor guatemalteco en Los Angeles, California\">Isabel emprendedora y migrante refresca con sabor guatemalteco en Los Angeles, California<\/a><\/h2><\/header><div class=\"eael-entry-content\">\n                        <div class=\"eael-grid-post-excerpt\"><a href=\"https:\/\/soymigrante.com\/revista\/isabel-emprendedora-y-migrante-conquista-con-el-sabor-guatemalteco-en-estados-unidos\/\" class=\"eael-post-elements-readmore-btn\">CONOCE SU HISTORIA <\/a><\/div>\n                    <\/div><\/div><\/div>\n        <\/div>\n    <\/article><article class=\"eael-grid-post  eael-post-grid-column eael-pg-post-2265 category-exitos\" data-id=\"2265\">\n        <div class=\"eael-grid-post-holder\">\n            <div class=\"eael-grid-post-holder-inner\"><div class=\"eael-entry-media\"><div class=\"eael-entry-overlay fade-in\"><i class=\"far fa-hand-pointer\" aria-hidden=\"true\"><\/i><a href=\"https:\/\/soymigrante.com\/revista\/elliott-morales-migrante-guatemalteco-san-francisco\/\"><\/a><\/div><div class=\"eael-entry-thumbnail \">\n                <img loading=\"lazy\" decoding=\"async\" width=\"768\" height=\"626\" src=\"https:\/\/soymigrante.com\/revista\/wp-content\/uploads\/2023\/08\/don-eliot-1-768x626-1.webp\" class=\"attachment-large size-large wp-image-2274\" alt=\"\" srcset=\"https:\/\/soymigrante.com\/revista\/wp-content\/uploads\/2023\/08\/don-eliot-1-768x626-1.webp 768w, https:\/\/soymigrante.com\/revista\/wp-content\/uploads\/2023\/08\/don-eliot-1-768x626-1-300x245.webp 300w, https:\/\/soymigrante.com\/revista\/wp-content\/uploads\/2023\/08\/don-eliot-1-768x626-1-750x611.webp 750w\" sizes=\"(max-width: 768px) 100vw, 768px\" \/>\n            <\/div>\n        <\/div><div class=\"eael-entry-wrapper\"><header class=\"eael-entry-header\"><h2 class=\"eael-entry-title\"><a class=\"eael-grid-post-link\" href=\"https:\/\/soymigrante.com\/revista\/elliott-morales-migrante-guatemalteco-san-francisco\/\" title=\"La inspiradora historia de Elliot, migrante guatemalteco en California\">La inspiradora historia de Elliot, migrante guatemalteco en California<\/a><\/h2><\/header><div class=\"eael-entry-content\">\n                        <div class=\"eael-grid-post-excerpt\"><a href=\"https:\/\/soymigrante.com\/revista\/elliott-morales-migrante-guatemalteco-san-francisco\/\" class=\"eael-post-elements-readmore-btn\">CONOCE SU HISTORIA <\/a><\/div>\n                    <\/div><\/div><\/div>\n        <\/div>\n    <\/article><\/div>\n            <div class=\"clearfix\"><\/div>\n        <\/div>\t\t\t\t<\/div>\n\t\t\t\t\t<\/div>\n\t\t\t\t<\/div>\n\t\t\t\t<\/div>\n\t\t","protected":false},"excerpt":{"rendered":"<p>El guatemalteco Julio Veras lleva 35 a\u00f1os en Estados Unidos. Es un exitoso empresario en el sector de bienes ra\u00edces y la industria restaurantera. No le fue muy bien en sus primeros trabajos, pero esas lecciones lo han llevado muy alto. Esta es su historia. Julio Veras cumpli\u00f3 18 a\u00f1os a los pocos meses de [&hellip;]<\/p>\n","protected":false},"author":7,"featured_media":32027,"comment_status":"open","ping_status":"open","sticky":false,"template":"","format":"standard","meta":{"_acf_changed":false,"_eb_attr":"","footnotes":""},"categories":[50,274],"tags":[],"class_list":["post-32026","post","type-post","status-publish","format-standard","has-post-thumbnail","hentry","category-exitos","category-guatemala"],"acf":[],"aioseo_notices":[],"aioseo_head":"\n\t\t<!-- All in One SEO Pro 4.9.6.2 - aioseo.com -->\n\t<meta name=\"description\" content=\"Elliott Morales cruz\u00f3 fronteras, no solo geogr\u00e1ficas sino tambi\u00e9n mentales. Conoce su viaje desde Guatemala hasta convertirse en un exitoso ejecutivo en California.\" \/>\n\t<meta name=\"robots\" content=\"max-snippet:-1, max-image-preview:large, max-video-preview:-1\" \/>\n\t<meta name=\"author\" content=\"Gustavo Montenegro\"\/>\n\t<link rel=\"canonical\" href=\"https:\/\/soymigrante.com\/revista\/elliott-morales-migrante-guatemalteco-san-francisco\/\" \/>\n\t<meta name=\"generator\" content=\"All in One SEO Pro (AIOSEO) 4.9.6.2\" \/>\n\n\t\t<link rel=\"preconnect\" href=\"https:\/\/fonts.googleapis.com\" crossorigin>\n<link rel=\"preconnect\" href=\"https:\/\/fonts.gstatic.com\" crossorigin>\n\t\t<meta property=\"og:locale\" content=\"es_ES\" \/>\n\t\t<meta property=\"og:site_name\" content=\"SoyMigrante.com REVISTA \u2013 Nuestra misi\u00f3n es reconocer y dignificar al migrante.\" \/>\n\t\t<meta property=\"og:type\" content=\"article\" \/>\n\t\t<meta property=\"og:title\" content=\"La inspiradora historia de Elliot, migrante guatemalteco en California\" \/>\n\t\t<meta property=\"og:description\" content=\"Elliott Morales cruz\u00f3 fronteras, no solo geogr\u00e1ficas sino tambi\u00e9n mentales. Conoce su viaje desde Guatemala hasta convertirse en un exitoso ejecutivo en California.\" \/>\n\t\t<meta property=\"og:url\" content=\"https:\/\/soymigrante.com\/revista\/elliott-morales-migrante-guatemalteco-san-francisco\/\" \/>\n\t\t<meta property=\"og:image\" content=\"https:\/\/soymigrante.com\/revista\/wp-content\/uploads\/2023\/08\/don-eliot-1-768x626-1.webp\" \/>\n\t\t<meta property=\"og:image:secure_url\" content=\"https:\/\/soymigrante.com\/revista\/wp-content\/uploads\/2023\/08\/don-eliot-1-768x626-1.webp\" \/>\n\t\t<meta property=\"og:image:width\" content=\"768\" \/>\n\t\t<meta property=\"og:image:height\" content=\"626\" \/>\n\t\t<meta property=\"article:published_time\" content=\"2023-08-17T23:25:00+00:00\" \/>\n\t\t<meta property=\"article:modified_time\" content=\"2024-07-31T02:05:22+00:00\" \/>\n\t\t<meta property=\"article:publisher\" content=\"https:\/\/www.facebook.com\/soymigrantecom\" \/>\n\t\t<meta name=\"twitter:card\" content=\"summary_large_image\" \/>\n\t\t<meta name=\"twitter:site\" content=\"@SoyMigrante_com\" \/>\n\t\t<meta name=\"twitter:title\" content=\"La inspiradora historia de Elliot, migrante guatemalteco en California\" \/>\n\t\t<meta name=\"twitter:description\" content=\"Elliott Morales cruz\u00f3 fronteras, no solo geogr\u00e1ficas sino tambi\u00e9n mentales. Conoce su viaje desde Guatemala hasta convertirse en un exitoso ejecutivo en California.\" \/>\n\t\t<meta name=\"twitter:creator\" content=\"@SoyMigrante_com\" \/>\n\t\t<meta name=\"twitter:image\" content=\"https:\/\/soymigrante.com\/revista\/wp-content\/uploads\/2023\/08\/don-eliot-1-768x626-1.webp\" \/>\n\t\t<!-- All in One SEO Pro -->\r\n\t\t<title>La inspiradora historia de Elliot, migrante guatemalteco en California<\/title>\n\n","aioseo_head_json":{"title":"La inspiradora historia de Elliot, migrante guatemalteco en California","description":"Elliott Morales cruz\u00f3 fronteras, no solo geogr\u00e1ficas sino tambi\u00e9n mentales. Conoce su viaje desde Guatemala hasta convertirse en un exitoso ejecutivo en California.","canonical_url":"https:\/\/soymigrante.com\/revista\/elliott-morales-migrante-guatemalteco-san-francisco\/","robots":"max-snippet:-1, max-image-preview:large, max-video-preview:-1","keywords":"","webmasterTools":{"miscellaneous":"&lt;link rel=\"preconnect\" href=\"https:\/\/fonts.googleapis.com\" crossorigin&gt;\n&lt;link rel=\"preconnect\" href=\"https:\/\/fonts.gstatic.com\" crossorigin&gt;"},"schema":null,"og:locale":"es_ES","og:site_name":"SoyMigrante.com REVISTA \u2013 Nuestra misi\u00f3n es reconocer y dignificar al migrante.","og:type":"article","og:title":"La inspiradora historia de Elliot, migrante guatemalteco en California","og:description":"Elliott Morales cruz\u00f3 fronteras, no solo geogr\u00e1ficas sino tambi\u00e9n mentales. Conoce su viaje desde Guatemala hasta convertirse en un exitoso ejecutivo en California.","og:url":"https:\/\/soymigrante.com\/revista\/elliott-morales-migrante-guatemalteco-san-francisco\/","og:image":"https:\/\/soymigrante.com\/revista\/wp-content\/uploads\/2023\/08\/don-eliot-1-768x626-1.webp","og:image:secure_url":"https:\/\/soymigrante.com\/revista\/wp-content\/uploads\/2023\/08\/don-eliot-1-768x626-1.webp","og:image:width":768,"og:image:height":626,"article:published_time":"2023-08-17T23:25:00+00:00","article:modified_time":"2024-07-31T02:05:22+00:00","article:publisher":"https:\/\/www.facebook.com\/soymigrantecom","twitter:card":"summary_large_image","twitter:site":"@SoyMigrante_com","twitter:title":"La inspiradora historia de Elliot, migrante guatemalteco en California","twitter:description":"Elliott Morales cruz\u00f3 fronteras, no solo geogr\u00e1ficas sino tambi\u00e9n mentales. Conoce su viaje desde Guatemala hasta convertirse en un exitoso ejecutivo en California.","twitter:creator":"@SoyMigrante_com","twitter:image":"https:\/\/soymigrante.com\/revista\/wp-content\/uploads\/2023\/08\/don-eliot-1-768x626-1.webp"},"aioseo_meta_data":{"post_id":"32026","title":"Julio Veras guatemalteco experto en bienes ra\u00edces en Miami","description":"El guatemalteco Julio Veras fue jardinero, vendedor ambulante, lavaplatos y m\u00e1s antes de llegar a los bienes ra\u00edces. Su historia nigrante inspira altas metas.","keywords":null,"keyphrases":{"focus":{"keyphrase":"Guatemalteco","score":69,"analysis":{"keyphraseInTitle":{"score":9,"maxScore":9,"error":0},"keyphraseInDescription":{"score":9,"maxScore":9,"error":0},"keyphraseLength":{"score":9,"maxScore":9,"error":0,"length":1},"keyphraseInURL":{"score":5,"maxScore":5,"error":0},"keyphraseInIntroduction":{"score":3,"maxScore":9,"error":1},"keyphraseInSubHeadings":{"score":3,"maxScore":9,"error":1},"keyphraseInImageAlt":{"score":9,"maxScore":9,"error":0},"keywordDensity":{"score":0,"type":"low","maxScore":9,"error":1}}},"additional":[{"keyphrase":"Bienes ra\u00edces","score":87,"analysis":{"keyphraseInDescription":{"score":9,"maxScore":9,"error":0},"keyphraseLength":{"score":9,"maxScore":9,"error":0,"length":3},"keyphraseInIntroduction":{"score":3,"maxScore":9,"error":1},"keyphraseInImageAlt":{"score":9,"maxScore":9,"error":0},"keywordDensity":{"type":"best","score":9,"maxScore":9,"error":0}}},{"keyphrase":"Casas","score":40,"analysis":{"keyphraseInDescription":{"score":3,"maxScore":9,"error":1},"keyphraseLength":{"score":9,"maxScore":9,"error":0,"length":1},"keyphraseInIntroduction":{"score":3,"maxScore":9,"error":1},"keyphraseInImageAlt":{"score":3,"maxScore":9,"error":1},"keywordDensity":{"score":0,"type":"low","maxScore":9,"error":1}}},{"keyphrase":"Migrante","score":53,"analysis":{"keyphraseInDescription":{"score":3,"maxScore":9,"error":1},"keyphraseLength":{"score":9,"maxScore":9,"error":0,"length":1},"keyphraseInIntroduction":{"score":3,"maxScore":9,"error":1},"keyphraseInImageAlt":{"score":9,"maxScore":9,"error":0},"keywordDensity":{"score":0,"type":"low","maxScore":9,"error":1}}},{"keyphrase":"Historia","score":53,"analysis":{"keyphraseInDescription":{"score":9,"maxScore":9,"error":0},"keyphraseLength":{"score":9,"maxScore":9,"error":0,"length":1},"keyphraseInIntroduction":{"score":3,"maxScore":9,"error":1},"keyphraseInImageAlt":{"score":3,"maxScore":9,"error":1},"keywordDensity":{"score":0,"type":"low","maxScore":9,"error":1}}}]},"primary_term":null,"canonical_url":null,"og_title":null,"og_description":null,"og_object_type":"default","og_image_type":"default","og_image_url":null,"og_image_width":null,"og_image_height":null,"og_image_custom_url":null,"og_image_custom_fields":null,"og_video":"","og_custom_url":null,"og_article_section":null,"og_article_tags":null,"twitter_use_og":false,"twitter_card":"default","twitter_image_type":"default","twitter_image_url":null,"twitter_image_custom_url":null,"twitter_image_custom_fields":null,"twitter_title":null,"twitter_description":null,"schema":{"blockGraphs":[],"customGraphs":[],"default":{"data":{"Article":[],"Course":[],"Dataset":[],"FAQPage":[],"Movie":[],"Person":[],"Product":[],"ProductReview":[],"Car":[],"Recipe":[],"Service":[],"SoftwareApplication":[],"WebPage":[]},"graphName":"none","isEnabled":true},"graphs":[]},"schema_type":"default","schema_type_options":null,"pillar_content":false,"robots_default":true,"robots_noindex":false,"robots_noarchive":false,"robots_nosnippet":false,"robots_nofollow":false,"robots_noimageindex":false,"robots_noodp":false,"robots_notranslate":false,"robots_max_snippet":"-1","robots_max_videopreview":"-1","robots_max_imagepreview":"large","priority":null,"frequency":"default","local_seo":null,"seo_analyzer_scan_date":"2025-10-09 04:42:57","breadcrumb_settings":null,"limit_modified_date":false,"reviewed_by":null,"open_ai":"{\"title\":{\"suggestions\":[],\"usage\":0},\"description\":{\"suggestions\":[],\"usage\":0}}","ai":null,"created":"2025-04-28 15:27:17","updated":"2026-02-04 23:25:22"},"aioseo_breadcrumb":"<div class=\"aioseo-breadcrumbs\"><span class=\"aioseo-breadcrumb\">\n\t<a href=\"https:\/\/soymigrante.com\/revista\" title=\"Home\">Home<\/a>\n<\/span><span class=\"aioseo-breadcrumb-separator\">\u00bb<\/span><span class=\"aioseo-breadcrumb\">\n\t<a href=\"https:\/\/soymigrante.com\/revista\/category\/exitos\/\" title=\"\u00c9xitos\">\u00c9xitos<\/a>\n<\/span><span class=\"aioseo-breadcrumb-separator\">\u00bb<\/span><span class=\"aioseo-breadcrumb\">\n\t<a href=\"https:\/\/soymigrante.com\/revista\/category\/exitos\/guatemala\/\" title=\"Guatemala\">Guatemala<\/a>\n<\/span><span class=\"aioseo-breadcrumb-separator\">\u00bb<\/span><span class=\"aioseo-breadcrumb\">\n\tVend\u00eda ollas de casa en casa y ahora vende casas: Julio Veras, emprendedor en Miami\n<\/span><\/div>","aioseo_breadcrumb_json":[{"label":"Home","link":"https:\/\/soymigrante.com\/revista"},{"label":"\u00c9xitos","link":"https:\/\/soymigrante.com\/revista\/category\/exitos\/"},{"label":"Guatemala","link":"https:\/\/soymigrante.com\/revista\/category\/exitos\/guatemala\/"},{"label":"Vend\u00eda ollas de casa en casa y ahora vende casas: Julio Veras, emprendedor en Miami","link":"https:\/\/soymigrante.com\/revista\/migrante-guatemalteco-julio-veras-miami-vende-casas-bienes-raices-historia\/"}],"_links":{"self":[{"href":"https:\/\/soymigrante.com\/revista\/wp-json\/wp\/v2\/posts\/32026","targetHints":{"allow":["GET"]}}],"collection":[{"href":"https:\/\/soymigrante.com\/revista\/wp-json\/wp\/v2\/posts"}],"about":[{"href":"https:\/\/soymigrante.com\/revista\/wp-json\/wp\/v2\/types\/post"}],"author":[{"embeddable":true,"href":"https:\/\/soymigrante.com\/revista\/wp-json\/wp\/v2\/users\/7"}],"replies":[{"embeddable":true,"href":"https:\/\/soymigrante.com\/revista\/wp-json\/wp\/v2\/comments?post=32026"}],"version-history":[{"count":21,"href":"https:\/\/soymigrante.com\/revista\/wp-json\/wp\/v2\/posts\/32026\/revisions"}],"predecessor-version":[{"id":46685,"href":"https:\/\/soymigrante.com\/revista\/wp-json\/wp\/v2\/posts\/32026\/revisions\/46685"}],"wp:featuredmedia":[{"embeddable":true,"href":"https:\/\/soymigrante.com\/revista\/wp-json\/wp\/v2\/media\/32027"}],"wp:attachment":[{"href":"https:\/\/soymigrante.com\/revista\/wp-json\/wp\/v2\/media?parent=32026"}],"wp:term":[{"taxonomy":"category","embeddable":true,"href":"https:\/\/soymigrante.com\/revista\/wp-json\/wp\/v2\/categories?post=32026"},{"taxonomy":"post_tag","embeddable":true,"href":"https:\/\/soymigrante.com\/revista\/wp-json\/wp\/v2\/tags?post=32026"}],"curies":[{"name":"wp","href":"https:\/\/api.w.org\/{rel}","templated":true}]}}