{"id":31973,"date":"2025-04-30T10:39:48","date_gmt":"2025-04-30T16:39:48","guid":{"rendered":"https:\/\/soymigrante.com\/revista\/?p=31973"},"modified":"2025-08-27T11:35:54","modified_gmt":"2025-08-27T17:35:54","slug":"eliminar-el-miedo-siempre-abre-nuevos-caminos-de-vida","status":"publish","type":"post","link":"https:\/\/soymigrante.com\/revista\/eliminar-el-miedo-siempre-abre-nuevos-caminos-de-vida\/","title":{"rendered":"Eliminar el miedo siempre abre nuevos caminos de vida"},"content":{"rendered":"\t\t<div data-elementor-type=\"wp-post\" data-elementor-id=\"31973\" class=\"elementor elementor-31973\" data-elementor-post-type=\"post\">\n\t\t\t\t<div data-particle_enable=\"false\" data-particle-mobile-disabled=\"false\" class=\"elementor-element elementor-element-cb70735 e-flex e-con-boxed e-con e-parent\" data-id=\"cb70735\" data-element_type=\"container\" data-e-type=\"container\">\n\t\t\t\t\t<div class=\"e-con-inner\">\n\t\t\t\t<div class=\"elementor-element elementor-element-6cc74fd elementor-widget elementor-widget-heading\" data-id=\"6cc74fd\" data-element_type=\"widget\" data-e-type=\"widget\" data-widget_type=\"heading.default\">\n\t\t\t\t\t<h2 class=\"elementor-heading-title elementor-size-default\">Superar el miedo es una de las decisiones m\u00e1s importantes, porque podr\u00e1 superar los momentos dif\u00edciles. <\/h2>\t\t\t\t<\/div>\n\t\t\t\t\t<\/div>\n\t\t\t\t<\/div>\n\t\t<div data-particle_enable=\"false\" data-particle-mobile-disabled=\"false\" class=\"elementor-element elementor-element-2cd76e3 e-flex e-con-boxed e-con e-parent\" data-id=\"2cd76e3\" data-element_type=\"container\" data-e-type=\"container\">\n\t\t\t\t\t<div class=\"e-con-inner\">\n\t\t\t\t<div class=\"elementor-element elementor-element-df0bf70 elementor-widget elementor-widget-text-editor\" data-id=\"df0bf70\" data-element_type=\"widget\" data-e-type=\"widget\" data-widget_type=\"text-editor.default\">\n\t\t\t\t\t\t\t\t\t<p><a href=\"https:\/\/soymigrante.com\/revista\/claves-para-evitar-caer-en-pensamientos-daninos-o-destructivos\/\" target=\"_blank\" rel=\"noopener\">El miedo es una emoci\u00f3n natural, pero cuando se vuelve un obst\u00e1culo, es importante aprender a manejarlo<\/a>. Desde enfrentar tr\u00e1mites migratorios hasta hablar en p\u00fablico, hay formas sencillas y efectivas de recuperar el control.<\/p><p>Sentir miedo no es una debilidad. Es una respuesta humana ante lo desconocido. Sin embargo, dejar que el miedo paralice nuestras decisiones puede limitar nuestro crecimiento personal y nuestras oportunidades.<\/p><p><a href=\"https:\/\/soymigrante.com\/revista\/claves-para-evitar-caer-en-pensamientos-daninos-o-destructivos\/\" target=\"_blank\" rel=\"noopener\">Expertos en salud mental recomiendan pasos b\u00e1sicos para superar el miedo<\/a> en situaciones reales, especialmente en contextos tan desafiantes como el migratorio.<\/p>\t\t\t\t\t\t\t\t<\/div>\n\t\t\t\t\t<\/div>\n\t\t\t\t<\/div>\n\t\t<div data-particle_enable=\"false\" data-particle-mobile-disabled=\"false\" class=\"elementor-element elementor-element-21044df e-flex e-con-boxed e-con e-parent\" data-id=\"21044df\" data-element_type=\"container\" data-e-type=\"container\">\n\t\t\t\t\t<div class=\"e-con-inner\">\n\t\t\t\t<div class=\"elementor-element elementor-element-fa65cd3 elementor-widget elementor-widget-image\" data-id=\"fa65cd3\" data-element_type=\"widget\" data-e-type=\"widget\" data-widget_type=\"image.default\">\n\t\t\t\t\t\t\t\t\t\t\t\t<figure class=\"wp-caption\">\n\t\t\t\t\t\t\t\t\t\t<img fetchpriority=\"high\" decoding=\"async\" width=\"768\" height=\"512\" src=\"https:\/\/soymigrante.com\/revista\/wp-content\/uploads\/2025\/04\/Superar-el-miedo2-1024x682.jpeg\" class=\"attachment-large size-large wp-image-31976\" alt=\"Viajera celebrando en la playa con sombrero y prenda ligera, disfrutando del paisaje mar\u00edtimo en un d\u00eda soleado en la revista SoyMigrante.com.\" srcset=\"https:\/\/soymigrante.com\/revista\/wp-content\/uploads\/2025\/04\/Superar-el-miedo2-1024x682.jpeg 1024w, https:\/\/soymigrante.com\/revista\/wp-content\/uploads\/2025\/04\/Superar-el-miedo2-300x200.jpeg 300w, https:\/\/soymigrante.com\/revista\/wp-content\/uploads\/2025\/04\/Superar-el-miedo2-768x512.jpeg 768w, https:\/\/soymigrante.com\/revista\/wp-content\/uploads\/2025\/04\/Superar-el-miedo2-1536x1023.jpeg 1536w, https:\/\/soymigrante.com\/revista\/wp-content\/uploads\/2025\/04\/Superar-el-miedo2-750x500.webp 750w, https:\/\/soymigrante.com\/revista\/wp-content\/uploads\/2025\/04\/Superar-el-miedo2-1140x760.webp 1140w, https:\/\/soymigrante.com\/revista\/wp-content\/uploads\/2025\/04\/Superar-el-miedo2.webp 1600w\" sizes=\"(max-width: 768px) 100vw, 768px\" title=\"Superar el miedo2 \u2013 SoyMigrante.com REVISTA\" \/>\t\t\t\t\t\t\t\t\t\t\t<figcaption class=\"widget-image-caption wp-caption-text\">Mujer feliz saltando en la playa con sombrero y gafas de sol, disfrutando del mar y la naturaleza en un d\u00eda soleado, en la revista SoyMigrante.com.<\/figcaption>\n\t\t\t\t\t\t\t\t\t\t<\/figure>\n\t\t\t\t\t\t\t\t\t<\/div>\n\t\t\t\t\t<\/div>\n\t\t\t\t<\/div>\n\t\t<div data-particle_enable=\"false\" data-particle-mobile-disabled=\"false\" class=\"elementor-element elementor-element-9cb65d3 e-flex e-con-boxed e-con e-parent\" data-id=\"9cb65d3\" data-element_type=\"container\" data-e-type=\"container\">\n\t\t\t\t\t<div class=\"e-con-inner\">\n\t\t\t\t<div class=\"elementor-element elementor-element-0d31ce3 elementor-widget elementor-widget-heading\" data-id=\"0d31ce3\" data-element_type=\"widget\" data-e-type=\"widget\" data-widget_type=\"heading.default\">\n\t\t\t\t\t<h3 class=\"elementor-heading-title elementor-size-default\">1. Reconoce tu miedo<\/h3>\t\t\t\t<\/div>\n\t\t\t\t\t<\/div>\n\t\t\t\t<\/div>\n\t\t<div data-particle_enable=\"false\" data-particle-mobile-disabled=\"false\" class=\"elementor-element elementor-element-8f5da1c e-flex e-con-boxed e-con e-parent\" data-id=\"8f5da1c\" data-element_type=\"container\" data-e-type=\"container\">\n\t\t\t\t\t<div class=\"e-con-inner\">\n\t\t\t\t<div class=\"elementor-element elementor-element-8472a5f elementor-widget elementor-widget-text-editor\" data-id=\"8472a5f\" data-element_type=\"widget\" data-e-type=\"widget\" data-widget_type=\"text-editor.default\">\n\t\t\t\t\t\t\t\t\t<p><a href=\"https:\/\/soymigrante.com\/revista\/claves-para-evitar-caer-en-pensamientos-daninos-o-destructivos\/\" target=\"_blank\" rel=\"noopener\">Aceptar que se tiene miedo es el primer paso<\/a>. Nombrarlo ayuda a reducir su intensidad. \u201cNo se trata de ignorarlo, sino de entender por qu\u00e9 est\u00e1 ah\u00ed\u201d, explica la psic\u00f3loga comunitaria Elena P\u00e9rez.<\/p>\t\t\t\t\t\t\t\t<\/div>\n\t\t\t\t\t<\/div>\n\t\t\t\t<\/div>\n\t\t<div data-particle_enable=\"false\" data-particle-mobile-disabled=\"false\" class=\"elementor-element elementor-element-77a0dea e-flex e-con-boxed e-con e-parent\" data-id=\"77a0dea\" data-element_type=\"container\" data-e-type=\"container\">\n\t\t\t\t\t<div class=\"e-con-inner\">\n\t\t\t\t<div class=\"elementor-element elementor-element-b5ccf85 elementor-widget elementor-widget-heading\" data-id=\"b5ccf85\" data-element_type=\"widget\" data-e-type=\"widget\" data-widget_type=\"heading.default\">\n\t\t\t\t\t<h3 class=\"elementor-heading-title elementor-size-default\">2. Inf\u00f3rmate bien<\/h3>\t\t\t\t<\/div>\n\t\t\t\t\t<\/div>\n\t\t\t\t<\/div>\n\t\t<div data-particle_enable=\"false\" data-particle-mobile-disabled=\"false\" class=\"elementor-element elementor-element-3661c1d e-flex e-con-boxed e-con e-parent\" data-id=\"3661c1d\" data-element_type=\"container\" data-e-type=\"container\">\n\t\t\t\t\t<div class=\"e-con-inner\">\n\t\t\t\t<div class=\"elementor-element elementor-element-4d455a6 elementor-widget elementor-widget-text-editor\" data-id=\"4d455a6\" data-element_type=\"widget\" data-e-type=\"widget\" data-widget_type=\"text-editor.default\">\n\t\t\t\t\t\t\t\t\t<p>Muchas veces el miedo se agranda por desinformaci\u00f3n. Si se trata de una cita migratoria, un tr\u00e1mite o una entrevista de trabajo, entender el proceso reduce la incertidumbre.<\/p>\t\t\t\t\t\t\t\t<\/div>\n\t\t\t\t\t<\/div>\n\t\t\t\t<\/div>\n\t\t<div data-particle_enable=\"false\" data-particle-mobile-disabled=\"false\" class=\"elementor-element elementor-element-93a7187 e-flex e-con-boxed e-con e-parent\" data-id=\"93a7187\" data-element_type=\"container\" data-e-type=\"container\">\n\t\t\t\t\t<div class=\"e-con-inner\">\n\t\t\t\t<div class=\"elementor-element elementor-element-e2bb206 elementor-widget elementor-widget-heading\" data-id=\"e2bb206\" data-element_type=\"widget\" data-e-type=\"widget\" data-widget_type=\"heading.default\">\n\t\t\t\t\t<h3 class=\"elementor-heading-title elementor-size-default\">3. Prep\u00e1rate paso a paso<\/h3>\t\t\t\t<\/div>\n\t\t\t\t\t<\/div>\n\t\t\t\t<\/div>\n\t\t<div data-particle_enable=\"false\" data-particle-mobile-disabled=\"false\" class=\"elementor-element elementor-element-16be489 e-flex e-con-boxed e-con e-parent\" data-id=\"16be489\" data-element_type=\"container\" data-e-type=\"container\">\n\t\t\t\t\t<div class=\"e-con-inner\">\n\t\t\t\t<div class=\"elementor-element elementor-element-54fc748 elementor-widget elementor-widget-text-editor\" data-id=\"54fc748\" data-element_type=\"widget\" data-e-type=\"widget\" data-widget_type=\"text-editor.default\">\n\t\t\t\t\t\t\t\t\t<p>La preparaci\u00f3n brinda seguridad. Practicar respuestas, organizar documentos o ensayar posibles escenarios permite sentirse m\u00e1s fuerte ante lo que viene.<\/p>\t\t\t\t\t\t\t\t<\/div>\n\t\t\t\t\t<\/div>\n\t\t\t\t<\/div>\n\t\t<div data-particle_enable=\"false\" data-particle-mobile-disabled=\"false\" class=\"elementor-element elementor-element-ef2c0cd e-flex e-con-boxed e-con e-parent\" data-id=\"ef2c0cd\" data-element_type=\"container\" data-e-type=\"container\">\n\t\t\t\t\t<div class=\"e-con-inner\">\n\t\t\t\t<div class=\"elementor-element elementor-element-8f22acf elementor-widget elementor-widget-heading\" data-id=\"8f22acf\" data-element_type=\"widget\" data-e-type=\"widget\" data-widget_type=\"heading.default\">\n\t\t\t\t\t<h3 class=\"elementor-heading-title elementor-size-default\">4. Habla con alguien<\/h3>\t\t\t\t<\/div>\n\t\t\t\t\t<\/div>\n\t\t\t\t<\/div>\n\t\t<div data-particle_enable=\"false\" data-particle-mobile-disabled=\"false\" class=\"elementor-element elementor-element-8ff9805 e-flex e-con-boxed e-con e-parent\" data-id=\"8ff9805\" data-element_type=\"container\" data-e-type=\"container\">\n\t\t\t\t\t<div class=\"e-con-inner\">\n\t\t\t\t<div class=\"elementor-element elementor-element-ca2f66f elementor-widget elementor-widget-text-editor\" data-id=\"ca2f66f\" data-element_type=\"widget\" data-e-type=\"widget\" data-widget_type=\"text-editor.default\">\n\t\t\t\t\t\t\t\t\t<p>Compartir tus temores con alguien de confianza o con un grupo de apoyo puede ayudarte a ver que no est\u00e1s solo.<a href=\"https:\/\/soymigrante.com\/revista\/claves-para-evitar-caer-en-pensamientos-daninos-o-destructivos\/\" target=\"_blank\" rel=\"noopener\"> Muchos migrantes atraviesan las mismas emociones.<\/a><\/p>\t\t\t\t\t\t\t\t<\/div>\n\t\t\t\t\t<\/div>\n\t\t\t\t<\/div>\n\t\t<div data-particle_enable=\"false\" data-particle-mobile-disabled=\"false\" class=\"elementor-element elementor-element-617b253 e-flex e-con-boxed e-con e-parent\" data-id=\"617b253\" data-element_type=\"container\" data-e-type=\"container\">\n\t\t\t\t\t<div class=\"e-con-inner\">\n\t\t\t\t<div class=\"elementor-element elementor-element-7679e45 elementor-widget elementor-widget-image\" data-id=\"7679e45\" data-element_type=\"widget\" data-e-type=\"widget\" data-widget_type=\"image.default\">\n\t\t\t\t\t\t\t\t\t\t\t\t<figure class=\"wp-caption\">\n\t\t\t\t\t\t\t\t\t\t<img decoding=\"async\" width=\"768\" height=\"511\" src=\"https:\/\/soymigrante.com\/revista\/wp-content\/uploads\/2025\/04\/Superar-el-miedo3-1024x681.jpeg\" class=\"attachment-large size-large wp-image-31977\" alt=\"Para\u00edso en la naturaleza, mujer feliz en puente colgante en campo abierto, oportunidad de turismo y aventuras, bienestar y libertad, inspiraci\u00f3n para viajeros y amantes de la naturaleza con enfoque en migrantes y cultura.\" srcset=\"https:\/\/soymigrante.com\/revista\/wp-content\/uploads\/2025\/04\/Superar-el-miedo3-1024x681.jpeg 1024w, https:\/\/soymigrante.com\/revista\/wp-content\/uploads\/2025\/04\/Superar-el-miedo3-300x200.jpeg 300w, https:\/\/soymigrante.com\/revista\/wp-content\/uploads\/2025\/04\/Superar-el-miedo3-768x511.jpeg 768w, https:\/\/soymigrante.com\/revista\/wp-content\/uploads\/2025\/04\/Superar-el-miedo3-1536x1021.jpeg 1536w, https:\/\/soymigrante.com\/revista\/wp-content\/uploads\/2025\/04\/Superar-el-miedo3-750x499.webp 750w, https:\/\/soymigrante.com\/revista\/wp-content\/uploads\/2025\/04\/Superar-el-miedo3-1140x758.webp 1140w, https:\/\/soymigrante.com\/revista\/wp-content\/uploads\/2025\/04\/Superar-el-miedo3.webp 1600w\" sizes=\"(max-width: 768px) 100vw, 768px\" title=\"Superar el miedo3 \u2013 SoyMigrante.com REVISTA\" \/>\t\t\t\t\t\t\t\t\t\t\t<figcaption class=\"widget-image-caption wp-caption-text\">Superar el miedo es importante para no dejarse vencer. (Foto: ENVATO)<\/figcaption>\n\t\t\t\t\t\t\t\t\t\t<\/figure>\n\t\t\t\t\t\t\t\t\t<\/div>\n\t\t\t\t\t<\/div>\n\t\t\t\t<\/div>\n\t\t<div data-particle_enable=\"false\" data-particle-mobile-disabled=\"false\" class=\"elementor-element elementor-element-4e388dc e-flex e-con-boxed e-con e-parent\" data-id=\"4e388dc\" data-element_type=\"container\" data-e-type=\"container\">\n\t\t\t\t\t<div class=\"e-con-inner\">\n\t\t\t\t<div class=\"elementor-element elementor-element-75da256 elementor-widget elementor-widget-heading\" data-id=\"75da256\" data-element_type=\"widget\" data-e-type=\"widget\" data-widget_type=\"heading.default\">\n\t\t\t\t\t<h3 class=\"elementor-heading-title elementor-size-default\">5. Respira y act\u00faa<\/h3>\t\t\t\t<\/div>\n\t\t\t\t\t<\/div>\n\t\t\t\t<\/div>\n\t\t<div data-particle_enable=\"false\" data-particle-mobile-disabled=\"false\" class=\"elementor-element elementor-element-05ac087 e-flex e-con-boxed e-con e-parent\" data-id=\"05ac087\" data-element_type=\"container\" data-e-type=\"container\">\n\t\t\t\t\t<div class=\"e-con-inner\">\n\t\t\t\t<div class=\"elementor-element elementor-element-1f14632 elementor-widget elementor-widget-text-editor\" data-id=\"1f14632\" data-element_type=\"widget\" data-e-type=\"widget\" data-widget_type=\"text-editor.default\">\n\t\t\t\t\t\t\t\t\t<p><a href=\"https:\/\/soymigrante.com\/revista\/claves-para-evitar-caer-en-pensamientos-daninos-o-destructivos\/\" target=\"_blank\" rel=\"noopener\">La respiraci\u00f3n profunda ayuda a calmar el cuerpo.<\/a> Dar peque\u00f1os pasos, aunque se sienta miedo, es clave para avanzar. Como dicen los especialistas: el valor no es la ausencia de miedo, sino actuar a pesar de \u00e9l.<\/p>\t\t\t\t\t\t\t\t<\/div>\n\t\t\t\t\t<\/div>\n\t\t\t\t<\/div>\n\t\t<div data-particle_enable=\"false\" data-particle-mobile-disabled=\"false\" class=\"elementor-element elementor-element-3c6d543 e-flex e-con-boxed e-con e-parent\" data-id=\"3c6d543\" data-element_type=\"container\" data-e-type=\"container\">\n\t\t\t\t\t<div class=\"e-con-inner\">\n\t\t\t\t<div class=\"elementor-element elementor-element-5b6aa5f elementor-widget elementor-widget-text-editor\" data-id=\"5b6aa5f\" data-element_type=\"widget\" data-e-type=\"widget\" data-widget_type=\"text-editor.default\">\n\t\t\t\t\t\t\t\t\t<p>Superar el miedo no es magia, es pr\u00e1ctica. Y en el camino migrante, como en la vida, cada paso valiente cuenta.<\/p>\t\t\t\t\t\t\t\t<\/div>\n\t\t\t\t\t<\/div>\n\t\t\t\t<\/div>\n\t\t<div data-particle_enable=\"false\" data-particle-mobile-disabled=\"false\" class=\"elementor-element elementor-element-9cde7f7 e-flex e-con-boxed e-con e-parent\" data-id=\"9cde7f7\" data-element_type=\"container\" data-e-type=\"container\">\n\t\t\t\t\t<div class=\"e-con-inner\">\n\t\t\t\t<div class=\"elementor-element elementor-element-d2f3600 elementor-widget elementor-widget-heading\" data-id=\"d2f3600\" data-element_type=\"widget\" data-e-type=\"widget\" data-widget_type=\"heading.default\">\n\t\t\t\t\t<h2 class=\"elementor-heading-title elementor-size-default\">Conoce estos temas que te pueden interesar...<\/h2>\t\t\t\t<\/div>\n\t\t\t\t\t<\/div>\n\t\t\t\t<\/div>\n\t\t<div data-particle_enable=\"false\" data-particle-mobile-disabled=\"false\" class=\"elementor-element elementor-element-16ed357 e-flex e-con-boxed e-con e-parent\" data-id=\"16ed357\" data-element_type=\"container\" data-e-type=\"container\">\n\t\t\t\t\t<div class=\"e-con-inner\">\n\t\t\t\t<div class=\"elementor-element elementor-element-2ca1a29 elementor-grid-eael-col-3 elementor-grid-tablet-eael-col-2 elementor-grid-mobile-eael-col-1 elementor-widget elementor-widget-eael-post-grid\" data-id=\"2ca1a29\" data-element_type=\"widget\" data-e-type=\"widget\" data-settings=\"{&quot;eael_post_grid_columns&quot;:&quot;eael-col-3&quot;,&quot;eael_post_grid_columns_tablet&quot;:&quot;eael-col-2&quot;,&quot;eael_post_grid_columns_mobile&quot;:&quot;eael-col-1&quot;}\" data-widget_type=\"eael-post-grid.default\">\n\t\t\t\t\t<div id=\"eael-post-grid-2ca1a29\" class=\"eael-post-grid-container\">\n            <div class=\"eael-post-grid eael-post-appender eael-post-appender-2ca1a29 eael-post-grid-style-one\" data-layout-mode=\"masonry\"><article class=\"eael-grid-post  eael-post-grid-column eael-pg-post-20446 category-bienestar\" data-id=\"20446\">\n        <div class=\"eael-grid-post-holder\">\n            <div class=\"eael-grid-post-holder-inner\"><div class=\"eael-entry-media\"><div class=\"eael-entry-overlay fade-in\"><i class=\"far fa-hand-pointer\" aria-hidden=\"true\"><\/i><a href=\"https:\/\/soymigrante.com\/revista\/como-puedo-identificar-sintomas-de-depresion-o-ansiedad\/\"><\/a><\/div><div class=\"eael-entry-thumbnail \">\n                <img decoding=\"async\" width=\"1024\" height=\"1024\" src=\"https:\/\/soymigrante.com\/revista\/wp-content\/uploads\/2025\/01\/Sen\u0303ales-de-alerta-de-depresio\u0301n-y-ansiedad-en-migrantes2-scaled-e1736786647146-1024x1024.jpg\" class=\"attachment-large size-large wp-image-20447\" alt=\"Se\u00f1ales de alerta de depresi\u00f3n y ansiedad en migrantes\" srcset=\"https:\/\/soymigrante.com\/revista\/wp-content\/uploads\/2025\/01\/Sen\u0303ales-de-alerta-de-depresio\u0301n-y-ansiedad-en-migrantes2-scaled-e1736786647146-1024x1024.jpg 1024w, https:\/\/soymigrante.com\/revista\/wp-content\/uploads\/2025\/01\/Sen\u0303ales-de-alerta-de-depresio\u0301n-y-ansiedad-en-migrantes2-scaled-e1736786647146-300x300.jpg 300w, https:\/\/soymigrante.com\/revista\/wp-content\/uploads\/2025\/01\/Sen\u0303ales-de-alerta-de-depresio\u0301n-y-ansiedad-en-migrantes2-scaled-e1736786647146-150x150.jpg 150w, https:\/\/soymigrante.com\/revista\/wp-content\/uploads\/2025\/01\/Sen\u0303ales-de-alerta-de-depresio\u0301n-y-ansiedad-en-migrantes2-scaled-e1736786647146-768x768.jpg 768w, https:\/\/soymigrante.com\/revista\/wp-content\/uploads\/2025\/01\/Sen\u0303ales-de-alerta-de-depresio\u0301n-y-ansiedad-en-migrantes2-scaled-e1736786647146-1536x1536.jpg 1536w, https:\/\/soymigrante.com\/revista\/wp-content\/uploads\/2025\/01\/Sen\u0303ales-de-alerta-de-depresio\u0301n-y-ansiedad-en-migrantes2-scaled-e1736786647146-75x75.webp 75w, https:\/\/soymigrante.com\/revista\/wp-content\/uploads\/2025\/01\/Sen\u0303ales-de-alerta-de-depresio\u0301n-y-ansiedad-en-migrantes2-scaled-e1736786647146-750x750.webp 750w, https:\/\/soymigrante.com\/revista\/wp-content\/uploads\/2025\/01\/Sen\u0303ales-de-alerta-de-depresio\u0301n-y-ansiedad-en-migrantes2-scaled-e1736786647146-1140x1140.webp 1140w, https:\/\/soymigrante.com\/revista\/wp-content\/uploads\/2025\/01\/Sen\u0303ales-de-alerta-de-depresio\u0301n-y-ansiedad-en-migrantes2-scaled-e1736786647146.webp 1758w\" sizes=\"(max-width: 1024px) 100vw, 1024px\" \/>\n            <\/div>\n        <\/div><div class=\"eael-entry-wrapper\"><header class=\"eael-entry-header\"><h2 class=\"eael-entry-title\"><a class=\"eael-grid-post-link\" href=\"https:\/\/soymigrante.com\/revista\/como-puedo-identificar-sintomas-de-depresion-o-ansiedad\/\" title=\"\u00bfC\u00f3mo puedo identificar s\u00edntomas de depresi\u00f3n o ansiedad?\">\u00bfC\u00f3mo puedo identificar s\u00edntomas de depresi\u00f3n o ansiedad?<\/a><\/h2><\/header><div class=\"eael-entry-content\">\n                        <div class=\"eael-grid-post-excerpt\"><a href=\"https:\/\/soymigrante.com\/revista\/como-puedo-identificar-sintomas-de-depresion-o-ansiedad\/\" class=\"eael-post-elements-readmore-btn\">CONOCE SU HISTORIA <\/a><\/div>\n                    <\/div><\/div><\/div>\n        <\/div>\n    <\/article><article class=\"eael-grid-post  eael-post-grid-column eael-pg-post-9439 category-bienestar\" data-id=\"9439\">\n        <div class=\"eael-grid-post-holder\">\n            <div class=\"eael-grid-post-holder-inner\"><div class=\"eael-entry-media\"><div class=\"eael-entry-overlay fade-in\"><i class=\"far fa-hand-pointer\" aria-hidden=\"true\"><\/i><a href=\"https:\/\/soymigrante.com\/revista\/claves-para-evitar-caer-en-pensamientos-daninos-o-destructivos\/\"><\/a><\/div><div class=\"eael-entry-thumbnail \">\n                <img loading=\"lazy\" decoding=\"async\" width=\"526\" height=\"526\" src=\"https:\/\/soymigrante.com\/revista\/wp-content\/uploads\/2024\/09\/pensamento-positivo.webp\" class=\"attachment-large size-large wp-image-9499\" alt=\"Think Pawsitive perro con mensaje motivacional en bata y fondo neutro.\" srcset=\"https:\/\/soymigrante.com\/revista\/wp-content\/uploads\/2024\/09\/pensamento-positivo.webp 526w, https:\/\/soymigrante.com\/revista\/wp-content\/uploads\/2024\/09\/pensamento-positivo-300x300.webp 300w, https:\/\/soymigrante.com\/revista\/wp-content\/uploads\/2024\/09\/pensamento-positivo-150x150.webp 150w, https:\/\/soymigrante.com\/revista\/wp-content\/uploads\/2024\/09\/pensamento-positivo-75x75.webp 75w\" sizes=\"(max-width: 526px) 100vw, 526px\" \/>\n            <\/div>\n        <\/div><div class=\"eael-entry-wrapper\"><header class=\"eael-entry-header\"><h2 class=\"eael-entry-title\"><a class=\"eael-grid-post-link\" href=\"https:\/\/soymigrante.com\/revista\/claves-para-evitar-caer-en-pensamientos-daninos-o-destructivos\/\" title=\"Claves para evitar caer en pensamientos da\u00f1inos o destructivos\">Claves para evitar caer en pensamientos da\u00f1inos o destructivos<\/a><\/h2><\/header><div class=\"eael-entry-content\">\n                        <div class=\"eael-grid-post-excerpt\"><a href=\"https:\/\/soymigrante.com\/revista\/claves-para-evitar-caer-en-pensamientos-daninos-o-destructivos\/\" class=\"eael-post-elements-readmore-btn\">CONOCE SU HISTORIA <\/a><\/div>\n                    <\/div><\/div><\/div>\n        <\/div>\n    <\/article><article class=\"eael-grid-post  eael-post-grid-column eael-pg-post-6871 category-bienestar\" data-id=\"6871\">\n        <div class=\"eael-grid-post-holder\">\n            <div class=\"eael-grid-post-holder-inner\"><div class=\"eael-entry-media\"><div class=\"eael-entry-overlay fade-in\"><i class=\"far fa-hand-pointer\" aria-hidden=\"true\"><\/i><a href=\"https:\/\/soymigrante.com\/revista\/como-ensenar-a-los-ninos-a-reconocer-y-vencer-la-frustracion\/\"><\/a><\/div><div class=\"eael-entry-thumbnail \">\n                <img loading=\"lazy\" decoding=\"async\" width=\"1024\" height=\"1024\" src=\"https:\/\/soymigrante.com\/revista\/wp-content\/uploads\/2024\/06\/footballer-5010770_1280-e1718137863274-1024x1024.webp\" class=\"attachment-large size-large wp-image-6877\" alt=\"Ni\u00f1o jugando al f\u00fatbol en un campo al aire libre durante un partido infantil de deporte.\" srcset=\"https:\/\/soymigrante.com\/revista\/wp-content\/uploads\/2024\/06\/footballer-5010770_1280-e1718137863274-1024x1024.webp 1024w, https:\/\/soymigrante.com\/revista\/wp-content\/uploads\/2024\/06\/footballer-5010770_1280-e1718137863274-300x300.webp 300w, https:\/\/soymigrante.com\/revista\/wp-content\/uploads\/2024\/06\/footballer-5010770_1280-e1718137863274-150x150.webp 150w, https:\/\/soymigrante.com\/revista\/wp-content\/uploads\/2024\/06\/footballer-5010770_1280-e1718137863274-768x768.webp 768w, https:\/\/soymigrante.com\/revista\/wp-content\/uploads\/2024\/06\/footballer-5010770_1280-e1718137863274-75x75.webp 75w, https:\/\/soymigrante.com\/revista\/wp-content\/uploads\/2024\/06\/footballer-5010770_1280-e1718137863274-750x750.webp 750w, https:\/\/soymigrante.com\/revista\/wp-content\/uploads\/2024\/06\/footballer-5010770_1280-e1718137863274.webp 1124w\" sizes=\"(max-width: 1024px) 100vw, 1024px\" \/>\n            <\/div>\n        <\/div><div class=\"eael-entry-wrapper\"><header class=\"eael-entry-header\"><h2 class=\"eael-entry-title\"><a class=\"eael-grid-post-link\" href=\"https:\/\/soymigrante.com\/revista\/como-ensenar-a-los-ninos-a-reconocer-y-vencer-la-frustracion\/\" title=\"Como ense\u00f1ar a los ni\u00f1os a reconocer y vencer la frustraci\u00f3n\">Como ense\u00f1ar a los ni\u00f1os a reconocer y vencer la frustraci\u00f3n<\/a><\/h2><\/header><div class=\"eael-entry-content\">\n                        <div class=\"eael-grid-post-excerpt\"><a href=\"https:\/\/soymigrante.com\/revista\/como-ensenar-a-los-ninos-a-reconocer-y-vencer-la-frustracion\/\" class=\"eael-post-elements-readmore-btn\">CONOCE SU HISTORIA <\/a><\/div>\n                    <\/div><\/div><\/div>\n        <\/div>\n    <\/article><\/div>\n            <div class=\"clearfix\"><\/div>\n        <\/div>\t\t\t\t<\/div>\n\t\t\t\t\t<\/div>\n\t\t\t\t<\/div>\n\t\t\t\t<\/div>\n\t\t","protected":false},"excerpt":{"rendered":"<p>Superar el miedo es una de las decisiones m\u00e1s importantes, porque podr\u00e1 superar los momentos dif\u00edciles. El miedo es una emoci\u00f3n natural, pero cuando se vuelve un obst\u00e1culo, es importante aprender a manejarlo. Desde enfrentar tr\u00e1mites migratorios hasta hablar en p\u00fablico, hay formas sencillas y efectivas de recuperar el control. Sentir miedo no es una [&hellip;]<\/p>\n","protected":false},"author":19,"featured_media":31974,"comment_status":"open","ping_status":"open","sticky":false,"template":"","format":"standard","meta":{"_acf_changed":false,"_eb_attr":"","footnotes":""},"categories":[259],"tags":[260],"class_list":["post-31973","post","type-post","status-publish","format-standard","has-post-thumbnail","hentry","category-salud-emocional","tag-salud-emocional"],"acf":[],"aioseo_notices":[],"aioseo_head":"\n\t\t<!-- All in One SEO Pro 4.9.6.2 - aioseo.com -->\n\t<meta name=\"description\" content=\"Si a los adultos les cuesta a veces reconocer y afrontar la frustraci\u00f3n, imag\u00ednese a los ni\u00f1os. Psic\u00f3loga guatemalteca brinda clavespara ayudar a los peques\" \/>\n\t<meta name=\"robots\" content=\"max-snippet:-1, max-image-preview:large, max-video-preview:-1\" \/>\n\t<meta name=\"author\" content=\"Marysabel Aldana\"\/>\n\t<link rel=\"canonical\" href=\"https:\/\/soymigrante.com\/revista\/como-ensenar-a-los-ninos-a-reconocer-y-vencer-la-frustracion\/\" \/>\n\t<meta name=\"generator\" content=\"All in One SEO Pro (AIOSEO) 4.9.6.2\" \/>\n\n\t\t<link rel=\"preconnect\" href=\"https:\/\/fonts.googleapis.com\" crossorigin>\n<link rel=\"preconnect\" href=\"https:\/\/fonts.gstatic.com\" crossorigin>\n\t\t<meta property=\"og:locale\" content=\"es_ES\" \/>\n\t\t<meta property=\"og:site_name\" content=\"SoyMigrante.com REVISTA \u2013 Nuestra misi\u00f3n es reconocer y dignificar al migrante.\" \/>\n\t\t<meta property=\"og:type\" content=\"article\" \/>\n\t\t<meta property=\"og:title\" content=\"Como ense\u00f1ar a los ni\u00f1os a reconocer y vencer la frustraci\u00f3n\" \/>\n\t\t<meta property=\"og:description\" content=\"Si a los adultos les cuesta a veces reconocer y afrontar la frustraci\u00f3n, imag\u00ednese a los ni\u00f1os. Psic\u00f3loga guatemalteca brinda clavespara ayudar a los peques\" \/>\n\t\t<meta property=\"og:url\" content=\"https:\/\/soymigrante.com\/revista\/como-ensenar-a-los-ninos-a-reconocer-y-vencer-la-frustracion\/\" \/>\n\t\t<meta property=\"og:image\" content=\"https:\/\/soymigrante.com\/revista\/wp-content\/uploads\/2024\/06\/footballer-5010770_1280-e1718137863274.webp\" \/>\n\t\t<meta property=\"og:image:secure_url\" content=\"https:\/\/soymigrante.com\/revista\/wp-content\/uploads\/2024\/06\/footballer-5010770_1280-e1718137863274.webp\" \/>\n\t\t<meta property=\"og:image:width\" content=\"1124\" \/>\n\t\t<meta property=\"og:image:height\" content=\"1124\" \/>\n\t\t<meta property=\"article:published_time\" content=\"2024-06-07T23:14:43+00:00\" \/>\n\t\t<meta property=\"article:modified_time\" content=\"2024-07-27T08:38:52+00:00\" \/>\n\t\t<meta property=\"article:publisher\" content=\"https:\/\/www.facebook.com\/soymigrantecom\" \/>\n\t\t<meta name=\"twitter:card\" content=\"summary_large_image\" \/>\n\t\t<meta name=\"twitter:site\" content=\"@SoyMigrante_com\" \/>\n\t\t<meta name=\"twitter:title\" content=\"Como ense\u00f1ar a los ni\u00f1os a reconocer y vencer la frustraci\u00f3n\" \/>\n\t\t<meta name=\"twitter:description\" content=\"Si a los adultos les cuesta a veces reconocer y afrontar la frustraci\u00f3n, imag\u00ednese a los ni\u00f1os. Psic\u00f3loga guatemalteca brinda clavespara ayudar a los peques\" \/>\n\t\t<meta name=\"twitter:creator\" content=\"@SoyMigrante_com\" \/>\n\t\t<meta name=\"twitter:image\" content=\"https:\/\/soymigrante.com\/revista\/wp-content\/uploads\/2024\/06\/footballer-5010770_1280-e1718137863274.webp\" \/>\n\t\t<!-- All in One SEO Pro -->\r\n\t\t<title>Como ense\u00f1ar a los ni\u00f1os a reconocer y vencer la frustraci\u00f3n<\/title>\n\n","aioseo_head_json":{"title":"Como ense\u00f1ar a los ni\u00f1os a reconocer y vencer la frustraci\u00f3n","description":"Si a los adultos les cuesta a veces reconocer y afrontar la frustraci\u00f3n, imag\u00ednese a los ni\u00f1os. Psic\u00f3loga guatemalteca brinda clavespara ayudar a los peques","canonical_url":"https:\/\/soymigrante.com\/revista\/como-ensenar-a-los-ninos-a-reconocer-y-vencer-la-frustracion\/","robots":"max-snippet:-1, max-image-preview:large, max-video-preview:-1","keywords":"","webmasterTools":{"miscellaneous":"&lt;link rel=\"preconnect\" href=\"https:\/\/fonts.googleapis.com\" crossorigin&gt;\n&lt;link rel=\"preconnect\" href=\"https:\/\/fonts.gstatic.com\" crossorigin&gt;"},"schema":null,"og:locale":"es_ES","og:site_name":"SoyMigrante.com REVISTA \u2013 Nuestra misi\u00f3n es reconocer y dignificar al migrante.","og:type":"article","og:title":"Como ense\u00f1ar a los ni\u00f1os a reconocer y vencer la frustraci\u00f3n","og:description":"Si a los adultos les cuesta a veces reconocer y afrontar la frustraci\u00f3n, imag\u00ednese a los ni\u00f1os. Psic\u00f3loga guatemalteca brinda clavespara ayudar a los peques","og:url":"https:\/\/soymigrante.com\/revista\/como-ensenar-a-los-ninos-a-reconocer-y-vencer-la-frustracion\/","og:image":"https:\/\/soymigrante.com\/revista\/wp-content\/uploads\/2024\/06\/footballer-5010770_1280-e1718137863274.webp","og:image:secure_url":"https:\/\/soymigrante.com\/revista\/wp-content\/uploads\/2024\/06\/footballer-5010770_1280-e1718137863274.webp","og:image:width":1124,"og:image:height":1124,"article:published_time":"2024-06-07T23:14:43+00:00","article:modified_time":"2024-07-27T08:38:52+00:00","article:publisher":"https:\/\/www.facebook.com\/soymigrantecom","twitter:card":"summary_large_image","twitter:site":"@SoyMigrante_com","twitter:title":"Como ense\u00f1ar a los ni\u00f1os a reconocer y vencer la frustraci\u00f3n","twitter:description":"Si a los adultos les cuesta a veces reconocer y afrontar la frustraci\u00f3n, imag\u00ednese a los ni\u00f1os. Psic\u00f3loga guatemalteca brinda clavespara ayudar a los peques","twitter:creator":"@SoyMigrante_com","twitter:image":"https:\/\/soymigrante.com\/revista\/wp-content\/uploads\/2024\/06\/footballer-5010770_1280-e1718137863274.webp"},"aioseo_meta_data":{"post_id":"31973","title":"#post_title","description":"Superar el miedo es una de las decisiones m\u00e1s importantes, porque podr\u00e1 superar los momentos dif\u00edciles. Estas son algunas claves para lograrlo.","keywords":null,"keyphrases":{"focus":{"keyphrase":"superar el miedo","score":68,"analysis":{"keyphraseInTitle":{"score":3,"maxScore":9,"error":1},"keyphraseInDescription":{"score":9,"maxScore":9,"error":0},"keyphraseLength":{"score":9,"maxScore":9,"error":0,"length":3},"keyphraseInURL":{"score":1,"maxScore":5,"error":1},"keyphraseInIntroduction":{"score":3,"maxScore":9,"error":1},"keyphraseInSubHeadings":{"score":3,"maxScore":9,"error":1},"keyphraseInImageAlt":{"score":9,"maxScore":9,"error":0},"keywordDensity":{"type":"best","score":9,"maxScore":9,"error":0}}},"additional":[{"keyphrase":"superar el miedo","score":87,"analysis":{"keyphraseInDescription":{"score":9,"maxScore":9,"error":0},"keyphraseLength":{"score":9,"maxScore":9,"error":0,"length":3},"keyphraseInIntroduction":{"score":3,"maxScore":9,"error":1},"keyphraseInImageAlt":{"score":9,"maxScore":9,"error":0},"keywordDensity":{"type":"best","score":9,"maxScore":9,"error":0}}}]},"primary_term":null,"canonical_url":null,"og_title":null,"og_description":null,"og_object_type":"default","og_image_type":"default","og_image_url":null,"og_image_width":null,"og_image_height":null,"og_image_custom_url":null,"og_image_custom_fields":null,"og_video":"","og_custom_url":null,"og_article_section":null,"og_article_tags":null,"twitter_use_og":false,"twitter_card":"default","twitter_image_type":"default","twitter_image_url":null,"twitter_image_custom_url":null,"twitter_image_custom_fields":null,"twitter_title":null,"twitter_description":null,"schema":{"blockGraphs":[],"customGraphs":[],"default":{"data":{"Article":[],"Course":[],"Dataset":[],"FAQPage":[],"Movie":[],"Person":[],"Product":[],"ProductReview":[],"Car":[],"Recipe":[],"Service":[],"SoftwareApplication":[],"WebPage":[]},"graphName":"none","isEnabled":true},"graphs":[]},"schema_type":"default","schema_type_options":null,"pillar_content":false,"robots_default":true,"robots_noindex":false,"robots_noarchive":false,"robots_nosnippet":false,"robots_nofollow":false,"robots_noimageindex":false,"robots_noodp":false,"robots_notranslate":false,"robots_max_snippet":"-1","robots_max_videopreview":"-1","robots_max_imagepreview":"large","priority":null,"frequency":"default","local_seo":null,"seo_analyzer_scan_date":"2025-10-09 04:44:40","breadcrumb_settings":null,"limit_modified_date":false,"reviewed_by":null,"open_ai":"{\"title\":{\"suggestions\":[],\"usage\":0},\"description\":{\"suggestions\":[],\"usage\":0}}","ai":null,"created":"2025-04-25 22:06:01","updated":"2026-02-04 23:25:24"},"aioseo_breadcrumb":"<div class=\"aioseo-breadcrumbs\"><span class=\"aioseo-breadcrumb\">\n\t<a href=\"https:\/\/soymigrante.com\/revista\" title=\"Home\">Home<\/a>\n<\/span><span class=\"aioseo-breadcrumb-separator\">\u00bb<\/span><span class=\"aioseo-breadcrumb\">\n\t<a href=\"https:\/\/soymigrante.com\/revista\/category\/bienestar\/\" title=\"Bienestar\">Bienestar<\/a>\n<\/span><span class=\"aioseo-breadcrumb-separator\">\u00bb<\/span><span class=\"aioseo-breadcrumb\">\n\t<a href=\"https:\/\/soymigrante.com\/revista\/category\/bienestar\/salud-emocional\/\" title=\"Salud Emocional\">Salud Emocional<\/a>\n<\/span><span class=\"aioseo-breadcrumb-separator\">\u00bb<\/span><span class=\"aioseo-breadcrumb\">\n\tEliminar el miedo siempre abre nuevos caminos de vida\n<\/span><\/div>","aioseo_breadcrumb_json":[{"label":"Home","link":"https:\/\/soymigrante.com\/revista"},{"label":"Bienestar","link":"https:\/\/soymigrante.com\/revista\/category\/bienestar\/"},{"label":"Salud Emocional","link":"https:\/\/soymigrante.com\/revista\/category\/bienestar\/salud-emocional\/"},{"label":"Eliminar el miedo siempre abre nuevos caminos de vida","link":"https:\/\/soymigrante.com\/revista\/eliminar-el-miedo-siempre-abre-nuevos-caminos-de-vida\/"}],"_links":{"self":[{"href":"https:\/\/soymigrante.com\/revista\/wp-json\/wp\/v2\/posts\/31973","targetHints":{"allow":["GET"]}}],"collection":[{"href":"https:\/\/soymigrante.com\/revista\/wp-json\/wp\/v2\/posts"}],"about":[{"href":"https:\/\/soymigrante.com\/revista\/wp-json\/wp\/v2\/types\/post"}],"author":[{"embeddable":true,"href":"https:\/\/soymigrante.com\/revista\/wp-json\/wp\/v2\/users\/19"}],"replies":[{"embeddable":true,"href":"https:\/\/soymigrante.com\/revista\/wp-json\/wp\/v2\/comments?post=31973"}],"version-history":[{"count":15,"href":"https:\/\/soymigrante.com\/revista\/wp-json\/wp\/v2\/posts\/31973\/revisions"}],"predecessor-version":[{"id":32188,"href":"https:\/\/soymigrante.com\/revista\/wp-json\/wp\/v2\/posts\/31973\/revisions\/32188"}],"wp:featuredmedia":[{"embeddable":true,"href":"https:\/\/soymigrante.com\/revista\/wp-json\/wp\/v2\/media\/31974"}],"wp:attachment":[{"href":"https:\/\/soymigrante.com\/revista\/wp-json\/wp\/v2\/media?parent=31973"}],"wp:term":[{"taxonomy":"category","embeddable":true,"href":"https:\/\/soymigrante.com\/revista\/wp-json\/wp\/v2\/categories?post=31973"},{"taxonomy":"post_tag","embeddable":true,"href":"https:\/\/soymigrante.com\/revista\/wp-json\/wp\/v2\/tags?post=31973"}],"curies":[{"name":"wp","href":"https:\/\/api.w.org\/{rel}","templated":true}]}}