{"id":31919,"date":"2025-05-02T06:00:00","date_gmt":"2025-05-02T12:00:00","guid":{"rendered":"https:\/\/soymigrante.com\/revista\/?p=31919"},"modified":"2025-05-01T23:54:03","modified_gmt":"2025-05-02T05:54:03","slug":"dia-de-la-cruz-una-tradicion-piadosa-de-los-albaniles-en-guatemala","status":"publish","type":"post","link":"https:\/\/soymigrante.com\/revista\/dia-de-la-cruz-una-tradicion-piadosa-de-los-albaniles-en-guatemala\/","title":{"rendered":"D\u00eda de la Cruz: una tradici\u00f3n piadosa de los alba\u00f1iles en Guatemala"},"content":{"rendered":"\t\t<div data-elementor-type=\"wp-post\" data-elementor-id=\"31919\" class=\"elementor elementor-31919\" data-elementor-post-type=\"post\">\n\t\t\t\t<div data-particle_enable=\"false\" data-particle-mobile-disabled=\"false\" class=\"elementor-element elementor-element-44ec4eb e-flex e-con-boxed e-con e-parent\" data-id=\"44ec4eb\" data-element_type=\"container\" data-e-type=\"container\">\n\t\t\t\t\t<div class=\"e-con-inner\">\n\t\t\t\t<div class=\"elementor-element elementor-element-2380145 elementor-widget elementor-widget-heading\" data-id=\"2380145\" data-element_type=\"widget\" data-e-type=\"widget\" data-widget_type=\"heading.default\">\n\t\t\t\t\t<h2 class=\"elementor-heading-title elementor-size-default\">D\u00eda de la Cruz y una celebraci\u00f3n para los alba\u00f1iles en Guatemala. <\/h2>\t\t\t\t<\/div>\n\t\t\t\t\t<\/div>\n\t\t\t\t<\/div>\n\t\t<div data-particle_enable=\"false\" data-particle-mobile-disabled=\"false\" class=\"elementor-element elementor-element-213f78a e-flex e-con-boxed e-con e-parent\" data-id=\"213f78a\" data-element_type=\"container\" data-e-type=\"container\">\n\t\t\t\t\t<div class=\"e-con-inner\">\n\t\t\t\t<div class=\"elementor-element elementor-element-2efdf53 elementor-widget elementor-widget-text-editor\" data-id=\"2efdf53\" data-element_type=\"widget\" data-e-type=\"widget\" data-widget_type=\"text-editor.default\">\n\t\t\t\t\t\t\t\t\t<p>Cada 3 de mayo, los andamios, bloques y cemento se adornan con flores, serpentinas y una cruz en lo alto. <a href=\"https:\/\/soymigrante.com\/revista\/procesion-acuatica-del-nino-dios-en-amatitlan-fe-tradicion-y-una-cronica-de-la-infancia\/\" target=\"_blank\" rel=\"noopener\">El D\u00eda de la Cruz, una fecha de origen religioso, se ha convertido tambi\u00e9n en Guatemala en el D\u00eda del Alba\u00f1il<\/a>, una tradici\u00f3n que mezcla espiritualidad, cultura popular y reconocimiento al trabajo duro.<\/p><p>El D\u00eda de la Cruz, celebrado cada 3 de mayo, tiene su origen en una tradici\u00f3n cat\u00f3lica que conmemora la \u201cInvenci\u00f3n de la Santa Cruz\u201d, es decir, el hallazgo de la cruz donde muri\u00f3 Jesucristo, atribuido a Santa Elena, madre del emperador romano Constantino, en el siglo IV.<\/p><p><a href=\"https:\/\/soymigrante.com\/revista\/procesion-acuatica-del-nino-dios-en-amatitlan-fe-tradicion-y-una-cronica-de-la-infancia\/\" target=\"_blank\" rel=\"noopener\">Durante la colonia, esta tradici\u00f3n fue tra\u00edda a Am\u00e9rica por los espa\u00f1oles y se mezcl\u00f3 con costumbres ind\u00edgenas<\/a>, que tambi\u00e9n rend\u00edan culto a los cerros y elementos naturales. En Guatemala, esta fusi\u00f3n tom\u00f3 fuerza en las comunidades, especialmente entre quienes construyen con sus manos: los alba\u00f1iles.<\/p>\t\t\t\t\t\t\t\t<\/div>\n\t\t\t\t\t<\/div>\n\t\t\t\t<\/div>\n\t\t<div data-particle_enable=\"false\" data-particle-mobile-disabled=\"false\" class=\"elementor-element elementor-element-4e57e28 e-flex e-con-boxed e-con e-parent\" data-id=\"4e57e28\" data-element_type=\"container\" data-e-type=\"container\">\n\t\t\t\t\t<div class=\"e-con-inner\">\n\t\t\t\t<div class=\"elementor-element elementor-element-86fba59 elementor-widget elementor-widget-image\" data-id=\"86fba59\" data-element_type=\"widget\" data-e-type=\"widget\" data-widget_type=\"image.default\">\n\t\t\t\t\t\t\t\t\t\t\t\t<figure class=\"wp-caption\">\n\t\t\t\t\t\t\t\t\t\t<img fetchpriority=\"high\" decoding=\"async\" width=\"768\" height=\"511\" src=\"https:\/\/soymigrante.com\/revista\/wp-content\/uploads\/2025\/04\/Dia-de-la-Cruz-una-tradicion-que-honra-a-albaniles-en-Guatemala2-1024x681.jpeg\" class=\"attachment-large size-large wp-image-31922\" alt=\"Trabajador de construcci\u00f3n con casco y herramientas en obra, destacando la importancia de jornaleros migrantes en proyectos de infraestructura y desarrollo urbano en M\u00e9xico.\" srcset=\"https:\/\/soymigrante.com\/revista\/wp-content\/uploads\/2025\/04\/Dia-de-la-Cruz-una-tradicion-que-honra-a-albaniles-en-Guatemala2-1024x681.jpeg 1024w, https:\/\/soymigrante.com\/revista\/wp-content\/uploads\/2025\/04\/Dia-de-la-Cruz-una-tradicion-que-honra-a-albaniles-en-Guatemala2-300x200.jpeg 300w, https:\/\/soymigrante.com\/revista\/wp-content\/uploads\/2025\/04\/Dia-de-la-Cruz-una-tradicion-que-honra-a-albaniles-en-Guatemala2-768x511.jpeg 768w, https:\/\/soymigrante.com\/revista\/wp-content\/uploads\/2025\/04\/Dia-de-la-Cruz-una-tradicion-que-honra-a-albaniles-en-Guatemala2-1536x1021.jpeg 1536w, https:\/\/soymigrante.com\/revista\/wp-content\/uploads\/2025\/04\/Dia-de-la-Cruz-una-tradicion-que-honra-a-albaniles-en-Guatemala2-750x499.jpeg 750w, https:\/\/soymigrante.com\/revista\/wp-content\/uploads\/2025\/04\/Dia-de-la-Cruz-una-tradicion-que-honra-a-albaniles-en-Guatemala2-1140x758.jpeg 1140w, https:\/\/soymigrante.com\/revista\/wp-content\/uploads\/2025\/04\/Dia-de-la-Cruz-una-tradicion-que-honra-a-albaniles-en-Guatemala2.webp 1600w\" sizes=\"(max-width: 768px) 100vw, 768px\" title=\"D\u00eda de la Cruz una tradici\u00f3n que honra a alba\u00f1iles en Guatemala2 \u2013 SoyMigrante.com REVISTA\" \/>\t\t\t\t\t\t\t\t\t\t\t<figcaption class=\"widget-image-caption wp-caption-text\">Fotograf\u00eda de un trabajador migrante sonriendo en un sitio de construcci\u00f3n, usando casco y equipo de protecci\u00f3n, simbolizando la labor de los jornaleros migrantes en el desarrollo de infraestructuras y obras en M\u00e9xico.<\/figcaption>\n\t\t\t\t\t\t\t\t\t\t<\/figure>\n\t\t\t\t\t\t\t\t\t<\/div>\n\t\t\t\t\t<\/div>\n\t\t\t\t<\/div>\n\t\t<div data-particle_enable=\"false\" data-particle-mobile-disabled=\"false\" class=\"elementor-element elementor-element-118efec e-flex e-con-boxed e-con e-parent\" data-id=\"118efec\" data-element_type=\"container\" data-e-type=\"container\">\n\t\t\t\t\t<div class=\"e-con-inner\">\n\t\t\t\t<div class=\"elementor-element elementor-element-33f2a58 elementor-widget elementor-widget-heading\" data-id=\"33f2a58\" data-element_type=\"widget\" data-e-type=\"widget\" data-widget_type=\"heading.default\">\n\t\t\t\t\t<h3 class=\"elementor-heading-title elementor-size-default\">La cruz en lo alto: s\u00edmbolo de protecci\u00f3n<\/h3>\t\t\t\t<\/div>\n\t\t\t\t\t<\/div>\n\t\t\t\t<\/div>\n\t\t<div data-particle_enable=\"false\" data-particle-mobile-disabled=\"false\" class=\"elementor-element elementor-element-5ca703c e-flex e-con-boxed e-con e-parent\" data-id=\"5ca703c\" data-element_type=\"container\" data-e-type=\"container\">\n\t\t\t\t\t<div class=\"e-con-inner\">\n\t\t\t\t<div class=\"elementor-element elementor-element-7b734be elementor-widget elementor-widget-text-editor\" data-id=\"7b734be\" data-element_type=\"widget\" data-e-type=\"widget\" data-widget_type=\"text-editor.default\">\n\t\t\t\t\t\t\t\t\t<p>En las construcciones de Guatemala, es com\u00fan ver una cruz adornada en lo m\u00e1s alto de una obra. <a href=\"https:\/\/soymigrante.com\/revista\/procesion-acuatica-del-nino-dios-en-amatitlan-fe-tradicion-y-una-cronica-de-la-infancia\/\" target=\"_blank\" rel=\"noopener\">Esta cruz representa protecci\u00f3n y bendici\u00f3n para la obra, los trabajadores y quienes habitar\u00e1n el lugar.<\/a><\/p><p>\u201cSiempre ponemos la cruz cuando la construcci\u00f3n va avanzada. Es un s\u00edmbolo de respeto y para pedir que no haya accidentes\u201d, cuenta don Jos\u00e9 Hern\u00e1ndez, maestro de obra con m\u00e1s de 30 a\u00f1os de experiencia. \u201cEl 3 de mayo es especial porque hacemos una peque\u00f1a ceremonia con los compa\u00f1eros, ponemos comida, llevamos flores y agradecemos a Dios\u201d.<\/p><p><a href=\"https:\/\/soymigrante.com\/revista\/procesion-acuatica-del-nino-dios-en-amatitlan-fe-tradicion-y-una-cronica-de-la-infancia\/\" target=\"_blank\" rel=\"noopener\">En muchas construcciones se celebran misas, se bendicen los materiales y se realiza una comida entre trabajadores<\/a> y empleadores, como forma de uni\u00f3n y agradecimiento.<\/p>\t\t\t\t\t\t\t\t<\/div>\n\t\t\t\t\t<\/div>\n\t\t\t\t<\/div>\n\t\t<div data-particle_enable=\"false\" data-particle-mobile-disabled=\"false\" class=\"elementor-element elementor-element-8713113 e-flex e-con-boxed e-con e-parent\" data-id=\"8713113\" data-element_type=\"container\" data-e-type=\"container\">\n\t\t\t\t\t<div class=\"e-con-inner\">\n\t\t\t\t<div class=\"elementor-element elementor-element-2f45856 elementor-widget elementor-widget-heading\" data-id=\"2f45856\" data-element_type=\"widget\" data-e-type=\"widget\" data-widget_type=\"heading.default\">\n\t\t\t\t\t<h3 class=\"elementor-heading-title elementor-size-default\">\u00bfPor qu\u00e9 se convirti\u00f3 en el D\u00eda del Alba\u00f1il?<\/h3>\t\t\t\t<\/div>\n\t\t\t\t\t<\/div>\n\t\t\t\t<\/div>\n\t\t<div data-particle_enable=\"false\" data-particle-mobile-disabled=\"false\" class=\"elementor-element elementor-element-b95520c e-flex e-con-boxed e-con e-parent\" data-id=\"b95520c\" data-element_type=\"container\" data-e-type=\"container\">\n\t\t\t\t\t<div class=\"e-con-inner\">\n\t\t\t\t<div class=\"elementor-element elementor-element-4d3e48d elementor-widget elementor-widget-text-editor\" data-id=\"4d3e48d\" data-element_type=\"widget\" data-e-type=\"widget\" data-widget_type=\"text-editor.default\">\n\t\t\t\t\t\t\t\t\t<p><a href=\"https:\/\/soymigrante.com\/revista\/procesion-acuatica-del-nino-dios-en-amatitlan-fe-tradicion-y-una-cronica-de-la-infancia\/\" target=\"_blank\" rel=\"noopener\">El v\u00ednculo entre la cruz y el trabajo de construcci\u00f3n es m\u00e1s que simb\u00f3lico.<\/a> Para muchos alba\u00f1iles, el trabajo diario implica riesgos f\u00edsicos, esfuerzo extremo y una gran responsabilidad. El D\u00eda de la Cruz se convirti\u00f3 en el D\u00eda del Alba\u00f1il precisamente por ese acto de poner la cruz en lo m\u00e1s alto, que ha sido tradicionalmente una tarea del maestro de obra o su equipo.<\/p><p>Seg\u00fan el historiador Jorge Samayoa, \u201cla costumbre de colocar la cruz en las construcciones fue adoptada como un ritual popular entre trabajadores. Con el paso del tiempo, ellos mismos hicieron del 3 de mayo un d\u00eda propio, una jornada para celebrar su labor y reforzar su identidad como gremio\u201d.<\/p>\t\t\t\t\t\t\t\t<\/div>\n\t\t\t\t\t<\/div>\n\t\t\t\t<\/div>\n\t\t<div data-particle_enable=\"false\" data-particle-mobile-disabled=\"false\" class=\"elementor-element elementor-element-08abb7d e-flex e-con-boxed e-con e-parent\" data-id=\"08abb7d\" data-element_type=\"container\" data-e-type=\"container\">\n\t\t\t\t\t<div class=\"e-con-inner\">\n\t\t\t\t<div class=\"elementor-element elementor-element-6876c2f elementor-invisible elementor-widget elementor-widget-facebook-embed\" data-id=\"6876c2f\" data-element_type=\"widget\" data-e-type=\"widget\" data-settings=\"{&quot;_animation&quot;:&quot;zoomInDown&quot;}\" data-widget_type=\"facebook-embed.default\">\n\t\t\t\t\t<div style=\"min-height: 1px\" class=\"elementor-facebook-widget fb-post\" data-href=\"https:\/\/www.facebook.com\/photo.php?fbid=122124576836795674&#038;set=pb.61573870220508.-2207520000&#038;type=3\" data-show-text=\"false\"><\/div>\t\t\t\t<\/div>\n\t\t\t\t\t<\/div>\n\t\t\t\t<\/div>\n\t\t<div data-particle_enable=\"false\" data-particle-mobile-disabled=\"false\" class=\"elementor-element elementor-element-694fd6c e-flex e-con-boxed e-con e-parent\" data-id=\"694fd6c\" data-element_type=\"container\" data-e-type=\"container\">\n\t\t\t\t\t<div class=\"e-con-inner\">\n\t\t\t\t<div class=\"elementor-element elementor-element-dee67ff elementor-widget elementor-widget-heading\" data-id=\"dee67ff\" data-element_type=\"widget\" data-e-type=\"widget\" data-widget_type=\"heading.default\">\n\t\t\t\t\t<h3 class=\"elementor-heading-title elementor-size-default\">Una tradici\u00f3n viva en barrios y aldeas<\/h3>\t\t\t\t<\/div>\n\t\t\t\t\t<\/div>\n\t\t\t\t<\/div>\n\t\t<div data-particle_enable=\"false\" data-particle-mobile-disabled=\"false\" class=\"elementor-element elementor-element-bef6056 e-flex e-con-boxed e-con e-parent\" data-id=\"bef6056\" data-element_type=\"container\" data-e-type=\"container\">\n\t\t\t\t\t<div class=\"e-con-inner\">\n\t\t\t\t<div class=\"elementor-element elementor-element-f551b8f elementor-widget elementor-widget-text-editor\" data-id=\"f551b8f\" data-element_type=\"widget\" data-e-type=\"widget\" data-widget_type=\"text-editor.default\">\n\t\t\t\t\t\t\t\t\t<p>En muchas comunidades guatemaltecas, sobre todo en las zonas rurales y en barrios urbanos con actividad constructiva, <a href=\"https:\/\/soymigrante.com\/revista\/procesion-acuatica-del-nino-dios-en-amatitlan-fe-tradicion-y-una-cronica-de-la-infancia\/\" target=\"_blank\" rel=\"noopener\">el D\u00eda del Alba\u00f1il se celebra con entusiasmo<\/a>. En aldeas como San Juan Sacatep\u00e9quez o en sectores de Mixco, es com\u00fan ver las cruces decoradas desde temprano, acompa\u00f1adas por marimbas, tamales y bebida tradicional.<\/p><p>En algunas familias, los alba\u00f1iles son celebrados por sus seres queridos. \u201cMi esposo lleva 15 a\u00f1os como alba\u00f1il y ese d\u00eda lo consentimos. \u00c9l pone la cruz en la obra donde trabaja y en casa le preparamos su comida favorita\u201d, dice do\u00f1a Miriam, vecina de Villa Nueva.<\/p>\t\t\t\t\t\t\t\t<\/div>\n\t\t\t\t\t<\/div>\n\t\t\t\t<\/div>\n\t\t<div data-particle_enable=\"false\" data-particle-mobile-disabled=\"false\" class=\"elementor-element elementor-element-e20b19b e-flex e-con-boxed e-con e-parent\" data-id=\"e20b19b\" data-element_type=\"container\" data-e-type=\"container\">\n\t\t\t\t\t<div class=\"e-con-inner\">\n\t\t\t\t<div class=\"elementor-element elementor-element-e203f0a elementor-widget elementor-widget-heading\" data-id=\"e203f0a\" data-element_type=\"widget\" data-e-type=\"widget\" data-widget_type=\"heading.default\">\n\t\t\t\t\t<h3 class=\"elementor-heading-title elementor-size-default\">M\u00e1s que un oficio, un legado<\/h3>\t\t\t\t<\/div>\n\t\t\t\t\t<\/div>\n\t\t\t\t<\/div>\n\t\t<div data-particle_enable=\"false\" data-particle-mobile-disabled=\"false\" class=\"elementor-element elementor-element-4b7a5b1 e-flex e-con-boxed e-con e-parent\" data-id=\"4b7a5b1\" data-element_type=\"container\" data-e-type=\"container\">\n\t\t\t\t\t<div class=\"e-con-inner\">\n\t\t\t\t<div class=\"elementor-element elementor-element-4ce88aa elementor-widget elementor-widget-text-editor\" data-id=\"4ce88aa\" data-element_type=\"widget\" data-e-type=\"widget\" data-widget_type=\"text-editor.default\">\n\t\t\t\t\t\t\t\t\t<p><a href=\"https:\/\/soymigrante.com\/revista\/procesion-acuatica-del-nino-dios-en-amatitlan-fe-tradicion-y-una-cronica-de-la-infancia\/\" target=\"_blank\" rel=\"noopener\">El trabajo de los alba\u00f1iles no solo da forma a casas, edificios y calles, sino tambi\u00e9n a una parte esencial de la econom\u00eda informal en Guatemala.<\/a> Seg\u00fan datos del Instituto Nacional de Estad\u00edstica (INE), miles de guatemaltecos se dedican al trabajo de la construcci\u00f3n, muchos de ellos sin contratos formales ni seguridad social.<\/p><p>Aun as\u00ed, el orgullo de construir y dejar huella es fuerte. \u201cUno no estudi\u00f3, pero este trabajo es lo que me ha dado de comer toda la vida. Cada 3 de mayo, al ver la cruz, me siento agradecido con Dios por tener trabajo\u201d, comenta don Miguel Garc\u00eda, otro maestro de obra entrevistado.<\/p>\t\t\t\t\t\t\t\t<\/div>\n\t\t\t\t\t<\/div>\n\t\t\t\t<\/div>\n\t\t<div data-particle_enable=\"false\" data-particle-mobile-disabled=\"false\" class=\"elementor-element elementor-element-1009dc7 e-flex e-con-boxed e-con e-parent\" data-id=\"1009dc7\" data-element_type=\"container\" data-e-type=\"container\">\n\t\t\t\t\t<div class=\"e-con-inner\">\n\t\t\t\t<div class=\"elementor-element elementor-element-cf157e5 elementor-invisible elementor-widget elementor-widget-facebook-embed\" data-id=\"cf157e5\" data-element_type=\"widget\" data-e-type=\"widget\" data-settings=\"{&quot;_animation&quot;:&quot;zoomInDown&quot;}\" data-widget_type=\"facebook-embed.default\">\n\t\t\t\t\t<div style=\"min-height: 1px\" class=\"elementor-facebook-widget fb-post\" data-href=\"https:\/\/www.facebook.com\/photo.php?fbid=122118599354795674&#038;set=pb.61573870220508.-2207520000&#038;type=3\" data-show-text=\"false\"><\/div>\t\t\t\t<\/div>\n\t\t\t\t\t<\/div>\n\t\t\t\t<\/div>\n\t\t<div data-particle_enable=\"false\" data-particle-mobile-disabled=\"false\" class=\"elementor-element elementor-element-02a2b9d e-flex e-con-boxed e-con e-parent\" data-id=\"02a2b9d\" data-element_type=\"container\" data-e-type=\"container\">\n\t\t\t\t\t<div class=\"e-con-inner\">\n\t\t\t\t<div class=\"elementor-element elementor-element-03f5b3f elementor-widget elementor-widget-heading\" data-id=\"03f5b3f\" data-element_type=\"widget\" data-e-type=\"widget\" data-widget_type=\"heading.default\">\n\t\t\t\t\t<h3 class=\"elementor-heading-title elementor-size-default\">Una cruz que une fe, tradici\u00f3n y lucha<\/h3>\t\t\t\t<\/div>\n\t\t\t\t\t<\/div>\n\t\t\t\t<\/div>\n\t\t<div data-particle_enable=\"false\" data-particle-mobile-disabled=\"false\" class=\"elementor-element elementor-element-3cb03af e-flex e-con-boxed e-con e-parent\" data-id=\"3cb03af\" data-element_type=\"container\" data-e-type=\"container\">\n\t\t\t\t\t<div class=\"e-con-inner\">\n\t\t\t\t<div class=\"elementor-element elementor-element-61c4633 elementor-widget elementor-widget-text-editor\" data-id=\"61c4633\" data-element_type=\"widget\" data-e-type=\"widget\" data-widget_type=\"text-editor.default\">\n\t\t\t\t\t\t\t\t\t<p>El D\u00eda de la Cruz como D\u00eda del Alba\u00f1il en Guatemala es una muestra de c\u00f3mo las tradiciones religiosas pueden volverse parte del tejido social y cultural del pa\u00eds. Es un d\u00eda para rendir homenaje a quienes, sin aparecer en los titulares, levantan con esfuerzo el futuro de muchas familias.<\/p><p><a href=\"https:\/\/soymigrante.com\/revista\/procesion-acuatica-del-nino-dios-en-amatitlan-fe-tradicion-y-una-cronica-de-la-infancia\/\" target=\"_blank\" rel=\"noopener\">Desde los pueblos hasta las grandes ciudades, cada 3 de mayo, las cruces en lo alto no solo se\u00f1alan una obra en construcci\u00f3n.<\/a> Tambi\u00e9n representan fe, respeto, dignidad y el derecho a un trabajo justo.<\/p>\t\t\t\t\t\t\t\t<\/div>\n\t\t\t\t\t<\/div>\n\t\t\t\t<\/div>\n\t\t<div data-particle_enable=\"false\" data-particle-mobile-disabled=\"false\" class=\"elementor-element elementor-element-0c2e936 e-flex e-con-boxed e-con e-parent\" data-id=\"0c2e936\" data-element_type=\"container\" data-e-type=\"container\">\n\t\t\t\t\t<div class=\"e-con-inner\">\n\t\t\t\t<div class=\"elementor-element elementor-element-45ee0a3 elementor-widget elementor-widget-heading\" data-id=\"45ee0a3\" data-element_type=\"widget\" data-e-type=\"widget\" data-widget_type=\"heading.default\">\n\t\t\t\t\t<h2 class=\"elementor-heading-title elementor-size-default\">Conoce m\u00e1s de Guatemala, ac\u00e1...<\/h2>\t\t\t\t<\/div>\n\t\t\t\t\t<\/div>\n\t\t\t\t<\/div>\n\t\t<div data-particle_enable=\"false\" data-particle-mobile-disabled=\"false\" class=\"elementor-element elementor-element-8ff5334 e-flex e-con-boxed e-con e-parent\" data-id=\"8ff5334\" data-element_type=\"container\" data-e-type=\"container\">\n\t\t\t\t\t<div class=\"e-con-inner\">\n\t\t\t\t<div class=\"elementor-element elementor-element-a738bd7 elementor-grid-eael-col-3 elementor-grid-tablet-eael-col-2 elementor-grid-mobile-eael-col-1 elementor-widget elementor-widget-eael-post-grid\" data-id=\"a738bd7\" data-element_type=\"widget\" data-e-type=\"widget\" data-settings=\"{&quot;eael_post_grid_columns&quot;:&quot;eael-col-3&quot;,&quot;eael_post_grid_columns_tablet&quot;:&quot;eael-col-2&quot;,&quot;eael_post_grid_columns_mobile&quot;:&quot;eael-col-1&quot;}\" data-widget_type=\"eael-post-grid.default\">\n\t\t\t\t\t<div id=\"eael-post-grid-a738bd7\" class=\"eael-post-grid-container\">\n            <div class=\"eael-post-grid eael-post-appender eael-post-appender-a738bd7 eael-post-grid-style-one\" data-layout-mode=\"masonry\"><article class=\"eael-grid-post  eael-post-grid-column eael-pg-post-24551 category-guate-nuestra\" data-id=\"24551\">\n        <div class=\"eael-grid-post-holder\">\n            <div class=\"eael-grid-post-holder-inner\"><div class=\"eael-entry-media\"><div class=\"eael-entry-overlay fade-in\"><i class=\"far fa-hand-pointer\" aria-hidden=\"true\"><\/i><a href=\"https:\/\/soymigrante.com\/revista\/santa-catarina-palopo-7-kilometros-de-encanto-en-la-ribera-noreste-del-lago-de-atitlan\/\"><\/a><\/div><div class=\"eael-entry-thumbnail \">\n                <img decoding=\"async\" width=\"452\" height=\"452\" src=\"https:\/\/soymigrante.com\/revista\/wp-content\/uploads\/2025\/02\/santa-catarina-palopo2.webp\" class=\"attachment-large size-large wp-image-24620\" alt=\"Imagen de una feria tradicional en un pueblo mexicano con monta\u00f1as y r\u00edo al fondo, ideal para art\u00edculos sobre cultura, festivales y vida comunitaria en M\u00e9xico.\" srcset=\"https:\/\/soymigrante.com\/revista\/wp-content\/uploads\/2025\/02\/santa-catarina-palopo2.webp 452w, https:\/\/soymigrante.com\/revista\/wp-content\/uploads\/2025\/02\/santa-catarina-palopo2-300x300.jpg 300w, https:\/\/soymigrante.com\/revista\/wp-content\/uploads\/2025\/02\/santa-catarina-palopo2-150x150.jpg 150w, https:\/\/soymigrante.com\/revista\/wp-content\/uploads\/2025\/02\/santa-catarina-palopo2-75x75.webp 75w\" sizes=\"(max-width: 452px) 100vw, 452px\" \/>\n            <\/div>\n        <\/div><div class=\"eael-entry-wrapper\"><header class=\"eael-entry-header\"><h2 class=\"eael-entry-title\"><a class=\"eael-grid-post-link\" href=\"https:\/\/soymigrante.com\/revista\/santa-catarina-palopo-7-kilometros-de-encanto-en-la-ribera-noreste-del-lago-de-atitlan\/\" title=\"Santa Catarina Palop\u00f3: 7 kil\u00f3metros de encanto en la ribera noreste del lago de Atitl\u00e1n\">Santa Catarina Palop\u00f3: 7 kil\u00f3metros de encanto en la ribera noreste del lago de Atitl\u00e1n<\/a><\/h2><\/header><div class=\"eael-entry-content\">\n                        <div class=\"eael-grid-post-excerpt\"><a href=\"https:\/\/soymigrante.com\/revista\/santa-catarina-palopo-7-kilometros-de-encanto-en-la-ribera-noreste-del-lago-de-atitlan\/\" class=\"eael-post-elements-readmore-btn\">CONOCE SU HISTORIA <\/a><\/div>\n                    <\/div><\/div><\/div>\n        <\/div>\n    <\/article><article class=\"eael-grid-post  eael-post-grid-column eael-pg-post-13339 category-guate-nuestra\" data-id=\"13339\">\n        <div class=\"eael-grid-post-holder\">\n            <div class=\"eael-grid-post-holder-inner\"><div class=\"eael-entry-media\"><div class=\"eael-entry-overlay fade-in\"><i class=\"far fa-hand-pointer\" aria-hidden=\"true\"><\/i><a href=\"https:\/\/soymigrante.com\/revista\/van-a-quemar-el-torito-una-tradicion-de-polvora-y-luces-al-final-de-la-procesion\/\"><\/a><\/div><div class=\"eael-entry-thumbnail \">\n                <img decoding=\"async\" width=\"1024\" height=\"1024\" src=\"https:\/\/soymigrante.com\/revista\/wp-content\/uploads\/2024\/11\/torito-guatemalteco-e1731691971620-1024x1024.jpg\" class=\"attachment-large size-large wp-image-13341\" alt=\"Barras de p\u00f3lvora y fuegos artificiales en celebraci\u00f3n tradicional en M\u00e9xico, con gran afluencia de p\u00fablico durante la noche.\" srcset=\"https:\/\/soymigrante.com\/revista\/wp-content\/uploads\/2024\/11\/torito-guatemalteco-e1731691971620-1024x1024.jpg 1024w, https:\/\/soymigrante.com\/revista\/wp-content\/uploads\/2024\/11\/torito-guatemalteco-e1731691971620-300x300.jpg 300w, https:\/\/soymigrante.com\/revista\/wp-content\/uploads\/2024\/11\/torito-guatemalteco-e1731691971620-150x150.jpg 150w, https:\/\/soymigrante.com\/revista\/wp-content\/uploads\/2024\/11\/torito-guatemalteco-e1731691971620-768x768.jpg 768w, https:\/\/soymigrante.com\/revista\/wp-content\/uploads\/2024\/11\/torito-guatemalteco-e1731691971620-75x75.webp 75w, https:\/\/soymigrante.com\/revista\/wp-content\/uploads\/2024\/11\/torito-guatemalteco-e1731691971620-750x750.webp 750w, https:\/\/soymigrante.com\/revista\/wp-content\/uploads\/2024\/11\/torito-guatemalteco-e1731691971620-1140x1140.webp 1140w, https:\/\/soymigrante.com\/revista\/wp-content\/uploads\/2024\/11\/torito-guatemalteco-e1731691971620.webp 1150w\" sizes=\"(max-width: 1024px) 100vw, 1024px\" \/>\n            <\/div>\n        <\/div><div class=\"eael-entry-wrapper\"><header class=\"eael-entry-header\"><h2 class=\"eael-entry-title\"><a class=\"eael-grid-post-link\" href=\"https:\/\/soymigrante.com\/revista\/van-a-quemar-el-torito-una-tradicion-de-polvora-y-luces-al-final-de-la-procesion\/\" title=\"Quema del Torito cierra procesiones festivas en pueblos y barrios de Guatemala\">Quema del Torito cierra procesiones festivas en pueblos y barrios de Guatemala<\/a><\/h2><\/header><div class=\"eael-entry-content\">\n                        <div class=\"eael-grid-post-excerpt\"><a href=\"https:\/\/soymigrante.com\/revista\/van-a-quemar-el-torito-una-tradicion-de-polvora-y-luces-al-final-de-la-procesion\/\" class=\"eael-post-elements-readmore-btn\">CONOCE SU HISTORIA <\/a><\/div>\n                    <\/div><\/div><\/div>\n        <\/div>\n    <\/article><article class=\"eael-grid-post  eael-post-grid-column eael-pg-post-2456 category-guate-nuestra tags-danzas-de-guatemala\" data-id=\"2456\">\n        <div class=\"eael-grid-post-holder\">\n            <div class=\"eael-grid-post-holder-inner\"><div class=\"eael-entry-media\"><div class=\"eael-entry-overlay fade-in\"><i class=\"far fa-hand-pointer\" aria-hidden=\"true\"><\/i><a href=\"https:\/\/soymigrante.com\/revista\/guatemala-danza-el-palo-volador-en-joyabaj-cubulco-o-chichicastenango-siempre-es-memorable\/\"><\/a><\/div><div class=\"eael-entry-thumbnail \">\n                <img loading=\"lazy\" decoding=\"async\" width=\"1024\" height=\"604\" src=\"https:\/\/soymigrante.com\/revista\/wp-content\/uploads\/2023\/09\/Captura-de-pantalla-2023-09-04-073800-e1693837574983-1024x604.webp\" class=\"attachment-large size-large wp-image-2458\" alt=\"Los monos Hun Batz y Hun Chouen en lo alto del palo antes de descender. Captura de pantalla de video de TV Asunci\u00f3n Joyabaj.\" srcset=\"https:\/\/soymigrante.com\/revista\/wp-content\/uploads\/2023\/09\/Captura-de-pantalla-2023-09-04-073800-e1693837574983-1024x604.webp 1024w, https:\/\/soymigrante.com\/revista\/wp-content\/uploads\/2023\/09\/Captura-de-pantalla-2023-09-04-073800-e1693837574983-300x177.webp 300w, https:\/\/soymigrante.com\/revista\/wp-content\/uploads\/2023\/09\/Captura-de-pantalla-2023-09-04-073800-e1693837574983-768x453.webp 768w, https:\/\/soymigrante.com\/revista\/wp-content\/uploads\/2023\/09\/Captura-de-pantalla-2023-09-04-073800-e1693837574983-750x442.webp 750w, https:\/\/soymigrante.com\/revista\/wp-content\/uploads\/2023\/09\/Captura-de-pantalla-2023-09-04-073800-e1693837574983-1140x673.webp 1140w, https:\/\/soymigrante.com\/revista\/wp-content\/uploads\/2023\/09\/Captura-de-pantalla-2023-09-04-073800-e1693837574983.webp 1256w\" sizes=\"(max-width: 1024px) 100vw, 1024px\" \/>\n            <\/div>\n        <\/div><div class=\"eael-entry-wrapper\"><header class=\"eael-entry-header\"><h2 class=\"eael-entry-title\"><a class=\"eael-grid-post-link\" href=\"https:\/\/soymigrante.com\/revista\/guatemala-danza-el-palo-volador-en-joyabaj-cubulco-o-chichicastenango-siempre-es-memorable\/\" title=\"Danzas de Guatemala: El Palo Volador en Joyabaj, Cubulco o Chichicastenango es inolvidable\">Danzas de Guatemala: El Palo Volador en Joyabaj, Cubulco o Chichicastenango es inolvidable<\/a><\/h2><\/header><div class=\"eael-entry-content\">\n                        <div class=\"eael-grid-post-excerpt\"><a href=\"https:\/\/soymigrante.com\/revista\/guatemala-danza-el-palo-volador-en-joyabaj-cubulco-o-chichicastenango-siempre-es-memorable\/\" class=\"eael-post-elements-readmore-btn\">CONOCE SU HISTORIA <\/a><\/div>\n                    <\/div><\/div><\/div>\n        <\/div>\n    <\/article><\/div>\n            <div class=\"clearfix\"><\/div>\n        <\/div>\t\t\t\t<\/div>\n\t\t\t\t\t<\/div>\n\t\t\t\t<\/div>\n\t\t\t\t<\/div>\n\t\t","protected":false},"excerpt":{"rendered":"<p>D\u00eda de la Cruz y una celebraci\u00f3n para los alba\u00f1iles en Guatemala. Cada 3 de mayo, los andamios, bloques y cemento se adornan con flores, serpentinas y una cruz en lo alto. El D\u00eda de la Cruz, una fecha de origen religioso, se ha convertido tambi\u00e9n en Guatemala en el D\u00eda del Alba\u00f1il, una tradici\u00f3n [&hellip;]<\/p>\n","protected":false},"author":19,"featured_media":32409,"comment_status":"open","ping_status":"open","sticky":false,"template":"","format":"standard","meta":{"_acf_changed":false,"_eb_attr":"","footnotes":""},"categories":[58],"tags":[],"class_list":["post-31919","post","type-post","status-publish","format-standard","has-post-thumbnail","hentry","category-guate-nuestra"],"acf":[],"aioseo_notices":[],"aioseo_head":"\n\t\t<!-- All in One SEO Pro 4.9.6.2 - aioseo.com -->\n\t<meta name=\"description\" content=\"La danza del Palo Volador evoca la conversi\u00f3n de los gemelos Hun Batz y Hun Chouen en micos a causa de sus acciones. Pero tambi\u00e9n es un mensaje desde el cielo\" \/>\n\t<meta name=\"robots\" content=\"max-snippet:-1, max-image-preview:large, max-video-preview:-1\" \/>\n\t<meta name=\"author\" content=\"Gustavo Montenegro\"\/>\n\t<link rel=\"canonical\" href=\"https:\/\/soymigrante.com\/revista\/guatemala-danza-el-palo-volador-en-joyabaj-cubulco-o-chichicastenango-siempre-es-memorable\/\" \/>\n\t<meta name=\"generator\" content=\"All in One SEO Pro (AIOSEO) 4.9.6.2\" \/>\n\n\t\t<link rel=\"preconnect\" href=\"https:\/\/fonts.googleapis.com\" crossorigin>\n<link rel=\"preconnect\" href=\"https:\/\/fonts.gstatic.com\" crossorigin>\n\t\t<meta property=\"og:locale\" content=\"es_ES\" \/>\n\t\t<meta property=\"og:site_name\" content=\"SoyMigrante.com REVISTA \u2013 Nuestra misi\u00f3n es reconocer y dignificar al migrante.\" \/>\n\t\t<meta property=\"og:type\" content=\"article\" \/>\n\t\t<meta property=\"og:title\" content=\"Danzas de Guatemala: El Palo Volador en Joyabaj, Cubulco o Chichicastenango es inolvidable\" \/>\n\t\t<meta property=\"og:description\" content=\"La danza del Palo Volador evoca la conversi\u00f3n de los gemelos Hun Batz y Hun Chouen en micos a causa de sus acciones. Pero tambi\u00e9n es un mensaje desde el cielo\" \/>\n\t\t<meta property=\"og:url\" content=\"https:\/\/soymigrante.com\/revista\/guatemala-danza-el-palo-volador-en-joyabaj-cubulco-o-chichicastenango-siempre-es-memorable\/\" \/>\n\t\t<meta property=\"og:image\" content=\"https:\/\/soymigrante.com\/revista\/wp-content\/uploads\/2023\/09\/Captura-de-pantalla-2023-09-04-073800-e1693837574983.webp\" \/>\n\t\t<meta property=\"og:image:secure_url\" content=\"https:\/\/soymigrante.com\/revista\/wp-content\/uploads\/2023\/09\/Captura-de-pantalla-2023-09-04-073800-e1693837574983.webp\" \/>\n\t\t<meta property=\"og:image:width\" content=\"1256\" \/>\n\t\t<meta property=\"og:image:height\" content=\"741\" \/>\n\t\t<meta property=\"article:published_time\" content=\"2023-09-04T14:24:29+00:00\" \/>\n\t\t<meta property=\"article:modified_time\" content=\"2025-09-16T14:35:17+00:00\" \/>\n\t\t<meta property=\"article:publisher\" content=\"https:\/\/www.facebook.com\/soymigrantecom\" \/>\n\t\t<meta name=\"twitter:card\" content=\"summary_large_image\" \/>\n\t\t<meta name=\"twitter:site\" content=\"@SoyMigrante_com\" \/>\n\t\t<meta name=\"twitter:title\" content=\"Danzas de Guatemala: El Palo Volador en Joyabaj, Cubulco o Chichicastenango es inolvidable\" \/>\n\t\t<meta name=\"twitter:description\" content=\"La danza del Palo Volador evoca la conversi\u00f3n de los gemelos Hun Batz y Hun Chouen en micos a causa de sus acciones. Pero tambi\u00e9n es un mensaje desde el cielo\" \/>\n\t\t<meta name=\"twitter:creator\" content=\"@SoyMigrante_com\" \/>\n\t\t<meta name=\"twitter:image\" content=\"https:\/\/soymigrante.com\/revista\/wp-content\/uploads\/2023\/09\/Captura-de-pantalla-2023-09-04-073800-e1693837574983.webp\" \/>\n\t\t<!-- All in One SEO Pro -->\r\n\t\t<title>Danzas de Guatemala: El Palo Volador en Joyabaj, Cubulco o Chichicastenango es inolvidable<\/title>\n\n","aioseo_head_json":{"title":"Danzas de Guatemala: El Palo Volador en Joyabaj, Cubulco o Chichicastenango es inolvidable","description":"La danza del Palo Volador evoca la conversi\u00f3n de los gemelos Hun Batz y Hun Chouen en micos a causa de sus acciones. Pero tambi\u00e9n es un mensaje desde el cielo","canonical_url":"https:\/\/soymigrante.com\/revista\/guatemala-danza-el-palo-volador-en-joyabaj-cubulco-o-chichicastenango-siempre-es-memorable\/","robots":"max-snippet:-1, max-image-preview:large, max-video-preview:-1","keywords":"","webmasterTools":{"miscellaneous":"&lt;link rel=\"preconnect\" href=\"https:\/\/fonts.googleapis.com\" crossorigin&gt;\n&lt;link rel=\"preconnect\" href=\"https:\/\/fonts.gstatic.com\" crossorigin&gt;"},"schema":null,"og:locale":"es_ES","og:site_name":"SoyMigrante.com REVISTA \u2013 Nuestra misi\u00f3n es reconocer y dignificar al migrante.","og:type":"article","og:title":"Danzas de Guatemala: El Palo Volador en Joyabaj, Cubulco o Chichicastenango es inolvidable","og:description":"La danza del Palo Volador evoca la conversi\u00f3n de los gemelos Hun Batz y Hun Chouen en micos a causa de sus acciones. Pero tambi\u00e9n es un mensaje desde el cielo","og:url":"https:\/\/soymigrante.com\/revista\/guatemala-danza-el-palo-volador-en-joyabaj-cubulco-o-chichicastenango-siempre-es-memorable\/","og:image":"https:\/\/soymigrante.com\/revista\/wp-content\/uploads\/2023\/09\/Captura-de-pantalla-2023-09-04-073800-e1693837574983.webp","og:image:secure_url":"https:\/\/soymigrante.com\/revista\/wp-content\/uploads\/2023\/09\/Captura-de-pantalla-2023-09-04-073800-e1693837574983.webp","og:image:width":1256,"og:image:height":741,"article:published_time":"2023-09-04T14:24:29+00:00","article:modified_time":"2025-09-16T14:35:17+00:00","article:publisher":"https:\/\/www.facebook.com\/soymigrantecom","twitter:card":"summary_large_image","twitter:site":"@SoyMigrante_com","twitter:title":"Danzas de Guatemala: El Palo Volador en Joyabaj, Cubulco o Chichicastenango es inolvidable","twitter:description":"La danza del Palo Volador evoca la conversi\u00f3n de los gemelos Hun Batz y Hun Chouen en micos a causa de sus acciones. Pero tambi\u00e9n es un mensaje desde el cielo","twitter:creator":"@SoyMigrante_com","twitter:image":"https:\/\/soymigrante.com\/revista\/wp-content\/uploads\/2023\/09\/Captura-de-pantalla-2023-09-04-073800-e1693837574983.webp"},"aioseo_meta_data":{"post_id":"31919","title":null,"description":"D\u00eda de la Cruz y una celebraci\u00f3n para los alba\u00f1iles en Guatemala.","keywords":null,"keyphrases":{"focus":{"keyphrase":"D\u00eda de la cruz","score":87,"analysis":{"keyphraseInTitle":{"score":9,"maxScore":9,"error":0},"keyphraseInDescription":{"score":9,"maxScore":9,"error":0},"keyphraseLength":{"score":6,"maxScore":9,"error":1,"length":5},"keyphraseInURL":{"score":5,"maxScore":5,"error":0},"keyphraseInIntroduction":{"score":9,"maxScore":9,"error":0},"keyphraseInSubHeadings":{"score":3,"maxScore":9,"error":1},"keyphraseInImageAlt":{"score":9,"maxScore":9,"error":0},"keywordDensity":{"type":"best","score":9,"maxScore":9,"error":0}}},"additional":[{"keyphrase":"D\u00eda de la cruz","score":93,"analysis":{"keyphraseInDescription":{"score":9,"maxScore":9,"error":0},"keyphraseLength":{"score":6,"maxScore":9,"error":1,"length":5},"keyphraseInIntroduction":{"score":9,"maxScore":9,"error":0},"keyphraseInImageAlt":{"score":9,"maxScore":9,"error":0},"keywordDensity":{"type":"best","score":9,"maxScore":9,"error":0}}},{"keyphrase":"alba\u00f1iles","score":87,"analysis":{"keyphraseInDescription":{"score":9,"maxScore":9,"error":0},"keyphraseLength":{"score":9,"maxScore":9,"error":0,"length":2},"keyphraseInIntroduction":{"score":3,"maxScore":9,"error":1},"keyphraseInImageAlt":{"score":9,"maxScore":9,"error":0},"keywordDensity":{"type":"best","score":9,"maxScore":9,"error":0}}}]},"primary_term":null,"canonical_url":null,"og_title":null,"og_description":null,"og_object_type":"default","og_image_type":"default","og_image_url":null,"og_image_width":null,"og_image_height":null,"og_image_custom_url":null,"og_image_custom_fields":null,"og_video":"","og_custom_url":null,"og_article_section":null,"og_article_tags":null,"twitter_use_og":false,"twitter_card":"default","twitter_image_type":"default","twitter_image_url":null,"twitter_image_custom_url":null,"twitter_image_custom_fields":null,"twitter_title":null,"twitter_description":null,"schema":{"blockGraphs":[],"customGraphs":[],"default":{"data":{"Article":[],"Course":[],"Dataset":[],"FAQPage":[],"Movie":[],"Person":[],"Product":[],"ProductReview":[],"Car":[],"Recipe":[],"Service":[],"SoftwareApplication":[],"WebPage":[]},"graphName":"none","isEnabled":true},"graphs":[]},"schema_type":"default","schema_type_options":null,"pillar_content":false,"robots_default":true,"robots_noindex":false,"robots_noarchive":false,"robots_nosnippet":false,"robots_nofollow":false,"robots_noimageindex":false,"robots_noodp":false,"robots_notranslate":false,"robots_max_snippet":"-1","robots_max_videopreview":"-1","robots_max_imagepreview":"large","priority":null,"frequency":"default","local_seo":null,"seo_analyzer_scan_date":"2025-10-09 04:47:58","breadcrumb_settings":null,"limit_modified_date":false,"reviewed_by":null,"open_ai":"{\"title\":{\"suggestions\":[],\"usage\":0},\"description\":{\"suggestions\":[],\"usage\":0}}","ai":null,"created":"2025-04-25 19:21:04","updated":"2026-02-04 23:28:18"},"aioseo_breadcrumb":"<div class=\"aioseo-breadcrumbs\"><span class=\"aioseo-breadcrumb\">\n\t<a href=\"https:\/\/soymigrante.com\/revista\" title=\"Home\">Home<\/a>\n<\/span><span class=\"aioseo-breadcrumb-separator\">\u00bb<\/span><span class=\"aioseo-breadcrumb\">\n\t<a href=\"https:\/\/soymigrante.com\/revista\/category\/guate-nuestra\/\" title=\"Guate Nuestra\">Guate Nuestra<\/a>\n<\/span><span class=\"aioseo-breadcrumb-separator\">\u00bb<\/span><span class=\"aioseo-breadcrumb\">\n\tD\u00eda de la Cruz: una tradici\u00f3n piadosa de los alba\u00f1iles en Guatemala\n<\/span><\/div>","aioseo_breadcrumb_json":[{"label":"Home","link":"https:\/\/soymigrante.com\/revista"},{"label":"Guate Nuestra","link":"https:\/\/soymigrante.com\/revista\/category\/guate-nuestra\/"},{"label":"D\u00eda de la Cruz: una tradici\u00f3n piadosa de los alba\u00f1iles en Guatemala","link":"https:\/\/soymigrante.com\/revista\/dia-de-la-cruz-una-tradicion-piadosa-de-los-albaniles-en-guatemala\/"}],"_links":{"self":[{"href":"https:\/\/soymigrante.com\/revista\/wp-json\/wp\/v2\/posts\/31919","targetHints":{"allow":["GET"]}}],"collection":[{"href":"https:\/\/soymigrante.com\/revista\/wp-json\/wp\/v2\/posts"}],"about":[{"href":"https:\/\/soymigrante.com\/revista\/wp-json\/wp\/v2\/types\/post"}],"author":[{"embeddable":true,"href":"https:\/\/soymigrante.com\/revista\/wp-json\/wp\/v2\/users\/19"}],"replies":[{"embeddable":true,"href":"https:\/\/soymigrante.com\/revista\/wp-json\/wp\/v2\/comments?post=31919"}],"version-history":[{"count":11,"href":"https:\/\/soymigrante.com\/revista\/wp-json\/wp\/v2\/posts\/31919\/revisions"}],"predecessor-version":[{"id":32413,"href":"https:\/\/soymigrante.com\/revista\/wp-json\/wp\/v2\/posts\/31919\/revisions\/32413"}],"wp:featuredmedia":[{"embeddable":true,"href":"https:\/\/soymigrante.com\/revista\/wp-json\/wp\/v2\/media\/32409"}],"wp:attachment":[{"href":"https:\/\/soymigrante.com\/revista\/wp-json\/wp\/v2\/media?parent=31919"}],"wp:term":[{"taxonomy":"category","embeddable":true,"href":"https:\/\/soymigrante.com\/revista\/wp-json\/wp\/v2\/categories?post=31919"},{"taxonomy":"post_tag","embeddable":true,"href":"https:\/\/soymigrante.com\/revista\/wp-json\/wp\/v2\/tags?post=31919"}],"curies":[{"name":"wp","href":"https:\/\/api.w.org\/{rel}","templated":true}]}}