{"id":31912,"date":"2025-04-25T14:43:54","date_gmt":"2025-04-25T20:43:54","guid":{"rendered":"https:\/\/soymigrante.com\/revista\/?p=31912"},"modified":"2025-07-21T13:22:54","modified_gmt":"2025-07-21T19:22:54","slug":"fortaleza-y-oportunidades-para-mujeres-tejedoras-impulsa-janet-guerra-con-jg-home","status":"publish","type":"post","link":"https:\/\/soymigrante.com\/revista\/fortaleza-y-oportunidades-para-mujeres-tejedoras-impulsa-janet-guerra-con-jg-home\/","title":{"rendered":"Dise\u00f1os originales y oportunidades para tejedoras impulsa Janet Guerra con JG Home"},"content":{"rendered":"\t\t<div data-elementor-type=\"wp-post\" data-elementor-id=\"31912\" class=\"elementor elementor-31912\" data-elementor-post-type=\"post\">\n\t\t\t\t<div data-particle_enable=\"false\" data-particle-mobile-disabled=\"false\" class=\"elementor-element elementor-element-8efef3f e-flex e-con-boxed e-con e-parent\" data-id=\"8efef3f\" data-element_type=\"container\" data-e-type=\"container\">\n\t\t\t\t\t<div class=\"e-con-inner\">\n\t\t\t\t<div class=\"elementor-element elementor-element-0fa2e68 elementor-widget elementor-widget-heading\" data-id=\"0fa2e68\" data-element_type=\"widget\" data-e-type=\"widget\" data-widget_type=\"heading.default\">\n\t\t\t\t\t<h2 class=\"elementor-heading-title elementor-size-default\"><span style=\"font-size: 31.2px\">Janet Guerra es una dise\u00f1adora de modas quetzalteca cuya boutique lleva 15 a\u00f1os en Xela. Hace 2 a\u00f1os inici\u00f3 una l\u00ednea de hogar, JG Home con textiles artesanales de algod\u00f3n, que abre oportunidades para madres mayas que ahora tiene su tienda digital en SoyMigrante.com MERCADO.\n<\/span><\/h2>\t\t\t\t<\/div>\n\t\t\t\t<div class=\"elementor-element elementor-element-2572a23 elementor-widget elementor-widget-html\" data-id=\"2572a23\" data-element_type=\"widget\" data-e-type=\"widget\" data-widget_type=\"html.default\">\n\t\t\t\t\t<div id=\"buzzsprout-player-17467966\"><\/div><script src=\"https:\/\/www.buzzsprout.com\/2444168\/episodes\/17467966-janet-guerra-disena-moda-y-nuevos-futuros-en-jg-home.js?container_id=buzzsprout-player-17467966&player=small\" type=\"text\/javascript\" charset=\"utf-8\"><\/script>\t\t\t\t<\/div>\n\t\t\t\t\t<\/div>\n\t\t\t\t<\/div>\n\t\t<div data-particle_enable=\"false\" data-particle-mobile-disabled=\"false\" class=\"elementor-element elementor-element-2a4ddf0 e-flex e-con-boxed e-con e-parent\" data-id=\"2a4ddf0\" data-element_type=\"container\" data-e-type=\"container\">\n\t\t\t\t\t<div class=\"e-con-inner\">\n\t\t\t\t<div class=\"elementor-element elementor-element-29a4a77 elementor-widget elementor-widget-text-editor\" data-id=\"29a4a77\" data-element_type=\"widget\" data-e-type=\"widget\" data-widget_type=\"text-editor.default\">\n\t\t\t\t\t\t\t\t\t<p>Janet Guerra es una exitosa y visionaria emprendedora y dise\u00f1adora de modas. Su boutique y taller tiene 15 a\u00f1os en <a href=\"https:\/\/soymigrante.com\/revista\/departamentos-de-guatemala-quetzaltenango-tiene-historia-de-500-anos\/\">Quetzaltenango<\/a>. Su esp\u00edritu emprendedor, su propia vivencia y profunda convicci\u00f3n social la llevaron, hace dos a\u00f1os, a dar vida a un nuevo proyecto con una identidad propia: JG Home: una l\u00ednea de accesorios textiles elaborados con algod\u00f3n natural, con dise\u00f1os basados en la est\u00e9tica maya pero transformados con su inspiraci\u00f3n y elaborados por manos mayas.<\/p><p>Janet trae el gusto por la confecci\u00f3n de modas desde ni\u00f1a. Con todo y el \u00e9xito, ella <a href=\"https:\/\/soymigrante.com\/revista\/superar-emociones-negativas-al-migrar\/\">afront\u00f3 una dif\u00edcil situaci\u00f3n familiar de salud.\u00a0<\/a>Necesitaba superarla con trabajo e inspiraci\u00f3n. Fue as\u00ed como naci\u00f3 JG Home, casi como una terapia, pero que se ha convertido en esperanza y espacio para el talento de madres guatemaltecas.<\/p><p><a href=\"https:\/\/soymigrante.com\/mercado\/marketplace\/seller\/profile\/jghome\">JG Home tiene su tienda digital en SoyMigrante.com MERCADO <\/a>, la comunidad que re\u00fane a emprendedores con potenciales compradores de toda Guatemala: un espacio de impulso al desarrollo comunitario a trav\u00e9s del comercio electr\u00f3nico y que busca reconocer, impulsar y dignificar el talento de todos los guatemaltecos que elaboran productos a mano, con cultura, excelencia y dedicaci\u00f3n.<\/p><p>Y esta es la historia de Janet Guerra y JG Home.<\/p>\t\t\t\t\t\t\t\t<\/div>\n\t\t\t\t\t<\/div>\n\t\t\t\t<\/div>\n\t\t<div data-particle_enable=\"false\" data-particle-mobile-disabled=\"false\" class=\"elementor-element elementor-element-4af7b7b e-flex e-con-boxed e-con e-parent\" data-id=\"4af7b7b\" data-element_type=\"container\" data-e-type=\"container\">\n\t\t\t\t\t<div class=\"e-con-inner\">\n\t\t\t\t<div class=\"elementor-element elementor-element-d947e94 elementor-widget elementor-widget-image\" data-id=\"d947e94\" data-element_type=\"widget\" data-e-type=\"widget\" data-widget_type=\"image.default\">\n\t\t\t\t\t\t\t\t\t\t\t\t<figure class=\"wp-caption\">\n\t\t\t\t\t\t\t\t\t\t\t<a href=\"https:\/\/soymigrante.com\/mercado\/marketplace\/seller\/profile\/jghome\">\n\t\t\t\t\t\t\t<img fetchpriority=\"high\" decoding=\"async\" width=\"768\" height=\"576\" src=\"https:\/\/soymigrante.com\/revista\/wp-content\/uploads\/2025\/04\/JG-HOME-JANET-GUERRA-MODISTA-MERCADO-3-1024x768.jpg\" class=\"attachment-large size-large wp-image-31933\" alt=\"Diversas mujeres con trajes tradicionales ind\u00edgenas sosteniendo tejidos, representando la cultura y el talento artesanal en un entorno rural o comunitario.\" srcset=\"https:\/\/soymigrante.com\/revista\/wp-content\/uploads\/2025\/04\/JG-HOME-JANET-GUERRA-MODISTA-MERCADO-3-1024x768.jpg 1024w, https:\/\/soymigrante.com\/revista\/wp-content\/uploads\/2025\/04\/JG-HOME-JANET-GUERRA-MODISTA-MERCADO-3-300x225.jpg 300w, https:\/\/soymigrante.com\/revista\/wp-content\/uploads\/2025\/04\/JG-HOME-JANET-GUERRA-MODISTA-MERCADO-3-768x576.jpg 768w, https:\/\/soymigrante.com\/revista\/wp-content\/uploads\/2025\/04\/JG-HOME-JANET-GUERRA-MODISTA-MERCADO-3-1536x1152.jpg 1536w, https:\/\/soymigrante.com\/revista\/wp-content\/uploads\/2025\/04\/JG-HOME-JANET-GUERRA-MODISTA-MERCADO-3-2048x1536.jpg 2048w, https:\/\/soymigrante.com\/revista\/wp-content\/uploads\/2025\/04\/JG-HOME-JANET-GUERRA-MODISTA-MERCADO-3-750x563.jpg 750w, https:\/\/soymigrante.com\/revista\/wp-content\/uploads\/2025\/04\/JG-HOME-JANET-GUERRA-MODISTA-MERCADO-3-1140x855.jpg 1140w\" sizes=\"(max-width: 768px) 100vw, 768px\" title=\"La emprendedora Janet Guerra impulsa productos textiles de casa con sello guatemalteco y calidad internacional. Ella dise\u00f1a pero tambi\u00e9n ense\u00f1a conceptos de producto y mercadeo a madres tejedoras mayas, a la vez que les apoya para restaurar sus telares tradicionales y preservar su identidad cultural. \u2013 SoyMigrante.com REVISTA\" \/>\t\t\t\t\t\t\t\t<\/a>\n\t\t\t\t\t\t\t\t\t\t\t<figcaption class=\"widget-image-caption wp-caption-text\">Mujeres ind\u00edgenas mostrando tejidos tradicionales en un ambiente comunitario, promoviendo la cultura, el arte y el empleo femenino en comunidades migrantes y originarias.<\/figcaption>\n\t\t\t\t\t\t\t\t\t\t<\/figure>\n\t\t\t\t\t\t\t\t\t<\/div>\n\t\t\t\t\t<\/div>\n\t\t\t\t<\/div>\n\t\t<div data-particle_enable=\"false\" data-particle-mobile-disabled=\"false\" class=\"elementor-element elementor-element-cdb072c e-flex e-con-boxed e-con e-parent\" data-id=\"cdb072c\" data-element_type=\"container\" data-e-type=\"container\">\n\t\t\t\t\t<div class=\"e-con-inner\">\n\t\t\t\t<div class=\"elementor-element elementor-element-ac27515 elementor-widget elementor-widget-heading\" data-id=\"ac27515\" data-element_type=\"widget\" data-e-type=\"widget\" data-widget_type=\"heading.default\">\n\t\t\t\t\t<h3 class=\"elementor-heading-title elementor-size-default\">Un gran sue\u00f1o de moda desde los 10 a\u00f1os<\/h3>\t\t\t\t<\/div>\n\t\t\t\t\t<\/div>\n\t\t\t\t<\/div>\n\t\t<div data-particle_enable=\"false\" data-particle-mobile-disabled=\"false\" class=\"elementor-element elementor-element-a237953 e-flex e-con-boxed e-con e-parent\" data-id=\"a237953\" data-element_type=\"container\" data-e-type=\"container\">\n\t\t\t\t\t<div class=\"e-con-inner\">\n\t\t\t\t<div class=\"elementor-element elementor-element-24b0bf1 elementor-widget elementor-widget-text-editor\" data-id=\"24b0bf1\" data-element_type=\"widget\" data-e-type=\"widget\" data-widget_type=\"text-editor.default\">\n\t\t\t\t\t\t\t\t\t<p>&#8220;Desde peque\u00f1a hac\u00eda bocetos y so\u00f1aba con elaborar mi propia ropa. Hace 10 a\u00f1os estudi\u00e9 la licenciatura en dise\u00f1o de modas. Ya sab\u00eda de costura, pero necesitaba innovar, desarrollar un modelo de negocios. Hace 15 a\u00f1os surgi\u00f3 la boutique y taller, en la cual elaboro vestidos para toda ocasi\u00f3n. Tambi\u00e9n fui agregando otras l\u00edneas, como accesorios para el cabello, ropa de beb\u00e9s, vestidos de gala&#8230; y hace 2 a\u00f1os, JG Home&#8221;, cuenta Janet.<\/p><p>Recuerda que fue durante una Telet\u00f3n que empez\u00f3 a darse a conocer a nivel nacional, al presentar creaciones suyas en un desfile de modas ben\u00e9fico.<\/p><p>En su taller de Moda, Janet genera oportunidades laborales para j\u00f3venes quetzaltecos. Y todo iba bien hasta que Janet pasa una dif\u00edcil prueba, como madre,\u00a0 que tuvo un fuerte impacto emocional en ella.<\/p><p>&#8220;Mi hijo enfrent\u00f3 una dif\u00edcil enfermedad, pero gracias a Dios san\u00f3. Sin embargo en esassituaciones dif\u00edciles, que busca apoyo y a veces no se encuentra. Es cuanto toca, con ayuda de Dios, seguir adelante. Pas\u00e9 por des\u00e1nimo, pero ten\u00eda dos opciones, quedarme tirada o levantarme&#8221;. Fue as\u00ed como empez\u00f3 a crear la l\u00ednea de <a href=\"https:\/\/soymigrante.com\/mercado\/marketplace\/seller\/profile\/jghome\">JG Home.<\/a> Pero fue a\u00fan m\u00e1s all\u00e1.<\/p>\t\t\t\t\t\t\t\t<\/div>\n\t\t\t\t\t<\/div>\n\t\t\t\t<\/div>\n\t\t<div data-particle_enable=\"false\" data-particle-mobile-disabled=\"false\" class=\"elementor-element elementor-element-03ebf6a e-flex e-con-boxed e-con e-parent\" data-id=\"03ebf6a\" data-element_type=\"container\" data-e-type=\"container\">\n\t\t\t\t\t<div class=\"e-con-inner\">\n\t\t\t\t<div class=\"elementor-element elementor-element-44f8659 elementor-widget elementor-widget-image\" data-id=\"44f8659\" data-element_type=\"widget\" data-e-type=\"widget\" data-widget_type=\"image.default\">\n\t\t\t\t\t\t\t\t\t\t\t\t<figure class=\"wp-caption\">\n\t\t\t\t\t\t\t\t\t\t\t<a href=\"https:\/\/soymigrante.com\/mercado\/marketplace\/seller\/profile\/jghome\">\n\t\t\t\t\t\t\t<img decoding=\"async\" width=\"768\" height=\"343\" src=\"https:\/\/soymigrante.com\/revista\/wp-content\/uploads\/2025\/04\/jg-home-janet-guerra-mercado-quetzaltenango-tienda-digital-1024x457.jpg\" class=\"attachment-large size-large wp-image-31934\" alt=\"Coj\u00edn decorativo con dise\u00f1o artesanal, perfecto para decorar hogares con estilo y comodidad. Complemento ideal para salones y dormitorios, disponible en colores y tama\u00f1os variados.\" srcset=\"https:\/\/soymigrante.com\/revista\/wp-content\/uploads\/2025\/04\/jg-home-janet-guerra-mercado-quetzaltenango-tienda-digital-1024x457.jpg 1024w, https:\/\/soymigrante.com\/revista\/wp-content\/uploads\/2025\/04\/jg-home-janet-guerra-mercado-quetzaltenango-tienda-digital-300x134.jpg 300w, https:\/\/soymigrante.com\/revista\/wp-content\/uploads\/2025\/04\/jg-home-janet-guerra-mercado-quetzaltenango-tienda-digital-768x342.jpg 768w, https:\/\/soymigrante.com\/revista\/wp-content\/uploads\/2025\/04\/jg-home-janet-guerra-mercado-quetzaltenango-tienda-digital-1536x685.jpg 1536w, https:\/\/soymigrante.com\/revista\/wp-content\/uploads\/2025\/04\/jg-home-janet-guerra-mercado-quetzaltenango-tienda-digital-750x334.webp 750w, https:\/\/soymigrante.com\/revista\/wp-content\/uploads\/2025\/04\/jg-home-janet-guerra-mercado-quetzaltenango-tienda-digital-1140x508.webp 1140w, https:\/\/soymigrante.com\/revista\/wp-content\/uploads\/2025\/04\/jg-home-janet-guerra-mercado-quetzaltenango-tienda-digital.webp 1821w\" sizes=\"(max-width: 768px) 100vw, 768px\" title=\"La tienda digital de textiles JG Home ya est\u00e1 abierta en SoyMigrante.com MERCADO y tiene actualmente m\u00e1s de 90 productos que pueden ser adquiridos en l\u00ednea y enviados a toda Guatemala. \u2013 SoyMigrante.com REVISTA\" \/>\t\t\t\t\t\t\t\t<\/a>\n\t\t\t\t\t\t\t\t\t\t\t<figcaption class=\"widget-image-caption wp-caption-text\">Decoraci\u00f3n de hogar artesanal en cojines, accesorios de moda hechos a mano que aportan estilo y confort a tu espacio. Amplia variedad de dise\u00f1os, tejidos y colores para decorar con estilo propio.<\/figcaption>\n\t\t\t\t\t\t\t\t\t\t<\/figure>\n\t\t\t\t\t\t\t\t\t<\/div>\n\t\t\t\t\t<\/div>\n\t\t\t\t<\/div>\n\t\t<div data-particle_enable=\"false\" data-particle-mobile-disabled=\"false\" class=\"elementor-element elementor-element-61c745d e-flex e-con-boxed e-con e-parent\" data-id=\"61c745d\" data-element_type=\"container\" data-e-type=\"container\">\n\t\t\t\t\t<div class=\"e-con-inner\">\n\t\t\t\t<div class=\"elementor-element elementor-element-9d55493 elementor-widget elementor-widget-heading\" data-id=\"9d55493\" data-element_type=\"widget\" data-e-type=\"widget\" data-widget_type=\"heading.default\">\n\t\t\t\t\t<h3 class=\"elementor-heading-title elementor-size-default\">\"Convertir la adversidad en trampol\u00edn\" <\/h3>\t\t\t\t<\/div>\n\t\t\t\t\t<\/div>\n\t\t\t\t<\/div>\n\t\t<div data-particle_enable=\"false\" data-particle-mobile-disabled=\"false\" class=\"elementor-element elementor-element-3ee8440 e-flex e-con-boxed e-con e-parent\" data-id=\"3ee8440\" data-element_type=\"container\" data-e-type=\"container\">\n\t\t\t\t\t<div class=\"e-con-inner\">\n\t\t\t\t<div class=\"elementor-element elementor-element-ab1ec32 elementor-widget elementor-widget-text-editor\" data-id=\"ab1ec32\" data-element_type=\"widget\" data-e-type=\"widget\" data-widget_type=\"text-editor.default\">\n\t\t\t\t\t\t\t\t\t<p>&#8220;Al conocer uno ese dolor, ese desgaste emocional, y saber que existen m\u00e1s madres con necesidades, en situaci\u00f3n dif\u00edcil, quiz\u00e1 econ\u00f3mica o familiar, uno descubre la obligaci\u00f3n moral de ayudar a otras personas: de transmitirles la forma de\u00a0 hallar ese mismo coraje, valent\u00eda, decisi\u00f3n que uno logr\u00f3 encontrar. Convertir la adversidad en trampol\u00edn&#8221;.\u00a0<\/p><p>Janet comenz\u00f3 a descubrir talentos de mujeres tejedoras de algod\u00f3n en <a href=\"https:\/\/soymigrante.com\/revista\/departamentos-de-guatemala-quetzaltenango-tiene-historia-de-500-anos\/\">Quetzaltenango<\/a>. Pero no solo era de hacerles pedidos, les apoy\u00f3 a construir o reconstruir sus telares, a valorar lo que sab\u00edan hacer, pero sobre todo valorarse a s\u00ed mismas.\u00a0<\/p><p>&#8220;Ellas me agradecen el hecho de creer en este proyecto, de generar oportunidades para su talento y conocimiento tradicional: pero a\u00fan m\u00e1s agradecida me siento yo con ellas, por mostrarme su valor, su alegr\u00eda, su amor por sus hijos&#8221;. Las tejedoras son en mayor\u00eda madres solteras, que encuentran en <a href=\"https:\/\/soymigrante.com\/mercado\/marketplace\/seller\/profile\/jghome\">JG Home <\/a>una fuente de ingresos.\u00a0<\/p>\t\t\t\t\t\t\t\t<\/div>\n\t\t\t\t\t<\/div>\n\t\t\t\t<\/div>\n\t\t<div data-particle_enable=\"false\" data-particle-mobile-disabled=\"false\" class=\"elementor-element elementor-element-16b614e e-flex e-con-boxed e-con e-parent\" data-id=\"16b614e\" data-element_type=\"container\" data-e-type=\"container\">\n\t\t\t\t\t<div class=\"e-con-inner\">\n\t\t\t\t<div class=\"elementor-element elementor-element-6e38082 elementor-widget elementor-widget-text-editor\" data-id=\"6e38082\" data-element_type=\"widget\" data-e-type=\"widget\" data-widget_type=\"text-editor.default\">\n\t\t\t\t\t\t\t\t\t<h4>Los productos de JG Home impulsan el tejido tradicional elaborado por madres ind\u00edgenas e incluso aporta a la construcci\u00f3n o restauraci\u00f3n de telares artesanales.<\/h4>\t\t\t\t\t\t\t\t<\/div>\n\t\t\t\t\t<\/div>\n\t\t\t\t<\/div>\n\t\t<div data-particle_enable=\"false\" data-particle-mobile-disabled=\"false\" class=\"elementor-element elementor-element-6f65b79 e-flex e-con-boxed e-con e-parent\" data-id=\"6f65b79\" data-element_type=\"container\" data-e-type=\"container\">\n\t\t\t\t\t<div class=\"e-con-inner\">\n\t\t\t\t<div class=\"elementor-element elementor-element-e3abd3d elementor-widget elementor-widget-image\" data-id=\"e3abd3d\" data-element_type=\"widget\" data-e-type=\"widget\" data-widget_type=\"image.default\">\n\t\t\t\t\t\t\t\t\t\t\t\t\t\t\t<img decoding=\"async\" width=\"768\" height=\"960\" src=\"https:\/\/soymigrante.com\/revista\/wp-content\/uploads\/2025\/04\/JG-HOME-JANET-GUERRA-MODISTA-MERCADO-1-819x1024.jpg\" class=\"attachment-large size-large wp-image-31939\" alt=\"Artesanos migrantes trabajando en la construcci\u00f3n de mobiliario de madera en un taller improvisado, reflejando la resiliencia y habilidades de la comunidad migrante en contextos de trabajo informal.\" srcset=\"https:\/\/soymigrante.com\/revista\/wp-content\/uploads\/2025\/04\/JG-HOME-JANET-GUERRA-MODISTA-MERCADO-1-819x1024.jpg 819w, https:\/\/soymigrante.com\/revista\/wp-content\/uploads\/2025\/04\/JG-HOME-JANET-GUERRA-MODISTA-MERCADO-1-240x300.jpg 240w, https:\/\/soymigrante.com\/revista\/wp-content\/uploads\/2025\/04\/JG-HOME-JANET-GUERRA-MODISTA-MERCADO-1-768x960.jpg 768w, https:\/\/soymigrante.com\/revista\/wp-content\/uploads\/2025\/04\/JG-HOME-JANET-GUERRA-MODISTA-MERCADO-1-750x938.webp 750w, https:\/\/soymigrante.com\/revista\/wp-content\/uploads\/2025\/04\/JG-HOME-JANET-GUERRA-MODISTA-MERCADO-1.webp 960w\" sizes=\"(max-width: 768px) 100vw, 768px\" title=\"JG HOME JANET GUERRA MODISTA MERCADO 1 \u2013 SoyMigrante.com REVISTA\" \/>\t\t\t\t\t\t\t\t\t\t\t\t\t\t\t<\/div>\n\t\t\t\t\t<\/div>\n\t\t\t\t<\/div>\n\t\t<div data-particle_enable=\"false\" data-particle-mobile-disabled=\"false\" class=\"elementor-element elementor-element-f6a49be e-flex e-con-boxed e-con e-parent\" data-id=\"f6a49be\" data-element_type=\"container\" data-e-type=\"container\">\n\t\t\t\t\t<div class=\"e-con-inner\">\n\t\t\t\t<div class=\"elementor-element elementor-element-9f96b80 elementor-widget elementor-widget-heading\" data-id=\"9f96b80\" data-element_type=\"widget\" data-e-type=\"widget\" data-widget_type=\"heading.default\">\n\t\t\t\t\t<h3 class=\"elementor-heading-title elementor-size-default\">Calidad de exportaci\u00f3n con coraz\u00f3n quetzalteco<\/h3>\t\t\t\t<\/div>\n\t\t\t\t\t<\/div>\n\t\t\t\t<\/div>\n\t\t<div data-particle_enable=\"false\" data-particle-mobile-disabled=\"false\" class=\"elementor-element elementor-element-9027555 e-flex e-con-boxed e-con e-parent\" data-id=\"9027555\" data-element_type=\"container\" data-e-type=\"container\">\n\t\t\t\t\t<div class=\"e-con-inner\">\n\t\t\t\t<div class=\"elementor-element elementor-element-b6158c2 elementor-widget elementor-widget-text-editor\" data-id=\"b6158c2\" data-element_type=\"widget\" data-e-type=\"widget\" data-widget_type=\"text-editor.default\">\n\t\t\t\t\t\t\t\t\t<p>Son productos originales, artesanales, \u00fanicos pero con calidad de primer nivel: &#8220;Mi objetivo es llegar a un p\u00fablico americano o internacional, por supuesto tambi\u00e9n nacional. Pero nos enfocamos en salir de lo normal: queremos innovar en dise\u00f1o, pero con identidad guatemalteca&#8221;.<\/p><p>&#8220;JG home le da prop\u00f3sito y metas a las madres: y ellas tienen la mejor motivaci\u00f3n para crecer, aprender y salir adelante, es decir, sus hijos&#8221;.<\/p><p>&#8220;<a href=\"https:\/\/soymigrante.com\/mercado\/\">SoyMigrante.com MERCADO<\/a> es una plataforma valios\u00edsima, moderna, de calidad: yo quer\u00eda dar a conocer mis productos, pero la inversi\u00f3n en algo digital es grande. <a href=\"https:\/\/soymigrante.com\/mercado\/\">Todos los integrantes de MERCADO<\/a> me abrieron la puerta sin rodeos, te dan las herramientas y el apoyo&#8221;, cuenta.<\/p>\t\t\t\t\t\t\t\t<\/div>\n\t\t\t\t\t<\/div>\n\t\t\t\t<\/div>\n\t\t<div data-particle_enable=\"false\" data-particle-mobile-disabled=\"false\" class=\"elementor-element elementor-element-dba2942 e-flex e-con-boxed e-con e-parent\" data-id=\"dba2942\" data-element_type=\"container\" data-e-type=\"container\">\n\t\t\t\t\t<div class=\"e-con-inner\">\n\t\t\t\t<div class=\"elementor-element elementor-element-b9fa3eb elementor-widget elementor-widget-html\" data-id=\"b9fa3eb\" data-element_type=\"widget\" data-e-type=\"widget\" data-widget_type=\"html.default\">\n\t\t\t\t\t<iframe src=\"https:\/\/www.facebook.com\/plugins\/video.php?height=314&href=https%3A%2F%2Fwww.facebook.com%2F61556281735718%2Fvideos%2F334453036257022%2F&show_text=true&width=560&t=0\" width=\"560\" height=\"429\" style=\"border:none;overflow:hidden\" scrolling=\"no\" frameborder=\"0\" allowfullscreen=\"true\" allow=\"autoplay; clipboard-write; encrypted-media; picture-in-picture; web-share\" allowFullScreen=\"true\"><\/iframe>\t\t\t\t<\/div>\n\t\t\t\t\t<\/div>\n\t\t\t\t<\/div>\n\t\t<div data-particle_enable=\"false\" data-particle-mobile-disabled=\"false\" class=\"elementor-element elementor-element-2101109 e-flex e-con-boxed e-con e-parent\" data-id=\"2101109\" data-element_type=\"container\" data-e-type=\"container\">\n\t\t\t\t\t<div class=\"e-con-inner\">\n\t\t\t\t<div class=\"elementor-element elementor-element-36dccc8 elementor-widget elementor-widget-heading\" data-id=\"36dccc8\" data-element_type=\"widget\" data-e-type=\"widget\" data-widget_type=\"heading.default\">\n\t\t\t\t\t<h3 class=\"elementor-heading-title elementor-size-default\">\u00bfQu\u00e9 le motiv\u00f3 a abrir su tienda en SoyMigrante.com MERCADO?<\/h3>\t\t\t\t<\/div>\n\t\t\t\t\t<\/div>\n\t\t\t\t<\/div>\n\t\t<div data-particle_enable=\"false\" data-particle-mobile-disabled=\"false\" class=\"elementor-element elementor-element-2fc962f e-flex e-con-boxed e-con e-parent\" data-id=\"2fc962f\" data-element_type=\"container\" data-e-type=\"container\">\n\t\t\t\t\t<div class=\"e-con-inner\">\n\t\t\t\t<div class=\"elementor-element elementor-element-551d24e elementor-widget elementor-widget-text-editor\" data-id=\"551d24e\" data-element_type=\"widget\" data-e-type=\"widget\" data-widget_type=\"text-editor.default\">\n\t\t\t\t\t\t\t\t\t<p>Janet conoci\u00f3 al emprendedor digital Marcos Antil en un vuelo de regreso de EE.UU. a Guatemala. &#8220;Yo hab\u00eda ido a promocionar productos de <a href=\"https:\/\/soymigrante.com\/mercado\/marketplace\/seller\/profile\/jghome\">JG Home<\/a>. En el avi\u00f3n de regreso, un amigo me dijo que Marcos iba en el mismo avi\u00f3n. Le habl\u00e9 y me invit\u00f3 a una conferencia que iba a dar en Quetzaltenango. Le hicimos una pieza personalizada. Me coment\u00f3 que ven\u00eda una plataforma para todos los emprendedores&#8230; y esa es ahora MERCADO. M\u00e1s artesanos y creadores guatemaltecos deber\u00edan aprovecharla&#8221;.<\/p>\n<p>En s\u00edntesis: a trav\u00e9s de JG Home, Janet Guerra no solo celebra la riqueza del arte textil maya, sino que tambi\u00e9n construye puentes de oportunidad para mujeres guatemaltecas, demostrando que la moda y el emprendimiento pueden ser poderosas fuerzas para el bien social.<\/p>\n<div>&nbsp;<\/div>\t\t\t\t\t\t\t\t<\/div>\n\t\t\t\t\t<\/div>\n\t\t\t\t<\/div>\n\t\t<div data-particle_enable=\"false\" data-particle-mobile-disabled=\"false\" class=\"elementor-element elementor-element-f307462 e-flex e-con-boxed e-con e-parent\" data-id=\"f307462\" data-element_type=\"container\" data-e-type=\"container\">\n\t\t\t\t\t<div class=\"e-con-inner\">\n\t\t\t\t<div class=\"elementor-element elementor-element-ab1d1c2 elementor-widget elementor-widget-heading\" data-id=\"ab1d1c2\" data-element_type=\"widget\" data-e-type=\"widget\" data-widget_type=\"heading.default\">\n\t\t\t\t\t<h2 class=\"elementor-heading-title elementor-size-default\">M\u00e1s, mucha m\u00e1s creatividad y emprendimiento guatemalteco<\/h2>\t\t\t\t<\/div>\n\t\t\t\t\t<\/div>\n\t\t\t\t<\/div>\n\t\t<div data-particle_enable=\"false\" data-particle-mobile-disabled=\"false\" class=\"elementor-element elementor-element-9992e5c e-flex e-con-boxed e-con e-parent\" data-id=\"9992e5c\" data-element_type=\"container\" data-e-type=\"container\">\n\t\t\t\t\t<div class=\"e-con-inner\">\n\t\t\t\t<div class=\"elementor-element elementor-element-d7461de elementor-grid-eael-col-3 elementor-grid-tablet-eael-col-2 elementor-grid-mobile-eael-col-1 elementor-widget elementor-widget-eael-post-grid\" data-id=\"d7461de\" data-element_type=\"widget\" data-e-type=\"widget\" data-settings=\"{&quot;eael_post_grid_columns&quot;:&quot;eael-col-3&quot;,&quot;eael_post_grid_columns_tablet&quot;:&quot;eael-col-2&quot;,&quot;eael_post_grid_columns_mobile&quot;:&quot;eael-col-1&quot;}\" data-widget_type=\"eael-post-grid.default\">\n\t\t\t\t\t<div id=\"eael-post-grid-d7461de\" class=\"eael-post-grid-container\">\n            <div class=\"eael-post-grid eael-post-appender eael-post-appender-d7461de eael-post-grid-style-one\" data-layout-mode=\"masonry\"><article class=\"eael-grid-post  eael-post-grid-column eael-pg-post-30577 category-guate-nuestra tags-mercado-emprendedores\" data-id=\"30577\">\n        <div class=\"eael-grid-post-holder\">\n            <div class=\"eael-grid-post-holder-inner\"><div class=\"eael-entry-media\"><div class=\"eael-entry-overlay fade-in\"><i class=\"far fa-hand-pointer\" aria-hidden=\"true\"><\/i><a href=\"https:\/\/soymigrante.com\/revista\/floridalia-teje-bolsas-canastas-y-hermandad-junto-a-mujeres-de-parramos-bolsos-y-bisuteria-ales-ahora-esta-en-mercado\/\"><\/a><\/div><div class=\"eael-entry-thumbnail \">\n                <img loading=\"lazy\" decoding=\"async\" width=\"1009\" height=\"1009\" src=\"https:\/\/soymigrante.com\/revista\/wp-content\/uploads\/2025\/04\/emprendedora-mercado-floridalia-ales-accesorios-2.webp\" class=\"attachment-large size-large wp-image-30579\" alt=\"Artesan\u00edas tejidas a mano por migrantes guatemaltecos, exhibidas en una feria cultural, promoviendo la identidad y el emprendimiento en la comunidad inmigrante.\" srcset=\"https:\/\/soymigrante.com\/revista\/wp-content\/uploads\/2025\/04\/emprendedora-mercado-floridalia-ales-accesorios-2.webp 1009w, https:\/\/soymigrante.com\/revista\/wp-content\/uploads\/2025\/04\/emprendedora-mercado-floridalia-ales-accesorios-2-300x300.jpg 300w, https:\/\/soymigrante.com\/revista\/wp-content\/uploads\/2025\/04\/emprendedora-mercado-floridalia-ales-accesorios-2-150x150.jpg 150w, https:\/\/soymigrante.com\/revista\/wp-content\/uploads\/2025\/04\/emprendedora-mercado-floridalia-ales-accesorios-2-768x768.jpg 768w, https:\/\/soymigrante.com\/revista\/wp-content\/uploads\/2025\/04\/emprendedora-mercado-floridalia-ales-accesorios-2-75x75.webp 75w, https:\/\/soymigrante.com\/revista\/wp-content\/uploads\/2025\/04\/emprendedora-mercado-floridalia-ales-accesorios-2-750x750.webp 750w\" sizes=\"(max-width: 1009px) 100vw, 1009px\" \/>\n            <\/div>\n        <\/div><div class=\"eael-entry-wrapper\"><header class=\"eael-entry-header\"><h2 class=\"eael-entry-title\"><a class=\"eael-grid-post-link\" href=\"https:\/\/soymigrante.com\/revista\/floridalia-teje-bolsas-canastas-y-hermandad-junto-a-mujeres-de-parramos-bolsos-y-bisuteria-ales-ahora-esta-en-mercado\/\" title=\"Floridalia teje bolsas, canastas y hermandad junto a mujeres de Parramos. Bolsos y Bisuteria Ale&#8217;s ahora est\u00e1 en MERCADO\">Floridalia teje bolsas, canastas y hermandad junto a mujeres de Parramos. Bolsos y Bisuteria Ale&#8217;s ahora est\u00e1 en MERCADO<\/a><\/h2><\/header><div class=\"eael-entry-content\">\n                        <div class=\"eael-grid-post-excerpt\"><a href=\"https:\/\/soymigrante.com\/revista\/floridalia-teje-bolsas-canastas-y-hermandad-junto-a-mujeres-de-parramos-bolsos-y-bisuteria-ales-ahora-esta-en-mercado\/\" class=\"eael-post-elements-readmore-btn\">CONOCE SU HISTORIA <\/a><\/div>\n                    <\/div><\/div><\/div>\n        <\/div>\n    <\/article><article class=\"eael-grid-post  eael-post-grid-column eael-pg-post-26386 category-guate-nuestra tags-mercado-emprendedores\" data-id=\"26386\">\n        <div class=\"eael-grid-post-holder\">\n            <div class=\"eael-grid-post-holder-inner\"><div class=\"eael-entry-media\"><div class=\"eael-entry-overlay fade-in\"><i class=\"far fa-hand-pointer\" aria-hidden=\"true\"><\/i><a href=\"https:\/\/soymigrante.com\/revista\/bazar-de-artistas-comalapenses-ofrece-creatividad-y-tradicion-su-tienda-digital\/\"><\/a><\/div><div class=\"eael-entry-thumbnail \">\n                <img loading=\"lazy\" decoding=\"async\" width=\"778\" height=\"778\" src=\"https:\/\/soymigrante.com\/revista\/wp-content\/uploads\/2025\/02\/comalapense.webp\" class=\"attachment-large size-large wp-image-26387\" alt=\"Cultura ind\u00edgena y arte popular mexicana en exposici\u00f3n de SoyMigrante.com REVISTA con recursos art\u00edsticos y culturales.\" srcset=\"https:\/\/soymigrante.com\/revista\/wp-content\/uploads\/2025\/02\/comalapense.webp 778w, https:\/\/soymigrante.com\/revista\/wp-content\/uploads\/2025\/02\/comalapense-300x300.jpg 300w, https:\/\/soymigrante.com\/revista\/wp-content\/uploads\/2025\/02\/comalapense-150x150.jpg 150w, https:\/\/soymigrante.com\/revista\/wp-content\/uploads\/2025\/02\/comalapense-768x768.jpg 768w, https:\/\/soymigrante.com\/revista\/wp-content\/uploads\/2025\/02\/comalapense-75x75.webp 75w, https:\/\/soymigrante.com\/revista\/wp-content\/uploads\/2025\/02\/comalapense-750x750.webp 750w\" sizes=\"(max-width: 778px) 100vw, 778px\" \/>\n            <\/div>\n        <\/div><div class=\"eael-entry-wrapper\"><header class=\"eael-entry-header\"><h2 class=\"eael-entry-title\"><a class=\"eael-grid-post-link\" href=\"https:\/\/soymigrante.com\/revista\/bazar-de-artistas-comalapenses-ofrece-creatividad-y-tradicion-su-tienda-digital\/\" title=\"Bazar de Artistas Comalapenses ofrece creatividad y tradici\u00f3n su tienda digital\">Bazar de Artistas Comalapenses ofrece creatividad y tradici\u00f3n su tienda digital<\/a><\/h2><\/header><div class=\"eael-entry-content\">\n                        <div class=\"eael-grid-post-excerpt\"><a href=\"https:\/\/soymigrante.com\/revista\/bazar-de-artistas-comalapenses-ofrece-creatividad-y-tradicion-su-tienda-digital\/\" class=\"eael-post-elements-readmore-btn\">CONOCE SU HISTORIA <\/a><\/div>\n                    <\/div><\/div><\/div>\n        <\/div>\n    <\/article><article class=\"eael-grid-post  eael-post-grid-column eael-pg-post-14276 category-guate-nuestra tags-mercado-emprendedores\" data-id=\"14276\">\n        <div class=\"eael-grid-post-holder\">\n            <div class=\"eael-grid-post-holder-inner\"><div class=\"eael-entry-media\"><div class=\"eael-entry-overlay fade-in\"><i class=\"far fa-hand-pointer\" aria-hidden=\"true\"><\/i><a href=\"https:\/\/soymigrante.com\/revista\/clinica-la-montana-de-colomba-costa-cuca-ofrece-capsulas-y-terapias-naturistas\/\"><\/a><\/div><div class=\"eael-entry-thumbnail \">\n                <img loading=\"lazy\" decoding=\"async\" width=\"542\" height=\"542\" src=\"https:\/\/soymigrante.com\/revista\/wp-content\/uploads\/2024\/11\/emprendedor-daniel-sanchez-1.webp\" class=\"attachment-large size-large wp-image-14277\" alt=\"Amplio \u00e1rbol de hoja perenne con un hombre sonriendo en medio de la naturaleza, s\u00edmbolo de crecimiento y sostenibilidad para art\u00edculos de agricultura y medio ambiente en SoyMigrante.com REVISTA.\" srcset=\"https:\/\/soymigrante.com\/revista\/wp-content\/uploads\/2024\/11\/emprendedor-daniel-sanchez-1.webp 542w, https:\/\/soymigrante.com\/revista\/wp-content\/uploads\/2024\/11\/emprendedor-daniel-sanchez-1-300x300.jpg 300w, https:\/\/soymigrante.com\/revista\/wp-content\/uploads\/2024\/11\/emprendedor-daniel-sanchez-1-150x150.jpg 150w, https:\/\/soymigrante.com\/revista\/wp-content\/uploads\/2024\/11\/emprendedor-daniel-sanchez-1-75x75.webp 75w\" sizes=\"(max-width: 542px) 100vw, 542px\" \/>\n            <\/div>\n        <\/div><div class=\"eael-entry-wrapper\"><header class=\"eael-entry-header\"><h2 class=\"eael-entry-title\"><a class=\"eael-grid-post-link\" href=\"https:\/\/soymigrante.com\/revista\/clinica-la-montana-de-colomba-costa-cuca-ofrece-capsulas-y-terapias-naturistas\/\" title=\"Danny S\u00e1nchez Mach\u00e1 ofrece productos del Centro Naturista de la Monta\u00f1a, desde Colomba Costa Cuca\">Danny S\u00e1nchez Mach\u00e1 ofrece productos del Centro Naturista de la Monta\u00f1a, desde Colomba Costa Cuca<\/a><\/h2><\/header><div class=\"eael-entry-content\">\n                        <div class=\"eael-grid-post-excerpt\"><a href=\"https:\/\/soymigrante.com\/revista\/clinica-la-montana-de-colomba-costa-cuca-ofrece-capsulas-y-terapias-naturistas\/\" class=\"eael-post-elements-readmore-btn\">CONOCE SU HISTORIA <\/a><\/div>\n                    <\/div><\/div><\/div>\n        <\/div>\n    <\/article><\/div>\n            <div class=\"clearfix\"><\/div>\n        <\/div>\t\t\t\t<\/div>\n\t\t\t\t\t<\/div>\n\t\t\t\t<\/div>\n\t\t\t\t<\/div>\n\t\t","protected":false},"excerpt":{"rendered":"<p>Janet Guerra es una dise\u00f1adora de modas quetzalteca cuya boutique lleva 15 a\u00f1os en Xela. Hace 2 a\u00f1os inici\u00f3 una l\u00ednea de hogar, JG Home con textiles artesanales de algod\u00f3n, que abre oportunidades para madres mayas que ahora tiene su tienda digital en SoyMigrante.com MERCADO. Janet Guerra es una exitosa y visionaria emprendedora y dise\u00f1adora [&hellip;]<\/p>\n","protected":false},"author":7,"featured_media":31914,"comment_status":"open","ping_status":"open","sticky":false,"template":"","format":"standard","meta":{"_acf_changed":false,"_eb_attr":"","footnotes":""},"categories":[58],"tags":[130],"class_list":["post-31912","post","type-post","status-publish","format-standard","has-post-thumbnail","hentry","category-guate-nuestra","tag-mercado-emprendedores"],"acf":[],"aioseo_notices":[],"aioseo_head":"\n\t\t<!-- All in One SEO Pro 4.9.6.2 - aioseo.com -->\n\t<meta name=\"description\" content=\"Danny Sanchez Mach\u00e1 fund\u00f3 el emprendimiento La Monta\u00f1a de tratamientos naturistas. Fue migrante y al estar lejos valor\u00f3 m\u00e1s la naturaleza. Ahora est\u00e1 en MERCADO\" \/>\n\t<meta name=\"robots\" content=\"max-snippet:-1, max-image-preview:large, max-video-preview:-1\" \/>\n\t<meta name=\"author\" content=\"Gustavo Montenegro\"\/>\n\t<link rel=\"canonical\" href=\"https:\/\/soymigrante.com\/revista\/clinica-la-montana-de-colomba-costa-cuca-ofrece-capsulas-y-terapias-naturistas\/\" \/>\n\t<meta name=\"generator\" content=\"All in One SEO Pro (AIOSEO) 4.9.6.2\" \/>\n\n\t\t<link rel=\"preconnect\" href=\"https:\/\/fonts.googleapis.com\" crossorigin>\n<link rel=\"preconnect\" href=\"https:\/\/fonts.gstatic.com\" crossorigin>\n\t\t<meta property=\"og:locale\" content=\"es_ES\" \/>\n\t\t<meta property=\"og:site_name\" content=\"SoyMigrante.com REVISTA \u2013 Nuestra misi\u00f3n es reconocer y dignificar al migrante.\" \/>\n\t\t<meta property=\"og:type\" content=\"article\" \/>\n\t\t<meta property=\"og:title\" content=\"Danny S\u00e1nchez ofrece terapias naturales de centro La Monta\u00f1a\" \/>\n\t\t<meta property=\"og:description\" content=\"Danny Sanchez Mach\u00e1 fund\u00f3 el emprendimiento La Monta\u00f1a de tratamientos naturistas. Fue migrante y al estar lejos valor\u00f3 m\u00e1s la naturaleza. Ahora est\u00e1 en MERCADO\" \/>\n\t\t<meta property=\"og:url\" content=\"https:\/\/soymigrante.com\/revista\/clinica-la-montana-de-colomba-costa-cuca-ofrece-capsulas-y-terapias-naturistas\/\" \/>\n\t\t<meta property=\"og:image\" content=\"https:\/\/soymigrante.com\/revista\/wp-content\/uploads\/2024\/11\/emprendedor-daniel-sanchez-1.webp\" \/>\n\t\t<meta property=\"og:image:secure_url\" content=\"https:\/\/soymigrante.com\/revista\/wp-content\/uploads\/2024\/11\/emprendedor-daniel-sanchez-1.webp\" \/>\n\t\t<meta property=\"og:image:width\" content=\"542\" \/>\n\t\t<meta property=\"og:image:height\" content=\"542\" \/>\n\t\t<meta property=\"article:published_time\" content=\"2024-11-25T17:06:28+00:00\" \/>\n\t\t<meta property=\"article:modified_time\" content=\"2024-11-28T20:17:57+00:00\" \/>\n\t\t<meta property=\"article:publisher\" content=\"https:\/\/www.facebook.com\/soymigrantecom\" \/>\n\t\t<meta name=\"twitter:card\" content=\"summary_large_image\" \/>\n\t\t<meta name=\"twitter:site\" content=\"@SoyMigrante_com\" \/>\n\t\t<meta name=\"twitter:title\" content=\"Danny S\u00e1nchez ofrece terapias naturales de centro La Monta\u00f1a\" \/>\n\t\t<meta name=\"twitter:description\" content=\"Danny Sanchez Mach\u00e1 fund\u00f3 el emprendimiento La Monta\u00f1a de tratamientos naturistas. Fue migrante y al estar lejos valor\u00f3 m\u00e1s la naturaleza. Ahora est\u00e1 en MERCADO\" \/>\n\t\t<meta name=\"twitter:creator\" content=\"@SoyMigrante_com\" \/>\n\t\t<meta name=\"twitter:image\" content=\"https:\/\/soymigrante.com\/revista\/wp-content\/uploads\/2024\/11\/emprendedor-daniel-sanchez-1.webp\" \/>\n\t\t<!-- All in One SEO Pro -->\r\n\t\t<title>Danny S\u00e1nchez ofrece terapias naturales de centro La Monta\u00f1a<\/title>\n\n","aioseo_head_json":{"title":"Danny S\u00e1nchez ofrece terapias naturales de centro La Monta\u00f1a","description":"Danny Sanchez Mach\u00e1 fund\u00f3 el emprendimiento La Monta\u00f1a de tratamientos naturistas. Fue migrante y al estar lejos valor\u00f3 m\u00e1s la naturaleza. Ahora est\u00e1 en MERCADO","canonical_url":"https:\/\/soymigrante.com\/revista\/clinica-la-montana-de-colomba-costa-cuca-ofrece-capsulas-y-terapias-naturistas\/","robots":"max-snippet:-1, max-image-preview:large, max-video-preview:-1","keywords":"","webmasterTools":{"miscellaneous":"&lt;link rel=\"preconnect\" href=\"https:\/\/fonts.googleapis.com\" crossorigin&gt;\n&lt;link rel=\"preconnect\" href=\"https:\/\/fonts.gstatic.com\" crossorigin&gt;"},"schema":null,"og:locale":"es_ES","og:site_name":"SoyMigrante.com REVISTA \u2013 Nuestra misi\u00f3n es reconocer y dignificar al migrante.","og:type":"article","og:title":"Danny S\u00e1nchez ofrece terapias naturales de centro La Monta\u00f1a","og:description":"Danny Sanchez Mach\u00e1 fund\u00f3 el emprendimiento La Monta\u00f1a de tratamientos naturistas. Fue migrante y al estar lejos valor\u00f3 m\u00e1s la naturaleza. Ahora est\u00e1 en MERCADO","og:url":"https:\/\/soymigrante.com\/revista\/clinica-la-montana-de-colomba-costa-cuca-ofrece-capsulas-y-terapias-naturistas\/","og:image":"https:\/\/soymigrante.com\/revista\/wp-content\/uploads\/2024\/11\/emprendedor-daniel-sanchez-1.webp","og:image:secure_url":"https:\/\/soymigrante.com\/revista\/wp-content\/uploads\/2024\/11\/emprendedor-daniel-sanchez-1.webp","og:image:width":542,"og:image:height":542,"article:published_time":"2024-11-25T17:06:28+00:00","article:modified_time":"2024-11-28T20:17:57+00:00","article:publisher":"https:\/\/www.facebook.com\/soymigrantecom","twitter:card":"summary_large_image","twitter:site":"@SoyMigrante_com","twitter:title":"Danny S\u00e1nchez ofrece terapias naturales de centro La Monta\u00f1a","twitter:description":"Danny Sanchez Mach\u00e1 fund\u00f3 el emprendimiento La Monta\u00f1a de tratamientos naturistas. Fue migrante y al estar lejos valor\u00f3 m\u00e1s la naturaleza. Ahora est\u00e1 en MERCADO","twitter:creator":"@SoyMigrante_com","twitter:image":"https:\/\/soymigrante.com\/revista\/wp-content\/uploads\/2024\/11\/emprendedor-daniel-sanchez-1.webp"},"aioseo_meta_data":{"post_id":"31912","title":"Janet Guerra crea oportunidades para tejedoras con JG Home","description":"Una dura prueba de vida llev\u00f3 a la dise\u00f1adora de modas Janet Guerra a crear l\u00ednea JG Home que genera trabajo para madres artesanas quetzaltecas. Ahora est\u00e1 en MERCADO","keywords":null,"keyphrases":{"focus":{"keyphrase":"Mercado","score":68,"analysis":{"keyphraseInTitle":{"score":3,"maxScore":9,"error":1},"keyphraseInDescription":{"score":9,"maxScore":9,"error":0},"keyphraseLength":{"score":9,"maxScore":9,"error":0,"length":1},"keyphraseInURL":{"score":1,"maxScore":5,"error":1},"keyphraseInIntroduction":{"score":3,"maxScore":9,"error":1},"keyphraseInSubHeadings":{"score":3,"maxScore":9,"error":1},"keyphraseInImageAlt":{"score":9,"maxScore":9,"error":0},"keywordDensity":{"type":"best","score":9,"maxScore":9,"error":0}}},"additional":[{"keyphrase":"Janet Guerra","score":100,"analysis":{"keyphraseInDescription":{"score":9,"maxScore":9,"error":0},"keyphraseLength":{"score":9,"maxScore":9,"error":0,"length":2},"keyphraseInIntroduction":{"score":9,"maxScore":9,"error":0},"keyphraseInImageAlt":{"score":9,"maxScore":9,"error":0},"keywordDensity":{"type":"best","score":9,"maxScore":9,"error":0}}},{"keyphrase":"JG HOME","score":100,"analysis":{"keyphraseInDescription":{"score":9,"maxScore":9,"error":0},"keyphraseLength":{"score":9,"maxScore":9,"error":0,"length":2},"keyphraseInIntroduction":{"score":9,"maxScore":9,"error":0},"keyphraseInImageAlt":{"score":9,"maxScore":9,"error":0},"keywordDensity":{"type":"best","score":9,"maxScore":9,"error":0}}},{"keyphrase":"Tejedoras","score":53,"analysis":{"keyphraseInDescription":{"score":3,"maxScore":9,"error":1},"keyphraseLength":{"score":9,"maxScore":9,"error":0,"length":1},"keyphraseInIntroduction":{"score":3,"maxScore":9,"error":1},"keyphraseInImageAlt":{"score":9,"maxScore":9,"error":0},"keywordDensity":{"score":0,"type":"low","maxScore":9,"error":1}}},{"keyphrase":"Quetzaltenango","score":67,"analysis":{"keyphraseInDescription":{"score":3,"maxScore":9,"error":1},"keyphraseLength":{"score":9,"maxScore":9,"error":0,"length":1},"keyphraseInIntroduction":{"score":9,"maxScore":9,"error":0},"keyphraseInImageAlt":{"score":9,"maxScore":9,"error":0},"keywordDensity":{"score":0,"type":"low","maxScore":9,"error":1}}}]},"primary_term":null,"canonical_url":null,"og_title":null,"og_description":null,"og_object_type":"default","og_image_type":"default","og_image_url":null,"og_image_width":null,"og_image_height":null,"og_image_custom_url":null,"og_image_custom_fields":null,"og_video":"","og_custom_url":null,"og_article_section":null,"og_article_tags":null,"twitter_use_og":false,"twitter_card":"default","twitter_image_type":"default","twitter_image_url":null,"twitter_image_custom_url":null,"twitter_image_custom_fields":null,"twitter_title":null,"twitter_description":null,"schema":{"blockGraphs":[],"customGraphs":[],"default":{"data":{"Article":[],"Course":[],"Dataset":[],"FAQPage":[],"Movie":[],"Person":[],"Product":[],"ProductReview":[],"Car":[],"Recipe":[],"Service":[],"SoftwareApplication":[],"WebPage":[]},"graphName":"none","isEnabled":true},"graphs":[]},"schema_type":"default","schema_type_options":null,"pillar_content":false,"robots_default":true,"robots_noindex":false,"robots_noarchive":false,"robots_nosnippet":false,"robots_nofollow":false,"robots_noimageindex":false,"robots_noodp":false,"robots_notranslate":false,"robots_max_snippet":"-1","robots_max_videopreview":"-1","robots_max_imagepreview":"large","priority":null,"frequency":"default","local_seo":null,"seo_analyzer_scan_date":"2025-10-09 04:37:59","breadcrumb_settings":null,"limit_modified_date":false,"reviewed_by":null,"open_ai":"{\"title\":{\"suggestions\":[],\"usage\":0},\"description\":{\"suggestions\":[],\"usage\":0}}","ai":null,"created":"2025-04-25 18:16:25","updated":"2026-02-04 23:21:21"},"aioseo_breadcrumb":"<div class=\"aioseo-breadcrumbs\"><span class=\"aioseo-breadcrumb\">\n\t<a href=\"https:\/\/soymigrante.com\/revista\" title=\"Home\">Home<\/a>\n<\/span><span class=\"aioseo-breadcrumb-separator\">\u00bb<\/span><span class=\"aioseo-breadcrumb\">\n\t<a href=\"https:\/\/soymigrante.com\/revista\/category\/guate-nuestra\/\" title=\"Guate Nuestra\">Guate Nuestra<\/a>\n<\/span><span class=\"aioseo-breadcrumb-separator\">\u00bb<\/span><span class=\"aioseo-breadcrumb\">\n\tDise\u00f1os originales y oportunidades para tejedoras impulsa Janet Guerra con JG Home\n<\/span><\/div>","aioseo_breadcrumb_json":[{"label":"Home","link":"https:\/\/soymigrante.com\/revista"},{"label":"Guate Nuestra","link":"https:\/\/soymigrante.com\/revista\/category\/guate-nuestra\/"},{"label":"Dise\u00f1os originales y oportunidades para tejedoras impulsa Janet Guerra con JG Home","link":"https:\/\/soymigrante.com\/revista\/fortaleza-y-oportunidades-para-mujeres-tejedoras-impulsa-janet-guerra-con-jg-home\/"}],"_links":{"self":[{"href":"https:\/\/soymigrante.com\/revista\/wp-json\/wp\/v2\/posts\/31912","targetHints":{"allow":["GET"]}}],"collection":[{"href":"https:\/\/soymigrante.com\/revista\/wp-json\/wp\/v2\/posts"}],"about":[{"href":"https:\/\/soymigrante.com\/revista\/wp-json\/wp\/v2\/types\/post"}],"author":[{"embeddable":true,"href":"https:\/\/soymigrante.com\/revista\/wp-json\/wp\/v2\/users\/7"}],"replies":[{"embeddable":true,"href":"https:\/\/soymigrante.com\/revista\/wp-json\/wp\/v2\/comments?post=31912"}],"version-history":[{"count":29,"href":"https:\/\/soymigrante.com\/revista\/wp-json\/wp\/v2\/posts\/31912\/revisions"}],"predecessor-version":[{"id":39964,"href":"https:\/\/soymigrante.com\/revista\/wp-json\/wp\/v2\/posts\/31912\/revisions\/39964"}],"wp:featuredmedia":[{"embeddable":true,"href":"https:\/\/soymigrante.com\/revista\/wp-json\/wp\/v2\/media\/31914"}],"wp:attachment":[{"href":"https:\/\/soymigrante.com\/revista\/wp-json\/wp\/v2\/media?parent=31912"}],"wp:term":[{"taxonomy":"category","embeddable":true,"href":"https:\/\/soymigrante.com\/revista\/wp-json\/wp\/v2\/categories?post=31912"},{"taxonomy":"post_tag","embeddable":true,"href":"https:\/\/soymigrante.com\/revista\/wp-json\/wp\/v2\/tags?post=31912"}],"curies":[{"name":"wp","href":"https:\/\/api.w.org\/{rel}","templated":true}]}}