{"id":31810,"date":"2026-02-04T17:34:13","date_gmt":"2026-02-04T23:34:13","guid":{"rendered":"https:\/\/soymigrante.com\/revista\/?p=31810"},"modified":"2026-02-04T17:35:32","modified_gmt":"2026-02-04T23:35:32","slug":"trato-cordial-con-responsabilidad-la-formula-para-el-liderazgo-efectivo","status":"publish","type":"post","link":"https:\/\/soymigrante.com\/revista\/trato-cordial-con-responsabilidad-la-formula-para-el-liderazgo-efectivo\/","title":{"rendered":"Trato cordial con claridad de metas:  f\u00f3rmula infalible para ejercer un liderazgo m\u00e1s efectivo \u00a1Int\u00e9ntalo!"},"content":{"rendered":"\t\t<div data-elementor-type=\"wp-post\" data-elementor-id=\"31810\" class=\"elementor elementor-31810\" data-elementor-post-type=\"post\">\n\t\t\t\t<div data-particle_enable=\"false\" data-particle-mobile-disabled=\"false\" class=\"elementor-element elementor-element-6b918a9 e-flex e-con-boxed e-con e-parent\" data-id=\"6b918a9\" data-element_type=\"container\" data-e-type=\"container\">\n\t\t\t\t\t<div class=\"e-con-inner\">\n\t\t\t\t<div class=\"elementor-element elementor-element-63ee3f3 elementor-widget elementor-widget-heading\" data-id=\"63ee3f3\" data-element_type=\"widget\" data-e-type=\"widget\" data-widget_type=\"heading.default\">\n\t\t\t\t\t<h2 class=\"elementor-heading-title elementor-size-default\">El respeto en el trato no est\u00e1 re\u00f1ido con la exigencia. Claves para dirigir equipos humanos sin autoritarismo ni permisividad, pero con responsabilidad. <\/h2>\t\t\t\t<\/div>\n\t\t\t\t\t<\/div>\n\t\t\t\t<\/div>\n\t\t<div data-particle_enable=\"false\" data-particle-mobile-disabled=\"false\" class=\"elementor-element elementor-element-4bcdb84 e-flex e-con-boxed e-con e-parent\" data-id=\"4bcdb84\" data-element_type=\"container\" data-e-type=\"container\">\n\t\t\t\t\t<div class=\"e-con-inner\">\n\t\t\t\t<div class=\"elementor-element elementor-element-28ebd4a elementor-widget elementor-widget-text-editor\" data-id=\"28ebd4a\" data-element_type=\"widget\" data-e-type=\"widget\" data-widget_type=\"text-editor.default\">\n\t\t\t\t\t\t\t\t\t<p><a href=\"https:\/\/soymigrante.com\/revista\/relaciones-humanas-en-el-trabajo-amigos-o-companeros\/\" target=\"_blank\" rel=\"noopener\">En tiempos donde la salud emocional y el clima laboral se valoran tanto como la productividad<\/a>, surge una pregunta esencial: \u00bfc\u00f3mo dirigir a los trabajadores con cordialidad sin perder el enfoque en las responsabilidades? Expertos en gesti\u00f3n humana coinciden en que el liderazgo efectivo no implica gritar, humillar ni imponer con miedo, sino saber comunicar con claridad, respeto y firmeza.<\/p><p>\u201cUn buen l\u00edder puede exigir resultados, pero tambi\u00e9n preguntar c\u00f3mo se siente su equipo\u201d, dice Ana G\u00f3mez, psic\u00f3loga organizacional. \u201cNo se trata de ser amigos, sino de ser humanos\u201d.<\/p>\t\t\t\t\t\t\t\t<\/div>\n\t\t\t\t\t<\/div>\n\t\t\t\t<\/div>\n\t\t<div data-particle_enable=\"false\" data-particle-mobile-disabled=\"false\" class=\"elementor-element elementor-element-4ee4360 e-flex e-con-boxed e-con e-parent\" data-id=\"4ee4360\" data-element_type=\"container\" data-e-type=\"container\">\n\t\t\t\t\t<div class=\"e-con-inner\">\n\t\t\t\t<div class=\"elementor-element elementor-element-fa6070a elementor-widget elementor-widget-heading\" data-id=\"fa6070a\" data-element_type=\"widget\" data-e-type=\"widget\" data-widget_type=\"heading.default\">\n\t\t\t\t\t<h3 class=\"elementor-heading-title elementor-size-default\">1. Comunicaci\u00f3n clara, tono adecuado<\/h3>\t\t\t\t<\/div>\n\t\t\t\t\t<\/div>\n\t\t\t\t<\/div>\n\t\t<div data-particle_enable=\"false\" data-particle-mobile-disabled=\"false\" class=\"elementor-element elementor-element-edb4cfd e-flex e-con-boxed e-con e-parent\" data-id=\"edb4cfd\" data-element_type=\"container\" data-e-type=\"container\">\n\t\t\t\t\t<div class=\"e-con-inner\">\n\t\t\t\t<div class=\"elementor-element elementor-element-32ab931 elementor-widget elementor-widget-text-editor\" data-id=\"32ab931\" data-element_type=\"widget\" data-e-type=\"widget\" data-widget_type=\"text-editor.default\">\n\t\t\t\t\t\t\t\t\t<p>Dar instrucciones con respeto, sin sarcasmos ni malas formas, crea un ambiente m\u00e1s productivo. El tono en que se dicen las cosas puede motivar o hundir. <a href=\"https:\/\/soymigrante.com\/revista\/relaciones-humanas-en-el-trabajo-amigos-o-companeros\/\" target=\"_blank\" rel=\"noopener\">Evitar frases despectivas o autoritarias permite que el mensaje sea mejor recibido.<\/a><\/p>\t\t\t\t\t\t\t\t<\/div>\n\t\t\t\t\t<\/div>\n\t\t\t\t<\/div>\n\t\t<div data-particle_enable=\"false\" data-particle-mobile-disabled=\"false\" class=\"elementor-element elementor-element-706e958 e-flex e-con-boxed e-con e-parent\" data-id=\"706e958\" data-element_type=\"container\" data-e-type=\"container\">\n\t\t\t\t\t<div class=\"e-con-inner\">\n\t\t\t\t<div class=\"elementor-element elementor-element-9ead940 elementor-widget elementor-widget-heading\" data-id=\"9ead940\" data-element_type=\"widget\" data-e-type=\"widget\" data-widget_type=\"heading.default\">\n\t\t\t\t\t<h3 class=\"elementor-heading-title elementor-size-default\">2. Escuchar tambi\u00e9n es liderar<\/h3>\t\t\t\t<\/div>\n\t\t\t\t\t<\/div>\n\t\t\t\t<\/div>\n\t\t<div data-particle_enable=\"false\" data-particle-mobile-disabled=\"false\" class=\"elementor-element elementor-element-297edda e-flex e-con-boxed e-con e-parent\" data-id=\"297edda\" data-element_type=\"container\" data-e-type=\"container\">\n\t\t\t\t\t<div class=\"e-con-inner\">\n\t\t\t\t<div class=\"elementor-element elementor-element-fb986a3 elementor-widget elementor-widget-text-editor\" data-id=\"fb986a3\" data-element_type=\"widget\" data-e-type=\"widget\" data-widget_type=\"text-editor.default\">\n\t\t\t\t\t\t\t\t\t<p>No basta con mandar. Saber escuchar inquietudes o dificultades del equipo puede prevenir errores, mejorar procesos y fortalecer la confianza. Muchos trabajadores valoran m\u00e1s ser escuchados que recibir incentivos materiales.<\/p>\t\t\t\t\t\t\t\t<\/div>\n\t\t\t\t\t<\/div>\n\t\t\t\t<\/div>\n\t\t<div data-particle_enable=\"false\" data-particle-mobile-disabled=\"false\" class=\"elementor-element elementor-element-726dde2 e-flex e-con-boxed e-con e-parent\" data-id=\"726dde2\" data-element_type=\"container\" data-e-type=\"container\">\n\t\t\t\t\t<div class=\"e-con-inner\">\n\t\t\t\t<div class=\"elementor-element elementor-element-365f5bc elementor-widget elementor-widget-image\" data-id=\"365f5bc\" data-element_type=\"widget\" data-e-type=\"widget\" data-widget_type=\"image.default\">\n\t\t\t\t\t\t\t\t\t\t\t\t<figure class=\"wp-caption\">\n\t\t\t\t\t\t\t\t\t\t<img fetchpriority=\"high\" decoding=\"async\" width=\"1024\" height=\"683\" src=\"https:\/\/soymigrante.com\/revista\/wp-content\/uploads\/2025\/04\/Trato-cordial-con-responsabilidad-la-formula-para-liderar-con-respeto1-1024x683.jpeg\" class=\"attachment-large size-large wp-image-31820\" alt=\"Experto en migraci\u00f3n y derechos laborales en la comunidad hispana, promoviendo inclusi\u00f3n social y oportunidades para migrantes a trav\u00e9s de la revista SoyMigrante.com REVISTA.\" srcset=\"https:\/\/soymigrante.com\/revista\/wp-content\/uploads\/2025\/04\/Trato-cordial-con-responsabilidad-la-formula-para-liderar-con-respeto1-1024x683.jpeg 1024w, https:\/\/soymigrante.com\/revista\/wp-content\/uploads\/2025\/04\/Trato-cordial-con-responsabilidad-la-formula-para-liderar-con-respeto1-300x200.jpeg 300w, https:\/\/soymigrante.com\/revista\/wp-content\/uploads\/2025\/04\/Trato-cordial-con-responsabilidad-la-formula-para-liderar-con-respeto1-768x512.jpeg 768w, https:\/\/soymigrante.com\/revista\/wp-content\/uploads\/2025\/04\/Trato-cordial-con-responsabilidad-la-formula-para-liderar-con-respeto1-1536x1024.jpeg 1536w, https:\/\/soymigrante.com\/revista\/wp-content\/uploads\/2025\/04\/Trato-cordial-con-responsabilidad-la-formula-para-liderar-con-respeto1-750x500.webp 750w, https:\/\/soymigrante.com\/revista\/wp-content\/uploads\/2025\/04\/Trato-cordial-con-responsabilidad-la-formula-para-liderar-con-respeto1-1140x760.webp 1140w, https:\/\/soymigrante.com\/revista\/wp-content\/uploads\/2025\/04\/Trato-cordial-con-responsabilidad-la-formula-para-liderar-con-respeto1.webp 1600w\" sizes=\"(max-width: 1024px) 100vw, 1024px\" title=\"Trato cordial con responsabilidad la f\u00f3rmula para liderar con respeto1 \u2013 SoyMigrante.com REVISTA\" \/>\t\t\t\t\t\t\t\t\t\t\t<figcaption class=\"widget-image-caption wp-caption-text\">Conoce historias y recursos para migrantes en la comunidad hispana, centradas en derechos laborales, integraci\u00f3n y cultura en la revista SoyMigrante.com.<\/figcaption>\n\t\t\t\t\t\t\t\t\t\t<\/figure>\n\t\t\t\t\t\t\t\t\t<\/div>\n\t\t\t\t\t<\/div>\n\t\t\t\t<\/div>\n\t\t<div data-particle_enable=\"false\" data-particle-mobile-disabled=\"false\" class=\"elementor-element elementor-element-d112492 e-flex e-con-boxed e-con e-parent\" data-id=\"d112492\" data-element_type=\"container\" data-e-type=\"container\">\n\t\t\t\t\t<div class=\"e-con-inner\">\n\t\t\t\t<div class=\"elementor-element elementor-element-3e795a1 elementor-widget elementor-widget-heading\" data-id=\"3e795a1\" data-element_type=\"widget\" data-e-type=\"widget\" data-widget_type=\"heading.default\">\n\t\t\t\t\t<h3 class=\"elementor-heading-title elementor-size-default\">3. Establecer l\u00edmites con claridad<\/h3>\t\t\t\t<\/div>\n\t\t\t\t\t<\/div>\n\t\t\t\t<\/div>\n\t\t<div data-particle_enable=\"false\" data-particle-mobile-disabled=\"false\" class=\"elementor-element elementor-element-8c87b45 e-flex e-con-boxed e-con e-parent\" data-id=\"8c87b45\" data-element_type=\"container\" data-e-type=\"container\">\n\t\t\t\t\t<div class=\"e-con-inner\">\n\t\t\t\t<div class=\"elementor-element elementor-element-55589b9 elementor-widget elementor-widget-text-editor\" data-id=\"55589b9\" data-element_type=\"widget\" data-e-type=\"widget\" data-widget_type=\"text-editor.default\">\n\t\t\t\t\t\t\t\t\t<p><a href=\"https:\/\/soymigrante.com\/revista\/relaciones-humanas-en-el-trabajo-amigos-o-companeros\/\" target=\"_blank\" rel=\"noopener\">Ser cordial no significa ser permisivo<\/a>. Las reglas, fechas de entrega y est\u00e1ndares de calidad deben ser claros desde el inicio. Un ambiente amable no excluye el cumplimiento de objetivos.<\/p>\t\t\t\t\t\t\t\t<\/div>\n\t\t\t\t\t<\/div>\n\t\t\t\t<\/div>\n\t\t<div data-particle_enable=\"false\" data-particle-mobile-disabled=\"false\" class=\"elementor-element elementor-element-5289991 e-flex e-con-boxed e-con e-parent\" data-id=\"5289991\" data-element_type=\"container\" data-e-type=\"container\">\n\t\t\t\t\t<div class=\"e-con-inner\">\n\t\t\t\t<div class=\"elementor-element elementor-element-55870cc elementor-widget elementor-widget-heading\" data-id=\"55870cc\" data-element_type=\"widget\" data-e-type=\"widget\" data-widget_type=\"heading.default\">\n\t\t\t\t\t<h3 class=\"elementor-heading-title elementor-size-default\">4. Reconocer, no solo corregir<\/h3>\t\t\t\t<\/div>\n\t\t\t\t\t<\/div>\n\t\t\t\t<\/div>\n\t\t<div data-particle_enable=\"false\" data-particle-mobile-disabled=\"false\" class=\"elementor-element elementor-element-ff53467 e-flex e-con-boxed e-con e-parent\" data-id=\"ff53467\" data-element_type=\"container\" data-e-type=\"container\">\n\t\t\t\t\t<div class=\"e-con-inner\">\n\t\t\t\t<div class=\"elementor-element elementor-element-620e0d1 elementor-widget elementor-widget-text-editor\" data-id=\"620e0d1\" data-element_type=\"widget\" data-e-type=\"widget\" data-widget_type=\"text-editor.default\">\n\t\t\t\t\t\t\t\t\t<p>Un trabajador que solo escucha cr\u00edticas pierde motivaci\u00f3n. Reconocer logros y esfuerzos, incluso peque\u00f1os, impulsa la moral y refuerza el compromiso. El agradecimiento sincero tambi\u00e9n construye lealtad.<\/p>\t\t\t\t\t\t\t\t<\/div>\n\t\t\t\t\t<\/div>\n\t\t\t\t<\/div>\n\t\t<div data-particle_enable=\"false\" data-particle-mobile-disabled=\"false\" class=\"elementor-element elementor-element-7698d97 e-flex e-con-boxed e-con e-parent\" data-id=\"7698d97\" data-element_type=\"container\" data-e-type=\"container\">\n\t\t\t\t\t<div class=\"e-con-inner\">\n\t\t\t\t<div class=\"elementor-element elementor-element-4caff71 elementor-widget elementor-widget-heading\" data-id=\"4caff71\" data-element_type=\"widget\" data-e-type=\"widget\" data-widget_type=\"heading.default\">\n\t\t\t\t\t<h3 class=\"elementor-heading-title elementor-size-default\">5. Dar ejemplo y mantener coherencia<\/h3>\t\t\t\t<\/div>\n\t\t\t\t\t<\/div>\n\t\t\t\t<\/div>\n\t\t<div data-particle_enable=\"false\" data-particle-mobile-disabled=\"false\" class=\"elementor-element elementor-element-ac4adaf e-flex e-con-boxed e-con e-parent\" data-id=\"ac4adaf\" data-element_type=\"container\" data-e-type=\"container\">\n\t\t\t\t\t<div class=\"e-con-inner\">\n\t\t\t\t<div class=\"elementor-element elementor-element-fb38d56 elementor-widget elementor-widget-text-editor\" data-id=\"fb38d56\" data-element_type=\"widget\" data-e-type=\"widget\" data-widget_type=\"text-editor.default\">\n\t\t\t\t\t\t\t\t\t<p>Un l\u00edder que llega tarde, evade responsabilidades o trata mal a otros, pierde autoridad moral. Tratar bien no es debilidad:<a href=\"https:\/\/soymigrante.com\/revista\/relaciones-humanas-en-el-trabajo-amigos-o-companeros\/\" target=\"_blank\" rel=\"noopener\"> es liderazgo con inteligencia emocional.<\/a><\/p>\t\t\t\t\t\t\t\t<\/div>\n\t\t\t\t\t<\/div>\n\t\t\t\t<\/div>\n\t\t<div data-particle_enable=\"false\" data-particle-mobile-disabled=\"false\" class=\"elementor-element elementor-element-1b3008e e-flex e-con-boxed e-con e-parent\" data-id=\"1b3008e\" data-element_type=\"container\" data-e-type=\"container\">\n\t\t\t\t\t<div class=\"e-con-inner\">\n\t\t\t\t<div class=\"elementor-element elementor-element-36f998d elementor-widget elementor-widget-image\" data-id=\"36f998d\" data-element_type=\"widget\" data-e-type=\"widget\" data-widget_type=\"image.default\">\n\t\t\t\t\t\t\t\t\t\t\t\t<figure class=\"wp-caption\">\n\t\t\t\t\t\t\t\t\t\t<img decoding=\"async\" width=\"1024\" height=\"739\" src=\"https:\/\/soymigrante.com\/revista\/wp-content\/uploads\/2025\/04\/Trato-cordial-con-responsabilidad-la-formula-para-liderar-con-respeto3-1024x739.jpeg\" class=\"attachment-large size-large wp-image-31821\" alt=\"Profesional colombiano en ambiente laboral, retrato de hombre de negocios con actitud confiada y segura en oficina moderna. Imagen que representa \u00e9xito, liderazgo y experiencia en el \u00e1mbito empresarial.\" srcset=\"https:\/\/soymigrante.com\/revista\/wp-content\/uploads\/2025\/04\/Trato-cordial-con-responsabilidad-la-formula-para-liderar-con-respeto3-1024x739.jpeg 1024w, https:\/\/soymigrante.com\/revista\/wp-content\/uploads\/2025\/04\/Trato-cordial-con-responsabilidad-la-formula-para-liderar-con-respeto3-300x217.jpeg 300w, https:\/\/soymigrante.com\/revista\/wp-content\/uploads\/2025\/04\/Trato-cordial-con-responsabilidad-la-formula-para-liderar-con-respeto3-768x554.jpeg 768w, https:\/\/soymigrante.com\/revista\/wp-content\/uploads\/2025\/04\/Trato-cordial-con-responsabilidad-la-formula-para-liderar-con-respeto3-1536x1109.jpeg 1536w, https:\/\/soymigrante.com\/revista\/wp-content\/uploads\/2025\/04\/Trato-cordial-con-responsabilidad-la-formula-para-liderar-con-respeto3-120x86.webp 120w, https:\/\/soymigrante.com\/revista\/wp-content\/uploads\/2025\/04\/Trato-cordial-con-responsabilidad-la-formula-para-liderar-con-respeto3-750x541.webp 750w, https:\/\/soymigrante.com\/revista\/wp-content\/uploads\/2025\/04\/Trato-cordial-con-responsabilidad-la-formula-para-liderar-con-respeto3-1140x823.webp 1140w, https:\/\/soymigrante.com\/revista\/wp-content\/uploads\/2025\/04\/Trato-cordial-con-responsabilidad-la-formula-para-liderar-con-respeto3.webp 1600w\" sizes=\"(max-width: 1024px) 100vw, 1024px\" title=\"Trato cordial con responsabilidad la f\u00f3rmula para liderar con respeto3 \u2013 SoyMigrante.com REVISTA\" \/>\t\t\t\t\t\t\t\t\t\t\t<figcaption class=\"widget-image-caption wp-caption-text\">Profesional en migraci\u00f3n y derechos humanos, en un entorno de oficina con colegas trabajando en equipo.<\/figcaption>\n\t\t\t\t\t\t\t\t\t\t<\/figure>\n\t\t\t\t\t\t\t\t\t<\/div>\n\t\t\t\t\t<\/div>\n\t\t\t\t<\/div>\n\t\t<div data-particle_enable=\"false\" data-particle-mobile-disabled=\"false\" class=\"elementor-element elementor-element-e9e9cc2 e-flex e-con-boxed e-con e-parent\" data-id=\"e9e9cc2\" data-element_type=\"container\" data-e-type=\"container\">\n\t\t\t\t\t<div class=\"e-con-inner\">\n\t\t\t\t<div class=\"elementor-element elementor-element-89e1c96 elementor-widget elementor-widget-heading\" data-id=\"89e1c96\" data-element_type=\"widget\" data-e-type=\"widget\" data-widget_type=\"heading.default\">\n\t\t\t\t\t<h3 class=\"elementor-heading-title elementor-size-default\">Ser firme sin perder la humanidad<\/h3>\t\t\t\t<\/div>\n\t\t\t\t\t<\/div>\n\t\t\t\t<\/div>\n\t\t<div data-particle_enable=\"false\" data-particle-mobile-disabled=\"false\" class=\"elementor-element elementor-element-2f2c607 e-flex e-con-boxed e-con e-parent\" data-id=\"2f2c607\" data-element_type=\"container\" data-e-type=\"container\">\n\t\t\t\t\t<div class=\"e-con-inner\">\n\t\t\t\t<div class=\"elementor-element elementor-element-97f72a6 elementor-widget elementor-widget-text-editor\" data-id=\"97f72a6\" data-element_type=\"widget\" data-e-type=\"widget\" data-widget_type=\"text-editor.default\">\n\t\t\t\t\t\t\t\t\t<p>Un trato cordial en el trabajo no solo mejora el ambiente, tambi\u00e9n eleva la eficiencia. <a href=\"https:\/\/soymigrante.com\/revista\/relaciones-humanas-en-el-trabajo-amigos-o-companeros\/\" target=\"_blank\" rel=\"noopener\">La clave est\u00e1 en equilibrar exigencia con empat\u00eda,<\/a> resultados con bienestar, y liderazgo con respeto.<\/p>\t\t\t\t\t\t\t\t<\/div>\n\t\t\t\t\t<\/div>\n\t\t\t\t<\/div>\n\t\t<div data-particle_enable=\"false\" data-particle-mobile-disabled=\"false\" class=\"elementor-element elementor-element-5bea132 e-flex e-con-boxed e-con e-parent\" data-id=\"5bea132\" data-element_type=\"container\" data-e-type=\"container\">\n\t\t\t\t\t<div class=\"e-con-inner\">\n\t\t\t\t<div class=\"elementor-element elementor-element-f5f9115 elementor-widget elementor-widget-heading\" data-id=\"f5f9115\" data-element_type=\"widget\" data-e-type=\"widget\" data-widget_type=\"heading.default\">\n\t\t\t\t\t<h2 class=\"elementor-heading-title elementor-size-default\">Conoce otros temas que te pueden interesar...<\/h2>\t\t\t\t<\/div>\n\t\t\t\t\t<\/div>\n\t\t\t\t<\/div>\n\t\t<div data-particle_enable=\"false\" data-particle-mobile-disabled=\"false\" class=\"elementor-element elementor-element-8c2a57f e-flex e-con-boxed e-con e-parent\" data-id=\"8c2a57f\" data-element_type=\"container\" data-e-type=\"container\">\n\t\t\t\t\t<div class=\"e-con-inner\">\n\t\t\t\t<div class=\"elementor-element elementor-element-c86ffad elementor-grid-eael-col-3 elementor-grid-tablet-eael-col-2 elementor-grid-mobile-eael-col-1 elementor-widget elementor-widget-eael-post-grid\" data-id=\"c86ffad\" data-element_type=\"widget\" data-e-type=\"widget\" data-settings=\"{&quot;eael_post_grid_columns&quot;:&quot;eael-col-3&quot;,&quot;eael_post_grid_columns_tablet&quot;:&quot;eael-col-2&quot;,&quot;eael_post_grid_columns_mobile&quot;:&quot;eael-col-1&quot;}\" data-widget_type=\"eael-post-grid.default\">\n\t\t\t\t\t<div id=\"eael-post-grid-c86ffad\" class=\"eael-post-grid-container\">\n            <div class=\"eael-post-grid eael-post-appender eael-post-appender-c86ffad eael-post-grid-style-one\" data-layout-mode=\"masonry\"><article class=\"eael-grid-post  eael-post-grid-column eael-pg-post-10382 category-bienestar\" data-id=\"10382\">\n        <div class=\"eael-grid-post-holder\">\n            <div class=\"eael-grid-post-holder-inner\"><div class=\"eael-entry-media\"><div class=\"eael-entry-overlay fade-in\"><i class=\"far fa-hand-pointer\" aria-hidden=\"true\"><\/i><a href=\"https:\/\/soymigrante.com\/revista\/compromiso-con-el-trabajo-hay-que-saber-ser-realista-y-eficiente\/\"><\/a><\/div><div class=\"eael-entry-thumbnail \">\n                <img decoding=\"async\" width=\"1024\" height=\"1024\" src=\"https:\/\/soymigrante.com\/revista\/wp-content\/uploads\/2024\/10\/Compromiso-con-el-trabajo-como-ser-realista-y-eficiente-3-e1729026140507-1024x1024.jpg\" class=\"attachment-large size-large wp-image-10383\" alt=\"Soymigrante.com revista, mujer joven estudiando en casa con auriculares y laptop, tem\u00e1tica migrante y trabajo desde casa, recursos para inmigrantes y comunidad migrante, actualizaci\u00f3n sobre migraci\u00f3n y derechos.\" srcset=\"https:\/\/soymigrante.com\/revista\/wp-content\/uploads\/2024\/10\/Compromiso-con-el-trabajo-como-ser-realista-y-eficiente-3-e1729026140507-1024x1024.jpg 1024w, https:\/\/soymigrante.com\/revista\/wp-content\/uploads\/2024\/10\/Compromiso-con-el-trabajo-como-ser-realista-y-eficiente-3-e1729026140507-300x300.jpg 300w, https:\/\/soymigrante.com\/revista\/wp-content\/uploads\/2024\/10\/Compromiso-con-el-trabajo-como-ser-realista-y-eficiente-3-e1729026140507-150x150.jpg 150w, https:\/\/soymigrante.com\/revista\/wp-content\/uploads\/2024\/10\/Compromiso-con-el-trabajo-como-ser-realista-y-eficiente-3-e1729026140507-768x768.jpg 768w, https:\/\/soymigrante.com\/revista\/wp-content\/uploads\/2024\/10\/Compromiso-con-el-trabajo-como-ser-realista-y-eficiente-3-e1729026140507-1536x1536.jpg 1536w, https:\/\/soymigrante.com\/revista\/wp-content\/uploads\/2024\/10\/Compromiso-con-el-trabajo-como-ser-realista-y-eficiente-3-e1729026140507-75x75.webp 75w, https:\/\/soymigrante.com\/revista\/wp-content\/uploads\/2024\/10\/Compromiso-con-el-trabajo-como-ser-realista-y-eficiente-3-e1729026140507-750x750.webp 750w, https:\/\/soymigrante.com\/revista\/wp-content\/uploads\/2024\/10\/Compromiso-con-el-trabajo-como-ser-realista-y-eficiente-3-e1729026140507-1140x1140.webp 1140w, https:\/\/soymigrante.com\/revista\/wp-content\/uploads\/2024\/10\/Compromiso-con-el-trabajo-como-ser-realista-y-eficiente-3-e1729026140507-2048x2048.jpg 2048w, https:\/\/soymigrante.com\/revista\/wp-content\/uploads\/2024\/10\/Compromiso-con-el-trabajo-como-ser-realista-y-eficiente-3-e1729026140507.webp 1920w\" sizes=\"(max-width: 1024px) 100vw, 1024px\" \/>\n            <\/div>\n        <\/div><div class=\"eael-entry-wrapper\"><header class=\"eael-entry-header\"><h2 class=\"eael-entry-title\"><a class=\"eael-grid-post-link\" href=\"https:\/\/soymigrante.com\/revista\/compromiso-con-el-trabajo-hay-que-saber-ser-realista-y-eficiente\/\" title=\"Compromiso con el trabajo: hay que saber ser realista y eficiente\">Compromiso con el trabajo: hay que saber ser realista y eficiente<\/a><\/h2><\/header><div class=\"eael-entry-content\">\n                        <div class=\"eael-grid-post-excerpt\"><a href=\"https:\/\/soymigrante.com\/revista\/compromiso-con-el-trabajo-hay-que-saber-ser-realista-y-eficiente\/\" class=\"eael-post-elements-readmore-btn\">CONOCE SU HISTORIA <\/a><\/div>\n                    <\/div><\/div><\/div>\n        <\/div>\n    <\/article><article class=\"eael-grid-post  eael-post-grid-column eael-pg-post-9493 category-bienestar\" data-id=\"9493\">\n        <div class=\"eael-grid-post-holder\">\n            <div class=\"eael-grid-post-holder-inner\"><div class=\"eael-entry-media\"><div class=\"eael-entry-overlay fade-in\"><i class=\"far fa-hand-pointer\" aria-hidden=\"true\"><\/i><a href=\"https:\/\/soymigrante.com\/revista\/cuanto-mantienes-enfocada-tu-atencion-en-el-trabajo\/\"><\/a><\/div><div class=\"eael-entry-thumbnail \">\n                <img loading=\"lazy\" decoding=\"async\" width=\"637\" height=\"637\" src=\"https:\/\/soymigrante.com\/revista\/wp-content\/uploads\/2024\/09\/trabajo-enfoque-rendimiento-1-2.webp\" class=\"attachment-large size-large wp-image-9609\" alt=\"Carpintero trabajando en taller con herramientas el\u00e9ctricas, enfoque en empleo y habilidades para migrantes en la construcci\u00f3n.\" srcset=\"https:\/\/soymigrante.com\/revista\/wp-content\/uploads\/2024\/09\/trabajo-enfoque-rendimiento-1-2.webp 637w, https:\/\/soymigrante.com\/revista\/wp-content\/uploads\/2024\/09\/trabajo-enfoque-rendimiento-1-2-300x300.webp 300w, https:\/\/soymigrante.com\/revista\/wp-content\/uploads\/2024\/09\/trabajo-enfoque-rendimiento-1-2-150x150.webp 150w, https:\/\/soymigrante.com\/revista\/wp-content\/uploads\/2024\/09\/trabajo-enfoque-rendimiento-1-2-75x75.webp 75w\" sizes=\"(max-width: 637px) 100vw, 637px\" \/>\n            <\/div>\n        <\/div><div class=\"eael-entry-wrapper\"><header class=\"eael-entry-header\"><h2 class=\"eael-entry-title\"><a class=\"eael-grid-post-link\" href=\"https:\/\/soymigrante.com\/revista\/cuanto-mantienes-enfocada-tu-atencion-en-el-trabajo\/\" title=\"\u00bfCu\u00e1nto mantienes enfocada tu atenci\u00f3n en el trabajo?\">\u00bfCu\u00e1nto mantienes enfocada tu atenci\u00f3n en el trabajo?<\/a><\/h2><\/header><div class=\"eael-entry-content\">\n                        <div class=\"eael-grid-post-excerpt\"><a href=\"https:\/\/soymigrante.com\/revista\/cuanto-mantienes-enfocada-tu-atencion-en-el-trabajo\/\" class=\"eael-post-elements-readmore-btn\">CONOCE SU HISTORIA <\/a><\/div>\n                    <\/div><\/div><\/div>\n        <\/div>\n    <\/article><article class=\"eael-grid-post  eael-post-grid-column eael-pg-post-4542 category-lugar-de-voces\" data-id=\"4542\">\n        <div class=\"eael-grid-post-holder\">\n            <div class=\"eael-grid-post-holder-inner\"><div class=\"eael-entry-media\"><div class=\"eael-entry-overlay fade-in\"><i class=\"far fa-hand-pointer\" aria-hidden=\"true\"><\/i><a href=\"https:\/\/soymigrante.com\/revista\/migracion-jovenes-guatemaltecos-falta-oportunidades-necesitamos-desarrollo\/\"><\/a><\/div><div class=\"eael-entry-thumbnail \">\n                <img loading=\"lazy\" decoding=\"async\" width=\"1024\" height=\"534\" src=\"https:\/\/soymigrante.com\/revista\/wp-content\/uploads\/2024\/01\/Captura-de-pantalla-2024-01-22-182700-1024x534.webp\" class=\"attachment-large size-large wp-image-4543\" alt=\"Los migrantes indocumentados se exponen a los abusos y cr\u00edmenes de grupos del narcotr\u00e1fico, al riesgo de morir en el cruce del desierto y tambi\u00e9n a ser detenidos por autoridades migratorias de EE.UU:\" srcset=\"https:\/\/soymigrante.com\/revista\/wp-content\/uploads\/2024\/01\/Captura-de-pantalla-2024-01-22-182700-1024x534.webp 1024w, https:\/\/soymigrante.com\/revista\/wp-content\/uploads\/2024\/01\/Captura-de-pantalla-2024-01-22-182700-300x157.webp 300w, https:\/\/soymigrante.com\/revista\/wp-content\/uploads\/2024\/01\/Captura-de-pantalla-2024-01-22-182700-768x401.webp 768w, https:\/\/soymigrante.com\/revista\/wp-content\/uploads\/2024\/01\/Captura-de-pantalla-2024-01-22-182700-750x391.webp 750w, https:\/\/soymigrante.com\/revista\/wp-content\/uploads\/2024\/01\/Captura-de-pantalla-2024-01-22-182700-1140x595.webp 1140w, https:\/\/soymigrante.com\/revista\/wp-content\/uploads\/2024\/01\/Captura-de-pantalla-2024-01-22-182700.webp 1288w\" sizes=\"(max-width: 1024px) 100vw, 1024px\" \/>\n            <\/div>\n        <\/div><div class=\"eael-entry-wrapper\"><header class=\"eael-entry-header\"><h2 class=\"eael-entry-title\"><a class=\"eael-grid-post-link\" href=\"https:\/\/soymigrante.com\/revista\/migracion-jovenes-guatemaltecos-falta-oportunidades-necesitamos-desarrollo\/\" title=\"El trabajo y la migraci\u00f3n de los j\u00f3venes guatemaltecos\">El trabajo y la migraci\u00f3n de los j\u00f3venes guatemaltecos<\/a><\/h2><\/header><div class=\"eael-entry-content\">\n                        <div class=\"eael-grid-post-excerpt\"><a href=\"https:\/\/soymigrante.com\/revista\/migracion-jovenes-guatemaltecos-falta-oportunidades-necesitamos-desarrollo\/\" class=\"eael-post-elements-readmore-btn\">CONOCE SU HISTORIA <\/a><\/div>\n                    <\/div><\/div><\/div>\n        <\/div>\n    <\/article><\/div>\n            <div class=\"clearfix\"><\/div>\n        <\/div>\t\t\t\t<\/div>\n\t\t\t\t\t<\/div>\n\t\t\t\t<\/div>\n\t\t\t\t<\/div>\n\t\t","protected":false},"excerpt":{"rendered":"<p>El respeto en el trato no est\u00e1 re\u00f1ido con la exigencia. Claves para dirigir equipos humanos sin autoritarismo ni permisividad, pero con responsabilidad. En tiempos donde la salud emocional y el clima laboral se valoran tanto como la productividad, surge una pregunta esencial: \u00bfc\u00f3mo dirigir a los trabajadores con cordialidad sin perder el enfoque en [&hellip;]<\/p>\n","protected":false},"author":19,"featured_media":42848,"comment_status":"open","ping_status":"open","sticky":false,"template":"","format":"standard","meta":{"_acf_changed":false,"_eb_attr":"","footnotes":""},"categories":[55],"tags":[268],"class_list":["post-31810","post","type-post","status-publish","format-standard","has-post-thumbnail","hentry","category-bienestar","tag-superacion"],"acf":[],"aioseo_notices":[],"aioseo_head":"\n\t\t<!-- All in One SEO Pro 4.9.6.2 - aioseo.com -->\n\t<meta name=\"description\" content=\"Los j\u00f3venes migrantes van a buscar en Estados Unidos las oportunidades que no hallan en su pa\u00eds, pero Guatemala pierde esa fuerza laboral. Es necesario crear nuevas pol\u00edticas de desarrollo para esta poblaci\u00f3n. Por Guillermo Delgado, fraile dominico Todos necesitamos un trabajo para vivir, porque necesitamos dignificar la vida para vivirla. En la tradici\u00f3n\" \/>\n\t<meta name=\"robots\" content=\"max-snippet:-1, max-image-preview:large, max-video-preview:-1\" \/>\n\t<meta name=\"author\" content=\"Marysabel Aldana\"\/>\n\t<link rel=\"canonical\" href=\"https:\/\/soymigrante.com\/revista\/trato-cordial-con-responsabilidad-la-formula-para-el-liderazgo-efectivo\/\" \/>\n\t<meta name=\"generator\" content=\"All in One SEO Pro (AIOSEO) 4.9.6.2\" \/>\n\n\t\t<link rel=\"preconnect\" href=\"https:\/\/fonts.googleapis.com\" crossorigin>\n<link rel=\"preconnect\" href=\"https:\/\/fonts.gstatic.com\" crossorigin>\n\t\t<meta property=\"og:locale\" content=\"es_ES\" \/>\n\t\t<meta property=\"og:site_name\" content=\"SoyMigrante.com REVISTA \u2013 Nuestra misi\u00f3n es reconocer y dignificar al migrante.\" \/>\n\t\t<meta property=\"og:type\" content=\"article\" \/>\n\t\t<meta property=\"og:title\" content=\"Trato cordial con claridad de metas: f\u00f3rmula infalible para ejercer un liderazgo m\u00e1s efectivo \u00a1Int\u00e9ntalo!\" \/>\n\t\t<meta property=\"og:description\" content=\"El respeto en el trato no est\u00e1 re\u00f1ido con la exigencia. Claves para dirigir equipos humanos sin autoritarismo ni permisividad, pero con responsabilidad.\" \/>\n\t\t<meta property=\"og:url\" content=\"https:\/\/soymigrante.com\/revista\/trato-cordial-con-responsabilidad-la-formula-para-el-liderazgo-efectivo\/\" \/>\n\t\t<meta property=\"og:image\" content=\"https:\/\/soymigrante.com\/revista\/wp-content\/uploads\/2025\/05\/trato-cordial-en-el-trabajo-superacion-crecimiento.jpg\" \/>\n\t\t<meta property=\"og:image:secure_url\" content=\"https:\/\/soymigrante.com\/revista\/wp-content\/uploads\/2025\/05\/trato-cordial-en-el-trabajo-superacion-crecimiento.jpg\" \/>\n\t\t<meta property=\"og:image:width\" content=\"1328\" \/>\n\t\t<meta property=\"og:image:height\" content=\"1328\" \/>\n\t\t<meta property=\"article:published_time\" content=\"2026-02-04T23:34:13+00:00\" \/>\n\t\t<meta property=\"article:modified_time\" content=\"2026-02-04T23:35:32+00:00\" \/>\n\t\t<meta property=\"article:publisher\" content=\"https:\/\/www.facebook.com\/soymigrantecom\" \/>\n\t\t<meta name=\"twitter:card\" content=\"summary_large_image\" \/>\n\t\t<meta name=\"twitter:site\" content=\"@SoyMigrante_com\" \/>\n\t\t<meta name=\"twitter:title\" content=\"Trato cordial con claridad de metas: f\u00f3rmula infalible para ejercer un liderazgo m\u00e1s efectivo \u00a1Int\u00e9ntalo!\" \/>\n\t\t<meta name=\"twitter:description\" content=\"El respeto en el trato no est\u00e1 re\u00f1ido con la exigencia. Claves para dirigir equipos humanos sin autoritarismo ni permisividad, pero con responsabilidad.\" \/>\n\t\t<meta name=\"twitter:creator\" content=\"@SoyMigrante_com\" \/>\n\t\t<meta name=\"twitter:image\" content=\"https:\/\/soymigrante.com\/revista\/wp-content\/uploads\/2025\/05\/trato-cordial-en-el-trabajo-superacion-crecimiento.jpg\" \/>\n\t\t<!-- All in One SEO Pro -->\r\n\t\t<title>Trato cordial con claridad de metas: f\u00f3rmula infalible para ejercer un liderazgo m\u00e1s efectivo \u00a1Int\u00e9ntalo!<\/title>\n\n","aioseo_head_json":{"title":"Trato cordial con claridad de metas: f\u00f3rmula infalible para ejercer un liderazgo m\u00e1s efectivo \u00a1Int\u00e9ntalo!","description":"El respeto en el trato no est\u00e1 re\u00f1ido con la exigencia. Claves para dirigir equipos humanos sin autoritarismo ni permisividad, pero con responsabilidad.","canonical_url":"https:\/\/soymigrante.com\/revista\/trato-cordial-con-responsabilidad-la-formula-para-el-liderazgo-efectivo\/","robots":"max-snippet:-1, max-image-preview:large, max-video-preview:-1","keywords":"","webmasterTools":{"miscellaneous":"&lt;link rel=\"preconnect\" href=\"https:\/\/fonts.googleapis.com\" crossorigin&gt;\n&lt;link rel=\"preconnect\" href=\"https:\/\/fonts.gstatic.com\" crossorigin&gt;"},"schema":null,"og:locale":"es_ES","og:site_name":"SoyMigrante.com REVISTA \u2013 Nuestra misi\u00f3n es reconocer y dignificar al migrante.","og:type":"article","og:title":"Trato cordial con claridad de metas: f\u00f3rmula infalible para ejercer un liderazgo m\u00e1s efectivo \u00a1Int\u00e9ntalo!","og:description":"El respeto en el trato no est\u00e1 re\u00f1ido con la exigencia. Claves para dirigir equipos humanos sin autoritarismo ni permisividad, pero con responsabilidad.","og:url":"https:\/\/soymigrante.com\/revista\/trato-cordial-con-responsabilidad-la-formula-para-el-liderazgo-efectivo\/","og:image":"https:\/\/soymigrante.com\/revista\/wp-content\/uploads\/2025\/05\/trato-cordial-en-el-trabajo-superacion-crecimiento.jpg","og:image:secure_url":"https:\/\/soymigrante.com\/revista\/wp-content\/uploads\/2025\/05\/trato-cordial-en-el-trabajo-superacion-crecimiento.jpg","og:image:width":1328,"og:image:height":1328,"article:published_time":"2026-02-04T23:34:13+00:00","article:modified_time":"2026-02-04T23:35:32+00:00","article:publisher":"https:\/\/www.facebook.com\/soymigrantecom","twitter:card":"summary_large_image","twitter:site":"@SoyMigrante_com","twitter:title":"Trato cordial con claridad de metas: f\u00f3rmula infalible para ejercer un liderazgo m\u00e1s efectivo \u00a1Int\u00e9ntalo!","twitter:description":"El respeto en el trato no est\u00e1 re\u00f1ido con la exigencia. Claves para dirigir equipos humanos sin autoritarismo ni permisividad, pero con responsabilidad.","twitter:creator":"@SoyMigrante_com","twitter:image":"https:\/\/soymigrante.com\/revista\/wp-content\/uploads\/2025\/05\/trato-cordial-en-el-trabajo-superacion-crecimiento.jpg"},"aioseo_meta_data":{"post_id":"31810","title":null,"description":"El respeto en el trato no est\u00e1 re\u00f1ido con la exigencia. Claves para dirigir equipos humanos sin autoritarismo ni permisividad, pero con responsabilidad.","keywords":null,"keyphrases":{"focus":{"keyphrase":"Responsabilidad","score":74,"analysis":{"keyphraseInTitle":{"score":3,"maxScore":9,"error":1},"keyphraseInDescription":{"score":9,"maxScore":9,"error":0},"keyphraseLength":{"score":9,"maxScore":9,"error":0,"length":1},"keyphraseInURL":{"score":5,"maxScore":5,"error":0},"keyphraseInIntroduction":{"score":3,"maxScore":9,"error":1},"keyphraseInSubHeadings":{"score":3,"maxScore":9,"error":1},"keyphraseInImageAlt":{"score":9,"maxScore":9,"error":0},"keywordDensity":{"type":"best","score":9,"maxScore":9,"error":0}}},"additional":[{"keyphrase":"Responsabilidad","score":87,"analysis":{"keyphraseInDescription":{"score":9,"maxScore":9,"error":0},"keyphraseLength":{"score":9,"maxScore":9,"error":0,"length":1},"keyphraseInIntroduction":{"score":3,"maxScore":9,"error":1},"keyphraseInImageAlt":{"score":9,"maxScore":9,"error":0},"keywordDensity":{"type":"best","score":9,"maxScore":9,"error":0}}}]},"primary_term":null,"canonical_url":null,"og_title":null,"og_description":null,"og_object_type":"default","og_image_type":"default","og_image_url":null,"og_image_width":null,"og_image_height":null,"og_image_custom_url":null,"og_image_custom_fields":null,"og_video":"","og_custom_url":null,"og_article_section":null,"og_article_tags":null,"twitter_use_og":false,"twitter_card":"default","twitter_image_type":"default","twitter_image_url":null,"twitter_image_custom_url":null,"twitter_image_custom_fields":null,"twitter_title":null,"twitter_description":null,"schema":{"blockGraphs":[],"customGraphs":[],"default":{"data":{"Article":[],"Course":[],"Dataset":[],"FAQPage":[],"Movie":[],"Person":[],"Product":[],"ProductReview":[],"Car":[],"Recipe":[],"Service":[],"SoftwareApplication":[],"WebPage":[]},"graphName":"NewsArticle","isEnabled":true},"graphs":[]},"schema_type":"default","schema_type_options":null,"pillar_content":false,"robots_default":true,"robots_noindex":false,"robots_noarchive":false,"robots_nosnippet":false,"robots_nofollow":false,"robots_noimageindex":false,"robots_noodp":false,"robots_notranslate":false,"robots_max_snippet":"-1","robots_max_videopreview":"-1","robots_max_imagepreview":"large","priority":null,"frequency":"default","local_seo":null,"seo_analyzer_scan_date":null,"breadcrumb_settings":null,"limit_modified_date":false,"reviewed_by":"0","open_ai":"{\"title\":{\"suggestions\":[],\"usage\":0},\"description\":{\"suggestions\":[],\"usage\":0}}","ai":{"faqs":[],"keyPoints":[],"titles":[],"descriptions":[],"socialPosts":{"email":[],"linkedin":[],"twitter":[],"facebook":[],"instagram":[]}},"created":"2025-04-24 19:15:40","updated":"2026-03-06 15:45:40"},"aioseo_breadcrumb":"<div class=\"aioseo-breadcrumbs\"><span class=\"aioseo-breadcrumb\">\n\t<a href=\"https:\/\/soymigrante.com\/revista\" title=\"Home\">Home<\/a>\n<\/span><span class=\"aioseo-breadcrumb-separator\">\u00bb<\/span><span class=\"aioseo-breadcrumb\">\n\t<a href=\"https:\/\/soymigrante.com\/revista\/category\/bienestar\/\" title=\"Bienestar\">Bienestar<\/a>\n<\/span><span class=\"aioseo-breadcrumb-separator\">\u00bb<\/span><span class=\"aioseo-breadcrumb\">\n\tTrato cordial con claridad de metas:  f\u00f3rmula infalible para ejercer un liderazgo m\u00e1s efectivo \u00a1Int\u00e9ntalo!\n<\/span><\/div>","aioseo_breadcrumb_json":[{"label":"Home","link":"https:\/\/soymigrante.com\/revista"},{"label":"Bienestar","link":"https:\/\/soymigrante.com\/revista\/category\/bienestar\/"},{"label":"Trato cordial con claridad de metas:  f\u00f3rmula infalible para ejercer un liderazgo m\u00e1s efectivo \u00a1Int\u00e9ntalo!","link":"https:\/\/soymigrante.com\/revista\/trato-cordial-con-responsabilidad-la-formula-para-el-liderazgo-efectivo\/"}],"_links":{"self":[{"href":"https:\/\/soymigrante.com\/revista\/wp-json\/wp\/v2\/posts\/31810","targetHints":{"allow":["GET"]}}],"collection":[{"href":"https:\/\/soymigrante.com\/revista\/wp-json\/wp\/v2\/posts"}],"about":[{"href":"https:\/\/soymigrante.com\/revista\/wp-json\/wp\/v2\/types\/post"}],"author":[{"embeddable":true,"href":"https:\/\/soymigrante.com\/revista\/wp-json\/wp\/v2\/users\/19"}],"replies":[{"embeddable":true,"href":"https:\/\/soymigrante.com\/revista\/wp-json\/wp\/v2\/comments?post=31810"}],"version-history":[{"count":27,"href":"https:\/\/soymigrante.com\/revista\/wp-json\/wp\/v2\/posts\/31810\/revisions"}],"predecessor-version":[{"id":51998,"href":"https:\/\/soymigrante.com\/revista\/wp-json\/wp\/v2\/posts\/31810\/revisions\/51998"}],"wp:featuredmedia":[{"embeddable":true,"href":"https:\/\/soymigrante.com\/revista\/wp-json\/wp\/v2\/media\/42848"}],"wp:attachment":[{"href":"https:\/\/soymigrante.com\/revista\/wp-json\/wp\/v2\/media?parent=31810"}],"wp:term":[{"taxonomy":"category","embeddable":true,"href":"https:\/\/soymigrante.com\/revista\/wp-json\/wp\/v2\/categories?post=31810"},{"taxonomy":"post_tag","embeddable":true,"href":"https:\/\/soymigrante.com\/revista\/wp-json\/wp\/v2\/tags?post=31810"}],"curies":[{"name":"wp","href":"https:\/\/api.w.org\/{rel}","templated":true}]}}