{"id":31794,"date":"2025-04-24T13:41:54","date_gmt":"2025-04-24T19:41:54","guid":{"rendered":"https:\/\/soymigrante.com\/revista\/?p=31794"},"modified":"2025-04-24T13:46:40","modified_gmt":"2025-04-24T19:46:40","slug":"esto-dicen-expertos-de-migration-policy-sobre-politica-migrante-trump-en-100-primeros-dias","status":"publish","type":"post","link":"https:\/\/soymigrante.com\/revista\/esto-dicen-expertos-de-migration-policy-sobre-politica-migrante-trump-en-100-primeros-dias\/","title":{"rendered":"Esto dicen expertos de Migration Policy sobre pol\u00edtica migrante Trump en 100 primeros d\u00edas"},"content":{"rendered":"\t\t<div data-elementor-type=\"wp-post\" data-elementor-id=\"31794\" class=\"elementor elementor-31794\" data-elementor-post-type=\"post\">\n\t\t\t\t<div data-particle_enable=\"false\" data-particle-mobile-disabled=\"false\" class=\"elementor-element elementor-element-d7dd961 e-flex e-con-boxed e-con e-parent\" data-id=\"d7dd961\" data-element_type=\"container\" data-e-type=\"container\">\n\t\t\t\t\t<div class=\"e-con-inner\">\n\t\t\t\t<div class=\"elementor-element elementor-element-7ba641f elementor-widget elementor-widget-heading\" data-id=\"7ba641f\" data-element_type=\"widget\" data-e-type=\"widget\" data-widget_type=\"heading.default\">\n\t\t\t\t\t<h2 class=\"elementor-heading-title elementor-size-default\">La administraci\u00f3n de Trump implementa medidas restrictivas que afectan a inmigrantes y solicitantes de asilo, afirman expertos del Immigration Policy Institute.<\/h2>\t\t\t\t<\/div>\n\t\t\t\t\t<\/div>\n\t\t\t\t<\/div>\n\t\t<div data-particle_enable=\"false\" data-particle-mobile-disabled=\"false\" class=\"elementor-element elementor-element-9436c30 e-flex e-con-boxed e-con e-parent\" data-id=\"9436c30\" data-element_type=\"container\" data-e-type=\"container\">\n\t\t\t\t\t<div class=\"e-con-inner\">\n\t\t\t\t<div class=\"elementor-element elementor-element-9f06885 elementor-widget elementor-widget-text-editor\" data-id=\"9f06885\" data-element_type=\"widget\" data-e-type=\"widget\" data-widget_type=\"text-editor.default\">\n\t\t\t\t\t\t\t\t\t<p>En sus primeros 100 d\u00edas en el cargo, el presidente Donald Trump ha llevado a cabo una serie de acciones que marcan un cambio significativo en la pol\u00edtica migratoria de Estados Unidos, <a href=\"https:\/\/www.migrationpolicy.org\/article\/trump-2-immigration-first-100-days\" target=\"_blank\" rel=\"noopener\">seg\u00fan un art\u00edculo de la Polic\u00eda de Migraci\u00f3n.<\/a><\/p><p>Estas medidas incluyen la implementaci\u00f3n de vetos migratorios, la reducci\u00f3n en la admisi\u00f3n de refugiados y un aumento en la aplicaci\u00f3n de la ley migratoria tanto en la frontera como en el interior del pa\u00eds.<\/p>\t\t\t\t\t\t\t\t<\/div>\n\t\t\t\t\t<\/div>\n\t\t\t\t<\/div>\n\t\t<div data-particle_enable=\"false\" data-particle-mobile-disabled=\"false\" class=\"elementor-element elementor-element-52b4f8d e-flex e-con-boxed e-con e-parent\" data-id=\"52b4f8d\" data-element_type=\"container\" data-e-type=\"container\">\n\t\t\t\t\t<div class=\"e-con-inner\">\n\t\t\t\t<div class=\"elementor-element elementor-element-5693e70 elementor-widget elementor-widget-heading\" data-id=\"5693e70\" data-element_type=\"widget\" data-e-type=\"widget\" data-widget_type=\"heading.default\">\n\t\t\t\t\t<h3 class=\"elementor-heading-title elementor-size-default\">Entre las acciones antimigrantes m\u00e1s destacadas del informe del Immigration Policy Institute est\u00e1n:<\/h3>\t\t\t\t<\/div>\n\t\t\t\t\t<\/div>\n\t\t\t\t<\/div>\n\t\t<div data-particle_enable=\"false\" data-particle-mobile-disabled=\"false\" class=\"elementor-element elementor-element-eab0460 e-flex e-con-boxed e-con e-parent\" data-id=\"eab0460\" data-element_type=\"container\" data-e-type=\"container\">\n\t\t\t\t\t<div class=\"e-con-inner\">\n\t\t\t\t<div class=\"elementor-element elementor-element-babd425 elementor-widget elementor-widget-text-editor\" data-id=\"babd425\" data-element_type=\"widget\" data-e-type=\"widget\" data-widget_type=\"text-editor.default\">\n\t\t\t\t\t\t\t\t\t<div><strong>\u2022 \u00d3rdenes ejecutivas:<\/strong> Se firmaron \u00f3rdenes que refuerzan la seguridad fronteriza y la aplicaci\u00f3n de la ley migratoria en el interior del pa\u00eds. Estas incluyen la construcci\u00f3n de un muro en la frontera sur y la contrataci\u00f3n de m\u00e1s agentes de inmigraci\u00f3n.\u00a0\u00a0<\/div><div><strong>\u2022Vetos migratorios:<\/strong> Se implementaron prohibiciones de viaje que afectan a ciudadanos de varios pa\u00edses de mayor\u00eda musulmana, generando controversia y desaf\u00edos legales.<\/div><div><strong>\u2022Reducci\u00f3n de refugiados:<\/strong> La administraci\u00f3n disminuy\u00f3 el n\u00famero de refugiados admitidos en el pa\u00eds, argumentando preocupaciones de seguridad nacional.<\/div><div><strong>\u2022Aplicaci\u00f3n interior:<\/strong> Se intensificaron las operaciones de arresto y deportaci\u00f3n de inmigrantes indocumentados, incluyendo aquellos sin antecedentes criminales.<\/div>\t\t\t\t\t\t\t\t<\/div>\n\t\t\t\t\t<\/div>\n\t\t\t\t<\/div>\n\t\t<div data-particle_enable=\"false\" data-particle-mobile-disabled=\"false\" class=\"elementor-element elementor-element-7d3574b e-flex e-con-boxed e-con e-parent\" data-id=\"7d3574b\" data-element_type=\"container\" data-e-type=\"container\">\n\t\t\t\t\t<div class=\"e-con-inner\">\n\t\t\t\t<div class=\"elementor-element elementor-element-167602a elementor-widget elementor-widget-image\" data-id=\"167602a\" data-element_type=\"widget\" data-e-type=\"widget\" data-widget_type=\"image.default\">\n\t\t\t\t\t\t\t\t\t\t\t\t<figure class=\"wp-caption\">\n\t\t\t\t\t\t\t\t\t\t<img fetchpriority=\"high\" decoding=\"async\" width=\"768\" height=\"1016\" src=\"https:\/\/soymigrante.com\/revista\/wp-content\/uploads\/2025\/04\/felipe-galindo-artista-774x1024.jpg\" class=\"attachment-large size-large wp-image-31838\" alt=\"Exploraci\u00f3n de las historias de migrantes en SoyMigrante.com, destacando los desaf\u00edos y sue\u00f1os en la novela gr\u00e1fica sobre la experiencia migratoria y la identidad cultural.\" srcset=\"https:\/\/soymigrante.com\/revista\/wp-content\/uploads\/2025\/04\/felipe-galindo-artista-774x1024.jpg 774w, https:\/\/soymigrante.com\/revista\/wp-content\/uploads\/2025\/04\/felipe-galindo-artista-227x300.jpg 227w, https:\/\/soymigrante.com\/revista\/wp-content\/uploads\/2025\/04\/felipe-galindo-artista-768x1016.jpg 768w, https:\/\/soymigrante.com\/revista\/wp-content\/uploads\/2025\/04\/felipe-galindo-artista-1161x1536.jpg 1161w, https:\/\/soymigrante.com\/revista\/wp-content\/uploads\/2025\/04\/felipe-galindo-artista-750x992.webp 750w, https:\/\/soymigrante.com\/revista\/wp-content\/uploads\/2025\/04\/felipe-galindo-artista-1140x1508.webp 1140w, https:\/\/soymigrante.com\/revista\/wp-content\/uploads\/2025\/04\/felipe-galindo-artista.webp 1200w\" sizes=\"(max-width: 768px) 100vw, 768px\" title=\"La inmensa mayor\u00eda de migrantes llega a Estados Unidos en busca de una oportunidad. No se les debe criminalizar por ello, se\u00f1ala el IPI. Pintura del artista mexicano Felipe Galindo \u2013 SoyMigrante.com REVISTA\" \/>\t\t\t\t\t\t\t\t\t\t\t<figcaption class=\"widget-image-caption wp-caption-text\">La inmensa mayor\u00eda de migrantes llega a Estados Unidos en busca de una oportunidad. No se les debe criminalizar por ello, se\u00f1ala el IPI. Pintura del artista mexicano Felipe Galindo<\/figcaption>\n\t\t\t\t\t\t\t\t\t\t<\/figure>\n\t\t\t\t\t\t\t\t\t<\/div>\n\t\t\t\t\t<\/div>\n\t\t\t\t<\/div>\n\t\t<div data-particle_enable=\"false\" data-particle-mobile-disabled=\"false\" class=\"elementor-element elementor-element-df42648 e-flex e-con-boxed e-con e-parent\" data-id=\"df42648\" data-element_type=\"container\" data-e-type=\"container\">\n\t\t\t\t\t<div class=\"e-con-inner\">\n\t\t\t\t<div class=\"elementor-element elementor-element-6b4c5f4 elementor-widget elementor-widget-text-editor\" data-id=\"6b4c5f4\" data-element_type=\"widget\" data-e-type=\"widget\" data-widget_type=\"text-editor.default\">\n\t\t\t\t\t\t\t\t\t<p>Estas pol\u00edticas han generado un debate nacional e internacional, <a href=\"https:\/\/www.migrationpolicy.org\/article\/trump-2-immigration-first-100-days\" target=\"_blank\" rel=\"noopener\">seg\u00fan el documento, sobre los derechos de los inmigrantes y la direcci\u00f3n de la pol\u00edtica migratoria estadounidense.<\/a> Organizaciones de derechos civiles y l\u00edderes comunitarios han expresado su preocupaci\u00f3n por el impacto de estas medidas en las comunidades inmigrantes.<\/p>\t\t\t\t\t\t\t\t<\/div>\n\t\t\t\t\t<\/div>\n\t\t\t\t<\/div>\n\t\t<div data-particle_enable=\"false\" data-particle-mobile-disabled=\"false\" class=\"elementor-element elementor-element-4ad8c9f e-flex e-con-boxed e-con e-parent\" data-id=\"4ad8c9f\" data-element_type=\"container\" data-e-type=\"container\">\n\t\t\t\t\t<div class=\"e-con-inner\">\n\t\t\t\t<div class=\"elementor-element elementor-element-c1d7a73 elementor-widget elementor-widget-text-editor\" data-id=\"c1d7a73\" data-element_type=\"widget\" data-e-type=\"widget\" data-widget_type=\"text-editor.default\">\n\t\t\t\t\t\t\t\t\t<p>A medida que la administraci\u00f3n Trump contin\u00faa con su agenda migratoria, se anticipan m\u00e1s cambios y posibles desaf\u00edos legales en los pr\u00f3ximos meses, <a href=\"https:\/\/www.migrationpolicy.org\/article\/trump-2-immigration-first-100-days\" target=\"_blank\" rel=\"noopener\">seg\u00fan el art\u00edculo<\/a>\u00a0del Immigration Policy Institute.<\/p>\t\t\t\t\t\t\t\t<\/div>\n\t\t\t\t\t<\/div>\n\t\t\t\t<\/div>\n\t\t<div data-particle_enable=\"false\" data-particle-mobile-disabled=\"false\" class=\"elementor-element elementor-element-1c38f84 e-flex e-con-boxed e-con e-parent\" data-id=\"1c38f84\" data-element_type=\"container\" data-e-type=\"container\">\n\t\t\t\t\t<div class=\"e-con-inner\">\n\t\t\t\t<div class=\"elementor-element elementor-element-a356006 elementor-widget elementor-widget-image\" data-id=\"a356006\" data-element_type=\"widget\" data-e-type=\"widget\" data-widget_type=\"image.default\">\n\t\t\t\t\t\t\t\t\t\t\t\t<figure class=\"wp-caption\">\n\t\t\t\t\t\t\t\t\t\t<img decoding=\"async\" width=\"768\" height=\"512\" src=\"https:\/\/soymigrante.com\/revista\/wp-content\/uploads\/2025\/04\/Trump-endurece-politicas-migratorias-en-sus-primeros-100-dias-de-gobierno-1-1024x683.jpeg\" class=\"attachment-large size-large wp-image-31801\" alt=\"Familia migrante feliz con ni\u00f1os peque\u00f1os en un ambiente al aire libre, promoviendo la integraci\u00f3n y los derechos de los migrantes en la comunidad.\" srcset=\"https:\/\/soymigrante.com\/revista\/wp-content\/uploads\/2025\/04\/Trump-endurece-politicas-migratorias-en-sus-primeros-100-dias-de-gobierno-1-1024x683.jpeg 1024w, https:\/\/soymigrante.com\/revista\/wp-content\/uploads\/2025\/04\/Trump-endurece-politicas-migratorias-en-sus-primeros-100-dias-de-gobierno-1-300x200.jpeg 300w, https:\/\/soymigrante.com\/revista\/wp-content\/uploads\/2025\/04\/Trump-endurece-politicas-migratorias-en-sus-primeros-100-dias-de-gobierno-1-768x512.jpeg 768w, https:\/\/soymigrante.com\/revista\/wp-content\/uploads\/2025\/04\/Trump-endurece-politicas-migratorias-en-sus-primeros-100-dias-de-gobierno-1-1536x1024.jpeg 1536w, https:\/\/soymigrante.com\/revista\/wp-content\/uploads\/2025\/04\/Trump-endurece-politicas-migratorias-en-sus-primeros-100-dias-de-gobierno-1-750x500.webp 750w, https:\/\/soymigrante.com\/revista\/wp-content\/uploads\/2025\/04\/Trump-endurece-politicas-migratorias-en-sus-primeros-100-dias-de-gobierno-1-1140x760.webp 1140w, https:\/\/soymigrante.com\/revista\/wp-content\/uploads\/2025\/04\/Trump-endurece-politicas-migratorias-en-sus-primeros-100-dias-de-gobierno-1.webp 1600w\" sizes=\"(max-width: 768px) 100vw, 768px\" title=\"Trump endurece pol\u00edticas migratorias en sus primeros 100 d\u00edas de gobierno \u2013 SoyMigrante.com REVISTA\" \/>\t\t\t\t\t\t\t\t\t\t\t<figcaption class=\"widget-image-caption wp-caption-text\">Una familia migrante disfrutando de un momento de alegr\u00eda y uni\u00f3n, destacando la importancia del apoyo familiar y los derechos de los migrantes en la sociedad actual.<\/figcaption>\n\t\t\t\t\t\t\t\t\t\t<\/figure>\n\t\t\t\t\t\t\t\t\t<\/div>\n\t\t\t\t\t<\/div>\n\t\t\t\t<\/div>\n\t\t<div data-particle_enable=\"false\" data-particle-mobile-disabled=\"false\" class=\"elementor-element elementor-element-76e54d9 e-flex e-con-boxed e-con e-parent\" data-id=\"76e54d9\" data-element_type=\"container\" data-e-type=\"container\">\n\t\t\t\t\t<div class=\"e-con-inner\">\n\t\t\t\t<div class=\"elementor-element elementor-element-b862ab9 elementor-widget elementor-widget-heading\" data-id=\"b862ab9\" data-element_type=\"widget\" data-e-type=\"widget\" data-widget_type=\"heading.default\">\n\t\t\t\t\t<h2 class=\"elementor-heading-title elementor-size-default\">Conoce m\u00e1s temas que te pueden interesar...<\/h2>\t\t\t\t<\/div>\n\t\t\t\t\t<\/div>\n\t\t\t\t<\/div>\n\t\t<div data-particle_enable=\"false\" data-particle-mobile-disabled=\"false\" class=\"elementor-element elementor-element-0a58df6 e-flex e-con-boxed e-con e-parent\" data-id=\"0a58df6\" data-element_type=\"container\" data-e-type=\"container\">\n\t\t\t\t\t<div class=\"e-con-inner\">\n\t\t\t\t<div class=\"elementor-element elementor-element-abae87f elementor-grid-eael-col-3 elementor-grid-tablet-eael-col-2 elementor-grid-mobile-eael-col-1 elementor-widget elementor-widget-eael-post-grid\" data-id=\"abae87f\" data-element_type=\"widget\" data-e-type=\"widget\" data-settings=\"{&quot;eael_post_grid_columns&quot;:&quot;eael-col-3&quot;,&quot;eael_post_grid_columns_tablet&quot;:&quot;eael-col-2&quot;,&quot;eael_post_grid_columns_mobile&quot;:&quot;eael-col-1&quot;}\" data-widget_type=\"eael-post-grid.default\">\n\t\t\t\t\t<div id=\"eael-post-grid-abae87f\" class=\"eael-post-grid-container\">\n            <div class=\"eael-post-grid eael-post-appender eael-post-appender-abae87f eael-post-grid-style-one\" data-layout-mode=\"masonry\"><article class=\"eael-grid-post  eael-post-grid-column eael-pg-post-21912 category-guate-nuestra\" data-id=\"21912\">\n        <div class=\"eael-grid-post-holder\">\n            <div class=\"eael-grid-post-holder-inner\"><div class=\"eael-entry-media\"><div class=\"eael-entry-overlay fade-in\"><i class=\"far fa-hand-pointer\" aria-hidden=\"true\"><\/i><a href=\"https:\/\/soymigrante.com\/revista\/estilista-guatemalteco-axel-vasquez-cuenta-como-llego-a-peinar-a-los-hijos-de-trump\/\"><\/a><\/div><div class=\"eael-entry-thumbnail \">\n                <img decoding=\"async\" width=\"564\" height=\"557\" src=\"https:\/\/soymigrante.com\/revista\/wp-content\/uploads\/2025\/01\/axel-vasquez.png\" class=\"attachment-large size-large wp-image-21938\" alt=\"Hombre y mujer sonriendo en un evento social, enfocados en el escenario de SoyMigrante.com Revista con tem\u00e1tica de migrantes y comunidad.\" srcset=\"https:\/\/soymigrante.com\/revista\/wp-content\/uploads\/2025\/01\/axel-vasquez.png 564w, https:\/\/soymigrante.com\/revista\/wp-content\/uploads\/2025\/01\/axel-vasquez-300x296.png 300w, https:\/\/soymigrante.com\/revista\/wp-content\/uploads\/2025\/01\/axel-vasquez-75x75.png 75w\" sizes=\"(max-width: 564px) 100vw, 564px\" \/>\n            <\/div>\n        <\/div><div class=\"eael-entry-wrapper\"><header class=\"eael-entry-header\"><h2 class=\"eael-entry-title\"><a class=\"eael-grid-post-link\" href=\"https:\/\/soymigrante.com\/revista\/estilista-guatemalteco-axel-vasquez-cuenta-como-llego-a-peinar-a-los-hijos-de-trump\/\" title=\"Estilista guatemalteco Axel V\u00e1squez cuenta como lleg\u00f3 a peinar a hijos de Trump en d\u00eda inaugural\">Estilista guatemalteco Axel V\u00e1squez cuenta como lleg\u00f3 a peinar a hijos de Trump en d\u00eda inaugural<\/a><\/h2><\/header><div class=\"eael-entry-content\">\n                        <div class=\"eael-grid-post-excerpt\"><a href=\"https:\/\/soymigrante.com\/revista\/estilista-guatemalteco-axel-vasquez-cuenta-como-llego-a-peinar-a-los-hijos-de-trump\/\" class=\"eael-post-elements-readmore-btn\">CONOCE SU HISTORIA <\/a><\/div>\n                    <\/div><\/div><\/div>\n        <\/div>\n    <\/article><article class=\"eael-grid-post  eael-post-grid-column eael-pg-post-18199 category-recursos-migratorios tags-preguntas-y-respuestas\" data-id=\"18199\">\n        <div class=\"eael-grid-post-holder\">\n            <div class=\"eael-grid-post-holder-inner\"><div class=\"eael-entry-media\"><div class=\"eael-entry-overlay fade-in\"><i class=\"far fa-hand-pointer\" aria-hidden=\"true\"><\/i><a href=\"https:\/\/soymigrante.com\/revista\/preguntas-y-respuestas-que-es-el-derecho-a-la-ciudadania-por-nacimiento-en-ee-uu\/\"><\/a><\/div><div class=\"eael-entry-thumbnail \">\n                <img loading=\"lazy\" decoding=\"async\" width=\"764\" height=\"764\" src=\"https:\/\/soymigrante.com\/revista\/wp-content\/uploads\/2024\/12\/ciudadania-por-nacimiento-US-1.webp\" class=\"attachment-large size-large wp-image-18203\" alt=\"Diversi\u00f3n infantil en un parque con bandera de Estados Unidos al fondo. Ni\u00f1os sonriendo y jugando en un ambiente alegre y multicultural.\" srcset=\"https:\/\/soymigrante.com\/revista\/wp-content\/uploads\/2024\/12\/ciudadania-por-nacimiento-US-1.webp 764w, https:\/\/soymigrante.com\/revista\/wp-content\/uploads\/2024\/12\/ciudadania-por-nacimiento-US-1-300x300.jpg 300w, https:\/\/soymigrante.com\/revista\/wp-content\/uploads\/2024\/12\/ciudadania-por-nacimiento-US-1-150x150.jpg 150w, https:\/\/soymigrante.com\/revista\/wp-content\/uploads\/2024\/12\/ciudadania-por-nacimiento-US-1-75x75.webp 75w, https:\/\/soymigrante.com\/revista\/wp-content\/uploads\/2024\/12\/ciudadania-por-nacimiento-US-1-750x750.webp 750w\" sizes=\"(max-width: 764px) 100vw, 764px\" \/>\n            <\/div>\n        <\/div><div class=\"eael-entry-wrapper\"><header class=\"eael-entry-header\"><h2 class=\"eael-entry-title\"><a class=\"eael-grid-post-link\" href=\"https:\/\/soymigrante.com\/revista\/preguntas-y-respuestas-que-es-el-derecho-a-la-ciudadania-por-nacimiento-en-ee-uu\/\" title=\"Preguntas y respuestas: \u00bfQu\u00e9 es el derecho a la ciudadan\u00eda por nacimiento en EE.UU?\">Preguntas y respuestas: \u00bfQu\u00e9 es el derecho a la ciudadan\u00eda por nacimiento en EE.UU?<\/a><\/h2><\/header><div class=\"eael-entry-content\">\n                        <div class=\"eael-grid-post-excerpt\"><a href=\"https:\/\/soymigrante.com\/revista\/preguntas-y-respuestas-que-es-el-derecho-a-la-ciudadania-por-nacimiento-en-ee-uu\/\" class=\"eael-post-elements-readmore-btn\">CONOCE SU HISTORIA <\/a><\/div>\n                    <\/div><\/div><\/div>\n        <\/div>\n    <\/article><article class=\"eael-grid-post  eael-post-grid-column eael-pg-post-10027 category-exitos\" data-id=\"10027\">\n        <div class=\"eael-grid-post-holder\">\n            <div class=\"eael-grid-post-holder-inner\"><div class=\"eael-entry-media\"><div class=\"eael-entry-overlay fade-in\"><i class=\"far fa-hand-pointer\" aria-hidden=\"true\"><\/i><a href=\"https:\/\/soymigrante.com\/revista\/es-un-honor-ser-guatemalteco-rudy-perez-subjefe-de-policia-en-minneapolis-minnesota\/\"><\/a><\/div><div class=\"eael-entry-thumbnail \">\n                <img loading=\"lazy\" decoding=\"async\" width=\"1024\" height=\"1024\" src=\"https:\/\/soymigrante.com\/revista\/wp-content\/uploads\/2024\/10\/Rudy-Perez-subjefe-policial-guatemalteco-americano-1-1024x1024.webp\" class=\"attachment-large size-large wp-image-10094\" alt=\"Polic\u00eda de tr\u00e1nsito en uniforme, sonriendo, en un parque con edificio hist\u00f3rico al fondo, representando autoridad y seguridad ciudadana en un entorno urbano.\" srcset=\"https:\/\/soymigrante.com\/revista\/wp-content\/uploads\/2024\/10\/Rudy-Perez-subjefe-policial-guatemalteco-americano-1-1024x1024.webp 1024w, https:\/\/soymigrante.com\/revista\/wp-content\/uploads\/2024\/10\/Rudy-Perez-subjefe-policial-guatemalteco-americano-1-300x300.webp 300w, https:\/\/soymigrante.com\/revista\/wp-content\/uploads\/2024\/10\/Rudy-Perez-subjefe-policial-guatemalteco-americano-1-150x150.webp 150w, https:\/\/soymigrante.com\/revista\/wp-content\/uploads\/2024\/10\/Rudy-Perez-subjefe-policial-guatemalteco-americano-1-768x768.webp 768w, https:\/\/soymigrante.com\/revista\/wp-content\/uploads\/2024\/10\/Rudy-Perez-subjefe-policial-guatemalteco-americano-1-75x75.webp 75w, https:\/\/soymigrante.com\/revista\/wp-content\/uploads\/2024\/10\/Rudy-Perez-subjefe-policial-guatemalteco-americano-1-750x750.webp 750w, https:\/\/soymigrante.com\/revista\/wp-content\/uploads\/2024\/10\/Rudy-Perez-subjefe-policial-guatemalteco-americano-1.webp 1206w\" sizes=\"(max-width: 1024px) 100vw, 1024px\" \/>\n            <\/div>\n        <\/div><div class=\"eael-entry-wrapper\"><header class=\"eael-entry-header\"><h2 class=\"eael-entry-title\"><a class=\"eael-grid-post-link\" href=\"https:\/\/soymigrante.com\/revista\/es-un-honor-ser-guatemalteco-rudy-perez-subjefe-de-policia-en-minneapolis-minnesota\/\" title=\"\u201cEs un honor ser guatemalteco\u201d: Rudy P\u00e9rez, subjefe de polic\u00eda en Minneapolis, Minnesota.\">\u201cEs un honor ser guatemalteco\u201d: Rudy P\u00e9rez, subjefe de polic\u00eda en Minneapolis, Minnesota.<\/a><\/h2><\/header><div class=\"eael-entry-content\">\n                        <div class=\"eael-grid-post-excerpt\"><a href=\"https:\/\/soymigrante.com\/revista\/es-un-honor-ser-guatemalteco-rudy-perez-subjefe-de-policia-en-minneapolis-minnesota\/\" class=\"eael-post-elements-readmore-btn\">CONOCE SU HISTORIA <\/a><\/div>\n                    <\/div><\/div><\/div>\n        <\/div>\n    <\/article><\/div>\n            <div class=\"clearfix\"><\/div>\n        <\/div>\t\t\t\t<\/div>\n\t\t\t\t\t<\/div>\n\t\t\t\t<\/div>\n\t\t\t\t<\/div>\n\t\t","protected":false},"excerpt":{"rendered":"<p>La administraci\u00f3n de Trump implementa medidas restrictivas que afectan a inmigrantes y solicitantes de asilo, afirman expertos del Immigration Policy Institute. En sus primeros 100 d\u00edas en el cargo, el presidente Donald Trump ha llevado a cabo una serie de acciones que marcan un cambio significativo en la pol\u00edtica migratoria de Estados Unidos, seg\u00fan un [&hellip;]<\/p>\n","protected":false},"author":19,"featured_media":4961,"comment_status":"open","ping_status":"open","sticky":false,"template":"","format":"standard","meta":{"_acf_changed":false,"_eb_attr":"","footnotes":""},"categories":[54],"tags":[],"class_list":["post-31794","post","type-post","status-publish","format-standard","has-post-thumbnail","hentry","category-estamos-unidos"],"acf":[],"aioseo_notices":[],"aioseo_head":"\n\t\t<!-- All in One SEO Pro 4.9.6.2 - aioseo.com -->\n\t<meta name=\"description\" content=\"Rudy P\u00e9rez es hijo, esposo, padre y subjefe en el Departamento de la Polic\u00eda Golden Valley en Minneapolis, Minessota, EE.UU. pero nunca se olvida de Guatemala.\" \/>\n\t<meta name=\"robots\" content=\"max-snippet:-1, max-image-preview:large, max-video-preview:-1\" \/>\n\t<meta name=\"author\" content=\"Beatriz Tercero\"\/>\n\t<link rel=\"canonical\" href=\"https:\/\/soymigrante.com\/revista\/es-un-honor-ser-guatemalteco-rudy-perez-subjefe-de-policia-en-minneapolis-minnesota\/\" \/>\n\t<meta name=\"generator\" content=\"All in One SEO Pro (AIOSEO) 4.9.6.2\" \/>\n\n\t\t<link rel=\"preconnect\" href=\"https:\/\/fonts.googleapis.com\" crossorigin>\n<link rel=\"preconnect\" href=\"https:\/\/fonts.gstatic.com\" crossorigin>\n\t\t<meta property=\"og:locale\" content=\"es_ES\" \/>\n\t\t<meta property=\"og:site_name\" content=\"SoyMigrante.com REVISTA \u2013 Nuestra misi\u00f3n es reconocer y dignificar al migrante.\" \/>\n\t\t<meta property=\"og:type\" content=\"article\" \/>\n\t\t<meta property=\"og:title\" content=\"Rudy P\u00e9rez, un subjefe policial en Minnesota, Estados Unidos\" \/>\n\t\t<meta property=\"og:description\" content=\"Rudy P\u00e9rez es hijo, esposo, padre y subjefe en el Departamento de la Polic\u00eda Golden Valley en Minneapolis, Minessota, EE.UU. pero nunca se olvida de Guatemala.\" \/>\n\t\t<meta property=\"og:url\" content=\"https:\/\/soymigrante.com\/revista\/es-un-honor-ser-guatemalteco-rudy-perez-subjefe-de-policia-en-minneapolis-minnesota\/\" \/>\n\t\t<meta property=\"og:image\" content=\"https:\/\/soymigrante.com\/revista\/wp-content\/uploads\/2024\/10\/Rudy-Perez-subjefe-policial-guatemalteco-americano-1.webp\" \/>\n\t\t<meta property=\"og:image:secure_url\" content=\"https:\/\/soymigrante.com\/revista\/wp-content\/uploads\/2024\/10\/Rudy-Perez-subjefe-policial-guatemalteco-americano-1.webp\" \/>\n\t\t<meta property=\"og:image:width\" content=\"1206\" \/>\n\t\t<meta property=\"og:image:height\" content=\"1206\" \/>\n\t\t<meta property=\"article:published_time\" content=\"2024-10-07T13:00:00+00:00\" \/>\n\t\t<meta property=\"article:modified_time\" content=\"2024-10-07T16:51:33+00:00\" \/>\n\t\t<meta property=\"article:publisher\" content=\"https:\/\/www.facebook.com\/soymigrantecom\" \/>\n\t\t<meta name=\"twitter:card\" content=\"summary_large_image\" \/>\n\t\t<meta name=\"twitter:site\" content=\"@SoyMigrante_com\" \/>\n\t\t<meta name=\"twitter:title\" content=\"Rudy P\u00e9rez, un subjefe policial en Minnesota, Estados Unidos\" \/>\n\t\t<meta name=\"twitter:description\" content=\"Rudy P\u00e9rez es hijo, esposo, padre y subjefe en el Departamento de la Polic\u00eda Golden Valley en Minneapolis, Minessota, EE.UU. pero nunca se olvida de Guatemala.\" \/>\n\t\t<meta name=\"twitter:creator\" content=\"@SoyMigrante_com\" \/>\n\t\t<meta name=\"twitter:image\" content=\"https:\/\/soymigrante.com\/revista\/wp-content\/uploads\/2024\/10\/Rudy-Perez-subjefe-policial-guatemalteco-americano-1.webp\" \/>\n\t\t<!-- All in One SEO Pro -->\r\n\t\t<title>Rudy P\u00e9rez, un subjefe policial en Minnesota, Estados Unidos<\/title>\n\n","aioseo_head_json":{"title":"Rudy P\u00e9rez, un subjefe policial en Minnesota, Estados Unidos","description":"Rudy P\u00e9rez es hijo, esposo, padre y subjefe en el Departamento de la Polic\u00eda Golden Valley en Minneapolis, Minessota, EE.UU. pero nunca se olvida de Guatemala.","canonical_url":"https:\/\/soymigrante.com\/revista\/es-un-honor-ser-guatemalteco-rudy-perez-subjefe-de-policia-en-minneapolis-minnesota\/","robots":"max-snippet:-1, max-image-preview:large, max-video-preview:-1","keywords":"","webmasterTools":{"miscellaneous":"&lt;link rel=\"preconnect\" href=\"https:\/\/fonts.googleapis.com\" crossorigin&gt;\n&lt;link rel=\"preconnect\" href=\"https:\/\/fonts.gstatic.com\" crossorigin&gt;"},"schema":null,"og:locale":"es_ES","og:site_name":"SoyMigrante.com REVISTA \u2013 Nuestra misi\u00f3n es reconocer y dignificar al migrante.","og:type":"article","og:title":"Rudy P\u00e9rez, un subjefe policial en Minnesota, Estados Unidos","og:description":"Rudy P\u00e9rez es hijo, esposo, padre y subjefe en el Departamento de la Polic\u00eda Golden Valley en Minneapolis, Minessota, EE.UU. pero nunca se olvida de Guatemala.","og:url":"https:\/\/soymigrante.com\/revista\/es-un-honor-ser-guatemalteco-rudy-perez-subjefe-de-policia-en-minneapolis-minnesota\/","og:image":"https:\/\/soymigrante.com\/revista\/wp-content\/uploads\/2024\/10\/Rudy-Perez-subjefe-policial-guatemalteco-americano-1.webp","og:image:secure_url":"https:\/\/soymigrante.com\/revista\/wp-content\/uploads\/2024\/10\/Rudy-Perez-subjefe-policial-guatemalteco-americano-1.webp","og:image:width":1206,"og:image:height":1206,"article:published_time":"2024-10-07T13:00:00+00:00","article:modified_time":"2024-10-07T16:51:33+00:00","article:publisher":"https:\/\/www.facebook.com\/soymigrantecom","twitter:card":"summary_large_image","twitter:site":"@SoyMigrante_com","twitter:title":"Rudy P\u00e9rez, un subjefe policial en Minnesota, Estados Unidos","twitter:description":"Rudy P\u00e9rez es hijo, esposo, padre y subjefe en el Departamento de la Polic\u00eda Golden Valley en Minneapolis, Minessota, EE.UU. pero nunca se olvida de Guatemala.","twitter:creator":"@SoyMigrante_com","twitter:image":"https:\/\/soymigrante.com\/revista\/wp-content\/uploads\/2024\/10\/Rudy-Perez-subjefe-policial-guatemalteco-americano-1.webp"},"aioseo_meta_data":{"post_id":"31794","title":null,"description":"Administraci\u00f3n Trump implementa medidas restrictivas contra migrantes indocumentados, que dificultan solicitudes se\u00f1alan expertos del Migration Policy Institute.","keywords":null,"keyphrases":{"focus":{"keyphrase":"Trump","score":100,"analysis":{"keyphraseInTitle":{"score":9,"maxScore":9,"error":0},"keyphraseInDescription":{"score":9,"maxScore":9,"error":0},"keyphraseLength":{"score":9,"maxScore":9,"error":0,"length":1},"keyphraseInURL":{"score":5,"maxScore":5,"error":0},"keyphraseInIntroduction":{"score":9,"maxScore":9,"error":0},"keyphraseInSubHeadings":{"score":9,"maxScore":9,"error":0},"keyphraseInImageAlt":{"score":9,"maxScore":9,"error":0},"keywordDensity":{"type":"best","score":9,"maxScore":9,"error":0}}},"additional":[{"keyphrase":"Migrantes","score":73,"analysis":{"keyphraseInDescription":{"score":9,"maxScore":9,"error":0},"keyphraseLength":{"score":9,"maxScore":9,"error":0,"length":1},"keyphraseInIntroduction":{"score":3,"maxScore":9,"error":1},"keyphraseInImageAlt":{"score":3,"maxScore":9,"error":1},"keywordDensity":{"type":"best","score":9,"maxScore":9,"error":0}}},{"keyphrase":"100 d\u00edas","score":87,"analysis":{"keyphraseInDescription":{"score":3,"maxScore":9,"error":1},"keyphraseLength":{"score":9,"maxScore":9,"error":0,"length":3},"keyphraseInIntroduction":{"score":9,"maxScore":9,"error":0},"keyphraseInImageAlt":{"score":9,"maxScore":9,"error":0},"keywordDensity":{"type":"best","score":9,"maxScore":9,"error":0}}}]},"primary_term":null,"canonical_url":null,"og_title":null,"og_description":null,"og_object_type":"default","og_image_type":"default","og_image_url":null,"og_image_width":null,"og_image_height":null,"og_image_custom_url":null,"og_image_custom_fields":null,"og_video":"","og_custom_url":null,"og_article_section":null,"og_article_tags":null,"twitter_use_og":false,"twitter_card":"default","twitter_image_type":"default","twitter_image_url":null,"twitter_image_custom_url":null,"twitter_image_custom_fields":null,"twitter_title":null,"twitter_description":null,"schema":{"blockGraphs":[],"customGraphs":[],"default":{"data":{"Article":[],"Course":[],"Dataset":[],"FAQPage":[],"Movie":[],"Person":[],"Product":[],"ProductReview":[],"Car":[],"Recipe":[],"Service":[],"SoftwareApplication":[],"WebPage":[]},"graphName":"none","isEnabled":true},"graphs":[]},"schema_type":"default","schema_type_options":null,"pillar_content":false,"robots_default":true,"robots_noindex":false,"robots_noarchive":false,"robots_nosnippet":false,"robots_nofollow":false,"robots_noimageindex":false,"robots_noodp":false,"robots_notranslate":false,"robots_max_snippet":"-1","robots_max_videopreview":"-1","robots_max_imagepreview":"large","priority":null,"frequency":"default","local_seo":null,"seo_analyzer_scan_date":"2025-10-09 04:36:25","breadcrumb_settings":null,"limit_modified_date":false,"reviewed_by":null,"open_ai":"{\"title\":{\"suggestions\":[],\"usage\":0},\"description\":{\"suggestions\":[],\"usage\":0}}","ai":null,"created":"2025-04-24 18:29:46","updated":"2026-02-04 23:17:04"},"aioseo_breadcrumb":"<div class=\"aioseo-breadcrumbs\"><span class=\"aioseo-breadcrumb\">\n\t<a href=\"https:\/\/soymigrante.com\/revista\" title=\"Home\">Home<\/a>\n<\/span><span class=\"aioseo-breadcrumb-separator\">\u00bb<\/span><span class=\"aioseo-breadcrumb\">\n\t<a href=\"https:\/\/soymigrante.com\/revista\/category\/estamos-unidos\/\" title=\"Estamos Unidos\">Estamos Unidos<\/a>\n<\/span><span class=\"aioseo-breadcrumb-separator\">\u00bb<\/span><span class=\"aioseo-breadcrumb\">\n\tEsto dicen expertos de Migration Policy sobre pol\u00edtica migrante Trump en 100 primeros d\u00edas\n<\/span><\/div>","aioseo_breadcrumb_json":[{"label":"Home","link":"https:\/\/soymigrante.com\/revista"},{"label":"Estamos Unidos","link":"https:\/\/soymigrante.com\/revista\/category\/estamos-unidos\/"},{"label":"Esto dicen expertos de Migration Policy sobre pol\u00edtica migrante Trump en 100 primeros d\u00edas","link":"https:\/\/soymigrante.com\/revista\/esto-dicen-expertos-de-migration-policy-sobre-politica-migrante-trump-en-100-primeros-dias\/"}],"_links":{"self":[{"href":"https:\/\/soymigrante.com\/revista\/wp-json\/wp\/v2\/posts\/31794","targetHints":{"allow":["GET"]}}],"collection":[{"href":"https:\/\/soymigrante.com\/revista\/wp-json\/wp\/v2\/posts"}],"about":[{"href":"https:\/\/soymigrante.com\/revista\/wp-json\/wp\/v2\/types\/post"}],"author":[{"embeddable":true,"href":"https:\/\/soymigrante.com\/revista\/wp-json\/wp\/v2\/users\/19"}],"replies":[{"embeddable":true,"href":"https:\/\/soymigrante.com\/revista\/wp-json\/wp\/v2\/comments?post=31794"}],"version-history":[{"count":18,"href":"https:\/\/soymigrante.com\/revista\/wp-json\/wp\/v2\/posts\/31794\/revisions"}],"predecessor-version":[{"id":31842,"href":"https:\/\/soymigrante.com\/revista\/wp-json\/wp\/v2\/posts\/31794\/revisions\/31842"}],"wp:featuredmedia":[{"embeddable":true,"href":"https:\/\/soymigrante.com\/revista\/wp-json\/wp\/v2\/media\/4961"}],"wp:attachment":[{"href":"https:\/\/soymigrante.com\/revista\/wp-json\/wp\/v2\/media?parent=31794"}],"wp:term":[{"taxonomy":"category","embeddable":true,"href":"https:\/\/soymigrante.com\/revista\/wp-json\/wp\/v2\/categories?post=31794"},{"taxonomy":"post_tag","embeddable":true,"href":"https:\/\/soymigrante.com\/revista\/wp-json\/wp\/v2\/tags?post=31794"}],"curies":[{"name":"wp","href":"https:\/\/api.w.org\/{rel}","templated":true}]}}