{"id":3177,"date":"2023-11-02T11:07:32","date_gmt":"2023-11-02T17:07:32","guid":{"rendered":"https:\/\/soymigrante.com\/revista\/?p=3177"},"modified":"2024-11-01T11:06:17","modified_gmt":"2024-11-01T17:06:17","slug":"recordar-a-migrantes-guatemaltecos-fallecidos-con-tradicion","status":"publish","type":"post","link":"https:\/\/soymigrante.com\/revista\/recordar-a-migrantes-guatemaltecos-fallecidos-con-tradicion\/","title":{"rendered":"Migrantes fallecidos o desaparecidos son recordados por sus familias"},"content":{"rendered":"\t\t<div data-elementor-type=\"wp-post\" data-elementor-id=\"3177\" class=\"elementor elementor-3177\" data-elementor-post-type=\"post\">\n\t\t\t\t\t\t<section data-particle_enable=\"false\" data-particle-mobile-disabled=\"false\" class=\"elementor-section elementor-top-section elementor-element elementor-element-e2b1aa4 elementor-section-boxed elementor-section-height-default elementor-section-height-default\" data-id=\"e2b1aa4\" data-element_type=\"section\" data-e-type=\"section\">\n\t\t\t\t\t\t<div class=\"elementor-container elementor-column-gap-default\">\n\t\t\t\t\t<div class=\"elementor-column elementor-col-100 elementor-top-column elementor-element elementor-element-9df707c\" data-id=\"9df707c\" data-element_type=\"column\" data-e-type=\"column\">\n\t\t\t<div class=\"elementor-widget-wrap elementor-element-populated\">\n\t\t\t\t\t\t<div class=\"elementor-element elementor-element-b783d27 elementor-widget elementor-widget-heading\" data-id=\"b783d27\" data-element_type=\"widget\" data-e-type=\"widget\" data-widget_type=\"heading.default\">\n\t\t\t\t\t<h1 class=\"elementor-heading-title elementor-size-default\">Con una oraci\u00f3n, adornos o alguna pieza musical, familiares evocan la memoria de migrantes que perecieron en su intento de buscar oportunidades en tierra estadounidense.<\/h1>\t\t\t\t<\/div>\n\t\t\t\t<div class=\"elementor-element elementor-element-9dd002f elementor-widget elementor-widget-image\" data-id=\"9dd002f\" data-element_type=\"widget\" data-e-type=\"widget\" data-widget_type=\"image.default\">\n\t\t\t\t\t\t\t\t\t\t\t\t<figure class=\"wp-caption\">\n\t\t\t\t\t\t\t\t\t\t<img fetchpriority=\"high\" decoding=\"async\" width=\"768\" height=\"768\" src=\"https:\/\/soymigrante.com\/revista\/wp-content\/uploads\/2023\/11\/Leonel-Argueta-fue-repatriado-a-su-natal-Momostenango-tras-fallecer-por-un-accidente-al-migrar-a-Estados-Unidos-Imagen-de-referencia-Foto_-Marcos-Zarate-768x768.webp\" class=\"attachment-medium_large size-medium_large wp-image-3182\" alt=\"Leonel Argueta fue repatriado a su natal Momostenango tras fallecer por un accidente al migrar a Estados Unidos Imagen de referencia Foto_ Marcos Zarate\" srcset=\"https:\/\/soymigrante.com\/revista\/wp-content\/uploads\/2023\/11\/Leonel-Argueta-fue-repatriado-a-su-natal-Momostenango-tras-fallecer-por-un-accidente-al-migrar-a-Estados-Unidos-Imagen-de-referencia-Foto_-Marcos-Zarate-768x768.webp 768w, https:\/\/soymigrante.com\/revista\/wp-content\/uploads\/2023\/11\/Leonel-Argueta-fue-repatriado-a-su-natal-Momostenango-tras-fallecer-por-un-accidente-al-migrar-a-Estados-Unidos-Imagen-de-referencia-Foto_-Marcos-Zarate-300x300.webp 300w, https:\/\/soymigrante.com\/revista\/wp-content\/uploads\/2023\/11\/Leonel-Argueta-fue-repatriado-a-su-natal-Momostenango-tras-fallecer-por-un-accidente-al-migrar-a-Estados-Unidos-Imagen-de-referencia-Foto_-Marcos-Zarate-1024x1024.webp 1024w, https:\/\/soymigrante.com\/revista\/wp-content\/uploads\/2023\/11\/Leonel-Argueta-fue-repatriado-a-su-natal-Momostenango-tras-fallecer-por-un-accidente-al-migrar-a-Estados-Unidos-Imagen-de-referencia-Foto_-Marcos-Zarate-150x150.webp 150w, https:\/\/soymigrante.com\/revista\/wp-content\/uploads\/2023\/11\/Leonel-Argueta-fue-repatriado-a-su-natal-Momostenango-tras-fallecer-por-un-accidente-al-migrar-a-Estados-Unidos-Imagen-de-referencia-Foto_-Marcos-Zarate-1536x1536.webp 1536w, https:\/\/soymigrante.com\/revista\/wp-content\/uploads\/2023\/11\/Leonel-Argueta-fue-repatriado-a-su-natal-Momostenango-tras-fallecer-por-un-accidente-al-migrar-a-Estados-Unidos-Imagen-de-referencia-Foto_-Marcos-Zarate-75x75.webp 75w, https:\/\/soymigrante.com\/revista\/wp-content\/uploads\/2023\/11\/Leonel-Argueta-fue-repatriado-a-su-natal-Momostenango-tras-fallecer-por-un-accidente-al-migrar-a-Estados-Unidos-Imagen-de-referencia-Foto_-Marcos-Zarate-750x750.webp 750w, https:\/\/soymigrante.com\/revista\/wp-content\/uploads\/2023\/11\/Leonel-Argueta-fue-repatriado-a-su-natal-Momostenango-tras-fallecer-por-un-accidente-al-migrar-a-Estados-Unidos-Imagen-de-referencia-Foto_-Marcos-Zarate-1140x1140.webp 1140w, https:\/\/soymigrante.com\/revista\/wp-content\/uploads\/2023\/11\/Leonel-Argueta-fue-repatriado-a-su-natal-Momostenango-tras-fallecer-por-un-accidente-al-migrar-a-Estados-Unidos-Imagen-de-referencia-Foto_-Marcos-Zarate-600x600.webp 600w, https:\/\/soymigrante.com\/revista\/wp-content\/uploads\/2023\/11\/Leonel-Argueta-fue-repatriado-a-su-natal-Momostenango-tras-fallecer-por-un-accidente-al-migrar-a-Estados-Unidos-Imagen-de-referencia-Foto_-Marcos-Zarate.webp 1920w\" sizes=\"(max-width: 768px) 100vw, 768px\" title=\"Leonel Argueta fue repatriado a su natal Momostenango tras fallecer por un accidente al migrar a Estados Unidos Imagen de referencia Foto_ Marcos Zarate \u2013 SoyMigrante.com REVISTA\" \/>\t\t\t\t\t\t\t\t\t\t\t<figcaption class=\"widget-image-caption wp-caption-text\">Leonel Argueta fue repatriado a su natal Momostenango tras fallecer por un accidente al migrar a Estados Unidos Imagen de referencia Foto_ Marcos Zarate<\/figcaption>\n\t\t\t\t\t\t\t\t\t\t<\/figure>\n\t\t\t\t\t\t\t\t\t<\/div>\n\t\t\t\t\t<\/div>\n\t\t<\/div>\n\t\t\t\t\t<\/div>\n\t\t<\/section>\n\t\t\t\t<section data-particle_enable=\"false\" data-particle-mobile-disabled=\"false\" class=\"elementor-section elementor-top-section elementor-element elementor-element-9755c6d elementor-section-boxed elementor-section-height-default elementor-section-height-default\" data-id=\"9755c6d\" data-element_type=\"section\" data-e-type=\"section\">\n\t\t\t\t\t\t<div class=\"elementor-container elementor-column-gap-default\">\n\t\t\t\t\t<div class=\"elementor-column elementor-col-100 elementor-top-column elementor-element elementor-element-05144d3\" data-id=\"05144d3\" data-element_type=\"column\" data-e-type=\"column\">\n\t\t\t<div class=\"elementor-widget-wrap elementor-element-populated\">\n\t\t\t\t\t\t<div class=\"elementor-element elementor-element-a361fae elementor-widget elementor-widget-heading\" data-id=\"a361fae\" data-element_type=\"widget\" data-e-type=\"widget\" data-widget_type=\"heading.default\">\n\t\t\t\t\t<h2 class=\"elementor-heading-title elementor-size-default\">Leonel no logr\u00f3 llegar<\/h2>\t\t\t\t<\/div>\n\t\t\t\t<div class=\"elementor-element elementor-element-44cb2d7 elementor-widget elementor-widget-text-editor\" data-id=\"44cb2d7\" data-element_type=\"widget\" data-e-type=\"widget\" data-widget_type=\"text-editor.default\">\n\t\t\t\t\t\t\t\t\t<p style=\"font-style: normal; font-variant-ligatures: normal; font-variant-caps: normal; font-weight: 400; font-size: 16px; font-family: Roboto, sans-serif;\"><span style=\"font-weight: 400;\">La familia Argueta le dio santa sepultura a Leonel Argueta Pelic\u00f3 el 21 de febrero del a\u00f1o en curso, qui\u00e9n falleci\u00f3 en la b\u00fasqueda de una mejor oportunidad tras migrar a Estados Unidos, una etapa dif\u00edcil para la familia fue recibir el cuerpo de su familiar. \u00c9l era asistente y m\u00fasico de la iglesia cristiana misi\u00f3n evang\u00e9lica Pr\u00edncipe de Paz en el municipio de Momostenango, Totonicap\u00e1n Guatemala.<\/span><\/p><p><span style=\"font-weight: 400; color: var( --e-global-color-text ); background-color: var(--ak-bg-color);\">\u201cTom\u00f3 la decisi\u00f3n de migrar a Estados Unidos para mejorar sus ingresos econ\u00f3micos y sostener a su familia esposa e hijos\u201d dice un familiar. Tras un accidente en la traves\u00eda Leonel falleci\u00f3 y fue identificado por las autoridades en ese pa\u00eds, el cuerpo fue retornado a su pa\u00eds de origen para brindarle santa sepultura. \u201cNo ten\u00edamos los recursos suficientes para la repatriaci\u00f3n, pero con la ayuda de la comunidad se logr\u00f3\u201d.\u00a0<\/span><\/p><p><span style=\"font-weight: 400;\">Durante el 1 y 2 de noviembre los cementerios del pa\u00eds\u00a0 \u00a0son visitados por familias para recordar a sus seres queridos entre ellos migrantes chapines que fallecieron en otro pa\u00eds o fueron retornados a su territorio natal. Una combinaci\u00f3n de la convivencia familiar y un acto \u00edntimo entre familias se refleja con oraciones, interpretaciones musicales y actividades tradicionales.<\/span><\/p><p><span style=\"font-weight: 400;\">La esposa del fallecido recuerda con mucha tristeza esta tragedia sin embargo en esta fecha acuden al cementerio de Momostenango, Guatemala para limpiar y recordar buenos momentos con sus cuatro hijos. Encienden velas, or\u00e1n y limpian alrededor \u201cHa sido muy duro, les dej\u00f3 ense\u00f1ado a mis hijos tocar la trompeta y con la ayuda de la comunidad, la iglesia y de nosotros mismos hemos salido adelante\u201d<\/span><\/p>\t\t\t\t\t\t\t\t<\/div>\n\t\t\t\t\t<\/div>\n\t\t<\/div>\n\t\t\t\t\t<\/div>\n\t\t<\/section>\n\t\t\t\t<section data-particle_enable=\"false\" data-particle-mobile-disabled=\"false\" class=\"elementor-section elementor-top-section elementor-element elementor-element-6146e32 elementor-section-boxed elementor-section-height-default elementor-section-height-default\" data-id=\"6146e32\" data-element_type=\"section\" data-e-type=\"section\">\n\t\t\t\t\t\t<div class=\"elementor-container elementor-column-gap-default\">\n\t\t\t\t\t<div class=\"elementor-column elementor-col-100 elementor-top-column elementor-element elementor-element-6376a01\" data-id=\"6376a01\" data-element_type=\"column\" data-e-type=\"column\">\n\t\t\t<div class=\"elementor-widget-wrap\">\n\t\t\t\t\t\t\t<\/div>\n\t\t<\/div>\n\t\t\t\t\t<\/div>\n\t\t<\/section>\n\t\t\t\t<section data-particle_enable=\"false\" data-particle-mobile-disabled=\"false\" class=\"elementor-section elementor-top-section elementor-element elementor-element-02cdca2 elementor-section-boxed elementor-section-height-default elementor-section-height-default\" data-id=\"02cdca2\" data-element_type=\"section\" data-e-type=\"section\">\n\t\t\t\t\t\t<div class=\"elementor-container elementor-column-gap-default\">\n\t\t\t\t\t<div class=\"elementor-column elementor-col-100 elementor-top-column elementor-element elementor-element-fa37f35\" data-id=\"fa37f35\" data-element_type=\"column\" data-e-type=\"column\">\n\t\t\t<div class=\"elementor-widget-wrap elementor-element-populated\">\n\t\t\t\t\t\t<div class=\"elementor-element elementor-element-d21ad19 elementor-widget elementor-widget-heading\" data-id=\"d21ad19\" data-element_type=\"widget\" data-e-type=\"widget\" data-widget_type=\"heading.default\">\n\t\t\t\t\t<h2 class=\"elementor-heading-title elementor-size-default\">Uni\u00f3n y costumbres\u00a0<\/h2>\t\t\t\t<\/div>\n\t\t\t\t<div class=\"elementor-element elementor-element-24a11b4 elementor-widget elementor-widget-text-editor\" data-id=\"24a11b4\" data-element_type=\"widget\" data-e-type=\"widget\" data-widget_type=\"text-editor.default\">\n\t\t\t\t\t\t\t\t\t<p><span style=\"font-weight: 400;\">A pesar de ser una fecha nost\u00e1lgica varias familias realizan diferentes actividades entre religiosas y tradicionales. La familia L\u00f3pez todos los a\u00f1os acuden al camposanto para limpiar y adornar el nicho familiar. Tambi\u00e9n solicitan a los mariachis ejecutar unos cuantos temas musicales; M\u00e1s all\u00e1 del sol, Amor eterno, Que nos entierren juntos entre otros.<\/span><\/p><p><span style=\"font-weight: 400;\">Despu\u00e9s de encender una veladora, escuchar los temas musicales, se re\u00fanen alrededor del nicho a recordar an\u00e9cdotas de los familiares fallecidos. Entre llantos y sonrisas ven a los ni\u00f1os y j\u00f3venes intentar volar barriletes o cometas. Todos los integrantes culminan su visita con atol de elote o antojitos tradicionales guatemaltecos.<\/span><\/p><p><span style=\"font-weight: 400;\">Las flores, coronas, corozos sobre las tumbas son una forma de recordar a los seres queridos fallecidos, varias familias pasan el d\u00eda completo junto a las tumbas de sus parientes. \u201cEs una tradici\u00f3n que nos caracteriza como guatemaltecos, recordar a nuestros seres queridos de distintas formas\u201d agreg\u00f3 Irene L\u00f3pez.<\/span><\/p>\t\t\t\t\t\t\t\t<\/div>\n\t\t\t\t\t<\/div>\n\t\t<\/div>\n\t\t\t\t\t<\/div>\n\t\t<\/section>\n\t\t\t\t<section data-particle_enable=\"false\" data-particle-mobile-disabled=\"false\" class=\"elementor-section elementor-top-section elementor-element elementor-element-bfcf4fd elementor-section-boxed elementor-section-height-default elementor-section-height-default\" data-id=\"bfcf4fd\" data-element_type=\"section\" data-e-type=\"section\">\n\t\t\t\t\t\t<div class=\"elementor-container elementor-column-gap-default\">\n\t\t\t\t\t<div class=\"elementor-column elementor-col-100 elementor-top-column elementor-element elementor-element-5548b99\" data-id=\"5548b99\" data-element_type=\"column\" data-e-type=\"column\">\n\t\t\t<div class=\"elementor-widget-wrap elementor-element-populated\">\n\t\t\t\t\t\t<div class=\"elementor-element elementor-element-9009a3a elementor-arrows-position-inside elementor-pagination-position-outside elementor-widget elementor-widget-image-carousel\" data-id=\"9009a3a\" data-element_type=\"widget\" data-e-type=\"widget\" data-settings=\"{&quot;slides_to_show&quot;:&quot;1&quot;,&quot;navigation&quot;:&quot;both&quot;,&quot;autoplay&quot;:&quot;yes&quot;,&quot;pause_on_hover&quot;:&quot;yes&quot;,&quot;pause_on_interaction&quot;:&quot;yes&quot;,&quot;autoplay_speed&quot;:5000,&quot;infinite&quot;:&quot;yes&quot;,&quot;effect&quot;:&quot;slide&quot;,&quot;speed&quot;:500}\" data-widget_type=\"image-carousel.default\">\n\t\t\t\t\t\t\t<div class=\"elementor-image-carousel-wrapper swiper\" role=\"region\" aria-roledescription=\"carousel\" aria-label=\"Carrusel de im\u00e1genes\" dir=\"ltr\">\n\t\t\t<div class=\"elementor-image-carousel swiper-wrapper\" aria-live=\"off\">\n\t\t\t\t\t\t\t\t<div class=\"swiper-slide\" role=\"group\" aria-roledescription=\"slide\" aria-label=\"1 de 4\"><figure class=\"swiper-slide-inner\"><img decoding=\"async\" class=\"swiper-slide-image\" src=\"https:\/\/soymigrante.com\/revista\/wp-content\/uploads\/2023\/11\/Flores-coronas-y-corozos-adornan-las-tumbas-Foto_-Diana-Batz-768x768.webp\" alt=\"Flores, coronas y corozos adornan las tumbas Foto_ Diana Batz\" \/><figcaption class=\"elementor-image-carousel-caption\">Flores, coronas y corozos adornan las tumbas Foto_ Diana Batz<\/figcaption><\/figure><\/div><div class=\"swiper-slide\" role=\"group\" aria-roledescription=\"slide\" aria-label=\"2 de 4\"><figure class=\"swiper-slide-inner\"><img decoding=\"async\" class=\"swiper-slide-image\" src=\"https:\/\/soymigrante.com\/revista\/wp-content\/uploads\/2023\/11\/Ventas-de-barriletes-se-ubican-alrededor-de-los-camposantos-de-Guatemala-Foto_-Diana-Batz-768x768.webp\" alt=\"Ventas de barriletes se ubican alrededor de los camposantos de Guatemala Foto_ Diana Batz\" \/><figcaption class=\"elementor-image-carousel-caption\">Ventas de barriletes se ubican alrededor de los camposantos de Guatemala Foto_ Diana Batz<\/figcaption><\/figure><\/div><div class=\"swiper-slide\" role=\"group\" aria-roledescription=\"slide\" aria-label=\"3 de 4\"><figure class=\"swiper-slide-inner\"><img decoding=\"async\" class=\"swiper-slide-image\" src=\"https:\/\/soymigrante.com\/revista\/wp-content\/uploads\/2023\/11\/Barriles-y-cometas-se-observan-en-cielo-una-tradicion-en-noviembre-Foto_-Diana-Batz-768x768.webp\" alt=\"Barriles y cometas se observan en cielo una tradici\u00f3n en noviembre Foto_ Diana Batz\" \/><figcaption class=\"elementor-image-carousel-caption\">Barriles y cometas se observan en cielo una tradici\u00f3n en noviembre Foto_ Diana Batz<\/figcaption><\/figure><\/div><div class=\"swiper-slide\" role=\"group\" aria-roledescription=\"slide\" aria-label=\"4 de 4\"><figure class=\"swiper-slide-inner\"><img decoding=\"async\" class=\"swiper-slide-image\" src=\"https:\/\/soymigrante.com\/revista\/wp-content\/uploads\/2023\/11\/Mariachis-ejecutan-temas-musicales-frente-a-los-panteones-Foto_-Diana-Batz-768x768.webp\" alt=\"Mariachis ejecutan temas musicales frente a los panteones Foto_ Diana Batz\" \/><figcaption class=\"elementor-image-carousel-caption\">Mariachis ejecutan temas musicales frente a los panteones Foto_ Diana Batz<\/figcaption><\/figure><\/div>\t\t\t<\/div>\n\t\t\t\t\t\t\t\t\t\t\t\t<div class=\"elementor-swiper-button elementor-swiper-button-prev\" role=\"button\" tabindex=\"0\">\n\t\t\t\t\t\t<i aria-hidden=\"true\" class=\"eicon-chevron-left\"><\/i>\t\t\t\t\t<\/div>\n\t\t\t\t\t<div class=\"elementor-swiper-button elementor-swiper-button-next\" role=\"button\" tabindex=\"0\">\n\t\t\t\t\t\t<i aria-hidden=\"true\" class=\"eicon-chevron-right\"><\/i>\t\t\t\t\t<\/div>\n\t\t\t\t\n\t\t\t\t\t\t\t\t\t<div class=\"swiper-pagination\"><\/div>\n\t\t\t\t\t\t\t\t\t<\/div>\n\t\t\t\t\t\t<\/div>\n\t\t\t\t\t<\/div>\n\t\t<\/div>\n\t\t\t\t\t<\/div>\n\t\t<\/section>\n\t\t\t\t<section data-particle_enable=\"false\" data-particle-mobile-disabled=\"false\" class=\"elementor-section elementor-top-section elementor-element elementor-element-964084a elementor-section-boxed elementor-section-height-default elementor-section-height-default\" data-id=\"964084a\" data-element_type=\"section\" data-e-type=\"section\">\n\t\t\t\t\t\t<div class=\"elementor-container elementor-column-gap-default\">\n\t\t\t\t\t<div class=\"elementor-column elementor-col-100 elementor-top-column elementor-element elementor-element-00d91c4\" data-id=\"00d91c4\" data-element_type=\"column\" data-e-type=\"column\">\n\t\t\t<div class=\"elementor-widget-wrap elementor-element-populated\">\n\t\t\t\t\t\t<div class=\"elementor-element elementor-element-2c5bbf9 elementor-widget elementor-widget-heading\" data-id=\"2c5bbf9\" data-element_type=\"widget\" data-e-type=\"widget\" data-widget_type=\"heading.default\">\n\t\t\t\t\t<h2 class=\"elementor-heading-title elementor-size-default\">No supieron nunca m\u00e1s de \u00e9l&nbsp;<\/h2>\t\t\t\t<\/div>\n\t\t\t\t<div class=\"elementor-element elementor-element-e4412a7 elementor-widget elementor-widget-text-editor\" data-id=\"e4412a7\" data-element_type=\"widget\" data-e-type=\"widget\" data-widget_type=\"text-editor.default\">\n\t\t\t\t\t\t\t\t\t<p><span style=\"font-weight: 400;\">Tambi\u00e9n se encuentran aquellas familias que no han tenido la oportunidad de velar a su familiar por desconocimiento del paradero, bajos recursos de retorno o desapariciones en el trayecto migratorio.<\/span><\/p>\n<p><span style=\"font-weight: 400;\">Seg\u00fan lo comenta Mario Tax \u201cMi cu\u00f1ado migr\u00f3 hace 10 a\u00f1os a Estados Unidos, pero nunca tuvimos noticias, no sabemos si lleg\u00f3 o que paso\u201d ante la incertidumbre han decidido recordarlo con la encendida de una vela frente a su fotograf\u00eda y oraci\u00f3n.<\/span><\/p>\n<p><span style=\"font-weight: 400;\">Las familias que quedan en la incertidumbre solicitan misas, cultos, rezos para pedir el descanso eterno de sus familiares o encontrar una se\u00f1al de su paradero. \u201cCada a\u00f1o oramos y rogamos por el descanso eterno de nuestro familiar, no tuvimos la oportunidad de repatriar por los costos, no tuvimos la posibilidad\u201d. Dijo un local.<\/span><\/p>\t\t\t\t\t\t\t\t<\/div>\n\t\t\t\t\t<\/div>\n\t\t<\/div>\n\t\t\t\t\t<\/div>\n\t\t<\/section>\n\t\t\t\t<section data-particle_enable=\"false\" data-particle-mobile-disabled=\"false\" class=\"elementor-section elementor-top-section elementor-element elementor-element-1ff2bac elementor-section-boxed elementor-section-height-default elementor-section-height-default\" data-id=\"1ff2bac\" data-element_type=\"section\" data-e-type=\"section\">\n\t\t\t\t\t\t<div class=\"elementor-container elementor-column-gap-default\">\n\t\t\t\t\t<div class=\"elementor-column elementor-col-100 elementor-top-column elementor-element elementor-element-db473f7\" data-id=\"db473f7\" data-element_type=\"column\" data-e-type=\"column\">\n\t\t\t<div class=\"elementor-widget-wrap elementor-element-populated\">\n\t\t\t\t\t\t<div class=\"elementor-element elementor-element-8a681c5 elementor-widget elementor-widget-image\" data-id=\"8a681c5\" data-element_type=\"widget\" data-e-type=\"widget\" data-widget_type=\"image.default\">\n\t\t\t\t\t\t\t\t\t\t\t\t<figure class=\"wp-caption\">\n\t\t\t\t\t\t\t\t\t\t<img decoding=\"async\" width=\"768\" height=\"768\" src=\"https:\/\/soymigrante.com\/revista\/wp-content\/uploads\/2023\/11\/Los-camposantos-se-llenan-de-colores-y-tradiciones.-Las-familias-que-no-tienen-la-oportunidad-de-velar-y-enterrar-a-sus-familiares-oran-por-su-descanso-eterno-Foto_-Diana-Batz--768x768.webp\" class=\"attachment-medium_large size-medium_large wp-image-3187\" alt=\"Los camposantos se llenan de colores y tradiciones. Las familias que no tienen la oportunidad de velar y enterrar a sus familiares oran por su descanso eterno Foto_ Diana Batz\" srcset=\"https:\/\/soymigrante.com\/revista\/wp-content\/uploads\/2023\/11\/Los-camposantos-se-llenan-de-colores-y-tradiciones.-Las-familias-que-no-tienen-la-oportunidad-de-velar-y-enterrar-a-sus-familiares-oran-por-su-descanso-eterno-Foto_-Diana-Batz--768x768.webp 768w, https:\/\/soymigrante.com\/revista\/wp-content\/uploads\/2023\/11\/Los-camposantos-se-llenan-de-colores-y-tradiciones.-Las-familias-que-no-tienen-la-oportunidad-de-velar-y-enterrar-a-sus-familiares-oran-por-su-descanso-eterno-Foto_-Diana-Batz--300x300.webp 300w, https:\/\/soymigrante.com\/revista\/wp-content\/uploads\/2023\/11\/Los-camposantos-se-llenan-de-colores-y-tradiciones.-Las-familias-que-no-tienen-la-oportunidad-de-velar-y-enterrar-a-sus-familiares-oran-por-su-descanso-eterno-Foto_-Diana-Batz--1024x1024.webp 1024w, https:\/\/soymigrante.com\/revista\/wp-content\/uploads\/2023\/11\/Los-camposantos-se-llenan-de-colores-y-tradiciones.-Las-familias-que-no-tienen-la-oportunidad-de-velar-y-enterrar-a-sus-familiares-oran-por-su-descanso-eterno-Foto_-Diana-Batz--150x150.webp 150w, https:\/\/soymigrante.com\/revista\/wp-content\/uploads\/2023\/11\/Los-camposantos-se-llenan-de-colores-y-tradiciones.-Las-familias-que-no-tienen-la-oportunidad-de-velar-y-enterrar-a-sus-familiares-oran-por-su-descanso-eterno-Foto_-Diana-Batz--1536x1536.webp 1536w, https:\/\/soymigrante.com\/revista\/wp-content\/uploads\/2023\/11\/Los-camposantos-se-llenan-de-colores-y-tradiciones.-Las-familias-que-no-tienen-la-oportunidad-de-velar-y-enterrar-a-sus-familiares-oran-por-su-descanso-eterno-Foto_-Diana-Batz--scaled.webp 1920w, https:\/\/soymigrante.com\/revista\/wp-content\/uploads\/2023\/11\/Los-camposantos-se-llenan-de-colores-y-tradiciones.-Las-familias-que-no-tienen-la-oportunidad-de-velar-y-enterrar-a-sus-familiares-oran-por-su-descanso-eterno-Foto_-Diana-Batz--75x75.webp 75w, https:\/\/soymigrante.com\/revista\/wp-content\/uploads\/2023\/11\/Los-camposantos-se-llenan-de-colores-y-tradiciones.-Las-familias-que-no-tienen-la-oportunidad-de-velar-y-enterrar-a-sus-familiares-oran-por-su-descanso-eterno-Foto_-Diana-Batz--750x750.webp 750w, https:\/\/soymigrante.com\/revista\/wp-content\/uploads\/2023\/11\/Los-camposantos-se-llenan-de-colores-y-tradiciones.-Las-familias-que-no-tienen-la-oportunidad-de-velar-y-enterrar-a-sus-familiares-oran-por-su-descanso-eterno-Foto_-Diana-Batz--1140x1140.webp 1140w, https:\/\/soymigrante.com\/revista\/wp-content\/uploads\/2023\/11\/Los-camposantos-se-llenan-de-colores-y-tradiciones.-Las-familias-que-no-tienen-la-oportunidad-de-velar-y-enterrar-a-sus-familiares-oran-por-su-descanso-eterno-Foto_-Diana-Batz--600x600.webp 600w\" sizes=\"(max-width: 768px) 100vw, 768px\" title=\"Los camposantos se llenan de colores y tradiciones. Las familias que no tienen la oportunidad de velar y enterrar a sus familiares oran por su descanso eterno Foto_ Diana Batz \u2013 SoyMigrante.com REVISTA\" \/>\t\t\t\t\t\t\t\t\t\t\t<figcaption class=\"widget-image-caption wp-caption-text\">Los camposantos se llenan de colores y tradiciones. Las familias que no tienen la oportunidad de velar y enterrar a sus familiares oran por su descanso eterno Foto_ Diana Batz<\/figcaption>\n\t\t\t\t\t\t\t\t\t\t<\/figure>\n\t\t\t\t\t\t\t\t\t<\/div>\n\t\t\t\t\t<\/div>\n\t\t<\/div>\n\t\t\t\t\t<\/div>\n\t\t<\/section>\n\t\t\t\t<section data-particle_enable=\"false\" data-particle-mobile-disabled=\"false\" class=\"elementor-section elementor-top-section elementor-element elementor-element-cdbc0f9 elementor-section-boxed elementor-section-height-default elementor-section-height-default\" data-id=\"cdbc0f9\" data-element_type=\"section\" data-e-type=\"section\">\n\t\t\t\t\t\t<div class=\"elementor-container elementor-column-gap-default\">\n\t\t\t\t\t<div class=\"elementor-column elementor-col-100 elementor-top-column elementor-element elementor-element-314fe29\" data-id=\"314fe29\" data-element_type=\"column\" data-e-type=\"column\">\n\t\t\t<div class=\"elementor-widget-wrap elementor-element-populated\">\n\t\t\t\t\t\t<div class=\"elementor-element elementor-element-0e05d2e elementor-widget elementor-widget-heading\" data-id=\"0e05d2e\" data-element_type=\"widget\" data-e-type=\"widget\" data-widget_type=\"heading.default\">\n\t\t\t\t\t<h2 class=\"elementor-heading-title elementor-size-default\">La frontera m\u00e1s peligrosa <\/h2>\t\t\t\t<\/div>\n\t\t\t\t\t<\/div>\n\t\t<\/div>\n\t\t\t\t\t<\/div>\n\t\t<\/section>\n\t\t\t\t<section data-particle_enable=\"false\" data-particle-mobile-disabled=\"false\" class=\"elementor-section elementor-top-section elementor-element elementor-element-cf2847b elementor-section-boxed elementor-section-height-default elementor-section-height-default\" data-id=\"cf2847b\" data-element_type=\"section\" data-e-type=\"section\">\n\t\t\t\t\t\t<div class=\"elementor-container elementor-column-gap-default\">\n\t\t\t\t\t<div class=\"elementor-column elementor-col-100 elementor-top-column elementor-element elementor-element-4131260\" data-id=\"4131260\" data-element_type=\"column\" data-e-type=\"column\">\n\t\t\t<div class=\"elementor-widget-wrap elementor-element-populated\">\n\t\t\t\t\t\t<div class=\"elementor-element elementor-element-ed0009a elementor-widget elementor-widget-text-editor\" data-id=\"ed0009a\" data-element_type=\"widget\" data-e-type=\"widget\" data-widget_type=\"text-editor.default\">\n\t\t\t\t\t\t\t\t\t<p>Como dato de referencia, durante 2022, el Ministerio de Relaciones Exteriores de Guatemala, apoy\u00f3 a la repatriaci\u00f3n de los cuerpos 427 migrantes guatemaltecos fallecidos en el extranjero. De ellos 361 perecieron en Estados Unidos, algunos en accidentes de tr\u00e1nsito, hechos de violencia, pero tambi\u00e9n durante el viaje a la frontera de Estados Unidos o el intento de cruzar la frontera.&nbsp;<br>Algunos son v\u00edctimas de hechos criminales o bandas delictivas, sufren asaltos o secuestros.&nbsp;<br><a href=\"https:\/\/www.iom.int\/es\/news\/la-frontera-entre-estados-unidos-y-mexico-es-la-ruta-migratoria-terrestre-mas-peligrosa-del-mundo?utm_source=modulosPL&amp;utm_medium=linkinterno&amp;utm_campaign=ux\">Durante 2022, la Organizaci\u00f3n Internacional de las Migraciones registra 685 migrantes fallecidos o desaparecidos. En el 2023, la cifra de muertos durante el intento de cruzar el desierto se eleva a 156 personas de diversas nacionalidades.&nbsp;<\/a><\/p><p>Es por esta raz\u00f3n que la frontera entre M\u00e9xico y Estados Unidos es considerada por la OIM como &#8220;la m\u00e1s peligrosa del mundo&#8221;. Autoridades estadounidense repetidamente advierten que el cruce ilegal coloca a la persona en peligro mortal, debido a las extremas condiciones clim\u00e1ticas y al actuar de los delincuentes y tratantes de personas.&nbsp;<\/p>\t\t\t\t\t\t\t\t<\/div>\n\t\t\t\t\t<\/div>\n\t\t<\/div>\n\t\t\t\t\t<\/div>\n\t\t<\/section>\n\t\t\t\t<section data-particle_enable=\"false\" data-particle-mobile-disabled=\"false\" class=\"elementor-section elementor-top-section elementor-element elementor-element-e4c8361 elementor-section-boxed elementor-section-height-default elementor-section-height-default\" data-id=\"e4c8361\" data-element_type=\"section\" data-e-type=\"section\">\n\t\t\t\t\t\t<div class=\"elementor-container elementor-column-gap-default\">\n\t\t\t\t\t<div class=\"elementor-column elementor-col-100 elementor-top-column elementor-element elementor-element-7c152cc\" data-id=\"7c152cc\" data-element_type=\"column\" data-e-type=\"column\">\n\t\t\t<div class=\"elementor-widget-wrap elementor-element-populated\">\n\t\t\t\t\t\t<div class=\"elementor-element elementor-element-847568f elementor-widget elementor-widget-heading\" data-id=\"847568f\" data-element_type=\"widget\" data-e-type=\"widget\" data-widget_type=\"heading.default\">\n\t\t\t\t\t<h2 class=\"elementor-heading-title elementor-size-default\">Tambi\u00e9n podr\u00eda interesarle <\/h2>\t\t\t\t<\/div>\n\t\t\t\t\t<\/div>\n\t\t<\/div>\n\t\t\t\t\t<\/div>\n\t\t<\/section>\n\t\t\t\t<section data-particle_enable=\"false\" data-particle-mobile-disabled=\"false\" class=\"elementor-section elementor-top-section elementor-element elementor-element-d72437a elementor-section-boxed elementor-section-height-default elementor-section-height-default\" data-id=\"d72437a\" data-element_type=\"section\" data-e-type=\"section\">\n\t\t\t\t\t\t<div class=\"elementor-container elementor-column-gap-default\">\n\t\t\t\t\t<div class=\"elementor-column elementor-col-100 elementor-top-column elementor-element elementor-element-90bd8ed\" data-id=\"90bd8ed\" data-element_type=\"column\" data-e-type=\"column\">\n\t\t\t<div class=\"elementor-widget-wrap elementor-element-populated\">\n\t\t\t\t\t\t<div class=\"elementor-element elementor-element-c025cfd elementor-grid-eael-col-2 elementor-grid-tablet-eael-col-2 elementor-grid-mobile-eael-col-1 elementor-widget elementor-widget-eael-post-grid\" data-id=\"c025cfd\" data-element_type=\"widget\" data-e-type=\"widget\" data-settings=\"{&quot;eael_post_grid_columns&quot;:&quot;eael-col-2&quot;,&quot;eael_post_grid_columns_tablet&quot;:&quot;eael-col-2&quot;,&quot;eael_post_grid_columns_mobile&quot;:&quot;eael-col-1&quot;}\" data-widget_type=\"eael-post-grid.default\">\n\t\t\t\t\t<div id=\"eael-post-grid-c025cfd\" class=\"eael-post-grid-container\">\n            <div class=\"eael-post-grid eael-post-appender eael-post-appender-c025cfd eael-post-grid-style-one\" data-layout-mode=\"masonry\"><article class=\"eael-grid-post  eael-post-grid-column eael-pg-post-2401 category-estamos-unidos\" data-id=\"2401\">\n        <div class=\"eael-grid-post-holder\">\n            <div class=\"eael-grid-post-holder-inner\"><div class=\"eael-entry-media\"><div class=\"eael-entry-overlay fade-in\"><i class=\"fas fa-long-arrow-alt-right\" aria-hidden=\"true\"><\/i><a href=\"https:\/\/soymigrante.com\/revista\/migrantes-guatemaltecos-exigen-respeto-al-tse-y-a-la-soberana-voluntad-expresada-en-las-elecciones\/\"><\/a><\/div><div class=\"eael-entry-thumbnail \">\n                <img decoding=\"async\" width=\"300\" height=\"154\" src=\"https:\/\/soymigrante.com\/revista\/wp-content\/uploads\/2023\/08\/F4BcL9oWIAAh6fL-e1693433156748-300x154.webp\" class=\"attachment-medium size-medium wp-image-2403\" alt=\"\" srcset=\"https:\/\/soymigrante.com\/revista\/wp-content\/uploads\/2023\/08\/F4BcL9oWIAAh6fL-e1693433156748-300x154.webp 300w, https:\/\/soymigrante.com\/revista\/wp-content\/uploads\/2023\/08\/F4BcL9oWIAAh6fL-e1693433156748-1024x524.webp 1024w, https:\/\/soymigrante.com\/revista\/wp-content\/uploads\/2023\/08\/F4BcL9oWIAAh6fL-e1693433156748-768x393.webp 768w, https:\/\/soymigrante.com\/revista\/wp-content\/uploads\/2023\/08\/F4BcL9oWIAAh6fL-e1693433156748-750x384.webp 750w, https:\/\/soymigrante.com\/revista\/wp-content\/uploads\/2023\/08\/F4BcL9oWIAAh6fL-e1693433156748-1140x583.webp 1140w, https:\/\/soymigrante.com\/revista\/wp-content\/uploads\/2023\/08\/F4BcL9oWIAAh6fL-e1693433156748.webp 1282w\" sizes=\"(max-width: 300px) 100vw, 300px\" \/>\n            <\/div>\n        <\/div><div class=\"eael-entry-wrapper\"><header class=\"eael-entry-header\"><h2 class=\"eael-entry-title\"><a class=\"eael-grid-post-link\" href=\"https:\/\/soymigrante.com\/revista\/migrantes-guatemaltecos-exigen-respeto-al-tse-y-a-la-soberana-voluntad-expresada-en-las-elecciones\/\" title=\"Migrantes guatemaltecos exigen respeto a la soberana voluntad ciudadana expresada en las elecciones\">Migrantes guatemaltecos exigen respeto a la soberana voluntad ciudadana expresada en las elecciones<\/a><\/h2><\/header><\/div><\/div>\n        <\/div>\n    <\/article><article class=\"eael-grid-post  eael-post-grid-column eael-pg-post-300 category-bienestar\" data-id=\"300\">\n        <div class=\"eael-grid-post-holder\">\n            <div class=\"eael-grid-post-holder-inner\"><div class=\"eael-entry-media\"><div class=\"eael-entry-overlay fade-in\"><i class=\"fas fa-long-arrow-alt-right\" aria-hidden=\"true\"><\/i><a href=\"https:\/\/soymigrante.com\/revista\/el-duelo-migratorio-existe-y-no-solo-es-uno-son-siete-los-duelos-del-migrante\/\"><\/a><\/div><div class=\"eael-entry-thumbnail \">\n                <img loading=\"lazy\" decoding=\"async\" width=\"300\" height=\"300\" src=\"https:\/\/soymigrante.com\/revista\/wp-content\/uploads\/2024\/01\/Duelo-de-distancia-es-real-300x300.webp\" class=\"attachment-medium size-medium wp-image-6099\" alt=\"Hermosa ilustraci\u00f3n de un atardecer en una cafeter\u00eda, mostrando una figura sentada contemplando el paisaje y la luna llena, con tonos c\u00e1lidos y un ambiente introspectivo, ideal para temas de migraci\u00f3n, reflexi\u00f3n y cultura.\" srcset=\"https:\/\/soymigrante.com\/revista\/wp-content\/uploads\/2024\/01\/Duelo-de-distancia-es-real-300x300.webp 300w, https:\/\/soymigrante.com\/revista\/wp-content\/uploads\/2024\/01\/Duelo-de-distancia-es-real-150x150.webp 150w, https:\/\/soymigrante.com\/revista\/wp-content\/uploads\/2024\/01\/Duelo-de-distancia-es-real-768x768.webp 768w, https:\/\/soymigrante.com\/revista\/wp-content\/uploads\/2024\/01\/Duelo-de-distancia-es-real-75x75.webp 75w, https:\/\/soymigrante.com\/revista\/wp-content\/uploads\/2024\/01\/Duelo-de-distancia-es-real-750x750.webp 750w, https:\/\/soymigrante.com\/revista\/wp-content\/uploads\/2024\/01\/Duelo-de-distancia-es-real-600x600.webp 600w, https:\/\/soymigrante.com\/revista\/wp-content\/uploads\/2024\/01\/Duelo-de-distancia-es-real.webp 1024w\" sizes=\"(max-width: 300px) 100vw, 300px\" \/>\n            <\/div>\n        <\/div><div class=\"eael-entry-wrapper\"><header class=\"eael-entry-header\"><h2 class=\"eael-entry-title\"><a class=\"eael-grid-post-link\" href=\"https:\/\/soymigrante.com\/revista\/el-duelo-migratorio-existe-y-no-solo-es-uno-son-siete-los-duelos-del-migrante\/\" title=\"Duelo de distancia  es real pero se puede y se debe superar\">Duelo de distancia  es real pero se puede y se debe superar<\/a><\/h2><\/header><\/div><\/div>\n        <\/div>\n    <\/article><\/div>\n            <div class=\"clearfix\"><\/div>\n        <\/div>\t\t\t\t<\/div>\n\t\t\t\t\t<\/div>\n\t\t<\/div>\n\t\t\t\t\t<\/div>\n\t\t<\/section>\n\t\t\t\t<\/div>\n\t\t","protected":false},"excerpt":{"rendered":"<p>Con una oraci\u00f3n, adornos o alguna pieza musical, familiares evocan la memoria de migrantes que perecieron en su intento de buscar oportunidades en tierra estadounidense. Leonel Argueta fue repatriado a su natal Momostenango tras fallecer por un accidente al migrar a Estados Unidos Imagen de referencia Foto_ Marcos Zarate Leonel no logr\u00f3 llegar La familia [&hellip;]<\/p>\n","protected":false},"author":10,"featured_media":3181,"comment_status":"open","ping_status":"open","sticky":false,"template":"","format":"standard","meta":{"_acf_changed":false,"_eb_attr":"","footnotes":""},"categories":[58],"tags":[],"class_list":["post-3177","post","type-post","status-publish","format-standard","has-post-thumbnail","hentry","category-guate-nuestra"],"acf":[],"aioseo_notices":[],"aioseo_head":"\n\t\t<!-- All in One SEO Pro 4.9.6.2 - aioseo.com -->\n\t<meta name=\"description\" content=\"Toda persona que se traslada a vivir a una localidad distante de su lugar de origen o de habitual residencia...\" \/>\n\t<meta name=\"robots\" content=\"max-snippet:-1, max-image-preview:large, max-video-preview:-1\" \/>\n\t<meta name=\"author\" content=\"SoyMigrante.com REVISTA\"\/>\n\t<link rel=\"canonical\" href=\"https:\/\/soymigrante.com\/revista\/el-duelo-migratorio-existe-y-no-solo-es-uno-son-siete-los-duelos-del-migrante\/\" \/>\n\t<meta name=\"generator\" content=\"All in One SEO Pro (AIOSEO) 4.9.6.2\" \/>\n\n\t\t<link rel=\"preconnect\" href=\"https:\/\/fonts.googleapis.com\" crossorigin>\n<link rel=\"preconnect\" href=\"https:\/\/fonts.gstatic.com\" crossorigin>\n\t\t<meta property=\"og:locale\" content=\"es_ES\" \/>\n\t\t<meta property=\"og:site_name\" content=\"SoyMigrante.com REVISTA \u2013 Nuestra misi\u00f3n es reconocer y dignificar al migrante.\" \/>\n\t\t<meta property=\"og:type\" content=\"article\" \/>\n\t\t<meta property=\"og:title\" content=\"Duelo de distancia es real pero se puede y se debe superar\" \/>\n\t\t<meta property=\"og:description\" content=\"Toda persona que se traslada a vivir a una localidad distante de su lugar de origen o de habitual residencia...\" \/>\n\t\t<meta property=\"og:url\" content=\"https:\/\/soymigrante.com\/revista\/el-duelo-migratorio-existe-y-no-solo-es-uno-son-siete-los-duelos-del-migrante\/\" \/>\n\t\t<meta property=\"og:image\" content=\"https:\/\/soymigrante.com\/revista\/wp-content\/uploads\/2024\/01\/Duelo-de-distancia-es-real.webp\" \/>\n\t\t<meta property=\"og:image:secure_url\" content=\"https:\/\/soymigrante.com\/revista\/wp-content\/uploads\/2024\/01\/Duelo-de-distancia-es-real.webp\" \/>\n\t\t<meta property=\"og:image:width\" content=\"1024\" \/>\n\t\t<meta property=\"og:image:height\" content=\"1024\" \/>\n\t\t<meta property=\"article:published_time\" content=\"2023-05-26T00:42:37+00:00\" \/>\n\t\t<meta property=\"article:modified_time\" content=\"2024-06-25T22:34:59+00:00\" \/>\n\t\t<meta property=\"article:publisher\" content=\"https:\/\/www.facebook.com\/soymigrantecom\" \/>\n\t\t<meta name=\"twitter:card\" content=\"summary_large_image\" \/>\n\t\t<meta name=\"twitter:site\" content=\"@SoyMigrante_com\" \/>\n\t\t<meta name=\"twitter:title\" content=\"Duelo de distancia es real pero se puede y se debe superar\" \/>\n\t\t<meta name=\"twitter:description\" content=\"Toda persona que se traslada a vivir a una localidad distante de su lugar de origen o de habitual residencia...\" \/>\n\t\t<meta name=\"twitter:creator\" content=\"@SoyMigrante_com\" \/>\n\t\t<meta name=\"twitter:image\" content=\"https:\/\/soymigrante.com\/revista\/wp-content\/uploads\/2024\/01\/Duelo-de-distancia-es-real.webp\" \/>\n\t\t<!-- All in One SEO Pro -->\r\n\t\t<title>Duelo de distancia es real pero se puede y se debe superar<\/title>\n\n","aioseo_head_json":{"title":"Duelo de distancia es real pero se puede y se debe superar","description":"Toda persona que se traslada a vivir a una localidad distante de su lugar de origen o de habitual residencia...","canonical_url":"https:\/\/soymigrante.com\/revista\/el-duelo-migratorio-existe-y-no-solo-es-uno-son-siete-los-duelos-del-migrante\/","robots":"max-snippet:-1, max-image-preview:large, max-video-preview:-1","keywords":"","webmasterTools":{"miscellaneous":"&lt;link rel=\"preconnect\" href=\"https:\/\/fonts.googleapis.com\" crossorigin&gt;\n&lt;link rel=\"preconnect\" href=\"https:\/\/fonts.gstatic.com\" crossorigin&gt;"},"schema":null,"og:locale":"es_ES","og:site_name":"SoyMigrante.com REVISTA \u2013 Nuestra misi\u00f3n es reconocer y dignificar al migrante.","og:type":"article","og:title":"Duelo de distancia es real pero se puede y se debe superar","og:description":"Toda persona que se traslada a vivir a una localidad distante de su lugar de origen o de habitual residencia...","og:url":"https:\/\/soymigrante.com\/revista\/el-duelo-migratorio-existe-y-no-solo-es-uno-son-siete-los-duelos-del-migrante\/","og:image":"https:\/\/soymigrante.com\/revista\/wp-content\/uploads\/2024\/01\/Duelo-de-distancia-es-real.webp","og:image:secure_url":"https:\/\/soymigrante.com\/revista\/wp-content\/uploads\/2024\/01\/Duelo-de-distancia-es-real.webp","og:image:width":1024,"og:image:height":1024,"article:published_time":"2023-05-26T00:42:37+00:00","article:modified_time":"2024-06-25T22:34:59+00:00","article:publisher":"https:\/\/www.facebook.com\/soymigrantecom","twitter:card":"summary_large_image","twitter:site":"@SoyMigrante_com","twitter:title":"Duelo de distancia es real pero se puede y se debe superar","twitter:description":"Toda persona que se traslada a vivir a una localidad distante de su lugar de origen o de habitual residencia...","twitter:creator":"@SoyMigrante_com","twitter:image":"https:\/\/soymigrante.com\/revista\/wp-content\/uploads\/2024\/01\/Duelo-de-distancia-es-real.webp"},"aioseo_meta_data":{"post_id":"3177","title":"Recordar a migrantes guatemaltecos fallecidos con tradici\u00f3n","description":"#post_excerpt Con una oraci\u00f3n, adornos e interpretaciones musicales recuerdan a familiares fallecidos migrantes guatemaltecos.","keywords":[],"keyphrases":{"focus":{"keyphrase":"migrantes","score":74,"analysis":{"keyphraseInTitle":{"score":9,"maxScore":9,"error":0},"keyphraseInDescription":{"score":9,"maxScore":9,"error":0},"keyphraseLength":{"score":9,"maxScore":9,"error":0,"length":1},"keyphraseInURL":{"score":5,"maxScore":5,"error":0},"keyphraseInIntroduction":{"score":3,"maxScore":9,"error":1},"keyphraseInSubHeadings":{"score":3,"maxScore":9,"error":1},"keyphraseInImageAlt":{"score":3,"maxScore":9,"error":1},"keywordDensity":{"type":"best","score":9,"maxScore":9,"error":0}}},"additional":[]},"primary_term":null,"canonical_url":null,"og_title":null,"og_description":null,"og_object_type":"default","og_image_type":"default","og_image_url":null,"og_image_width":null,"og_image_height":null,"og_image_custom_url":null,"og_image_custom_fields":null,"og_video":"","og_custom_url":null,"og_article_section":null,"og_article_tags":[],"twitter_use_og":false,"twitter_card":"default","twitter_image_type":"default","twitter_image_url":null,"twitter_image_custom_url":null,"twitter_image_custom_fields":null,"twitter_title":null,"twitter_description":null,"schema":{"blockGraphs":[],"customGraphs":[],"default":{"data":{"Article":[],"Course":[],"Dataset":[],"FAQPage":[],"Movie":[],"Person":[],"Product":[],"ProductReview":[],"Car":[],"Recipe":[],"Service":[],"SoftwareApplication":[],"WebPage":[]},"graphName":"BlogPosting","isEnabled":true},"graphs":[]},"schema_type":"default","schema_type_options":null,"pillar_content":false,"robots_default":true,"robots_noindex":false,"robots_noarchive":false,"robots_nosnippet":false,"robots_nofollow":false,"robots_noimageindex":false,"robots_noodp":false,"robots_notranslate":false,"robots_max_snippet":"-1","robots_max_videopreview":"-1","robots_max_imagepreview":"large","priority":null,"frequency":"default","local_seo":null,"seo_analyzer_scan_date":"2025-10-08 20:37:51","breadcrumb_settings":null,"limit_modified_date":false,"reviewed_by":null,"open_ai":null,"ai":null,"created":"2023-11-02 07:41:54","updated":"2026-02-04 09:50:24"},"aioseo_breadcrumb":"<div class=\"aioseo-breadcrumbs\"><span class=\"aioseo-breadcrumb\">\n\t<a href=\"https:\/\/soymigrante.com\/revista\" title=\"Home\">Home<\/a>\n<\/span><span class=\"aioseo-breadcrumb-separator\">\u00bb<\/span><span class=\"aioseo-breadcrumb\">\n\t<a href=\"https:\/\/soymigrante.com\/revista\/category\/guate-nuestra\/\" title=\"Guate Nuestra\">Guate Nuestra<\/a>\n<\/span><span class=\"aioseo-breadcrumb-separator\">\u00bb<\/span><span class=\"aioseo-breadcrumb\">\n\tMigrantes fallecidos o desaparecidos son recordados por sus familias\n<\/span><\/div>","aioseo_breadcrumb_json":[{"label":"Home","link":"https:\/\/soymigrante.com\/revista"},{"label":"Guate Nuestra","link":"https:\/\/soymigrante.com\/revista\/category\/guate-nuestra\/"},{"label":"Migrantes fallecidos o desaparecidos son recordados por sus familias","link":"https:\/\/soymigrante.com\/revista\/recordar-a-migrantes-guatemaltecos-fallecidos-con-tradicion\/"}],"_links":{"self":[{"href":"https:\/\/soymigrante.com\/revista\/wp-json\/wp\/v2\/posts\/3177","targetHints":{"allow":["GET"]}}],"collection":[{"href":"https:\/\/soymigrante.com\/revista\/wp-json\/wp\/v2\/posts"}],"about":[{"href":"https:\/\/soymigrante.com\/revista\/wp-json\/wp\/v2\/types\/post"}],"author":[{"embeddable":true,"href":"https:\/\/soymigrante.com\/revista\/wp-json\/wp\/v2\/users\/10"}],"replies":[{"embeddable":true,"href":"https:\/\/soymigrante.com\/revista\/wp-json\/wp\/v2\/comments?post=3177"}],"version-history":[{"count":0,"href":"https:\/\/soymigrante.com\/revista\/wp-json\/wp\/v2\/posts\/3177\/revisions"}],"wp:featuredmedia":[{"embeddable":true,"href":"https:\/\/soymigrante.com\/revista\/wp-json\/wp\/v2\/media\/3181"}],"wp:attachment":[{"href":"https:\/\/soymigrante.com\/revista\/wp-json\/wp\/v2\/media?parent=3177"}],"wp:term":[{"taxonomy":"category","embeddable":true,"href":"https:\/\/soymigrante.com\/revista\/wp-json\/wp\/v2\/categories?post=3177"},{"taxonomy":"post_tag","embeddable":true,"href":"https:\/\/soymigrante.com\/revista\/wp-json\/wp\/v2\/tags?post=3177"}],"curies":[{"name":"wp","href":"https:\/\/api.w.org\/{rel}","templated":true}]}}