{"id":31761,"date":"2025-04-28T13:37:53","date_gmt":"2025-04-28T19:37:53","guid":{"rendered":"https:\/\/soymigrante.com\/revista\/?p=31761"},"modified":"2025-08-27T11:40:55","modified_gmt":"2025-08-27T17:40:55","slug":"cuidar-al-cuidador-de-un-paciente-es-importante","status":"publish","type":"post","link":"https:\/\/soymigrante.com\/revista\/cuidar-al-cuidador-de-un-paciente-es-importante\/","title":{"rendered":"Cuando hay un paciente en casa, hay que cuidarlo y tambi\u00e9n cuidar al cuidador"},"content":{"rendered":"\t\t<div data-elementor-type=\"wp-post\" data-elementor-id=\"31761\" class=\"elementor elementor-31761\" data-elementor-post-type=\"post\">\n\t\t\t\t<div data-particle_enable=\"false\" data-particle-mobile-disabled=\"false\" class=\"elementor-element elementor-element-ce3dc57 e-flex e-con-boxed e-con e-parent\" data-id=\"ce3dc57\" data-element_type=\"container\" data-e-type=\"container\">\n\t\t\t\t\t<div class=\"e-con-inner\">\n\t\t\t\t<div class=\"elementor-element elementor-element-701b785 elementor-widget elementor-widget-heading\" data-id=\"701b785\" data-element_type=\"widget\" data-e-type=\"widget\" data-widget_type=\"heading.default\">\n\t\t\t\t\t<h2 class=\"elementor-heading-title elementor-size-default\">La persona que cuida a un paciente puede ser la m\u00e1s cansada, por la demanda f\u00edsica y mental, pero se le debe poner importancia a lo que siente. \n<\/h2>\t\t\t\t<\/div>\n\t\t\t\t\t<\/div>\n\t\t\t\t<\/div>\n\t\t<div data-particle_enable=\"false\" data-particle-mobile-disabled=\"false\" class=\"elementor-element elementor-element-28c6288 e-flex e-con-boxed e-con e-parent\" data-id=\"28c6288\" data-element_type=\"container\" data-e-type=\"container\">\n\t\t\t\t\t<div class=\"e-con-inner\">\n\t\t\t\t<div class=\"elementor-element elementor-element-f05247f elementor-widget elementor-widget-text-editor\" data-id=\"f05247f\" data-element_type=\"widget\" data-e-type=\"widget\" data-widget_type=\"text-editor.default\">\n\t\t\t\t\t\t\t\t\t<p>Cuidar de alguien enfermo o con alguna discapacidad puede ser un acto de amor, pero tambi\u00e9n un reto emocional, f\u00edsico y mental. <a href=\"https:\/\/soymigrante.com\/revista\/donde-buscar-servicios-prenatales-y-atencion-medica-para-madres-migrantes-en-usa\/\" target=\"_blank\" rel=\"noopener\">Por eso, cuidar al cuidador es tan vital como cuidar al paciente.<\/a><\/p><p>En muchas familias, siempre hay una persona que asume el rol de cuidador. Puede ser una madre que cuida a un hijo enfermo, un esposo que asiste a su pareja en cada paso, o un hijo adulto que dedica sus d\u00edas al bienestar de sus padres mayores. Aunque este rol suele asumirse con cari\u00f1o, lo cierto es que cuidar a otro ser humano \u2014especialmente cuando enfrenta una enfermedad prolongada o limitaciones f\u00edsicas\u2014 puede ser profundamente desgastante.<\/p>\t\t\t\t\t\t\t\t<\/div>\n\t\t\t\t\t<\/div>\n\t\t\t\t<\/div>\n\t\t<div data-particle_enable=\"false\" data-particle-mobile-disabled=\"false\" class=\"elementor-element elementor-element-33623c8 e-flex e-con-boxed e-con e-parent\" data-id=\"33623c8\" data-element_type=\"container\" data-e-type=\"container\">\n\t\t\t\t\t<div class=\"e-con-inner\">\n\t\t\t\t<div class=\"elementor-element elementor-element-8af3c5c elementor-widget elementor-widget-text-editor\" data-id=\"8af3c5c\" data-element_type=\"widget\" data-e-type=\"widget\" data-widget_type=\"text-editor.default\">\n\t\t\t\t\t\t\t\t\t<p>Quienes cuidan a otros viven en constante tensi\u00f3n emocional.<a href=\"https:\/\/soymigrante.com\/revista\/donde-buscar-servicios-prenatales-y-atencion-medica-para-madres-migrantes-en-usa\/\" target=\"_blank\" rel=\"noopener\"> No solo deben ocuparse de medicamentos, traslados, alimentaci\u00f3n, higiene y tr\u00e1mites m\u00e9dicos, sino que tambi\u00e9n deben aprender a lidiar con los altibajos del estado de \u00e1nimo del paciente<\/a> y, al mismo tiempo, con sus propias emociones: tristeza, impotencia, cansancio, frustraci\u00f3n e incluso culpa.<\/p>\t\t\t\t\t\t\t\t<\/div>\n\t\t\t\t\t<\/div>\n\t\t\t\t<\/div>\n\t\t<div data-particle_enable=\"false\" data-particle-mobile-disabled=\"false\" class=\"elementor-element elementor-element-a31b8dc e-flex e-con-boxed e-con e-parent\" data-id=\"a31b8dc\" data-element_type=\"container\" data-e-type=\"container\">\n\t\t\t\t\t<div class=\"e-con-inner\">\n\t\t\t\t<div class=\"elementor-element elementor-element-42eba8f elementor-widget elementor-widget-heading\" data-id=\"42eba8f\" data-element_type=\"widget\" data-e-type=\"widget\" data-widget_type=\"heading.default\">\n\t\t\t\t\t<h3 class=\"elementor-heading-title elementor-size-default\">La actitud lo es todo, pero no es f\u00e1cil<\/h3>\t\t\t\t<\/div>\n\t\t\t\t\t<\/div>\n\t\t\t\t<\/div>\n\t\t<div data-particle_enable=\"false\" data-particle-mobile-disabled=\"false\" class=\"elementor-element elementor-element-8b969ae e-flex e-con-boxed e-con e-parent\" data-id=\"8b969ae\" data-element_type=\"container\" data-e-type=\"container\">\n\t\t\t\t\t<div class=\"e-con-inner\">\n\t\t\t\t<div class=\"elementor-element elementor-element-7bf7a2d elementor-widget elementor-widget-text-editor\" data-id=\"7bf7a2d\" data-element_type=\"widget\" data-e-type=\"widget\" data-widget_type=\"text-editor.default\">\n\t\t\t\t\t\t\t\t\t<p><a href=\"https:\/\/soymigrante.com\/revista\/donde-buscar-servicios-prenatales-y-atencion-medica-para-madres-migrantes-en-usa\/\" target=\"_blank\" rel=\"noopener\">Cuando se cuida a alguien, sobre todo a un ser querido, muchas veces se quiere mantener una actitud positiva todo el tiempo.<\/a> Pero la realidad es que hay d\u00edas buenos y d\u00edas malos. El paciente puede estar de malas, molesto por su situaci\u00f3n, triste o simplemente tener dolor, lo que le hace reaccionar con enojo o desesperanza. Frente a esto, el cuidador debe aprender a no tomarse todo de manera personal y entender que esas emociones, muchas veces, no est\u00e1n dirigidas a \u00e9l o ella, sino a la enfermedad misma.<\/p><p><a href=\"https:\/\/soymigrante.com\/revista\/donde-buscar-servicios-prenatales-y-atencion-medica-para-madres-migrantes-en-usa\/\" target=\"_blank\" rel=\"noopener\">La empat\u00eda y la paciencia se vuelven herramientas fundamentales.<\/a> Escuchar sin juzgar, ofrecer compa\u00f1\u00eda sin invadir y reconocer que tambi\u00e9n el paciente tiene derecho a tener d\u00edas dif\u00edciles, ayuda a mejorar la relaci\u00f3n y evitar conflictos innecesarios.<\/p>\t\t\t\t\t\t\t\t<\/div>\n\t\t\t\t\t<\/div>\n\t\t\t\t<\/div>\n\t\t<div data-particle_enable=\"false\" data-particle-mobile-disabled=\"false\" class=\"elementor-element elementor-element-31878ff e-flex e-con-boxed e-con e-parent\" data-id=\"31878ff\" data-element_type=\"container\" data-e-type=\"container\">\n\t\t\t\t\t<div class=\"e-con-inner\">\n\t\t\t\t<div class=\"elementor-element elementor-element-0b18f20 elementor-widget elementor-widget-image\" data-id=\"0b18f20\" data-element_type=\"widget\" data-e-type=\"widget\" data-widget_type=\"image.default\">\n\t\t\t\t\t\t\t\t\t\t\t\t<figure class=\"wp-caption\">\n\t\t\t\t\t\t\t\t\t\t<img fetchpriority=\"high\" decoding=\"async\" width=\"768\" height=\"512\" src=\"https:\/\/soymigrante.com\/revista\/wp-content\/uploads\/2025\/04\/La-importancia-de-atender-al-cuidador-de-un-paciente-2-1024x682.jpeg\" class=\"attachment-large size-large wp-image-31767\" alt=\"Control m\u00e9dico a un adulto mayor en cama con monitor de presi\u00f3n arterial, atenci\u00f3n geri\u00e1trica, salud de la tercera edad, cuidado de ancianos, atenci\u00f3n m\u00e9dica en casa.\" srcset=\"https:\/\/soymigrante.com\/revista\/wp-content\/uploads\/2025\/04\/La-importancia-de-atender-al-cuidador-de-un-paciente-2-1024x682.jpeg 1024w, https:\/\/soymigrante.com\/revista\/wp-content\/uploads\/2025\/04\/La-importancia-de-atender-al-cuidador-de-un-paciente-2-300x200.jpeg 300w, https:\/\/soymigrante.com\/revista\/wp-content\/uploads\/2025\/04\/La-importancia-de-atender-al-cuidador-de-un-paciente-2-768x512.jpeg 768w, https:\/\/soymigrante.com\/revista\/wp-content\/uploads\/2025\/04\/La-importancia-de-atender-al-cuidador-de-un-paciente-2-1536x1023.jpeg 1536w, https:\/\/soymigrante.com\/revista\/wp-content\/uploads\/2025\/04\/La-importancia-de-atender-al-cuidador-de-un-paciente-2-750x500.webp 750w, https:\/\/soymigrante.com\/revista\/wp-content\/uploads\/2025\/04\/La-importancia-de-atender-al-cuidador-de-un-paciente-2-1140x760.webp 1140w, https:\/\/soymigrante.com\/revista\/wp-content\/uploads\/2025\/04\/La-importancia-de-atender-al-cuidador-de-un-paciente-2.webp 1600w\" sizes=\"(max-width: 768px) 100vw, 768px\" title=\"La importancia de atender al cuidador de un paciente 2 \u2013 SoyMigrante.com REVISTA\" \/>\t\t\t\t\t\t\t\t\t\t\t<figcaption class=\"widget-image-caption wp-caption-text\">Una enfermera revisa la presi\u00f3n arterial de un anciano en cama, destacando la importancia del cuidado de la salud para adultos mayores y la atenci\u00f3n m\u00e9dica domiciliaria.<\/figcaption>\n\t\t\t\t\t\t\t\t\t\t<\/figure>\n\t\t\t\t\t\t\t\t\t<\/div>\n\t\t\t\t\t<\/div>\n\t\t\t\t<\/div>\n\t\t<div data-particle_enable=\"false\" data-particle-mobile-disabled=\"false\" class=\"elementor-element elementor-element-f71db47 e-flex e-con-boxed e-con e-parent\" data-id=\"f71db47\" data-element_type=\"container\" data-e-type=\"container\">\n\t\t\t\t\t<div class=\"e-con-inner\">\n\t\t\t\t<div class=\"elementor-element elementor-element-901b4df elementor-widget elementor-widget-heading\" data-id=\"901b4df\" data-element_type=\"widget\" data-e-type=\"widget\" data-widget_type=\"heading.default\">\n\t\t\t\t\t<h3 class=\"elementor-heading-title elementor-size-default\">El desgaste del alma<\/h3>\t\t\t\t<\/div>\n\t\t\t\t\t<\/div>\n\t\t\t\t<\/div>\n\t\t<div data-particle_enable=\"false\" data-particle-mobile-disabled=\"false\" class=\"elementor-element elementor-element-c4e1932 e-flex e-con-boxed e-con e-parent\" data-id=\"c4e1932\" data-element_type=\"container\" data-e-type=\"container\">\n\t\t\t\t\t<div class=\"e-con-inner\">\n\t\t\t\t<div class=\"elementor-element elementor-element-6cc5cc2 elementor-widget elementor-widget-text-editor\" data-id=\"6cc5cc2\" data-element_type=\"widget\" data-e-type=\"widget\" data-widget_type=\"text-editor.default\">\n\t\t\t\t\t\t\t\t\t<p>Uno de los mayores desaf\u00edos del cuidador es ver sufrir a quien ama. Ver c\u00f3mo una persona antes fuerte y activa ahora depende de ayuda para lo m\u00e1s b\u00e1sico, puede ser emocionalmente devastador. Es f\u00e1cil descuidarse a s\u00ed mismo en el proceso: no dormir lo suficiente, comer mal, dejar de lado las propias actividades, amistades y necesidades.<\/p><p><a href=\"https:\/\/soymigrante.com\/revista\/donde-buscar-servicios-prenatales-y-atencion-medica-para-madres-migrantes-en-usa\/\" target=\"_blank\" rel=\"noopener\">Este descuido puede derivar en lo que los expertos llaman s\u00edndrome del cuidador quemado,<\/a> un estado de agotamiento f\u00edsico y emocional que afecta la salud, la calidad de vida y, por supuesto, la capacidad de seguir cuidando.<\/p><p>Por eso, los profesionales de la salud recomiendan que los cuidadores tengan pausas, deleguen tareas cuando sea posible, busquen espacios de recreaci\u00f3n, hablen con alguien de confianza o acudan a apoyo psicol\u00f3gico.<\/p>\t\t\t\t\t\t\t\t<\/div>\n\t\t\t\t\t<\/div>\n\t\t\t\t<\/div>\n\t\t<div data-particle_enable=\"false\" data-particle-mobile-disabled=\"false\" class=\"elementor-element elementor-element-dbc0db4 e-flex e-con-boxed e-con e-parent\" data-id=\"dbc0db4\" data-element_type=\"container\" data-e-type=\"container\">\n\t\t\t\t\t<div class=\"e-con-inner\">\n\t\t\t\t<div class=\"elementor-element elementor-element-0e05cf4 elementor-widget elementor-widget-image\" data-id=\"0e05cf4\" data-element_type=\"widget\" data-e-type=\"widget\" data-widget_type=\"image.default\">\n\t\t\t\t\t\t\t\t\t\t\t\t<figure class=\"wp-caption\">\n\t\t\t\t\t\t\t\t\t\t<img decoding=\"async\" width=\"682\" height=\"1024\" src=\"https:\/\/soymigrante.com\/revista\/wp-content\/uploads\/2025\/04\/La-importancia-de-atender-al-cuidador-de-un-paciente-3-682x1024.jpeg\" class=\"attachment-large size-large wp-image-31768\" alt=\"Mujer mayor usando m\u00e1scara durante consulta m\u00e9dica en casa, imagen de cuidados para migrantes y atenci\u00f3n sanitaria en contexto de pandemia.\" srcset=\"https:\/\/soymigrante.com\/revista\/wp-content\/uploads\/2025\/04\/La-importancia-de-atender-al-cuidador-de-un-paciente-3-682x1024.jpeg 682w, https:\/\/soymigrante.com\/revista\/wp-content\/uploads\/2025\/04\/La-importancia-de-atender-al-cuidador-de-un-paciente-3-200x300.jpeg 200w, https:\/\/soymigrante.com\/revista\/wp-content\/uploads\/2025\/04\/La-importancia-de-atender-al-cuidador-de-un-paciente-3-768x1153.jpeg 768w, https:\/\/soymigrante.com\/revista\/wp-content\/uploads\/2025\/04\/La-importancia-de-atender-al-cuidador-de-un-paciente-3-1023x1536.jpeg 1023w, https:\/\/soymigrante.com\/revista\/wp-content\/uploads\/2025\/04\/La-importancia-de-atender-al-cuidador-de-un-paciente-3-750x1126.webp 750w, https:\/\/soymigrante.com\/revista\/wp-content\/uploads\/2025\/04\/La-importancia-de-atender-al-cuidador-de-un-paciente-3.webp 1066w\" sizes=\"(max-width: 682px) 100vw, 682px\" title=\"La importancia de atender al cuidador de un paciente 3 \u2013 SoyMigrante.com REVISTA\" \/>\t\t\t\t\t\t\t\t\t\t\t<figcaption class=\"widget-image-caption wp-caption-text\">Mujer mayor con mascarilla en consulta m\u00e9dica en casa, ilustrando temas de atenci\u00f3n sanitaria, bienestar de migrantes y cuidados en tiempos de COVID-19.<\/figcaption>\n\t\t\t\t\t\t\t\t\t\t<\/figure>\n\t\t\t\t\t\t\t\t\t<\/div>\n\t\t\t\t\t<\/div>\n\t\t\t\t<\/div>\n\t\t<div data-particle_enable=\"false\" data-particle-mobile-disabled=\"false\" class=\"elementor-element elementor-element-5bbf2a1 e-flex e-con-boxed e-con e-parent\" data-id=\"5bbf2a1\" data-element_type=\"container\" data-e-type=\"container\">\n\t\t\t\t\t<div class=\"e-con-inner\">\n\t\t\t\t<div class=\"elementor-element elementor-element-7535a90 elementor-widget elementor-widget-heading\" data-id=\"7535a90\" data-element_type=\"widget\" data-e-type=\"widget\" data-widget_type=\"heading.default\">\n\t\t\t\t\t<h3 class=\"elementor-heading-title elementor-size-default\">Cuidar al cuidador es cuidar mejor al paciente<\/h3>\t\t\t\t<\/div>\n\t\t\t\t\t<\/div>\n\t\t\t\t<\/div>\n\t\t<div data-particle_enable=\"false\" data-particle-mobile-disabled=\"false\" class=\"elementor-element elementor-element-1b4b3b0 e-flex e-con-boxed e-con e-parent\" data-id=\"1b4b3b0\" data-element_type=\"container\" data-e-type=\"container\">\n\t\t\t\t\t<div class=\"e-con-inner\">\n\t\t\t\t<div class=\"elementor-element elementor-element-6ca7ef2 elementor-widget elementor-widget-text-editor\" data-id=\"6ca7ef2\" data-element_type=\"widget\" data-e-type=\"widget\" data-widget_type=\"text-editor.default\">\n\t\t\t\t\t\t\t\t\t<p><a href=\"https:\/\/soymigrante.com\/revista\/donde-buscar-servicios-prenatales-y-atencion-medica-para-madres-migrantes-en-usa\/\" target=\"_blank\" rel=\"noopener\">Un cuidador que descansa, se alimenta bien y tiene apoyo emocional, puede cuidar con m\u00e1s energ\u00eda y cari\u00f1o.<\/a> De hecho, muchas instituciones m\u00e9dicas y de asistencia social en el mundo han comenzado a implementar programas de apoyo al cuidador, entendiendo que su bienestar impacta directamente en el paciente.<\/p>\t\t\t\t\t\t\t\t<\/div>\n\t\t\t\t\t<\/div>\n\t\t\t\t<\/div>\n\t\t<div data-particle_enable=\"false\" data-particle-mobile-disabled=\"false\" class=\"elementor-element elementor-element-ca88602 e-flex e-con-boxed e-con e-parent\" data-id=\"ca88602\" data-element_type=\"container\" data-e-type=\"container\">\n\t\t\t\t\t<div class=\"e-con-inner\">\n\t\t\t\t<div class=\"elementor-element elementor-element-339140b elementor-widget elementor-widget-text-editor\" data-id=\"339140b\" data-element_type=\"widget\" data-e-type=\"widget\" data-widget_type=\"text-editor.default\">\n\t\t\t\t\t\t\t\t\t<div>Algunas recomendaciones pr\u00e1cticas para cuidadores incluyen:<\/div><div><strong>\u2022Establecer rutinas<\/strong>: Esto ayuda a tener estructura y a organizar el d\u00eda sin sentir que todo es ca\u00f3tico.<\/div><div><strong>\u2022Buscar apoyo:<\/strong> Pedir ayuda no es debilidad. Hablar con otros familiares, amigos o incluso buscar grupos de apoyo hace una gran diferencia.<\/div><div>\u2022<strong>Pausas necesarias:<\/strong> Tomarse un d\u00eda libre o aunque sea una tarde para uno mismo es esencial.<\/div><div><strong>\u2022Aprender sobre la enfermedad:<\/strong> Conocer el diagn\u00f3stico del paciente ayuda a manejar mejor las situaciones y evita el desgaste por la incertidumbre.<\/div><div><strong>\u2022Expresar emociones:<\/strong> Llorar, hablar o incluso escribir lo que se siente puede ser una forma sana de liberar tensiones.<\/div>\t\t\t\t\t\t\t\t<\/div>\n\t\t\t\t\t<\/div>\n\t\t\t\t<\/div>\n\t\t<div data-particle_enable=\"false\" data-particle-mobile-disabled=\"false\" class=\"elementor-element elementor-element-f005212 e-flex e-con-boxed e-con e-parent\" data-id=\"f005212\" data-element_type=\"container\" data-e-type=\"container\">\n\t\t\t\t\t<div class=\"e-con-inner\">\n\t\t\t\t<div class=\"elementor-element elementor-element-bbf665d elementor-widget elementor-widget-image\" data-id=\"bbf665d\" data-element_type=\"widget\" data-e-type=\"widget\" data-widget_type=\"image.default\">\n\t\t\t\t\t\t\t\t\t\t\t\t<figure class=\"wp-caption\">\n\t\t\t\t\t\t\t\t\t\t<img decoding=\"async\" width=\"768\" height=\"512\" src=\"https:\/\/soymigrante.com\/revista\/wp-content\/uploads\/2025\/04\/La-importancia-de-atender-al-cuidador-de-un-paciente-5-1024x682.jpeg\" class=\"attachment-large size-large wp-image-31769\" alt=\"Alt: Mujer mayor descansando en el sof\u00e1, recibiendo cuidado y afecto, resaltando temas de bienestar y atenci\u00f3n a la tercera edad.\" srcset=\"https:\/\/soymigrante.com\/revista\/wp-content\/uploads\/2025\/04\/La-importancia-de-atender-al-cuidador-de-un-paciente-5-1024x682.jpeg 1024w, https:\/\/soymigrante.com\/revista\/wp-content\/uploads\/2025\/04\/La-importancia-de-atender-al-cuidador-de-un-paciente-5-300x200.jpeg 300w, https:\/\/soymigrante.com\/revista\/wp-content\/uploads\/2025\/04\/La-importancia-de-atender-al-cuidador-de-un-paciente-5-768x512.jpeg 768w, https:\/\/soymigrante.com\/revista\/wp-content\/uploads\/2025\/04\/La-importancia-de-atender-al-cuidador-de-un-paciente-5-1536x1023.jpeg 1536w, https:\/\/soymigrante.com\/revista\/wp-content\/uploads\/2025\/04\/La-importancia-de-atender-al-cuidador-de-un-paciente-5-750x500.webp 750w, https:\/\/soymigrante.com\/revista\/wp-content\/uploads\/2025\/04\/La-importancia-de-atender-al-cuidador-de-un-paciente-5-1140x760.webp 1140w, https:\/\/soymigrante.com\/revista\/wp-content\/uploads\/2025\/04\/La-importancia-de-atender-al-cuidador-de-un-paciente-5.webp 1600w\" sizes=\"(max-width: 768px) 100vw, 768px\" title=\"La importancia de atender al cuidador de un paciente 5 \u2013 SoyMigrante.com REVISTA\" \/>\t\t\t\t\t\t\t\t\t\t\t<figcaption class=\"widget-image-caption wp-caption-text\">Caption: Mujer mayor durmiendo pl\u00e1cidamente en el sof\u00e1, rodeada de amor y cuidado, simbolizando la importancia del bienestar y la atenci\u00f3n en la vejez.<\/figcaption>\n\t\t\t\t\t\t\t\t\t\t<\/figure>\n\t\t\t\t\t\t\t\t\t<\/div>\n\t\t\t\t\t<\/div>\n\t\t\t\t<\/div>\n\t\t<div data-particle_enable=\"false\" data-particle-mobile-disabled=\"false\" class=\"elementor-element elementor-element-70af915 e-flex e-con-boxed e-con e-parent\" data-id=\"70af915\" data-element_type=\"container\" data-e-type=\"container\">\n\t\t\t\t\t<div class=\"e-con-inner\">\n\t\t\t\t<div class=\"elementor-element elementor-element-ae61643 elementor-widget elementor-widget-heading\" data-id=\"ae61643\" data-element_type=\"widget\" data-e-type=\"widget\" data-widget_type=\"heading.default\">\n\t\t\t\t\t<h3 class=\"elementor-heading-title elementor-size-default\">Un reconocimiento silencioso<\/h3>\t\t\t\t<\/div>\n\t\t\t\t\t<\/div>\n\t\t\t\t<\/div>\n\t\t<div data-particle_enable=\"false\" data-particle-mobile-disabled=\"false\" class=\"elementor-element elementor-element-00b7b32 e-flex e-con-boxed e-con e-parent\" data-id=\"00b7b32\" data-element_type=\"container\" data-e-type=\"container\">\n\t\t\t\t\t<div class=\"e-con-inner\">\n\t\t\t\t<div class=\"elementor-element elementor-element-5e59665 elementor-widget elementor-widget-text-editor\" data-id=\"5e59665\" data-element_type=\"widget\" data-e-type=\"widget\" data-widget_type=\"text-editor.default\">\n\t\t\t\t\t\t\t\t\t<p><a href=\"https:\/\/soymigrante.com\/revista\/donde-buscar-servicios-prenatales-y-atencion-medica-para-madres-migrantes-en-usa\/\" target=\"_blank\" rel=\"noopener\">En muchas culturas, el trabajo del cuidador pasa desapercibido. No se paga, no se reconoce, y pocas veces se agradece.<\/a> Sin embargo, es uno de los actos m\u00e1s valientes y humanos: estar presente en la vulnerabilidad del otro, sostenerlo, acompa\u00f1arlo, y seguir adelante a pesar del cansancio.<\/p><p>Cuidar a quien cuida no es un lujo, es una necesidad. Escucharle, ayudarle, agradecerle y permitirle tambi\u00e9n ser vulnerable puede marcar la diferencia entre el desgaste y la resiliencia.<\/p><p>Porque al final, nadie puede dar lo que no tiene. Y para cuidar bien a otro, primero hay que cuidarse uno mismo.<\/p>\t\t\t\t\t\t\t\t<\/div>\n\t\t\t\t\t<\/div>\n\t\t\t\t<\/div>\n\t\t<div data-particle_enable=\"false\" data-particle-mobile-disabled=\"false\" class=\"elementor-element elementor-element-cfb0e03 e-flex e-con-boxed e-con e-parent\" data-id=\"cfb0e03\" data-element_type=\"container\" data-e-type=\"container\">\n\t\t\t\t\t<div class=\"e-con-inner\">\n\t\t\t\t<div class=\"elementor-element elementor-element-3020bbe elementor-widget elementor-widget-heading\" data-id=\"3020bbe\" data-element_type=\"widget\" data-e-type=\"widget\" data-widget_type=\"heading.default\">\n\t\t\t\t\t<h2 class=\"elementor-heading-title elementor-size-default\">Conoce estos temas que te pueden interesar...<\/h2>\t\t\t\t<\/div>\n\t\t\t\t\t<\/div>\n\t\t\t\t<\/div>\n\t\t<div data-particle_enable=\"false\" data-particle-mobile-disabled=\"false\" class=\"elementor-element elementor-element-0ccf726 e-flex e-con-boxed e-con e-parent\" data-id=\"0ccf726\" data-element_type=\"container\" data-e-type=\"container\">\n\t\t\t\t\t<div class=\"e-con-inner\">\n\t\t\t\t<div class=\"elementor-element elementor-element-a8265d9 elementor-grid-eael-col-3 elementor-grid-tablet-eael-col-2 elementor-grid-mobile-eael-col-1 elementor-widget elementor-widget-eael-post-grid\" data-id=\"a8265d9\" data-element_type=\"widget\" data-e-type=\"widget\" data-settings=\"{&quot;eael_post_grid_columns&quot;:&quot;eael-col-3&quot;,&quot;eael_post_grid_columns_tablet&quot;:&quot;eael-col-2&quot;,&quot;eael_post_grid_columns_mobile&quot;:&quot;eael-col-1&quot;}\" data-widget_type=\"eael-post-grid.default\">\n\t\t\t\t\t<div id=\"eael-post-grid-a8265d9\" class=\"eael-post-grid-container\">\n            <div class=\"eael-post-grid eael-post-appender eael-post-appender-a8265d9 eael-post-grid-style-one\" data-layout-mode=\"masonry\"><article class=\"eael-grid-post  eael-post-grid-column eael-pg-post-9400 category-bienestar\" data-id=\"9400\">\n        <div class=\"eael-grid-post-holder\">\n            <div class=\"eael-grid-post-holder-inner\"><div class=\"eael-entry-media\"><div class=\"eael-entry-overlay fade-in\"><i class=\"far fa-hand-pointer\" aria-hidden=\"true\"><\/i><a href=\"https:\/\/soymigrante.com\/revista\/la-diabetes-tipo-2-tambien-afecta-a-ninos-y-adolescentes-en-usa-claves-para-enfrentarla\/\"><\/a><\/div><div class=\"eael-entry-thumbnail \">\n                <img loading=\"lazy\" decoding=\"async\" width=\"1024\" height=\"1024\" src=\"https:\/\/soymigrante.com\/revista\/wp-content\/uploads\/2024\/09\/diabetes-soy-migrante3-1024x1024.webp\" class=\"attachment-large size-large wp-image-9413\" alt=\"Niveles altos de glucosa en sangre en un paciente diabetic, monitorizaci\u00f3n de az\u00facar en sangre con gluc\u00f3metro y resultado de niveles altos, salud y diabetes.\" srcset=\"https:\/\/soymigrante.com\/revista\/wp-content\/uploads\/2024\/09\/diabetes-soy-migrante3-1024x1024.webp 1024w, https:\/\/soymigrante.com\/revista\/wp-content\/uploads\/2024\/09\/diabetes-soy-migrante3-300x300.webp 300w, https:\/\/soymigrante.com\/revista\/wp-content\/uploads\/2024\/09\/diabetes-soy-migrante3-150x150.webp 150w, https:\/\/soymigrante.com\/revista\/wp-content\/uploads\/2024\/09\/diabetes-soy-migrante3-768x768.webp 768w, https:\/\/soymigrante.com\/revista\/wp-content\/uploads\/2024\/09\/diabetes-soy-migrante3-1536x1536.webp 1536w, https:\/\/soymigrante.com\/revista\/wp-content\/uploads\/2024\/09\/diabetes-soy-migrante3-scaled.webp 1920w, https:\/\/soymigrante.com\/revista\/wp-content\/uploads\/2024\/09\/diabetes-soy-migrante3-75x75.webp 75w, https:\/\/soymigrante.com\/revista\/wp-content\/uploads\/2024\/09\/diabetes-soy-migrante3-750x750.webp 750w, https:\/\/soymigrante.com\/revista\/wp-content\/uploads\/2024\/09\/diabetes-soy-migrante3-1140x1140.webp 1140w\" sizes=\"(max-width: 1024px) 100vw, 1024px\" \/>\n            <\/div>\n        <\/div><div class=\"eael-entry-wrapper\"><header class=\"eael-entry-header\"><h2 class=\"eael-entry-title\"><a class=\"eael-grid-post-link\" href=\"https:\/\/soymigrante.com\/revista\/la-diabetes-tipo-2-tambien-afecta-a-ninos-y-adolescentes-en-usa-claves-para-enfrentarla\/\" title=\"La diabetes tipo 2 tambi\u00e9n afecta a ni\u00f1os y adolescentes en USA: claves para enfrentarla\">La diabetes tipo 2 tambi\u00e9n afecta a ni\u00f1os y adolescentes en USA: claves para enfrentarla<\/a><\/h2><\/header><div class=\"eael-entry-content\">\n                        <div class=\"eael-grid-post-excerpt\"><a href=\"https:\/\/soymigrante.com\/revista\/la-diabetes-tipo-2-tambien-afecta-a-ninos-y-adolescentes-en-usa-claves-para-enfrentarla\/\" class=\"eael-post-elements-readmore-btn\">CONOCE SU HISTORIA <\/a><\/div>\n                    <\/div><\/div><\/div>\n        <\/div>\n    <\/article><article class=\"eael-grid-post  eael-post-grid-column eael-pg-post-12606 category-bienestar\" data-id=\"12606\">\n        <div class=\"eael-grid-post-holder\">\n            <div class=\"eael-grid-post-holder-inner\"><div class=\"eael-entry-media\"><div class=\"eael-entry-overlay fade-in\"><i class=\"far fa-hand-pointer\" aria-hidden=\"true\"><\/i><a href=\"https:\/\/soymigrante.com\/revista\/salud-bucal-de-los-ninos-migrantes-todo-reto-tiene-una-solucion\/\"><\/a><\/div><div class=\"eael-entry-thumbnail \">\n                <img loading=\"lazy\" decoding=\"async\" width=\"1024\" height=\"1024\" src=\"https:\/\/soymigrante.com\/revista\/wp-content\/uploads\/2024\/11\/Salud-bucal-de-los-nin\u0303os-migrantes-Retos-y-soluciones--scaled-e1731012276108-1024x1024.webp\" class=\"attachment-large size-large wp-image-12608\" alt=\"Salud bucal de los ni\u00f1os migrantes: Retos y soluciones\" srcset=\"https:\/\/soymigrante.com\/revista\/wp-content\/uploads\/2024\/11\/Salud-bucal-de-los-nin\u0303os-migrantes-Retos-y-soluciones--scaled-e1731012276108-1024x1024.webp 1024w, https:\/\/soymigrante.com\/revista\/wp-content\/uploads\/2024\/11\/Salud-bucal-de-los-nin\u0303os-migrantes-Retos-y-soluciones--scaled-e1731012276108-300x300.webp 300w, https:\/\/soymigrante.com\/revista\/wp-content\/uploads\/2024\/11\/Salud-bucal-de-los-nin\u0303os-migrantes-Retos-y-soluciones--scaled-e1731012276108-150x150.webp 150w, https:\/\/soymigrante.com\/revista\/wp-content\/uploads\/2024\/11\/Salud-bucal-de-los-nin\u0303os-migrantes-Retos-y-soluciones--scaled-e1731012276108-768x768.webp 768w, https:\/\/soymigrante.com\/revista\/wp-content\/uploads\/2024\/11\/Salud-bucal-de-los-nin\u0303os-migrantes-Retos-y-soluciones--scaled-e1731012276108-75x75.webp 75w, https:\/\/soymigrante.com\/revista\/wp-content\/uploads\/2024\/11\/Salud-bucal-de-los-nin\u0303os-migrantes-Retos-y-soluciones--scaled-e1731012276108-750x750.webp 750w, https:\/\/soymigrante.com\/revista\/wp-content\/uploads\/2024\/11\/Salud-bucal-de-los-nin\u0303os-migrantes-Retos-y-soluciones--scaled-e1731012276108-1140x1140.webp 1140w, https:\/\/soymigrante.com\/revista\/wp-content\/uploads\/2024\/11\/Salud-bucal-de-los-nin\u0303os-migrantes-Retos-y-soluciones--scaled-e1731012276108.webp 1280w\" sizes=\"(max-width: 1024px) 100vw, 1024px\" \/>\n            <\/div>\n        <\/div><div class=\"eael-entry-wrapper\"><header class=\"eael-entry-header\"><h2 class=\"eael-entry-title\"><a class=\"eael-grid-post-link\" href=\"https:\/\/soymigrante.com\/revista\/salud-bucal-de-los-ninos-migrantes-todo-reto-tiene-una-solucion\/\" title=\"Salud bucal de los ni\u00f1os migrantes: todo reto tiene una soluci\u00f3n\">Salud bucal de los ni\u00f1os migrantes: todo reto tiene una soluci\u00f3n<\/a><\/h2><\/header><div class=\"eael-entry-content\">\n                        <div class=\"eael-grid-post-excerpt\"><a href=\"https:\/\/soymigrante.com\/revista\/salud-bucal-de-los-ninos-migrantes-todo-reto-tiene-una-solucion\/\" class=\"eael-post-elements-readmore-btn\">CONOCE SU HISTORIA <\/a><\/div>\n                    <\/div><\/div><\/div>\n        <\/div>\n    <\/article><article class=\"eael-grid-post  eael-post-grid-column eael-pg-post-8116 category-bienestar\" data-id=\"8116\">\n        <div class=\"eael-grid-post-holder\">\n            <div class=\"eael-grid-post-holder-inner\"><div class=\"eael-entry-media\"><div class=\"eael-entry-overlay fade-in\"><i class=\"far fa-hand-pointer\" aria-hidden=\"true\"><\/i><a href=\"https:\/\/soymigrante.com\/revista\/vacunas-son-vitales-para-ninos-sean-o-no-migrantes-en-ee-uu\/\"><\/a><\/div><div class=\"eael-entry-thumbnail \">\n                <img loading=\"lazy\" decoding=\"async\" width=\"814\" height=\"814\" src=\"https:\/\/soymigrante.com\/revista\/wp-content\/uploads\/2024\/08\/vacunacion-ninos-e1724080565706.webp\" class=\"attachment-large size-large wp-image-8148\" alt=\"Ni\u00f1a jugando con bal\u00f3n de f\u00fatbol en parque, disfrutando de actividades deportivas para ni\u00f1os.\" srcset=\"https:\/\/soymigrante.com\/revista\/wp-content\/uploads\/2024\/08\/vacunacion-ninos-e1724080565706.webp 814w, https:\/\/soymigrante.com\/revista\/wp-content\/uploads\/2024\/08\/vacunacion-ninos-e1724080565706-300x300.webp 300w, https:\/\/soymigrante.com\/revista\/wp-content\/uploads\/2024\/08\/vacunacion-ninos-e1724080565706-150x150.webp 150w, https:\/\/soymigrante.com\/revista\/wp-content\/uploads\/2024\/08\/vacunacion-ninos-e1724080565706-768x768.webp 768w, https:\/\/soymigrante.com\/revista\/wp-content\/uploads\/2024\/08\/vacunacion-ninos-e1724080565706-75x75.webp 75w, https:\/\/soymigrante.com\/revista\/wp-content\/uploads\/2024\/08\/vacunacion-ninos-e1724080565706-750x750.webp 750w\" sizes=\"(max-width: 814px) 100vw, 814px\" \/>\n            <\/div>\n        <\/div><div class=\"eael-entry-wrapper\"><header class=\"eael-entry-header\"><h2 class=\"eael-entry-title\"><a class=\"eael-grid-post-link\" href=\"https:\/\/soymigrante.com\/revista\/vacunas-son-vitales-para-ninos-sean-o-no-migrantes-en-ee-uu\/\" title=\"Vacunas son vitales para ni\u00f1os, sean o no migrantes en EE.UU.\">Vacunas son vitales para ni\u00f1os, sean o no migrantes en EE.UU.<\/a><\/h2><\/header><div class=\"eael-entry-content\">\n                        <div class=\"eael-grid-post-excerpt\"><a href=\"https:\/\/soymigrante.com\/revista\/vacunas-son-vitales-para-ninos-sean-o-no-migrantes-en-ee-uu\/\" class=\"eael-post-elements-readmore-btn\">CONOCE SU HISTORIA <\/a><\/div>\n                    <\/div><\/div><\/div>\n        <\/div>\n    <\/article><\/div>\n            <div class=\"clearfix\"><\/div>\n        <\/div>\t\t\t\t<\/div>\n\t\t\t\t\t<\/div>\n\t\t\t\t<\/div>\n\t\t\t\t<\/div>\n\t\t","protected":false},"excerpt":{"rendered":"<p>La persona que cuida a un paciente puede ser la m\u00e1s cansada, por la demanda f\u00edsica y mental, pero se le debe poner importancia a lo que siente. Cuidar de alguien enfermo o con alguna discapacidad puede ser un acto de amor, pero tambi\u00e9n un reto emocional, f\u00edsico y mental. Por eso, cuidar al cuidador [&hellip;]<\/p>\n","protected":false},"author":19,"featured_media":31762,"comment_status":"open","ping_status":"open","sticky":false,"template":"","format":"standard","meta":{"_acf_changed":false,"_eb_attr":"","footnotes":""},"categories":[259],"tags":[260],"class_list":["post-31761","post","type-post","status-publish","format-standard","has-post-thumbnail","hentry","category-salud-emocional","tag-salud-emocional"],"acf":[],"aioseo_notices":[],"aioseo_head":"\n\t\t<!-- All in One SEO Pro 4.9.6.2 - aioseo.com -->\n\t<meta name=\"description\" content=\"Los migrantes en EE.UU. no deben descuidar la salud de sus hijos menores de 5 a\u00f1os y vacunarlos es un factor fundamental. Algunos datos sobre el esquema de inmunizaci\u00f3n.\" \/>\n\t<meta name=\"robots\" content=\"max-snippet:-1, max-image-preview:large, max-video-preview:-1\" \/>\n\t<meta name=\"author\" content=\"Beatriz Tercero\"\/>\n\t<link rel=\"canonical\" href=\"https:\/\/soymigrante.com\/revista\/vacunas-son-vitales-para-ninos-sean-o-no-migrantes-en-ee-uu\/\" \/>\n\t<meta name=\"generator\" content=\"All in One SEO Pro (AIOSEO) 4.9.6.2\" \/>\n\n\t\t<link rel=\"preconnect\" href=\"https:\/\/fonts.googleapis.com\" crossorigin>\n<link rel=\"preconnect\" href=\"https:\/\/fonts.gstatic.com\" crossorigin>\n\t\t<meta property=\"og:locale\" content=\"es_ES\" \/>\n\t\t<meta property=\"og:site_name\" content=\"SoyMigrante.com REVISTA \u2013 Nuestra misi\u00f3n es reconocer y dignificar al migrante.\" \/>\n\t\t<meta property=\"og:type\" content=\"article\" \/>\n\t\t<meta property=\"og:title\" content=\"Vacunaci\u00f3n de ni\u00f1os en USA: sean o no migrantes, las necesitan\" \/>\n\t\t<meta property=\"og:description\" content=\"Los migrantes en EE.UU. no deben descuidar la salud de sus hijos menores de 5 a\u00f1os y vacunarlos es un factor fundamental. Algunos datos sobre el esquema de inmunizaci\u00f3n.\" \/>\n\t\t<meta property=\"og:url\" content=\"https:\/\/soymigrante.com\/revista\/vacunas-son-vitales-para-ninos-sean-o-no-migrantes-en-ee-uu\/\" \/>\n\t\t<meta property=\"og:image\" content=\"https:\/\/soymigrante.com\/revista\/wp-content\/uploads\/2024\/08\/vacunacion-ninos-e1724080565706.webp\" \/>\n\t\t<meta property=\"og:image:secure_url\" content=\"https:\/\/soymigrante.com\/revista\/wp-content\/uploads\/2024\/08\/vacunacion-ninos-e1724080565706.webp\" \/>\n\t\t<meta property=\"og:image:width\" content=\"814\" \/>\n\t\t<meta property=\"og:image:height\" content=\"814\" \/>\n\t\t<meta property=\"article:published_time\" content=\"2024-10-01T17:22:00+00:00\" \/>\n\t\t<meta property=\"article:modified_time\" content=\"2024-10-01T17:22:01+00:00\" \/>\n\t\t<meta property=\"article:publisher\" content=\"https:\/\/www.facebook.com\/soymigrantecom\" \/>\n\t\t<meta name=\"twitter:card\" content=\"summary_large_image\" \/>\n\t\t<meta name=\"twitter:site\" content=\"@SoyMigrante_com\" \/>\n\t\t<meta name=\"twitter:title\" content=\"Vacunaci\u00f3n de ni\u00f1os en USA: sean o no migrantes, las necesitan\" \/>\n\t\t<meta name=\"twitter:description\" content=\"Los migrantes en EE.UU. no deben descuidar la salud de sus hijos menores de 5 a\u00f1os y vacunarlos es un factor fundamental. Algunos datos sobre el esquema de inmunizaci\u00f3n.\" \/>\n\t\t<meta name=\"twitter:creator\" content=\"@SoyMigrante_com\" \/>\n\t\t<meta name=\"twitter:image\" content=\"https:\/\/soymigrante.com\/revista\/wp-content\/uploads\/2024\/08\/vacunacion-ninos-e1724080565706.webp\" \/>\n\t\t<!-- All in One SEO Pro -->\r\n\t\t<title>Vacunaci\u00f3n de ni\u00f1os en USA: sean o no migrantes, las necesitan<\/title>\n\n","aioseo_head_json":{"title":"Vacunaci\u00f3n de ni\u00f1os en USA: sean o no migrantes, las necesitan","description":"Los migrantes en EE.UU. no deben descuidar la salud de sus hijos menores de 5 a\u00f1os y vacunarlos es un factor fundamental. Algunos datos sobre el esquema de inmunizaci\u00f3n.","canonical_url":"https:\/\/soymigrante.com\/revista\/vacunas-son-vitales-para-ninos-sean-o-no-migrantes-en-ee-uu\/","robots":"max-snippet:-1, max-image-preview:large, max-video-preview:-1","keywords":"","webmasterTools":{"miscellaneous":"&lt;link rel=\"preconnect\" href=\"https:\/\/fonts.googleapis.com\" crossorigin&gt;\n&lt;link rel=\"preconnect\" href=\"https:\/\/fonts.gstatic.com\" crossorigin&gt;"},"schema":null,"og:locale":"es_ES","og:site_name":"SoyMigrante.com REVISTA \u2013 Nuestra misi\u00f3n es reconocer y dignificar al migrante.","og:type":"article","og:title":"Vacunaci\u00f3n de ni\u00f1os en USA: sean o no migrantes, las necesitan","og:description":"Los migrantes en EE.UU. no deben descuidar la salud de sus hijos menores de 5 a\u00f1os y vacunarlos es un factor fundamental. Algunos datos sobre el esquema de inmunizaci\u00f3n.","og:url":"https:\/\/soymigrante.com\/revista\/vacunas-son-vitales-para-ninos-sean-o-no-migrantes-en-ee-uu\/","og:image":"https:\/\/soymigrante.com\/revista\/wp-content\/uploads\/2024\/08\/vacunacion-ninos-e1724080565706.webp","og:image:secure_url":"https:\/\/soymigrante.com\/revista\/wp-content\/uploads\/2024\/08\/vacunacion-ninos-e1724080565706.webp","og:image:width":814,"og:image:height":814,"article:published_time":"2024-10-01T17:22:00+00:00","article:modified_time":"2024-10-01T17:22:01+00:00","article:publisher":"https:\/\/www.facebook.com\/soymigrantecom","twitter:card":"summary_large_image","twitter:site":"@SoyMigrante_com","twitter:title":"Vacunaci\u00f3n de ni\u00f1os en USA: sean o no migrantes, las necesitan","twitter:description":"Los migrantes en EE.UU. no deben descuidar la salud de sus hijos menores de 5 a\u00f1os y vacunarlos es un factor fundamental. Algunos datos sobre el esquema de inmunizaci\u00f3n.","twitter:creator":"@SoyMigrante_com","twitter:image":"https:\/\/soymigrante.com\/revista\/wp-content\/uploads\/2024\/08\/vacunacion-ninos-e1724080565706.webp"},"aioseo_meta_data":{"post_id":"31761","title":"Tambi\u00e9n hay que cuidar al cuidador de un paciente","description":"Cuando hay un enfermo cr\u00f3nico en casa, es muy importante cuidarlo. Pero tambi\u00e9n es necesario cuidar al cuidador, que puede afrontar agotamiento o desgaste de \u00e1nimo","keywords":null,"keyphrases":{"focus":{"keyphrase":"paciente","score":82,"analysis":{"keyphraseInTitle":{"score":9,"maxScore":9,"error":0},"keyphraseInDescription":{"score":3,"maxScore":9,"error":1},"keyphraseLength":{"score":9,"maxScore":9,"error":0,"length":1},"keyphraseInURL":{"score":5,"maxScore":5,"error":0},"keyphraseInIntroduction":{"score":9,"maxScore":9,"error":0},"keyphraseInSubHeadings":{"score":3,"maxScore":9,"error":1},"keyphraseInImageAlt":{"score":9,"maxScore":9,"error":0},"keywordDensity":{"type":"best","score":9,"maxScore":9,"error":0}}},"additional":[{"keyphrase":"paciente","score":87,"analysis":{"keyphraseInDescription":{"score":3,"maxScore":9,"error":1},"keyphraseLength":{"score":9,"maxScore":9,"error":0,"length":1},"keyphraseInIntroduction":{"score":9,"maxScore":9,"error":0},"keyphraseInImageAlt":{"score":9,"maxScore":9,"error":0},"keywordDensity":{"type":"best","score":9,"maxScore":9,"error":0}}}]},"primary_term":null,"canonical_url":null,"og_title":null,"og_description":null,"og_object_type":"default","og_image_type":"default","og_image_url":null,"og_image_width":null,"og_image_height":null,"og_image_custom_url":null,"og_image_custom_fields":null,"og_video":"","og_custom_url":null,"og_article_section":null,"og_article_tags":null,"twitter_use_og":false,"twitter_card":"default","twitter_image_type":"default","twitter_image_url":null,"twitter_image_custom_url":null,"twitter_image_custom_fields":null,"twitter_title":null,"twitter_description":null,"schema":{"blockGraphs":[],"customGraphs":[],"default":{"data":{"Article":[],"Course":[],"Dataset":[],"FAQPage":[],"Movie":[],"Person":[],"Product":[],"ProductReview":[],"Car":[],"Recipe":[],"Service":[],"SoftwareApplication":[],"WebPage":[]},"graphName":"none","isEnabled":true},"graphs":[]},"schema_type":"default","schema_type_options":null,"pillar_content":false,"robots_default":true,"robots_noindex":false,"robots_noarchive":false,"robots_nosnippet":false,"robots_nofollow":false,"robots_noimageindex":false,"robots_noodp":false,"robots_notranslate":false,"robots_max_snippet":"-1","robots_max_videopreview":"-1","robots_max_imagepreview":"large","priority":null,"frequency":"default","local_seo":null,"seo_analyzer_scan_date":"2025-10-09 04:42:58","breadcrumb_settings":null,"limit_modified_date":false,"reviewed_by":null,"open_ai":"{\"title\":{\"suggestions\":[],\"usage\":0},\"description\":{\"suggestions\":[],\"usage\":0}}","ai":null,"created":"2025-04-23 22:15:06","updated":"2026-02-04 23:25:23"},"aioseo_breadcrumb":"<div class=\"aioseo-breadcrumbs\"><span class=\"aioseo-breadcrumb\">\n\t<a href=\"https:\/\/soymigrante.com\/revista\" title=\"Home\">Home<\/a>\n<\/span><span class=\"aioseo-breadcrumb-separator\">\u00bb<\/span><span class=\"aioseo-breadcrumb\">\n\t<a href=\"https:\/\/soymigrante.com\/revista\/category\/bienestar\/\" title=\"Bienestar\">Bienestar<\/a>\n<\/span><span class=\"aioseo-breadcrumb-separator\">\u00bb<\/span><span class=\"aioseo-breadcrumb\">\n\t<a href=\"https:\/\/soymigrante.com\/revista\/category\/bienestar\/salud-emocional\/\" title=\"Salud Emocional\">Salud Emocional<\/a>\n<\/span><span class=\"aioseo-breadcrumb-separator\">\u00bb<\/span><span class=\"aioseo-breadcrumb\">\n\tCuando hay un paciente en casa, hay que cuidarlo y tambi\u00e9n cuidar al cuidador\n<\/span><\/div>","aioseo_breadcrumb_json":[{"label":"Home","link":"https:\/\/soymigrante.com\/revista"},{"label":"Bienestar","link":"https:\/\/soymigrante.com\/revista\/category\/bienestar\/"},{"label":"Salud Emocional","link":"https:\/\/soymigrante.com\/revista\/category\/bienestar\/salud-emocional\/"},{"label":"Cuando hay un paciente en casa, hay que cuidarlo y tambi\u00e9n cuidar al cuidador","link":"https:\/\/soymigrante.com\/revista\/cuidar-al-cuidador-de-un-paciente-es-importante\/"}],"_links":{"self":[{"href":"https:\/\/soymigrante.com\/revista\/wp-json\/wp\/v2\/posts\/31761","targetHints":{"allow":["GET"]}}],"collection":[{"href":"https:\/\/soymigrante.com\/revista\/wp-json\/wp\/v2\/posts"}],"about":[{"href":"https:\/\/soymigrante.com\/revista\/wp-json\/wp\/v2\/types\/post"}],"author":[{"embeddable":true,"href":"https:\/\/soymigrante.com\/revista\/wp-json\/wp\/v2\/users\/19"}],"replies":[{"embeddable":true,"href":"https:\/\/soymigrante.com\/revista\/wp-json\/wp\/v2\/comments?post=31761"}],"version-history":[{"count":13,"href":"https:\/\/soymigrante.com\/revista\/wp-json\/wp\/v2\/posts\/31761\/revisions"}],"predecessor-version":[{"id":32071,"href":"https:\/\/soymigrante.com\/revista\/wp-json\/wp\/v2\/posts\/31761\/revisions\/32071"}],"wp:featuredmedia":[{"embeddable":true,"href":"https:\/\/soymigrante.com\/revista\/wp-json\/wp\/v2\/media\/31762"}],"wp:attachment":[{"href":"https:\/\/soymigrante.com\/revista\/wp-json\/wp\/v2\/media?parent=31761"}],"wp:term":[{"taxonomy":"category","embeddable":true,"href":"https:\/\/soymigrante.com\/revista\/wp-json\/wp\/v2\/categories?post=31761"},{"taxonomy":"post_tag","embeddable":true,"href":"https:\/\/soymigrante.com\/revista\/wp-json\/wp\/v2\/tags?post=31761"}],"curies":[{"name":"wp","href":"https:\/\/api.w.org\/{rel}","templated":true}]}}