{"id":31730,"date":"2025-04-23T13:43:51","date_gmt":"2025-04-23T19:43:51","guid":{"rendered":"https:\/\/soymigrante.com\/revista\/?p=31730"},"modified":"2025-04-23T13:45:31","modified_gmt":"2025-04-23T19:45:31","slug":"dia-del-libro-7-grandes-libros-y-autores-guatemaltecos-a-tu-alcance-para-descargar-y-leer","status":"publish","type":"post","link":"https:\/\/soymigrante.com\/revista\/dia-del-libro-7-grandes-libros-y-autores-guatemaltecos-a-tu-alcance-para-descargar-y-leer\/","title":{"rendered":"D\u00eda del Libro: 7 grandes libros y autores guatemaltecos a tu alcance para descargar y leer"},"content":{"rendered":"\t\t<div data-elementor-type=\"wp-post\" data-elementor-id=\"31730\" class=\"elementor elementor-31730\" data-elementor-post-type=\"post\">\n\t\t\t\t<div data-particle_enable=\"false\" data-particle-mobile-disabled=\"false\" class=\"elementor-element elementor-element-73de068 e-flex e-con-boxed e-con e-parent\" data-id=\"73de068\" data-element_type=\"container\" data-e-type=\"container\">\n\t\t\t\t\t<div class=\"e-con-inner\">\n\t\t\t\t<div class=\"elementor-element elementor-element-81a5086 elementor-widget elementor-widget-heading\" data-id=\"81a5086\" data-element_type=\"widget\" data-e-type=\"widget\" data-widget_type=\"heading.default\">\n\t\t\t\t\t<h2 class=\"elementor-heading-title elementor-size-default\">Voces y legados literarios que todo guatemalteco debe conocer, dentro y fuera de Guatemala. Historia y ficci\u00f3n, realidad e imaginaci\u00f3n. Descarga, lee, insp\u00edrate y recrea.<\/h2>\t\t\t\t<\/div>\n\t\t\t\t\t<\/div>\n\t\t\t\t<\/div>\n\t\t<div data-particle_enable=\"false\" data-particle-mobile-disabled=\"false\" class=\"elementor-element elementor-element-9e0dc51 e-flex e-con-boxed e-con e-parent\" data-id=\"9e0dc51\" data-element_type=\"container\" data-e-type=\"container\">\n\t\t\t\t\t<div class=\"e-con-inner\">\n\t\t\t\t<div class=\"elementor-element elementor-element-2c2a4b5 elementor-widget elementor-widget-text-editor\" data-id=\"2c2a4b5\" data-element_type=\"widget\" data-e-type=\"widget\" data-widget_type=\"text-editor.default\">\n\t\t\t\t\t\t\t\t\t<p>Con motivo del D\u00eda Internacional del Libro,\u00a0 23 de abril, rendimos homenaje a las voces literarias de Guatemala, cuyas obras han dejado una huella profunda en la literatura universal. En esta serie de rese\u00f1as, exploramos la riqueza cultural de siete autores guatemaltecos que, con su pluma, han dado testimonio de las luchas sociales, la belleza de la tradici\u00f3n ind\u00edgena y las complejidades de la identidad nacional.\u00a0<\/p><p>Desde las denuncias de dictaduras hasta la poes\u00eda cotidiana y espiritual de Humberto Ak\u2019abal, estos autores nos invitan a reflexionar sobre la vida, el amor, la memoria y la justicia. Cada una de estas rese\u00f1as tiene acceso a un libro o a una antolog\u00eda de dichos autores.<\/p><p>No ha pretexto para no conocer un poco m\u00e1s de la literatura guatemalteca. En cada foto puedes dar clic para poder encontrar un libro en PDF\u00a0 descargable. Sorpr\u00e9ndete y comparte.<\/p>\t\t\t\t\t\t\t\t<\/div>\n\t\t\t\t\t<\/div>\n\t\t\t\t<\/div>\n\t\t<div data-particle_enable=\"false\" data-particle-mobile-disabled=\"false\" class=\"elementor-element elementor-element-3f53a12 e-flex e-con-boxed e-con e-parent\" data-id=\"3f53a12\" data-element_type=\"container\" data-e-type=\"container\">\n\t\t\t\t\t<div class=\"e-con-inner\">\n\t\t\t\t<div class=\"elementor-element elementor-element-d4aca80 elementor-widget elementor-widget-text-editor\" data-id=\"d4aca80\" data-element_type=\"widget\" data-e-type=\"widget\" data-widget_type=\"text-editor.default\">\n\t\t\t\t\t\t\t\t\t<h3><a href=\"https:\/\/mcd.gob.gt\/wp-content\/uploads\/2022\/05\/1-Popol-Vuh-Traduccio%E2%95%A0un-de-Francisco-Xime%E2%95%A0unez-Lecturas-Bicentenarias.pdf\">El Popol Vuh: el libro nacional de Guatemala y s\u00edmbolo multicultural<\/a><\/h3><p>El Popol Vuh es la joya literaria del pueblo maya k\u2019iche\u2019 y uno de los textos m\u00e1s importantes de la literatura prehisp\u00e1nica. A trav\u00e9s de sus relatos m\u00edticos sobre la creaci\u00f3n del mundo, los dioses gemelos Hunahp\u00fa e Ixbalanqu\u00e9, y el origen humano a partir del ma\u00edz, este libro sagrado preserva la sabidur\u00eda ancestral y la visi\u00f3n maya del cosmos.<\/p><p>El Popol Vuh es un puente entre el pasado ind\u00edgena y la literatura universal, un testimonio del profundo respeto por la naturaleza y la espiritualidad de los pueblos originarios.<\/p>\t\t\t\t\t\t\t\t<\/div>\n\t\t\t\t\t<\/div>\n\t\t\t\t<\/div>\n\t\t<div data-particle_enable=\"false\" data-particle-mobile-disabled=\"false\" class=\"elementor-element elementor-element-47d8c2b e-flex e-con-boxed e-con e-parent\" data-id=\"47d8c2b\" data-element_type=\"container\" data-e-type=\"container\">\n\t\t\t\t\t<div class=\"e-con-inner\">\n\t\t\t\t<div class=\"elementor-element elementor-element-a1297b8 elementor-widget elementor-widget-image\" data-id=\"a1297b8\" data-element_type=\"widget\" data-e-type=\"widget\" data-widget_type=\"image.default\">\n\t\t\t\t\t\t\t\t\t\t\t\t<figure class=\"wp-caption\">\n\t\t\t\t\t\t\t\t\t\t\t<a href=\"https:\/\/mcd.gob.gt\/wp-content\/uploads\/2022\/05\/1-Popol-Vuh-Traduccio%E2%95%A0un-de-Francisco-Xime%E2%95%A0unez-Lecturas-Bicentenarias.pdf\">\n\t\t\t\t\t\t\t<img fetchpriority=\"high\" decoding=\"async\" width=\"768\" height=\"330\" src=\"https:\/\/soymigrante.com\/revista\/wp-content\/uploads\/2024\/06\/Captura-de-pantalla-2024-06-21-115600-1024x440.webp\" class=\"attachment-large size-large wp-image-7088\" alt=\"Guerreros mayas antiguos en un c\u00f3dice hist\u00f3rico, ilustraci\u00f3n cultural y arqueol\u00f3gica, arte precolombino de la civilizaci\u00f3n maya.\" srcset=\"https:\/\/soymigrante.com\/revista\/wp-content\/uploads\/2024\/06\/Captura-de-pantalla-2024-06-21-115600-1024x440.webp 1024w, https:\/\/soymigrante.com\/revista\/wp-content\/uploads\/2024\/06\/Captura-de-pantalla-2024-06-21-115600-300x129.webp 300w, https:\/\/soymigrante.com\/revista\/wp-content\/uploads\/2024\/06\/Captura-de-pantalla-2024-06-21-115600-768x330.webp 768w, https:\/\/soymigrante.com\/revista\/wp-content\/uploads\/2024\/06\/Captura-de-pantalla-2024-06-21-115600-1536x660.webp 1536w, https:\/\/soymigrante.com\/revista\/wp-content\/uploads\/2024\/06\/Captura-de-pantalla-2024-06-21-115600-750x322.webp 750w, https:\/\/soymigrante.com\/revista\/wp-content\/uploads\/2024\/06\/Captura-de-pantalla-2024-06-21-115600-1140x490.webp 1140w, https:\/\/soymigrante.com\/revista\/wp-content\/uploads\/2024\/06\/Captura-de-pantalla-2024-06-21-115600.webp 1831w\" sizes=\"(max-width: 768px) 100vw, 768px\" title=\"Los h\u00e9roes mayas del Popol Vuh, Hunahp\u00fa e Ixbalanqu\u00e9 (gemelos, a la izquierda) conversan con un personaje identificado como el dios maya del Ma\u00edz, caracterizado por las largas hojas de su tocado, que aluden a la milpa. (Vaso hallado en Cham\u00e1, Alta Verapaz, fotograf\u00eda de Justin Kerr) \u2013 SoyMigrante.com REVISTA\" \/>\t\t\t\t\t\t\t\t<\/a>\n\t\t\t\t\t\t\t\t\t\t\t<figcaption class=\"widget-image-caption wp-caption-text\">Los h\u00e9roes Hunajp\u00fa e Ixbalanqu\u00e9  en un vaso maya. Para descargar libro digital del Popol Vuh dar clic en la imagen<\/figcaption>\n\t\t\t\t\t\t\t\t\t\t<\/figure>\n\t\t\t\t\t\t\t\t\t<\/div>\n\t\t\t\t\t<\/div>\n\t\t\t\t<\/div>\n\t\t<div data-particle_enable=\"false\" data-particle-mobile-disabled=\"false\" class=\"elementor-element elementor-element-58f5c91 e-flex e-con-boxed e-con e-parent\" data-id=\"58f5c91\" data-element_type=\"container\" data-e-type=\"container\">\n\t\t\t\t\t<div class=\"e-con-inner\">\n\t\t\t\t<div class=\"elementor-element elementor-element-017f60c elementor-widget elementor-widget-text-editor\" data-id=\"017f60c\" data-element_type=\"widget\" data-e-type=\"widget\" data-widget_type=\"text-editor.default\">\n\t\t\t\t\t\t\t\t\t<h3><a href=\"https:\/\/libroschorcha.wordpress.com\/wp-content\/uploads\/2018\/01\/asturias-miguel-angel-senor-presidente.pdf\">El Se\u00f1or Presidente de Miguel \u00c1ngel Asturias<\/a><\/h3><p>El Se\u00f1or Presidente retrata la vida en una dictadura latinoamericana ficticia, inspirada en Guatemala. La figura del Presidente, omnipresente y aterradora, siembra miedo, corrupci\u00f3n y violencia. Con un estilo l\u00edrico y simb\u00f3lico, Miguel \u00c1ngel Asturias denuncia los abusos del poder y la deshumanizaci\u00f3n del pueblo. Esta obra es un referente clave de la literatura pol\u00edtica latinoamericana y un precursor del realismo m\u00e1gico.<\/p><p>Miguel \u00c1ngel Asturias (1899\u20131974) fue un escritor y diplom\u00e1tico guatemalteco, ganador del Premio Nobel de Literatura en 1967. Su obra fusiona mitolog\u00eda ind\u00edgena, realismo m\u00e1gico y denuncia social. Su lucha contra la dictadura y su formaci\u00f3n en Guatemala y Francia influyeron profundamente en su narrativa. Autor de obras como Hombres de ma\u00edz y El Se\u00f1or Presidente, se le considera uno de los precursores del Boom latinoamericano.<\/p>\t\t\t\t\t\t\t\t<\/div>\n\t\t\t\t\t<\/div>\n\t\t\t\t<\/div>\n\t\t<div data-particle_enable=\"false\" data-particle-mobile-disabled=\"false\" class=\"elementor-element elementor-element-65a06c1 e-flex e-con-boxed e-con e-parent\" data-id=\"65a06c1\" data-element_type=\"container\" data-e-type=\"container\">\n\t\t\t\t\t<div class=\"e-con-inner\">\n\t\t\t\t<div class=\"elementor-element elementor-element-3140394 elementor-widget elementor-widget-image\" data-id=\"3140394\" data-element_type=\"widget\" data-e-type=\"widget\" data-widget_type=\"image.default\">\n\t\t\t\t\t\t\t\t\t\t\t\t<figure class=\"wp-caption\">\n\t\t\t\t\t\t\t\t\t\t\t<a href=\"https:\/\/libroschorcha.wordpress.com\/wp-content\/uploads\/2018\/01\/asturias-miguel-angel-senor-presidente.pdf\">\n\t\t\t\t\t\t\t<img decoding=\"async\" width=\"768\" height=\"551\" src=\"https:\/\/soymigrante.com\/revista\/wp-content\/uploads\/2025\/04\/Miguel_Angel_Asturias_Nobel_Prize_of_Literature_1967_at_the_UNESCOs_studios-1024x735.jpg\" class=\"attachment-large size-large wp-image-31734\" alt=\"Filtrado: Retrato en negro y blanco de un hombre mayor con gafas, con las manos juntas y la cabeza inclinada, en actitud reflexiva.\" srcset=\"https:\/\/soymigrante.com\/revista\/wp-content\/uploads\/2025\/04\/Miguel_Angel_Asturias_Nobel_Prize_of_Literature_1967_at_the_UNESCOs_studios-1024x735.jpg 1024w, https:\/\/soymigrante.com\/revista\/wp-content\/uploads\/2025\/04\/Miguel_Angel_Asturias_Nobel_Prize_of_Literature_1967_at_the_UNESCOs_studios-300x215.jpg 300w, https:\/\/soymigrante.com\/revista\/wp-content\/uploads\/2025\/04\/Miguel_Angel_Asturias_Nobel_Prize_of_Literature_1967_at_the_UNESCOs_studios-768x551.jpg 768w, https:\/\/soymigrante.com\/revista\/wp-content\/uploads\/2025\/04\/Miguel_Angel_Asturias_Nobel_Prize_of_Literature_1967_at_the_UNESCOs_studios-1536x1102.jpg 1536w, https:\/\/soymigrante.com\/revista\/wp-content\/uploads\/2025\/04\/Miguel_Angel_Asturias_Nobel_Prize_of_Literature_1967_at_the_UNESCOs_studios-2048x1470.jpg 2048w, https:\/\/soymigrante.com\/revista\/wp-content\/uploads\/2025\/04\/Miguel_Angel_Asturias_Nobel_Prize_of_Literature_1967_at_the_UNESCOs_studios-120x86.webp 120w, https:\/\/soymigrante.com\/revista\/wp-content\/uploads\/2025\/04\/Miguel_Angel_Asturias_Nobel_Prize_of_Literature_1967_at_the_UNESCOs_studios-350x250.webp 350w, https:\/\/soymigrante.com\/revista\/wp-content\/uploads\/2025\/04\/Miguel_Angel_Asturias_Nobel_Prize_of_Literature_1967_at_the_UNESCOs_studios-750x538.webp 750w, https:\/\/soymigrante.com\/revista\/wp-content\/uploads\/2025\/04\/Miguel_Angel_Asturias_Nobel_Prize_of_Literature_1967_at_the_UNESCOs_studios-1140x818.webp 1140w, https:\/\/soymigrante.com\/revista\/wp-content\/uploads\/2025\/04\/Miguel_Angel_Asturias_Nobel_Prize_of_Literature_1967_at_the_UNESCOs_studios-scaled.webp 1920w\" sizes=\"(max-width: 768px) 100vw, 768px\" title=\"Miguel Angel Asturias, Nobel de Literatura Guatemalteco, para serie del dia del libro \u2013 SoyMigrante.com REVISTA\" \/>\t\t\t\t\t\t\t\t<\/a>\n\t\t\t\t\t\t\t\t\t\t\t<figcaption class=\"widget-image-caption wp-caption-text\">El Premio Nobel de Litertatura  1967 Miguel Angel Asturias public\u00f3 m\u00e1s de 15 novelas, libros de poemas y cuentos.  Para descargar el libro digital de El Se\u00f1or Presidente dar clic en a imagen.<\/figcaption>\n\t\t\t\t\t\t\t\t\t\t<\/figure>\n\t\t\t\t\t\t\t\t\t<\/div>\n\t\t\t\t\t<\/div>\n\t\t\t\t<\/div>\n\t\t<div data-particle_enable=\"false\" data-particle-mobile-disabled=\"false\" class=\"elementor-element elementor-element-a1916fd e-flex e-con-boxed e-con e-parent\" data-id=\"a1916fd\" data-element_type=\"container\" data-e-type=\"container\">\n\t\t\t\t\t<div class=\"e-con-inner\">\n\t\t\t\t<div class=\"elementor-element elementor-element-4420f51 elementor-widget elementor-widget-text-editor\" data-id=\"4420f51\" data-element_type=\"widget\" data-e-type=\"widget\" data-widget_type=\"text-editor.default\">\n\t\t\t\t\t\t\t\t\t<h3><a href=\"https:\/\/mcd.gob.gt\/wp-content\/uploads\/2022\/05\/3-Mari%E2%95%A0ua-Josefa-Garci%E2%95%A0ua-Granados-Poesi%E2%95%A0ua-Periodismo-Personaje-Lecturas-Bicentenarias.pdf\">Poemas de Pepita Garc\u00eda Granados<\/a><\/h3><p>Mar\u00eda Josefa &#8220;Pepita&#8221; Garc\u00eda Granados (1870\u20131925) fue una de las primeras voces femeninas en la poes\u00eda guatemalteca, destacada por su sensibilidad modernista. Su obra se caracteriza por un lenguaje refinado y lleno de simbolismo, abordando temas como el amor, la patria y la naturaleza. Su poes\u00eda, cargada de emoci\u00f3n, abri\u00f3 camino a futuras generaciones de escritoras y fue fundamental para el desarrollo cultural de su tiempo.<\/p><p>Su legado sigue siendo un faro para las nuevas voces femeninas en la literatura de Guatemala.<\/p>\t\t\t\t\t\t\t\t<\/div>\n\t\t\t\t\t<\/div>\n\t\t\t\t<\/div>\n\t\t<div data-particle_enable=\"false\" data-particle-mobile-disabled=\"false\" class=\"elementor-element elementor-element-6903f8d e-flex e-con-boxed e-con e-parent\" data-id=\"6903f8d\" data-element_type=\"container\" data-e-type=\"container\">\n\t\t\t\t\t<div class=\"e-con-inner\">\n\t\t\t\t<div class=\"elementor-element elementor-element-8bb7255 elementor-widget elementor-widget-image\" data-id=\"8bb7255\" data-element_type=\"widget\" data-e-type=\"widget\" data-widget_type=\"image.default\">\n\t\t\t\t\t\t\t\t\t\t\t\t<figure class=\"wp-caption\">\n\t\t\t\t\t\t\t\t\t\t\t<a href=\"https:\/\/mcd.gob.gt\/wp-content\/uploads\/2022\/05\/3-Mari%E2%95%A0ua-Josefa-Garci%E2%95%A0ua-Granados-Poesi%E2%95%A0ua-Periodismo-Personaje-Lecturas-Bicentenarias.pdf\">\n\t\t\t\t\t\t\t<img decoding=\"async\" width=\"306\" height=\"400\" src=\"https:\/\/soymigrante.com\/revista\/wp-content\/uploads\/2025\/04\/Maria_Garcia_Granados.webp\" class=\"attachment-large size-large wp-image-31735\" alt=\"Joven mujer en retrato vintage, representando ra\u00edces culturales y migrantes, con texto de SoyMigrante.com REVISTA, resaltando historias y comunidad migrante.\" srcset=\"https:\/\/soymigrante.com\/revista\/wp-content\/uploads\/2025\/04\/Maria_Garcia_Granados.webp 306w, https:\/\/soymigrante.com\/revista\/wp-content\/uploads\/2025\/04\/Maria_Garcia_Granados-230x300.jpg 230w\" sizes=\"(max-width: 306px) 100vw, 306px\" title=\"Maria_Garcia_Granados \u2013 SoyMigrante.com REVISTA\" \/>\t\t\t\t\t\t\t\t<\/a>\n\t\t\t\t\t\t\t\t\t\t\t<figcaption class=\"widget-image-caption wp-caption-text\">Mar\u00eda Josefa \"Pepita\" Garc\u00eda Granados fue pionera en la poes\u00eda femenina guatemalteca. Para descargar el libro digital con una antolog\u00eda de sus poemas, dar clic en la foto.<\/figcaption>\n\t\t\t\t\t\t\t\t\t\t<\/figure>\n\t\t\t\t\t\t\t\t\t<\/div>\n\t\t\t\t\t<\/div>\n\t\t\t\t<\/div>\n\t\t<div data-particle_enable=\"false\" data-particle-mobile-disabled=\"false\" class=\"elementor-element elementor-element-1b7031a e-flex e-con-boxed e-con e-parent\" data-id=\"1b7031a\" data-element_type=\"container\" data-e-type=\"container\">\n\t\t\t\t\t<div class=\"e-con-inner\">\n\t\t\t\t<div class=\"elementor-element elementor-element-a8a78a9 elementor-widget elementor-widget-text-editor\" data-id=\"a8a78a9\" data-element_type=\"widget\" data-e-type=\"widget\" data-widget_type=\"text-editor.default\">\n\t\t\t\t\t\t\t\t\t<h3><a href=\"https:\/\/diariodelgallo.wordpress.com\/wp-content\/uploads\/2018\/03\/arevalo-martinez-ecce-pericles.pdf\">Ecce Pericles, retrato de un dictador, de Rafael Ar\u00e9valo Mart\u00ednez<\/a><\/h3><p>Ecce Pericles es una cr\u00edtica feroz a la dictadura de Manuel Estrada Cabrera, presentada en forma de ensayo, biograf\u00eda y s\u00e1tira. A trav\u00e9s de la figura de \u201cPericles\u201d, Rafael Ar\u00e9valo Mart\u00ednez desmantela el culto a la personalidad y denuncia los abusos del poder con agudeza intelectual. Esta obra es esencial en la literatura pol\u00edtica guatemalteca y refleja el pensamiento liberal de su autor.<\/p><p>Rafael Ar\u00e9valo Mart\u00ednez (1884\u20131975) fue un escritor, diplom\u00e1tico y pensador guatemalteco. Su estilo modernista y su cr\u00edtica a la pol\u00edtica y cultura de su tiempo lo establecieron como una figura clave en la literatura centroamericana. Su obra El hombre que parec\u00eda un caballo lo consolid\u00f3 como un escritor \u00fanico dentro del relato psicol\u00f3gico y fant\u00e1stico.<\/p>\t\t\t\t\t\t\t\t<\/div>\n\t\t\t\t\t<\/div>\n\t\t\t\t<\/div>\n\t\t<div data-particle_enable=\"false\" data-particle-mobile-disabled=\"false\" class=\"elementor-element elementor-element-11659c0 e-flex e-con-boxed e-con e-parent\" data-id=\"11659c0\" data-element_type=\"container\" data-e-type=\"container\">\n\t\t\t\t\t<div class=\"e-con-inner\">\n\t\t\t\t<div class=\"elementor-element elementor-element-d48b00a elementor-widget elementor-widget-image\" data-id=\"d48b00a\" data-element_type=\"widget\" data-e-type=\"widget\" data-widget_type=\"image.default\">\n\t\t\t\t\t\t\t\t\t\t\t\t<figure class=\"wp-caption\">\n\t\t\t\t\t\t\t\t\t\t\t<a href=\"https:\/\/diariodelgallo.wordpress.com\/wp-content\/uploads\/2018\/03\/arevalo-martinez-ecce-pericles.pdf\">\n\t\t\t\t\t\t\t<img loading=\"lazy\" decoding=\"async\" width=\"500\" height=\"578\" src=\"https:\/\/soymigrante.com\/revista\/wp-content\/uploads\/2025\/04\/rafael-arevalo-martinez-libros-guatemaltecos.webp\" class=\"attachment-large size-large wp-image-31736\" alt=\"Joven migrante con gafas y bigote en retrato en blanco y negro, representando historias de migraci\u00f3n y experiencias culturales en Latinoam\u00e9rica.\" srcset=\"https:\/\/soymigrante.com\/revista\/wp-content\/uploads\/2025\/04\/rafael-arevalo-martinez-libros-guatemaltecos.webp 500w, https:\/\/soymigrante.com\/revista\/wp-content\/uploads\/2025\/04\/rafael-arevalo-martinez-libros-guatemaltecos-260x300.jpg 260w\" sizes=\"(max-width: 500px) 100vw, 500px\" title=\"rafael arevalo martinez libros guatemaltecos \u2013 SoyMigrante.com REVISTA\" \/>\t\t\t\t\t\t\t\t<\/a>\n\t\t\t\t\t\t\t\t\t\t\t<figcaption class=\"widget-image-caption wp-caption-text\">Rafael Ar\u00e9valo Mart\u00ednez, c\u00e9lebre por el cuento El Hombre que parec\u00eda un caballo, fue un visionario y precursor de la literatura internacional. Su ensayo hist\u00f3rico sobre la dictadura de Manuel Estrada Cabrera debe ser una obra de cabecera para todo guatemalteco, dentro o fuera del pa\u00eds. Para descargar Ecce Pericles dar clic en la foto.<\/figcaption>\n\t\t\t\t\t\t\t\t\t\t<\/figure>\n\t\t\t\t\t\t\t\t\t<\/div>\n\t\t\t\t\t<\/div>\n\t\t\t\t<\/div>\n\t\t<div data-particle_enable=\"false\" data-particle-mobile-disabled=\"false\" class=\"elementor-element elementor-element-c2399cd e-flex e-con-boxed e-con e-parent\" data-id=\"c2399cd\" data-element_type=\"container\" data-e-type=\"container\">\n\t\t\t\t\t<div class=\"e-con-inner\">\n\t\t\t\t<div class=\"elementor-element elementor-element-0daff36 elementor-widget elementor-widget-text-editor\" data-id=\"0daff36\" data-element_type=\"widget\" data-e-type=\"widget\" data-widget_type=\"text-editor.default\">\n\t\t\t\t\t\t\t\t\t<h3><a href=\"https:\/\/tsunun.wordpress.com\/wp-content\/uploads\/2019\/12\/hablo-para-taparle-la-boca-al-silencio.pdf\">Una antolog\u00eda del poeta maya k\u2019iche\u2019 Humberto Ak\u2019abal<\/a><\/h3><p>Humberto Ak\u2019abal (1952\u20132019), poeta de origen maya k\u2019iche\u2019, fue un faro de la literatura ind\u00edgena en Guatemala y el mundo. Su poes\u00eda, escrita en k\u2019iche\u2019 y luego traducida al espa\u00f1ol, es simple y profunda, cargada de una contemplaci\u00f3n serena sobre la vida, la naturaleza y la identidad. Con obras como Guardi\u00e1n de la ca\u00edda de agua y Ajyuq\u2019, Ak\u2019abal elev\u00f3 la voz de los pueblos ind\u00edgenas al plano literario universal.<\/p><p>Su poes\u00eda fue traducida a m\u00e1s de 20 idiomas, y su legado sigue proyectando la rica cultura maya hacia el mundo entero.<\/p>\t\t\t\t\t\t\t\t<\/div>\n\t\t\t\t\t<\/div>\n\t\t\t\t<\/div>\n\t\t<div data-particle_enable=\"false\" data-particle-mobile-disabled=\"false\" class=\"elementor-element elementor-element-ec2e392 e-flex e-con-boxed e-con e-parent\" data-id=\"ec2e392\" data-element_type=\"container\" data-e-type=\"container\">\n\t\t\t\t\t<div class=\"e-con-inner\">\n\t\t\t\t<div class=\"elementor-element elementor-element-58b6303 elementor-widget elementor-widget-image\" data-id=\"58b6303\" data-element_type=\"widget\" data-e-type=\"widget\" data-widget_type=\"image.default\">\n\t\t\t\t\t\t\t\t\t\t\t\t<figure class=\"wp-caption\">\n\t\t\t\t\t\t\t\t\t\t\t<a href=\"https:\/\/tsunun.wordpress.com\/wp-content\/uploads\/2019\/12\/hablo-para-taparle-la-boca-al-silencio.pdf\">\n\t\t\t\t\t\t\t<img loading=\"lazy\" decoding=\"async\" width=\"768\" height=\"512\" src=\"https:\/\/soymigrante.com\/revista\/wp-content\/uploads\/2025\/04\/humberto-akabal.webp\" class=\"attachment-large size-large wp-image-31741\" alt=\"Campechano se\u00f1or mayor con sombrero y ropa tradicional mexicana haciendo signo de paz en calle pintoresca, imagen para revista SoyMigrante.com sobre cultura y migraci\u00f3n en M\u00e9xico y Am\u00e9rica Latina.\" srcset=\"https:\/\/soymigrante.com\/revista\/wp-content\/uploads\/2025\/04\/humberto-akabal.webp 879w, https:\/\/soymigrante.com\/revista\/wp-content\/uploads\/2025\/04\/humberto-akabal-300x200.jpg 300w, https:\/\/soymigrante.com\/revista\/wp-content\/uploads\/2025\/04\/humberto-akabal-768x512.jpg 768w, https:\/\/soymigrante.com\/revista\/wp-content\/uploads\/2025\/04\/humberto-akabal-750x500.jpg 750w\" sizes=\"(max-width: 768px) 100vw, 768px\" title=\"humberto akabal \u2013 SoyMigrante.com REVISTA\" \/>\t\t\t\t\t\t\t\t<\/a>\n\t\t\t\t\t\t\t\t\t\t\t<figcaption class=\"widget-image-caption wp-caption-text\">humberto akabal<\/figcaption>\n\t\t\t\t\t\t\t\t\t\t<\/figure>\n\t\t\t\t\t\t\t\t\t<\/div>\n\t\t\t\t\t<\/div>\n\t\t\t\t<\/div>\n\t\t<div data-particle_enable=\"false\" data-particle-mobile-disabled=\"false\" class=\"elementor-element elementor-element-154d081 e-flex e-con-boxed e-con e-parent\" data-id=\"154d081\" data-element_type=\"container\" data-e-type=\"container\">\n\t\t\t\t\t<div class=\"e-con-inner\">\n\t\t\t\t<div class=\"elementor-element elementor-element-3e15808 elementor-widget elementor-widget-text-editor\" data-id=\"3e15808\" data-element_type=\"widget\" data-e-type=\"widget\" data-widget_type=\"text-editor.default\">\n\t\t\t\t\t\t\t\t\t<h3><a href=\"http:\/\/www.biblioteca.usac.edu.gt\/biblioteca2\/librospdf\/Madre_nosotros_tambien_somos_historia.pdf\">Francisco Morales Santos y la historia que no es oficial\u00a0 pero s\u00ed valiosa en <i>Madre, nosotros tambi\u00e9n somos historia<\/i><\/a><\/h3><p>Francisco Morales Santos, destacado poeta guatemalteco, ha dejado una huella profunda en la literatura centroamericana por su compromiso social y pol\u00edtico. Su obra Madre, nosotros tambi\u00e9n somos historia, publicada en 1980, es un poemario testimonial que retrata con sensibilidad el dolor del pueblo guatemalteco durante el conflicto armado interno. A trav\u00e9s de un lenguaje claro y emotivo, Morales Santos dialoga con la figura materna como s\u00edmbolo de la patria herida, transformando la poes\u00eda en un acto de memoria y denuncia.\u00a0<\/p><p>El libro humaniza el sufrimiento colectivo, abordando temas como la p\u00e9rdida, la dignidad y la esperanza. M\u00e1s all\u00e1 de su valor literario, posee un fuerte trasfondo hist\u00f3rico, convirti\u00e9ndose en un documento po\u00e9tico de resistencia. Esta obra se inscribe en la tradici\u00f3n de la poes\u00eda comprometida latinoamericana y representa una forma de justicia simb\u00f3lica para las v\u00edctimas del olvido. Morales Santos ofrece, as\u00ed, una voz po\u00e9tica imprescindible para entender la historia reciente de Guatemala.<\/p>\t\t\t\t\t\t\t\t<\/div>\n\t\t\t\t\t<\/div>\n\t\t\t\t<\/div>\n\t\t<div data-particle_enable=\"false\" data-particle-mobile-disabled=\"false\" class=\"elementor-element elementor-element-2a81b40 e-flex e-con-boxed e-con e-parent\" data-id=\"2a81b40\" data-element_type=\"container\" data-e-type=\"container\">\n\t\t\t\t\t<div class=\"e-con-inner\">\n\t\t\t\t<div class=\"elementor-element elementor-element-9986547 elementor-widget elementor-widget-image\" data-id=\"9986547\" data-element_type=\"widget\" data-e-type=\"widget\" data-widget_type=\"image.default\">\n\t\t\t\t\t\t\t\t\t\t\t\t<figure class=\"wp-caption\">\n\t\t\t\t\t\t\t\t\t\t\t<a href=\"http:\/\/www.biblioteca.usac.edu.gt\/biblioteca2\/librospdf\/Madre_nosotros_tambien_somos_historia.pdf\">\n\t\t\t\t\t\t\t<img loading=\"lazy\" decoding=\"async\" width=\"768\" height=\"526\" src=\"https:\/\/soymigrante.com\/revista\/wp-content\/uploads\/2025\/04\/francisco-morales-santos-poeta-guatemalteco.webp\" class=\"attachment-large size-large wp-image-31750\" alt=\"Relevancia.\" srcset=\"https:\/\/soymigrante.com\/revista\/wp-content\/uploads\/2025\/04\/francisco-morales-santos-poeta-guatemalteco.webp 901w, https:\/\/soymigrante.com\/revista\/wp-content\/uploads\/2025\/04\/francisco-morales-santos-poeta-guatemalteco-300x205.jpg 300w, https:\/\/soymigrante.com\/revista\/wp-content\/uploads\/2025\/04\/francisco-morales-santos-poeta-guatemalteco-768x526.jpg 768w, https:\/\/soymigrante.com\/revista\/wp-content\/uploads\/2025\/04\/francisco-morales-santos-poeta-guatemalteco-750x514.webp 750w\" sizes=\"(max-width: 768px) 100vw, 768px\" title=\"Francisco Morales Santos, poeta guatemalteco originario de Sacatep\u00e9quez. Para descargar su poema Madre nosotros tambi\u00e9n somos historia, dar clic en la foto. \u2013 SoyMigrante.com REVISTA\" \/>\t\t\t\t\t\t\t\t<\/a>\n\t\t\t\t\t\t\t\t\t\t\t<figcaption class=\"widget-image-caption wp-caption-text\">Fotograf\u00eda de un hombre mayor, con gafas y camiseta azul, realizando un trabajo manual al aire libre en medio de \u00e1rboles y vegetaci\u00f3n.<\/figcaption>\n\t\t\t\t\t\t\t\t\t\t<\/figure>\n\t\t\t\t\t\t\t\t\t<\/div>\n\t\t\t\t\t<\/div>\n\t\t\t\t<\/div>\n\t\t<div data-particle_enable=\"false\" data-particle-mobile-disabled=\"false\" class=\"elementor-element elementor-element-0f6f424 e-flex e-con-boxed e-con e-parent\" data-id=\"0f6f424\" data-element_type=\"container\" data-e-type=\"container\">\n\t\t\t\t\t<div class=\"e-con-inner\">\n\t\t\t\t<div class=\"elementor-element elementor-element-c709372 elementor-widget elementor-widget-text-editor\" data-id=\"c709372\" data-element_type=\"widget\" data-e-type=\"widget\" data-widget_type=\"text-editor.default\">\n\t\t\t\t\t\t\t\t\t<h3><a href=\"https:\/\/materialdelectura.unam.mx\/images\/stories\/pdf5\/augusto-monterroso-37.pdf\">Relatos breves de Augusto Monterroso<\/a><\/h3><p>Augusto Monterroso (1921\u20132003) fue un maestro del microrrelato y un autor que jugaba con la brevedad, la iron\u00eda y la cr\u00edtica social. Su estilo \u00fanico, lleno de humor y profundidad, lo consolid\u00f3 como uno de los m\u00e1s grandes cuentistas de habla hispana. Su obra m\u00e1s emblem\u00e1tica, La oveja negra y dem\u00e1s f\u00e1bulas, y su famoso microcuento El dinosaurio siguen siendo lecciones de concisi\u00f3n literaria.<\/p><p>Monterroso recibi\u00f3 diversos premios, entre ellos el Premio Pr\u00edncipe de Asturias de las Letras, y su influencia es palpable en la literatura contempor\u00e1nea.<\/p>\t\t\t\t\t\t\t\t<\/div>\n\t\t\t\t\t<\/div>\n\t\t\t\t<\/div>\n\t\t<div data-particle_enable=\"false\" data-particle-mobile-disabled=\"false\" class=\"elementor-element elementor-element-1b07bed e-flex e-con-boxed e-con e-parent\" data-id=\"1b07bed\" data-element_type=\"container\" data-e-type=\"container\">\n\t\t\t\t\t<div class=\"e-con-inner\">\n\t\t\t\t<div class=\"elementor-element elementor-element-ea5b8e6 elementor-widget elementor-widget-image\" data-id=\"ea5b8e6\" data-element_type=\"widget\" data-e-type=\"widget\" data-widget_type=\"image.default\">\n\t\t\t\t\t\t\t\t\t\t\t\t<figure class=\"wp-caption\">\n\t\t\t\t\t\t\t\t\t\t\t<a href=\"https:\/\/diariodelgallo.wordpress.com\/wp-content\/uploads\/2011\/01\/cuentos-y-fabulas-de-augusto-monterroso.pdf\">\n\t\t\t\t\t\t\t<img loading=\"lazy\" decoding=\"async\" width=\"768\" height=\"433\" src=\"https:\/\/soymigrante.com\/revista\/wp-content\/uploads\/2025\/04\/augusto-monterroso-1024x577.jpg\" class=\"attachment-large size-large wp-image-31744\" alt=\"\u00danico en su g\u00e9nero, SoyMigrante.com REVISTA presenta temas de migraci\u00f3n, cultura y derechos humanos para la comunidad migrante en M\u00e9xico y Estados Unidos.\" srcset=\"https:\/\/soymigrante.com\/revista\/wp-content\/uploads\/2025\/04\/augusto-monterroso-1024x577.jpg 1024w, https:\/\/soymigrante.com\/revista\/wp-content\/uploads\/2025\/04\/augusto-monterroso-300x169.jpg 300w, https:\/\/soymigrante.com\/revista\/wp-content\/uploads\/2025\/04\/augusto-monterroso-768x433.jpg 768w, https:\/\/soymigrante.com\/revista\/wp-content\/uploads\/2025\/04\/augusto-monterroso-750x422.webp 750w, https:\/\/soymigrante.com\/revista\/wp-content\/uploads\/2025\/04\/augusto-monterroso-1140x642.webp 1140w, https:\/\/soymigrante.com\/revista\/wp-content\/uploads\/2025\/04\/augusto-monterroso.webp 1264w\" sizes=\"(max-width: 768px) 100vw, 768px\" title=\"augusto-monterroso \u2013 SoyMigrante.com REVISTA\" \/>\t\t\t\t\t\t\t\t<\/a>\n\t\t\t\t\t\t\t\t\t\t\t<figcaption class=\"widget-image-caption wp-caption-text\">Augusto Monterroso fue el gran genio guatemalteco del relato breve, incluyendo el famoso cuento El Dinosaurio. Para descargar esta selecci\u00f3n de algunos de sus textos dar clic en la foto.<\/figcaption>\n\t\t\t\t\t\t\t\t\t\t<\/figure>\n\t\t\t\t\t\t\t\t\t<\/div>\n\t\t\t\t\t<\/div>\n\t\t\t\t<\/div>\n\t\t<div data-particle_enable=\"false\" data-particle-mobile-disabled=\"false\" class=\"elementor-element elementor-element-38c1aef e-flex e-con-boxed e-con e-parent\" data-id=\"38c1aef\" data-element_type=\"container\" data-e-type=\"container\">\n\t\t\t\t\t<div class=\"e-con-inner\">\n\t\t\t\t<div class=\"elementor-element elementor-element-77979c6 elementor-widget elementor-widget-heading\" data-id=\"77979c6\" data-element_type=\"widget\" data-e-type=\"widget\" data-widget_type=\"heading.default\">\n\t\t\t\t\t<h2 class=\"elementor-heading-title elementor-size-default\">Maravillosa Guatemala Nuestra!<\/h2>\t\t\t\t<\/div>\n\t\t\t\t\t<\/div>\n\t\t\t\t<\/div>\n\t\t<div data-particle_enable=\"false\" data-particle-mobile-disabled=\"false\" class=\"elementor-element elementor-element-0774d82 e-flex e-con-boxed e-con e-parent\" data-id=\"0774d82\" data-element_type=\"container\" data-e-type=\"container\">\n\t\t\t\t\t<div class=\"e-con-inner\">\n\t\t\t\t<div class=\"elementor-element elementor-element-59d007d elementor-grid-eael-col-3 elementor-grid-tablet-eael-col-2 elementor-grid-mobile-eael-col-1 elementor-widget elementor-widget-eael-post-grid\" data-id=\"59d007d\" data-element_type=\"widget\" data-e-type=\"widget\" data-settings=\"{&quot;eael_post_grid_columns&quot;:&quot;eael-col-3&quot;,&quot;eael_post_grid_columns_tablet&quot;:&quot;eael-col-2&quot;,&quot;eael_post_grid_columns_mobile&quot;:&quot;eael-col-1&quot;}\" data-widget_type=\"eael-post-grid.default\">\n\t\t\t\t\t<div id=\"eael-post-grid-59d007d\" class=\"eael-post-grid-container\">\n            <div class=\"eael-post-grid eael-post-appender eael-post-appender-59d007d eael-post-grid-style-one\" data-layout-mode=\"masonry\"><article class=\"eael-grid-post  eael-post-grid-column eael-pg-post-2390 category-guate-nuestra tags-danzas-de-guatemala\" data-id=\"2390\">\n        <div class=\"eael-grid-post-holder\">\n            <div class=\"eael-grid-post-holder-inner\"><div class=\"eael-entry-media\"><div class=\"eael-entry-overlay fade-in\"><i class=\"far fa-hand-pointer\" aria-hidden=\"true\"><\/i><a href=\"https:\/\/soymigrante.com\/revista\/guatemala-danza-el-baile-de-la-paach-de-san-marcos-es-patrimonio-de-la-humanidad\/\"><\/a><\/div><div class=\"eael-entry-thumbnail \">\n                <img loading=\"lazy\" decoding=\"async\" width=\"1000\" height=\"636\" src=\"https:\/\/soymigrante.com\/revista\/wp-content\/uploads\/2023\/09\/03672-HUG.webp\" class=\"attachment-large size-large wp-image-2424\" alt=\"La percusi\u00f3n del tambor abre paso al recorrido de los ancianos, padrinos y comunidad, en camino a la Casa de la Paazh (Fotograf\u00eda Archivo FLAAR-Unesco)\" srcset=\"https:\/\/soymigrante.com\/revista\/wp-content\/uploads\/2023\/09\/03672-HUG.webp 1000w, https:\/\/soymigrante.com\/revista\/wp-content\/uploads\/2023\/09\/03672-HUG-300x191.webp 300w, https:\/\/soymigrante.com\/revista\/wp-content\/uploads\/2023\/09\/03672-HUG-768x488.webp 768w, https:\/\/soymigrante.com\/revista\/wp-content\/uploads\/2023\/09\/03672-HUG-750x477.webp 750w\" sizes=\"(max-width: 1000px) 100vw, 1000px\" \/>\n            <\/div>\n        <\/div><div class=\"eael-entry-wrapper\"><header class=\"eael-entry-header\"><h2 class=\"eael-entry-title\"><a class=\"eael-grid-post-link\" href=\"https:\/\/soymigrante.com\/revista\/guatemala-danza-el-baile-de-la-paach-de-san-marcos-es-patrimonio-de-la-humanidad\/\" title=\"Danzas de Guatemala: El baile de La Paach, de San Marcos es Patrimonio de la Humanidad\">Danzas de Guatemala: El baile de La Paach, de San Marcos es Patrimonio de la Humanidad<\/a><\/h2><\/header><div class=\"eael-entry-content\">\n                        <div class=\"eael-grid-post-excerpt\"><a href=\"https:\/\/soymigrante.com\/revista\/guatemala-danza-el-baile-de-la-paach-de-san-marcos-es-patrimonio-de-la-humanidad\/\" class=\"eael-post-elements-readmore-btn\">CONOCE SU HISTORIA <\/a><\/div>\n                    <\/div><\/div><\/div>\n        <\/div>\n    <\/article><article class=\"eael-grid-post  eael-post-grid-column eael-pg-post-2456 category-guate-nuestra tags-danzas-de-guatemala\" data-id=\"2456\">\n        <div class=\"eael-grid-post-holder\">\n            <div class=\"eael-grid-post-holder-inner\"><div class=\"eael-entry-media\"><div class=\"eael-entry-overlay fade-in\"><i class=\"far fa-hand-pointer\" aria-hidden=\"true\"><\/i><a href=\"https:\/\/soymigrante.com\/revista\/guatemala-danza-el-palo-volador-en-joyabaj-cubulco-o-chichicastenango-siempre-es-memorable\/\"><\/a><\/div><div class=\"eael-entry-thumbnail \">\n                <img loading=\"lazy\" decoding=\"async\" width=\"1024\" height=\"604\" src=\"https:\/\/soymigrante.com\/revista\/wp-content\/uploads\/2023\/09\/Captura-de-pantalla-2023-09-04-073800-e1693837574983-1024x604.webp\" class=\"attachment-large size-large wp-image-2458\" alt=\"Los monos Hun Batz y Hun Chouen en lo alto del palo antes de descender. Captura de pantalla de video de TV Asunci\u00f3n Joyabaj.\" srcset=\"https:\/\/soymigrante.com\/revista\/wp-content\/uploads\/2023\/09\/Captura-de-pantalla-2023-09-04-073800-e1693837574983-1024x604.webp 1024w, https:\/\/soymigrante.com\/revista\/wp-content\/uploads\/2023\/09\/Captura-de-pantalla-2023-09-04-073800-e1693837574983-300x177.webp 300w, https:\/\/soymigrante.com\/revista\/wp-content\/uploads\/2023\/09\/Captura-de-pantalla-2023-09-04-073800-e1693837574983-768x453.webp 768w, https:\/\/soymigrante.com\/revista\/wp-content\/uploads\/2023\/09\/Captura-de-pantalla-2023-09-04-073800-e1693837574983-750x442.webp 750w, https:\/\/soymigrante.com\/revista\/wp-content\/uploads\/2023\/09\/Captura-de-pantalla-2023-09-04-073800-e1693837574983-1140x673.webp 1140w, https:\/\/soymigrante.com\/revista\/wp-content\/uploads\/2023\/09\/Captura-de-pantalla-2023-09-04-073800-e1693837574983.webp 1256w\" sizes=\"(max-width: 1024px) 100vw, 1024px\" \/>\n            <\/div>\n        <\/div><div class=\"eael-entry-wrapper\"><header class=\"eael-entry-header\"><h2 class=\"eael-entry-title\"><a class=\"eael-grid-post-link\" href=\"https:\/\/soymigrante.com\/revista\/guatemala-danza-el-palo-volador-en-joyabaj-cubulco-o-chichicastenango-siempre-es-memorable\/\" title=\"Danzas de Guatemala: El Palo Volador en Joyabaj, Cubulco o Chichicastenango es inolvidable\">Danzas de Guatemala: El Palo Volador en Joyabaj, Cubulco o Chichicastenango es inolvidable<\/a><\/h2><\/header><div class=\"eael-entry-content\">\n                        <div class=\"eael-grid-post-excerpt\"><a href=\"https:\/\/soymigrante.com\/revista\/guatemala-danza-el-palo-volador-en-joyabaj-cubulco-o-chichicastenango-siempre-es-memorable\/\" class=\"eael-post-elements-readmore-btn\">CONOCE SU HISTORIA <\/a><\/div>\n                    <\/div><\/div><\/div>\n        <\/div>\n    <\/article><article class=\"eael-grid-post  eael-post-grid-column eael-pg-post-2449 category-guate-nuestra tags-danzas-de-guatemala\" data-id=\"2449\">\n        <div class=\"eael-grid-post-holder\">\n            <div class=\"eael-grid-post-holder-inner\"><div class=\"eael-entry-media\"><div class=\"eael-entry-overlay fade-in\"><i class=\"far fa-hand-pointer\" aria-hidden=\"true\"><\/i><a href=\"https:\/\/soymigrante.com\/revista\/danza-guatemala-el-ancestral-baile-del-venado\/\"><\/a><\/div><div class=\"eael-entry-thumbnail \">\n                <img loading=\"lazy\" decoding=\"async\" width=\"1024\" height=\"683\" src=\"https:\/\/soymigrante.com\/revista\/wp-content\/uploads\/2023\/09\/DANZA-DEL-VENADO-CUNEN-QUICHE-1024x683.webp\" class=\"attachment-large size-large wp-image-2450\" alt=\"DANZA DEL VENADO CUNEN QUICHE\" srcset=\"https:\/\/soymigrante.com\/revista\/wp-content\/uploads\/2023\/09\/DANZA-DEL-VENADO-CUNEN-QUICHE-1024x683.webp 1024w, https:\/\/soymigrante.com\/revista\/wp-content\/uploads\/2023\/09\/DANZA-DEL-VENADO-CUNEN-QUICHE-300x200.webp 300w, https:\/\/soymigrante.com\/revista\/wp-content\/uploads\/2023\/09\/DANZA-DEL-VENADO-CUNEN-QUICHE-768x512.webp 768w, https:\/\/soymigrante.com\/revista\/wp-content\/uploads\/2023\/09\/DANZA-DEL-VENADO-CUNEN-QUICHE-1536x1024.webp 1536w, https:\/\/soymigrante.com\/revista\/wp-content\/uploads\/2023\/09\/DANZA-DEL-VENADO-CUNEN-QUICHE-750x500.webp 750w, https:\/\/soymigrante.com\/revista\/wp-content\/uploads\/2023\/09\/DANZA-DEL-VENADO-CUNEN-QUICHE-1140x760.webp 1140w, https:\/\/soymigrante.com\/revista\/wp-content\/uploads\/2023\/09\/DANZA-DEL-VENADO-CUNEN-QUICHE-600x400.webp 600w, https:\/\/soymigrante.com\/revista\/wp-content\/uploads\/2023\/09\/DANZA-DEL-VENADO-CUNEN-QUICHE.webp 1920w\" sizes=\"(max-width: 1024px) 100vw, 1024px\" \/>\n            <\/div>\n        <\/div><div class=\"eael-entry-wrapper\"><header class=\"eael-entry-header\"><h2 class=\"eael-entry-title\"><a class=\"eael-grid-post-link\" href=\"https:\/\/soymigrante.com\/revista\/danza-guatemala-el-ancestral-baile-del-venado\/\" title=\"Danzas de Guatemala: El  Baile del Venado est\u00e1 en la memoria de muchos migrantes.\">Danzas de Guatemala: El  Baile del Venado est\u00e1 en la memoria de muchos migrantes.<\/a><\/h2><\/header><div class=\"eael-entry-content\">\n                        <div class=\"eael-grid-post-excerpt\"><a href=\"https:\/\/soymigrante.com\/revista\/danza-guatemala-el-ancestral-baile-del-venado\/\" class=\"eael-post-elements-readmore-btn\">CONOCE SU HISTORIA <\/a><\/div>\n                    <\/div><\/div><\/div>\n        <\/div>\n    <\/article><\/div>\n            <div class=\"clearfix\"><\/div>\n        <\/div>\t\t\t\t<\/div>\n\t\t\t\t\t<\/div>\n\t\t\t\t<\/div>\n\t\t\t\t<\/div>\n\t\t","protected":false},"excerpt":{"rendered":"<p>Voces y legados literarios que todo guatemalteco debe conocer, dentro y fuera de Guatemala. Historia y ficci\u00f3n, realidad e imaginaci\u00f3n. Descarga, lee, insp\u00edrate y recrea. Con motivo del D\u00eda Internacional del Libro,\u00a0 23 de abril, rendimos homenaje a las voces literarias de Guatemala, cuyas obras han dejado una huella profunda en la literatura universal. En [&hellip;]<\/p>\n","protected":false},"author":7,"featured_media":31731,"comment_status":"open","ping_status":"open","sticky":false,"template":"","format":"standard","meta":{"_acf_changed":false,"_eb_attr":"","footnotes":""},"categories":[58],"tags":[],"class_list":["post-31730","post","type-post","status-publish","format-standard","has-post-thumbnail","hentry","category-guate-nuestra"],"acf":[],"aioseo_notices":[],"aioseo_head":"\n\t\t<!-- All in One SEO Pro 4.9.6.2 - aioseo.com -->\n\t<meta name=\"description\" content=\"Se calcula que El Baile del Venado surgi\u00f3 hace 1,500 a\u00f1os como un ritual de cacer\u00eda; tiene unos 26 danzantes y en cada localidad donde se celebra tiene distintas caracter\u00edsticas. Tradici\u00f3n en al menos 35 comunidades El Baile del Venado es una danza ritual que surgi\u00f3 hace unos 1,500 a\u00f1os, es decir en plena \u00e9poca\" \/>\n\t<meta name=\"robots\" content=\"max-snippet:-1, max-image-preview:large, max-video-preview:-1\" \/>\n\t<meta name=\"author\" content=\"Gustavo Montenegro\"\/>\n\t<link rel=\"canonical\" href=\"https:\/\/soymigrante.com\/revista\/dia-del-libro-7-grandes-libros-y-autores-guatemaltecos-a-tu-alcance-para-descargar-y-leer\/\" \/>\n\t<meta name=\"generator\" content=\"All in One SEO Pro (AIOSEO) 4.9.6.2\" \/>\n\n\t\t<link rel=\"preconnect\" href=\"https:\/\/fonts.googleapis.com\" crossorigin>\n<link rel=\"preconnect\" href=\"https:\/\/fonts.gstatic.com\" crossorigin>\n\t\t<meta property=\"og:locale\" content=\"es_ES\" \/>\n\t\t<meta property=\"og:site_name\" content=\"SoyMigrante.com REVISTA \u2013 Nuestra misi\u00f3n es reconocer y dignificar al migrante.\" \/>\n\t\t<meta property=\"og:type\" content=\"article\" \/>\n\t\t<meta property=\"og:title\" content=\"D\u00eda del Libro: 7 libros descargables de autores guatemaltecos\" \/>\n\t\t<meta property=\"og:description\" content=\"La literatura guatemalteca tiene mucho por descubrir. Deslumbra y sorprende, explica y descifra. Estas son rese\u00f1as de 7 autores guatemaltecos con un libro.\" \/>\n\t\t<meta property=\"og:url\" content=\"https:\/\/soymigrante.com\/revista\/dia-del-libro-7-grandes-libros-y-autores-guatemaltecos-a-tu-alcance-para-descargar-y-leer\/\" \/>\n\t\t<meta property=\"og:image\" content=\"https:\/\/soymigrante.com\/revista\/wp-content\/uploads\/2025\/04\/A-guatemalan-young-woman-with-maya-huipil-reading-a-book-in-an-office-with-landscape-of-skycrapers-New-York-1.webp\" \/>\n\t\t<meta property=\"og:image:secure_url\" content=\"https:\/\/soymigrante.com\/revista\/wp-content\/uploads\/2025\/04\/A-guatemalan-young-woman-with-maya-huipil-reading-a-book-in-an-office-with-landscape-of-skycrapers-New-York-1.webp\" \/>\n\t\t<meta property=\"og:image:width\" content=\"832\" \/>\n\t\t<meta property=\"og:image:height\" content=\"832\" \/>\n\t\t<meta property=\"article:published_time\" content=\"2025-04-23T19:43:51+00:00\" \/>\n\t\t<meta property=\"article:modified_time\" content=\"2025-04-23T19:45:31+00:00\" \/>\n\t\t<meta property=\"article:publisher\" content=\"https:\/\/www.facebook.com\/soymigrantecom\" \/>\n\t\t<meta name=\"twitter:card\" content=\"summary_large_image\" \/>\n\t\t<meta name=\"twitter:site\" content=\"@SoyMigrante_com\" \/>\n\t\t<meta name=\"twitter:title\" content=\"D\u00eda del Libro: 7 libros descargables de autores guatemaltecos\" \/>\n\t\t<meta name=\"twitter:description\" content=\"La literatura guatemalteca tiene mucho por descubrir. Deslumbra y sorprende, explica y descifra. Estas son rese\u00f1as de 7 autores guatemaltecos con un libro.\" \/>\n\t\t<meta name=\"twitter:creator\" content=\"@SoyMigrante_com\" \/>\n\t\t<meta name=\"twitter:image\" content=\"https:\/\/soymigrante.com\/revista\/wp-content\/uploads\/2025\/04\/A-guatemalan-young-woman-with-maya-huipil-reading-a-book-in-an-office-with-landscape-of-skycrapers-New-York-1.webp\" \/>\n\t\t<!-- All in One SEO Pro -->\r\n\t\t<title>D\u00eda del Libro: 7 libros descargables de autores guatemaltecos<\/title>\n\n","aioseo_head_json":{"title":"D\u00eda del Libro: 7 libros descargables de autores guatemaltecos","description":"La literatura guatemalteca tiene mucho por descubrir. Deslumbra y sorprende, explica y descifra. Estas son rese\u00f1as de 7 autores guatemaltecos con un libro.","canonical_url":"https:\/\/soymigrante.com\/revista\/dia-del-libro-7-grandes-libros-y-autores-guatemaltecos-a-tu-alcance-para-descargar-y-leer\/","robots":"max-snippet:-1, max-image-preview:large, max-video-preview:-1","keywords":"","webmasterTools":{"miscellaneous":"&lt;link rel=\"preconnect\" href=\"https:\/\/fonts.googleapis.com\" crossorigin&gt;\n&lt;link rel=\"preconnect\" href=\"https:\/\/fonts.gstatic.com\" crossorigin&gt;"},"schema":null,"og:locale":"es_ES","og:site_name":"SoyMigrante.com REVISTA \u2013 Nuestra misi\u00f3n es reconocer y dignificar al migrante.","og:type":"article","og:title":"D\u00eda del Libro: 7 libros descargables de autores guatemaltecos","og:description":"La literatura guatemalteca tiene mucho por descubrir. Deslumbra y sorprende, explica y descifra. Estas son rese\u00f1as de 7 autores guatemaltecos con un libro.","og:url":"https:\/\/soymigrante.com\/revista\/dia-del-libro-7-grandes-libros-y-autores-guatemaltecos-a-tu-alcance-para-descargar-y-leer\/","og:image":"https:\/\/soymigrante.com\/revista\/wp-content\/uploads\/2025\/04\/A-guatemalan-young-woman-with-maya-huipil-reading-a-book-in-an-office-with-landscape-of-skycrapers-New-York-1.webp","og:image:secure_url":"https:\/\/soymigrante.com\/revista\/wp-content\/uploads\/2025\/04\/A-guatemalan-young-woman-with-maya-huipil-reading-a-book-in-an-office-with-landscape-of-skycrapers-New-York-1.webp","og:image:width":832,"og:image:height":832,"article:published_time":"2025-04-23T19:43:51+00:00","article:modified_time":"2025-04-23T19:45:31+00:00","article:publisher":"https:\/\/www.facebook.com\/soymigrantecom","twitter:card":"summary_large_image","twitter:site":"@SoyMigrante_com","twitter:title":"D\u00eda del Libro: 7 libros descargables de autores guatemaltecos","twitter:description":"La literatura guatemalteca tiene mucho por descubrir. Deslumbra y sorprende, explica y descifra. Estas son rese\u00f1as de 7 autores guatemaltecos con un libro.","twitter:creator":"@SoyMigrante_com","twitter:image":"https:\/\/soymigrante.com\/revista\/wp-content\/uploads\/2025\/04\/A-guatemalan-young-woman-with-maya-huipil-reading-a-book-in-an-office-with-landscape-of-skycrapers-New-York-1.webp"},"aioseo_meta_data":{"post_id":"31730","title":"D\u00eda del Libro: 7 libros descargables de autores guatemaltecos","description":"La literatura guatemalteca tiene mucho por descubrir. Deslumbra y sorprende, explica y descifra. Estas son rese\u00f1as de 7 autores guatemaltecos con un libro.","keywords":null,"keyphrases":{"focus":{"keyphrase":"D\u00eda del Libro","score":69,"analysis":{"keyphraseInTitle":{"score":9,"maxScore":9,"error":0},"keyphraseInDescription":{"score":3,"maxScore":9,"error":1},"keyphraseLength":{"score":9,"maxScore":9,"error":0,"length":4},"keyphraseInURL":{"score":1,"maxScore":5,"error":1}}},"additional":[{"keyphrase":"Libros Guatemaltecos","score":67,"analysis":{"keyphraseInDescription":{"score":3,"maxScore":9,"error":1},"keyphraseLength":{"score":9,"maxScore":9,"error":0,"length":2}}},{"keyphrase":"Guatemaltecos","score":100,"analysis":{"keyphraseInDescription":{"score":9,"maxScore":9,"error":0},"keyphraseLength":{"score":9,"maxScore":9,"error":0,"length":1}}}]},"primary_term":null,"canonical_url":null,"og_title":null,"og_description":null,"og_object_type":"default","og_image_type":"default","og_image_url":null,"og_image_width":null,"og_image_height":null,"og_image_custom_url":null,"og_image_custom_fields":null,"og_video":"","og_custom_url":null,"og_article_section":null,"og_article_tags":null,"twitter_use_og":false,"twitter_card":"default","twitter_image_type":"default","twitter_image_url":null,"twitter_image_custom_url":null,"twitter_image_custom_fields":null,"twitter_title":null,"twitter_description":null,"schema":{"blockGraphs":[],"customGraphs":[],"default":{"data":{"Article":[],"Course":[],"Dataset":[],"FAQPage":[],"Movie":[],"Person":[],"Product":[],"ProductReview":[],"Car":[],"Recipe":[],"Service":[],"SoftwareApplication":[],"WebPage":[]},"graphName":"none","isEnabled":true},"graphs":[]},"schema_type":"default","schema_type_options":null,"pillar_content":false,"robots_default":true,"robots_noindex":false,"robots_noarchive":false,"robots_nosnippet":false,"robots_nofollow":false,"robots_noimageindex":false,"robots_noodp":false,"robots_notranslate":false,"robots_max_snippet":"-1","robots_max_videopreview":"-1","robots_max_imagepreview":"large","priority":null,"frequency":"default","local_seo":null,"seo_analyzer_scan_date":"2025-10-09 04:34:23","breadcrumb_settings":null,"limit_modified_date":false,"reviewed_by":null,"open_ai":"{\"title\":{\"suggestions\":[],\"usage\":0},\"description\":{\"suggestions\":[],\"usage\":0}}","ai":null,"created":"2025-04-23 18:01:56","updated":"2026-02-04 23:17:04"},"aioseo_breadcrumb":"<div class=\"aioseo-breadcrumbs\"><span class=\"aioseo-breadcrumb\">\n\t<a href=\"https:\/\/soymigrante.com\/revista\" title=\"Home\">Home<\/a>\n<\/span><span class=\"aioseo-breadcrumb-separator\">\u00bb<\/span><span class=\"aioseo-breadcrumb\">\n\t<a href=\"https:\/\/soymigrante.com\/revista\/category\/guate-nuestra\/\" title=\"Guate Nuestra\">Guate Nuestra<\/a>\n<\/span><span class=\"aioseo-breadcrumb-separator\">\u00bb<\/span><span class=\"aioseo-breadcrumb\">\n\tD\u00eda del Libro: 7 grandes libros y autores guatemaltecos a tu alcance para descargar y leer\n<\/span><\/div>","aioseo_breadcrumb_json":[{"label":"Home","link":"https:\/\/soymigrante.com\/revista"},{"label":"Guate Nuestra","link":"https:\/\/soymigrante.com\/revista\/category\/guate-nuestra\/"},{"label":"D\u00eda del Libro: 7 grandes libros y autores guatemaltecos a tu alcance para descargar y leer","link":"https:\/\/soymigrante.com\/revista\/dia-del-libro-7-grandes-libros-y-autores-guatemaltecos-a-tu-alcance-para-descargar-y-leer\/"}],"_links":{"self":[{"href":"https:\/\/soymigrante.com\/revista\/wp-json\/wp\/v2\/posts\/31730","targetHints":{"allow":["GET"]}}],"collection":[{"href":"https:\/\/soymigrante.com\/revista\/wp-json\/wp\/v2\/posts"}],"about":[{"href":"https:\/\/soymigrante.com\/revista\/wp-json\/wp\/v2\/types\/post"}],"author":[{"embeddable":true,"href":"https:\/\/soymigrante.com\/revista\/wp-json\/wp\/v2\/users\/7"}],"replies":[{"embeddable":true,"href":"https:\/\/soymigrante.com\/revista\/wp-json\/wp\/v2\/comments?post=31730"}],"version-history":[{"count":15,"href":"https:\/\/soymigrante.com\/revista\/wp-json\/wp\/v2\/posts\/31730\/revisions"}],"predecessor-version":[{"id":31760,"href":"https:\/\/soymigrante.com\/revista\/wp-json\/wp\/v2\/posts\/31730\/revisions\/31760"}],"wp:featuredmedia":[{"embeddable":true,"href":"https:\/\/soymigrante.com\/revista\/wp-json\/wp\/v2\/media\/31731"}],"wp:attachment":[{"href":"https:\/\/soymigrante.com\/revista\/wp-json\/wp\/v2\/media?parent=31730"}],"wp:term":[{"taxonomy":"category","embeddable":true,"href":"https:\/\/soymigrante.com\/revista\/wp-json\/wp\/v2\/categories?post=31730"},{"taxonomy":"post_tag","embeddable":true,"href":"https:\/\/soymigrante.com\/revista\/wp-json\/wp\/v2\/tags?post=31730"}],"curies":[{"name":"wp","href":"https:\/\/api.w.org\/{rel}","templated":true}]}}