{"id":31710,"date":"2025-04-24T06:00:00","date_gmt":"2025-04-24T12:00:00","guid":{"rendered":"https:\/\/soymigrante.com\/revista\/?p=31710"},"modified":"2025-04-23T22:14:09","modified_gmt":"2025-04-24T04:14:09","slug":"una-semana-santa-memorable-en-san-rafael-pie-de-la-cuesta-san-marcos","status":"publish","type":"post","link":"https:\/\/soymigrante.com\/revista\/una-semana-santa-memorable-en-san-rafael-pie-de-la-cuesta-san-marcos\/","title":{"rendered":"Una Semana Santa memorable en San Rafael Pie de la Cuesta, San Marcos"},"content":{"rendered":"\t\t<div data-elementor-type=\"wp-post\" data-elementor-id=\"31710\" class=\"elementor elementor-31710\" data-elementor-post-type=\"post\">\n\t\t\t\t<div data-particle_enable=\"false\" data-particle-mobile-disabled=\"false\" class=\"elementor-element elementor-element-af6c9e8 e-flex e-con-boxed e-con e-parent\" data-id=\"af6c9e8\" data-element_type=\"container\" data-e-type=\"container\">\n\t\t\t\t\t<div class=\"e-con-inner\">\n\t\t\t\t<div class=\"elementor-element elementor-element-d496124 elementor-widget elementor-widget-heading\" data-id=\"d496124\" data-element_type=\"widget\" data-e-type=\"widget\" data-widget_type=\"heading.default\">\n\t\t\t\t\t<h2 class=\"elementor-heading-title elementor-size-default\">Entre alfombras, dramatizaciones religiosas, danzas tradicionales y el fervor de un pueblo entero, San Rafael Pie de la Cuesta vive una Semana Santa con una mezcla de fe, cultura y alegr\u00eda.<\/h2>\t\t\t\t<\/div>\n\t\t\t\t\t<\/div>\n\t\t\t\t<\/div>\n\t\t<div data-particle_enable=\"false\" data-particle-mobile-disabled=\"false\" class=\"elementor-element elementor-element-ce4d172 e-flex e-con-boxed e-con e-parent\" data-id=\"ce4d172\" data-element_type=\"container\" data-e-type=\"container\">\n\t\t\t\t\t<div class=\"e-con-inner\">\n\t\t\t\t<div class=\"elementor-element elementor-element-1d8020b elementor-widget elementor-widget-text-editor\" data-id=\"1d8020b\" data-element_type=\"widget\" data-e-type=\"widget\" data-widget_type=\"text-editor.default\">\n\t\t\t\t\t\t\t\t\t<p>San Rafael Pie de la Cuesta, ubicado <a href=\"https:\/\/soymigrante.com\/revista\/departamentos-de-guatemala-san-marcos-tierra-de-las-cumbres-mas-altas\/\" target=\"_blank\" rel=\"noopener\">en el departamento de San Marcos,<\/a> se convierte cada a\u00f1o en un escenario de fe y tradici\u00f3n durante la Semana Santa.<\/p><p>Desde el Mi\u00e9rcoles Santo hasta el Domingo de Resurrecci\u00f3n, este pintoresco municipio del suroccidente de Guatemala vibra con una serie de actividades religiosas y culturales que re\u00fanen a las familias, <a href=\"https:\/\/soymigrante.com\/revista\/departamentos-de-guatemala-san-marcos-tierra-de-las-cumbres-mas-altas\/\" target=\"_blank\" rel=\"noopener\">visitantes y devotos en un ambiente lleno de espiritualidad y colorido.<\/a><\/p>\t\t\t\t\t\t\t\t<\/div>\n\t\t\t\t\t<\/div>\n\t\t\t\t<\/div>\n\t\t<div data-particle_enable=\"false\" data-particle-mobile-disabled=\"false\" class=\"elementor-element elementor-element-c99c472 e-flex e-con-boxed e-con e-parent\" data-id=\"c99c472\" data-element_type=\"container\" data-e-type=\"container\">\n\t\t\t\t\t<div class=\"e-con-inner\">\n\t\t\t\t<div class=\"elementor-element elementor-element-a659136 elementor-widget elementor-widget-google_maps\" data-id=\"a659136\" data-element_type=\"widget\" data-e-type=\"widget\" data-widget_type=\"google_maps.default\">\n\t\t\t\t\t\t\t<div class=\"elementor-custom-embed\">\n\t\t\t<iframe loading=\"lazy\"\n\t\t\t\t\tsrc=\"https:\/\/maps.google.com\/maps?q=San%20Rafael%20Pie%20de%20la%20Cuesta&#038;t=m&#038;z=10&#038;output=embed&#038;iwloc=near\"\n\t\t\t\t\ttitle=\"San Rafael Pie de la Cuesta\"\n\t\t\t\t\taria-label=\"San Rafael Pie de la Cuesta\"\n\t\t\t><\/iframe>\n\t\t<\/div>\n\t\t\t\t\t\t<\/div>\n\t\t\t\t\t<\/div>\n\t\t\t\t<\/div>\n\t\t<div data-particle_enable=\"false\" data-particle-mobile-disabled=\"false\" class=\"elementor-element elementor-element-0e71220 e-flex e-con-boxed e-con e-parent\" data-id=\"0e71220\" data-element_type=\"container\" data-e-type=\"container\">\n\t\t\t\t\t<div class=\"e-con-inner\">\n\t\t\t\t<div class=\"elementor-element elementor-element-198caef elementor-widget elementor-widget-heading\" data-id=\"198caef\" data-element_type=\"widget\" data-e-type=\"widget\" data-widget_type=\"heading.default\">\n\t\t\t\t\t<h3 class=\"elementor-heading-title elementor-size-default\">Las tradiciones que hacen vibrar al municipio <\/h3>\t\t\t\t<\/div>\n\t\t\t\t\t<\/div>\n\t\t\t\t<\/div>\n\t\t<div data-particle_enable=\"false\" data-particle-mobile-disabled=\"false\" class=\"elementor-element elementor-element-b9bfbb2 e-flex e-con-boxed e-con e-parent\" data-id=\"b9bfbb2\" data-element_type=\"container\" data-e-type=\"container\">\n\t\t\t\t\t<div class=\"e-con-inner\">\n\t\t\t\t<div class=\"elementor-element elementor-element-a1cf982 elementor-widget elementor-widget-text-editor\" data-id=\"a1cf982\" data-element_type=\"widget\" data-e-type=\"widget\" data-widget_type=\"text-editor.default\">\n\t\t\t\t\t\t\t\t\t<p><a href=\"https:\/\/soymigrante.com\/revista\/departamentos-de-guatemala-san-marcos-tierra-de-las-cumbres-mas-altas\/\" target=\"_blank\" rel=\"noopener\">La Semana Santa en este lugar inicia con un evento muy particular y esperado<\/a>: el tradicional baile de los jud\u00edos. Desde el mi\u00e9rcoles por la tarde, los pobladores se preparan para disfrutar de esta representaci\u00f3n que, m\u00e1s all\u00e1 de su ra\u00edz religiosa, se ha convertido en una forma de distracci\u00f3n y convivencia.<\/p><p>Personas disfrazadas como personajes b\u00edblicos o con m\u00e1scaras creativas recorren las calles del municipio haciendo bromas, bailes y s\u00e1tiras.<\/p><p>El objetivo es arrancar sonrisas a grandes y peque\u00f1os, y marcar el inicio de una semana donde <a href=\"https:\/\/soymigrante.com\/revista\/departamentos-de-guatemala-san-marcos-tierra-de-las-cumbres-mas-altas\/\" target=\"_blank\" rel=\"noopener\">se entrelazan el respeto por la fe y la celebraci\u00f3n de las costumbres populares<\/a>.<\/p>\t\t\t\t\t\t\t\t<\/div>\n\t\t\t\t\t<\/div>\n\t\t\t\t<\/div>\n\t\t<div data-particle_enable=\"false\" data-particle-mobile-disabled=\"false\" class=\"elementor-element elementor-element-e61c4f2 e-flex e-con-boxed e-con e-parent\" data-id=\"e61c4f2\" data-element_type=\"container\" data-e-type=\"container\">\n\t\t\t\t\t<div class=\"e-con-inner\">\n\t\t\t\t<div class=\"elementor-element elementor-element-eb6d48d elementor-widget elementor-widget-image\" data-id=\"eb6d48d\" data-element_type=\"widget\" data-e-type=\"widget\" data-widget_type=\"image.default\">\n\t\t\t\t\t\t\t\t\t\t\t\t<figure class=\"wp-caption\">\n\t\t\t\t\t\t\t\t\t\t<img fetchpriority=\"high\" decoding=\"async\" width=\"768\" height=\"1024\" src=\"https:\/\/soymigrante.com\/revista\/wp-content\/uploads\/2025\/04\/Una-Semana-Santa-viva-y-con-tradicion-en-San-Rafael-Pie-de-la-Cuesta6-768x1024.jpeg\" class=\"attachment-large size-large wp-image-31713\" alt=\"Colores vivos, tapiz tradicional, s\u00edmbolos culturales, festividad mexicana, arte popular, celebraci\u00f3n tradicional mexicana, eventos culturales en la calle, artisans y comunidad local, festivales religiosos y culturales.\" srcset=\"https:\/\/soymigrante.com\/revista\/wp-content\/uploads\/2025\/04\/Una-Semana-Santa-viva-y-con-tradicion-en-San-Rafael-Pie-de-la-Cuesta6-768x1024.jpeg 768w, https:\/\/soymigrante.com\/revista\/wp-content\/uploads\/2025\/04\/Una-Semana-Santa-viva-y-con-tradicion-en-San-Rafael-Pie-de-la-Cuesta6-225x300.jpeg 225w, https:\/\/soymigrante.com\/revista\/wp-content\/uploads\/2025\/04\/Una-Semana-Santa-viva-y-con-tradicion-en-San-Rafael-Pie-de-la-Cuesta6-1152x1536.jpeg 1152w, https:\/\/soymigrante.com\/revista\/wp-content\/uploads\/2025\/04\/Una-Semana-Santa-viva-y-con-tradicion-en-San-Rafael-Pie-de-la-Cuesta6-750x1000.jpeg 750w, https:\/\/soymigrante.com\/revista\/wp-content\/uploads\/2025\/04\/Una-Semana-Santa-viva-y-con-tradicion-en-San-Rafael-Pie-de-la-Cuesta6-1140x1520.jpeg 1140w, https:\/\/soymigrante.com\/revista\/wp-content\/uploads\/2025\/04\/Una-Semana-Santa-viva-y-con-tradicion-en-San-Rafael-Pie-de-la-Cuesta6.webp 1200w\" sizes=\"(max-width: 768px) 100vw, 768px\" title=\"Una Semana Santa viva y con tradici\u00f3n en San Rafael Pie de la Cuesta6 \u2013 SoyMigrante.com REVISTA\" \/>\t\t\t\t\t\t\t\t\t\t\t<figcaption class=\"widget-image-caption wp-caption-text\">La Semana Santa en San Rafael Pie de la Cuesta es maravillosa. (Foto: Cortes\u00eda)<\/figcaption>\n\t\t\t\t\t\t\t\t\t\t<\/figure>\n\t\t\t\t\t\t\t\t\t<\/div>\n\t\t\t\t\t<\/div>\n\t\t\t\t<\/div>\n\t\t<div data-particle_enable=\"false\" data-particle-mobile-disabled=\"false\" class=\"elementor-element elementor-element-1df6e09 e-flex e-con-boxed e-con e-parent\" data-id=\"1df6e09\" data-element_type=\"container\" data-e-type=\"container\">\n\t\t\t\t\t<div class=\"e-con-inner\">\n\t\t\t\t<div class=\"elementor-element elementor-element-dd8a824 elementor-widget elementor-widget-heading\" data-id=\"dd8a824\" data-element_type=\"widget\" data-e-type=\"widget\" data-widget_type=\"heading.default\">\n\t\t\t\t\t<h3 class=\"elementor-heading-title elementor-size-default\">La devoci\u00f3n en cada casa <\/h3>\t\t\t\t<\/div>\n\t\t\t\t\t<\/div>\n\t\t\t\t<\/div>\n\t\t<div data-particle_enable=\"false\" data-particle-mobile-disabled=\"false\" class=\"elementor-element elementor-element-ce04cac e-flex e-con-boxed e-con e-parent\" data-id=\"ce04cac\" data-element_type=\"container\" data-e-type=\"container\">\n\t\t\t\t\t<div class=\"e-con-inner\">\n\t\t\t\t<div class=\"elementor-element elementor-element-31f63c4 elementor-widget elementor-widget-text-editor\" data-id=\"31f63c4\" data-element_type=\"widget\" data-e-type=\"widget\" data-widget_type=\"text-editor.default\">\n\t\t\t\t\t\t\t\t\t<p>El Jueves Santo es un d\u00eda cargado de simbolismo. Durante el d\u00eda, las comparsas de romanos recorren las principales calles del municipio. <a href=\"https:\/\/soymigrante.com\/revista\/departamentos-de-guatemala-san-marcos-tierra-de-las-cumbres-mas-altas\/\" target=\"_blank\" rel=\"noopener\">Hombres vestidos con armaduras, capas y cascos, evocan a los soldados del imperio romano, y representan la vigilancia y el arresto de Jes\u00fas.<\/a><\/p><p>Por la noche, la comunidad se re\u00fane en la iglesia principal para la misa de la Instituci\u00f3n de la Eucarist\u00eda, una ceremonia solemne que recuerda el momento en que Jes\u00fas comparti\u00f3 el pan y el vino con sus disc\u00edpulos. Posteriormente, se lleva a cabo la dramatizaci\u00f3n de la \u00daltima Cena, que culmina con la aprehensi\u00f3n simb\u00f3lica de Jes\u00fas, preparando el terreno para los momentos m\u00e1s intensos de la Pasi\u00f3n.<\/p>\t\t\t\t\t\t\t\t<\/div>\n\t\t\t\t\t<\/div>\n\t\t\t\t<\/div>\n\t\t<div data-particle_enable=\"false\" data-particle-mobile-disabled=\"false\" class=\"elementor-element elementor-element-4bd39ea e-flex e-con-boxed e-con e-parent\" data-id=\"4bd39ea\" data-element_type=\"container\" data-e-type=\"container\">\n\t\t\t\t\t<div class=\"e-con-inner\">\n\t\t\t\t<div class=\"elementor-element elementor-element-bfa20cb elementor-widget elementor-widget-video\" data-id=\"bfa20cb\" data-element_type=\"widget\" data-e-type=\"widget\" data-settings=\"{&quot;video_type&quot;:&quot;hosted&quot;,&quot;controls&quot;:&quot;yes&quot;}\" data-widget_type=\"video.default\">\n\t\t\t\t\t\t\t<div class=\"e-hosted-video elementor-wrapper elementor-open-inline\">\n\t\t\t\t\t<video class=\"elementor-video\" src=\"https:\/\/soymigrante.com\/revista\/wp-content\/uploads\/2025\/04\/Una-Semana-Santa-viva-y-con-tradicion-en-San-Rafael-Pie-de-la-Cuesta-VIDEO-1.mp4\" controls=\"\" preload=\"metadata\" controlsList=\"nodownload\"><\/video>\n\t\t\t\t<\/div>\n\t\t\t\t\t\t<\/div>\n\t\t\t\t\t<\/div>\n\t\t\t\t<\/div>\n\t\t<div data-particle_enable=\"false\" data-particle-mobile-disabled=\"false\" class=\"elementor-element elementor-element-e545060 e-flex e-con-boxed e-con e-parent\" data-id=\"e545060\" data-element_type=\"container\" data-e-type=\"container\">\n\t\t\t\t\t<div class=\"e-con-inner\">\n\t\t\t\t<div class=\"elementor-element elementor-element-5c477f1 elementor-widget elementor-widget-heading\" data-id=\"5c477f1\" data-element_type=\"widget\" data-e-type=\"widget\" data-widget_type=\"heading.default\">\n\t\t\t\t\t<h3 class=\"elementor-heading-title elementor-size-default\">Viernes Santo, el d\u00eda de guardar \n<\/h3>\t\t\t\t<\/div>\n\t\t\t\t\t<\/div>\n\t\t\t\t<\/div>\n\t\t<div data-particle_enable=\"false\" data-particle-mobile-disabled=\"false\" class=\"elementor-element elementor-element-91f7102 e-flex e-con-boxed e-con e-parent\" data-id=\"91f7102\" data-element_type=\"container\" data-e-type=\"container\">\n\t\t\t\t\t<div class=\"e-con-inner\">\n\t\t\t\t<div class=\"elementor-element elementor-element-0aa493c elementor-widget elementor-widget-text-editor\" data-id=\"0aa493c\" data-element_type=\"widget\" data-e-type=\"widget\" data-widget_type=\"text-editor.default\">\n\t\t\t\t\t\t\t\t\t<p>El Viernes Santo es el coraz\u00f3n de la Semana Santa rafaelense. <a href=\"https:\/\/soymigrante.com\/revista\/departamentos-de-guatemala-san-marcos-tierra-de-las-cumbres-mas-altas\/\" target=\"_blank\" rel=\"noopener\">Desde tempranas horas, se inicia el viacrucis por las calles del municipio<\/a>. La procesi\u00f3n, en la que participan centenares de personas, acompa\u00f1a a la imagen de Jes\u00fas cargando la cruz.<\/p><p>Cada estaci\u00f3n es detenidamente preparada, y los vecinos muestran su devoci\u00f3n mediante oraciones, cantos y l\u00e1grimas. Por la tarde, se realiza la representaci\u00f3n de la Pasi\u00f3n de Cristo, un acto que conmueve a todos los presentes.<\/p><p>Al finalizar la dramatizaci\u00f3n, da inicio la adoraci\u00f3n a la cruz, momento \u00edntimo y reflexivo donde los fieles se acercan a besar la cruz y recordar el sacrificio de Jes\u00fas.<\/p>\t\t\t\t\t\t\t\t<\/div>\n\t\t\t\t\t<\/div>\n\t\t\t\t<\/div>\n\t\t<div data-particle_enable=\"false\" data-particle-mobile-disabled=\"false\" class=\"elementor-element elementor-element-c4e2e62 e-flex e-con-boxed e-con e-parent\" data-id=\"c4e2e62\" data-element_type=\"container\" data-e-type=\"container\">\n\t\t\t\t\t<div class=\"e-con-inner\">\n\t\t\t\t<div class=\"elementor-element elementor-element-bcb3088 elementor-widget elementor-widget-video\" data-id=\"bcb3088\" data-element_type=\"widget\" data-e-type=\"widget\" data-settings=\"{&quot;video_type&quot;:&quot;hosted&quot;,&quot;controls&quot;:&quot;yes&quot;}\" data-widget_type=\"video.default\">\n\t\t\t\t\t\t\t<div class=\"e-hosted-video elementor-wrapper elementor-open-inline\">\n\t\t\t\t\t<video class=\"elementor-video\" src=\"https:\/\/soymigrante.com\/revista\/wp-content\/uploads\/2025\/04\/Una-Semana-Santa-viva-y-con-tradicion-en-San-Rafael-Pie-de-la-Cuesta-VIDEO2.mp4\" controls=\"\" preload=\"metadata\" controlsList=\"nodownload\"><\/video>\n\t\t\t\t<\/div>\n\t\t\t\t\t\t<\/div>\n\t\t\t\t\t<\/div>\n\t\t\t\t<\/div>\n\t\t<div data-particle_enable=\"false\" data-particle-mobile-disabled=\"false\" class=\"elementor-element elementor-element-51ed9ac e-flex e-con-boxed e-con e-parent\" data-id=\"51ed9ac\" data-element_type=\"container\" data-e-type=\"container\">\n\t\t\t\t\t<div class=\"e-con-inner\">\n\t\t\t\t<div class=\"elementor-element elementor-element-320e8be elementor-widget elementor-widget-heading\" data-id=\"320e8be\" data-element_type=\"widget\" data-e-type=\"widget\" data-widget_type=\"heading.default\">\n\t\t\t\t\t<h3 class=\"elementor-heading-title elementor-size-default\">La bendici\u00f3n del fuego y agua <\/h3>\t\t\t\t<\/div>\n\t\t\t\t\t<\/div>\n\t\t\t\t<\/div>\n\t\t<div data-particle_enable=\"false\" data-particle-mobile-disabled=\"false\" class=\"elementor-element elementor-element-d88e290 e-flex e-con-boxed e-con e-parent\" data-id=\"d88e290\" data-element_type=\"container\" data-e-type=\"container\">\n\t\t\t\t\t<div class=\"e-con-inner\">\n\t\t\t\t<div class=\"elementor-element elementor-element-7a3b79b elementor-widget elementor-widget-text-editor\" data-id=\"7a3b79b\" data-element_type=\"widget\" data-e-type=\"widget\" data-widget_type=\"text-editor.default\">\n\t\t\t\t\t\t\t\t\t<p>El S\u00e1bado de Gloria es otra jornada especial. La vigilia pascual re\u00fane a las familias al caer la noche. Uno de los momentos m\u00e1s significativos es la bendici\u00f3n del fuego nuevo, s\u00edmbolo de la luz de Cristo resucitado.<\/p><p><a href=\"https:\/\/soymigrante.com\/revista\/departamentos-de-guatemala-san-marcos-tierra-de-las-cumbres-mas-altas\/\" target=\"_blank\" rel=\"noopener\">Esta ceremonia se extiende por las principales calles, acompa\u00f1ada de velas, oraciones y un ambiente cargado de esperanza.<\/a> Es una noche para renovar la fe y la promesa de una vida nueva.<\/p>\t\t\t\t\t\t\t\t<\/div>\n\t\t\t\t\t<\/div>\n\t\t\t\t<\/div>\n\t\t<div data-particle_enable=\"false\" data-particle-mobile-disabled=\"false\" class=\"elementor-element elementor-element-dbf702d e-flex e-con-boxed e-con e-parent\" data-id=\"dbf702d\" data-element_type=\"container\" data-e-type=\"container\">\n\t\t\t\t\t<div class=\"e-con-inner\">\n\t\t\t\t<div class=\"elementor-element elementor-element-8a7a445 elementor-widget elementor-widget-heading\" data-id=\"8a7a445\" data-element_type=\"widget\" data-e-type=\"widget\" data-widget_type=\"heading.default\">\n\t\t\t\t\t<h3 class=\"elementor-heading-title elementor-size-default\">La fiesta de la Resurrecci\u00f3n <\/h3>\t\t\t\t<\/div>\n\t\t\t\t\t<\/div>\n\t\t\t\t<\/div>\n\t\t<div data-particle_enable=\"false\" data-particle-mobile-disabled=\"false\" class=\"elementor-element elementor-element-c456033 e-flex e-con-boxed e-con e-parent\" data-id=\"c456033\" data-element_type=\"container\" data-e-type=\"container\">\n\t\t\t\t\t<div class=\"e-con-inner\">\n\t\t\t\t<div class=\"elementor-element elementor-element-af6f8bc elementor-widget elementor-widget-text-editor\" data-id=\"af6f8bc\" data-element_type=\"widget\" data-e-type=\"widget\" data-widget_type=\"text-editor.default\">\n\t\t\t\t\t\t\t\t\t<p>El Domingo de Resurrecci\u00f3n, como en muchas comunidades cristianas, es una verdadera fiesta. <a href=\"https:\/\/soymigrante.com\/revista\/departamentos-de-guatemala-san-marcos-tierra-de-las-cumbres-mas-altas\/\" target=\"_blank\" rel=\"noopener\">Las campanas suenan con fuerza, los cantos resuenan en la iglesia y los rostros de los habitantes reflejan alegr\u00eda<\/a>. Es el d\u00eda en que Jes\u00fas vence a la muerte, y en San Rafael Pie de la Cuesta se celebra con todo el coraz\u00f3n.<\/p><p>Hay procesiones de resurrecci\u00f3n, celebraciones eucar\u00edsticas y actividades familiares. Muchos vecinos aprovechan el d\u00eda para compartir alimentos t\u00edpicos, salir a pasear luciendo sus mejores galas, y visitar a amigos y familiares.<\/p>\t\t\t\t\t\t\t\t<\/div>\n\t\t\t\t\t<\/div>\n\t\t\t\t<\/div>\n\t\t<div data-particle_enable=\"false\" data-particle-mobile-disabled=\"false\" class=\"elementor-element elementor-element-729b16b e-flex e-con-boxed e-con e-parent\" data-id=\"729b16b\" data-element_type=\"container\" data-e-type=\"container\">\n\t\t\t\t\t<div class=\"e-con-inner\">\n\t\t\t\t<div class=\"elementor-element elementor-element-968550b elementor-widget elementor-widget-image\" data-id=\"968550b\" data-element_type=\"widget\" data-e-type=\"widget\" data-widget_type=\"image.default\">\n\t\t\t\t\t\t\t\t\t\t\t\t<figure class=\"wp-caption\">\n\t\t\t\t\t\t\t\t\t\t<img decoding=\"async\" width=\"768\" height=\"1024\" src=\"https:\/\/soymigrante.com\/revista\/wp-content\/uploads\/2025\/04\/Una-Semana-Santa-viva-y-con-tradicion-en-San-Rafael-Pie-de-la-Cuesta9-768x1024.jpeg\" class=\"attachment-large size-large wp-image-31717\" alt=\"Arc\u00e1ngel con decoraci\u00f3n colorida de flores para festividad religiosa en M\u00e9xico.\" srcset=\"https:\/\/soymigrante.com\/revista\/wp-content\/uploads\/2025\/04\/Una-Semana-Santa-viva-y-con-tradicion-en-San-Rafael-Pie-de-la-Cuesta9-768x1024.jpeg 768w, https:\/\/soymigrante.com\/revista\/wp-content\/uploads\/2025\/04\/Una-Semana-Santa-viva-y-con-tradicion-en-San-Rafael-Pie-de-la-Cuesta9-225x300.jpeg 225w, https:\/\/soymigrante.com\/revista\/wp-content\/uploads\/2025\/04\/Una-Semana-Santa-viva-y-con-tradicion-en-San-Rafael-Pie-de-la-Cuesta9-1152x1536.jpeg 1152w, https:\/\/soymigrante.com\/revista\/wp-content\/uploads\/2025\/04\/Una-Semana-Santa-viva-y-con-tradicion-en-San-Rafael-Pie-de-la-Cuesta9-750x1000.jpeg 750w, https:\/\/soymigrante.com\/revista\/wp-content\/uploads\/2025\/04\/Una-Semana-Santa-viva-y-con-tradicion-en-San-Rafael-Pie-de-la-Cuesta9-1140x1520.jpeg 1140w, https:\/\/soymigrante.com\/revista\/wp-content\/uploads\/2025\/04\/Una-Semana-Santa-viva-y-con-tradicion-en-San-Rafael-Pie-de-la-Cuesta9.webp 1200w\" sizes=\"(max-width: 768px) 100vw, 768px\" title=\"Una Semana Santa viva y con tradici\u00f3n en San Rafael Pie de la Cuesta9 \u2013 SoyMigrante.com REVISTA\" \/>\t\t\t\t\t\t\t\t\t\t\t<figcaption class=\"widget-image-caption wp-caption-text\">Imagen de altar religioso con flores, pintura y tapiz en la calle, representando la cultura y tradiciones mexicanas en festividades relacionadas con la fe y la comunidad.<\/figcaption>\n\t\t\t\t\t\t\t\t\t\t<\/figure>\n\t\t\t\t\t\t\t\t\t<\/div>\n\t\t\t\t\t<\/div>\n\t\t\t\t<\/div>\n\t\t<div data-particle_enable=\"false\" data-particle-mobile-disabled=\"false\" class=\"elementor-element elementor-element-2d23ab3 e-flex e-con-boxed e-con e-parent\" data-id=\"2d23ab3\" data-element_type=\"container\" data-e-type=\"container\">\n\t\t\t\t\t<div class=\"e-con-inner\">\n\t\t\t\t<div class=\"elementor-element elementor-element-a91e747 elementor-widget elementor-widget-heading\" data-id=\"a91e747\" data-element_type=\"widget\" data-e-type=\"widget\" data-widget_type=\"heading.default\">\n\t\t\t\t\t<h3 class=\"elementor-heading-title elementor-size-default\">Entre colores y aserr\u00edn <\/h3>\t\t\t\t<\/div>\n\t\t\t\t\t<\/div>\n\t\t\t\t<\/div>\n\t\t<div data-particle_enable=\"false\" data-particle-mobile-disabled=\"false\" class=\"elementor-element elementor-element-a6964b4 e-flex e-con-boxed e-con e-parent\" data-id=\"a6964b4\" data-element_type=\"container\" data-e-type=\"container\">\n\t\t\t\t\t<div class=\"e-con-inner\">\n\t\t\t\t<div class=\"elementor-element elementor-element-abd6098 elementor-widget elementor-widget-text-editor\" data-id=\"abd6098\" data-element_type=\"widget\" data-e-type=\"widget\" data-widget_type=\"text-editor.default\">\n\t\t\t\t\t\t\t\t\t<p>Uno de los elementos que m\u00e1s resaltan durante esta semana es la elaboraci\u00f3n de alfombras de aserr\u00edn y flores. Estas obras de arte ef\u00edmero llenan las calles del municipio con colores, formas religiosas, mensajes de fe y cultura local.<\/p><p><a href=\"https:\/\/soymigrante.com\/revista\/departamentos-de-guatemala-san-marcos-tierra-de-las-cumbres-mas-altas\/\" target=\"_blank\" rel=\"noopener\">Familias completas trabajan desde la madrugada para crear estas maravillas que honran el paso de las procesiones.<\/a> Las alfombras en San Rafael Pie de la Cuesta no solo adornan, sino que narran una historia y muestran el compromiso de un pueblo con su herencia.<\/p><p>Adem\u00e1s de la religiosidad, la Semana Santa es un momento para fortalecer los lazos familiares. Las casas se llenan de visitas, se preparan platillos tradicionales como el pescado seco, torrejas y empanadas, y todos disfrutan de compartir la mesa. La convivencia, el respeto por las tradiciones y el sentido de comunidad son pilares de esta celebraci\u00f3n.<\/p>\t\t\t\t\t\t\t\t<\/div>\n\t\t\t\t\t<\/div>\n\t\t\t\t<\/div>\n\t\t<div data-particle_enable=\"false\" data-particle-mobile-disabled=\"false\" class=\"elementor-element elementor-element-f8ec986 e-flex e-con-boxed e-con e-parent\" data-id=\"f8ec986\" data-element_type=\"container\" data-e-type=\"container\">\n\t\t\t\t\t<div class=\"e-con-inner\">\n\t\t\t\t<div class=\"elementor-element elementor-element-918a94a elementor-widget elementor-widget-image\" data-id=\"918a94a\" data-element_type=\"widget\" data-e-type=\"widget\" data-widget_type=\"image.default\">\n\t\t\t\t\t\t\t\t\t\t\t\t<figure class=\"wp-caption\">\n\t\t\t\t\t\t\t\t\t\t<img decoding=\"async\" width=\"768\" height=\"1024\" src=\"https:\/\/soymigrante.com\/revista\/wp-content\/uploads\/2025\/04\/Una-Semana-Santa-viva-y-con-tradicion-en-San-Rafael-Pie-de-la-Cuesta2-768x1024.jpeg\" class=\"attachment-large size-large wp-image-31718\" alt=\"Decoraci\u00f3n de capilla para celebraci\u00f3n religiosa con flores blancas y amarillas, altar con cortinas plateadas y velas, ambiente para eventos culturales y migrantes en revista SoyMigrante.com REVISTA.\" srcset=\"https:\/\/soymigrante.com\/revista\/wp-content\/uploads\/2025\/04\/Una-Semana-Santa-viva-y-con-tradicion-en-San-Rafael-Pie-de-la-Cuesta2-768x1024.jpeg 768w, https:\/\/soymigrante.com\/revista\/wp-content\/uploads\/2025\/04\/Una-Semana-Santa-viva-y-con-tradicion-en-San-Rafael-Pie-de-la-Cuesta2-225x300.jpeg 225w, https:\/\/soymigrante.com\/revista\/wp-content\/uploads\/2025\/04\/Una-Semana-Santa-viva-y-con-tradicion-en-San-Rafael-Pie-de-la-Cuesta2-1152x1536.jpeg 1152w, https:\/\/soymigrante.com\/revista\/wp-content\/uploads\/2025\/04\/Una-Semana-Santa-viva-y-con-tradicion-en-San-Rafael-Pie-de-la-Cuesta2-750x1000.webp 750w, https:\/\/soymigrante.com\/revista\/wp-content\/uploads\/2025\/04\/Una-Semana-Santa-viva-y-con-tradicion-en-San-Rafael-Pie-de-la-Cuesta2-1140x1520.webp 1140w, https:\/\/soymigrante.com\/revista\/wp-content\/uploads\/2025\/04\/Una-Semana-Santa-viva-y-con-tradicion-en-San-Rafael-Pie-de-la-Cuesta2.webp 1200w\" sizes=\"(max-width: 768px) 100vw, 768px\" title=\"Una Semana Santa viva y con tradici\u00f3n en San Rafael Pie de la Cuesta2 \u2013 SoyMigrante.com REVISTA\" \/>\t\t\t\t\t\t\t\t\t\t\t<figcaption class=\"widget-image-caption wp-caption-text\">La iglesia de San Rafael Pie de la Cuesta tiene su iglesia, que es decorada especialmente por la Semana Santa. (Foto: Cortes\u00eda)<\/figcaption>\n\t\t\t\t\t\t\t\t\t\t<\/figure>\n\t\t\t\t\t\t\t\t\t<\/div>\n\t\t\t\t\t<\/div>\n\t\t\t\t<\/div>\n\t\t<div data-particle_enable=\"false\" data-particle-mobile-disabled=\"false\" class=\"elementor-element elementor-element-8c4eacf e-flex e-con-boxed e-con e-parent\" data-id=\"8c4eacf\" data-element_type=\"container\" data-e-type=\"container\">\n\t\t\t\t\t<div class=\"e-con-inner\">\n\t\t\t\t<div class=\"elementor-element elementor-element-785941b elementor-widget elementor-widget-heading\" data-id=\"785941b\" data-element_type=\"widget\" data-e-type=\"widget\" data-widget_type=\"heading.default\">\n\t\t\t\t\t<h3 class=\"elementor-heading-title elementor-size-default\">Amor a las tradiciones <\/h3>\t\t\t\t<\/div>\n\t\t\t\t\t<\/div>\n\t\t\t\t<\/div>\n\t\t<div data-particle_enable=\"false\" data-particle-mobile-disabled=\"false\" class=\"elementor-element elementor-element-0af4d69 e-flex e-con-boxed e-con e-parent\" data-id=\"0af4d69\" data-element_type=\"container\" data-e-type=\"container\">\n\t\t\t\t\t<div class=\"e-con-inner\">\n\t\t\t\t<div class=\"elementor-element elementor-element-e8b2514 elementor-widget elementor-widget-text-editor\" data-id=\"e8b2514\" data-element_type=\"widget\" data-e-type=\"widget\" data-widget_type=\"text-editor.default\">\n\t\t\t\t\t\t\t\t\t<p><a href=\"https:\/\/soymigrante.com\/revista\/departamentos-de-guatemala-san-marcos-tierra-de-las-cumbres-mas-altas\/\" target=\"_blank\" rel=\"noopener\">La Semana Santa en San Rafael Pie de la Cuesta es una experiencia que va m\u00e1s all\u00e1 de lo religioso.<\/a> Es la expresi\u00f3n viva de un pueblo que honra su fe con alegr\u00eda, arte y unidad. Quien tenga la oportunidad de vivirla, dif\u00edcilmente la olvidar\u00e1.<\/p>\t\t\t\t\t\t\t\t<\/div>\n\t\t\t\t\t<\/div>\n\t\t\t\t<\/div>\n\t\t<div data-particle_enable=\"false\" data-particle-mobile-disabled=\"false\" class=\"elementor-element elementor-element-33e6ec9 e-flex e-con-boxed e-con e-parent\" data-id=\"33e6ec9\" data-element_type=\"container\" data-e-type=\"container\">\n\t\t\t\t\t<div class=\"e-con-inner\">\n\t\t\t\t<div class=\"elementor-element elementor-element-3bd3ea2 elementor-widget elementor-widget-heading\" data-id=\"3bd3ea2\" data-element_type=\"widget\" data-e-type=\"widget\" data-widget_type=\"heading.default\">\n\t\t\t\t\t<h2 class=\"elementor-heading-title elementor-size-default\">Conoce m\u00e1s sobre las tradiciones de Guatemala, ac\u00e1...<\/h2>\t\t\t\t<\/div>\n\t\t\t\t\t<\/div>\n\t\t\t\t<\/div>\n\t\t<div data-particle_enable=\"false\" data-particle-mobile-disabled=\"false\" class=\"elementor-element elementor-element-cca89b5 e-flex e-con-boxed e-con e-parent\" data-id=\"cca89b5\" data-element_type=\"container\" data-e-type=\"container\">\n\t\t\t\t\t<div class=\"e-con-inner\">\n\t\t\t\t<div class=\"elementor-element elementor-element-365e51c elementor-grid-eael-col-3 elementor-grid-tablet-eael-col-2 elementor-grid-mobile-eael-col-1 elementor-widget elementor-widget-eael-post-grid\" data-id=\"365e51c\" data-element_type=\"widget\" data-e-type=\"widget\" data-settings=\"{&quot;eael_post_grid_columns&quot;:&quot;eael-col-3&quot;,&quot;eael_post_grid_columns_tablet&quot;:&quot;eael-col-2&quot;,&quot;eael_post_grid_columns_mobile&quot;:&quot;eael-col-1&quot;}\" data-widget_type=\"eael-post-grid.default\">\n\t\t\t\t\t<div id=\"eael-post-grid-365e51c\" class=\"eael-post-grid-container\">\n            <div class=\"eael-post-grid eael-post-appender eael-post-appender-365e51c eael-post-grid-style-one\" data-layout-mode=\"masonry\"><article class=\"eael-grid-post  eael-post-grid-column eael-pg-post-2390 category-guate-nuestra tags-danzas-de-guatemala\" data-id=\"2390\">\n        <div class=\"eael-grid-post-holder\">\n            <div class=\"eael-grid-post-holder-inner\"><div class=\"eael-entry-media\"><div class=\"eael-entry-overlay fade-in\"><i class=\"far fa-hand-pointer\" aria-hidden=\"true\"><\/i><a href=\"https:\/\/soymigrante.com\/revista\/guatemala-danza-el-baile-de-la-paach-de-san-marcos-es-patrimonio-de-la-humanidad\/\"><\/a><\/div><div class=\"eael-entry-thumbnail \">\n                <img loading=\"lazy\" decoding=\"async\" width=\"1000\" height=\"636\" src=\"https:\/\/soymigrante.com\/revista\/wp-content\/uploads\/2023\/09\/03672-HUG.webp\" class=\"attachment-large size-large wp-image-2424\" alt=\"La percusi\u00f3n del tambor abre paso al recorrido de los ancianos, padrinos y comunidad, en camino a la Casa de la Paazh (Fotograf\u00eda Archivo FLAAR-Unesco)\" srcset=\"https:\/\/soymigrante.com\/revista\/wp-content\/uploads\/2023\/09\/03672-HUG.webp 1000w, https:\/\/soymigrante.com\/revista\/wp-content\/uploads\/2023\/09\/03672-HUG-300x191.webp 300w, https:\/\/soymigrante.com\/revista\/wp-content\/uploads\/2023\/09\/03672-HUG-768x488.webp 768w, https:\/\/soymigrante.com\/revista\/wp-content\/uploads\/2023\/09\/03672-HUG-750x477.webp 750w\" sizes=\"(max-width: 1000px) 100vw, 1000px\" \/>\n            <\/div>\n        <\/div><div class=\"eael-entry-wrapper\"><header class=\"eael-entry-header\"><h2 class=\"eael-entry-title\"><a class=\"eael-grid-post-link\" href=\"https:\/\/soymigrante.com\/revista\/guatemala-danza-el-baile-de-la-paach-de-san-marcos-es-patrimonio-de-la-humanidad\/\" title=\"Danzas de Guatemala: El baile de La Paach, de San Marcos es Patrimonio de la Humanidad\">Danzas de Guatemala: El baile de La Paach, de San Marcos es Patrimonio de la Humanidad<\/a><\/h2><\/header><div class=\"eael-entry-content\">\n                        <div class=\"eael-grid-post-excerpt\"><a href=\"https:\/\/soymigrante.com\/revista\/guatemala-danza-el-baile-de-la-paach-de-san-marcos-es-patrimonio-de-la-humanidad\/\" class=\"eael-post-elements-readmore-btn\">CONOCE SU HISTORIA <\/a><\/div>\n                    <\/div><\/div><\/div>\n        <\/div>\n    <\/article><article class=\"eael-grid-post  eael-post-grid-column eael-pg-post-26550 category-guate-nuestra\" data-id=\"26550\">\n        <div class=\"eael-grid-post-holder\">\n            <div class=\"eael-grid-post-holder-inner\"><div class=\"eael-entry-media\"><div class=\"eael-entry-overlay fade-in\"><i class=\"far fa-hand-pointer\" aria-hidden=\"true\"><\/i><a href=\"https:\/\/soymigrante.com\/revista\/la-catarata-mas-alta-de-guatemala-y-de-toda-c-a-esta-en-san-marcos-como-se-llama\/\"><\/a><\/div><div class=\"eael-entry-thumbnail \">\n                <img loading=\"lazy\" decoding=\"async\" width=\"1024\" height=\"576\" src=\"https:\/\/soymigrante.com\/revista\/wp-content\/uploads\/2025\/02\/Cataratas-La-Igualdad--1024x576.jpeg\" class=\"attachment-large size-large wp-image-26551\" alt=\"Cascada en un entorno natural, rodeada de vegetaci\u00f3n exuberante y paredes rocosas, ideal para deportes de aventura y turismo ecol\u00f3gico.\" srcset=\"https:\/\/soymigrante.com\/revista\/wp-content\/uploads\/2025\/02\/Cataratas-La-Igualdad--1024x576.jpeg 1024w, https:\/\/soymigrante.com\/revista\/wp-content\/uploads\/2025\/02\/Cataratas-La-Igualdad--300x169.jpeg 300w, https:\/\/soymigrante.com\/revista\/wp-content\/uploads\/2025\/02\/Cataratas-La-Igualdad--768x432.jpeg 768w, https:\/\/soymigrante.com\/revista\/wp-content\/uploads\/2025\/02\/Cataratas-La-Igualdad--1536x864.jpeg 1536w, https:\/\/soymigrante.com\/revista\/wp-content\/uploads\/2025\/02\/Cataratas-La-Igualdad--2048x1152.jpeg 2048w, https:\/\/soymigrante.com\/revista\/wp-content\/uploads\/2025\/02\/Cataratas-La-Igualdad--750x422.webp 750w, https:\/\/soymigrante.com\/revista\/wp-content\/uploads\/2025\/02\/Cataratas-La-Igualdad--1140x641.webp 1140w, https:\/\/soymigrante.com\/revista\/wp-content\/uploads\/2025\/02\/Cataratas-La-Igualdad-.webp 1920w\" sizes=\"(max-width: 1024px) 100vw, 1024px\" \/>\n            <\/div>\n        <\/div><div class=\"eael-entry-wrapper\"><header class=\"eael-entry-header\"><h2 class=\"eael-entry-title\"><a class=\"eael-grid-post-link\" href=\"https:\/\/soymigrante.com\/revista\/la-catarata-mas-alta-de-guatemala-y-de-toda-c-a-esta-en-san-marcos-como-se-llama\/\" title=\"La catarata m\u00e1s alta de Guatemala y de toda C.A. est\u00e1 en San Marcos \u00bfC\u00f3mo se llama?\">La catarata m\u00e1s alta de Guatemala y de toda C.A. est\u00e1 en San Marcos \u00bfC\u00f3mo se llama?<\/a><\/h2><\/header><div class=\"eael-entry-content\">\n                        <div class=\"eael-grid-post-excerpt\"><a href=\"https:\/\/soymigrante.com\/revista\/la-catarata-mas-alta-de-guatemala-y-de-toda-c-a-esta-en-san-marcos-como-se-llama\/\" class=\"eael-post-elements-readmore-btn\">CONOCE SU HISTORIA <\/a><\/div>\n                    <\/div><\/div><\/div>\n        <\/div>\n    <\/article><article class=\"eael-grid-post  eael-post-grid-column eael-pg-post-26169 category-guate-nuestra tags-departamentos-de-guatemala\" data-id=\"26169\">\n        <div class=\"eael-grid-post-holder\">\n            <div class=\"eael-grid-post-holder-inner\"><div class=\"eael-entry-media\"><div class=\"eael-entry-overlay fade-in\"><i class=\"far fa-hand-pointer\" aria-hidden=\"true\"><\/i><a href=\"https:\/\/soymigrante.com\/revista\/departamentos-de-guatemala-san-marcos-tierra-de-las-cumbres-mas-altas\/\"><\/a><\/div><div class=\"eael-entry-thumbnail \">\n                <img loading=\"lazy\" decoding=\"async\" width=\"1024\" height=\"645\" src=\"https:\/\/soymigrante.com\/revista\/wp-content\/uploads\/2025\/02\/San-Marcos-1-1024x645.jpeg\" class=\"attachment-large size-large wp-image-26170\" alt=\"Edificio hist\u00f3rico en la Ciudad de M\u00e9xico, ejemplo de arquitectura colonial espa\u00f1ola con detalles ornamentales y fachada imponente.\" \/>\n            <\/div>\n        <\/div><div class=\"eael-entry-wrapper\"><header class=\"eael-entry-header\"><h2 class=\"eael-entry-title\"><a class=\"eael-grid-post-link\" href=\"https:\/\/soymigrante.com\/revista\/departamentos-de-guatemala-san-marcos-tierra-de-las-cumbres-mas-altas\/\" title=\"Departamentos de Guatemala: San Marcos, tierra de las cumbres m\u00e1s altas\">Departamentos de Guatemala: San Marcos, tierra de las cumbres m\u00e1s altas<\/a><\/h2><\/header><div class=\"eael-entry-content\">\n                        <div class=\"eael-grid-post-excerpt\"><a href=\"https:\/\/soymigrante.com\/revista\/departamentos-de-guatemala-san-marcos-tierra-de-las-cumbres-mas-altas\/\" class=\"eael-post-elements-readmore-btn\">CONOCE SU HISTORIA <\/a><\/div>\n                    <\/div><\/div><\/div>\n        <\/div>\n    <\/article><\/div>\n            <div class=\"clearfix\"><\/div>\n        <\/div>\t\t\t\t<\/div>\n\t\t\t\t\t<\/div>\n\t\t\t\t<\/div>\n\t\t\t\t<\/div>\n\t\t","protected":false},"excerpt":{"rendered":"<p>Entre alfombras, dramatizaciones religiosas, danzas tradicionales y el fervor de un pueblo entero, San Rafael Pie de la Cuesta vive una Semana Santa con una mezcla de fe, cultura y alegr\u00eda. San Rafael Pie de la Cuesta, ubicado en el departamento de San Marcos, se convierte cada a\u00f1o en un escenario de fe y tradici\u00f3n [&hellip;]<\/p>\n","protected":false},"author":19,"featured_media":31711,"comment_status":"open","ping_status":"open","sticky":false,"template":"","format":"standard","meta":{"_acf_changed":false,"_eb_attr":"","footnotes":""},"categories":[58],"tags":[],"class_list":["post-31710","post","type-post","status-publish","format-standard","has-post-thumbnail","hentry","category-guate-nuestra"],"acf":[],"aioseo_notices":[],"aioseo_head":"\n\t\t<!-- All in One SEO Pro 4.9.6.2 - aioseo.com -->\n\t<meta name=\"description\" content=\"San Marcos es uno de los 22 departamentos de Guatemala, es conocido por tener lugares fr\u00edos y c\u00e1lidos en poca distancia.\" \/>\n\t<meta name=\"robots\" content=\"max-snippet:-1, max-image-preview:large, max-video-preview:-1\" \/>\n\t<meta name=\"author\" content=\"Marysabel Aldana\"\/>\n\t<link rel=\"canonical\" href=\"https:\/\/soymigrante.com\/revista\/departamentos-de-guatemala-san-marcos-tierra-de-las-cumbres-mas-altas\/\" \/>\n\t<meta name=\"generator\" content=\"All in One SEO Pro (AIOSEO) 4.9.6.2\" \/>\n\n\t\t<link rel=\"preconnect\" href=\"https:\/\/fonts.googleapis.com\" crossorigin>\n<link rel=\"preconnect\" href=\"https:\/\/fonts.gstatic.com\" crossorigin>\n\t\t<meta property=\"og:locale\" content=\"es_ES\" \/>\n\t\t<meta property=\"og:site_name\" content=\"SoyMigrante.com REVISTA \u2013 Nuestra misi\u00f3n es reconocer y dignificar al migrante.\" \/>\n\t\t<meta property=\"og:type\" content=\"article\" \/>\n\t\t<meta property=\"og:title\" content=\"Departamentos de Guatemala: San Marcos, tierra de las cumbres m\u00e1s altas\" \/>\n\t\t<meta property=\"og:description\" content=\"San Marcos es uno de los 22 departamentos de Guatemala, es conocido por tener lugares fr\u00edos y c\u00e1lidos en poca distancia.\" \/>\n\t\t<meta property=\"og:url\" content=\"https:\/\/soymigrante.com\/revista\/departamentos-de-guatemala-san-marcos-tierra-de-las-cumbres-mas-altas\/\" \/>\n\t\t<meta property=\"og:image\" content=\"https:\/\/soymigrante.com\/revista\/wp-content\/uploads\/2025\/02\/San-Marcos-1-e1740366339288.webp\" \/>\n\t\t<meta property=\"og:image:secure_url\" content=\"https:\/\/soymigrante.com\/revista\/wp-content\/uploads\/2025\/02\/San-Marcos-1-e1740366339288.webp\" \/>\n\t\t<meta property=\"og:image:width\" content=\"806\" \/>\n\t\t<meta property=\"og:image:height\" content=\"804\" \/>\n\t\t<meta property=\"article:published_time\" content=\"2025-02-24T11:00:00+00:00\" \/>\n\t\t<meta property=\"article:modified_time\" content=\"2025-03-04T18:20:09+00:00\" \/>\n\t\t<meta property=\"article:publisher\" content=\"https:\/\/www.facebook.com\/soymigrantecom\" \/>\n\t\t<meta name=\"twitter:card\" content=\"summary_large_image\" \/>\n\t\t<meta name=\"twitter:site\" content=\"@SoyMigrante_com\" \/>\n\t\t<meta name=\"twitter:title\" content=\"Departamentos de Guatemala: San Marcos, tierra de las cumbres m\u00e1s altas\" \/>\n\t\t<meta name=\"twitter:description\" content=\"San Marcos es uno de los 22 departamentos de Guatemala, es conocido por tener lugares fr\u00edos y c\u00e1lidos en poca distancia.\" \/>\n\t\t<meta name=\"twitter:creator\" content=\"@SoyMigrante_com\" \/>\n\t\t<meta name=\"twitter:image\" content=\"https:\/\/soymigrante.com\/revista\/wp-content\/uploads\/2025\/02\/San-Marcos-1-e1740366339288.webp\" \/>\n\t\t<!-- All in One SEO Pro -->\r\n\t\t<title>Departamentos de Guatemala: San Marcos, tierra de las cumbres m\u00e1s altas<\/title>\n\n","aioseo_head_json":{"title":"Departamentos de Guatemala: San Marcos, tierra de las cumbres m\u00e1s altas","description":"San Marcos es uno de los 22 departamentos de Guatemala, es conocido por tener lugares fr\u00edos y c\u00e1lidos en poca distancia.","canonical_url":"https:\/\/soymigrante.com\/revista\/departamentos-de-guatemala-san-marcos-tierra-de-las-cumbres-mas-altas\/","robots":"max-snippet:-1, max-image-preview:large, max-video-preview:-1","keywords":"","webmasterTools":{"miscellaneous":"&lt;link rel=\"preconnect\" href=\"https:\/\/fonts.googleapis.com\" crossorigin&gt;\n&lt;link rel=\"preconnect\" href=\"https:\/\/fonts.gstatic.com\" crossorigin&gt;"},"schema":null,"og:locale":"es_ES","og:site_name":"SoyMigrante.com REVISTA \u2013 Nuestra misi\u00f3n es reconocer y dignificar al migrante.","og:type":"article","og:title":"Departamentos de Guatemala: San Marcos, tierra de las cumbres m\u00e1s altas","og:description":"San Marcos es uno de los 22 departamentos de Guatemala, es conocido por tener lugares fr\u00edos y c\u00e1lidos en poca distancia.","og:url":"https:\/\/soymigrante.com\/revista\/departamentos-de-guatemala-san-marcos-tierra-de-las-cumbres-mas-altas\/","og:image":"https:\/\/soymigrante.com\/revista\/wp-content\/uploads\/2025\/02\/San-Marcos-1-e1740366339288.webp","og:image:secure_url":"https:\/\/soymigrante.com\/revista\/wp-content\/uploads\/2025\/02\/San-Marcos-1-e1740366339288.webp","og:image:width":806,"og:image:height":804,"article:published_time":"2025-02-24T11:00:00+00:00","article:modified_time":"2025-03-04T18:20:09+00:00","article:publisher":"https:\/\/www.facebook.com\/soymigrantecom","twitter:card":"summary_large_image","twitter:site":"@SoyMigrante_com","twitter:title":"Departamentos de Guatemala: San Marcos, tierra de las cumbres m\u00e1s altas","twitter:description":"San Marcos es uno de los 22 departamentos de Guatemala, es conocido por tener lugares fr\u00edos y c\u00e1lidos en poca distancia.","twitter:creator":"@SoyMigrante_com","twitter:image":"https:\/\/soymigrante.com\/revista\/wp-content\/uploads\/2025\/02\/San-Marcos-1-e1740366339288.webp"},"aioseo_meta_data":{"post_id":"31710","title":null,"description":"Entre alfombras, pasi\u00f3n de Cristo en vivo, danzas tradicionales y el fervor de un pueblo entero, San Rafael Pie de la Cuesta, San Marcos vivi\u00f3 la Semana Santa 2025.","keywords":null,"keyphrases":{"focus":{"keyphrase":"Semana Santa","score":91,"analysis":{"keyphraseInTitle":{"score":9,"maxScore":9,"error":0},"keyphraseInDescription":{"score":9,"maxScore":9,"error":0},"keyphraseLength":{"score":9,"maxScore":9,"error":0,"length":2},"keyphraseInURL":{"score":5,"maxScore":5,"error":0},"keyphraseInIntroduction":{"score":9,"maxScore":9,"error":0},"keyphraseInSubHeadings":{"score":3,"maxScore":9,"error":1},"keyphraseInImageAlt":{"score":9,"maxScore":9,"error":0},"keywordDensity":{"type":"best","score":9,"maxScore":9,"error":0}}},"additional":[{"keyphrase":"Semana Santa","score":100,"analysis":{"keyphraseInDescription":{"score":9,"maxScore":9,"error":0},"keyphraseLength":{"score":9,"maxScore":9,"error":0,"length":2},"keyphraseInIntroduction":{"score":9,"maxScore":9,"error":0},"keyphraseInImageAlt":{"score":9,"maxScore":9,"error":0},"keywordDensity":{"type":"best","score":9,"maxScore":9,"error":0}}},{"keyphrase":"San Rafael Pie de la Cuesta","score":93,"analysis":{"keyphraseInDescription":{"score":9,"maxScore":9,"error":0},"keyphraseLength":{"score":6,"maxScore":9,"error":1,"length":6},"keyphraseInIntroduction":{"score":9,"maxScore":9,"error":0},"keyphraseInImageAlt":{"score":9,"maxScore":9,"error":0},"keywordDensity":{"type":"best","score":9,"maxScore":9,"error":0}}}]},"primary_term":null,"canonical_url":null,"og_title":null,"og_description":null,"og_object_type":"default","og_image_type":"default","og_image_url":null,"og_image_width":null,"og_image_height":null,"og_image_custom_url":null,"og_image_custom_fields":null,"og_video":"","og_custom_url":null,"og_article_section":null,"og_article_tags":null,"twitter_use_og":false,"twitter_card":"default","twitter_image_type":"default","twitter_image_url":null,"twitter_image_custom_url":null,"twitter_image_custom_fields":null,"twitter_title":null,"twitter_description":null,"schema":{"blockGraphs":[],"customGraphs":[],"default":{"data":{"Article":[],"Course":[],"Dataset":[],"FAQPage":[],"Movie":[],"Person":[],"Product":[],"ProductReview":[],"Car":[],"Recipe":[],"Service":[],"SoftwareApplication":[],"WebPage":[]},"graphName":"none","isEnabled":true},"graphs":[]},"schema_type":"default","schema_type_options":null,"pillar_content":false,"robots_default":true,"robots_noindex":false,"robots_noarchive":false,"robots_nosnippet":false,"robots_nofollow":false,"robots_noimageindex":false,"robots_noodp":false,"robots_notranslate":false,"robots_max_snippet":"-1","robots_max_videopreview":"-1","robots_max_imagepreview":"large","priority":null,"frequency":"default","local_seo":null,"seo_analyzer_scan_date":"2025-10-09 04:34:23","breadcrumb_settings":null,"limit_modified_date":false,"reviewed_by":null,"open_ai":"{\"title\":{\"suggestions\":[],\"usage\":0},\"description\":{\"suggestions\":[],\"usage\":0}}","ai":null,"created":"2025-04-23 15:45:59","updated":"2026-02-04 23:17:04"},"aioseo_breadcrumb":"<div class=\"aioseo-breadcrumbs\"><span class=\"aioseo-breadcrumb\">\n\t<a href=\"https:\/\/soymigrante.com\/revista\" title=\"Home\">Home<\/a>\n<\/span><span class=\"aioseo-breadcrumb-separator\">\u00bb<\/span><span class=\"aioseo-breadcrumb\">\n\t<a href=\"https:\/\/soymigrante.com\/revista\/category\/guate-nuestra\/\" title=\"Guate Nuestra\">Guate Nuestra<\/a>\n<\/span><span class=\"aioseo-breadcrumb-separator\">\u00bb<\/span><span class=\"aioseo-breadcrumb\">\n\tUna Semana Santa memorable en San Rafael Pie de la Cuesta, San Marcos\n<\/span><\/div>","aioseo_breadcrumb_json":[{"label":"Home","link":"https:\/\/soymigrante.com\/revista"},{"label":"Guate Nuestra","link":"https:\/\/soymigrante.com\/revista\/category\/guate-nuestra\/"},{"label":"Una Semana Santa memorable en San Rafael Pie de la Cuesta, San Marcos","link":"https:\/\/soymigrante.com\/revista\/una-semana-santa-memorable-en-san-rafael-pie-de-la-cuesta-san-marcos\/"}],"_links":{"self":[{"href":"https:\/\/soymigrante.com\/revista\/wp-json\/wp\/v2\/posts\/31710","targetHints":{"allow":["GET"]}}],"collection":[{"href":"https:\/\/soymigrante.com\/revista\/wp-json\/wp\/v2\/posts"}],"about":[{"href":"https:\/\/soymigrante.com\/revista\/wp-json\/wp\/v2\/types\/post"}],"author":[{"embeddable":true,"href":"https:\/\/soymigrante.com\/revista\/wp-json\/wp\/v2\/users\/19"}],"replies":[{"embeddable":true,"href":"https:\/\/soymigrante.com\/revista\/wp-json\/wp\/v2\/comments?post=31710"}],"version-history":[{"count":15,"href":"https:\/\/soymigrante.com\/revista\/wp-json\/wp\/v2\/posts\/31710\/revisions"}],"predecessor-version":[{"id":31787,"href":"https:\/\/soymigrante.com\/revista\/wp-json\/wp\/v2\/posts\/31710\/revisions\/31787"}],"wp:featuredmedia":[{"embeddable":true,"href":"https:\/\/soymigrante.com\/revista\/wp-json\/wp\/v2\/media\/31711"}],"wp:attachment":[{"href":"https:\/\/soymigrante.com\/revista\/wp-json\/wp\/v2\/media?parent=31710"}],"wp:term":[{"taxonomy":"category","embeddable":true,"href":"https:\/\/soymigrante.com\/revista\/wp-json\/wp\/v2\/categories?post=31710"},{"taxonomy":"post_tag","embeddable":true,"href":"https:\/\/soymigrante.com\/revista\/wp-json\/wp\/v2\/tags?post=31710"}],"curies":[{"name":"wp","href":"https:\/\/api.w.org\/{rel}","templated":true}]}}