{"id":31671,"date":"2025-04-23T05:07:00","date_gmt":"2025-04-23T11:07:00","guid":{"rendered":"https:\/\/soymigrante.com\/revista\/?p=31671"},"modified":"2025-04-22T21:09:52","modified_gmt":"2025-04-23T03:09:52","slug":"estudiante-guatemalteca-darlin-cano-compartio-claves-de-exito-universitario-en-ucla","status":"publish","type":"post","link":"https:\/\/soymigrante.com\/revista\/estudiante-guatemalteca-darlin-cano-compartio-claves-de-exito-universitario-en-ucla\/","title":{"rendered":"Estudiante guatemalteca Darlin Cano comparti\u00f3 claves de \u00e9xito universitario en UCLA"},"content":{"rendered":"\t\t<div data-elementor-type=\"wp-post\" data-elementor-id=\"31671\" class=\"elementor elementor-31671\" data-elementor-post-type=\"post\">\n\t\t\t\t<div data-particle_enable=\"false\" data-particle-mobile-disabled=\"false\" class=\"elementor-element elementor-element-d96f7be e-flex e-con-boxed e-con e-parent\" data-id=\"d96f7be\" data-element_type=\"container\" data-e-type=\"container\">\n\t\t\t\t\t<div class=\"e-con-inner\">\n\t\t\t\t<div class=\"elementor-element elementor-element-8356b98 elementor-widget elementor-widget-heading\" data-id=\"8356b98\" data-element_type=\"widget\" data-e-type=\"widget\" data-widget_type=\"heading.default\">\n\t\t\t\t\t<h2 class=\"elementor-heading-title elementor-size-default\">Darlin Cano es una chica de Guatemala que ha buscado sobresalir  en la vida, uno de los grandes logros es conseguir estudiar en la Universidad de California. \n<\/h2>\t\t\t\t<\/div>\n\t\t\t\t\t<\/div>\n\t\t\t\t<\/div>\n\t\t<div data-particle_enable=\"false\" data-particle-mobile-disabled=\"false\" class=\"elementor-element elementor-element-f42f462 e-flex e-con-boxed e-con e-parent\" data-id=\"f42f462\" data-element_type=\"container\" data-e-type=\"container\">\n\t\t\t\t\t<div class=\"e-con-inner\">\n\t\t\t\t<div class=\"elementor-element elementor-element-04efd5d elementor-widget elementor-widget-text-editor\" data-id=\"04efd5d\" data-element_type=\"widget\" data-e-type=\"widget\" data-widget_type=\"text-editor.default\">\n\t\t\t\t\t\t\t\t\t<p>Darlin Cano, una joven guatemalteca, ha trazado un camino inspirador desde su llegada a California hasta su actual aspiraci\u00f3n de transferirse a la Universidad de California, Los \u00c1ngeles (UCLA).<\/p><p><a href=\"https:\/\/soymigrante.com\/revista\/ninos-migrantes-en-escuelas-de-usa-desafios-y-claves\/\" target=\"_blank\" rel=\"noopener\">Su historia refleja los desaf\u00edos y triunfos de muchos estudiantes de primera generaci\u00f3n<\/a> que buscan una educaci\u00f3n superior en Estados Unidos.<\/p>\t\t\t\t\t\t\t\t<\/div>\n\t\t\t\t\t<\/div>\n\t\t\t\t<\/div>\n\t\t<div data-particle_enable=\"false\" data-particle-mobile-disabled=\"false\" class=\"elementor-element elementor-element-1a24e0e e-flex e-con-boxed e-con e-parent\" data-id=\"1a24e0e\" data-element_type=\"container\" data-e-type=\"container\">\n\t\t\t\t\t<div class=\"e-con-inner\">\n\t\t\t\t<div class=\"elementor-element elementor-element-7c7a5f4 elementor-widget elementor-widget-heading\" data-id=\"7c7a5f4\" data-element_type=\"widget\" data-e-type=\"widget\" data-widget_type=\"heading.default\">\n\t\t\t\t\t<h3 class=\"elementor-heading-title elementor-size-default\">Un inicio lleno de desaf\u00edos<\/h3>\t\t\t\t<\/div>\n\t\t\t\t\t<\/div>\n\t\t\t\t<\/div>\n\t\t<div data-particle_enable=\"false\" data-particle-mobile-disabled=\"false\" class=\"elementor-element elementor-element-9b2e166 e-flex e-con-boxed e-con e-parent\" data-id=\"9b2e166\" data-element_type=\"container\" data-e-type=\"container\">\n\t\t\t\t\t<div class=\"e-con-inner\">\n\t\t\t\t<div class=\"elementor-element elementor-element-d8b1244 elementor-widget elementor-widget-text-editor\" data-id=\"d8b1244\" data-element_type=\"widget\" data-e-type=\"widget\" data-widget_type=\"text-editor.default\">\n\t\t\t\t\t\t\t\t\t<p>Al mudarse desde Guatemala durante su adolescencia, Darlin enfrent\u00f3 las dificultades t\u00edpicas de adaptarse a un nuevo entorno cultural y educativo.<\/p><p>Al comenzar sus estudios en El Camino College (ECC), se encontr\u00f3 con un sistema acad\u00e9mico desconocido y complejo.<\/p><p><a href=\"https:\/\/soymigrante.com\/revista\/ninos-migrantes-en-escuelas-de-usa-desafios-y-claves\/\" target=\"_blank\" rel=\"noopener\">Como estudiante de primera generaci\u00f3n, no contaba con la orientaci\u00f3n familiar necesaria<\/a> para navegar por el proceso universitario, lo que le gener\u00f3 incertidumbre y ansiedad.<\/p>\t\t\t\t\t\t\t\t<\/div>\n\t\t\t\t\t<\/div>\n\t\t\t\t<\/div>\n\t\t<div data-particle_enable=\"false\" data-particle-mobile-disabled=\"false\" class=\"elementor-element elementor-element-7ea8a89 e-flex e-con-boxed e-con e-parent\" data-id=\"7ea8a89\" data-element_type=\"container\" data-e-type=\"container\">\n\t\t\t\t\t<div class=\"e-con-inner\">\n\t\t\t\t<div class=\"elementor-element elementor-element-e61506c elementor-widget elementor-widget-heading\" data-id=\"e61506c\" data-element_type=\"widget\" data-e-type=\"widget\" data-widget_type=\"heading.default\">\n\t\t\t\t\t<h3 class=\"elementor-heading-title elementor-size-default\">El apoyo que marc\u00f3 la diferencia<\/h3>\t\t\t\t<\/div>\n\t\t\t\t\t<\/div>\n\t\t\t\t<\/div>\n\t\t<div data-particle_enable=\"false\" data-particle-mobile-disabled=\"false\" class=\"elementor-element elementor-element-264800b e-flex e-con-boxed e-con e-parent\" data-id=\"264800b\" data-element_type=\"container\" data-e-type=\"container\">\n\t\t\t\t\t<div class=\"e-con-inner\">\n\t\t\t\t<div class=\"elementor-element elementor-element-344c2d7 elementor-widget elementor-widget-text-editor\" data-id=\"344c2d7\" data-element_type=\"widget\" data-e-type=\"widget\" data-widget_type=\"text-editor.default\">\n\t\t\t\t\t\t\t\t\t<p>En su segundo semestre en ECC, Darlin <a href=\"https:\/\/soymigrante.com\/revista\/ninos-migrantes-en-escuelas-de-usa-desafios-y-claves\/\" target=\"_blank\" rel=\"noopener\">logr\u00f3 conectarse con profesores y consejeros que le brindaron el apoyo y la orientaci\u00f3n necesarios.<\/a> Este acompa\u00f1amiento fue crucial para que ella pudiera aprovechar al m\u00e1ximo los recursos que la instituci\u00f3n ofrec\u00eda.<\/p><p>Gracias a este respaldo, Darlin se integr\u00f3 al programa de honores de ECC, un logro significativo que refleja su dedicaci\u00f3n y esfuerzo.<\/p>\t\t\t\t\t\t\t\t<\/div>\n\t\t\t\t\t<\/div>\n\t\t\t\t<\/div>\n\t\t<div data-particle_enable=\"false\" data-particle-mobile-disabled=\"false\" class=\"elementor-element elementor-element-c176740 e-flex e-con-boxed e-con e-parent\" data-id=\"c176740\" data-element_type=\"container\" data-e-type=\"container\">\n\t\t\t\t\t<div class=\"e-con-inner\">\n\t\t\t\t<div class=\"elementor-element elementor-element-28f4c32 elementor-widget elementor-widget-image\" data-id=\"28f4c32\" data-element_type=\"widget\" data-e-type=\"widget\" data-widget_type=\"image.default\">\n\t\t\t\t\t\t\t\t\t\t\t\t<figure class=\"wp-caption\">\n\t\t\t\t\t\t\t\t\t\t<img fetchpriority=\"high\" decoding=\"async\" width=\"768\" height=\"434\" src=\"https:\/\/soymigrante.com\/revista\/wp-content\/uploads\/2025\/04\/Darlin-Cano-De-Guatemala-a-UCLA-una-historia-de-perseverancia-1-1024x578.png\" class=\"attachment-large size-large wp-image-31674\" alt=\"Juvenil mujer hablando en un podcast con micr\u00f3fono y auriculares, promoviendo la revista SoyMigrante.com REVISTA enfocada en migraci\u00f3n y temas de inter\u00e9s para comunidad migrante.\" srcset=\"https:\/\/soymigrante.com\/revista\/wp-content\/uploads\/2025\/04\/Darlin-Cano-De-Guatemala-a-UCLA-una-historia-de-perseverancia-1-1024x578.png 1024w, https:\/\/soymigrante.com\/revista\/wp-content\/uploads\/2025\/04\/Darlin-Cano-De-Guatemala-a-UCLA-una-historia-de-perseverancia-1-300x169.png 300w, https:\/\/soymigrante.com\/revista\/wp-content\/uploads\/2025\/04\/Darlin-Cano-De-Guatemala-a-UCLA-una-historia-de-perseverancia-1-768x433.png 768w, https:\/\/soymigrante.com\/revista\/wp-content\/uploads\/2025\/04\/Darlin-Cano-De-Guatemala-a-UCLA-una-historia-de-perseverancia-1-1536x867.png 1536w, https:\/\/soymigrante.com\/revista\/wp-content\/uploads\/2025\/04\/Darlin-Cano-De-Guatemala-a-UCLA-una-historia-de-perseverancia-1-750x423.webp 750w, https:\/\/soymigrante.com\/revista\/wp-content\/uploads\/2025\/04\/Darlin-Cano-De-Guatemala-a-UCLA-una-historia-de-perseverancia-1-1140x643.webp 1140w, https:\/\/soymigrante.com\/revista\/wp-content\/uploads\/2025\/04\/Darlin-Cano-De-Guatemala-a-UCLA-una-historia-de-perseverancia-1.webp 1838w\" sizes=\"(max-width: 768px) 100vw, 768px\" title=\"Darlin Cano De Guatemala a UCLA una historia de perseverancia 1 \u2013 SoyMigrante.com REVISTA\" \/>\t\t\t\t\t\t\t\t\t\t\t<figcaption class=\"widget-image-caption wp-caption-text\">Mujer joven en un podcast, promoviendo temas de migraci\u00f3n en SoyMigrante.com REVISTA con micr\u00f3fono y auriculares, dedicada a informar y apoyar a migrantes y comunidades latinoamericanas.<\/figcaption>\n\t\t\t\t\t\t\t\t\t\t<\/figure>\n\t\t\t\t\t\t\t\t\t<\/div>\n\t\t\t\t\t<\/div>\n\t\t\t\t<\/div>\n\t\t<div data-particle_enable=\"false\" data-particle-mobile-disabled=\"false\" class=\"elementor-element elementor-element-ca91b98 e-flex e-con-boxed e-con e-parent\" data-id=\"ca91b98\" data-element_type=\"container\" data-e-type=\"container\">\n\t\t\t\t\t<div class=\"e-con-inner\">\n\t\t\t\t<div class=\"elementor-element elementor-element-a187780 elementor-widget elementor-widget-heading\" data-id=\"a187780\" data-element_type=\"widget\" data-e-type=\"widget\" data-widget_type=\"heading.default\">\n\t\t\t\t\t<h3 class=\"elementor-heading-title elementor-size-default\">Rumbo a UCLA<\/h3>\t\t\t\t<\/div>\n\t\t\t\t\t<\/div>\n\t\t\t\t<\/div>\n\t\t<div data-particle_enable=\"false\" data-particle-mobile-disabled=\"false\" class=\"elementor-element elementor-element-5d1e6c7 e-flex e-con-boxed e-con e-parent\" data-id=\"5d1e6c7\" data-element_type=\"container\" data-e-type=\"container\">\n\t\t\t\t\t<div class=\"e-con-inner\">\n\t\t\t\t<div class=\"elementor-element elementor-element-98ce94d elementor-widget elementor-widget-text-editor\" data-id=\"98ce94d\" data-element_type=\"widget\" data-e-type=\"widget\" data-widget_type=\"text-editor.default\">\n\t\t\t\t\t\t\t\t\t<p><a href=\"https:\/\/soymigrante.com\/revista\/ninos-migrantes-en-escuelas-de-usa-desafios-y-claves\/\" target=\"_blank\" rel=\"noopener\">Con una s\u00f3lida base acad\u00e9mica y una clara determinaci\u00f3n, Darlin tiene como objetivo transferirse a UCLA<\/a>, una de las universidades m\u00e1s prestigiosas del pa\u00eds. Su aspiraci\u00f3n no solo representa un avance personal, sino tambi\u00e9n un ejemplo para otros estudiantes de primera generaci\u00f3n que enfrentan obst\u00e1culos similares en su camino hacia la educaci\u00f3n superior.<\/p>\t\t\t\t\t\t\t\t<\/div>\n\t\t\t\t\t<\/div>\n\t\t\t\t<\/div>\n\t\t<div data-particle_enable=\"false\" data-particle-mobile-disabled=\"false\" class=\"elementor-element elementor-element-990bf19 e-flex e-con-boxed e-con e-parent\" data-id=\"990bf19\" data-element_type=\"container\" data-e-type=\"container\">\n\t\t\t\t\t<div class=\"e-con-inner\">\n\t\t\t\t<div class=\"elementor-element elementor-element-da69b41 elementor-widget elementor-widget-heading\" data-id=\"da69b41\" data-element_type=\"widget\" data-e-type=\"widget\" data-widget_type=\"heading.default\">\n\t\t\t\t\t<h3 class=\"elementor-heading-title elementor-size-default\">El contexto de los estudiantes de primera generaci\u00f3n<\/h3>\t\t\t\t<\/div>\n\t\t\t\t\t<\/div>\n\t\t\t\t<\/div>\n\t\t<div data-particle_enable=\"false\" data-particle-mobile-disabled=\"false\" class=\"elementor-element elementor-element-2c56917 e-flex e-con-boxed e-con e-parent\" data-id=\"2c56917\" data-element_type=\"container\" data-e-type=\"container\">\n\t\t\t\t\t<div class=\"e-con-inner\">\n\t\t\t\t<div class=\"elementor-element elementor-element-26d1f0c elementor-widget elementor-widget-text-editor\" data-id=\"26d1f0c\" data-element_type=\"widget\" data-e-type=\"widget\" data-widget_type=\"text-editor.default\">\n\t\t\t\t\t\t\t\t\t<p>La experiencia de Darlin no es \u00fanica. Seg\u00fan datos de la Universidad de California, casi el 30% de sus estudiantes universitarios son los primeros en sus familias en asistir a la universidad. Estos estudiantes a menudo enfrentan desaf\u00edos adicionales, como la falta de orientaci\u00f3n sobre el proceso de admisi\u00f3n y sentimientos de aislamiento en el campus. Sin embargo, programas como <a href=\"https:\/\/firsttogo.ucla.edu\/\" target=\"_blank\" rel=\"noopener\">\u201cFirst To Go\u201d de UCLA<\/a> proporcionan recursos y apoyo espec\u00edficos para ayudar a estos estudiantes a tener \u00e9xito en su trayectoria acad\u00e9mica.<\/p>\t\t\t\t\t\t\t\t<\/div>\n\t\t\t\t\t<\/div>\n\t\t\t\t<\/div>\n\t\t<div data-particle_enable=\"false\" data-particle-mobile-disabled=\"false\" class=\"elementor-element elementor-element-8d32e00 e-flex e-con-boxed e-con e-parent\" data-id=\"8d32e00\" data-element_type=\"container\" data-e-type=\"container\">\n\t\t\t\t\t<div class=\"e-con-inner\">\n\t\t\t\t<div class=\"elementor-element elementor-element-2da3f04 elementor-widget elementor-widget-text-editor\" data-id=\"2da3f04\" data-element_type=\"widget\" data-e-type=\"widget\" data-widget_type=\"text-editor.default\">\n\t\t\t\t\t\t\t\t\t<p>La historia de Darlin Cano <a href=\"https:\/\/soymigrante.com\/revista\/ninos-migrantes-en-escuelas-de-usa-desafios-y-claves\/\" target=\"_blank\" rel=\"noopener\">es un testimonio de la resiliencia y determinaci\u00f3n que muchos estudiantes de primera generaci\u00f3n<\/a> demuestran en su b\u00fasqueda de una educaci\u00f3n superior.<\/p><p>Su camino desde Guatemala hasta aspirar a ingresar a UCLA destaca la importancia del apoyo institucional y comunitario para superar las barreras que enfrentan estos estudiantes.<\/p><p>Darlin no solo est\u00e1 construyendo un futuro brillante para s\u00ed misma, sino que tambi\u00e9n est\u00e1 allanando el camino para que otros sigan sus pasos.<\/p>\t\t\t\t\t\t\t\t<\/div>\n\t\t\t\t\t<\/div>\n\t\t\t\t<\/div>\n\t\t<div data-particle_enable=\"false\" data-particle-mobile-disabled=\"false\" class=\"elementor-element elementor-element-d198be5 e-flex e-con-boxed e-con e-parent\" data-id=\"d198be5\" data-element_type=\"container\" data-e-type=\"container\">\n\t\t\t\t\t<div class=\"e-con-inner\">\n\t\t\t\t<div class=\"elementor-element elementor-element-d7e61af elementor-widget elementor-widget-video\" data-id=\"d7e61af\" data-element_type=\"widget\" data-e-type=\"widget\" data-settings=\"{&quot;youtube_url&quot;:&quot;https:\\\/\\\/www.youtube.com\\\/watch?v=9t3sJP8Mypc&quot;,&quot;video_type&quot;:&quot;youtube&quot;,&quot;controls&quot;:&quot;yes&quot;}\" data-widget_type=\"video.default\">\n\t\t\t\t\t\t\t<div class=\"elementor-wrapper elementor-open-inline\">\n\t\t\t<div class=\"elementor-video\"><\/div>\t\t<\/div>\n\t\t\t\t\t\t<\/div>\n\t\t\t\t\t<\/div>\n\t\t\t\t<\/div>\n\t\t<div data-particle_enable=\"false\" data-particle-mobile-disabled=\"false\" class=\"elementor-element elementor-element-c8e7e31 e-flex e-con-boxed e-con e-parent\" data-id=\"c8e7e31\" data-element_type=\"container\" data-e-type=\"container\">\n\t\t\t\t\t<div class=\"e-con-inner\">\n\t\t\t\t<div class=\"elementor-element elementor-element-453d117 elementor-widget elementor-widget-heading\" data-id=\"453d117\" data-element_type=\"widget\" data-e-type=\"widget\" data-widget_type=\"heading.default\">\n\t\t\t\t\t<h2 class=\"elementor-heading-title elementor-size-default\">Conoce otras historias inspiradoras ac\u00e1...<\/h2>\t\t\t\t<\/div>\n\t\t\t\t\t<\/div>\n\t\t\t\t<\/div>\n\t\t<div data-particle_enable=\"false\" data-particle-mobile-disabled=\"false\" class=\"elementor-element elementor-element-1f0df41 e-flex e-con-boxed e-con e-parent\" data-id=\"1f0df41\" data-element_type=\"container\" data-e-type=\"container\">\n\t\t\t\t\t<div class=\"e-con-inner\">\n\t\t\t\t<div class=\"elementor-element elementor-element-1ecc12a elementor-grid-eael-col-3 elementor-grid-tablet-eael-col-2 elementor-grid-mobile-eael-col-1 elementor-widget elementor-widget-eael-post-grid\" data-id=\"1ecc12a\" data-element_type=\"widget\" data-e-type=\"widget\" data-settings=\"{&quot;eael_post_grid_columns&quot;:&quot;eael-col-3&quot;,&quot;eael_post_grid_columns_tablet&quot;:&quot;eael-col-2&quot;,&quot;eael_post_grid_columns_mobile&quot;:&quot;eael-col-1&quot;}\" data-widget_type=\"eael-post-grid.default\">\n\t\t\t\t\t<div id=\"eael-post-grid-1ecc12a\" class=\"eael-post-grid-container\">\n            <div class=\"eael-post-grid eael-post-appender eael-post-appender-1ecc12a eael-post-grid-style-one\" data-layout-mode=\"masonry\"><article class=\"eael-grid-post  eael-post-grid-column eael-pg-post-2734 category-exitos\" data-id=\"2734\">\n        <div class=\"eael-grid-post-holder\">\n            <div class=\"eael-grid-post-holder-inner\"><div class=\"eael-entry-media\"><div class=\"eael-entry-overlay fade-in\"><i class=\"far fa-hand-pointer\" aria-hidden=\"true\"><\/i><a href=\"https:\/\/soymigrante.com\/revista\/sali-de-guatemala-pero-guatemala-nunca-saldra-de-mi-migrante-y-promotora-cultural-susana-oxlaj\/\"><\/a><\/div><div class=\"eael-entry-thumbnail \">\n                <img decoding=\"async\" width=\"1024\" height=\"682\" src=\"https:\/\/soymigrante.com\/revista\/wp-content\/uploads\/2023\/09\/susana-xolaj-1024x682.webp\" class=\"attachment-large size-large wp-image-2736\" alt=\"Susana Oxlaj, migrante guatemalteca en Houston\" srcset=\"https:\/\/soymigrante.com\/revista\/wp-content\/uploads\/2023\/09\/susana-xolaj-1024x682.webp 1024w, https:\/\/soymigrante.com\/revista\/wp-content\/uploads\/2023\/09\/susana-xolaj-300x200.webp 300w, https:\/\/soymigrante.com\/revista\/wp-content\/uploads\/2023\/09\/susana-xolaj-768x512.webp 768w, https:\/\/soymigrante.com\/revista\/wp-content\/uploads\/2023\/09\/susana-xolaj-1536x1023.webp 1536w, https:\/\/soymigrante.com\/revista\/wp-content\/uploads\/2023\/09\/susana-xolaj-750x500.webp 750w, https:\/\/soymigrante.com\/revista\/wp-content\/uploads\/2023\/09\/susana-xolaj-1140x760.webp 1140w, https:\/\/soymigrante.com\/revista\/wp-content\/uploads\/2023\/09\/susana-xolaj-600x400.webp 600w, https:\/\/soymigrante.com\/revista\/wp-content\/uploads\/2023\/09\/susana-xolaj.webp 1600w\" sizes=\"(max-width: 1024px) 100vw, 1024px\" \/>\n            <\/div>\n        <\/div><div class=\"eael-entry-wrapper\"><header class=\"eael-entry-header\"><h2 class=\"eael-entry-title\"><a class=\"eael-grid-post-link\" href=\"https:\/\/soymigrante.com\/revista\/sali-de-guatemala-pero-guatemala-nunca-saldra-de-mi-migrante-y-promotora-cultural-susana-oxlaj\/\" title=\"&#8220;Sal\u00ed de Guatemala pero Guatemala nunca saldr\u00e1 de m\u00ed&#8221;: migrante y promotora cultural Susana Oxlaj\">&#8220;Sal\u00ed de Guatemala pero Guatemala nunca saldr\u00e1 de m\u00ed&#8221;: migrante y promotora cultural Susana Oxlaj<\/a><\/h2><\/header><div class=\"eael-entry-content\">\n                        <div class=\"eael-grid-post-excerpt\"><a href=\"https:\/\/soymigrante.com\/revista\/sali-de-guatemala-pero-guatemala-nunca-saldra-de-mi-migrante-y-promotora-cultural-susana-oxlaj\/\" class=\"eael-post-elements-readmore-btn\">CONOCE SU HISTORIA <\/a><\/div>\n                    <\/div><\/div><\/div>\n        <\/div>\n    <\/article><article class=\"eael-grid-post  eael-post-grid-column eael-pg-post-2479 category-estamos-unidos\" data-id=\"2479\">\n        <div class=\"eael-grid-post-holder\">\n            <div class=\"eael-grid-post-holder-inner\"><div class=\"eael-entry-media\"><div class=\"eael-entry-overlay fade-in\"><i class=\"far fa-hand-pointer\" aria-hidden=\"true\"><\/i><a href=\"https:\/\/soymigrante.com\/revista\/actor-y-migrante-guatemalteco-arturo-castro-lanzara-bola-inicial-en-juego-de-los-dodgers\/\"><\/a><\/div><div class=\"eael-entry-thumbnail \">\n                <img decoding=\"async\" width=\"1024\" height=\"809\" src=\"https:\/\/soymigrante.com\/revista\/wp-content\/uploads\/2023\/09\/Captura-de-pantalla-2023-09-11-233518-1024x809.webp\" class=\"attachment-large size-large wp-image-2538\" alt=\"Arturo Castro, actor y migrante guatemalteco\" srcset=\"https:\/\/soymigrante.com\/revista\/wp-content\/uploads\/2023\/09\/Captura-de-pantalla-2023-09-11-233518-1024x809.webp 1024w, https:\/\/soymigrante.com\/revista\/wp-content\/uploads\/2023\/09\/Captura-de-pantalla-2023-09-11-233518-300x237.webp 300w, https:\/\/soymigrante.com\/revista\/wp-content\/uploads\/2023\/09\/Captura-de-pantalla-2023-09-11-233518-768x606.webp 768w, https:\/\/soymigrante.com\/revista\/wp-content\/uploads\/2023\/09\/Captura-de-pantalla-2023-09-11-233518-750x592.webp 750w, https:\/\/soymigrante.com\/revista\/wp-content\/uploads\/2023\/09\/Captura-de-pantalla-2023-09-11-233518.webp 1041w\" sizes=\"(max-width: 1024px) 100vw, 1024px\" \/>\n            <\/div>\n        <\/div><div class=\"eael-entry-wrapper\"><header class=\"eael-entry-header\"><h2 class=\"eael-entry-title\"><a class=\"eael-grid-post-link\" href=\"https:\/\/soymigrante.com\/revista\/actor-y-migrante-guatemalteco-arturo-castro-lanzara-bola-inicial-en-juego-de-los-dodgers\/\" title=\"Actor y migrante Arturo Castro lanza bola inicial en juego de Los Dodgers dedicado a Guatemala\">Actor y migrante Arturo Castro lanza bola inicial en juego de Los Dodgers dedicado a Guatemala<\/a><\/h2><\/header><div class=\"eael-entry-content\">\n                        <div class=\"eael-grid-post-excerpt\"><a href=\"https:\/\/soymigrante.com\/revista\/actor-y-migrante-guatemalteco-arturo-castro-lanzara-bola-inicial-en-juego-de-los-dodgers\/\" class=\"eael-post-elements-readmore-btn\">CONOCE SU HISTORIA <\/a><\/div>\n                    <\/div><\/div><\/div>\n        <\/div>\n    <\/article><article class=\"eael-grid-post  eael-post-grid-column eael-pg-post-2002 category-exitos-guatemala tags-nueva-york\" data-id=\"2002\">\n        <div class=\"eael-grid-post-holder\">\n            <div class=\"eael-grid-post-holder-inner\"><div class=\"eael-entry-media\"><div class=\"eael-entry-overlay fade-in\"><i class=\"far fa-hand-pointer\" aria-hidden=\"true\"><\/i><a href=\"https:\/\/soymigrante.com\/revista\/alvaro-batres-migrante-exitoso-nueva-york\/\"><\/a><\/div><div class=\"eael-entry-thumbnail \">\n                <img loading=\"lazy\" decoding=\"async\" width=\"1024\" height=\"728\" src=\"https:\/\/soymigrante.com\/revista\/wp-content\/uploads\/2023\/07\/Captura-de-pantalla-2023-07-29-174259-1024x728.webp\" class=\"attachment-large size-large wp-image-2019\" alt=\"\" srcset=\"https:\/\/soymigrante.com\/revista\/wp-content\/uploads\/2023\/07\/Captura-de-pantalla-2023-07-29-174259-1024x728.webp 1024w, https:\/\/soymigrante.com\/revista\/wp-content\/uploads\/2023\/07\/Captura-de-pantalla-2023-07-29-174259-300x213.webp 300w, https:\/\/soymigrante.com\/revista\/wp-content\/uploads\/2023\/07\/Captura-de-pantalla-2023-07-29-174259-768x546.webp 768w, https:\/\/soymigrante.com\/revista\/wp-content\/uploads\/2023\/07\/Captura-de-pantalla-2023-07-29-174259-120x86.webp 120w, https:\/\/soymigrante.com\/revista\/wp-content\/uploads\/2023\/07\/Captura-de-pantalla-2023-07-29-174259-350x250.webp 350w, https:\/\/soymigrante.com\/revista\/wp-content\/uploads\/2023\/07\/Captura-de-pantalla-2023-07-29-174259-750x533.webp 750w, https:\/\/soymigrante.com\/revista\/wp-content\/uploads\/2023\/07\/Captura-de-pantalla-2023-07-29-174259-1140x810.webp 1140w, https:\/\/soymigrante.com\/revista\/wp-content\/uploads\/2023\/07\/Captura-de-pantalla-2023-07-29-174259.webp 1233w\" sizes=\"(max-width: 1024px) 100vw, 1024px\" \/>\n            <\/div>\n        <\/div><div class=\"eael-entry-wrapper\"><header class=\"eael-entry-header\"><h2 class=\"eael-entry-title\"><a class=\"eael-grid-post-link\" href=\"https:\/\/soymigrante.com\/revista\/alvaro-batres-migrante-exitoso-nueva-york\/\" title=\"El viaje de \u00c1lvaro Batres: Migrante, dise\u00f1ador y emprendedor\">El viaje de \u00c1lvaro Batres: Migrante, dise\u00f1ador y emprendedor<\/a><\/h2><\/header><div class=\"eael-entry-content\">\n                        <div class=\"eael-grid-post-excerpt\"><a href=\"https:\/\/soymigrante.com\/revista\/alvaro-batres-migrante-exitoso-nueva-york\/\" class=\"eael-post-elements-readmore-btn\">CONOCE SU HISTORIA <\/a><\/div>\n                    <\/div><\/div><\/div>\n        <\/div>\n    <\/article><\/div>\n            <div class=\"clearfix\"><\/div>\n        <\/div>\t\t\t\t<\/div>\n\t\t\t\t\t<\/div>\n\t\t\t\t<\/div>\n\t\t\t\t<\/div>\n\t\t","protected":false},"excerpt":{"rendered":"<p>Darlin Cano es una chica de Guatemala que ha buscado sobresalir en la vida, uno de los grandes logros es conseguir estudiar en la Universidad de California. Darlin Cano, una joven guatemalteca, ha trazado un camino inspirador desde su llegada a California hasta su actual aspiraci\u00f3n de transferirse a la Universidad de California, Los \u00c1ngeles [&hellip;]<\/p>\n","protected":false},"author":19,"featured_media":31672,"comment_status":"open","ping_status":"open","sticky":false,"template":"","format":"standard","meta":{"_acf_changed":false,"_eb_attr":"","footnotes":""},"categories":[54],"tags":[],"class_list":["post-31671","post","type-post","status-publish","format-standard","has-post-thumbnail","hentry","category-estamos-unidos"],"acf":[],"aioseo_notices":[],"aioseo_head":"\n\t\t<!-- All in One SEO Pro 4.9.6.2 - aioseo.com -->\n\t<meta name=\"description\" content=\"\u00c1lvaro Batres, fundador de BCS Media, comparte su viaje desde Guatemala hasta convertirse en un referente en publicidad en Nueva York\" \/>\n\t<meta name=\"robots\" content=\"max-snippet:-1, max-image-preview:large, max-video-preview:-1\" \/>\n\t<meta name=\"author\" content=\"Gustavo Montenegro\"\/>\n\t<link rel=\"canonical\" href=\"https:\/\/soymigrante.com\/revista\/alvaro-batres-migrante-exitoso-nueva-york\/\" \/>\n\t<meta name=\"generator\" content=\"All in One SEO Pro (AIOSEO) 4.9.6.2\" \/>\n\n\t\t<link rel=\"preconnect\" href=\"https:\/\/fonts.googleapis.com\" crossorigin>\n<link rel=\"preconnect\" href=\"https:\/\/fonts.gstatic.com\" crossorigin>\n\t\t<meta property=\"og:locale\" content=\"es_ES\" \/>\n\t\t<meta property=\"og:site_name\" content=\"SoyMigrante.com REVISTA \u2013 Nuestra misi\u00f3n es reconocer y dignificar al migrante.\" \/>\n\t\t<meta property=\"og:type\" content=\"article\" \/>\n\t\t<meta property=\"og:title\" content=\"El viaje de \u00c1lvaro Batres: Migrante, dise\u00f1ador y emprendedor\" \/>\n\t\t<meta property=\"og:description\" content=\"\u00c1lvaro Batres, fundador de BCS Media, comparte su viaje desde Guatemala hasta convertirse en un referente en publicidad en Nueva York\" \/>\n\t\t<meta property=\"og:url\" content=\"https:\/\/soymigrante.com\/revista\/alvaro-batres-migrante-exitoso-nueva-york\/\" \/>\n\t\t<meta property=\"og:image\" content=\"https:\/\/soymigrante.com\/revista\/wp-content\/uploads\/2023\/07\/Captura-de-pantalla-2023-07-29-174259.webp\" \/>\n\t\t<meta property=\"og:image:secure_url\" content=\"https:\/\/soymigrante.com\/revista\/wp-content\/uploads\/2023\/07\/Captura-de-pantalla-2023-07-29-174259.webp\" \/>\n\t\t<meta property=\"og:image:width\" content=\"1233\" \/>\n\t\t<meta property=\"og:image:height\" content=\"876\" \/>\n\t\t<meta property=\"article:published_time\" content=\"2023-07-28T17:52:06+00:00\" \/>\n\t\t<meta property=\"article:modified_time\" content=\"2026-03-11T22:51:39+00:00\" \/>\n\t\t<meta property=\"article:publisher\" content=\"https:\/\/www.facebook.com\/soymigrantecom\" \/>\n\t\t<meta name=\"twitter:card\" content=\"summary_large_image\" \/>\n\t\t<meta name=\"twitter:site\" content=\"@SoyMigrante_com\" \/>\n\t\t<meta name=\"twitter:title\" content=\"El viaje de \u00c1lvaro Batres: Migrante, dise\u00f1ador y emprendedor\" \/>\n\t\t<meta name=\"twitter:description\" content=\"\u00c1lvaro Batres, fundador de BCS Media, comparte su viaje desde Guatemala hasta convertirse en un referente en publicidad en Nueva York\" \/>\n\t\t<meta name=\"twitter:creator\" content=\"@SoyMigrante_com\" \/>\n\t\t<meta name=\"twitter:image\" content=\"https:\/\/soymigrante.com\/revista\/wp-content\/uploads\/2023\/07\/Captura-de-pantalla-2023-07-29-174259.webp\" \/>\n\t\t<!-- All in One SEO Pro -->\r\n\t\t<title>El viaje de \u00c1lvaro Batres: Migrante, dise\u00f1ador y emprendedor<\/title>\n\n","aioseo_head_json":{"title":"El viaje de \u00c1lvaro Batres: Migrante, dise\u00f1ador y emprendedor","description":"\u00c1lvaro Batres, fundador de BCS Media, comparte su viaje desde Guatemala hasta convertirse en un referente en publicidad en Nueva York","canonical_url":"https:\/\/soymigrante.com\/revista\/alvaro-batres-migrante-exitoso-nueva-york\/","robots":"max-snippet:-1, max-image-preview:large, max-video-preview:-1","keywords":"","webmasterTools":{"miscellaneous":"&lt;link rel=\"preconnect\" href=\"https:\/\/fonts.googleapis.com\" crossorigin&gt;\n&lt;link rel=\"preconnect\" href=\"https:\/\/fonts.gstatic.com\" crossorigin&gt;"},"schema":null,"og:locale":"es_ES","og:site_name":"SoyMigrante.com REVISTA \u2013 Nuestra misi\u00f3n es reconocer y dignificar al migrante.","og:type":"article","og:title":"El viaje de \u00c1lvaro Batres: Migrante, dise\u00f1ador y emprendedor","og:description":"\u00c1lvaro Batres, fundador de BCS Media, comparte su viaje desde Guatemala hasta convertirse en un referente en publicidad en Nueva York","og:url":"https:\/\/soymigrante.com\/revista\/alvaro-batres-migrante-exitoso-nueva-york\/","og:image":"https:\/\/soymigrante.com\/revista\/wp-content\/uploads\/2023\/07\/Captura-de-pantalla-2023-07-29-174259.webp","og:image:secure_url":"https:\/\/soymigrante.com\/revista\/wp-content\/uploads\/2023\/07\/Captura-de-pantalla-2023-07-29-174259.webp","og:image:width":1233,"og:image:height":876,"article:published_time":"2023-07-28T17:52:06+00:00","article:modified_time":"2026-03-11T22:51:39+00:00","article:publisher":"https:\/\/www.facebook.com\/soymigrantecom","twitter:card":"summary_large_image","twitter:site":"@SoyMigrante_com","twitter:title":"El viaje de \u00c1lvaro Batres: Migrante, dise\u00f1ador y emprendedor","twitter:description":"\u00c1lvaro Batres, fundador de BCS Media, comparte su viaje desde Guatemala hasta convertirse en un referente en publicidad en Nueva York","twitter:creator":"@SoyMigrante_com","twitter:image":"https:\/\/soymigrante.com\/revista\/wp-content\/uploads\/2023\/07\/Captura-de-pantalla-2023-07-29-174259.webp"},"aioseo_meta_data":{"post_id":"31671","title":"Guatemalteca Darlin Cano comparte claves de \u00e9xito en UCLA","description":"Darlin Cano es una estudiante de origen guatemalteco en la Universidad de California. En un podcast comparte realidades y esfuerzos para el \u00e9xito acad\u00e9mico.","keywords":null,"keyphrases":{"focus":{"keyphrase":"Darlin Cano","score":91,"analysis":{"keyphraseInTitle":{"score":9,"maxScore":9,"error":0},"keyphraseInDescription":{"score":9,"maxScore":9,"error":0},"keyphraseLength":{"score":9,"maxScore":9,"error":0,"length":2},"keyphraseInURL":{"score":5,"maxScore":5,"error":0},"keyphraseInIntroduction":{"score":9,"maxScore":9,"error":0},"keyphraseInSubHeadings":{"score":3,"maxScore":9,"error":1},"keyphraseInImageAlt":{"score":9,"maxScore":9,"error":0},"keywordDensity":{"type":"best","score":9,"maxScore":9,"error":0}}},"additional":[{"keyphrase":"Darlin Cano","score":100,"analysis":{"keyphraseInDescription":{"score":9,"maxScore":9,"error":0},"keyphraseLength":{"score":9,"maxScore":9,"error":0,"length":2},"keyphraseInIntroduction":{"score":9,"maxScore":9,"error":0},"keyphraseInImageAlt":{"score":9,"maxScore":9,"error":0},"keywordDensity":{"type":"best","score":9,"maxScore":9,"error":0}}},{"keyphrase":"Guatemala","score":73,"analysis":{"keyphraseInDescription":{"score":3,"maxScore":9,"error":1},"keyphraseLength":{"score":9,"maxScore":9,"error":0,"length":1},"keyphraseInIntroduction":{"score":3,"maxScore":9,"error":1},"keyphraseInImageAlt":{"score":9,"maxScore":9,"error":0},"keywordDensity":{"type":"best","score":9,"maxScore":9,"error":0}}}]},"primary_term":null,"canonical_url":null,"og_title":null,"og_description":null,"og_object_type":"default","og_image_type":"default","og_image_url":null,"og_image_width":null,"og_image_height":null,"og_image_custom_url":null,"og_image_custom_fields":null,"og_video":"","og_custom_url":null,"og_article_section":null,"og_article_tags":null,"twitter_use_og":false,"twitter_card":"default","twitter_image_type":"default","twitter_image_url":null,"twitter_image_custom_url":null,"twitter_image_custom_fields":null,"twitter_title":null,"twitter_description":null,"schema":{"blockGraphs":[],"customGraphs":[],"default":{"data":{"Article":[],"Course":[],"Dataset":[],"FAQPage":[],"Movie":[],"Person":[],"Product":[],"ProductReview":[],"Car":[],"Recipe":[],"Service":[],"SoftwareApplication":[],"WebPage":[]},"graphName":"none","isEnabled":true},"graphs":[]},"schema_type":"default","schema_type_options":null,"pillar_content":false,"robots_default":true,"robots_noindex":false,"robots_noarchive":false,"robots_nosnippet":false,"robots_nofollow":false,"robots_noimageindex":false,"robots_noodp":false,"robots_notranslate":false,"robots_max_snippet":"-1","robots_max_videopreview":"-1","robots_max_imagepreview":"large","priority":null,"frequency":"default","local_seo":null,"seo_analyzer_scan_date":"2025-10-09 04:32:10","breadcrumb_settings":null,"limit_modified_date":false,"reviewed_by":null,"open_ai":"{\"title\":{\"suggestions\":[],\"usage\":0},\"description\":{\"suggestions\":[],\"usage\":0}}","ai":null,"created":"2025-04-22 19:30:33","updated":"2026-02-04 23:17:03"},"aioseo_breadcrumb":"<div class=\"aioseo-breadcrumbs\"><span class=\"aioseo-breadcrumb\">\n\t<a href=\"https:\/\/soymigrante.com\/revista\" title=\"Home\">Home<\/a>\n<\/span><span class=\"aioseo-breadcrumb-separator\">\u00bb<\/span><span class=\"aioseo-breadcrumb\">\n\t<a href=\"https:\/\/soymigrante.com\/revista\/category\/estamos-unidos\/\" title=\"Estamos Unidos\">Estamos Unidos<\/a>\n<\/span><span class=\"aioseo-breadcrumb-separator\">\u00bb<\/span><span class=\"aioseo-breadcrumb\">\n\tEstudiante guatemalteca Darlin Cano comparti\u00f3 claves de \u00e9xito universitario en UCLA\n<\/span><\/div>","aioseo_breadcrumb_json":[{"label":"Home","link":"https:\/\/soymigrante.com\/revista"},{"label":"Estamos Unidos","link":"https:\/\/soymigrante.com\/revista\/category\/estamos-unidos\/"},{"label":"Estudiante guatemalteca Darlin Cano comparti\u00f3 claves de \u00e9xito universitario en UCLA","link":"https:\/\/soymigrante.com\/revista\/estudiante-guatemalteca-darlin-cano-compartio-claves-de-exito-universitario-en-ucla\/"}],"_links":{"self":[{"href":"https:\/\/soymigrante.com\/revista\/wp-json\/wp\/v2\/posts\/31671","targetHints":{"allow":["GET"]}}],"collection":[{"href":"https:\/\/soymigrante.com\/revista\/wp-json\/wp\/v2\/posts"}],"about":[{"href":"https:\/\/soymigrante.com\/revista\/wp-json\/wp\/v2\/types\/post"}],"author":[{"embeddable":true,"href":"https:\/\/soymigrante.com\/revista\/wp-json\/wp\/v2\/users\/19"}],"replies":[{"embeddable":true,"href":"https:\/\/soymigrante.com\/revista\/wp-json\/wp\/v2\/comments?post=31671"}],"version-history":[{"count":8,"href":"https:\/\/soymigrante.com\/revista\/wp-json\/wp\/v2\/posts\/31671\/revisions"}],"predecessor-version":[{"id":31703,"href":"https:\/\/soymigrante.com\/revista\/wp-json\/wp\/v2\/posts\/31671\/revisions\/31703"}],"wp:featuredmedia":[{"embeddable":true,"href":"https:\/\/soymigrante.com\/revista\/wp-json\/wp\/v2\/media\/31672"}],"wp:attachment":[{"href":"https:\/\/soymigrante.com\/revista\/wp-json\/wp\/v2\/media?parent=31671"}],"wp:term":[{"taxonomy":"category","embeddable":true,"href":"https:\/\/soymigrante.com\/revista\/wp-json\/wp\/v2\/categories?post=31671"},{"taxonomy":"post_tag","embeddable":true,"href":"https:\/\/soymigrante.com\/revista\/wp-json\/wp\/v2\/tags?post=31671"}],"curies":[{"name":"wp","href":"https:\/\/api.w.org\/{rel}","templated":true}]}}