{"id":3167,"date":"2024-11-01T13:44:31","date_gmt":"2024-11-01T19:44:31","guid":{"rendered":"https:\/\/soymigrante.com\/revista\/?p=3167"},"modified":"2025-10-31T23:14:23","modified_gmt":"2025-11-01T05:14:23","slug":"carrera-de-todos-santos-cuchumatan-un-icono-de-guatemala-y-de-la-cultura-mam","status":"publish","type":"post","link":"https:\/\/soymigrante.com\/revista\/carrera-de-todos-santos-cuchumatan-un-icono-de-guatemala-y-de-la-cultura-mam\/","title":{"rendered":"Carrera de Todos Santos Cuchumat\u00e1n: \u00edcono de Guatemala y de la cultura mam"},"content":{"rendered":"\t\t<div data-elementor-type=\"wp-post\" data-elementor-id=\"3167\" class=\"elementor elementor-3167\" data-elementor-post-type=\"post\">\n\t\t\t\t\t\t<section data-particle_enable=\"false\" data-particle-mobile-disabled=\"false\" class=\"elementor-section elementor-top-section elementor-element elementor-element-33ae578 elementor-section-boxed elementor-section-height-default elementor-section-height-default\" data-id=\"33ae578\" data-element_type=\"section\" data-e-type=\"section\">\n\t\t\t\t\t\t<div class=\"elementor-container elementor-column-gap-default\">\n\t\t\t\t\t<div class=\"elementor-column elementor-col-100 elementor-top-column elementor-element elementor-element-3f3aaba\" data-id=\"3f3aaba\" data-element_type=\"column\" data-e-type=\"column\">\n\t\t\t<div class=\"elementor-widget-wrap elementor-element-populated\">\n\t\t\t\t\t\t<div class=\"elementor-element elementor-element-cd341f7 elementor-widget elementor-widget-heading\" data-id=\"cd341f7\" data-element_type=\"widget\" data-e-type=\"widget\" data-widget_type=\"heading.default\">\n\t\t\t\t\t<h1 class=\"elementor-heading-title elementor-size-default\">El juego de gallos y la carrera deTodos Santos Cuchumat\u00e1n, Huehuetenango es solo la culminaci\u00f3n de la festividad patronal de un pueblo localizado a 279 kil\u00f3metros u 8 horas de viaje desde la capital de Guatemala.<\/h1>\t\t\t\t<\/div>\n\t\t\t\t\t<\/div>\n\t\t<\/div>\n\t\t\t\t\t<\/div>\n\t\t<\/section>\n\t\t\t\t<section data-particle_enable=\"false\" data-particle-mobile-disabled=\"false\" class=\"elementor-section elementor-top-section elementor-element elementor-element-dfdd8f9 elementor-section-boxed elementor-section-height-default elementor-section-height-default\" data-id=\"dfdd8f9\" data-element_type=\"section\" data-e-type=\"section\">\n\t\t\t\t\t\t<div class=\"elementor-container elementor-column-gap-default\">\n\t\t\t\t\t<div class=\"elementor-column elementor-col-100 elementor-top-column elementor-element elementor-element-f0cfc4b\" data-id=\"f0cfc4b\" data-element_type=\"column\" data-e-type=\"column\">\n\t\t\t<div class=\"elementor-widget-wrap elementor-element-populated\">\n\t\t\t\t\t\t<div class=\"elementor-element elementor-element-3c04c7b elementor-widget elementor-widget-image\" data-id=\"3c04c7b\" data-element_type=\"widget\" data-e-type=\"widget\" data-widget_type=\"image.default\">\n\t\t\t\t\t\t\t\t\t\t\t\t<figure class=\"wp-caption\">\n\t\t\t\t\t\t\t\t\t\t<img fetchpriority=\"high\" decoding=\"async\" width=\"1024\" height=\"661\" src=\"https:\/\/soymigrante.com\/revista\/wp-content\/uploads\/2023\/11\/ts-1-1024x661.webp\" class=\"attachment-large size-large wp-image-3168\" alt=\"En la neblina comienzan a correr una y otra vez los todosanteros en memoria de los ancestros y celebrando la vida. La ebriedad es parte del juego y si alguien se cae, se levanta; si llega a fallecer por la ca\u00edda, se considera una bendici\u00f3n. (Fotograf\u00eda del festejo 2023 Abel Juarez, especial para SoyMigrante.com)\" srcset=\"https:\/\/soymigrante.com\/revista\/wp-content\/uploads\/2023\/11\/ts-1-1024x661.webp 1024w, https:\/\/soymigrante.com\/revista\/wp-content\/uploads\/2023\/11\/ts-1-300x194.webp 300w, https:\/\/soymigrante.com\/revista\/wp-content\/uploads\/2023\/11\/ts-1-768x496.webp 768w, https:\/\/soymigrante.com\/revista\/wp-content\/uploads\/2023\/11\/ts-1-750x484.webp 750w, https:\/\/soymigrante.com\/revista\/wp-content\/uploads\/2023\/11\/ts-1-1140x736.webp 1140w, https:\/\/soymigrante.com\/revista\/wp-content\/uploads\/2023\/11\/ts-1.webp 1436w\" sizes=\"(max-width: 1024px) 100vw, 1024px\" title=\"En la neblina comienzan a correr una y otra vez los todosanteros en memoria de los ancestros y celebrando la vida. La ebriedad es parte del juego y si alguien se cae, se levanta; si llega a fallecer por la ca\u00edda, se considera una bendici\u00f3n. (Fotograf\u00eda del festejo 2023 Abel Juarez, especial para SoyMigrante.com) \u2013 SoyMigrante.com REVISTA\" \/>\t\t\t\t\t\t\t\t\t\t\t<figcaption class=\"widget-image-caption wp-caption-text\">En la neblina comienzan a correr una y otra vez los todosanteros en memoria de los ancestros y celebrando la vida. La ebriedad es parte del juego y si alguien se cae, se levanta; si llega a fallecer por la ca\u00edda, se considera una bendici\u00f3n. (Fotograf\u00eda del festejo 2023 Abel Juarez, especial para SoyMigrante.com)<\/figcaption>\n\t\t\t\t\t\t\t\t\t\t<\/figure>\n\t\t\t\t\t\t\t\t\t<\/div>\n\t\t\t\t\t<\/div>\n\t\t<\/div>\n\t\t\t\t\t<\/div>\n\t\t<\/section>\n\t\t\t\t<section data-particle_enable=\"false\" data-particle-mobile-disabled=\"false\" class=\"elementor-section elementor-top-section elementor-element elementor-element-18d6bbe elementor-section-boxed elementor-section-height-default elementor-section-height-default\" data-id=\"18d6bbe\" data-element_type=\"section\" data-e-type=\"section\">\n\t\t\t\t\t\t<div class=\"elementor-container elementor-column-gap-default\">\n\t\t\t\t\t<div class=\"elementor-column elementor-col-100 elementor-top-column elementor-element elementor-element-5041953\" data-id=\"5041953\" data-element_type=\"column\" data-e-type=\"column\">\n\t\t\t<div class=\"elementor-widget-wrap elementor-element-populated\">\n\t\t\t\t\t\t<div class=\"elementor-element elementor-element-e74d768 elementor-widget elementor-widget-text-editor\" data-id=\"e74d768\" data-element_type=\"widget\" data-e-type=\"widget\" data-widget_type=\"text-editor.default\">\n\t\t\t\t\t\t\t\t\t<p>Entre la neblina del amanecer del 1 de noviembre, d\u00eda de Todos los Santos, tienen lugar las carreras de caballos del pueblo huehueteco del mismo nombre: Todos Santos Cuchumat\u00e1n. Una tradici\u00f3n que no es competencia, sino ritual; que no es un acto folcl\u00f3rico, sino un ceremonial de profundo significado.<\/p><p>Su origen se remonta a los tiempos de la conquista, cuando el pueblo <a href=\"https:\/\/soymigrante.com\/revista\/el-pueblo-mam-brilla-crece-y-se-expresa-fiel-a-sus-raices-de-identidad\/\">maya mam<\/a> se rebel\u00f3 contra los espa\u00f1oles y los ret\u00f3 a correr entre las monta\u00f1as, seg\u00fan revelan algunos estudios. Otra tradici\u00f3n dice que le quitaron los caballos a los espa\u00f1oles y los corrieron para celebrar su libertad.<\/p><p>Es una fiesta que atrae a muchos todosanteros, incluyendo a algunos que han emigrado a Estados Unidos y pueden viajar para eesta \u00e9poca, otros, que no pueden regresar, patrocinan a alg\u00fan jinete, que luce la tradicional y colorida vestimenta de pantal\u00f3n rojo, camisa de fondo blanco y rayas moradas, con sombrero de cinta y decoraci\u00f3n de plumas.\u00a0<\/p>\t\t\t\t\t\t\t\t<\/div>\n\t\t\t\t\t<\/div>\n\t\t<\/div>\n\t\t\t\t\t<\/div>\n\t\t<\/section>\n\t\t\t\t<section data-particle_enable=\"false\" data-particle-mobile-disabled=\"false\" class=\"elementor-section elementor-top-section elementor-element elementor-element-3a6c6a9 elementor-section-boxed elementor-section-height-default elementor-section-height-default\" data-id=\"3a6c6a9\" data-element_type=\"section\" data-e-type=\"section\">\n\t\t\t\t\t\t<div class=\"elementor-container elementor-column-gap-default\">\n\t\t\t\t\t<div class=\"elementor-column elementor-col-100 elementor-top-column elementor-element elementor-element-a472606\" data-id=\"a472606\" data-element_type=\"column\" data-e-type=\"column\">\n\t\t\t<div class=\"elementor-widget-wrap elementor-element-populated\">\n\t\t\t\t\t\t<div class=\"elementor-element elementor-element-3182c2e elementor-widget elementor-widget-image\" data-id=\"3182c2e\" data-element_type=\"widget\" data-e-type=\"widget\" data-widget_type=\"image.default\">\n\t\t\t\t\t\t\t\t\t\t\t\t<figure class=\"wp-caption\">\n\t\t\t\t\t\t\t\t\t\t<img decoding=\"async\" width=\"1024\" height=\"676\" src=\"https:\/\/soymigrante.com\/revista\/wp-content\/uploads\/2023\/11\/ts4-1024x676.webp\" class=\"attachment-large size-large wp-image-3172\" alt=\"Juego de Gallos y Carrera de Caballos son los nombres de una misma tradici\u00f3n que tiene lugar cada 1 de noviembre en Todos Santos Cuchumat\u00e1n, un aut\u00e9ntico \u00edcono de la cultura mam, de Huehuetenango y de Guatemala. (Fotograf\u00eda de la carrera 2023 por Abel Ju\u00e1rez)\" srcset=\"https:\/\/soymigrante.com\/revista\/wp-content\/uploads\/2023\/11\/ts4-1024x676.webp 1024w, https:\/\/soymigrante.com\/revista\/wp-content\/uploads\/2023\/11\/ts4-300x198.webp 300w, https:\/\/soymigrante.com\/revista\/wp-content\/uploads\/2023\/11\/ts4-768x507.webp 768w, https:\/\/soymigrante.com\/revista\/wp-content\/uploads\/2023\/11\/ts4-750x495.webp 750w, https:\/\/soymigrante.com\/revista\/wp-content\/uploads\/2023\/11\/ts4-1140x753.webp 1140w, https:\/\/soymigrante.com\/revista\/wp-content\/uploads\/2023\/11\/ts4.webp 1417w\" sizes=\"(max-width: 1024px) 100vw, 1024px\" title=\"Juego de Gallos y Carrera de Caballos son los nombres de una misma tradici\u00f3n que tiene lugar cada 1 de noviembre en Todos Santos Cuchumat\u00e1n, un aut\u00e9ntico \u00edcono de la cultura mam, de Huehuetenango y de Guatemala. (Fotograf\u00eda de la carrera 2023 por Abel Ju\u00e1rez) \u2013 SoyMigrante.com REVISTA\" \/>\t\t\t\t\t\t\t\t\t\t\t<figcaption class=\"widget-image-caption wp-caption-text\">Juego de Gallos y Carrera de Caballos son los nombres de una misma tradici\u00f3n que tiene lugar cada 1 de noviembre en Todos Santos Cuchumat\u00e1n, un aut\u00e9ntico \u00edcono de la cultura mam, de Huehuetenango y de Guatemala. (Fotograf\u00eda de la carrera 2023 por Abel Ju\u00e1rez)<\/figcaption>\n\t\t\t\t\t\t\t\t\t\t<\/figure>\n\t\t\t\t\t\t\t\t\t<\/div>\n\t\t\t\t\t<\/div>\n\t\t<\/div>\n\t\t\t\t\t<\/div>\n\t\t<\/section>\n\t\t\t\t<section data-particle_enable=\"false\" data-particle-mobile-disabled=\"false\" class=\"elementor-section elementor-top-section elementor-element elementor-element-f7beded elementor-section-boxed elementor-section-height-default elementor-section-height-default\" data-id=\"f7beded\" data-element_type=\"section\" data-e-type=\"section\">\n\t\t\t\t\t\t<div class=\"elementor-container elementor-column-gap-default\">\n\t\t\t\t\t<div class=\"elementor-column elementor-col-100 elementor-top-column elementor-element elementor-element-db1524d\" data-id=\"db1524d\" data-element_type=\"column\" data-e-type=\"column\">\n\t\t\t<div class=\"elementor-widget-wrap elementor-element-populated\">\n\t\t\t\t\t\t<div class=\"elementor-element elementor-element-2ec5a8e elementor-widget elementor-widget-heading\" data-id=\"2ec5a8e\" data-element_type=\"widget\" data-e-type=\"widget\" data-widget_type=\"heading.default\">\n\t\t\t\t\t<h2 class=\"elementor-heading-title elementor-size-default\">Una carrera entre mundos <\/h2>\t\t\t\t<\/div>\n\t\t\t\t\t<\/div>\n\t\t<\/div>\n\t\t\t\t\t<\/div>\n\t\t<\/section>\n\t\t\t\t<section data-particle_enable=\"false\" data-particle-mobile-disabled=\"false\" class=\"elementor-section elementor-top-section elementor-element elementor-element-edb02b0 elementor-section-boxed elementor-section-height-default elementor-section-height-default\" data-id=\"edb02b0\" data-element_type=\"section\" data-e-type=\"section\">\n\t\t\t\t\t\t<div class=\"elementor-container elementor-column-gap-default\">\n\t\t\t\t\t<div class=\"elementor-column elementor-col-100 elementor-top-column elementor-element elementor-element-a6f7ddc\" data-id=\"a6f7ddc\" data-element_type=\"column\" data-e-type=\"column\">\n\t\t\t<div class=\"elementor-widget-wrap elementor-element-populated\">\n\t\t\t\t\t\t<div class=\"elementor-element elementor-element-7b0d66b elementor-widget elementor-widget-text-editor\" data-id=\"7b0d66b\" data-element_type=\"widget\" data-e-type=\"widget\" data-widget_type=\"text-editor.default\">\n\t\t\t\t\t\t\t\t\t<p>Desde el 28 de octubre comienzan los primeros bailes pero sin duda alguna es el 31 de octubre el d\u00eda de m\u00e1s intensidad. M\u00fasica de marimba y bailes en el predio de la feria reflejan la algarab\u00eda del pueblo mam, en un sincretismo que funciona una solemnidad cristiana con la cosmovisi\u00f3n preshisp\u00e1nica: la carrera es entre el mundo concreto y el mundo espiritual.<\/p><p>El consumo de alcohol es constante y cuando llega la hora de las carreras en Todos Santos Cuchumat\u00e1n, los competidores est\u00e1n ebrios en diversos grados. &#8220;Todos est\u00e1n bolos&#8221;, exclama un espectador. Vienen muchos visitantes de municipios de Huehuetenango, la capital e incluso extranjeros, aunque este a\u00f1o no hubo muchos.<\/p>\t\t\t\t\t\t\t\t<\/div>\n\t\t\t\t\t<\/div>\n\t\t<\/div>\n\t\t\t\t\t<\/div>\n\t\t<\/section>\n\t\t\t\t<section data-particle_enable=\"false\" data-particle-mobile-disabled=\"false\" class=\"elementor-section elementor-top-section elementor-element elementor-element-86f73a1 elementor-section-boxed elementor-section-height-default elementor-section-height-default\" data-id=\"86f73a1\" data-element_type=\"section\" data-e-type=\"section\">\n\t\t\t\t\t\t<div class=\"elementor-container elementor-column-gap-default\">\n\t\t\t\t\t<div class=\"elementor-column elementor-col-100 elementor-top-column elementor-element elementor-element-7af1cc5\" data-id=\"7af1cc5\" data-element_type=\"column\" data-e-type=\"column\">\n\t\t\t<div class=\"elementor-widget-wrap elementor-element-populated\">\n\t\t\t\t\t\t<div class=\"elementor-element elementor-element-c55b80c elementor-widget elementor-widget-image\" data-id=\"c55b80c\" data-element_type=\"widget\" data-e-type=\"widget\" data-widget_type=\"image.default\">\n\t\t\t\t\t\t\t\t\t\t\t\t<figure class=\"wp-caption\">\n\t\t\t\t\t\t\t\t\t\t<img decoding=\"async\" width=\"1024\" height=\"688\" src=\"https:\/\/soymigrante.com\/revista\/wp-content\/uploads\/2023\/11\/ts-2-1024x688.webp\" class=\"attachment-large size-large wp-image-3169\" alt=\"La carrera no es una competencia, pero s\u00ed se efect\u00faa a todo galope. Hay una jornada de jinetes en la ma\u00f1ana y otra por la tarde, al final de la cual se ofrece un sacrificio. (Fotograf\u00eda de la carrera 2023 por Abel Ju\u00e1rez, especial para SoyMigrante.com)\" srcset=\"https:\/\/soymigrante.com\/revista\/wp-content\/uploads\/2023\/11\/ts-2-1024x688.webp 1024w, https:\/\/soymigrante.com\/revista\/wp-content\/uploads\/2023\/11\/ts-2-300x201.webp 300w, https:\/\/soymigrante.com\/revista\/wp-content\/uploads\/2023\/11\/ts-2-768x516.webp 768w, https:\/\/soymigrante.com\/revista\/wp-content\/uploads\/2023\/11\/ts-2-750x504.webp 750w, https:\/\/soymigrante.com\/revista\/wp-content\/uploads\/2023\/11\/ts-2-1140x765.webp 1140w, https:\/\/soymigrante.com\/revista\/wp-content\/uploads\/2023\/11\/ts-2.webp 1400w\" sizes=\"(max-width: 1024px) 100vw, 1024px\" title=\"La carrera no es una competencia, pero s\u00ed se efect\u00faa a todo galope. Hay una jornada de jinetes en la ma\u00f1ana y otra por la tarde, al final de la cual se  ofrece un sacrificio. (Fotograf\u00eda de la carrera 2023 por Abel Ju\u00e1rez, especial para SoyMigrante.com) \u2013 SoyMigrante.com REVISTA\" \/>\t\t\t\t\t\t\t\t\t\t\t<figcaption class=\"widget-image-caption wp-caption-text\">La carrera no es una competencia, pero s\u00ed se efect\u00faa a todo galope. Hay una jornada de jinetes en la ma\u00f1ana y otra por la tarde, al final de la cual se  ofrece un sacrificio. (Fotograf\u00eda de la carrera 2023 por Abel Ju\u00e1rez, especial para SoyMigrante.com)<\/figcaption>\n\t\t\t\t\t\t\t\t\t\t<\/figure>\n\t\t\t\t\t\t\t\t\t<\/div>\n\t\t\t\t\t<\/div>\n\t\t<\/div>\n\t\t\t\t\t<\/div>\n\t\t<\/section>\n\t\t\t\t<section data-particle_enable=\"false\" data-particle-mobile-disabled=\"false\" class=\"elementor-section elementor-top-section elementor-element elementor-element-82982a9 elementor-section-boxed elementor-section-height-default elementor-section-height-default\" data-id=\"82982a9\" data-element_type=\"section\" data-e-type=\"section\">\n\t\t\t\t\t\t<div class=\"elementor-container elementor-column-gap-default\">\n\t\t\t\t\t<div class=\"elementor-column elementor-col-100 elementor-top-column elementor-element elementor-element-55344e1\" data-id=\"55344e1\" data-element_type=\"column\" data-e-type=\"column\">\n\t\t\t<div class=\"elementor-widget-wrap elementor-element-populated\">\n\t\t\t\t\t\t<div class=\"elementor-element elementor-element-4ca51c6 elementor-widget elementor-widget-text-editor\" data-id=\"4ca51c6\" data-element_type=\"widget\" data-e-type=\"widget\" data-widget_type=\"text-editor.default\">\n\t\t\t\t\t\t\t\t\t<p><span style=\"color: var( --e-global-color-text ); background-color: var(--ak-bg-color);\">Caerse\u00a0 del caballo forma parte de la carrera y si alguien llega a fallecer por una ca\u00edda, se considera una bendici\u00f3n. Cada corredor participa durante cuatro a\u00f1os seguidos, no m\u00e1s.\u00a0<\/span><\/p><p>Se llama Juego de Gallos tambi\u00e9n a estas carreras de Todos Santos Cuchumat\u00e1n, porque los corredores nombrados como Capitanes llevan un ave en sus ideas y venidas, hasta que al final la misma es ofrendada. Se le sacrifica y con ello termina el d\u00eda de carreras y agradecimientos.\u00a0<a href=\"https:\/\/soymigrante.com\/revista\/el-pueblo-mam-brilla-crece-y-se-expresa-fiel-a-sus-raices-de-identidad\/\"> El pueblo Mam<\/a> vive con hermandad y alegr\u00eda esta conmemoraci\u00f3n.<\/p>\t\t\t\t\t\t\t\t<\/div>\n\t\t\t\t\t<\/div>\n\t\t<\/div>\n\t\t\t\t\t<\/div>\n\t\t<\/section>\n\t\t\t\t<section data-particle_enable=\"false\" data-particle-mobile-disabled=\"false\" class=\"elementor-section elementor-top-section elementor-element elementor-element-e9087f0 elementor-section-boxed elementor-section-height-default elementor-section-height-default\" data-id=\"e9087f0\" data-element_type=\"section\" data-e-type=\"section\">\n\t\t\t\t\t\t<div class=\"elementor-container elementor-column-gap-default\">\n\t\t\t\t\t<div class=\"elementor-column elementor-col-100 elementor-top-column elementor-element elementor-element-18fc192\" data-id=\"18fc192\" data-element_type=\"column\" data-e-type=\"column\">\n\t\t\t<div class=\"elementor-widget-wrap elementor-element-populated\">\n\t\t\t\t\t\t<div class=\"elementor-element elementor-element-ceb31bb elementor-widget elementor-widget-image\" data-id=\"ceb31bb\" data-element_type=\"widget\" data-e-type=\"widget\" data-widget_type=\"image.default\">\n\t\t\t\t\t\t\t\t\t\t\t\t<figure class=\"wp-caption\">\n\t\t\t\t\t\t\t\t\t\t<img loading=\"lazy\" decoding=\"async\" width=\"1024\" height=\"673\" src=\"https:\/\/soymigrante.com\/revista\/wp-content\/uploads\/2023\/11\/ABELITO-1024x673.webp\" class=\"attachment-large size-large wp-image-3175\" alt=\"Algunos todosanteros son migrantes y visitan el pueblo durante la fiesta. Otros, patrocinan a un jinete para que consiga el mejor caballo y pueda participar en su nombre. (Fotograf\u00eda de la carrera 2023, por Abel Ju\u00e1rez, eespecial para SoyMigrante.com)\" srcset=\"https:\/\/soymigrante.com\/revista\/wp-content\/uploads\/2023\/11\/ABELITO-1024x673.webp 1024w, https:\/\/soymigrante.com\/revista\/wp-content\/uploads\/2023\/11\/ABELITO-300x197.webp 300w, https:\/\/soymigrante.com\/revista\/wp-content\/uploads\/2023\/11\/ABELITO-768x505.webp 768w, https:\/\/soymigrante.com\/revista\/wp-content\/uploads\/2023\/11\/ABELITO-750x493.webp 750w, https:\/\/soymigrante.com\/revista\/wp-content\/uploads\/2023\/11\/ABELITO-1140x750.webp 1140w, https:\/\/soymigrante.com\/revista\/wp-content\/uploads\/2023\/11\/ABELITO.webp 1408w\" sizes=\"(max-width: 1024px) 100vw, 1024px\" title=\"Algunos todosanteros son migrantes y visitan el pueblo durante la fiesta. Otros, patrocinan a un jinete para que consiga el mejor caballo y pueda participar en su nombre. (Fotograf\u00eda de la carrera 2023, por Abel Ju\u00e1rez, eespecial para SoyMigrante.com) \u2013 SoyMigrante.com REVISTA\" \/>\t\t\t\t\t\t\t\t\t\t\t<figcaption class=\"widget-image-caption wp-caption-text\">Algunos todosanteros son migrantes y visitan el pueblo durante la fiesta. Otros, patrocinan a un jinete para que consiga el mejor caballo y pueda participar en su nombre. (Fotograf\u00eda de la carrera 2023, por Abel Ju\u00e1rez, eespecial para SoyMigrante.com)<\/figcaption>\n\t\t\t\t\t\t\t\t\t\t<\/figure>\n\t\t\t\t\t\t\t\t\t<\/div>\n\t\t\t\t\t<\/div>\n\t\t<\/div>\n\t\t\t\t\t<\/div>\n\t\t<\/section>\n\t\t\t\t<section data-particle_enable=\"false\" data-particle-mobile-disabled=\"false\" class=\"elementor-section elementor-top-section elementor-element elementor-element-1adcf0a elementor-section-boxed elementor-section-height-default elementor-section-height-default\" data-id=\"1adcf0a\" data-element_type=\"section\" data-e-type=\"section\">\n\t\t\t\t\t\t<div class=\"elementor-container elementor-column-gap-default\">\n\t\t\t\t\t<div class=\"elementor-column elementor-col-100 elementor-top-column elementor-element elementor-element-24552bb\" data-id=\"24552bb\" data-element_type=\"column\" data-e-type=\"column\">\n\t\t\t<div class=\"elementor-widget-wrap elementor-element-populated\">\n\t\t\t\t\t\t<div class=\"elementor-element elementor-element-a7c025b elementor-widget elementor-widget-heading\" data-id=\"a7c025b\" data-element_type=\"widget\" data-e-type=\"widget\" data-widget_type=\"heading.default\">\n\t\t\t\t\t<h2 class=\"elementor-heading-title elementor-size-default\">Lo que no se ve pero es fundamental <\/h2>\t\t\t\t<\/div>\n\t\t\t\t\t<\/div>\n\t\t<\/div>\n\t\t\t\t\t<\/div>\n\t\t<\/section>\n\t\t\t\t<section data-particle_enable=\"false\" data-particle-mobile-disabled=\"false\" class=\"elementor-section elementor-top-section elementor-element elementor-element-c51ae0a elementor-section-boxed elementor-section-height-default elementor-section-height-default\" data-id=\"c51ae0a\" data-element_type=\"section\" data-e-type=\"section\">\n\t\t\t\t\t\t<div class=\"elementor-container elementor-column-gap-default\">\n\t\t\t\t\t<div class=\"elementor-column elementor-col-100 elementor-top-column elementor-element elementor-element-52d1904\" data-id=\"52d1904\" data-element_type=\"column\" data-e-type=\"column\">\n\t\t\t<div class=\"elementor-widget-wrap elementor-element-populated\">\n\t\t\t\t\t\t<div class=\"elementor-element elementor-element-167280e elementor-widget elementor-widget-text-editor\" data-id=\"167280e\" data-element_type=\"widget\" data-e-type=\"widget\" data-widget_type=\"text-editor.default\">\n\t\t\t\t\t\t\t\t\t<p>Cada participante no llega por casualidad ni por antojo. Debe tener el consejo de un Aj&#8217;Qi&#8217;j o gu\u00eda espiritual, quien le indica si el d\u00eda es propicio para que \u00e9l forme parte de la carrera. Los turistas no siempre se enteran que por muy informal o jubilosa que parezca la actividad, es un ritual, cuya entrada se paga con el sacrificio de un gallo.<\/p>\n<p>&#8220;En algunos a\u00f1os hay fallecidos a causa de ca\u00eddas, pero este a\u00f1o no hubo&#8221;, refiere el fot\u00f3grafo Abel Ju\u00e1rez, quien aport\u00f3 las fotograf\u00edas del Juego de Gallos y Carreras de Todos Santos Cuchumat\u00e1n del 2023.<\/p>\n<p><\/p>\t\t\t\t\t\t\t\t<\/div>\n\t\t\t\t<div class=\"elementor-element elementor-element-dd6e9f7 elementor-widget elementor-widget-image\" data-id=\"dd6e9f7\" data-element_type=\"widget\" data-e-type=\"widget\" data-widget_type=\"image.default\">\n\t\t\t\t\t\t\t\t\t\t\t\t<figure class=\"wp-caption\">\n\t\t\t\t\t\t\t\t\t\t<img loading=\"lazy\" decoding=\"async\" width=\"681\" height=\"1024\" src=\"https:\/\/soymigrante.com\/revista\/wp-content\/uploads\/2023\/11\/ts5-681x1024.webp\" class=\"attachment-large size-large wp-image-3176\" alt=\"El atuendo tradicional de las carreras de Todos Santos Cuchumat\u00e1n incluye sombrero decorado con plumas y pa\u00f1uelos, para exhibir alegr\u00eda y a la vez devoci\u00f3n por los esp\u00edritus de los ancestros. (Fotograf\u00eda de la carrera 2023 por Abel Ju\u00e1rez, especial para SoyMigrante.com)\" srcset=\"https:\/\/soymigrante.com\/revista\/wp-content\/uploads\/2023\/11\/ts5-681x1024.webp 681w, https:\/\/soymigrante.com\/revista\/wp-content\/uploads\/2023\/11\/ts5-199x300.webp 199w, https:\/\/soymigrante.com\/revista\/wp-content\/uploads\/2023\/11\/ts5-768x1156.webp 768w, https:\/\/soymigrante.com\/revista\/wp-content\/uploads\/2023\/11\/ts5-1021x1536.webp 1021w, https:\/\/soymigrante.com\/revista\/wp-content\/uploads\/2023\/11\/ts5-750x1129.webp 750w, https:\/\/soymigrante.com\/revista\/wp-content\/uploads\/2023\/11\/ts5-1140x1715.webp 1140w, https:\/\/soymigrante.com\/revista\/wp-content\/uploads\/2023\/11\/ts5.webp 1276w\" sizes=\"(max-width: 681px) 100vw, 681px\" title=\"El atuendo tradicional de los corredores de Todos Santos Cuchumat\u00e1n incluye sombrero decorado con plumas y pa\u00f1uelos, para exhibir alegr\u00eda y a la vez devoci\u00f3n por los esp\u00edritus de los ancestros. (Fotograf\u00eda de la carrera 2023 por Abel Ju\u00e1rez, especial para SoyMigrante.com) \u2013 SoyMigrante.com REVISTA\" \/>\t\t\t\t\t\t\t\t\t\t\t<figcaption class=\"widget-image-caption wp-caption-text\">El atuendo tradicional de los corredores de Todos Santos Cuchumat\u00e1n incluye sombrero decorado con plumas y pa\u00f1uelos, para exhibir alegr\u00eda y a la vez devoci\u00f3n por los esp\u00edritus de los ancestros. (Fotograf\u00eda de la carrera 2023 por Abel Ju\u00e1rez, especial para SoyMigrante.com)<\/figcaption>\n\t\t\t\t\t\t\t\t\t\t<\/figure>\n\t\t\t\t\t\t\t\t\t<\/div>\n\t\t\t\t\t<\/div>\n\t\t<\/div>\n\t\t\t\t\t<\/div>\n\t\t<\/section>\n\t\t\t\t<section data-particle_enable=\"false\" data-particle-mobile-disabled=\"false\" class=\"elementor-section elementor-top-section elementor-element elementor-element-5a7ebdd elementor-section-boxed elementor-section-height-default elementor-section-height-default\" data-id=\"5a7ebdd\" data-element_type=\"section\" data-e-type=\"section\">\n\t\t\t\t\t\t<div class=\"elementor-container elementor-column-gap-default\">\n\t\t\t\t\t<div class=\"elementor-column elementor-col-100 elementor-top-column elementor-element elementor-element-5164835\" data-id=\"5164835\" data-element_type=\"column\" data-e-type=\"column\">\n\t\t\t<div class=\"elementor-widget-wrap elementor-element-populated\">\n\t\t\t\t\t\t<div class=\"elementor-element elementor-element-0f01311 elementor-widget elementor-widget-video\" data-id=\"0f01311\" data-element_type=\"widget\" data-e-type=\"widget\" data-settings=\"{&quot;youtube_url&quot;:&quot;https:\\\/\\\/www.youtube.com\\\/watch?v=MlMnUlAtqYg&quot;,&quot;start&quot;:290,&quot;video_type&quot;:&quot;youtube&quot;,&quot;controls&quot;:&quot;yes&quot;}\" data-widget_type=\"video.default\">\n\t\t\t\t\t\t\t<div class=\"elementor-wrapper elementor-open-inline\">\n\t\t\t<div class=\"elementor-video\"><\/div>\t\t<\/div>\n\t\t\t\t\t\t<\/div>\n\t\t\t\t\t<\/div>\n\t\t<\/div>\n\t\t\t\t\t<\/div>\n\t\t<\/section>\n\t\t\t\t<section data-particle_enable=\"false\" data-particle-mobile-disabled=\"false\" class=\"elementor-section elementor-top-section elementor-element elementor-element-1fff372 elementor-section-boxed elementor-section-height-default elementor-section-height-default\" data-id=\"1fff372\" data-element_type=\"section\" data-e-type=\"section\">\n\t\t\t\t\t\t<div class=\"elementor-container elementor-column-gap-default\">\n\t\t\t\t\t<div class=\"elementor-column elementor-col-100 elementor-top-column elementor-element elementor-element-1764182\" data-id=\"1764182\" data-element_type=\"column\" data-e-type=\"column\">\n\t\t\t<div class=\"elementor-widget-wrap elementor-element-populated\">\n\t\t\t\t\t\t<div class=\"elementor-element elementor-element-e8f0c45 elementor-widget elementor-widget-google_maps\" data-id=\"e8f0c45\" data-element_type=\"widget\" data-e-type=\"widget\" data-widget_type=\"google_maps.default\">\n\t\t\t\t\t\t\t<div class=\"elementor-custom-embed\">\n\t\t\t<iframe loading=\"lazy\"\n\t\t\t\t\tsrc=\"https:\/\/maps.google.com\/maps?q=Todos%20Santos&#038;t=m&#038;z=10&#038;output=embed&#038;iwloc=near\"\n\t\t\t\t\ttitle=\"Todos Santos\"\n\t\t\t\t\taria-label=\"Todos Santos\"\n\t\t\t><\/iframe>\n\t\t<\/div>\n\t\t\t\t\t\t<\/div>\n\t\t\t\t\t<\/div>\n\t\t<\/div>\n\t\t\t\t\t<\/div>\n\t\t<\/section>\n\t\t\t\t<section data-particle_enable=\"false\" data-particle-mobile-disabled=\"false\" class=\"elementor-section elementor-top-section elementor-element elementor-element-984afa2 elementor-section-boxed elementor-section-height-default elementor-section-height-default\" data-id=\"984afa2\" data-element_type=\"section\" data-e-type=\"section\">\n\t\t\t\t\t\t<div class=\"elementor-container elementor-column-gap-default\">\n\t\t\t\t\t<div class=\"elementor-column elementor-col-100 elementor-top-column elementor-element elementor-element-b08b54c\" data-id=\"b08b54c\" data-element_type=\"column\" data-e-type=\"column\">\n\t\t\t<div class=\"elementor-widget-wrap elementor-element-populated\">\n\t\t\t\t\t\t<div class=\"elementor-element elementor-element-56057ea elementor-invisible elementor-widget elementor-widget-heading\" data-id=\"56057ea\" data-element_type=\"widget\" data-e-type=\"widget\" data-settings=\"{&quot;_animation&quot;:&quot;fadeInLeft&quot;}\" data-widget_type=\"heading.default\">\n\t\t\t\t\t<h2 class=\"elementor-heading-title elementor-size-default\">M\u00e1s de los Pueblos de Guatemala<\/h2>\t\t\t\t<\/div>\n\t\t\t\t\t<\/div>\n\t\t<\/div>\n\t\t\t\t\t<\/div>\n\t\t<\/section>\n\t\t\t\t<section data-particle_enable=\"false\" data-particle-mobile-disabled=\"false\" class=\"elementor-section elementor-top-section elementor-element elementor-element-541e781 elementor-section-boxed elementor-section-height-default elementor-section-height-default\" data-id=\"541e781\" data-element_type=\"section\" data-e-type=\"section\">\n\t\t\t\t\t\t<div class=\"elementor-container elementor-column-gap-default\">\n\t\t\t\t\t<div class=\"elementor-column elementor-col-100 elementor-top-column elementor-element elementor-element-96d1e86\" data-id=\"96d1e86\" data-element_type=\"column\" data-e-type=\"column\">\n\t\t\t<div class=\"elementor-widget-wrap elementor-element-populated\">\n\t\t\t\t\t\t<div class=\"elementor-element elementor-element-ad40133 elementor-invisible elementor-widget elementor-widget-blfe-post-grid\" data-id=\"ad40133\" data-element_type=\"widget\" data-e-type=\"widget\" data-settings=\"{&quot;columns&quot;:&quot;6&quot;,&quot;_animation&quot;:&quot;bounceInRight&quot;,&quot;columns_tablet&quot;:&quot;6&quot;,&quot;columns_mobile&quot;:&quot;12&quot;,&quot;classic1_layout_column_gap&quot;:{&quot;unit&quot;:&quot;px&quot;,&quot;size&quot;:30,&quot;sizes&quot;:[]},&quot;classic1_layout_column_gap_tablet&quot;:{&quot;unit&quot;:&quot;px&quot;,&quot;size&quot;:&quot;&quot;,&quot;sizes&quot;:[]},&quot;classic1_layout_column_gap_mobile&quot;:{&quot;unit&quot;:&quot;px&quot;,&quot;size&quot;:&quot;&quot;,&quot;sizes&quot;:[]},&quot;classic1_layout_row_gap&quot;:{&quot;unit&quot;:&quot;px&quot;,&quot;size&quot;:30,&quot;sizes&quot;:[]},&quot;classic1_layout_row_gap_tablet&quot;:{&quot;unit&quot;:&quot;px&quot;,&quot;size&quot;:&quot;&quot;,&quot;sizes&quot;:[]},&quot;classic1_layout_row_gap_mobile&quot;:{&quot;unit&quot;:&quot;px&quot;,&quot;size&quot;:&quot;&quot;,&quot;sizes&quot;:[]}}\" data-widget_type=\"blfe-post-grid.classic1\">\n\t\t\t\t<div class=\"elementor-widget-container\">\n\t\t\t\t\t\n                        <div class=\"blfe-post-grid-container \">\n            \n                <div data-skin=\"classic1\" class=\"blfe-row blfe-posts-inner blfe-classic1 blfe-posts-inner blfe-col-6 blfe-col-tab-6 blfe-col-mob-12     \">\n                            <div class=\"blfe-post-grid-item \">\n            <div class=\"blfe-post-grid-item-inner blfe-modern-zoom\">\n                <a class=\"blfe-post-grid-image\" href=\"https:\/\/soymigrante.com\/revista\/pueblo-xinka-esta-vivo-y-presente-en-el-suroriente-guatemalteco\/\" title=\"Pueblo Xinka est\u00e1 vivo y presente en el suroriente guatemalteco\" rel=\"nofollow\" target=\"_blank\"><img decoding=\"async\" src=\"https:\/\/soymigrante.com\/revista\/wp-content\/uploads\/2024\/09\/xincas.webp\" alt=\"Pueblo Xinka est\u00e1 vivo y presente en el suroriente guatemalteco\"\/><\/a>                <span class=\"blfe-post-category\"><a href=\"https:\/\/soymigrante.com\/revista\/category\/guate-nuestra\/pueblos-de-guatemala\/\">Pueblos de Guatemala<\/a><\/span>                <div class=\"blfe-post-grid-details\">\n                    <div class=\"blfe-post-grid-details-inner\">\n                        <h3 class=\"blfe-post-grid-title\">\n            <a href=\"https:\/\/soymigrante.com\/revista\/pueblo-xinka-esta-vivo-y-presente-en-el-suroriente-guatemalteco\/\" title=\"Pueblo Xinka est\u00e1 vivo y presente en el suroriente guatemalteco\" rel=\"nofollow\" target=\"_blank\">Pueblo Xinka est\u00e1 vivo y presente en el suroriente guatemalteco<\/a>\n            <\/h3>                        <p class=\"blfe-post-grid-excerpt\">El pueblo Xinka proviene de un tronco distinto a los pueblos mayas. Teor\u00edas los sit\u00faan como descendientes de migrantes andinos,...<\/p>                                    <div class=\"blfe-post-grid-meta\">\n                <span class=\"blfe-post-grid-time\"><i class=\"fas fa-book-reader\"><\/i>10 Min read<\/span>            <\/div>\n                                                        <\/div>\n                <\/div>\n\n            <\/div>\n        <\/div>\n                <div class=\"blfe-post-grid-item \">\n            <div class=\"blfe-post-grid-item-inner blfe-modern-zoom\">\n                <a class=\"blfe-post-grid-image\" href=\"https:\/\/soymigrante.com\/revista\/pueblo-tzutujil-se-cobija-en-el-lago-atitlan-hace-mas-de-7-siglos\/\" title=\"Pueblo Tz&#8217;utujil lleva m\u00e1s de 700 a\u00f1os en las riberas del  lago de Atitl\u00e1n\" rel=\"nofollow\" target=\"_blank\"><img decoding=\"async\" src=\"https:\/\/soymigrante.com\/revista\/wp-content\/uploads\/2024\/09\/tzutujil-2-1.webp\" alt=\"Pueblo Tz&#8217;utujil lleva m\u00e1s de 700 a\u00f1os en las riberas del  lago de Atitl\u00e1n\"\/><\/a>                <span class=\"blfe-post-category\"><a href=\"https:\/\/soymigrante.com\/revista\/category\/guate-nuestra\/pueblos-de-guatemala\/\">Pueblos de Guatemala<\/a><\/span>                <div class=\"blfe-post-grid-details\">\n                    <div class=\"blfe-post-grid-details-inner\">\n                        <h3 class=\"blfe-post-grid-title\">\n            <a href=\"https:\/\/soymigrante.com\/revista\/pueblo-tzutujil-se-cobija-en-el-lago-atitlan-hace-mas-de-7-siglos\/\" title=\"Pueblo Tz&#8217;utujil lleva m\u00e1s de 700 a\u00f1os en las riberas del  lago de Atitl\u00e1n\" rel=\"nofollow\" target=\"_blank\">Pueblo Tz&#8217;utujil lleva m\u00e1s de 700 a\u00f1os en las riberas del  lago de Atitl\u00e1n<\/a>\n            <\/h3>                        <p class=\"blfe-post-grid-excerpt\">El nombre de esta comunidad proviene del t\u00e9rmino Aj tz&#039; utujila&#039; que significa &quot;gente que viene del lugar de la...<\/p>                                    <div class=\"blfe-post-grid-meta\">\n                <span class=\"blfe-post-grid-time\"><i class=\"fas fa-book-reader\"><\/i>5 Min read<\/span>            <\/div>\n                                                        <\/div>\n                <\/div>\n\n            <\/div>\n        <\/div>\n                <div class=\"blfe-post-grid-item \">\n            <div class=\"blfe-post-grid-item-inner blfe-modern-zoom\">\n                <a class=\"blfe-post-grid-image\" href=\"https:\/\/soymigrante.com\/revista\/tzunun-tzii-es-el-nombre-prehispanico-del-pueblo-uspanteko-y-su-nahual-es-un-colibri\/\" title=\"Tz&#8217;unun Tziij es el nombre prehisp\u00e1nico del pueblo Uspanteko y su nahual es un colibr\u00ed\" rel=\"nofollow\" target=\"_blank\"><img decoding=\"async\" src=\"https:\/\/soymigrante.com\/revista\/wp-content\/uploads\/2024\/09\/uspanteko.webp\" alt=\"Tz&#8217;unun Tziij es el nombre prehisp\u00e1nico del pueblo Uspanteko y su nahual es un colibr\u00ed\"\/><\/a>                <span class=\"blfe-post-category\"><a href=\"https:\/\/soymigrante.com\/revista\/category\/guate-nuestra\/pueblos-de-guatemala\/\">Pueblos de Guatemala<\/a><\/span>                <div class=\"blfe-post-grid-details\">\n                    <div class=\"blfe-post-grid-details-inner\">\n                        <h3 class=\"blfe-post-grid-title\">\n            <a href=\"https:\/\/soymigrante.com\/revista\/tzunun-tzii-es-el-nombre-prehispanico-del-pueblo-uspanteko-y-su-nahual-es-un-colibri\/\" title=\"Tz&#8217;unun Tziij es el nombre prehisp\u00e1nico del pueblo Uspanteko y su nahual es un colibr\u00ed\" rel=\"nofollow\" target=\"_blank\">Tz&#8217;unun Tziij es el nombre prehisp\u00e1nico del pueblo Uspanteko y su nahual es un colibr\u00ed<\/a>\n            <\/h3>                        <p class=\"blfe-post-grid-excerpt\">Los Uspantekos resistieron seis a\u00f1os la invasi\u00f3n de los espa\u00f1oles a los cuales derrotaban con apoyo de guerreros Ixil y...<\/p>                                    <div class=\"blfe-post-grid-meta\">\n                <span class=\"blfe-post-grid-time\"><i class=\"fas fa-book-reader\"><\/i>7 Min read<\/span>            <\/div>\n                                                        <\/div>\n                <\/div>\n\n            <\/div>\n        <\/div>\n                <div class=\"blfe-post-grid-item \">\n            <div class=\"blfe-post-grid-item-inner blfe-modern-zoom\">\n                <a class=\"blfe-post-grid-image\" href=\"https:\/\/soymigrante.com\/revista\/pueblo-tektikeko-tiene-1500-anos-de-existencia-y-18-giros-para-llegar\/\" title=\"Pueblo Tektikeko tiene 1,500 a\u00f1os de existencia y 18 giros para llegar\" rel=\"nofollow\" target=\"_blank\"><img decoding=\"async\" src=\"https:\/\/soymigrante.com\/revista\/wp-content\/uploads\/2024\/09\/tektiteka-almg.webp\" alt=\"Pueblo Tektikeko tiene 1,500 a\u00f1os de existencia y 18 giros para llegar\"\/><\/a>                <span class=\"blfe-post-category\"><a href=\"https:\/\/soymigrante.com\/revista\/category\/guate-nuestra\/pueblos-de-guatemala\/\">Pueblos de Guatemala<\/a><\/span>                <div class=\"blfe-post-grid-details\">\n                    <div class=\"blfe-post-grid-details-inner\">\n                        <h3 class=\"blfe-post-grid-title\">\n            <a href=\"https:\/\/soymigrante.com\/revista\/pueblo-tektikeko-tiene-1500-anos-de-existencia-y-18-giros-para-llegar\/\" title=\"Pueblo Tektikeko tiene 1,500 a\u00f1os de existencia y 18 giros para llegar\" rel=\"nofollow\" target=\"_blank\">Pueblo Tektikeko tiene 1,500 a\u00f1os de existencia y 18 giros para llegar<\/a>\n            <\/h3>                        <p class=\"blfe-post-grid-excerpt\">El nombre del pueblo Tektiteko significa &quot;el que fue o vino con bien&quot;. Y de alguna manera eso se refleja...<\/p>                                    <div class=\"blfe-post-grid-meta\">\n                <span class=\"blfe-post-grid-time\"><i class=\"fas fa-book-reader\"><\/i>7 Min read<\/span>            <\/div>\n                                                        <\/div>\n                <\/div>\n\n            <\/div>\n        <\/div>\n                <div class=\"blfe-post-grid-item \">\n            <div class=\"blfe-post-grid-item-inner blfe-modern-zoom\">\n                <a class=\"blfe-post-grid-image\" href=\"https:\/\/soymigrante.com\/revista\/el-idioma-del-pueblo-sipakapense-fue-reconocido-hasta-1987\/\" title=\"El idioma del Pueblo Sipakapense fue reconocido hasta 1987\" rel=\"nofollow\" target=\"_blank\"><img decoding=\"async\" src=\"https:\/\/soymigrante.com\/revista\/wp-content\/uploads\/2024\/09\/producciones-ixchel.webp\" alt=\"El idioma del Pueblo Sipakapense fue reconocido hasta 1987\"\/><\/a>                <span class=\"blfe-post-category\"><a href=\"https:\/\/soymigrante.com\/revista\/category\/guate-nuestra\/pueblos-de-guatemala\/\">Pueblos de Guatemala<\/a><\/span>                <div class=\"blfe-post-grid-details\">\n                    <div class=\"blfe-post-grid-details-inner\">\n                        <h3 class=\"blfe-post-grid-title\">\n            <a href=\"https:\/\/soymigrante.com\/revista\/el-idioma-del-pueblo-sipakapense-fue-reconocido-hasta-1987\/\" title=\"El idioma del Pueblo Sipakapense fue reconocido hasta 1987\" rel=\"nofollow\" target=\"_blank\">El idioma del Pueblo Sipakapense fue reconocido hasta 1987<\/a>\n            <\/h3>                        <p class=\"blfe-post-grid-excerpt\">El municipio de Sipacapa, San Marcos, fue fundado en 1713 y es habitado por un pueblo maya que vino de...<\/p>                                    <div class=\"blfe-post-grid-meta\">\n                <span class=\"blfe-post-grid-time\"><i class=\"fas fa-book-reader\"><\/i>7 Min read<\/span>            <\/div>\n                                                        <\/div>\n                <\/div>\n\n            <\/div>\n        <\/div>\n                <div class=\"blfe-post-grid-item \">\n            <div class=\"blfe-post-grid-item-inner blfe-modern-zoom\">\n                <a class=\"blfe-post-grid-image\" href=\"https:\/\/soymigrante.com\/revista\/pueblo-sakapulteko-se-concentro-en-tajul-hace-mil-anos\/\" title=\"Pueblo Sakapulteko se concentr\u00f3 en la gran Tujaal hace mil a\u00f1os\" rel=\"nofollow\" target=\"_blank\"><img decoding=\"async\" src=\"https:\/\/soymigrante.com\/revista\/wp-content\/uploads\/2024\/09\/sakapulteko.webp\" alt=\"Pueblo Sakapulteko se concentr\u00f3 en la gran Tujaal hace mil a\u00f1os\"\/><\/a>                <span class=\"blfe-post-category\"><a href=\"https:\/\/soymigrante.com\/revista\/category\/guate-nuestra\/pueblos-de-guatemala\/\">Pueblos de Guatemala<\/a><\/span>                <div class=\"blfe-post-grid-details\">\n                    <div class=\"blfe-post-grid-details-inner\">\n                        <h3 class=\"blfe-post-grid-title\">\n            <a href=\"https:\/\/soymigrante.com\/revista\/pueblo-sakapulteko-se-concentro-en-tajul-hace-mil-anos\/\" title=\"Pueblo Sakapulteko se concentr\u00f3 en la gran Tujaal hace mil a\u00f1os\" rel=\"nofollow\" target=\"_blank\">Pueblo Sakapulteko se concentr\u00f3 en la gran Tujaal hace mil a\u00f1os<\/a>\n            <\/h3>                        <p class=\"blfe-post-grid-excerpt\">En antiguas pozas de agua caliente de Sacapulas, Quich\u00e9, el sakapulteko se sumerge y se da ba\u00f1os para purificar el...<\/p>                                    <div class=\"blfe-post-grid-meta\">\n                <span class=\"blfe-post-grid-time\"><i class=\"fas fa-book-reader\"><\/i>7 Min read<\/span>            <\/div>\n                                                        <\/div>\n                <\/div>\n\n            <\/div>\n        <\/div>\n                        <\/div>\n\n                        <\/div>\n            \n                        <div class=\"blfe-post-footer\">\n                        <\/div>\n            \t\t\t\t<\/div>\n\t\t\t\t<\/div>\n\t\t\t\t\t<\/div>\n\t\t<\/div>\n\t\t\t\t\t<\/div>\n\t\t<\/section>\n\t\t\t\t<\/div>\n\t\t","protected":false},"excerpt":{"rendered":"<p>El juego de gallos y la carrera deTodos Santos Cuchumat\u00e1n, Huehuetenango es solo la culminaci\u00f3n de la festividad patronal de un pueblo localizado a 279 kil\u00f3metros u 8 horas de viaje desde la capital de Guatemala. En la neblina comienzan a correr una y otra vez los todosanteros en memoria de los ancestros y celebrando [&hellip;]<\/p>\n","protected":false},"author":13,"featured_media":3168,"comment_status":"open","ping_status":"open","sticky":false,"template":"","format":"standard","meta":{"_acf_changed":false,"_eb_attr":"","footnotes":""},"categories":[58],"tags":[],"class_list":["post-3167","post","type-post","status-publish","format-standard","has-post-thumbnail","hentry","category-guate-nuestra"],"acf":[],"aioseo_notices":[],"aioseo_head":"\n\t\t<!-- All in One SEO Pro 4.9.6.2 - aioseo.com -->\n\t<meta name=\"description\" content=\"Su nombre deviene de Sacapulas, municipio de Quich\u00e9, en donde se concentran unos 10 mil hablantes de este idioma. Conoce m\u00e1s sobre su cultura.\" \/>\n\t<meta name=\"robots\" content=\"max-snippet:-1, max-image-preview:large, max-video-preview:-1\" \/>\n\t<meta name=\"author\" content=\"Edwin Castro\"\/>\n\t<link rel=\"canonical\" href=\"https:\/\/soymigrante.com\/revista\/pueblo-sakapulteko-se-concentro-en-tajul-hace-mil-anos\/\" \/>\n\t<meta name=\"generator\" content=\"All in One SEO Pro (AIOSEO) 4.9.6.2\" \/>\n\n\t\t<link rel=\"preconnect\" href=\"https:\/\/fonts.googleapis.com\" crossorigin>\n<link rel=\"preconnect\" href=\"https:\/\/fonts.gstatic.com\" crossorigin>\n\t\t<meta property=\"og:locale\" content=\"es_ES\" \/>\n\t\t<meta property=\"og:site_name\" content=\"SoyMigrante.com REVISTA \u2013 Nuestra misi\u00f3n es reconocer y dignificar al migrante.\" \/>\n\t\t<meta property=\"og:type\" content=\"article\" \/>\n\t\t<meta property=\"og:title\" content=\"Pueblo Sakapulteko se concentr\u00f3 en la gran Tujaal hace mil a\u00f1os\" \/>\n\t\t<meta property=\"og:description\" content=\"Su nombre deviene de Sacapulas, municipio de Quich\u00e9, en donde se concentran unos 10 mil hablantes de este idioma. Conoce m\u00e1s sobre su cultura.\" \/>\n\t\t<meta property=\"og:url\" content=\"https:\/\/soymigrante.com\/revista\/pueblo-sakapulteko-se-concentro-en-tajul-hace-mil-anos\/\" \/>\n\t\t<meta property=\"og:image\" content=\"https:\/\/soymigrante.com\/revista\/wp-content\/uploads\/2024\/09\/sakapulteko.webp\" \/>\n\t\t<meta property=\"og:image:secure_url\" content=\"https:\/\/soymigrante.com\/revista\/wp-content\/uploads\/2024\/09\/sakapulteko.webp\" \/>\n\t\t<meta property=\"og:image:width\" content=\"632\" \/>\n\t\t<meta property=\"og:image:height\" content=\"632\" \/>\n\t\t<meta property=\"article:published_time\" content=\"2024-09-20T17:12:45+00:00\" \/>\n\t\t<meta property=\"article:modified_time\" content=\"2026-03-25T23:54:11+00:00\" \/>\n\t\t<meta property=\"article:publisher\" content=\"https:\/\/www.facebook.com\/soymigrantecom\" \/>\n\t\t<meta name=\"twitter:card\" content=\"summary_large_image\" \/>\n\t\t<meta name=\"twitter:site\" content=\"@SoyMigrante_com\" \/>\n\t\t<meta name=\"twitter:title\" content=\"Pueblo Sakapulteko se concentr\u00f3 en la gran Tujaal hace mil a\u00f1os\" \/>\n\t\t<meta name=\"twitter:description\" content=\"Su nombre deviene de Sacapulas, municipio de Quich\u00e9, en donde se concentran unos 10 mil hablantes de este idioma. Conoce m\u00e1s sobre su cultura.\" \/>\n\t\t<meta name=\"twitter:creator\" content=\"@SoyMigrante_com\" \/>\n\t\t<meta name=\"twitter:image\" content=\"https:\/\/soymigrante.com\/revista\/wp-content\/uploads\/2024\/09\/sakapulteko.webp\" \/>\n\t\t<!-- All in One SEO Pro -->\r\n\t\t<title>Pueblo Sakapulteko se concentr\u00f3 en la gran Tujaal hace mil a\u00f1os<\/title>\n\n","aioseo_head_json":{"title":"Pueblo Sakapulteko se concentr\u00f3 en la gran Tujaal hace mil a\u00f1os","description":"Su nombre deviene de Sacapulas, municipio de Quich\u00e9, en donde se concentran unos 10 mil hablantes de este idioma. Conoce m\u00e1s sobre su cultura.","canonical_url":"https:\/\/soymigrante.com\/revista\/pueblo-sakapulteko-se-concentro-en-tajul-hace-mil-anos\/","robots":"max-snippet:-1, max-image-preview:large, max-video-preview:-1","keywords":"","webmasterTools":{"miscellaneous":"&lt;link rel=\"preconnect\" href=\"https:\/\/fonts.googleapis.com\" crossorigin&gt;\n&lt;link rel=\"preconnect\" href=\"https:\/\/fonts.gstatic.com\" crossorigin&gt;"},"schema":null,"og:locale":"es_ES","og:site_name":"SoyMigrante.com REVISTA \u2013 Nuestra misi\u00f3n es reconocer y dignificar al migrante.","og:type":"article","og:title":"Pueblo Sakapulteko se concentr\u00f3 en la gran Tujaal hace mil a\u00f1os","og:description":"Su nombre deviene de Sacapulas, municipio de Quich\u00e9, en donde se concentran unos 10 mil hablantes de este idioma. Conoce m\u00e1s sobre su cultura.","og:url":"https:\/\/soymigrante.com\/revista\/pueblo-sakapulteko-se-concentro-en-tajul-hace-mil-anos\/","og:image":"https:\/\/soymigrante.com\/revista\/wp-content\/uploads\/2024\/09\/sakapulteko.webp","og:image:secure_url":"https:\/\/soymigrante.com\/revista\/wp-content\/uploads\/2024\/09\/sakapulteko.webp","og:image:width":632,"og:image:height":632,"article:published_time":"2024-09-20T17:12:45+00:00","article:modified_time":"2026-03-25T23:54:11+00:00","article:publisher":"https:\/\/www.facebook.com\/soymigrantecom","twitter:card":"summary_large_image","twitter:site":"@SoyMigrante_com","twitter:title":"Pueblo Sakapulteko se concentr\u00f3 en la gran Tujaal hace mil a\u00f1os","twitter:description":"Su nombre deviene de Sacapulas, municipio de Quich\u00e9, en donde se concentran unos 10 mil hablantes de este idioma. Conoce m\u00e1s sobre su cultura.","twitter:creator":"@SoyMigrante_com","twitter:image":"https:\/\/soymigrante.com\/revista\/wp-content\/uploads\/2024\/09\/sakapulteko.webp"},"aioseo_meta_data":{"post_id":"3167","title":"Carrera de Todos Santos Cuchumat\u00e1n: \u00edcono Mam y de Guatemala","description":"Cada 1 de noviembre se celebran las Carreras de Caballos de Todos Santos Cuchumat\u00e1n. Nadie gana ni nadie pierde: todo es un ritual que se ha convertido en emblema","keywords":null,"keyphrases":{"focus":{"keyphrase":"Carrera de Todos Santos","score":60,"analysis":{"keyphraseInTitle":{"score":9,"maxScore":9,"error":0},"keyphraseInDescription":{"score":3,"maxScore":9,"error":1},"keyphraseLength":{"score":9,"maxScore":9,"error":0,"length":4},"keyphraseInURL":{"score":5,"maxScore":5,"error":0},"keyphraseInIntroduction":{"score":3,"maxScore":9,"error":1},"keyphraseInSubHeadings":{"score":3,"maxScore":9,"error":1},"keyphraseInImageAlt":{"score":9,"maxScore":9,"error":0},"keywordDensity":{"score":0,"type":"low","maxScore":9,"error":1}}},"additional":[]},"primary_term":null,"canonical_url":null,"og_title":null,"og_description":null,"og_object_type":"default","og_image_type":"default","og_image_url":null,"og_image_width":null,"og_image_height":null,"og_image_custom_url":null,"og_image_custom_fields":null,"og_video":"","og_custom_url":null,"og_article_section":null,"og_article_tags":null,"twitter_use_og":false,"twitter_card":"default","twitter_image_type":"default","twitter_image_url":null,"twitter_image_custom_url":null,"twitter_image_custom_fields":null,"twitter_title":null,"twitter_description":null,"schema":{"blockGraphs":[],"customGraphs":[],"default":{"data":{"Article":[],"Course":[],"Dataset":[],"FAQPage":[],"Movie":[],"Person":[],"Product":[],"ProductReview":[],"Car":[],"Recipe":[],"Service":[],"SoftwareApplication":[],"WebPage":[]},"graphName":"NewsArticle","isEnabled":true},"graphs":[]},"schema_type":"default","schema_type_options":null,"pillar_content":false,"robots_default":true,"robots_noindex":false,"robots_noarchive":false,"robots_nosnippet":false,"robots_nofollow":false,"robots_noimageindex":false,"robots_noodp":false,"robots_notranslate":false,"robots_max_snippet":"-1","robots_max_videopreview":"-1","robots_max_imagepreview":"large","priority":null,"frequency":"default","local_seo":null,"seo_analyzer_scan_date":"2025-11-01 05:15:18","breadcrumb_settings":null,"limit_modified_date":false,"reviewed_by":"0","open_ai":"{\"title\":{\"suggestions\":[],\"usage\":0},\"description\":{\"suggestions\":[],\"usage\":0}}","ai":{"faqs":[],"keyPoints":[],"titles":[],"descriptions":[],"socialPosts":{"email":[],"linkedin":[],"twitter":[],"facebook":[],"instagram":[]}},"created":"2023-11-02 06:18:48","updated":"2026-02-04 15:33:49"},"aioseo_breadcrumb":"<div class=\"aioseo-breadcrumbs\"><span class=\"aioseo-breadcrumb\">\n\t<a href=\"https:\/\/soymigrante.com\/revista\" title=\"Home\">Home<\/a>\n<\/span><span class=\"aioseo-breadcrumb-separator\">\u00bb<\/span><span class=\"aioseo-breadcrumb\">\n\t<a href=\"https:\/\/soymigrante.com\/revista\/category\/guate-nuestra\/\" title=\"Guate Nuestra\">Guate Nuestra<\/a>\n<\/span><span class=\"aioseo-breadcrumb-separator\">\u00bb<\/span><span class=\"aioseo-breadcrumb\">\n\tCarrera de Todos Santos Cuchumat\u00e1n: \u00edcono de Guatemala y de la cultura mam\n<\/span><\/div>","aioseo_breadcrumb_json":[{"label":"Home","link":"https:\/\/soymigrante.com\/revista"},{"label":"Guate Nuestra","link":"https:\/\/soymigrante.com\/revista\/category\/guate-nuestra\/"},{"label":"Carrera de Todos Santos Cuchumat\u00e1n: \u00edcono de Guatemala y de la cultura mam","link":"https:\/\/soymigrante.com\/revista\/carrera-de-todos-santos-cuchumatan-un-icono-de-guatemala-y-de-la-cultura-mam\/"}],"_links":{"self":[{"href":"https:\/\/soymigrante.com\/revista\/wp-json\/wp\/v2\/posts\/3167","targetHints":{"allow":["GET"]}}],"collection":[{"href":"https:\/\/soymigrante.com\/revista\/wp-json\/wp\/v2\/posts"}],"about":[{"href":"https:\/\/soymigrante.com\/revista\/wp-json\/wp\/v2\/types\/post"}],"author":[{"embeddable":true,"href":"https:\/\/soymigrante.com\/revista\/wp-json\/wp\/v2\/users\/13"}],"replies":[{"embeddable":true,"href":"https:\/\/soymigrante.com\/revista\/wp-json\/wp\/v2\/comments?post=3167"}],"version-history":[{"count":2,"href":"https:\/\/soymigrante.com\/revista\/wp-json\/wp\/v2\/posts\/3167\/revisions"}],"predecessor-version":[{"id":48008,"href":"https:\/\/soymigrante.com\/revista\/wp-json\/wp\/v2\/posts\/3167\/revisions\/48008"}],"wp:featuredmedia":[{"embeddable":true,"href":"https:\/\/soymigrante.com\/revista\/wp-json\/wp\/v2\/media\/3168"}],"wp:attachment":[{"href":"https:\/\/soymigrante.com\/revista\/wp-json\/wp\/v2\/media?parent=3167"}],"wp:term":[{"taxonomy":"category","embeddable":true,"href":"https:\/\/soymigrante.com\/revista\/wp-json\/wp\/v2\/categories?post=3167"},{"taxonomy":"post_tag","embeddable":true,"href":"https:\/\/soymigrante.com\/revista\/wp-json\/wp\/v2\/tags?post=3167"}],"curies":[{"name":"wp","href":"https:\/\/api.w.org\/{rel}","templated":true}]}}