{"id":31662,"date":"2026-04-18T10:27:38","date_gmt":"2026-04-18T16:27:38","guid":{"rendered":"https:\/\/soymigrante.com\/revista\/?p=31662"},"modified":"2026-04-18T10:27:48","modified_gmt":"2026-04-18T16:27:48","slug":"dia-de-la-tierra-10-joyas-naturales-de-guatemala-que-se-necesita-proteger-y-conservar","status":"publish","type":"post","link":"https:\/\/soymigrante.com\/revista\/dia-de-la-tierra-10-joyas-naturales-de-guatemala-que-se-necesita-proteger-y-conservar\/","title":{"rendered":"Viene el D\u00eda de la Tierra: Joyas Naturales de Guatemala que puedes visitar y admirar"},"content":{"rendered":"\t\t<div data-elementor-type=\"wp-post\" data-elementor-id=\"31662\" class=\"elementor elementor-31662\" data-elementor-post-type=\"post\">\n\t\t\t\t<div data-particle_enable=\"false\" data-particle-mobile-disabled=\"false\" class=\"elementor-element elementor-element-48caec5 e-flex e-con-boxed e-con e-parent\" data-id=\"48caec5\" data-element_type=\"container\" data-e-type=\"container\">\n\t\t\t\t\t<div class=\"e-con-inner\">\n\t\t\t\t<div class=\"elementor-element elementor-element-e5f7abf elementor-widget elementor-widget-heading\" data-id=\"e5f7abf\" data-element_type=\"widget\" data-e-type=\"widget\" data-widget_type=\"heading.default\">\n\t\t\t\t\t<h2 class=\"elementor-heading-title elementor-size-default\">Desde hace 55 a\u00f1os se conmemora el D\u00eda de la Tierra: ocasi\u00f3n para valorar los recursos naturales y las joyas ecol\u00f3gicas en las cuales la naturaleza deslumbra. Guatemala tiene muchas y esas son solo algunas, que vale la pena cuidar.<\/h2>\t\t\t\t<\/div>\n\t\t\t\t\t<\/div>\n\t\t\t\t<\/div>\n\t\t<div data-particle_enable=\"false\" data-particle-mobile-disabled=\"false\" class=\"elementor-element elementor-element-c12aadb e-flex e-con-boxed e-con e-parent\" data-id=\"c12aadb\" data-element_type=\"container\" data-e-type=\"container\">\n\t\t\t\t\t<div class=\"e-con-inner\">\n\t\t\t\t<div class=\"elementor-element elementor-element-c17c3e1 elementor-widget elementor-widget-text-editor\" data-id=\"c17c3e1\" data-element_type=\"widget\" data-e-type=\"widget\" data-widget_type=\"text-editor.default\">\n\t\t\t\t\t\t\t\t\t<p>Guatemala es Tierra de sol y de monta\u00f1a, como la llam\u00f3 el poeta Jos\u00e9 Rodr\u00edguez Cerna en el siglo XIX. Tierra de \u00e1rboles, seg\u00fan una de las posibles traducciones del <a href=\"https:\/\/soymigrante.com\/revista\/nombre-guatemala-cumple-500-anos-escrito-carta-conquistador-pedro-de-alvrado\/\">nombre Guatemala<\/a>. Lugar de r\u00edos y cascadas que platican mientras cruzan los bosques, hasta que se encuentran con el cielo en una cascada blanca.<\/p>\n<p><a href=\"https:\/\/soymigrante.com\/revista\/nombre-guatemala-cumple-500-anos-escrito-carta-conquistador-pedro-de-alvrado\/\">Guatemala<\/a> ha perdido m\u00e1s de la mitad de su cobertura forestal en 100 a\u00f1os, a causa de los incendios forestales, de la sustituci\u00f3n de cultivos y la plantaci\u00f3n de otras especies ajenas. Tambi\u00e9n se han contaminado r\u00edos y lagos por falta de reglamentos ambientales y responsabilidad de las autoridades.&nbsp;<\/p>\n<p>Y a\u00fan as\u00ed, quedan maravillas naturales por <a href=\"https:\/\/soymigrante.com\/revista\/educacion-en-pertinencia-ambiental-y-respeto-a-la-naturaleza-es-clave-para-el-futuro\/\">admirar, conservar y dejar <\/a>a las siguientes generaciones. En el D\u00eda de la Tierra esta es una s\u00edntesis de lugares en donde los ecosistemas guatemaltecos deslumbran con su esplendor y belleza.<\/p>\t\t\t\t\t\t\t\t<\/div>\n\t\t\t\t\t<\/div>\n\t\t\t\t<\/div>\n\t\t<div data-particle_enable=\"false\" data-particle-mobile-disabled=\"false\" class=\"elementor-element elementor-element-f070a1f e-flex e-con-boxed e-con e-parent\" data-id=\"f070a1f\" data-element_type=\"container\" data-e-type=\"container\">\n\t\t\t\t\t<div class=\"e-con-inner\">\n\t\t\t\t<div class=\"elementor-element elementor-element-3ec8ed8 elementor-grid-eael-col-1 elementor-grid-tablet-eael-col-2 elementor-grid-mobile-eael-col-1 elementor-widget elementor-widget-eael-post-grid\" data-id=\"3ec8ed8\" data-element_type=\"widget\" data-e-type=\"widget\" data-settings=\"{&quot;eael_post_grid_columns&quot;:&quot;eael-col-1&quot;,&quot;eael_post_grid_columns_tablet&quot;:&quot;eael-col-2&quot;,&quot;eael_post_grid_columns_mobile&quot;:&quot;eael-col-1&quot;}\" data-widget_type=\"eael-post-grid.default\">\n\t\t\t\t\t<div id=\"eael-post-grid-3ec8ed8\" class=\"eael-post-grid-container\">\n            <div class=\"eael-post-grid eael-post-appender eael-post-appender-3ec8ed8 eael-post-grid-style-one\" data-layout-mode=\"masonry\"><article class=\"eael-grid-post  eael-post-grid-column eael-pg-post-22345 category-guate-nuestra\" data-id=\"22345\">\n        <div class=\"eael-grid-post-holder\">\n            <div class=\"eael-grid-post-holder-inner\"><div class=\"eael-entry-media\"><div class=\"eael-entry-overlay fade-in\"><i class=\"far fa-hand-pointer\" aria-hidden=\"true\"><\/i><a href=\"https:\/\/soymigrante.com\/revista\/semuc-champey-una-joya-natural-escondida-en-lanquin-alta-verapaz\/\"><\/a><\/div><div class=\"eael-entry-thumbnail eael-image-ratio\">\n                <img fetchpriority=\"high\" decoding=\"async\" width=\"913\" height=\"625\" src=\"https:\/\/soymigrante.com\/revista\/wp-content\/uploads\/2025\/01\/Semuc-Champey-Un-parai\u0301so-natural-escondido-en-Alta-Verapaz-1-e1737667611366.webp\" class=\"attachment-large size-large wp-image-22346\" alt=\"Semuc Champey: Un para\u00edso natural escondido en Alta Verapaz\" \/>\n            <\/div>\n        <\/div><div class=\"eael-entry-wrapper\"><header class=\"eael-entry-header\"><h2 class=\"eael-entry-title\"><a class=\"eael-grid-post-link\" href=\"https:\/\/soymigrante.com\/revista\/semuc-champey-una-joya-natural-escondida-en-lanquin-alta-verapaz\/\" title=\"Semuc Champey: Una joya natural escondida en Lanqu\u00edn, Alta Verapaz\">Semuc Champey: Una joya natural escondida en Lanqu\u00edn, Alta Verapaz<\/a><\/h2><\/header><div class=\"eael-entry-content\">\n                        <div class=\"eael-grid-post-excerpt\"><p>Semuc Champey no solo es un destino que encanta por su belleza, sino tambi\u00e9n un espacio que conecta a los visitantes con la naturaleza y la cultura guatemalteca. Localizadoen el coraz\u00f3n de Alta Verapaz, Semuc Champey es uno de los destinos tur\u00edsticos...<\/p><a href=\"https:\/\/soymigrante.com\/revista\/semuc-champey-una-joya-natural-escondida-en-lanquin-alta-verapaz\/\" class=\"eael-post-elements-readmore-btn\">QUIERO SABER M\u00c1S<\/a><\/div>\n                    <\/div><\/div><\/div>\n        <\/div>\n    <\/article><article class=\"eael-grid-post  eael-post-grid-column eael-pg-post-30271 category-guate-nuestra\" data-id=\"30271\">\n        <div class=\"eael-grid-post-holder\">\n            <div class=\"eael-grid-post-holder-inner\"><div class=\"eael-entry-media\"><div class=\"eael-entry-overlay fade-in\"><i class=\"far fa-hand-pointer\" aria-hidden=\"true\"><\/i><a href=\"https:\/\/soymigrante.com\/revista\/reserva-biosfera-trifinio-fraternidad-esto-debes-saber\/\"><\/a><\/div><div class=\"eael-entry-thumbnail eael-image-ratio\">\n                <img decoding=\"async\" width=\"474\" height=\"355\" src=\"https:\/\/soymigrante.com\/revista\/wp-content\/uploads\/2025\/04\/Biosfera-Trifinio-Fraternidad-2.webp\" class=\"attachment-large size-large wp-image-30272\" alt=\"Paisaje de monta\u00f1as verdes con niebla y cielo nublado en un entorno natural en Am\u00e9rica Latina.\" srcset=\"https:\/\/soymigrante.com\/revista\/wp-content\/uploads\/2025\/04\/Biosfera-Trifinio-Fraternidad-2.webp 474w, https:\/\/soymigrante.com\/revista\/wp-content\/uploads\/2025\/04\/Biosfera-Trifinio-Fraternidad-2-300x225.jpg 300w\" sizes=\"(max-width: 474px) 100vw, 474px\" \/>\n            <\/div>\n        <\/div><div class=\"eael-entry-wrapper\"><header class=\"eael-entry-header\"><h2 class=\"eael-entry-title\"><a class=\"eael-grid-post-link\" href=\"https:\/\/soymigrante.com\/revista\/reserva-biosfera-trifinio-fraternidad-esto-debes-saber\/\" title=\"Reserva Biosfera Trifinio-Fraternidad: bosque compartido por Guatemala, El Salvador y Honduras\">Reserva Biosfera Trifinio-Fraternidad: bosque compartido por Guatemala, El Salvador y Honduras<\/a><\/h2><\/header><div class=\"eael-entry-content\">\n                        <div class=\"eael-grid-post-excerpt\"><p>La Biosfera Trifinio-Fraternidad es un modelo de ayuda y cooperaci\u00f3n entre varios pa\u00edses de la regi\u00f3n, una muestra de la amistad entre pa\u00edses. La Reserva de la Biosfera Trifinio-Fraternidad es un \u00e1rea protegida de car\u00e1cter transfronterizo que abarca territorios de El Salvador,...<\/p><a href=\"https:\/\/soymigrante.com\/revista\/reserva-biosfera-trifinio-fraternidad-esto-debes-saber\/\" class=\"eael-post-elements-readmore-btn\">QUIERO SABER M\u00c1S<\/a><\/div>\n                    <\/div><\/div><\/div>\n        <\/div>\n    <\/article><article class=\"eael-grid-post  eael-post-grid-column eael-pg-post-21949 category-guate-nuestra\" data-id=\"21949\">\n        <div class=\"eael-grid-post-holder\">\n            <div class=\"eael-grid-post-holder-inner\"><div class=\"eael-entry-media\"><div class=\"eael-entry-overlay fade-in\"><i class=\"far fa-hand-pointer\" aria-hidden=\"true\"><\/i><a href=\"https:\/\/soymigrante.com\/revista\/parque-nacional-sierra-de-las-minas-un-tesoro-natural-de-tres-departamentos-de-guatemala\/\"><\/a><\/div><div class=\"eael-entry-thumbnail eael-image-ratio\">\n                <img decoding=\"async\" width=\"1024\" height=\"571\" src=\"https:\/\/soymigrante.com\/revista\/wp-content\/uploads\/2025\/01\/Parque-Sierra-de-las-Minas4-1024x571.jpeg\" class=\"attachment-large size-large wp-image-21950\" alt=\"Cascada natural en la selva con vegetaci\u00f3n exuberante, agua cristalina y rocas, entorno de naturaleza en un paisaje de r\u00edo de agua en movimiento, ideal para exploradores y amantes de la naturaleza en el sur de Am\u00e9rica Latina.\" \/>\n            <\/div>\n        <\/div><div class=\"eael-entry-wrapper\"><header class=\"eael-entry-header\"><h2 class=\"eael-entry-title\"><a class=\"eael-grid-post-link\" href=\"https:\/\/soymigrante.com\/revista\/parque-nacional-sierra-de-las-minas-un-tesoro-natural-de-tres-departamentos-de-guatemala\/\" title=\"Parque Nacional Sierra de las Minas: Un tesoro natural de tres departamentos de Guatemala\">Parque Nacional Sierra de las Minas: Un tesoro natural de tres departamentos de Guatemala<\/a><\/h2><\/header><div class=\"eael-entry-content\">\n                        <div class=\"eael-grid-post-excerpt\"><p>Si buscas un destino que combine aventura, tranquilidad y contacto con la naturaleza, la Sierra de las Minas es una parada obligatoria. El Parque Sierra de las Minas, una joya natural y refugio de biodiversidad, es uno de los destinos m\u00e1s impresionantes...<\/p><a href=\"https:\/\/soymigrante.com\/revista\/parque-nacional-sierra-de-las-minas-un-tesoro-natural-de-tres-departamentos-de-guatemala\/\" class=\"eael-post-elements-readmore-btn\">QUIERO SABER M\u00c1S<\/a><\/div>\n                    <\/div><\/div><\/div>\n        <\/div>\n    <\/article><article class=\"eael-grid-post  eael-post-grid-column eael-pg-post-22124 category-guate-nuestra\" data-id=\"22124\">\n        <div class=\"eael-grid-post-holder\">\n            <div class=\"eael-grid-post-holder-inner\"><div class=\"eael-entry-media\"><div class=\"eael-entry-overlay fade-in\"><i class=\"far fa-hand-pointer\" aria-hidden=\"true\"><\/i><a href=\"https:\/\/soymigrante.com\/revista\/laguna-de-lachua-es-un-paraiso-de-tranquilidad-en-alta-verapaz\/\"><\/a><\/div><div class=\"eael-entry-thumbnail eael-image-ratio\">\n                <img loading=\"lazy\" decoding=\"async\" width=\"1000\" height=\"800\" src=\"https:\/\/soymigrante.com\/revista\/wp-content\/uploads\/2025\/01\/Laguna-Lachua2.webp\" class=\"attachment-large size-large wp-image-22125\" alt=\"R\u00edo cristalino rodeado de vegetaci\u00f3n en un entorno natural y tranquilo, ideal para promover la ecolog\u00eda y la conservaci\u00f3n en la regi\u00f3n.\" srcset=\"https:\/\/soymigrante.com\/revista\/wp-content\/uploads\/2025\/01\/Laguna-Lachua2.webp 1000w, https:\/\/soymigrante.com\/revista\/wp-content\/uploads\/2025\/01\/Laguna-Lachua2-300x240.jpeg 300w, https:\/\/soymigrante.com\/revista\/wp-content\/uploads\/2025\/01\/Laguna-Lachua2-768x614.jpeg 768w, https:\/\/soymigrante.com\/revista\/wp-content\/uploads\/2025\/01\/Laguna-Lachua2-750x600.webp 750w\" sizes=\"(max-width: 1000px) 100vw, 1000px\" \/>\n            <\/div>\n        <\/div><div class=\"eael-entry-wrapper\"><header class=\"eael-entry-header\"><h2 class=\"eael-entry-title\"><a class=\"eael-grid-post-link\" href=\"https:\/\/soymigrante.com\/revista\/laguna-de-lachua-es-un-paraiso-de-tranquilidad-en-alta-verapaz\/\" title=\"Laguna de Lachu\u00e1 es un para\u00edso de tranquilidad en Alta Verapaz\">Laguna de Lachu\u00e1 es un para\u00edso de tranquilidad en Alta Verapaz<\/a><\/h2><\/header><div class=\"eael-entry-content\">\n                        <div class=\"eael-grid-post-excerpt\"><p>La Laguna Lachu\u00e1 es un destino ideal para quienes buscan desconectarse del bullicio de la ciudad y reconectar con la naturaleza en su estado m\u00e1s puro. Ubicada en el departamento de Alta Verapaz, la Laguna Lachu\u00e1 es un tesoro escondido de Guatemala...<\/p><a href=\"https:\/\/soymigrante.com\/revista\/laguna-de-lachua-es-un-paraiso-de-tranquilidad-en-alta-verapaz\/\" class=\"eael-post-elements-readmore-btn\">QUIERO SABER M\u00c1S<\/a><\/div>\n                    <\/div><\/div><\/div>\n        <\/div>\n    <\/article><article class=\"eael-grid-post  eael-post-grid-column eael-pg-post-6257 category-guate-nuestra tags-volcanes-de-guatemala\" data-id=\"6257\">\n        <div class=\"eael-grid-post-holder\">\n            <div class=\"eael-grid-post-holder-inner\"><div class=\"eael-entry-media\"><div class=\"eael-entry-overlay fade-in\"><i class=\"far fa-hand-pointer\" aria-hidden=\"true\"><\/i><a href=\"https:\/\/soymigrante.com\/revista\/laguna-de-chicabal-volcan-quetzaltenango-guatemala\/\"><\/a><\/div><div class=\"eael-entry-thumbnail eael-image-ratio\">\n                <img loading=\"lazy\" decoding=\"async\" width=\"1024\" height=\"683\" src=\"https:\/\/soymigrante.com\/revista\/wp-content\/uploads\/2024\/05\/283605236_375790244585293_6426920808319298456_n-1024x683.webp\" class=\"attachment-large size-large wp-image-6326\" alt=\"Espejo de agua en medio de la selva en un paisaje natural, mujer con los brazos abiertos disfrutando vista panor\u00e1mica en un destino ecotur\u00edstico, turismo de naturaleza y aventuras en Latinoam\u00e9rica.\" srcset=\"https:\/\/soymigrante.com\/revista\/wp-content\/uploads\/2024\/05\/283605236_375790244585293_6426920808319298456_n-1024x683.webp 1024w, https:\/\/soymigrante.com\/revista\/wp-content\/uploads\/2024\/05\/283605236_375790244585293_6426920808319298456_n-300x200.webp 300w, https:\/\/soymigrante.com\/revista\/wp-content\/uploads\/2024\/05\/283605236_375790244585293_6426920808319298456_n-768x512.webp 768w, https:\/\/soymigrante.com\/revista\/wp-content\/uploads\/2024\/05\/283605236_375790244585293_6426920808319298456_n-1536x1024.webp 1536w, https:\/\/soymigrante.com\/revista\/wp-content\/uploads\/2024\/05\/283605236_375790244585293_6426920808319298456_n-750x500.webp 750w, https:\/\/soymigrante.com\/revista\/wp-content\/uploads\/2024\/05\/283605236_375790244585293_6426920808319298456_n-1140x760.webp 1140w, https:\/\/soymigrante.com\/revista\/wp-content\/uploads\/2024\/05\/283605236_375790244585293_6426920808319298456_n.webp 1920w\" sizes=\"(max-width: 1024px) 100vw, 1024px\" \/>\n            <\/div>\n        <\/div><div class=\"eael-entry-wrapper\"><header class=\"eael-entry-header\"><h2 class=\"eael-entry-title\"><a class=\"eael-grid-post-link\" href=\"https:\/\/soymigrante.com\/revista\/laguna-de-chicabal-volcan-quetzaltenango-guatemala\/\" title=\"Laguna de Chicabal migr\u00f3 al cr\u00e1ter de un volc\u00e1n\">Laguna de Chicabal migr\u00f3 al cr\u00e1ter de un volc\u00e1n<\/a><\/h2><\/header><div class=\"eael-entry-content\">\n                        <div class=\"eael-grid-post-excerpt\"><p>La laguna de Chicabal, en San Mart\u00edn Sacatep\u00e9quez, Quetzaltenango es zona protegida por su riqueza ecol\u00f3gica y territorio ceremonial de la etnia mam. La laguna de Chicabal est\u00e1 ubicada en el cr\u00e1ter del volc\u00e1n del mismo nombre.\u00a0Pertenece al municipio de San Mart\u00edn...<\/p><a href=\"https:\/\/soymigrante.com\/revista\/laguna-de-chicabal-volcan-quetzaltenango-guatemala\/\" class=\"eael-post-elements-readmore-btn\">QUIERO SABER M\u00c1S<\/a><\/div>\n                    <\/div><\/div><\/div>\n        <\/div>\n    <\/article><article class=\"eael-grid-post  eael-post-grid-column eael-pg-post-26550 category-guate-nuestra\" data-id=\"26550\">\n        <div class=\"eael-grid-post-holder\">\n            <div class=\"eael-grid-post-holder-inner\"><div class=\"eael-entry-media\"><div class=\"eael-entry-overlay fade-in\"><i class=\"far fa-hand-pointer\" aria-hidden=\"true\"><\/i><a href=\"https:\/\/soymigrante.com\/revista\/la-catarata-mas-alta-de-guatemala-y-de-toda-c-a-esta-en-san-marcos-como-se-llama\/\"><\/a><\/div><div class=\"eael-entry-thumbnail eael-image-ratio\">\n                <img loading=\"lazy\" decoding=\"async\" width=\"1024\" height=\"576\" src=\"https:\/\/soymigrante.com\/revista\/wp-content\/uploads\/2025\/02\/Cataratas-La-Igualdad--1024x576.jpeg\" class=\"attachment-large size-large wp-image-26551\" alt=\"Cascada en un entorno natural, rodeada de vegetaci\u00f3n exuberante y paredes rocosas, ideal para deportes de aventura y turismo ecol\u00f3gico.\" srcset=\"https:\/\/soymigrante.com\/revista\/wp-content\/uploads\/2025\/02\/Cataratas-La-Igualdad--1024x576.jpeg 1024w, https:\/\/soymigrante.com\/revista\/wp-content\/uploads\/2025\/02\/Cataratas-La-Igualdad--300x169.jpeg 300w, https:\/\/soymigrante.com\/revista\/wp-content\/uploads\/2025\/02\/Cataratas-La-Igualdad--768x432.jpeg 768w, https:\/\/soymigrante.com\/revista\/wp-content\/uploads\/2025\/02\/Cataratas-La-Igualdad--1536x864.jpeg 1536w, https:\/\/soymigrante.com\/revista\/wp-content\/uploads\/2025\/02\/Cataratas-La-Igualdad--2048x1152.jpeg 2048w, https:\/\/soymigrante.com\/revista\/wp-content\/uploads\/2025\/02\/Cataratas-La-Igualdad--750x422.webp 750w, https:\/\/soymigrante.com\/revista\/wp-content\/uploads\/2025\/02\/Cataratas-La-Igualdad--1140x641.webp 1140w, https:\/\/soymigrante.com\/revista\/wp-content\/uploads\/2025\/02\/Cataratas-La-Igualdad-.webp 1920w\" sizes=\"(max-width: 1024px) 100vw, 1024px\" \/>\n            <\/div>\n        <\/div><div class=\"eael-entry-wrapper\"><header class=\"eael-entry-header\"><h2 class=\"eael-entry-title\"><a class=\"eael-grid-post-link\" href=\"https:\/\/soymigrante.com\/revista\/la-catarata-mas-alta-de-guatemala-y-de-toda-c-a-esta-en-san-marcos-como-se-llama\/\" title=\"La catarata m\u00e1s alta de Guatemala y de toda C.A. est\u00e1 en San Marcos \u00bfC\u00f3mo se llama?\">La catarata m\u00e1s alta de Guatemala y de toda C.A. est\u00e1 en San Marcos \u00bfC\u00f3mo se llama?<\/a><\/h2><\/header><div class=\"eael-entry-content\">\n                        <div class=\"eael-grid-post-excerpt\"><p>Catarata La Igualdad implica una caminata por senderos rodeados de plantaciones de caf\u00e9 y banano. Enclavada en las faldas del imponente Volc\u00e1n Tajumulco, en el municipio de San Pablo, departamento de San Marcos, se encuentra la Catarata La Igualdad. Con una ca\u00edda...<\/p><a href=\"https:\/\/soymigrante.com\/revista\/la-catarata-mas-alta-de-guatemala-y-de-toda-c-a-esta-en-san-marcos-como-se-llama\/\" class=\"eael-post-elements-readmore-btn\">QUIERO SABER M\u00c1S<\/a><\/div>\n                    <\/div><\/div><\/div>\n        <\/div>\n    <\/article><article class=\"eael-grid-post  eael-post-grid-column eael-pg-post-22317 category-guate-nuestra\" data-id=\"22317\">\n        <div class=\"eael-grid-post-holder\">\n            <div class=\"eael-grid-post-holder-inner\"><div class=\"eael-entry-media\"><div class=\"eael-entry-overlay fade-in\"><i class=\"far fa-hand-pointer\" aria-hidden=\"true\"><\/i><a href=\"https:\/\/soymigrante.com\/revista\/el-salto-del-chilasco-en-baja-verapaz-es-el-alma-visible-de-la-montana-nubosa\/\"><\/a><\/div><div class=\"eael-entry-thumbnail eael-image-ratio\">\n                <img loading=\"lazy\" decoding=\"async\" width=\"1024\" height=\"1024\" src=\"https:\/\/soymigrante.com\/revista\/wp-content\/uploads\/2025\/01\/El-Salto-del-Chilasco\u0301-Un-tesoro-natural-en-Baja-Verapaz-1-e1737658480503-1024x1024.jpeg\" class=\"attachment-large size-large wp-image-22319\" alt=\"El Salto del Chilasc\u00f3: Un tesoro natural en Baja Verapaz\" srcset=\"https:\/\/soymigrante.com\/revista\/wp-content\/uploads\/2025\/01\/El-Salto-del-Chilasco\u0301-Un-tesoro-natural-en-Baja-Verapaz-1-e1737658480503-1024x1024.jpeg 1024w, https:\/\/soymigrante.com\/revista\/wp-content\/uploads\/2025\/01\/El-Salto-del-Chilasco\u0301-Un-tesoro-natural-en-Baja-Verapaz-1-e1737658480503-300x300.jpeg 300w, https:\/\/soymigrante.com\/revista\/wp-content\/uploads\/2025\/01\/El-Salto-del-Chilasco\u0301-Un-tesoro-natural-en-Baja-Verapaz-1-e1737658480503-150x150.jpeg 150w, https:\/\/soymigrante.com\/revista\/wp-content\/uploads\/2025\/01\/El-Salto-del-Chilasco\u0301-Un-tesoro-natural-en-Baja-Verapaz-1-e1737658480503-768x768.jpeg 768w, https:\/\/soymigrante.com\/revista\/wp-content\/uploads\/2025\/01\/El-Salto-del-Chilasco\u0301-Un-tesoro-natural-en-Baja-Verapaz-1-e1737658480503-75x75.webp 75w, https:\/\/soymigrante.com\/revista\/wp-content\/uploads\/2025\/01\/El-Salto-del-Chilasco\u0301-Un-tesoro-natural-en-Baja-Verapaz-1-e1737658480503-750x750.webp 750w, https:\/\/soymigrante.com\/revista\/wp-content\/uploads\/2025\/01\/El-Salto-del-Chilasco\u0301-Un-tesoro-natural-en-Baja-Verapaz-1-e1737658480503-1140x1140.webp 1140w, https:\/\/soymigrante.com\/revista\/wp-content\/uploads\/2025\/01\/El-Salto-del-Chilasco\u0301-Un-tesoro-natural-en-Baja-Verapaz-1-e1737658480503.webp 1365w\" sizes=\"(max-width: 1024px) 100vw, 1024px\" \/>\n            <\/div>\n        <\/div><div class=\"eael-entry-wrapper\"><header class=\"eael-entry-header\"><h2 class=\"eael-entry-title\"><a class=\"eael-grid-post-link\" href=\"https:\/\/soymigrante.com\/revista\/el-salto-del-chilasco-en-baja-verapaz-es-el-alma-visible-de-la-montana-nubosa\/\" title=\"El Salto del Chilasc\u00f3 es el alma de una monta\u00f1a nubosa en Baja Verapaz\">El Salto del Chilasc\u00f3 es el alma de una monta\u00f1a nubosa en Baja Verapaz<\/a><\/h2><\/header><div class=\"eael-entry-content\">\n                        <div class=\"eael-grid-post-excerpt\"><p>El Salto del Chilasc\u00f3 es una joya natural que combina belleza, biodiversidad y aventura en Baja Verapaz. La sola caminata para llegar hasta ella es un desaf\u00edo f\u00edsico con una hermosa recompensa. El Salto del Chilasc\u00f3, ubicado en el departamento de Baja...<\/p><a href=\"https:\/\/soymigrante.com\/revista\/el-salto-del-chilasco-en-baja-verapaz-es-el-alma-visible-de-la-montana-nubosa\/\" class=\"eael-post-elements-readmore-btn\">QUIERO SABER M\u00c1S<\/a><\/div>\n                    <\/div><\/div><\/div>\n        <\/div>\n    <\/article><article class=\"eael-grid-post  eael-post-grid-column eael-pg-post-28332 category-guate-nuestra\" data-id=\"28332\">\n        <div class=\"eael-grid-post-holder\">\n            <div class=\"eael-grid-post-holder-inner\"><div class=\"eael-entry-media\"><div class=\"eael-entry-overlay fade-in\"><i class=\"far fa-hand-pointer\" aria-hidden=\"true\"><\/i><a href=\"https:\/\/soymigrante.com\/revista\/el-canal-de-chiquimulilla-tesoro-turistico-y-ecologico-del-sur\/\"><\/a><\/div><div class=\"eael-entry-thumbnail eael-image-ratio\">\n                <img loading=\"lazy\" decoding=\"async\" width=\"1024\" height=\"1024\" src=\"https:\/\/soymigrante.com\/revista\/wp-content\/uploads\/2025\/03\/canal-de-chiquimulilla-7-1024x1024.jpg\" class=\"attachment-large size-large wp-image-28415\" alt=\"Barcos en un r\u00edo rodeado de naturaleza, con personas en embarcaciones navegando por un entorno selv\u00e1tico en una comunidad migrante, reflejando cultura y vida cotidiana rural.\" srcset=\"https:\/\/soymigrante.com\/revista\/wp-content\/uploads\/2025\/03\/canal-de-chiquimulilla-7-1024x1024.jpg 1024w, https:\/\/soymigrante.com\/revista\/wp-content\/uploads\/2025\/03\/canal-de-chiquimulilla-7-300x300.jpg 300w, https:\/\/soymigrante.com\/revista\/wp-content\/uploads\/2025\/03\/canal-de-chiquimulilla-7-150x150.jpg 150w, https:\/\/soymigrante.com\/revista\/wp-content\/uploads\/2025\/03\/canal-de-chiquimulilla-7-768x768.jpg 768w, https:\/\/soymigrante.com\/revista\/wp-content\/uploads\/2025\/03\/canal-de-chiquimulilla-7-1536x1536.jpg 1536w, https:\/\/soymigrante.com\/revista\/wp-content\/uploads\/2025\/03\/canal-de-chiquimulilla-7-2048x2048.jpg 2048w, https:\/\/soymigrante.com\/revista\/wp-content\/uploads\/2025\/03\/canal-de-chiquimulilla-7-75x75.webp 75w, https:\/\/soymigrante.com\/revista\/wp-content\/uploads\/2025\/03\/canal-de-chiquimulilla-7-750x750.webp 750w, https:\/\/soymigrante.com\/revista\/wp-content\/uploads\/2025\/03\/canal-de-chiquimulilla-7-1140x1140.webp 1140w, https:\/\/soymigrante.com\/revista\/wp-content\/uploads\/2025\/03\/canal-de-chiquimulilla-7.webp 1920w\" sizes=\"(max-width: 1024px) 100vw, 1024px\" \/>\n            <\/div>\n        <\/div><div class=\"eael-entry-wrapper\"><header class=\"eael-entry-header\"><h2 class=\"eael-entry-title\"><a class=\"eael-grid-post-link\" href=\"https:\/\/soymigrante.com\/revista\/el-canal-de-chiquimulilla-tesoro-turistico-y-ecologico-del-sur\/\" title=\"El Canal de Chiquimulilla: tesoro tur\u00edstico y ecol\u00f3gico del sur\">El Canal de Chiquimulilla: tesoro tur\u00edstico y ecol\u00f3gico del sur<\/a><\/h2><\/header><div class=\"eael-entry-content\">\n                        <div class=\"eael-grid-post-excerpt\"><p>El Canal de Chiquimulilla es una puerta a la biodiversidad, un largo corredor acu\u00e1tico y tur\u00edstico que a la vez se convierte en hogar y fuente de trabajo para miles de guatemaltecos. El Canal de Chiquimulilla es una de las maravillas naturales...<\/p><a href=\"https:\/\/soymigrante.com\/revista\/el-canal-de-chiquimulilla-tesoro-turistico-y-ecologico-del-sur\/\" class=\"eael-post-elements-readmore-btn\">QUIERO SABER M\u00c1S<\/a><\/div>\n                    <\/div><\/div><\/div>\n        <\/div>\n    <\/article><article class=\"eael-grid-post  eael-post-grid-column eael-pg-post-30252 category-guate-nuestra\" data-id=\"30252\">\n        <div class=\"eael-grid-post-holder\">\n            <div class=\"eael-grid-post-holder-inner\"><div class=\"eael-entry-media\"><div class=\"eael-entry-overlay fade-in\"><i class=\"far fa-hand-pointer\" aria-hidden=\"true\"><\/i><a href=\"https:\/\/soymigrante.com\/revista\/biotopo-chocon-machacas-santuario-natural-y-ultimo-refugio-del-manati-en-guatemala\/\"><\/a><\/div><div class=\"eael-entry-thumbnail eael-image-ratio\">\n                <img loading=\"lazy\" decoding=\"async\" width=\"1024\" height=\"632\" src=\"https:\/\/soymigrante.com\/revista\/wp-content\/uploads\/2025\/04\/Biotopo-Chocon-Machacas-1-1024x632.jpg\" class=\"attachment-large size-large wp-image-30256\" alt=\"Refugio en la selva amaz\u00f3nica rodeado de vegetaci\u00f3n exuberante y agua, ilustrando la vida y cultura de migrantes en comunidades rurales.\" srcset=\"https:\/\/soymigrante.com\/revista\/wp-content\/uploads\/2025\/04\/Biotopo-Chocon-Machacas-1-1024x632.jpg 1024w, https:\/\/soymigrante.com\/revista\/wp-content\/uploads\/2025\/04\/Biotopo-Chocon-Machacas-1-300x185.jpg 300w, https:\/\/soymigrante.com\/revista\/wp-content\/uploads\/2025\/04\/Biotopo-Chocon-Machacas-1-768x474.jpg 768w, https:\/\/soymigrante.com\/revista\/wp-content\/uploads\/2025\/04\/Biotopo-Chocon-Machacas-1-750x463.webp 750w, https:\/\/soymigrante.com\/revista\/wp-content\/uploads\/2025\/04\/Biotopo-Chocon-Machacas-1-1140x704.webp 1140w, https:\/\/soymigrante.com\/revista\/wp-content\/uploads\/2025\/04\/Biotopo-Chocon-Machacas-1.webp 1226w\" sizes=\"(max-width: 1024px) 100vw, 1024px\" \/>\n            <\/div>\n        <\/div><div class=\"eael-entry-wrapper\"><header class=\"eael-entry-header\"><h2 class=\"eael-entry-title\"><a class=\"eael-grid-post-link\" href=\"https:\/\/soymigrante.com\/revista\/biotopo-chocon-machacas-santuario-natural-y-ultimo-refugio-del-manati-en-guatemala\/\" title=\"Biotopo Choc\u00f3n Machacas: santuario natural y \u00faltimo refugio del manat\u00ed en Guatemala\">Biotopo Choc\u00f3n Machacas: santuario natural y \u00faltimo refugio del manat\u00ed en Guatemala<\/a><\/h2><\/header><div class=\"eael-entry-content\">\n                        <div class=\"eael-grid-post-excerpt\"><p>El biotopo Chac\u00f3n Machacas es un santuario natural que se encuentra en la ribera de R\u00edo Dulce, Izabal. Es el refugio del manat\u00ed y de otras especies. Puede ser visitado para valorar la naturaleza guatemalteca. Ubicado en el municipio de Livingston, departamento...<\/p><a href=\"https:\/\/soymigrante.com\/revista\/biotopo-chocon-machacas-santuario-natural-y-ultimo-refugio-del-manati-en-guatemala\/\" class=\"eael-post-elements-readmore-btn\">QUIERO SABER M\u00c1S<\/a><\/div>\n                    <\/div><\/div><\/div>\n        <\/div>\n    <\/article><\/div>\n            <div class=\"clearfix\"><\/div>\n        <\/div>\t\t\t\t<\/div>\n\t\t\t\t\t<\/div>\n\t\t\t\t<\/div>\n\t\t\t\t<\/div>\n\t\t","protected":false},"excerpt":{"rendered":"<p>Desde hace 55 a\u00f1os se conmemora el D\u00eda de la Tierra: ocasi\u00f3n para valorar los recursos naturales y las joyas ecol\u00f3gicas en las cuales la naturaleza deslumbra. Guatemala tiene muchas y esas son solo algunas, que vale la pena cuidar. Guatemala es Tierra de sol y de monta\u00f1a, como la llam\u00f3 el poeta Jos\u00e9 Rodr\u00edguez [&hellip;]<\/p>\n","protected":false},"author":1,"featured_media":10536,"comment_status":"open","ping_status":"open","sticky":false,"template":"","format":"standard","meta":{"_acf_changed":false,"_eb_attr":"","footnotes":""},"categories":[58,289],"tags":[],"class_list":["post-31662","post","type-post","status-publish","format-standard","has-post-thumbnail","hentry","category-guate-nuestra","category-riqueza-natural"],"acf":[],"aioseo_notices":[],"aioseo_head":"\n\t\t<!-- All in One SEO Pro 4.9.6.2 - aioseo.com -->\n\t<meta name=\"description\" content=\"Esta reserva natural fue creada en 1989 para proteger al manat\u00ed, inofensivo mam\u00edfero que habita en sus tranquilas aguas. Puede ser visitado con respeto al entorno.\" \/>\n\t<meta name=\"robots\" content=\"max-snippet:-1, max-image-preview:large, max-video-preview:-1\" \/>\n\t<meta name=\"author\" content=\"Marysabel Aldana\"\/>\n\t<link rel=\"canonical\" href=\"https:\/\/soymigrante.com\/revista\/biotopo-chocon-machacas-santuario-natural-y-ultimo-refugio-del-manati-en-guatemala\/\" \/>\n\t<meta name=\"generator\" content=\"All in One SEO Pro (AIOSEO) 4.9.6.2\" \/>\n\n\t\t<link rel=\"preconnect\" href=\"https:\/\/fonts.googleapis.com\" crossorigin>\n<link rel=\"preconnect\" href=\"https:\/\/fonts.gstatic.com\" crossorigin>\n\t\t<meta property=\"og:locale\" content=\"es_ES\" \/>\n\t\t<meta property=\"og:site_name\" content=\"SoyMigrante.com REVISTA \u2013 Nuestra misi\u00f3n es reconocer y dignificar al migrante.\" \/>\n\t\t<meta property=\"og:type\" content=\"article\" \/>\n\t\t<meta property=\"og:title\" content=\"Santuario del manat\u00ed: biotopo Choc\u00f3n Machacas en Izabal\" \/>\n\t\t<meta property=\"og:description\" content=\"Esta reserva natural fue creada en 1989 para proteger al manat\u00ed, inofensivo mam\u00edfero que habita en sus tranquilas aguas. Puede ser visitado con respeto al entorno.\" \/>\n\t\t<meta property=\"og:url\" content=\"https:\/\/soymigrante.com\/revista\/biotopo-chocon-machacas-santuario-natural-y-ultimo-refugio-del-manati-en-guatemala\/\" \/>\n\t\t<meta property=\"og:image\" content=\"https:\/\/soymigrante.com\/revista\/wp-content\/uploads\/2025\/04\/Biotopo-Chocon-Machacas-1-e1744062672328.webp\" \/>\n\t\t<meta property=\"og:image:secure_url\" content=\"https:\/\/soymigrante.com\/revista\/wp-content\/uploads\/2025\/04\/Biotopo-Chocon-Machacas-1-e1744062672328.webp\" \/>\n\t\t<meta property=\"og:image:width\" content=\"1226\" \/>\n\t\t<meta property=\"og:image:height\" content=\"757\" \/>\n\t\t<meta property=\"article:published_time\" content=\"2025-04-11T12:00:00+00:00\" \/>\n\t\t<meta property=\"article:modified_time\" content=\"2025-04-17T08:45:45+00:00\" \/>\n\t\t<meta property=\"article:publisher\" content=\"https:\/\/www.facebook.com\/soymigrantecom\" \/>\n\t\t<meta name=\"twitter:card\" content=\"summary_large_image\" \/>\n\t\t<meta name=\"twitter:site\" content=\"@SoyMigrante_com\" \/>\n\t\t<meta name=\"twitter:title\" content=\"Santuario del manat\u00ed: biotopo Choc\u00f3n Machacas en Izabal\" \/>\n\t\t<meta name=\"twitter:description\" content=\"Esta reserva natural fue creada en 1989 para proteger al manat\u00ed, inofensivo mam\u00edfero que habita en sus tranquilas aguas. Puede ser visitado con respeto al entorno.\" \/>\n\t\t<meta name=\"twitter:creator\" content=\"@SoyMigrante_com\" \/>\n\t\t<meta name=\"twitter:image\" content=\"https:\/\/soymigrante.com\/revista\/wp-content\/uploads\/2025\/04\/Biotopo-Chocon-Machacas-1-e1744062672328.webp\" \/>\n\t\t<!-- All in One SEO Pro -->\r\n\t\t<title>Santuario del manat\u00ed: biotopo Choc\u00f3n Machacas en Izabal<\/title>\n\n","aioseo_head_json":{"title":"Santuario del manat\u00ed: biotopo Choc\u00f3n Machacas en Izabal","description":"Esta reserva natural fue creada en 1989 para proteger al manat\u00ed, inofensivo mam\u00edfero que habita en sus tranquilas aguas. Puede ser visitado con respeto al entorno.","canonical_url":"https:\/\/soymigrante.com\/revista\/biotopo-chocon-machacas-santuario-natural-y-ultimo-refugio-del-manati-en-guatemala\/","robots":"max-snippet:-1, max-image-preview:large, max-video-preview:-1","keywords":"","webmasterTools":{"miscellaneous":"&lt;link rel=\"preconnect\" href=\"https:\/\/fonts.googleapis.com\" crossorigin&gt;\n&lt;link rel=\"preconnect\" href=\"https:\/\/fonts.gstatic.com\" crossorigin&gt;"},"schema":null,"og:locale":"es_ES","og:site_name":"SoyMigrante.com REVISTA \u2013 Nuestra misi\u00f3n es reconocer y dignificar al migrante.","og:type":"article","og:title":"Santuario del manat\u00ed: biotopo Choc\u00f3n Machacas en Izabal","og:description":"Esta reserva natural fue creada en 1989 para proteger al manat\u00ed, inofensivo mam\u00edfero que habita en sus tranquilas aguas. Puede ser visitado con respeto al entorno.","og:url":"https:\/\/soymigrante.com\/revista\/biotopo-chocon-machacas-santuario-natural-y-ultimo-refugio-del-manati-en-guatemala\/","og:image":"https:\/\/soymigrante.com\/revista\/wp-content\/uploads\/2025\/04\/Biotopo-Chocon-Machacas-1-e1744062672328.webp","og:image:secure_url":"https:\/\/soymigrante.com\/revista\/wp-content\/uploads\/2025\/04\/Biotopo-Chocon-Machacas-1-e1744062672328.webp","og:image:width":1226,"og:image:height":757,"article:published_time":"2025-04-11T12:00:00+00:00","article:modified_time":"2025-04-17T08:45:45+00:00","article:publisher":"https:\/\/www.facebook.com\/soymigrantecom","twitter:card":"summary_large_image","twitter:site":"@SoyMigrante_com","twitter:title":"Santuario del manat\u00ed: biotopo Choc\u00f3n Machacas en Izabal","twitter:description":"Esta reserva natural fue creada en 1989 para proteger al manat\u00ed, inofensivo mam\u00edfero que habita en sus tranquilas aguas. Puede ser visitado con respeto al entorno.","twitter:creator":"@SoyMigrante_com","twitter:image":"https:\/\/soymigrante.com\/revista\/wp-content\/uploads\/2025\/04\/Biotopo-Chocon-Machacas-1-e1744062672328.webp"},"aioseo_meta_data":{"post_id":"31662","title":"D\u00eda de la Tierra: 10 joyas naturales de Guatemala","description":"El D\u00eda de la Tierra es ocasi\u00f3n para valorar la riqueza natural y su car\u00e1cter imprescindible para la vida humana. Estos lugares guatemaltecos son una fiesta natural","keywords":null,"keyphrases":{"focus":{"keyphrase":"D\u00eda de la Tierra","score":65,"analysis":{"keyphraseInTitle":{"score":9,"maxScore":9,"error":0},"keyphraseInDescription":{"score":9,"maxScore":9,"error":0},"keyphraseLength":{"score":6,"maxScore":9,"error":1,"length":5},"keyphraseInURL":{"score":5,"maxScore":5,"error":0},"keyphraseInIntroduction":{"score":3,"maxScore":9,"error":1},"keyphraseInSubHeadings":{"score":9,"maxScore":9,"error":0},"keyphraseInImageAlt":{"score":3,"maxScore":9,"error":1},"keywordDensity":{"score":0,"type":"low","maxScore":9,"error":1}}},"additional":[{"keyphrase":"Joyas","score":40,"analysis":{"keyphraseInDescription":{"score":3,"maxScore":9,"error":1},"keyphraseLength":{"score":9,"maxScore":9,"error":0,"length":1},"keyphraseInIntroduction":{"score":3,"maxScore":9,"error":1},"keyphraseInImageAlt":{"score":3,"maxScore":9,"error":1},"keywordDensity":{"score":0,"type":"low","maxScore":9,"error":1}}},{"keyphrase":"Naturaleza","score":60,"analysis":{"keyphraseInDescription":{"score":3,"maxScore":9,"error":1},"keyphraseLength":{"score":9,"maxScore":9,"error":0,"length":1},"keyphraseInIntroduction":{"score":3,"maxScore":9,"error":1},"keyphraseInImageAlt":{"score":3,"maxScore":9,"error":1},"keywordDensity":{"type":"best","score":9,"maxScore":9,"error":0}}},{"keyphrase":"Ecoturismo","score":40,"analysis":{"keyphraseInDescription":{"score":3,"maxScore":9,"error":1},"keyphraseLength":{"score":9,"maxScore":9,"error":0,"length":1},"keyphraseInIntroduction":{"score":3,"maxScore":9,"error":1},"keyphraseInImageAlt":{"score":3,"maxScore":9,"error":1},"keywordDensity":{"score":0,"type":"low","maxScore":9,"error":1}}}]},"primary_term":null,"canonical_url":null,"og_title":null,"og_description":null,"og_object_type":"default","og_image_type":"default","og_image_url":null,"og_image_width":null,"og_image_height":null,"og_image_custom_url":null,"og_image_custom_fields":null,"og_video":"","og_custom_url":null,"og_article_section":null,"og_article_tags":null,"twitter_use_og":false,"twitter_card":"default","twitter_image_type":"default","twitter_image_url":null,"twitter_image_custom_url":null,"twitter_image_custom_fields":null,"twitter_title":null,"twitter_description":null,"schema":{"blockGraphs":[],"customGraphs":[],"default":{"data":{"Article":[],"Course":[],"Dataset":[],"FAQPage":[],"Movie":[],"Person":[],"Product":[],"ProductReview":[],"Car":[],"Recipe":[],"Service":[],"SoftwareApplication":[],"WebPage":[]},"graphName":"NewsArticle","isEnabled":true},"graphs":[]},"schema_type":"default","schema_type_options":null,"pillar_content":false,"robots_default":true,"robots_noindex":false,"robots_noarchive":false,"robots_nosnippet":false,"robots_nofollow":false,"robots_noimageindex":false,"robots_noodp":false,"robots_notranslate":false,"robots_max_snippet":"-1","robots_max_videopreview":"-1","robots_max_imagepreview":"large","priority":null,"frequency":"default","local_seo":null,"seo_analyzer_scan_date":null,"breadcrumb_settings":null,"limit_modified_date":false,"reviewed_by":"0","open_ai":"{\"title\":{\"suggestions\":[],\"usage\":0},\"description\":{\"suggestions\":[],\"usage\":0}}","ai":{"faqs":[],"keyPoints":[],"schemas":[],"titles":[],"descriptions":[],"socialPosts":{"email":[],"linkedin":[],"twitter":[],"facebook":[],"instagram":[]}},"created":"2025-04-22 18:49:27","updated":"2026-04-18 16:48:48"},"aioseo_breadcrumb":"<div class=\"aioseo-breadcrumbs\"><span class=\"aioseo-breadcrumb\">\n\t<a href=\"https:\/\/soymigrante.com\/revista\" title=\"Home\">Home<\/a>\n<\/span><span class=\"aioseo-breadcrumb-separator\">\u00bb<\/span><span class=\"aioseo-breadcrumb\">\n\t<a href=\"https:\/\/soymigrante.com\/revista\/category\/guate-nuestra\/\" title=\"Guate Nuestra\">Guate Nuestra<\/a>\n<\/span><span class=\"aioseo-breadcrumb-separator\">\u00bb<\/span><span class=\"aioseo-breadcrumb\">\n\t<a href=\"https:\/\/soymigrante.com\/revista\/category\/guate-nuestra\/riqueza-natural\/\" title=\"Riqueza natural\">Riqueza natural<\/a>\n<\/span><span class=\"aioseo-breadcrumb-separator\">\u00bb<\/span><span class=\"aioseo-breadcrumb\">\n\tViene el D\u00eda de la Tierra: Joyas Naturales de Guatemala que puedes visitar y admirar\n<\/span><\/div>","aioseo_breadcrumb_json":[{"label":"Home","link":"https:\/\/soymigrante.com\/revista"},{"label":"Guate Nuestra","link":"https:\/\/soymigrante.com\/revista\/category\/guate-nuestra\/"},{"label":"Riqueza natural","link":"https:\/\/soymigrante.com\/revista\/category\/guate-nuestra\/riqueza-natural\/"},{"label":"Viene el D\u00eda de la Tierra: Joyas Naturales de Guatemala que puedes visitar y admirar","link":"https:\/\/soymigrante.com\/revista\/dia-de-la-tierra-10-joyas-naturales-de-guatemala-que-se-necesita-proteger-y-conservar\/"}],"_links":{"self":[{"href":"https:\/\/soymigrante.com\/revista\/wp-json\/wp\/v2\/posts\/31662","targetHints":{"allow":["GET"]}}],"collection":[{"href":"https:\/\/soymigrante.com\/revista\/wp-json\/wp\/v2\/posts"}],"about":[{"href":"https:\/\/soymigrante.com\/revista\/wp-json\/wp\/v2\/types\/post"}],"author":[{"embeddable":true,"href":"https:\/\/soymigrante.com\/revista\/wp-json\/wp\/v2\/users\/1"}],"replies":[{"embeddable":true,"href":"https:\/\/soymigrante.com\/revista\/wp-json\/wp\/v2\/comments?post=31662"}],"version-history":[{"count":10,"href":"https:\/\/soymigrante.com\/revista\/wp-json\/wp\/v2\/posts\/31662\/revisions"}],"predecessor-version":[{"id":55217,"href":"https:\/\/soymigrante.com\/revista\/wp-json\/wp\/v2\/posts\/31662\/revisions\/55217"}],"wp:featuredmedia":[{"embeddable":true,"href":"https:\/\/soymigrante.com\/revista\/wp-json\/wp\/v2\/media\/10536"}],"wp:attachment":[{"href":"https:\/\/soymigrante.com\/revista\/wp-json\/wp\/v2\/media?parent=31662"}],"wp:term":[{"taxonomy":"category","embeddable":true,"href":"https:\/\/soymigrante.com\/revista\/wp-json\/wp\/v2\/categories?post=31662"},{"taxonomy":"post_tag","embeddable":true,"href":"https:\/\/soymigrante.com\/revista\/wp-json\/wp\/v2\/tags?post=31662"}],"curies":[{"name":"wp","href":"https:\/\/api.w.org\/{rel}","templated":true}]}}