{"id":31636,"date":"2025-04-22T06:59:10","date_gmt":"2025-04-22T12:59:10","guid":{"rendered":"https:\/\/soymigrante.com\/revista\/?p=31636"},"modified":"2025-05-05T22:58:36","modified_gmt":"2025-05-06T04:58:36","slug":"cuatro-trajes-tres-personajes-y-un-corazon-en-nueva-york-late-por-su-pueblo-momostenango","status":"publish","type":"post","link":"https:\/\/soymigrante.com\/revista\/cuatro-trajes-tres-personajes-y-un-corazon-en-nueva-york-late-por-su-pueblo-momostenango\/","title":{"rendered":"Cuatro trajes, tres personajes y un coraz\u00f3n en Nueva York late por su pueblo Momostenango"},"content":{"rendered":"\t\t<div data-elementor-type=\"wp-post\" data-elementor-id=\"31636\" class=\"elementor elementor-31636\" data-elementor-post-type=\"post\">\n\t\t\t\t<div data-particle_enable=\"false\" data-particle-mobile-disabled=\"false\" class=\"elementor-element elementor-element-1d39f32 e-flex e-con-boxed e-con e-parent\" data-id=\"1d39f32\" data-element_type=\"container\" data-e-type=\"container\">\n\t\t\t\t\t<div class=\"e-con-inner\">\n\t\t\t\t<div class=\"elementor-element elementor-element-4ce29b9 elementor-widget elementor-widget-heading\" data-id=\"4ce29b9\" data-element_type=\"widget\" data-e-type=\"widget\" data-widget_type=\"heading.default\">\n\t\t\t\t\t<h2 class=\"elementor-heading-title elementor-size-default\"><span style=\"font-size: 31.2px\">Rold\u00e1n Jos\u00e9 Wix se hizo viral en 2023 por lucir un traje del personaje de mono en Nueva York, pero con este y otros trajes tradicionales que ha mandado a traer a Guatemala tambi\u00e9n ha llegado a otras ciudades de Estados Unidos siempre con el anhelo de su tierra natal.<\/span><\/h2>\t\t\t\t<\/div>\n\t\t\t\t<div class=\"elementor-element elementor-element-5946839 elementor-widget elementor-widget-html\" data-id=\"5946839\" data-element_type=\"widget\" data-e-type=\"widget\" data-widget_type=\"html.default\">\n\t\t\t\t\t<div id=\"buzzsprout-player-17106819\"><\/div><script src=\"https:\/\/www.buzzsprout.com\/2444168\/episodes\/17106819-tradicion-momosteca-comparte-roldan-jose-en-new-york.js?container_id=buzzsprout-player-17106819&player=small\" type=\"text\/javascript\" charset=\"utf-8\"><\/script>\t\t\t\t<\/div>\n\t\t\t\t\t<\/div>\n\t\t\t\t<\/div>\n\t\t<div data-particle_enable=\"false\" data-particle-mobile-disabled=\"false\" class=\"elementor-element elementor-element-edf5a76 e-flex e-con-boxed e-con e-parent\" data-id=\"edf5a76\" data-element_type=\"container\" data-e-type=\"container\">\n\t\t\t\t\t<div class=\"e-con-inner\">\n\t\t\t\t<div class=\"elementor-element elementor-element-1e3c5ee elementor-widget elementor-widget-text-editor\" data-id=\"1e3c5ee\" data-element_type=\"widget\" data-e-type=\"widget\" data-widget_type=\"text-editor.default\">\n\t\t\t\t\t\t\t\t\t<p>Roldan Jos\u00e9 Galeano Wix originario del caser\u00edo Rachoquel, aldea Xequemey\u00e1, Momostenango, <a href=\"https:\/\/soymigrante.com\/revista\/departamentos-de-guatemala-totonicapan-la-tierra-del-gran-atanasio-tzul\/\">Totonicap\u00e1n, <\/a>se hizo viral en 2023 por lucir el traje del personaje de mono en Times Square <a href=\"https:\/\/soymigrante.com\/revista\/joyas-mayas-migrantes-la-ofrenda-de-un-gobernante-dintel-en-el-museo-met-de-nueva-york\/\">Nueva York<\/a>. Pero desde entonces ha comprado y mandado a traer, a su pueblo, otros trajes tradicionales de la danza de la feria titular. &#8220;Los presento cuando me invitan, con ayuda de amigos. Pero nunca cobro por eso, siempre es gratis, porque la identidad y la tradici\u00f3n son un regalo&#8221;.<\/p><p>Desde su llegada a Nueva York trabaja en un local como Deli Man: prepara s\u00e1ndwiches, ensaladas y panes al gusto del cliente. Pero con ayuda de paisanos momostecos, cuando hay oportunidad o es invitado a alg\u00fan evento, presenta a dos monos, al le\u00f3n amarillo y al Aj\u00eds rojo.\u00a0<\/p><p>&#8220;Con ellos hemos ido a varias ciudades donde nos invitan. A veces cuesta por el trabajo, pero tratamos de compartir nuestros valores&#8221;, dice el momosteco quien recuerda que su municipio fue la tierra del gran poeta <a href=\"https:\/\/soymigrante.com\/revista\/poeta-maya-kiche-migrante-humberto-akabal-fallecio-2019\/\">Humberto Ak&#8217;abal (<\/a>1952-2019)<\/p>\t\t\t\t\t\t\t\t<\/div>\n\t\t\t\t\t<\/div>\n\t\t\t\t<\/div>\n\t\t<div data-particle_enable=\"false\" data-particle-mobile-disabled=\"false\" class=\"elementor-element elementor-element-59fbd06 e-flex e-con-boxed e-con e-parent\" data-id=\"59fbd06\" data-element_type=\"container\" data-e-type=\"container\">\n\t\t\t\t\t<div class=\"e-con-inner\">\n\t\t\t\t<div class=\"elementor-element elementor-element-810f9dd elementor-arrows-position-inside elementor-pagination-position-outside elementor-widget elementor-widget-image-carousel\" data-id=\"810f9dd\" data-element_type=\"widget\" data-e-type=\"widget\" data-settings=\"{&quot;slides_to_show&quot;:&quot;1&quot;,&quot;navigation&quot;:&quot;both&quot;,&quot;autoplay&quot;:&quot;yes&quot;,&quot;pause_on_hover&quot;:&quot;yes&quot;,&quot;pause_on_interaction&quot;:&quot;yes&quot;,&quot;autoplay_speed&quot;:5000,&quot;infinite&quot;:&quot;yes&quot;,&quot;effect&quot;:&quot;slide&quot;,&quot;speed&quot;:500}\" data-widget_type=\"image-carousel.default\">\n\t\t\t\t\t\t\t<div class=\"elementor-image-carousel-wrapper swiper\" role=\"region\" aria-roledescription=\"carousel\" aria-label=\"Carrusel de im\u00e1genes\" dir=\"ltr\">\n\t\t\t<div class=\"elementor-image-carousel swiper-wrapper\" aria-live=\"off\">\n\t\t\t\t\t\t\t\t<div class=\"swiper-slide\" role=\"group\" aria-roledescription=\"slide\" aria-label=\"1 de 6\"><figure class=\"swiper-slide-inner\"><img decoding=\"async\" class=\"swiper-slide-image\" src=\"https:\/\/soymigrante.com\/revista\/wp-content\/uploads\/2025\/04\/roldan-wix-momostenango-trajes-ny-2-1024x576.jpg\" alt=\"Coloridos disfraces tradicionales mexicanos en una celebraci\u00f3n cultural al aire libre, destacando la riqueza y diversidad de las tradiciones y festividades en M\u00e9xico.\" \/><figcaption class=\"elementor-image-carousel-caption\">Valor cultural de las fiestas tradicionales mexicanas y su representaci\u00f3n a trav\u00e9s de disfraces y m\u00e1scaras.<\/figcaption><\/figure><\/div><div class=\"swiper-slide\" role=\"group\" aria-roledescription=\"slide\" aria-label=\"2 de 6\"><figure class=\"swiper-slide-inner\"><img decoding=\"async\" class=\"swiper-slide-image\" src=\"https:\/\/soymigrante.com\/revista\/wp-content\/uploads\/2025\/04\/roldan-wix-momostenango-trajes-ny-3-1024x576.jpg\" alt=\"Coloridos disfraces tradicionales y m\u00e1scaras de fiesta en una celebraci\u00f3n cultural ind\u00edgena en Guatemala. Mujeres y ni\u00f1os participando en un evento festivo lleno de color y tradici\u00f3n.\" \/><figcaption class=\"elementor-image-carousel-caption\">Celebraci\u00f3n cultural ind\u00edgena con disfraces tradicionales en Guatemala, mostrando m\u00e1scaras, indumentaria y festividades t\u00edpicas para promover el patrimonio cultural.<\/figcaption><\/figure><\/div><div class=\"swiper-slide\" role=\"group\" aria-roledescription=\"slide\" aria-label=\"3 de 6\"><figure class=\"swiper-slide-inner\"><img decoding=\"async\" class=\"swiper-slide-image\" src=\"https:\/\/soymigrante.com\/revista\/wp-content\/uploads\/2025\/04\/roldan-wix-momostenango-trajes-ny-4-1024x576.jpg\" alt=\"Colorido encuentro cultural con un personaje disfrazado de chucumite mexicano entregando dulces a ni\u00f1os en una feria familiar, promoviendo tradiciones y la participaci\u00f3n comunitaria en eventos culturales y migrantes.\" \/><figcaption class=\"elementor-image-carousel-caption\">Participaci\u00f3n en el festival guatemalteco, con motivo de las fiestas patrias, efectuado en Morganton, Carolina del Norte, con el auspicio del caf\u00e9 Little Guatemala, tambi\u00e9n fundado por un guatemalteco, Cristian Ramazzini.<\/figcaption><\/figure><\/div><div class=\"swiper-slide\" role=\"group\" aria-roledescription=\"slide\" aria-label=\"4 de 6\"><figure class=\"swiper-slide-inner\"><img decoding=\"async\" class=\"swiper-slide-image\" src=\"https:\/\/soymigrante.com\/revista\/wp-content\/uploads\/2025\/04\/roldan-wix-momostenango-trajes-ny-5-1024x576.jpg\" alt=\"Payaso en espect\u00e1culo infantil en festival cultural con ni\u00f1os felices y adultos disfrutando al aire libre.\" \/><figcaption class=\"elementor-image-carousel-caption\">Diversi\u00f3n infantil en festival cultural: payaso disfrazado y ni\u00f1os disfrutando de actividades en evento familiar.<\/figcaption><\/figure><\/div><div class=\"swiper-slide\" role=\"group\" aria-roledescription=\"slide\" aria-label=\"5 de 6\"><figure class=\"swiper-slide-inner\"><img decoding=\"async\" class=\"swiper-slide-image\" src=\"https:\/\/soymigrante.com\/revista\/wp-content\/uploads\/2025\/04\/roldan-wix-momostenango-trajes-ny-6-1024x576.jpg\" alt=\"Colores, disfraces, y tradici\u00f3n en celebraci\u00f3n cultural en M\u00e9xico, con enmascarados y artistas en un festival folkl\u00f3rico en un parque.\" \/><figcaption class=\"elementor-image-carousel-caption\">El festival cultural en M\u00e9xico muestra la tradici\u00f3n, disfraces y danza de enmascarados en un ambiente familiar y festivo.<\/figcaption><\/figure><\/div><div class=\"swiper-slide\" role=\"group\" aria-roledescription=\"slide\" aria-label=\"6 de 6\"><figure class=\"swiper-slide-inner\"><img decoding=\"async\" class=\"swiper-slide-image\" src=\"https:\/\/soymigrante.com\/revista\/wp-content\/uploads\/2025\/04\/roldan-wix-momostenango-trajes-ny-15-1024x576.jpg\" alt=\"Vendedor disfrazado de pollo gigante en festival infantil con ni\u00f1os y adultos, celebraci\u00f3n cultural, evento familiar, entretenimiento infantil, actividades tradicionales en un ambiente festivo.\" \/><figcaption class=\"elementor-image-carousel-caption\">Pollo gigante, festival infantil, celebraci\u00f3n cultural, evento familiar, actividades de entretenimiento para ni\u00f1os, tradici\u00f3n en eventos, festival con personajes divertidos.<\/figcaption><\/figure><\/div>\t\t\t<\/div>\n\t\t\t\t\t\t\t\t\t\t\t\t<div class=\"elementor-swiper-button elementor-swiper-button-prev\" role=\"button\" tabindex=\"0\">\n\t\t\t\t\t\t<i aria-hidden=\"true\" class=\"eicon-chevron-left\"><\/i>\t\t\t\t\t<\/div>\n\t\t\t\t\t<div class=\"elementor-swiper-button elementor-swiper-button-next\" role=\"button\" tabindex=\"0\">\n\t\t\t\t\t\t<i aria-hidden=\"true\" class=\"eicon-chevron-right\"><\/i>\t\t\t\t\t<\/div>\n\t\t\t\t\n\t\t\t\t\t\t\t\t\t<div class=\"swiper-pagination\"><\/div>\n\t\t\t\t\t\t\t\t\t<\/div>\n\t\t\t\t\t\t<\/div>\n\t\t\t\t\t<\/div>\n\t\t\t\t<\/div>\n\t\t<div data-particle_enable=\"false\" data-particle-mobile-disabled=\"false\" class=\"elementor-element elementor-element-b45a844 e-flex e-con-boxed e-con e-parent\" data-id=\"b45a844\" data-element_type=\"container\" data-e-type=\"container\">\n\t\t\t\t\t<div class=\"e-con-inner\">\n\t\t\t\t<div class=\"elementor-element elementor-element-9da6491 elementor-widget elementor-widget-heading\" data-id=\"9da6491\" data-element_type=\"widget\" data-e-type=\"widget\" data-widget_type=\"heading.default\">\n\t\t\t\t\t<h3 class=\"elementor-heading-title elementor-size-default\">La nostalgia motiva expresi\u00f3n de identidad<\/h3>\t\t\t\t<\/div>\n\t\t\t\t\t<\/div>\n\t\t\t\t<\/div>\n\t\t<div data-particle_enable=\"false\" data-particle-mobile-disabled=\"false\" class=\"elementor-element elementor-element-b90f92e e-flex e-con-boxed e-con e-parent\" data-id=\"b90f92e\" data-element_type=\"container\" data-e-type=\"container\">\n\t\t\t\t\t<div class=\"e-con-inner\">\n\t\t\t\t<div class=\"elementor-element elementor-element-322d77a elementor-widget elementor-widget-text-editor\" data-id=\"322d77a\" data-element_type=\"widget\" data-e-type=\"widget\" data-widget_type=\"text-editor.default\">\n\t\t\t\t\t\t\t\t\t<p>El primer traje de mono que Rold\u00e1n mand\u00f3 a traer a Momostenango tiene historia: &#8220;Era de un mi vecino. Un viejito que viv\u00eda cerca de mi casa. Lo conoc\u00ed desde ni\u00f1o. Pero el se\u00f1or falleci\u00f3.\u00a0 Siempre lo ve\u00eda con su traje en los d\u00edas de feria. Lo compr\u00e9 a la familia y me lo enviaron: mi objetivo, difundir algo de la cultura guatemalteca en Nueva York&#8221;, cuenta Rold\u00e1n Jos\u00e9.<\/p><p>&#8220;En 2022 sub\u00ed una primera foto a Facebook. Realmente esperaba que algunas personas la vieran. Empec\u00e9 a recibir comentarios pero all\u00ed qued\u00f3. En 2023, la mand\u00e9 al perfil soymomos por si lees interesaba publicarla. Y esa fue la que se volvi\u00f3 viral. <a href=\"https:\/\/soymigrante.com\/revista\/migrante-guatemalteco-julio-cota-es-fotografo-en-nueva-york\/\">Julio NYC <\/a>me tom\u00f3 unas fotos y as\u00ed creci\u00f3 la cantidad comentarios y compartidos&#8221;.<\/p><p>&#8220;Pero mi objetivo sigue siendo demostrar que no importa donde uno est\u00e9, se debe sentir orgulloso de su cultura. Lamentablemente en el pueblo hay j\u00f3venes que se averg\u00fcenzan de sus ra\u00edces, cuando en realidad es lo m\u00e1s valioso que existe&#8221;, agrega Rold\u00e1n Jos\u00e9.<\/p>\t\t\t\t\t\t\t\t<\/div>\n\t\t\t\t\t<\/div>\n\t\t\t\t<\/div>\n\t\t<div data-particle_enable=\"false\" data-particle-mobile-disabled=\"false\" class=\"elementor-element elementor-element-09bc5d0 e-flex e-con-boxed e-con e-parent\" data-id=\"09bc5d0\" data-element_type=\"container\" data-e-type=\"container\">\n\t\t\t\t\t<div class=\"e-con-inner\">\n\t\t\t\t<div class=\"elementor-element elementor-element-d007880 elementor-widget elementor-widget-image\" data-id=\"d007880\" data-element_type=\"widget\" data-e-type=\"widget\" data-widget_type=\"image.default\">\n\t\t\t\t\t\t\t\t\t\t\t\t<figure class=\"wp-caption\">\n\t\t\t\t\t\t\t\t\t\t<img fetchpriority=\"high\" decoding=\"async\" width=\"768\" height=\"1024\" src=\"https:\/\/soymigrante.com\/revista\/wp-content\/uploads\/2025\/04\/roldan-wix-momostenango-trajes-ny-14-768x1024.jpg\" class=\"attachment-large size-large wp-image-31646\" alt=\"Puente de Brooklyn iluminado en la noche con vista de la ciudad de Nueva York y una persona vestida con ropa tradicional en primer plano.\" srcset=\"https:\/\/soymigrante.com\/revista\/wp-content\/uploads\/2025\/04\/roldan-wix-momostenango-trajes-ny-14-768x1024.jpg 768w, https:\/\/soymigrante.com\/revista\/wp-content\/uploads\/2025\/04\/roldan-wix-momostenango-trajes-ny-14-225x300.jpg 225w, https:\/\/soymigrante.com\/revista\/wp-content\/uploads\/2025\/04\/roldan-wix-momostenango-trajes-ny-14-1152x1536.jpg 1152w, https:\/\/soymigrante.com\/revista\/wp-content\/uploads\/2025\/04\/roldan-wix-momostenango-trajes-ny-14-750x1000.jpg 750w, https:\/\/soymigrante.com\/revista\/wp-content\/uploads\/2025\/04\/roldan-wix-momostenango-trajes-ny-14-1140x1520.jpg 1140w, https:\/\/soymigrante.com\/revista\/wp-content\/uploads\/2025\/04\/roldan-wix-momostenango-trajes-ny-14.webp 1200w\" sizes=\"(max-width: 768px) 100vw, 768px\" title=\"El gran sue\u00f1o de poder volver a su pueblo late en el coraz\u00f3n de Roldan Jose Wix; mientras tanto, se ha tra\u00eddo un pedacito de \u00e9l, cuatro rostros de su tradici\u00f3n y el orgullo de ser momosteco, para resistir la distancia. \u2013 SoyMigrante.com REVISTA\" \/>\t\t\t\t\t\t\t\t\t\t\t<figcaption class=\"widget-image-caption wp-caption-text\">El gran sue\u00f1o de poder volver a su pueblo late en el coraz\u00f3n de Roldan Jose Wix; mientras tanto, se ha tra\u00eddo un pedacito de \u00e9l, cuatro rostros de su tradici\u00f3n y el orgullo de ser momosteco, para resistir la distancia.<\/figcaption>\n\t\t\t\t\t\t\t\t\t\t<\/figure>\n\t\t\t\t\t\t\t\t\t<\/div>\n\t\t\t\t\t<\/div>\n\t\t\t\t<\/div>\n\t\t<div data-particle_enable=\"false\" data-particle-mobile-disabled=\"false\" class=\"elementor-element elementor-element-c26519c e-flex e-con-boxed e-con e-parent\" data-id=\"c26519c\" data-element_type=\"container\" data-e-type=\"container\">\n\t\t\t\t\t<div class=\"e-con-inner\">\n\t\t\t\t<div class=\"elementor-element elementor-element-99f039c elementor-widget elementor-widget-heading\" data-id=\"99f039c\" data-element_type=\"widget\" data-e-type=\"widget\" data-widget_type=\"heading.default\">\n\t\t\t\t\t<h3 class=\"elementor-heading-title elementor-size-default\">Cuatro trajes reflejan amistad y comunidad<\/h3>\t\t\t\t<\/div>\n\t\t\t\t\t<\/div>\n\t\t\t\t<\/div>\n\t\t<div data-particle_enable=\"false\" data-particle-mobile-disabled=\"false\" class=\"elementor-element elementor-element-7c20f32 e-flex e-con-boxed e-con e-parent\" data-id=\"7c20f32\" data-element_type=\"container\" data-e-type=\"container\">\n\t\t\t\t\t<div class=\"e-con-inner\">\n\t\t\t\t<div class=\"elementor-element elementor-element-1e90597 elementor-widget elementor-widget-text-editor\" data-id=\"1e90597\" data-element_type=\"widget\" data-e-type=\"widget\" data-widget_type=\"text-editor.default\">\n\t\t\t\t\t\t\t\t\t<p>En septiembre de 2024 Jos\u00e9 particip\u00f3, junto con amigos, en el festival guatemalteco de Morganton, Carolina del Norte, invitado por el <a href=\"https:\/\/soymigrante.com\/revista\/little-guatemala-florece-en-carolina-del-norte-el-sueno-del-migrante-y-emprendedor-cristian-ramazzini\/\">caf\u00e9 Little Guatemala de Cristian Ramazzini<\/a>. En noviembre siguiente fue a volar <a href=\"https:\/\/soymigrante.com\/revista\/migrantes-elevan-sus-barriletes-en-llanura-de-los-berkshires-massachussetes\/\">barriletes <\/a>en un parque de Nueva York junto a dos amigos, paisanos momostecos, quienes lucieron otros dos trajes que mand\u00f3 a traer: otro de mono y uno del le\u00f3n que se trepa por un lazo durante la feria titular de Momostenango. En ocasiones logran coincidir cuatro para usar todos los trajes.<\/p>\n<p>&#8220;Todos los trajes son aut\u00e9nticos. Yo los he mandado a traer, para conservarlos y para exponerlos, en donde nos inviten. Con ellos he ido a Washington, a Maryland y tambi\u00e9n a Morganton, Carolina del Norte, para el festival de Little Guatemala en Septiembre&#8221;.<\/p>\n<p>Rold\u00e1n Jos\u00e9 tiene en total cuatro trajes con su respectiva m\u00e1scara: dos de mono, el le\u00f3n y el aj\u00eds.<\/p>\n<p style=\"font-style: normal; font-variant-ligatures: normal; font-variant-caps: normal; font-size: 16px; font-family: Roboto, sans-serif;\"><b>El mono o mico:<\/b><span style=\"font-weight: 400;\"> suele ser un personaje humor\u00edstico que interact\u00faa y hace bromas con el p\u00fablico asistente a una danza o representaci\u00f3n.<\/span><\/p>\n<p style=\"font-style: normal; font-variant-ligatures: normal; font-variant-caps: normal; font-size: 16px; font-family: Roboto, sans-serif;\"><b>El le\u00f3n: <\/b><span style=\"font-weight: 400;\">es un personaje caracter\u00edstico del baile del venado de Momostenango. Su caracter\u00edstico traje amarillo es muy llamativo.<\/span><\/p>\n<p style=\"font-style: normal; font-variant-ligatures: normal; font-variant-caps: normal; font-size: 16px; font-family: Roboto, sans-serif;\"><b>El aj\u00eds:<\/b><span style=\"font-weight: 400;\"> es un personaje con m\u00faltiples significados: es defensor, guerrero, tambi\u00e9n una especie de mago y curador.&nbsp;<\/span><\/p>\n<p>&#8220;Nunca cobro por presentar los trajes. Son un regalo de mi cultura para el mundo y para los guatemaltecos migrantes en Estados Unidos. Para que veamos cu\u00e1nto valemos, cu\u00e1nta historia traemos y cu\u00e1nta tradici\u00f3n nos acompa\u00f1a&#8221;, expresa.<\/p>\t\t\t\t\t\t\t\t<\/div>\n\t\t\t\t\t<\/div>\n\t\t\t\t<\/div>\n\t\t<div data-particle_enable=\"false\" data-particle-mobile-disabled=\"false\" class=\"elementor-element elementor-element-b5c2cb7 e-flex e-con-boxed e-con e-parent\" data-id=\"b5c2cb7\" data-element_type=\"container\" data-e-type=\"container\">\n\t\t\t\t\t<div class=\"e-con-inner\">\n\t\t\t\t<div class=\"elementor-element elementor-element-d8c9011 elementor-widget elementor-widget-heading\" data-id=\"d8c9011\" data-element_type=\"widget\" data-e-type=\"widget\" data-widget_type=\"heading.default\">\n\t\t\t\t\t<h4 class=\"elementor-heading-title elementor-size-default\">Esta es la nota de cuando Roldan Jos\u00e9 se hizo viral<\/h4>\t\t\t\t<\/div>\n\t\t\t\t\t<\/div>\n\t\t\t\t<\/div>\n\t\t<div data-particle_enable=\"false\" data-particle-mobile-disabled=\"false\" class=\"elementor-element elementor-element-0589047 e-flex e-con-boxed e-con e-parent\" data-id=\"0589047\" data-element_type=\"container\" data-e-type=\"container\">\n\t\t\t\t\t<div class=\"e-con-inner\">\n\t\t\t\t<div class=\"elementor-element elementor-element-0f92309 elementor-grid-eael-col-1 elementor-grid-tablet-eael-col-2 elementor-grid-mobile-eael-col-1 elementor-widget elementor-widget-eael-post-grid\" data-id=\"0f92309\" data-element_type=\"widget\" data-e-type=\"widget\" data-settings=\"{&quot;eael_post_grid_columns&quot;:&quot;eael-col-1&quot;,&quot;eael_post_grid_columns_tablet&quot;:&quot;eael-col-2&quot;,&quot;eael_post_grid_columns_mobile&quot;:&quot;eael-col-1&quot;}\" data-widget_type=\"eael-post-grid.default\">\n\t\t\t\t\t<div id=\"eael-post-grid-0f92309\" class=\"eael-post-grid-container\">\n            <div class=\"eael-post-grid eael-post-appender eael-post-appender-0f92309 eael-post-grid-style-one\" data-layout-mode=\"masonry\"><article class=\"eael-grid-post  eael-post-grid-column eael-pg-post-2415 category-exitos\" data-id=\"2415\">\n        <div class=\"eael-grid-post-holder\">\n            <div class=\"eael-grid-post-holder-inner\"><div class=\"eael-entry-media\"><div class=\"eael-entry-overlay fade-in\"><i class=\"far fa-hand-pointer\" aria-hidden=\"true\"><\/i><a href=\"https:\/\/soymigrante.com\/revista\/roldan-jose-es-un-migrante-guatemalteco-orgulloso-de-su-raiz-y-de-ser-un-mico-bailador\/\"><\/a><\/div><div class=\"eael-entry-thumbnail \">\n                <img decoding=\"async\" width=\"1024\" height=\"683\" src=\"https:\/\/soymigrante.com\/revista\/wp-content\/uploads\/2023\/08\/LADANZ1-1024x683.webp\" class=\"attachment-large size-large wp-image-2365\" alt=\"El mico y migrante guatemalteco\" srcset=\"https:\/\/soymigrante.com\/revista\/wp-content\/uploads\/2023\/08\/LADANZ1-1024x683.webp 1024w, https:\/\/soymigrante.com\/revista\/wp-content\/uploads\/2023\/08\/LADANZ1-300x200.webp 300w, https:\/\/soymigrante.com\/revista\/wp-content\/uploads\/2023\/08\/LADANZ1-768x512.webp 768w, https:\/\/soymigrante.com\/revista\/wp-content\/uploads\/2023\/08\/LADANZ1-1536x1024.webp 1536w, https:\/\/soymigrante.com\/revista\/wp-content\/uploads\/2023\/08\/LADANZ1-750x500.webp 750w, https:\/\/soymigrante.com\/revista\/wp-content\/uploads\/2023\/08\/LADANZ1-1140x760.webp 1140w, https:\/\/soymigrante.com\/revista\/wp-content\/uploads\/2023\/08\/LADANZ1-600x400.webp 600w, https:\/\/soymigrante.com\/revista\/wp-content\/uploads\/2023\/08\/LADANZ1.webp 1600w\" sizes=\"(max-width: 1024px) 100vw, 1024px\" \/>\n            <\/div>\n        <\/div><div class=\"eael-entry-wrapper\"><header class=\"eael-entry-header\"><h2 class=\"eael-entry-title\"><a class=\"eael-grid-post-link\" href=\"https:\/\/soymigrante.com\/revista\/roldan-jose-es-un-migrante-guatemalteco-orgulloso-de-su-raiz-y-de-ser-un-mico-bailador\/\" title=\"Rold\u00e1n Jos\u00e9 es un  migrante guatemalteco orgulloso de ser mico bailador momosteco en NY\">Rold\u00e1n Jos\u00e9 es un  migrante guatemalteco orgulloso de ser mico bailador momosteco en NY<\/a><\/h2><\/header><div class=\"eael-entry-content\">\n                        <div class=\"eael-grid-post-excerpt\"><a href=\"https:\/\/soymigrante.com\/revista\/roldan-jose-es-un-migrante-guatemalteco-orgulloso-de-su-raiz-y-de-ser-un-mico-bailador\/\" class=\"eael-post-elements-readmore-btn\">CONOCE SU HISTORIA <\/a><\/div>\n                    <\/div><\/div><\/div>\n        <\/div>\n    <\/article><\/div>\n            <div class=\"clearfix\"><\/div>\n        <\/div>\t\t\t\t<\/div>\n\t\t\t\t\t<\/div>\n\t\t\t\t<\/div>\n\t\t<div data-particle_enable=\"false\" data-particle-mobile-disabled=\"false\" class=\"elementor-element elementor-element-a51b9b7 e-flex e-con-boxed e-con e-parent\" data-id=\"a51b9b7\" data-element_type=\"container\" data-e-type=\"container\">\n\t\t\t\t\t<div class=\"e-con-inner\">\n\t\t\t\t<div class=\"elementor-element elementor-element-c41a35d elementor-widget elementor-widget-heading\" data-id=\"c41a35d\" data-element_type=\"widget\" data-e-type=\"widget\" data-widget_type=\"heading.default\">\n\t\t\t\t\t<h3 class=\"elementor-heading-title elementor-size-default\">Preparar comida r\u00e1pida por un sue\u00f1o<\/h3>\t\t\t\t<\/div>\n\t\t\t\t\t<\/div>\n\t\t\t\t<\/div>\n\t\t<div data-particle_enable=\"false\" data-particle-mobile-disabled=\"false\" class=\"elementor-element elementor-element-d2a39ee e-flex e-con-boxed e-con e-parent\" data-id=\"d2a39ee\" data-element_type=\"container\" data-e-type=\"container\">\n\t\t\t\t\t<div class=\"e-con-inner\">\n\t\t\t\t<div class=\"elementor-element elementor-element-b0b8da7 elementor-widget elementor-widget-text-editor\" data-id=\"b0b8da7\" data-element_type=\"widget\" data-e-type=\"widget\" data-widget_type=\"text-editor.default\">\n\t\t\t\t\t\t\t\t\t<p>Sobre su trabajo como migrante, Roldan Jos\u00e9 cuenta que ya ten\u00eda experiencia en Guatemala, trabajando en la preparaci\u00f3n de tacos, tortas, quesadillas. &#8220;Esa pr\u00e1ctica me sirve para ser un buen dely man. La clave est\u00e1 en conocer los ingredientes y tambi\u00e9n en ser \u00e1gil, a la vez que paciente con los clientes pues hay algunos muy exigentes. Pero as\u00ed es el trabajo&#8221;.<\/p><p>Es as\u00ed como con cuatro trajes de tres personajes, Rold\u00e1n Jos\u00e9 Galeano, el migrante de tres nombres, mantiene el amor por su cultura. Pero ello no se explica sin el profundo amor y nostalgia por sus paisajes, sus padres, sus abuelos, para quienes compuso una canci\u00f3n con su historia y sentimientos como guatemalteco lejos de su tierra.<\/p>\t\t\t\t\t\t\t\t<\/div>\n\t\t\t\t\t<\/div>\n\t\t\t\t<\/div>\n\t\t<div data-particle_enable=\"false\" data-particle-mobile-disabled=\"false\" class=\"elementor-element elementor-element-2f827fb e-flex e-con-boxed e-con e-parent\" data-id=\"2f827fb\" data-element_type=\"container\" data-e-type=\"container\">\n\t\t\t\t\t<div class=\"e-con-inner\">\n\t\t\t\t<div class=\"elementor-element elementor-element-975a61e elementor-widget elementor-widget-heading\" data-id=\"975a61e\" data-element_type=\"widget\" data-e-type=\"widget\" data-widget_type=\"heading.default\">\n\t\t\t\t\t<h4 class=\"elementor-heading-title elementor-size-default\">Fragmento del poema grabado por Roldan Jos\u00e9 Wix para expresar la nostalgia por su pueblo<\/h4>\t\t\t\t<\/div>\n\t\t\t\t\t<\/div>\n\t\t\t\t<\/div>\n\t\t<div data-particle_enable=\"false\" data-particle-mobile-disabled=\"false\" class=\"elementor-element elementor-element-0b5b758 e-flex e-con-boxed e-con e-parent\" data-id=\"0b5b758\" data-element_type=\"container\" data-e-type=\"container\">\n\t\t\t\t\t<div class=\"e-con-inner\">\n\t\t\t\t<div class=\"elementor-element elementor-element-8482883 elementor-widget elementor-widget-video\" data-id=\"8482883\" data-element_type=\"widget\" data-e-type=\"widget\" data-settings=\"{&quot;video_type&quot;:&quot;hosted&quot;,&quot;controls&quot;:&quot;yes&quot;}\" data-widget_type=\"video.default\">\n\t\t\t\t\t\t\t<div class=\"e-hosted-video elementor-wrapper elementor-open-inline\">\n\t\t\t\t\t<video class=\"elementor-video\" src=\"https:\/\/soymigrante.com\/revista\/wp-content\/uploads\/2025\/04\/porma-roldan-jose-wix-momosteco-en-estados-unidos.mp4\" controls=\"\" preload=\"auto\" controlsList=\"nodownload\"><\/video>\n\t\t\t\t<\/div>\n\t\t\t\t\t\t<\/div>\n\t\t\t\t\t<\/div>\n\t\t\t\t<\/div>\n\t\t<div data-particle_enable=\"false\" data-particle-mobile-disabled=\"false\" class=\"elementor-element elementor-element-1581b0d e-flex e-con-boxed e-con e-parent\" data-id=\"1581b0d\" data-element_type=\"container\" data-e-type=\"container\">\n\t\t\t\t\t<div class=\"e-con-inner\">\n\t\t\t\t<div class=\"elementor-element elementor-element-6cf28e4 elementor-widget elementor-widget-heading\" data-id=\"6cf28e4\" data-element_type=\"widget\" data-e-type=\"widget\" data-widget_type=\"heading.default\">\n\t\t\t\t\t<h2 class=\"elementor-heading-title elementor-size-default\">M\u00e1s historias de profundo amor por la identidad<\/h2>\t\t\t\t<\/div>\n\t\t\t\t\t<\/div>\n\t\t\t\t<\/div>\n\t\t<div data-particle_enable=\"false\" data-particle-mobile-disabled=\"false\" class=\"elementor-element elementor-element-ca32ad3 e-flex e-con-boxed e-con e-parent\" data-id=\"ca32ad3\" data-element_type=\"container\" data-e-type=\"container\">\n\t\t\t\t\t<div class=\"e-con-inner\">\n\t\t\t\t<div class=\"elementor-element elementor-element-50790ce elementor-grid-eael-col-3 elementor-grid-tablet-eael-col-2 elementor-grid-mobile-eael-col-1 elementor-widget elementor-widget-eael-post-grid\" data-id=\"50790ce\" data-element_type=\"widget\" data-e-type=\"widget\" data-settings=\"{&quot;eael_post_grid_columns&quot;:&quot;eael-col-3&quot;,&quot;eael_post_grid_columns_tablet&quot;:&quot;eael-col-2&quot;,&quot;eael_post_grid_columns_mobile&quot;:&quot;eael-col-1&quot;}\" data-widget_type=\"eael-post-grid.default\">\n\t\t\t\t\t<div id=\"eael-post-grid-50790ce\" class=\"eael-post-grid-container\">\n            <div class=\"eael-post-grid eael-post-appender eael-post-appender-50790ce eael-post-grid-style-one\" data-layout-mode=\"masonry\"><article class=\"eael-grid-post  eael-post-grid-column eael-pg-post-4589 category-exitos\" data-id=\"4589\">\n        <div class=\"eael-grid-post-holder\">\n            <div class=\"eael-grid-post-holder-inner\"><div class=\"eael-entry-media\"><div class=\"eael-entry-overlay fade-in\"><i class=\"far fa-hand-pointer\" aria-hidden=\"true\"><\/i><a href=\"https:\/\/soymigrante.com\/revista\/jose-gamez-marimba-digital-502-migrante-sonador-originario-de-quiche\/\"><\/a><\/div><div class=\"eael-entry-thumbnail \">\n                <img decoding=\"async\" width=\"1024\" height=\"947\" src=\"https:\/\/soymigrante.com\/revista\/wp-content\/uploads\/2024\/01\/marimba-502-1-1024x947.webp\" class=\"attachment-large size-large wp-image-4608\" alt=\"Migrante guatemalteco Jos\u00e9 G\u00e1mez\" srcset=\"https:\/\/soymigrante.com\/revista\/wp-content\/uploads\/2024\/01\/marimba-502-1-1024x947.webp 1024w, https:\/\/soymigrante.com\/revista\/wp-content\/uploads\/2024\/01\/marimba-502-1-300x278.webp 300w, https:\/\/soymigrante.com\/revista\/wp-content\/uploads\/2024\/01\/marimba-502-1-768x711.webp 768w, https:\/\/soymigrante.com\/revista\/wp-content\/uploads\/2024\/01\/marimba-502-1-750x694.webp 750w, https:\/\/soymigrante.com\/revista\/wp-content\/uploads\/2024\/01\/marimba-502-1-1140x1055.webp 1140w, https:\/\/soymigrante.com\/revista\/wp-content\/uploads\/2024\/01\/marimba-502-1.webp 1536w\" sizes=\"(max-width: 1024px) 100vw, 1024px\" \/>\n            <\/div>\n        <\/div><div class=\"eael-entry-wrapper\"><header class=\"eael-entry-header\"><h2 class=\"eael-entry-title\"><a class=\"eael-grid-post-link\" href=\"https:\/\/soymigrante.com\/revista\/jose-gamez-marimba-digital-502-migrante-sonador-originario-de-quiche\/\" title=\"Jos\u00e9 G\u00e1mez y un sue\u00f1o migrante llamado Marimba Digital 502\">Jos\u00e9 G\u00e1mez y un sue\u00f1o migrante llamado Marimba Digital 502<\/a><\/h2><\/header><div class=\"eael-entry-content\">\n                        <div class=\"eael-grid-post-excerpt\"><a href=\"https:\/\/soymigrante.com\/revista\/jose-gamez-marimba-digital-502-migrante-sonador-originario-de-quiche\/\" class=\"eael-post-elements-readmore-btn\">CONOCE SU HISTORIA <\/a><\/div>\n                    <\/div><\/div><\/div>\n        <\/div>\n    <\/article><article class=\"eael-grid-post  eael-post-grid-column eael-pg-post-3639 category-exitos\" data-id=\"3639\">\n        <div class=\"eael-grid-post-holder\">\n            <div class=\"eael-grid-post-holder-inner\"><div class=\"eael-entry-media\"><div class=\"eael-entry-overlay fade-in\"><i class=\"far fa-hand-pointer\" aria-hidden=\"true\"><\/i><a href=\"https:\/\/soymigrante.com\/revista\/migrante-awal-marimba-tradicion-guatemala-washington\/\"><\/a><\/div><div class=\"eael-entry-thumbnail \">\n                <img loading=\"lazy\" decoding=\"async\" width=\"1024\" height=\"714\" src=\"https:\/\/soymigrante.com\/revista\/wp-content\/uploads\/2023\/12\/grupo-maya-awal-e1701797039856-1024x714.webp\" class=\"attachment-large size-large wp-image-3659\" alt=\"\" srcset=\"https:\/\/soymigrante.com\/revista\/wp-content\/uploads\/2023\/12\/grupo-maya-awal-e1701797039856-1024x714.webp 1024w, https:\/\/soymigrante.com\/revista\/wp-content\/uploads\/2023\/12\/grupo-maya-awal-e1701797039856-300x209.webp 300w, https:\/\/soymigrante.com\/revista\/wp-content\/uploads\/2023\/12\/grupo-maya-awal-e1701797039856-768x535.webp 768w, https:\/\/soymigrante.com\/revista\/wp-content\/uploads\/2023\/12\/grupo-maya-awal-e1701797039856-750x523.webp 750w, https:\/\/soymigrante.com\/revista\/wp-content\/uploads\/2023\/12\/grupo-maya-awal-e1701797039856.webp 1030w\" sizes=\"(max-width: 1024px) 100vw, 1024px\" \/>\n            <\/div>\n        <\/div><div class=\"eael-entry-wrapper\"><header class=\"eael-entry-header\"><h2 class=\"eael-entry-title\"><a class=\"eael-grid-post-link\" href=\"https:\/\/soymigrante.com\/revista\/migrante-awal-marimba-tradicion-guatemala-washington\/\" title=\"Familias migrantes integran una sola en Danza Awal\">Familias migrantes integran una sola en Danza Awal<\/a><\/h2><\/header><div class=\"eael-entry-content\">\n                        <div class=\"eael-grid-post-excerpt\"><a href=\"https:\/\/soymigrante.com\/revista\/migrante-awal-marimba-tradicion-guatemala-washington\/\" class=\"eael-post-elements-readmore-btn\">CONOCE SU HISTORIA <\/a><\/div>\n                    <\/div><\/div><\/div>\n        <\/div>\n    <\/article><article class=\"eael-grid-post  eael-post-grid-column eael-pg-post-1694 category-exitos tags-nueva-jersey\" data-id=\"1694\">\n        <div class=\"eael-grid-post-holder\">\n            <div class=\"eael-grid-post-holder-inner\"><div class=\"eael-entry-media\"><div class=\"eael-entry-overlay fade-in\"><i class=\"far fa-hand-pointer\" aria-hidden=\"true\"><\/i><a href=\"https:\/\/soymigrante.com\/revista\/alfredo-canastuj-marimba-guatemalteca-eeuu\/\"><\/a><\/div><div class=\"eael-entry-thumbnail \">\n                <img loading=\"lazy\" decoding=\"async\" width=\"1024\" height=\"682\" src=\"https:\/\/soymigrante.com\/revista\/wp-content\/uploads\/2023\/07\/Alfredo-portador-del-talento-1024x682.webp\" class=\"attachment-large size-large wp-image-1705\" alt=\"Alfredo portador del talento\" srcset=\"https:\/\/soymigrante.com\/revista\/wp-content\/uploads\/2023\/07\/Alfredo-portador-del-talento-1024x682.webp 1024w, https:\/\/soymigrante.com\/revista\/wp-content\/uploads\/2023\/07\/Alfredo-portador-del-talento-300x200.webp 300w, https:\/\/soymigrante.com\/revista\/wp-content\/uploads\/2023\/07\/Alfredo-portador-del-talento-768x512.webp 768w, https:\/\/soymigrante.com\/revista\/wp-content\/uploads\/2023\/07\/Alfredo-portador-del-talento-1536x1023.webp 1536w, https:\/\/soymigrante.com\/revista\/wp-content\/uploads\/2023\/07\/Alfredo-portador-del-talento-750x500.webp 750w, https:\/\/soymigrante.com\/revista\/wp-content\/uploads\/2023\/07\/Alfredo-portador-del-talento-1140x760.webp 1140w, https:\/\/soymigrante.com\/revista\/wp-content\/uploads\/2023\/07\/Alfredo-portador-del-talento-600x400.webp 600w, https:\/\/soymigrante.com\/revista\/wp-content\/uploads\/2023\/07\/Alfredo-portador-del-talento.webp 1600w\" sizes=\"(max-width: 1024px) 100vw, 1024px\" \/>\n            <\/div>\n        <\/div><div class=\"eael-entry-wrapper\"><header class=\"eael-entry-header\"><h2 class=\"eael-entry-title\"><a class=\"eael-grid-post-link\" href=\"https:\/\/soymigrante.com\/revista\/alfredo-canastuj-marimba-guatemalteca-eeuu\/\" title=\"Rey K&#8217;ich\u00e9 migrante hace vibrar la marimba en Estados Unidos\">Rey K&#8217;ich\u00e9 migrante hace vibrar la marimba en Estados Unidos<\/a><\/h2><\/header><div class=\"eael-entry-content\">\n                        <div class=\"eael-grid-post-excerpt\"><a href=\"https:\/\/soymigrante.com\/revista\/alfredo-canastuj-marimba-guatemalteca-eeuu\/\" class=\"eael-post-elements-readmore-btn\">CONOCE SU HISTORIA <\/a><\/div>\n                    <\/div><\/div><\/div>\n        <\/div>\n    <\/article><\/div>\n            <div class=\"clearfix\"><\/div>\n        <\/div>\t\t\t\t<\/div>\n\t\t\t\t\t<\/div>\n\t\t\t\t<\/div>\n\t\t<div data-particle_enable=\"false\" data-particle-mobile-disabled=\"false\" class=\"elementor-element elementor-element-db8b661 e-flex e-con-boxed e-con e-parent\" data-id=\"db8b661\" data-element_type=\"container\" data-e-type=\"container\">\n\t\t\t\t\t<div class=\"e-con-inner\">\n\t\t\t\t\t<\/div>\n\t\t\t\t<\/div>\n\t\t\t\t<\/div>\n\t\t","protected":false},"excerpt":{"rendered":"<p>Rold\u00e1n Jos\u00e9 Wix se hizo viral en 2023 por lucir un traje del personaje de mono en Nueva York, pero con este y otros trajes tradicionales que ha mandado a traer a Guatemala tambi\u00e9n ha llegado a otras ciudades de Estados Unidos siempre con el anhelo de su tierra natal. Roldan Jos\u00e9 Galeano Wix originario [&hellip;]<\/p>\n","protected":false},"author":7,"featured_media":31637,"comment_status":"open","ping_status":"open","sticky":false,"template":"","format":"standard","meta":{"_acf_changed":false,"_eb_attr":"","footnotes":""},"categories":[54],"tags":[],"class_list":["post-31636","post","type-post","status-publish","format-standard","has-post-thumbnail","hentry","category-estamos-unidos"],"acf":[],"aioseo_notices":[],"aioseo_head":"\n\t\t<!-- All in One SEO Pro 4.9.6.2 - aioseo.com -->\n\t<meta name=\"description\" content=\"Alfredo Canastuj, originario de Barranech\u00e9, toca la marimba en EE.UU., uniendo a guatemaltecos y conquistando corazones estadounidenses con su m\u00fasica.\" \/>\n\t<meta name=\"robots\" content=\"max-snippet:-1, max-image-preview:large, max-video-preview:-1\" \/>\n\t<meta name=\"author\" content=\"Diana Batz\"\/>\n\t<link rel=\"canonical\" href=\"https:\/\/soymigrante.com\/revista\/alfredo-canastuj-marimba-guatemalteca-eeuu\/\" \/>\n\t<meta name=\"generator\" content=\"All in One SEO Pro (AIOSEO) 4.9.6.2\" \/>\n\n\t\t<link rel=\"preconnect\" href=\"https:\/\/fonts.googleapis.com\" crossorigin>\n<link rel=\"preconnect\" href=\"https:\/\/fonts.gstatic.com\" crossorigin>\n\t\t<meta property=\"og:locale\" content=\"es_ES\" \/>\n\t\t<meta property=\"og:site_name\" content=\"SoyMigrante.com REVISTA \u2013 Nuestra misi\u00f3n es reconocer y dignificar al migrante.\" \/>\n\t\t<meta property=\"og:type\" content=\"article\" \/>\n\t\t<meta property=\"og:title\" content=\"Rey K\u2019ich\u00e9 migrante hace vibrar la marimba en Estados Unidos\" \/>\n\t\t<meta property=\"og:description\" content=\"Alfredo Canastuj, originario de Barranech\u00e9, toca la marimba en EE.UU., uniendo a guatemaltecos y conquistando corazones estadounidenses con su m\u00fasica.\" \/>\n\t\t<meta property=\"og:url\" content=\"https:\/\/soymigrante.com\/revista\/alfredo-canastuj-marimba-guatemalteca-eeuu\/\" \/>\n\t\t<meta property=\"og:image\" content=\"https:\/\/soymigrante.com\/revista\/wp-content\/uploads\/2023\/07\/Alfredo-portador-del-talento.webp\" \/>\n\t\t<meta property=\"og:image:secure_url\" content=\"https:\/\/soymigrante.com\/revista\/wp-content\/uploads\/2023\/07\/Alfredo-portador-del-talento.webp\" \/>\n\t\t<meta property=\"og:image:width\" content=\"1600\" \/>\n\t\t<meta property=\"og:image:height\" content=\"1066\" \/>\n\t\t<meta property=\"article:published_time\" content=\"2023-07-04T15:52:19+00:00\" \/>\n\t\t<meta property=\"article:modified_time\" content=\"2026-03-11T22:44:15+00:00\" \/>\n\t\t<meta property=\"article:publisher\" content=\"https:\/\/www.facebook.com\/soymigrantecom\" \/>\n\t\t<meta name=\"twitter:card\" content=\"summary_large_image\" \/>\n\t\t<meta name=\"twitter:site\" content=\"@SoyMigrante_com\" \/>\n\t\t<meta name=\"twitter:title\" content=\"Rey K\u2019ich\u00e9 migrante hace vibrar la marimba en Estados Unidos\" \/>\n\t\t<meta name=\"twitter:description\" content=\"Alfredo Canastuj, originario de Barranech\u00e9, toca la marimba en EE.UU., uniendo a guatemaltecos y conquistando corazones estadounidenses con su m\u00fasica.\" \/>\n\t\t<meta name=\"twitter:creator\" content=\"@SoyMigrante_com\" \/>\n\t\t<meta name=\"twitter:image\" content=\"https:\/\/soymigrante.com\/revista\/wp-content\/uploads\/2023\/07\/Alfredo-portador-del-talento.webp\" \/>\n\t\t<!-- All in One SEO Pro -->\r\n\t\t<title>Rey K\u2019ich\u00e9 migrante hace vibrar la marimba en Estados Unidos<\/title>\n\n","aioseo_head_json":{"title":"Rey K\u2019ich\u00e9 migrante hace vibrar la marimba en Estados Unidos","description":"Alfredo Canastuj, originario de Barranech\u00e9, toca la marimba en EE.UU., uniendo a guatemaltecos y conquistando corazones estadounidenses con su m\u00fasica.","canonical_url":"https:\/\/soymigrante.com\/revista\/alfredo-canastuj-marimba-guatemalteca-eeuu\/","robots":"max-snippet:-1, max-image-preview:large, max-video-preview:-1","keywords":"","webmasterTools":{"miscellaneous":"&lt;link rel=\"preconnect\" href=\"https:\/\/fonts.googleapis.com\" crossorigin&gt;\n&lt;link rel=\"preconnect\" href=\"https:\/\/fonts.gstatic.com\" crossorigin&gt;"},"schema":null,"og:locale":"es_ES","og:site_name":"SoyMigrante.com REVISTA \u2013 Nuestra misi\u00f3n es reconocer y dignificar al migrante.","og:type":"article","og:title":"Rey K\u2019ich\u00e9 migrante hace vibrar la marimba en Estados Unidos","og:description":"Alfredo Canastuj, originario de Barranech\u00e9, toca la marimba en EE.UU., uniendo a guatemaltecos y conquistando corazones estadounidenses con su m\u00fasica.","og:url":"https:\/\/soymigrante.com\/revista\/alfredo-canastuj-marimba-guatemalteca-eeuu\/","og:image":"https:\/\/soymigrante.com\/revista\/wp-content\/uploads\/2023\/07\/Alfredo-portador-del-talento.webp","og:image:secure_url":"https:\/\/soymigrante.com\/revista\/wp-content\/uploads\/2023\/07\/Alfredo-portador-del-talento.webp","og:image:width":1600,"og:image:height":1066,"article:published_time":"2023-07-04T15:52:19+00:00","article:modified_time":"2026-03-11T22:44:15+00:00","article:publisher":"https:\/\/www.facebook.com\/soymigrantecom","twitter:card":"summary_large_image","twitter:site":"@SoyMigrante_com","twitter:title":"Rey K\u2019ich\u00e9 migrante hace vibrar la marimba en Estados Unidos","twitter:description":"Alfredo Canastuj, originario de Barranech\u00e9, toca la marimba en EE.UU., uniendo a guatemaltecos y conquistando corazones estadounidenses con su m\u00fasica.","twitter:creator":"@SoyMigrante_com","twitter:image":"https:\/\/soymigrante.com\/revista\/wp-content\/uploads\/2023\/07\/Alfredo-portador-del-talento.webp"},"aioseo_meta_data":{"post_id":"31636","title":"Cuatro trajes, tres personajes y un coraz\u00f3n momosteco en NY","description":"Rold\u00e1n Jos\u00e9 se hizo viral en 2023 por lucir un traje del personaje de mono en Nueva York, pero ha llegado a otras ciudades con otras m\u00e1scaras ancestrales","keywords":null,"keyphrases":{"focus":{"keyphrase":"Momostenango","score":50,"analysis":{"keyphraseInTitle":{"score":3,"maxScore":9,"error":1},"keyphraseInDescription":{"score":3,"maxScore":9,"error":1},"keyphraseLength":{"score":9,"maxScore":9,"error":0,"length":1},"keyphraseInURL":{"score":1,"maxScore":5,"error":1}}},"additional":[{"keyphrase":"Trajes","score":67,"analysis":{"keyphraseInDescription":{"score":3,"maxScore":9,"error":1},"keyphraseLength":{"score":9,"maxScore":9,"error":0,"length":1}}},{"keyphrase":"Mono","score":100,"analysis":{"keyphraseInDescription":{"score":9,"maxScore":9,"error":0},"keyphraseLength":{"score":9,"maxScore":9,"error":0,"length":1}}},{"keyphrase":"NY","score":67,"analysis":{"keyphraseInDescription":{"score":3,"maxScore":9,"error":1},"keyphraseLength":{"score":9,"maxScore":9,"error":0,"length":1}}}]},"primary_term":null,"canonical_url":null,"og_title":null,"og_description":null,"og_object_type":"default","og_image_type":"default","og_image_url":null,"og_image_width":null,"og_image_height":null,"og_image_custom_url":null,"og_image_custom_fields":null,"og_video":"","og_custom_url":null,"og_article_section":null,"og_article_tags":null,"twitter_use_og":false,"twitter_card":"default","twitter_image_type":"default","twitter_image_url":null,"twitter_image_custom_url":null,"twitter_image_custom_fields":null,"twitter_title":null,"twitter_description":null,"schema":{"blockGraphs":[],"customGraphs":[],"default":{"data":{"Article":[],"Course":[],"Dataset":[],"FAQPage":[],"Movie":[],"Person":[],"Product":[],"ProductReview":[],"Car":[],"Recipe":[],"Service":[],"SoftwareApplication":[],"WebPage":[]},"graphName":"none","isEnabled":true},"graphs":[]},"schema_type":"default","schema_type_options":null,"pillar_content":false,"robots_default":true,"robots_noindex":false,"robots_noarchive":false,"robots_nosnippet":false,"robots_nofollow":false,"robots_noimageindex":false,"robots_noodp":false,"robots_notranslate":false,"robots_max_snippet":"-1","robots_max_videopreview":"-1","robots_max_imagepreview":"large","priority":null,"frequency":"default","local_seo":null,"seo_analyzer_scan_date":"2025-10-09 04:32:09","breadcrumb_settings":null,"limit_modified_date":false,"reviewed_by":null,"open_ai":"{\"title\":{\"suggestions\":[],\"usage\":0},\"description\":{\"suggestions\":[],\"usage\":0}}","ai":null,"created":"2025-04-22 04:40:29","updated":"2026-02-04 23:17:02"},"aioseo_breadcrumb":"<div class=\"aioseo-breadcrumbs\"><span class=\"aioseo-breadcrumb\">\n\t<a href=\"https:\/\/soymigrante.com\/revista\" title=\"Home\">Home<\/a>\n<\/span><span class=\"aioseo-breadcrumb-separator\">\u00bb<\/span><span class=\"aioseo-breadcrumb\">\n\t<a href=\"https:\/\/soymigrante.com\/revista\/category\/estamos-unidos\/\" title=\"Estamos Unidos\">Estamos Unidos<\/a>\n<\/span><span class=\"aioseo-breadcrumb-separator\">\u00bb<\/span><span class=\"aioseo-breadcrumb\">\n\tCuatro trajes, tres personajes y un coraz\u00f3n en Nueva York late por su pueblo Momostenango\n<\/span><\/div>","aioseo_breadcrumb_json":[{"label":"Home","link":"https:\/\/soymigrante.com\/revista"},{"label":"Estamos Unidos","link":"https:\/\/soymigrante.com\/revista\/category\/estamos-unidos\/"},{"label":"Cuatro trajes, tres personajes y un coraz\u00f3n en Nueva York late por su pueblo Momostenango","link":"https:\/\/soymigrante.com\/revista\/cuatro-trajes-tres-personajes-y-un-corazon-en-nueva-york-late-por-su-pueblo-momostenango\/"}],"_links":{"self":[{"href":"https:\/\/soymigrante.com\/revista\/wp-json\/wp\/v2\/posts\/31636","targetHints":{"allow":["GET"]}}],"collection":[{"href":"https:\/\/soymigrante.com\/revista\/wp-json\/wp\/v2\/posts"}],"about":[{"href":"https:\/\/soymigrante.com\/revista\/wp-json\/wp\/v2\/types\/post"}],"author":[{"embeddable":true,"href":"https:\/\/soymigrante.com\/revista\/wp-json\/wp\/v2\/users\/7"}],"replies":[{"embeddable":true,"href":"https:\/\/soymigrante.com\/revista\/wp-json\/wp\/v2\/comments?post=31636"}],"version-history":[{"count":14,"href":"https:\/\/soymigrante.com\/revista\/wp-json\/wp\/v2\/posts\/31636\/revisions"}],"predecessor-version":[{"id":32682,"href":"https:\/\/soymigrante.com\/revista\/wp-json\/wp\/v2\/posts\/31636\/revisions\/32682"}],"wp:featuredmedia":[{"embeddable":true,"href":"https:\/\/soymigrante.com\/revista\/wp-json\/wp\/v2\/media\/31637"}],"wp:attachment":[{"href":"https:\/\/soymigrante.com\/revista\/wp-json\/wp\/v2\/media?parent=31636"}],"wp:term":[{"taxonomy":"category","embeddable":true,"href":"https:\/\/soymigrante.com\/revista\/wp-json\/wp\/v2\/categories?post=31636"},{"taxonomy":"post_tag","embeddable":true,"href":"https:\/\/soymigrante.com\/revista\/wp-json\/wp\/v2\/tags?post=31636"}],"curies":[{"name":"wp","href":"https:\/\/api.w.org\/{rel}","templated":true}]}}