{"id":31582,"date":"2025-04-22T04:00:00","date_gmt":"2025-04-22T10:00:00","guid":{"rendered":"https:\/\/soymigrante.com\/revista\/?p=31582"},"modified":"2025-04-21T20:28:44","modified_gmt":"2025-04-22T02:28:44","slug":"monumento-a-los-migrantes-papa-francisco-roma-washington","status":"publish","type":"post","link":"https:\/\/soymigrante.com\/revista\/monumento-a-los-migrantes-papa-francisco-roma-washington\/","title":{"rendered":"El monumento en honor a los migrantes que el papa Francisco impuls\u00f3"},"content":{"rendered":"\t\t<div data-elementor-type=\"wp-post\" data-elementor-id=\"31582\" class=\"elementor elementor-31582\" data-elementor-post-type=\"post\">\n\t\t\t\t<div data-particle_enable=\"false\" data-particle-mobile-disabled=\"false\" class=\"elementor-element elementor-element-b68fff0 e-flex e-con-boxed e-con e-parent\" data-id=\"b68fff0\" data-element_type=\"container\" data-e-type=\"container\">\n\t\t\t\t\t<div class=\"e-con-inner\">\n\t\t\t\t<div class=\"elementor-element elementor-element-203714f elementor-widget elementor-widget-heading\" data-id=\"203714f\" data-element_type=\"widget\" data-e-type=\"widget\" data-widget_type=\"heading.default\">\n\t\t\t\t\t<h2 class=\"elementor-heading-title elementor-size-default\">El Papa Francisco inaugur\u00f3 la escultura \u00c1ngeles sin saberlo, en 2019 en honor a los migrantes, en la Plaza de San Pedro del Vaticano. Pero \u00bfSab\u00edas que existe una copia de esta obra en Washington D.C.?<\/h2>\t\t\t\t<\/div>\n\t\t\t\t\t<\/div>\n\t\t\t\t<\/div>\n\t\t<div data-particle_enable=\"false\" data-particle-mobile-disabled=\"false\" class=\"elementor-element elementor-element-517acb1 e-flex e-con-boxed e-con e-parent\" data-id=\"517acb1\" data-element_type=\"container\" data-e-type=\"container\">\n\t\t\t\t\t<div class=\"e-con-inner\">\n\t\t\t\t<div class=\"elementor-element elementor-element-b0fb51b elementor-widget elementor-widget-text-editor\" data-id=\"b0fb51b\" data-element_type=\"widget\" data-e-type=\"widget\" data-widget_type=\"text-editor.default\">\n\t\t\t\t\t\t\t\t\t<p>En el marco de la Jornada Mundial del Migrante y del Refugiado, <a href=\"https:\/\/soymigrante.com\/revista\/migrantes-han-estado-continuamente-en-los-mensajes-y-oraciones-del-papa-francisco\/\" target=\"_blank\" rel=\"noopener\">el Papa Francisco, fallecido este 21 de abril de 2025, tuvo una lucha por amor a los migrantes, una de las muestras de amor fue cuando inaugur\u00f3 un monumento sin precedentes en la Plaza de San Pedro del Vaticano<\/a>: una escultura de bronce y arcilla llamada Angels Unawares (\u00c1ngeles sin saberlo), dedicada a los migrantes y refugiados de todo el mundo y de todas las \u00e9pocas, acto que se llev\u00f3 a cabo el 29 de septiembre de 2019.<\/p><p>La obra fue realizada por el artista canadiense Timothy Schmalz, conocido tambi\u00e9n por otras esculturas religiosas como \u201cJes\u00fas sin hogar\u201d. <a href=\"https:\/\/soymigrante.com\/revista\/migrantes-han-estado-continuamente-en-los-mensajes-y-oraciones-del-papa-francisco\/\" target=\"_blank\" rel=\"noopener\">La escultura mide m\u00e1s de 6 metros de largo y representa a 140 figuras humanas, hombres, mujeres y ni\u00f1os, de distintas culturas,<\/a> razas y per\u00edodos hist\u00f3ricos, api\u00f1ados sobre una misma balsa.<\/p>\t\t\t\t\t\t\t\t<\/div>\n\t\t\t\t\t<\/div>\n\t\t\t\t<\/div>\n\t\t<div data-particle_enable=\"false\" data-particle-mobile-disabled=\"false\" class=\"elementor-element elementor-element-8a529ce e-flex e-con-boxed e-con e-parent\" data-id=\"8a529ce\" data-element_type=\"container\" data-e-type=\"container\">\n\t\t\t\t\t<div class=\"e-con-inner\">\n\t\t\t\t<div class=\"elementor-element elementor-element-35ff9fa elementor-widget elementor-widget-text-editor\" data-id=\"35ff9fa\" data-element_type=\"widget\" data-e-type=\"widget\" data-widget_type=\"text-editor.default\">\n\t\t\t\t\t\t\t\t\t<p>Entre ellos se pueden identificar jud\u00edos que huyeron de la Alemania nazi, africanos esclavizados, irlandeses durante la Gran Hambruna, migrantes sirios, mexicanos, polacos y muchos otros.<\/p>\t\t\t\t\t\t\t\t<\/div>\n\t\t\t\t\t<\/div>\n\t\t\t\t<\/div>\n\t\t<div data-particle_enable=\"false\" data-particle-mobile-disabled=\"false\" class=\"elementor-element elementor-element-593287a e-flex e-con-boxed e-con e-parent\" data-id=\"593287a\" data-element_type=\"container\" data-e-type=\"container\">\n\t\t\t\t\t<div class=\"e-con-inner\">\n\t\t\t\t<div class=\"elementor-element elementor-element-33a29cd elementor-widget elementor-widget-image\" data-id=\"33a29cd\" data-element_type=\"widget\" data-e-type=\"widget\" data-widget_type=\"image.default\">\n\t\t\t\t\t\t\t\t\t\t\t\t<figure class=\"wp-caption\">\n\t\t\t\t\t\t\t\t\t\t<img fetchpriority=\"high\" decoding=\"async\" width=\"466\" height=\"212\" src=\"https:\/\/soymigrante.com\/revista\/wp-content\/uploads\/2025\/04\/Monumento-al-migrante-2-e1745288043750.webp\" class=\"attachment-large size-large wp-image-31585\" alt=\"Escultura conmemorativa de migrantes en centro urbano, s\u00edmbolo de historia y lucha de los migrantes en Europa.\" srcset=\"https:\/\/soymigrante.com\/revista\/wp-content\/uploads\/2025\/04\/Monumento-al-migrante-2-e1745288043750.webp 466w, https:\/\/soymigrante.com\/revista\/wp-content\/uploads\/2025\/04\/Monumento-al-migrante-2-e1745288043750-300x136.webp 300w\" sizes=\"(max-width: 466px) 100vw, 466px\" title=\"El monumento fue inaugurado en el 2019 en la Plaza de San Pedro, en El Vaticano. \u2013 SoyMigrante.com REVISTA\" \/>\t\t\t\t\t\t\t\t\t\t\t<figcaption class=\"widget-image-caption wp-caption-text\">Escultura que representa la historia y lucha de los migrantes, ubicada en un espacio p\u00fablico y destacado en la revista SoyMigrante.com REVISTA.<\/figcaption>\n\t\t\t\t\t\t\t\t\t\t<\/figure>\n\t\t\t\t\t\t\t\t\t<\/div>\n\t\t\t\t\t<\/div>\n\t\t\t\t<\/div>\n\t\t<div data-particle_enable=\"false\" data-particle-mobile-disabled=\"false\" class=\"elementor-element elementor-element-44bd351 e-flex e-con-boxed e-con e-parent\" data-id=\"44bd351\" data-element_type=\"container\" data-e-type=\"container\">\n\t\t\t\t\t<div class=\"e-con-inner\">\n\t\t\t\t<div class=\"elementor-element elementor-element-c0d02ef elementor-widget elementor-widget-heading\" data-id=\"c0d02ef\" data-element_type=\"widget\" data-e-type=\"widget\" data-widget_type=\"heading.default\">\n\t\t\t\t\t<h3 class=\"elementor-heading-title elementor-size-default\">Un s\u00edmbolo de amor a los migrantes <\/h3>\t\t\t\t<\/div>\n\t\t\t\t\t<\/div>\n\t\t\t\t<\/div>\n\t\t<div data-particle_enable=\"false\" data-particle-mobile-disabled=\"false\" class=\"elementor-element elementor-element-faf574b e-flex e-con-boxed e-con e-parent\" data-id=\"faf574b\" data-element_type=\"container\" data-e-type=\"container\">\n\t\t\t\t\t<div class=\"e-con-inner\">\n\t\t\t\t<div class=\"elementor-element elementor-element-dc6e59b elementor-widget elementor-widget-text-editor\" data-id=\"dc6e59b\" data-element_type=\"widget\" data-e-type=\"widget\" data-widget_type=\"text-editor.default\">\n\t\t\t\t\t\t\t\t\t<p>Lo m\u00e1s simb\u00f3lico de la obra es que, entre estas figuras humanas, <a href=\"https:\/\/soymigrante.com\/revista\/migrantes-han-estado-continuamente-en-los-mensajes-y-oraciones-del-papa-francisco\/\" target=\"_blank\" rel=\"noopener\">emergen discretamente un par de alas de \u00e1ngel, haciendo referencia a la cita b\u00edblica de Hebreos 13:2: \u201cNo olvid\u00e9is la hospitalidad; porque por ella algunos, sin saberlo, hospedaron \u00e1ngeles\u201d<\/a>.<\/p><p>\u201cHe querido esta escultura aqu\u00ed en la Plaza de San Pedro para recordar a todos el desaf\u00edo evang\u00e9lico de la acogida\u201d, dijo el Papa Francisco durante la inauguraci\u00f3n. El pont\u00edfice retir\u00f3 la tela que cubr\u00eda la obra, junto a cuatro refugiados, y luego la bendijo p\u00fablicamente frente a miles de fieles.<\/p>\t\t\t\t\t\t\t\t<\/div>\n\t\t\t\t\t<\/div>\n\t\t\t\t<\/div>\n\t\t<div data-particle_enable=\"false\" data-particle-mobile-disabled=\"false\" class=\"elementor-element elementor-element-59b1dcf e-flex e-con-boxed e-con e-parent\" data-id=\"59b1dcf\" data-element_type=\"container\" data-e-type=\"container\">\n\t\t\t\t\t<div class=\"e-con-inner\">\n\t\t\t\t<div class=\"elementor-element elementor-element-8b0dc91 elementor-widget elementor-widget-image\" data-id=\"8b0dc91\" data-element_type=\"widget\" data-e-type=\"widget\" data-widget_type=\"image.default\">\n\t\t\t\t\t\t\t\t\t\t\t\t<figure class=\"wp-caption\">\n\t\t\t\t\t\t\t\t\t\t<img decoding=\"async\" width=\"768\" height=\"260\" src=\"https:\/\/soymigrante.com\/revista\/wp-content\/uploads\/2025\/04\/papa-francisco-migrantes.webp\" class=\"attachment-large size-large wp-image-31623\" alt=\"Migrante latinoamericano con el Papa en un monumento con varias estatuas de migrantes.\" srcset=\"https:\/\/soymigrante.com\/revista\/wp-content\/uploads\/2025\/04\/papa-francisco-migrantes.webp 990w, https:\/\/soymigrante.com\/revista\/wp-content\/uploads\/2025\/04\/papa-francisco-migrantes-300x102.jpg 300w, https:\/\/soymigrante.com\/revista\/wp-content\/uploads\/2025\/04\/papa-francisco-migrantes-768x260.jpg 768w, https:\/\/soymigrante.com\/revista\/wp-content\/uploads\/2025\/04\/papa-francisco-migrantes-750x254.webp 750w\" sizes=\"(max-width: 768px) 100vw, 768px\" title=\"El papa Francisco siempre defendi\u00f3 la dignidad de los migrantes y refugiados de todo el mundo. \u2013 SoyMigrante.com REVISTA\" \/>\t\t\t\t\t\t\t\t\t\t\t<figcaption class=\"widget-image-caption wp-caption-text\">Escultura hist\u00f3rica y simb\u00f3lica de migrantes en un evento religioso y cultural en Latinoam\u00e9rica.<\/figcaption>\n\t\t\t\t\t\t\t\t\t\t<\/figure>\n\t\t\t\t\t\t\t\t\t<\/div>\n\t\t\t\t\t<\/div>\n\t\t\t\t<\/div>\n\t\t<div data-particle_enable=\"false\" data-particle-mobile-disabled=\"false\" class=\"elementor-element elementor-element-5712817 e-flex e-con-boxed e-con e-parent\" data-id=\"5712817\" data-element_type=\"container\" data-e-type=\"container\">\n\t\t\t\t\t<div class=\"e-con-inner\">\n\t\t\t\t<div class=\"elementor-element elementor-element-9bf06b1 elementor-widget elementor-widget-text-editor\" data-id=\"9bf06b1\" data-element_type=\"widget\" data-e-type=\"widget\" data-widget_type=\"text-editor.default\">\n\t\t\t\t\t\t\t\t\t<p>El Papa tambi\u00e9n aprovech\u00f3 la ocasi\u00f3n de 2019 para pronunciar un fuerte mensaje en favor de los migrantes:<br \/>\u201cLos migrantes no son una amenaza, sino una oportunidad para crecer como sociedad, para enriquecer nuestras culturas y para vivir m\u00e1s plenamente el Evangelio\u201d, expres\u00f3.<\/p><p>El monumento fue promovido por el cardenal Michael Czerny, entonces subsecretario de la Secci\u00f3n de Migrantes y Refugiados del Vaticano, quien tambi\u00e9n particip\u00f3 en el acto. La escultura fue financiada por la familia Bratty, inmigrantes italianos establecidos en Canad\u00e1, que quisieron honrar su propia historia familiar de migraci\u00f3n.<\/p>\t\t\t\t\t\t\t\t<\/div>\n\t\t\t\t\t<\/div>\n\t\t\t\t<\/div>\n\t\t<div data-particle_enable=\"false\" data-particle-mobile-disabled=\"false\" class=\"elementor-element elementor-element-c8c75b6 e-flex e-con-boxed e-con e-parent\" data-id=\"c8c75b6\" data-element_type=\"container\" data-e-type=\"container\">\n\t\t\t\t\t<div class=\"e-con-inner\">\n\t\t\t\t<div class=\"elementor-element elementor-element-d826df9 elementor-widget elementor-widget-video\" data-id=\"d826df9\" data-element_type=\"widget\" data-e-type=\"widget\" data-settings=\"{&quot;youtube_url&quot;:&quot;https:\\\/\\\/www.youtube.com\\\/watch?v=UoiynNf-6CQ&quot;,&quot;video_type&quot;:&quot;youtube&quot;,&quot;controls&quot;:&quot;yes&quot;}\" data-widget_type=\"video.default\">\n\t\t\t\t\t\t\t<div class=\"elementor-wrapper elementor-open-inline\">\n\t\t\t<div class=\"elementor-video\"><\/div>\t\t<\/div>\n\t\t\t\t\t\t<\/div>\n\t\t\t\t\t<\/div>\n\t\t\t\t<\/div>\n\t\t<div data-particle_enable=\"false\" data-particle-mobile-disabled=\"false\" class=\"elementor-element elementor-element-7eb4a52 e-flex e-con-boxed e-con e-parent\" data-id=\"7eb4a52\" data-element_type=\"container\" data-e-type=\"container\">\n\t\t\t\t\t<div class=\"e-con-inner\">\n\t\t\t\t<div class=\"elementor-element elementor-element-89c6cf4 elementor-widget elementor-widget-heading\" data-id=\"89c6cf4\" data-element_type=\"widget\" data-e-type=\"widget\" data-widget_type=\"heading.default\">\n\t\t\t\t\t<h3 class=\"elementor-heading-title elementor-size-default\">Primera escultura en la Plaza en m\u00e1s de 400 a\u00f1os<\/h3>\t\t\t\t<\/div>\n\t\t\t\t\t<\/div>\n\t\t\t\t<\/div>\n\t\t<div data-particle_enable=\"false\" data-particle-mobile-disabled=\"false\" class=\"elementor-element elementor-element-77e48aa e-flex e-con-boxed e-con e-parent\" data-id=\"77e48aa\" data-element_type=\"container\" data-e-type=\"container\">\n\t\t\t\t\t<div class=\"e-con-inner\">\n\t\t\t\t<div class=\"elementor-element elementor-element-b41d1c5 elementor-widget elementor-widget-text-editor\" data-id=\"b41d1c5\" data-element_type=\"widget\" data-e-type=\"widget\" data-widget_type=\"text-editor.default\">\n\t\t\t\t\t\t\t\t\t<p>Angels Unawares es la primera obra escult\u00f3rica nueva colocada en la Plaza de San Pedro desde el siglo XVII, lo que le da un valor hist\u00f3rico adicional. Su presencia rompe con la uniformidad visual de la plaza, pero cumple el prop\u00f3sito pastoral del Papa Francisco: hacer visible lo invisible y poner a los marginados en el centro.<\/p><p>Una copia de este monumento exactamente igual a la del Vaticano fue develada en el Campus de la Universidad Cat\u00f3lica de Am\u00e9rica en Washington D.C., Estados Unidos.<\/p>\t\t\t\t\t\t\t\t<\/div>\n\t\t\t\t\t<\/div>\n\t\t\t\t<\/div>\n\t\t<div data-particle_enable=\"false\" data-particle-mobile-disabled=\"false\" class=\"elementor-element elementor-element-da98b77 e-flex e-con-boxed e-con e-parent\" data-id=\"da98b77\" data-element_type=\"container\" data-e-type=\"container\">\n\t\t\t\t\t<div class=\"e-con-inner\">\n\t\t\t\t<div class=\"elementor-element elementor-element-5948c31 elementor-widget elementor-widget-image\" data-id=\"5948c31\" data-element_type=\"widget\" data-e-type=\"widget\" data-widget_type=\"image.default\">\n\t\t\t\t\t\t\t\t\t\t\t\t<figure class=\"wp-caption\">\n\t\t\t\t\t\t\t\t\t\t<img decoding=\"async\" width=\"664\" height=\"302\" src=\"https:\/\/soymigrante.com\/revista\/wp-content\/uploads\/2025\/04\/copia-monumento-al-migrante-e1747801875315.webp\" class=\"attachment-large size-large wp-image-31617\" alt=\"Migrantes en procesi\u00f3n en una escultura de relieves, representando la comunidad migrante y su historia, en homenaje a la migraci\u00f3n y sus desaf\u00edos.\" srcset=\"https:\/\/soymigrante.com\/revista\/wp-content\/uploads\/2025\/04\/copia-monumento-al-migrante-e1747801875315.webp 664w, https:\/\/soymigrante.com\/revista\/wp-content\/uploads\/2025\/04\/copia-monumento-al-migrante-e1747801875315-300x136.webp 300w\" sizes=\"(max-width: 664px) 100vw, 664px\" title=\"Una copia del monumento al migrante del Vaticano est\u00e1 en la Universidad Cat\u00f3lica de Am\u00e9rica, en Washington D.C. \u2013 SoyMigrante.com REVISTA\" \/>\t\t\t\t\t\t\t\t\t\t\t<figcaption class=\"widget-image-caption wp-caption-text\">Escultura de relieves que representan a migrantes en movimiento y la comunidad migrante, promoviendo la historia y los derechos de los migrantes en Am\u00e9rica Latina.<\/figcaption>\n\t\t\t\t\t\t\t\t\t\t<\/figure>\n\t\t\t\t\t\t\t\t\t<\/div>\n\t\t\t\t\t<\/div>\n\t\t\t\t<\/div>\n\t\t<div data-particle_enable=\"false\" data-particle-mobile-disabled=\"false\" class=\"elementor-element elementor-element-35e5764 e-flex e-con-boxed e-con e-parent\" data-id=\"35e5764\" data-element_type=\"container\" data-e-type=\"container\">\n\t\t\t\t\t<div class=\"e-con-inner\">\n\t\t\t\t<div class=\"elementor-element elementor-element-f730acf elementor-widget elementor-widget-heading\" data-id=\"f730acf\" data-element_type=\"widget\" data-e-type=\"widget\" data-widget_type=\"heading.default\">\n\t\t\t\t\t<h3 class=\"elementor-heading-title elementor-size-default\">Una escultura que comunica<\/h3>\t\t\t\t<\/div>\n\t\t\t\t\t<\/div>\n\t\t\t\t<\/div>\n\t\t<div data-particle_enable=\"false\" data-particle-mobile-disabled=\"false\" class=\"elementor-element elementor-element-212a462 e-flex e-con-boxed e-con e-parent\" data-id=\"212a462\" data-element_type=\"container\" data-e-type=\"container\">\n\t\t\t\t\t<div class=\"e-con-inner\">\n\t\t\t\t<div class=\"elementor-element elementor-element-922005d elementor-widget elementor-widget-text-editor\" data-id=\"922005d\" data-element_type=\"widget\" data-e-type=\"widget\" data-widget_type=\"text-editor.default\">\n\t\t\t\t\t\t\t\t\t<p>En diciembre de 2021, el Vaticano incorpor\u00f3 un c\u00f3digo QR al monumento, permitiendo a los visitantes acceder a materiales informativos, videos y ense\u00f1anzas del Papa sobre migraci\u00f3n y hospitalidad cristiana. <a href=\"https:\/\/soymigrante.com\/revista\/migrantes-han-estado-continuamente-en-los-mensajes-y-oraciones-del-papa-francisco\/\" target=\"_blank\" rel=\"noopener\">El mensaje es claro: m\u00e1s que una obra est\u00e1tica, la escultura es una herramienta de reflexi\u00f3n, di\u00e1logo y conversi\u00f3n.<\/a><\/p><p>El Papa Francisco ha reiterado en m\u00faltiples ocasiones que su pontificado est\u00e1 marcado por la defensa de los m\u00e1s vulnerables, entre ellos los migrantes. La inauguraci\u00f3n de Angels Unawares no fue solo un acto simb\u00f3lico, sino una declaraci\u00f3n teol\u00f3gica y pastoral que, en palabras del mismo Papa, nos invita a \u201cver a Cristo en el rostro de cada migrante\u201d.<\/p>\t\t\t\t\t\t\t\t<\/div>\n\t\t\t\t\t<\/div>\n\t\t\t\t<\/div>\n\t\t<div data-particle_enable=\"false\" data-particle-mobile-disabled=\"false\" class=\"elementor-element elementor-element-50a5517 e-flex e-con-boxed e-con e-parent\" data-id=\"50a5517\" data-element_type=\"container\" data-e-type=\"container\">\n\t\t\t\t\t<div class=\"e-con-inner\">\n\t\t\t\t<div class=\"elementor-element elementor-element-5f7bac5 elementor-widget elementor-widget-google_maps\" data-id=\"5f7bac5\" data-element_type=\"widget\" data-e-type=\"widget\" data-widget_type=\"google_maps.default\">\n\t\t\t\t\t\t\t<div class=\"elementor-custom-embed\">\n\t\t\t<iframe loading=\"lazy\"\n\t\t\t\t\tsrc=\"https:\/\/maps.google.com\/maps?q=Catholic%20University%20of%20America&#038;t=m&#038;z=10&#038;output=embed&#038;iwloc=near\"\n\t\t\t\t\ttitle=\"Catholic University of America\"\n\t\t\t\t\taria-label=\"Catholic University of America\"\n\t\t\t><\/iframe>\n\t\t<\/div>\n\t\t\t\t\t\t<\/div>\n\t\t\t\t\t<\/div>\n\t\t\t\t<\/div>\n\t\t<div data-particle_enable=\"false\" data-particle-mobile-disabled=\"false\" class=\"elementor-element elementor-element-55374aa e-flex e-con-boxed e-con e-parent\" data-id=\"55374aa\" data-element_type=\"container\" data-e-type=\"container\">\n\t\t\t\t\t<div class=\"e-con-inner\">\n\t\t\t\t<div class=\"elementor-element elementor-element-e7a4297 elementor-widget elementor-widget-heading\" data-id=\"e7a4297\" data-element_type=\"widget\" data-e-type=\"widget\" data-widget_type=\"heading.default\">\n\t\t\t\t\t<h2 class=\"elementor-heading-title elementor-size-default\">Conoce m\u00e1s sobre la importancia de los migrantes, ac\u00e1...<\/h2>\t\t\t\t<\/div>\n\t\t\t\t\t<\/div>\n\t\t\t\t<\/div>\n\t\t<div data-particle_enable=\"false\" data-particle-mobile-disabled=\"false\" class=\"elementor-element elementor-element-2f151ea e-flex e-con-boxed e-con e-parent\" data-id=\"2f151ea\" data-element_type=\"container\" data-e-type=\"container\">\n\t\t\t\t\t<div class=\"e-con-inner\">\n\t\t\t\t<div class=\"elementor-element elementor-element-b2f5a5a elementor-grid-eael-col-3 elementor-grid-tablet-eael-col-2 elementor-grid-mobile-eael-col-1 elementor-widget elementor-widget-eael-post-grid\" data-id=\"b2f5a5a\" data-element_type=\"widget\" data-e-type=\"widget\" data-settings=\"{&quot;eael_post_grid_columns&quot;:&quot;eael-col-3&quot;,&quot;eael_post_grid_columns_tablet&quot;:&quot;eael-col-2&quot;,&quot;eael_post_grid_columns_mobile&quot;:&quot;eael-col-1&quot;}\" data-widget_type=\"eael-post-grid.default\">\n\t\t\t\t\t<div id=\"eael-post-grid-b2f5a5a\" class=\"eael-post-grid-container\">\n            <div class=\"eael-post-grid eael-post-appender eael-post-appender-b2f5a5a eael-post-grid-style-one\" data-layout-mode=\"masonry\"><article class=\"eael-grid-post  eael-post-grid-column eael-pg-post-23205 category-estamos-unidos\" data-id=\"23205\">\n        <div class=\"eael-grid-post-holder\">\n            <div class=\"eael-grid-post-holder-inner\"><div class=\"eael-entry-media\"><div class=\"eael-entry-overlay fade-in\"><i class=\"far fa-hand-pointer\" aria-hidden=\"true\"><\/i><a href=\"https:\/\/soymigrante.com\/revista\/acciones-antimigrantes-afectaran-economia-y-suministro-de-alimentos-senala-estudio-de-harvard\/\"><\/a><\/div><div class=\"eael-entry-thumbnail \">\n                <img loading=\"lazy\" decoding=\"async\" width=\"1024\" height=\"1024\" src=\"https:\/\/soymigrante.com\/revista\/wp-content\/uploads\/2025\/01\/trabajo-migrante-en-estados-unidos-ia-envato-labs-1.webp\" class=\"attachment-large size-large wp-image-23312\" alt=\"Manuel industrial en una f\u00e1brica de producci\u00f3n de manzanas en un entorno moderno con iluminaci\u00f3n de ne\u00f3n, trabajadores inspeccionando frutas rojas en un ambiente de alta tecnolog\u00eda para art\u00edculos de revisi\u00f3n de revistas.\" srcset=\"https:\/\/soymigrante.com\/revista\/wp-content\/uploads\/2025\/01\/trabajo-migrante-en-estados-unidos-ia-envato-labs-1.webp 1024w, https:\/\/soymigrante.com\/revista\/wp-content\/uploads\/2025\/01\/trabajo-migrante-en-estados-unidos-ia-envato-labs-1-300x300.png 300w, https:\/\/soymigrante.com\/revista\/wp-content\/uploads\/2025\/01\/trabajo-migrante-en-estados-unidos-ia-envato-labs-1-150x150.png 150w, https:\/\/soymigrante.com\/revista\/wp-content\/uploads\/2025\/01\/trabajo-migrante-en-estados-unidos-ia-envato-labs-1-768x768.png 768w, https:\/\/soymigrante.com\/revista\/wp-content\/uploads\/2025\/01\/trabajo-migrante-en-estados-unidos-ia-envato-labs-1-75x75.webp 75w, https:\/\/soymigrante.com\/revista\/wp-content\/uploads\/2025\/01\/trabajo-migrante-en-estados-unidos-ia-envato-labs-1-750x750.webp 750w\" sizes=\"(max-width: 1024px) 100vw, 1024px\" \/>\n            <\/div>\n        <\/div><div class=\"eael-entry-wrapper\"><header class=\"eael-entry-header\"><h2 class=\"eael-entry-title\"><a class=\"eael-grid-post-link\" href=\"https:\/\/soymigrante.com\/revista\/acciones-antimigrantes-afectaran-economia-y-suministro-de-alimentos-senala-estudio-de-harvard\/\" title=\"Estudio de Harvard resalta importancia de la mano de obra migrante en agricultura\">Estudio de Harvard resalta importancia de la mano de obra migrante en agricultura<\/a><\/h2><\/header><div class=\"eael-entry-content\">\n                        <div class=\"eael-grid-post-excerpt\"><a href=\"https:\/\/soymigrante.com\/revista\/acciones-antimigrantes-afectaran-economia-y-suministro-de-alimentos-senala-estudio-de-harvard\/\" class=\"eael-post-elements-readmore-btn\">CONOCE SU HISTORIA <\/a><\/div>\n                    <\/div><\/div><\/div>\n        <\/div>\n    <\/article><article class=\"eael-grid-post  eael-post-grid-column eael-pg-post-2124 category-exitos\" data-id=\"2124\">\n        <div class=\"eael-grid-post-holder\">\n            <div class=\"eael-grid-post-holder-inner\"><div class=\"eael-entry-media\"><div class=\"eael-entry-overlay fade-in\"><i class=\"far fa-hand-pointer\" aria-hidden=\"true\"><\/i><a href=\"https:\/\/soymigrante.com\/revista\/pablo-mazariegos-psicologo-migrante-guatemalteco\/\"><\/a><\/div><div class=\"eael-entry-thumbnail \">\n                <img loading=\"lazy\" decoding=\"async\" width=\"1024\" height=\"686\" src=\"https:\/\/soymigrante.com\/revista\/wp-content\/uploads\/2023\/08\/pablo-mazariegos-b-1024x686.webp\" class=\"attachment-large size-large wp-image-2130\" alt=\"Pablo Mazariegos es graduado universitario en terapia familiar y psicolog\u00eda escolar, pero a su vez estas facetas e historias le condujeron a ser creador audiovisual, a trav\u00e9s de documentales propositivos y optimistas dedicados sobre todo a j\u00f3venes.\" srcset=\"https:\/\/soymigrante.com\/revista\/wp-content\/uploads\/2023\/08\/pablo-mazariegos-b-1024x686.webp 1024w, https:\/\/soymigrante.com\/revista\/wp-content\/uploads\/2023\/08\/pablo-mazariegos-b-300x201.webp 300w, https:\/\/soymigrante.com\/revista\/wp-content\/uploads\/2023\/08\/pablo-mazariegos-b-768x514.webp 768w, https:\/\/soymigrante.com\/revista\/wp-content\/uploads\/2023\/08\/pablo-mazariegos-b-1536x1028.webp 1536w, https:\/\/soymigrante.com\/revista\/wp-content\/uploads\/2023\/08\/pablo-mazariegos-b-750x502.webp 750w, https:\/\/soymigrante.com\/revista\/wp-content\/uploads\/2023\/08\/pablo-mazariegos-b-1140x763.webp 1140w, https:\/\/soymigrante.com\/revista\/wp-content\/uploads\/2023\/08\/pablo-mazariegos-b.webp 1920w\" sizes=\"(max-width: 1024px) 100vw, 1024px\" \/>\n            <\/div>\n        <\/div><div class=\"eael-entry-wrapper\"><header class=\"eael-entry-header\"><h2 class=\"eael-entry-title\"><a class=\"eael-grid-post-link\" href=\"https:\/\/soymigrante.com\/revista\/pablo-mazariegos-psicologo-migrante-guatemalteco\/\" title=\"Pablo Mazariegos: Transformando historias migrantes en esperanza\">Pablo Mazariegos: Transformando historias migrantes en esperanza<\/a><\/h2><\/header><div class=\"eael-entry-content\">\n                        <div class=\"eael-grid-post-excerpt\"><a href=\"https:\/\/soymigrante.com\/revista\/pablo-mazariegos-psicologo-migrante-guatemalteco\/\" class=\"eael-post-elements-readmore-btn\">CONOCE SU HISTORIA <\/a><\/div>\n                    <\/div><\/div><\/div>\n        <\/div>\n    <\/article><article class=\"eael-grid-post  eael-post-grid-column eael-pg-post-260 category-estamos-unidos\" data-id=\"260\">\n        <div class=\"eael-grid-post-holder\">\n            <div class=\"eael-grid-post-holder-inner\"><div class=\"eael-entry-media\"><div class=\"eael-entry-overlay fade-in\"><i class=\"far fa-hand-pointer\" aria-hidden=\"true\"><\/i><a href=\"https:\/\/soymigrante.com\/revista\/los-migrantes-tambien-somos-guatemala\/\"><\/a><\/div><div class=\"eael-entry-thumbnail \">\n                <img loading=\"lazy\" decoding=\"async\" width=\"1024\" height=\"768\" src=\"https:\/\/soymigrante.com\/revista\/wp-content\/uploads\/2023\/02\/SOY-BEN-MONTERROSO-3-1024x768.jpg\" class=\"attachment-large size-large wp-image-263\" alt=\"\" srcset=\"https:\/\/soymigrante.com\/revista\/wp-content\/uploads\/2023\/02\/SOY-BEN-MONTERROSO-3-1024x768.jpg 1024w, https:\/\/soymigrante.com\/revista\/wp-content\/uploads\/2023\/02\/SOY-BEN-MONTERROSO-3-300x225.webp 300w, https:\/\/soymigrante.com\/revista\/wp-content\/uploads\/2023\/02\/SOY-BEN-MONTERROSO-3-768x576.jpg 768w, https:\/\/soymigrante.com\/revista\/wp-content\/uploads\/2023\/02\/SOY-BEN-MONTERROSO-3-750x563.webp 750w, https:\/\/soymigrante.com\/revista\/wp-content\/uploads\/2023\/02\/SOY-BEN-MONTERROSO-3-1140x855.jpg 1140w, https:\/\/soymigrante.com\/revista\/wp-content\/uploads\/2023\/02\/SOY-BEN-MONTERROSO-3.webp 1440w\" sizes=\"(max-width: 1024px) 100vw, 1024px\" \/>\n            <\/div>\n        <\/div><div class=\"eael-entry-wrapper\"><header class=\"eael-entry-header\"><h2 class=\"eael-entry-title\"><a class=\"eael-grid-post-link\" href=\"https:\/\/soymigrante.com\/revista\/los-migrantes-tambien-somos-guatemala\/\" title=\"&#8220;Los migrantes tambi\u00e9n somos Guatemala y tenemos derecho a marcar su futuro&#8221;: Ben Monterroso\">&#8220;Los migrantes tambi\u00e9n somos Guatemala y tenemos derecho a marcar su futuro&#8221;: Ben Monterroso<\/a><\/h2><\/header><div class=\"eael-entry-content\">\n                        <div class=\"eael-grid-post-excerpt\"><a href=\"https:\/\/soymigrante.com\/revista\/los-migrantes-tambien-somos-guatemala\/\" class=\"eael-post-elements-readmore-btn\">CONOCE SU HISTORIA <\/a><\/div>\n                    <\/div><\/div><\/div>\n        <\/div>\n    <\/article><\/div>\n            <div class=\"clearfix\"><\/div>\n        <\/div>\t\t\t\t<\/div>\n\t\t\t\t\t<\/div>\n\t\t\t\t<\/div>\n\t\t\t\t<\/div>\n\t\t","protected":false},"excerpt":{"rendered":"<p>El Papa Francisco inaugur\u00f3 la escultura \u00c1ngeles sin saberlo, en 2019 en honor a los migrantes, en la Plaza de San Pedro del Vaticano. Pero \u00bfSab\u00edas que existe una copia de esta obra en Washington D.C.? En el marco de la Jornada Mundial del Migrante y del Refugiado, el Papa Francisco, fallecido este 21 de [&hellip;]<\/p>\n","protected":false},"author":19,"featured_media":31614,"comment_status":"open","ping_status":"open","sticky":false,"template":"","format":"standard","meta":{"_acf_changed":false,"_eb_attr":"","footnotes":""},"categories":[56],"tags":[],"class_list":["post-31582","post","type-post","status-publish","format-standard","has-post-thumbnail","hentry","category-lugar-de-voces"],"acf":[],"aioseo_notices":[],"aioseo_head":"\n\t\t<!-- All in One SEO Pro 4.9.6.2 - aioseo.com -->\n\t<meta name=\"description\" content=\"Ben Monterroso, guatemalteco defensor de los derechos migrantes y promotor del voto en el extranujero considera contradictorio que se les llame \u201ch\u00e9roes\u201d por sostener la econom\u00eda del pa\u00eds, pero no se les facilita la participaci\u00f3n pol\u00edtica ni reciben la atenci\u00f3n necesaria del Estado de Guatemala. Con m\u00e1s de 45 a\u00f1os de haber llegado a EE.UU.,\" \/>\n\t<meta name=\"robots\" content=\"max-snippet:-1, max-image-preview:large, max-video-preview:-1\" \/>\n\t<meta name=\"author\" content=\"Gustavo Montenegro\"\/>\n\t<link rel=\"canonical\" href=\"https:\/\/soymigrante.com\/revista\/los-migrantes-tambien-somos-guatemala\/\" \/>\n\t<meta name=\"generator\" content=\"All in One SEO Pro (AIOSEO) 4.9.6.2\" \/>\n\n\t\t<link rel=\"preconnect\" href=\"https:\/\/fonts.googleapis.com\" crossorigin>\n<link rel=\"preconnect\" href=\"https:\/\/fonts.gstatic.com\" crossorigin>\n\t\t<meta property=\"og:locale\" content=\"es_ES\" \/>\n\t\t<meta property=\"og:site_name\" content=\"SoyMigrante.com REVISTA \u2013 Nuestra misi\u00f3n es reconocer y dignificar al migrante.\" \/>\n\t\t<meta property=\"og:type\" content=\"article\" \/>\n\t\t<meta property=\"og:title\" content=\"\u201cLos migrantes tambi\u00e9n somos Guatemala y tenemos derecho a marcar su futuro\u201d: Ben Monterroso\" \/>\n\t\t<meta property=\"og:description\" content=\"Ben Monterroso, guatemalteco defensor de los derechos migrantes y promotor del voto en el extranujero considera contradictorio que se les llame \u201ch\u00e9roes\u201d por sostener la econom\u00eda del pa\u00eds, pero no se les facilita la participaci\u00f3n pol\u00edtica ni reciben la atenci\u00f3n necesaria del Estado de Guatemala. Con m\u00e1s de 45 a\u00f1os de haber llegado a EE.UU.,\" \/>\n\t\t<meta property=\"og:url\" content=\"https:\/\/soymigrante.com\/revista\/los-migrantes-tambien-somos-guatemala\/\" \/>\n\t\t<meta property=\"og:image\" content=\"https:\/\/soymigrante.com\/revista\/wp-content\/uploads\/2023\/02\/SOY-BEN-MONTERROSO-3.webp\" \/>\n\t\t<meta property=\"og:image:secure_url\" content=\"https:\/\/soymigrante.com\/revista\/wp-content\/uploads\/2023\/02\/SOY-BEN-MONTERROSO-3.webp\" \/>\n\t\t<meta property=\"og:image:width\" content=\"1440\" \/>\n\t\t<meta property=\"og:image:height\" content=\"1080\" \/>\n\t\t<meta property=\"article:published_time\" content=\"2023-05-26T00:01:24+00:00\" \/>\n\t\t<meta property=\"article:modified_time\" content=\"2024-11-01T21:04:18+00:00\" \/>\n\t\t<meta property=\"article:publisher\" content=\"https:\/\/www.facebook.com\/soymigrantecom\" \/>\n\t\t<meta name=\"twitter:card\" content=\"summary_large_image\" \/>\n\t\t<meta name=\"twitter:site\" content=\"@SoyMigrante_com\" \/>\n\t\t<meta name=\"twitter:title\" content=\"\u201cLos migrantes tambi\u00e9n somos Guatemala y tenemos derecho a marcar su futuro\u201d: Ben Monterroso\" \/>\n\t\t<meta name=\"twitter:description\" content=\"Ben Monterroso, guatemalteco defensor de los derechos migrantes y promotor del voto en el extranujero considera contradictorio que se les llame \u201ch\u00e9roes\u201d por sostener la econom\u00eda del pa\u00eds, pero no se les facilita la participaci\u00f3n pol\u00edtica ni reciben la atenci\u00f3n necesaria del Estado de Guatemala. Con m\u00e1s de 45 a\u00f1os de haber llegado a EE.UU.,\" \/>\n\t\t<meta name=\"twitter:creator\" content=\"@SoyMigrante_com\" \/>\n\t\t<meta name=\"twitter:image\" content=\"https:\/\/soymigrante.com\/revista\/wp-content\/uploads\/2023\/02\/SOY-BEN-MONTERROSO-3.webp\" \/>\n\t\t<!-- All in One SEO Pro -->\r\n\t\t<title>\u201cLos migrantes tambi\u00e9n somos Guatemala y tenemos derecho a marcar su futuro\u201d: Ben Monterroso<\/title>\n\n","aioseo_head_json":{"title":"\u201cLos migrantes tambi\u00e9n somos Guatemala y tenemos derecho a marcar su futuro\u201d: Ben Monterroso","description":"Ben Monterroso, guatemalteco defensor de los derechos migrantes y promotor del voto en el extranujero considera contradictorio que se les llame \u201ch\u00e9roes\u201d por sostener la econom\u00eda del pa\u00eds, pero no se les facilita la participaci\u00f3n pol\u00edtica ni reciben la atenci\u00f3n necesaria del Estado de Guatemala. Con m\u00e1s de 45 a\u00f1os de haber llegado a EE.UU.,","canonical_url":"https:\/\/soymigrante.com\/revista\/los-migrantes-tambien-somos-guatemala\/","robots":"max-snippet:-1, max-image-preview:large, max-video-preview:-1","keywords":"","webmasterTools":{"miscellaneous":"&lt;link rel=\"preconnect\" href=\"https:\/\/fonts.googleapis.com\" crossorigin&gt;\n&lt;link rel=\"preconnect\" href=\"https:\/\/fonts.gstatic.com\" crossorigin&gt;"},"schema":null,"og:locale":"es_ES","og:site_name":"SoyMigrante.com REVISTA \u2013 Nuestra misi\u00f3n es reconocer y dignificar al migrante.","og:type":"article","og:title":"\u201cLos migrantes tambi\u00e9n somos Guatemala y tenemos derecho a marcar su futuro\u201d: Ben Monterroso","og:description":"Ben Monterroso, guatemalteco defensor de los derechos migrantes y promotor del voto en el extranujero considera contradictorio que se les llame \u201ch\u00e9roes\u201d por sostener la econom\u00eda del pa\u00eds, pero no se les facilita la participaci\u00f3n pol\u00edtica ni reciben la atenci\u00f3n necesaria del Estado de Guatemala. Con m\u00e1s de 45 a\u00f1os de haber llegado a EE.UU.,","og:url":"https:\/\/soymigrante.com\/revista\/los-migrantes-tambien-somos-guatemala\/","og:image":"https:\/\/soymigrante.com\/revista\/wp-content\/uploads\/2023\/02\/SOY-BEN-MONTERROSO-3.webp","og:image:secure_url":"https:\/\/soymigrante.com\/revista\/wp-content\/uploads\/2023\/02\/SOY-BEN-MONTERROSO-3.webp","og:image:width":1440,"og:image:height":1080,"article:published_time":"2023-05-26T00:01:24+00:00","article:modified_time":"2024-11-01T21:04:18+00:00","article:publisher":"https:\/\/www.facebook.com\/soymigrantecom","twitter:card":"summary_large_image","twitter:site":"@SoyMigrante_com","twitter:title":"\u201cLos migrantes tambi\u00e9n somos Guatemala y tenemos derecho a marcar su futuro\u201d: Ben Monterroso","twitter:description":"Ben Monterroso, guatemalteco defensor de los derechos migrantes y promotor del voto en el extranujero considera contradictorio que se les llame \u201ch\u00e9roes\u201d por sostener la econom\u00eda del pa\u00eds, pero no se les facilita la participaci\u00f3n pol\u00edtica ni reciben la atenci\u00f3n necesaria del Estado de Guatemala. Con m\u00e1s de 45 a\u00f1os de haber llegado a EE.UU.,","twitter:creator":"@SoyMigrante_com","twitter:image":"https:\/\/soymigrante.com\/revista\/wp-content\/uploads\/2023\/02\/SOY-BEN-MONTERROSO-3.webp"},"aioseo_meta_data":{"post_id":"31582","title":"El monumento a los migrantes que el papa Francisco impuls\u00f3","description":"El Papa Franciscoinaugur\u00f3 en 2019 el monumento \u00c1ngeles sin Saberlo, en honor a los migrantes de todo el mundo. El cual tiene una copia en Washington D.C.","keywords":null,"keyphrases":{"focus":{"keyphrase":"Papa Francisco","score":82,"analysis":{"keyphraseInTitle":{"score":9,"maxScore":9,"error":0},"keyphraseInDescription":{"score":3,"maxScore":9,"error":1},"keyphraseLength":{"score":9,"maxScore":9,"error":0,"length":2},"keyphraseInURL":{"score":5,"maxScore":5,"error":0},"keyphraseInIntroduction":{"score":9,"maxScore":9,"error":0},"keyphraseInSubHeadings":{"score":3,"maxScore":9,"error":1},"keyphraseInImageAlt":{"score":9,"maxScore":9,"error":0},"keywordDensity":{"type":"best","score":9,"maxScore":9,"error":0}}},"additional":[{"keyphrase":"Papa Francisco","score":87,"analysis":{"keyphraseInDescription":{"score":3,"maxScore":9,"error":1},"keyphraseLength":{"score":9,"maxScore":9,"error":0,"length":2},"keyphraseInIntroduction":{"score":9,"maxScore":9,"error":0},"keyphraseInImageAlt":{"score":9,"maxScore":9,"error":0},"keywordDensity":{"type":"best","score":9,"maxScore":9,"error":0}}}]},"primary_term":null,"canonical_url":null,"og_title":null,"og_description":null,"og_object_type":"default","og_image_type":"default","og_image_url":null,"og_image_width":null,"og_image_height":null,"og_image_custom_url":null,"og_image_custom_fields":null,"og_video":"","og_custom_url":null,"og_article_section":null,"og_article_tags":null,"twitter_use_og":false,"twitter_card":"default","twitter_image_type":"default","twitter_image_url":null,"twitter_image_custom_url":null,"twitter_image_custom_fields":null,"twitter_title":null,"twitter_description":null,"schema":{"blockGraphs":[],"customGraphs":[],"default":{"data":{"Article":[],"Course":[],"Dataset":[],"FAQPage":[],"Movie":[],"Person":[],"Product":[],"ProductReview":[],"Car":[],"Recipe":[],"Service":[],"SoftwareApplication":[],"WebPage":[]},"graphName":"none","isEnabled":true},"graphs":[]},"schema_type":"default","schema_type_options":null,"pillar_content":false,"robots_default":true,"robots_noindex":false,"robots_noarchive":false,"robots_nosnippet":false,"robots_nofollow":false,"robots_noimageindex":false,"robots_noodp":false,"robots_notranslate":false,"robots_max_snippet":"-1","robots_max_videopreview":"-1","robots_max_imagepreview":"large","priority":null,"frequency":"default","local_seo":null,"seo_analyzer_scan_date":"2025-10-09 04:30:21","breadcrumb_settings":null,"limit_modified_date":false,"reviewed_by":null,"open_ai":"{\"title\":{\"suggestions\":[],\"usage\":0},\"description\":{\"suggestions\":[],\"usage\":0}}","ai":null,"created":"2025-04-21 19:35:53","updated":"2026-02-04 23:02:49"},"aioseo_breadcrumb":"<div class=\"aioseo-breadcrumbs\"><span class=\"aioseo-breadcrumb\">\n\t<a href=\"https:\/\/soymigrante.com\/revista\" title=\"Home\">Home<\/a>\n<\/span><span class=\"aioseo-breadcrumb-separator\">\u00bb<\/span><span class=\"aioseo-breadcrumb\">\n\t<a href=\"https:\/\/soymigrante.com\/revista\/category\/estamos-unidos\/\" title=\"Estamos Unidos\">Estamos Unidos<\/a>\n<\/span><span class=\"aioseo-breadcrumb-separator\">\u00bb<\/span><span class=\"aioseo-breadcrumb\">\n\t<a href=\"https:\/\/soymigrante.com\/revista\/category\/estamos-unidos\/lugar-de-voces\/\" title=\"Lugar de Voces\">Lugar de Voces<\/a>\n<\/span><span class=\"aioseo-breadcrumb-separator\">\u00bb<\/span><span class=\"aioseo-breadcrumb\">\n\tEl monumento en honor a los migrantes que el papa Francisco impuls\u00f3\n<\/span><\/div>","aioseo_breadcrumb_json":[{"label":"Home","link":"https:\/\/soymigrante.com\/revista"},{"label":"Estamos Unidos","link":"https:\/\/soymigrante.com\/revista\/category\/estamos-unidos\/"},{"label":"Lugar de Voces","link":"https:\/\/soymigrante.com\/revista\/category\/estamos-unidos\/lugar-de-voces\/"},{"label":"El monumento en honor a los migrantes que el papa Francisco impuls\u00f3","link":"https:\/\/soymigrante.com\/revista\/monumento-a-los-migrantes-papa-francisco-roma-washington\/"}],"_links":{"self":[{"href":"https:\/\/soymigrante.com\/revista\/wp-json\/wp\/v2\/posts\/31582","targetHints":{"allow":["GET"]}}],"collection":[{"href":"https:\/\/soymigrante.com\/revista\/wp-json\/wp\/v2\/posts"}],"about":[{"href":"https:\/\/soymigrante.com\/revista\/wp-json\/wp\/v2\/types\/post"}],"author":[{"embeddable":true,"href":"https:\/\/soymigrante.com\/revista\/wp-json\/wp\/v2\/users\/19"}],"replies":[{"embeddable":true,"href":"https:\/\/soymigrante.com\/revista\/wp-json\/wp\/v2\/comments?post=31582"}],"version-history":[{"count":20,"href":"https:\/\/soymigrante.com\/revista\/wp-json\/wp\/v2\/posts\/31582\/revisions"}],"predecessor-version":[{"id":31629,"href":"https:\/\/soymigrante.com\/revista\/wp-json\/wp\/v2\/posts\/31582\/revisions\/31629"}],"wp:featuredmedia":[{"embeddable":true,"href":"https:\/\/soymigrante.com\/revista\/wp-json\/wp\/v2\/media\/31614"}],"wp:attachment":[{"href":"https:\/\/soymigrante.com\/revista\/wp-json\/wp\/v2\/media?parent=31582"}],"wp:term":[{"taxonomy":"category","embeddable":true,"href":"https:\/\/soymigrante.com\/revista\/wp-json\/wp\/v2\/categories?post=31582"},{"taxonomy":"post_tag","embeddable":true,"href":"https:\/\/soymigrante.com\/revista\/wp-json\/wp\/v2\/tags?post=31582"}],"curies":[{"name":"wp","href":"https:\/\/api.w.org\/{rel}","templated":true}]}}