{"id":31576,"date":"2025-04-23T06:00:00","date_gmt":"2025-04-23T12:00:00","guid":{"rendered":"https:\/\/soymigrante.com\/revista\/?p=31576"},"modified":"2025-04-22T21:12:52","modified_gmt":"2025-04-23T03:12:52","slug":"once-frases-memorables-sobre-los-migrantes-que-dejo-el-papa-francisco","status":"publish","type":"post","link":"https:\/\/soymigrante.com\/revista\/once-frases-memorables-sobre-los-migrantes-que-dejo-el-papa-francisco\/","title":{"rendered":"Once frases memorables sobre los migrantes que dej\u00f3 el Papa Francisco"},"content":{"rendered":"\t\t<div data-elementor-type=\"wp-post\" data-elementor-id=\"31576\" class=\"elementor elementor-31576\" data-elementor-post-type=\"post\">\n\t\t\t\t<div data-particle_enable=\"false\" data-particle-mobile-disabled=\"false\" class=\"elementor-element elementor-element-37c463a e-flex e-con-boxed e-con e-parent\" data-id=\"37c463a\" data-element_type=\"container\" data-e-type=\"container\">\n\t\t\t\t\t<div class=\"e-con-inner\">\n\t\t\t\t<div class=\"elementor-element elementor-element-bb474df elementor-widget elementor-widget-heading\" data-id=\"bb474df\" data-element_type=\"widget\" data-e-type=\"widget\" data-widget_type=\"heading.default\">\n\t\t\t\t\t<h2 class=\"elementor-heading-title elementor-size-default\">El Papa Francisco muri\u00f3 este 21 de abril de 2025, pero entre su legado, dej\u00f3 una defensa por los derechos de los migrantes, estas fueron las 11 frases que mencion\u00f3. <\/h2>\t\t\t\t<\/div>\n\t\t\t\t\t<\/div>\n\t\t\t\t<\/div>\n\t\t<div data-particle_enable=\"false\" data-particle-mobile-disabled=\"false\" class=\"elementor-element elementor-element-ab2eb96 e-flex e-con-boxed e-con e-parent\" data-id=\"ab2eb96\" data-element_type=\"container\" data-e-type=\"container\">\n\t\t\t\t\t<div class=\"e-con-inner\">\n\t\t\t\t<div class=\"elementor-element elementor-element-b79016b elementor-widget elementor-widget-text-editor\" data-id=\"b79016b\" data-element_type=\"widget\" data-e-type=\"widget\" data-widget_type=\"text-editor.default\">\n\t\t\t\t\t\t\t\t\t<p><a href=\"https:\/\/soymigrante.com\/revista\/migrantes-han-estado-continuamente-en-los-mensajes-y-oraciones-del-papa-francisco\/\" target=\"_blank\" rel=\"noopener\">El Papa Francisco, fallecido el 21 de abril de 2025<\/a>, dej\u00f3 un legado imborrable en la defensa de los derechos de los migrantes.<\/p><p>A lo largo de su pontificado, pronunci\u00f3 numerosas frases que reflejan <a href=\"https:\/\/soymigrante.com\/revista\/migrantes-han-estado-continuamente-en-los-mensajes-y-oraciones-del-papa-francisco\/\" target=\"_blank\" rel=\"noopener\">su profunda preocupaci\u00f3n por quienes se ven obligados a abandonar sus hogares.<\/a><\/p><p>A continuaci\u00f3n, se presentan 11 de sus declaraciones m\u00e1s significativas, junto con el contexto en el que fueron expresadas:<\/p>\t\t\t\t\t\t\t\t<\/div>\n\t\t\t\t\t<\/div>\n\t\t\t\t<\/div>\n\t\t<div data-particle_enable=\"false\" data-particle-mobile-disabled=\"false\" class=\"elementor-element elementor-element-b9a5a6c e-flex e-con-boxed e-con e-parent\" data-id=\"b9a5a6c\" data-element_type=\"container\" data-e-type=\"container\">\n\t\t\t\t\t<div class=\"e-con-inner\">\n\t\t\t\t<div class=\"elementor-element elementor-element-6cc4426 elementor-invisible elementor-widget elementor-widget-facebook-embed\" data-id=\"6cc4426\" data-element_type=\"widget\" data-e-type=\"widget\" data-settings=\"{&quot;_animation&quot;:&quot;zoomInDown&quot;}\" data-widget_type=\"facebook-embed.default\">\n\t\t\t\t\t<div style=\"min-height: 1px\" class=\"elementor-facebook-widget fb-post\" data-href=\"https:\/\/www.facebook.com\/photo.php?fbid=1072606784892855&#038;set=pb.100064306314890.-2207520000&#038;type=3\" data-show-text=\"false\"><\/div>\t\t\t\t<\/div>\n\t\t\t\t\t<\/div>\n\t\t\t\t<\/div>\n\t\t<div data-particle_enable=\"false\" data-particle-mobile-disabled=\"false\" class=\"elementor-element elementor-element-09b1f54 e-flex e-con-boxed e-con e-parent\" data-id=\"09b1f54\" data-element_type=\"container\" data-e-type=\"container\">\n\t\t\t\t\t<div class=\"e-con-inner\">\n\t\t\t\t<div class=\"elementor-element elementor-element-893cb0f elementor-widget elementor-widget-heading\" data-id=\"893cb0f\" data-element_type=\"widget\" data-e-type=\"widget\" data-widget_type=\"heading.default\">\n\t\t\t\t\t<h3 class=\"elementor-heading-title elementor-size-default\">1. \u201cEl encuentro con el migrante es tambi\u00e9n un encuentro con Cristo.\u201d<\/h3>\t\t\t\t<\/div>\n\t\t\t\t\t<\/div>\n\t\t\t\t<\/div>\n\t\t<div data-particle_enable=\"false\" data-particle-mobile-disabled=\"false\" class=\"elementor-element elementor-element-4ff76a7 e-flex e-con-boxed e-con e-parent\" data-id=\"4ff76a7\" data-element_type=\"container\" data-e-type=\"container\">\n\t\t\t\t\t<div class=\"e-con-inner\">\n\t\t\t\t<div class=\"elementor-element elementor-element-388bd15 elementor-widget elementor-widget-text-editor\" data-id=\"388bd15\" data-element_type=\"widget\" data-e-type=\"widget\" data-widget_type=\"text-editor.default\">\n\t\t\t\t\t\t\t\t\t<p>En su mensaje para la 110\u00aa Jornada Mundial del Migrante y del Refugiado en 2024, <a href=\"https:\/\/soymigrante.com\/revista\/migrantes-han-estado-continuamente-en-los-mensajes-y-oraciones-del-papa-francisco\/\" target=\"_blank\" rel=\"noopener\">el Papa destac\u00f3 la importancia de ver a Cristo en cada migrante,<\/a> recordando que Jes\u00fas mismo fue un forastero que llam\u00f3 a nuestra puerta.<\/p>\t\t\t\t\t\t\t\t<\/div>\n\t\t\t\t\t<\/div>\n\t\t\t\t<\/div>\n\t\t<div data-particle_enable=\"false\" data-particle-mobile-disabled=\"false\" class=\"elementor-element elementor-element-b3707d6 e-flex e-con-boxed e-con e-parent\" data-id=\"b3707d6\" data-element_type=\"container\" data-e-type=\"container\">\n\t\t\t\t\t<div class=\"e-con-inner\">\n\t\t\t\t<div class=\"elementor-element elementor-element-0796f38 elementor-widget elementor-widget-heading\" data-id=\"0796f38\" data-element_type=\"widget\" data-e-type=\"widget\" data-widget_type=\"heading.default\">\n\t\t\t\t\t<h3 class=\"elementor-heading-title elementor-size-default\">2.\t\u201cMigrar deber\u00eda ser siempre una decisi\u00f3n libre.\u201d<\/h3>\t\t\t\t<\/div>\n\t\t\t\t\t<\/div>\n\t\t\t\t<\/div>\n\t\t<div data-particle_enable=\"false\" data-particle-mobile-disabled=\"false\" class=\"elementor-element elementor-element-ccf3639 e-flex e-con-boxed e-con e-parent\" data-id=\"ccf3639\" data-element_type=\"container\" data-e-type=\"container\">\n\t\t\t\t\t<div class=\"e-con-inner\">\n\t\t\t\t<div class=\"elementor-element elementor-element-140b0f1 elementor-widget elementor-widget-text-editor\" data-id=\"140b0f1\" data-element_type=\"widget\" data-e-type=\"widget\" data-widget_type=\"text-editor.default\">\n\t\t\t\t\t\t\t\t\t<p>Durante la Jornada Mundial del Migrante y del Refugiado de 2023, abog\u00f3 por pol\u00edticas que eliminen las migraciones forzadas causadas por guerras, persecuciones y pobreza.<\/p>\t\t\t\t\t\t\t\t<\/div>\n\t\t\t\t\t<\/div>\n\t\t\t\t<\/div>\n\t\t<div data-particle_enable=\"false\" data-particle-mobile-disabled=\"false\" class=\"elementor-element elementor-element-65f08a6 e-flex e-con-boxed e-con e-parent\" data-id=\"65f08a6\" data-element_type=\"container\" data-e-type=\"container\">\n\t\t\t\t\t<div class=\"e-con-inner\">\n\t\t\t\t<div class=\"elementor-element elementor-element-78806c2 elementor-widget elementor-widget-heading\" data-id=\"78806c2\" data-element_type=\"widget\" data-e-type=\"widget\" data-widget_type=\"heading.default\">\n\t\t\t\t\t<h3 class=\"elementor-heading-title elementor-size-default\">3.\t\u201cLos migrantes no son invasores, su contribuci\u00f3n enriquece la humanidad.\u201d<\/h3>\t\t\t\t<\/div>\n\t\t\t\t\t<\/div>\n\t\t\t\t<\/div>\n\t\t<div data-particle_enable=\"false\" data-particle-mobile-disabled=\"false\" class=\"elementor-element elementor-element-997b09c e-flex e-con-boxed e-con e-parent\" data-id=\"997b09c\" data-element_type=\"container\" data-e-type=\"container\">\n\t\t\t\t\t<div class=\"e-con-inner\">\n\t\t\t\t<div class=\"elementor-element elementor-element-301568f elementor-widget elementor-widget-text-editor\" data-id=\"301568f\" data-element_type=\"widget\" data-e-type=\"widget\" data-widget_type=\"text-editor.default\">\n\t\t\t\t\t\t\t\t\t<p>En 2022, enfatiz\u00f3 que los migrantes aportan juventud, entusiasmo y trabajo a las comunidades que los acogen, y que su inclusi\u00f3n es esencial para el Reino de Dios.<\/p>\t\t\t\t\t\t\t\t<\/div>\n\t\t\t\t\t<\/div>\n\t\t\t\t<\/div>\n\t\t<div data-particle_enable=\"false\" data-particle-mobile-disabled=\"false\" class=\"elementor-element elementor-element-ef56609 e-flex e-con-boxed e-con e-parent\" data-id=\"ef56609\" data-element_type=\"container\" data-e-type=\"container\">\n\t\t\t\t\t<div class=\"e-con-inner\">\n\t\t\t\t<div class=\"elementor-element elementor-element-65e9c82 elementor-widget elementor-widget-heading\" data-id=\"65e9c82\" data-element_type=\"widget\" data-e-type=\"widget\" data-widget_type=\"heading.default\">\n\t\t\t\t\t<h3 class=\"elementor-heading-title elementor-size-default\">4.\t\u201cLa exclusi\u00f3n de los inmigrantes es criminal, los hace morir ante nosotros.\u201d<\/h3>\t\t\t\t<\/div>\n\t\t\t\t\t<\/div>\n\t\t\t\t<\/div>\n\t\t<div data-particle_enable=\"false\" data-particle-mobile-disabled=\"false\" class=\"elementor-element elementor-element-4612c86 e-flex e-con-boxed e-con e-parent\" data-id=\"4612c86\" data-element_type=\"container\" data-e-type=\"container\">\n\t\t\t\t\t<div class=\"e-con-inner\">\n\t\t\t\t<div class=\"elementor-element elementor-element-ddeae47 elementor-widget elementor-widget-text-editor\" data-id=\"ddeae47\" data-element_type=\"widget\" data-e-type=\"widget\" data-widget_type=\"text-editor.default\">\n\t\t\t\t\t\t\t\t\t<p>Durante la canonizaci\u00f3n de San Juan Bautista Scalabrini en 2022, <a href=\"https:\/\/soymigrante.com\/revista\/migrantes-han-estado-continuamente-en-los-mensajes-y-oraciones-del-papa-francisco\/\" target=\"_blank\" rel=\"noopener\">denunci\u00f3 la indiferencia hacia los migrantes que mueren en el Mediterr\u00e1neo<\/a>, calific\u00e1ndola de escandalosa y pecaminosa.<\/p>\t\t\t\t\t\t\t\t<\/div>\n\t\t\t\t\t<\/div>\n\t\t\t\t<\/div>\n\t\t<div data-particle_enable=\"false\" data-particle-mobile-disabled=\"false\" class=\"elementor-element elementor-element-1411998 e-flex e-con-boxed e-con e-parent\" data-id=\"1411998\" data-element_type=\"container\" data-e-type=\"container\">\n\t\t\t\t\t<div class=\"e-con-inner\">\n\t\t\t\t<div class=\"elementor-element elementor-element-e6dd0da elementor-invisible elementor-widget elementor-widget-facebook-embed\" data-id=\"e6dd0da\" data-element_type=\"widget\" data-e-type=\"widget\" data-settings=\"{&quot;_animation&quot;:&quot;zoomInDown&quot;}\" data-widget_type=\"facebook-embed.default\">\n\t\t\t\t\t<div style=\"min-height: 1px\" class=\"elementor-facebook-widget fb-post\" data-href=\"https:\/\/www.facebook.com\/photo.php?fbid=1071114775042056&#038;set=pb.100064306314890.-2207520000&#038;type=3\" data-show-text=\"false\"><\/div>\t\t\t\t<\/div>\n\t\t\t\t\t<\/div>\n\t\t\t\t<\/div>\n\t\t<div data-particle_enable=\"false\" data-particle-mobile-disabled=\"false\" class=\"elementor-element elementor-element-04f524a e-flex e-con-boxed e-con e-parent\" data-id=\"04f524a\" data-element_type=\"container\" data-e-type=\"container\">\n\t\t\t\t\t<div class=\"e-con-inner\">\n\t\t\t\t<div class=\"elementor-element elementor-element-e03bdec elementor-widget elementor-widget-heading\" data-id=\"e03bdec\" data-element_type=\"widget\" data-e-type=\"widget\" data-widget_type=\"heading.default\">\n\t\t\t\t\t<h3 class=\"elementor-heading-title elementor-size-default\">5.\t\u201cEl migrante merece ser acogido como persona, no por lo que puede dar.\u201d<\/h3>\t\t\t\t<\/div>\n\t\t\t\t\t<\/div>\n\t\t\t\t<\/div>\n\t\t<div data-particle_enable=\"false\" data-particle-mobile-disabled=\"false\" class=\"elementor-element elementor-element-aa3adce e-flex e-con-boxed e-con e-parent\" data-id=\"aa3adce\" data-element_type=\"container\" data-e-type=\"container\">\n\t\t\t\t\t<div class=\"e-con-inner\">\n\t\t\t\t<div class=\"elementor-element elementor-element-001fdf6 elementor-widget elementor-widget-text-editor\" data-id=\"001fdf6\" data-element_type=\"widget\" data-e-type=\"widget\" data-widget_type=\"text-editor.default\">\n\t\t\t\t\t\t\t\t\t<p>En un documental de 2023, subray\u00f3 la necesidad de acoger a los migrantes por su dignidad intr\u00ednseca, no por intereses econ\u00f3micos.<\/p>\t\t\t\t\t\t\t\t<\/div>\n\t\t\t\t\t<\/div>\n\t\t\t\t<\/div>\n\t\t<div data-particle_enable=\"false\" data-particle-mobile-disabled=\"false\" class=\"elementor-element elementor-element-fc36533 e-flex e-con-boxed e-con e-parent\" data-id=\"fc36533\" data-element_type=\"container\" data-e-type=\"container\">\n\t\t\t\t\t<div class=\"e-con-inner\">\n\t\t\t\t<div class=\"elementor-element elementor-element-d8cd876 elementor-widget elementor-widget-heading\" data-id=\"d8cd876\" data-element_type=\"widget\" data-e-type=\"widget\" data-widget_type=\"heading.default\">\n\t\t\t\t\t<h3 class=\"elementor-heading-title elementor-size-default\">6.\t\u201cEl problema es cuando los miedos nos convierten en seres intolerantes.\u201d<\/h3>\t\t\t\t<\/div>\n\t\t\t\t\t<\/div>\n\t\t\t\t<\/div>\n\t\t<div data-particle_enable=\"false\" data-particle-mobile-disabled=\"false\" class=\"elementor-element elementor-element-e4cb2c6 e-flex e-con-boxed e-con e-parent\" data-id=\"e4cb2c6\" data-element_type=\"container\" data-e-type=\"container\">\n\t\t\t\t\t<div class=\"e-con-inner\">\n\t\t\t\t<div class=\"elementor-element elementor-element-305ed3a elementor-widget elementor-widget-text-editor\" data-id=\"305ed3a\" data-element_type=\"widget\" data-e-type=\"widget\" data-widget_type=\"text-editor.default\">\n\t\t\t\t\t\t\t\t\t<p>En 2019, advirti\u00f3 sobre c\u00f3mo el miedo puede llevar a la intolerancia y al racismo hacia los migrantes.<\/p>\t\t\t\t\t\t\t\t<\/div>\n\t\t\t\t\t<\/div>\n\t\t\t\t<\/div>\n\t\t<div data-particle_enable=\"false\" data-particle-mobile-disabled=\"false\" class=\"elementor-element elementor-element-328cdcf e-flex e-con-boxed e-con e-parent\" data-id=\"328cdcf\" data-element_type=\"container\" data-e-type=\"container\">\n\t\t\t\t\t<div class=\"e-con-inner\">\n\t\t\t\t<div class=\"elementor-element elementor-element-b85ae32 elementor-widget elementor-widget-heading\" data-id=\"b85ae32\" data-element_type=\"widget\" data-e-type=\"widget\" data-widget_type=\"heading.default\">\n\t\t\t\t\t<h3 class=\"elementor-heading-title elementor-size-default\">7.\t\u201cDemasiadas personas se ven obligadas a aferrarse a embarcaciones precarias.\u201d<\/h3>\t\t\t\t<\/div>\n\t\t\t\t\t<\/div>\n\t\t\t\t<\/div>\n\t\t<div data-particle_enable=\"false\" data-particle-mobile-disabled=\"false\" class=\"elementor-element elementor-element-b4ba692 e-flex e-con-boxed e-con e-parent\" data-id=\"b4ba692\" data-element_type=\"container\" data-e-type=\"container\">\n\t\t\t\t\t<div class=\"e-con-inner\">\n\t\t\t\t<div class=\"elementor-element elementor-element-ba171b9 elementor-widget elementor-widget-text-editor\" data-id=\"ba171b9\" data-element_type=\"widget\" data-e-type=\"widget\" data-widget_type=\"text-editor.default\">\n\t\t\t\t\t\t\t\t\t<p>En una carta de 2020, lament\u00f3 que muchos migrantes arriesguen sus vidas en busca de refugio debido a la injusticia y la guerra.<\/p>\t\t\t\t\t\t\t\t<\/div>\n\t\t\t\t\t<\/div>\n\t\t\t\t<\/div>\n\t\t<div data-particle_enable=\"false\" data-particle-mobile-disabled=\"false\" class=\"elementor-element elementor-element-67facbf e-flex e-con-boxed e-con e-parent\" data-id=\"67facbf\" data-element_type=\"container\" data-e-type=\"container\">\n\t\t\t\t\t<div class=\"e-con-inner\">\n\t\t\t\t<div class=\"elementor-element elementor-element-0ffbd5b elementor-widget elementor-widget-heading\" data-id=\"0ffbd5b\" data-element_type=\"widget\" data-e-type=\"widget\" data-widget_type=\"heading.default\">\n\t\t\t\t\t<h3 class=\"elementor-heading-title elementor-size-default\">\t8.\t\u201cDios camina con su pueblo.\u201d<\/h3>\t\t\t\t<\/div>\n\t\t\t\t\t<\/div>\n\t\t\t\t<\/div>\n\t\t<div data-particle_enable=\"false\" data-particle-mobile-disabled=\"false\" class=\"elementor-element elementor-element-56b2caa e-flex e-con-boxed e-con e-parent\" data-id=\"56b2caa\" data-element_type=\"container\" data-e-type=\"container\">\n\t\t\t\t\t<div class=\"e-con-inner\">\n\t\t\t\t<div class=\"elementor-element elementor-element-7ab0073 elementor-widget elementor-widget-text-editor\" data-id=\"7ab0073\" data-element_type=\"widget\" data-e-type=\"widget\" data-widget_type=\"text-editor.default\">\n\t\t\t\t\t\t\t\t\t<p>Para la 110\u00aa Jornada Mundial del Migrante y del Refugiado, record\u00f3 que Dios acompa\u00f1a a los migrantes en su traves\u00eda, instando a la Iglesia a hacer lo mismo.<\/p>\t\t\t\t\t\t\t\t<\/div>\n\t\t\t\t\t<\/div>\n\t\t\t\t<\/div>\n\t\t<div data-particle_enable=\"false\" data-particle-mobile-disabled=\"false\" class=\"elementor-element elementor-element-d17c534 e-flex e-con-boxed e-con e-parent\" data-id=\"d17c534\" data-element_type=\"container\" data-e-type=\"container\">\n\t\t\t\t\t<div class=\"e-con-inner\">\n\t\t\t\t<div class=\"elementor-element elementor-element-f36da25 elementor-invisible elementor-widget elementor-widget-facebook-embed\" data-id=\"f36da25\" data-element_type=\"widget\" data-e-type=\"widget\" data-settings=\"{&quot;_animation&quot;:&quot;zoomInDown&quot;}\" data-widget_type=\"facebook-embed.default\">\n\t\t\t\t\t<div style=\"min-height: 1px\" class=\"elementor-facebook-widget fb-post\" data-href=\"https:\/\/www.facebook.com\/photo.php?fbid=1050269463793254&#038;set=pb.100064306314890.-2207520000&#038;type=3\" data-show-text=\"false\"><\/div>\t\t\t\t<\/div>\n\t\t\t\t\t<\/div>\n\t\t\t\t<\/div>\n\t\t<div data-particle_enable=\"false\" data-particle-mobile-disabled=\"false\" class=\"elementor-element elementor-element-30cca32 e-flex e-con-boxed e-con e-parent\" data-id=\"30cca32\" data-element_type=\"container\" data-e-type=\"container\">\n\t\t\t\t\t<div class=\"e-con-inner\">\n\t\t\t\t<div class=\"elementor-element elementor-element-fd59b1d elementor-widget elementor-widget-heading\" data-id=\"fd59b1d\" data-element_type=\"widget\" data-e-type=\"widget\" data-widget_type=\"heading.default\">\n\t\t\t\t\t<h3 class=\"elementor-heading-title elementor-size-default\">9.\t\u201cAcoger, proteger, promover e integrar.\u201d<\/h3>\t\t\t\t<\/div>\n\t\t\t\t\t<\/div>\n\t\t\t\t<\/div>\n\t\t<div data-particle_enable=\"false\" data-particle-mobile-disabled=\"false\" class=\"elementor-element elementor-element-c849502 e-flex e-con-boxed e-con e-parent\" data-id=\"c849502\" data-element_type=\"container\" data-e-type=\"container\">\n\t\t\t\t\t<div class=\"e-con-inner\">\n\t\t\t\t<div class=\"elementor-element elementor-element-a2f2e4d elementor-widget elementor-widget-text-editor\" data-id=\"a2f2e4d\" data-element_type=\"widget\" data-e-type=\"widget\" data-widget_type=\"text-editor.default\">\n\t\t\t\t\t\t\t\t\t<p>Este lema, recurrente en sus mensajes,<a href=\"https:\/\/soymigrante.com\/revista\/migrantes-han-estado-continuamente-en-los-mensajes-y-oraciones-del-papa-francisco\/\" target=\"_blank\" rel=\"noopener\"> resume su enfoque pastoral hacia los migrantes,<\/a> enfatizando una respuesta integral a sus necesidades.<\/p>\t\t\t\t\t\t\t\t<\/div>\n\t\t\t\t\t<\/div>\n\t\t\t\t<\/div>\n\t\t<div data-particle_enable=\"false\" data-particle-mobile-disabled=\"false\" class=\"elementor-element elementor-element-521d23f e-flex e-con-boxed e-con e-parent\" data-id=\"521d23f\" data-element_type=\"container\" data-e-type=\"container\">\n\t\t\t\t\t<div class=\"e-con-inner\">\n\t\t\t\t<div class=\"elementor-element elementor-element-c77e35c elementor-widget elementor-widget-heading\" data-id=\"c77e35c\" data-element_type=\"widget\" data-e-type=\"widget\" data-widget_type=\"heading.default\">\n\t\t\t\t\t<h3 class=\"elementor-heading-title elementor-size-default\">10.\t\u201cEl migrante es Cristo que llama a nuestra puerta.\u201d<\/h3>\t\t\t\t<\/div>\n\t\t\t\t\t<\/div>\n\t\t\t\t<\/div>\n\t\t<div data-particle_enable=\"false\" data-particle-mobile-disabled=\"false\" class=\"elementor-element elementor-element-184343c e-flex e-con-boxed e-con e-parent\" data-id=\"184343c\" data-element_type=\"container\" data-e-type=\"container\">\n\t\t\t\t\t<div class=\"e-con-inner\">\n\t\t\t\t<div class=\"elementor-element elementor-element-646c81a elementor-widget elementor-widget-text-editor\" data-id=\"646c81a\" data-element_type=\"widget\" data-e-type=\"widget\" data-widget_type=\"text-editor.default\">\n\t\t\t\t\t\t\t\t\t<p>En 2023, reiter\u00f3 que en cada migrante se encuentra la presencia de Cristo, apelando a la responsabilidad cristiana de acogerlo.<\/p>\t\t\t\t\t\t\t\t<\/div>\n\t\t\t\t\t<\/div>\n\t\t\t\t<\/div>\n\t\t<div data-particle_enable=\"false\" data-particle-mobile-disabled=\"false\" class=\"elementor-element elementor-element-54ca780 e-flex e-con-boxed e-con e-parent\" data-id=\"54ca780\" data-element_type=\"container\" data-e-type=\"container\">\n\t\t\t\t\t<div class=\"e-con-inner\">\n\t\t\t\t<div class=\"elementor-element elementor-element-3787209 elementor-widget elementor-widget-heading\" data-id=\"3787209\" data-element_type=\"widget\" data-e-type=\"widget\" data-widget_type=\"heading.default\">\n\t\t\t\t\t<h3 class=\"elementor-heading-title elementor-size-default\">11.\t\u201cLibres de partir, libres de quedarse.\u201d<\/h3>\t\t\t\t<\/div>\n\t\t\t\t\t<\/div>\n\t\t\t\t<\/div>\n\t\t<div data-particle_enable=\"false\" data-particle-mobile-disabled=\"false\" class=\"elementor-element elementor-element-52bff1d e-flex e-con-boxed e-con e-parent\" data-id=\"52bff1d\" data-element_type=\"container\" data-e-type=\"container\">\n\t\t\t\t\t<div class=\"e-con-inner\">\n\t\t\t\t<div class=\"elementor-element elementor-element-e00e41b elementor-widget elementor-widget-text-editor\" data-id=\"e00e41b\" data-element_type=\"widget\" data-e-type=\"widget\" data-widget_type=\"text-editor.default\">\n\t\t\t\t\t\t\t\t\t<p>En su mensaje para la 109\u00aa Jornada Mundial del Migrante y del Refugiado, abog\u00f3 por garantizar la libertad de las personas para migrar o permanecer en su tierra natal.<\/p>\t\t\t\t\t\t\t\t<\/div>\n\t\t\t\t\t<\/div>\n\t\t\t\t<\/div>\n\t\t<div data-particle_enable=\"false\" data-particle-mobile-disabled=\"false\" class=\"elementor-element elementor-element-dd001ab e-flex e-con-boxed e-con e-parent\" data-id=\"dd001ab\" data-element_type=\"container\" data-e-type=\"container\">\n\t\t\t\t\t<div class=\"e-con-inner\">\n\t\t\t\t<div class=\"elementor-element elementor-element-9b98fd4 elementor-invisible elementor-widget elementor-widget-facebook-embed\" data-id=\"9b98fd4\" data-element_type=\"widget\" data-e-type=\"widget\" data-settings=\"{&quot;_animation&quot;:&quot;zoomInDown&quot;}\" data-widget_type=\"facebook-embed.default\">\n\t\t\t\t\t<div style=\"min-height: 1px\" class=\"elementor-facebook-widget fb-post\" data-href=\"https:\/\/www.facebook.com\/photo.php?fbid=1021414773345390&#038;set=pb.100064306314890.-2207520000&#038;type=3\" data-show-text=\"false\"><\/div>\t\t\t\t<\/div>\n\t\t\t\t\t<\/div>\n\t\t\t\t<\/div>\n\t\t<div data-particle_enable=\"false\" data-particle-mobile-disabled=\"false\" class=\"elementor-element elementor-element-1ea47d2 e-flex e-con-boxed e-con e-parent\" data-id=\"1ea47d2\" data-element_type=\"container\" data-e-type=\"container\">\n\t\t\t\t\t<div class=\"e-con-inner\">\n\t\t\t\t<div class=\"elementor-element elementor-element-e05b03d elementor-widget elementor-widget-text-editor\" data-id=\"e05b03d\" data-element_type=\"widget\" data-e-type=\"widget\" data-widget_type=\"text-editor.default\">\n\t\t\t\t\t\t\t\t\t<p>Estas frases<a href=\"https:\/\/soymigrante.com\/revista\/migrantes-han-estado-continuamente-en-los-mensajes-y-oraciones-del-papa-francisco\/\" target=\"_blank\" rel=\"noopener\"> reflejan el compromiso inquebrantable del Papa Francisco con la dignidad y los derechos de los migrantes,<\/a> dejando una huella profunda en la Iglesia y en el mundo.<\/p>\t\t\t\t\t\t\t\t<\/div>\n\t\t\t\t\t<\/div>\n\t\t\t\t<\/div>\n\t\t<div data-particle_enable=\"false\" data-particle-mobile-disabled=\"false\" class=\"elementor-element elementor-element-089b339 e-flex e-con-boxed e-con e-parent\" data-id=\"089b339\" data-element_type=\"container\" data-e-type=\"container\">\n\t\t\t\t\t<div class=\"e-con-inner\">\n\t\t\t\t<div class=\"elementor-element elementor-element-c6fd586 elementor-widget elementor-widget-heading\" data-id=\"c6fd586\" data-element_type=\"widget\" data-e-type=\"widget\" data-widget_type=\"heading.default\">\n\t\t\t\t\t<h2 class=\"elementor-heading-title elementor-size-default\">Conoce otras historias de migrantes que te pueden impresionar...<\/h2>\t\t\t\t<\/div>\n\t\t\t\t\t<\/div>\n\t\t\t\t<\/div>\n\t\t<div data-particle_enable=\"false\" data-particle-mobile-disabled=\"false\" class=\"elementor-element elementor-element-60ff8b8 e-flex e-con-boxed e-con e-parent\" data-id=\"60ff8b8\" data-element_type=\"container\" data-e-type=\"container\">\n\t\t\t\t\t<div class=\"e-con-inner\">\n\t\t\t\t<div class=\"elementor-element elementor-element-83a09f7 elementor-grid-eael-col-3 elementor-grid-tablet-eael-col-2 elementor-grid-mobile-eael-col-1 elementor-widget elementor-widget-eael-post-grid\" data-id=\"83a09f7\" data-element_type=\"widget\" data-e-type=\"widget\" data-settings=\"{&quot;eael_post_grid_columns&quot;:&quot;eael-col-3&quot;,&quot;eael_post_grid_columns_tablet&quot;:&quot;eael-col-2&quot;,&quot;eael_post_grid_columns_mobile&quot;:&quot;eael-col-1&quot;}\" data-widget_type=\"eael-post-grid.default\">\n\t\t\t\t\t<div id=\"eael-post-grid-83a09f7\" class=\"eael-post-grid-container\">\n            <div class=\"eael-post-grid eael-post-appender eael-post-appender-83a09f7 eael-post-grid-style-one\" data-layout-mode=\"masonry\"><article class=\"eael-grid-post  eael-post-grid-column eael-pg-post-14027 category-exitos\" data-id=\"14027\">\n        <div class=\"eael-grid-post-holder\">\n            <div class=\"eael-grid-post-holder-inner\"><div class=\"eael-entry-media\"><div class=\"eael-entry-overlay fade-in\"><i class=\"far fa-hand-pointer\" aria-hidden=\"true\"><\/i><a href=\"https:\/\/soymigrante.com\/revista\/el-actor-y-conductor-gerzon-giron-ha-convertido-obstaculos-en-oportunidades-en-california\/\"><\/a><\/div><div class=\"eael-entry-thumbnail \">\n                <img fetchpriority=\"high\" decoding=\"async\" width=\"1024\" height=\"1024\" src=\"https:\/\/soymigrante.com\/revista\/wp-content\/uploads\/2024\/11\/Gerzon-Giron-feature-1024x1024.jpg\" class=\"attachment-large size-large wp-image-14095\" alt=\"Guatemalteco con resuelto en la ciudad de Los \u00c1ngeles, sosteniendo un cartel con la declaraci\u00f3n oficial del &quot;D\u00eda del Guatemalteco&quot;.\" srcset=\"https:\/\/soymigrante.com\/revista\/wp-content\/uploads\/2024\/11\/Gerzon-Giron-feature-1024x1024.jpg 1024w, https:\/\/soymigrante.com\/revista\/wp-content\/uploads\/2024\/11\/Gerzon-Giron-feature-300x300.jpg 300w, https:\/\/soymigrante.com\/revista\/wp-content\/uploads\/2024\/11\/Gerzon-Giron-feature-150x150.jpg 150w, https:\/\/soymigrante.com\/revista\/wp-content\/uploads\/2024\/11\/Gerzon-Giron-feature-768x768.jpg 768w, https:\/\/soymigrante.com\/revista\/wp-content\/uploads\/2024\/11\/Gerzon-Giron-feature-75x75.webp 75w, https:\/\/soymigrante.com\/revista\/wp-content\/uploads\/2024\/11\/Gerzon-Giron-feature-750x750.webp 750w, https:\/\/soymigrante.com\/revista\/wp-content\/uploads\/2024\/11\/Gerzon-Giron-feature-1140x1140.webp 1140w, https:\/\/soymigrante.com\/revista\/wp-content\/uploads\/2024\/11\/Gerzon-Giron-feature.webp 1536w\" sizes=\"(max-width: 1024px) 100vw, 1024px\" \/>\n            <\/div>\n        <\/div><div class=\"eael-entry-wrapper\"><header class=\"eael-entry-header\"><h2 class=\"eael-entry-title\"><a class=\"eael-grid-post-link\" href=\"https:\/\/soymigrante.com\/revista\/el-actor-y-conductor-gerzon-giron-ha-convertido-obstaculos-en-oportunidades-en-california\/\" title=\"Actor y conductor migrante guatemalteco Gerzon Gir\u00f3n transforma barreras en oportunidades en California\">Actor y conductor migrante guatemalteco Gerzon Gir\u00f3n transforma barreras en oportunidades en California<\/a><\/h2><\/header><div class=\"eael-entry-content\">\n                        <div class=\"eael-grid-post-excerpt\"><a href=\"https:\/\/soymigrante.com\/revista\/el-actor-y-conductor-gerzon-giron-ha-convertido-obstaculos-en-oportunidades-en-california\/\" class=\"eael-post-elements-readmore-btn\">CONOCE SU HISTORIA <\/a><\/div>\n                    <\/div><\/div><\/div>\n        <\/div>\n    <\/article><article class=\"eael-grid-post  eael-post-grid-column eael-pg-post-23419 category-estamos-unidos\" data-id=\"23419\">\n        <div class=\"eael-grid-post-holder\">\n            <div class=\"eael-grid-post-holder-inner\"><div class=\"eael-entry-media\"><div class=\"eael-entry-overlay fade-in\"><i class=\"far fa-hand-pointer\" aria-hidden=\"true\"><\/i><a href=\"https:\/\/soymigrante.com\/revista\/pelicula-guatemalteca-dionicio-virvez-actor-migrante-2025\/\"><\/a><\/div><div class=\"eael-entry-thumbnail \">\n                <img decoding=\"async\" width=\"1024\" height=\"1024\" src=\"https:\/\/soymigrante.com\/revista\/wp-content\/uploads\/2025\/01\/pelicula-dionicio-virvez-1024x1024.png\" class=\"attachment-large size-large wp-image-23422\" alt=\"Sobrevivencia en situaci\u00f3n de calle, depicting two individuals con backpacks, en un contexto de lucha y resiliencia, con un enfoque en historias de migrantes y pobreza.\" srcset=\"https:\/\/soymigrante.com\/revista\/wp-content\/uploads\/2025\/01\/pelicula-dionicio-virvez-1024x1024.png 1024w, https:\/\/soymigrante.com\/revista\/wp-content\/uploads\/2025\/01\/pelicula-dionicio-virvez-300x300.png 300w, https:\/\/soymigrante.com\/revista\/wp-content\/uploads\/2025\/01\/pelicula-dionicio-virvez-150x150.png 150w, https:\/\/soymigrante.com\/revista\/wp-content\/uploads\/2025\/01\/pelicula-dionicio-virvez-768x768.png 768w, https:\/\/soymigrante.com\/revista\/wp-content\/uploads\/2025\/01\/pelicula-dionicio-virvez-1536x1536.png 1536w, https:\/\/soymigrante.com\/revista\/wp-content\/uploads\/2025\/01\/pelicula-dionicio-virvez-75x75.webp 75w, https:\/\/soymigrante.com\/revista\/wp-content\/uploads\/2025\/01\/pelicula-dionicio-virvez-750x750.webp 750w, https:\/\/soymigrante.com\/revista\/wp-content\/uploads\/2025\/01\/pelicula-dionicio-virvez-1140x1140.webp 1140w, https:\/\/soymigrante.com\/revista\/wp-content\/uploads\/2025\/01\/pelicula-dionicio-virvez.webp 1755w\" sizes=\"(max-width: 1024px) 100vw, 1024px\" \/>\n            <\/div>\n        <\/div><div class=\"eael-entry-wrapper\"><header class=\"eael-entry-header\"><h2 class=\"eael-entry-title\"><a class=\"eael-grid-post-link\" href=\"https:\/\/soymigrante.com\/revista\/pelicula-guatemalteca-dionicio-virvez-actor-migrante-2025\/\" title=\"Actor migrante Dionicio Virvez participar\u00e1 en pel\u00edcula de acci\u00f3n producida en Guatemala\">Actor migrante Dionicio Virvez participar\u00e1 en pel\u00edcula de acci\u00f3n producida en Guatemala<\/a><\/h2><\/header><div class=\"eael-entry-content\">\n                        <div class=\"eael-grid-post-excerpt\"><a href=\"https:\/\/soymigrante.com\/revista\/pelicula-guatemalteca-dionicio-virvez-actor-migrante-2025\/\" class=\"eael-post-elements-readmore-btn\">CONOCE SU HISTORIA <\/a><\/div>\n                    <\/div><\/div><\/div>\n        <\/div>\n    <\/article><article class=\"eael-grid-post  eael-post-grid-column eael-pg-post-2479 category-estamos-unidos\" data-id=\"2479\">\n        <div class=\"eael-grid-post-holder\">\n            <div class=\"eael-grid-post-holder-inner\"><div class=\"eael-entry-media\"><div class=\"eael-entry-overlay fade-in\"><i class=\"far fa-hand-pointer\" aria-hidden=\"true\"><\/i><a href=\"https:\/\/soymigrante.com\/revista\/actor-y-migrante-guatemalteco-arturo-castro-lanzara-bola-inicial-en-juego-de-los-dodgers\/\"><\/a><\/div><div class=\"eael-entry-thumbnail \">\n                <img decoding=\"async\" width=\"1024\" height=\"809\" src=\"https:\/\/soymigrante.com\/revista\/wp-content\/uploads\/2023\/09\/Captura-de-pantalla-2023-09-11-233518-1024x809.webp\" class=\"attachment-large size-large wp-image-2538\" alt=\"Arturo Castro, actor y migrante guatemalteco\" srcset=\"https:\/\/soymigrante.com\/revista\/wp-content\/uploads\/2023\/09\/Captura-de-pantalla-2023-09-11-233518-1024x809.webp 1024w, https:\/\/soymigrante.com\/revista\/wp-content\/uploads\/2023\/09\/Captura-de-pantalla-2023-09-11-233518-300x237.webp 300w, https:\/\/soymigrante.com\/revista\/wp-content\/uploads\/2023\/09\/Captura-de-pantalla-2023-09-11-233518-768x606.webp 768w, https:\/\/soymigrante.com\/revista\/wp-content\/uploads\/2023\/09\/Captura-de-pantalla-2023-09-11-233518-750x592.webp 750w, https:\/\/soymigrante.com\/revista\/wp-content\/uploads\/2023\/09\/Captura-de-pantalla-2023-09-11-233518.webp 1041w\" sizes=\"(max-width: 1024px) 100vw, 1024px\" \/>\n            <\/div>\n        <\/div><div class=\"eael-entry-wrapper\"><header class=\"eael-entry-header\"><h2 class=\"eael-entry-title\"><a class=\"eael-grid-post-link\" href=\"https:\/\/soymigrante.com\/revista\/actor-y-migrante-guatemalteco-arturo-castro-lanzara-bola-inicial-en-juego-de-los-dodgers\/\" title=\"Actor y migrante Arturo Castro lanza bola inicial en juego de Los Dodgers dedicado a Guatemala\">Actor y migrante Arturo Castro lanza bola inicial en juego de Los Dodgers dedicado a Guatemala<\/a><\/h2><\/header><div class=\"eael-entry-content\">\n                        <div class=\"eael-grid-post-excerpt\"><a href=\"https:\/\/soymigrante.com\/revista\/actor-y-migrante-guatemalteco-arturo-castro-lanzara-bola-inicial-en-juego-de-los-dodgers\/\" class=\"eael-post-elements-readmore-btn\">CONOCE SU HISTORIA <\/a><\/div>\n                    <\/div><\/div><\/div>\n        <\/div>\n    <\/article><\/div>\n            <div class=\"clearfix\"><\/div>\n        <\/div>\t\t\t\t<\/div>\n\t\t\t\t\t<\/div>\n\t\t\t\t<\/div>\n\t\t\t\t<\/div>\n\t\t","protected":false},"excerpt":{"rendered":"<p>El Papa Francisco muri\u00f3 este 21 de abril de 2025, pero entre su legado, dej\u00f3 una defensa por los derechos de los migrantes, estas fueron las 11 frases que mencion\u00f3. El Papa Francisco, fallecido el 21 de abril de 2025, dej\u00f3 un legado imborrable en la defensa de los derechos de los migrantes. A lo [&hellip;]<\/p>\n","protected":false},"author":19,"featured_media":26481,"comment_status":"open","ping_status":"open","sticky":false,"template":"","format":"standard","meta":{"_acf_changed":false,"_eb_attr":"","footnotes":""},"categories":[56],"tags":[],"class_list":["post-31576","post","type-post","status-publish","format-standard","has-post-thumbnail","hentry","category-lugar-de-voces"],"acf":[],"aioseo_notices":[],"aioseo_head":"\n\t\t<!-- All in One SEO Pro 4.9.6.2 - aioseo.com -->\n\t<meta name=\"description\" content=\"Equipo de Los Dodgers dedicar\u00e1 el juego del 20 de septiembre como D\u00eda de la Herencia Cultural Guatemalteca en honor a los migrantes de Guatemala en Estados Unidos.\" \/>\n\t<meta name=\"robots\" content=\"max-snippet:-1, max-image-preview:large, max-video-preview:-1\" \/>\n\t<meta name=\"author\" content=\"Gustavo Montenegro\"\/>\n\t<link rel=\"canonical\" href=\"https:\/\/soymigrante.com\/revista\/actor-y-migrante-guatemalteco-arturo-castro-lanzara-bola-inicial-en-juego-de-los-dodgers\/\" \/>\n\t<meta name=\"generator\" content=\"All in One SEO Pro (AIOSEO) 4.9.6.2\" \/>\n\n\t\t<link rel=\"preconnect\" href=\"https:\/\/fonts.googleapis.com\" crossorigin>\n<link rel=\"preconnect\" href=\"https:\/\/fonts.gstatic.com\" crossorigin>\n\t\t<meta property=\"og:locale\" content=\"es_ES\" \/>\n\t\t<meta property=\"og:site_name\" content=\"SoyMigrante.com REVISTA \u2013 Nuestra misi\u00f3n es reconocer y dignificar al migrante.\" \/>\n\t\t<meta property=\"og:type\" content=\"article\" \/>\n\t\t<meta property=\"og:title\" content=\"Actor y migrante Arturo Castro lanza bola inicial en juego de Los Dodgers dedicado a Guatemala\" \/>\n\t\t<meta property=\"og:description\" content=\"Equipo de Los Dodgers dedicar\u00e1 el juego del 20 de septiembre como D\u00eda de la Herencia Cultural Guatemalteca en honor a los migrantes de Guatemala en Estados Unidos.\" \/>\n\t\t<meta property=\"og:url\" content=\"https:\/\/soymigrante.com\/revista\/actor-y-migrante-guatemalteco-arturo-castro-lanzara-bola-inicial-en-juego-de-los-dodgers\/\" \/>\n\t\t<meta property=\"og:image\" content=\"https:\/\/soymigrante.com\/revista\/wp-content\/uploads\/2023\/09\/Captura-de-pantalla-2023-09-11-233518.webp\" \/>\n\t\t<meta property=\"og:image:secure_url\" content=\"https:\/\/soymigrante.com\/revista\/wp-content\/uploads\/2023\/09\/Captura-de-pantalla-2023-09-11-233518.webp\" \/>\n\t\t<meta property=\"og:image:width\" content=\"1041\" \/>\n\t\t<meta property=\"og:image:height\" content=\"822\" \/>\n\t\t<meta property=\"article:published_time\" content=\"2023-09-12T05:37:04+00:00\" \/>\n\t\t<meta property=\"article:modified_time\" content=\"2024-07-30T20:05:49+00:00\" \/>\n\t\t<meta property=\"article:publisher\" content=\"https:\/\/www.facebook.com\/soymigrantecom\" \/>\n\t\t<meta name=\"twitter:card\" content=\"summary_large_image\" \/>\n\t\t<meta name=\"twitter:site\" content=\"@SoyMigrante_com\" \/>\n\t\t<meta name=\"twitter:title\" content=\"Actor y migrante Arturo Castro lanza bola inicial en juego de Los Dodgers dedicado a Guatemala\" \/>\n\t\t<meta name=\"twitter:description\" content=\"Equipo de Los Dodgers dedicar\u00e1 el juego del 20 de septiembre como D\u00eda de la Herencia Cultural Guatemalteca en honor a los migrantes de Guatemala en Estados Unidos.\" \/>\n\t\t<meta name=\"twitter:creator\" content=\"@SoyMigrante_com\" \/>\n\t\t<meta name=\"twitter:image\" content=\"https:\/\/soymigrante.com\/revista\/wp-content\/uploads\/2023\/09\/Captura-de-pantalla-2023-09-11-233518.webp\" \/>\n\t\t<!-- All in One SEO Pro -->\r\n\t\t<title>Actor y migrante Arturo Castro lanza bola inicial en juego de Los Dodgers dedicado a Guatemala<\/title>\n\n","aioseo_head_json":{"title":"Actor y migrante Arturo Castro lanza bola inicial en juego de Los Dodgers dedicado a Guatemala","description":"Equipo de Los Dodgers dedicar\u00e1 el juego del 20 de septiembre como D\u00eda de la Herencia Cultural Guatemalteca en honor a los migrantes de Guatemala en Estados Unidos.","canonical_url":"https:\/\/soymigrante.com\/revista\/actor-y-migrante-guatemalteco-arturo-castro-lanzara-bola-inicial-en-juego-de-los-dodgers\/","robots":"max-snippet:-1, max-image-preview:large, max-video-preview:-1","keywords":"","webmasterTools":{"miscellaneous":"&lt;link rel=\"preconnect\" href=\"https:\/\/fonts.googleapis.com\" crossorigin&gt;\n&lt;link rel=\"preconnect\" href=\"https:\/\/fonts.gstatic.com\" crossorigin&gt;"},"schema":null,"og:locale":"es_ES","og:site_name":"SoyMigrante.com REVISTA \u2013 Nuestra misi\u00f3n es reconocer y dignificar al migrante.","og:type":"article","og:title":"Actor y migrante Arturo Castro lanza bola inicial en juego de Los Dodgers dedicado a Guatemala","og:description":"Equipo de Los Dodgers dedicar\u00e1 el juego del 20 de septiembre como D\u00eda de la Herencia Cultural Guatemalteca en honor a los migrantes de Guatemala en Estados Unidos.","og:url":"https:\/\/soymigrante.com\/revista\/actor-y-migrante-guatemalteco-arturo-castro-lanzara-bola-inicial-en-juego-de-los-dodgers\/","og:image":"https:\/\/soymigrante.com\/revista\/wp-content\/uploads\/2023\/09\/Captura-de-pantalla-2023-09-11-233518.webp","og:image:secure_url":"https:\/\/soymigrante.com\/revista\/wp-content\/uploads\/2023\/09\/Captura-de-pantalla-2023-09-11-233518.webp","og:image:width":1041,"og:image:height":822,"article:published_time":"2023-09-12T05:37:04+00:00","article:modified_time":"2024-07-30T20:05:49+00:00","article:publisher":"https:\/\/www.facebook.com\/soymigrantecom","twitter:card":"summary_large_image","twitter:site":"@SoyMigrante_com","twitter:title":"Actor y migrante Arturo Castro lanza bola inicial en juego de Los Dodgers dedicado a Guatemala","twitter:description":"Equipo de Los Dodgers dedicar\u00e1 el juego del 20 de septiembre como D\u00eda de la Herencia Cultural Guatemalteca en honor a los migrantes de Guatemala en Estados Unidos.","twitter:creator":"@SoyMigrante_com","twitter:image":"https:\/\/soymigrante.com\/revista\/wp-content\/uploads\/2023\/09\/Captura-de-pantalla-2023-09-11-233518.webp"},"aioseo_meta_data":{"post_id":"31576","title":"Frases memorables sobre migrantes dej\u00f3 el Papa Francisco","description":"El Papa Francisco falleci\u00f3 el 21 de abril de 2025, pero en su legado, dej\u00f3 una defensa por los derechos de los migrantes. Estas son once frases inmortales.","keywords":null,"keyphrases":{"focus":{"keyphrase":"Papa Francisco","score":82,"analysis":{"keyphraseInTitle":{"score":9,"maxScore":9,"error":0},"keyphraseInDescription":{"score":9,"maxScore":9,"error":0},"keyphraseLength":{"score":9,"maxScore":9,"error":0,"length":2},"keyphraseInURL":{"score":5,"maxScore":5,"error":0},"keyphraseInIntroduction":{"score":9,"maxScore":9,"error":0},"keyphraseInSubHeadings":{"score":3,"maxScore":9,"error":1},"keyphraseInImageAlt":{"score":3,"maxScore":9,"error":1},"keywordDensity":{"type":"best","score":9,"maxScore":9,"error":0}}},"additional":[{"keyphrase":"Papa Francisco","score":87,"analysis":{"keyphraseInDescription":{"score":9,"maxScore":9,"error":0},"keyphraseLength":{"score":9,"maxScore":9,"error":0,"length":2},"keyphraseInIntroduction":{"score":9,"maxScore":9,"error":0},"keyphraseInImageAlt":{"score":3,"maxScore":9,"error":1},"keywordDensity":{"type":"best","score":9,"maxScore":9,"error":0}}}]},"primary_term":null,"canonical_url":null,"og_title":null,"og_description":null,"og_object_type":"default","og_image_type":"default","og_image_url":null,"og_image_width":null,"og_image_height":null,"og_image_custom_url":null,"og_image_custom_fields":null,"og_video":"","og_custom_url":null,"og_article_section":null,"og_article_tags":null,"twitter_use_og":false,"twitter_card":"default","twitter_image_type":"default","twitter_image_url":null,"twitter_image_custom_url":null,"twitter_image_custom_fields":null,"twitter_title":null,"twitter_description":null,"schema":{"blockGraphs":[],"customGraphs":[],"default":{"data":{"Article":[],"Course":[],"Dataset":[],"FAQPage":[],"Movie":[],"Person":[],"Product":[],"ProductReview":[],"Car":[],"Recipe":[],"Service":[],"SoftwareApplication":[],"WebPage":[]},"graphName":"none","isEnabled":true},"graphs":[]},"schema_type":"default","schema_type_options":null,"pillar_content":false,"robots_default":true,"robots_noindex":false,"robots_noarchive":false,"robots_nosnippet":false,"robots_nofollow":false,"robots_noimageindex":false,"robots_noodp":false,"robots_notranslate":false,"robots_max_snippet":"-1","robots_max_videopreview":"-1","robots_max_imagepreview":"large","priority":null,"frequency":"default","local_seo":null,"seo_analyzer_scan_date":"2025-10-09 04:32:11","breadcrumb_settings":null,"limit_modified_date":false,"reviewed_by":null,"open_ai":"{\"title\":{\"suggestions\":[],\"usage\":0},\"description\":{\"suggestions\":[],\"usage\":0}}","ai":null,"created":"2025-04-21 19:03:46","updated":"2026-02-04 23:17:03"},"aioseo_breadcrumb":"<div class=\"aioseo-breadcrumbs\"><span class=\"aioseo-breadcrumb\">\n\t<a href=\"https:\/\/soymigrante.com\/revista\" title=\"Home\">Home<\/a>\n<\/span><span class=\"aioseo-breadcrumb-separator\">\u00bb<\/span><span class=\"aioseo-breadcrumb\">\n\t<a href=\"https:\/\/soymigrante.com\/revista\/category\/estamos-unidos\/\" title=\"Estamos Unidos\">Estamos Unidos<\/a>\n<\/span><span class=\"aioseo-breadcrumb-separator\">\u00bb<\/span><span class=\"aioseo-breadcrumb\">\n\t<a href=\"https:\/\/soymigrante.com\/revista\/category\/estamos-unidos\/lugar-de-voces\/\" title=\"Lugar de Voces\">Lugar de Voces<\/a>\n<\/span><span class=\"aioseo-breadcrumb-separator\">\u00bb<\/span><span class=\"aioseo-breadcrumb\">\n\tOnce frases memorables sobre los migrantes que dej\u00f3 el Papa Francisco\n<\/span><\/div>","aioseo_breadcrumb_json":[{"label":"Home","link":"https:\/\/soymigrante.com\/revista"},{"label":"Estamos Unidos","link":"https:\/\/soymigrante.com\/revista\/category\/estamos-unidos\/"},{"label":"Lugar de Voces","link":"https:\/\/soymigrante.com\/revista\/category\/estamos-unidos\/lugar-de-voces\/"},{"label":"Once frases memorables sobre los migrantes que dej\u00f3 el Papa Francisco","link":"https:\/\/soymigrante.com\/revista\/once-frases-memorables-sobre-los-migrantes-que-dejo-el-papa-francisco\/"}],"_links":{"self":[{"href":"https:\/\/soymigrante.com\/revista\/wp-json\/wp\/v2\/posts\/31576","targetHints":{"allow":["GET"]}}],"collection":[{"href":"https:\/\/soymigrante.com\/revista\/wp-json\/wp\/v2\/posts"}],"about":[{"href":"https:\/\/soymigrante.com\/revista\/wp-json\/wp\/v2\/types\/post"}],"author":[{"embeddable":true,"href":"https:\/\/soymigrante.com\/revista\/wp-json\/wp\/v2\/users\/19"}],"replies":[{"embeddable":true,"href":"https:\/\/soymigrante.com\/revista\/wp-json\/wp\/v2\/comments?post=31576"}],"version-history":[{"count":5,"href":"https:\/\/soymigrante.com\/revista\/wp-json\/wp\/v2\/posts\/31576\/revisions"}],"predecessor-version":[{"id":31705,"href":"https:\/\/soymigrante.com\/revista\/wp-json\/wp\/v2\/posts\/31576\/revisions\/31705"}],"wp:featuredmedia":[{"embeddable":true,"href":"https:\/\/soymigrante.com\/revista\/wp-json\/wp\/v2\/media\/26481"}],"wp:attachment":[{"href":"https:\/\/soymigrante.com\/revista\/wp-json\/wp\/v2\/media?parent=31576"}],"wp:term":[{"taxonomy":"category","embeddable":true,"href":"https:\/\/soymigrante.com\/revista\/wp-json\/wp\/v2\/categories?post=31576"},{"taxonomy":"post_tag","embeddable":true,"href":"https:\/\/soymigrante.com\/revista\/wp-json\/wp\/v2\/tags?post=31576"}],"curies":[{"name":"wp","href":"https:\/\/api.w.org\/{rel}","templated":true}]}}