{"id":31525,"date":"2025-04-21T10:12:54","date_gmt":"2025-04-21T16:12:54","guid":{"rendered":"https:\/\/soymigrante.com\/revista\/?p=31525"},"modified":"2025-10-03T14:49:17","modified_gmt":"2025-10-03T20:49:17","slug":"melvin-falla-migrante-guatemalteco-locutor-radio-solidaridad-minnesota","status":"publish","type":"post","link":"https:\/\/soymigrante.com\/revista\/melvin-falla-migrante-guatemalteco-locutor-radio-solidaridad-minnesota\/","title":{"rendered":"Melvin Falla: voz al aire que es puente, abrazo y solidaridad entre Minnesota y Guatemala"},"content":{"rendered":"\t\t<div data-elementor-type=\"wp-post\" data-elementor-id=\"31525\" class=\"elementor elementor-31525\" data-elementor-post-type=\"post\">\n\t\t\t\t<div data-particle_enable=\"false\" data-particle-mobile-disabled=\"false\" class=\"elementor-element elementor-element-2c28741 e-flex e-con-boxed e-con e-parent\" data-id=\"2c28741\" data-element_type=\"container\" data-e-type=\"container\">\n\t\t\t\t\t<div class=\"e-con-inner\">\n\t\t\t\t<div class=\"elementor-element elementor-element-7dae668 elementor-widget elementor-widget-heading\" data-id=\"7dae668\" data-element_type=\"widget\" data-e-type=\"widget\" data-widget_type=\"heading.default\">\n\t\t\t\t\t<h2 class=\"elementor-heading-title elementor-size-default\">Tres d\u00e9cadas y media en Estados Unidos no han bastado para que Melvin Falla se olvide de su natal Estancia de la Virgen, aldea de San Crist\u00f3bal Acasaguastl\u00e1n, El Progreso. Locutor e impulsor de m\u00faltiples ayudas, tiene el sue\u00f1o de instalar su radio Stereo Stancia, en su tierra.<\/h2>\t\t\t\t<\/div>\n\t\t\t\t<div class=\"elementor-element elementor-element-2c514be elementor-widget elementor-widget-html\" data-id=\"2c514be\" data-element_type=\"widget\" data-e-type=\"widget\" data-widget_type=\"html.default\">\n\t\t\t\t\t<div id=\"buzzsprout-player-17104812\"><\/div><script src=\"https:\/\/www.buzzsprout.com\/2444168\/episodes\/17104812-melvin-falla-voz-solidaria-migrante-guatemalteca-en-minnesota.js?container_id=buzzsprout-player-17104812&player=small\" type=\"text\/javascript\" charset=\"utf-8\"><\/script>\t\t\t\t<\/div>\n\t\t\t\t\t<\/div>\n\t\t\t\t<\/div>\n\t\t<div data-particle_enable=\"false\" data-particle-mobile-disabled=\"false\" class=\"elementor-element elementor-element-e8d28e9 e-flex e-con-boxed e-con e-parent\" data-id=\"e8d28e9\" data-element_type=\"container\" data-e-type=\"container\">\n\t\t\t\t\t<div class=\"e-con-inner\">\n\t\t\t\t<div class=\"elementor-element elementor-element-3da44f2 elementor-widget elementor-widget-text-editor\" data-id=\"3da44f2\" data-element_type=\"widget\" data-e-type=\"widget\" data-widget_type=\"text-editor.default\">\n\t\t\t\t\t\t\t\t\t<p>Con apenas 500 quetzales en el bolsillo y una mochila cargada de sue\u00f1os, Melvin Falla dej\u00f3 su pueblo natal Estancia La Virgen, en el Departamento de <a href=\"https:\/\/soymigrante.com\/revista\/departamentos-de-guatemala-preguntas-y-respuestas-sobre-el-progreso\/\">El Progreso<\/a>, Guatemala, en 1990, para buscar un mejor futuro en Estados Unidos.\u00a0<\/p><p>Treinta y cinco a\u00f1os despu\u00e9s, su voz se escucha con fuerza desde <a href=\"https:\/\/soymigrante.com\/revista\/amalia-moreno-damgaard-chef-guatemalteca-en-minnesota-historia\/\">Minnesota<\/a> a trav\u00e9s de Stereo Stancia, una emisora digital que fund\u00f3 para mantener vivas las ra\u00edces centroamericanas y tender puentes con su comunidad. Desde all\u00ed entretiene pero tambi\u00e9n hace constantes campa\u00f1as de ayuda para personas y comunidades, confiando siempre en la proverbial <a href=\"https:\/\/soymigrante.com\/revista\/lissett-garcia-es-sonrisa-solidaridad-fe-poesia-musica-y-servicio-en-lakeland-florida\/\">solidaridad<\/a> del guatemalteco.<\/p><p>\u201cYo ven\u00eda por dos a\u00f1os, dec\u00eda. \u00bfVerdad? Seg\u00fan ven\u00eda por dos a\u00f1os\u2026 esos dos a\u00f1os se convirtieron en\u00a0 35 a\u00f1os\u201d, dice sorprendido en la conversaci\u00f3n. Y esta es su historia.<\/p>\t\t\t\t\t\t\t\t<\/div>\n\t\t\t\t\t<\/div>\n\t\t\t\t<\/div>\n\t\t<div data-particle_enable=\"false\" data-particle-mobile-disabled=\"false\" class=\"elementor-element elementor-element-25c7516 e-flex e-con-boxed e-con e-parent\" data-id=\"25c7516\" data-element_type=\"container\" data-e-type=\"container\">\n\t\t\t\t\t<div class=\"e-con-inner\">\n\t\t\t\t<div class=\"elementor-element elementor-element-fda7465 elementor-widget elementor-widget-image\" data-id=\"fda7465\" data-element_type=\"widget\" data-e-type=\"widget\" data-widget_type=\"image.default\">\n\t\t\t\t\t\t\t\t\t\t\t\t<figure class=\"wp-caption\">\n\t\t\t\t\t\t\t\t\t\t<img fetchpriority=\"high\" decoding=\"async\" width=\"621\" height=\"524\" src=\"https:\/\/soymigrante.com\/revista\/wp-content\/uploads\/2025\/04\/melvin-falla-minnesota.webp\" class=\"attachment-large size-large wp-image-31532\" alt=\"Familia latina feliz en celebraci\u00f3n, mostrando uni\u00f3n y cultura, en imagen para Revista SoyMigrante, reflejando temas de migraci\u00f3n y comunidad.\" srcset=\"https:\/\/soymigrante.com\/revista\/wp-content\/uploads\/2025\/04\/melvin-falla-minnesota.webp 621w, https:\/\/soymigrante.com\/revista\/wp-content\/uploads\/2025\/04\/melvin-falla-minnesota-300x253.jpg 300w\" sizes=\"(max-width: 621px) 100vw, 621px\" title=\"Melvin Falla tiene el coraz\u00f3n puesto en su hermosa familia y tambi\u00e9n en apoyar a su aldea natal Estancia de la Virgen, San Crist\u00f3bal Acasaguastl\u00e1n, El Progreso, Guatemala. \u2013 SoyMigrante.com REVISTA\" \/>\t\t\t\t\t\t\t\t\t\t\t<figcaption class=\"widget-image-caption wp-caption-text\">Familia latina en celebraci\u00f3n, s\u00edmbolo de uni\u00f3n y cultura en Revista SoyMigrante, resaltando temas de migrantes, comunidad y ra\u00edces familiares.<\/figcaption>\n\t\t\t\t\t\t\t\t\t\t<\/figure>\n\t\t\t\t\t\t\t\t\t<\/div>\n\t\t\t\t\t<\/div>\n\t\t\t\t<\/div>\n\t\t<div data-particle_enable=\"false\" data-particle-mobile-disabled=\"false\" class=\"elementor-element elementor-element-30a8c97 e-flex e-con-boxed e-con e-parent\" data-id=\"30a8c97\" data-element_type=\"container\" data-e-type=\"container\">\n\t\t\t\t\t<div class=\"e-con-inner\">\n\t\t\t\t<div class=\"elementor-element elementor-element-2d590a4 elementor-widget elementor-widget-heading\" data-id=\"2d590a4\" data-element_type=\"widget\" data-e-type=\"widget\" data-widget_type=\"heading.default\">\n\t\t\t\t\t<h3 class=\"elementor-heading-title elementor-size-default\">Una partida marcada por el amor familiar<\/h3>\t\t\t\t<\/div>\n\t\t\t\t\t<\/div>\n\t\t\t\t<\/div>\n\t\t<div data-particle_enable=\"false\" data-particle-mobile-disabled=\"false\" class=\"elementor-element elementor-element-4c5dca6 e-flex e-con-boxed e-con e-parent\" data-id=\"4c5dca6\" data-element_type=\"container\" data-e-type=\"container\">\n\t\t\t\t\t<div class=\"e-con-inner\">\n\t\t\t\t<div class=\"elementor-element elementor-element-3f670d0 elementor-widget elementor-widget-text-editor\" data-id=\"3f670d0\" data-element_type=\"widget\" data-e-type=\"widget\" data-widget_type=\"text-editor.default\">\n\t\t\t\t\t\t\t\t\t<p>Melvin creci\u00f3 entre el calor del campo y el trabajo duro. Desde ni\u00f1o ayudaba a su padre en la venta de lim\u00f3n, que cultivaba en San Crist\u00f3bal Acasaguastl\u00e1n.\u00a0 Pero despu\u00e9s trabaj\u00f3 en sembrad\u00edos de\u00a0 tabaco, pepino y tomate. \u201cA los siete a\u00f1os yo ya no trabajaba con mi pap\u00e1, me iba a trabajar al tabaco\u201d.\u00a0 Ganaba Q2 quetzales con cincuenta centavos a la semana. Y le daba los dos quetzales a su mam\u00e1 y \u00e9l usaba los cincuenta para comprar dulces.<\/p><p>Melvin estudi\u00f3 Magisterio. &#8220;So\u00f1aba con ser maestro de primaria, ayudar a los ni\u00f1os a formar su inteligencia&#8221;. Fue en quinto a\u00f1o de magisterio cuando la situaci\u00f3n econ\u00f3mica familiar lo empuj\u00f3 a tomar la dif\u00edcil decisi\u00f3n de emigrar. \u201cMi pap\u00e1 ya no pudo seguirnos apoyando. Soy el mayor de sus hijos. Mi segundo hermano estaba estudiando Mercadotecnia y Publicidad, mi otro hermano Mec\u00e1nica Automotriz, y mi hermana estaba en b\u00e1sico\u2026\u201d.<\/p><p>Melvin migr\u00f3 a Estados Unidos y con lo que ganaba ayud\u00f3 a sus hermanos a estudiar.\u00a0<\/p>\t\t\t\t\t\t\t\t<\/div>\n\t\t\t\t\t<\/div>\n\t\t\t\t<\/div>\n\t\t<div data-particle_enable=\"false\" data-particle-mobile-disabled=\"false\" class=\"elementor-element elementor-element-bd8678f e-flex e-con-boxed e-con e-parent\" data-id=\"bd8678f\" data-element_type=\"container\" data-e-type=\"container\">\n\t\t\t\t\t<div class=\"e-con-inner\">\n\t\t\t\t<div class=\"elementor-element elementor-element-b51f6c1 elementor-widget elementor-widget-image\" data-id=\"b51f6c1\" data-element_type=\"widget\" data-e-type=\"widget\" data-widget_type=\"image.default\">\n\t\t\t\t\t\t\t\t\t\t\t\t<figure class=\"wp-caption\">\n\t\t\t\t\t\t\t\t\t\t<img decoding=\"async\" width=\"794\" height=\"1024\" src=\"https:\/\/soymigrante.com\/revista\/wp-content\/uploads\/2025\/04\/melvin-falla-migrante-minnesota-794x1024.jpg\" class=\"attachment-large size-large wp-image-31533\" alt=\"Donaciones solidarias en Guatemala, entrega de regalos a comunidades vulnerables, apoyo a migrantes centroamericanos, ejemplos de solidaridad y ayuda comunitaria en diciembre 2018.\" srcset=\"https:\/\/soymigrante.com\/revista\/wp-content\/uploads\/2025\/04\/melvin-falla-migrante-minnesota-794x1024.jpg 794w, https:\/\/soymigrante.com\/revista\/wp-content\/uploads\/2025\/04\/melvin-falla-migrante-minnesota-232x300.jpg 232w, https:\/\/soymigrante.com\/revista\/wp-content\/uploads\/2025\/04\/melvin-falla-migrante-minnesota-768x991.jpg 768w, https:\/\/soymigrante.com\/revista\/wp-content\/uploads\/2025\/04\/melvin-falla-migrante-minnesota-750x968.webp 750w, https:\/\/soymigrante.com\/revista\/wp-content\/uploads\/2025\/04\/melvin-falla-migrante-minnesota.webp 854w\" sizes=\"(max-width: 794px) 100vw, 794px\" title=\"Los ideales de solidaridad son inagotables para Melvin Falla, quien efect\u00faa colectas para  llevar obsequios en D\u00eda de la Madre, D\u00eda del Ni\u00f1o, Navidad o en emergencias a diversas comunidades de su municipio natal San Crist\u00f3bal Acasaguastl\u00e1n. \u2013 SoyMigrante.com REVISTA\" \/>\t\t\t\t\t\t\t\t\t\t\t<figcaption class=\"widget-image-caption wp-caption-text\">En la revista SoyMigrante.com se destacan las donaciones y apoyos entregados en Guatemala en diciembre de 2018, incluyendo regalos y ayuda a comunidades vulnerables y migrantes en estado de necesidad, promoviendo la solidaridad y la uni\u00f3n familiar en las regiones de San Luis Buena Vista, Cruz del Valle y Estancia de La Virgen.<\/figcaption>\n\t\t\t\t\t\t\t\t\t\t<\/figure>\n\t\t\t\t\t\t\t\t\t<\/div>\n\t\t\t\t\t<\/div>\n\t\t\t\t<\/div>\n\t\t<div data-particle_enable=\"false\" data-particle-mobile-disabled=\"false\" class=\"elementor-element elementor-element-0a09585 e-flex e-con-boxed e-con e-parent\" data-id=\"0a09585\" data-element_type=\"container\" data-e-type=\"container\">\n\t\t\t\t\t<div class=\"e-con-inner\">\n\t\t\t\t<div class=\"elementor-element elementor-element-0552253 elementor-widget elementor-widget-heading\" data-id=\"0552253\" data-element_type=\"widget\" data-e-type=\"widget\" data-widget_type=\"heading.default\">\n\t\t\t\t\t<h3 class=\"elementor-heading-title elementor-size-default\">Despedida grabada en la memoria<\/h3>\t\t\t\t<\/div>\n\t\t\t\t\t<\/div>\n\t\t\t\t<\/div>\n\t\t<div data-particle_enable=\"false\" data-particle-mobile-disabled=\"false\" class=\"elementor-element elementor-element-ea1cc75 e-flex e-con-boxed e-con e-parent\" data-id=\"ea1cc75\" data-element_type=\"container\" data-e-type=\"container\">\n\t\t\t\t\t<div class=\"e-con-inner\">\n\t\t\t\t<div class=\"elementor-element elementor-element-daa7c8d elementor-widget elementor-widget-text-editor\" data-id=\"daa7c8d\" data-element_type=\"widget\" data-e-type=\"widget\" data-widget_type=\"text-editor.default\">\n\t\t\t\t\t\t\t\t\t<p>\u201cMe recuerdo una noche ven\u00edamos de la iglesia. Mi pap\u00e1 es catequista. Ten\u00edamos el problema econ\u00f3mico y mi t\u00edo me dijo si quer\u00eda viajar con \u00e9l al Norte. Le ped\u00ed permiso a mi pap\u00e1. Fue un viaje de casi un mes, trabajando en el camino para poder llegar. \u201cMi mam\u00e1 lloraba. En ese tiempo no exist\u00edan celulares ni internet. Ella ped\u00eda a Dios saber si yo estaba vivo o no. Pobrecita, ella sufri\u00f3 mucho\u00a0 al no saber nada de m\u00ed en la traves\u00eda\u201d.<\/p><p>&#8220;Al mes pude llamar, a trav\u00e9s de una cita en las casetas de Guatel en San Crist\u00f3bal. Mi mam\u00e1 lloraba de alegr\u00eda al saber que hab\u00eda llegado y de tristeza porque estaba lejos&#8221;.\u00a0<\/p><p>Melvin lleg\u00f3 primero a California. \u201cBuscaba trabajo de lo que viniera\u201d, recuerda. Un hombre lo contrat\u00f3 para lavar platos en un restaurante japon\u00e9s. Aprendi\u00f3 a preparar comida, ensaladas y sushi. Despu\u00e9s de un par de a\u00f1os, se mud\u00f3 a Pomona, donde trabaj\u00f3 cinco a\u00f1os en reciclaje. M\u00e1s tarde, migr\u00f3 a Minnesota, atra\u00eddo por mejores salarios.<\/p><p>&#8220;En Minnesota trabaj\u00e9 en f\u00e1bricas de shampoo, panader\u00edas, en empaque} de productos, y tambi\u00e9n armaba partes de esqu\u00edes de agua. Sin conocer el idioma, padec\u00ed discriminaci\u00f3n. Pero trabajaba duro y con calidad. Alguien me explicaba en cada trabajo lo que hab\u00eda que hacer y comenzaba&#8221;\u00a0<\/p>\t\t\t\t\t\t\t\t<\/div>\n\t\t\t\t\t<\/div>\n\t\t\t\t<\/div>\n\t\t<div data-particle_enable=\"false\" data-particle-mobile-disabled=\"false\" class=\"elementor-element elementor-element-392d531 e-flex e-con-boxed e-con e-parent\" data-id=\"392d531\" data-element_type=\"container\" data-e-type=\"container\">\n\t\t\t\t\t<div class=\"e-con-inner\">\n\t\t\t\t<div class=\"elementor-element elementor-element-27fbb84 elementor-widget elementor-widget-html\" data-id=\"27fbb84\" data-element_type=\"widget\" data-e-type=\"widget\" data-widget_type=\"html.default\">\n\t\t\t\t\t<iframe src=\"https:\/\/www.facebook.com\/plugins\/video.php?height=314&href=https%3A%2F%2Fwww.facebook.com%2F100014117618251%2Fvideos%2F345272661263946%2F&show_text=true&width=560&t=66\" width=\"560\" height=\"429\" style=\"border:none;overflow:hidden\" scrolling=\"no\" frameborder=\"0\" allowfullscreen=\"true\" allow=\"autoplay; clipboard-write; encrypted-media; picture-in-picture; web-share\" allowFullScreen=\"true\"><\/iframe>\t\t\t\t<\/div>\n\t\t\t\t\t<\/div>\n\t\t\t\t<\/div>\n\t\t<div data-particle_enable=\"false\" data-particle-mobile-disabled=\"false\" class=\"elementor-element elementor-element-fbb777e e-flex e-con-boxed e-con e-parent\" data-id=\"fbb777e\" data-element_type=\"container\" data-e-type=\"container\">\n\t\t\t\t\t<div class=\"e-con-inner\">\n\t\t\t\t<div class=\"elementor-element elementor-element-71aaf06 elementor-widget elementor-widget-heading\" data-id=\"71aaf06\" data-element_type=\"widget\" data-e-type=\"widget\" data-widget_type=\"heading.default\">\n\t\t\t\t\t<h3 class=\"elementor-heading-title elementor-size-default\">Sorpresiva entrada en la cabina de radio<\/h3>\t\t\t\t<\/div>\n\t\t\t\t\t<\/div>\n\t\t\t\t<\/div>\n\t\t<div data-particle_enable=\"false\" data-particle-mobile-disabled=\"false\" class=\"elementor-element elementor-element-17c340d e-flex e-con-boxed e-con e-parent\" data-id=\"17c340d\" data-element_type=\"container\" data-e-type=\"container\">\n\t\t\t\t\t<div class=\"e-con-inner\">\n\t\t\t\t<div class=\"elementor-element elementor-element-335f494 elementor-widget elementor-widget-text-editor\" data-id=\"335f494\" data-element_type=\"widget\" data-e-type=\"widget\" data-widget_type=\"text-editor.default\">\n\t\t\t\t\t\t\t\t\t<p>Melvin Falla nunca hab\u00eda pensado en ser locutor. El mundo de la<a href=\"https:\/\/soymigrante.com\/revista\/juan-francisco-es-qanjobal-comunicador-impulsor-de-talentos-y-experto-en-robotica\/\"> radio<\/a> lleg\u00f3 a su vida casi por casualidad y se convirti\u00f3 en su mundo. Un amigo locutor de Minnesota lo invit\u00f3 un d\u00eda a colaborar en un programa. \u201cYo le dec\u00eda: \u2018No, yo soy muy t\u00edmido\u2019&#8230; y me dijo: \u2018Empieza hablando poquito, un saludo, algo breve, pero bien pensado. Puedes ponerlo por escrito para decirlo\u201d.<\/p><p>As\u00ed naci\u00f3 su camino en los medios. Primero estuvo en un programa llamado Fiesta en Centroam\u00e9rica, luego pas\u00f3 por varias emisoras de m\u00fasica hispana. Fueron varios a\u00f1os de trabajar en locuci\u00f3n, lo cual ayud\u00f3 tambi\u00e9n a sus ingresos. Por consejo de otro amigo fund\u00f3 Stereo Estancia, su propia radio en l\u00ednea, hace 9 a\u00f1os.<\/p><p>El nombre honra a su tierra: \u201cEl nombre de la emisora hace homenaje a mi pueblo Estancia de la Virgen. Pero para que suene m\u00e1s moderno, le pongo Stancia\u201d.<\/p>\t\t\t\t\t\t\t\t<\/div>\n\t\t\t\t\t<\/div>\n\t\t\t\t<\/div>\n\t\t<div data-particle_enable=\"false\" data-particle-mobile-disabled=\"false\" class=\"elementor-element elementor-element-74402de e-flex e-con-boxed e-con e-parent\" data-id=\"74402de\" data-element_type=\"container\" data-e-type=\"container\">\n\t\t\t\t\t<div class=\"e-con-inner\">\n\t\t\t\t<div class=\"elementor-element elementor-element-fd6db2c elementor-invisible elementor-widget elementor-widget-testimonial\" data-id=\"fd6db2c\" data-element_type=\"widget\" data-e-type=\"widget\" data-settings=\"{&quot;_animation&quot;:&quot;rotateInUpRight&quot;}\" data-widget_type=\"testimonial.default\">\n\t\t\t\t\t\t\t<div class=\"elementor-testimonial-wrapper\">\n\t\t\t\t\t\t\t<div class=\"elementor-testimonial-content\">\"Cada vez que se puede ayudar a un hermano guatemalteco, estamos listos. Es lo que aprendimos de nuestros padres y por eso queremos impulsar el talento de los j\u00f3venes en Acasaguastl\u00e1n\".<\/div>\n\t\t\t\n\t\t\t\t\t\t<div class=\"elementor-testimonial-meta elementor-has-image elementor-testimonial-image-position-aside\">\n\t\t\t\t<div class=\"elementor-testimonial-meta-inner\">\n\t\t\t\t\t\t\t\t\t\t\t<div class=\"elementor-testimonial-image\">\n\t\t\t\t\t\t\t<img decoding=\"async\" width=\"954\" height=\"954\" src=\"https:\/\/soymigrante.com\/revista\/wp-content\/uploads\/2025\/04\/melvin-falla-migrante-guatemalteco-minnesota-1.webp\" class=\"attachment-full size-full wp-image-31535\" alt=\"Radio presenter en estudio con micr\u00f3fono en lugar de la boca, fondo verde, promocionando SoyMigrante.com Revista, enfocada en migrantes y temas de actualidad.\" title=\"melvin falla migrante guatemalteco minnesota \u2013 SoyMigrante.com REVISTA\" srcset=\"https:\/\/soymigrante.com\/revista\/wp-content\/uploads\/2025\/04\/melvin-falla-migrante-guatemalteco-minnesota-1.webp 954w, https:\/\/soymigrante.com\/revista\/wp-content\/uploads\/2025\/04\/melvin-falla-migrante-guatemalteco-minnesota-1-300x300.jpg 300w, https:\/\/soymigrante.com\/revista\/wp-content\/uploads\/2025\/04\/melvin-falla-migrante-guatemalteco-minnesota-1-150x150.jpg 150w, https:\/\/soymigrante.com\/revista\/wp-content\/uploads\/2025\/04\/melvin-falla-migrante-guatemalteco-minnesota-1-768x768.jpg 768w, https:\/\/soymigrante.com\/revista\/wp-content\/uploads\/2025\/04\/melvin-falla-migrante-guatemalteco-minnesota-1-75x75.jpg 75w, https:\/\/soymigrante.com\/revista\/wp-content\/uploads\/2025\/04\/melvin-falla-migrante-guatemalteco-minnesota-1-750x750.jpg 750w\" sizes=\"(max-width: 954px) 100vw, 954px\" \/>\t\t\t\t\t\t<\/div>\n\t\t\t\t\t\n\t\t\t\t\t\t\t\t\t\t<div class=\"elementor-testimonial-details\">\n\t\t\t\t\t\t\t\t\t\t\t\t\t\t<div class=\"elementor-testimonial-name\">Melvin Falla<\/div>\n\t\t\t\t\t\t\t\t\t\t\t\t\t\t\t\t\t\t\t\t\t\t<div class=\"elementor-testimonial-job\">Migrante y locutor migrante\nguatemalteco en Minnesota.<\/div>\n\t\t\t\t\t\t\t\t\t\t\t\t\t<\/div>\n\t\t\t\t\t\t\t\t\t<\/div>\n\t\t\t<\/div>\n\t\t\t\t\t<\/div>\n\t\t\t\t\t\t<\/div>\n\t\t\t\t\t<\/div>\n\t\t\t\t<\/div>\n\t\t<div data-particle_enable=\"false\" data-particle-mobile-disabled=\"false\" class=\"elementor-element elementor-element-914ea01 e-flex e-con-boxed e-con e-parent\" data-id=\"914ea01\" data-element_type=\"container\" data-e-type=\"container\">\n\t\t\t\t\t<div class=\"e-con-inner\">\n\t\t\t\t<div class=\"elementor-element elementor-element-ef9e580 elementor-widget elementor-widget-heading\" data-id=\"ef9e580\" data-element_type=\"widget\" data-e-type=\"widget\" data-widget_type=\"heading.default\">\n\t\t\t\t\t<h3 class=\"elementor-heading-title elementor-size-default\">Puentes de voz y solidaridad<\/h3>\t\t\t\t<\/div>\n\t\t\t\t\t<\/div>\n\t\t\t\t<\/div>\n\t\t<div data-particle_enable=\"false\" data-particle-mobile-disabled=\"false\" class=\"elementor-element elementor-element-035e206 e-flex e-con-boxed e-con e-parent\" data-id=\"035e206\" data-element_type=\"container\" data-e-type=\"container\">\n\t\t\t\t\t<div class=\"e-con-inner\">\n\t\t\t\t<div class=\"elementor-element elementor-element-03f239f elementor-widget elementor-widget-text-editor\" data-id=\"03f239f\" data-element_type=\"widget\" data-e-type=\"widget\" data-widget_type=\"text-editor.default\">\n\t\t\t\t\t\t\t\t\t<p>Melvin Falla ha hecho de la solidaridad un h\u00e1bito. Ha organizado colectas para proyectos comunitarios en en Minessota, pero gracias a la radio ha llegado a m\u00e1s connacionales en todo EStados Unidos. \u201cCuando alguien fallec\u00eda\u2026 se mandaba su dinero a la familia. Tambi\u00e9n si alguien estaba enfermo y no ten\u00eda c\u00f3mo ir al hospital, reun\u00edamos fondos en radiomaratones\u201d.<\/p><p>Cuando ocurrieron tragedias en el pa\u00eds como el deslave del Cambray en 2015 o el alud del Volc\u00e1n de Fuego en 2018, Melvin reuni\u00f3 ayuda a trav\u00e9s de Sterero Stancia.\u00a0 \u201cCuando llev\u00e1bamos ayuda para el Cambray, nos\u00a0 retuvieron en el aeropuerto porque pensaban que el frijol que llev\u00e1bamos era de contrabando. Pero finalmente nos dejaron ingresarlo al pa\u00eds y donarlo a la gente&#8221;.<\/p><p>En 2018, cuando ocurri\u00f3 el deslave del volc\u00e1n de Fuego, le dio dinero en efectivo a los damnificados: \u201cMe fui a entregarlo en persona, ah\u00ed a los albergues. A cada familia, le daba, en silencio su sobre con efectivo.\u00a0 Se sent\u00edan contentos y agradecidos. Yo les dec\u00eda que era de parte de hermanos guatemaltecos en Estados Unidos\u201d.<\/p>\t\t\t\t\t\t\t\t<\/div>\n\t\t\t\t\t<\/div>\n\t\t\t\t<\/div>\n\t\t<div data-particle_enable=\"false\" data-particle-mobile-disabled=\"false\" class=\"elementor-element elementor-element-626e248 e-flex e-con-boxed e-con e-parent\" data-id=\"626e248\" data-element_type=\"container\" data-e-type=\"container\">\n\t\t\t\t\t<div class=\"e-con-inner\">\n\t\t\t\t<div class=\"elementor-element elementor-element-3286578 elementor-widget elementor-widget-google_maps\" data-id=\"3286578\" data-element_type=\"widget\" data-e-type=\"widget\" data-widget_type=\"google_maps.default\">\n\t\t\t\t\t\t\t<div class=\"elementor-custom-embed\">\n\t\t\t<iframe loading=\"lazy\"\n\t\t\t\t\tsrc=\"https:\/\/maps.google.com\/maps?q=Estancia%20de%20la%20Virgen%2C%20San%20Cristobal%20Acasaguastl%C3%A1n&#038;t=m&#038;z=10&#038;output=embed&#038;iwloc=near\"\n\t\t\t\t\ttitle=\"Estancia de la Virgen, San Cristobal Acasaguastl\u00e1n\"\n\t\t\t\t\taria-label=\"Estancia de la Virgen, San Cristobal Acasaguastl\u00e1n\"\n\t\t\t><\/iframe>\n\t\t<\/div>\n\t\t\t\t\t\t<\/div>\n\t\t\t\t\t<\/div>\n\t\t\t\t<\/div>\n\t\t<div data-particle_enable=\"false\" data-particle-mobile-disabled=\"false\" class=\"elementor-element elementor-element-fd42ddf e-flex e-con-boxed e-con e-parent\" data-id=\"fd42ddf\" data-element_type=\"container\" data-e-type=\"container\">\n\t\t\t\t\t<div class=\"e-con-inner\">\n\t\t\t\t<div class=\"elementor-element elementor-element-361d81c elementor-widget elementor-widget-heading\" data-id=\"361d81c\" data-element_type=\"widget\" data-e-type=\"widget\" data-widget_type=\"heading.default\">\n\t\t\t\t\t<h3 class=\"elementor-heading-title elementor-size-default\">El sue\u00f1o de ense\u00f1ar... en su Estancia de la Virgen<\/h3>\t\t\t\t<\/div>\n\t\t\t\t\t<\/div>\n\t\t\t\t<\/div>\n\t\t<div data-particle_enable=\"false\" data-particle-mobile-disabled=\"false\" class=\"elementor-element elementor-element-f7ac979 e-flex e-con-boxed e-con e-parent\" data-id=\"f7ac979\" data-element_type=\"container\" data-e-type=\"container\">\n\t\t\t\t\t<div class=\"e-con-inner\">\n\t\t\t\t<div class=\"elementor-element elementor-element-251c26e elementor-widget elementor-widget-text-editor\" data-id=\"251c26e\" data-element_type=\"widget\" data-e-type=\"widget\" data-widget_type=\"text-editor.default\">\n\t\t\t\t\t\t\t\t\t<p>Melvin sigue con el af\u00e1n de solidaridad.\u00a0 \u201cQuiero mandar unas sillas de ruedas, andadores\u2026 tambi\u00e9n quiero llegar con la radio Stero Stancia a dar clases de locuci\u00f3n en Estancia de la Virgen. Ayudar a j\u00f3venes a pulir su talento para comunicar.\u201d.<\/p><p>Pero sin duda alguna su m\u00e1ximo sue\u00f1o es el de ense\u00f1ar en su pueblo.\u00a0 \u201cMi gran sue\u00f1o es estar tranquilamente en mi pa\u00eds, estar con mi gente, con mi familia y seguir con esto lo de la radio desde mi aldea natal\u201d.<\/p><p>Mientras tanto, se dedica a informar sobre las situaciones que ocurren actualmente en EStados Unidos en el tema migrante. &#8220;Yo aconsejo a las personas que si piensan gastar dineral en viajar, mejor lo inviertan en un negocio, porque ahora es demasiado riesgosa la ruta, pueden morir y adem\u00e1s aqu\u00ed est\u00e1 demasiado fuerte la vigilancia\u201d. Aclara que cada persona es libre de tomar su decisi\u00f3n, pero que hay demasiada diferencia respecto de hace 35 a\u00f1os.\u00a0<\/p><p>Melvin Falla desde su cabina en Minnesota sigue hablando por y para la gente. Como locutor y activista, considera importante informar sobre las realidades pero a la vez costruir puentes para fomentar el desarrollo en Guatemala. &#8220;Por eso quiero regresar, para formar talentos de la comunicaci\u00f3n, porque desde este campo se puede servir mucho y construir mejores comunidades&#8221;<\/p>\t\t\t\t\t\t\t\t<\/div>\n\t\t\t\t\t<\/div>\n\t\t\t\t<\/div>\n\t\t<div data-particle_enable=\"false\" data-particle-mobile-disabled=\"false\" class=\"elementor-element elementor-element-0b17ac7 e-flex e-con-boxed e-con e-parent\" data-id=\"0b17ac7\" data-element_type=\"container\" data-e-type=\"container\">\n\t\t\t\t\t<div class=\"e-con-inner\">\n\t\t\t\t<div class=\"elementor-element elementor-element-d4ab33b elementor-widget elementor-widget-heading\" data-id=\"d4ab33b\" data-element_type=\"widget\" data-e-type=\"widget\" data-widget_type=\"heading.default\">\n\t\t\t\t\t<h3 class=\"elementor-heading-title elementor-size-default\">Si deseas sintonizar Stereo Stancia, da clic en la imagen<\/h3>\t\t\t\t<\/div>\n\t\t\t\t\t<\/div>\n\t\t\t\t<\/div>\n\t\t<div data-particle_enable=\"false\" data-particle-mobile-disabled=\"false\" class=\"elementor-element elementor-element-297aa8f e-flex e-con-boxed e-con e-parent\" data-id=\"297aa8f\" data-element_type=\"container\" data-e-type=\"container\">\n\t\t\t\t\t<div class=\"e-con-inner\">\n\t\t\t\t<div class=\"elementor-element elementor-element-6d89102 elementor-widget elementor-widget-image\" data-id=\"6d89102\" data-element_type=\"widget\" data-e-type=\"widget\" data-widget_type=\"image.default\">\n\t\t\t\t\t\t\t\t\t\t\t\t<figure class=\"wp-caption\">\n\t\t\t\t\t\t\t\t\t\t\t<a href=\"https:\/\/stereoestancia.com\/\">\n\t\t\t\t\t\t\t<img loading=\"lazy\" decoding=\"async\" width=\"1024\" height=\"513\" src=\"https:\/\/soymigrante.com\/revista\/wp-content\/uploads\/2025\/04\/stereo-stancia-emisora-de-melvin-falla-1024x513.jpg\" class=\"attachment-large size-large wp-image-31537\" alt=\"Radio Estancia SoyMigrante.com REVISTA con contenido sobre migrantes y cultura en la comunidad hispana.\" srcset=\"https:\/\/soymigrante.com\/revista\/wp-content\/uploads\/2025\/04\/stereo-stancia-emisora-de-melvin-falla-1024x513.jpg 1024w, https:\/\/soymigrante.com\/revista\/wp-content\/uploads\/2025\/04\/stereo-stancia-emisora-de-melvin-falla-300x150.jpg 300w, https:\/\/soymigrante.com\/revista\/wp-content\/uploads\/2025\/04\/stereo-stancia-emisora-de-melvin-falla-768x385.jpg 768w, https:\/\/soymigrante.com\/revista\/wp-content\/uploads\/2025\/04\/stereo-stancia-emisora-de-melvin-falla-360x180.webp 360w, https:\/\/soymigrante.com\/revista\/wp-content\/uploads\/2025\/04\/stereo-stancia-emisora-de-melvin-falla-750x376.webp 750w, https:\/\/soymigrante.com\/revista\/wp-content\/uploads\/2025\/04\/stereo-stancia-emisora-de-melvin-falla.webp 1099w\" sizes=\"(max-width: 1024px) 100vw, 1024px\" title=\"Pantallazo de Stereo Stancia emisora de Melvin Falla Migrante Guate malteco en Minnesota \u2013 SoyMigrante.com REVISTA\" \/>\t\t\t\t\t\t\t\t<\/a>\n\t\t\t\t\t\t\t\t\t\t\t<figcaption class=\"widget-image-caption wp-caption-text\">Revista SoyMigrante en l\u00ednea con art\u00edculos sobre migraci\u00f3n, cultura y comunidad hispana en M\u00e9xico y el mundo.<\/figcaption>\n\t\t\t\t\t\t\t\t\t\t<\/figure>\n\t\t\t\t\t\t\t\t\t<\/div>\n\t\t\t\t\t<\/div>\n\t\t\t\t<\/div>\n\t\t<div data-particle_enable=\"false\" data-particle-mobile-disabled=\"false\" class=\"elementor-element elementor-element-4e3712c e-flex e-con-boxed e-con e-parent\" data-id=\"4e3712c\" data-element_type=\"container\" data-e-type=\"container\">\n\t\t\t\t\t<div class=\"e-con-inner\">\n\t\t\t\t<div class=\"elementor-element elementor-element-d5df896 elementor-widget elementor-widget-heading\" data-id=\"d5df896\" data-element_type=\"widget\" data-e-type=\"widget\" data-widget_type=\"heading.default\">\n\t\t\t\t\t<h2 class=\"elementor-heading-title elementor-size-default\">El talento guatemalteco siempre destaca<\/h2>\t\t\t\t<\/div>\n\t\t\t\t\t<\/div>\n\t\t\t\t<\/div>\n\t\t<div data-particle_enable=\"false\" data-particle-mobile-disabled=\"false\" class=\"elementor-element elementor-element-ed9a027 e-flex e-con-boxed e-con e-parent\" data-id=\"ed9a027\" data-element_type=\"container\" data-e-type=\"container\">\n\t\t\t\t\t<div class=\"e-con-inner\">\n\t\t\t\t<div class=\"elementor-element elementor-element-35437c1 elementor-grid-eael-col-3 elementor-grid-tablet-eael-col-2 elementor-grid-mobile-eael-col-1 elementor-widget elementor-widget-eael-post-grid\" data-id=\"35437c1\" data-element_type=\"widget\" data-e-type=\"widget\" data-settings=\"{&quot;eael_post_grid_columns&quot;:&quot;eael-col-3&quot;,&quot;eael_post_grid_columns_tablet&quot;:&quot;eael-col-2&quot;,&quot;eael_post_grid_columns_mobile&quot;:&quot;eael-col-1&quot;}\" data-widget_type=\"eael-post-grid.default\">\n\t\t\t\t\t<div id=\"eael-post-grid-35437c1\" class=\"eael-post-grid-container\">\n            <div class=\"eael-post-grid eael-post-appender eael-post-appender-35437c1 eael-post-grid-style-one\" data-layout-mode=\"masonry\"><article class=\"eael-grid-post  eael-post-grid-column eael-pg-post-19522 category-exitos\" data-id=\"19522\">\n        <div class=\"eael-grid-post-holder\">\n            <div class=\"eael-grid-post-holder-inner\"><div class=\"eael-entry-media\"><div class=\"eael-entry-overlay fade-in\"><i class=\"far fa-hand-pointer\" aria-hidden=\"true\"><\/i><a href=\"https:\/\/soymigrante.com\/revista\/lui-donis-radio-viejo-guatemalteco-musico-los-angeles\/\"><\/a><\/div><div class=\"eael-entry-thumbnail \">\n                <img loading=\"lazy\" decoding=\"async\" width=\"1011\" height=\"1011\" src=\"https:\/\/soymigrante.com\/revista\/wp-content\/uploads\/2025\/01\/luigi-donis-2.webp\" class=\"attachment-large size-large wp-image-19524\" alt=\"Discurso y m\u00fasica en celebraci\u00f3n de inmigrantes en una multitud en un evento cultural y social.\" srcset=\"https:\/\/soymigrante.com\/revista\/wp-content\/uploads\/2025\/01\/luigi-donis-2.webp 1011w, https:\/\/soymigrante.com\/revista\/wp-content\/uploads\/2025\/01\/luigi-donis-2-300x300.jpg 300w, https:\/\/soymigrante.com\/revista\/wp-content\/uploads\/2025\/01\/luigi-donis-2-150x150.jpg 150w, https:\/\/soymigrante.com\/revista\/wp-content\/uploads\/2025\/01\/luigi-donis-2-768x768.jpg 768w, https:\/\/soymigrante.com\/revista\/wp-content\/uploads\/2025\/01\/luigi-donis-2-75x75.webp 75w, https:\/\/soymigrante.com\/revista\/wp-content\/uploads\/2025\/01\/luigi-donis-2-750x750.webp 750w\" sizes=\"(max-width: 1011px) 100vw, 1011px\" \/>\n            <\/div>\n        <\/div><div class=\"eael-entry-wrapper\"><header class=\"eael-entry-header\"><h2 class=\"eael-entry-title\"><a class=\"eael-grid-post-link\" href=\"https:\/\/soymigrante.com\/revista\/lui-donis-radio-viejo-guatemalteco-musico-los-angeles\/\" title=\"Volviendo a nacer como m\u00fasico, pap\u00e1 y guatemalteco en Los Angeles: Lui Donis, de Radio Viejo\">Volviendo a nacer como m\u00fasico, pap\u00e1 y guatemalteco en Los Angeles: Lui Donis, de Radio Viejo<\/a><\/h2><\/header><div class=\"eael-entry-content\">\n                        <div class=\"eael-grid-post-excerpt\"><a href=\"https:\/\/soymigrante.com\/revista\/lui-donis-radio-viejo-guatemalteco-musico-los-angeles\/\" class=\"eael-post-elements-readmore-btn\">CONOCE SU HISTORIA <\/a><\/div>\n                    <\/div><\/div><\/div>\n        <\/div>\n    <\/article><article class=\"eael-grid-post  eael-post-grid-column eael-pg-post-4674 category-exitos\" data-id=\"4674\">\n        <div class=\"eael-grid-post-holder\">\n            <div class=\"eael-grid-post-holder-inner\"><div class=\"eael-entry-media\"><div class=\"eael-entry-overlay fade-in\"><i class=\"far fa-hand-pointer\" aria-hidden=\"true\"><\/i><a href=\"https:\/\/soymigrante.com\/revista\/guatemalteco-juan-valdez-impulsa-talento-migrante-estados-unidos\/\"><\/a><\/div><div class=\"eael-entry-thumbnail \">\n                <img loading=\"lazy\" decoding=\"async\" width=\"1024\" height=\"759\" src=\"https:\/\/soymigrante.com\/revista\/wp-content\/uploads\/2024\/01\/JUAN-VALDEZ-GRAMA2-1024x759.webp\" class=\"attachment-large size-large wp-image-4691\" alt=\"\" srcset=\"https:\/\/soymigrante.com\/revista\/wp-content\/uploads\/2024\/01\/JUAN-VALDEZ-GRAMA2-1024x759.webp 1024w, https:\/\/soymigrante.com\/revista\/wp-content\/uploads\/2024\/01\/JUAN-VALDEZ-GRAMA2-300x222.webp 300w, https:\/\/soymigrante.com\/revista\/wp-content\/uploads\/2024\/01\/JUAN-VALDEZ-GRAMA2-768x569.webp 768w, https:\/\/soymigrante.com\/revista\/wp-content\/uploads\/2024\/01\/JUAN-VALDEZ-GRAMA2-750x556.webp 750w, https:\/\/soymigrante.com\/revista\/wp-content\/uploads\/2024\/01\/JUAN-VALDEZ-GRAMA2.webp 1057w\" sizes=\"(max-width: 1024px) 100vw, 1024px\" \/>\n            <\/div>\n        <\/div><div class=\"eael-entry-wrapper\"><header class=\"eael-entry-header\"><h2 class=\"eael-entry-title\"><a class=\"eael-grid-post-link\" href=\"https:\/\/soymigrante.com\/revista\/guatemalteco-juan-valdez-impulsa-talento-migrante-estados-unidos\/\" title=\"Juan Vald\u00e9z celebra el \u00e9xito de hermanos guatemaltecos migrantes\">Juan Vald\u00e9z celebra el \u00e9xito de hermanos guatemaltecos migrantes<\/a><\/h2><\/header><div class=\"eael-entry-content\">\n                        <div class=\"eael-grid-post-excerpt\"><a href=\"https:\/\/soymigrante.com\/revista\/guatemalteco-juan-valdez-impulsa-talento-migrante-estados-unidos\/\" class=\"eael-post-elements-readmore-btn\">CONOCE SU HISTORIA <\/a><\/div>\n                    <\/div><\/div><\/div>\n        <\/div>\n    <\/article><article class=\"eael-grid-post  eael-post-grid-column eael-pg-post-214 category-exitos-guatemala tags-michigan\" data-id=\"214\">\n        <div class=\"eael-grid-post-holder\">\n            <div class=\"eael-grid-post-holder-inner\"><div class=\"eael-entry-media\"><div class=\"eael-entry-overlay fade-in\"><i class=\"far fa-hand-pointer\" aria-hidden=\"true\"><\/i><a href=\"https:\/\/soymigrante.com\/revista\/juan-francisco-es-qanjobal-comunicador-impulsor-de-talentos-y-experto-en-robotica\/\"><\/a><\/div><div class=\"eael-entry-thumbnail \">\n                <img loading=\"lazy\" decoding=\"async\" width=\"689\" height=\"1024\" src=\"https:\/\/soymigrante.com\/revista\/wp-content\/uploads\/2023\/02\/PANCHOLON-1-689x1024.jpg\" class=\"attachment-large size-large wp-image-960\" alt=\"Pancolon Radio Internacional Francisco\" srcset=\"https:\/\/soymigrante.com\/revista\/wp-content\/uploads\/2023\/02\/PANCHOLON-1-689x1024.jpg 689w, https:\/\/soymigrante.com\/revista\/wp-content\/uploads\/2023\/02\/PANCHOLON-1-202x300.webp 202w, https:\/\/soymigrante.com\/revista\/wp-content\/uploads\/2023\/02\/PANCHOLON-1.webp 720w\" sizes=\"(max-width: 689px) 100vw, 689px\" \/>\n            <\/div>\n        <\/div><div class=\"eael-entry-wrapper\"><header class=\"eael-entry-header\"><h2 class=\"eael-entry-title\"><a class=\"eael-grid-post-link\" href=\"https:\/\/soymigrante.com\/revista\/juan-francisco-es-qanjobal-comunicador-impulsor-de-talentos-y-experto-en-robotica\/\" title=\"Los guatemaltecos debemos cambiar de chip: Juan Francisco\">Los guatemaltecos debemos cambiar de chip: Juan Francisco<\/a><\/h2><\/header><div class=\"eael-entry-content\">\n                        <div class=\"eael-grid-post-excerpt\"><a href=\"https:\/\/soymigrante.com\/revista\/juan-francisco-es-qanjobal-comunicador-impulsor-de-talentos-y-experto-en-robotica\/\" class=\"eael-post-elements-readmore-btn\">CONOCE SU HISTORIA <\/a><\/div>\n                    <\/div><\/div><\/div>\n        <\/div>\n    <\/article><\/div>\n            <div class=\"clearfix\"><\/div>\n        <\/div>\t\t\t\t<\/div>\n\t\t\t\t\t<\/div>\n\t\t\t\t<\/div>\n\t\t\t\t<\/div>\n\t\t","protected":false},"excerpt":{"rendered":"<p>Tres d\u00e9cadas y media en Estados Unidos no han bastado para que Melvin Falla se olvide de su natal Estancia de la Virgen, aldea de San Crist\u00f3bal Acasaguastl\u00e1n, El Progreso. Locutor e impulsor de m\u00faltiples ayudas, tiene el sue\u00f1o de instalar su radio Stereo Stancia, en su tierra. Con apenas 500 quetzales en el bolsillo [&hellip;]<\/p>\n","protected":false},"author":7,"featured_media":31526,"comment_status":"open","ping_status":"open","sticky":false,"template":"","format":"standard","meta":{"_acf_changed":false,"_eb_attr":"","footnotes":""},"categories":[50,274],"tags":[],"class_list":["post-31525","post","type-post","status-publish","format-standard","has-post-thumbnail","hentry","category-exitos","category-guatemala"],"acf":[],"aioseo_notices":[],"aioseo_head":"\n\t\t<!-- All in One SEO Pro 4.9.6.2 - aioseo.com -->\n\t<meta name=\"description\" content=\"La radio es su pasi\u00f3n y por alg\u00fan tiempo fue un medio de ingresos. Juan Francisco, maya q\u2019anjob\u2019al guatemalteco, migrante, trabaja en el campo de la programaci\u00f3n rob\u00f3tica para la industria automotriz. No obstante, sigue adelante con el proyecto de sus sue\u00f1os Panchol\u00f3n Radio, una estaci\u00f3n digital que transmite m\u00fasica de marimba desde Michigan para todo el mundo.\" \/>\n\t<meta name=\"robots\" content=\"max-snippet:-1, max-image-preview:large, max-video-preview:-1\" \/>\n\t<meta name=\"author\" content=\"SoyMigrante.com REVISTA\"\/>\n\t<link rel=\"canonical\" href=\"https:\/\/soymigrante.com\/revista\/juan-francisco-es-qanjobal-comunicador-impulsor-de-talentos-y-experto-en-robotica\/\" \/>\n\t<meta name=\"generator\" content=\"All in One SEO Pro (AIOSEO) 4.9.6.2\" \/>\n\n\t\t<link rel=\"preconnect\" href=\"https:\/\/fonts.googleapis.com\" crossorigin>\n<link rel=\"preconnect\" href=\"https:\/\/fonts.gstatic.com\" crossorigin>\n\t\t<meta property=\"og:locale\" content=\"es_ES\" \/>\n\t\t<meta property=\"og:site_name\" content=\"SoyMigrante.com REVISTA \u2013 Nuestra misi\u00f3n es reconocer y dignificar al migrante.\" \/>\n\t\t<meta property=\"og:type\" content=\"article\" \/>\n\t\t<meta property=\"og:title\" content=\"Los guatemaltecos debemos cambiar de chip: Juan Francisco\" \/>\n\t\t<meta property=\"og:description\" content=\"La radio es su pasi\u00f3n y por alg\u00fan tiempo fue un medio de ingresos. Juan Francisco, maya q\u2019anjob\u2019al guatemalteco, migrante, trabaja en el campo de la programaci\u00f3n rob\u00f3tica para la industria automotriz. No obstante, sigue adelante con el proyecto de sus sue\u00f1os Panchol\u00f3n Radio, una estaci\u00f3n digital que transmite m\u00fasica de marimba desde Michigan para todo el mundo.\" \/>\n\t\t<meta property=\"og:url\" content=\"https:\/\/soymigrante.com\/revista\/juan-francisco-es-qanjobal-comunicador-impulsor-de-talentos-y-experto-en-robotica\/\" \/>\n\t\t<meta property=\"og:image\" content=\"https:\/\/soymigrante.com\/revista\/wp-content\/uploads\/2023\/02\/PANCHOLON-1.webp\" \/>\n\t\t<meta property=\"og:image:secure_url\" content=\"https:\/\/soymigrante.com\/revista\/wp-content\/uploads\/2023\/02\/PANCHOLON-1.webp\" \/>\n\t\t<meta property=\"og:image:width\" content=\"720\" \/>\n\t\t<meta property=\"og:image:height\" content=\"1070\" \/>\n\t\t<meta property=\"article:published_time\" content=\"2023-05-26T00:00:08+00:00\" \/>\n\t\t<meta property=\"article:modified_time\" content=\"2026-03-11T20:41:21+00:00\" \/>\n\t\t<meta property=\"article:publisher\" content=\"https:\/\/www.facebook.com\/soymigrantecom\" \/>\n\t\t<meta name=\"twitter:card\" content=\"summary_large_image\" \/>\n\t\t<meta name=\"twitter:site\" content=\"@SoyMigrante_com\" \/>\n\t\t<meta name=\"twitter:title\" content=\"Los guatemaltecos debemos cambiar de chip: Juan Francisco\" \/>\n\t\t<meta name=\"twitter:description\" content=\"La radio es su pasi\u00f3n y por alg\u00fan tiempo fue un medio de ingresos. Juan Francisco, maya q\u2019anjob\u2019al guatemalteco, migrante, trabaja en el campo de la programaci\u00f3n rob\u00f3tica para la industria automotriz. No obstante, sigue adelante con el proyecto de sus sue\u00f1os Panchol\u00f3n Radio, una estaci\u00f3n digital que transmite m\u00fasica de marimba desde Michigan para todo el mundo.\" \/>\n\t\t<meta name=\"twitter:creator\" content=\"@SoyMigrante_com\" \/>\n\t\t<meta name=\"twitter:image\" content=\"https:\/\/soymigrante.com\/revista\/wp-content\/uploads\/2023\/02\/PANCHOLON-1.webp\" \/>\n\t\t<!-- All in One SEO Pro -->\r\n\t\t<title>Los guatemaltecos debemos cambiar de chip: Juan Francisco<\/title>\n\n","aioseo_head_json":{"title":"Los guatemaltecos debemos cambiar de chip: Juan Francisco","description":"La radio es su pasi\u00f3n y por alg\u00fan tiempo fue un medio de ingresos. Juan Francisco, maya q\u2019anjob\u2019al guatemalteco, migrante, trabaja en el campo de la programaci\u00f3n rob\u00f3tica para la industria automotriz. No obstante, sigue adelante con el proyecto de sus sue\u00f1os Panchol\u00f3n Radio, una estaci\u00f3n digital que transmite m\u00fasica de marimba desde Michigan para todo el mundo.","canonical_url":"https:\/\/soymigrante.com\/revista\/juan-francisco-es-qanjobal-comunicador-impulsor-de-talentos-y-experto-en-robotica\/","robots":"max-snippet:-1, max-image-preview:large, max-video-preview:-1","keywords":"","webmasterTools":{"miscellaneous":"&lt;link rel=\"preconnect\" href=\"https:\/\/fonts.googleapis.com\" crossorigin&gt;\n&lt;link rel=\"preconnect\" href=\"https:\/\/fonts.gstatic.com\" crossorigin&gt;"},"schema":null,"og:locale":"es_ES","og:site_name":"SoyMigrante.com REVISTA \u2013 Nuestra misi\u00f3n es reconocer y dignificar al migrante.","og:type":"article","og:title":"Los guatemaltecos debemos cambiar de chip: Juan Francisco","og:description":"La radio es su pasi\u00f3n y por alg\u00fan tiempo fue un medio de ingresos. Juan Francisco, maya q\u2019anjob\u2019al guatemalteco, migrante, trabaja en el campo de la programaci\u00f3n rob\u00f3tica para la industria automotriz. No obstante, sigue adelante con el proyecto de sus sue\u00f1os Panchol\u00f3n Radio, una estaci\u00f3n digital que transmite m\u00fasica de marimba desde Michigan para todo el mundo.","og:url":"https:\/\/soymigrante.com\/revista\/juan-francisco-es-qanjobal-comunicador-impulsor-de-talentos-y-experto-en-robotica\/","og:image":"https:\/\/soymigrante.com\/revista\/wp-content\/uploads\/2023\/02\/PANCHOLON-1.webp","og:image:secure_url":"https:\/\/soymigrante.com\/revista\/wp-content\/uploads\/2023\/02\/PANCHOLON-1.webp","og:image:width":720,"og:image:height":1070,"article:published_time":"2023-05-26T00:00:08+00:00","article:modified_time":"2026-03-11T20:41:21+00:00","article:publisher":"https:\/\/www.facebook.com\/soymigrantecom","twitter:card":"summary_large_image","twitter:site":"@SoyMigrante_com","twitter:title":"Los guatemaltecos debemos cambiar de chip: Juan Francisco","twitter:description":"La radio es su pasi\u00f3n y por alg\u00fan tiempo fue un medio de ingresos. Juan Francisco, maya q\u2019anjob\u2019al guatemalteco, migrante, trabaja en el campo de la programaci\u00f3n rob\u00f3tica para la industria automotriz. No obstante, sigue adelante con el proyecto de sus sue\u00f1os Panchol\u00f3n Radio, una estaci\u00f3n digital que transmite m\u00fasica de marimba desde Michigan para todo el mundo.","twitter:creator":"@SoyMigrante_com","twitter:image":"https:\/\/soymigrante.com\/revista\/wp-content\/uploads\/2023\/02\/PANCHOLON-1.webp"},"aioseo_meta_data":{"post_id":"31525","title":"Melvin Falla: una voz al aire entre Minnesota y Guatemala","description":"El locutor migrante Melvin Falla nunca olvida su natal Estancia de la Virgen, El Progreso. Impulsa la solidaridad y sue\u00f1a con instalar su radio en su pueblo","keywords":null,"keyphrases":{"focus":{"keyphrase":"Migrante","score":81,"analysis":{"keyphraseInTitle":{"score":3,"maxScore":9,"error":1},"keyphraseInDescription":{"score":9,"maxScore":9,"error":0},"keyphraseLength":{"score":9,"maxScore":9,"error":0,"length":1},"keyphraseInURL":{"score":5,"maxScore":5,"error":0}}},"additional":[{"keyphrase":"Locutor","score":100,"analysis":{"keyphraseInDescription":{"score":9,"maxScore":9,"error":0},"keyphraseLength":{"score":9,"maxScore":9,"error":0,"length":1}}},{"keyphrase":"Minnesota","score":67,"analysis":{"keyphraseInDescription":{"score":3,"maxScore":9,"error":1},"keyphraseLength":{"score":9,"maxScore":9,"error":0,"length":1}}},{"keyphrase":"Guatemalteco","score":67,"analysis":{"keyphraseInDescription":{"score":3,"maxScore":9,"error":1},"keyphraseLength":{"score":9,"maxScore":9,"error":0,"length":1}}}]},"primary_term":null,"canonical_url":null,"og_title":null,"og_description":null,"og_object_type":"default","og_image_type":"default","og_image_url":null,"og_image_width":null,"og_image_height":null,"og_image_custom_url":null,"og_image_custom_fields":null,"og_video":"","og_custom_url":null,"og_article_section":null,"og_article_tags":null,"twitter_use_og":false,"twitter_card":"default","twitter_image_type":"default","twitter_image_url":null,"twitter_image_custom_url":null,"twitter_image_custom_fields":null,"twitter_title":null,"twitter_description":null,"schema":{"blockGraphs":[],"customGraphs":[],"default":{"data":{"Article":[],"Course":[],"Dataset":[],"FAQPage":[],"Movie":[],"Person":[],"Product":[],"ProductReview":[],"Car":[],"Recipe":[],"Service":[],"SoftwareApplication":[],"WebPage":[]},"graphName":"none","isEnabled":true},"graphs":[]},"schema_type":"default","schema_type_options":null,"pillar_content":false,"robots_default":true,"robots_noindex":false,"robots_noarchive":false,"robots_nosnippet":false,"robots_nofollow":false,"robots_noimageindex":false,"robots_noodp":false,"robots_notranslate":false,"robots_max_snippet":"-1","robots_max_videopreview":"-1","robots_max_imagepreview":"large","priority":null,"frequency":"default","local_seo":null,"seo_analyzer_scan_date":"2025-10-09 04:30:17","breadcrumb_settings":null,"limit_modified_date":false,"reviewed_by":null,"open_ai":"{\"title\":{\"suggestions\":[],\"usage\":0},\"description\":{\"suggestions\":[],\"usage\":0}}","ai":null,"created":"2025-04-21 01:47:34","updated":"2026-02-04 23:02:49"},"aioseo_breadcrumb":"<div class=\"aioseo-breadcrumbs\"><span class=\"aioseo-breadcrumb\">\n\t<a href=\"https:\/\/soymigrante.com\/revista\" title=\"Home\">Home<\/a>\n<\/span><span class=\"aioseo-breadcrumb-separator\">\u00bb<\/span><span class=\"aioseo-breadcrumb\">\n\t<a href=\"https:\/\/soymigrante.com\/revista\/category\/exitos\/\" title=\"\u00c9xitos\">\u00c9xitos<\/a>\n<\/span><span class=\"aioseo-breadcrumb-separator\">\u00bb<\/span><span class=\"aioseo-breadcrumb\">\n\t<a href=\"https:\/\/soymigrante.com\/revista\/category\/exitos\/guatemala\/\" title=\"Guatemala\">Guatemala<\/a>\n<\/span><span class=\"aioseo-breadcrumb-separator\">\u00bb<\/span><span class=\"aioseo-breadcrumb\">\n\tMelvin Falla: voz al aire que es puente, abrazo y solidaridad entre Minnesota y Guatemala\n<\/span><\/div>","aioseo_breadcrumb_json":[{"label":"Home","link":"https:\/\/soymigrante.com\/revista"},{"label":"\u00c9xitos","link":"https:\/\/soymigrante.com\/revista\/category\/exitos\/"},{"label":"Guatemala","link":"https:\/\/soymigrante.com\/revista\/category\/exitos\/guatemala\/"},{"label":"Melvin Falla: voz al aire que es puente, abrazo y solidaridad entre Minnesota y Guatemala","link":"https:\/\/soymigrante.com\/revista\/melvin-falla-migrante-guatemalteco-locutor-radio-solidaridad-minnesota\/"}],"_links":{"self":[{"href":"https:\/\/soymigrante.com\/revista\/wp-json\/wp\/v2\/posts\/31525","targetHints":{"allow":["GET"]}}],"collection":[{"href":"https:\/\/soymigrante.com\/revista\/wp-json\/wp\/v2\/posts"}],"about":[{"href":"https:\/\/soymigrante.com\/revista\/wp-json\/wp\/v2\/types\/post"}],"author":[{"embeddable":true,"href":"https:\/\/soymigrante.com\/revista\/wp-json\/wp\/v2\/users\/7"}],"replies":[{"embeddable":true,"href":"https:\/\/soymigrante.com\/revista\/wp-json\/wp\/v2\/comments?post=31525"}],"version-history":[{"count":16,"href":"https:\/\/soymigrante.com\/revista\/wp-json\/wp\/v2\/posts\/31525\/revisions"}],"predecessor-version":[{"id":46686,"href":"https:\/\/soymigrante.com\/revista\/wp-json\/wp\/v2\/posts\/31525\/revisions\/46686"}],"wp:featuredmedia":[{"embeddable":true,"href":"https:\/\/soymigrante.com\/revista\/wp-json\/wp\/v2\/media\/31526"}],"wp:attachment":[{"href":"https:\/\/soymigrante.com\/revista\/wp-json\/wp\/v2\/media?parent=31525"}],"wp:term":[{"taxonomy":"category","embeddable":true,"href":"https:\/\/soymigrante.com\/revista\/wp-json\/wp\/v2\/categories?post=31525"},{"taxonomy":"post_tag","embeddable":true,"href":"https:\/\/soymigrante.com\/revista\/wp-json\/wp\/v2\/tags?post=31525"}],"curies":[{"name":"wp","href":"https:\/\/api.w.org\/{rel}","templated":true}]}}