{"id":3138,"date":"2023-11-01T12:56:26","date_gmt":"2023-11-01T18:56:26","guid":{"rendered":"https:\/\/soymigrante.com\/revista\/?p=3138"},"modified":"2024-07-30T05:03:29","modified_gmt":"2024-07-30T11:03:29","slug":"helados-sin-fronteras-y-mucho-mas-logran-los-migrantes-marleny-y-elias","status":"publish","type":"post","link":"https:\/\/soymigrante.com\/revista\/helados-sin-fronteras-y-mucho-mas-logran-los-migrantes-marleny-y-elias\/","title":{"rendered":"Helados sin fronteras y mucho m\u00e1s logran los migrantes Marleny y El\u00edas en Virginia"},"content":{"rendered":"\t\t<div data-elementor-type=\"wp-post\" data-elementor-id=\"3138\" class=\"elementor elementor-3138\" data-elementor-post-type=\"post\">\n\t\t\t\t\t\t<section data-particle_enable=\"false\" data-particle-mobile-disabled=\"false\" class=\"elementor-section elementor-top-section elementor-element elementor-element-6f73c67 elementor-section-boxed elementor-section-height-default elementor-section-height-default\" data-id=\"6f73c67\" data-element_type=\"section\" data-e-type=\"section\">\n\t\t\t\t\t\t<div class=\"elementor-container elementor-column-gap-default\">\n\t\t\t\t\t<div class=\"elementor-column elementor-col-100 elementor-top-column elementor-element elementor-element-3da4877\" data-id=\"3da4877\" data-element_type=\"column\" data-e-type=\"column\">\n\t\t\t<div class=\"elementor-widget-wrap elementor-element-populated\">\n\t\t\t\t\t\t<div class=\"elementor-element elementor-element-95226bf elementor-widget elementor-widget-heading\" data-id=\"95226bf\" data-element_type=\"widget\" data-e-type=\"widget\" data-widget_type=\"heading.default\">\n\t\t\t\t\t<h1 class=\"elementor-heading-title elementor-size-default\">Los helados migrantes Xelaj\u00fa son el m\u00e1s reciente emprendimiento de Marleny y El\u00edas Rojas, guatemaltecos radicados en Virginia. Y s\u00ed, su \u00e9xito tiene un ingrediente secreto: el amor.<\/h1>\t\t\t\t<\/div>\n\t\t\t\t\t<\/div>\n\t\t<\/div>\n\t\t\t\t\t<\/div>\n\t\t<\/section>\n\t\t\t\t<section data-particle_enable=\"false\" data-particle-mobile-disabled=\"false\" class=\"elementor-section elementor-top-section elementor-element elementor-element-52fc736 elementor-section-boxed elementor-section-height-default elementor-section-height-default\" data-id=\"52fc736\" data-element_type=\"section\" data-e-type=\"section\">\n\t\t\t\t\t\t<div class=\"elementor-container elementor-column-gap-default\">\n\t\t\t\t\t<div class=\"elementor-column elementor-col-100 elementor-top-column elementor-element elementor-element-e61637e\" data-id=\"e61637e\" data-element_type=\"column\" data-e-type=\"column\">\n\t\t\t<div class=\"elementor-widget-wrap elementor-element-populated\">\n\t\t\t\t\t\t<div class=\"elementor-element elementor-element-3fd10d5 elementor-widget elementor-widget-image\" data-id=\"3fd10d5\" data-element_type=\"widget\" data-e-type=\"widget\" data-widget_type=\"image.default\">\n\t\t\t\t\t\t\t\t\t\t\t\t<figure class=\"wp-caption\">\n\t\t\t\t\t\t\t\t\t\t<img fetchpriority=\"high\" decoding=\"async\" width=\"768\" height=\"576\" src=\"https:\/\/soymigrante.com\/revista\/wp-content\/uploads\/2023\/11\/Helados-migrantes-en-Virginia-1.webp\" class=\"attachment-large size-large wp-image-3147\" alt=\"\" srcset=\"https:\/\/soymigrante.com\/revista\/wp-content\/uploads\/2023\/11\/Helados-migrantes-en-Virginia-1.webp 1024w, https:\/\/soymigrante.com\/revista\/wp-content\/uploads\/2023\/11\/Helados-migrantes-en-Virginia-1-300x225.webp 300w, https:\/\/soymigrante.com\/revista\/wp-content\/uploads\/2023\/11\/Helados-migrantes-en-Virginia-1-768x576.webp 768w, https:\/\/soymigrante.com\/revista\/wp-content\/uploads\/2023\/11\/Helados-migrantes-en-Virginia-1-750x563.webp 750w\" sizes=\"(max-width: 768px) 100vw, 768px\" title=\"Helados migrantes en Virginia (1) \u2013 SoyMigrante.com REVISTA\" \/>\t\t\t\t\t\t\t\t\t\t\t<figcaption class=\"widget-image-caption wp-caption-text\">Ya casi est\u00e1 lista la nueva fase de los helados migrantes Xelaj\u00fa: adem\u00e1s de las carretillas de madera tendr\u00e1n un carrito distribuidor con m\u00fasica de marimba. Ya tienen los permisos y tambi\u00e9n la s\u00faper receta familiar que tiene siete d\u00e9cadas de tradici\u00f3n.<\/figcaption>\n\t\t\t\t\t\t\t\t\t\t<\/figure>\n\t\t\t\t\t\t\t\t\t<\/div>\n\t\t\t\t\t<\/div>\n\t\t<\/div>\n\t\t\t\t\t<\/div>\n\t\t<\/section>\n\t\t\t\t<section data-particle_enable=\"false\" data-particle-mobile-disabled=\"false\" class=\"elementor-section elementor-top-section elementor-element elementor-element-79cbde6 elementor-section-boxed elementor-section-height-default elementor-section-height-default\" data-id=\"79cbde6\" data-element_type=\"section\" data-e-type=\"section\">\n\t\t\t\t\t\t<div class=\"elementor-container elementor-column-gap-default\">\n\t\t\t\t\t<div class=\"elementor-column elementor-col-100 elementor-top-column elementor-element elementor-element-4af1a0b\" data-id=\"4af1a0b\" data-element_type=\"column\" data-e-type=\"column\">\n\t\t\t<div class=\"elementor-widget-wrap elementor-element-populated\">\n\t\t\t\t\t\t<div class=\"elementor-element elementor-element-5d92686 elementor-widget elementor-widget-text-editor\" data-id=\"5d92686\" data-element_type=\"widget\" data-e-type=\"widget\" data-widget_type=\"text-editor.default\">\n\t\t\t\t\t\t\t\t\t<p><span style=\"background-color: var(--ak-bg-color);\">&#8220;Hace 10 a\u00f1os nos mandaron un cumplea\u00f1os de mi pap\u00e1 grabado en video en Quetzaltenango. Hab\u00eda pastel, comida y helados artesanales de cubeta. Mi hijo, que entonces ten\u00eda 8 a\u00f1os me dijo: &#8220;Mami, yo quiero probar de esos helados&#8221;, relata Marleny P\u00e9rez, migrante guatemalteca radicada en Virginia, Estados Unidos junto con su esposo El\u00edas Rojas.<\/span><\/p><p>\u00a0<\/p>\t\t\t\t\t\t\t\t<\/div>\n\t\t\t\t\t<\/div>\n\t\t<\/div>\n\t\t\t\t\t<\/div>\n\t\t<\/section>\n\t\t\t\t<section data-particle_enable=\"false\" data-particle-mobile-disabled=\"false\" class=\"elementor-section elementor-top-section elementor-element elementor-element-731e781 elementor-section-boxed elementor-section-height-default elementor-section-height-default\" data-id=\"731e781\" data-element_type=\"section\" data-e-type=\"section\">\n\t\t\t\t\t\t<div class=\"elementor-container elementor-column-gap-default\">\n\t\t\t\t\t<div class=\"elementor-column elementor-col-100 elementor-top-column elementor-element elementor-element-fd68e97\" data-id=\"fd68e97\" data-element_type=\"column\" data-e-type=\"column\">\n\t\t\t<div class=\"elementor-widget-wrap elementor-element-populated\">\n\t\t\t\t\t\t<div class=\"elementor-element elementor-element-9780c93 elementor-widget elementor-widget-image\" data-id=\"9780c93\" data-element_type=\"widget\" data-e-type=\"widget\" data-widget_type=\"image.default\">\n\t\t\t\t\t\t\t\t\t\t\t\t<figure class=\"wp-caption\">\n\t\t\t\t\t\t\t\t\t\t<img decoding=\"async\" width=\"768\" height=\"401\" src=\"https:\/\/soymigrante.com\/revista\/wp-content\/uploads\/2023\/11\/Captura-de-pantalla-2023-11-01-120438-1024x535.webp\" class=\"attachment-large size-large wp-image-3156\" alt=\"La receta de los helados migrantes artesanales Xelaj\u00fa tiene tradici\u00f3n de casi 70 a\u00f1os. Y s\u00ed existe un ingrediente secreto: el amor familiar..\" srcset=\"https:\/\/soymigrante.com\/revista\/wp-content\/uploads\/2023\/11\/Captura-de-pantalla-2023-11-01-120438-1024x535.webp 1024w, https:\/\/soymigrante.com\/revista\/wp-content\/uploads\/2023\/11\/Captura-de-pantalla-2023-11-01-120438-300x157.webp 300w, https:\/\/soymigrante.com\/revista\/wp-content\/uploads\/2023\/11\/Captura-de-pantalla-2023-11-01-120438-768x401.webp 768w, https:\/\/soymigrante.com\/revista\/wp-content\/uploads\/2023\/11\/Captura-de-pantalla-2023-11-01-120438-750x392.webp 750w, https:\/\/soymigrante.com\/revista\/wp-content\/uploads\/2023\/11\/Captura-de-pantalla-2023-11-01-120438-1140x595.webp 1140w, https:\/\/soymigrante.com\/revista\/wp-content\/uploads\/2023\/11\/Captura-de-pantalla-2023-11-01-120438.webp 1287w\" sizes=\"(max-width: 768px) 100vw, 768px\" title=\"La receta de los helados migrantes artesanales Xelaj\u00fa tiene tradici\u00f3n de casi 70 a\u00f1os. Y s\u00ed existe un ingrediente secreto: el amor familiar. \u2013 SoyMigrante.com REVISTA\" \/>\t\t\t\t\t\t\t\t\t\t\t<figcaption class=\"widget-image-caption wp-caption-text\">La receta de los helados migrantes artesanales Xelaj\u00fa tiene tradici\u00f3n de casi 70 a\u00f1os. Y s\u00ed existe un ingrediente secreto: el amor familiar.<\/figcaption>\n\t\t\t\t\t\t\t\t\t\t<\/figure>\n\t\t\t\t\t\t\t\t\t<\/div>\n\t\t\t\t\t<\/div>\n\t\t<\/div>\n\t\t\t\t\t<\/div>\n\t\t<\/section>\n\t\t\t\t<section data-particle_enable=\"false\" data-particle-mobile-disabled=\"false\" class=\"elementor-section elementor-top-section elementor-element elementor-element-8c2a323 elementor-section-boxed elementor-section-height-default elementor-section-height-default\" data-id=\"8c2a323\" data-element_type=\"section\" data-e-type=\"section\">\n\t\t\t\t\t\t<div class=\"elementor-container elementor-column-gap-default\">\n\t\t\t\t\t<div class=\"elementor-column elementor-col-100 elementor-top-column elementor-element elementor-element-69fed96\" data-id=\"69fed96\" data-element_type=\"column\" data-e-type=\"column\">\n\t\t\t<div class=\"elementor-widget-wrap elementor-element-populated\">\n\t\t\t\t\t\t<div class=\"elementor-element elementor-element-d3237e2 elementor-widget elementor-widget-heading\" data-id=\"d3237e2\" data-element_type=\"widget\" data-e-type=\"widget\" data-widget_type=\"heading.default\">\n\t\t\t\t\t<h2 class=\"elementor-heading-title elementor-size-default\">Avanzan unidos con sus ra\u00edces <\/h2>\t\t\t\t<\/div>\n\t\t\t\t\t<\/div>\n\t\t<\/div>\n\t\t\t\t\t<\/div>\n\t\t<\/section>\n\t\t\t\t<section data-particle_enable=\"false\" data-particle-mobile-disabled=\"false\" class=\"elementor-section elementor-top-section elementor-element elementor-element-1aad589 elementor-section-boxed elementor-section-height-default elementor-section-height-default\" data-id=\"1aad589\" data-element_type=\"section\" data-e-type=\"section\">\n\t\t\t\t\t\t<div class=\"elementor-container elementor-column-gap-default\">\n\t\t\t\t\t<div class=\"elementor-column elementor-col-100 elementor-top-column elementor-element elementor-element-740532b\" data-id=\"740532b\" data-element_type=\"column\" data-e-type=\"column\">\n\t\t\t<div class=\"elementor-widget-wrap elementor-element-populated\">\n\t\t\t\t\t\t<div class=\"elementor-element elementor-element-0d9b29a elementor-widget elementor-widget-text-editor\" data-id=\"0d9b29a\" data-element_type=\"widget\" data-e-type=\"widget\" data-widget_type=\"text-editor.default\">\n\t\t\t\t\t\t\t\t\t<p><span style=\"background-color: var(--ak-bg-color);\">&#8220;Mi pap\u00e1 fabric\u00f3 y vendi\u00f3 de esos helados. Tambi\u00e9n mi abuelo. Yo de ni\u00f1a aprend\u00ed c\u00f3mo prepararlos all\u00e1 en Cabric\u00e1n, Quetzaltenango.\u00a0 Es una receta con unos 70 a\u00f1os de tradici\u00f3n. Pero aqu\u00ed en Estados Unidos no ten\u00eda los ingredientes. As\u00ed que me los enviaron desde Quetzaltenango. Mi mam\u00e1 me los mand\u00f3&#8221;, relata.\u00a0<\/span><\/p><p>Para no alargar la historia, aquel antojo de ni\u00f1o le dio un nuevo origen a los Helados Xelaj\u00fa, un emprendimiento de migrantes guatemaltecos que comenz\u00f3 con carretillas tradicionales de madera y ahora est\u00e1 por comenzar con su primer carro heladero. &#8220;Ya tenemos los permisos sanitarios para poder sacarlo a las calles&#8221;, cuenta El\u00edas. &#8220;Estamos muy felices de seguir avanzando con un producto tradicional guatemalteco&#8221;.<\/p>\t\t\t\t\t\t\t\t<\/div>\n\t\t\t\t\t<\/div>\n\t\t<\/div>\n\t\t\t\t\t<\/div>\n\t\t<\/section>\n\t\t\t\t<section data-particle_enable=\"false\" data-particle-mobile-disabled=\"false\" class=\"elementor-section elementor-top-section elementor-element elementor-element-fd80a39 elementor-section-boxed elementor-section-height-default elementor-section-height-default\" data-id=\"fd80a39\" data-element_type=\"section\" data-e-type=\"section\">\n\t\t\t\t\t\t<div class=\"elementor-container elementor-column-gap-default\">\n\t\t\t\t\t<div class=\"elementor-column elementor-col-100 elementor-top-column elementor-element elementor-element-c3d9823\" data-id=\"c3d9823\" data-element_type=\"column\" data-e-type=\"column\">\n\t\t\t<div class=\"elementor-widget-wrap elementor-element-populated\">\n\t\t\t\t\t\t<div class=\"elementor-element elementor-element-91871d4 elementor-arrows-position-inside elementor-pagination-position-outside elementor-invisible elementor-widget elementor-widget-image-carousel\" data-id=\"91871d4\" data-element_type=\"widget\" data-e-type=\"widget\" data-settings=\"{&quot;slides_to_show&quot;:&quot;1&quot;,&quot;autoplay_speed&quot;:2999,&quot;_animation&quot;:&quot;fadeInRight&quot;,&quot;navigation&quot;:&quot;both&quot;,&quot;autoplay&quot;:&quot;yes&quot;,&quot;pause_on_hover&quot;:&quot;yes&quot;,&quot;pause_on_interaction&quot;:&quot;yes&quot;,&quot;infinite&quot;:&quot;yes&quot;,&quot;effect&quot;:&quot;slide&quot;,&quot;speed&quot;:500}\" data-widget_type=\"image-carousel.default\">\n\t\t\t\t\t\t\t<div class=\"elementor-image-carousel-wrapper swiper\" role=\"region\" aria-roledescription=\"carousel\" aria-label=\"Carrusel de im\u00e1genes\" dir=\"ltr\">\n\t\t\t<div class=\"elementor-image-carousel swiper-wrapper swiper-image-stretch\" aria-live=\"off\">\n\t\t\t\t\t\t\t\t<div class=\"swiper-slide\" role=\"group\" aria-roledescription=\"slide\" aria-label=\"1 de 9\"><figure class=\"swiper-slide-inner\"><img decoding=\"async\" class=\"swiper-slide-image\" src=\"https:\/\/soymigrante.com\/revista\/wp-content\/uploads\/2023\/11\/helados-migrantes-4-1024x843.webp\" alt=\"El sabor tradicional de los helados migrantes Xelaj\u00fa conquista a todas las edades en Virginia.\" \/><figcaption class=\"elementor-image-carousel-caption\">El sabor tradicional de los helados migrantes Xelaj\u00fa conquista a todas las edades en Virginia. <\/figcaption><\/figure><\/div><div class=\"swiper-slide\" role=\"group\" aria-roledescription=\"slide\" aria-label=\"2 de 9\"><figure class=\"swiper-slide-inner\"><img decoding=\"async\" class=\"swiper-slide-image\" src=\"https:\/\/soymigrante.com\/revista\/wp-content\/uploads\/2023\/11\/HELADOS-ARTESANALES-3-e1698864027236.webp\" alt=\"Las fiestas de cumplea\u00f1os han sido uno de los puntos de distribuci\u00f3n m\u00e1s efectivos para los helados migrantes Xelaj\u00fa.\" \/><figcaption class=\"elementor-image-carousel-caption\">Las fiestas de cumplea\u00f1os han sido uno de los puntos de distribuci\u00f3n m\u00e1s efectivos para los helados migrantes Xelaj\u00fa.<\/figcaption><\/figure><\/div><div class=\"swiper-slide\" role=\"group\" aria-roledescription=\"slide\" aria-label=\"3 de 9\"><figure class=\"swiper-slide-inner\"><img decoding=\"async\" class=\"swiper-slide-image\" src=\"https:\/\/soymigrante.com\/revista\/wp-content\/uploads\/2023\/11\/helados-migrantes-5-1024x822.webp\" alt=\"La fabricaci\u00f3n de los helados migrantes Xelaj\u00fa tiene una receta de casi 70 a\u00f1os de antig\u00fcedad y la t\u00e9cnica de servido es la misma que en cualquier parque de Guatemala.\" \/><figcaption class=\"elementor-image-carousel-caption\">La fabricaci\u00f3n de los helados migrantes Xelaj\u00fa tiene una receta de casi 70 a\u00f1os de antig\u00fcedad y la t\u00e9cnica de servido es la misma que en cualquier parque de Guatemala.<\/figcaption><\/figure><\/div><div class=\"swiper-slide\" role=\"group\" aria-roledescription=\"slide\" aria-label=\"4 de 9\"><figure class=\"swiper-slide-inner\"><img decoding=\"async\" class=\"swiper-slide-image\" src=\"https:\/\/soymigrante.com\/revista\/wp-content\/uploads\/2023\/11\/helados-migrantes-2-e1698864110216.webp\" alt=\"Ese emocionante momento para los ni\u00f1os en que se sirve el helado desde la cubeta congelada sobre un cono crujiente y luego la pregunta \u00bfcon man\u00ed y topping de fresa?\" \/><figcaption class=\"elementor-image-carousel-caption\">Ese emocionante momento para los ni\u00f1os en que se sirve el helado desde la cubeta congelada sobre un cono crujiente y luego la pregunta \u00bfcon man\u00ed y topping de fresa?<\/figcaption><\/figure><\/div><div class=\"swiper-slide\" role=\"group\" aria-roledescription=\"slide\" aria-label=\"5 de 9\"><figure class=\"swiper-slide-inner\"><img decoding=\"async\" class=\"swiper-slide-image\" src=\"https:\/\/soymigrante.com\/revista\/wp-content\/uploads\/2023\/11\/helados-migrantes-9.webp\" alt=\"El sabor tradicional de crema es el favorito pero ya han surgido nuevas variantes para complacer a todos los admiradores de los helados migrantes Xelaj\u00fa.\" \/><figcaption class=\"elementor-image-carousel-caption\">El sabor tradicional de crema es el favorito pero ya han surgido nuevas variantes para complacer a todos los admiradores de los helados migrantes Xelaj\u00fa.<\/figcaption><\/figure><\/div><div class=\"swiper-slide\" role=\"group\" aria-roledescription=\"slide\" aria-label=\"6 de 9\"><figure class=\"swiper-slide-inner\"><img decoding=\"async\" class=\"swiper-slide-image\" src=\"https:\/\/soymigrante.com\/revista\/wp-content\/uploads\/2023\/11\/helados-migrantes-1024x906.webp\" alt=\"El sabor de los helados migrantes conquista paladares de todas edades y nacionalidades en Estados Unidos.\" \/><figcaption class=\"elementor-image-carousel-caption\">El sabor de los helados migrantes conquista paladares de todas edades y nacionalidades en Estados Unidos.<\/figcaption><\/figure><\/div><div class=\"swiper-slide\" role=\"group\" aria-roledescription=\"slide\" aria-label=\"7 de 9\"><figure class=\"swiper-slide-inner\"><img decoding=\"async\" class=\"swiper-slide-image\" src=\"https:\/\/soymigrante.com\/revista\/wp-content\/uploads\/2023\/11\/helados-migrantes-3-e1698864269812-1024x869.webp\" alt=\"Los migrantes guatemaltecos Marleny y su esposo El\u00edas, al centro, tienen varios exitosos emprendimientos juntos en Virginia. Ambos son originarios de Cabric\u00e1n, Quetzaltenango.\" \/><figcaption class=\"elementor-image-carousel-caption\">Los migrantes guatemaltecos Marleny y su esposo El\u00edas, al centro, tienen varios exitosos emprendimientos juntos en Virginia. Ambos son originarios de Cabric\u00e1n, Quetzaltenango.<\/figcaption><\/figure><\/div><div class=\"swiper-slide\" role=\"group\" aria-roledescription=\"slide\" aria-label=\"8 de 9\"><figure class=\"swiper-slide-inner\"><img decoding=\"async\" class=\"swiper-slide-image\" src=\"https:\/\/soymigrante.com\/revista\/wp-content\/uploads\/2023\/11\/Helados-migrantes-en-Virginia-5-e1698864234757.webp\" alt=\"El orgullo por lo guatemalteco acompa\u00f1a a todas lartes las carretillas tradicionales de los helados migrantes Xelaj\u00fa.\" \/><figcaption class=\"elementor-image-carousel-caption\">El orgullo por lo guatemalteco acompa\u00f1a a todas lartes las carretillas tradicionales de los helados migrantes Xelaj\u00fa.<\/figcaption><\/figure><\/div><div class=\"swiper-slide\" role=\"group\" aria-roledescription=\"slide\" aria-label=\"9 de 9\"><figure class=\"swiper-slide-inner\"><img decoding=\"async\" class=\"swiper-slide-image\" src=\"https:\/\/soymigrante.com\/revista\/wp-content\/uploads\/2023\/11\/Helados-migrantes-en-Virginia-4-1024x683.webp\" alt=\"El\u00edas Rojas sirve helados en parques, campos de juego, festejos de cumplea\u00f1os, mercados, plazas de swap-meet y a donde los inviten, en Virginia y estados vecinos.\" \/><figcaption class=\"elementor-image-carousel-caption\">El\u00edas Rojas sirve helados en parques, campos de juego, festejos de cumplea\u00f1os, mercados, plazas de swap-meet y a donde los inviten, en Virginia y estados vecinos.<\/figcaption><\/figure><\/div>\t\t\t<\/div>\n\t\t\t\t\t\t\t\t\t\t\t\t<div class=\"elementor-swiper-button elementor-swiper-button-prev\" role=\"button\" tabindex=\"0\">\n\t\t\t\t\t\t<i aria-hidden=\"true\" class=\"eicon-chevron-left\"><\/i>\t\t\t\t\t<\/div>\n\t\t\t\t\t<div class=\"elementor-swiper-button elementor-swiper-button-next\" role=\"button\" tabindex=\"0\">\n\t\t\t\t\t\t<i aria-hidden=\"true\" class=\"eicon-chevron-right\"><\/i>\t\t\t\t\t<\/div>\n\t\t\t\t\n\t\t\t\t\t\t\t\t\t<div class=\"swiper-pagination\"><\/div>\n\t\t\t\t\t\t\t\t\t<\/div>\n\t\t\t\t\t\t<\/div>\n\t\t\t\t\t<\/div>\n\t\t<\/div>\n\t\t\t\t\t<\/div>\n\t\t<\/section>\n\t\t\t\t<section data-particle_enable=\"false\" data-particle-mobile-disabled=\"false\" class=\"elementor-section elementor-top-section elementor-element elementor-element-d987e11 elementor-section-boxed elementor-section-height-default elementor-section-height-default\" data-id=\"d987e11\" data-element_type=\"section\" data-e-type=\"section\">\n\t\t\t\t\t\t<div class=\"elementor-container elementor-column-gap-default\">\n\t\t\t\t\t<div class=\"elementor-column elementor-col-100 elementor-top-column elementor-element elementor-element-d1049a9\" data-id=\"d1049a9\" data-element_type=\"column\" data-e-type=\"column\">\n\t\t\t<div class=\"elementor-widget-wrap elementor-element-populated\">\n\t\t\t\t\t\t<div class=\"elementor-element elementor-element-7d8c926 elementor-widget elementor-widget-heading\" data-id=\"7d8c926\" data-element_type=\"widget\" data-e-type=\"widget\" data-widget_type=\"heading.default\">\n\t\t\t\t\t<h2 class=\"elementor-heading-title elementor-size-default\">Esp\u00edritu emprendedor desde su llegada<\/h2>\t\t\t\t<\/div>\n\t\t\t\t\t<\/div>\n\t\t<\/div>\n\t\t\t\t\t<\/div>\n\t\t<\/section>\n\t\t\t\t<section data-particle_enable=\"false\" data-particle-mobile-disabled=\"false\" class=\"elementor-section elementor-top-section elementor-element elementor-element-4c4f749 elementor-section-boxed elementor-section-height-default elementor-section-height-default\" data-id=\"4c4f749\" data-element_type=\"section\" data-e-type=\"section\">\n\t\t\t\t\t\t<div class=\"elementor-container elementor-column-gap-default\">\n\t\t\t\t\t<div class=\"elementor-column elementor-col-100 elementor-top-column elementor-element elementor-element-9ba8355\" data-id=\"9ba8355\" data-element_type=\"column\" data-e-type=\"column\">\n\t\t\t<div class=\"elementor-widget-wrap elementor-element-populated\">\n\t\t\t\t\t\t<div class=\"elementor-element elementor-element-884fa44 elementor-widget elementor-widget-text-editor\" data-id=\"884fa44\" data-element_type=\"widget\" data-e-type=\"widget\" data-widget_type=\"text-editor.default\">\n\t\t\t\t\t\t\t\t\t<p><span style=\"color: var( --e-global-color-text ); background-color: var(--ak-bg-color);\">Desde su arribo a Estados Unidos, Marleny se traz\u00f3 una meta: &#8221; Pondr\u00e9 un negocio propio. No ten\u00eda claro de qu\u00e9. Pero una vez se dio cuenta que los jueves siempre se la antojaba comer un pache quetzalteco o los s\u00e1bados, un tamal y no encontraba en ninguna parte. \u00a1Pero si yo los s\u00e9 preparar!, dije. Mi mam\u00e1 me ense\u00f1\u00f3. Desde ni\u00f1a le ayud\u00e9 y fui absorbiendo su sabor, mirando cada detalle. Era el a\u00f1o 2014&#8243;<\/span><\/p><p><span style=\"color: var( --e-global-color-text ); background-color: var(--ak-bg-color);\">No era f\u00e1cil empezar porque le hac\u00eda falta de todo. No ten\u00eda ni las ollas ni todos los ingredientes. Empez\u00f3 por pedir la receta a su mam\u00e1. Luego pidi\u00f3 prestada una olla grande a una amiga.\u00a0<\/span><\/p><p><span style=\"color: var( --e-global-color-text ); background-color: var(--ak-bg-color);\">&#8220;<\/span><span style=\"color: var( --e-global-color-text ); background-color: var(--ak-bg-color);\">Ten\u00eda muchas dudas sobre c\u00f3mo nos iba a ir. Pero lo intent\u00e9. Esa primera vez: \u00a1Ni alcanzaron! Todos se vendieron. Apenas si\u00a0 pude probarlos. Desde entonces comenc\u00e9 a elaborar paches y tamales, los seguimos haciendo y hasta vienen de otros Estados a comprarlos&#8221;, cuenta la migrante guatemalteca.<\/span><\/p>\t\t\t\t\t\t\t\t<\/div>\n\t\t\t\t\t<\/div>\n\t\t<\/div>\n\t\t\t\t\t<\/div>\n\t\t<\/section>\n\t\t\t\t<section data-particle_enable=\"false\" data-particle-mobile-disabled=\"false\" class=\"elementor-section elementor-top-section elementor-element elementor-element-3cf5b00 elementor-section-boxed elementor-section-height-default elementor-section-height-default\" data-id=\"3cf5b00\" data-element_type=\"section\" data-e-type=\"section\">\n\t\t\t\t\t\t<div class=\"elementor-container elementor-column-gap-default\">\n\t\t\t\t\t<div class=\"elementor-column elementor-col-100 elementor-top-column elementor-element elementor-element-72d2c1a\" data-id=\"72d2c1a\" data-element_type=\"column\" data-e-type=\"column\">\n\t\t\t<div class=\"elementor-widget-wrap elementor-element-populated\">\n\t\t\t\t\t\t<div class=\"elementor-element elementor-element-045a9c4 elementor-widget elementor-widget-testimonial\" data-id=\"045a9c4\" data-element_type=\"widget\" data-e-type=\"widget\" data-widget_type=\"testimonial.default\">\n\t\t\t\t\t\t\t<div class=\"elementor-testimonial-wrapper\">\n\t\t\t\t\t\t\t<div class=\"elementor-testimonial-content\">\"La receta de los helados Xelaj\u00fa es heredada de mi padre y de mi abuelo, quienes tambi\u00e9n los fabricaban y vend\u00edan en nuestro pueblo. As\u00ed que tiene ya casi 70 a\u00f1os de tradici\u00f3n\".<\/div>\n\t\t\t\n\t\t\t\t\t\t<div class=\"elementor-testimonial-meta elementor-has-image elementor-testimonial-image-position-aside\">\n\t\t\t\t<div class=\"elementor-testimonial-meta-inner\">\n\t\t\t\t\t\t\t\t\t\t\t<div class=\"elementor-testimonial-image\">\n\t\t\t\t\t\t\t<img decoding=\"async\" width=\"582\" height=\"612\" src=\"https:\/\/soymigrante.com\/revista\/wp-content\/uploads\/2023\/11\/malreny-retrato.webp\" class=\"attachment-full size-full wp-image-3166\" alt=\"\" title=\"malreny retrato \u2013 SoyMigrante.com REVISTA\" srcset=\"https:\/\/soymigrante.com\/revista\/wp-content\/uploads\/2023\/11\/malreny-retrato.webp 582w, https:\/\/soymigrante.com\/revista\/wp-content\/uploads\/2023\/11\/malreny-retrato-285x300.webp 285w\" sizes=\"(max-width: 582px) 100vw, 582px\" \/>\t\t\t\t\t\t<\/div>\n\t\t\t\t\t\n\t\t\t\t\t\t\t\t\t\t<div class=\"elementor-testimonial-details\">\n\t\t\t\t\t\t\t\t\t\t\t\t\t\t<div class=\"elementor-testimonial-name\">Marleny P\u00e9rez<\/div>\n\t\t\t\t\t\t\t\t\t\t\t\t\t\t\t\t\t\t\t\t\t\t<div class=\"elementor-testimonial-job\">Emprendedora<\/div>\n\t\t\t\t\t\t\t\t\t\t\t\t\t<\/div>\n\t\t\t\t\t\t\t\t\t<\/div>\n\t\t\t<\/div>\n\t\t\t\t\t<\/div>\n\t\t\t\t\t\t<\/div>\n\t\t\t\t\t<\/div>\n\t\t<\/div>\n\t\t\t\t\t<\/div>\n\t\t<\/section>\n\t\t\t\t<section data-particle_enable=\"false\" data-particle-mobile-disabled=\"false\" class=\"elementor-section elementor-top-section elementor-element elementor-element-caea9d6 elementor-section-boxed elementor-section-height-default elementor-section-height-default\" data-id=\"caea9d6\" data-element_type=\"section\" data-e-type=\"section\">\n\t\t\t\t\t\t<div class=\"elementor-container elementor-column-gap-default\">\n\t\t\t\t\t<div class=\"elementor-column elementor-col-100 elementor-top-column elementor-element elementor-element-5e5d0aa\" data-id=\"5e5d0aa\" data-element_type=\"column\" data-e-type=\"column\">\n\t\t\t<div class=\"elementor-widget-wrap elementor-element-populated\">\n\t\t\t\t\t\t<div class=\"elementor-element elementor-element-6376426 elementor-widget elementor-widget-heading\" data-id=\"6376426\" data-element_type=\"widget\" data-e-type=\"widget\" data-widget_type=\"heading.default\">\n\t\t\t\t\t<h2 class=\"elementor-heading-title elementor-size-default\">De empleado a tener 15 empleados<\/h2>\t\t\t\t<\/div>\n\t\t\t\t\t<\/div>\n\t\t<\/div>\n\t\t\t\t\t<\/div>\n\t\t<\/section>\n\t\t\t\t<section data-particle_enable=\"false\" data-particle-mobile-disabled=\"false\" class=\"elementor-section elementor-top-section elementor-element elementor-element-7fe2e23 elementor-section-boxed elementor-section-height-default elementor-section-height-default\" data-id=\"7fe2e23\" data-element_type=\"section\" data-e-type=\"section\">\n\t\t\t\t\t\t<div class=\"elementor-container elementor-column-gap-default\">\n\t\t\t\t\t<div class=\"elementor-column elementor-col-100 elementor-top-column elementor-element elementor-element-c26a8e6\" data-id=\"c26a8e6\" data-element_type=\"column\" data-e-type=\"column\">\n\t\t\t<div class=\"elementor-widget-wrap elementor-element-populated\">\n\t\t\t\t\t\t<div class=\"elementor-element elementor-element-ffc76bb elementor-widget elementor-widget-text-editor\" data-id=\"ffc76bb\" data-element_type=\"widget\" data-e-type=\"widget\" data-widget_type=\"text-editor.default\">\n\t\t\t\t\t\t\t\t\t<p><span style=\"color: var( --e-global-color-text ); background-color: var(--ak-bg-color);\">El\u00edas Rojas trabaj\u00f3, casi desde su llegada a Virginia, en construcci\u00f3n. Ten\u00eda alguna experiencia pero la clave fue la voluntad de aprender m\u00e1s: &#8220;Tuve que aprender mucho, de electricidad, de materiales y acabados&#8221;, recuerda.<\/span><\/p><p>Actualmente tienen una compa\u00f1\u00eda de construcci\u00f3n y remodelaciones: &#8220;Nos especializamos en hacer puertas y ventanas de vidrio. Los dos somos propietarios y generamos empleo. Tenemos 15 trabajadores, la mayor\u00eda de ellos guatemaltecos&#8221;, cuenta El\u00edas quien no olvida que se conoci\u00f3 con Marleny en su pueblo.\u00a0<\/p><p>Ella ten\u00eda 15 y \u00e9l 16. Un amor que ha sido la clave para salir adelante. Junto a sus hijos trazan un camino de mucho trabajo y esfuerzo.<\/p>\t\t\t\t\t\t\t\t<\/div>\n\t\t\t\t\t<\/div>\n\t\t<\/div>\n\t\t\t\t\t<\/div>\n\t\t<\/section>\n\t\t\t\t<section data-particle_enable=\"false\" data-particle-mobile-disabled=\"false\" class=\"elementor-section elementor-top-section elementor-element elementor-element-835d1e6 elementor-section-boxed elementor-section-height-default elementor-section-height-default\" data-id=\"835d1e6\" data-element_type=\"section\" data-e-type=\"section\">\n\t\t\t\t\t\t<div class=\"elementor-container elementor-column-gap-default\">\n\t\t\t\t\t<div class=\"elementor-column elementor-col-100 elementor-top-column elementor-element elementor-element-43e102f\" data-id=\"43e102f\" data-element_type=\"column\" data-e-type=\"column\">\n\t\t\t<div class=\"elementor-widget-wrap elementor-element-populated\">\n\t\t\t\t\t\t<div class=\"elementor-element elementor-element-3b1b6bd animated-slow elementor-invisible elementor-widget elementor-widget-image\" data-id=\"3b1b6bd\" data-element_type=\"widget\" data-e-type=\"widget\" data-settings=\"{&quot;_animation&quot;:&quot;pulse&quot;}\" data-widget_type=\"image.default\">\n\t\t\t\t\t\t\t\t\t\t\t\t<figure class=\"wp-caption\">\n\t\t\t\t\t\t\t\t\t\t<img loading=\"lazy\" decoding=\"async\" width=\"674\" height=\"490\" src=\"https:\/\/soymigrante.com\/revista\/wp-content\/uploads\/2023\/11\/Helados-migrantes-en-Virginia-6-e1698865778941.webp\" class=\"attachment-large size-large wp-image-3152\" alt=\"El\u00edas y Marleni agradecen a sus familias en Guatemala el apoyo para sus emprendimientos de helados, tamales y paches. En s\u00edntesis: el amor familiar y a las propias ra\u00edces son claves de su \u00e9xito.\" srcset=\"https:\/\/soymigrante.com\/revista\/wp-content\/uploads\/2023\/11\/Helados-migrantes-en-Virginia-6-e1698865778941.webp 674w, https:\/\/soymigrante.com\/revista\/wp-content\/uploads\/2023\/11\/Helados-migrantes-en-Virginia-6-e1698865778941-300x218.webp 300w, https:\/\/soymigrante.com\/revista\/wp-content\/uploads\/2023\/11\/Helados-migrantes-en-Virginia-6-e1698865778941-120x86.webp 120w\" sizes=\"(max-width: 674px) 100vw, 674px\" title=\"El\u00edas y Marleny agradecen a sus familias en Guatemala el apoyo para sus emprendimientos de helados, tamales y paches. En s\u00edntesis: el amor familiar y a las propias ra\u00edces son claves de su \u00e9xito. \u2013 SoyMigrante.com REVISTA\" \/>\t\t\t\t\t\t\t\t\t\t\t<figcaption class=\"widget-image-caption wp-caption-text\"> El\u00edas y Marleny agradecen a sus familias en Guatemala el apoyo para sus emprendimientos de helados, tamales y paches. En s\u00edntesis: el amor familiar y a las propias ra\u00edces son claves de su \u00e9xito.<\/figcaption>\n\t\t\t\t\t\t\t\t\t\t<\/figure>\n\t\t\t\t\t\t\t\t\t<\/div>\n\t\t\t\t\t<\/div>\n\t\t<\/div>\n\t\t\t\t\t<\/div>\n\t\t<\/section>\n\t\t\t\t<section data-particle_enable=\"false\" data-particle-mobile-disabled=\"false\" class=\"elementor-section elementor-top-section elementor-element elementor-element-f25f68e elementor-section-boxed elementor-section-height-default elementor-section-height-default\" data-id=\"f25f68e\" data-element_type=\"section\" data-e-type=\"section\">\n\t\t\t\t\t\t<div class=\"elementor-container elementor-column-gap-default\">\n\t\t\t\t\t<div class=\"elementor-column elementor-col-100 elementor-top-column elementor-element elementor-element-2a2e91f\" data-id=\"2a2e91f\" data-element_type=\"column\" data-e-type=\"column\">\n\t\t\t<div class=\"elementor-widget-wrap elementor-element-populated\">\n\t\t\t\t\t\t<div class=\"elementor-element elementor-element-10c3f23 elementor-widget elementor-widget-heading\" data-id=\"10c3f23\" data-element_type=\"widget\" data-e-type=\"widget\" data-widget_type=\"heading.default\">\n\t\t\t\t\t<h2 class=\"elementor-heading-title elementor-size-default\">\"\u00bfY de d\u00f3nde trajeron estos helados?\" <\/h2>\t\t\t\t<\/div>\n\t\t\t\t\t<\/div>\n\t\t<\/div>\n\t\t\t\t\t<\/div>\n\t\t<\/section>\n\t\t\t\t<section data-particle_enable=\"false\" data-particle-mobile-disabled=\"false\" class=\"elementor-section elementor-top-section elementor-element elementor-element-99eb8a1 elementor-section-boxed elementor-section-height-default elementor-section-height-default\" data-id=\"99eb8a1\" data-element_type=\"section\" data-e-type=\"section\">\n\t\t\t\t\t\t<div class=\"elementor-container elementor-column-gap-default\">\n\t\t\t\t\t<div class=\"elementor-column elementor-col-100 elementor-top-column elementor-element elementor-element-4d99017\" data-id=\"4d99017\" data-element_type=\"column\" data-e-type=\"column\">\n\t\t\t<div class=\"elementor-widget-wrap elementor-element-populated\">\n\t\t\t\t\t\t<div class=\"elementor-element elementor-element-8125452 elementor-widget elementor-widget-text-editor\" data-id=\"8125452\" data-element_type=\"widget\" data-e-type=\"widget\" data-widget_type=\"text-editor.default\">\n\t\t\t\t\t\t\t\t\t<p>S\u00ed, e<span style=\"color: var( --e-global-color-text ); background-color: var(--ak-bg-color);\">sa fue la pregunta que le hicieron unos amigos migrantes de Quetzaltenango, durante las primeras pruebas de los Helados Xelaj\u00fa. Marleny se hab\u00eda esfozado por seguir la receta, con ingredientes nativos de Guatemala.<br \/><\/span><span style=\"background-color: var(--ak-bg-color); color: var( --e-global-color-text );\">&#8220;Estos helados los trajimos desde Guatemala. Cruzamos el desierto con ellos y no se nos derritieron&#8221;, fue la respuesta humor\u00edstica que dio Marleni.\u00a0<\/span><\/p><p><span style=\"color: var( --e-global-color-text ); background-color: var(--ak-bg-color);\">Pero es cierto: desde su natal Cabric\u00e1n, Quetzaltenango, Marleny,\u00a0 El\u00edas y sus hijos llevan una herencia de valores, conocimientos y esp\u00edritu de trabajo que no se derrite&#8230; pero s\u00ed se congela con sabor a crema dulce para disfrute de los vecinos de Virginia, en los exquisitos helados de carreta o de su nuevo carrito, cuyo sonido ser\u00e1 de marimba.<br \/>Una refrescante lecci\u00f3n de superaci\u00f3n, trabajo y mucha nostalgia por Guatemala.<\/span><\/p>\t\t\t\t\t\t\t\t<\/div>\n\t\t\t\t\t<\/div>\n\t\t<\/div>\n\t\t\t\t\t<\/div>\n\t\t<\/section>\n\t\t\t\t<section data-particle_enable=\"false\" data-particle-mobile-disabled=\"false\" class=\"elementor-section elementor-top-section elementor-element elementor-element-444de71 elementor-section-boxed elementor-section-height-default elementor-section-height-default\" data-id=\"444de71\" data-element_type=\"section\" data-e-type=\"section\">\n\t\t\t\t\t\t<div class=\"elementor-container elementor-column-gap-default\">\n\t\t\t\t\t<div class=\"elementor-column elementor-col-100 elementor-top-column elementor-element elementor-element-61be9d1\" data-id=\"61be9d1\" data-element_type=\"column\" data-e-type=\"column\">\n\t\t\t<div class=\"elementor-widget-wrap elementor-element-populated\">\n\t\t\t\t\t\t<div class=\"elementor-element elementor-element-972b8b1 elementor-widget elementor-widget-heading\" data-id=\"972b8b1\" data-element_type=\"widget\" data-e-type=\"widget\" data-widget_type=\"heading.default\">\n\t\t\t\t\t<h2 class=\"elementor-heading-title elementor-size-default\">M\u00e1s sobre Guatemala<\/h2>\t\t\t\t<\/div>\n\t\t\t\t\t<\/div>\n\t\t<\/div>\n\t\t\t\t\t<\/div>\n\t\t<\/section>\n\t\t\t\t<section data-particle_enable=\"false\" data-particle-mobile-disabled=\"false\" class=\"elementor-section elementor-top-section elementor-element elementor-element-4680d10 elementor-section-boxed elementor-section-height-default elementor-section-height-default\" data-id=\"4680d10\" data-element_type=\"section\" data-e-type=\"section\">\n\t\t\t\t\t\t<div class=\"elementor-container elementor-column-gap-default\">\n\t\t\t\t\t<div class=\"elementor-column elementor-col-100 elementor-top-column elementor-element elementor-element-99e0239\" data-id=\"99e0239\" data-element_type=\"column\" data-e-type=\"column\">\n\t\t\t<div class=\"elementor-widget-wrap elementor-element-populated\">\n\t\t\t\t\t\t<div class=\"elementor-element elementor-element-26e615d elementor-invisible elementor-widget elementor-widget-blfe-post-grid\" data-id=\"26e615d\" data-element_type=\"widget\" data-e-type=\"widget\" data-settings=\"{&quot;columns&quot;:&quot;6&quot;,&quot;_animation&quot;:&quot;rotateInUpLeft&quot;,&quot;columns_tablet&quot;:&quot;6&quot;,&quot;columns_mobile&quot;:&quot;12&quot;,&quot;classic1_slides_to_show&quot;:3,&quot;classic1_slides_to_show_tablet&quot;:2,&quot;classic1_slides_to_show_mobile&quot;:1,&quot;classic1_autoplay&quot;:&quot;yes&quot;,&quot;classic1_autoplay_speed&quot;:5000,&quot;classic1_pause_on_hover&quot;:&quot;no&quot;,&quot;classic1_loop&quot;:&quot;yes&quot;,&quot;classic1_animation_speed&quot;:200,&quot;classic1_navigation&quot;:&quot;dots&quot;,&quot;classic1_carousel_arrow_size&quot;:{&quot;unit&quot;:&quot;px&quot;,&quot;size&quot;:&quot;&quot;,&quot;sizes&quot;:[]},&quot;classic1_carousel_arrow_size_tablet&quot;:{&quot;unit&quot;:&quot;px&quot;,&quot;size&quot;:&quot;&quot;,&quot;sizes&quot;:[]},&quot;classic1_carousel_arrow_size_mobile&quot;:{&quot;unit&quot;:&quot;px&quot;,&quot;size&quot;:&quot;&quot;,&quot;sizes&quot;:[]},&quot;classic1_carousel_arrow_height&quot;:{&quot;unit&quot;:&quot;px&quot;,&quot;size&quot;:&quot;&quot;,&quot;sizes&quot;:[]},&quot;classic1_carousel_arrow_height_tablet&quot;:{&quot;unit&quot;:&quot;px&quot;,&quot;size&quot;:&quot;&quot;,&quot;sizes&quot;:[]},&quot;classic1_carousel_arrow_height_mobile&quot;:{&quot;unit&quot;:&quot;px&quot;,&quot;size&quot;:&quot;&quot;,&quot;sizes&quot;:[]},&quot;classic1_carousel_arrow_width&quot;:{&quot;unit&quot;:&quot;px&quot;,&quot;size&quot;:&quot;&quot;,&quot;sizes&quot;:[]},&quot;classic1_carousel_arrow_width_tablet&quot;:{&quot;unit&quot;:&quot;px&quot;,&quot;size&quot;:&quot;&quot;,&quot;sizes&quot;:[]},&quot;classic1_carousel_arrow_width_mobile&quot;:{&quot;unit&quot;:&quot;px&quot;,&quot;size&quot;:&quot;&quot;,&quot;sizes&quot;:[]},&quot;classic1_carousel_dots_size&quot;:{&quot;unit&quot;:&quot;px&quot;,&quot;size&quot;:&quot;&quot;,&quot;sizes&quot;:[]},&quot;classic1_carousel_dots_size_tablet&quot;:{&quot;unit&quot;:&quot;px&quot;,&quot;size&quot;:&quot;&quot;,&quot;sizes&quot;:[]},&quot;classic1_carousel_dots_size_mobile&quot;:{&quot;unit&quot;:&quot;px&quot;,&quot;size&quot;:&quot;&quot;,&quot;sizes&quot;:[]}}\" data-widget_type=\"blfe-post-grid.classic1\">\n\t\t\t\t<div class=\"elementor-widget-container\">\n\t\t\t\t\t\n            \n                <div data-skin=\"classic1\" class=\"blfe-row blfe-posts-inner blfe-classic1      blfe-carousel  \">\n                            <div class=\"blfe-post-grid-item blfe-equal-height\">\n            <div class=\"blfe-post-grid-item-inner blfe-modern-zoom\">\n                <a class=\"blfe-post-grid-image\" href=\"https:\/\/soymigrante.com\/revista\/dia-de-la-tierra-todos-los-dias-productos-guatemaltecos-naturales-y-autenticos-en-mercado\/\" title=\"D\u00eda de la Tierra todos los d\u00edas: productos guatemaltecos naturales y aut\u00e9nticos en MERCADO\" rel=\"nofollow\" target=\"_blank\"><img decoding=\"async\" src=\"https:\/\/soymigrante.com\/revista\/wp-content\/uploads\/2026\/04\/DIA-DE-LA-TIERRA-PRODUCTOS-ECOLOGICOS-GUATEMALA-SOYMIGRANTE-MERCADO.png\" alt=\"D\u00eda de la Tierra todos los d\u00edas: productos guatemaltecos naturales y aut\u00e9nticos en MERCADO\"\/><\/a>                <span class=\"blfe-post-category\"><a href=\"https:\/\/soymigrante.com\/revista\/category\/guate-nuestra\/\">Guate Nuestra<\/a><\/span>                <div class=\"blfe-post-grid-details\">\n                    <div class=\"blfe-post-grid-details-inner\">\n                        <h3 class=\"blfe-post-grid-title\">\n            <a href=\"https:\/\/soymigrante.com\/revista\/dia-de-la-tierra-todos-los-dias-productos-guatemaltecos-naturales-y-autenticos-en-mercado\/\" title=\"D\u00eda de la Tierra todos los d\u00edas: productos guatemaltecos naturales y aut\u00e9nticos en MERCADO\" rel=\"nofollow\" target=\"_blank\">D\u00eda de la Tierra todos los d\u00edas: productos guatemaltecos naturales y aut\u00e9nticos en MERCADO<\/a>\n            <\/h3>                        <p class=\"blfe-post-grid-excerpt\">Productos sostenibles, ecol\u00f3gicos, elaborados por manos guatemaltecas a partir de ingredientes naturales: apoya su ingenio y disfruta experiencias positivas. En el D\u00eda de la Tierra \u2014que en realidad es todos...<\/p>                                    <div class=\"blfe-post-grid-meta\">\n                <span class=\"blfe-post-grid-time\"><i class=\"fas fa-book-reader\"><\/i>4 Min read<\/span>            <\/div>\n                                                        <\/div>\n                <\/div>\n\n            <\/div>\n        <\/div>\n                <div class=\"blfe-post-grid-item blfe-equal-height\">\n            <div class=\"blfe-post-grid-item-inner blfe-modern-zoom\">\n                <a class=\"blfe-post-grid-image\" href=\"https:\/\/soymigrante.com\/revista\/refugio-natural-cerca-de-la-capital-la-reserva-ecologica-senderos-de-alux-en-sacatepequez\/\" title=\"Refugio natural cerca de la capital: La reserva ecol\u00f3gica Senderos de Alux en Sacatep\u00e9quez\" rel=\"nofollow\" target=\"_blank\"><img decoding=\"async\" src=\"https:\/\/soymigrante.com\/revista\/wp-content\/uploads\/2026\/04\/parque-ecologico-senderos-de-alux-5.jpg\" alt=\"Refugio natural cerca de la capital: La reserva ecol\u00f3gica Senderos de Alux en Sacatep\u00e9quez\"\/><\/a>                <span class=\"blfe-post-category\"><a href=\"https:\/\/soymigrante.com\/revista\/category\/guate-nuestra\/\">Guate Nuestra<\/a><\/span>                <div class=\"blfe-post-grid-details\">\n                    <div class=\"blfe-post-grid-details-inner\">\n                        <h3 class=\"blfe-post-grid-title\">\n            <a href=\"https:\/\/soymigrante.com\/revista\/refugio-natural-cerca-de-la-capital-la-reserva-ecologica-senderos-de-alux-en-sacatepequez\/\" title=\"Refugio natural cerca de la capital: La reserva ecol\u00f3gica Senderos de Alux en Sacatep\u00e9quez\" rel=\"nofollow\" target=\"_blank\">Refugio natural cerca de la capital: La reserva ecol\u00f3gica Senderos de Alux en Sacatep\u00e9quez<\/a>\n            <\/h3>                        <p class=\"blfe-post-grid-excerpt\">\u00bfCon poco tiempo para viajar pero muchas ganas de relajarte y disfrutar del bosque guatemalteco? La reserva natural Senderos de Alux est\u00e1 entre Guatemala y Sacatep\u00e9quez. Aqu\u00ed todos los d\u00edas...<\/p>                                    <div class=\"blfe-post-grid-meta\">\n                <span class=\"blfe-post-grid-time\"><i class=\"fas fa-book-reader\"><\/i>4 Min read<\/span>            <\/div>\n                                                        <\/div>\n                <\/div>\n\n            <\/div>\n        <\/div>\n                        <\/div>\n\n            \n            \t\t\t\t<\/div>\n\t\t\t\t<\/div>\n\t\t\t\t\t<\/div>\n\t\t<\/div>\n\t\t\t\t\t<\/div>\n\t\t<\/section>\n\t\t\t\t<\/div>\n\t\t","protected":false},"excerpt":{"rendered":"<p>Los helados migrantes Xelaj\u00fa son el m\u00e1s reciente emprendimiento de Marleny y El\u00edas Rojas, guatemaltecos radicados en Virginia. Y s\u00ed, su \u00e9xito tiene un ingrediente secreto: el amor. Ya casi est\u00e1 lista la nueva fase de los helados migrantes Xelaj\u00fa: adem\u00e1s de las carretillas de madera tendr\u00e1n un carrito distribuidor con m\u00fasica de marimba. Ya [&hellip;]<\/p>\n","protected":false},"author":7,"featured_media":3164,"comment_status":"open","ping_status":"open","sticky":false,"template":"","format":"standard","meta":{"_acf_changed":false,"_eb_attr":"","footnotes":""},"categories":[50],"tags":[],"class_list":["post-3138","post","type-post","status-publish","format-standard","has-post-thumbnail","hentry","category-exitos"],"acf":[],"aioseo_notices":[],"aioseo_head":"\n\t\t<!-- All in One SEO Pro 4.9.6.2 - aioseo.com -->\n\t<meta name=\"description\" content=\"Reserva natural en San Lucas Sacatepequez fue creada en 2001 protege el bosque y fuentes de agua: puede ser visitado todos los d\u00edas y tiene opci\u00f3n de hotel\" \/>\n\t<meta name=\"robots\" content=\"max-snippet:-1, max-image-preview:large, max-video-preview:-1\" \/>\n\t<meta name=\"author\" content=\"Mari\u00e1ngel \u00c1lvarez\"\/>\n\t<link rel=\"canonical\" href=\"https:\/\/soymigrante.com\/revista\/refugio-natural-cerca-de-la-capital-la-reserva-ecologica-senderos-de-alux-en-sacatepequez\/\" \/>\n\t<meta name=\"generator\" content=\"All in One SEO Pro (AIOSEO) 4.9.6.2\" \/>\n\n\t\t<link rel=\"preconnect\" href=\"https:\/\/fonts.googleapis.com\" crossorigin>\n<link rel=\"preconnect\" href=\"https:\/\/fonts.gstatic.com\" crossorigin>\n\t\t<meta property=\"og:locale\" content=\"es_ES\" \/>\n\t\t<meta property=\"og:site_name\" content=\"SoyMigrante.com REVISTA \u2013 Nuestra misi\u00f3n es reconocer y dignificar al migrante.\" \/>\n\t\t<meta property=\"og:type\" content=\"article\" \/>\n\t\t<meta property=\"og:title\" content=\"Senderos de Alux: un refugio natural cerca de la capital\" \/>\n\t\t<meta property=\"og:description\" content=\"Reserva natural en San Lucas Sacatepequez fue creada en 2001 protege el bosque y fuentes de agua: puede ser visitado todos los d\u00edas y tiene opci\u00f3n de hotel\" \/>\n\t\t<meta property=\"og:url\" content=\"https:\/\/soymigrante.com\/revista\/refugio-natural-cerca-de-la-capital-la-reserva-ecologica-senderos-de-alux-en-sacatepequez\/\" \/>\n\t\t<meta property=\"og:image\" content=\"https:\/\/soymigrante.com\/revista\/wp-content\/uploads\/2026\/04\/parque-ecologico-senderos-de-alux-5.jpg\" \/>\n\t\t<meta property=\"og:image:secure_url\" content=\"https:\/\/soymigrante.com\/revista\/wp-content\/uploads\/2026\/04\/parque-ecologico-senderos-de-alux-5.jpg\" \/>\n\t\t<meta property=\"og:image:width\" content=\"1536\" \/>\n\t\t<meta property=\"og:image:height\" content=\"1536\" \/>\n\t\t<meta property=\"article:published_time\" content=\"2026-04-22T13:33:02+00:00\" \/>\n\t\t<meta property=\"article:modified_time\" content=\"2026-04-22T13:36:04+00:00\" \/>\n\t\t<meta property=\"article:publisher\" content=\"https:\/\/www.facebook.com\/soymigrantecom\" \/>\n\t\t<meta name=\"twitter:card\" content=\"summary_large_image\" \/>\n\t\t<meta name=\"twitter:site\" content=\"@SoyMigrante_com\" \/>\n\t\t<meta name=\"twitter:title\" content=\"Senderos de Alux: un refugio natural cerca de la capital\" \/>\n\t\t<meta name=\"twitter:description\" content=\"Reserva natural en San Lucas Sacatepequez fue creada en 2001 protege el bosque y fuentes de agua: puede ser visitado todos los d\u00edas y tiene opci\u00f3n de hotel\" \/>\n\t\t<meta name=\"twitter:creator\" content=\"@SoyMigrante_com\" \/>\n\t\t<meta name=\"twitter:image\" content=\"https:\/\/soymigrante.com\/revista\/wp-content\/uploads\/2026\/04\/parque-ecologico-senderos-de-alux-5.jpg\" \/>\n\t\t<!-- All in One SEO Pro -->\r\n\t\t<title>Senderos de Alux: un refugio natural cerca de la capital<\/title>\n\n","aioseo_head_json":{"title":"Senderos de Alux: un refugio natural cerca de la capital","description":"Reserva natural en San Lucas Sacatepequez fue creada en 2001 protege el bosque y fuentes de agua: puede ser visitado todos los d\u00edas y tiene opci\u00f3n de hotel","canonical_url":"https:\/\/soymigrante.com\/revista\/refugio-natural-cerca-de-la-capital-la-reserva-ecologica-senderos-de-alux-en-sacatepequez\/","robots":"max-snippet:-1, max-image-preview:large, max-video-preview:-1","keywords":"","webmasterTools":{"miscellaneous":"&lt;link rel=\"preconnect\" href=\"https:\/\/fonts.googleapis.com\" crossorigin&gt;\n&lt;link rel=\"preconnect\" href=\"https:\/\/fonts.gstatic.com\" crossorigin&gt;"},"schema":null,"og:locale":"es_ES","og:site_name":"SoyMigrante.com REVISTA \u2013 Nuestra misi\u00f3n es reconocer y dignificar al migrante.","og:type":"article","og:title":"Senderos de Alux: un refugio natural cerca de la capital","og:description":"Reserva natural en San Lucas Sacatepequez fue creada en 2001 protege el bosque y fuentes de agua: puede ser visitado todos los d\u00edas y tiene opci\u00f3n de hotel","og:url":"https:\/\/soymigrante.com\/revista\/refugio-natural-cerca-de-la-capital-la-reserva-ecologica-senderos-de-alux-en-sacatepequez\/","og:image":"https:\/\/soymigrante.com\/revista\/wp-content\/uploads\/2026\/04\/parque-ecologico-senderos-de-alux-5.jpg","og:image:secure_url":"https:\/\/soymigrante.com\/revista\/wp-content\/uploads\/2026\/04\/parque-ecologico-senderos-de-alux-5.jpg","og:image:width":1536,"og:image:height":1536,"article:published_time":"2026-04-22T13:33:02+00:00","article:modified_time":"2026-04-22T13:36:04+00:00","article:publisher":"https:\/\/www.facebook.com\/soymigrantecom","twitter:card":"summary_large_image","twitter:site":"@SoyMigrante_com","twitter:title":"Senderos de Alux: un refugio natural cerca de la capital","twitter:description":"Reserva natural en San Lucas Sacatepequez fue creada en 2001 protege el bosque y fuentes de agua: puede ser visitado todos los d\u00edas y tiene opci\u00f3n de hotel","twitter:creator":"@SoyMigrante_com","twitter:image":"https:\/\/soymigrante.com\/revista\/wp-content\/uploads\/2026\/04\/parque-ecologico-senderos-de-alux-5.jpg"},"aioseo_meta_data":{"post_id":"3138","title":null,"description":null,"keywords":[],"keyphrases":{"focus":{"keyphrase":"Migrantes","score":82,"analysis":{"keyphraseInTitle":{"score":9,"maxScore":9,"error":0},"keyphraseInDescription":{"score":9,"maxScore":9,"error":0},"keyphraseLength":{"score":9,"maxScore":9,"error":0,"length":1},"keyphraseInURL":{"score":5,"maxScore":5,"error":0},"keyphraseInIntroduction":{"score":3,"maxScore":9,"error":1},"keyphraseInSubHeadings":{"score":3,"maxScore":9,"error":1},"keyphraseInImageAlt":{"score":9,"maxScore":9,"error":0},"keywordDensity":{"type":"best","score":9,"maxScore":9,"error":0}}},"additional":[]},"primary_term":null,"canonical_url":null,"og_title":null,"og_description":null,"og_object_type":"default","og_image_type":"default","og_image_url":null,"og_image_width":null,"og_image_height":null,"og_image_custom_url":null,"og_image_custom_fields":null,"og_video":"","og_custom_url":null,"og_article_section":null,"og_article_tags":[],"twitter_use_og":false,"twitter_card":"default","twitter_image_type":"default","twitter_image_url":null,"twitter_image_custom_url":null,"twitter_image_custom_fields":null,"twitter_title":null,"twitter_description":null,"schema":{"blockGraphs":[],"customGraphs":[],"default":{"data":{"Article":[],"Course":[],"Dataset":[],"FAQPage":[],"Movie":[],"Person":[],"Product":[],"ProductReview":[],"Car":[],"Recipe":[],"Service":[],"SoftwareApplication":[],"WebPage":[]},"graphName":"BlogPosting","isEnabled":true},"graphs":[]},"schema_type":"default","schema_type_options":null,"pillar_content":false,"robots_default":true,"robots_noindex":false,"robots_noarchive":false,"robots_nosnippet":false,"robots_nofollow":false,"robots_noimageindex":false,"robots_noodp":false,"robots_notranslate":false,"robots_max_snippet":"-1","robots_max_videopreview":"-1","robots_max_imagepreview":"large","priority":null,"frequency":"default","local_seo":null,"seo_analyzer_scan_date":"2025-10-08 20:37:51","breadcrumb_settings":null,"limit_modified_date":false,"reviewed_by":null,"open_ai":null,"ai":null,"created":"2023-11-01 17:50:25","updated":"2026-02-04 09:50:24"},"aioseo_breadcrumb":"<div class=\"aioseo-breadcrumbs\"><span class=\"aioseo-breadcrumb\">\n\t<a href=\"https:\/\/soymigrante.com\/revista\" title=\"Home\">Home<\/a>\n<\/span><span class=\"aioseo-breadcrumb-separator\">\u00bb<\/span><span class=\"aioseo-breadcrumb\">\n\t<a href=\"https:\/\/soymigrante.com\/revista\/category\/exitos\/\" title=\"\u00c9xitos\">\u00c9xitos<\/a>\n<\/span><span class=\"aioseo-breadcrumb-separator\">\u00bb<\/span><span class=\"aioseo-breadcrumb\">\n\tHelados sin fronteras y mucho m\u00e1s logran los migrantes Marleny y El\u00edas en Virginia\n<\/span><\/div>","aioseo_breadcrumb_json":[{"label":"Home","link":"https:\/\/soymigrante.com\/revista"},{"label":"\u00c9xitos","link":"https:\/\/soymigrante.com\/revista\/category\/exitos\/"},{"label":"Helados sin fronteras y mucho m\u00e1s logran los migrantes Marleny y El\u00edas en Virginia","link":"https:\/\/soymigrante.com\/revista\/helados-sin-fronteras-y-mucho-mas-logran-los-migrantes-marleny-y-elias\/"}],"_links":{"self":[{"href":"https:\/\/soymigrante.com\/revista\/wp-json\/wp\/v2\/posts\/3138","targetHints":{"allow":["GET"]}}],"collection":[{"href":"https:\/\/soymigrante.com\/revista\/wp-json\/wp\/v2\/posts"}],"about":[{"href":"https:\/\/soymigrante.com\/revista\/wp-json\/wp\/v2\/types\/post"}],"author":[{"embeddable":true,"href":"https:\/\/soymigrante.com\/revista\/wp-json\/wp\/v2\/users\/7"}],"replies":[{"embeddable":true,"href":"https:\/\/soymigrante.com\/revista\/wp-json\/wp\/v2\/comments?post=3138"}],"version-history":[{"count":0,"href":"https:\/\/soymigrante.com\/revista\/wp-json\/wp\/v2\/posts\/3138\/revisions"}],"wp:featuredmedia":[{"embeddable":true,"href":"https:\/\/soymigrante.com\/revista\/wp-json\/wp\/v2\/media\/3164"}],"wp:attachment":[{"href":"https:\/\/soymigrante.com\/revista\/wp-json\/wp\/v2\/media?parent=3138"}],"wp:term":[{"taxonomy":"category","embeddable":true,"href":"https:\/\/soymigrante.com\/revista\/wp-json\/wp\/v2\/categories?post=3138"},{"taxonomy":"post_tag","embeddable":true,"href":"https:\/\/soymigrante.com\/revista\/wp-json\/wp\/v2\/tags?post=3138"}],"curies":[{"name":"wp","href":"https:\/\/api.w.org\/{rel}","templated":true}]}}