{"id":3120,"date":"2023-11-01T09:06:26","date_gmt":"2023-11-01T15:06:26","guid":{"rendered":"https:\/\/soymigrante.com\/revista\/?p=3120"},"modified":"2025-09-16T08:25:31","modified_gmt":"2025-09-16T14:25:31","slug":"cinco-grandes-sabores-de-guatemala-en-noviembre","status":"publish","type":"post","link":"https:\/\/soymigrante.com\/revista\/cinco-grandes-sabores-de-guatemala-en-noviembre\/","title":{"rendered":"Cinco grandes sabores de Guatemala en  noviembre"},"content":{"rendered":"\t\t<div data-elementor-type=\"wp-post\" data-elementor-id=\"3120\" class=\"elementor elementor-3120\" data-elementor-post-type=\"post\">\n\t\t\t\t\t\t<section data-particle_enable=\"false\" data-particle-mobile-disabled=\"false\" class=\"elementor-section elementor-top-section elementor-element elementor-element-08d4224 elementor-section-boxed elementor-section-height-default elementor-section-height-default\" data-id=\"08d4224\" data-element_type=\"section\" data-e-type=\"section\">\n\t\t\t\t\t\t<div class=\"elementor-container elementor-column-gap-default\">\n\t\t\t\t\t<div class=\"elementor-column elementor-col-100 elementor-top-column elementor-element elementor-element-a1e4b67\" data-id=\"a1e4b67\" data-element_type=\"column\" data-e-type=\"column\">\n\t\t\t<div class=\"elementor-widget-wrap elementor-element-populated\">\n\t\t\t\t\t\t<div class=\"elementor-element elementor-element-2c28b9e elementor-widget elementor-widget-heading\" data-id=\"2c28b9e\" data-element_type=\"widget\" data-e-type=\"widget\" data-widget_type=\"heading.default\">\n\t\t\t\t\t<h1 class=\"elementor-heading-title elementor-size-default\">Cada 1 y 2 de noviembre de cada a\u00f1o en Guatemala surgen sabores que deleitan a todos, dentro y fuera del pa\u00eds. Pero el gusto a menudo se extiende por todo noviembre.\n<\/h1>\t\t\t\t<\/div>\n\t\t\t\t\t<\/div>\n\t\t<\/div>\n\t\t\t\t\t<\/div>\n\t\t<\/section>\n\t\t\t\t<section data-particle_enable=\"false\" data-particle-mobile-disabled=\"false\" class=\"elementor-section elementor-top-section elementor-element elementor-element-95e823d elementor-section-boxed elementor-section-height-default elementor-section-height-default\" data-id=\"95e823d\" data-element_type=\"section\" data-e-type=\"section\">\n\t\t\t\t\t\t<div class=\"elementor-container elementor-column-gap-default\">\n\t\t\t\t\t<div class=\"elementor-column elementor-col-100 elementor-top-column elementor-element elementor-element-605ee52\" data-id=\"605ee52\" data-element_type=\"column\" data-e-type=\"column\">\n\t\t\t<div class=\"elementor-widget-wrap elementor-element-populated\">\n\t\t\t\t\t\t<div class=\"elementor-element elementor-element-169cca9 elementor-widget elementor-widget-video\" data-id=\"169cca9\" data-element_type=\"widget\" data-e-type=\"widget\" data-settings=\"{&quot;youtube_url&quot;:&quot;https:\\\/\\\/www.youtube.com\\\/watch?v=Wz0hvhufEqs&amp;t=17s&quot;,&quot;video_type&quot;:&quot;youtube&quot;,&quot;controls&quot;:&quot;yes&quot;}\" data-widget_type=\"video.default\">\n\t\t\t\t\t\t\t<div class=\"elementor-wrapper elementor-open-inline\">\n\t\t\t<div class=\"elementor-video\"><\/div>\t\t<\/div>\n\t\t\t\t\t\t<\/div>\n\t\t\t\t\t<\/div>\n\t\t<\/div>\n\t\t\t\t\t<\/div>\n\t\t<\/section>\n\t\t\t\t<section data-particle_enable=\"false\" data-particle-mobile-disabled=\"false\" class=\"elementor-section elementor-top-section elementor-element elementor-element-a0e361b elementor-section-boxed elementor-section-height-default elementor-section-height-default\" data-id=\"a0e361b\" data-element_type=\"section\" data-e-type=\"section\">\n\t\t\t\t\t\t<div class=\"elementor-container elementor-column-gap-default\">\n\t\t\t\t\t<div class=\"elementor-column elementor-col-100 elementor-top-column elementor-element elementor-element-ca89040\" data-id=\"ca89040\" data-element_type=\"column\" data-e-type=\"column\">\n\t\t\t<div class=\"elementor-widget-wrap elementor-element-populated\">\n\t\t\t\t\t\t<div class=\"elementor-element elementor-element-3ecb075 elementor-widget elementor-widget-heading\" data-id=\"3ecb075\" data-element_type=\"widget\" data-e-type=\"widget\" data-widget_type=\"heading.default\">\n\t\t\t\t\t<h2 class=\"elementor-heading-title elementor-size-default\">Ayote en miel\u00a0<\/h2>\t\t\t\t<\/div>\n\t\t\t\t<div class=\"elementor-element elementor-element-8880187 elementor-widget elementor-widget-text-editor\" data-id=\"8880187\" data-element_type=\"widget\" data-e-type=\"widget\" data-widget_type=\"text-editor.default\">\n\t\t\t\t\t\t\t\t\t<p><span style=\"font-weight: 400;\">Es un platillo tradicional a base de panela, az\u00facar, elote y ayote con una cocci\u00f3n aproximada de tres a cuatro horas, este platillo es popular en ferias patronales y d\u00eda de los santos difuntos de Guatemala. Andrea Garc\u00eda prepara este platillo hace 15 a\u00f1os, se ubica todos los a\u00f1os a partir del 15 de octubre al 2 de noviembre en la entrada del cementerio general del municipio de Totonicap\u00e1n.\u00a0<\/span><\/p><p><span style=\"font-weight: 400;\">Garc\u00eda aprendi\u00f3 esta labor a trav\u00e9s su mam\u00e1 qui\u00e9n vendi\u00f3 este antojito durante 25 a\u00f1os, ahora Andrea se hace acompa\u00f1ar de su peque\u00f1a hija. La mayor\u00eda disfruta de este antojo en su visita al cementerio durante el mes de noviembre \u201cLas personas disfrutan con familiares y amigos. Es una bonita tradici\u00f3n donde compartimos y recordamos a nuestros seres queridos\u201d.<\/span><\/p>\t\t\t\t\t\t\t\t<\/div>\n\t\t\t\t\t<\/div>\n\t\t<\/div>\n\t\t\t\t\t<\/div>\n\t\t<\/section>\n\t\t\t\t<section data-particle_enable=\"false\" data-particle-mobile-disabled=\"false\" class=\"elementor-section elementor-top-section elementor-element elementor-element-5887663 elementor-section-boxed elementor-section-height-default elementor-section-height-default\" data-id=\"5887663\" data-element_type=\"section\" data-e-type=\"section\">\n\t\t\t\t\t\t<div class=\"elementor-container elementor-column-gap-default\">\n\t\t\t\t\t<div class=\"elementor-column elementor-col-100 elementor-top-column elementor-element elementor-element-0650e1b\" data-id=\"0650e1b\" data-element_type=\"column\" data-e-type=\"column\">\n\t\t\t<div class=\"elementor-widget-wrap elementor-element-populated\">\n\t\t\t\t\t\t<div class=\"elementor-element elementor-element-5936ae0 elementor-widget elementor-widget-image\" data-id=\"5936ae0\" data-element_type=\"widget\" data-e-type=\"widget\" data-widget_type=\"image.default\">\n\t\t\t\t\t\t\t\t\t\t\t\t<figure class=\"wp-caption\">\n\t\t\t\t\t\t\t\t\t\t<img fetchpriority=\"high\" decoding=\"async\" width=\"1024\" height=\"1024\" src=\"https:\/\/soymigrante.com\/revista\/wp-content\/uploads\/2023\/10\/Ayote-en-miel-es-un-platillo-tradicional-guatemalteco-que-disfruta-a-principios-de-noviembre--1024x1024.webp\" class=\"attachment-large size-large wp-image-3125\" alt=\"Ayote en miel es un platillo tradicional guatemalteco que disfruta a principios de noviembre\" srcset=\"https:\/\/soymigrante.com\/revista\/wp-content\/uploads\/2023\/10\/Ayote-en-miel-es-un-platillo-tradicional-guatemalteco-que-disfruta-a-principios-de-noviembre--1024x1024.webp 1024w, https:\/\/soymigrante.com\/revista\/wp-content\/uploads\/2023\/10\/Ayote-en-miel-es-un-platillo-tradicional-guatemalteco-que-disfruta-a-principios-de-noviembre--300x300.webp 300w, https:\/\/soymigrante.com\/revista\/wp-content\/uploads\/2023\/10\/Ayote-en-miel-es-un-platillo-tradicional-guatemalteco-que-disfruta-a-principios-de-noviembre--150x150.webp 150w, https:\/\/soymigrante.com\/revista\/wp-content\/uploads\/2023\/10\/Ayote-en-miel-es-un-platillo-tradicional-guatemalteco-que-disfruta-a-principios-de-noviembre--768x768.webp 768w, https:\/\/soymigrante.com\/revista\/wp-content\/uploads\/2023\/10\/Ayote-en-miel-es-un-platillo-tradicional-guatemalteco-que-disfruta-a-principios-de-noviembre--1536x1536.webp 1536w, https:\/\/soymigrante.com\/revista\/wp-content\/uploads\/2023\/10\/Ayote-en-miel-es-un-platillo-tradicional-guatemalteco-que-disfruta-a-principios-de-noviembre--scaled.webp 1920w, https:\/\/soymigrante.com\/revista\/wp-content\/uploads\/2023\/10\/Ayote-en-miel-es-un-platillo-tradicional-guatemalteco-que-disfruta-a-principios-de-noviembre--75x75.webp 75w, https:\/\/soymigrante.com\/revista\/wp-content\/uploads\/2023\/10\/Ayote-en-miel-es-un-platillo-tradicional-guatemalteco-que-disfruta-a-principios-de-noviembre--750x750.webp 750w, https:\/\/soymigrante.com\/revista\/wp-content\/uploads\/2023\/10\/Ayote-en-miel-es-un-platillo-tradicional-guatemalteco-que-disfruta-a-principios-de-noviembre--1140x1140.webp 1140w, https:\/\/soymigrante.com\/revista\/wp-content\/uploads\/2023\/10\/Ayote-en-miel-es-un-platillo-tradicional-guatemalteco-que-disfruta-a-principios-de-noviembre--600x600.webp 600w\" sizes=\"(max-width: 1024px) 100vw, 1024px\" title=\"Ayote en miel es un platillo tradicional guatemalteco que disfruta a principios de noviembre \u2013 SoyMigrante.com REVISTA\" \/>\t\t\t\t\t\t\t\t\t\t\t<figcaption class=\"widget-image-caption wp-caption-text\">Ayote en miel es un platillo tradicional guatemalteco que disfruta a principios de noviembre<\/figcaption>\n\t\t\t\t\t\t\t\t\t\t<\/figure>\n\t\t\t\t\t\t\t\t\t<\/div>\n\t\t\t\t\t<\/div>\n\t\t<\/div>\n\t\t\t\t\t<\/div>\n\t\t<\/section>\n\t\t\t\t<section data-particle_enable=\"false\" data-particle-mobile-disabled=\"false\" class=\"elementor-section elementor-top-section elementor-element elementor-element-8e83c18 elementor-section-boxed elementor-section-height-default elementor-section-height-default\" data-id=\"8e83c18\" data-element_type=\"section\" data-e-type=\"section\">\n\t\t\t\t\t\t<div class=\"elementor-container elementor-column-gap-default\">\n\t\t\t\t\t<div class=\"elementor-column elementor-col-100 elementor-top-column elementor-element elementor-element-0c5f5c5\" data-id=\"0c5f5c5\" data-element_type=\"column\" data-e-type=\"column\">\n\t\t\t<div class=\"elementor-widget-wrap elementor-element-populated\">\n\t\t\t\t\t\t<div class=\"elementor-element elementor-element-685c8a0 elementor-widget elementor-widget-heading\" data-id=\"685c8a0\" data-element_type=\"widget\" data-e-type=\"widget\" data-widget_type=\"heading.default\">\n\t\t\t\t\t<h2 class=\"elementor-heading-title elementor-size-default\">El fiambre\u00a0<\/h2>\t\t\t\t<\/div>\n\t\t\t\t<div class=\"elementor-element elementor-element-42aa09b elementor-widget elementor-widget-text-editor\" data-id=\"42aa09b\" data-element_type=\"widget\" data-e-type=\"widget\" data-widget_type=\"text-editor.default\">\n\t\t\t\t\t\t\t\t\t<p><span style=\"font-weight: 400;\">Es la combinaci\u00f3n de ingredientes fr\u00edos. Es caracter\u00edstico por los embutidos, carnes, verduras y condimentos de la casa. En Guatemala existen dos tipos de fiambre rojo y blanco este \u00faltimo destaca por no llevar remolacha. Para degustar de este platillo conlleva d\u00edas previos y un riguroso proceso de preparaci\u00f3n.\u00a0\u00a0<\/span><\/p><p><span style=\"font-weight: 400;\">Danilo Ordo\u00f1ez hace m\u00e1s de 50 a\u00f1os elabora este platillo tradicional \u201cElaboramos este platillo para compartir y comer sabroso el d\u00eda de los santos, nosotros vendemos y compartimos con nuestros seres queridos pero tambi\u00e9n compartimos con personas de escasos recursos\u201d agreg\u00f3.\u00a0<\/span><\/p><p><span style=\"font-weight: 400;\">Para este platillo tradicional se utilizan verduras, salmuera, verduras en lata, carnes, caldillo y adornos. &#8220;Primero se realiza la compra de los ingredientes, se cocinan las verduras y se corta las carnes, es una preparaci\u00f3n de dos a tres d\u00edas antes\u201d.<\/span><\/p>\t\t\t\t\t\t\t\t<\/div>\n\t\t\t\t\t<\/div>\n\t\t<\/div>\n\t\t\t\t\t<\/div>\n\t\t<\/section>\n\t\t\t\t<section data-particle_enable=\"false\" data-particle-mobile-disabled=\"false\" class=\"elementor-section elementor-top-section elementor-element elementor-element-1f222e5 elementor-section-boxed elementor-section-height-default elementor-section-height-default\" data-id=\"1f222e5\" data-element_type=\"section\" data-e-type=\"section\">\n\t\t\t\t\t\t<div class=\"elementor-container elementor-column-gap-default\">\n\t\t\t\t\t<div class=\"elementor-column elementor-col-100 elementor-top-column elementor-element elementor-element-31ffa57\" data-id=\"31ffa57\" data-element_type=\"column\" data-e-type=\"column\">\n\t\t\t<div class=\"elementor-widget-wrap elementor-element-populated\">\n\t\t\t\t\t\t<div class=\"elementor-element elementor-element-6377908 elementor-widget elementor-widget-image\" data-id=\"6377908\" data-element_type=\"widget\" data-e-type=\"widget\" data-widget_type=\"image.default\">\n\t\t\t\t\t\t\t\t\t\t\t\t<figure class=\"wp-caption\">\n\t\t\t\t\t\t\t\t\t\t<img decoding=\"async\" width=\"1024\" height=\"1024\" src=\"https:\/\/soymigrante.com\/revista\/wp-content\/uploads\/2023\/10\/Danilo-Ordonez-es-un-ciudadano-que-cada-ano-realiza-fiambre-blanco-para-compartir-con-su-familia-y-personas-de-escasos-recursos-de-su-localidad-1024x1024.webp\" class=\"attachment-large size-large wp-image-3126\" alt=\"Danilo Ordo\u00f1ez es un ciudadano que cada a\u00f1o realiza fiambre blanco para compartir con su familia y personas de escasos recursos de su localidad\" srcset=\"https:\/\/soymigrante.com\/revista\/wp-content\/uploads\/2023\/10\/Danilo-Ordonez-es-un-ciudadano-que-cada-ano-realiza-fiambre-blanco-para-compartir-con-su-familia-y-personas-de-escasos-recursos-de-su-localidad-1024x1024.webp 1024w, https:\/\/soymigrante.com\/revista\/wp-content\/uploads\/2023\/10\/Danilo-Ordonez-es-un-ciudadano-que-cada-ano-realiza-fiambre-blanco-para-compartir-con-su-familia-y-personas-de-escasos-recursos-de-su-localidad-300x300.webp 300w, https:\/\/soymigrante.com\/revista\/wp-content\/uploads\/2023\/10\/Danilo-Ordonez-es-un-ciudadano-que-cada-ano-realiza-fiambre-blanco-para-compartir-con-su-familia-y-personas-de-escasos-recursos-de-su-localidad-150x150.webp 150w, https:\/\/soymigrante.com\/revista\/wp-content\/uploads\/2023\/10\/Danilo-Ordonez-es-un-ciudadano-que-cada-ano-realiza-fiambre-blanco-para-compartir-con-su-familia-y-personas-de-escasos-recursos-de-su-localidad-768x768.webp 768w, https:\/\/soymigrante.com\/revista\/wp-content\/uploads\/2023\/10\/Danilo-Ordonez-es-un-ciudadano-que-cada-ano-realiza-fiambre-blanco-para-compartir-con-su-familia-y-personas-de-escasos-recursos-de-su-localidad-1536x1536.webp 1536w, https:\/\/soymigrante.com\/revista\/wp-content\/uploads\/2023\/10\/Danilo-Ordonez-es-un-ciudadano-que-cada-ano-realiza-fiambre-blanco-para-compartir-con-su-familia-y-personas-de-escasos-recursos-de-su-localidad-scaled.webp 1920w, https:\/\/soymigrante.com\/revista\/wp-content\/uploads\/2023\/10\/Danilo-Ordonez-es-un-ciudadano-que-cada-ano-realiza-fiambre-blanco-para-compartir-con-su-familia-y-personas-de-escasos-recursos-de-su-localidad-75x75.webp 75w, https:\/\/soymigrante.com\/revista\/wp-content\/uploads\/2023\/10\/Danilo-Ordonez-es-un-ciudadano-que-cada-ano-realiza-fiambre-blanco-para-compartir-con-su-familia-y-personas-de-escasos-recursos-de-su-localidad-750x750.webp 750w, https:\/\/soymigrante.com\/revista\/wp-content\/uploads\/2023\/10\/Danilo-Ordonez-es-un-ciudadano-que-cada-ano-realiza-fiambre-blanco-para-compartir-con-su-familia-y-personas-de-escasos-recursos-de-su-localidad-1140x1140.webp 1140w, https:\/\/soymigrante.com\/revista\/wp-content\/uploads\/2023\/10\/Danilo-Ordonez-es-un-ciudadano-que-cada-ano-realiza-fiambre-blanco-para-compartir-con-su-familia-y-personas-de-escasos-recursos-de-su-localidad-600x600.webp 600w\" sizes=\"(max-width: 1024px) 100vw, 1024px\" title=\"Danilo Ordo\u00f1ez es un ciudadano que cada a\u00f1o realiza fiambre blanco para compartir con su familia y personas de escasos recursos de su localidad \u2013 SoyMigrante.com REVISTA\" \/>\t\t\t\t\t\t\t\t\t\t\t<figcaption class=\"widget-image-caption wp-caption-text\">Danilo Ordo\u00f1ez es un ciudadano que cada a\u00f1o realiza fiambre blanco para compartir con su familia y personas de escasos recursos de su localidad<\/figcaption>\n\t\t\t\t\t\t\t\t\t\t<\/figure>\n\t\t\t\t\t\t\t\t\t<\/div>\n\t\t\t\t\t<\/div>\n\t\t<\/div>\n\t\t\t\t\t<\/div>\n\t\t<\/section>\n\t\t\t\t<section data-particle_enable=\"false\" data-particle-mobile-disabled=\"false\" class=\"elementor-section elementor-top-section elementor-element elementor-element-eb0f570 elementor-section-boxed elementor-section-height-default elementor-section-height-default\" data-id=\"eb0f570\" data-element_type=\"section\" data-e-type=\"section\">\n\t\t\t\t\t\t<div class=\"elementor-container elementor-column-gap-default\">\n\t\t\t\t\t<div class=\"elementor-column elementor-col-100 elementor-top-column elementor-element elementor-element-9c75a89\" data-id=\"9c75a89\" data-element_type=\"column\" data-e-type=\"column\">\n\t\t\t<div class=\"elementor-widget-wrap elementor-element-populated\">\n\t\t\t\t\t\t<div class=\"elementor-element elementor-element-bde6a94 elementor-widget elementor-widget-heading\" data-id=\"bde6a94\" data-element_type=\"widget\" data-e-type=\"widget\" data-widget_type=\"heading.default\">\n\t\t\t\t\t<h2 class=\"elementor-heading-title elementor-size-default\">Atol de elote\u00a0<\/h2>\t\t\t\t<\/div>\n\t\t\t\t<div class=\"elementor-element elementor-element-659d3a9 elementor-widget elementor-widget-text-editor\" data-id=\"659d3a9\" data-element_type=\"widget\" data-e-type=\"widget\" data-widget_type=\"text-editor.default\">\n\t\t\t\t\t\t\t\t\t<p><span style=\"font-weight: 400;\">Es una bebida espesa a base de ma\u00edz, canela, az\u00facar, agua, sal y granos de ma\u00edz. Es considerada una bebida ancestral \u00fanica y deliciosa, se prepara en ocasiones especiales como cumplea\u00f1os y d\u00eda de los santos difuntos. Bebida caliente acompa\u00f1ada de una tostada de res o pollo con salsa roja y cebollas rodajadas.<\/span><\/p><p><span style=\"font-weight: 400;\">\u201cTodos los a\u00f1os vamos al cementerio, luego de hacer la limpieza de los nichos, disfrutamos de un atolito de elote, tambi\u00e9n traemos nuestros envaneces para llevar a nuestra casa\u201d. Dice Mar\u00eda Lucas de Quetzaltenango.\u00a0<\/span><\/p><p><span style=\"font-weight: 400;\">Maruca Per\u00e9z es una de las pioneras en la preparaci\u00f3n del atol elote en Totonicap\u00e1n, Guatemala. Con ollas de barro y cocci\u00f3n a base de le\u00f1a, le dan un toque especial a esta bebida artesanal. Actualmente sus hijos se encargan del negocio familiar.<\/span><\/p>\t\t\t\t\t\t\t\t<\/div>\n\t\t\t\t\t<\/div>\n\t\t<\/div>\n\t\t\t\t\t<\/div>\n\t\t<\/section>\n\t\t\t\t<section data-particle_enable=\"false\" data-particle-mobile-disabled=\"false\" class=\"elementor-section elementor-top-section elementor-element elementor-element-2aec144 elementor-section-boxed elementor-section-height-default elementor-section-height-default\" data-id=\"2aec144\" data-element_type=\"section\" data-e-type=\"section\">\n\t\t\t\t\t\t<div class=\"elementor-container elementor-column-gap-default\">\n\t\t\t\t\t<div class=\"elementor-column elementor-col-100 elementor-top-column elementor-element elementor-element-4861b72\" data-id=\"4861b72\" data-element_type=\"column\" data-e-type=\"column\">\n\t\t\t<div class=\"elementor-widget-wrap elementor-element-populated\">\n\t\t\t\t\t\t<div class=\"elementor-element elementor-element-84d7cf6 elementor-widget elementor-widget-image\" data-id=\"84d7cf6\" data-element_type=\"widget\" data-e-type=\"widget\" data-widget_type=\"image.default\">\n\t\t\t\t\t\t\t\t\t\t\t\t<figure class=\"wp-caption\">\n\t\t\t\t\t\t\t\t\t\t<img decoding=\"async\" width=\"768\" height=\"768\" src=\"https:\/\/soymigrante.com\/revista\/wp-content\/uploads\/2023\/10\/Atol-de-elote-es-un-antojo-tradicional-Guatemalteco-que-se-disfruta-en-especial-en-noviembre-768x768.webp\" class=\"attachment-medium_large size-medium_large wp-image-3128\" alt=\"Atol de elote, es un antojo tradicional Guatemalteco que se disfruta en especial en noviembre\" srcset=\"https:\/\/soymigrante.com\/revista\/wp-content\/uploads\/2023\/10\/Atol-de-elote-es-un-antojo-tradicional-Guatemalteco-que-se-disfruta-en-especial-en-noviembre-768x768.webp 768w, https:\/\/soymigrante.com\/revista\/wp-content\/uploads\/2023\/10\/Atol-de-elote-es-un-antojo-tradicional-Guatemalteco-que-se-disfruta-en-especial-en-noviembre-300x300.webp 300w, https:\/\/soymigrante.com\/revista\/wp-content\/uploads\/2023\/10\/Atol-de-elote-es-un-antojo-tradicional-Guatemalteco-que-se-disfruta-en-especial-en-noviembre-1024x1024.webp 1024w, https:\/\/soymigrante.com\/revista\/wp-content\/uploads\/2023\/10\/Atol-de-elote-es-un-antojo-tradicional-Guatemalteco-que-se-disfruta-en-especial-en-noviembre-150x150.webp 150w, https:\/\/soymigrante.com\/revista\/wp-content\/uploads\/2023\/10\/Atol-de-elote-es-un-antojo-tradicional-Guatemalteco-que-se-disfruta-en-especial-en-noviembre-1536x1536.webp 1536w, https:\/\/soymigrante.com\/revista\/wp-content\/uploads\/2023\/10\/Atol-de-elote-es-un-antojo-tradicional-Guatemalteco-que-se-disfruta-en-especial-en-noviembre-scaled.webp 1920w, https:\/\/soymigrante.com\/revista\/wp-content\/uploads\/2023\/10\/Atol-de-elote-es-un-antojo-tradicional-Guatemalteco-que-se-disfruta-en-especial-en-noviembre-75x75.webp 75w, https:\/\/soymigrante.com\/revista\/wp-content\/uploads\/2023\/10\/Atol-de-elote-es-un-antojo-tradicional-Guatemalteco-que-se-disfruta-en-especial-en-noviembre-750x750.webp 750w, https:\/\/soymigrante.com\/revista\/wp-content\/uploads\/2023\/10\/Atol-de-elote-es-un-antojo-tradicional-Guatemalteco-que-se-disfruta-en-especial-en-noviembre-1140x1140.webp 1140w, https:\/\/soymigrante.com\/revista\/wp-content\/uploads\/2023\/10\/Atol-de-elote-es-un-antojo-tradicional-Guatemalteco-que-se-disfruta-en-especial-en-noviembre-600x600.webp 600w\" sizes=\"(max-width: 768px) 100vw, 768px\" title=\"Atol de elote, es un antojo tradicional Guatemalteco que se disfruta en especial en noviembre \u2013 SoyMigrante.com REVISTA\" \/>\t\t\t\t\t\t\t\t\t\t\t<figcaption class=\"widget-image-caption wp-caption-text\">Atol de elote, es un antojo tradicional Guatemalteco que se disfruta en especial en noviembre<\/figcaption>\n\t\t\t\t\t\t\t\t\t\t<\/figure>\n\t\t\t\t\t\t\t\t\t<\/div>\n\t\t\t\t\t<\/div>\n\t\t<\/div>\n\t\t\t\t\t<\/div>\n\t\t<\/section>\n\t\t\t\t<section data-particle_enable=\"false\" data-particle-mobile-disabled=\"false\" class=\"elementor-section elementor-top-section elementor-element elementor-element-301e2de elementor-section-boxed elementor-section-height-default elementor-section-height-default\" data-id=\"301e2de\" data-element_type=\"section\" data-e-type=\"section\">\n\t\t\t\t\t\t<div class=\"elementor-container elementor-column-gap-default\">\n\t\t\t\t\t<div class=\"elementor-column elementor-col-100 elementor-top-column elementor-element elementor-element-2e32d7f\" data-id=\"2e32d7f\" data-element_type=\"column\" data-e-type=\"column\">\n\t\t\t<div class=\"elementor-widget-wrap elementor-element-populated\">\n\t\t\t\t\t\t<div class=\"elementor-element elementor-element-0188070 elementor-widget elementor-widget-heading\" data-id=\"0188070\" data-element_type=\"widget\" data-e-type=\"widget\" data-widget_type=\"heading.default\">\n\t\t\t\t\t<h2 class=\"elementor-heading-title elementor-size-default\">Durazno o ciruela en miel\u00a0<\/h2>\t\t\t\t<\/div>\n\t\t\t\t<div class=\"elementor-element elementor-element-e0d3a59 elementor-widget elementor-widget-text-editor\" data-id=\"e0d3a59\" data-element_type=\"widget\" data-e-type=\"widget\" data-widget_type=\"text-editor.default\">\n\t\t\t\t\t\t\t\t\t<p><span style=\"font-weight: 400;\">Es una combinaci\u00f3n de ingredientes propios del territorio guatemalteco. Con base de duraznos, ciruelas, az\u00facar, canela y agua se disfruta como un dulce t\u00edpico en diferentes \u00e9pocas del a\u00f1o. En Guatemala se come a finales de octubre y principios de noviembre.<\/span><\/p><p><span style=\"font-weight: 400;\">\u201cDesde peque\u00f1a he probado estos duraznos, con mi familia a veces preparamos en casa, pero los disfrutamos m\u00e1s en esta \u00e9poca en la que compartimos alrededor de los nichos de nuestros familiares\u201d dice Cory L\u00f3pez. Este dulce t\u00edpico se disfruta tambi\u00e9n como postre. Duraznos y ciruelas son cosechadas en los \u00e1rboles en especial del occidente del territorio guatemalteco.<\/span><\/p><p><span style=\"font-weight: 400;\">\u201cComo guatemaltecos debemos sentirnos orgullosos de nuestros platillos tradicionales, observemos o preguntemos sobre su preparaci\u00f3n para no perder esta tradici\u00f3n culinaria\u201d Agreg\u00f3: Amelia Mench\u00fa.\u00a0<\/span><\/p><p>\u00a0<\/p>\t\t\t\t\t\t\t\t<\/div>\n\t\t\t\t\t<\/div>\n\t\t<\/div>\n\t\t\t\t\t<\/div>\n\t\t<\/section>\n\t\t\t\t<section data-particle_enable=\"false\" data-particle-mobile-disabled=\"false\" class=\"elementor-section elementor-top-section elementor-element elementor-element-c42ef5f elementor-section-boxed elementor-section-height-default elementor-section-height-default\" data-id=\"c42ef5f\" data-element_type=\"section\" data-e-type=\"section\">\n\t\t\t\t\t\t<div class=\"elementor-container elementor-column-gap-default\">\n\t\t\t\t\t<div class=\"elementor-column elementor-col-100 elementor-top-column elementor-element elementor-element-513534f\" data-id=\"513534f\" data-element_type=\"column\" data-e-type=\"column\">\n\t\t\t<div class=\"elementor-widget-wrap elementor-element-populated\">\n\t\t\t\t\t\t<div class=\"elementor-element elementor-element-87d63cb elementor-widget elementor-widget-image\" data-id=\"87d63cb\" data-element_type=\"widget\" data-e-type=\"widget\" data-widget_type=\"image.default\">\n\t\t\t\t\t\t\t\t\t\t\t\t<figure class=\"wp-caption\">\n\t\t\t\t\t\t\t\t\t\t<img loading=\"lazy\" decoding=\"async\" width=\"1024\" height=\"1024\" src=\"https:\/\/soymigrante.com\/revista\/wp-content\/uploads\/2023\/10\/Con-base-de-duraznos-ciruelas-azucar-canela-y-agua-1024x1024.webp\" class=\"attachment-large size-large wp-image-3127\" alt=\"Con base de duraznos, ciruelas, az\u00facar, canela y agua\" srcset=\"https:\/\/soymigrante.com\/revista\/wp-content\/uploads\/2023\/10\/Con-base-de-duraznos-ciruelas-azucar-canela-y-agua-1024x1024.webp 1024w, https:\/\/soymigrante.com\/revista\/wp-content\/uploads\/2023\/10\/Con-base-de-duraznos-ciruelas-azucar-canela-y-agua-300x300.webp 300w, https:\/\/soymigrante.com\/revista\/wp-content\/uploads\/2023\/10\/Con-base-de-duraznos-ciruelas-azucar-canela-y-agua-150x150.webp 150w, https:\/\/soymigrante.com\/revista\/wp-content\/uploads\/2023\/10\/Con-base-de-duraznos-ciruelas-azucar-canela-y-agua-768x768.webp 768w, https:\/\/soymigrante.com\/revista\/wp-content\/uploads\/2023\/10\/Con-base-de-duraznos-ciruelas-azucar-canela-y-agua-1536x1536.webp 1536w, https:\/\/soymigrante.com\/revista\/wp-content\/uploads\/2023\/10\/Con-base-de-duraznos-ciruelas-azucar-canela-y-agua-scaled.webp 1920w, https:\/\/soymigrante.com\/revista\/wp-content\/uploads\/2023\/10\/Con-base-de-duraznos-ciruelas-azucar-canela-y-agua-75x75.webp 75w, https:\/\/soymigrante.com\/revista\/wp-content\/uploads\/2023\/10\/Con-base-de-duraznos-ciruelas-azucar-canela-y-agua-750x750.webp 750w, https:\/\/soymigrante.com\/revista\/wp-content\/uploads\/2023\/10\/Con-base-de-duraznos-ciruelas-azucar-canela-y-agua-1140x1140.webp 1140w, https:\/\/soymigrante.com\/revista\/wp-content\/uploads\/2023\/10\/Con-base-de-duraznos-ciruelas-azucar-canela-y-agua-600x600.webp 600w\" sizes=\"(max-width: 1024px) 100vw, 1024px\" title=\"Con base de duraznos, ciruelas, az\u00facar, canela y agua \u2013 SoyMigrante.com REVISTA\" \/>\t\t\t\t\t\t\t\t\t\t\t<figcaption class=\"widget-image-caption wp-caption-text\">Durazno en miel  lo acompa\u00f1an los siguientes ingredientes az\u00facar, canela y agua<\/figcaption>\n\t\t\t\t\t\t\t\t\t\t<\/figure>\n\t\t\t\t\t\t\t\t\t<\/div>\n\t\t\t\t\t<\/div>\n\t\t<\/div>\n\t\t\t\t\t<\/div>\n\t\t<\/section>\n\t\t\t\t<section data-particle_enable=\"false\" data-particle-mobile-disabled=\"false\" class=\"elementor-section elementor-top-section elementor-element elementor-element-bc27542 elementor-section-boxed elementor-section-height-default elementor-section-height-default\" data-id=\"bc27542\" data-element_type=\"section\" data-e-type=\"section\">\n\t\t\t\t\t\t<div class=\"elementor-container elementor-column-gap-default\">\n\t\t\t\t\t<div class=\"elementor-column elementor-col-100 elementor-top-column elementor-element elementor-element-b4c4812\" data-id=\"b4c4812\" data-element_type=\"column\" data-e-type=\"column\">\n\t\t\t<div class=\"elementor-widget-wrap elementor-element-populated\">\n\t\t\t\t\t\t<div class=\"elementor-element elementor-element-1d5a1fd elementor-widget elementor-widget-heading\" data-id=\"1d5a1fd\" data-element_type=\"widget\" data-e-type=\"widget\" data-widget_type=\"heading.default\">\n\t\t\t\t\t<h2 class=\"elementor-heading-title elementor-size-default\">Roscas y man\u00edas\u00a0<\/h2>\t\t\t\t<\/div>\n\t\t\t\t<div class=\"elementor-element elementor-element-9ba9dad elementor-widget elementor-widget-text-editor\" data-id=\"9ba9dad\" data-element_type=\"widget\" data-e-type=\"widget\" data-widget_type=\"text-editor.default\">\n\t\t\t\t\t\t\t\t\t<p><span style=\"font-weight: 400;\">En varios puntos del territorio nacional los cementerios se visten de gala y las principales cuadras se adornan, en ellas se ubican ventas de man\u00edas y roscas para compartir en familia y amigos. \u201cSi claro, esta es una tradici\u00f3n, antes de entrar al cementerio compran roscas o man\u00edas para compartir con todos\u201d dice Miguel L\u00f3pez.<\/span><\/p><p><span style=\"font-weight: 400;\">Las roscas son a base de harina, az\u00facar, huevos, leche, mantequilla y polvos para hornear. Se coc\u00edan en hornos antiguos (hornos de le\u00f1a). La forma de cada rosca se realiza a mano. Hay variedad de roscas entre leche y panela. Do\u00f1a Carmen visita diferentes partes del occidente entre ferias patronales y d\u00eda de muertos para ofrecer sus productos.<\/span><\/p>\t\t\t\t\t\t\t\t<\/div>\n\t\t\t\t\t<\/div>\n\t\t<\/div>\n\t\t\t\t\t<\/div>\n\t\t<\/section>\n\t\t\t\t<section data-particle_enable=\"false\" data-particle-mobile-disabled=\"false\" class=\"elementor-section elementor-top-section elementor-element elementor-element-4a6919e elementor-section-boxed elementor-section-height-default elementor-section-height-default\" data-id=\"4a6919e\" data-element_type=\"section\" data-e-type=\"section\">\n\t\t\t\t\t\t<div class=\"elementor-container elementor-column-gap-default\">\n\t\t\t\t\t<div class=\"elementor-column elementor-col-100 elementor-top-column elementor-element elementor-element-8779d8a\" data-id=\"8779d8a\" data-element_type=\"column\" data-e-type=\"column\">\n\t\t\t<div class=\"elementor-widget-wrap elementor-element-populated\">\n\t\t\t\t\t\t<div class=\"elementor-element elementor-element-882ccc8 elementor-widget elementor-widget-image\" data-id=\"882ccc8\" data-element_type=\"widget\" data-e-type=\"widget\" data-widget_type=\"image.default\">\n\t\t\t\t\t\t\t\t\t\t\t\t<figure class=\"wp-caption\">\n\t\t\t\t\t\t\t\t\t\t<img loading=\"lazy\" decoding=\"async\" width=\"1024\" height=\"1024\" src=\"https:\/\/soymigrante.com\/revista\/wp-content\/uploads\/2023\/10\/Roscas-tradicionales-se-pueden-encontrar-a-la-venta-en-varios-cementerios-del-pais-1024x1024.webp\" class=\"attachment-large size-large wp-image-3129\" alt=\"Roscas tradicionales se pueden encontrar a la venta en varios cementerios del pa\u00eds\" srcset=\"https:\/\/soymigrante.com\/revista\/wp-content\/uploads\/2023\/10\/Roscas-tradicionales-se-pueden-encontrar-a-la-venta-en-varios-cementerios-del-pais-1024x1024.webp 1024w, https:\/\/soymigrante.com\/revista\/wp-content\/uploads\/2023\/10\/Roscas-tradicionales-se-pueden-encontrar-a-la-venta-en-varios-cementerios-del-pais-300x300.webp 300w, https:\/\/soymigrante.com\/revista\/wp-content\/uploads\/2023\/10\/Roscas-tradicionales-se-pueden-encontrar-a-la-venta-en-varios-cementerios-del-pais-150x150.webp 150w, https:\/\/soymigrante.com\/revista\/wp-content\/uploads\/2023\/10\/Roscas-tradicionales-se-pueden-encontrar-a-la-venta-en-varios-cementerios-del-pais-768x768.webp 768w, https:\/\/soymigrante.com\/revista\/wp-content\/uploads\/2023\/10\/Roscas-tradicionales-se-pueden-encontrar-a-la-venta-en-varios-cementerios-del-pais-1536x1536.webp 1536w, https:\/\/soymigrante.com\/revista\/wp-content\/uploads\/2023\/10\/Roscas-tradicionales-se-pueden-encontrar-a-la-venta-en-varios-cementerios-del-pais-scaled.webp 1920w, https:\/\/soymigrante.com\/revista\/wp-content\/uploads\/2023\/10\/Roscas-tradicionales-se-pueden-encontrar-a-la-venta-en-varios-cementerios-del-pais-75x75.webp 75w, https:\/\/soymigrante.com\/revista\/wp-content\/uploads\/2023\/10\/Roscas-tradicionales-se-pueden-encontrar-a-la-venta-en-varios-cementerios-del-pais-750x750.webp 750w, https:\/\/soymigrante.com\/revista\/wp-content\/uploads\/2023\/10\/Roscas-tradicionales-se-pueden-encontrar-a-la-venta-en-varios-cementerios-del-pais-1140x1140.webp 1140w, https:\/\/soymigrante.com\/revista\/wp-content\/uploads\/2023\/10\/Roscas-tradicionales-se-pueden-encontrar-a-la-venta-en-varios-cementerios-del-pais-600x600.webp 600w\" sizes=\"(max-width: 1024px) 100vw, 1024px\" title=\"Roscas tradicionales se pueden encontrar a la venta en varios cementerios del pa\u00eds \u2013 SoyMigrante.com REVISTA\" \/>\t\t\t\t\t\t\t\t\t\t\t<figcaption class=\"widget-image-caption wp-caption-text\">Roscas tradicionales se pueden encontrar a la venta en varios cementerios del pa\u00eds<\/figcaption>\n\t\t\t\t\t\t\t\t\t\t<\/figure>\n\t\t\t\t\t\t\t\t\t<\/div>\n\t\t\t\t\t<\/div>\n\t\t<\/div>\n\t\t\t\t\t<\/div>\n\t\t<\/section>\n\t\t\t\t<section data-particle_enable=\"false\" data-particle-mobile-disabled=\"false\" class=\"elementor-section elementor-top-section elementor-element elementor-element-730a71d elementor-section-boxed elementor-section-height-default elementor-section-height-default\" data-id=\"730a71d\" data-element_type=\"section\" data-e-type=\"section\">\n\t\t\t\t\t\t<div class=\"elementor-container elementor-column-gap-default\">\n\t\t\t\t\t<div class=\"elementor-column elementor-col-100 elementor-top-column elementor-element elementor-element-e8057bf\" data-id=\"e8057bf\" data-element_type=\"column\" data-e-type=\"column\">\n\t\t\t<div class=\"elementor-widget-wrap elementor-element-populated\">\n\t\t\t\t\t\t<div class=\"elementor-element elementor-element-8af6016 elementor-grid-eael-col-2 elementor-grid-tablet-eael-col-2 elementor-grid-mobile-eael-col-1 elementor-widget elementor-widget-eael-post-grid\" data-id=\"8af6016\" data-element_type=\"widget\" data-e-type=\"widget\" data-settings=\"{&quot;eael_post_grid_columns&quot;:&quot;eael-col-2&quot;,&quot;eael_post_grid_columns_tablet&quot;:&quot;eael-col-2&quot;,&quot;eael_post_grid_columns_mobile&quot;:&quot;eael-col-1&quot;}\" data-widget_type=\"eael-post-grid.default\">\n\t\t\t\t\t<div id=\"eael-post-grid-8af6016\" class=\"eael-post-grid-container\">\n            <div class=\"eael-post-grid eael-post-appender eael-post-appender-8af6016 eael-post-grid-style-one\" data-layout-mode=\"masonry\"><article class=\"eael-grid-post  eael-post-grid-column eael-pg-post-2771 category-guate-nuestra\" data-id=\"2771\">\n        <div class=\"eael-grid-post-holder\">\n            <div class=\"eael-grid-post-holder-inner\"><div class=\"eael-entry-media\"><div class=\"eael-entry-overlay fade-in\"><i class=\"fas fa-long-arrow-alt-right\" aria-hidden=\"true\"><\/i><a href=\"https:\/\/soymigrante.com\/revista\/cinco-antojitos-guatemaltecos-que-desatan-la-nostalgia-en-los-migrantes\/\"><\/a><\/div><div class=\"eael-entry-thumbnail \">\n                <img loading=\"lazy\" decoding=\"async\" width=\"300\" height=\"200\" src=\"https:\/\/soymigrante.com\/revista\/wp-content\/uploads\/2023\/09\/Rocio-Ruano-es-productora-y-comerciante-Quezalteca-que-acude-a-las-distintas-ferias-patronales-a-vender-sus-productosjpg-300x200.webp\" class=\"attachment-medium size-medium wp-image-2759\" alt=\"Roc\u00edo Ruano es productora y comerciante Quezalteca que acude a las distintas ferias patronales a vender sus productosjpg\" srcset=\"https:\/\/soymigrante.com\/revista\/wp-content\/uploads\/2023\/09\/Rocio-Ruano-es-productora-y-comerciante-Quezalteca-que-acude-a-las-distintas-ferias-patronales-a-vender-sus-productosjpg-300x200.webp 300w, https:\/\/soymigrante.com\/revista\/wp-content\/uploads\/2023\/09\/Rocio-Ruano-es-productora-y-comerciante-Quezalteca-que-acude-a-las-distintas-ferias-patronales-a-vender-sus-productosjpg-1024x682.webp 1024w, https:\/\/soymigrante.com\/revista\/wp-content\/uploads\/2023\/09\/Rocio-Ruano-es-productora-y-comerciante-Quezalteca-que-acude-a-las-distintas-ferias-patronales-a-vender-sus-productosjpg-768x512.webp 768w, https:\/\/soymigrante.com\/revista\/wp-content\/uploads\/2023\/09\/Rocio-Ruano-es-productora-y-comerciante-Quezalteca-que-acude-a-las-distintas-ferias-patronales-a-vender-sus-productosjpg-1536x1023.webp 1536w, https:\/\/soymigrante.com\/revista\/wp-content\/uploads\/2023\/09\/Rocio-Ruano-es-productora-y-comerciante-Quezalteca-que-acude-a-las-distintas-ferias-patronales-a-vender-sus-productosjpg-750x500.webp 750w, https:\/\/soymigrante.com\/revista\/wp-content\/uploads\/2023\/09\/Rocio-Ruano-es-productora-y-comerciante-Quezalteca-que-acude-a-las-distintas-ferias-patronales-a-vender-sus-productosjpg-1140x760.webp 1140w, https:\/\/soymigrante.com\/revista\/wp-content\/uploads\/2023\/09\/Rocio-Ruano-es-productora-y-comerciante-Quezalteca-que-acude-a-las-distintas-ferias-patronales-a-vender-sus-productosjpg-600x400.webp 600w, https:\/\/soymigrante.com\/revista\/wp-content\/uploads\/2023\/09\/Rocio-Ruano-es-productora-y-comerciante-Quezalteca-que-acude-a-las-distintas-ferias-patronales-a-vender-sus-productosjpg.webp 1600w\" sizes=\"(max-width: 300px) 100vw, 300px\" \/>\n            <\/div>\n        <\/div><div class=\"eael-entry-wrapper\"><header class=\"eael-entry-header\"><h2 class=\"eael-entry-title\"><a class=\"eael-grid-post-link\" href=\"https:\/\/soymigrante.com\/revista\/cinco-antojitos-guatemaltecos-que-desatan-la-nostalgia-en-los-migrantes\/\" title=\"Cinco antojitos guatemaltecos que  desatan la nostalgia en los migrantes\">Cinco antojitos guatemaltecos que  desatan la nostalgia en los migrantes<\/a><\/h2><\/header><\/div><\/div>\n        <\/div>\n    <\/article><article class=\"eael-grid-post  eael-post-grid-column eael-pg-post-370 category-guate-nuestra\" data-id=\"370\">\n        <div class=\"eael-grid-post-holder\">\n            <div class=\"eael-grid-post-holder-inner\"><div class=\"eael-entry-media\"><div class=\"eael-entry-overlay fade-in\"><i class=\"fas fa-long-arrow-alt-right\" aria-hidden=\"true\"><\/i><a href=\"https:\/\/soymigrante.com\/revista\/ecoturismo-en-guatemala\/\"><\/a><\/div><div class=\"eael-entry-thumbnail \">\n                <img loading=\"lazy\" decoding=\"async\" width=\"225\" height=\"300\" src=\"https:\/\/soymigrante.com\/revista\/wp-content\/uploads\/2023\/02\/3-Guate-Nuestra-Chiquimulilla-1-225x300.webp\" class=\"attachment-medium size-medium wp-image-373\" alt=\"\" srcset=\"https:\/\/soymigrante.com\/revista\/wp-content\/uploads\/2023\/02\/3-Guate-Nuestra-Chiquimulilla-1-225x300.webp 225w, https:\/\/soymigrante.com\/revista\/wp-content\/uploads\/2023\/02\/3-Guate-Nuestra-Chiquimulilla-1-768x1024.jpg 768w, https:\/\/soymigrante.com\/revista\/wp-content\/uploads\/2023\/02\/3-Guate-Nuestra-Chiquimulilla-1-1152x1536.jpg 1152w, https:\/\/soymigrante.com\/revista\/wp-content\/uploads\/2023\/02\/3-Guate-Nuestra-Chiquimulilla-1-1536x2048.jpg 1536w, https:\/\/soymigrante.com\/revista\/wp-content\/uploads\/2023\/02\/3-Guate-Nuestra-Chiquimulilla-1-750x1000.webp 750w, https:\/\/soymigrante.com\/revista\/wp-content\/uploads\/2023\/02\/3-Guate-Nuestra-Chiquimulilla-1-1140x1520.jpg 1140w, https:\/\/soymigrante.com\/revista\/wp-content\/uploads\/2023\/02\/3-Guate-Nuestra-Chiquimulilla-1-scaled.webp 1440w\" sizes=\"(max-width: 225px) 100vw, 225px\" \/>\n            <\/div>\n        <\/div><div class=\"eael-entry-wrapper\"><header class=\"eael-entry-header\"><h2 class=\"eael-entry-title\"><a class=\"eael-grid-post-link\" href=\"https:\/\/soymigrante.com\/revista\/ecoturismo-en-guatemala\/\" title=\"Joya natural en la bocacosta de Chiquimulilla, Santa Rosa\">Joya natural en la bocacosta de Chiquimulilla, Santa Rosa<\/a><\/h2><\/header><\/div><\/div>\n        <\/div>\n    <\/article><\/div>\n            <div class=\"clearfix\"><\/div>\n        <\/div>\t\t\t\t<\/div>\n\t\t\t\t\t<\/div>\n\t\t<\/div>\n\t\t\t\t\t<\/div>\n\t\t<\/section>\n\t\t\t\t<\/div>\n\t\t","protected":false},"excerpt":{"rendered":"<p>Cada 1 y 2 de noviembre de cada a\u00f1o en Guatemala surgen sabores que deleitan a todos, dentro y fuera del pa\u00eds. Pero el gusto a menudo se extiende por todo noviembre. https:\/\/www.youtube.com\/watch?v=Wz0hvhufEqs&#038;t=17s Ayote en miel\u00a0 Es un platillo tradicional a base de panela, az\u00facar, elote y ayote con una cocci\u00f3n aproximada de tres a [&hellip;]<\/p>\n","protected":false},"author":10,"featured_media":3137,"comment_status":"open","ping_status":"open","sticky":false,"template":"","format":"standard","meta":{"_acf_changed":false,"_eb_attr":"","footnotes":""},"categories":[58],"tags":[],"class_list":["post-3120","post","type-post","status-publish","format-standard","has-post-thumbnail","hentry","category-guate-nuestra"],"acf":[],"aioseo_notices":[],"aioseo_head":"\n\t\t<!-- All in One SEO Pro 4.9.6.2 - aioseo.com -->\n\t<meta name=\"description\" content=\"Imag\u00ednese un refrescante ba\u00f1o enmedio del calor tropical, entre las monta\u00f1as y la Costa Sur. Rodeados de naturaleza conservada gracias a la labor de un visionario y entusiasta el ecoturismo. Quien visita Guatemala y desea una experiencia ecol\u00f3gica integral no puede dejar de visitar este parque natural conservado gracias a los ideales de un agr\u00f3nomo\" \/>\n\t<meta name=\"robots\" content=\"max-snippet:-1, max-image-preview:large, max-video-preview:-1\" \/>\n\t<meta name=\"author\" content=\"Gustavo Montenegro\"\/>\n\t<link rel=\"canonical\" href=\"https:\/\/soymigrante.com\/revista\/ecoturismo-en-guatemala\/\" \/>\n\t<meta name=\"generator\" content=\"All in One SEO Pro (AIOSEO) 4.9.6.2\" \/>\n\n\t\t<link rel=\"preconnect\" href=\"https:\/\/fonts.googleapis.com\" crossorigin>\n<link rel=\"preconnect\" href=\"https:\/\/fonts.gstatic.com\" crossorigin>\n\t\t<meta property=\"og:locale\" content=\"es_ES\" \/>\n\t\t<meta property=\"og:site_name\" content=\"SoyMigrante.com REVISTA \u2013 Nuestra misi\u00f3n es reconocer y dignificar al migrante.\" \/>\n\t\t<meta property=\"og:type\" content=\"article\" \/>\n\t\t<meta property=\"og:title\" content=\"Joya natural en la bocacosta de Chiquimulilla, Santa Rosa\" \/>\n\t\t<meta property=\"og:description\" content=\"Imag\u00ednese un refrescante ba\u00f1o enmedio del calor tropical, entre las monta\u00f1as y la Costa Sur. Rodeados de naturaleza conservada gracias a la labor de un visionario y entusiasta el ecoturismo. Quien visita Guatemala y desea una experiencia ecol\u00f3gica integral no puede dejar de visitar este parque natural conservado gracias a los ideales de un agr\u00f3nomo\" \/>\n\t\t<meta property=\"og:url\" content=\"https:\/\/soymigrante.com\/revista\/ecoturismo-en-guatemala\/\" \/>\n\t\t<meta property=\"og:image\" content=\"https:\/\/soymigrante.com\/revista\/wp-content\/uploads\/2023\/02\/3-Guate-Nuestra-Chiquimulilla-1-scaled.webp\" \/>\n\t\t<meta property=\"og:image:secure_url\" content=\"https:\/\/soymigrante.com\/revista\/wp-content\/uploads\/2023\/02\/3-Guate-Nuestra-Chiquimulilla-1-scaled.webp\" \/>\n\t\t<meta property=\"og:image:width\" content=\"1440\" \/>\n\t\t<meta property=\"og:image:height\" content=\"1920\" \/>\n\t\t<meta property=\"article:published_time\" content=\"2023-05-26T00:28:52+00:00\" \/>\n\t\t<meta property=\"article:modified_time\" content=\"2024-06-25T22:37:53+00:00\" \/>\n\t\t<meta property=\"article:publisher\" content=\"https:\/\/www.facebook.com\/soymigrantecom\" \/>\n\t\t<meta name=\"twitter:card\" content=\"summary_large_image\" \/>\n\t\t<meta name=\"twitter:site\" content=\"@SoyMigrante_com\" \/>\n\t\t<meta name=\"twitter:title\" content=\"Joya natural en la bocacosta de Chiquimulilla, Santa Rosa\" \/>\n\t\t<meta name=\"twitter:description\" content=\"Imag\u00ednese un refrescante ba\u00f1o enmedio del calor tropical, entre las monta\u00f1as y la Costa Sur. Rodeados de naturaleza conservada gracias a la labor de un visionario y entusiasta el ecoturismo. Quien visita Guatemala y desea una experiencia ecol\u00f3gica integral no puede dejar de visitar este parque natural conservado gracias a los ideales de un agr\u00f3nomo\" \/>\n\t\t<meta name=\"twitter:creator\" content=\"@SoyMigrante_com\" \/>\n\t\t<meta name=\"twitter:image\" content=\"https:\/\/soymigrante.com\/revista\/wp-content\/uploads\/2023\/02\/3-Guate-Nuestra-Chiquimulilla-1-scaled.webp\" \/>\n\t\t<!-- All in One SEO Pro -->\r\n\t\t<title>Joya natural en la bocacosta de Chiquimulilla, Santa Rosa<\/title>\n\n","aioseo_head_json":{"title":"Joya natural en la bocacosta de Chiquimulilla, Santa Rosa","description":"Imag\u00ednese un refrescante ba\u00f1o enmedio del calor tropical, entre las monta\u00f1as y la Costa Sur. Rodeados de naturaleza conservada gracias a la labor de un visionario y entusiasta el ecoturismo. Quien visita Guatemala y desea una experiencia ecol\u00f3gica integral no puede dejar de visitar este parque natural conservado gracias a los ideales de un agr\u00f3nomo","canonical_url":"https:\/\/soymigrante.com\/revista\/ecoturismo-en-guatemala\/","robots":"max-snippet:-1, max-image-preview:large, max-video-preview:-1","keywords":"","webmasterTools":{"miscellaneous":"&lt;link rel=\"preconnect\" href=\"https:\/\/fonts.googleapis.com\" crossorigin&gt;\n&lt;link rel=\"preconnect\" href=\"https:\/\/fonts.gstatic.com\" crossorigin&gt;"},"schema":null,"og:locale":"es_ES","og:site_name":"SoyMigrante.com REVISTA \u2013 Nuestra misi\u00f3n es reconocer y dignificar al migrante.","og:type":"article","og:title":"Joya natural en la bocacosta de Chiquimulilla, Santa Rosa","og:description":"Imag\u00ednese un refrescante ba\u00f1o enmedio del calor tropical, entre las monta\u00f1as y la Costa Sur. Rodeados de naturaleza conservada gracias a la labor de un visionario y entusiasta el ecoturismo. Quien visita Guatemala y desea una experiencia ecol\u00f3gica integral no puede dejar de visitar este parque natural conservado gracias a los ideales de un agr\u00f3nomo","og:url":"https:\/\/soymigrante.com\/revista\/ecoturismo-en-guatemala\/","og:image":"https:\/\/soymigrante.com\/revista\/wp-content\/uploads\/2023\/02\/3-Guate-Nuestra-Chiquimulilla-1-scaled.webp","og:image:secure_url":"https:\/\/soymigrante.com\/revista\/wp-content\/uploads\/2023\/02\/3-Guate-Nuestra-Chiquimulilla-1-scaled.webp","og:image:width":1440,"og:image:height":1920,"article:published_time":"2023-05-26T00:28:52+00:00","article:modified_time":"2024-06-25T22:37:53+00:00","article:publisher":"https:\/\/www.facebook.com\/soymigrantecom","twitter:card":"summary_large_image","twitter:site":"@SoyMigrante_com","twitter:title":"Joya natural en la bocacosta de Chiquimulilla, Santa Rosa","twitter:description":"Imag\u00ednese un refrescante ba\u00f1o enmedio del calor tropical, entre las monta\u00f1as y la Costa Sur. Rodeados de naturaleza conservada gracias a la labor de un visionario y entusiasta el ecoturismo. Quien visita Guatemala y desea una experiencia ecol\u00f3gica integral no puede dejar de visitar este parque natural conservado gracias a los ideales de un agr\u00f3nomo","twitter:creator":"@SoyMigrante_com","twitter:image":"https:\/\/soymigrante.com\/revista\/wp-content\/uploads\/2023\/02\/3-Guate-Nuestra-Chiquimulilla-1-scaled.webp"},"aioseo_meta_data":{"post_id":"3120","title":"Cinco sabores que se disfrutan en noviembre en Guatemala","description":"#post_excerpt Ayote en miel, fiambre, atol de elote son sabores \u00fanicos y tradicionales que se disfrutan el 1 y 2 de noviembre de cada a\u00f1o en Guatemala.","keywords":null,"keyphrases":{"focus":{"keyphrase":"Guatemala","score":74,"analysis":{"keyphraseInTitle":{"score":9,"maxScore":9,"error":0},"keyphraseInDescription":{"score":9,"maxScore":9,"error":0},"keyphraseLength":{"score":9,"maxScore":9,"error":0,"length":1},"keyphraseInURL":{"score":5,"maxScore":5,"error":0},"keyphraseInIntroduction":{"score":3,"maxScore":9,"error":1},"keyphraseInSubHeadings":{"score":3,"maxScore":9,"error":1},"keyphraseInImageAlt":{"score":3,"maxScore":9,"error":1},"keywordDensity":{"type":"best","score":9,"maxScore":9,"error":0}}},"additional":[]},"primary_term":null,"canonical_url":null,"og_title":null,"og_description":null,"og_object_type":"default","og_image_type":"default","og_image_url":null,"og_image_width":null,"og_image_height":null,"og_image_custom_url":null,"og_image_custom_fields":null,"og_video":"","og_custom_url":null,"og_article_section":null,"og_article_tags":null,"twitter_use_og":false,"twitter_card":"default","twitter_image_type":"default","twitter_image_url":null,"twitter_image_custom_url":null,"twitter_image_custom_fields":null,"twitter_title":null,"twitter_description":null,"schema":{"blockGraphs":[],"customGraphs":[],"default":{"data":{"Article":[],"Course":[],"Dataset":[],"FAQPage":[],"Movie":[],"Person":[],"Product":[],"ProductReview":[],"Car":[],"Recipe":[],"Service":[],"SoftwareApplication":[],"WebPage":[]},"graphName":"none","isEnabled":true},"graphs":[]},"schema_type":"default","schema_type_options":null,"pillar_content":false,"robots_default":true,"robots_noindex":false,"robots_noarchive":false,"robots_nosnippet":false,"robots_nofollow":false,"robots_noimageindex":false,"robots_noodp":false,"robots_notranslate":false,"robots_max_snippet":"-1","robots_max_videopreview":"-1","robots_max_imagepreview":"large","priority":null,"frequency":"default","local_seo":null,"seo_analyzer_scan_date":"2025-10-08 20:37:50","breadcrumb_settings":null,"limit_modified_date":false,"reviewed_by":"0","open_ai":null,"ai":{"faqs":[],"keyPoints":[],"titles":[],"descriptions":[],"socialPosts":{"email":[],"linkedin":[],"twitter":[],"facebook":[],"instagram":[]}},"created":"2023-10-31 20:18:18","updated":"2026-02-04 09:50:23"},"aioseo_breadcrumb":"<div class=\"aioseo-breadcrumbs\"><span class=\"aioseo-breadcrumb\">\n\t<a href=\"https:\/\/soymigrante.com\/revista\" title=\"Home\">Home<\/a>\n<\/span><span class=\"aioseo-breadcrumb-separator\">\u00bb<\/span><span class=\"aioseo-breadcrumb\">\n\t<a href=\"https:\/\/soymigrante.com\/revista\/category\/guate-nuestra\/\" title=\"Guate Nuestra\">Guate Nuestra<\/a>\n<\/span><span class=\"aioseo-breadcrumb-separator\">\u00bb<\/span><span class=\"aioseo-breadcrumb\">\n\tCinco grandes sabores de Guatemala en  noviembre\n<\/span><\/div>","aioseo_breadcrumb_json":[{"label":"Home","link":"https:\/\/soymigrante.com\/revista"},{"label":"Guate Nuestra","link":"https:\/\/soymigrante.com\/revista\/category\/guate-nuestra\/"},{"label":"Cinco grandes sabores de Guatemala en  noviembre","link":"https:\/\/soymigrante.com\/revista\/cinco-grandes-sabores-de-guatemala-en-noviembre\/"}],"_links":{"self":[{"href":"https:\/\/soymigrante.com\/revista\/wp-json\/wp\/v2\/posts\/3120","targetHints":{"allow":["GET"]}}],"collection":[{"href":"https:\/\/soymigrante.com\/revista\/wp-json\/wp\/v2\/posts"}],"about":[{"href":"https:\/\/soymigrante.com\/revista\/wp-json\/wp\/v2\/types\/post"}],"author":[{"embeddable":true,"href":"https:\/\/soymigrante.com\/revista\/wp-json\/wp\/v2\/users\/10"}],"replies":[{"embeddable":true,"href":"https:\/\/soymigrante.com\/revista\/wp-json\/wp\/v2\/comments?post=3120"}],"version-history":[{"count":4,"href":"https:\/\/soymigrante.com\/revista\/wp-json\/wp\/v2\/posts\/3120\/revisions"}],"predecessor-version":[{"id":44904,"href":"https:\/\/soymigrante.com\/revista\/wp-json\/wp\/v2\/posts\/3120\/revisions\/44904"}],"wp:featuredmedia":[{"embeddable":true,"href":"https:\/\/soymigrante.com\/revista\/wp-json\/wp\/v2\/media\/3137"}],"wp:attachment":[{"href":"https:\/\/soymigrante.com\/revista\/wp-json\/wp\/v2\/media?parent=3120"}],"wp:term":[{"taxonomy":"category","embeddable":true,"href":"https:\/\/soymigrante.com\/revista\/wp-json\/wp\/v2\/categories?post=3120"},{"taxonomy":"post_tag","embeddable":true,"href":"https:\/\/soymigrante.com\/revista\/wp-json\/wp\/v2\/tags?post=3120"}],"curies":[{"name":"wp","href":"https:\/\/api.w.org\/{rel}","templated":true}]}}