{"id":31178,"date":"2025-04-25T06:00:00","date_gmt":"2025-04-25T12:00:00","guid":{"rendered":"https:\/\/soymigrante.com\/revista\/?p=31178"},"modified":"2025-04-24T22:37:32","modified_gmt":"2025-04-25T04:37:32","slug":"empleado-o-emprendedor-ventajas-y-desventajas-de-ambas-modalidades-laborales","status":"publish","type":"post","link":"https:\/\/soymigrante.com\/revista\/empleado-o-emprendedor-ventajas-y-desventajas-de-ambas-modalidades-laborales\/","title":{"rendered":"\u00bfEmpleado o emprendedor? Ventajas y desventajas de ambas modalidades laborales"},"content":{"rendered":"\t\t<div data-elementor-type=\"wp-post\" data-elementor-id=\"31178\" class=\"elementor elementor-31178\" data-elementor-post-type=\"post\">\n\t\t\t\t<div data-particle_enable=\"false\" data-particle-mobile-disabled=\"false\" class=\"elementor-element elementor-element-f0a3c43 e-flex e-con-boxed e-con e-parent\" data-id=\"f0a3c43\" data-element_type=\"container\" data-e-type=\"container\">\n\t\t\t\t\t<div class=\"e-con-inner\">\n\t\t\t\t<div class=\"elementor-element elementor-element-512299f elementor-widget elementor-widget-heading\" data-id=\"512299f\" data-element_type=\"widget\" data-e-type=\"widget\" data-widget_type=\"heading.default\">\n\t\t\t\t\t<h2 class=\"elementor-heading-title elementor-size-default\">Ser empleado o emprendedor, cada camino es distinto, pero tiene sus ventajas y desventajas. <\/h2>\t\t\t\t<\/div>\n\t\t\t\t\t<\/div>\n\t\t\t\t<\/div>\n\t\t<div data-particle_enable=\"false\" data-particle-mobile-disabled=\"false\" class=\"elementor-element elementor-element-71e2496 e-flex e-con-boxed e-con e-parent\" data-id=\"71e2496\" data-element_type=\"container\" data-e-type=\"container\">\n\t\t\t\t\t<div class=\"e-con-inner\">\n\t\t\t\t<div class=\"elementor-element elementor-element-b25ea32 elementor-widget elementor-widget-text-editor\" data-id=\"b25ea32\" data-element_type=\"widget\" data-e-type=\"widget\" data-widget_type=\"text-editor.default\">\n\t\t\t\t\t\t\t\t\t<p>Muchas personas se enfrentan a esta pregunta en alg\u00fan momento de su vida laboral: \u00bfes mejor trabajar como empleado o lanzarse como emprendedor?<a href=\"https:\/\/soymigrante.com\/revista\/historias-de-ingenio-amor-y-perseverancia-de-emprendedoras-guatemaltecas-de-mercado\/\" target=\"_blank\" rel=\"noopener\"> En tiempos donde el emprendimiento se ve como sin\u00f3nimo de libertad<\/a>, y el empleo como una v\u00eda m\u00e1s segura, vale la pena analizar ambas opciones con objetividad.<\/p><p>Al final, en cualquiera de los dos caminos, hay algo que no cambia: igual hay que trabajar.<\/p>\t\t\t\t\t\t\t\t<\/div>\n\t\t\t\t\t<\/div>\n\t\t\t\t<\/div>\n\t\t<div data-particle_enable=\"false\" data-particle-mobile-disabled=\"false\" class=\"elementor-element elementor-element-f96f035 e-flex e-con-boxed e-con e-parent\" data-id=\"f96f035\" data-element_type=\"container\" data-e-type=\"container\">\n\t\t\t\t\t<div class=\"e-con-inner\">\n\t\t\t\t<div class=\"elementor-element elementor-element-0daf976 elementor-widget elementor-widget-heading\" data-id=\"0daf976\" data-element_type=\"widget\" data-e-type=\"widget\" data-widget_type=\"heading.default\">\n\t\t\t\t\t<h3 class=\"elementor-heading-title elementor-size-default\">Ser empleado: seguridad, estabilidad y estructura<\/h3>\t\t\t\t<\/div>\n\t\t\t\t\t<\/div>\n\t\t\t\t<\/div>\n\t\t<div data-particle_enable=\"false\" data-particle-mobile-disabled=\"false\" class=\"elementor-element elementor-element-2ca539a e-flex e-con-boxed e-con e-parent\" data-id=\"2ca539a\" data-element_type=\"container\" data-e-type=\"container\">\n\t\t\t\t\t<div class=\"e-con-inner\">\n\t\t\t\t<div class=\"elementor-element elementor-element-18a1157 elementor-widget elementor-widget-text-editor\" data-id=\"18a1157\" data-element_type=\"widget\" data-e-type=\"widget\" data-widget_type=\"text-editor.default\">\n\t\t\t\t\t\t\t\t\t<p><a href=\"https:\/\/soymigrante.com\/revista\/historias-de-ingenio-amor-y-perseverancia-de-emprendedoras-guatemaltecas-de-mercado\/\" target=\"_blank\" rel=\"noopener\">Trabajar como empleado implica formar parte de una empresa bajo una relaci\u00f3n laboral formal.<\/a> Esto incluye horarios establecidos, ingresos fijos y, en muchos casos, beneficios adicionales como seguro m\u00e9dico o vacaciones pagadas.<\/p>\t\t\t\t\t\t\t\t<\/div>\n\t\t\t\t\t<\/div>\n\t\t\t\t<\/div>\n\t\t<div data-particle_enable=\"false\" data-particle-mobile-disabled=\"false\" class=\"elementor-element elementor-element-28f67b0 e-flex e-con-boxed e-con e-parent\" data-id=\"28f67b0\" data-element_type=\"container\" data-e-type=\"container\">\n\t\t\t\t\t<div class=\"e-con-inner\">\n\t\t\t\t<div class=\"elementor-element elementor-element-411c11e elementor-widget elementor-widget-text-editor\" data-id=\"411c11e\" data-element_type=\"widget\" data-e-type=\"widget\" data-widget_type=\"text-editor.default\">\n\t\t\t\t\t\t\t\t\t<div><strong>Ventajas del empleo:<\/strong><\/div><div>\u2022Ingresos fijos: cada quincena o mes, se recibe un salario regular.<\/div><div>\u2022Estabilidad legal y social: acceso a prestaciones, cotizaci\u00f3n a la seguridad social y antig\u00fcedad laboral.<\/div><div>\u2022Menor riesgo financiero: no se invierte dinero propio.<\/div><div>\u2022Menor presi\u00f3n por decisiones: las responsabilidades suelen estar delimitadas.<\/div>\t\t\t\t\t\t\t\t<\/div>\n\t\t\t\t\t<\/div>\n\t\t\t\t<\/div>\n\t\t<div data-particle_enable=\"false\" data-particle-mobile-disabled=\"false\" class=\"elementor-element elementor-element-6a70a57 e-flex e-con-boxed e-con e-parent\" data-id=\"6a70a57\" data-element_type=\"container\" data-e-type=\"container\">\n\t\t\t\t\t<div class=\"e-con-inner\">\n\t\t\t\t<div class=\"elementor-element elementor-element-4951d85 elementor-widget elementor-widget-text-editor\" data-id=\"4951d85\" data-element_type=\"widget\" data-e-type=\"widget\" data-widget_type=\"text-editor.default\">\n\t\t\t\t\t\t\t\t\t<div><strong>Desventajas:<\/strong><\/div><div>\u2022Menor libertad de horario: se trabaja bajo reglas y tiempos definidos.<\/div><div>\u2022L\u00edmites de crecimiento: ascender o mejorar el sueldo depende de terceros.<\/div><div>\u2022Dependencia de un empleador: si la empresa decide despedir, el ingreso desaparece.<\/div>\t\t\t\t\t\t\t\t<\/div>\n\t\t\t\t\t<\/div>\n\t\t\t\t<\/div>\n\t\t<div data-particle_enable=\"false\" data-particle-mobile-disabled=\"false\" class=\"elementor-element elementor-element-b49b510 e-flex e-con-boxed e-con e-parent\" data-id=\"b49b510\" data-element_type=\"container\" data-e-type=\"container\">\n\t\t\t\t\t<div class=\"e-con-inner\">\n\t\t\t\t<div class=\"elementor-element elementor-element-ad40dc6 elementor-widget elementor-widget-image\" data-id=\"ad40dc6\" data-element_type=\"widget\" data-e-type=\"widget\" data-widget_type=\"image.default\">\n\t\t\t\t\t\t\t\t\t\t\t\t<figure class=\"wp-caption\">\n\t\t\t\t\t\t\t\t\t\t<img fetchpriority=\"high\" decoding=\"async\" width=\"768\" height=\"610\" src=\"https:\/\/soymigrante.com\/revista\/wp-content\/uploads\/2025\/04\/Empleado-o-emprendedor-ventajas-y-desventajas-de-cada-camino2-1024x813.jpeg\" class=\"attachment-large size-large wp-image-31184\" alt=\"Diverso grupo de profesionales latinoamericanos en una reuni\u00f3n social, destacando la inclusi\u00f3n y las conexiones culturales en el contexto migrante.\" srcset=\"https:\/\/soymigrante.com\/revista\/wp-content\/uploads\/2025\/04\/Empleado-o-emprendedor-ventajas-y-desventajas-de-cada-camino2-1024x813.jpeg 1024w, https:\/\/soymigrante.com\/revista\/wp-content\/uploads\/2025\/04\/Empleado-o-emprendedor-ventajas-y-desventajas-de-cada-camino2-300x238.jpeg 300w, https:\/\/soymigrante.com\/revista\/wp-content\/uploads\/2025\/04\/Empleado-o-emprendedor-ventajas-y-desventajas-de-cada-camino2-768x610.jpeg 768w, https:\/\/soymigrante.com\/revista\/wp-content\/uploads\/2025\/04\/Empleado-o-emprendedor-ventajas-y-desventajas-de-cada-camino2-1536x1219.jpeg 1536w, https:\/\/soymigrante.com\/revista\/wp-content\/uploads\/2025\/04\/Empleado-o-emprendedor-ventajas-y-desventajas-de-cada-camino2-750x595.webp 750w, https:\/\/soymigrante.com\/revista\/wp-content\/uploads\/2025\/04\/Empleado-o-emprendedor-ventajas-y-desventajas-de-cada-camino2-1140x905.webp 1140w, https:\/\/soymigrante.com\/revista\/wp-content\/uploads\/2025\/04\/Empleado-o-emprendedor-ventajas-y-desventajas-de-cada-camino2.webp 1600w\" sizes=\"(max-width: 768px) 100vw, 768px\" title=\"Empleado o emprendedor ventajas y desventajas de cada camino2 \u2013 SoyMigrante.com REVISTA\" \/>\t\t\t\t\t\t\t\t\t\t\t<figcaption class=\"widget-image-caption wp-caption-text\">Fotograf\u00eda de un hombre sonriente con brazos cruzados en primer plano, en un ambiente social con otras personas conversando en el fondo.<\/figcaption>\n\t\t\t\t\t\t\t\t\t\t<\/figure>\n\t\t\t\t\t\t\t\t\t<\/div>\n\t\t\t\t\t<\/div>\n\t\t\t\t<\/div>\n\t\t<div data-particle_enable=\"false\" data-particle-mobile-disabled=\"false\" class=\"elementor-element elementor-element-f80f700 e-flex e-con-boxed e-con e-parent\" data-id=\"f80f700\" data-element_type=\"container\" data-e-type=\"container\">\n\t\t\t\t\t<div class=\"e-con-inner\">\n\t\t\t\t<div class=\"elementor-element elementor-element-1bf6edc elementor-widget elementor-widget-heading\" data-id=\"1bf6edc\" data-element_type=\"widget\" data-e-type=\"widget\" data-widget_type=\"heading.default\">\n\t\t\t\t\t<h3 class=\"elementor-heading-title elementor-size-default\">Ser emprendedor: independencia, riesgo y oportunidad<\/h3>\t\t\t\t<\/div>\n\t\t\t\t\t<\/div>\n\t\t\t\t<\/div>\n\t\t<div data-particle_enable=\"false\" data-particle-mobile-disabled=\"false\" class=\"elementor-element elementor-element-3e39360 e-flex e-con-boxed e-con e-parent\" data-id=\"3e39360\" data-element_type=\"container\" data-e-type=\"container\">\n\t\t\t\t\t<div class=\"e-con-inner\">\n\t\t\t\t<div class=\"elementor-element elementor-element-c6b1fbf elementor-widget elementor-widget-text-editor\" data-id=\"c6b1fbf\" data-element_type=\"widget\" data-e-type=\"widget\" data-widget_type=\"text-editor.default\">\n\t\t\t\t\t\t\t\t\t<p><a href=\"https:\/\/soymigrante.com\/revista\/historias-de-ingenio-amor-y-perseverancia-de-emprendedoras-guatemaltecas-de-mercado\/\" target=\"_blank\" rel=\"noopener\">Un emprendedor es quien inicia y gestiona su propio negocio<\/a>. Puede ser desde un peque\u00f1o emprendimiento informal hasta una empresa establecida. El sue\u00f1o de \u201cser tu propio jefe\u201d es atractivo, pero no est\u00e1 libre de desaf\u00edos.<\/p>\t\t\t\t\t\t\t\t<\/div>\n\t\t\t\t\t<\/div>\n\t\t\t\t<\/div>\n\t\t<div data-particle_enable=\"false\" data-particle-mobile-disabled=\"false\" class=\"elementor-element elementor-element-93623b0 e-flex e-con-boxed e-con e-parent\" data-id=\"93623b0\" data-element_type=\"container\" data-e-type=\"container\">\n\t\t\t\t\t<div class=\"e-con-inner\">\n\t\t\t\t<div class=\"elementor-element elementor-element-5555ae4 elementor-widget elementor-widget-text-editor\" data-id=\"5555ae4\" data-element_type=\"widget\" data-e-type=\"widget\" data-widget_type=\"text-editor.default\">\n\t\t\t\t\t\t\t\t\t<div><strong>Ventajas del emprendimiento:<\/strong><\/div><div>\u2022Libertad para decidir: sobre horarios, productos, clientes y rumbo del negocio.<\/div><div>\u2022Potencial de mayores ingresos: si el negocio crece, las ganancias pueden ser superiores a un salario.<\/div><div>\u2022Satisfacci\u00f3n personal: ver crecer algo propio puede ser muy gratificante.<\/div><div>\u2022Innovaci\u00f3n y creatividad: libertad para probar nuevas ideas sin aprobaci\u00f3n de jefes.<\/div>\t\t\t\t\t\t\t\t<\/div>\n\t\t\t\t\t<\/div>\n\t\t\t\t<\/div>\n\t\t<div data-particle_enable=\"false\" data-particle-mobile-disabled=\"false\" class=\"elementor-element elementor-element-5672b78 e-flex e-con-boxed e-con e-parent\" data-id=\"5672b78\" data-element_type=\"container\" data-e-type=\"container\">\n\t\t\t\t\t<div class=\"e-con-inner\">\n\t\t\t\t<div class=\"elementor-element elementor-element-0a94716 elementor-widget elementor-widget-text-editor\" data-id=\"0a94716\" data-element_type=\"widget\" data-e-type=\"widget\" data-widget_type=\"text-editor.default\">\n\t\t\t\t\t\t\t\t\t<div><strong>Desventajas:<\/strong><\/div><div>\u2022Riesgo financiero: se invierte tiempo y dinero sin garant\u00eda de \u00e9xito.<\/div><div>\u2022No hay sueldo fijo: los ingresos pueden ser inestables, especialmente al inicio.<\/div><div>\u2022Mayor carga de trabajo: en muchos casos, el emprendedor hace de todo: vende, produce, administra, cobra.<\/div><div>\u2022Responsabilidad total: si algo sale mal, no hay a qui\u00e9n culpar ni qui\u00e9n lo respalde.<\/div>\t\t\t\t\t\t\t\t<\/div>\n\t\t\t\t\t<\/div>\n\t\t\t\t<\/div>\n\t\t<div data-particle_enable=\"false\" data-particle-mobile-disabled=\"false\" class=\"elementor-element elementor-element-faf1f75 e-flex e-con-boxed e-con e-parent\" data-id=\"faf1f75\" data-element_type=\"container\" data-e-type=\"container\">\n\t\t\t\t\t<div class=\"e-con-inner\">\n\t\t\t\t<div class=\"elementor-element elementor-element-921f774 elementor-widget elementor-widget-image\" data-id=\"921f774\" data-element_type=\"widget\" data-e-type=\"widget\" data-widget_type=\"image.default\">\n\t\t\t\t\t\t\t\t\t\t\t\t<figure class=\"wp-caption\">\n\t\t\t\t\t\t\t\t\t\t<img decoding=\"async\" width=\"768\" height=\"512\" src=\"https:\/\/soymigrante.com\/revista\/wp-content\/uploads\/2025\/04\/Empleado-o-emprendedor-ventajas-y-desventajas-de-cada-camino4-1024x682.jpeg\" class=\"attachment-large size-large wp-image-31185\" alt=\"Soy migrante mujer en oficina, liderazgo y empoderamiento laboral, comunidad internacional, inclusi\u00f3n y diversidad en el trabajo, inspiraci\u00f3n para migrantes en el \u00e1mbito profesional.\" srcset=\"https:\/\/soymigrante.com\/revista\/wp-content\/uploads\/2025\/04\/Empleado-o-emprendedor-ventajas-y-desventajas-de-cada-camino4-1024x682.jpeg 1024w, https:\/\/soymigrante.com\/revista\/wp-content\/uploads\/2025\/04\/Empleado-o-emprendedor-ventajas-y-desventajas-de-cada-camino4-300x200.jpeg 300w, https:\/\/soymigrante.com\/revista\/wp-content\/uploads\/2025\/04\/Empleado-o-emprendedor-ventajas-y-desventajas-de-cada-camino4-768x512.jpeg 768w, https:\/\/soymigrante.com\/revista\/wp-content\/uploads\/2025\/04\/Empleado-o-emprendedor-ventajas-y-desventajas-de-cada-camino4-1536x1023.jpeg 1536w, https:\/\/soymigrante.com\/revista\/wp-content\/uploads\/2025\/04\/Empleado-o-emprendedor-ventajas-y-desventajas-de-cada-camino4-750x500.webp 750w, https:\/\/soymigrante.com\/revista\/wp-content\/uploads\/2025\/04\/Empleado-o-emprendedor-ventajas-y-desventajas-de-cada-camino4-1140x760.webp 1140w, https:\/\/soymigrante.com\/revista\/wp-content\/uploads\/2025\/04\/Empleado-o-emprendedor-ventajas-y-desventajas-de-cada-camino4.webp 1600w\" sizes=\"(max-width: 768px) 100vw, 768px\" title=\"Empleado o emprendedor ventajas y desventajas de cada camino4 \u2013 SoyMigrante.com REVISTA\" \/>\t\t\t\t\t\t\t\t\t\t\t<figcaption class=\"widget-image-caption wp-caption-text\">Ser empleado te garantiza un ingreso fijo todos los meses. (Foto: ENVATO)<\/figcaption>\n\t\t\t\t\t\t\t\t\t\t<\/figure>\n\t\t\t\t\t\t\t\t\t<\/div>\n\t\t\t\t\t<\/div>\n\t\t\t\t<\/div>\n\t\t<div data-particle_enable=\"false\" data-particle-mobile-disabled=\"false\" class=\"elementor-element elementor-element-c4ef94e e-flex e-con-boxed e-con e-parent\" data-id=\"c4ef94e\" data-element_type=\"container\" data-e-type=\"container\">\n\t\t\t\t\t<div class=\"e-con-inner\">\n\t\t\t\t<div class=\"elementor-element elementor-element-f56ccd6 elementor-widget elementor-widget-heading\" data-id=\"f56ccd6\" data-element_type=\"widget\" data-e-type=\"widget\" data-widget_type=\"heading.default\">\n\t\t\t\t\t<h3 class=\"elementor-heading-title elementor-size-default\">\u00bfQu\u00e9 es mejor entonces?<\/h3>\t\t\t\t<\/div>\n\t\t\t\t\t<\/div>\n\t\t\t\t<\/div>\n\t\t<div data-particle_enable=\"false\" data-particle-mobile-disabled=\"false\" class=\"elementor-element elementor-element-a15fbd7 e-flex e-con-boxed e-con e-parent\" data-id=\"a15fbd7\" data-element_type=\"container\" data-e-type=\"container\">\n\t\t\t\t\t<div class=\"e-con-inner\">\n\t\t\t\t<div class=\"elementor-element elementor-element-314d471 elementor-widget elementor-widget-text-editor\" data-id=\"314d471\" data-element_type=\"widget\" data-e-type=\"widget\" data-widget_type=\"text-editor.default\">\n\t\t\t\t\t\t\t\t\t<p>No hay una respuesta universal. <a href=\"https:\/\/soymigrante.com\/revista\/historias-de-ingenio-amor-y-perseverancia-de-emprendedoras-guatemaltecas-de-mercado\/\" target=\"_blank\" rel=\"noopener\">Todo depende de la personalidad, situaci\u00f3n econ\u00f3mica, metas a corto y largo plazo y nivel de tolerancia al riesgo.<\/a> Algunas personas prefieren la estabilidad de un empleo formal; otras se sienten realizadas desarrollando su propio negocio, incluso con incertidumbre.<\/p><p>Muchos tambi\u00e9n combinan ambos caminos: trabajan como empleados mientras desarrollan su emprendimiento en paralelo, hasta que pueden tomar una decisi\u00f3n m\u00e1s segura.<\/p>\t\t\t\t\t\t\t\t<\/div>\n\t\t\t\t\t<\/div>\n\t\t\t\t<\/div>\n\t\t<div data-particle_enable=\"false\" data-particle-mobile-disabled=\"false\" class=\"elementor-element elementor-element-bb1c65b e-flex e-con-boxed e-con e-parent\" data-id=\"bb1c65b\" data-element_type=\"container\" data-e-type=\"container\">\n\t\t\t\t\t<div class=\"e-con-inner\">\n\t\t\t\t<div class=\"elementor-element elementor-element-630b5e3 elementor-widget elementor-widget-text-editor\" data-id=\"630b5e3\" data-element_type=\"widget\" data-e-type=\"widget\" data-widget_type=\"text-editor.default\">\n\t\t\t\t\t\t\t\t\t<p><a href=\"https:\/\/soymigrante.com\/revista\/historias-de-ingenio-amor-y-perseverancia-de-emprendedoras-guatemaltecas-de-mercado\/\" target=\"_blank\" rel=\"noopener\">Ya sea como empleado o como emprendedor, el trabajo duro, la constancia y la responsabilidad son claves<\/a>. No se trata de cu\u00e1l opci\u00f3n es \u201cmejor\u201d, sino de cu\u00e1l se adapta mejor a tu realidad y a tus sue\u00f1os. Porque al final, ning\u00fan camino es f\u00e1cil\u2026 pero ambos pueden llevar al \u00e9xito si se recorren con inteligencia y pasi\u00f3n.<\/p>\t\t\t\t\t\t\t\t<\/div>\n\t\t\t\t\t<\/div>\n\t\t\t\t<\/div>\n\t\t<div data-particle_enable=\"false\" data-particle-mobile-disabled=\"false\" class=\"elementor-element elementor-element-8323185 e-flex e-con-boxed e-con e-parent\" data-id=\"8323185\" data-element_type=\"container\" data-e-type=\"container\">\n\t\t\t\t\t<div class=\"e-con-inner\">\n\t\t\t\t<div class=\"elementor-element elementor-element-ff29669 elementor-widget elementor-widget-heading\" data-id=\"ff29669\" data-element_type=\"widget\" data-e-type=\"widget\" data-widget_type=\"heading.default\">\n\t\t\t\t\t<h2 class=\"elementor-heading-title elementor-size-default\">Estas historias te pueden sorprender...<\/h2>\t\t\t\t<\/div>\n\t\t\t\t\t<\/div>\n\t\t\t\t<\/div>\n\t\t<div data-particle_enable=\"false\" data-particle-mobile-disabled=\"false\" class=\"elementor-element elementor-element-b39d04d e-flex e-con-boxed e-con e-parent\" data-id=\"b39d04d\" data-element_type=\"container\" data-e-type=\"container\">\n\t\t\t\t\t<div class=\"e-con-inner\">\n\t\t\t\t<div class=\"elementor-element elementor-element-3fc7bb2 elementor-grid-eael-col-3 elementor-grid-tablet-eael-col-2 elementor-grid-mobile-eael-col-1 elementor-widget elementor-widget-eael-post-grid\" data-id=\"3fc7bb2\" data-element_type=\"widget\" data-e-type=\"widget\" data-settings=\"{&quot;eael_post_grid_columns&quot;:&quot;eael-col-3&quot;,&quot;eael_post_grid_columns_tablet&quot;:&quot;eael-col-2&quot;,&quot;eael_post_grid_columns_mobile&quot;:&quot;eael-col-1&quot;}\" data-widget_type=\"eael-post-grid.default\">\n\t\t\t\t\t<div id=\"eael-post-grid-3fc7bb2\" class=\"eael-post-grid-container\">\n            <div class=\"eael-post-grid eael-post-appender eael-post-appender-3fc7bb2 eael-post-grid-style-one\" data-layout-mode=\"masonry\"><article class=\"eael-grid-post  eael-post-grid-column eael-pg-post-3572 category-bienestar\" data-id=\"3572\">\n        <div class=\"eael-grid-post-holder\">\n            <div class=\"eael-grid-post-holder-inner\"><div class=\"eael-entry-media\"><div class=\"eael-entry-overlay fade-in\"><i class=\"far fa-hand-pointer\" aria-hidden=\"true\"><\/i><a href=\"https:\/\/soymigrante.com\/revista\/hispanos-migrantes-emprendimientos-negocios-exito\/\"><\/a><\/div><div class=\"eael-entry-thumbnail \">\n                <img decoding=\"async\" width=\"819\" height=\"1024\" src=\"https:\/\/soymigrante.com\/revista\/wp-content\/uploads\/2024\/01\/Melissa-Prado-819x1024.webp\" class=\"attachment-large size-large wp-image-6103\" alt=\"Retrato de mujer con cabello rizado oscuro, sonriendo y vestida con atuendo blanco, en un entorno acogedor, promoviendo temas de migrantes y cultura en SoyMigrante.com REVISTA.\" srcset=\"https:\/\/soymigrante.com\/revista\/wp-content\/uploads\/2024\/01\/Melissa-Prado-819x1024.webp 819w, https:\/\/soymigrante.com\/revista\/wp-content\/uploads\/2024\/01\/Melissa-Prado-240x300.webp 240w, https:\/\/soymigrante.com\/revista\/wp-content\/uploads\/2024\/01\/Melissa-Prado-768x960.webp 768w, https:\/\/soymigrante.com\/revista\/wp-content\/uploads\/2024\/01\/Melissa-Prado-750x938.webp 750w, https:\/\/soymigrante.com\/revista\/wp-content\/uploads\/2024\/01\/Melissa-Prado.webp 1080w\" sizes=\"(max-width: 819px) 100vw, 819px\" \/>\n            <\/div>\n        <\/div><div class=\"eael-entry-wrapper\"><header class=\"eael-entry-header\"><h2 class=\"eael-entry-title\"><a class=\"eael-grid-post-link\" href=\"https:\/\/soymigrante.com\/revista\/hispanos-migrantes-emprendimientos-negocios-exito\/\" title=\"&#8220;Tener un negocio es romper reglas&#8221;: emprendedora Melissa Prado, hija de migrantes hispanos\">&#8220;Tener un negocio es romper reglas&#8221;: emprendedora Melissa Prado, hija de migrantes hispanos<\/a><\/h2><\/header><div class=\"eael-entry-content\">\n                        <div class=\"eael-grid-post-excerpt\"><a href=\"https:\/\/soymigrante.com\/revista\/hispanos-migrantes-emprendimientos-negocios-exito\/\" class=\"eael-post-elements-readmore-btn\">CONOCE SU HISTORIA <\/a><\/div>\n                    <\/div><\/div><\/div>\n        <\/div>\n    <\/article><article class=\"eael-grid-post  eael-post-grid-column eael-pg-post-2480 category-exitos\" data-id=\"2480\">\n        <div class=\"eael-grid-post-holder\">\n            <div class=\"eael-grid-post-holder-inner\"><div class=\"eael-entry-media\"><div class=\"eael-entry-overlay fade-in\"><i class=\"far fa-hand-pointer\" aria-hidden=\"true\"><\/i><a href=\"https:\/\/soymigrante.com\/revista\/isabel-emprendedora-y-migrante-conquista-con-el-sabor-guatemalteco-en-estados-unidos\/\"><\/a><\/div><div class=\"eael-entry-thumbnail \">\n                <img loading=\"lazy\" decoding=\"async\" width=\"1024\" height=\"485\" src=\"https:\/\/soymigrante.com\/revista\/wp-content\/uploads\/2023\/09\/Isabel-llego-a-Estados-Unidos-en-busca-de-una-oportunidad-pero-fue-una-etapa-dificil-a-partir-de-ello-nace-el-emprendimiento-familiar-Granizadas-guatemaltecas-502--1024x485.webp\" class=\"attachment-large size-large wp-image-2464\" alt=\"Isabel llego a Estados Unidos en busca de una oportunidad pero fue una etapa dif\u00edcil a partir de ello nace el emprendimiento familiar Granizadas guatemaltecas 502\" srcset=\"https:\/\/soymigrante.com\/revista\/wp-content\/uploads\/2023\/09\/Isabel-llego-a-Estados-Unidos-en-busca-de-una-oportunidad-pero-fue-una-etapa-dificil-a-partir-de-ello-nace-el-emprendimiento-familiar-Granizadas-guatemaltecas-502--1024x485.webp 1024w, https:\/\/soymigrante.com\/revista\/wp-content\/uploads\/2023\/09\/Isabel-llego-a-Estados-Unidos-en-busca-de-una-oportunidad-pero-fue-una-etapa-dificil-a-partir-de-ello-nace-el-emprendimiento-familiar-Granizadas-guatemaltecas-502--300x142.webp 300w, https:\/\/soymigrante.com\/revista\/wp-content\/uploads\/2023\/09\/Isabel-llego-a-Estados-Unidos-en-busca-de-una-oportunidad-pero-fue-una-etapa-dificil-a-partir-de-ello-nace-el-emprendimiento-familiar-Granizadas-guatemaltecas-502--768x364.webp 768w, https:\/\/soymigrante.com\/revista\/wp-content\/uploads\/2023\/09\/Isabel-llego-a-Estados-Unidos-en-busca-de-una-oportunidad-pero-fue-una-etapa-dificil-a-partir-de-ello-nace-el-emprendimiento-familiar-Granizadas-guatemaltecas-502--1536x728.webp 1536w, https:\/\/soymigrante.com\/revista\/wp-content\/uploads\/2023\/09\/Isabel-llego-a-Estados-Unidos-en-busca-de-una-oportunidad-pero-fue-una-etapa-dificil-a-partir-de-ello-nace-el-emprendimiento-familiar-Granizadas-guatemaltecas-502--750x355.webp 750w, https:\/\/soymigrante.com\/revista\/wp-content\/uploads\/2023\/09\/Isabel-llego-a-Estados-Unidos-en-busca-de-una-oportunidad-pero-fue-una-etapa-dificil-a-partir-de-ello-nace-el-emprendimiento-familiar-Granizadas-guatemaltecas-502--1140x540.webp 1140w, https:\/\/soymigrante.com\/revista\/wp-content\/uploads\/2023\/09\/Isabel-llego-a-Estados-Unidos-en-busca-de-una-oportunidad-pero-fue-una-etapa-dificil-a-partir-de-ello-nace-el-emprendimiento-familiar-Granizadas-guatemaltecas-502-.webp 1600w\" sizes=\"(max-width: 1024px) 100vw, 1024px\" \/>\n            <\/div>\n        <\/div><div class=\"eael-entry-wrapper\"><header class=\"eael-entry-header\"><h2 class=\"eael-entry-title\"><a class=\"eael-grid-post-link\" href=\"https:\/\/soymigrante.com\/revista\/isabel-emprendedora-y-migrante-conquista-con-el-sabor-guatemalteco-en-estados-unidos\/\" title=\"Isabel emprendedora y migrante refresca con sabor guatemalteco en Los Angeles, California\">Isabel emprendedora y migrante refresca con sabor guatemalteco en Los Angeles, California<\/a><\/h2><\/header><div class=\"eael-entry-content\">\n                        <div class=\"eael-grid-post-excerpt\"><a href=\"https:\/\/soymigrante.com\/revista\/isabel-emprendedora-y-migrante-conquista-con-el-sabor-guatemalteco-en-estados-unidos\/\" class=\"eael-post-elements-readmore-btn\">CONOCE SU HISTORIA <\/a><\/div>\n                    <\/div><\/div><\/div>\n        <\/div>\n    <\/article><article class=\"eael-grid-post  eael-post-grid-column eael-pg-post-2002 category-exitos-guatemala tags-nueva-york\" data-id=\"2002\">\n        <div class=\"eael-grid-post-holder\">\n            <div class=\"eael-grid-post-holder-inner\"><div class=\"eael-entry-media\"><div class=\"eael-entry-overlay fade-in\"><i class=\"far fa-hand-pointer\" aria-hidden=\"true\"><\/i><a href=\"https:\/\/soymigrante.com\/revista\/alvaro-batres-migrante-exitoso-nueva-york\/\"><\/a><\/div><div class=\"eael-entry-thumbnail \">\n                <img loading=\"lazy\" decoding=\"async\" width=\"1024\" height=\"728\" src=\"https:\/\/soymigrante.com\/revista\/wp-content\/uploads\/2023\/07\/Captura-de-pantalla-2023-07-29-174259-1024x728.webp\" class=\"attachment-large size-large wp-image-2019\" alt=\"\" srcset=\"https:\/\/soymigrante.com\/revista\/wp-content\/uploads\/2023\/07\/Captura-de-pantalla-2023-07-29-174259-1024x728.webp 1024w, https:\/\/soymigrante.com\/revista\/wp-content\/uploads\/2023\/07\/Captura-de-pantalla-2023-07-29-174259-300x213.webp 300w, https:\/\/soymigrante.com\/revista\/wp-content\/uploads\/2023\/07\/Captura-de-pantalla-2023-07-29-174259-768x546.webp 768w, https:\/\/soymigrante.com\/revista\/wp-content\/uploads\/2023\/07\/Captura-de-pantalla-2023-07-29-174259-120x86.webp 120w, https:\/\/soymigrante.com\/revista\/wp-content\/uploads\/2023\/07\/Captura-de-pantalla-2023-07-29-174259-350x250.webp 350w, https:\/\/soymigrante.com\/revista\/wp-content\/uploads\/2023\/07\/Captura-de-pantalla-2023-07-29-174259-750x533.webp 750w, https:\/\/soymigrante.com\/revista\/wp-content\/uploads\/2023\/07\/Captura-de-pantalla-2023-07-29-174259-1140x810.webp 1140w, https:\/\/soymigrante.com\/revista\/wp-content\/uploads\/2023\/07\/Captura-de-pantalla-2023-07-29-174259.webp 1233w\" sizes=\"(max-width: 1024px) 100vw, 1024px\" \/>\n            <\/div>\n        <\/div><div class=\"eael-entry-wrapper\"><header class=\"eael-entry-header\"><h2 class=\"eael-entry-title\"><a class=\"eael-grid-post-link\" href=\"https:\/\/soymigrante.com\/revista\/alvaro-batres-migrante-exitoso-nueva-york\/\" title=\"El viaje de \u00c1lvaro Batres: Migrante, dise\u00f1ador y emprendedor\">El viaje de \u00c1lvaro Batres: Migrante, dise\u00f1ador y emprendedor<\/a><\/h2><\/header><div class=\"eael-entry-content\">\n                        <div class=\"eael-grid-post-excerpt\"><a href=\"https:\/\/soymigrante.com\/revista\/alvaro-batres-migrante-exitoso-nueva-york\/\" class=\"eael-post-elements-readmore-btn\">CONOCE SU HISTORIA <\/a><\/div>\n                    <\/div><\/div><\/div>\n        <\/div>\n    <\/article><\/div>\n            <div class=\"clearfix\"><\/div>\n        <\/div>\t\t\t\t<\/div>\n\t\t\t\t\t<\/div>\n\t\t\t\t<\/div>\n\t\t\t\t<\/div>\n\t\t","protected":false},"excerpt":{"rendered":"<p>Ser empleado o emprendedor, cada camino es distinto, pero tiene sus ventajas y desventajas. Muchas personas se enfrentan a esta pregunta en alg\u00fan momento de su vida laboral: \u00bfes mejor trabajar como empleado o lanzarse como emprendedor? En tiempos donde el emprendimiento se ve como sin\u00f3nimo de libertad, y el empleo como una v\u00eda m\u00e1s [&hellip;]<\/p>\n","protected":false},"author":19,"featured_media":31179,"comment_status":"open","ping_status":"open","sticky":false,"template":"","format":"standard","meta":{"_acf_changed":false,"_eb_attr":"","footnotes":""},"categories":[55],"tags":[],"class_list":["post-31178","post","type-post","status-publish","format-standard","has-post-thumbnail","hentry","category-bienestar"],"acf":[],"aioseo_notices":[],"aioseo_head":"\n\t\t<!-- All in One SEO Pro 4.9.6.2 - aioseo.com -->\n\t<meta name=\"description\" content=\"\u00c1lvaro Batres, fundador de BCS Media, comparte su viaje desde Guatemala hasta convertirse en un referente en publicidad en Nueva York\" \/>\n\t<meta name=\"robots\" content=\"max-snippet:-1, max-image-preview:large, max-video-preview:-1\" \/>\n\t<meta name=\"author\" content=\"Gustavo Montenegro\"\/>\n\t<link rel=\"canonical\" href=\"https:\/\/soymigrante.com\/revista\/alvaro-batres-migrante-exitoso-nueva-york\/\" \/>\n\t<meta name=\"generator\" content=\"All in One SEO Pro (AIOSEO) 4.9.6.2\" \/>\n\n\t\t<link rel=\"preconnect\" href=\"https:\/\/fonts.googleapis.com\" crossorigin>\n<link rel=\"preconnect\" href=\"https:\/\/fonts.gstatic.com\" crossorigin>\n\t\t<meta property=\"og:locale\" content=\"es_ES\" \/>\n\t\t<meta property=\"og:site_name\" content=\"SoyMigrante.com REVISTA \u2013 Nuestra misi\u00f3n es reconocer y dignificar al migrante.\" \/>\n\t\t<meta property=\"og:type\" content=\"article\" \/>\n\t\t<meta property=\"og:title\" content=\"El viaje de \u00c1lvaro Batres: Migrante, dise\u00f1ador y emprendedor\" \/>\n\t\t<meta property=\"og:description\" content=\"\u00c1lvaro Batres, fundador de BCS Media, comparte su viaje desde Guatemala hasta convertirse en un referente en publicidad en Nueva York\" \/>\n\t\t<meta property=\"og:url\" content=\"https:\/\/soymigrante.com\/revista\/alvaro-batres-migrante-exitoso-nueva-york\/\" \/>\n\t\t<meta property=\"og:image\" content=\"https:\/\/soymigrante.com\/revista\/wp-content\/uploads\/2023\/07\/Captura-de-pantalla-2023-07-29-174259.webp\" \/>\n\t\t<meta property=\"og:image:secure_url\" content=\"https:\/\/soymigrante.com\/revista\/wp-content\/uploads\/2023\/07\/Captura-de-pantalla-2023-07-29-174259.webp\" \/>\n\t\t<meta property=\"og:image:width\" content=\"1233\" \/>\n\t\t<meta property=\"og:image:height\" content=\"876\" \/>\n\t\t<meta property=\"article:published_time\" content=\"2023-07-28T17:52:06+00:00\" \/>\n\t\t<meta property=\"article:modified_time\" content=\"2026-03-11T22:51:39+00:00\" \/>\n\t\t<meta property=\"article:publisher\" content=\"https:\/\/www.facebook.com\/soymigrantecom\" \/>\n\t\t<meta name=\"twitter:card\" content=\"summary_large_image\" \/>\n\t\t<meta name=\"twitter:site\" content=\"@SoyMigrante_com\" \/>\n\t\t<meta name=\"twitter:title\" content=\"El viaje de \u00c1lvaro Batres: Migrante, dise\u00f1ador y emprendedor\" \/>\n\t\t<meta name=\"twitter:description\" content=\"\u00c1lvaro Batres, fundador de BCS Media, comparte su viaje desde Guatemala hasta convertirse en un referente en publicidad en Nueva York\" \/>\n\t\t<meta name=\"twitter:creator\" content=\"@SoyMigrante_com\" \/>\n\t\t<meta name=\"twitter:image\" content=\"https:\/\/soymigrante.com\/revista\/wp-content\/uploads\/2023\/07\/Captura-de-pantalla-2023-07-29-174259.webp\" \/>\n\t\t<!-- All in One SEO Pro -->\r\n\t\t<title>El viaje de \u00c1lvaro Batres: Migrante, dise\u00f1ador y emprendedor<\/title>\n\n","aioseo_head_json":{"title":"El viaje de \u00c1lvaro Batres: Migrante, dise\u00f1ador y emprendedor","description":"\u00c1lvaro Batres, fundador de BCS Media, comparte su viaje desde Guatemala hasta convertirse en un referente en publicidad en Nueva York","canonical_url":"https:\/\/soymigrante.com\/revista\/alvaro-batres-migrante-exitoso-nueva-york\/","robots":"max-snippet:-1, max-image-preview:large, max-video-preview:-1","keywords":"","webmasterTools":{"miscellaneous":"&lt;link rel=\"preconnect\" href=\"https:\/\/fonts.googleapis.com\" crossorigin&gt;\n&lt;link rel=\"preconnect\" href=\"https:\/\/fonts.gstatic.com\" crossorigin&gt;"},"schema":null,"og:locale":"es_ES","og:site_name":"SoyMigrante.com REVISTA \u2013 Nuestra misi\u00f3n es reconocer y dignificar al migrante.","og:type":"article","og:title":"El viaje de \u00c1lvaro Batres: Migrante, dise\u00f1ador y emprendedor","og:description":"\u00c1lvaro Batres, fundador de BCS Media, comparte su viaje desde Guatemala hasta convertirse en un referente en publicidad en Nueva York","og:url":"https:\/\/soymigrante.com\/revista\/alvaro-batres-migrante-exitoso-nueva-york\/","og:image":"https:\/\/soymigrante.com\/revista\/wp-content\/uploads\/2023\/07\/Captura-de-pantalla-2023-07-29-174259.webp","og:image:secure_url":"https:\/\/soymigrante.com\/revista\/wp-content\/uploads\/2023\/07\/Captura-de-pantalla-2023-07-29-174259.webp","og:image:width":1233,"og:image:height":876,"article:published_time":"2023-07-28T17:52:06+00:00","article:modified_time":"2026-03-11T22:51:39+00:00","article:publisher":"https:\/\/www.facebook.com\/soymigrantecom","twitter:card":"summary_large_image","twitter:site":"@SoyMigrante_com","twitter:title":"El viaje de \u00c1lvaro Batres: Migrante, dise\u00f1ador y emprendedor","twitter:description":"\u00c1lvaro Batres, fundador de BCS Media, comparte su viaje desde Guatemala hasta convertirse en un referente en publicidad en Nueva York","twitter:creator":"@SoyMigrante_com","twitter:image":"https:\/\/soymigrante.com\/revista\/wp-content\/uploads\/2023\/07\/Captura-de-pantalla-2023-07-29-174259.webp"},"aioseo_meta_data":{"post_id":"31178","title":"\u00bfEmpleado o emprendedor? Ventajas y desventajas de cada opci\u00f3n","description":null,"keywords":null,"keyphrases":{"focus":{"keyphrase":"empleado","score":91,"analysis":{"keyphraseInTitle":{"score":9,"maxScore":9,"error":0},"keyphraseInDescription":{"score":9,"maxScore":9,"error":0},"keyphraseLength":{"score":9,"maxScore":9,"error":0,"length":1},"keyphraseInURL":{"score":5,"maxScore":5,"error":0},"keyphraseInIntroduction":{"score":9,"maxScore":9,"error":0},"keyphraseInSubHeadings":{"score":3,"maxScore":9,"error":1},"keyphraseInImageAlt":{"score":9,"maxScore":9,"error":0},"keywordDensity":{"type":"best","score":9,"maxScore":9,"error":0}}},"additional":[{"keyphrase":"trabajo","score":53,"analysis":{"keyphraseInDescription":{"score":9,"maxScore":9,"error":0},"keyphraseLength":{"score":9,"maxScore":9,"error":0,"length":1},"keyphraseInIntroduction":{"score":3,"maxScore":9,"error":1},"keyphraseInImageAlt":{"score":3,"maxScore":9,"error":1},"keywordDensity":{"score":0,"type":"low","maxScore":9,"error":1}}},{"keyphrase":"emprendedor","score":100,"analysis":{"keyphraseInDescription":{"score":9,"maxScore":9,"error":0},"keyphraseLength":{"score":9,"maxScore":9,"error":0,"length":1},"keyphraseInIntroduction":{"score":9,"maxScore":9,"error":0},"keyphraseInImageAlt":{"score":9,"maxScore":9,"error":0},"keywordDensity":{"type":"best","score":9,"maxScore":9,"error":0}}}]},"primary_term":null,"canonical_url":null,"og_title":null,"og_description":null,"og_object_type":"default","og_image_type":"default","og_image_url":null,"og_image_width":null,"og_image_height":null,"og_image_custom_url":null,"og_image_custom_fields":null,"og_video":"","og_custom_url":null,"og_article_section":null,"og_article_tags":null,"twitter_use_og":false,"twitter_card":"default","twitter_image_type":"default","twitter_image_url":null,"twitter_image_custom_url":null,"twitter_image_custom_fields":null,"twitter_title":null,"twitter_description":null,"schema":{"blockGraphs":[],"customGraphs":[],"default":{"data":{"Article":[],"Course":[],"Dataset":[],"FAQPage":[],"Movie":[],"Person":[],"Product":[],"ProductReview":[],"Car":[],"Recipe":[],"Service":[],"SoftwareApplication":[],"WebPage":[]},"graphName":"none","isEnabled":true},"graphs":[]},"schema_type":"default","schema_type_options":null,"pillar_content":false,"robots_default":true,"robots_noindex":false,"robots_noarchive":false,"robots_nosnippet":false,"robots_nofollow":false,"robots_noimageindex":false,"robots_noodp":false,"robots_notranslate":false,"robots_max_snippet":"-1","robots_max_videopreview":"-1","robots_max_imagepreview":"large","priority":null,"frequency":"default","local_seo":null,"seo_analyzer_scan_date":"2025-10-09 04:36:27","breadcrumb_settings":null,"limit_modified_date":false,"reviewed_by":null,"open_ai":"{\"title\":{\"suggestions\":[],\"usage\":0},\"description\":{\"suggestions\":[],\"usage\":0}}","ai":null,"created":"2025-04-16 02:30:45","updated":"2026-02-04 23:21:20"},"aioseo_breadcrumb":"<div class=\"aioseo-breadcrumbs\"><span class=\"aioseo-breadcrumb\">\n\t<a href=\"https:\/\/soymigrante.com\/revista\" title=\"Home\">Home<\/a>\n<\/span><span class=\"aioseo-breadcrumb-separator\">\u00bb<\/span><span class=\"aioseo-breadcrumb\">\n\t<a href=\"https:\/\/soymigrante.com\/revista\/category\/bienestar\/\" title=\"Bienestar\">Bienestar<\/a>\n<\/span><span class=\"aioseo-breadcrumb-separator\">\u00bb<\/span><span class=\"aioseo-breadcrumb\">\n\t\u00bfEmpleado o emprendedor? Ventajas y desventajas de ambas modalidades laborales\n<\/span><\/div>","aioseo_breadcrumb_json":[{"label":"Home","link":"https:\/\/soymigrante.com\/revista"},{"label":"Bienestar","link":"https:\/\/soymigrante.com\/revista\/category\/bienestar\/"},{"label":"\u00bfEmpleado o emprendedor? Ventajas y desventajas de ambas modalidades laborales","link":"https:\/\/soymigrante.com\/revista\/empleado-o-emprendedor-ventajas-y-desventajas-de-ambas-modalidades-laborales\/"}],"_links":{"self":[{"href":"https:\/\/soymigrante.com\/revista\/wp-json\/wp\/v2\/posts\/31178","targetHints":{"allow":["GET"]}}],"collection":[{"href":"https:\/\/soymigrante.com\/revista\/wp-json\/wp\/v2\/posts"}],"about":[{"href":"https:\/\/soymigrante.com\/revista\/wp-json\/wp\/v2\/types\/post"}],"author":[{"embeddable":true,"href":"https:\/\/soymigrante.com\/revista\/wp-json\/wp\/v2\/users\/19"}],"replies":[{"embeddable":true,"href":"https:\/\/soymigrante.com\/revista\/wp-json\/wp\/v2\/comments?post=31178"}],"version-history":[{"count":11,"href":"https:\/\/soymigrante.com\/revista\/wp-json\/wp\/v2\/posts\/31178\/revisions"}],"predecessor-version":[{"id":31899,"href":"https:\/\/soymigrante.com\/revista\/wp-json\/wp\/v2\/posts\/31178\/revisions\/31899"}],"wp:featuredmedia":[{"embeddable":true,"href":"https:\/\/soymigrante.com\/revista\/wp-json\/wp\/v2\/media\/31179"}],"wp:attachment":[{"href":"https:\/\/soymigrante.com\/revista\/wp-json\/wp\/v2\/media?parent=31178"}],"wp:term":[{"taxonomy":"category","embeddable":true,"href":"https:\/\/soymigrante.com\/revista\/wp-json\/wp\/v2\/categories?post=31178"},{"taxonomy":"post_tag","embeddable":true,"href":"https:\/\/soymigrante.com\/revista\/wp-json\/wp\/v2\/tags?post=31178"}],"curies":[{"name":"wp","href":"https:\/\/api.w.org\/{rel}","templated":true}]}}