{"id":31171,"date":"2025-04-29T05:00:00","date_gmt":"2025-04-29T11:00:00","guid":{"rendered":"https:\/\/soymigrante.com\/revista\/?p=31171"},"modified":"2025-08-27T11:36:54","modified_gmt":"2025-08-27T17:36:54","slug":"es-necesario-saber-felicitar-por-un-buen-trabajo-y-que-no-se-debe-decir","status":"publish","type":"post","link":"https:\/\/soymigrante.com\/revista\/es-necesario-saber-felicitar-por-un-buen-trabajo-y-que-no-se-debe-decir\/","title":{"rendered":"Es necesario saber felicitar por un buen trabajo (y qu\u00e9 no se debe decir)"},"content":{"rendered":"\t\t<div data-elementor-type=\"wp-post\" data-elementor-id=\"31171\" class=\"elementor elementor-31171\" data-elementor-post-type=\"post\">\n\t\t\t\t<div data-particle_enable=\"false\" data-particle-mobile-disabled=\"false\" class=\"elementor-element elementor-element-15e1c63 e-flex e-con-boxed e-con e-parent\" data-id=\"15e1c63\" data-element_type=\"container\" data-e-type=\"container\">\n\t\t\t\t\t<div class=\"e-con-inner\">\n\t\t\t\t<div class=\"elementor-element elementor-element-18fb4b4 elementor-widget elementor-widget-heading\" data-id=\"18fb4b4\" data-element_type=\"widget\" data-e-type=\"widget\" data-widget_type=\"heading.default\">\n\t\t\t\t\t<h2 class=\"elementor-heading-title elementor-size-default\">En las empresas hay formas de felicitar por un buen trabajo, pero algunas cosas no se deben decir. <\/h2>\t\t\t\t<\/div>\n\t\t\t\t\t<\/div>\n\t\t\t\t<\/div>\n\t\t<div data-particle_enable=\"false\" data-particle-mobile-disabled=\"false\" class=\"elementor-element elementor-element-974a78e e-flex e-con-boxed e-con e-parent\" data-id=\"974a78e\" data-element_type=\"container\" data-e-type=\"container\">\n\t\t\t\t\t<div class=\"e-con-inner\">\n\t\t\t\t<div class=\"elementor-element elementor-element-22774df elementor-widget elementor-widget-text-editor\" data-id=\"22774df\" data-element_type=\"widget\" data-e-type=\"widget\" data-widget_type=\"text-editor.default\">\n\t\t\t\t\t\t\t\t\t<p>Reconocer un buen trabajo no solo mejora el ambiente laboral,<a href=\"https:\/\/soymigrante.com\/revista\/organizacion-de-trabajo-y-tiempo-es-vital-para-el-exito\/\" target=\"_blank\" rel=\"noopener\"> tambi\u00e9n motiva, refuerza la autoestima y fomenta la productividad.<\/a> Sin embargo, no todas las felicitaciones son bien recibidas.<\/p><p>A veces, por desconocimiento o descuido, se pueden lanzar frases que minimizan el esfuerzo, suenan condescendientes o hasta ofensivas, seg\u00fan la psic\u00f3loga, \u00c1ngela Contreras. Aqu\u00ed te compartimos c\u00f3mo felicitar correctamente y qu\u00e9 evitar.<\/p>\t\t\t\t\t\t\t\t<\/div>\n\t\t\t\t\t<\/div>\n\t\t\t\t<\/div>\n\t\t<div data-particle_enable=\"false\" data-particle-mobile-disabled=\"false\" class=\"elementor-element elementor-element-759b14c e-flex e-con-boxed e-con e-parent\" data-id=\"759b14c\" data-element_type=\"container\" data-e-type=\"container\">\n\t\t\t\t\t<div class=\"e-con-inner\">\n\t\t\t\t<div class=\"elementor-element elementor-element-3a86dce elementor-widget elementor-widget-heading\" data-id=\"3a86dce\" data-element_type=\"widget\" data-e-type=\"widget\" data-widget_type=\"heading.default\">\n\t\t\t\t\t<h3 class=\"elementor-heading-title elementor-size-default\">\u00bfPor qu\u00e9 es importante felicitar?<\/h3>\t\t\t\t<\/div>\n\t\t\t\t\t<\/div>\n\t\t\t\t<\/div>\n\t\t<div data-particle_enable=\"false\" data-particle-mobile-disabled=\"false\" class=\"elementor-element elementor-element-c086d83 e-flex e-con-boxed e-con e-parent\" data-id=\"c086d83\" data-element_type=\"container\" data-e-type=\"container\">\n\t\t\t\t\t<div class=\"e-con-inner\">\n\t\t\t\t<div class=\"elementor-element elementor-element-f758888 elementor-widget elementor-widget-text-editor\" data-id=\"f758888\" data-element_type=\"widget\" data-e-type=\"widget\" data-widget_type=\"text-editor.default\">\n\t\t\t\t\t\t\t\t\t<p>Estudios en entornos laborales han demostrado que <a href=\"https:\/\/soymigrante.com\/revista\/organizacion-de-trabajo-y-tiempo-es-vital-para-el-exito\/\" target=\"_blank\" rel=\"noopener\">un reconocimiento genuino aumenta el compromiso del trabajador y mejora las relaciones interpersonales.<\/a> Sentirse valorado puede marcar la diferencia entre alguien que solo cumple y alguien que da lo mejor de s\u00ed.<\/p>\t\t\t\t\t\t\t\t<\/div>\n\t\t\t\t\t<\/div>\n\t\t\t\t<\/div>\n\t\t<div data-particle_enable=\"false\" data-particle-mobile-disabled=\"false\" class=\"elementor-element elementor-element-5e8bc69 e-flex e-con-boxed e-con e-parent\" data-id=\"5e8bc69\" data-element_type=\"container\" data-e-type=\"container\">\n\t\t\t\t\t<div class=\"e-con-inner\">\n\t\t\t\t<div class=\"elementor-element elementor-element-078460b elementor-widget elementor-widget-heading\" data-id=\"078460b\" data-element_type=\"widget\" data-e-type=\"widget\" data-widget_type=\"heading.default\">\n\t\t\t\t\t<h3 class=\"elementor-heading-title elementor-size-default\">Formas efectivas de felicitar a alguien por su trabajo<\/h3>\t\t\t\t<\/div>\n\t\t\t\t\t<\/div>\n\t\t\t\t<\/div>\n\t\t<div data-particle_enable=\"false\" data-particle-mobile-disabled=\"false\" class=\"elementor-element elementor-element-c8b76ad e-flex e-con-boxed e-con e-parent\" data-id=\"c8b76ad\" data-element_type=\"container\" data-e-type=\"container\">\n\t\t\t\t\t<div class=\"e-con-inner\">\n\t\t\t\t<div class=\"elementor-element elementor-element-69af693 elementor-widget elementor-widget-text-editor\" data-id=\"69af693\" data-element_type=\"widget\" data-e-type=\"widget\" data-widget_type=\"text-editor.default\">\n\t\t\t\t\t\t\t\t\t<div><strong>1. S\u00e9 espec\u00edfico<\/strong><\/div><div>Evita frases gen\u00e9ricas como \u201cBuen trabajo\u201d sin contexto. Es mejor decir: \u201cTu presentaci\u00f3n fue clara y completa, especialmente la parte donde resumiste los datos clave\u201d. Eso muestra atenci\u00f3n al detalle y que la felicitaci\u00f3n es genuina.<\/div><div>\u00a0<\/div>\t\t\t\t\t\t\t\t<\/div>\n\t\t\t\t\t<\/div>\n\t\t\t\t<\/div>\n\t\t<div data-particle_enable=\"false\" data-particle-mobile-disabled=\"false\" class=\"elementor-element elementor-element-dc0c3f5 e-flex e-con-boxed e-con e-parent\" data-id=\"dc0c3f5\" data-element_type=\"container\" data-e-type=\"container\">\n\t\t\t\t\t<div class=\"e-con-inner\">\n\t\t\t\t<div class=\"elementor-element elementor-element-60620f9 elementor-widget elementor-widget-text-editor\" data-id=\"60620f9\" data-element_type=\"widget\" data-e-type=\"widget\" data-widget_type=\"text-editor.default\">\n\t\t\t\t\t\t\t\t\t<div><strong>2. Hazlo en el momento adecuado<\/strong><\/div><div>Reconocer el esfuerzo cerca del momento en que ocurri\u00f3 tiene m\u00e1s impacto. No dejes pasar d\u00edas sin decir nada.<\/div><div>\u00a0<\/div>\t\t\t\t\t\t\t\t<\/div>\n\t\t\t\t\t<\/div>\n\t\t\t\t<\/div>\n\t\t<div data-particle_enable=\"false\" data-particle-mobile-disabled=\"false\" class=\"elementor-element elementor-element-cfc1c06 e-flex e-con-boxed e-con e-parent\" data-id=\"cfc1c06\" data-element_type=\"container\" data-e-type=\"container\">\n\t\t\t\t\t<div class=\"e-con-inner\">\n\t\t\t\t<div class=\"elementor-element elementor-element-de39a55 elementor-widget elementor-widget-text-editor\" data-id=\"de39a55\" data-element_type=\"widget\" data-e-type=\"widget\" data-widget_type=\"text-editor.default\">\n\t\t\t\t\t\t\t\t\t<div><strong>3. Felicita en p\u00fablico (cuando es apropiado)<\/strong><\/div><div>Decirlo frente a compa\u00f1eros o en reuniones puede elevar la moral del equipo. <a href=\"https:\/\/soymigrante.com\/revista\/organizacion-de-trabajo-y-tiempo-es-vital-para-el-exito\/\" target=\"_blank\" rel=\"noopener\">Solo aseg\u00farate de que la persona no se sienta inc\u00f3moda con la atenci\u00f3n.<\/a><\/div><div>\u00a0<\/div>\t\t\t\t\t\t\t\t<\/div>\n\t\t\t\t\t<\/div>\n\t\t\t\t<\/div>\n\t\t<div data-particle_enable=\"false\" data-particle-mobile-disabled=\"false\" class=\"elementor-element elementor-element-e4cbb86 e-flex e-con-boxed e-con e-parent\" data-id=\"e4cbb86\" data-element_type=\"container\" data-e-type=\"container\">\n\t\t\t\t\t<div class=\"e-con-inner\">\n\t\t\t\t<div class=\"elementor-element elementor-element-72552d2 elementor-widget elementor-widget-image\" data-id=\"72552d2\" data-element_type=\"widget\" data-e-type=\"widget\" data-widget_type=\"image.default\">\n\t\t\t\t\t\t\t\t\t\t\t\t<figure class=\"wp-caption\">\n\t\t\t\t\t\t\t\t\t\t<img fetchpriority=\"high\" decoding=\"async\" width=\"768\" height=\"512\" src=\"https:\/\/soymigrante.com\/revista\/wp-content\/uploads\/2025\/04\/Formas-de-felicitar-por-un-buen-trabajo-1024x682.jpeg\" class=\"attachment-large size-large wp-image-31174\" alt=\"Personas en reuni\u00f3n de trabajo en oficina moderna, colaborando y compartiendo ideas en un entorno profesional y multicultural, promoviendo diversidad y trabajo en equipo.\" srcset=\"https:\/\/soymigrante.com\/revista\/wp-content\/uploads\/2025\/04\/Formas-de-felicitar-por-un-buen-trabajo-1024x682.jpeg 1024w, https:\/\/soymigrante.com\/revista\/wp-content\/uploads\/2025\/04\/Formas-de-felicitar-por-un-buen-trabajo-300x200.jpeg 300w, https:\/\/soymigrante.com\/revista\/wp-content\/uploads\/2025\/04\/Formas-de-felicitar-por-un-buen-trabajo-768x512.jpeg 768w, https:\/\/soymigrante.com\/revista\/wp-content\/uploads\/2025\/04\/Formas-de-felicitar-por-un-buen-trabajo-1536x1023.jpeg 1536w, https:\/\/soymigrante.com\/revista\/wp-content\/uploads\/2025\/04\/Formas-de-felicitar-por-un-buen-trabajo-750x500.webp 750w, https:\/\/soymigrante.com\/revista\/wp-content\/uploads\/2025\/04\/Formas-de-felicitar-por-un-buen-trabajo-1140x760.webp 1140w, https:\/\/soymigrante.com\/revista\/wp-content\/uploads\/2025\/04\/Formas-de-felicitar-por-un-buen-trabajo.webp 1600w\" sizes=\"(max-width: 768px) 100vw, 768px\" title=\"Formas de felicitar por un buen trabajo \u2013 SoyMigrante.com REVISTA\" \/>\t\t\t\t\t\t\t\t\t\t\t<figcaption class=\"widget-image-caption wp-caption-text\">Reuni\u00f3n en oficina moderna con profesionales diversos y tecnolog\u00eda, destacando colaboraci\u00f3n, trabajo en equipo y diversidad en el entorno laboral.<\/figcaption>\n\t\t\t\t\t\t\t\t\t\t<\/figure>\n\t\t\t\t\t\t\t\t\t<\/div>\n\t\t\t\t\t<\/div>\n\t\t\t\t<\/div>\n\t\t<div data-particle_enable=\"false\" data-particle-mobile-disabled=\"false\" class=\"elementor-element elementor-element-2bf3917 e-flex e-con-boxed e-con e-parent\" data-id=\"2bf3917\" data-element_type=\"container\" data-e-type=\"container\">\n\t\t\t\t\t<div class=\"e-con-inner\">\n\t\t\t\t<div class=\"elementor-element elementor-element-a0d6363 elementor-widget elementor-widget-text-editor\" data-id=\"a0d6363\" data-element_type=\"widget\" data-e-type=\"widget\" data-widget_type=\"text-editor.default\">\n\t\t\t\t\t\t\t\t\t<div><strong>4. Hazlo desde la sinceridad, no por compromiso<\/strong><\/div><div>Se nota cuando alguien lo dice solo por cumplir. Un tono natural y emp\u00e1tico tiene m\u00e1s valor que palabras forzadas.<\/div><div>\u00a0<\/div>\t\t\t\t\t\t\t\t<\/div>\n\t\t\t\t\t<\/div>\n\t\t\t\t<\/div>\n\t\t<div data-particle_enable=\"false\" data-particle-mobile-disabled=\"false\" class=\"elementor-element elementor-element-427addd e-flex e-con-boxed e-con e-parent\" data-id=\"427addd\" data-element_type=\"container\" data-e-type=\"container\">\n\t\t\t\t\t<div class=\"e-con-inner\">\n\t\t\t\t<div class=\"elementor-element elementor-element-efa299d elementor-widget elementor-widget-text-editor\" data-id=\"efa299d\" data-element_type=\"widget\" data-e-type=\"widget\" data-widget_type=\"text-editor.default\">\n\t\t\t\t\t\t\t\t\t<div><strong>5. Usa mensajes escritos o notas cuando no puedes hacerlo en persona<\/strong><\/div><div>Un correo o mensaje con una felicitaci\u00f3n bien redactada puede alegrar el d\u00eda y<a href=\"https:\/\/soymigrante.com\/revista\/organizacion-de-trabajo-y-tiempo-es-vital-para-el-exito\/\" target=\"_blank\" rel=\"noopener\"> sirve como referencia futura.<\/a><\/div><div>\u00a0<\/div>\t\t\t\t\t\t\t\t<\/div>\n\t\t\t\t\t<\/div>\n\t\t\t\t<\/div>\n\t\t<div data-particle_enable=\"false\" data-particle-mobile-disabled=\"false\" class=\"elementor-element elementor-element-2150531 e-flex e-con-boxed e-con e-parent\" data-id=\"2150531\" data-element_type=\"container\" data-e-type=\"container\">\n\t\t\t\t\t<div class=\"e-con-inner\">\n\t\t\t\t<div class=\"elementor-element elementor-element-a69589f elementor-widget elementor-widget-text-editor\" data-id=\"a69589f\" data-element_type=\"widget\" data-e-type=\"widget\" data-widget_type=\"text-editor.default\">\n\t\t\t\t\t\t\t\t\t<p><strong>6. Muestra el impacto de su trabajo<\/strong><br \/>Decir algo como: \u201cGracias a tu esfuerzo, logramos cerrar el trato con el cliente\u201d vincula la acci\u00f3n con un resultado positivo.<\/p>\t\t\t\t\t\t\t\t<\/div>\n\t\t\t\t\t<\/div>\n\t\t\t\t<\/div>\n\t\t<div data-particle_enable=\"false\" data-particle-mobile-disabled=\"false\" class=\"elementor-element elementor-element-1bef3c2 e-flex e-con-boxed e-con e-parent\" data-id=\"1bef3c2\" data-element_type=\"container\" data-e-type=\"container\">\n\t\t\t\t\t<div class=\"e-con-inner\">\n\t\t\t\t<div class=\"elementor-element elementor-element-654c169 elementor-widget elementor-widget-heading\" data-id=\"654c169\" data-element_type=\"widget\" data-e-type=\"widget\" data-widget_type=\"heading.default\">\n\t\t\t\t\t<h3 class=\"elementor-heading-title elementor-size-default\">Qu\u00e9 no se debe decir ni hacer al felicitar<\/h3>\t\t\t\t<\/div>\n\t\t\t\t\t<\/div>\n\t\t\t\t<\/div>\n\t\t<div data-particle_enable=\"false\" data-particle-mobile-disabled=\"false\" class=\"elementor-element elementor-element-0fb03fa e-flex e-con-boxed e-con e-parent\" data-id=\"0fb03fa\" data-element_type=\"container\" data-e-type=\"container\">\n\t\t\t\t\t<div class=\"e-con-inner\">\n\t\t\t\t<div class=\"elementor-element elementor-element-bd97f67 elementor-widget elementor-widget-text-editor\" data-id=\"bd97f67\" data-element_type=\"widget\" data-e-type=\"widget\" data-widget_type=\"text-editor.default\">\n\t\t\t\t\t\t\t\t\t<div><strong>\u2022No uses frases con doble filo o sarcasmo<\/strong><\/div><div>Comentarios como \u201c\u00a1Al fin hiciste algo bien!\u201d o \u201cNo me lo esperaba de ti\u201d son hirientes, aunque se digan en broma.<\/div><div><strong>\u2022Evita minimizar el logro<\/strong><\/div><div>Decir \u201cNo fue gran cosa, pero te qued\u00f3 bien\u201d resta m\u00e9rito y puede desmotivar.<\/div><div><strong>\u2022No combines la felicitaci\u00f3n con una cr\u00edtica inmediata<\/strong><\/div><div>Frases como \u201cTe qued\u00f3 bien, pero la pr\u00f3xima hazlo m\u00e1s r\u00e1pido\u201d empa\u00f1an el reconocimiento.<\/div><div><strong>\u2022No ignores los esfuerzos grupales<\/strong><\/div><div>Si el logro fue colectivo, felicita al equipo completo, no solo a uno.<\/div><div><strong>\u2022No uses un tono<\/strong> <strong>condescendiente<\/strong><\/div><div>Hablar como si le hablaras a un ni\u00f1o o exagerar puede hacer sentir inc\u00f3moda a la persona.<\/div>\t\t\t\t\t\t\t\t<\/div>\n\t\t\t\t\t<\/div>\n\t\t\t\t<\/div>\n\t\t<div data-particle_enable=\"false\" data-particle-mobile-disabled=\"false\" class=\"elementor-element elementor-element-bc9873a e-flex e-con-boxed e-con e-parent\" data-id=\"bc9873a\" data-element_type=\"container\" data-e-type=\"container\">\n\t\t\t\t\t<div class=\"e-con-inner\">\n\t\t\t\t<div class=\"elementor-element elementor-element-496e280 elementor-widget elementor-widget-text-editor\" data-id=\"496e280\" data-element_type=\"widget\" data-e-type=\"widget\" data-widget_type=\"text-editor.default\">\n\t\t\t\t\t\t\t\t\t<p><a href=\"https:\/\/soymigrante.com\/revista\/organizacion-de-trabajo-y-tiempo-es-vital-para-el-exito\/\" target=\"_blank\" rel=\"noopener\">Saber felicitar tambi\u00e9n es una habilidad profesional<\/a>. Reconocer con respeto, sinceridad y claridad puede fortalecer equipos, mejorar relaciones y potenciar resultados. Un \u201cbien hecho\u201d bien dicho puede abrir muchas puertas.<\/p>\t\t\t\t\t\t\t\t<\/div>\n\t\t\t\t\t<\/div>\n\t\t\t\t<\/div>\n\t\t<div data-particle_enable=\"false\" data-particle-mobile-disabled=\"false\" class=\"elementor-element elementor-element-d697895 e-flex e-con-boxed e-con e-parent\" data-id=\"d697895\" data-element_type=\"container\" data-e-type=\"container\">\n\t\t\t\t\t<div class=\"e-con-inner\">\n\t\t\t\t<div class=\"elementor-element elementor-element-fab3a45 elementor-widget elementor-widget-heading\" data-id=\"fab3a45\" data-element_type=\"widget\" data-e-type=\"widget\" data-widget_type=\"heading.default\">\n\t\t\t\t\t<h2 class=\"elementor-heading-title elementor-size-default\">Conoce estos temas que te pueden interesar...<\/h2>\t\t\t\t<\/div>\n\t\t\t\t\t<\/div>\n\t\t\t\t<\/div>\n\t\t<div data-particle_enable=\"false\" data-particle-mobile-disabled=\"false\" class=\"elementor-element elementor-element-073d706 e-flex e-con-boxed e-con e-parent\" data-id=\"073d706\" data-element_type=\"container\" data-e-type=\"container\">\n\t\t\t\t\t<div class=\"e-con-inner\">\n\t\t\t\t<div class=\"elementor-element elementor-element-9e45427 elementor-grid-eael-col-3 elementor-grid-tablet-eael-col-2 elementor-grid-mobile-eael-col-1 elementor-widget elementor-widget-eael-post-grid\" data-id=\"9e45427\" data-element_type=\"widget\" data-e-type=\"widget\" data-settings=\"{&quot;eael_post_grid_columns&quot;:&quot;eael-col-3&quot;,&quot;eael_post_grid_columns_tablet&quot;:&quot;eael-col-2&quot;,&quot;eael_post_grid_columns_mobile&quot;:&quot;eael-col-1&quot;}\" data-widget_type=\"eael-post-grid.default\">\n\t\t\t\t\t<div id=\"eael-post-grid-9e45427\" class=\"eael-post-grid-container\">\n            <div class=\"eael-post-grid eael-post-appender eael-post-appender-9e45427 eael-post-grid-style-one\" data-layout-mode=\"masonry\"><article class=\"eael-grid-post  eael-post-grid-column eael-pg-post-10382 category-bienestar\" data-id=\"10382\">\n        <div class=\"eael-grid-post-holder\">\n            <div class=\"eael-grid-post-holder-inner\"><div class=\"eael-entry-media\"><div class=\"eael-entry-overlay fade-in\"><i class=\"far fa-hand-pointer\" aria-hidden=\"true\"><\/i><a href=\"https:\/\/soymigrante.com\/revista\/compromiso-con-el-trabajo-hay-que-saber-ser-realista-y-eficiente\/\"><\/a><\/div><div class=\"eael-entry-thumbnail \">\n                <img decoding=\"async\" width=\"1024\" height=\"1024\" src=\"https:\/\/soymigrante.com\/revista\/wp-content\/uploads\/2024\/10\/Compromiso-con-el-trabajo-como-ser-realista-y-eficiente-3-e1729026140507-1024x1024.jpg\" class=\"attachment-large size-large wp-image-10383\" alt=\"Soymigrante.com revista, mujer joven estudiando en casa con auriculares y laptop, tem\u00e1tica migrante y trabajo desde casa, recursos para inmigrantes y comunidad migrante, actualizaci\u00f3n sobre migraci\u00f3n y derechos.\" srcset=\"https:\/\/soymigrante.com\/revista\/wp-content\/uploads\/2024\/10\/Compromiso-con-el-trabajo-como-ser-realista-y-eficiente-3-e1729026140507-1024x1024.jpg 1024w, https:\/\/soymigrante.com\/revista\/wp-content\/uploads\/2024\/10\/Compromiso-con-el-trabajo-como-ser-realista-y-eficiente-3-e1729026140507-300x300.jpg 300w, https:\/\/soymigrante.com\/revista\/wp-content\/uploads\/2024\/10\/Compromiso-con-el-trabajo-como-ser-realista-y-eficiente-3-e1729026140507-150x150.jpg 150w, https:\/\/soymigrante.com\/revista\/wp-content\/uploads\/2024\/10\/Compromiso-con-el-trabajo-como-ser-realista-y-eficiente-3-e1729026140507-768x768.jpg 768w, https:\/\/soymigrante.com\/revista\/wp-content\/uploads\/2024\/10\/Compromiso-con-el-trabajo-como-ser-realista-y-eficiente-3-e1729026140507-1536x1536.jpg 1536w, https:\/\/soymigrante.com\/revista\/wp-content\/uploads\/2024\/10\/Compromiso-con-el-trabajo-como-ser-realista-y-eficiente-3-e1729026140507-75x75.webp 75w, https:\/\/soymigrante.com\/revista\/wp-content\/uploads\/2024\/10\/Compromiso-con-el-trabajo-como-ser-realista-y-eficiente-3-e1729026140507-750x750.webp 750w, https:\/\/soymigrante.com\/revista\/wp-content\/uploads\/2024\/10\/Compromiso-con-el-trabajo-como-ser-realista-y-eficiente-3-e1729026140507-1140x1140.webp 1140w, https:\/\/soymigrante.com\/revista\/wp-content\/uploads\/2024\/10\/Compromiso-con-el-trabajo-como-ser-realista-y-eficiente-3-e1729026140507-2048x2048.jpg 2048w, https:\/\/soymigrante.com\/revista\/wp-content\/uploads\/2024\/10\/Compromiso-con-el-trabajo-como-ser-realista-y-eficiente-3-e1729026140507.webp 1920w\" sizes=\"(max-width: 1024px) 100vw, 1024px\" \/>\n            <\/div>\n        <\/div><div class=\"eael-entry-wrapper\"><header class=\"eael-entry-header\"><h2 class=\"eael-entry-title\"><a class=\"eael-grid-post-link\" href=\"https:\/\/soymigrante.com\/revista\/compromiso-con-el-trabajo-hay-que-saber-ser-realista-y-eficiente\/\" title=\"Compromiso con el trabajo: hay que saber ser realista y eficiente\">Compromiso con el trabajo: hay que saber ser realista y eficiente<\/a><\/h2><\/header><div class=\"eael-entry-content\">\n                        <div class=\"eael-grid-post-excerpt\"><a href=\"https:\/\/soymigrante.com\/revista\/compromiso-con-el-trabajo-hay-que-saber-ser-realista-y-eficiente\/\" class=\"eael-post-elements-readmore-btn\">CONOCE SU HISTORIA <\/a><\/div>\n                    <\/div><\/div><\/div>\n        <\/div>\n    <\/article><article class=\"eael-grid-post  eael-post-grid-column eael-pg-post-9493 category-bienestar\" data-id=\"9493\">\n        <div class=\"eael-grid-post-holder\">\n            <div class=\"eael-grid-post-holder-inner\"><div class=\"eael-entry-media\"><div class=\"eael-entry-overlay fade-in\"><i class=\"far fa-hand-pointer\" aria-hidden=\"true\"><\/i><a href=\"https:\/\/soymigrante.com\/revista\/cuanto-mantienes-enfocada-tu-atencion-en-el-trabajo\/\"><\/a><\/div><div class=\"eael-entry-thumbnail \">\n                <img decoding=\"async\" width=\"637\" height=\"637\" src=\"https:\/\/soymigrante.com\/revista\/wp-content\/uploads\/2024\/09\/trabajo-enfoque-rendimiento-1-2.webp\" class=\"attachment-large size-large wp-image-9609\" alt=\"Carpintero trabajando en taller con herramientas el\u00e9ctricas, enfoque en empleo y habilidades para migrantes en la construcci\u00f3n.\" srcset=\"https:\/\/soymigrante.com\/revista\/wp-content\/uploads\/2024\/09\/trabajo-enfoque-rendimiento-1-2.webp 637w, https:\/\/soymigrante.com\/revista\/wp-content\/uploads\/2024\/09\/trabajo-enfoque-rendimiento-1-2-300x300.webp 300w, https:\/\/soymigrante.com\/revista\/wp-content\/uploads\/2024\/09\/trabajo-enfoque-rendimiento-1-2-150x150.webp 150w, https:\/\/soymigrante.com\/revista\/wp-content\/uploads\/2024\/09\/trabajo-enfoque-rendimiento-1-2-75x75.webp 75w\" sizes=\"(max-width: 637px) 100vw, 637px\" \/>\n            <\/div>\n        <\/div><div class=\"eael-entry-wrapper\"><header class=\"eael-entry-header\"><h2 class=\"eael-entry-title\"><a class=\"eael-grid-post-link\" href=\"https:\/\/soymigrante.com\/revista\/cuanto-mantienes-enfocada-tu-atencion-en-el-trabajo\/\" title=\"\u00bfCu\u00e1nto mantienes enfocada tu atenci\u00f3n en el trabajo?\">\u00bfCu\u00e1nto mantienes enfocada tu atenci\u00f3n en el trabajo?<\/a><\/h2><\/header><div class=\"eael-entry-content\">\n                        <div class=\"eael-grid-post-excerpt\"><a href=\"https:\/\/soymigrante.com\/revista\/cuanto-mantienes-enfocada-tu-atencion-en-el-trabajo\/\" class=\"eael-post-elements-readmore-btn\">CONOCE SU HISTORIA <\/a><\/div>\n                    <\/div><\/div><\/div>\n        <\/div>\n    <\/article><article class=\"eael-grid-post  eael-post-grid-column eael-pg-post-4542 category-lugar-de-voces\" data-id=\"4542\">\n        <div class=\"eael-grid-post-holder\">\n            <div class=\"eael-grid-post-holder-inner\"><div class=\"eael-entry-media\"><div class=\"eael-entry-overlay fade-in\"><i class=\"far fa-hand-pointer\" aria-hidden=\"true\"><\/i><a href=\"https:\/\/soymigrante.com\/revista\/migracion-jovenes-guatemaltecos-falta-oportunidades-necesitamos-desarrollo\/\"><\/a><\/div><div class=\"eael-entry-thumbnail \">\n                <img loading=\"lazy\" decoding=\"async\" width=\"1024\" height=\"534\" src=\"https:\/\/soymigrante.com\/revista\/wp-content\/uploads\/2024\/01\/Captura-de-pantalla-2024-01-22-182700-1024x534.webp\" class=\"attachment-large size-large wp-image-4543\" alt=\"Los migrantes indocumentados se exponen a los abusos y cr\u00edmenes de grupos del narcotr\u00e1fico, al riesgo de morir en el cruce del desierto y tambi\u00e9n a ser detenidos por autoridades migratorias de EE.UU:\" srcset=\"https:\/\/soymigrante.com\/revista\/wp-content\/uploads\/2024\/01\/Captura-de-pantalla-2024-01-22-182700-1024x534.webp 1024w, https:\/\/soymigrante.com\/revista\/wp-content\/uploads\/2024\/01\/Captura-de-pantalla-2024-01-22-182700-300x157.webp 300w, https:\/\/soymigrante.com\/revista\/wp-content\/uploads\/2024\/01\/Captura-de-pantalla-2024-01-22-182700-768x401.webp 768w, https:\/\/soymigrante.com\/revista\/wp-content\/uploads\/2024\/01\/Captura-de-pantalla-2024-01-22-182700-750x391.webp 750w, https:\/\/soymigrante.com\/revista\/wp-content\/uploads\/2024\/01\/Captura-de-pantalla-2024-01-22-182700-1140x595.webp 1140w, https:\/\/soymigrante.com\/revista\/wp-content\/uploads\/2024\/01\/Captura-de-pantalla-2024-01-22-182700.webp 1288w\" sizes=\"(max-width: 1024px) 100vw, 1024px\" \/>\n            <\/div>\n        <\/div><div class=\"eael-entry-wrapper\"><header class=\"eael-entry-header\"><h2 class=\"eael-entry-title\"><a class=\"eael-grid-post-link\" href=\"https:\/\/soymigrante.com\/revista\/migracion-jovenes-guatemaltecos-falta-oportunidades-necesitamos-desarrollo\/\" title=\"El trabajo y la migraci\u00f3n de los j\u00f3venes guatemaltecos\">El trabajo y la migraci\u00f3n de los j\u00f3venes guatemaltecos<\/a><\/h2><\/header><div class=\"eael-entry-content\">\n                        <div class=\"eael-grid-post-excerpt\"><a href=\"https:\/\/soymigrante.com\/revista\/migracion-jovenes-guatemaltecos-falta-oportunidades-necesitamos-desarrollo\/\" class=\"eael-post-elements-readmore-btn\">CONOCE SU HISTORIA <\/a><\/div>\n                    <\/div><\/div><\/div>\n        <\/div>\n    <\/article><\/div>\n            <div class=\"clearfix\"><\/div>\n        <\/div>\t\t\t\t<\/div>\n\t\t\t\t\t<\/div>\n\t\t\t\t<\/div>\n\t\t\t\t<\/div>\n\t\t","protected":false},"excerpt":{"rendered":"<p>En las empresas hay formas de felicitar por un buen trabajo, pero algunas cosas no se deben decir. Reconocer un buen trabajo no solo mejora el ambiente laboral, tambi\u00e9n motiva, refuerza la autoestima y fomenta la productividad. Sin embargo, no todas las felicitaciones son bien recibidas. A veces, por desconocimiento o descuido, se pueden lanzar [&hellip;]<\/p>\n","protected":false},"author":19,"featured_media":32085,"comment_status":"open","ping_status":"open","sticky":false,"template":"","format":"standard","meta":{"_acf_changed":false,"_eb_attr":"","footnotes":""},"categories":[259],"tags":[],"class_list":["post-31171","post","type-post","status-publish","format-standard","has-post-thumbnail","hentry","category-salud-emocional"],"acf":[],"aioseo_notices":[],"aioseo_head":"\n\t\t<!-- All in One SEO Pro 4.9.6.2 - aioseo.com -->\n\t<meta name=\"description\" content=\"Los j\u00f3venes migrantes van a buscar en Estados Unidos las oportunidades que no hallan en su pa\u00eds, pero Guatemala pierde esa fuerza laboral. Es necesario crear nuevas pol\u00edticas de desarrollo para esta poblaci\u00f3n. Por Guillermo Delgado, fraile dominico Todos necesitamos un trabajo para vivir, porque necesitamos dignificar la vida para vivirla. En la tradici\u00f3n\" \/>\n\t<meta name=\"robots\" content=\"max-snippet:-1, max-image-preview:large, max-video-preview:-1\" \/>\n\t<meta name=\"author\" content=\"Marysabel Aldana\"\/>\n\t<link rel=\"canonical\" href=\"https:\/\/soymigrante.com\/revista\/es-necesario-saber-felicitar-por-un-buen-trabajo-y-que-no-se-debe-decir\/\" \/>\n\t<meta name=\"generator\" content=\"All in One SEO Pro (AIOSEO) 4.9.6.2\" \/>\n\n\t\t<link rel=\"preconnect\" href=\"https:\/\/fonts.googleapis.com\" crossorigin>\n<link rel=\"preconnect\" href=\"https:\/\/fonts.gstatic.com\" crossorigin>\n\t\t<meta property=\"og:locale\" content=\"es_ES\" \/>\n\t\t<meta property=\"og:site_name\" content=\"SoyMigrante.com REVISTA \u2013 Nuestra misi\u00f3n es reconocer y dignificar al migrante.\" \/>\n\t\t<meta property=\"og:type\" content=\"article\" \/>\n\t\t<meta property=\"og:title\" content=\"Es necesario saber felicitar por un buen trabajo (y qu\u00e9 no se debe decir)\" \/>\n\t\t<meta property=\"og:description\" content=\"A menudo se reclama por un error o defecto de trabajo, pero la mayor parte del tiempo hay procesos y productos exitosos. Pero no siempre se reconoce ni resalta\" \/>\n\t\t<meta property=\"og:url\" content=\"https:\/\/soymigrante.com\/revista\/es-necesario-saber-felicitar-por-un-buen-trabajo-y-que-no-se-debe-decir\/\" \/>\n\t\t<meta property=\"og:image\" content=\"https:\/\/soymigrante.com\/revista\/wp-content\/uploads\/2025\/04\/felicitacion-jefe-empleado-scaled.webp\" \/>\n\t\t<meta property=\"og:image:secure_url\" content=\"https:\/\/soymigrante.com\/revista\/wp-content\/uploads\/2025\/04\/felicitacion-jefe-empleado-scaled.webp\" \/>\n\t\t<meta property=\"og:image:width\" content=\"1920\" \/>\n\t\t<meta property=\"og:image:height\" content=\"1920\" \/>\n\t\t<meta property=\"article:published_time\" content=\"2025-04-29T11:00:00+00:00\" \/>\n\t\t<meta property=\"article:modified_time\" content=\"2025-08-27T17:36:54+00:00\" \/>\n\t\t<meta property=\"article:publisher\" content=\"https:\/\/www.facebook.com\/soymigrantecom\" \/>\n\t\t<meta name=\"twitter:card\" content=\"summary_large_image\" \/>\n\t\t<meta name=\"twitter:site\" content=\"@SoyMigrante_com\" \/>\n\t\t<meta name=\"twitter:title\" content=\"Es necesario saber felicitar por un buen trabajo (y qu\u00e9 no se debe decir)\" \/>\n\t\t<meta name=\"twitter:description\" content=\"A menudo se reclama por un error o defecto de trabajo, pero la mayor parte del tiempo hay procesos y productos exitosos. Pero no siempre se reconoce ni resalta\" \/>\n\t\t<meta name=\"twitter:creator\" content=\"@SoyMigrante_com\" \/>\n\t\t<meta name=\"twitter:image\" content=\"https:\/\/soymigrante.com\/revista\/wp-content\/uploads\/2025\/04\/felicitacion-jefe-empleado-scaled.webp\" \/>\n\t\t<!-- All in One SEO Pro -->\r\n\t\t<title>Es necesario saber felicitar por un buen trabajo (y qu\u00e9 no se debe decir)<\/title>\n\n","aioseo_head_json":{"title":"Es necesario saber felicitar por un buen trabajo (y qu\u00e9 no se debe decir)","description":"A menudo se reclama por un error o defecto de trabajo, pero la mayor parte del tiempo hay procesos y productos exitosos. Pero no siempre se reconoce ni resalta","canonical_url":"https:\/\/soymigrante.com\/revista\/es-necesario-saber-felicitar-por-un-buen-trabajo-y-que-no-se-debe-decir\/","robots":"max-snippet:-1, max-image-preview:large, max-video-preview:-1","keywords":"","webmasterTools":{"miscellaneous":"&lt;link rel=\"preconnect\" href=\"https:\/\/fonts.googleapis.com\" crossorigin&gt;\n&lt;link rel=\"preconnect\" href=\"https:\/\/fonts.gstatic.com\" crossorigin&gt;"},"schema":null,"og:locale":"es_ES","og:site_name":"SoyMigrante.com REVISTA \u2013 Nuestra misi\u00f3n es reconocer y dignificar al migrante.","og:type":"article","og:title":"Es necesario saber felicitar por un buen trabajo (y qu\u00e9 no se debe decir)","og:description":"A menudo se reclama por un error o defecto de trabajo, pero la mayor parte del tiempo hay procesos y productos exitosos. Pero no siempre se reconoce ni resalta","og:url":"https:\/\/soymigrante.com\/revista\/es-necesario-saber-felicitar-por-un-buen-trabajo-y-que-no-se-debe-decir\/","og:image":"https:\/\/soymigrante.com\/revista\/wp-content\/uploads\/2025\/04\/felicitacion-jefe-empleado-scaled.webp","og:image:secure_url":"https:\/\/soymigrante.com\/revista\/wp-content\/uploads\/2025\/04\/felicitacion-jefe-empleado-scaled.webp","og:image:width":1920,"og:image:height":1920,"article:published_time":"2025-04-29T11:00:00+00:00","article:modified_time":"2025-08-27T17:36:54+00:00","article:publisher":"https:\/\/www.facebook.com\/soymigrantecom","twitter:card":"summary_large_image","twitter:site":"@SoyMigrante_com","twitter:title":"Es necesario saber felicitar por un buen trabajo (y qu\u00e9 no se debe decir)","twitter:description":"A menudo se reclama por un error o defecto de trabajo, pero la mayor parte del tiempo hay procesos y productos exitosos. Pero no siempre se reconoce ni resalta","twitter:creator":"@SoyMigrante_com","twitter:image":"https:\/\/soymigrante.com\/revista\/wp-content\/uploads\/2025\/04\/felicitacion-jefe-empleado-scaled.webp"},"aioseo_meta_data":{"post_id":"31171","title":"#post_title","description":"A menudo se reclama por un error o defecto de trabajo, pero la mayor parte del tiempo hay procesos y productos exitosos. Pero no siempre se reconoce ni resalta","keywords":null,"keyphrases":{"focus":{"keyphrase":"felicitar","score":82,"analysis":{"keyphraseInTitle":{"score":9,"maxScore":9,"error":0},"keyphraseInDescription":{"score":3,"maxScore":9,"error":1},"keyphraseLength":{"score":9,"maxScore":9,"error":0,"length":1},"keyphraseInURL":{"score":5,"maxScore":5,"error":0},"keyphraseInIntroduction":{"score":3,"maxScore":9,"error":1},"keyphraseInSubHeadings":{"score":9,"maxScore":9,"error":0},"keyphraseInImageAlt":{"score":9,"maxScore":9,"error":0},"keywordDensity":{"type":"best","score":9,"maxScore":9,"error":0}}},"additional":[{"keyphrase":"calidad","score":40,"analysis":{"keyphraseInDescription":{"score":3,"maxScore":9,"error":1},"keyphraseLength":{"score":9,"maxScore":9,"error":0,"length":1},"keyphraseInIntroduction":{"score":3,"maxScore":9,"error":1},"keyphraseInImageAlt":{"score":3,"maxScore":9,"error":1},"keywordDensity":{"score":0,"type":"low","maxScore":9,"error":1}}},{"keyphrase":"trabajo","score":100,"analysis":{"keyphraseInDescription":{"score":9,"maxScore":9,"error":0},"keyphraseLength":{"score":9,"maxScore":9,"error":0,"length":1},"keyphraseInIntroduction":{"score":9,"maxScore":9,"error":0},"keyphraseInImageAlt":{"score":9,"maxScore":9,"error":0},"keywordDensity":{"type":"best","score":9,"maxScore":9,"error":0}}}]},"primary_term":null,"canonical_url":null,"og_title":null,"og_description":null,"og_object_type":"default","og_image_type":"default","og_image_url":null,"og_image_width":null,"og_image_height":null,"og_image_custom_url":null,"og_image_custom_fields":null,"og_video":"","og_custom_url":null,"og_article_section":null,"og_article_tags":null,"twitter_use_og":false,"twitter_card":"default","twitter_image_type":"default","twitter_image_url":null,"twitter_image_custom_url":null,"twitter_image_custom_fields":null,"twitter_title":null,"twitter_description":null,"schema":{"blockGraphs":[],"customGraphs":[],"default":{"data":{"Article":[],"Course":[],"Dataset":[],"FAQPage":[],"Movie":[],"Person":[],"Product":[],"ProductReview":[],"Car":[],"Recipe":[],"Service":[],"SoftwareApplication":[],"WebPage":[]},"graphName":"none","isEnabled":true},"graphs":[]},"schema_type":"default","schema_type_options":null,"pillar_content":false,"robots_default":true,"robots_noindex":false,"robots_noarchive":false,"robots_nosnippet":false,"robots_nofollow":false,"robots_noimageindex":false,"robots_noodp":false,"robots_notranslate":false,"robots_max_snippet":"-1","robots_max_videopreview":"-1","robots_max_imagepreview":"large","priority":null,"frequency":"default","local_seo":null,"seo_analyzer_scan_date":"2025-10-09 04:42:59","breadcrumb_settings":null,"limit_modified_date":false,"reviewed_by":null,"open_ai":"{\"title\":{\"suggestions\":[],\"usage\":0},\"description\":{\"suggestions\":[],\"usage\":0}}","ai":null,"created":"2025-04-15 22:53:40","updated":"2026-02-04 23:25:23"},"aioseo_breadcrumb":"<div class=\"aioseo-breadcrumbs\"><span class=\"aioseo-breadcrumb\">\n\t<a href=\"https:\/\/soymigrante.com\/revista\" title=\"Home\">Home<\/a>\n<\/span><span class=\"aioseo-breadcrumb-separator\">\u00bb<\/span><span class=\"aioseo-breadcrumb\">\n\t<a href=\"https:\/\/soymigrante.com\/revista\/category\/bienestar\/\" title=\"Bienestar\">Bienestar<\/a>\n<\/span><span class=\"aioseo-breadcrumb-separator\">\u00bb<\/span><span class=\"aioseo-breadcrumb\">\n\t<a href=\"https:\/\/soymigrante.com\/revista\/category\/bienestar\/salud-emocional\/\" title=\"Salud Emocional\">Salud Emocional<\/a>\n<\/span><span class=\"aioseo-breadcrumb-separator\">\u00bb<\/span><span class=\"aioseo-breadcrumb\">\n\tEs necesario saber felicitar por un buen trabajo (y qu\u00e9 no se debe decir)\n<\/span><\/div>","aioseo_breadcrumb_json":[{"label":"Home","link":"https:\/\/soymigrante.com\/revista"},{"label":"Bienestar","link":"https:\/\/soymigrante.com\/revista\/category\/bienestar\/"},{"label":"Salud Emocional","link":"https:\/\/soymigrante.com\/revista\/category\/bienestar\/salud-emocional\/"},{"label":"Es necesario saber felicitar por un buen trabajo (y qu\u00e9 no se debe decir)","link":"https:\/\/soymigrante.com\/revista\/es-necesario-saber-felicitar-por-un-buen-trabajo-y-que-no-se-debe-decir\/"}],"_links":{"self":[{"href":"https:\/\/soymigrante.com\/revista\/wp-json\/wp\/v2\/posts\/31171","targetHints":{"allow":["GET"]}}],"collection":[{"href":"https:\/\/soymigrante.com\/revista\/wp-json\/wp\/v2\/posts"}],"about":[{"href":"https:\/\/soymigrante.com\/revista\/wp-json\/wp\/v2\/types\/post"}],"author":[{"embeddable":true,"href":"https:\/\/soymigrante.com\/revista\/wp-json\/wp\/v2\/users\/19"}],"replies":[{"embeddable":true,"href":"https:\/\/soymigrante.com\/revista\/wp-json\/wp\/v2\/comments?post=31171"}],"version-history":[{"count":7,"href":"https:\/\/soymigrante.com\/revista\/wp-json\/wp\/v2\/posts\/31171\/revisions"}],"predecessor-version":[{"id":32088,"href":"https:\/\/soymigrante.com\/revista\/wp-json\/wp\/v2\/posts\/31171\/revisions\/32088"}],"wp:featuredmedia":[{"embeddable":true,"href":"https:\/\/soymigrante.com\/revista\/wp-json\/wp\/v2\/media\/32085"}],"wp:attachment":[{"href":"https:\/\/soymigrante.com\/revista\/wp-json\/wp\/v2\/media?parent=31171"}],"wp:term":[{"taxonomy":"category","embeddable":true,"href":"https:\/\/soymigrante.com\/revista\/wp-json\/wp\/v2\/categories?post=31171"},{"taxonomy":"post_tag","embeddable":true,"href":"https:\/\/soymigrante.com\/revista\/wp-json\/wp\/v2\/tags?post=31171"}],"curies":[{"name":"wp","href":"https:\/\/api.w.org\/{rel}","templated":true}]}}