{"id":31113,"date":"2025-04-15T15:24:09","date_gmt":"2025-04-15T21:24:09","guid":{"rendered":"https:\/\/soymigrante.com\/revista\/?p=31113"},"modified":"2025-10-03T14:49:21","modified_gmt":"2025-10-03T20:49:21","slug":"el-gran-sueno-de-yecsi-y-jorge-en-kansas-tiene-amor-y-sabor-guatemalteco","status":"publish","type":"post","link":"https:\/\/soymigrante.com\/revista\/el-gran-sueno-de-yecsi-y-jorge-en-kansas-tiene-amor-y-sabor-guatemalteco\/","title":{"rendered":"El gran sue\u00f1o de Yecsi y Jorge Ticum en Kansas tiene amor y sabor guatemalteco"},"content":{"rendered":"\t\t<div data-elementor-type=\"wp-post\" data-elementor-id=\"31113\" class=\"elementor elementor-31113\" data-elementor-post-type=\"post\">\n\t\t\t\t<div data-particle_enable=\"false\" data-particle-mobile-disabled=\"false\" class=\"elementor-element elementor-element-b863c5c e-flex e-con-boxed e-con e-parent\" data-id=\"b863c5c\" data-element_type=\"container\" data-e-type=\"container\">\n\t\t\t\t\t<div class=\"e-con-inner\">\n\t\t\t\t<div class=\"elementor-element elementor-element-db89742 elementor-widget elementor-widget-heading\" data-id=\"db89742\" data-element_type=\"widget\" data-e-type=\"widget\" data-widget_type=\"heading.default\">\n\t\t\t\t\t<h2 class=\"elementor-heading-title elementor-size-default\">Yecsi y Jorge celebraron sus 25 a\u00f1os de matrimonio en Kansas, a donde migraron en busca de oportunidades. Laboran en una cadena de restaurantes pero el gran objetivo es abrir uno propio, de comida guatemalteca. <br><\/h2>\t\t\t\t<\/div>\n\t\t\t\t<div class=\"elementor-element elementor-element-c05cc78 elementor-widget elementor-widget-html\" data-id=\"c05cc78\" data-element_type=\"widget\" data-e-type=\"widget\" data-widget_type=\"html.default\">\n\t\t\t\t\t<div id=\"buzzsprout-player-17104666\"><\/div><script src=\"https:\/\/www.buzzsprout.com\/2444168\/episodes\/17104666-el-gran-sueno-de-yecsi-y-jorge-guatemaltecos-en-kansas.js?container_id=buzzsprout-player-17104666&player=small\" type=\"text\/javascript\" charset=\"utf-8\"><\/script>\t\t\t\t<\/div>\n\t\t\t\t\t<\/div>\n\t\t\t\t<\/div>\n\t\t<div data-particle_enable=\"false\" data-particle-mobile-disabled=\"false\" class=\"elementor-element elementor-element-42d7e97 e-flex e-con-boxed e-con e-parent\" data-id=\"42d7e97\" data-element_type=\"container\" data-e-type=\"container\">\n\t\t\t\t\t<div class=\"e-con-inner\">\n\t\t\t\t<div class=\"elementor-element elementor-element-52f0791 elementor-widget elementor-widget-text-editor\" data-id=\"52f0791\" data-element_type=\"widget\" data-e-type=\"widget\" data-widget_type=\"text-editor.default\">\n\t\t\t\t\t\t\t\t\t<p>&#8220;Poner a Dios primero y dar siempre lo mejor de uno&#8221;: con esa frase poderosa, Yecsi Archila, originaria de San Benito, Pet\u00e9n, resume la filosof\u00eda de vida que le ha guiado a ella y a su esposo Jorge Mario Ticum, originario de Chichicastenango, Quich\u00e9. Junto a su familia celebraron 25 a\u00f1os de matrimonio en 2024, en Kansas, Missouri&#8221;.<\/p><p>Yecsi y Jorge Mario\u00a0 dejaron Guatemala en busca de oportunidades. Con trabajo, con fe y sobre todo con amor de familia, trabajan actualmente en una cadena de restaurantes. Tienen la vista puesta fijamente en un gran sue\u00f1o compartido: abrir el primer restaurante guatemalteco en esa ciudad.<\/p>\t\t\t\t\t\t\t\t<\/div>\n\t\t\t\t\t<\/div>\n\t\t\t\t<\/div>\n\t\t<div data-particle_enable=\"false\" data-particle-mobile-disabled=\"false\" class=\"elementor-element elementor-element-9fe4d2b e-flex e-con-boxed e-con e-parent\" data-id=\"9fe4d2b\" data-element_type=\"container\" data-e-type=\"container\">\n\t\t\t\t\t<div class=\"e-con-inner\">\n\t\t\t\t<div class=\"elementor-element elementor-element-be95782 elementor-widget elementor-widget-image\" data-id=\"be95782\" data-element_type=\"widget\" data-e-type=\"widget\" data-widget_type=\"image.default\">\n\t\t\t\t\t\t\t\t\t\t\t\t<figure class=\"wp-caption\">\n\t\t\t\t\t\t\t\t\t\t<img fetchpriority=\"high\" decoding=\"async\" width=\"685\" height=\"453\" src=\"https:\/\/soymigrante.com\/revista\/wp-content\/uploads\/2025\/04\/jorge-yecsi-kansas-migrantes.webp\" class=\"attachment-large size-large wp-image-31121\" alt=\"Familia mexicana en Disney en un parque tem\u00e1tico, disfrutando de la magia y diversi\u00f3n en un entorno familiar, con decoraciones coloridas y personajes de Disney.\" srcset=\"https:\/\/soymigrante.com\/revista\/wp-content\/uploads\/2025\/04\/jorge-yecsi-kansas-migrantes.webp 685w, https:\/\/soymigrante.com\/revista\/wp-content\/uploads\/2025\/04\/jorge-yecsi-kansas-migrantes-300x198.png 300w\" sizes=\"(max-width: 685px) 100vw, 685px\" title=\"Una familia unida en fe, amor y grandes objetivos es el mayor tesoro cultivado por Jorge Mario Ticum  y su esposa Yecsi Archila, en Kansas, Estados Unidos. \u2013 SoyMigrante.com REVISTA\" \/>\t\t\t\t\t\t\t\t\t\t\t<figcaption class=\"widget-image-caption wp-caption-text\">Una familia unida en fe, amor y grandes objetivos es el mayor tesoro cultivado por Jorge Mario Ticum  y su esposa Yecsi Archila, en Kansas, Estados Unidos.<\/figcaption>\n\t\t\t\t\t\t\t\t\t\t<\/figure>\n\t\t\t\t\t\t\t\t\t<\/div>\n\t\t\t\t\t<\/div>\n\t\t\t\t<\/div>\n\t\t<div data-particle_enable=\"false\" data-particle-mobile-disabled=\"false\" class=\"elementor-element elementor-element-a156a23 e-flex e-con-boxed e-con e-parent\" data-id=\"a156a23\" data-element_type=\"container\" data-e-type=\"container\">\n\t\t\t\t\t<div class=\"e-con-inner\">\n\t\t\t\t<div class=\"elementor-element elementor-element-11ab227 elementor-widget elementor-widget-heading\" data-id=\"11ab227\" data-element_type=\"widget\" data-e-type=\"widget\" data-widget_type=\"heading.default\">\n\t\t\t\t\t<h3 class=\"elementor-heading-title elementor-size-default\">Del coraz\u00f3n de Guatemala al coraz\u00f3n de USA<\/h3>\t\t\t\t<\/div>\n\t\t\t\t\t<\/div>\n\t\t\t\t<\/div>\n\t\t<div data-particle_enable=\"false\" data-particle-mobile-disabled=\"false\" class=\"elementor-element elementor-element-072d61b e-flex e-con-boxed e-con e-parent\" data-id=\"072d61b\" data-element_type=\"container\" data-e-type=\"container\">\n\t\t\t\t\t<div class=\"e-con-inner\">\n\t\t\t\t<div class=\"elementor-element elementor-element-42a7ce9 elementor-widget elementor-widget-text-editor\" data-id=\"42a7ce9\" data-element_type=\"widget\" data-e-type=\"widget\" data-widget_type=\"text-editor.default\">\n\t\t\t\t\t\t\t\t\t<p>Yecsi naci\u00f3 en San Benito, Pet\u00e9n, en el barrio La Ceibita. A los 19 a\u00f1os se cas\u00f3 con Jorge Mario, originario de Chichicastenango, Quich\u00e9. Vivieron en el famoso cruce de Los Encuentros, Solol\u00e1, donde administraron su propio restaurante llamado Las Brazas, durante dos d\u00e9cadas. Lamentablemente, durante la pandemia, ese negocio familiar se vio obligado a cerrar.<\/p><p>\u201cSiempre hemos trabajado en servicio al cliente\u201d, explica Yecsi. \u201cEso nos ayud\u00f3 mucho a adaptarnos ac\u00e1 eb Jabsas\u201d. En efecto, actualmente laboran en un restaurante de Chick&#8217;s Fille&#8217;, bajo altos est\u00e1ndares de calidad.\u00a0<\/p><p>En Estados Unidos ya estaba Orquidia Archila, hermana de Yecsi, quien casada con Tom\u00e1s Ticum, hermano de Jorge Mario. S\u00ed, dos hermanas se casaron con dos hermanos. Lamentablemente, Tom\u00e1s falleci\u00f3 hace casi una d\u00e9cada. Estefany, la hija de Jorge y Yecsi se gradu\u00f3 de High School en 2024 junto a su prima Linda, quien dedic\u00f3 su triunfo a la mamoria de su pap\u00e1: <a href=\"https:\/\/soymigrante.com\/revista\/dos-primas-una-graduacion-y-la-azul-y-blanco-en-kansas\/\">una historia de \u00e9xito y resiliencia que tuvimos el honor de contar en 2024 aqu\u00ed en SoyMigrante.com.\u00a0<\/a><\/p>\t\t\t\t\t\t\t\t<\/div>\n\t\t\t\t\t<\/div>\n\t\t\t\t<\/div>\n\t\t<div data-particle_enable=\"false\" data-particle-mobile-disabled=\"false\" class=\"elementor-element elementor-element-01536fc e-flex e-con-boxed e-con e-parent\" data-id=\"01536fc\" data-element_type=\"container\" data-e-type=\"container\">\n\t\t\t\t\t<div class=\"e-con-inner\">\n\t\t\t\t<div class=\"elementor-element elementor-element-41d12c3 elementor-grid-eael-col-1 elementor-grid-tablet-eael-col-2 elementor-grid-mobile-eael-col-1 elementor-widget elementor-widget-eael-post-grid\" data-id=\"41d12c3\" data-element_type=\"widget\" data-e-type=\"widget\" data-settings=\"{&quot;eael_post_grid_columns&quot;:&quot;eael-col-1&quot;,&quot;eael_post_grid_columns_tablet&quot;:&quot;eael-col-2&quot;,&quot;eael_post_grid_columns_mobile&quot;:&quot;eael-col-1&quot;}\" data-widget_type=\"eael-post-grid.default\">\n\t\t\t\t\t<div id=\"eael-post-grid-41d12c3\" class=\"eael-post-grid-container\">\n            <div class=\"eael-post-grid eael-post-appender eael-post-appender-41d12c3 eael-post-grid-style-one\" data-layout-mode=\"masonry\"><article class=\"eael-grid-post  eael-post-grid-column eael-pg-post-6640 category-estamos-unidos\" data-id=\"6640\">\n        <div class=\"eael-grid-post-holder\">\n            <div class=\"eael-grid-post-holder-inner\"><div class=\"eael-entry-media\"><div class=\"eael-entry-overlay fade-in\"><i class=\"far fa-hand-pointer\" aria-hidden=\"true\"><\/i><a href=\"https:\/\/soymigrante.com\/revista\/dos-primas-una-graduacion-y-la-azul-y-blanco-en-kansas\/\"><\/a><\/div><div class=\"eael-entry-thumbnail eael-image-ratio\">\n                <img decoding=\"async\" width=\"642\" height=\"612\" src=\"https:\/\/soymigrante.com\/revista\/wp-content\/uploads\/2024\/05\/Captura-de-pantalla-2024-05-26-194216.webp\" class=\"attachment-large size-large wp-image-6642\" alt=\"Orgullo y celebraci\u00f3n de graduaci\u00f3n con la bandera de Guatemala en un evento educativo. Dos j\u00f3venes en toga y birrete muestran su logro acad\u00e9mico en un ambiente escolar al aire libre.\" srcset=\"https:\/\/soymigrante.com\/revista\/wp-content\/uploads\/2024\/05\/Captura-de-pantalla-2024-05-26-194216.webp 642w, https:\/\/soymigrante.com\/revista\/wp-content\/uploads\/2024\/05\/Captura-de-pantalla-2024-05-26-194216-300x286.webp 300w\" sizes=\"(max-width: 642px) 100vw, 642px\" \/>\n            <\/div>\n        <\/div><div class=\"eael-entry-wrapper\"><header class=\"eael-entry-header\"><h2 class=\"eael-entry-title\"><a class=\"eael-grid-post-link\" href=\"https:\/\/soymigrante.com\/revista\/dos-primas-una-graduacion-y-la-azul-y-blanco-en-kansas\/\" title=\"Dos primas, una graduaci\u00f3n y la azul y blanco en Kansas\">Dos primas, una graduaci\u00f3n y la azul y blanco en Kansas<\/a><\/h2><\/header><div class=\"eael-entry-content\">\n                        <div class=\"eael-grid-post-excerpt\"><a href=\"https:\/\/soymigrante.com\/revista\/dos-primas-una-graduacion-y-la-azul-y-blanco-en-kansas\/\" class=\"eael-post-elements-readmore-btn\">CONOCE SU HISTORIA <\/a><\/div>\n                    <\/div><\/div><\/div>\n        <\/div>\n    <\/article><\/div>\n            <div class=\"clearfix\"><\/div>\n        <\/div>\t\t\t\t<\/div>\n\t\t\t\t\t<\/div>\n\t\t\t\t<\/div>\n\t\t<div data-particle_enable=\"false\" data-particle-mobile-disabled=\"false\" class=\"elementor-element elementor-element-9618725 e-flex e-con-boxed e-con e-parent\" data-id=\"9618725\" data-element_type=\"container\" data-e-type=\"container\">\n\t\t\t\t\t<div class=\"e-con-inner\">\n\t\t\t\t<div class=\"elementor-element elementor-element-b2881d6 elementor-widget elementor-widget-heading\" data-id=\"b2881d6\" data-element_type=\"widget\" data-e-type=\"widget\" data-widget_type=\"heading.default\">\n\t\t\t\t\t<h3 class=\"elementor-heading-title elementor-size-default\">Encontrando hermanos en un pa\u00eds lejano<\/h3>\t\t\t\t<\/div>\n\t\t\t\t\t<\/div>\n\t\t\t\t<\/div>\n\t\t<div data-particle_enable=\"false\" data-particle-mobile-disabled=\"false\" class=\"elementor-element elementor-element-5487c29 e-flex e-con-boxed e-con e-parent\" data-id=\"5487c29\" data-element_type=\"container\" data-e-type=\"container\">\n\t\t\t\t\t<div class=\"e-con-inner\">\n\t\t\t\t<div class=\"elementor-element elementor-element-ee601eb elementor-widget elementor-widget-text-editor\" data-id=\"ee601eb\" data-element_type=\"widget\" data-e-type=\"widget\" data-widget_type=\"text-editor.default\">\n\t\t\t\t\t\t\t\t\t<p>En todo caso, la adaptaci\u00f3n nuevo entorno, con todo y los grandes objetivos, no fue f\u00e1cil. \u201cAl llegar es un shock emocional que solo los m\u00e1s valientes superan\u201d, confiesa Jorge Mario. \u201cPero dentro del coraz\u00f3n est\u00e1 el deseo de ser mejor cada d\u00eda\u201d.<\/p><p>El dominio del ingl\u00e9s ha sido uno de los desaf\u00edos m\u00e1s grandes. Yecsi, con honestidad y sonrisa, admite que no pod\u00eda hablarlo ni entenderlo. \u201cTuve oportunidad de estudiarlo antes, pero cuando uno es joven no le pone inter\u00e9s. Es vital el ingl\u00e9s aqu\u00ed\u201d. Jorge Mario tambi\u00e9n se ha puesto al d\u00eda, tomando clases de noche, juntos.\u00a0 \u201cAqu\u00ed donde estamos, el 70% de poblaci\u00f3n es americana. Entonces o hablas o hablas ingl\u00e9s. Hay que integrarse y conforme aprendes se hace m\u00e1s emocionante\u201d.<\/p><p>Estar lejos de la tierra natal le ha hecho valorar cada signo de identidad guatemalteca: \u201cCuando uno ve a alguien con indumentaria tradicional ya sabe que es de Guatemala. R\u00e1pido nos acercamos y hacemos pl\u00e1tica\u201d, cuenta Jorge Mario.\u00a0<\/p><p>En pocos minutos los extra\u00f1os se vuelven amigos: &#8220;Hemos conocido paisanos de Tecp\u00e1n, Cob\u00e1n, San Marcos y Esquipulas. Hay mucha gente de Esquipulas en Kansas&#8221;. Tambi\u00e9n el futbol une a los guatemaltecos, porque casi todos los domingos son d\u00edas de encuentros deportivos Jorge Mario tiene un grupo de Whatsapp en el cual coordinan esas y otras actividades.<\/p>\t\t\t\t\t\t\t\t<\/div>\n\t\t\t\t\t<\/div>\n\t\t\t\t<\/div>\n\t\t<div data-particle_enable=\"false\" data-particle-mobile-disabled=\"false\" class=\"elementor-element elementor-element-e9a2d09 e-flex e-con-boxed e-con e-parent\" data-id=\"e9a2d09\" data-element_type=\"container\" data-e-type=\"container\">\n\t\t\t\t\t<div class=\"e-con-inner\">\n\t\t\t\t<div class=\"elementor-element elementor-element-7680a14 elementor-widget elementor-widget-heading\" data-id=\"7680a14\" data-element_type=\"widget\" data-e-type=\"widget\" data-widget_type=\"heading.default\">\n\t\t\t\t\t<h4 class=\"elementor-heading-title elementor-size-default\">El d\u00eda en que cumplieron sus bodas de plata matrimoniales<\/h4>\t\t\t\t<\/div>\n\t\t\t\t\t<\/div>\n\t\t\t\t<\/div>\n\t\t<div data-particle_enable=\"false\" data-particle-mobile-disabled=\"false\" class=\"elementor-element elementor-element-697f49e e-flex e-con-boxed e-con e-parent\" data-id=\"697f49e\" data-element_type=\"container\" data-e-type=\"container\">\n\t\t\t\t\t<div class=\"e-con-inner\">\n\t\t\t\t<div class=\"elementor-element elementor-element-c31ccbd elementor-widget elementor-widget-video\" data-id=\"c31ccbd\" data-element_type=\"widget\" data-e-type=\"widget\" data-settings=\"{&quot;video_type&quot;:&quot;hosted&quot;,&quot;controls&quot;:&quot;yes&quot;}\" data-widget_type=\"video.default\">\n\t\t\t\t\t\t\t<div class=\"e-hosted-video elementor-wrapper elementor-open-inline\">\n\t\t\t\t\t<video class=\"elementor-video\" src=\"https:\/\/soymigrante.com\/revista\/wp-content\/uploads\/2025\/04\/jorge-mario-yecsi-kansas.mp4\" controls=\"\" preload=\"metadata\" controlsList=\"nodownload\"><\/video>\n\t\t\t\t<\/div>\n\t\t\t\t\t\t<\/div>\n\t\t\t\t\t<\/div>\n\t\t\t\t<\/div>\n\t\t<div data-particle_enable=\"false\" data-particle-mobile-disabled=\"false\" class=\"elementor-element elementor-element-9b606c4 e-flex e-con-boxed e-con e-parent\" data-id=\"9b606c4\" data-element_type=\"container\" data-e-type=\"container\">\n\t\t\t\t\t<div class=\"e-con-inner\">\n\t\t\t\t<div class=\"elementor-element elementor-element-78f3a08 elementor-widget elementor-widget-heading\" data-id=\"78f3a08\" data-element_type=\"widget\" data-e-type=\"widget\" data-widget_type=\"heading.default\">\n\t\t\t\t\t<h3 class=\"elementor-heading-title elementor-size-default\">Valores, uni\u00f3n familiar y visi\u00f3n compartida<\/h3>\t\t\t\t<\/div>\n\t\t\t\t\t<\/div>\n\t\t\t\t<\/div>\n\t\t<div data-particle_enable=\"false\" data-particle-mobile-disabled=\"false\" class=\"elementor-element elementor-element-06533c4 e-flex e-con-boxed e-con e-parent\" data-id=\"06533c4\" data-element_type=\"container\" data-e-type=\"container\">\n\t\t\t\t\t<div class=\"e-con-inner\">\n\t\t\t\t<div class=\"elementor-element elementor-element-69b93dc elementor-widget elementor-widget-text-editor\" data-id=\"69b93dc\" data-element_type=\"widget\" data-e-type=\"widget\" data-widget_type=\"text-editor.default\">\n\t\t\t\t\t\t\t\t\t<p>La historia de Yecsi y Jorge Mario est\u00e1 marcada por la unidad familiar. Celebraron hace poco sus bodas de plata y mantienen una fuerte conexi\u00f3n con sus ra\u00edces. \u201cLo que m\u00e1s extra\u00f1o es la familia y la comida\u201d, dice Yecsi, con nostalgia.\u00a0<\/p><p>Pero a\u00fan en Kansas, se las ingenian para preparar sus platos t\u00edpicos: \u201cPepi\u00e1n, caldo de pata, kak\u2019ik\u2026 hasta masa para tortillas negritas conseguimos\u201d. Y precisamente por ello tienen el gran objetivo de fundar un restaurante de comida chapina.<\/p><p>El gran anhelo de ambos es abrir un restaurante guatemalteco en Kansas, un lugar que represente sus ra\u00edces, sabores y cultura.\u00a0 \u201cNo hay ninguno aqu\u00ed, queremos ser pioneros\u201d, dice Jorge. \u201cYa estamos haciendo un estudio de mercado. Pensamos que en un a\u00f1o podr\u00edamos tener listos todos los tr\u00e1mites formales\u201d, a\u00f1ade Yecsi.<\/p><p>Saben que el camino no es f\u00e1cil, est\u00e1n ahorrando y buscando la forma en que financiar\u00e1n el comienzo. \u201cEste pa\u00eds es exigente con los permisos, pero tambi\u00e9n apoya mucho si tienes algo bien dise\u00f1ado\u201d, explican. Conf\u00edan en que, con planificaci\u00f3n y constancia, lograr\u00e1n cumplir ese objetivo.<\/p>\t\t\t\t\t\t\t\t<\/div>\n\t\t\t\t\t<\/div>\n\t\t\t\t<\/div>\n\t\t<div data-particle_enable=\"false\" data-particle-mobile-disabled=\"false\" class=\"elementor-element elementor-element-6bd378b e-flex e-con-boxed e-con e-parent\" data-id=\"6bd378b\" data-element_type=\"container\" data-e-type=\"container\">\n\t\t\t\t\t<div class=\"e-con-inner\">\n\t\t\t\t<div class=\"elementor-element elementor-element-d2cef73 elementor-widget elementor-widget-image\" data-id=\"d2cef73\" data-element_type=\"widget\" data-e-type=\"widget\" data-widget_type=\"image.default\">\n\t\t\t\t\t\t\t\t\t\t\t\t<figure class=\"wp-caption\">\n\t\t\t\t\t\t\t\t\t\t<img decoding=\"async\" width=\"768\" height=\"515\" src=\"https:\/\/soymigrante.com\/revista\/wp-content\/uploads\/2025\/04\/kansas-yecsi-y-jorge-mario.webp\" class=\"attachment-large size-large wp-image-31126\" alt=\"Celebraci\u00f3n de cumplea\u00f1os con tem\u00e1tica de migrantes y comunidad latina, resaltando valores de diversidad y uni\u00f3n en la revista SoyMigrante.com REVISTA.\" srcset=\"https:\/\/soymigrante.com\/revista\/wp-content\/uploads\/2025\/04\/kansas-yecsi-y-jorge-mario.webp 768w, https:\/\/soymigrante.com\/revista\/wp-content\/uploads\/2025\/04\/kansas-yecsi-y-jorge-mario-300x201.jpg 300w, https:\/\/soymigrante.com\/revista\/wp-content\/uploads\/2025\/04\/kansas-yecsi-y-jorge-mario-750x503.webp 750w\" sizes=\"(max-width: 768px) 100vw, 768px\" title=\"Jorge Mario y Yecsi han luchado juntos por 26 a\u00f1os, en Guatemala y Estados Unidos. \u2013 SoyMigrante.com REVISTA\" \/>\t\t\t\t\t\t\t\t\t\t\t<figcaption class=\"widget-image-caption wp-caption-text\">Imagen de una celebraci\u00f3n de cumplea\u00f1os con tem\u00e1tica de migrantes, donde se observa a dos personas en una fiesta con decoraciones en colores vibrantes, resaltando la importancia de la comunidad latina y la migraci\u00f3n.<\/figcaption>\n\t\t\t\t\t\t\t\t\t\t<\/figure>\n\t\t\t\t\t\t\t\t\t<\/div>\n\t\t\t\t\t<\/div>\n\t\t\t\t<\/div>\n\t\t<div data-particle_enable=\"false\" data-particle-mobile-disabled=\"false\" class=\"elementor-element elementor-element-8ed1063 e-flex e-con-boxed e-con e-parent\" data-id=\"8ed1063\" data-element_type=\"container\" data-e-type=\"container\">\n\t\t\t\t\t<div class=\"e-con-inner\">\n\t\t\t\t<div class=\"elementor-element elementor-element-bf5c315 elementor-widget elementor-widget-text-editor\" data-id=\"bf5c315\" data-element_type=\"widget\" data-e-type=\"widget\" data-widget_type=\"text-editor.default\">\n\t\t\t\t\t\t\t\t\t<p>El gran motor de Yecsi y Jorge Mario es labrar un mejor futuro para sus hijos a trav\u00e9s de la educaci\u00f3n y el emprendimiento. Pero como se mencion\u00f3 al inicio hay alguien infaltable: \u201cPonemos a Dios primero sobre todas las cosas y despu\u00e9s damos nuestro mejor esfuerzo. As\u00ed hemos salido adelante\u201d, dice Yecsi.<\/p><p>Jorge Mario completa: \u201cEste pa\u00eds nos ha dado mucho, pero no olvidamos de d\u00f3nde venimos. Queremos compartir lo mejor de Guatemala con los dem\u00e1s.\u201d<\/p>\t\t\t\t\t\t\t\t<\/div>\n\t\t\t\t\t<\/div>\n\t\t\t\t<\/div>\n\t\t<div data-particle_enable=\"false\" data-particle-mobile-disabled=\"false\" class=\"elementor-element elementor-element-dfededf e-flex e-con-boxed e-con e-parent\" data-id=\"dfededf\" data-element_type=\"container\" data-e-type=\"container\">\n\t\t\t\t\t<div class=\"e-con-inner\">\n\t\t\t\t<div class=\"elementor-element elementor-element-fd3b825 elementor-widget elementor-widget-heading\" data-id=\"fd3b825\" data-element_type=\"widget\" data-e-type=\"widget\" data-widget_type=\"heading.default\">\n\t\t\t\t\t<h2 class=\"elementor-heading-title elementor-size-default\">Uni\u00f3n familiar sin fronteras<\/h2>\t\t\t\t<\/div>\n\t\t\t\t\t<\/div>\n\t\t\t\t<\/div>\n\t\t<div data-particle_enable=\"false\" data-particle-mobile-disabled=\"false\" class=\"elementor-element elementor-element-0311003 e-flex e-con-boxed e-con e-parent\" data-id=\"0311003\" data-element_type=\"container\" data-e-type=\"container\">\n\t\t\t\t\t<div class=\"e-con-inner\">\n\t\t\t\t<div class=\"elementor-element elementor-element-28c8519 elementor-grid-eael-col-3 elementor-grid-tablet-eael-col-2 elementor-grid-mobile-eael-col-1 elementor-widget elementor-widget-eael-post-grid\" data-id=\"28c8519\" data-element_type=\"widget\" data-e-type=\"widget\" data-settings=\"{&quot;eael_post_grid_columns&quot;:&quot;eael-col-3&quot;,&quot;eael_post_grid_columns_tablet&quot;:&quot;eael-col-2&quot;,&quot;eael_post_grid_columns_mobile&quot;:&quot;eael-col-1&quot;}\" data-widget_type=\"eael-post-grid.default\">\n\t\t\t\t\t<div id=\"eael-post-grid-28c8519\" class=\"eael-post-grid-container\">\n            <div class=\"eael-post-grid eael-post-appender eael-post-appender-28c8519 eael-post-grid-style-one\" data-layout-mode=\"masonry\"><article class=\"eael-grid-post  eael-post-grid-column eael-pg-post-4008 category-exitos\" data-id=\"4008\">\n        <div class=\"eael-grid-post-holder\">\n            <div class=\"eael-grid-post-holder-inner\"><div class=\"eael-entry-media\"><div class=\"eael-entry-overlay fade-in\"><i class=\"far fa-hand-pointer\" aria-hidden=\"true\"><\/i><a href=\"https:\/\/soymigrante.com\/revista\/matrimonio-migrante-marine-corps-finanzas-amor-familia-guatemalteca-finanzas\/\"><\/a><\/div><div class=\"eael-entry-thumbnail \">\n                <img loading=\"lazy\" decoding=\"async\" width=\"1024\" height=\"835\" src=\"https:\/\/soymigrante.com\/revista\/wp-content\/uploads\/2023\/12\/JONATHANY-EYLI-MARINE-FOTO-e1703652746213-1024x835.webp\" class=\"attachment-large size-large wp-image-4013\" alt=\"\" srcset=\"https:\/\/soymigrante.com\/revista\/wp-content\/uploads\/2023\/12\/JONATHANY-EYLI-MARINE-FOTO-e1703652746213-1024x835.webp 1024w, https:\/\/soymigrante.com\/revista\/wp-content\/uploads\/2023\/12\/JONATHANY-EYLI-MARINE-FOTO-e1703652746213-300x244.webp 300w, https:\/\/soymigrante.com\/revista\/wp-content\/uploads\/2023\/12\/JONATHANY-EYLI-MARINE-FOTO-e1703652746213-768x626.webp 768w, https:\/\/soymigrante.com\/revista\/wp-content\/uploads\/2023\/12\/JONATHANY-EYLI-MARINE-FOTO-e1703652746213-1536x1252.webp 1536w, https:\/\/soymigrante.com\/revista\/wp-content\/uploads\/2023\/12\/JONATHANY-EYLI-MARINE-FOTO-e1703652746213-750x611.webp 750w, https:\/\/soymigrante.com\/revista\/wp-content\/uploads\/2023\/12\/JONATHANY-EYLI-MARINE-FOTO-e1703652746213-1140x929.webp 1140w, https:\/\/soymigrante.com\/revista\/wp-content\/uploads\/2023\/12\/JONATHANY-EYLI-MARINE-FOTO-e1703652746213.webp 1920w\" sizes=\"(max-width: 1024px) 100vw, 1024px\" \/>\n            <\/div>\n        <\/div><div class=\"eael-entry-wrapper\"><header class=\"eael-entry-header\"><h2 class=\"eael-entry-title\"><a class=\"eael-grid-post-link\" href=\"https:\/\/soymigrante.com\/revista\/matrimonio-migrante-marine-corps-finanzas-amor-familia-guatemalteca-finanzas\/\" title=\"Eyly y Jonathan Luna: historia de amor, lucha y superaci\u00f3n migrante\">Eyly y Jonathan Luna: historia de amor, lucha y superaci\u00f3n migrante<\/a><\/h2><\/header><div class=\"eael-entry-content\">\n                        <div class=\"eael-grid-post-excerpt\"><a href=\"https:\/\/soymigrante.com\/revista\/matrimonio-migrante-marine-corps-finanzas-amor-familia-guatemalteca-finanzas\/\" class=\"eael-post-elements-readmore-btn\">CONOCE SU HISTORIA <\/a><\/div>\n                    <\/div><\/div><\/div>\n        <\/div>\n    <\/article><article class=\"eael-grid-post  eael-post-grid-column eael-pg-post-3091 category-exitos\" data-id=\"3091\">\n        <div class=\"eael-grid-post-holder\">\n            <div class=\"eael-grid-post-holder-inner\"><div class=\"eael-entry-media\"><div class=\"eael-entry-overlay fade-in\"><i class=\"far fa-hand-pointer\" aria-hidden=\"true\"><\/i><a href=\"https:\/\/soymigrante.com\/revista\/migrante-guatemalteca-juana-lopez-ingenio-del-sabor-chapin\/\"><\/a><\/div><div class=\"eael-entry-thumbnail \">\n                <img loading=\"lazy\" decoding=\"async\" width=\"917\" height=\"782\" src=\"https:\/\/soymigrante.com\/revista\/wp-content\/uploads\/2023\/10\/juanita.webp\" class=\"attachment-large size-large wp-image-3108\" alt=\"\" srcset=\"https:\/\/soymigrante.com\/revista\/wp-content\/uploads\/2023\/10\/juanita.webp 917w, https:\/\/soymigrante.com\/revista\/wp-content\/uploads\/2023\/10\/juanita-300x256.webp 300w, https:\/\/soymigrante.com\/revista\/wp-content\/uploads\/2023\/10\/juanita-768x655.webp 768w, https:\/\/soymigrante.com\/revista\/wp-content\/uploads\/2023\/10\/juanita-750x640.webp 750w\" sizes=\"(max-width: 917px) 100vw, 917px\" \/>\n            <\/div>\n        <\/div><div class=\"eael-entry-wrapper\"><header class=\"eael-entry-header\"><h2 class=\"eael-entry-title\"><a class=\"eael-grid-post-link\" href=\"https:\/\/soymigrante.com\/revista\/migrante-guatemalteca-juana-lopez-ingenio-del-sabor-chapin\/\" title=\"La migrante Juana L\u00f3pez y el dulce sabor de una familia unida\">La migrante Juana L\u00f3pez y el dulce sabor de una familia unida<\/a><\/h2><\/header><div class=\"eael-entry-content\">\n                        <div class=\"eael-grid-post-excerpt\"><a href=\"https:\/\/soymigrante.com\/revista\/migrante-guatemalteca-juana-lopez-ingenio-del-sabor-chapin\/\" class=\"eael-post-elements-readmore-btn\">CONOCE SU HISTORIA <\/a><\/div>\n                    <\/div><\/div><\/div>\n        <\/div>\n    <\/article><article class=\"eael-grid-post  eael-post-grid-column eael-pg-post-1571 category-exitos tags-nueva-york\" data-id=\"1571\">\n        <div class=\"eael-grid-post-holder\">\n            <div class=\"eael-grid-post-holder-inner\"><div class=\"eael-entry-media\"><div class=\"eael-entry-overlay fade-in\"><i class=\"far fa-hand-pointer\" aria-hidden=\"true\"><\/i><a href=\"https:\/\/soymigrante.com\/revista\/esposos-migrantes-luchan-por-un-sueno-en-nueva-york\/\"><\/a><\/div><div class=\"eael-entry-thumbnail \">\n                <img loading=\"lazy\" decoding=\"async\" width=\"1024\" height=\"746\" src=\"https:\/\/soymigrante.com\/revista\/wp-content\/uploads\/2023\/06\/JUAN-E-IRIS-YOJCOM-REDES-1024x746.webp\" class=\"attachment-large size-large wp-image-1573\" alt=\"Juan e Iris Yojcom, esposos migrantes guatemaltecos en Nueva York.\" srcset=\"https:\/\/soymigrante.com\/revista\/wp-content\/uploads\/2023\/06\/JUAN-E-IRIS-YOJCOM-REDES-1024x746.webp 1024w, https:\/\/soymigrante.com\/revista\/wp-content\/uploads\/2023\/06\/JUAN-E-IRIS-YOJCOM-REDES-300x219.webp 300w, https:\/\/soymigrante.com\/revista\/wp-content\/uploads\/2023\/06\/JUAN-E-IRIS-YOJCOM-REDES-768x560.webp 768w, https:\/\/soymigrante.com\/revista\/wp-content\/uploads\/2023\/06\/JUAN-E-IRIS-YOJCOM-REDES-120x86.webp 120w, https:\/\/soymigrante.com\/revista\/wp-content\/uploads\/2023\/06\/JUAN-E-IRIS-YOJCOM-REDES-750x547.webp 750w, https:\/\/soymigrante.com\/revista\/wp-content\/uploads\/2023\/06\/JUAN-E-IRIS-YOJCOM-REDES.webp 1095w\" sizes=\"(max-width: 1024px) 100vw, 1024px\" \/>\n            <\/div>\n        <\/div><div class=\"eael-entry-wrapper\"><header class=\"eael-entry-header\"><h2 class=\"eael-entry-title\"><a class=\"eael-grid-post-link\" href=\"https:\/\/soymigrante.com\/revista\/esposos-migrantes-luchan-por-un-sueno-en-nueva-york\/\" title=\"Esposos migrantes luchan por un sue\u00f1o guatemalteco en Nueva York\">Esposos migrantes luchan por un sue\u00f1o guatemalteco en Nueva York<\/a><\/h2><\/header><div class=\"eael-entry-content\">\n                        <div class=\"eael-grid-post-excerpt\"><a href=\"https:\/\/soymigrante.com\/revista\/esposos-migrantes-luchan-por-un-sueno-en-nueva-york\/\" class=\"eael-post-elements-readmore-btn\">CONOCE SU HISTORIA <\/a><\/div>\n                    <\/div><\/div><\/div>\n        <\/div>\n    <\/article><\/div>\n            <div class=\"clearfix\"><\/div>\n        <\/div>\t\t\t\t<\/div>\n\t\t\t\t\t<\/div>\n\t\t\t\t<\/div>\n\t\t\t\t<\/div>\n\t\t","protected":false},"excerpt":{"rendered":"<p>Yecsi y Jorge celebraron sus 25 a\u00f1os de matrimonio en Kansas, a donde migraron en busca de oportunidades. Laboran en una cadena de restaurantes pero el gran objetivo es abrir uno propio, de comida guatemalteca. &#8220;Poner a Dios primero y dar siempre lo mejor de uno&#8221;: con esa frase poderosa, Yecsi Archila, originaria de San [&hellip;]<\/p>\n","protected":false},"author":7,"featured_media":31114,"comment_status":"open","ping_status":"open","sticky":false,"template":"","format":"standard","meta":{"_acf_changed":false,"_eb_attr":"","footnotes":""},"categories":[50,274],"tags":[],"class_list":["post-31113","post","type-post","status-publish","format-standard","has-post-thumbnail","hentry","category-exitos","category-guatemala"],"acf":[],"aioseo_notices":[],"aioseo_head":"\n\t\t<!-- All in One SEO Pro 4.9.6.2 - aioseo.com -->\n\t<meta name=\"description\" content=\"Un matrimonio migrante guatemalteco que se vio forzado a dejar su tierra por la crisis de la pandemia. Ella y \u00e9l relatan vivencias y sue\u00f1os. Juan e Iris est\u00e1n a 4 mil kil\u00f3metros de su mayor tesoro: sus hijas. Su mayor fortaleza es compartir juntos el esfuerzo migrante. Trabajan en limpieza y mantenimiento de un\" \/>\n\t<meta name=\"robots\" content=\"max-snippet:-1, max-image-preview:large, max-video-preview:-1\" \/>\n\t<meta name=\"author\" content=\"Gustavo Montenegro\"\/>\n\t<link rel=\"canonical\" href=\"https:\/\/soymigrante.com\/revista\/esposos-migrantes-luchan-por-un-sueno-en-nueva-york\/\" \/>\n\t<meta name=\"generator\" content=\"All in One SEO Pro (AIOSEO) 4.9.6.2\" \/>\n\n\t\t<link rel=\"preconnect\" href=\"https:\/\/fonts.googleapis.com\" crossorigin>\n<link rel=\"preconnect\" href=\"https:\/\/fonts.gstatic.com\" crossorigin>\n\t\t<meta property=\"og:locale\" content=\"es_ES\" \/>\n\t\t<meta property=\"og:site_name\" content=\"SoyMigrante.com REVISTA \u2013 Nuestra misi\u00f3n es reconocer y dignificar al migrante.\" \/>\n\t\t<meta property=\"og:type\" content=\"article\" \/>\n\t\t<meta property=\"og:title\" content=\"Esposos migrantes luchan por un sue\u00f1o guatemalteco en Nueva York\" \/>\n\t\t<meta property=\"og:description\" content=\"Un matrimonio migrante guatemalteco que se vio forzado a dejar su tierra por la crisis de la pandemia. Ella y \u00e9l relatan vivencias y sue\u00f1os. Juan e Iris est\u00e1n a 4 mil kil\u00f3metros de su mayor tesoro: sus hijas. Su mayor fortaleza es compartir juntos el esfuerzo migrante. Trabajan en limpieza y mantenimiento de un\" \/>\n\t\t<meta property=\"og:url\" content=\"https:\/\/soymigrante.com\/revista\/esposos-migrantes-luchan-por-un-sueno-en-nueva-york\/\" \/>\n\t\t<meta property=\"og:image\" content=\"https:\/\/soymigrante.com\/revista\/wp-content\/uploads\/2023\/06\/JUAN-E-IRIS-YOJCOM-REDES.webp\" \/>\n\t\t<meta property=\"og:image:secure_url\" content=\"https:\/\/soymigrante.com\/revista\/wp-content\/uploads\/2023\/06\/JUAN-E-IRIS-YOJCOM-REDES.webp\" \/>\n\t\t<meta property=\"og:image:width\" content=\"1095\" \/>\n\t\t<meta property=\"og:image:height\" content=\"798\" \/>\n\t\t<meta property=\"article:published_time\" content=\"2023-06-23T15:09:23+00:00\" \/>\n\t\t<meta property=\"article:modified_time\" content=\"2026-03-11T22:42:39+00:00\" \/>\n\t\t<meta property=\"article:publisher\" content=\"https:\/\/www.facebook.com\/soymigrantecom\" \/>\n\t\t<meta name=\"twitter:card\" content=\"summary_large_image\" \/>\n\t\t<meta name=\"twitter:site\" content=\"@SoyMigrante_com\" \/>\n\t\t<meta name=\"twitter:title\" content=\"Esposos migrantes luchan por un sue\u00f1o guatemalteco en Nueva York\" \/>\n\t\t<meta name=\"twitter:description\" content=\"Un matrimonio migrante guatemalteco que se vio forzado a dejar su tierra por la crisis de la pandemia. Ella y \u00e9l relatan vivencias y sue\u00f1os. Juan e Iris est\u00e1n a 4 mil kil\u00f3metros de su mayor tesoro: sus hijas. Su mayor fortaleza es compartir juntos el esfuerzo migrante. Trabajan en limpieza y mantenimiento de un\" \/>\n\t\t<meta name=\"twitter:creator\" content=\"@SoyMigrante_com\" \/>\n\t\t<meta name=\"twitter:image\" content=\"https:\/\/soymigrante.com\/revista\/wp-content\/uploads\/2023\/06\/JUAN-E-IRIS-YOJCOM-REDES.webp\" \/>\n\t\t<!-- All in One SEO Pro -->\r\n\t\t<title>Esposos migrantes luchan por un sue\u00f1o guatemalteco en Nueva York<\/title>\n\n","aioseo_head_json":{"title":"Esposos migrantes luchan por un sue\u00f1o guatemalteco en Nueva York","description":"Un matrimonio migrante guatemalteco que se vio forzado a dejar su tierra por la crisis de la pandemia. Ella y \u00e9l relatan vivencias y sue\u00f1os. Juan e Iris est\u00e1n a 4 mil kil\u00f3metros de su mayor tesoro: sus hijas. Su mayor fortaleza es compartir juntos el esfuerzo migrante. Trabajan en limpieza y mantenimiento de un","canonical_url":"https:\/\/soymigrante.com\/revista\/esposos-migrantes-luchan-por-un-sueno-en-nueva-york\/","robots":"max-snippet:-1, max-image-preview:large, max-video-preview:-1","keywords":"","webmasterTools":{"miscellaneous":"&lt;link rel=\"preconnect\" href=\"https:\/\/fonts.googleapis.com\" crossorigin&gt;\n&lt;link rel=\"preconnect\" href=\"https:\/\/fonts.gstatic.com\" crossorigin&gt;"},"schema":null,"og:locale":"es_ES","og:site_name":"SoyMigrante.com REVISTA \u2013 Nuestra misi\u00f3n es reconocer y dignificar al migrante.","og:type":"article","og:title":"Esposos migrantes luchan por un sue\u00f1o guatemalteco en Nueva York","og:description":"Un matrimonio migrante guatemalteco que se vio forzado a dejar su tierra por la crisis de la pandemia. Ella y \u00e9l relatan vivencias y sue\u00f1os. Juan e Iris est\u00e1n a 4 mil kil\u00f3metros de su mayor tesoro: sus hijas. Su mayor fortaleza es compartir juntos el esfuerzo migrante. Trabajan en limpieza y mantenimiento de un","og:url":"https:\/\/soymigrante.com\/revista\/esposos-migrantes-luchan-por-un-sueno-en-nueva-york\/","og:image":"https:\/\/soymigrante.com\/revista\/wp-content\/uploads\/2023\/06\/JUAN-E-IRIS-YOJCOM-REDES.webp","og:image:secure_url":"https:\/\/soymigrante.com\/revista\/wp-content\/uploads\/2023\/06\/JUAN-E-IRIS-YOJCOM-REDES.webp","og:image:width":1095,"og:image:height":798,"article:published_time":"2023-06-23T15:09:23+00:00","article:modified_time":"2026-03-11T22:42:39+00:00","article:publisher":"https:\/\/www.facebook.com\/soymigrantecom","twitter:card":"summary_large_image","twitter:site":"@SoyMigrante_com","twitter:title":"Esposos migrantes luchan por un sue\u00f1o guatemalteco en Nueva York","twitter:description":"Un matrimonio migrante guatemalteco que se vio forzado a dejar su tierra por la crisis de la pandemia. Ella y \u00e9l relatan vivencias y sue\u00f1os. Juan e Iris est\u00e1n a 4 mil kil\u00f3metros de su mayor tesoro: sus hijas. Su mayor fortaleza es compartir juntos el esfuerzo migrante. Trabajan en limpieza y mantenimiento de un","twitter:creator":"@SoyMigrante_com","twitter:image":"https:\/\/soymigrante.com\/revista\/wp-content\/uploads\/2023\/06\/JUAN-E-IRIS-YOJCOM-REDES.webp"},"aioseo_meta_data":{"post_id":"31113","title":"El gran sue\u00f1o de Yecsi y Jorge, guatemaltecos en Kansas","description":"Hace poco celebraron 25 a\u00f1os de matrimonio; trabajan en una cadena de restaurantes en Kansas, pero tienen un sue\u00f1o que anhelan cumplir pronto. Hablamos con ellos","keywords":null,"keyphrases":{"focus":{"keyphrase":"Guatemaltecos","score":54,"analysis":{"keyphraseInTitle":{"score":9,"maxScore":9,"error":0},"keyphraseInDescription":{"score":3,"maxScore":9,"error":1},"keyphraseLength":{"score":9,"maxScore":9,"error":0,"length":1},"keyphraseInURL":{"score":1,"maxScore":5,"error":1},"keyphraseInIntroduction":{"score":3,"maxScore":9,"error":1},"keyphraseInSubHeadings":{"score":3,"maxScore":9,"error":1},"keyphraseInImageAlt":{"score":9,"maxScore":9,"error":0},"keywordDensity":{"score":0,"type":"low","maxScore":9,"error":1}}},"additional":[{"keyphrase":"Kansas","score":100,"analysis":{"keyphraseInDescription":{"score":9,"maxScore":9,"error":0},"keyphraseLength":{"score":9,"maxScore":9,"error":0,"length":1},"keyphraseInIntroduction":{"score":9,"maxScore":9,"error":0},"keyphraseInImageAlt":{"score":9,"maxScore":9,"error":0},"keywordDensity":{"type":"best","score":9,"maxScore":9,"error":0}}},{"keyphrase":"Sue\u00f1o","score":53,"analysis":{"keyphraseInDescription":{"score":9,"maxScore":9,"error":0},"keyphraseLength":{"score":9,"maxScore":9,"error":0,"length":2},"keyphraseInIntroduction":{"score":3,"maxScore":9,"error":1},"keyphraseInImageAlt":{"score":3,"maxScore":9,"error":1},"keywordDensity":{"score":0,"type":"low","maxScore":9,"error":1}}},{"keyphrase":"Historia","score":60,"analysis":{"keyphraseInDescription":{"score":3,"maxScore":9,"error":1},"keyphraseLength":{"score":9,"maxScore":9,"error":0,"length":1},"keyphraseInIntroduction":{"score":3,"maxScore":9,"error":1},"keyphraseInImageAlt":{"score":3,"maxScore":9,"error":1},"keywordDensity":{"type":"best","score":9,"maxScore":9,"error":0}}}]},"primary_term":null,"canonical_url":null,"og_title":null,"og_description":null,"og_object_type":"default","og_image_type":"default","og_image_url":null,"og_image_width":null,"og_image_height":null,"og_image_custom_url":null,"og_image_custom_fields":null,"og_video":"","og_custom_url":null,"og_article_section":null,"og_article_tags":null,"twitter_use_og":false,"twitter_card":"default","twitter_image_type":"default","twitter_image_url":null,"twitter_image_custom_url":null,"twitter_image_custom_fields":null,"twitter_title":null,"twitter_description":null,"schema":{"blockGraphs":[],"customGraphs":[],"default":{"data":{"Article":[],"Course":[],"Dataset":[],"FAQPage":[],"Movie":[],"Person":[],"Product":[],"ProductReview":[],"Car":[],"Recipe":[],"Service":[],"SoftwareApplication":[],"WebPage":[]},"graphName":"none","isEnabled":true},"graphs":[]},"schema_type":"default","schema_type_options":null,"pillar_content":false,"robots_default":true,"robots_noindex":false,"robots_noarchive":false,"robots_nosnippet":false,"robots_nofollow":false,"robots_noimageindex":false,"robots_noodp":false,"robots_notranslate":false,"robots_max_snippet":"-1","robots_max_videopreview":"-1","robots_max_imagepreview":"large","priority":null,"frequency":"default","local_seo":null,"seo_analyzer_scan_date":"2025-10-09 04:21:36","breadcrumb_settings":null,"limit_modified_date":false,"reviewed_by":null,"open_ai":"{\"title\":{\"suggestions\":[],\"usage\":0},\"description\":{\"suggestions\":[],\"usage\":0}}","ai":null,"created":"2025-04-15 17:48:57","updated":"2026-02-04 22:58:22"},"aioseo_breadcrumb":"<div class=\"aioseo-breadcrumbs\"><span class=\"aioseo-breadcrumb\">\n\t<a href=\"https:\/\/soymigrante.com\/revista\" title=\"Home\">Home<\/a>\n<\/span><span class=\"aioseo-breadcrumb-separator\">\u00bb<\/span><span class=\"aioseo-breadcrumb\">\n\t<a href=\"https:\/\/soymigrante.com\/revista\/category\/exitos\/\" title=\"\u00c9xitos\">\u00c9xitos<\/a>\n<\/span><span class=\"aioseo-breadcrumb-separator\">\u00bb<\/span><span class=\"aioseo-breadcrumb\">\n\t<a href=\"https:\/\/soymigrante.com\/revista\/category\/exitos\/guatemala\/\" title=\"Guatemala\">Guatemala<\/a>\n<\/span><span class=\"aioseo-breadcrumb-separator\">\u00bb<\/span><span class=\"aioseo-breadcrumb\">\n\tEl gran sue\u00f1o de Yecsi y Jorge Ticum en Kansas tiene amor y sabor guatemalteco\n<\/span><\/div>","aioseo_breadcrumb_json":[{"label":"Home","link":"https:\/\/soymigrante.com\/revista"},{"label":"\u00c9xitos","link":"https:\/\/soymigrante.com\/revista\/category\/exitos\/"},{"label":"Guatemala","link":"https:\/\/soymigrante.com\/revista\/category\/exitos\/guatemala\/"},{"label":"El gran sue\u00f1o de Yecsi y Jorge Ticum en Kansas tiene amor y sabor guatemalteco","link":"https:\/\/soymigrante.com\/revista\/el-gran-sueno-de-yecsi-y-jorge-en-kansas-tiene-amor-y-sabor-guatemalteco\/"}],"_links":{"self":[{"href":"https:\/\/soymigrante.com\/revista\/wp-json\/wp\/v2\/posts\/31113","targetHints":{"allow":["GET"]}}],"collection":[{"href":"https:\/\/soymigrante.com\/revista\/wp-json\/wp\/v2\/posts"}],"about":[{"href":"https:\/\/soymigrante.com\/revista\/wp-json\/wp\/v2\/types\/post"}],"author":[{"embeddable":true,"href":"https:\/\/soymigrante.com\/revista\/wp-json\/wp\/v2\/users\/7"}],"replies":[{"embeddable":true,"href":"https:\/\/soymigrante.com\/revista\/wp-json\/wp\/v2\/comments?post=31113"}],"version-history":[{"count":16,"href":"https:\/\/soymigrante.com\/revista\/wp-json\/wp\/v2\/posts\/31113\/revisions"}],"predecessor-version":[{"id":46687,"href":"https:\/\/soymigrante.com\/revista\/wp-json\/wp\/v2\/posts\/31113\/revisions\/46687"}],"wp:featuredmedia":[{"embeddable":true,"href":"https:\/\/soymigrante.com\/revista\/wp-json\/wp\/v2\/media\/31114"}],"wp:attachment":[{"href":"https:\/\/soymigrante.com\/revista\/wp-json\/wp\/v2\/media?parent=31113"}],"wp:term":[{"taxonomy":"category","embeddable":true,"href":"https:\/\/soymigrante.com\/revista\/wp-json\/wp\/v2\/categories?post=31113"},{"taxonomy":"post_tag","embeddable":true,"href":"https:\/\/soymigrante.com\/revista\/wp-json\/wp\/v2\/tags?post=31113"}],"curies":[{"name":"wp","href":"https:\/\/api.w.org\/{rel}","templated":true}]}}