{"id":30993,"date":"2025-04-24T08:00:00","date_gmt":"2025-04-24T14:00:00","guid":{"rendered":"https:\/\/soymigrante.com\/revista\/?p=30993"},"modified":"2025-05-01T19:53:12","modified_gmt":"2025-05-02T01:53:12","slug":"como-combatir-la-desinformacion-claves-para-verificar-datos","status":"publish","type":"post","link":"https:\/\/soymigrante.com\/revista\/como-combatir-la-desinformacion-claves-para-verificar-datos\/","title":{"rendered":"C\u00f3mo combatir la desinformaci\u00f3n: claves para verificar datos"},"content":{"rendered":"\t\t<div data-elementor-type=\"wp-post\" data-elementor-id=\"30993\" class=\"elementor elementor-30993\" data-elementor-post-type=\"post\">\n\t\t\t\t<div data-particle_enable=\"false\" data-particle-mobile-disabled=\"false\" class=\"elementor-element elementor-element-eaad1f9 e-flex e-con-boxed e-con e-parent\" data-id=\"eaad1f9\" data-element_type=\"container\" data-e-type=\"container\">\n\t\t\t\t\t<div class=\"e-con-inner\">\n\t\t\t\t<div class=\"elementor-element elementor-element-c1f2d0b elementor-widget elementor-widget-heading\" data-id=\"c1f2d0b\" data-element_type=\"widget\" data-e-type=\"widget\" data-widget_type=\"heading.default\">\n\t\t\t\t\t<h2 class=\"elementor-heading-title elementor-size-default\">Combatir la desinformaci\u00f3n es la clave para evitar noticias falsas. <\/h2>\t\t\t\t<\/div>\n\t\t\t\t\t<\/div>\n\t\t\t\t<\/div>\n\t\t<div data-particle_enable=\"false\" data-particle-mobile-disabled=\"false\" class=\"elementor-element elementor-element-b00ffad e-flex e-con-boxed e-con e-parent\" data-id=\"b00ffad\" data-element_type=\"container\" data-e-type=\"container\">\n\t\t\t\t\t<div class=\"e-con-inner\">\n\t\t\t\t<div class=\"elementor-element elementor-element-e45cc60 elementor-widget elementor-widget-text-editor\" data-id=\"e45cc60\" data-element_type=\"widget\" data-e-type=\"widget\" data-widget_type=\"text-editor.default\">\n\t\t\t\t\t\t\t\t\t<p>En un mundo hiperconectado, donde la informaci\u00f3n viaja a gran velocidad por redes sociales, chats y sitios web, la desinformaci\u00f3n se ha convertido en un desaf\u00edo global.<\/p><p><a href=\"https:\/\/soymigrante.com\/revista\/leer-en-papel-y-escribir-a-mano-sigue-siendo-una-herramienta-educativa-actual\/\" target=\"_blank\" rel=\"noopener\">Noticias falsas, titulares manipulados y datos sin fuente clara circulan con facilidad,<\/a> afectando decisiones personales, pol\u00edticas y sociales. Pero, \u00bfc\u00f3mo podemos combatir la desinformaci\u00f3n? \u00bfQu\u00e9 herramientas tenemos para verificar lo que leemos y compartimos?<\/p>\t\t\t\t\t\t\t\t<\/div>\n\t\t\t\t\t<\/div>\n\t\t\t\t<\/div>\n\t\t<div data-particle_enable=\"false\" data-particle-mobile-disabled=\"false\" class=\"elementor-element elementor-element-7fdf27a e-flex e-con-boxed e-con e-parent\" data-id=\"7fdf27a\" data-element_type=\"container\" data-e-type=\"container\">\n\t\t\t\t\t<div class=\"e-con-inner\">\n\t\t\t\t<div class=\"elementor-element elementor-element-ef6d135 elementor-widget elementor-widget-heading\" data-id=\"ef6d135\" data-element_type=\"widget\" data-e-type=\"widget\" data-widget_type=\"heading.default\">\n\t\t\t\t\t<h3 class=\"elementor-heading-title elementor-size-default\">\u00bfQu\u00e9 es la desinformaci\u00f3n?<\/h3>\t\t\t\t<\/div>\n\t\t\t\t\t<\/div>\n\t\t\t\t<\/div>\n\t\t<div data-particle_enable=\"false\" data-particle-mobile-disabled=\"false\" class=\"elementor-element elementor-element-1541d78 e-flex e-con-boxed e-con e-parent\" data-id=\"1541d78\" data-element_type=\"container\" data-e-type=\"container\">\n\t\t\t\t\t<div class=\"e-con-inner\">\n\t\t\t\t<div class=\"elementor-element elementor-element-d27446a elementor-widget elementor-widget-text-editor\" data-id=\"d27446a\" data-element_type=\"widget\" data-e-type=\"widget\" data-widget_type=\"text-editor.default\">\n\t\t\t\t\t\t\t\t\t<p><a href=\"https:\/\/soymigrante.com\/revista\/leer-en-papel-y-escribir-a-mano-sigue-siendo-una-herramienta-educativa-actual\/\" target=\"_blank\" rel=\"noopener\">La desinformaci\u00f3n no es solo informaci\u00f3n incorrecta, sino aquella que se difunde con o sin intenci\u00f3n de enga\u00f1ar.<\/a> Puede tomar la forma de noticias falsas (fake news), im\u00e1genes fuera de contexto, datos manipulados o rumores sin sustento.<\/p><p>Por ejemplo, durante elecciones o crisis sanitarias, abundan las cadenas por WhatsApp que aseguran \u201cdatos oficiales\u201d sin ninguna fuente; o publicaciones con titulares alarmistas que inducen al miedo o al odio.<\/p>\t\t\t\t\t\t\t\t<\/div>\n\t\t\t\t\t<\/div>\n\t\t\t\t<\/div>\n\t\t<div data-particle_enable=\"false\" data-particle-mobile-disabled=\"false\" class=\"elementor-element elementor-element-bc1c0d7 e-flex e-con-boxed e-con e-parent\" data-id=\"bc1c0d7\" data-element_type=\"container\" data-e-type=\"container\">\n\t\t\t\t\t<div class=\"e-con-inner\">\n\t\t\t\t<div class=\"elementor-element elementor-element-935c4e0 elementor-widget elementor-widget-image\" data-id=\"935c4e0\" data-element_type=\"widget\" data-e-type=\"widget\" data-widget_type=\"image.default\">\n\t\t\t\t\t\t\t\t\t\t\t\t<figure class=\"wp-caption\">\n\t\t\t\t\t\t\t\t\t\t<img fetchpriority=\"high\" decoding=\"async\" width=\"768\" height=\"431\" src=\"https:\/\/soymigrante.com\/revista\/wp-content\/uploads\/2025\/04\/Como-combatir-la-desinformacion-claves-para-verificar-datos-3-1024x575.jpeg\" class=\"attachment-large size-large wp-image-31003\" alt=\"Pantalla de smartphone en manos de una persona, enfoque en el dispositivo digital, elementos relacionados con tecnolog\u00eda y comunicaci\u00f3n.\" srcset=\"https:\/\/soymigrante.com\/revista\/wp-content\/uploads\/2025\/04\/Como-combatir-la-desinformacion-claves-para-verificar-datos-3-1024x575.jpeg 1024w, https:\/\/soymigrante.com\/revista\/wp-content\/uploads\/2025\/04\/Como-combatir-la-desinformacion-claves-para-verificar-datos-3-300x169.jpeg 300w, https:\/\/soymigrante.com\/revista\/wp-content\/uploads\/2025\/04\/Como-combatir-la-desinformacion-claves-para-verificar-datos-3-768x432.jpeg 768w, https:\/\/soymigrante.com\/revista\/wp-content\/uploads\/2025\/04\/Como-combatir-la-desinformacion-claves-para-verificar-datos-3-1536x863.jpeg 1536w, https:\/\/soymigrante.com\/revista\/wp-content\/uploads\/2025\/04\/Como-combatir-la-desinformacion-claves-para-verificar-datos-3-750x421.webp 750w, https:\/\/soymigrante.com\/revista\/wp-content\/uploads\/2025\/04\/Como-combatir-la-desinformacion-claves-para-verificar-datos-3-1140x641.webp 1140w, https:\/\/soymigrante.com\/revista\/wp-content\/uploads\/2025\/04\/Como-combatir-la-desinformacion-claves-para-verificar-datos-3.webp 1600w\" sizes=\"(max-width: 768px) 100vw, 768px\" title=\"C\u00f3mo combatir la desinformaci\u00f3n claves para verificar datos 3 \u2013 SoyMigrante.com REVISTA\" \/>\t\t\t\t\t\t\t\t\t\t\t<figcaption class=\"widget-image-caption wp-caption-text\">Personas usando tel\u00e9fonos inteligentes, conectado, tecnolog\u00eda m\u00f3vil, comunicaci\u00f3n digital.<\/figcaption>\n\t\t\t\t\t\t\t\t\t\t<\/figure>\n\t\t\t\t\t\t\t\t\t<\/div>\n\t\t\t\t\t<\/div>\n\t\t\t\t<\/div>\n\t\t<div data-particle_enable=\"false\" data-particle-mobile-disabled=\"false\" class=\"elementor-element elementor-element-ac622f1 e-flex e-con-boxed e-con e-parent\" data-id=\"ac622f1\" data-element_type=\"container\" data-e-type=\"container\">\n\t\t\t\t\t<div class=\"e-con-inner\">\n\t\t\t\t<div class=\"elementor-element elementor-element-b5340b6 elementor-widget elementor-widget-heading\" data-id=\"b5340b6\" data-element_type=\"widget\" data-e-type=\"widget\" data-widget_type=\"heading.default\">\n\t\t\t\t\t<h3 class=\"elementor-heading-title elementor-size-default\">\u00bfQu\u00e9 hacer para no caer en la trampa?<\/h3>\t\t\t\t<\/div>\n\t\t\t\t\t<\/div>\n\t\t\t\t<\/div>\n\t\t<div data-particle_enable=\"false\" data-particle-mobile-disabled=\"false\" class=\"elementor-element elementor-element-7a25c7f e-flex e-con-boxed e-con e-parent\" data-id=\"7a25c7f\" data-element_type=\"container\" data-e-type=\"container\">\n\t\t\t\t\t<div class=\"e-con-inner\">\n\t\t\t\t<div class=\"elementor-element elementor-element-ebee786 elementor-widget elementor-widget-text-editor\" data-id=\"ebee786\" data-element_type=\"widget\" data-e-type=\"widget\" data-widget_type=\"text-editor.default\">\n\t\t\t\t\t\t\t\t\t<p><strong>1. Desconfiar del contenido emocional o alarmista<\/strong><br \/>Si una noticia causa enojo, miedo o sorpresa extrema, es buena idea detenerse y pensar: \u00bfesto ser\u00e1 cierto? La desinformaci\u00f3n suele jugar con nuestras emociones para que compartamos sin pensar.<\/p>\t\t\t\t\t\t\t\t<\/div>\n\t\t\t\t\t<\/div>\n\t\t\t\t<\/div>\n\t\t<div data-particle_enable=\"false\" data-particle-mobile-disabled=\"false\" class=\"elementor-element elementor-element-33f44c3 e-flex e-con-boxed e-con e-parent\" data-id=\"33f44c3\" data-element_type=\"container\" data-e-type=\"container\">\n\t\t\t\t\t<div class=\"e-con-inner\">\n\t\t\t\t<div class=\"elementor-element elementor-element-0f0c35e elementor-widget elementor-widget-text-editor\" data-id=\"0f0c35e\" data-element_type=\"widget\" data-e-type=\"widget\" data-widget_type=\"text-editor.default\">\n\t\t\t\t\t\t\t\t\t<p><strong>2. Verificar la fuente<\/strong><br \/>Revisar si la noticia proviene de un medio de comunicaci\u00f3n confiable, con trayectoria, y si el autor est\u00e1 identificado. Desconfiar de p\u00e1ginas sin contacto, sin fecha o con nombres parecidos a medios conocidos.<\/p>\t\t\t\t\t\t\t\t<\/div>\n\t\t\t\t\t<\/div>\n\t\t\t\t<\/div>\n\t\t<div data-particle_enable=\"false\" data-particle-mobile-disabled=\"false\" class=\"elementor-element elementor-element-0782e13 e-flex e-con-boxed e-con e-parent\" data-id=\"0782e13\" data-element_type=\"container\" data-e-type=\"container\">\n\t\t\t\t\t<div class=\"e-con-inner\">\n\t\t\t\t<div class=\"elementor-element elementor-element-78bd003 elementor-widget elementor-widget-text-editor\" data-id=\"78bd003\" data-element_type=\"widget\" data-e-type=\"widget\" data-widget_type=\"text-editor.default\">\n\t\t\t\t\t\t\t\t\t<p><strong>3. Consultar m\u00e1s de una fuente<\/strong><br \/>No quedarse con la primera versi\u00f3n. <a href=\"https:\/\/soymigrante.com\/revista\/leer-en-papel-y-escribir-a-mano-sigue-siendo-una-herramienta-educativa-actual\/\" target=\"_blank\" rel=\"noopener\">Buscar si otros medios han publicado lo mismo<\/a>. Si una noticia es real, generalmente m\u00e1s de una fuente la reporta.<\/p>\t\t\t\t\t\t\t\t<\/div>\n\t\t\t\t\t<\/div>\n\t\t\t\t<\/div>\n\t\t<div data-particle_enable=\"false\" data-particle-mobile-disabled=\"false\" class=\"elementor-element elementor-element-eeee02f e-flex e-con-boxed e-con e-parent\" data-id=\"eeee02f\" data-element_type=\"container\" data-e-type=\"container\">\n\t\t\t\t\t<div class=\"e-con-inner\">\n\t\t\t\t<div class=\"elementor-element elementor-element-67d1474 elementor-widget elementor-widget-text-editor\" data-id=\"67d1474\" data-element_type=\"widget\" data-e-type=\"widget\" data-widget_type=\"text-editor.default\">\n\t\t\t\t\t\t\t\t\t<div><strong>4. Usar herramientas de verificaci\u00f3n<\/strong><\/div><div>Existen plataformas especializadas en verificaci\u00f3n de datos, como:<\/div><div>\u2022<a href=\"https:\/\/chequeado.com\/desgrabador\/index.html\" target=\"_blank\" rel=\"noopener\">Chequeado<\/a><\/div><div>\u2022<a href=\"https:\/\/www.snopes.com\/\" target=\"_blank\" rel=\"noopener\">Snopes<\/a><\/div><div>\u2022<a href=\"http:\/\/FactCheck.org\" target=\"_blank\" rel=\"noopener\">FactCheck.org<\/a><\/div><div>Tambi\u00e9n se puede usar Google para buscar frases exactas y ver si hay una fuente original, o hacer una b\u00fasqueda inversa de im\u00e1genes para ver de d\u00f3nde provienen realmente.<\/div>\t\t\t\t\t\t\t\t<\/div>\n\t\t\t\t\t<\/div>\n\t\t\t\t<\/div>\n\t\t<div data-particle_enable=\"false\" data-particle-mobile-disabled=\"false\" class=\"elementor-element elementor-element-85cd1fc e-flex e-con-boxed e-con e-parent\" data-id=\"85cd1fc\" data-element_type=\"container\" data-e-type=\"container\">\n\t\t\t\t\t<div class=\"e-con-inner\">\n\t\t\t\t<div class=\"elementor-element elementor-element-9a9af9b elementor-widget elementor-widget-text-editor\" data-id=\"9a9af9b\" data-element_type=\"widget\" data-e-type=\"widget\" data-widget_type=\"text-editor.default\">\n\t\t\t\t\t\t\t\t\t<p><strong>5. Leer m\u00e1s all\u00e1 del titular<\/strong><br \/>Muchos titulares est\u00e1n dise\u00f1ados para generar clics. Es fundamental leer el contenido completo y no basarse solo en la frase principal.<\/p>\t\t\t\t\t\t\t\t<\/div>\n\t\t\t\t\t<\/div>\n\t\t\t\t<\/div>\n\t\t<div data-particle_enable=\"false\" data-particle-mobile-disabled=\"false\" class=\"elementor-element elementor-element-76e33e5 e-flex e-con-boxed e-con e-parent\" data-id=\"76e33e5\" data-element_type=\"container\" data-e-type=\"container\">\n\t\t\t\t\t<div class=\"e-con-inner\">\n\t\t\t\t<div class=\"elementor-element elementor-element-a43cdd8 elementor-widget elementor-widget-image\" data-id=\"a43cdd8\" data-element_type=\"widget\" data-e-type=\"widget\" data-widget_type=\"image.default\">\n\t\t\t\t\t\t\t\t\t\t\t\t<figure class=\"wp-caption\">\n\t\t\t\t\t\t\t\t\t\t<img decoding=\"async\" width=\"768\" height=\"512\" src=\"https:\/\/soymigrante.com\/revista\/wp-content\/uploads\/2025\/04\/Como-combatir-la-desinformacion-claves-para-verificar-datos-2-1024x682.jpeg\" class=\"attachment-large size-large wp-image-31004\" alt=\"Tel\u00e9fono m\u00f3vil en mano, sentado en el suelo con jeans y zapatillas deportivas, representando temas de migraci\u00f3n y tecnolog\u00eda en la comunidad migrante.\" srcset=\"https:\/\/soymigrante.com\/revista\/wp-content\/uploads\/2025\/04\/Como-combatir-la-desinformacion-claves-para-verificar-datos-2-1024x682.jpeg 1024w, https:\/\/soymigrante.com\/revista\/wp-content\/uploads\/2025\/04\/Como-combatir-la-desinformacion-claves-para-verificar-datos-2-300x200.jpeg 300w, https:\/\/soymigrante.com\/revista\/wp-content\/uploads\/2025\/04\/Como-combatir-la-desinformacion-claves-para-verificar-datos-2-768x512.jpeg 768w, https:\/\/soymigrante.com\/revista\/wp-content\/uploads\/2025\/04\/Como-combatir-la-desinformacion-claves-para-verificar-datos-2-1536x1023.jpeg 1536w, https:\/\/soymigrante.com\/revista\/wp-content\/uploads\/2025\/04\/Como-combatir-la-desinformacion-claves-para-verificar-datos-2-750x500.webp 750w, https:\/\/soymigrante.com\/revista\/wp-content\/uploads\/2025\/04\/Como-combatir-la-desinformacion-claves-para-verificar-datos-2-1140x760.webp 1140w, https:\/\/soymigrante.com\/revista\/wp-content\/uploads\/2025\/04\/Como-combatir-la-desinformacion-claves-para-verificar-datos-2.webp 1600w\" sizes=\"(max-width: 768px) 100vw, 768px\" title=\"C\u00f3mo combatir la desinformaci\u00f3n claves para verificar datos 2 \u2013 SoyMigrante.com REVISTA\" \/>\t\t\t\t\t\t\t\t\t\t\t<figcaption class=\"widget-image-caption wp-caption-text\">Imagen que muestra una persona con tel\u00e9fono m\u00f3vil en un entorno urbano, enfocada en la comunicaci\u00f3n digital para migrantes y la integraci\u00f3n social.<\/figcaption>\n\t\t\t\t\t\t\t\t\t\t<\/figure>\n\t\t\t\t\t\t\t\t\t<\/div>\n\t\t\t\t\t<\/div>\n\t\t\t\t<\/div>\n\t\t<div data-particle_enable=\"false\" data-particle-mobile-disabled=\"false\" class=\"elementor-element elementor-element-62fc2d7 e-flex e-con-boxed e-con e-parent\" data-id=\"62fc2d7\" data-element_type=\"container\" data-e-type=\"container\">\n\t\t\t\t\t<div class=\"e-con-inner\">\n\t\t\t\t<div class=\"elementor-element elementor-element-413326b elementor-widget elementor-widget-heading\" data-id=\"413326b\" data-element_type=\"widget\" data-e-type=\"widget\" data-widget_type=\"heading.default\">\n\t\t\t\t\t<h3 class=\"elementor-heading-title elementor-size-default\">Educarse en alfabetizaci\u00f3n digital<\/h3>\t\t\t\t<\/div>\n\t\t\t\t\t<\/div>\n\t\t\t\t<\/div>\n\t\t<div data-particle_enable=\"false\" data-particle-mobile-disabled=\"false\" class=\"elementor-element elementor-element-ff747f7 e-flex e-con-boxed e-con e-parent\" data-id=\"ff747f7\" data-element_type=\"container\" data-e-type=\"container\">\n\t\t\t\t\t<div class=\"e-con-inner\">\n\t\t\t\t<div class=\"elementor-element elementor-element-b8a68f9 elementor-widget elementor-widget-text-editor\" data-id=\"b8a68f9\" data-element_type=\"widget\" data-e-type=\"widget\" data-widget_type=\"text-editor.default\">\n\t\t\t\t\t\t\t\t\t<p>Combatir la desinformaci\u00f3n no solo es tarea de periodistas o expertos. Todos los ciudadanos debemos desarrollar pensamiento cr\u00edtico y alfabetizaci\u00f3n medi\u00e1tica. <a href=\"https:\/\/soymigrante.com\/revista\/leer-en-papel-y-escribir-a-mano-sigue-siendo-una-herramienta-educativa-actual\/\" target=\"_blank\" rel=\"noopener\">Aprender a leer, entender y cuestionar lo que vemos en redes sociales, videos o incluso en medios tradicionales, es parte de la soluci\u00f3n.<\/a><\/p>\t\t\t\t\t\t\t\t<\/div>\n\t\t\t\t\t<\/div>\n\t\t\t\t<\/div>\n\t\t<div data-particle_enable=\"false\" data-particle-mobile-disabled=\"false\" class=\"elementor-element elementor-element-2a39648 e-flex e-con-boxed e-con e-parent\" data-id=\"2a39648\" data-element_type=\"container\" data-e-type=\"container\">\n\t\t\t\t\t<div class=\"e-con-inner\">\n\t\t\t\t<div class=\"elementor-element elementor-element-79984cd elementor-widget elementor-widget-heading\" data-id=\"79984cd\" data-element_type=\"widget\" data-e-type=\"widget\" data-widget_type=\"heading.default\">\n\t\t\t\t\t<h3 class=\"elementor-heading-title elementor-size-default\">\u00bfY si ya compart\u00ed una noticia falsa?<\/h3>\t\t\t\t<\/div>\n\t\t\t\t\t<\/div>\n\t\t\t\t<\/div>\n\t\t<div data-particle_enable=\"false\" data-particle-mobile-disabled=\"false\" class=\"elementor-element elementor-element-1041551 e-flex e-con-boxed e-con e-parent\" data-id=\"1041551\" data-element_type=\"container\" data-e-type=\"container\">\n\t\t\t\t\t<div class=\"e-con-inner\">\n\t\t\t\t<div class=\"elementor-element elementor-element-f12b082 elementor-widget elementor-widget-text-editor\" data-id=\"f12b082\" data-element_type=\"widget\" data-e-type=\"widget\" data-widget_type=\"text-editor.default\">\n\t\t\t\t\t\t\t\t\t<p>Aceptar el error, eliminar la publicaci\u00f3n y, si es posible, corregir la informaci\u00f3n. Compartir desmentidos tambi\u00e9n ayuda a detener la cadena de desinformaci\u00f3n.<\/p>\t\t\t\t\t\t\t\t<\/div>\n\t\t\t\t\t<\/div>\n\t\t\t\t<\/div>\n\t\t<div data-particle_enable=\"false\" data-particle-mobile-disabled=\"false\" class=\"elementor-element elementor-element-da99935 e-flex e-con-boxed e-con e-parent\" data-id=\"da99935\" data-element_type=\"container\" data-e-type=\"container\">\n\t\t\t\t\t<div class=\"e-con-inner\">\n\t\t\t\t<div class=\"elementor-element elementor-element-a1b2ab0 elementor-widget elementor-widget-heading\" data-id=\"a1b2ab0\" data-element_type=\"widget\" data-e-type=\"widget\" data-widget_type=\"heading.default\">\n\t\t\t\t\t<h3 class=\"elementor-heading-title elementor-size-default\">La responsabilidad es compartida<\/h3>\t\t\t\t<\/div>\n\t\t\t\t\t<\/div>\n\t\t\t\t<\/div>\n\t\t<div data-particle_enable=\"false\" data-particle-mobile-disabled=\"false\" class=\"elementor-element elementor-element-4257b2a e-flex e-con-boxed e-con e-parent\" data-id=\"4257b2a\" data-element_type=\"container\" data-e-type=\"container\">\n\t\t\t\t\t<div class=\"e-con-inner\">\n\t\t\t\t<div class=\"elementor-element elementor-element-67a0007 elementor-widget elementor-widget-text-editor\" data-id=\"67a0007\" data-element_type=\"widget\" data-e-type=\"widget\" data-widget_type=\"text-editor.default\">\n\t\t\t\t\t\t\t\t\t<p><a href=\"https:\/\/soymigrante.com\/revista\/leer-en-papel-y-escribir-a-mano-sigue-siendo-una-herramienta-educativa-actual\/\" target=\"_blank\" rel=\"noopener\">En un entorno digital saturado, compartir una noticia falsa puede parecer inofensivo<\/a>, pero sus consecuencias pueden ser graves: desinformar a comunidades, da\u00f1ar reputaciones, influir en decisiones err\u00f3neas o incluso provocar conflictos. Por eso, antes de compartir, es clave detenerse, pensar y verificar.<\/p>\t\t\t\t\t\t\t\t<\/div>\n\t\t\t\t\t<\/div>\n\t\t\t\t<\/div>\n\t\t<div data-particle_enable=\"false\" data-particle-mobile-disabled=\"false\" class=\"elementor-element elementor-element-81fc827 e-flex e-con-boxed e-con e-parent\" data-id=\"81fc827\" data-element_type=\"container\" data-e-type=\"container\">\n\t\t\t\t\t<div class=\"e-con-inner\">\n\t\t\t\t<div class=\"elementor-element elementor-element-3d0366a elementor-widget elementor-widget-heading\" data-id=\"3d0366a\" data-element_type=\"widget\" data-e-type=\"widget\" data-widget_type=\"heading.default\">\n\t\t\t\t\t<h2 class=\"elementor-heading-title elementor-size-default\">Conoce m\u00e1s de otros temas que te puedan interesar...<\/h2>\t\t\t\t<\/div>\n\t\t\t\t\t<\/div>\n\t\t\t\t<\/div>\n\t\t<div data-particle_enable=\"false\" data-particle-mobile-disabled=\"false\" class=\"elementor-element elementor-element-5219850 e-flex e-con-boxed e-con e-parent\" data-id=\"5219850\" data-element_type=\"container\" data-e-type=\"container\">\n\t\t\t\t\t<div class=\"e-con-inner\">\n\t\t\t\t<div class=\"elementor-element elementor-element-6fd3c35 elementor-grid-eael-col-3 elementor-grid-tablet-eael-col-2 elementor-grid-mobile-eael-col-1 elementor-widget elementor-widget-eael-post-grid\" data-id=\"6fd3c35\" data-element_type=\"widget\" data-e-type=\"widget\" data-settings=\"{&quot;eael_post_grid_columns&quot;:&quot;eael-col-3&quot;,&quot;eael_post_grid_columns_tablet&quot;:&quot;eael-col-2&quot;,&quot;eael_post_grid_columns_mobile&quot;:&quot;eael-col-1&quot;}\" data-widget_type=\"eael-post-grid.default\">\n\t\t\t\t\t<div id=\"eael-post-grid-6fd3c35\" class=\"eael-post-grid-container\">\n            <div class=\"eael-post-grid eael-post-appender eael-post-appender-6fd3c35 eael-post-grid-style-one\" data-layout-mode=\"masonry\"><article class=\"eael-grid-post  eael-post-grid-column eael-pg-post-9664 category-recursos-migratorios\" data-id=\"9664\">\n        <div class=\"eael-grid-post-holder\">\n            <div class=\"eael-grid-post-holder-inner\"><div class=\"eael-entry-media\"><div class=\"eael-entry-overlay fade-in\"><i class=\"far fa-hand-pointer\" aria-hidden=\"true\"><\/i><a href=\"https:\/\/soymigrante.com\/revista\/informacion-que-quiza-no-sabias-o-querias-compartir-sobre-el-daca\/\"><\/a><\/div><div class=\"eael-entry-thumbnail \">\n                <img decoding=\"async\" width=\"1024\" height=\"1024\" src=\"https:\/\/soymigrante.com\/revista\/wp-content\/uploads\/2024\/09\/daca-soy-migrante-scaled-e1727361660403-1024x1024.webp\" class=\"attachment-large size-large wp-image-9682\" alt=\"Estudiante universitario en toga y birrete se\u00f1alando con la mano, s\u00edmbolo de logro y \u00e9xito acad\u00e9mico en el contexto de migrantes y sue\u00f1os educativos.\" srcset=\"https:\/\/soymigrante.com\/revista\/wp-content\/uploads\/2024\/09\/daca-soy-migrante-scaled-e1727361660403-1024x1024.webp 1024w, https:\/\/soymigrante.com\/revista\/wp-content\/uploads\/2024\/09\/daca-soy-migrante-scaled-e1727361660403-300x300.webp 300w, https:\/\/soymigrante.com\/revista\/wp-content\/uploads\/2024\/09\/daca-soy-migrante-scaled-e1727361660403-150x150.webp 150w, https:\/\/soymigrante.com\/revista\/wp-content\/uploads\/2024\/09\/daca-soy-migrante-scaled-e1727361660403-768x768.webp 768w, https:\/\/soymigrante.com\/revista\/wp-content\/uploads\/2024\/09\/daca-soy-migrante-scaled-e1727361660403-75x75.webp 75w, https:\/\/soymigrante.com\/revista\/wp-content\/uploads\/2024\/09\/daca-soy-migrante-scaled-e1727361660403-750x750.webp 750w, https:\/\/soymigrante.com\/revista\/wp-content\/uploads\/2024\/09\/daca-soy-migrante-scaled-e1727361660403-1140x1140.webp 1140w, https:\/\/soymigrante.com\/revista\/wp-content\/uploads\/2024\/09\/daca-soy-migrante-scaled-e1727361660403.webp 1280w\" sizes=\"(max-width: 1024px) 100vw, 1024px\" \/>\n            <\/div>\n        <\/div><div class=\"eael-entry-wrapper\"><header class=\"eael-entry-header\"><h2 class=\"eael-entry-title\"><a class=\"eael-grid-post-link\" href=\"https:\/\/soymigrante.com\/revista\/informacion-que-quiza-no-sabias-o-querias-compartir-sobre-el-daca\/\" title=\"Informaci\u00f3n que quiz\u00e1 no sab\u00edas (o quer\u00edas compartir) sobre el DACA\">Informaci\u00f3n que quiz\u00e1 no sab\u00edas (o quer\u00edas compartir) sobre el DACA<\/a><\/h2><\/header><div class=\"eael-entry-content\">\n                        <div class=\"eael-grid-post-excerpt\"><a href=\"https:\/\/soymigrante.com\/revista\/informacion-que-quiza-no-sabias-o-querias-compartir-sobre-el-daca\/\" class=\"eael-post-elements-readmore-btn\">CONOCE SU HISTORIA <\/a><\/div>\n                    <\/div><\/div><\/div>\n        <\/div>\n    <\/article><article class=\"eael-grid-post  eael-post-grid-column eael-pg-post-9493 category-bienestar\" data-id=\"9493\">\n        <div class=\"eael-grid-post-holder\">\n            <div class=\"eael-grid-post-holder-inner\"><div class=\"eael-entry-media\"><div class=\"eael-entry-overlay fade-in\"><i class=\"far fa-hand-pointer\" aria-hidden=\"true\"><\/i><a href=\"https:\/\/soymigrante.com\/revista\/cuanto-mantienes-enfocada-tu-atencion-en-el-trabajo\/\"><\/a><\/div><div class=\"eael-entry-thumbnail \">\n                <img loading=\"lazy\" decoding=\"async\" width=\"637\" height=\"637\" src=\"https:\/\/soymigrante.com\/revista\/wp-content\/uploads\/2024\/09\/trabajo-enfoque-rendimiento-1-2.webp\" class=\"attachment-large size-large wp-image-9609\" alt=\"Carpintero trabajando en taller con herramientas el\u00e9ctricas, enfoque en empleo y habilidades para migrantes en la construcci\u00f3n.\" srcset=\"https:\/\/soymigrante.com\/revista\/wp-content\/uploads\/2024\/09\/trabajo-enfoque-rendimiento-1-2.webp 637w, https:\/\/soymigrante.com\/revista\/wp-content\/uploads\/2024\/09\/trabajo-enfoque-rendimiento-1-2-300x300.webp 300w, https:\/\/soymigrante.com\/revista\/wp-content\/uploads\/2024\/09\/trabajo-enfoque-rendimiento-1-2-150x150.webp 150w, https:\/\/soymigrante.com\/revista\/wp-content\/uploads\/2024\/09\/trabajo-enfoque-rendimiento-1-2-75x75.webp 75w\" sizes=\"(max-width: 637px) 100vw, 637px\" \/>\n            <\/div>\n        <\/div><div class=\"eael-entry-wrapper\"><header class=\"eael-entry-header\"><h2 class=\"eael-entry-title\"><a class=\"eael-grid-post-link\" href=\"https:\/\/soymigrante.com\/revista\/cuanto-mantienes-enfocada-tu-atencion-en-el-trabajo\/\" title=\"\u00bfCu\u00e1nto mantienes enfocada tu atenci\u00f3n en el trabajo?\">\u00bfCu\u00e1nto mantienes enfocada tu atenci\u00f3n en el trabajo?<\/a><\/h2><\/header><div class=\"eael-entry-content\">\n                        <div class=\"eael-grid-post-excerpt\"><a href=\"https:\/\/soymigrante.com\/revista\/cuanto-mantienes-enfocada-tu-atencion-en-el-trabajo\/\" class=\"eael-post-elements-readmore-btn\">CONOCE SU HISTORIA <\/a><\/div>\n                    <\/div><\/div><\/div>\n        <\/div>\n    <\/article><article class=\"eael-grid-post  eael-post-grid-column eael-pg-post-4542 category-lugar-de-voces\" data-id=\"4542\">\n        <div class=\"eael-grid-post-holder\">\n            <div class=\"eael-grid-post-holder-inner\"><div class=\"eael-entry-media\"><div class=\"eael-entry-overlay fade-in\"><i class=\"far fa-hand-pointer\" aria-hidden=\"true\"><\/i><a href=\"https:\/\/soymigrante.com\/revista\/migracion-jovenes-guatemaltecos-falta-oportunidades-necesitamos-desarrollo\/\"><\/a><\/div><div class=\"eael-entry-thumbnail \">\n                <img loading=\"lazy\" decoding=\"async\" width=\"1024\" height=\"534\" src=\"https:\/\/soymigrante.com\/revista\/wp-content\/uploads\/2024\/01\/Captura-de-pantalla-2024-01-22-182700-1024x534.webp\" class=\"attachment-large size-large wp-image-4543\" alt=\"Los migrantes indocumentados se exponen a los abusos y cr\u00edmenes de grupos del narcotr\u00e1fico, al riesgo de morir en el cruce del desierto y tambi\u00e9n a ser detenidos por autoridades migratorias de EE.UU:\" srcset=\"https:\/\/soymigrante.com\/revista\/wp-content\/uploads\/2024\/01\/Captura-de-pantalla-2024-01-22-182700-1024x534.webp 1024w, https:\/\/soymigrante.com\/revista\/wp-content\/uploads\/2024\/01\/Captura-de-pantalla-2024-01-22-182700-300x157.webp 300w, https:\/\/soymigrante.com\/revista\/wp-content\/uploads\/2024\/01\/Captura-de-pantalla-2024-01-22-182700-768x401.webp 768w, https:\/\/soymigrante.com\/revista\/wp-content\/uploads\/2024\/01\/Captura-de-pantalla-2024-01-22-182700-750x391.webp 750w, https:\/\/soymigrante.com\/revista\/wp-content\/uploads\/2024\/01\/Captura-de-pantalla-2024-01-22-182700-1140x595.webp 1140w, https:\/\/soymigrante.com\/revista\/wp-content\/uploads\/2024\/01\/Captura-de-pantalla-2024-01-22-182700.webp 1288w\" sizes=\"(max-width: 1024px) 100vw, 1024px\" \/>\n            <\/div>\n        <\/div><div class=\"eael-entry-wrapper\"><header class=\"eael-entry-header\"><h2 class=\"eael-entry-title\"><a class=\"eael-grid-post-link\" href=\"https:\/\/soymigrante.com\/revista\/migracion-jovenes-guatemaltecos-falta-oportunidades-necesitamos-desarrollo\/\" title=\"El trabajo y la migraci\u00f3n de los j\u00f3venes guatemaltecos\">El trabajo y la migraci\u00f3n de los j\u00f3venes guatemaltecos<\/a><\/h2><\/header><div class=\"eael-entry-content\">\n                        <div class=\"eael-grid-post-excerpt\"><a href=\"https:\/\/soymigrante.com\/revista\/migracion-jovenes-guatemaltecos-falta-oportunidades-necesitamos-desarrollo\/\" class=\"eael-post-elements-readmore-btn\">CONOCE SU HISTORIA <\/a><\/div>\n                    <\/div><\/div><\/div>\n        <\/div>\n    <\/article><\/div>\n            <div class=\"clearfix\"><\/div>\n        <\/div>\t\t\t\t<\/div>\n\t\t\t\t\t<\/div>\n\t\t\t\t<\/div>\n\t\t\t\t<\/div>\n\t\t","protected":false},"excerpt":{"rendered":"<p>Combatir la desinformaci\u00f3n es la clave para evitar noticias falsas. En un mundo hiperconectado, donde la informaci\u00f3n viaja a gran velocidad por redes sociales, chats y sitios web, la desinformaci\u00f3n se ha convertido en un desaf\u00edo global. Noticias falsas, titulares manipulados y datos sin fuente clara circulan con facilidad, afectando decisiones personales, pol\u00edticas y sociales. [&hellip;]<\/p>\n","protected":false},"author":19,"featured_media":30994,"comment_status":"open","ping_status":"open","sticky":false,"template":"","format":"standard","meta":{"_acf_changed":false,"_eb_attr":"","footnotes":""},"categories":[55],"tags":[],"class_list":["post-30993","post","type-post","status-publish","format-standard","has-post-thumbnail","hentry","category-bienestar"],"acf":[],"aioseo_notices":[],"aioseo_head":"\n\t\t<!-- All in One SEO Pro 4.9.6.2 - aioseo.com -->\n\t<meta name=\"description\" content=\"Los j\u00f3venes migrantes van a buscar en Estados Unidos las oportunidades que no hallan en su pa\u00eds, pero Guatemala pierde esa fuerza laboral. Es necesario crear nuevas pol\u00edticas de desarrollo para esta poblaci\u00f3n. Por Guillermo Delgado, fraile dominico Todos necesitamos un trabajo para vivir, porque necesitamos dignificar la vida para vivirla. En la tradici\u00f3n\" \/>\n\t<meta name=\"robots\" content=\"max-snippet:-1, max-image-preview:large, max-video-preview:-1\" \/>\n\t<meta name=\"author\" content=\"Marysabel Aldana\"\/>\n\t<link rel=\"canonical\" href=\"https:\/\/soymigrante.com\/revista\/como-combatir-la-desinformacion-claves-para-verificar-datos\/\" \/>\n\t<meta name=\"generator\" content=\"All in One SEO Pro (AIOSEO) 4.9.6.2\" \/>\n\n\t\t<link rel=\"preconnect\" href=\"https:\/\/fonts.googleapis.com\" crossorigin>\n<link rel=\"preconnect\" href=\"https:\/\/fonts.gstatic.com\" crossorigin>\n\t\t<meta property=\"og:locale\" content=\"es_ES\" \/>\n\t\t<meta property=\"og:site_name\" content=\"SoyMigrante.com REVISTA \u2013 Nuestra misi\u00f3n es reconocer y dignificar al migrante.\" \/>\n\t\t<meta property=\"og:type\" content=\"article\" \/>\n\t\t<meta property=\"og:title\" content=\"C\u00f3mo combatir la desinformaci\u00f3n: claves para verificar datos\" \/>\n\t\t<meta property=\"og:description\" content=\"En estos d\u00edas surgen muchos rumores alarmantes y hasta se difunden como si fueran reales. Identificar estos bulos y falsedades es un deber. Claves para hacerlo\" \/>\n\t\t<meta property=\"og:url\" content=\"https:\/\/soymigrante.com\/revista\/como-combatir-la-desinformacion-claves-para-verificar-datos\/\" \/>\n\t\t<meta property=\"og:image\" content=\"https:\/\/soymigrante.com\/revista\/wp-content\/uploads\/2025\/04\/Como-combatir-la-desinformacion-claves-para-verificar-datos-4-e1744668149347.webp\" \/>\n\t\t<meta property=\"og:image:secure_url\" content=\"https:\/\/soymigrante.com\/revista\/wp-content\/uploads\/2025\/04\/Como-combatir-la-desinformacion-claves-para-verificar-datos-4-e1744668149347.webp\" \/>\n\t\t<meta property=\"og:image:width\" content=\"900\" \/>\n\t\t<meta property=\"og:image:height\" content=\"900\" \/>\n\t\t<meta property=\"article:published_time\" content=\"2025-04-24T14:00:00+00:00\" \/>\n\t\t<meta property=\"article:modified_time\" content=\"2025-05-02T01:53:12+00:00\" \/>\n\t\t<meta property=\"article:publisher\" content=\"https:\/\/www.facebook.com\/soymigrantecom\" \/>\n\t\t<meta name=\"twitter:card\" content=\"summary_large_image\" \/>\n\t\t<meta name=\"twitter:site\" content=\"@SoyMigrante_com\" \/>\n\t\t<meta name=\"twitter:title\" content=\"C\u00f3mo combatir la desinformaci\u00f3n: claves para verificar datos\" \/>\n\t\t<meta name=\"twitter:description\" content=\"En estos d\u00edas surgen muchos rumores alarmantes y hasta se difunden como si fueran reales. Identificar estos bulos y falsedades es un deber. Claves para hacerlo\" \/>\n\t\t<meta name=\"twitter:creator\" content=\"@SoyMigrante_com\" \/>\n\t\t<meta name=\"twitter:image\" content=\"https:\/\/soymigrante.com\/revista\/wp-content\/uploads\/2025\/04\/Como-combatir-la-desinformacion-claves-para-verificar-datos-4-e1744668149347.webp\" \/>\n\t\t<!-- All in One SEO Pro -->\r\n\t\t<title>C\u00f3mo combatir la desinformaci\u00f3n: claves para verificar datos<\/title>\n\n","aioseo_head_json":{"title":"C\u00f3mo combatir la desinformaci\u00f3n: claves para verificar datos","description":"En estos d\u00edas surgen muchos rumores alarmantes y hasta se difunden como si fueran reales. Identificar estos bulos y falsedades es un deber. Claves para hacerlo","canonical_url":"https:\/\/soymigrante.com\/revista\/como-combatir-la-desinformacion-claves-para-verificar-datos\/","robots":"max-snippet:-1, max-image-preview:large, max-video-preview:-1","keywords":"","webmasterTools":{"miscellaneous":"&lt;link rel=\"preconnect\" href=\"https:\/\/fonts.googleapis.com\" crossorigin&gt;\n&lt;link rel=\"preconnect\" href=\"https:\/\/fonts.gstatic.com\" crossorigin&gt;"},"schema":null,"og:locale":"es_ES","og:site_name":"SoyMigrante.com REVISTA \u2013 Nuestra misi\u00f3n es reconocer y dignificar al migrante.","og:type":"article","og:title":"C\u00f3mo combatir la desinformaci\u00f3n: claves para verificar datos","og:description":"En estos d\u00edas surgen muchos rumores alarmantes y hasta se difunden como si fueran reales. Identificar estos bulos y falsedades es un deber. Claves para hacerlo","og:url":"https:\/\/soymigrante.com\/revista\/como-combatir-la-desinformacion-claves-para-verificar-datos\/","og:image":"https:\/\/soymigrante.com\/revista\/wp-content\/uploads\/2025\/04\/Como-combatir-la-desinformacion-claves-para-verificar-datos-4-e1744668149347.webp","og:image:secure_url":"https:\/\/soymigrante.com\/revista\/wp-content\/uploads\/2025\/04\/Como-combatir-la-desinformacion-claves-para-verificar-datos-4-e1744668149347.webp","og:image:width":900,"og:image:height":900,"article:published_time":"2025-04-24T14:00:00+00:00","article:modified_time":"2025-05-02T01:53:12+00:00","article:publisher":"https:\/\/www.facebook.com\/soymigrantecom","twitter:card":"summary_large_image","twitter:site":"@SoyMigrante_com","twitter:title":"C\u00f3mo combatir la desinformaci\u00f3n: claves para verificar datos","twitter:description":"En estos d\u00edas surgen muchos rumores alarmantes y hasta se difunden como si fueran reales. Identificar estos bulos y falsedades es un deber. Claves para hacerlo","twitter:creator":"@SoyMigrante_com","twitter:image":"https:\/\/soymigrante.com\/revista\/wp-content\/uploads\/2025\/04\/Como-combatir-la-desinformacion-claves-para-verificar-datos-4-e1744668149347.webp"},"aioseo_meta_data":{"post_id":"30993","title":null,"description":"En estos d\u00edas surgen muchos rumores alarmantes y hasta se difunden como si fueran reales. Identificar estos bulos y falsedades es un deber. Claves para hacerlo","keywords":null,"keyphrases":{"focus":{"keyphrase":"desinformaci\u00f3n","score":82,"analysis":{"keyphraseInTitle":{"score":9,"maxScore":9,"error":0},"keyphraseInDescription":{"score":3,"maxScore":9,"error":1},"keyphraseLength":{"score":9,"maxScore":9,"error":0,"length":2},"keyphraseInURL":{"score":5,"maxScore":5,"error":0},"keyphraseInIntroduction":{"score":9,"maxScore":9,"error":0},"keyphraseInSubHeadings":{"score":3,"maxScore":9,"error":1},"keyphraseInImageAlt":{"score":9,"maxScore":9,"error":0},"keywordDensity":{"type":"best","score":9,"maxScore":9,"error":0}}},"additional":[{"keyphrase":"desinformaci\u00f3n","score":87,"analysis":{"keyphraseInDescription":{"score":3,"maxScore":9,"error":1},"keyphraseLength":{"score":9,"maxScore":9,"error":0,"length":2},"keyphraseInIntroduction":{"score":9,"maxScore":9,"error":0},"keyphraseInImageAlt":{"score":9,"maxScore":9,"error":0},"keywordDensity":{"type":"best","score":9,"maxScore":9,"error":0}}}]},"primary_term":null,"canonical_url":null,"og_title":null,"og_description":null,"og_object_type":"default","og_image_type":"default","og_image_url":null,"og_image_width":null,"og_image_height":null,"og_image_custom_url":null,"og_image_custom_fields":null,"og_video":"","og_custom_url":null,"og_article_section":null,"og_article_tags":null,"twitter_use_og":false,"twitter_card":"default","twitter_image_type":"default","twitter_image_url":null,"twitter_image_custom_url":null,"twitter_image_custom_fields":null,"twitter_title":null,"twitter_description":null,"schema":{"blockGraphs":[],"customGraphs":[],"default":{"data":{"Article":[],"Course":[],"Dataset":[],"FAQPage":[],"Movie":[],"Person":[],"Product":[],"ProductReview":[],"Car":[],"Recipe":[],"Service":[],"SoftwareApplication":[],"WebPage":[]},"graphName":"none","isEnabled":true},"graphs":[]},"schema_type":"default","schema_type_options":null,"pillar_content":false,"robots_default":true,"robots_noindex":false,"robots_noarchive":false,"robots_nosnippet":false,"robots_nofollow":false,"robots_noimageindex":false,"robots_noodp":false,"robots_notranslate":false,"robots_max_snippet":"-1","robots_max_videopreview":"-1","robots_max_imagepreview":"large","priority":null,"frequency":"default","local_seo":null,"seo_analyzer_scan_date":"2025-10-09 04:36:25","breadcrumb_settings":null,"limit_modified_date":false,"reviewed_by":null,"open_ai":"{\"title\":{\"suggestions\":[],\"usage\":0},\"description\":{\"suggestions\":[],\"usage\":0}}","ai":null,"created":"2025-04-14 22:02:32","updated":"2026-02-04 23:17:04"},"aioseo_breadcrumb":"<div class=\"aioseo-breadcrumbs\"><span class=\"aioseo-breadcrumb\">\n\t<a href=\"https:\/\/soymigrante.com\/revista\" title=\"Home\">Home<\/a>\n<\/span><span class=\"aioseo-breadcrumb-separator\">\u00bb<\/span><span class=\"aioseo-breadcrumb\">\n\t<a href=\"https:\/\/soymigrante.com\/revista\/category\/bienestar\/\" title=\"Bienestar\">Bienestar<\/a>\n<\/span><span class=\"aioseo-breadcrumb-separator\">\u00bb<\/span><span class=\"aioseo-breadcrumb\">\n\tC\u00f3mo combatir la desinformaci\u00f3n: claves para verificar datos\n<\/span><\/div>","aioseo_breadcrumb_json":[{"label":"Home","link":"https:\/\/soymigrante.com\/revista"},{"label":"Bienestar","link":"https:\/\/soymigrante.com\/revista\/category\/bienestar\/"},{"label":"C\u00f3mo combatir la desinformaci\u00f3n: claves para verificar datos","link":"https:\/\/soymigrante.com\/revista\/como-combatir-la-desinformacion-claves-para-verificar-datos\/"}],"_links":{"self":[{"href":"https:\/\/soymigrante.com\/revista\/wp-json\/wp\/v2\/posts\/30993","targetHints":{"allow":["GET"]}}],"collection":[{"href":"https:\/\/soymigrante.com\/revista\/wp-json\/wp\/v2\/posts"}],"about":[{"href":"https:\/\/soymigrante.com\/revista\/wp-json\/wp\/v2\/types\/post"}],"author":[{"embeddable":true,"href":"https:\/\/soymigrante.com\/revista\/wp-json\/wp\/v2\/users\/19"}],"replies":[{"embeddable":true,"href":"https:\/\/soymigrante.com\/revista\/wp-json\/wp\/v2\/comments?post=30993"}],"version-history":[{"count":16,"href":"https:\/\/soymigrante.com\/revista\/wp-json\/wp\/v2\/posts\/30993\/revisions"}],"predecessor-version":[{"id":32402,"href":"https:\/\/soymigrante.com\/revista\/wp-json\/wp\/v2\/posts\/30993\/revisions\/32402"}],"wp:featuredmedia":[{"embeddable":true,"href":"https:\/\/soymigrante.com\/revista\/wp-json\/wp\/v2\/media\/30994"}],"wp:attachment":[{"href":"https:\/\/soymigrante.com\/revista\/wp-json\/wp\/v2\/media?parent=30993"}],"wp:term":[{"taxonomy":"category","embeddable":true,"href":"https:\/\/soymigrante.com\/revista\/wp-json\/wp\/v2\/categories?post=30993"},{"taxonomy":"post_tag","embeddable":true,"href":"https:\/\/soymigrante.com\/revista\/wp-json\/wp\/v2\/tags?post=30993"}],"curies":[{"name":"wp","href":"https:\/\/api.w.org\/{rel}","templated":true}]}}