{"id":30984,"date":"2025-04-18T08:48:37","date_gmt":"2025-04-18T14:48:37","guid":{"rendered":"https:\/\/soymigrante.com\/revista\/?p=30984"},"modified":"2025-04-18T08:48:42","modified_gmt":"2025-04-18T14:48:42","slug":"el-fervor-de-semana-santa-en-momostenango-refleja-el-fotografo-marcos-zarate","status":"publish","type":"post","link":"https:\/\/soymigrante.com\/revista\/el-fervor-de-semana-santa-en-momostenango-refleja-el-fotografo-marcos-zarate\/","title":{"rendered":"El fervor de Viernes Santo en Momostenango retrata el fot\u00f3grafo Marcos Z\u00e1rate"},"content":{"rendered":"\t\t<div data-elementor-type=\"wp-post\" data-elementor-id=\"30984\" class=\"elementor elementor-30984\" data-elementor-post-type=\"post\">\n\t\t\t\t<div data-particle_enable=\"false\" data-particle-mobile-disabled=\"false\" class=\"elementor-element elementor-element-88b84ae e-flex e-con-boxed e-con e-parent\" data-id=\"88b84ae\" data-element_type=\"container\" data-e-type=\"container\">\n\t\t\t\t\t<div class=\"e-con-inner\">\n\t\t\t\t<div class=\"elementor-element elementor-element-11d34da elementor-widget elementor-widget-heading\" data-id=\"11d34da\" data-element_type=\"widget\" data-e-type=\"widget\" data-widget_type=\"heading.default\">\n\t\t\t\t\t<h2 class=\"elementor-heading-title elementor-size-default\">Sin m\u00e1s pretensi\u00f3n que poner en alto el nombre de su natal Momostenango, el fot\u00f3grafo Marcos Z\u00e1rate refleja diversos aspectos de la vida de su pueblo, pero uno de los m\u00e1s impresionantes es, sin duda, el fervor de Semana Santa<\/h2>\t\t\t\t<\/div>\n\t\t\t\t\t<\/div>\n\t\t\t\t<\/div>\n\t\t<div data-particle_enable=\"false\" data-particle-mobile-disabled=\"false\" class=\"elementor-element elementor-element-cc06ddc e-flex e-con-boxed e-con e-parent\" data-id=\"cc06ddc\" data-element_type=\"container\" data-e-type=\"container\">\n\t\t\t\t\t<div class=\"e-con-inner\">\n\t\t\t\t<div class=\"elementor-element elementor-element-eb279ee elementor-widget elementor-widget-text-editor\" data-id=\"eb279ee\" data-element_type=\"widget\" data-e-type=\"widget\" data-widget_type=\"text-editor.default\">\n\t\t\t\t\t\t\t\t\t<p>Marcos Z\u00e1rate es una marca de calidad art\u00edstica; en cada instante fotogr\u00e1fico que capta hay historia, encanto, memoria indeleble. Fot\u00f3grafo nacido en <a href=\"https:\/\/soymigrante.com\/revista\/migrante-retornado-cafe-de-guatemala-campesinos-momostenango\/\">Momostenango<\/a> y con un ojo experto cultivado entre paisajes y rostros, atardeceres y noches, poes\u00edas de <a href=\"https:\/\/soymigrante.com\/revista\/poeta-maya-kiche-migrante-humberto-akabal-fallecio-2019\/\">Humberto Ak&#8217;abal<\/a> y gritos de vendedores del mercado.<\/p>\n<p><a href=\"https:\/\/www.facebook.com\/mrcoszarate\">Marcos Z\u00e1rate<\/a> es un buen guatemalteco y un gran artista, repleto de bondad y don de servicio. Pero no te confundas, su sinceridad siempre es contundente. Esa cualidad hay quienes no la resisten y se hacen ideas. Pero para ver al interior de su coraz\u00f3n, solo tienes que asomarte, cuadro por cuadro a sus fotograf\u00edas. Hace unos 15 a\u00f1os consigui\u00f3 su primera c\u00e1mara y desde entonces no par\u00f3 de capturar realidades que se hacen recuerdo inmemorial.&nbsp;<\/p>\n<p>Y en esta Semana Santa es un buen momento para ver su admiraci\u00f3n y respeto a la devoci\u00f3n momosteca: un mosaico multicultural, multicolor, multiplic\u00e1ndose en las retinas. &#8220;M\u00e1s gente deber\u00eda venir a Momostenango en Viernes Santo, porque se vive con mucha fe y color&#8221;, exclama Z\u00e1rate.&nbsp;<\/p><p>Con ustedes: Las Semanas Santas de Marcos Z\u00e1rate. <a href=\"https:\/\/soymigrante.com\/revista\/la-buena-imagen-vende-mas-claves-para-fotos-para-ventas-digitales\/\">Fotograf\u00edas<\/a>&nbsp;captadas en 2022, 2023 y 2024, pero que no necesitan fecha porque se quedan a vivir en la memoria y el alma.<\/p>\t\t\t\t\t\t\t\t<\/div>\n\t\t\t\t\t<\/div>\n\t\t\t\t<\/div>\n\t\t<div data-particle_enable=\"false\" data-particle-mobile-disabled=\"false\" class=\"elementor-element elementor-element-ee67e07 e-flex e-con-boxed e-con e-parent\" data-id=\"ee67e07\" data-element_type=\"container\" data-e-type=\"container\">\n\t\t\t\t\t<div class=\"e-con-inner\">\n\t\t\t\t<div class=\"elementor-element elementor-element-8a9c4f6 elementor-widget elementor-widget-image-gallery\" data-id=\"8a9c4f6\" data-element_type=\"widget\" data-e-type=\"widget\" data-widget_type=\"image-gallery.default\">\n\t\t\t\t\t\t\t<div class=\"elementor-image-gallery\">\n\t\t\t<div id='gallery-1' class='gallery galleryid-30984 gallery-columns-1 gallery-size-large'><figure class='gallery-item'>\n\t\t\t<div class='gallery-icon portrait'>\n\t\t\t\t<a data-elementor-open-lightbox=\"yes\" data-elementor-lightbox-slideshow=\"8a9c4f6\" data-elementor-lightbox-title=\"La inocencia de la ni\u00f1ez como reflejo de la inocencia de jes\u00fas sentenciado a muerte en Viernes Santo\" data-elementor-lightbox-description=\"Fotograf\u00edas de Marcos Z\u00e1rate, Semanas Santas 2022 a 2024 \" data-e-action-hash=\"#elementor-action%3Aaction%3Dlightbox%26settings%3DeyJpZCI6MzEwMzAsInVybCI6Imh0dHBzOlwvXC9zb3ltaWdyYW50ZS5jb21cL3JldmlzdGFcL3dwLWNvbnRlbnRcL3VwbG9hZHNcLzIwMjVcLzA0XC9tb21vcy0yMDIzLndlYnAiLCJzbGlkZXNob3ciOiI4YTljNGY2In0%3D\" href='https:\/\/soymigrante.com\/revista\/wp-content\/uploads\/2025\/04\/momos-2023.webp'><img fetchpriority=\"high\" decoding=\"async\" width=\"683\" height=\"1024\" src=\"https:\/\/soymigrante.com\/revista\/wp-content\/uploads\/2025\/04\/momos-2023-683x1024.jpg\" class=\"attachment-large size-large\" alt=\"\" aria-describedby=\"gallery-1-31030\" srcset=\"https:\/\/soymigrante.com\/revista\/wp-content\/uploads\/2025\/04\/momos-2023-683x1024.jpg 683w, https:\/\/soymigrante.com\/revista\/wp-content\/uploads\/2025\/04\/momos-2023-200x300.jpg 200w, https:\/\/soymigrante.com\/revista\/wp-content\/uploads\/2025\/04\/momos-2023-768x1152.jpg 768w, https:\/\/soymigrante.com\/revista\/wp-content\/uploads\/2025\/04\/momos-2023-1024x1536.jpg 1024w, https:\/\/soymigrante.com\/revista\/wp-content\/uploads\/2025\/04\/momos-2023-750x1125.webp 750w, https:\/\/soymigrante.com\/revista\/wp-content\/uploads\/2025\/04\/momos-2023-1140x1710.webp 1140w, https:\/\/soymigrante.com\/revista\/wp-content\/uploads\/2025\/04\/momos-2023.webp 1280w\" sizes=\"(max-width: 683px) 100vw, 683px\" title=\"La inocencia de la ni\u00f1ez como reflejo de la inocencia de jes\u00fas sentenciado a muerte en Viernes Santo \u2013 SoyMigrante.com REVISTA\" \/><\/a>\n\t\t\t<\/div>\n\t\t\t\t<figcaption class='wp-caption-text gallery-caption' id='gallery-1-31030'>\n\t\t\t\tLa inocencia de la ni\u00f1ez como reflejo de la inocencia de jes\u00fas sentenciado a muerte en Viernes Santo\n\t\t\t\t<\/figcaption><\/figure><figure class='gallery-item'>\n\t\t\t<div class='gallery-icon portrait'>\n\t\t\t\t<a data-elementor-open-lightbox=\"yes\" data-elementor-lightbox-slideshow=\"8a9c4f6\" data-elementor-lightbox-title=\"Momostenango amanece convertido en manos de alfombra y en alfombra de corazones, flores y plegarias\" data-elementor-lightbox-description=\"Im\u00e1genes de comunidad creando un tapiz de flores en calle, mostrando participaci\u00f3n ciudadana en celebraci\u00f3n cultural tradicional en barrio urbano.\" data-e-action-hash=\"#elementor-action%3Aaction%3Dlightbox%26settings%3DeyJpZCI6MzEwMzYsInVybCI6Imh0dHBzOlwvXC9zb3ltaWdyYW50ZS5jb21cL3JldmlzdGFcL3dwLWNvbnRlbnRcL3VwbG9hZHNcLzIwMjVcLzA0XC80ODcyMjE3NTFfMTAyMjgwNzczMzA0MjEwNDVfMTgxODU2NTU4NDQ3MTI2MjU2NV9uLndlYnAiLCJzbGlkZXNob3ciOiI4YTljNGY2In0%3D\" href='https:\/\/soymigrante.com\/revista\/wp-content\/uploads\/2025\/04\/487221751_10228077330421045_1818565584471262565_n.webp'><img decoding=\"async\" width=\"683\" height=\"1024\" src=\"https:\/\/soymigrante.com\/revista\/wp-content\/uploads\/2025\/04\/487221751_10228077330421045_1818565584471262565_n-683x1024.jpg\" class=\"attachment-large size-large\" alt=\"Colorido tapiz de flores elaborado por la comunidad en una calle de barrio en celebraci\u00f3n cultural. Participaci\u00f3n activa y tradici\u00f3n en evento art\u00edstico para fortalecer la identidad local.\" aria-describedby=\"gallery-1-31036\" srcset=\"https:\/\/soymigrante.com\/revista\/wp-content\/uploads\/2025\/04\/487221751_10228077330421045_1818565584471262565_n-683x1024.jpg 683w, https:\/\/soymigrante.com\/revista\/wp-content\/uploads\/2025\/04\/487221751_10228077330421045_1818565584471262565_n-200x300.jpg 200w, https:\/\/soymigrante.com\/revista\/wp-content\/uploads\/2025\/04\/487221751_10228077330421045_1818565584471262565_n-768x1152.jpg 768w, https:\/\/soymigrante.com\/revista\/wp-content\/uploads\/2025\/04\/487221751_10228077330421045_1818565584471262565_n-1024x1536.jpg 1024w, https:\/\/soymigrante.com\/revista\/wp-content\/uploads\/2025\/04\/487221751_10228077330421045_1818565584471262565_n-750x1125.webp 750w, https:\/\/soymigrante.com\/revista\/wp-content\/uploads\/2025\/04\/487221751_10228077330421045_1818565584471262565_n-1140x1710.webp 1140w, https:\/\/soymigrante.com\/revista\/wp-content\/uploads\/2025\/04\/487221751_10228077330421045_1818565584471262565_n.webp 1280w\" sizes=\"(max-width: 683px) 100vw, 683px\" title=\"Momostenango amanece convertido en manos de alfombra y en alfombra de corazones, flores y plegarias \u2013 SoyMigrante.com REVISTA\" \/><\/a>\n\t\t\t<\/div>\n\t\t\t\t<figcaption class='wp-caption-text gallery-caption' id='gallery-1-31036'>\n\t\t\t\tColorido tapiz floral en calle de barrio durante evento cultural con participaci\u00f3n comunitaria para fortalecer identidad y tradiciones.\n\t\t\t\t<\/figcaption><\/figure><figure class='gallery-item'>\n\t\t\t<div class='gallery-icon portrait'>\n\t\t\t\t<a data-elementor-open-lightbox=\"yes\" data-elementor-lightbox-slideshow=\"8a9c4f6\" data-elementor-lightbox-title=\"Las calles se convierten en ofrenda de s\u00edmbolos ancestrales florecientes\" data-elementor-lightbox-description=\"Poblaci\u00f3n participando en la elaboraci\u00f3n de un tapete floral en una calle de ciudad mexicana, durante celebraci\u00f3n tradicional. Personas, colores vibrantes, cultura mexicana, festividades, arte popular, cuarta dimensi\u00f3n cultural.\" data-e-action-hash=\"#elementor-action%3Aaction%3Dlightbox%26settings%3DeyJpZCI6MzEwMjcsInVybCI6Imh0dHBzOlwvXC9zb3ltaWdyYW50ZS5jb21cL3JldmlzdGFcL3dwLWNvbnRlbnRcL3VwbG9hZHNcLzIwMjVcLzA0XC80Nzk1MDUwNzFfNjMxODUxMTA1ODc4NzAwXzQ5MDQyNTQzODM1NzE4NTAwNjlfbi53ZWJwIiwic2xpZGVzaG93IjoiOGE5YzRmNiJ9\" href='https:\/\/soymigrante.com\/revista\/wp-content\/uploads\/2025\/04\/479505071_631851105878700_4904254383571850069_n.webp'><img decoding=\"async\" width=\"576\" height=\"1024\" src=\"https:\/\/soymigrante.com\/revista\/wp-content\/uploads\/2025\/04\/479505071_631851105878700_4904254383571850069_n-576x1024.jpg\" class=\"attachment-large size-large\" alt=\"Colorido mosaico de flores preparado para una celebraci\u00f3n tradicional en una calle de ciudad mexicana. Personas participando en la elaboraci\u00f3n del tapete artesanal, tradici\u00f3n cultural importante en festividades.\" aria-describedby=\"gallery-1-31027\" srcset=\"https:\/\/soymigrante.com\/revista\/wp-content\/uploads\/2025\/04\/479505071_631851105878700_4904254383571850069_n-576x1024.jpg 576w, https:\/\/soymigrante.com\/revista\/wp-content\/uploads\/2025\/04\/479505071_631851105878700_4904254383571850069_n-169x300.jpg 169w, https:\/\/soymigrante.com\/revista\/wp-content\/uploads\/2025\/04\/479505071_631851105878700_4904254383571850069_n-768x1365.jpg 768w, https:\/\/soymigrante.com\/revista\/wp-content\/uploads\/2025\/04\/479505071_631851105878700_4904254383571850069_n-864x1536.jpg 864w, https:\/\/soymigrante.com\/revista\/wp-content\/uploads\/2025\/04\/479505071_631851105878700_4904254383571850069_n-750x1333.webp 750w, https:\/\/soymigrante.com\/revista\/wp-content\/uploads\/2025\/04\/479505071_631851105878700_4904254383571850069_n.webp 1080w\" sizes=\"(max-width: 576px) 100vw, 576px\" title=\"Las calles se convierten en ofrenda de s\u00edmbolos ancestrales florecientes \u2013 SoyMigrante.com REVISTA\" \/><\/a>\n\t\t\t<\/div>\n\t\t\t\t<figcaption class='wp-caption-text gallery-caption' id='gallery-1-31027'>\n\t\t\t\tEl mosaico floral en la calle refleja la tradici\u00f3n mexicana de crear tapetes en festividades religiosas y culturales, con colores vibrantes y dise\u00f1os elaborados. La imagen captura el trabajo en equipo de la comunidad decorando las calles para eventos especiales, resaltando la cultura y las tradiciones de M\u00e9xico.\n\t\t\t\t<\/figcaption><\/figure><figure class='gallery-item'>\n\t\t\t<div class='gallery-icon portrait'>\n\t\t\t\t<a data-elementor-open-lightbox=\"yes\" data-elementor-lightbox-slideshow=\"8a9c4f6\" data-elementor-lightbox-title=\"El amor de un pueblo a Dios llega hasta la puerta de su casa para pedir un ma\u00f1ana mejor.\" data-elementor-lightbox-description=\"Imagen de interior de iglesia con alfombra tradicional, mostrando un acto religioso con asistentes, enfatizando la celebraci\u00f3n cultural y la participaci\u00f3n de migrantes en eventos religiosos y comunitarios.\" data-e-action-hash=\"#elementor-action%3Aaction%3Dlightbox%26settings%3DeyJpZCI6MzEwMzgsInVybCI6Imh0dHBzOlwvXC9zb3ltaWdyYW50ZS5jb21cL3JldmlzdGFcL3dwLWNvbnRlbnRcL3VwbG9hZHNcLzIwMjVcLzA0XC80ODg0NDUwOTRfMTAyMjgxMzAyNTk5MDQyNDlfNTAxMTA4MDU3MzI2NzU5MzMxX24ud2VicCIsInNsaWRlc2hvdyI6IjhhOWM0ZjYifQ%3D%3D\" href='https:\/\/soymigrante.com\/revista\/wp-content\/uploads\/2025\/04\/488445094_10228130259904249_501108057326759331_n.webp'><img loading=\"lazy\" decoding=\"async\" width=\"768\" height=\"1024\" src=\"https:\/\/soymigrante.com\/revista\/wp-content\/uploads\/2025\/04\/488445094_10228130259904249_501108057326759331_n-768x1024.jpg\" class=\"attachment-large size-large\" alt=\"Colorido tapete de alfombra nymx en una iglesia durante una ceremonia religiosa en el contexto de la revista SoyMigrante.com REVISTA.\" aria-describedby=\"gallery-1-31038\" srcset=\"https:\/\/soymigrante.com\/revista\/wp-content\/uploads\/2025\/04\/488445094_10228130259904249_501108057326759331_n-768x1024.jpg 768w, https:\/\/soymigrante.com\/revista\/wp-content\/uploads\/2025\/04\/488445094_10228130259904249_501108057326759331_n-225x300.jpg 225w, https:\/\/soymigrante.com\/revista\/wp-content\/uploads\/2025\/04\/488445094_10228130259904249_501108057326759331_n-1152x1536.jpg 1152w, https:\/\/soymigrante.com\/revista\/wp-content\/uploads\/2025\/04\/488445094_10228130259904249_501108057326759331_n-750x1000.webp 750w, https:\/\/soymigrante.com\/revista\/wp-content\/uploads\/2025\/04\/488445094_10228130259904249_501108057326759331_n-1140x1520.webp 1140w, https:\/\/soymigrante.com\/revista\/wp-content\/uploads\/2025\/04\/488445094_10228130259904249_501108057326759331_n.webp 1440w\" sizes=\"(max-width: 768px) 100vw, 768px\" title=\"El amor de un pueblo a Dios llega hasta la puerta de su casa para pedir un ma\u00f1ana mejor. \u2013 SoyMigrante.com REVISTA\" \/><\/a>\n\t\t\t<\/div>\n\t\t\t\t<figcaption class='wp-caption-text gallery-caption' id='gallery-1-31038'>\n\t\t\t\tUna reuni\u00f3n en una iglesia con un hermoso tapete de alfombra colorida y flores, en un evento religioso importante, destacando cultura y comunidad migrante.\n\t\t\t\t<\/figcaption><\/figure><figure class='gallery-item'>\n\t\t\t<div class='gallery-icon landscape'>\n\t\t\t\t<a data-elementor-open-lightbox=\"yes\" data-elementor-lightbox-slideshow=\"8a9c4f6\" data-elementor-lightbox-title=\"Los cucuruchos abarrotan las calles  que parecen decir \u00a1Camina! sin usar una sola palabra.\" data-elementor-lightbox-description=\"La imagen muestra una procesi\u00f3n religiosa durante la Semana Santa en Guatemala, con ni\u00f1os vestidos con ropas moradas, una alfombra de flores multicolores en la calle y una comunidad participando en una tradici\u00f3n ancestral.\" data-e-action-hash=\"#elementor-action%3Aaction%3Dlightbox%26settings%3DeyJpZCI6MzEwMzcsInVybCI6Imh0dHBzOlwvXC9zb3ltaWdyYW50ZS5jb21cL3JldmlzdGFcL3dwLWNvbnRlbnRcL3VwbG9hZHNcLzIwMjVcLzA0XC80ODcxNzA2MjFfMTAyMjgwNzU0NDg3MzQwMDRfMzI1MDEyNzU2ODE5NzU2MjgyNF9uLndlYnAiLCJzbGlkZXNob3ciOiI4YTljNGY2In0%3D\" href='https:\/\/soymigrante.com\/revista\/wp-content\/uploads\/2025\/04\/487170621_10228075448734004_3250127568197562824_n.webp'><img loading=\"lazy\" decoding=\"async\" width=\"768\" height=\"512\" src=\"https:\/\/soymigrante.com\/revista\/wp-content\/uploads\/2025\/04\/487170621_10228075448734004_3250127568197562824_n-1024x683.jpg\" class=\"attachment-large size-large\" alt=\"Marcha de celebraci\u00f3n religiosa con ni\u00f1os y j\u00f3venes en trajes morados, desfile tradicional con alfombra de flores en la calle, en honor a la festividad de Semana Santa en un pueblo de Guatemala.\" aria-describedby=\"gallery-1-31037\" srcset=\"https:\/\/soymigrante.com\/revista\/wp-content\/uploads\/2025\/04\/487170621_10228075448734004_3250127568197562824_n-1024x683.jpg 1024w, https:\/\/soymigrante.com\/revista\/wp-content\/uploads\/2025\/04\/487170621_10228075448734004_3250127568197562824_n-300x200.jpg 300w, https:\/\/soymigrante.com\/revista\/wp-content\/uploads\/2025\/04\/487170621_10228075448734004_3250127568197562824_n-768x512.jpg 768w, https:\/\/soymigrante.com\/revista\/wp-content\/uploads\/2025\/04\/487170621_10228075448734004_3250127568197562824_n-1536x1024.jpg 1536w, https:\/\/soymigrante.com\/revista\/wp-content\/uploads\/2025\/04\/487170621_10228075448734004_3250127568197562824_n-750x500.webp 750w, https:\/\/soymigrante.com\/revista\/wp-content\/uploads\/2025\/04\/487170621_10228075448734004_3250127568197562824_n-1140x760.webp 1140w, https:\/\/soymigrante.com\/revista\/wp-content\/uploads\/2025\/04\/487170621_10228075448734004_3250127568197562824_n.webp 1920w\" sizes=\"(max-width: 768px) 100vw, 768px\" title=\"Los cucuruchos abarrotan las calles  que parecen decir \u00a1Camina! sin usar una sola palabra. \u2013 SoyMigrante.com REVISTA\" \/><\/a>\n\t\t\t<\/div>\n\t\t\t\t<figcaption class='wp-caption-text gallery-caption' id='gallery-1-31037'>\n\t\t\t\tDesfile de Semana Santa con ni\u00f1os en trajes morados y alfombra de flores en honor a la tradici\u00f3n religiosa, mostrando cultura y devoci\u00f3n en un evento colorido en Guatemala.\n\t\t\t\t<\/figcaption><\/figure><figure class='gallery-item'>\n\t\t\t<div class='gallery-icon landscape'>\n\t\t\t\t<a data-elementor-open-lightbox=\"yes\" data-elementor-lightbox-slideshow=\"8a9c4f6\" data-elementor-lightbox-title=\"El aserr\u00edn se vuelve tejido de g\u00fcipil,  un lenguaje sin tiempo para el due\u00f1o del tiempo.\" data-elementor-lightbox-description=\"Imagen vibrante de una celebraci\u00f3n del D\u00eda de Muertos en M\u00e9xico, donde se aprecia un elaborado tapiz de papel picado y flores de cempas\u00fachil, rodeado de personas que participan en esta festividad llena de color, historia y tradici\u00f3n.\" data-e-action-hash=\"#elementor-action%3Aaction%3Dlightbox%26settings%3DeyJpZCI6MzEwMjgsInVybCI6Imh0dHBzOlwvXC9zb3ltaWdyYW50ZS5jb21cL3JldmlzdGFcL3dwLWNvbnRlbnRcL3VwbG9hZHNcLzIwMjVcLzA0XC9tb21vcy0yMDI0LWFuZm9wLndlYnAiLCJzbGlkZXNob3ciOiI4YTljNGY2In0%3D\" href='https:\/\/soymigrante.com\/revista\/wp-content\/uploads\/2025\/04\/momos-2024-anfop.webp'><img loading=\"lazy\" decoding=\"async\" width=\"768\" height=\"512\" src=\"https:\/\/soymigrante.com\/revista\/wp-content\/uploads\/2025\/04\/momos-2024-anfop-1024x683.jpg\" class=\"attachment-large size-large\" alt=\"Colorido tapiz de papel picado y flor de cempas\u00fachil en celebraci\u00f3n tradicional mexicana, con multitud de personas participando en la fiesta del D\u00eda de Muertos.\" aria-describedby=\"gallery-1-31028\" srcset=\"https:\/\/soymigrante.com\/revista\/wp-content\/uploads\/2025\/04\/momos-2024-anfop-1024x683.jpg 1024w, https:\/\/soymigrante.com\/revista\/wp-content\/uploads\/2025\/04\/momos-2024-anfop-300x200.jpg 300w, https:\/\/soymigrante.com\/revista\/wp-content\/uploads\/2025\/04\/momos-2024-anfop-768x512.jpg 768w, https:\/\/soymigrante.com\/revista\/wp-content\/uploads\/2025\/04\/momos-2024-anfop-1536x1025.jpg 1536w, https:\/\/soymigrante.com\/revista\/wp-content\/uploads\/2025\/04\/momos-2024-anfop-750x500.webp 750w, https:\/\/soymigrante.com\/revista\/wp-content\/uploads\/2025\/04\/momos-2024-anfop-1140x760.webp 1140w, https:\/\/soymigrante.com\/revista\/wp-content\/uploads\/2025\/04\/momos-2024-anfop.webp 1920w\" sizes=\"(max-width: 768px) 100vw, 768px\" title=\"El aserr\u00edn se vuelve tejido de g\u00fcipil,  un lenguaje sin tiempo para el due\u00f1o del tiempo. \u2013 SoyMigrante.com REVISTA\" \/><\/a>\n\t\t\t<\/div>\n\t\t\t\t<figcaption class='wp-caption-text gallery-caption' id='gallery-1-31028'>\n\t\t\t\tCelebraci\u00f3n del D\u00eda de Muertos en M\u00e9xico, con tapiz de papel picado y flores de cempas\u00fachil, mostrando la riqueza cultural y las tradiciones mexicanas en un evento popular y colorido.\n\t\t\t\t<\/figcaption><\/figure><figure class='gallery-item'>\n\t\t\t<div class='gallery-icon portrait'>\n\t\t\t\t<a data-elementor-open-lightbox=\"yes\" data-elementor-lightbox-slideshow=\"8a9c4f6\" data-elementor-lightbox-title=\"&quot;Madre, he ah\u00ed a tu hijo&quot;, dice el serm\u00f3n de las 7 palabras.\" data-elementor-lightbox-description=\"Imagen de una ceremonia tradicional mexicana en un espacio con decoraci\u00f3n dorada y luces c\u00e1lidas, mostrando a personas participando en rituales religiosos, destacando la cultura, las tradiciones y la espiritualidad mexicanas.\" data-e-action-hash=\"#elementor-action%3Aaction%3Dlightbox%26settings%3DeyJpZCI6MzEwMzEsInVybCI6Imh0dHBzOlwvXC9zb3ltaWdyYW50ZS5jb21cL3JldmlzdGFcL3dwLWNvbnRlbnRcL3VwbG9hZHNcLzIwMjVcLzA0XC9uYXphcmVuby1tb21vcy53ZWJwIiwic2xpZGVzaG93IjoiOGE5YzRmNiJ9\" href='https:\/\/soymigrante.com\/revista\/wp-content\/uploads\/2025\/04\/nazareno-momos.webp'><img loading=\"lazy\" decoding=\"async\" width=\"683\" height=\"1024\" src=\"https:\/\/soymigrante.com\/revista\/wp-content\/uploads\/2025\/04\/nazareno-momos-683x1024.jpg\" class=\"attachment-large size-large\" alt=\"Hierro. Imagen de personas participando en una ceremonia religiosa tradicional en un espacio con decoraci\u00f3n dorada y luces c\u00e1lidas, resaltando la cultura mexicana y las tradiciones religiosas.\" aria-describedby=\"gallery-1-31031\" srcset=\"https:\/\/soymigrante.com\/revista\/wp-content\/uploads\/2025\/04\/nazareno-momos-683x1024.jpg 683w, https:\/\/soymigrante.com\/revista\/wp-content\/uploads\/2025\/04\/nazareno-momos-200x300.jpg 200w, https:\/\/soymigrante.com\/revista\/wp-content\/uploads\/2025\/04\/nazareno-momos-768x1152.jpg 768w, https:\/\/soymigrante.com\/revista\/wp-content\/uploads\/2025\/04\/nazareno-momos-1024x1536.jpg 1024w, https:\/\/soymigrante.com\/revista\/wp-content\/uploads\/2025\/04\/nazareno-momos-750x1125.webp 750w, https:\/\/soymigrante.com\/revista\/wp-content\/uploads\/2025\/04\/nazareno-momos-1140x1710.webp 1140w, https:\/\/soymigrante.com\/revista\/wp-content\/uploads\/2025\/04\/nazareno-momos.webp 1280w\" sizes=\"(max-width: 683px) 100vw, 683px\" title=\"&quot;Madre, he ah\u00ed a tu hijo&quot;, dice el serm\u00f3n de las 7 palabras. \u2013 SoyMigrante.com REVISTA\" \/><\/a>\n\t\t\t<\/div>\n\t\t\t\t<figcaption class='wp-caption-text gallery-caption' id='gallery-1-31031'>\n\t\t\t\tCelebraci\u00f3n religiosa tradicional en un espacio decorado con colores c\u00e1lidos, donde personas participan en una ceremonia cultural y espiritual, reflejando las tradiciones mexicanas y su identidad cultural.\n\t\t\t\t<\/figcaption><\/figure><figure class='gallery-item'>\n\t\t\t<div class='gallery-icon portrait'>\n\t\t\t\t<a data-elementor-open-lightbox=\"yes\" data-elementor-lightbox-slideshow=\"8a9c4f6\" data-elementor-lightbox-title=\"Y el hijo acompa\u00f1a a su pap\u00e1 por el recorrido, porque es as\u00ed como se siembra la semilla de la tradici\u00f3n.\" data-elementor-lightbox-description=\"Fotograf\u00eda de una ni\u00f1a vestida con traje t\u00edpico p\u00farpura en una celebraci\u00f3n cultural, rodeada de adultos y ni\u00f1os, en medio de un evento social al aire libre.\" data-e-action-hash=\"#elementor-action%3Aaction%3Dlightbox%26settings%3DeyJpZCI6MzEwMzQsInVybCI6Imh0dHBzOlwvXC9zb3ltaWdyYW50ZS5jb21cL3JldmlzdGFcL3dwLWNvbnRlbnRcL3VwbG9hZHNcLzIwMjVcLzA0XC8yMDIzLXphcmF0ZS53ZWJwIiwic2xpZGVzaG93IjoiOGE5YzRmNiJ9\" href='https:\/\/soymigrante.com\/revista\/wp-content\/uploads\/2025\/04\/2023-zarate.webp'><img loading=\"lazy\" decoding=\"async\" width=\"662\" height=\"1024\" src=\"https:\/\/soymigrante.com\/revista\/wp-content\/uploads\/2025\/04\/2023-zarate-662x1024.jpg\" class=\"attachment-large size-large\" alt=\"Ni\u00f1a con vestimenta tradicional en celebraci\u00f3n cultural, participando en una festividad con m\u00faltiples personas en el fondo.\" aria-describedby=\"gallery-1-31034\" srcset=\"https:\/\/soymigrante.com\/revista\/wp-content\/uploads\/2025\/04\/2023-zarate-662x1024.jpg 662w, https:\/\/soymigrante.com\/revista\/wp-content\/uploads\/2025\/04\/2023-zarate-194x300.jpg 194w, https:\/\/soymigrante.com\/revista\/wp-content\/uploads\/2025\/04\/2023-zarate-768x1188.jpg 768w, https:\/\/soymigrante.com\/revista\/wp-content\/uploads\/2025\/04\/2023-zarate-993x1536.jpg 993w, https:\/\/soymigrante.com\/revista\/wp-content\/uploads\/2025\/04\/2023-zarate-750x1160.webp 750w, https:\/\/soymigrante.com\/revista\/wp-content\/uploads\/2025\/04\/2023-zarate-1140x1763.webp 1140w, https:\/\/soymigrante.com\/revista\/wp-content\/uploads\/2025\/04\/2023-zarate.webp 1241w\" sizes=\"(max-width: 662px) 100vw, 662px\" title=\"Y el hijo acompa\u00f1a a su pap\u00e1 por el recorrido, porque es as\u00ed como se siembra la semilla de la tradici\u00f3n. \u2013 SoyMigrante.com REVISTA\" \/><\/a>\n\t\t\t<\/div>\n\t\t\t\t<figcaption class='wp-caption-text gallery-caption' id='gallery-1-31034'>\n\t\t\t\tImagen que refleja la cultura ind\u00edgena y tradiciones mexicanas en un evento comunitario.\n\t\t\t\t<\/figcaption><\/figure><figure class='gallery-item'>\n\t\t\t<div class='gallery-icon portrait'>\n\t\t\t\t<a data-elementor-open-lightbox=\"yes\" data-elementor-lightbox-slideshow=\"8a9c4f6\" data-elementor-lightbox-title=\"No hay oraci\u00f3n peque\u00f1a ni plegaria que no sea escuchada en el D\u00eda de la Misericordia.\" data-elementor-lightbox-description=\"Imagen de una mujer ind\u00edgena en actitud devocional en una iglesia, participando en un acto cultural y espiritual con ofrendas y flores.\" data-e-action-hash=\"#elementor-action%3Aaction%3Dlightbox%26settings%3DeyJpZCI6MzEwMzMsInVybCI6Imh0dHBzOlwvXC9zb3ltaWdyYW50ZS5jb21cL3JldmlzdGFcL3dwLWNvbnRlbnRcL3VwbG9hZHNcLzIwMjVcLzA0XC8yMDIzLndlYnAiLCJzbGlkZXNob3ciOiI4YTljNGY2In0%3D\" href='https:\/\/soymigrante.com\/revista\/wp-content\/uploads\/2025\/04\/2023.webp'><img loading=\"lazy\" decoding=\"async\" width=\"684\" height=\"1024\" src=\"https:\/\/soymigrante.com\/revista\/wp-content\/uploads\/2025\/04\/2023-684x1024.jpg\" class=\"attachment-large size-large\" alt=\"Mujer ind\u00edgena en postura de oraci\u00f3n en interior de iglesia durante ceremonia religiosa, con flores y velas.\" aria-describedby=\"gallery-1-31033\" srcset=\"https:\/\/soymigrante.com\/revista\/wp-content\/uploads\/2025\/04\/2023-684x1024.jpg 684w, https:\/\/soymigrante.com\/revista\/wp-content\/uploads\/2025\/04\/2023-200x300.jpg 200w, https:\/\/soymigrante.com\/revista\/wp-content\/uploads\/2025\/04\/2023-768x1150.jpg 768w, https:\/\/soymigrante.com\/revista\/wp-content\/uploads\/2025\/04\/2023-1026x1536.jpg 1026w, https:\/\/soymigrante.com\/revista\/wp-content\/uploads\/2025\/04\/2023-750x1123.webp 750w, https:\/\/soymigrante.com\/revista\/wp-content\/uploads\/2025\/04\/2023-1140x1707.webp 1140w, https:\/\/soymigrante.com\/revista\/wp-content\/uploads\/2025\/04\/2023.webp 1283w\" sizes=\"(max-width: 684px) 100vw, 684px\" title=\"No hay oraci\u00f3n peque\u00f1a ni plegaria que no sea escuchada en el D\u00eda de la Misericordia. \u2013 SoyMigrante.com REVISTA\" \/><\/a>\n\t\t\t<\/div>\n\t\t\t\t<figcaption class='wp-caption-text gallery-caption' id='gallery-1-31033'>\n\t\t\t\tCelebraci\u00f3n religiosa ind\u00edgena en iglesia con mujer en oraci\u00f3n y ofrenda floral, resaltando cultura y tradiciones ancestrales.\n\t\t\t\t<\/figcaption><\/figure><figure class='gallery-item'>\n\t\t\t<div class='gallery-icon landscape'>\n\t\t\t\t<a data-elementor-open-lightbox=\"yes\" data-elementor-lightbox-slideshow=\"8a9c4f6\" data-elementor-lightbox-title=\"En esta Jerusal\u00e9n momosteca la gente se agolpa para ver el paso del Nazareno rumbo a su sepulcro\" data-elementor-lightbox-description=\"Una colorida celebraci\u00f3n del D\u00eda de los Muertos en Guatemala, con una gran participaci\u00f3n comunitaria, ofrendas florales elaboradas y decoraci\u00f3n tradicional en la plaza principal, reflejando cultura y tradici\u00f3n.\" data-e-action-hash=\"#elementor-action%3Aaction%3Dlightbox%26settings%3DeyJpZCI6MzEwMzksInVybCI6Imh0dHBzOlwvXC9zb3ltaWdyYW50ZS5jb21cL3JldmlzdGFcL3dwLWNvbnRlbnRcL3VwbG9hZHNcLzIwMjVcLzA0XC9GT1RPLU1BUkNPUy1aQVJBVEUtTU9NT1NURU5BTkdPLTEud2VicCIsInNsaWRlc2hvdyI6IjhhOWM0ZjYifQ%3D%3D\" href='https:\/\/soymigrante.com\/revista\/wp-content\/uploads\/2025\/04\/FOTO-MARCOS-ZARATE-MOMOSTENANGO-1.webp'><img loading=\"lazy\" decoding=\"async\" width=\"768\" height=\"452\" src=\"https:\/\/soymigrante.com\/revista\/wp-content\/uploads\/2025\/04\/FOTO-MARCOS-ZARATE-MOMOSTENANGO-1-1024x603.png\" class=\"attachment-large size-large\" alt=\"Colores y tradiciones en la celebraci\u00f3n del D\u00eda de los Muertos en Guatemala, con alta participaci\u00f3n comunitaria y ofrendas florales en la plaza principal.\" aria-describedby=\"gallery-1-31039\" srcset=\"https:\/\/soymigrante.com\/revista\/wp-content\/uploads\/2025\/04\/FOTO-MARCOS-ZARATE-MOMOSTENANGO-1-1024x603.png 1024w, https:\/\/soymigrante.com\/revista\/wp-content\/uploads\/2025\/04\/FOTO-MARCOS-ZARATE-MOMOSTENANGO-1-300x177.png 300w, https:\/\/soymigrante.com\/revista\/wp-content\/uploads\/2025\/04\/FOTO-MARCOS-ZARATE-MOMOSTENANGO-1-768x452.png 768w, https:\/\/soymigrante.com\/revista\/wp-content\/uploads\/2025\/04\/FOTO-MARCOS-ZARATE-MOMOSTENANGO-1-1536x904.png 1536w, https:\/\/soymigrante.com\/revista\/wp-content\/uploads\/2025\/04\/FOTO-MARCOS-ZARATE-MOMOSTENANGO-1-750x441.webp 750w, https:\/\/soymigrante.com\/revista\/wp-content\/uploads\/2025\/04\/FOTO-MARCOS-ZARATE-MOMOSTENANGO-1-1140x671.webp 1140w, https:\/\/soymigrante.com\/revista\/wp-content\/uploads\/2025\/04\/FOTO-MARCOS-ZARATE-MOMOSTENANGO-1.webp 1699w\" sizes=\"(max-width: 768px) 100vw, 768px\" title=\"En esta Jerusal\u00e9n momosteca la gente se agolpa para ver el paso del Nazareno rumbo a su sepulcro \u2013 SoyMigrante.com REVISTA\" \/><\/a>\n\t\t\t<\/div>\n\t\t\t\t<figcaption class='wp-caption-text gallery-caption' id='gallery-1-31039'>\n\t\t\t\tMultitud en festividad cultural guatemalteca, con ofrendas florales y mesas tradicionales en la celebraci\u00f3n del D\u00eda de los Muertos; diversidad cultural y participaci\u00f3n ciudadana en la plaza principal.\n\t\t\t\t<\/figcaption><\/figure><figure class='gallery-item'>\n\t\t\t<div class='gallery-icon portrait'>\n\t\t\t\t<a data-elementor-open-lightbox=\"yes\" data-elementor-lightbox-slideshow=\"8a9c4f6\" data-elementor-lightbox-title=\"Como dijimos antes: las calles hablan sin palabras y las alfombras indican el camino de todos: ser ofrenda ef\u00edmera porque la vida es corta.\" data-elementor-lightbox-description=\"Fotos Semana Santa 2022 a 2024 por Marcos Z\u00e1rate\" data-e-action-hash=\"#elementor-action%3Aaction%3Dlightbox%26settings%3DeyJpZCI6MzEwNDAsInVybCI6Imh0dHBzOlwvXC9zb3ltaWdyYW50ZS5jb21cL3JldmlzdGFcL3dwLWNvbnRlbnRcL3VwbG9hZHNcLzIwMjVcLzA0XC80ODk0MDgzNjRfNjcyODMwNzE1MTE0MDcyXzU4MjkwNTAwOTQxNTY5MjYyMjJfbi53ZWJwIiwic2xpZGVzaG93IjoiOGE5YzRmNiJ9\" href='https:\/\/soymigrante.com\/revista\/wp-content\/uploads\/2025\/04\/489408364_672830715114072_5829050094156926222_n.webp'><img loading=\"lazy\" decoding=\"async\" width=\"576\" height=\"1024\" src=\"https:\/\/soymigrante.com\/revista\/wp-content\/uploads\/2025\/04\/489408364_672830715114072_5829050094156926222_n-576x1024.jpg\" class=\"attachment-large size-large\" alt=\"Coloquio con velas y flores en honor a la cultura y tradiciones mexicanas en celebraci\u00f3n del D\u00eda de los Muertos en la ciudad. Evento cultural con comunidad participando en ofrenda decorativa colorida y vibrante.\" aria-describedby=\"gallery-1-31040\" srcset=\"https:\/\/soymigrante.com\/revista\/wp-content\/uploads\/2025\/04\/489408364_672830715114072_5829050094156926222_n-576x1024.jpg 576w, https:\/\/soymigrante.com\/revista\/wp-content\/uploads\/2025\/04\/489408364_672830715114072_5829050094156926222_n-169x300.jpg 169w, https:\/\/soymigrante.com\/revista\/wp-content\/uploads\/2025\/04\/489408364_672830715114072_5829050094156926222_n-768x1365.jpg 768w, https:\/\/soymigrante.com\/revista\/wp-content\/uploads\/2025\/04\/489408364_672830715114072_5829050094156926222_n-864x1536.jpg 864w, https:\/\/soymigrante.com\/revista\/wp-content\/uploads\/2025\/04\/489408364_672830715114072_5829050094156926222_n-750x1333.webp 750w, https:\/\/soymigrante.com\/revista\/wp-content\/uploads\/2025\/04\/489408364_672830715114072_5829050094156926222_n.webp 1080w\" sizes=\"(max-width: 576px) 100vw, 576px\" title=\"Como dijimos antes: las calles hablan sin palabras y las alfombras indican el camino de todos: ser ofrenda ef\u00edmera porque la vida es corta. \u2013 SoyMigrante.com REVISTA\" \/><\/a>\n\t\t\t<\/div>\n\t\t\t\t<figcaption class='wp-caption-text gallery-caption' id='gallery-1-31040'>\n\t\t\t\tDesfile o festival cultural en la noche con estructura decorada, participantes con velas y espectadores, creando ambiente festivo y comunitario en M\u00e9xico.\n\t\t\t\t<\/figcaption><\/figure><figure class='gallery-item'>\n\t\t\t<div class='gallery-icon portrait'>\n\t\t\t\t<a data-elementor-open-lightbox=\"yes\" data-elementor-lightbox-slideshow=\"8a9c4f6\" data-elementor-lightbox-title=\"La noche cubre de sombras las calles, excepto aquellas donde pasa el Se\u00f1or.\" data-elementor-lightbox-description=\"Una vista a\u00e9rea de una plaza decorada con motivos tradicionales, iluminaci\u00f3n nocturna y familias participando en festividades populares.\" data-e-action-hash=\"#elementor-action%3Aaction%3Dlightbox%26settings%3DeyJpZCI6MzEwMzUsInVybCI6Imh0dHBzOlwvXC9zb3ltaWdyYW50ZS5jb21cL3JldmlzdGFcL3dwLWNvbnRlbnRcL3VwbG9hZHNcLzIwMjVcLzA0XC9tYXJ6by0yMDI0LndlYnAiLCJzbGlkZXNob3ciOiI4YTljNGY2In0%3D\" href='https:\/\/soymigrante.com\/revista\/wp-content\/uploads\/2025\/04\/marzo-2024.webp'><img loading=\"lazy\" decoding=\"async\" width=\"576\" height=\"1024\" src=\"https:\/\/soymigrante.com\/revista\/wp-content\/uploads\/2025\/04\/marzo-2024-576x1024.jpg\" class=\"attachment-large size-large\" alt=\"Coloridas calles iluminadas, feria y festividad en un centro hist\u00f3rico al atardecer, con gente disfrutando y decoraci\u00f3n vibrante.\" aria-describedby=\"gallery-1-31035\" srcset=\"https:\/\/soymigrante.com\/revista\/wp-content\/uploads\/2025\/04\/marzo-2024-576x1024.jpg 576w, https:\/\/soymigrante.com\/revista\/wp-content\/uploads\/2025\/04\/marzo-2024-169x300.jpg 169w, https:\/\/soymigrante.com\/revista\/wp-content\/uploads\/2025\/04\/marzo-2024-768x1365.jpg 768w, https:\/\/soymigrante.com\/revista\/wp-content\/uploads\/2025\/04\/marzo-2024-864x1536.jpg 864w, https:\/\/soymigrante.com\/revista\/wp-content\/uploads\/2025\/04\/marzo-2024-750x1333.webp 750w, https:\/\/soymigrante.com\/revista\/wp-content\/uploads\/2025\/04\/marzo-2024.webp 1080w\" sizes=\"(max-width: 576px) 100vw, 576px\" title=\"La noche cubre de sombras las calles, excepto aquellas donde pasa el Se\u00f1or. \u2013 SoyMigrante.com REVISTA\" \/><\/a>\n\t\t\t<\/div>\n\t\t\t\t<figcaption class='wp-caption-text gallery-caption' id='gallery-1-31035'>\n\t\t\t\tRevista SoyMigrante.com destaca eventos culturales y tradiciones en Chile.\n\t\t\t\t<\/figcaption><\/figure><figure class='gallery-item'>\n\t\t\t<div class='gallery-icon portrait'>\n\t\t\t\t<a data-elementor-open-lightbox=\"yes\" data-elementor-lightbox-slideshow=\"8a9c4f6\" data-elementor-lightbox-title=\"&quot;Juntos como hermanos, miembros de la  Iglesia, vamos caminando, al encuentro del Se\u00f1or&quot;\" data-elementor-lightbox-description=\"La imagen muestra un desfile tradicional con alfombras hechas con sal y decoraciones en la calle iluminada por antorchas y luz el\u00e9ctrica, en una celebraci\u00f3n mexicana nocturna llena de cultura y tradici\u00f3n.\" data-e-action-hash=\"#elementor-action%3Aaction%3Dlightbox%26settings%3DeyJpZCI6MzEwMjksInVybCI6Imh0dHBzOlwvXC9zb3ltaWdyYW50ZS5jb21cL3JldmlzdGFcL3dwLWNvbnRlbnRcL3VwbG9hZHNcLzIwMjVcLzA0XC9tb21vcy0yMDI0LndlYnAiLCJzbGlkZXNob3ciOiI4YTljNGY2In0%3D\" href='https:\/\/soymigrante.com\/revista\/wp-content\/uploads\/2025\/04\/momos-2024.webp'><img loading=\"lazy\" decoding=\"async\" width=\"576\" height=\"1024\" src=\"https:\/\/soymigrante.com\/revista\/wp-content\/uploads\/2025\/04\/momos-2024-576x1024.jpg\" class=\"attachment-large size-large\" alt=\"Paseo tradicional con coloridas alfombras de sal en la calle durante la celebraci\u00f3n, iluminado por antorchas y luz artificial en un evento cultural nocturno en M\u00e9xico.\" aria-describedby=\"gallery-1-31029\" srcset=\"https:\/\/soymigrante.com\/revista\/wp-content\/uploads\/2025\/04\/momos-2024-576x1024.jpg 576w, https:\/\/soymigrante.com\/revista\/wp-content\/uploads\/2025\/04\/momos-2024-169x300.jpg 169w, https:\/\/soymigrante.com\/revista\/wp-content\/uploads\/2025\/04\/momos-2024-768x1365.jpg 768w, https:\/\/soymigrante.com\/revista\/wp-content\/uploads\/2025\/04\/momos-2024-864x1536.jpg 864w, https:\/\/soymigrante.com\/revista\/wp-content\/uploads\/2025\/04\/momos-2024-750x1333.webp 750w, https:\/\/soymigrante.com\/revista\/wp-content\/uploads\/2025\/04\/momos-2024.webp 1080w\" sizes=\"(max-width: 576px) 100vw, 576px\" title=\"&quot;Juntos como hermanos, miembros de la  Iglesia, vamos caminando, al encuentro del Se\u00f1or&quot; \u2013 SoyMigrante.com REVISTA\" \/><\/a>\n\t\t\t<\/div>\n\t\t\t\t<figcaption class='wp-caption-text gallery-caption' id='gallery-1-31029'>\n\t\t\t\tColoridas alfombras de sal y festividades culturales en la calle durante una celebraci\u00f3n nocturna en M\u00e9xico.\n\t\t\t\t<\/figcaption><\/figure><figure class='gallery-item'>\n\t\t\t<div class='gallery-icon portrait'>\n\t\t\t\t<a data-elementor-open-lightbox=\"yes\" data-elementor-lightbox-slideshow=\"8a9c4f6\" data-elementor-lightbox-title=\"Una devoci\u00f3n vista desde el cielo: una ofrenda de corazones hermanos atraviesa el pueblo.  El Santo Entierro regresa al templo parroquial de Momostenango. Ahora a esperar la Resurrecci\u00f3n del Se\u00f1or\" data-elementor-lightbox-description=\"Una vista a\u00e9rea de un desfile nocturno con iluminaciones coloridas, p\u00fablico, m\u00fasica y ambiente festivo en una celebraci\u00f3n cultural en la calle principal, resaltando tradici\u00f3n y comunidad.\" data-e-action-hash=\"#elementor-action%3Aaction%3Dlightbox%26settings%3DeyJpZCI6MzEwMzIsInVybCI6Imh0dHBzOlwvXC9zb3ltaWdyYW50ZS5jb21cL3JldmlzdGFcL3dwLWNvbnRlbnRcL3VwbG9hZHNcLzIwMjVcLzA0XC9zZXB1bHRhZG8tbW9tb3MtMjAyNC53ZWJwIiwic2xpZGVzaG93IjoiOGE5YzRmNiJ9\" href='https:\/\/soymigrante.com\/revista\/wp-content\/uploads\/2025\/04\/sepultado-momos-2024.webp'><img loading=\"lazy\" decoding=\"async\" width=\"576\" height=\"1024\" src=\"https:\/\/soymigrante.com\/revista\/wp-content\/uploads\/2025\/04\/sepultado-momos-2024-576x1024.jpg\" class=\"attachment-large size-large\" alt=\"Desfile festivo nocturno con iluminaci\u00f3n vibrante en la calle principal, lleno de audiencia y alegr\u00eda, celebraci\u00f3n cultural, tradici\u00f3n, comunidad y m\u00fasica en un evento destacado.\" aria-describedby=\"gallery-1-31032\" srcset=\"https:\/\/soymigrante.com\/revista\/wp-content\/uploads\/2025\/04\/sepultado-momos-2024-576x1024.jpg 576w, https:\/\/soymigrante.com\/revista\/wp-content\/uploads\/2025\/04\/sepultado-momos-2024-169x300.jpg 169w, https:\/\/soymigrante.com\/revista\/wp-content\/uploads\/2025\/04\/sepultado-momos-2024-768x1365.jpg 768w, https:\/\/soymigrante.com\/revista\/wp-content\/uploads\/2025\/04\/sepultado-momos-2024-864x1536.jpg 864w, https:\/\/soymigrante.com\/revista\/wp-content\/uploads\/2025\/04\/sepultado-momos-2024-750x1333.webp 750w, https:\/\/soymigrante.com\/revista\/wp-content\/uploads\/2025\/04\/sepultado-momos-2024.webp 1080w\" sizes=\"(max-width: 576px) 100vw, 576px\" title=\"Una devoci\u00f3n vista desde el cielo: una ofrenda de corazones hermanos atraviesa el pueblo.  El Santo Entierro regresa al templo parroquial de Momostenango. Ahora a esperar la Resurrecci\u00f3n del Se\u00f1or \u2013 SoyMigrante.com REVISTA\" \/><\/a>\n\t\t\t<\/div>\n\t\t\t\t<figcaption class='wp-caption-text gallery-caption' id='gallery-1-31032'>\n\t\t\t\tCelebraci\u00f3n cultural y festividad con desfile nocturno en las calles, iluminado y lleno de p\u00fablico disfrutando de m\u00fasica, tradiciones y comunidad en una vibrante noche de celebraci\u00f3n.\n\t\t\t\t<\/figcaption><\/figure>\n\t\t<\/div>\n\t\t<\/div>\n\t\t\t\t\t\t<\/div>\n\t\t\t\t\t<\/div>\n\t\t\t\t<\/div>\n\t\t<div data-particle_enable=\"false\" data-particle-mobile-disabled=\"false\" class=\"elementor-element elementor-element-8096d4c e-flex e-con-boxed e-con e-parent\" data-id=\"8096d4c\" data-element_type=\"container\" data-e-type=\"container\">\n\t\t\t\t\t<div class=\"e-con-inner\">\n\t\t\t\t<div class=\"elementor-element elementor-element-931a06b elementor-widget elementor-widget-heading\" data-id=\"931a06b\" data-element_type=\"widget\" data-e-type=\"widget\" data-widget_type=\"heading.default\">\n\t\t\t\t\t<h2 class=\"elementor-heading-title elementor-size-default\">Un verdadero Tesoro Mundial<\/h2>\t\t\t\t<\/div>\n\t\t\t\t\t<\/div>\n\t\t\t\t<\/div>\n\t\t<div data-particle_enable=\"false\" data-particle-mobile-disabled=\"false\" class=\"elementor-element elementor-element-7d880dc e-flex e-con-boxed e-con e-parent\" data-id=\"7d880dc\" data-element_type=\"container\" data-e-type=\"container\">\n\t\t\t\t\t<div class=\"e-con-inner\">\n\t\t\t\t<div class=\"elementor-element elementor-element-8ab2b90 elementor-grid-eael-col-3 elementor-grid-tablet-eael-col-2 elementor-grid-mobile-eael-col-1 elementor-widget elementor-widget-eael-post-grid\" data-id=\"8ab2b90\" data-element_type=\"widget\" data-e-type=\"widget\" data-settings=\"{&quot;eael_post_grid_columns&quot;:&quot;eael-col-3&quot;,&quot;eael_post_grid_columns_tablet&quot;:&quot;eael-col-2&quot;,&quot;eael_post_grid_columns_mobile&quot;:&quot;eael-col-1&quot;}\" data-widget_type=\"eael-post-grid.default\">\n\t\t\t\t\t<div id=\"eael-post-grid-8ab2b90\" class=\"eael-post-grid-container\">\n            <div class=\"eael-post-grid eael-post-appender eael-post-appender-8ab2b90 eael-post-grid-style-one\" data-layout-mode=\"masonry\"><article class=\"eael-grid-post  eael-post-grid-column eael-pg-post-29642 category-guate-nuestra tags-patrimonio-cuaresma-y-semana-santa\" data-id=\"29642\">\n        <div class=\"eael-grid-post-holder\">\n            <div class=\"eael-grid-post-holder-inner\"><div class=\"eael-entry-media\"><div class=\"eael-entry-overlay fade-in\"><i class=\"far fa-hand-pointer\" aria-hidden=\"true\"><\/i><a href=\"https:\/\/soymigrante.com\/revista\/galeria-de-indumentarias-de-devotos-y-cucuruchos-de-cuaresma-y-semana-santa-guatemalteca\/\"><\/a><\/div><div class=\"eael-entry-thumbnail \">\n                <img loading=\"lazy\" decoding=\"async\" width=\"1024\" height=\"1024\" src=\"https:\/\/soymigrante.com\/revista\/wp-content\/uploads\/2025\/03\/galeria-de-indumentaria-semana-santa-1024x1024.png\" class=\"attachment-large size-large wp-image-29648\" alt=\"Traje del cucurucho y el devoto en la Cuaresma y Semana Santa Guatemalteca\" srcset=\"https:\/\/soymigrante.com\/revista\/wp-content\/uploads\/2025\/03\/galeria-de-indumentaria-semana-santa-1024x1024.png 1024w, https:\/\/soymigrante.com\/revista\/wp-content\/uploads\/2025\/03\/galeria-de-indumentaria-semana-santa-300x300.png 300w, https:\/\/soymigrante.com\/revista\/wp-content\/uploads\/2025\/03\/galeria-de-indumentaria-semana-santa-150x150.png 150w, https:\/\/soymigrante.com\/revista\/wp-content\/uploads\/2025\/03\/galeria-de-indumentaria-semana-santa-768x768.png 768w, https:\/\/soymigrante.com\/revista\/wp-content\/uploads\/2025\/03\/galeria-de-indumentaria-semana-santa-75x75.webp 75w, https:\/\/soymigrante.com\/revista\/wp-content\/uploads\/2025\/03\/galeria-de-indumentaria-semana-santa-750x750.webp 750w, https:\/\/soymigrante.com\/revista\/wp-content\/uploads\/2025\/03\/galeria-de-indumentaria-semana-santa.webp 1080w\" sizes=\"(max-width: 1024px) 100vw, 1024px\" \/>\n            <\/div>\n        <\/div><div class=\"eael-entry-wrapper\"><header class=\"eael-entry-header\"><h2 class=\"eael-entry-title\"><a class=\"eael-grid-post-link\" href=\"https:\/\/soymigrante.com\/revista\/galeria-de-indumentarias-de-devotos-y-cucuruchos-de-cuaresma-y-semana-santa-guatemalteca\/\" title=\"Lleg\u00f3 la Cuaresma y esta es una galer\u00eda de cucuruchos y devotos en procesiones guatemaltecas\">Lleg\u00f3 la Cuaresma y esta es una galer\u00eda de cucuruchos y devotos en procesiones guatemaltecas<\/a><\/h2><\/header><div class=\"eael-entry-content\">\n                        <div class=\"eael-grid-post-excerpt\"><a href=\"https:\/\/soymigrante.com\/revista\/galeria-de-indumentarias-de-devotos-y-cucuruchos-de-cuaresma-y-semana-santa-guatemalteca\/\" class=\"eael-post-elements-readmore-btn\">CONOCE SU HISTORIA <\/a><\/div>\n                    <\/div><\/div><\/div>\n        <\/div>\n    <\/article><article class=\"eael-grid-post  eael-post-grid-column eael-pg-post-30318 category-guate-nuestra\" data-id=\"30318\">\n        <div class=\"eael-grid-post-holder\">\n            <div class=\"eael-grid-post-holder-inner\"><div class=\"eael-entry-media\"><div class=\"eael-entry-overlay fade-in\"><i class=\"far fa-hand-pointer\" aria-hidden=\"true\"><\/i><a href=\"https:\/\/soymigrante.com\/revista\/galeria-fotografica-de-fe-y-vivencia-popular-en-cuaresma-y-semana-santa\/\"><\/a><\/div><div class=\"eael-entry-thumbnail \">\n                <img loading=\"lazy\" decoding=\"async\" width=\"1024\" height=\"1024\" src=\"https:\/\/soymigrante.com\/revista\/wp-content\/uploads\/2025\/04\/velacion-santa-ana-antigua-guatemala-portada-1024x1024.jpg\" class=\"attachment-large size-large wp-image-30320\" alt=\"Ni\u00f1a disfrazada de Pedro P\u00e1ramo en escenario teatral con fondo de luna llena y \u00e1rboles, tem\u00e1tica de literatura mexicana y cultura popular.\" srcset=\"https:\/\/soymigrante.com\/revista\/wp-content\/uploads\/2025\/04\/velacion-santa-ana-antigua-guatemala-portada-1024x1024.jpg 1024w, https:\/\/soymigrante.com\/revista\/wp-content\/uploads\/2025\/04\/velacion-santa-ana-antigua-guatemala-portada-300x300.jpg 300w, https:\/\/soymigrante.com\/revista\/wp-content\/uploads\/2025\/04\/velacion-santa-ana-antigua-guatemala-portada-150x150.jpg 150w, https:\/\/soymigrante.com\/revista\/wp-content\/uploads\/2025\/04\/velacion-santa-ana-antigua-guatemala-portada-768x768.jpg 768w, https:\/\/soymigrante.com\/revista\/wp-content\/uploads\/2025\/04\/velacion-santa-ana-antigua-guatemala-portada-1536x1536.jpg 1536w, https:\/\/soymigrante.com\/revista\/wp-content\/uploads\/2025\/04\/velacion-santa-ana-antigua-guatemala-portada-2048x2048.jpg 2048w, https:\/\/soymigrante.com\/revista\/wp-content\/uploads\/2025\/04\/velacion-santa-ana-antigua-guatemala-portada-75x75.webp 75w, https:\/\/soymigrante.com\/revista\/wp-content\/uploads\/2025\/04\/velacion-santa-ana-antigua-guatemala-portada-750x750.webp 750w, https:\/\/soymigrante.com\/revista\/wp-content\/uploads\/2025\/04\/velacion-santa-ana-antigua-guatemala-portada-1140x1140.webp 1140w, https:\/\/soymigrante.com\/revista\/wp-content\/uploads\/2025\/04\/velacion-santa-ana-antigua-guatemala-portada-scaled.webp 1920w\" sizes=\"(max-width: 1024px) 100vw, 1024px\" \/>\n            <\/div>\n        <\/div><div class=\"eael-entry-wrapper\"><header class=\"eael-entry-header\"><h2 class=\"eael-entry-title\"><a class=\"eael-grid-post-link\" href=\"https:\/\/soymigrante.com\/revista\/galeria-fotografica-de-fe-y-vivencia-popular-en-cuaresma-y-semana-santa\/\" title=\"Galer\u00eda fotogr\u00e1fica de fe y vivencia popular en Cuaresma y Semana Santa\">Galer\u00eda fotogr\u00e1fica de fe y vivencia popular en Cuaresma y Semana Santa<\/a><\/h2><\/header><div class=\"eael-entry-content\">\n                        <div class=\"eael-grid-post-excerpt\"><a href=\"https:\/\/soymigrante.com\/revista\/galeria-fotografica-de-fe-y-vivencia-popular-en-cuaresma-y-semana-santa\/\" class=\"eael-post-elements-readmore-btn\">CONOCE SU HISTORIA <\/a><\/div>\n                    <\/div><\/div><\/div>\n        <\/div>\n    <\/article><article class=\"eael-grid-post  eael-post-grid-column eael-pg-post-27712 category-guate-nuestra\" data-id=\"27712\">\n        <div class=\"eael-grid-post-holder\">\n            <div class=\"eael-grid-post-holder-inner\"><div class=\"eael-entry-media\"><div class=\"eael-entry-overlay fade-in\"><i class=\"far fa-hand-pointer\" aria-hidden=\"true\"><\/i><a href=\"https:\/\/soymigrante.com\/revista\/fe-migrante-carlos-cano-regresa-cada-ano-a-vivir-la-devocion-de-semana-santa-en-guatemala\/\"><\/a><\/div><div class=\"eael-entry-thumbnail \">\n                <img loading=\"lazy\" decoding=\"async\" width=\"300\" height=\"300\" src=\"https:\/\/soymigrante.com\/revista\/wp-content\/uploads\/2025\/03\/Carlos-Cano2-1-e1741720778496-300x300-copy.webp\" class=\"attachment-large size-large wp-image-27998\" alt=\"Celebraci\u00f3n tradicional de la Semana Santa con procesiones y demostraciones culturales en Espa\u00f1a.\" srcset=\"https:\/\/soymigrante.com\/revista\/wp-content\/uploads\/2025\/03\/Carlos-Cano2-1-e1741720778496-300x300-copy.webp 300w, https:\/\/soymigrante.com\/revista\/wp-content\/uploads\/2025\/03\/Carlos-Cano2-1-e1741720778496-300x300-copy-150x150.webp 150w, https:\/\/soymigrante.com\/revista\/wp-content\/uploads\/2025\/03\/Carlos-Cano2-1-e1741720778496-300x300-copy-75x75.webp 75w\" sizes=\"(max-width: 300px) 100vw, 300px\" \/>\n            <\/div>\n        <\/div><div class=\"eael-entry-wrapper\"><header class=\"eael-entry-header\"><h2 class=\"eael-entry-title\"><a class=\"eael-grid-post-link\" href=\"https:\/\/soymigrante.com\/revista\/fe-migrante-carlos-cano-regresa-cada-ano-a-vivir-la-devocion-de-semana-santa-en-guatemala\/\" title=\"Fe migrante: Carlos Cano regresa cada a\u00f1o a vivir la devoci\u00f3n de Semana Santa en Guatemala\">Fe migrante: Carlos Cano regresa cada a\u00f1o a vivir la devoci\u00f3n de Semana Santa en Guatemala<\/a><\/h2><\/header><div class=\"eael-entry-content\">\n                        <div class=\"eael-grid-post-excerpt\"><a href=\"https:\/\/soymigrante.com\/revista\/fe-migrante-carlos-cano-regresa-cada-ano-a-vivir-la-devocion-de-semana-santa-en-guatemala\/\" class=\"eael-post-elements-readmore-btn\">CONOCE SU HISTORIA <\/a><\/div>\n                    <\/div><\/div><\/div>\n        <\/div>\n    <\/article><\/div>\n            <div class=\"clearfix\"><\/div>\n        <\/div>\t\t\t\t<\/div>\n\t\t\t\t\t<\/div>\n\t\t\t\t<\/div>\n\t\t\t\t<\/div>\n\t\t","protected":false},"excerpt":{"rendered":"<p>Sin m\u00e1s pretensi\u00f3n que poner en alto el nombre de su natal Momostenango, el fot\u00f3grafo Marcos Z\u00e1rate refleja diversos aspectos de la vida de su pueblo, pero uno de los m\u00e1s impresionantes es, sin duda, el fervor de Semana Santa Marcos Z\u00e1rate es una marca de calidad art\u00edstica; en cada instante fotogr\u00e1fico que capta hay [&hellip;]<\/p>\n","protected":false},"author":7,"featured_media":31051,"comment_status":"open","ping_status":"open","sticky":false,"template":"","format":"standard","meta":{"_acf_changed":false,"_eb_attr":"","footnotes":""},"categories":[58],"tags":[],"class_list":["post-30984","post","type-post","status-publish","format-standard","has-post-thumbnail","hentry","category-guate-nuestra"],"acf":[],"aioseo_notices":[],"aioseo_head":"\n\t\t<!-- All in One SEO Pro 4.9.6.2 - aioseo.com -->\n\t<meta name=\"description\" content=\"Sofbolista guatemalteco Carlos Cano, reside en EE.UU., pero nunca falta a las procesiones que marcaron su fe desde ni\u00f1o durante la Semana Santa en Guatemala\" \/>\n\t<meta name=\"robots\" content=\"max-snippet:-1, max-image-preview:large, max-video-preview:-1\" \/>\n\t<meta name=\"author\" content=\"Marysabel Aldana\"\/>\n\t<link rel=\"canonical\" href=\"https:\/\/soymigrante.com\/revista\/fe-migrante-carlos-cano-regresa-cada-ano-a-vivir-la-devocion-de-semana-santa-en-guatemala\/\" \/>\n\t<meta name=\"generator\" content=\"All in One SEO Pro (AIOSEO) 4.9.6.2\" \/>\n\n\t\t<link rel=\"preconnect\" href=\"https:\/\/fonts.googleapis.com\" crossorigin>\n<link rel=\"preconnect\" href=\"https:\/\/fonts.gstatic.com\" crossorigin>\n\t\t<meta property=\"og:locale\" content=\"es_ES\" \/>\n\t\t<meta property=\"og:site_name\" content=\"SoyMigrante.com REVISTA \u2013 Nuestra misi\u00f3n es reconocer y dignificar al migrante.\" \/>\n\t\t<meta property=\"og:type\" content=\"article\" \/>\n\t\t<meta property=\"og:title\" content=\"Cucurucho migrante vuelve al Guatemala cada Semana Santa\" \/>\n\t\t<meta property=\"og:description\" content=\"Sofbolista guatemalteco Carlos Cano, reside en EE.UU., pero nunca falta a las procesiones que marcaron su fe desde ni\u00f1o durante la Semana Santa en Guatemala\" \/>\n\t\t<meta property=\"og:url\" content=\"https:\/\/soymigrante.com\/revista\/fe-migrante-carlos-cano-regresa-cada-ano-a-vivir-la-devocion-de-semana-santa-en-guatemala\/\" \/>\n\t\t<meta property=\"og:image\" content=\"https:\/\/soymigrante.com\/revista\/wp-content\/uploads\/2025\/03\/Carlos-Cano2-1-e1741720778496-300x300-copy.webp\" \/>\n\t\t<meta property=\"og:image:secure_url\" content=\"https:\/\/soymigrante.com\/revista\/wp-content\/uploads\/2025\/03\/Carlos-Cano2-1-e1741720778496-300x300-copy.webp\" \/>\n\t\t<meta property=\"og:image:width\" content=\"300\" \/>\n\t\t<meta property=\"og:image:height\" content=\"300\" \/>\n\t\t<meta property=\"article:published_time\" content=\"2025-03-11T11:00:00+00:00\" \/>\n\t\t<meta property=\"article:modified_time\" content=\"2025-04-17T16:38:04+00:00\" \/>\n\t\t<meta property=\"article:publisher\" content=\"https:\/\/www.facebook.com\/soymigrantecom\" \/>\n\t\t<meta name=\"twitter:card\" content=\"summary_large_image\" \/>\n\t\t<meta name=\"twitter:site\" content=\"@SoyMigrante_com\" \/>\n\t\t<meta name=\"twitter:title\" content=\"Cucurucho migrante vuelve al Guatemala cada Semana Santa\" \/>\n\t\t<meta name=\"twitter:description\" content=\"Sofbolista guatemalteco Carlos Cano, reside en EE.UU., pero nunca falta a las procesiones que marcaron su fe desde ni\u00f1o durante la Semana Santa en Guatemala\" \/>\n\t\t<meta name=\"twitter:creator\" content=\"@SoyMigrante_com\" \/>\n\t\t<meta name=\"twitter:image\" content=\"https:\/\/soymigrante.com\/revista\/wp-content\/uploads\/2025\/03\/Carlos-Cano2-1-e1741720778496-300x300-copy.webp\" \/>\n\t\t<!-- All in One SEO Pro -->\r\n\t\t<title>Cucurucho migrante vuelve al Guatemala cada Semana Santa<\/title>\n\n","aioseo_head_json":{"title":"Cucurucho migrante vuelve al Guatemala cada Semana Santa","description":"Sofbolista guatemalteco Carlos Cano, reside en EE.UU., pero nunca falta a las procesiones que marcaron su fe desde ni\u00f1o durante la Semana Santa en Guatemala","canonical_url":"https:\/\/soymigrante.com\/revista\/fe-migrante-carlos-cano-regresa-cada-ano-a-vivir-la-devocion-de-semana-santa-en-guatemala\/","robots":"max-snippet:-1, max-image-preview:large, max-video-preview:-1","keywords":"","webmasterTools":{"miscellaneous":"&lt;link rel=\"preconnect\" href=\"https:\/\/fonts.googleapis.com\" crossorigin&gt;\n&lt;link rel=\"preconnect\" href=\"https:\/\/fonts.gstatic.com\" crossorigin&gt;"},"schema":null,"og:locale":"es_ES","og:site_name":"SoyMigrante.com REVISTA \u2013 Nuestra misi\u00f3n es reconocer y dignificar al migrante.","og:type":"article","og:title":"Cucurucho migrante vuelve al Guatemala cada Semana Santa","og:description":"Sofbolista guatemalteco Carlos Cano, reside en EE.UU., pero nunca falta a las procesiones que marcaron su fe desde ni\u00f1o durante la Semana Santa en Guatemala","og:url":"https:\/\/soymigrante.com\/revista\/fe-migrante-carlos-cano-regresa-cada-ano-a-vivir-la-devocion-de-semana-santa-en-guatemala\/","og:image":"https:\/\/soymigrante.com\/revista\/wp-content\/uploads\/2025\/03\/Carlos-Cano2-1-e1741720778496-300x300-copy.webp","og:image:secure_url":"https:\/\/soymigrante.com\/revista\/wp-content\/uploads\/2025\/03\/Carlos-Cano2-1-e1741720778496-300x300-copy.webp","og:image:width":300,"og:image:height":300,"article:published_time":"2025-03-11T11:00:00+00:00","article:modified_time":"2025-04-17T16:38:04+00:00","article:publisher":"https:\/\/www.facebook.com\/soymigrantecom","twitter:card":"summary_large_image","twitter:site":"@SoyMigrante_com","twitter:title":"Cucurucho migrante vuelve al Guatemala cada Semana Santa","twitter:description":"Sofbolista guatemalteco Carlos Cano, reside en EE.UU., pero nunca falta a las procesiones que marcaron su fe desde ni\u00f1o durante la Semana Santa en Guatemala","twitter:creator":"@SoyMigrante_com","twitter:image":"https:\/\/soymigrante.com\/revista\/wp-content\/uploads\/2025\/03\/Carlos-Cano2-1-e1741720778496-300x300-copy.webp"},"aioseo_meta_data":{"post_id":"30984","title":"Viernes Santo en Momostenango en im\u00e1genes de Marcos Z\u00e1rate","description":"El fervor de Semana Santa en Momostenango, Totonicap\u00e1n es deslumbrante y a la vez a\u00fan muy poco conocido. Fot\u00f3grafo Marcos Z\u00e1rate capta la devoci\u00f3n de su pueblo","keywords":null,"keyphrases":{"focus":{"keyphrase":"Fot\u00f3grafo","score":60,"analysis":{"keyphraseInTitle":{"score":3,"maxScore":9,"error":1},"keyphraseInDescription":{"score":9,"maxScore":9,"error":0},"keyphraseLength":{"score":9,"maxScore":9,"error":0,"length":2},"keyphraseInURL":{"score":5,"maxScore":5,"error":0},"keyphraseInIntroduction":{"score":9,"maxScore":9,"error":0},"keyphraseInSubHeadings":{"score":3,"maxScore":9,"error":1},"keyphraseInImageAlt":{"score":3,"maxScore":9,"error":1},"keywordDensity":{"score":0,"type":"low","maxScore":9,"error":1}}},"additional":[{"keyphrase":"Viernes Santo","score":40,"analysis":{"keyphraseInDescription":{"score":3,"maxScore":9,"error":1},"keyphraseLength":{"score":9,"maxScore":9,"error":0,"length":2},"keyphraseInIntroduction":{"score":3,"maxScore":9,"error":1},"keyphraseInImageAlt":{"score":3,"maxScore":9,"error":1},"keywordDensity":{"score":0,"type":"low","maxScore":9,"error":1}}},{"keyphrase":"Momostenango","score":87,"analysis":{"keyphraseInDescription":{"score":9,"maxScore":9,"error":0},"keyphraseLength":{"score":9,"maxScore":9,"error":0,"length":1},"keyphraseInIntroduction":{"score":9,"maxScore":9,"error":0},"keyphraseInImageAlt":{"score":3,"maxScore":9,"error":1},"keywordDensity":{"type":"best","score":9,"maxScore":9,"error":0}}},{"keyphrase":"Marcos Z\u00e1rate","score":87,"analysis":{"keyphraseInDescription":{"score":9,"maxScore":9,"error":0},"keyphraseLength":{"score":9,"maxScore":9,"error":0,"length":3},"keyphraseInIntroduction":{"score":9,"maxScore":9,"error":0},"keyphraseInImageAlt":{"score":3,"maxScore":9,"error":1},"keywordDensity":{"type":"best","score":9,"maxScore":9,"error":0}}}]},"primary_term":null,"canonical_url":null,"og_title":null,"og_description":null,"og_object_type":"default","og_image_type":"default","og_image_url":null,"og_image_width":null,"og_image_height":null,"og_image_custom_url":null,"og_image_custom_fields":null,"og_video":"","og_custom_url":null,"og_article_section":null,"og_article_tags":null,"twitter_use_og":false,"twitter_card":"default","twitter_image_type":"default","twitter_image_url":null,"twitter_image_custom_url":null,"twitter_image_custom_fields":null,"twitter_title":null,"twitter_description":null,"schema":{"blockGraphs":[],"customGraphs":[],"default":{"data":{"Article":[],"Course":[],"Dataset":[],"FAQPage":[],"Movie":[],"Person":[],"Product":[],"ProductReview":[],"Car":[],"Recipe":[],"Service":[],"SoftwareApplication":[],"WebPage":[]},"graphName":"none","isEnabled":true},"graphs":[]},"schema_type":"default","schema_type_options":null,"pillar_content":false,"robots_default":true,"robots_noindex":false,"robots_noarchive":false,"robots_nosnippet":false,"robots_nofollow":false,"robots_noimageindex":false,"robots_noodp":false,"robots_notranslate":false,"robots_max_snippet":"-1","robots_max_videopreview":"-1","robots_max_imagepreview":"large","priority":null,"frequency":"default","local_seo":null,"seo_analyzer_scan_date":"2025-10-09 04:24:53","breadcrumb_settings":null,"limit_modified_date":false,"reviewed_by":null,"open_ai":"{\"title\":{\"suggestions\":[],\"usage\":0},\"description\":{\"suggestions\":[],\"usage\":0}}","ai":null,"created":"2025-04-14 21:36:46","updated":"2026-02-04 23:00:51"},"aioseo_breadcrumb":"<div class=\"aioseo-breadcrumbs\"><span class=\"aioseo-breadcrumb\">\n\t<a href=\"https:\/\/soymigrante.com\/revista\" title=\"Home\">Home<\/a>\n<\/span><span class=\"aioseo-breadcrumb-separator\">\u00bb<\/span><span class=\"aioseo-breadcrumb\">\n\t<a href=\"https:\/\/soymigrante.com\/revista\/category\/guate-nuestra\/\" title=\"Guate Nuestra\">Guate Nuestra<\/a>\n<\/span><span class=\"aioseo-breadcrumb-separator\">\u00bb<\/span><span class=\"aioseo-breadcrumb\">\n\tEl fervor de Viernes Santo en Momostenango retrata el fot\u00f3grafo Marcos Z\u00e1rate\n<\/span><\/div>","aioseo_breadcrumb_json":[{"label":"Home","link":"https:\/\/soymigrante.com\/revista"},{"label":"Guate Nuestra","link":"https:\/\/soymigrante.com\/revista\/category\/guate-nuestra\/"},{"label":"El fervor de Viernes Santo en Momostenango retrata el fot\u00f3grafo Marcos Z\u00e1rate","link":"https:\/\/soymigrante.com\/revista\/el-fervor-de-semana-santa-en-momostenango-refleja-el-fotografo-marcos-zarate\/"}],"_links":{"self":[{"href":"https:\/\/soymigrante.com\/revista\/wp-json\/wp\/v2\/posts\/30984","targetHints":{"allow":["GET"]}}],"collection":[{"href":"https:\/\/soymigrante.com\/revista\/wp-json\/wp\/v2\/posts"}],"about":[{"href":"https:\/\/soymigrante.com\/revista\/wp-json\/wp\/v2\/types\/post"}],"author":[{"embeddable":true,"href":"https:\/\/soymigrante.com\/revista\/wp-json\/wp\/v2\/users\/7"}],"replies":[{"embeddable":true,"href":"https:\/\/soymigrante.com\/revista\/wp-json\/wp\/v2\/comments?post=30984"}],"version-history":[{"count":31,"href":"https:\/\/soymigrante.com\/revista\/wp-json\/wp\/v2\/posts\/30984\/revisions"}],"predecessor-version":[{"id":31454,"href":"https:\/\/soymigrante.com\/revista\/wp-json\/wp\/v2\/posts\/30984\/revisions\/31454"}],"wp:featuredmedia":[{"embeddable":true,"href":"https:\/\/soymigrante.com\/revista\/wp-json\/wp\/v2\/media\/31051"}],"wp:attachment":[{"href":"https:\/\/soymigrante.com\/revista\/wp-json\/wp\/v2\/media?parent=30984"}],"wp:term":[{"taxonomy":"category","embeddable":true,"href":"https:\/\/soymigrante.com\/revista\/wp-json\/wp\/v2\/categories?post=30984"},{"taxonomy":"post_tag","embeddable":true,"href":"https:\/\/soymigrante.com\/revista\/wp-json\/wp\/v2\/tags?post=30984"}],"curies":[{"name":"wp","href":"https:\/\/api.w.org\/{rel}","templated":true}]}}