{"id":30980,"date":"2025-04-15T05:00:00","date_gmt":"2025-04-15T11:00:00","guid":{"rendered":"https:\/\/soymigrante.com\/revista\/?p=30980"},"modified":"2025-04-16T21:29:12","modified_gmt":"2025-04-17T03:29:12","slug":"como-asumir-los-aspectos-desagradables-del-trabajo","status":"publish","type":"post","link":"https:\/\/soymigrante.com\/revista\/como-asumir-los-aspectos-desagradables-del-trabajo\/","title":{"rendered":"En el descanso se puede pensar: \u00bfC\u00f3mo asumir los aspectos desagradables del trabajo?"},"content":{"rendered":"\t\t<div data-elementor-type=\"wp-post\" data-elementor-id=\"30980\" class=\"elementor elementor-30980\" data-elementor-post-type=\"post\">\n\t\t\t\t<div data-particle_enable=\"false\" data-particle-mobile-disabled=\"false\" class=\"elementor-element elementor-element-50db471 e-flex e-con-boxed e-con e-parent\" data-id=\"50db471\" data-element_type=\"container\" data-e-type=\"container\">\n\t\t\t\t\t<div class=\"e-con-inner\">\n\t\t\t\t<div class=\"elementor-element elementor-element-8041970 elementor-widget elementor-widget-heading\" data-id=\"8041970\" data-element_type=\"widget\" data-e-type=\"widget\" data-widget_type=\"heading.default\">\n\t\t\t\t\t<h2 class=\"elementor-heading-title elementor-size-default\">En algunos momentos hay aspectos que se consideran desagradables, cansados o tediosos en el trabajo, pero con un poco de ayuda, pueden cambiar. <\/h2>\t\t\t\t<\/div>\n\t\t\t\t\t<\/div>\n\t\t\t\t<\/div>\n\t\t<div data-particle_enable=\"false\" data-particle-mobile-disabled=\"false\" class=\"elementor-element elementor-element-dab8bec e-flex e-con-boxed e-con e-parent\" data-id=\"dab8bec\" data-element_type=\"container\" data-e-type=\"container\">\n\t\t\t\t\t<div class=\"e-con-inner\">\n\t\t\t\t<div class=\"elementor-element elementor-element-e3e412e elementor-widget elementor-widget-text-editor\" data-id=\"e3e412e\" data-element_type=\"widget\" data-e-type=\"widget\" data-widget_type=\"text-editor.default\">\n\t\t\t\t\t\t\t\t\t<p>No todo en el trabajo es inspiraci\u00f3n, motivaci\u00f3n o logros personales.<a href=\"https:\/\/soymigrante.com\/revista\/organizacion-de-trabajo-y-tiempo-es-vital-para-el-exito\/\" target=\"_blank\" rel=\"noopener\"> Tambi\u00e9n hay momentos de tedio, tareas repetitivas, responsabilidades inc\u00f3modas y d\u00edas que parecen eternos.<\/a><\/p><p>La psicolog\u00eda del trabajo analiza c\u00f3mo estos aspectos influyen en el bienestar emocional de los trabajadores y qu\u00e9 estrategias pueden ayudarnos a sobrellevarlos sin perder el \u00e1nimo ni la productividad, a criterio de Ana Escobedo, psic\u00f3loga industrial, hay maneras para salir de ese c\u00edrculo vicioso en el trabajo.<\/p>\t\t\t\t\t\t\t\t<\/div>\n\t\t\t\t\t<\/div>\n\t\t\t\t<\/div>\n\t\t<div data-particle_enable=\"false\" data-particle-mobile-disabled=\"false\" class=\"elementor-element elementor-element-634fffe e-flex e-con-boxed e-con e-parent\" data-id=\"634fffe\" data-element_type=\"container\" data-e-type=\"container\">\n\t\t\t\t\t<div class=\"e-con-inner\">\n\t\t\t\t<div class=\"elementor-element elementor-element-29aa1d3 elementor-widget elementor-widget-heading\" data-id=\"29aa1d3\" data-element_type=\"widget\" data-e-type=\"widget\" data-widget_type=\"heading.default\">\n\t\t\t\t\t<h3 class=\"elementor-heading-title elementor-size-default\">Cuando lo que m\u00e1s pesa no es el cansancio f\u00edsico, sino el mental<\/h3>\t\t\t\t<\/div>\n\t\t\t\t\t<\/div>\n\t\t\t\t<\/div>\n\t\t<div data-particle_enable=\"false\" data-particle-mobile-disabled=\"false\" class=\"elementor-element elementor-element-ca4d5b2 e-flex e-con-boxed e-con e-parent\" data-id=\"ca4d5b2\" data-element_type=\"container\" data-e-type=\"container\">\n\t\t\t\t\t<div class=\"e-con-inner\">\n\t\t\t\t<div class=\"elementor-element elementor-element-4771fb6 elementor-widget elementor-widget-text-editor\" data-id=\"4771fb6\" data-element_type=\"widget\" data-e-type=\"widget\" data-widget_type=\"text-editor.default\">\n\t\t\t\t\t\t\t\t\t<p>Mar\u00eda es recepcionista en una cl\u00ednica privada. Su jornada inicia a las 7:00 y, aunque el ritmo var\u00eda seg\u00fan el d\u00eda, lo que m\u00e1s le agota no es el n\u00famero de pacientes que atiende, sino el tener que repetir, una y otra vez, las mismas indicaciones a personas que no siempre est\u00e1n dispuestas a escuchar.<\/p><p>\u201cLlevo casi cinco a\u00f1os dando las mismas instrucciones, respondiendo las mismas preguntas, lidiando con la impaciencia o la impuntualidad. No es que no me guste mi trabajo, pero hay d\u00edas que siento que me drena\u201d, cuenta.<\/p><p>Este tipo de monoton\u00eda o cansancio emocional es uno de <a href=\"https:\/\/soymigrante.com\/revista\/organizacion-de-trabajo-y-tiempo-es-vital-para-el-exito\/\" target=\"_blank\" rel=\"noopener\">los factores m\u00e1s comunes que afectan la satisfacci\u00f3n laboral<\/a>.<\/p>\t\t\t\t\t\t\t\t<\/div>\n\t\t\t\t\t<\/div>\n\t\t\t\t<\/div>\n\t\t<div data-particle_enable=\"false\" data-particle-mobile-disabled=\"false\" class=\"elementor-element elementor-element-77f9f52 e-flex e-con-boxed e-con e-parent\" data-id=\"77f9f52\" data-element_type=\"container\" data-e-type=\"container\">\n\t\t\t\t\t<div class=\"e-con-inner\">\n\t\t\t\t<div class=\"elementor-element elementor-element-99b82e9 elementor-widget elementor-widget-image\" data-id=\"99b82e9\" data-element_type=\"widget\" data-e-type=\"widget\" data-widget_type=\"image.default\">\n\t\t\t\t\t\t\t\t\t\t\t\t<figure class=\"wp-caption\">\n\t\t\t\t\t\t\t\t\t\t<img fetchpriority=\"high\" decoding=\"async\" width=\"768\" height=\"512\" src=\"https:\/\/soymigrante.com\/revista\/wp-content\/uploads\/2025\/04\/Como-asumir-los-aspectos-desagradables-cansados-o-tediosos-en-el-trabajo-2-1024x682.jpeg\" class=\"attachment-large size-large wp-image-30985\" alt=\"Doctor y enfermera en una sala de hospital con vista a un paisaje nevado, ambiente profesional y cuidado de la salud, en el contexto de la atenci\u00f3n m\u00e9dica y migrante en entornos sanitarios.\" srcset=\"https:\/\/soymigrante.com\/revista\/wp-content\/uploads\/2025\/04\/Como-asumir-los-aspectos-desagradables-cansados-o-tediosos-en-el-trabajo-2-1024x682.jpeg 1024w, https:\/\/soymigrante.com\/revista\/wp-content\/uploads\/2025\/04\/Como-asumir-los-aspectos-desagradables-cansados-o-tediosos-en-el-trabajo-2-300x200.jpeg 300w, https:\/\/soymigrante.com\/revista\/wp-content\/uploads\/2025\/04\/Como-asumir-los-aspectos-desagradables-cansados-o-tediosos-en-el-trabajo-2-768x512.jpeg 768w, https:\/\/soymigrante.com\/revista\/wp-content\/uploads\/2025\/04\/Como-asumir-los-aspectos-desagradables-cansados-o-tediosos-en-el-trabajo-2-1536x1023.jpeg 1536w, https:\/\/soymigrante.com\/revista\/wp-content\/uploads\/2025\/04\/Como-asumir-los-aspectos-desagradables-cansados-o-tediosos-en-el-trabajo-2-750x500.webp 750w, https:\/\/soymigrante.com\/revista\/wp-content\/uploads\/2025\/04\/Como-asumir-los-aspectos-desagradables-cansados-o-tediosos-en-el-trabajo-2-1140x760.webp 1140w, https:\/\/soymigrante.com\/revista\/wp-content\/uploads\/2025\/04\/Como-asumir-los-aspectos-desagradables-cansados-o-tediosos-en-el-trabajo-2.webp 1600w\" sizes=\"(max-width: 768px) 100vw, 768px\" title=\"C\u00f3mo asumir los aspectos desagradables cansados o tediosos en el trabajo 2 \u2013 SoyMigrante.com REVISTA\" \/>\t\t\t\t\t\t\t\t\t\t\t<figcaption class=\"widget-image-caption wp-caption-text\">Profesionales de la salud en un hospital atendiendo a pacientes en un entorno cl\u00ednico con vista invernal.<\/figcaption>\n\t\t\t\t\t\t\t\t\t\t<\/figure>\n\t\t\t\t\t\t\t\t\t<\/div>\n\t\t\t\t\t<\/div>\n\t\t\t\t<\/div>\n\t\t<div data-particle_enable=\"false\" data-particle-mobile-disabled=\"false\" class=\"elementor-element elementor-element-e0c1eba e-flex e-con-boxed e-con e-parent\" data-id=\"e0c1eba\" data-element_type=\"container\" data-e-type=\"container\">\n\t\t\t\t\t<div class=\"e-con-inner\">\n\t\t\t\t<div class=\"elementor-element elementor-element-a1a4900 elementor-widget elementor-widget-heading\" data-id=\"a1a4900\" data-element_type=\"widget\" data-e-type=\"widget\" data-widget_type=\"heading.default\">\n\t\t\t\t\t<h3 class=\"elementor-heading-title elementor-size-default\">Tareas necesarias\u2026 pero poco gratificantes<\/h3>\t\t\t\t<\/div>\n\t\t\t\t\t<\/div>\n\t\t\t\t<\/div>\n\t\t<div data-particle_enable=\"false\" data-particle-mobile-disabled=\"false\" class=\"elementor-element elementor-element-7e4d002 e-flex e-con-boxed e-con e-parent\" data-id=\"7e4d002\" data-element_type=\"container\" data-e-type=\"container\">\n\t\t\t\t\t<div class=\"e-con-inner\">\n\t\t\t\t<div class=\"elementor-element elementor-element-8e84ead elementor-widget elementor-widget-text-editor\" data-id=\"8e84ead\" data-element_type=\"widget\" data-e-type=\"widget\" data-widget_type=\"text-editor.default\">\n\t\t\t\t\t\t\t\t\t<div>Los aspectos tediosos del trabajo no siempre se relacionan con el puesto en s\u00ed, <a href=\"https:\/\/soymigrante.com\/revista\/organizacion-de-trabajo-y-tiempo-es-vital-para-el-exito\/\" target=\"_blank\" rel=\"noopener\">sino con tareas espec\u00edficas como:<\/a><\/div><div>\u2022Llenar reportes extensos y repetitivos.<\/div><div>\u2022Asistir a reuniones largas sin resultados concretos.<\/div><div>\u2022Resolver conflictos entre compa\u00f1eros.<\/div><div>\u2022Hacer trabajo f\u00edsico sin pausas o bajo presi\u00f3n.<\/div><div>\u2022Atender quejas de clientes dif\u00edciles.<\/div><div>\u00a0<\/div><div>Luis, quien trabaja en un taller mec\u00e1nico, dice que su parte menos favorita no es reparar veh\u00edculos, sino cuando debe hacer inventario de piezas. \u201cMe toma m\u00e1s de tres horas contar, anotar, revisar y volver a empezar si algo no cuadra. Es agotador y no se nota tanto como cambiar un motor, pero hay que hacerlo\u201d.<\/div>\t\t\t\t\t\t\t\t<\/div>\n\t\t\t\t\t<\/div>\n\t\t\t\t<\/div>\n\t\t<div data-particle_enable=\"false\" data-particle-mobile-disabled=\"false\" class=\"elementor-element elementor-element-1b19cab e-flex e-con-boxed e-con e-parent\" data-id=\"1b19cab\" data-element_type=\"container\" data-e-type=\"container\">\n\t\t\t\t\t<div class=\"e-con-inner\">\n\t\t\t\t<div class=\"elementor-element elementor-element-633c077 elementor-widget elementor-widget-heading\" data-id=\"633c077\" data-element_type=\"widget\" data-e-type=\"widget\" data-widget_type=\"heading.default\">\n\t\t\t\t\t<h3 class=\"elementor-heading-title elementor-size-default\">\u00bfC\u00f3mo asumir estos aspectos sin que afecten la salud mental?<\/h3>\t\t\t\t<\/div>\n\t\t\t\t\t<\/div>\n\t\t\t\t<\/div>\n\t\t<div data-particle_enable=\"false\" data-particle-mobile-disabled=\"false\" class=\"elementor-element elementor-element-e916b37 e-flex e-con-boxed e-con e-parent\" data-id=\"e916b37\" data-element_type=\"container\" data-e-type=\"container\">\n\t\t\t\t\t<div class=\"e-con-inner\">\n\t\t\t\t<div class=\"elementor-element elementor-element-c8c4cd6 elementor-widget elementor-widget-text-editor\" data-id=\"c8c4cd6\" data-element_type=\"widget\" data-e-type=\"widget\" data-widget_type=\"text-editor.default\">\n\t\t\t\t\t\t\t\t\t<div>Desde la profesional, se recomienda no ignorar estos momentos inc\u00f3modos o cansados, sino aprender a enfrentarlos con estrategias como:<\/div><div>\u2022<strong>Buscarle sentido a la tarea:<\/strong> Pensar en c\u00f3mo esa labor contribuye al funcionamiento general puede ayudar a valorarla.<\/div><div><strong>\u2022Hacer pausas conscientes:<\/strong> Descansos breves, respiraci\u00f3n profunda o un cambio de actividad ayudan a liberar tensi\u00f3n.<\/div><div><strong>\u2022Cambiar la perspectiva:<\/strong> En lugar de decir \u201codio hacer esto\u201d, intentar decir \u201cesto me reta, pero puedo con ello\u201d.<\/div><div><strong>\u2022Tener variedad en el d\u00eda:<\/strong> S\u00ed es posible, intercalar tareas tediosas con otras m\u00e1s din\u00e1micas o agradables.<\/div><div><strong>\u2022Pedir ayuda o mejorar procesos:<\/strong> A veces, una tarea es pesada porque no se ha optimizado o distribuido bien.<\/div>\t\t\t\t\t\t\t\t<\/div>\n\t\t\t\t\t<\/div>\n\t\t\t\t<\/div>\n\t\t<div data-particle_enable=\"false\" data-particle-mobile-disabled=\"false\" class=\"elementor-element elementor-element-369dd50 e-flex e-con-boxed e-con e-parent\" data-id=\"369dd50\" data-element_type=\"container\" data-e-type=\"container\">\n\t\t\t\t\t<div class=\"e-con-inner\">\n\t\t\t\t<div class=\"elementor-element elementor-element-43a08f4 elementor-widget elementor-widget-image\" data-id=\"43a08f4\" data-element_type=\"widget\" data-e-type=\"widget\" data-widget_type=\"image.default\">\n\t\t\t\t\t\t\t\t\t\t\t\t<figure class=\"wp-caption\">\n\t\t\t\t\t\t\t\t\t\t<img decoding=\"async\" width=\"768\" height=\"512\" src=\"https:\/\/soymigrante.com\/revista\/wp-content\/uploads\/2025\/04\/Como-asumir-los-aspectos-desagradables-cansados-o-tediosos-en-el-trabajo-3-1024x682.jpeg\" class=\"attachment-large size-large wp-image-30986\" alt=\"Diversidad de fotograf\u00edas de perfiles y retratos en diferentes estilos, ideales para proyectos de imagen corporativa o personal.\" srcset=\"https:\/\/soymigrante.com\/revista\/wp-content\/uploads\/2025\/04\/Como-asumir-los-aspectos-desagradables-cansados-o-tediosos-en-el-trabajo-3-1024x682.jpeg 1024w, https:\/\/soymigrante.com\/revista\/wp-content\/uploads\/2025\/04\/Como-asumir-los-aspectos-desagradables-cansados-o-tediosos-en-el-trabajo-3-300x200.jpeg 300w, https:\/\/soymigrante.com\/revista\/wp-content\/uploads\/2025\/04\/Como-asumir-los-aspectos-desagradables-cansados-o-tediosos-en-el-trabajo-3-768x512.jpeg 768w, https:\/\/soymigrante.com\/revista\/wp-content\/uploads\/2025\/04\/Como-asumir-los-aspectos-desagradables-cansados-o-tediosos-en-el-trabajo-3-1536x1023.jpeg 1536w, https:\/\/soymigrante.com\/revista\/wp-content\/uploads\/2025\/04\/Como-asumir-los-aspectos-desagradables-cansados-o-tediosos-en-el-trabajo-3-750x500.webp 750w, https:\/\/soymigrante.com\/revista\/wp-content\/uploads\/2025\/04\/Como-asumir-los-aspectos-desagradables-cansados-o-tediosos-en-el-trabajo-3-1140x760.webp 1140w, https:\/\/soymigrante.com\/revista\/wp-content\/uploads\/2025\/04\/Como-asumir-los-aspectos-desagradables-cansados-o-tediosos-en-el-trabajo-3.webp 1600w\" sizes=\"(max-width: 768px) 100vw, 768px\" title=\"C\u00f3mo asumir los aspectos desagradables cansados o tediosos en el trabajo 3 \u2013 SoyMigrante.com REVISTA\" \/>\t\t\t\t\t\t\t\t\t\t\t<figcaption class=\"widget-image-caption wp-caption-text\">Creaci\u00f3n y edici\u00f3n de portafolios digitales con fotos de diferentes personas, para art\u00edculos sobre migraci\u00f3n y cultura en SoyMigrante.com.<\/figcaption>\n\t\t\t\t\t\t\t\t\t\t<\/figure>\n\t\t\t\t\t\t\t\t\t<\/div>\n\t\t\t\t\t<\/div>\n\t\t\t\t<\/div>\n\t\t<div data-particle_enable=\"false\" data-particle-mobile-disabled=\"false\" class=\"elementor-element elementor-element-f8b72ce e-flex e-con-boxed e-con e-parent\" data-id=\"f8b72ce\" data-element_type=\"container\" data-e-type=\"container\">\n\t\t\t\t\t<div class=\"e-con-inner\">\n\t\t\t\t<div class=\"elementor-element elementor-element-7bbbd2c elementor-widget elementor-widget-heading\" data-id=\"7bbbd2c\" data-element_type=\"widget\" data-e-type=\"widget\" data-widget_type=\"heading.default\">\n\t\t\t\t\t<h3 class=\"elementor-heading-title elementor-size-default\">Aceptar que no todo ser\u00e1 perfecto<\/h3>\t\t\t\t<\/div>\n\t\t\t\t\t<\/div>\n\t\t\t\t<\/div>\n\t\t<div data-particle_enable=\"false\" data-particle-mobile-disabled=\"false\" class=\"elementor-element elementor-element-2d03f98 e-flex e-con-boxed e-con e-parent\" data-id=\"2d03f98\" data-element_type=\"container\" data-e-type=\"container\">\n\t\t\t\t\t<div class=\"e-con-inner\">\n\t\t\t\t<div class=\"elementor-element elementor-element-29bee24 elementor-widget elementor-widget-text-editor\" data-id=\"29bee24\" data-element_type=\"widget\" data-e-type=\"widget\" data-widget_type=\"text-editor.default\">\n\t\t\t\t\t\t\t\t\t<p><a href=\"https:\/\/soymigrante.com\/revista\/organizacion-de-trabajo-y-tiempo-es-vital-para-el-exito\/\" target=\"_blank\" rel=\"noopener\">Los psic\u00f3logos laborales coinciden en que aceptar que todo trabajo tiene su lado inc\u00f3modo es parte de la madurez profesional<\/a>. \u201cNo es resignarse, sino aprender a convivir con esos momentos sin que te definan como empleado ni como persona\u201d, se\u00f1ala Claudia Marroqu\u00edn, especialista en salud ocupacional.<\/p><p>Al final, reconocer los aspectos desagradables del trabajo no es queja, es una forma de humanizar la experiencia laboral. Y, con las herramientas correctas, es posible atravesar esos momentos con m\u00e1s serenidad y menos desgaste.<\/p>\t\t\t\t\t\t\t\t<\/div>\n\t\t\t\t\t<\/div>\n\t\t\t\t<\/div>\n\t\t<div data-particle_enable=\"false\" data-particle-mobile-disabled=\"false\" class=\"elementor-element elementor-element-b5bdda0 e-flex e-con-boxed e-con e-parent\" data-id=\"b5bdda0\" data-element_type=\"container\" data-e-type=\"container\">\n\t\t\t\t\t<div class=\"e-con-inner\">\n\t\t\t\t<div class=\"elementor-element elementor-element-babdbbd elementor-widget elementor-widget-heading\" data-id=\"babdbbd\" data-element_type=\"widget\" data-e-type=\"widget\" data-widget_type=\"heading.default\">\n\t\t\t\t\t<h2 class=\"elementor-heading-title elementor-size-default\">Conoce estos temas que te podr\u00edan interesar...<\/h2>\t\t\t\t<\/div>\n\t\t\t\t\t<\/div>\n\t\t\t\t<\/div>\n\t\t<div data-particle_enable=\"false\" data-particle-mobile-disabled=\"false\" class=\"elementor-element elementor-element-66e995e e-flex e-con-boxed e-con e-parent\" data-id=\"66e995e\" data-element_type=\"container\" data-e-type=\"container\">\n\t\t\t\t\t<div class=\"e-con-inner\">\n\t\t\t\t<div class=\"elementor-element elementor-element-ae4accb elementor-grid-eael-col-3 elementor-grid-tablet-eael-col-2 elementor-grid-mobile-eael-col-1 elementor-widget elementor-widget-eael-post-grid\" data-id=\"ae4accb\" data-element_type=\"widget\" data-e-type=\"widget\" data-settings=\"{&quot;eael_post_grid_columns&quot;:&quot;eael-col-3&quot;,&quot;eael_post_grid_columns_tablet&quot;:&quot;eael-col-2&quot;,&quot;eael_post_grid_columns_mobile&quot;:&quot;eael-col-1&quot;}\" data-widget_type=\"eael-post-grid.default\">\n\t\t\t\t\t<div id=\"eael-post-grid-ae4accb\" class=\"eael-post-grid-container\">\n            <div class=\"eael-post-grid eael-post-appender eael-post-appender-ae4accb eael-post-grid-style-one\" data-layout-mode=\"masonry\"><article class=\"eael-grid-post  eael-post-grid-column eael-pg-post-10382 category-bienestar\" data-id=\"10382\">\n        <div class=\"eael-grid-post-holder\">\n            <div class=\"eael-grid-post-holder-inner\"><div class=\"eael-entry-media\"><div class=\"eael-entry-overlay fade-in\"><i class=\"far fa-hand-pointer\" aria-hidden=\"true\"><\/i><a href=\"https:\/\/soymigrante.com\/revista\/compromiso-con-el-trabajo-hay-que-saber-ser-realista-y-eficiente\/\"><\/a><\/div><div class=\"eael-entry-thumbnail \">\n                <img decoding=\"async\" width=\"1024\" height=\"1024\" src=\"https:\/\/soymigrante.com\/revista\/wp-content\/uploads\/2024\/10\/Compromiso-con-el-trabajo-como-ser-realista-y-eficiente-3-e1729026140507-1024x1024.jpg\" class=\"attachment-large size-large wp-image-10383\" alt=\"Soymigrante.com revista, mujer joven estudiando en casa con auriculares y laptop, tem\u00e1tica migrante y trabajo desde casa, recursos para inmigrantes y comunidad migrante, actualizaci\u00f3n sobre migraci\u00f3n y derechos.\" srcset=\"https:\/\/soymigrante.com\/revista\/wp-content\/uploads\/2024\/10\/Compromiso-con-el-trabajo-como-ser-realista-y-eficiente-3-e1729026140507-1024x1024.jpg 1024w, https:\/\/soymigrante.com\/revista\/wp-content\/uploads\/2024\/10\/Compromiso-con-el-trabajo-como-ser-realista-y-eficiente-3-e1729026140507-300x300.jpg 300w, https:\/\/soymigrante.com\/revista\/wp-content\/uploads\/2024\/10\/Compromiso-con-el-trabajo-como-ser-realista-y-eficiente-3-e1729026140507-150x150.jpg 150w, https:\/\/soymigrante.com\/revista\/wp-content\/uploads\/2024\/10\/Compromiso-con-el-trabajo-como-ser-realista-y-eficiente-3-e1729026140507-768x768.jpg 768w, https:\/\/soymigrante.com\/revista\/wp-content\/uploads\/2024\/10\/Compromiso-con-el-trabajo-como-ser-realista-y-eficiente-3-e1729026140507-1536x1536.jpg 1536w, https:\/\/soymigrante.com\/revista\/wp-content\/uploads\/2024\/10\/Compromiso-con-el-trabajo-como-ser-realista-y-eficiente-3-e1729026140507-75x75.webp 75w, https:\/\/soymigrante.com\/revista\/wp-content\/uploads\/2024\/10\/Compromiso-con-el-trabajo-como-ser-realista-y-eficiente-3-e1729026140507-750x750.webp 750w, https:\/\/soymigrante.com\/revista\/wp-content\/uploads\/2024\/10\/Compromiso-con-el-trabajo-como-ser-realista-y-eficiente-3-e1729026140507-1140x1140.webp 1140w, https:\/\/soymigrante.com\/revista\/wp-content\/uploads\/2024\/10\/Compromiso-con-el-trabajo-como-ser-realista-y-eficiente-3-e1729026140507-2048x2048.jpg 2048w, https:\/\/soymigrante.com\/revista\/wp-content\/uploads\/2024\/10\/Compromiso-con-el-trabajo-como-ser-realista-y-eficiente-3-e1729026140507.webp 1920w\" sizes=\"(max-width: 1024px) 100vw, 1024px\" \/>\n            <\/div>\n        <\/div><div class=\"eael-entry-wrapper\"><header class=\"eael-entry-header\"><h2 class=\"eael-entry-title\"><a class=\"eael-grid-post-link\" href=\"https:\/\/soymigrante.com\/revista\/compromiso-con-el-trabajo-hay-que-saber-ser-realista-y-eficiente\/\" title=\"Compromiso con el trabajo: hay que saber ser realista y eficiente\">Compromiso con el trabajo: hay que saber ser realista y eficiente<\/a><\/h2><\/header><div class=\"eael-entry-content\">\n                        <div class=\"eael-grid-post-excerpt\"><a href=\"https:\/\/soymigrante.com\/revista\/compromiso-con-el-trabajo-hay-que-saber-ser-realista-y-eficiente\/\" class=\"eael-post-elements-readmore-btn\">CONOCE SU HISTORIA <\/a><\/div>\n                    <\/div><\/div><\/div>\n        <\/div>\n    <\/article><article class=\"eael-grid-post  eael-post-grid-column eael-pg-post-8187 category-bienestar\" data-id=\"8187\">\n        <div class=\"eael-grid-post-holder\">\n            <div class=\"eael-grid-post-holder-inner\"><div class=\"eael-entry-media\"><div class=\"eael-entry-overlay fade-in\"><i class=\"far fa-hand-pointer\" aria-hidden=\"true\"><\/i><a href=\"https:\/\/soymigrante.com\/revista\/aunque-tu-trabajo-en-ee-uu-sea-extenuante-recuerda-que-tus-hijos-aprenden-jugando\/\"><\/a><\/div><div class=\"eael-entry-thumbnail \">\n                <img loading=\"lazy\" decoding=\"async\" width=\"1024\" height=\"1024\" src=\"https:\/\/soymigrante.com\/revista\/wp-content\/uploads\/2024\/08\/padres-jugando-con-sus-hijos-soy-migrante-1-scaled-e1724182673371-1024x1024.webp\" class=\"attachment-large size-large wp-image-8197\" alt=\"Hombre y ni\u00f1a jugando a un juego de apilamiento con bloques de madera en un ambiente familiar y acogedor.\" srcset=\"https:\/\/soymigrante.com\/revista\/wp-content\/uploads\/2024\/08\/padres-jugando-con-sus-hijos-soy-migrante-1-scaled-e1724182673371-1024x1024.webp 1024w, https:\/\/soymigrante.com\/revista\/wp-content\/uploads\/2024\/08\/padres-jugando-con-sus-hijos-soy-migrante-1-scaled-e1724182673371-300x300.webp 300w, https:\/\/soymigrante.com\/revista\/wp-content\/uploads\/2024\/08\/padres-jugando-con-sus-hijos-soy-migrante-1-scaled-e1724182673371-150x150.webp 150w, https:\/\/soymigrante.com\/revista\/wp-content\/uploads\/2024\/08\/padres-jugando-con-sus-hijos-soy-migrante-1-scaled-e1724182673371-768x768.webp 768w, https:\/\/soymigrante.com\/revista\/wp-content\/uploads\/2024\/08\/padres-jugando-con-sus-hijos-soy-migrante-1-scaled-e1724182673371-1536x1536.webp 1536w, https:\/\/soymigrante.com\/revista\/wp-content\/uploads\/2024\/08\/padres-jugando-con-sus-hijos-soy-migrante-1-scaled-e1724182673371-75x75.webp 75w, https:\/\/soymigrante.com\/revista\/wp-content\/uploads\/2024\/08\/padres-jugando-con-sus-hijos-soy-migrante-1-scaled-e1724182673371-750x750.webp 750w, https:\/\/soymigrante.com\/revista\/wp-content\/uploads\/2024\/08\/padres-jugando-con-sus-hijos-soy-migrante-1-scaled-e1724182673371-1140x1140.webp 1140w, https:\/\/soymigrante.com\/revista\/wp-content\/uploads\/2024\/08\/padres-jugando-con-sus-hijos-soy-migrante-1-scaled-e1724182673371.webp 1728w\" sizes=\"(max-width: 1024px) 100vw, 1024px\" \/>\n            <\/div>\n        <\/div><div class=\"eael-entry-wrapper\"><header class=\"eael-entry-header\"><h2 class=\"eael-entry-title\"><a class=\"eael-grid-post-link\" href=\"https:\/\/soymigrante.com\/revista\/aunque-tu-trabajo-en-ee-uu-sea-extenuante-recuerda-que-tus-hijos-aprenden-jugando\/\" title=\"Aunque tu trabajo en EE. UU. sea extenuante, recuerda que tus hijos aprenden jugando\">Aunque tu trabajo en EE. UU. sea extenuante, recuerda que tus hijos aprenden jugando<\/a><\/h2><\/header><div class=\"eael-entry-content\">\n                        <div class=\"eael-grid-post-excerpt\"><a href=\"https:\/\/soymigrante.com\/revista\/aunque-tu-trabajo-en-ee-uu-sea-extenuante-recuerda-que-tus-hijos-aprenden-jugando\/\" class=\"eael-post-elements-readmore-btn\">CONOCE SU HISTORIA <\/a><\/div>\n                    <\/div><\/div><\/div>\n        <\/div>\n    <\/article><article class=\"eael-grid-post  eael-post-grid-column eael-pg-post-4542 category-lugar-de-voces\" data-id=\"4542\">\n        <div class=\"eael-grid-post-holder\">\n            <div class=\"eael-grid-post-holder-inner\"><div class=\"eael-entry-media\"><div class=\"eael-entry-overlay fade-in\"><i class=\"far fa-hand-pointer\" aria-hidden=\"true\"><\/i><a href=\"https:\/\/soymigrante.com\/revista\/migracion-jovenes-guatemaltecos-falta-oportunidades-necesitamos-desarrollo\/\"><\/a><\/div><div class=\"eael-entry-thumbnail \">\n                <img loading=\"lazy\" decoding=\"async\" width=\"1024\" height=\"534\" src=\"https:\/\/soymigrante.com\/revista\/wp-content\/uploads\/2024\/01\/Captura-de-pantalla-2024-01-22-182700-1024x534.webp\" class=\"attachment-large size-large wp-image-4543\" alt=\"Los migrantes indocumentados se exponen a los abusos y cr\u00edmenes de grupos del narcotr\u00e1fico, al riesgo de morir en el cruce del desierto y tambi\u00e9n a ser detenidos por autoridades migratorias de EE.UU:\" srcset=\"https:\/\/soymigrante.com\/revista\/wp-content\/uploads\/2024\/01\/Captura-de-pantalla-2024-01-22-182700-1024x534.webp 1024w, https:\/\/soymigrante.com\/revista\/wp-content\/uploads\/2024\/01\/Captura-de-pantalla-2024-01-22-182700-300x157.webp 300w, https:\/\/soymigrante.com\/revista\/wp-content\/uploads\/2024\/01\/Captura-de-pantalla-2024-01-22-182700-768x401.webp 768w, https:\/\/soymigrante.com\/revista\/wp-content\/uploads\/2024\/01\/Captura-de-pantalla-2024-01-22-182700-750x391.webp 750w, https:\/\/soymigrante.com\/revista\/wp-content\/uploads\/2024\/01\/Captura-de-pantalla-2024-01-22-182700-1140x595.webp 1140w, https:\/\/soymigrante.com\/revista\/wp-content\/uploads\/2024\/01\/Captura-de-pantalla-2024-01-22-182700.webp 1288w\" sizes=\"(max-width: 1024px) 100vw, 1024px\" \/>\n            <\/div>\n        <\/div><div class=\"eael-entry-wrapper\"><header class=\"eael-entry-header\"><h2 class=\"eael-entry-title\"><a class=\"eael-grid-post-link\" href=\"https:\/\/soymigrante.com\/revista\/migracion-jovenes-guatemaltecos-falta-oportunidades-necesitamos-desarrollo\/\" title=\"El trabajo y la migraci\u00f3n de los j\u00f3venes guatemaltecos\">El trabajo y la migraci\u00f3n de los j\u00f3venes guatemaltecos<\/a><\/h2><\/header><div class=\"eael-entry-content\">\n                        <div class=\"eael-grid-post-excerpt\"><a href=\"https:\/\/soymigrante.com\/revista\/migracion-jovenes-guatemaltecos-falta-oportunidades-necesitamos-desarrollo\/\" class=\"eael-post-elements-readmore-btn\">CONOCE SU HISTORIA <\/a><\/div>\n                    <\/div><\/div><\/div>\n        <\/div>\n    <\/article><\/div>\n            <div class=\"clearfix\"><\/div>\n        <\/div>\t\t\t\t<\/div>\n\t\t\t\t\t<\/div>\n\t\t\t\t<\/div>\n\t\t\t\t<\/div>\n\t\t","protected":false},"excerpt":{"rendered":"<p>En algunos momentos hay aspectos que se consideran desagradables, cansados o tediosos en el trabajo, pero con un poco de ayuda, pueden cambiar. No todo en el trabajo es inspiraci\u00f3n, motivaci\u00f3n o logros personales. Tambi\u00e9n hay momentos de tedio, tareas repetitivas, responsabilidades inc\u00f3modas y d\u00edas que parecen eternos. La psicolog\u00eda del trabajo analiza c\u00f3mo estos [&hellip;]<\/p>\n","protected":false},"author":19,"featured_media":30981,"comment_status":"open","ping_status":"open","sticky":false,"template":"","format":"standard","meta":{"_acf_changed":false,"_eb_attr":"","footnotes":""},"categories":[55],"tags":[],"class_list":["post-30980","post","type-post","status-publish","format-standard","has-post-thumbnail","hentry","category-bienestar"],"acf":[],"aioseo_notices":[],"aioseo_head":"\n\t\t<!-- All in One SEO Pro 4.9.6.2 - aioseo.com -->\n\t<meta name=\"description\" content=\"Los j\u00f3venes migrantes van a buscar en Estados Unidos las oportunidades que no hallan en su pa\u00eds, pero Guatemala pierde esa fuerza laboral. Es necesario crear nuevas pol\u00edticas de desarrollo para esta poblaci\u00f3n. Por Guillermo Delgado, fraile dominico Todos necesitamos un trabajo para vivir, porque necesitamos dignificar la vida para vivirla. En la tradici\u00f3n\" \/>\n\t<meta name=\"robots\" content=\"max-snippet:-1, max-image-preview:large, max-video-preview:-1\" \/>\n\t<meta name=\"author\" content=\"Marysabel Aldana\"\/>\n\t<link rel=\"canonical\" href=\"https:\/\/soymigrante.com\/revista\/como-asumir-los-aspectos-desagradables-del-trabajo\/\" \/>\n\t<meta name=\"generator\" content=\"All in One SEO Pro (AIOSEO) 4.9.6.2\" \/>\n\n\t\t<link rel=\"preconnect\" href=\"https:\/\/fonts.googleapis.com\" crossorigin>\n<link rel=\"preconnect\" href=\"https:\/\/fonts.gstatic.com\" crossorigin>\n\t\t<meta property=\"og:locale\" content=\"es_ES\" \/>\n\t\t<meta property=\"og:site_name\" content=\"SoyMigrante.com REVISTA \u2013 Nuestra misi\u00f3n es reconocer y dignificar al migrante.\" \/>\n\t\t<meta property=\"og:type\" content=\"article\" \/>\n\t\t<meta property=\"og:title\" content=\"\u00bfC\u00f3mo asumir los aspectos desagradables del trabajo?\" \/>\n\t\t<meta property=\"og:description\" content=\"En toda labor hay situaciones o factores que se consideran negativos, cansados o tediosos en el trabajo. \u00bfPor qu\u00e9 no convertirlos en motivadores\" \/>\n\t\t<meta property=\"og:url\" content=\"https:\/\/soymigrante.com\/revista\/como-asumir-los-aspectos-desagradables-del-trabajo\/\" \/>\n\t\t<meta property=\"og:image\" content=\"https:\/\/soymigrante.com\/revista\/wp-content\/uploads\/2025\/04\/Como-asumir-los-aspectos-desagradables-cansados-o-tediosos-en-el-trabajo-1-e1744665703691.webp\" \/>\n\t\t<meta property=\"og:image:secure_url\" content=\"https:\/\/soymigrante.com\/revista\/wp-content\/uploads\/2025\/04\/Como-asumir-los-aspectos-desagradables-cansados-o-tediosos-en-el-trabajo-1-e1744665703691.webp\" \/>\n\t\t<meta property=\"og:image:width\" content=\"1066\" \/>\n\t\t<meta property=\"og:image:height\" content=\"1066\" \/>\n\t\t<meta property=\"article:published_time\" content=\"2025-04-15T11:00:00+00:00\" \/>\n\t\t<meta property=\"article:modified_time\" content=\"2025-04-17T03:29:12+00:00\" \/>\n\t\t<meta property=\"article:publisher\" content=\"https:\/\/www.facebook.com\/soymigrantecom\" \/>\n\t\t<meta name=\"twitter:card\" content=\"summary_large_image\" \/>\n\t\t<meta name=\"twitter:site\" content=\"@SoyMigrante_com\" \/>\n\t\t<meta name=\"twitter:title\" content=\"\u00bfC\u00f3mo asumir los aspectos desagradables del trabajo?\" \/>\n\t\t<meta name=\"twitter:description\" content=\"En toda labor hay situaciones o factores que se consideran negativos, cansados o tediosos en el trabajo. \u00bfPor qu\u00e9 no convertirlos en motivadores\" \/>\n\t\t<meta name=\"twitter:creator\" content=\"@SoyMigrante_com\" \/>\n\t\t<meta name=\"twitter:image\" content=\"https:\/\/soymigrante.com\/revista\/wp-content\/uploads\/2025\/04\/Como-asumir-los-aspectos-desagradables-cansados-o-tediosos-en-el-trabajo-1-e1744665703691.webp\" \/>\n\t\t<!-- All in One SEO Pro -->\r\n\t\t<title>\u00bfC\u00f3mo asumir los aspectos desagradables del trabajo?<\/title>\n\n","aioseo_head_json":{"title":"\u00bfC\u00f3mo asumir los aspectos desagradables del trabajo?","description":"En toda labor hay situaciones o factores que se consideran negativos, cansados o tediosos en el trabajo. \u00bfPor qu\u00e9 no convertirlos en motivadores","canonical_url":"https:\/\/soymigrante.com\/revista\/como-asumir-los-aspectos-desagradables-del-trabajo\/","robots":"max-snippet:-1, max-image-preview:large, max-video-preview:-1","keywords":"","webmasterTools":{"miscellaneous":"&lt;link rel=\"preconnect\" href=\"https:\/\/fonts.googleapis.com\" crossorigin&gt;\n&lt;link rel=\"preconnect\" href=\"https:\/\/fonts.gstatic.com\" crossorigin&gt;"},"schema":null,"og:locale":"es_ES","og:site_name":"SoyMigrante.com REVISTA \u2013 Nuestra misi\u00f3n es reconocer y dignificar al migrante.","og:type":"article","og:title":"\u00bfC\u00f3mo asumir los aspectos desagradables del trabajo?","og:description":"En toda labor hay situaciones o factores que se consideran negativos, cansados o tediosos en el trabajo. \u00bfPor qu\u00e9 no convertirlos en motivadores","og:url":"https:\/\/soymigrante.com\/revista\/como-asumir-los-aspectos-desagradables-del-trabajo\/","og:image":"https:\/\/soymigrante.com\/revista\/wp-content\/uploads\/2025\/04\/Como-asumir-los-aspectos-desagradables-cansados-o-tediosos-en-el-trabajo-1-e1744665703691.webp","og:image:secure_url":"https:\/\/soymigrante.com\/revista\/wp-content\/uploads\/2025\/04\/Como-asumir-los-aspectos-desagradables-cansados-o-tediosos-en-el-trabajo-1-e1744665703691.webp","og:image:width":1066,"og:image:height":1066,"article:published_time":"2025-04-15T11:00:00+00:00","article:modified_time":"2025-04-17T03:29:12+00:00","article:publisher":"https:\/\/www.facebook.com\/soymigrantecom","twitter:card":"summary_large_image","twitter:site":"@SoyMigrante_com","twitter:title":"\u00bfC\u00f3mo asumir los aspectos desagradables del trabajo?","twitter:description":"En toda labor hay situaciones o factores que se consideran negativos, cansados o tediosos en el trabajo. \u00bfPor qu\u00e9 no convertirlos en motivadores","twitter:creator":"@SoyMigrante_com","twitter:image":"https:\/\/soymigrante.com\/revista\/wp-content\/uploads\/2025\/04\/Como-asumir-los-aspectos-desagradables-cansados-o-tediosos-en-el-trabajo-1-e1744665703691.webp"},"aioseo_meta_data":{"post_id":"30980","title":"\u00bfC\u00f3mo asumir los aspectos desagradables del trabajo?","description":"En toda labor hay situaciones o factores que se consideran negativos, cansados o tediosos en el trabajo. \u00bfPor qu\u00e9 no convertirlos en motivadores","keywords":null,"keyphrases":{"focus":{"keyphrase":"TRABAJO","score":91,"analysis":{"keyphraseInTitle":{"score":9,"maxScore":9,"error":0},"keyphraseInDescription":{"score":9,"maxScore":9,"error":0},"keyphraseLength":{"score":9,"maxScore":9,"error":0,"length":1},"keyphraseInURL":{"score":5,"maxScore":5,"error":0},"keyphraseInIntroduction":{"score":9,"maxScore":9,"error":0},"keyphraseInSubHeadings":{"score":3,"maxScore":9,"error":1},"keyphraseInImageAlt":{"score":9,"maxScore":9,"error":0},"keywordDensity":{"type":"best","score":9,"maxScore":9,"error":0}}},"additional":[{"keyphrase":"Laboral","score":40,"analysis":{"keyphraseInDescription":{"score":3,"maxScore":9,"error":1},"keyphraseLength":{"score":9,"maxScore":9,"error":0,"length":1},"keyphraseInIntroduction":{"score":3,"maxScore":9,"error":1},"keyphraseInImageAlt":{"score":3,"maxScore":9,"error":1},"keywordDensity":{"score":0,"type":"low","maxScore":9,"error":1}}},{"keyphrase":"DESAGRADABLES","score":53,"analysis":{"keyphraseInDescription":{"score":3,"maxScore":9,"error":1},"keyphraseLength":{"score":9,"maxScore":9,"error":0,"length":1},"keyphraseInIntroduction":{"score":3,"maxScore":9,"error":1},"keyphraseInImageAlt":{"score":9,"maxScore":9,"error":0},"keywordDensity":{"score":0,"type":"low","maxScore":9,"error":1}}}]},"primary_term":null,"canonical_url":null,"og_title":null,"og_description":null,"og_object_type":"default","og_image_type":"default","og_image_url":null,"og_image_width":null,"og_image_height":null,"og_image_custom_url":null,"og_image_custom_fields":null,"og_video":"","og_custom_url":null,"og_article_section":null,"og_article_tags":null,"twitter_use_og":false,"twitter_card":"default","twitter_image_type":"default","twitter_image_url":null,"twitter_image_custom_url":null,"twitter_image_custom_fields":null,"twitter_title":null,"twitter_description":null,"schema":{"blockGraphs":[],"customGraphs":[],"default":{"data":{"Article":[],"Course":[],"Dataset":[],"FAQPage":[],"Movie":[],"Person":[],"Product":[],"ProductReview":[],"Car":[],"Recipe":[],"Service":[],"SoftwareApplication":[],"WebPage":[]},"graphName":"none","isEnabled":true},"graphs":[]},"schema_type":"default","schema_type_options":null,"pillar_content":false,"robots_default":true,"robots_noindex":false,"robots_noarchive":false,"robots_nosnippet":false,"robots_nofollow":false,"robots_noimageindex":false,"robots_noodp":false,"robots_notranslate":false,"robots_max_snippet":"-1","robots_max_videopreview":"-1","robots_max_imagepreview":"large","priority":null,"frequency":"default","local_seo":null,"seo_analyzer_scan_date":"2025-10-09 04:21:35","breadcrumb_settings":null,"limit_modified_date":false,"reviewed_by":null,"open_ai":"{\"title\":{\"suggestions\":[],\"usage\":0},\"description\":{\"suggestions\":[],\"usage\":0}}","ai":null,"created":"2025-04-14 21:22:17","updated":"2026-02-04 22:58:21"},"aioseo_breadcrumb":"<div class=\"aioseo-breadcrumbs\"><span class=\"aioseo-breadcrumb\">\n\t<a href=\"https:\/\/soymigrante.com\/revista\" title=\"Home\">Home<\/a>\n<\/span><span class=\"aioseo-breadcrumb-separator\">\u00bb<\/span><span class=\"aioseo-breadcrumb\">\n\t<a href=\"https:\/\/soymigrante.com\/revista\/category\/bienestar\/\" title=\"Bienestar\">Bienestar<\/a>\n<\/span><span class=\"aioseo-breadcrumb-separator\">\u00bb<\/span><span class=\"aioseo-breadcrumb\">\n\tEn el descanso se puede pensar: \u00bfC\u00f3mo asumir los aspectos desagradables del trabajo?\n<\/span><\/div>","aioseo_breadcrumb_json":[{"label":"Home","link":"https:\/\/soymigrante.com\/revista"},{"label":"Bienestar","link":"https:\/\/soymigrante.com\/revista\/category\/bienestar\/"},{"label":"En el descanso se puede pensar: \u00bfC\u00f3mo asumir los aspectos desagradables del trabajo?","link":"https:\/\/soymigrante.com\/revista\/como-asumir-los-aspectos-desagradables-del-trabajo\/"}],"_links":{"self":[{"href":"https:\/\/soymigrante.com\/revista\/wp-json\/wp\/v2\/posts\/30980","targetHints":{"allow":["GET"]}}],"collection":[{"href":"https:\/\/soymigrante.com\/revista\/wp-json\/wp\/v2\/posts"}],"about":[{"href":"https:\/\/soymigrante.com\/revista\/wp-json\/wp\/v2\/types\/post"}],"author":[{"embeddable":true,"href":"https:\/\/soymigrante.com\/revista\/wp-json\/wp\/v2\/users\/19"}],"replies":[{"embeddable":true,"href":"https:\/\/soymigrante.com\/revista\/wp-json\/wp\/v2\/comments?post=30980"}],"version-history":[{"count":11,"href":"https:\/\/soymigrante.com\/revista\/wp-json\/wp\/v2\/posts\/30980\/revisions"}],"predecessor-version":[{"id":31306,"href":"https:\/\/soymigrante.com\/revista\/wp-json\/wp\/v2\/posts\/30980\/revisions\/31306"}],"wp:featuredmedia":[{"embeddable":true,"href":"https:\/\/soymigrante.com\/revista\/wp-json\/wp\/v2\/media\/30981"}],"wp:attachment":[{"href":"https:\/\/soymigrante.com\/revista\/wp-json\/wp\/v2\/media?parent=30980"}],"wp:term":[{"taxonomy":"category","embeddable":true,"href":"https:\/\/soymigrante.com\/revista\/wp-json\/wp\/v2\/categories?post=30980"},{"taxonomy":"post_tag","embeddable":true,"href":"https:\/\/soymigrante.com\/revista\/wp-json\/wp\/v2\/tags?post=30980"}],"curies":[{"name":"wp","href":"https:\/\/api.w.org\/{rel}","templated":true}]}}