{"id":30954,"date":"2025-04-15T06:00:00","date_gmt":"2025-04-15T12:00:00","guid":{"rendered":"https:\/\/soymigrante.com\/revista\/?p=30954"},"modified":"2025-04-16T20:17:28","modified_gmt":"2025-04-17T02:17:28","slug":"cactus-en-la-casa-variedades-cuidados-y-precauciones","status":"publish","type":"post","link":"https:\/\/soymigrante.com\/revista\/cactus-en-la-casa-variedades-cuidados-y-precauciones\/","title":{"rendered":"\u00bfCactus en la casa? Variedades, cuidados y precauciones"},"content":{"rendered":"\t\t<div data-elementor-type=\"wp-post\" data-elementor-id=\"30954\" class=\"elementor elementor-30954\" data-elementor-post-type=\"post\">\n\t\t\t\t<div data-particle_enable=\"false\" data-particle-mobile-disabled=\"false\" class=\"elementor-element elementor-element-871eb2d e-flex e-con-boxed e-con e-parent\" data-id=\"871eb2d\" data-element_type=\"container\" data-e-type=\"container\">\n\t\t\t\t\t<div class=\"e-con-inner\">\n\t\t\t\t<div class=\"elementor-element elementor-element-11da66c elementor-widget elementor-widget-heading\" data-id=\"11da66c\" data-element_type=\"widget\" data-e-type=\"widget\" data-widget_type=\"heading.default\">\n\t\t\t\t\t<h2 class=\"elementor-heading-title elementor-size-default\">Los cactus en la casa ahora son parte de la decoraci\u00f3n, porque no requieren tanto espacio y cuidados. <\/h2>\t\t\t\t<\/div>\n\t\t\t\t\t<\/div>\n\t\t\t\t<\/div>\n\t\t<div data-particle_enable=\"false\" data-particle-mobile-disabled=\"false\" class=\"elementor-element elementor-element-ea2072f e-flex e-con-boxed e-con e-parent\" data-id=\"ea2072f\" data-element_type=\"container\" data-e-type=\"container\">\n\t\t\t\t\t<div class=\"e-con-inner\">\n\t\t\t\t<div class=\"elementor-element elementor-element-c1c7e7e elementor-widget elementor-widget-text-editor\" data-id=\"c1c7e7e\" data-element_type=\"widget\" data-e-type=\"widget\" data-widget_type=\"text-editor.default\">\n\t\t\t\t\t\t\t\t\t<p>Los cactus se han convertido en los reyes del dise\u00f1o interior. No solo porque requieren pocos cuidados, s<a href=\"https:\/\/soymigrante.com\/revista\/ya-viene-el-festival-de-las-flores-de-antigua-guatemala-2024\/\" target=\"_blank\" rel=\"noopener\">ino porque a\u00f1aden un toque moderno, natural y hasta espiritual a los espacios del hogar.<\/a> Pero antes de colocarlos como decoraci\u00f3n, es importante conocer sus variedades, cuidados esenciales y algunas precauciones al manipularlos.<\/p>\t\t\t\t\t\t\t\t<\/div>\n\t\t\t\t\t<\/div>\n\t\t\t\t<\/div>\n\t\t<div data-particle_enable=\"false\" data-particle-mobile-disabled=\"false\" class=\"elementor-element elementor-element-9f1c3b2 e-flex e-con-boxed e-con e-parent\" data-id=\"9f1c3b2\" data-element_type=\"container\" data-e-type=\"container\">\n\t\t\t\t\t<div class=\"e-con-inner\">\n\t\t\t\t<div class=\"elementor-element elementor-element-9b013b5 elementor-widget elementor-widget-heading\" data-id=\"9b013b5\" data-element_type=\"widget\" data-e-type=\"widget\" data-widget_type=\"heading.default\">\n\t\t\t\t\t<h3 class=\"elementor-heading-title elementor-size-default\">Variedades populares para el hogar<\/h3>\t\t\t\t<\/div>\n\t\t\t\t\t<\/div>\n\t\t\t\t<\/div>\n\t\t<div data-particle_enable=\"false\" data-particle-mobile-disabled=\"false\" class=\"elementor-element elementor-element-09aab31 e-flex e-con-boxed e-con e-parent\" data-id=\"09aab31\" data-element_type=\"container\" data-e-type=\"container\">\n\t\t\t\t\t<div class=\"e-con-inner\">\n\t\t\t\t<div class=\"elementor-element elementor-element-0e99a6c elementor-widget elementor-widget-text-editor\" data-id=\"0e99a6c\" data-element_type=\"widget\" data-e-type=\"widget\" data-widget_type=\"text-editor.default\">\n\t\t\t\t\t\t\t\t\t<div><strong>1.Cactus erizo<\/strong> (Echinocactus grusonii): Esf\u00e9rico, con espinas doradas. Ideal para rincones amplios con mucha luz natural.<\/div><div><strong>2.Cactus San Pedro<\/strong> (Echinopsis pachanoi): De tallo largo y vertical, perfecto para entradas o patios.<\/div><div><strong>3.Mammillaria:<\/strong> Peque\u00f1o y en forma de roseta. Florece con colores vivos, ideal para escritorios o estantes.<\/div><div><strong>4.Opuntia<\/strong> (nopal): Aporta un aire r\u00fastico y puede vivir en exteriores o interiores luminosos.<\/div><div><strong>5.Cactus de Navidad<\/strong> (Schlumbergera): Sin espinas y con flores de colores, va bien en salas o cocinas.<\/div>\t\t\t\t\t\t\t\t<\/div>\n\t\t\t\t\t<\/div>\n\t\t\t\t<\/div>\n\t\t<div data-particle_enable=\"false\" data-particle-mobile-disabled=\"false\" class=\"elementor-element elementor-element-63cd9b1 e-flex e-con-boxed e-con e-parent\" data-id=\"63cd9b1\" data-element_type=\"container\" data-e-type=\"container\">\n\t\t\t\t\t<div class=\"e-con-inner\">\n\t\t\t\t<div class=\"elementor-element elementor-element-d6c5ce5 elementor-widget elementor-widget-image\" data-id=\"d6c5ce5\" data-element_type=\"widget\" data-e-type=\"widget\" data-widget_type=\"image.default\">\n\t\t\t\t\t\t\t\t\t\t\t\t<figure class=\"wp-caption\">\n\t\t\t\t\t\t\t\t\t\t<img fetchpriority=\"high\" decoding=\"async\" width=\"750\" height=\"535\" src=\"https:\/\/soymigrante.com\/revista\/wp-content\/uploads\/2025\/04\/cactus-en-casa-ENVATO-3.webp\" class=\"attachment-large size-large wp-image-31064\" alt=\"Cactus en maceta con guantes de jardiner\u00eda con estampado floral, s\u00edmbolo de agricultura y sostenibilidad.\" srcset=\"https:\/\/soymigrante.com\/revista\/wp-content\/uploads\/2025\/04\/cactus-en-casa-ENVATO-3.webp 750w, https:\/\/soymigrante.com\/revista\/wp-content\/uploads\/2025\/04\/cactus-en-casa-ENVATO-3-300x214.png 300w, https:\/\/soymigrante.com\/revista\/wp-content\/uploads\/2025\/04\/cactus-en-casa-ENVATO-3-120x86.webp 120w, https:\/\/soymigrante.com\/revista\/wp-content\/uploads\/2025\/04\/cactus-en-casa-ENVATO-3-350x250.webp 350w\" sizes=\"(max-width: 750px) 100vw, 750px\" title=\"Para sembrar y cuidar los cactus es recomendable siempre usar guantes resistentes. \u2013 SoyMigrante.com REVISTA\" \/>\t\t\t\t\t\t\t\t\t\t\t<figcaption class=\"widget-image-caption wp-caption-text\">Cactus en maceta con guantes de jardiner\u00eda, ejemplo de agricultura sustentable y cuidado de plantas en Am\u00e9rica Latina.<\/figcaption>\n\t\t\t\t\t\t\t\t\t\t<\/figure>\n\t\t\t\t\t\t\t\t\t<\/div>\n\t\t\t\t\t<\/div>\n\t\t\t\t<\/div>\n\t\t<div data-particle_enable=\"false\" data-particle-mobile-disabled=\"false\" class=\"elementor-element elementor-element-701bd41 e-flex e-con-boxed e-con e-parent\" data-id=\"701bd41\" data-element_type=\"container\" data-e-type=\"container\">\n\t\t\t\t\t<div class=\"e-con-inner\">\n\t\t\t\t<div class=\"elementor-element elementor-element-01d5c8d elementor-widget elementor-widget-heading\" data-id=\"01d5c8d\" data-element_type=\"widget\" data-e-type=\"widget\" data-widget_type=\"heading.default\">\n\t\t\t\t\t<h3 class=\"elementor-heading-title elementor-size-default\">\u00bfD\u00f3nde colocarlos seg\u00fan el espacio?<\/h3>\t\t\t\t<\/div>\n\t\t\t\t\t<\/div>\n\t\t\t\t<\/div>\n\t\t<div data-particle_enable=\"false\" data-particle-mobile-disabled=\"false\" class=\"elementor-element elementor-element-1ac2e1e e-flex e-con-boxed e-con e-parent\" data-id=\"1ac2e1e\" data-element_type=\"container\" data-e-type=\"container\">\n\t\t\t\t\t<div class=\"e-con-inner\">\n\t\t\t\t<div class=\"elementor-element elementor-element-a93d4db elementor-widget elementor-widget-text-editor\" data-id=\"a93d4db\" data-element_type=\"widget\" data-e-type=\"widget\" data-widget_type=\"text-editor.default\">\n\t\t\t\t\t\t\t\t\t<div><strong>\u2022 Sala:<\/strong> Aqu\u00ed puedes usar cactus altos como el San Pedro o combinar varios peque\u00f1os en una bandeja decorativa. Col\u00f3calos cerca de las ventanas.<\/div><div><strong>\u2022Dormitorio:<\/strong> Prefiere variedades peque\u00f1as y sin espinas agresivas, como el cactus de Navidad o una mammillaria.<\/div><div><strong>\u2022Cocina<\/strong>: Los cactus peque\u00f1os funcionan bien. Elige macetas en colores neutros para combinar con los utensilios.<\/div><div><strong>\u2022Ba\u00f1o:<\/strong> Si tiene buena iluminaci\u00f3n, prueba con un cactus suculento que tolere la humedad.<\/div><div><strong>\u2022Oficina o escritorio:<\/strong> <a href=\"https:\/\/soymigrante.com\/revista\/ya-viene-el-festival-de-las-flores-de-antigua-guatemala-2024\/\" target=\"_blank\" rel=\"noopener\">Un cactus miniatura en maceta blanca o color pastel da un toque moderno sin distraer.<\/a><\/div>\t\t\t\t\t\t\t\t<\/div>\n\t\t\t\t\t<\/div>\n\t\t\t\t<\/div>\n\t\t<div data-particle_enable=\"false\" data-particle-mobile-disabled=\"false\" class=\"elementor-element elementor-element-af21b57 e-flex e-con-boxed e-con e-parent\" data-id=\"af21b57\" data-element_type=\"container\" data-e-type=\"container\">\n\t\t\t\t\t<div class=\"e-con-inner\">\n\t\t\t\t<div class=\"elementor-element elementor-element-76af71b elementor-widget elementor-widget-heading\" data-id=\"76af71b\" data-element_type=\"widget\" data-e-type=\"widget\" data-widget_type=\"heading.default\">\n\t\t\t\t\t<h3 class=\"elementor-heading-title elementor-size-default\">El color de la maceta s\u00ed importa<\/h3>\t\t\t\t<\/div>\n\t\t\t\t\t<\/div>\n\t\t\t\t<\/div>\n\t\t<div data-particle_enable=\"false\" data-particle-mobile-disabled=\"false\" class=\"elementor-element elementor-element-3af29c9 e-flex e-con-boxed e-con e-parent\" data-id=\"3af29c9\" data-element_type=\"container\" data-e-type=\"container\">\n\t\t\t\t\t<div class=\"e-con-inner\">\n\t\t\t\t<div class=\"elementor-element elementor-element-f68a00b elementor-widget elementor-widget-text-editor\" data-id=\"f68a00b\" data-element_type=\"widget\" data-e-type=\"widget\" data-widget_type=\"text-editor.default\">\n\t\t\t\t\t\t\t\t\t<div>Elige macetas que armonicen con el entorno:<\/div><div><strong>\u2022Blancas o negras:<\/strong> Estilo minimalista y elegante.<\/div><div><strong>\u2022Terracota:<\/strong> R\u00fastico y natural, ideal para exteriores o decoraci\u00f3n bohemia.<\/div><div><strong>\u2022Colores pastel:<\/strong> Dan calidez y ternura, funcionan bien en dormitorios o estudios.<\/div><div><strong>\u2022Tonos met\u00e1licos:<\/strong> Para un estilo m\u00e1s moderno o industrial.<\/div>\t\t\t\t\t\t\t\t<\/div>\n\t\t\t\t\t<\/div>\n\t\t\t\t<\/div>\n\t\t<div data-particle_enable=\"false\" data-particle-mobile-disabled=\"false\" class=\"elementor-element elementor-element-87b4bfe e-flex e-con-boxed e-con e-parent\" data-id=\"87b4bfe\" data-element_type=\"container\" data-e-type=\"container\">\n\t\t\t\t\t<div class=\"e-con-inner\">\n\t\t\t\t<div class=\"elementor-element elementor-element-3c09313 elementor-widget elementor-widget-image\" data-id=\"3c09313\" data-element_type=\"widget\" data-e-type=\"widget\" data-widget_type=\"image.default\">\n\t\t\t\t\t\t\t\t\t\t\t\t<figure class=\"wp-caption\">\n\t\t\t\t\t\t\t\t\t\t<img decoding=\"async\" width=\"603\" height=\"562\" src=\"https:\/\/soymigrante.com\/revista\/wp-content\/uploads\/2025\/04\/cactus-en-casa-ENVATO-5.webp\" class=\"attachment-large size-large wp-image-31066\" alt=\"Cactus en una maceta decorativa, s\u00edmbolo de naturaleza y sostenibilidad, sostenido por una persona con guantes negros y vestido con chaqueta de mezclilla, en un entorno de jardiner\u00eda urbana.\" srcset=\"https:\/\/soymigrante.com\/revista\/wp-content\/uploads\/2025\/04\/cactus-en-casa-ENVATO-5.webp 603w, https:\/\/soymigrante.com\/revista\/wp-content\/uploads\/2025\/04\/cactus-en-casa-ENVATO-5-300x280.png 300w\" sizes=\"(max-width: 603px) 100vw, 603px\" title=\"Las naturaleza espinosa de los cactus siempre despierta fascinaci\u00f3n. \u2013 SoyMigrante.com REVISTA\" \/>\t\t\t\t\t\t\t\t\t\t\t<figcaption class=\"widget-image-caption wp-caption-text\">Cactus en una maceta decorativa, sostenido por una persona con guantes negros y chaqueta de mezclilla, resaltando la importancia de la naturaleza y la sostenibilidad en la jardiner\u00eda urbana.<\/figcaption>\n\t\t\t\t\t\t\t\t\t\t<\/figure>\n\t\t\t\t\t\t\t\t\t<\/div>\n\t\t\t\t\t<\/div>\n\t\t\t\t<\/div>\n\t\t<div data-particle_enable=\"false\" data-particle-mobile-disabled=\"false\" class=\"elementor-element elementor-element-5909126 e-flex e-con-boxed e-con e-parent\" data-id=\"5909126\" data-element_type=\"container\" data-e-type=\"container\">\n\t\t\t\t\t<div class=\"e-con-inner\">\n\t\t\t\t<div class=\"elementor-element elementor-element-1e59bea elementor-widget elementor-widget-heading\" data-id=\"1e59bea\" data-element_type=\"widget\" data-e-type=\"widget\" data-widget_type=\"heading.default\">\n\t\t\t\t\t<h3 class=\"elementor-heading-title elementor-size-default\">Cuidados b\u00e1sicos<\/h3>\t\t\t\t<\/div>\n\t\t\t\t\t<\/div>\n\t\t\t\t<\/div>\n\t\t<div data-particle_enable=\"false\" data-particle-mobile-disabled=\"false\" class=\"elementor-element elementor-element-827f754 e-flex e-con-boxed e-con e-parent\" data-id=\"827f754\" data-element_type=\"container\" data-e-type=\"container\">\n\t\t\t\t\t<div class=\"e-con-inner\">\n\t\t\t\t<div class=\"elementor-element elementor-element-0c75214 elementor-widget elementor-widget-text-editor\" data-id=\"0c75214\" data-element_type=\"widget\" data-e-type=\"widget\" data-widget_type=\"text-editor.default\">\n\t\t\t\t\t\t\t\t\t<div><strong>\u2022 Luz:<\/strong> La mayor\u00eda de los cactus necesitan al menos 4 horas de luz solar directa.<\/div><div><strong>\u2022Riego:<\/strong> Una vez cada 10 a 15 d\u00edas. Demasiada agua puede pudrir sus ra\u00edces.<\/div><div><strong>\u2022Sustrato:<\/strong> Tierra arenosa o con buen drenaje.<\/div><div><strong>\u2022Macetas con agujeros:<\/strong> Es vital para evitar encharcamientos.<\/div>\t\t\t\t\t\t\t\t<\/div>\n\t\t\t\t\t<\/div>\n\t\t\t\t<\/div>\n\t\t<div data-particle_enable=\"false\" data-particle-mobile-disabled=\"false\" class=\"elementor-element elementor-element-94f8082 e-flex e-con-boxed e-con e-parent\" data-id=\"94f8082\" data-element_type=\"container\" data-e-type=\"container\">\n\t\t\t\t\t<div class=\"e-con-inner\">\n\t\t\t\t<div class=\"elementor-element elementor-element-080f316 elementor-widget elementor-widget-image\" data-id=\"080f316\" data-element_type=\"widget\" data-e-type=\"widget\" data-widget_type=\"image.default\">\n\t\t\t\t\t\t\t\t\t\t\t\t<figure class=\"wp-caption\">\n\t\t\t\t\t\t\t\t\t\t<img decoding=\"async\" width=\"768\" height=\"410\" src=\"https:\/\/soymigrante.com\/revista\/wp-content\/uploads\/2025\/04\/cactus-en-casa-ENVATO-4-1024x546.png\" class=\"attachment-large size-large wp-image-31065\" alt=\"Variedad de cactus en macetas en un invernadero, destacando la belleza y resistencia de las plantas suculentas para jardiner\u00eda y decoraci\u00f3n.\" srcset=\"https:\/\/soymigrante.com\/revista\/wp-content\/uploads\/2025\/04\/cactus-en-casa-ENVATO-4-1024x546.png 1024w, https:\/\/soymigrante.com\/revista\/wp-content\/uploads\/2025\/04\/cactus-en-casa-ENVATO-4-300x160.png 300w, https:\/\/soymigrante.com\/revista\/wp-content\/uploads\/2025\/04\/cactus-en-casa-ENVATO-4-768x410.png 768w, https:\/\/soymigrante.com\/revista\/wp-content\/uploads\/2025\/04\/cactus-en-casa-ENVATO-4-750x400.webp 750w, https:\/\/soymigrante.com\/revista\/wp-content\/uploads\/2025\/04\/cactus-en-casa-ENVATO-4.webp 1070w\" sizes=\"(max-width: 768px) 100vw, 768px\" title=\"Las dimensiones que alcanza un cactus de interior se pueden controlar mediante el trasplante y el tama\u00f1o de la maceta \u2013 SoyMigrante.com REVISTA\" \/>\t\t\t\t\t\t\t\t\t\t\t<figcaption class=\"widget-image-caption wp-caption-text\">Exposici\u00f3n de cactus en macetas en un invernadero, resaltando la diversidad y belleza de las suculentas para decoraci\u00f3n y jardiner\u00eda sostenible.<\/figcaption>\n\t\t\t\t\t\t\t\t\t\t<\/figure>\n\t\t\t\t\t\t\t\t\t<\/div>\n\t\t\t\t\t<\/div>\n\t\t\t\t<\/div>\n\t\t<div data-particle_enable=\"false\" data-particle-mobile-disabled=\"false\" class=\"elementor-element elementor-element-b32738a e-flex e-con-boxed e-con e-parent\" data-id=\"b32738a\" data-element_type=\"container\" data-e-type=\"container\">\n\t\t\t\t\t<div class=\"e-con-inner\">\n\t\t\t\t<div class=\"elementor-element elementor-element-6beb772 elementor-widget elementor-widget-heading\" data-id=\"6beb772\" data-element_type=\"widget\" data-e-type=\"widget\" data-widget_type=\"heading.default\">\n\t\t\t\t\t<h3 class=\"elementor-heading-title elementor-size-default\">Precauciones al manipular cactus<\/h3>\t\t\t\t<\/div>\n\t\t\t\t\t<\/div>\n\t\t\t\t<\/div>\n\t\t<div data-particle_enable=\"false\" data-particle-mobile-disabled=\"false\" class=\"elementor-element elementor-element-8915de6 e-flex e-con-boxed e-con e-parent\" data-id=\"8915de6\" data-element_type=\"container\" data-e-type=\"container\">\n\t\t\t\t\t<div class=\"e-con-inner\">\n\t\t\t\t<div class=\"elementor-element elementor-element-b612b44 elementor-widget elementor-widget-text-editor\" data-id=\"b612b44\" data-element_type=\"widget\" data-e-type=\"widget\" data-widget_type=\"text-editor.default\">\n\t\t\t\t\t\t\t\t\t<div>Las espinas pueden causar heridas, infecciones o alergias. Por eso:<\/div><div>\u2022<a href=\"https:\/\/soymigrante.com\/revista\/ya-viene-el-festival-de-las-flores-de-antigua-guatemala-2024\/\" target=\"_blank\" rel=\"noopener\">Usa guantes gruesos de jardiner\u00eda al moverlos o trasplantarlos.<\/a><\/div><div>\u2022Evita colocarlos al alcance de ni\u00f1os o mascotas.<\/div><div>\u2022Si se rompe una espina en la piel, desinf\u00e9ctala y ret\u00edrala con pinzas limpias.<\/div>\t\t\t\t\t\t\t\t<\/div>\n\t\t\t\t\t<\/div>\n\t\t\t\t<\/div>\n\t\t<div data-particle_enable=\"false\" data-particle-mobile-disabled=\"false\" class=\"elementor-element elementor-element-eff7328 e-flex e-con-boxed e-con e-parent\" data-id=\"eff7328\" data-element_type=\"container\" data-e-type=\"container\">\n\t\t\t\t\t<div class=\"e-con-inner\">\n\t\t\t\t<div class=\"elementor-element elementor-element-c8d3ed7 elementor-widget elementor-widget-text-editor\" data-id=\"c8d3ed7\" data-element_type=\"widget\" data-e-type=\"widget\" data-widget_type=\"text-editor.default\">\n\t\t\t\t\t\t\t\t\t<p><a href=\"https:\/\/soymigrante.com\/revista\/ya-viene-el-festival-de-las-flores-de-antigua-guatemala-2024\/\" target=\"_blank\" rel=\"noopener\">Los cactus no solo decoran; tambi\u00e9n aportan una energ\u00eda especial y ayudan a purificar el aire.<\/a> Con las variedades adecuadas y los cuidados correctos, tu hogar puede transformarse en un espacio lleno de vida y estilo.<\/p>\t\t\t\t\t\t\t\t<\/div>\n\t\t\t\t\t<\/div>\n\t\t\t\t<\/div>\n\t\t<div data-particle_enable=\"false\" data-particle-mobile-disabled=\"false\" class=\"elementor-element elementor-element-f4f8363 e-flex e-con-boxed e-con e-parent\" data-id=\"f4f8363\" data-element_type=\"container\" data-e-type=\"container\">\n\t\t\t\t\t<div class=\"e-con-inner\">\n\t\t\t\t<div class=\"elementor-element elementor-element-0e1db12 elementor-widget elementor-widget-heading\" data-id=\"0e1db12\" data-element_type=\"widget\" data-e-type=\"widget\" data-widget_type=\"heading.default\">\n\t\t\t\t\t<h2 class=\"elementor-heading-title elementor-size-default\">Conoce estos temas te que pueden interesar...<\/h2>\t\t\t\t<\/div>\n\t\t\t\t\t<\/div>\n\t\t\t\t<\/div>\n\t\t<div data-particle_enable=\"false\" data-particle-mobile-disabled=\"false\" class=\"elementor-element elementor-element-03c9e50 e-flex e-con-boxed e-con e-parent\" data-id=\"03c9e50\" data-element_type=\"container\" data-e-type=\"container\">\n\t\t\t\t\t<div class=\"e-con-inner\">\n\t\t\t\t<div class=\"elementor-element elementor-element-40608dd elementor-grid-eael-col-3 elementor-grid-tablet-eael-col-2 elementor-grid-mobile-eael-col-1 elementor-widget elementor-widget-eael-post-grid\" data-id=\"40608dd\" data-element_type=\"widget\" data-e-type=\"widget\" data-settings=\"{&quot;eael_post_grid_columns&quot;:&quot;eael-col-3&quot;,&quot;eael_post_grid_columns_tablet&quot;:&quot;eael-col-2&quot;,&quot;eael_post_grid_columns_mobile&quot;:&quot;eael-col-1&quot;}\" data-widget_type=\"eael-post-grid.default\">\n\t\t\t\t\t<div id=\"eael-post-grid-40608dd\" class=\"eael-post-grid-container\">\n            <div class=\"eael-post-grid eael-post-appender eael-post-appender-40608dd eael-post-grid-style-one\" data-layout-mode=\"masonry\"><article class=\"eael-grid-post  eael-post-grid-column eael-pg-post-21003 category-guate-nuestra tags-mercado-emprendedores\" data-id=\"21003\">\n        <div class=\"eael-grid-post-holder\">\n            <div class=\"eael-grid-post-holder-inner\"><div class=\"eael-entry-media\"><div class=\"eael-entry-overlay fade-in\"><i class=\"far fa-hand-pointer\" aria-hidden=\"true\"><\/i><a href=\"https:\/\/soymigrante.com\/revista\/bolsas-pulseras-y-collares-raices-surgen-con-la-creatividad-y-amor-familiar-de-silvia-flores\/\"><\/a><\/div><div class=\"eael-entry-thumbnail \">\n                <img loading=\"lazy\" decoding=\"async\" width=\"721\" height=\"721\" src=\"https:\/\/soymigrante.com\/revista\/wp-content\/uploads\/2025\/01\/silvia-patricia-raices-1.webp\" class=\"attachment-large size-large wp-image-21004\" alt=\"Artesan\u00edas y joyer\u00eda de migrantes en exclusivo mercado con enfoque en cultura y tradici\u00f3n.\" srcset=\"https:\/\/soymigrante.com\/revista\/wp-content\/uploads\/2025\/01\/silvia-patricia-raices-1.webp 721w, https:\/\/soymigrante.com\/revista\/wp-content\/uploads\/2025\/01\/silvia-patricia-raices-1-300x300.jpg 300w, https:\/\/soymigrante.com\/revista\/wp-content\/uploads\/2025\/01\/silvia-patricia-raices-1-150x150.jpg 150w, https:\/\/soymigrante.com\/revista\/wp-content\/uploads\/2025\/01\/silvia-patricia-raices-1-75x75.webp 75w\" sizes=\"(max-width: 721px) 100vw, 721px\" \/>\n            <\/div>\n        <\/div><div class=\"eael-entry-wrapper\"><header class=\"eael-entry-header\"><h2 class=\"eael-entry-title\"><a class=\"eael-grid-post-link\" href=\"https:\/\/soymigrante.com\/revista\/bolsas-pulseras-y-collares-raices-surgen-con-la-creatividad-y-amor-familiar-de-silvia-flores\/\" title=\"Bolsas, pulseras y collares Ra\u00edces surgen con la creatividad y amor familiar de Silvia Flores\">Bolsas, pulseras y collares Ra\u00edces surgen con la creatividad y amor familiar de Silvia Flores<\/a><\/h2><\/header><div class=\"eael-entry-content\">\n                        <div class=\"eael-grid-post-excerpt\"><a href=\"https:\/\/soymigrante.com\/revista\/bolsas-pulseras-y-collares-raices-surgen-con-la-creatividad-y-amor-familiar-de-silvia-flores\/\" class=\"eael-post-elements-readmore-btn\">CONOCE SU HISTORIA <\/a><\/div>\n                    <\/div><\/div><\/div>\n        <\/div>\n    <\/article><article class=\"eael-grid-post  eael-post-grid-column eael-pg-post-17223 category-guate-nuestra\" data-id=\"17223\">\n        <div class=\"eael-grid-post-holder\">\n            <div class=\"eael-grid-post-holder-inner\"><div class=\"eael-entry-media\"><div class=\"eael-entry-overlay fade-in\"><i class=\"far fa-hand-pointer\" aria-hidden=\"true\"><\/i><a href=\"https:\/\/soymigrante.com\/revista\/isla-de-flores-en-peten-tesoro-cultural-nominado-a-la-lista-best-tourism-villages-2024\/\"><\/a><\/div><div class=\"eael-entry-thumbnail \">\n                <img loading=\"lazy\" decoding=\"async\" width=\"831\" height=\"831\" src=\"https:\/\/soymigrante.com\/revista\/wp-content\/uploads\/2024\/12\/Flores-peten-Inguat-copia.webp\" class=\"attachment-large size-large wp-image-17287\" alt=\"Puerto fluvial con casas tradicionales en un pueblo cercano a un r\u00edo, reflejando cultura y vida local, ideal para temas de migraci\u00f3n, historias de comunidad y turismo en M\u00e9xico.\" srcset=\"https:\/\/soymigrante.com\/revista\/wp-content\/uploads\/2024\/12\/Flores-peten-Inguat-copia.webp 831w, https:\/\/soymigrante.com\/revista\/wp-content\/uploads\/2024\/12\/Flores-peten-Inguat-copia-300x300.jpg 300w, https:\/\/soymigrante.com\/revista\/wp-content\/uploads\/2024\/12\/Flores-peten-Inguat-copia-150x150.jpg 150w, https:\/\/soymigrante.com\/revista\/wp-content\/uploads\/2024\/12\/Flores-peten-Inguat-copia-768x768.jpg 768w, https:\/\/soymigrante.com\/revista\/wp-content\/uploads\/2024\/12\/Flores-peten-Inguat-copia-75x75.webp 75w, https:\/\/soymigrante.com\/revista\/wp-content\/uploads\/2024\/12\/Flores-peten-Inguat-copia-750x750.webp 750w\" sizes=\"(max-width: 831px) 100vw, 831px\" \/>\n            <\/div>\n        <\/div><div class=\"eael-entry-wrapper\"><header class=\"eael-entry-header\"><h2 class=\"eael-entry-title\"><a class=\"eael-grid-post-link\" href=\"https:\/\/soymigrante.com\/revista\/isla-de-flores-en-peten-tesoro-cultural-nominado-a-la-lista-best-tourism-villages-2024\/\" title=\"Isla de Flores en Pet\u00e9n:\u00a0 Tesoro cultural nominado a la lista Best Tourism Villages 2024\">Isla de Flores en Pet\u00e9n:\u00a0 Tesoro cultural nominado a la lista Best Tourism Villages 2024<\/a><\/h2><\/header><div class=\"eael-entry-content\">\n                        <div class=\"eael-grid-post-excerpt\"><a href=\"https:\/\/soymigrante.com\/revista\/isla-de-flores-en-peten-tesoro-cultural-nominado-a-la-lista-best-tourism-villages-2024\/\" class=\"eael-post-elements-readmore-btn\">CONOCE SU HISTORIA <\/a><\/div>\n                    <\/div><\/div><\/div>\n        <\/div>\n    <\/article><article class=\"eael-grid-post  eael-post-grid-column eael-pg-post-11833 category-guate-nuestra\" data-id=\"11833\">\n        <div class=\"eael-grid-post-holder\">\n            <div class=\"eael-grid-post-holder-inner\"><div class=\"eael-entry-media\"><div class=\"eael-entry-overlay fade-in\"><i class=\"far fa-hand-pointer\" aria-hidden=\"true\"><\/i><a href=\"https:\/\/soymigrante.com\/revista\/ya-viene-el-festival-de-las-flores-de-antigua-guatemala-2024\/\"><\/a><\/div><div class=\"eael-entry-thumbnail \">\n                <img loading=\"lazy\" decoding=\"async\" width=\"1018\" height=\"1018\" src=\"https:\/\/soymigrante.com\/revista\/wp-content\/uploads\/2024\/11\/festival-de-las-flores-antigua-guatemala.webp\" class=\"attachment-large size-large wp-image-13388\" alt=\"Arco decorativo lleno de flores en un desfile tradicional, con calles empedradas y coloridos decorados en el ambiente, representa la cultura y tradiciones mexicanas en la celebraci\u00f3n.\" srcset=\"https:\/\/soymigrante.com\/revista\/wp-content\/uploads\/2024\/11\/festival-de-las-flores-antigua-guatemala.webp 1018w, https:\/\/soymigrante.com\/revista\/wp-content\/uploads\/2024\/11\/festival-de-las-flores-antigua-guatemala-300x300.jpg 300w, https:\/\/soymigrante.com\/revista\/wp-content\/uploads\/2024\/11\/festival-de-las-flores-antigua-guatemala-150x150.jpg 150w, https:\/\/soymigrante.com\/revista\/wp-content\/uploads\/2024\/11\/festival-de-las-flores-antigua-guatemala-768x768.jpg 768w, https:\/\/soymigrante.com\/revista\/wp-content\/uploads\/2024\/11\/festival-de-las-flores-antigua-guatemala-75x75.webp 75w, https:\/\/soymigrante.com\/revista\/wp-content\/uploads\/2024\/11\/festival-de-las-flores-antigua-guatemala-750x750.webp 750w\" sizes=\"(max-width: 1018px) 100vw, 1018px\" \/>\n            <\/div>\n        <\/div><div class=\"eael-entry-wrapper\"><header class=\"eael-entry-header\"><h2 class=\"eael-entry-title\"><a class=\"eael-grid-post-link\" href=\"https:\/\/soymigrante.com\/revista\/ya-viene-el-festival-de-las-flores-de-antigua-guatemala-2024\/\" title=\"Festival de las Flores de Antigua 2024 celebra las maravillas de Guatemala: ven a verlo\">Festival de las Flores de Antigua 2024 celebra las maravillas de Guatemala: ven a verlo<\/a><\/h2><\/header><div class=\"eael-entry-content\">\n                        <div class=\"eael-grid-post-excerpt\"><a href=\"https:\/\/soymigrante.com\/revista\/ya-viene-el-festival-de-las-flores-de-antigua-guatemala-2024\/\" class=\"eael-post-elements-readmore-btn\">CONOCE SU HISTORIA <\/a><\/div>\n                    <\/div><\/div><\/div>\n        <\/div>\n    <\/article><\/div>\n            <div class=\"clearfix\"><\/div>\n        <\/div>\t\t\t\t<\/div>\n\t\t\t\t\t<\/div>\n\t\t\t\t<\/div>\n\t\t\t\t<\/div>\n\t\t","protected":false},"excerpt":{"rendered":"<p>Los cactus en la casa ahora son parte de la decoraci\u00f3n, porque no requieren tanto espacio y cuidados. Los cactus se han convertido en los reyes del dise\u00f1o interior. No solo porque requieren pocos cuidados, sino porque a\u00f1aden un toque moderno, natural y hasta espiritual a los espacios del hogar. Pero antes de colocarlos como [&hellip;]<\/p>\n","protected":false},"author":19,"featured_media":31061,"comment_status":"open","ping_status":"open","sticky":false,"template":"","format":"standard","meta":{"_acf_changed":false,"_eb_attr":"","footnotes":""},"categories":[55],"tags":[],"class_list":["post-30954","post","type-post","status-publish","format-standard","has-post-thumbnail","hentry","category-bienestar"],"acf":[],"aioseo_notices":[],"aioseo_head":"\n\t\t<!-- All in One SEO Pro 4.9.6.2 - aioseo.com -->\n\t<meta name=\"description\" content=\"La ciudad colonial de Antigua Guatemala celebra este 16 y 17 de noviembre el Festival de las Flores, dedicado a Guatemala,Tierra de las Maravillas.\" \/>\n\t<meta name=\"robots\" content=\"max-snippet:-1, max-image-preview:large, max-video-preview:-1\" \/>\n\t<meta name=\"author\" content=\"Beatriz Tercero\"\/>\n\t<link rel=\"canonical\" href=\"https:\/\/soymigrante.com\/revista\/ya-viene-el-festival-de-las-flores-de-antigua-guatemala-2024\/\" \/>\n\t<meta name=\"generator\" content=\"All in One SEO Pro (AIOSEO) 4.9.6.2\" \/>\n\n\t\t<link rel=\"preconnect\" href=\"https:\/\/fonts.googleapis.com\" crossorigin>\n<link rel=\"preconnect\" href=\"https:\/\/fonts.gstatic.com\" crossorigin>\n\t\t<meta property=\"og:locale\" content=\"es_ES\" \/>\n\t\t<meta property=\"og:site_name\" content=\"SoyMigrante.com REVISTA \u2013 Nuestra misi\u00f3n es reconocer y dignificar al migrante.\" \/>\n\t\t<meta property=\"og:type\" content=\"article\" \/>\n\t\t<meta property=\"og:title\" content=\"El Festival de Flores de Antigua Guatemala te espera\" \/>\n\t\t<meta property=\"og:description\" content=\"La ciudad colonial de Antigua Guatemala celebra este 16 y 17 de noviembre el Festival de las Flores, dedicado a Guatemala,Tierra de las Maravillas.\" \/>\n\t\t<meta property=\"og:url\" content=\"https:\/\/soymigrante.com\/revista\/ya-viene-el-festival-de-las-flores-de-antigua-guatemala-2024\/\" \/>\n\t\t<meta property=\"og:image\" content=\"https:\/\/soymigrante.com\/revista\/wp-content\/uploads\/2024\/11\/festival-de-las-flores-antigua-guatemala.webp\" \/>\n\t\t<meta property=\"og:image:secure_url\" content=\"https:\/\/soymigrante.com\/revista\/wp-content\/uploads\/2024\/11\/festival-de-las-flores-antigua-guatemala.webp\" \/>\n\t\t<meta property=\"og:image:width\" content=\"1018\" \/>\n\t\t<meta property=\"og:image:height\" content=\"1018\" \/>\n\t\t<meta property=\"article:published_time\" content=\"2024-11-16T15:29:32+00:00\" \/>\n\t\t<meta property=\"article:modified_time\" content=\"2024-11-16T16:24:02+00:00\" \/>\n\t\t<meta property=\"article:publisher\" content=\"https:\/\/www.facebook.com\/soymigrantecom\" \/>\n\t\t<meta name=\"twitter:card\" content=\"summary_large_image\" \/>\n\t\t<meta name=\"twitter:site\" content=\"@SoyMigrante_com\" \/>\n\t\t<meta name=\"twitter:title\" content=\"El Festival de Flores de Antigua Guatemala te espera\" \/>\n\t\t<meta name=\"twitter:description\" content=\"La ciudad colonial de Antigua Guatemala celebra este 16 y 17 de noviembre el Festival de las Flores, dedicado a Guatemala,Tierra de las Maravillas.\" \/>\n\t\t<meta name=\"twitter:creator\" content=\"@SoyMigrante_com\" \/>\n\t\t<meta name=\"twitter:image\" content=\"https:\/\/soymigrante.com\/revista\/wp-content\/uploads\/2024\/11\/festival-de-las-flores-antigua-guatemala.webp\" \/>\n\t\t<!-- All in One SEO Pro -->\r\n\t\t<title>El Festival de Flores de Antigua Guatemala te espera<\/title>\n\n","aioseo_head_json":{"title":"El Festival de Flores de Antigua Guatemala te espera","description":"La ciudad colonial de Antigua Guatemala celebra este 16 y 17 de noviembre el Festival de las Flores, dedicado a Guatemala,Tierra de las Maravillas.","canonical_url":"https:\/\/soymigrante.com\/revista\/ya-viene-el-festival-de-las-flores-de-antigua-guatemala-2024\/","robots":"max-snippet:-1, max-image-preview:large, max-video-preview:-1","keywords":"","webmasterTools":{"miscellaneous":"&lt;link rel=\"preconnect\" href=\"https:\/\/fonts.googleapis.com\" crossorigin&gt;\n&lt;link rel=\"preconnect\" href=\"https:\/\/fonts.gstatic.com\" crossorigin&gt;"},"schema":null,"og:locale":"es_ES","og:site_name":"SoyMigrante.com REVISTA \u2013 Nuestra misi\u00f3n es reconocer y dignificar al migrante.","og:type":"article","og:title":"El Festival de Flores de Antigua Guatemala te espera","og:description":"La ciudad colonial de Antigua Guatemala celebra este 16 y 17 de noviembre el Festival de las Flores, dedicado a Guatemala,Tierra de las Maravillas.","og:url":"https:\/\/soymigrante.com\/revista\/ya-viene-el-festival-de-las-flores-de-antigua-guatemala-2024\/","og:image":"https:\/\/soymigrante.com\/revista\/wp-content\/uploads\/2024\/11\/festival-de-las-flores-antigua-guatemala.webp","og:image:secure_url":"https:\/\/soymigrante.com\/revista\/wp-content\/uploads\/2024\/11\/festival-de-las-flores-antigua-guatemala.webp","og:image:width":1018,"og:image:height":1018,"article:published_time":"2024-11-16T15:29:32+00:00","article:modified_time":"2024-11-16T16:24:02+00:00","article:publisher":"https:\/\/www.facebook.com\/soymigrantecom","twitter:card":"summary_large_image","twitter:site":"@SoyMigrante_com","twitter:title":"El Festival de Flores de Antigua Guatemala te espera","twitter:description":"La ciudad colonial de Antigua Guatemala celebra este 16 y 17 de noviembre el Festival de las Flores, dedicado a Guatemala,Tierra de las Maravillas.","twitter:creator":"@SoyMigrante_com","twitter:image":"https:\/\/soymigrante.com\/revista\/wp-content\/uploads\/2024\/11\/festival-de-las-flores-antigua-guatemala.webp"},"aioseo_meta_data":{"post_id":"30954","title":null,"description":null,"keywords":null,"keyphrases":{"focus":{"keyphrase":"Cactus","score":78,"analysis":{"keyphraseInTitle":{"score":9,"maxScore":9,"error":0},"keyphraseInDescription":{"score":9,"maxScore":9,"error":0},"keyphraseLength":{"score":9,"maxScore":9,"error":0,"length":1},"keyphraseInURL":{"score":5,"maxScore":5,"error":0},"keyphraseInIntroduction":{"score":9,"maxScore":9,"error":0},"keyphraseInSubHeadings":{"score":3,"maxScore":9,"error":1},"keyphraseInImageAlt":{"score":9,"maxScore":9,"error":0},"keywordDensity":{"type":"high","score":0,"maxScore":9,"error":1}}},"additional":[{"keyphrase":"Cactus","score":80,"analysis":{"keyphraseInDescription":{"score":9,"maxScore":9,"error":0},"keyphraseLength":{"score":9,"maxScore":9,"error":0,"length":1},"keyphraseInIntroduction":{"score":9,"maxScore":9,"error":0},"keyphraseInImageAlt":{"score":9,"maxScore":9,"error":0},"keywordDensity":{"type":"high","score":0,"maxScore":9,"error":1}}}]},"primary_term":null,"canonical_url":null,"og_title":null,"og_description":null,"og_object_type":"default","og_image_type":"default","og_image_url":null,"og_image_width":null,"og_image_height":null,"og_image_custom_url":null,"og_image_custom_fields":null,"og_video":"","og_custom_url":null,"og_article_section":null,"og_article_tags":null,"twitter_use_og":false,"twitter_card":"default","twitter_image_type":"default","twitter_image_url":null,"twitter_image_custom_url":null,"twitter_image_custom_fields":null,"twitter_title":null,"twitter_description":null,"schema":{"blockGraphs":[],"customGraphs":[],"default":{"data":{"Article":[],"Course":[],"Dataset":[],"FAQPage":[],"Movie":[],"Person":[],"Product":[],"ProductReview":[],"Car":[],"Recipe":[],"Service":[],"SoftwareApplication":[],"WebPage":[]},"graphName":"none","isEnabled":true},"graphs":[]},"schema_type":"default","schema_type_options":null,"pillar_content":false,"robots_default":true,"robots_noindex":false,"robots_noarchive":false,"robots_nosnippet":false,"robots_nofollow":false,"robots_noimageindex":false,"robots_noodp":false,"robots_notranslate":false,"robots_max_snippet":"-1","robots_max_videopreview":"-1","robots_max_imagepreview":"large","priority":null,"frequency":"default","local_seo":null,"seo_analyzer_scan_date":"2025-10-09 04:21:35","breadcrumb_settings":null,"limit_modified_date":false,"reviewed_by":null,"open_ai":"{\"title\":{\"suggestions\":[],\"usage\":0},\"description\":{\"suggestions\":[],\"usage\":0}}","ai":null,"created":"2025-04-14 19:23:37","updated":"2026-02-04 22:58:22"},"aioseo_breadcrumb":"<div class=\"aioseo-breadcrumbs\"><span class=\"aioseo-breadcrumb\">\n\t<a href=\"https:\/\/soymigrante.com\/revista\" title=\"Home\">Home<\/a>\n<\/span><span class=\"aioseo-breadcrumb-separator\">\u00bb<\/span><span class=\"aioseo-breadcrumb\">\n\t<a href=\"https:\/\/soymigrante.com\/revista\/category\/bienestar\/\" title=\"Bienestar\">Bienestar<\/a>\n<\/span><span class=\"aioseo-breadcrumb-separator\">\u00bb<\/span><span class=\"aioseo-breadcrumb\">\n\t\u00bfCactus en la casa? Variedades, cuidados y precauciones\n<\/span><\/div>","aioseo_breadcrumb_json":[{"label":"Home","link":"https:\/\/soymigrante.com\/revista"},{"label":"Bienestar","link":"https:\/\/soymigrante.com\/revista\/category\/bienestar\/"},{"label":"\u00bfCactus en la casa? Variedades, cuidados y precauciones","link":"https:\/\/soymigrante.com\/revista\/cactus-en-la-casa-variedades-cuidados-y-precauciones\/"}],"_links":{"self":[{"href":"https:\/\/soymigrante.com\/revista\/wp-json\/wp\/v2\/posts\/30954","targetHints":{"allow":["GET"]}}],"collection":[{"href":"https:\/\/soymigrante.com\/revista\/wp-json\/wp\/v2\/posts"}],"about":[{"href":"https:\/\/soymigrante.com\/revista\/wp-json\/wp\/v2\/types\/post"}],"author":[{"embeddable":true,"href":"https:\/\/soymigrante.com\/revista\/wp-json\/wp\/v2\/users\/19"}],"replies":[{"embeddable":true,"href":"https:\/\/soymigrante.com\/revista\/wp-json\/wp\/v2\/comments?post=30954"}],"version-history":[{"count":18,"href":"https:\/\/soymigrante.com\/revista\/wp-json\/wp\/v2\/posts\/30954\/revisions"}],"predecessor-version":[{"id":31289,"href":"https:\/\/soymigrante.com\/revista\/wp-json\/wp\/v2\/posts\/30954\/revisions\/31289"}],"wp:featuredmedia":[{"embeddable":true,"href":"https:\/\/soymigrante.com\/revista\/wp-json\/wp\/v2\/media\/31061"}],"wp:attachment":[{"href":"https:\/\/soymigrante.com\/revista\/wp-json\/wp\/v2\/media?parent=30954"}],"wp:term":[{"taxonomy":"category","embeddable":true,"href":"https:\/\/soymigrante.com\/revista\/wp-json\/wp\/v2\/categories?post=30954"},{"taxonomy":"post_tag","embeddable":true,"href":"https:\/\/soymigrante.com\/revista\/wp-json\/wp\/v2\/tags?post=30954"}],"curies":[{"name":"wp","href":"https:\/\/api.w.org\/{rel}","templated":true}]}}