{"id":3091,"date":"2023-10-30T11:30:03","date_gmt":"2023-10-30T17:30:03","guid":{"rendered":"https:\/\/soymigrante.com\/revista\/?p=3091"},"modified":"2024-11-01T06:31:16","modified_gmt":"2024-11-01T12:31:16","slug":"migrante-guatemalteca-juana-lopez-ingenio-del-sabor-chapin","status":"publish","type":"post","link":"https:\/\/soymigrante.com\/revista\/migrante-guatemalteca-juana-lopez-ingenio-del-sabor-chapin\/","title":{"rendered":"La migrante Juana L\u00f3pez y el dulce sabor de una familia unida"},"content":{"rendered":"\t\t<div data-elementor-type=\"wp-post\" data-elementor-id=\"3091\" class=\"elementor elementor-3091\" data-elementor-post-type=\"post\">\n\t\t\t\t\t\t<section data-particle_enable=\"false\" data-particle-mobile-disabled=\"false\" class=\"elementor-section elementor-top-section elementor-element elementor-element-6318df6 elementor-section-boxed elementor-section-height-default elementor-section-height-default\" data-id=\"6318df6\" data-element_type=\"section\" data-e-type=\"section\">\n\t\t\t\t\t\t<div class=\"elementor-container elementor-column-gap-default\">\n\t\t\t\t\t<div class=\"elementor-column elementor-col-100 elementor-top-column elementor-element elementor-element-bb6655f\" data-id=\"bb6655f\" data-element_type=\"column\" data-e-type=\"column\">\n\t\t\t<div class=\"elementor-widget-wrap elementor-element-populated\">\n\t\t\t\t\t\t<div class=\"elementor-element elementor-element-dbfcc5f elementor-widget elementor-widget-heading\" data-id=\"dbfcc5f\" data-element_type=\"widget\" data-e-type=\"widget\" data-widget_type=\"heading.default\">\n\t\t\t\t\t<h1 class=\"elementor-heading-title elementor-size-default\">Juana L\u00f3pez S\u00e1nchez originaria de Concepci\u00f3n Chiquirichapa, Quetzaltenango, Guatemala  migr\u00f3 a Estados Unidos en 2004 para encontrar una oportunidad. Es madre de cuatro hijos y emprendedora.   Bethania Eben-Ezer ofrece atoles, panes y otras delicias guatemaltecas.<\/h1>\t\t\t\t<\/div>\n\t\t\t\t\t<\/div>\n\t\t<\/div>\n\t\t\t\t\t<\/div>\n\t\t<\/section>\n\t\t\t\t<section data-particle_enable=\"false\" data-particle-mobile-disabled=\"false\" class=\"elementor-section elementor-top-section elementor-element elementor-element-af24303 elementor-section-boxed elementor-section-height-default elementor-section-height-default\" data-id=\"af24303\" data-element_type=\"section\" data-e-type=\"section\">\n\t\t\t\t\t\t<div class=\"elementor-container elementor-column-gap-default\">\n\t\t\t\t\t<div class=\"elementor-column elementor-col-100 elementor-top-column elementor-element elementor-element-c521dc8\" data-id=\"c521dc8\" data-element_type=\"column\" data-e-type=\"column\">\n\t\t\t<div class=\"elementor-widget-wrap elementor-element-populated\">\n\t\t\t\t\t\t<div class=\"elementor-element elementor-element-1e1138d elementor-widget elementor-widget-image\" data-id=\"1e1138d\" data-element_type=\"widget\" data-e-type=\"widget\" data-widget_type=\"image.default\">\n\t\t\t\t\t\t\t\t\t\t\t\t<figure class=\"wp-caption\">\n\t\t\t\t\t\t\t\t\t\t<img fetchpriority=\"high\" decoding=\"async\" width=\"768\" height=\"432\" src=\"https:\/\/soymigrante.com\/revista\/wp-content\/uploads\/2023\/10\/Juanita-Lopez-aprendio-a-cocinar-cuando-llego-a-Estados-Unidos-1024x576.webp\" class=\"attachment-large size-large wp-image-3093\" alt=\"Juanita L\u00f3pez aprendi\u00f3 a cocinar cuando lleg\u00f3 a Estados Unidos\" srcset=\"https:\/\/soymigrante.com\/revista\/wp-content\/uploads\/2023\/10\/Juanita-Lopez-aprendio-a-cocinar-cuando-llego-a-Estados-Unidos-1024x576.webp 1024w, https:\/\/soymigrante.com\/revista\/wp-content\/uploads\/2023\/10\/Juanita-Lopez-aprendio-a-cocinar-cuando-llego-a-Estados-Unidos-768x432.webp 768w, https:\/\/soymigrante.com\/revista\/wp-content\/uploads\/2023\/10\/Juanita-Lopez-aprendio-a-cocinar-cuando-llego-a-Estados-Unidos-1536x864.webp 1536w, https:\/\/soymigrante.com\/revista\/wp-content\/uploads\/2023\/10\/Juanita-Lopez-aprendio-a-cocinar-cuando-llego-a-Estados-Unidos-750x422.webp 750w, https:\/\/soymigrante.com\/revista\/wp-content\/uploads\/2023\/10\/Juanita-Lopez-aprendio-a-cocinar-cuando-llego-a-Estados-Unidos-1140x641.webp 1140w\" sizes=\"(max-width: 768px) 100vw, 768px\" title=\"Juanita L\u00f3pez aprendi\u00f3 a cocinar cuando lleg\u00f3 a Estados Unidos \u2013 SoyMigrante.com REVISTA\" \/>\t\t\t\t\t\t\t\t\t\t\t<figcaption class=\"widget-image-caption wp-caption-text\">Juanita L\u00f3pez aprendi\u00f3 a cocinar cuando lleg\u00f3 a Estados Unidos<\/figcaption>\n\t\t\t\t\t\t\t\t\t\t<\/figure>\n\t\t\t\t\t\t\t\t\t<\/div>\n\t\t\t\t\t<\/div>\n\t\t<\/div>\n\t\t\t\t\t<\/div>\n\t\t<\/section>\n\t\t\t\t<section data-particle_enable=\"false\" data-particle-mobile-disabled=\"false\" class=\"elementor-section elementor-top-section elementor-element elementor-element-a95cb79 elementor-section-boxed elementor-section-height-default elementor-section-height-default\" data-id=\"a95cb79\" data-element_type=\"section\" data-e-type=\"section\">\n\t\t\t\t\t\t<div class=\"elementor-container elementor-column-gap-default\">\n\t\t\t\t\t<div class=\"elementor-column elementor-col-100 elementor-top-column elementor-element elementor-element-f5ad365\" data-id=\"f5ad365\" data-element_type=\"column\" data-e-type=\"column\">\n\t\t\t<div class=\"elementor-widget-wrap elementor-element-populated\">\n\t\t\t\t\t\t<div class=\"elementor-element elementor-element-5282c03 elementor-widget elementor-widget-text-editor\" data-id=\"5282c03\" data-element_type=\"widget\" data-e-type=\"widget\" data-widget_type=\"text-editor.default\">\n\t\t\t\t\t\t\t\t\t<p><span style=\"font-weight: 400;\">La migrante guatemalteca Juana L\u00f3pez S\u00e1nchez emprendi\u00f3 su negocio de panes, atoles y antojitos guatemaltecos en Arlington, Virginia,\u00a0 tras haberse quedado sin trabajo durante la pandemia por el coronavirus del a\u00f1o 2020.\u00a0 Originaria de Concepci\u00f3n Chiquirichapa, Quetzaltenango, ten\u00eda el sabor en sus manos y tambi\u00e9n una soluci\u00f3n para salir adelante.<\/span><\/p><p><span style=\"font-weight: 400;\">\u201cTodos en la familia nos quedamos sin trabajo. Ten\u00edamos que hacer algo. Se nos ocurri\u00f3 preparar y vender pan a compa\u00f1eros y vecinos\u201d, cuenta la migrante quetzalteca. Las redes sociales fueron la herramienta principal para ofrecer aquellos antojos. No sab\u00edan si iba a funcionar o no.<\/span><\/p><p><span style=\"font-weight: 400;\">Desde\u00a0 Juana y su familia comparten sabor, nostalgia y tradici\u00f3n con la comunidad guatemalteca migrante. \u201cRealizamos entregas a domicilio desde el inicio y poco a poco empezamos a crecer\u201d, cuenta. As\u00ed lograron el ingreso b\u00e1sico para pagar la renta y necesidades b\u00e1sicas durante crisis del covid 19.<\/span><\/p><p><span style=\"font-weight: 400;\">Actualmente contin\u00faan con el negocio familiar y dedican los fines de semana para atenderlo. Juana se encarga de cocinar tamales, atol de elote, atol de such, chuchitos, platillos como chicharrones y ceviches de camar\u00f3n. Por otro lado, su esposo se encarga de adquirir los panes en una distribuidora, mientras sus hijos apoyan en la toma de pedidos y empaque.\u00a0<\/span><\/p><p><span style=\"font-weight: 400;\">\u201cCuando las personas prueban por primera vez siempre regresan, por eso sabemos que es producto de calidad\u201d agreg\u00f3 Juana L\u00f3pez. Su proyecto a futuro es obtener un local y establecerse para brindar un mejor servicio. Juan Tomas esposo de Juana se dedica a realizar las entregas y vende en su veh\u00edculo los panes, mientras Juana en su hogar vende antojitos para llevar.<\/span><\/p><p><span style=\"font-weight: 400;\">Juana aprendi\u00f3 a cocinar cuando lleg\u00f3 a Estados Unidos con la ayuda de compa\u00f1eros de trabajo y videos de redes sociales \u201cNo me conforme, hasta que me sal\u00eda la receta, ve\u00eda videos en Facebook y YouTube as\u00ed aprend\u00ed a cocinar. Tambi\u00e9n mi familia que siempre est\u00e1 ah\u00ed para apoyarme y motivarme\u201d agreg\u00f3 Juana L\u00f3pez.<\/span><\/p><p><span style=\"font-weight: 400;\">Quesadillas de elote, pan franc\u00e9s, dulce, tostadas, champurradas, cubitos molletes, xecas y otros panes son los m\u00e1s solicitados por locales e inmigrantes, los pedidos se toman por medio de redes sociales y entregas a domicilio en el estado de Arlington Virginia Estados Unidos.<\/span><\/p><p>\u00a0<\/p>\t\t\t\t\t\t\t\t<\/div>\n\t\t\t\t\t<\/div>\n\t\t<\/div>\n\t\t\t\t\t<\/div>\n\t\t<\/section>\n\t\t\t\t<section data-particle_enable=\"false\" data-particle-mobile-disabled=\"false\" class=\"elementor-section elementor-top-section elementor-element elementor-element-8efea2e elementor-section-boxed elementor-section-height-default elementor-section-height-default\" data-id=\"8efea2e\" data-element_type=\"section\" data-e-type=\"section\">\n\t\t\t\t\t\t<div class=\"elementor-container elementor-column-gap-default\">\n\t\t\t\t\t<div class=\"elementor-column elementor-col-100 elementor-top-column elementor-element elementor-element-36783d5\" data-id=\"36783d5\" data-element_type=\"column\" data-e-type=\"column\">\n\t\t\t<div class=\"elementor-widget-wrap elementor-element-populated\">\n\t\t\t\t\t\t<div class=\"elementor-element elementor-element-3043ca8 elementor-widget elementor-widget-heading\" data-id=\"3043ca8\" data-element_type=\"widget\" data-e-type=\"widget\" data-widget_type=\"heading.default\">\n\t\t\t\t\t<h2 class=\"elementor-heading-title elementor-size-default\">Algo del men\u00fa: \u00bfQu\u00e9 se te antoja?<\/h2>\t\t\t\t<\/div>\n\t\t\t\t\t<\/div>\n\t\t<\/div>\n\t\t\t\t\t<\/div>\n\t\t<\/section>\n\t\t\t\t<section data-particle_enable=\"false\" data-particle-mobile-disabled=\"false\" class=\"elementor-section elementor-top-section elementor-element elementor-element-e8b0b00 elementor-section-boxed elementor-section-height-default elementor-section-height-default\" data-id=\"e8b0b00\" data-element_type=\"section\" data-e-type=\"section\">\n\t\t\t\t\t\t<div class=\"elementor-container elementor-column-gap-default\">\n\t\t\t\t\t<div class=\"elementor-column elementor-col-100 elementor-top-column elementor-element elementor-element-f332a09\" data-id=\"f332a09\" data-element_type=\"column\" data-e-type=\"column\">\n\t\t\t<div class=\"elementor-widget-wrap elementor-element-populated\">\n\t\t\t\t\t\t<div class=\"elementor-element elementor-element-96f047f elementor-arrows-position-inside elementor-pagination-position-outside elementor-invisible elementor-widget elementor-widget-image-carousel\" data-id=\"96f047f\" data-element_type=\"widget\" data-e-type=\"widget\" data-settings=\"{&quot;slides_to_show&quot;:&quot;1&quot;,&quot;_animation&quot;:&quot;rotateInDownRight&quot;,&quot;navigation&quot;:&quot;both&quot;,&quot;autoplay&quot;:&quot;yes&quot;,&quot;pause_on_hover&quot;:&quot;yes&quot;,&quot;pause_on_interaction&quot;:&quot;yes&quot;,&quot;autoplay_speed&quot;:5000,&quot;infinite&quot;:&quot;yes&quot;,&quot;effect&quot;:&quot;slide&quot;,&quot;speed&quot;:500}\" data-widget_type=\"image-carousel.default\">\n\t\t\t\t\t\t\t<div class=\"elementor-image-carousel-wrapper swiper\" role=\"region\" aria-roledescription=\"carousel\" aria-label=\"Carrusel de im\u00e1genes\" dir=\"ltr\">\n\t\t\t<div class=\"elementor-image-carousel swiper-wrapper\" aria-live=\"off\">\n\t\t\t\t\t\t\t\t<div class=\"swiper-slide\" role=\"group\" aria-roledescription=\"slide\" aria-label=\"1 de 11\"><figure class=\"swiper-slide-inner\"><img decoding=\"async\" class=\"swiper-slide-image\" src=\"https:\/\/soymigrante.com\/revista\/wp-content\/uploads\/2023\/10\/Quesadillas-de-elote--768x768.webp\" alt=\"Quesadillas de elote\" \/><figcaption class=\"elementor-image-carousel-caption\">Quesadillas de elote<\/figcaption><\/figure><\/div><div class=\"swiper-slide\" role=\"group\" aria-roledescription=\"slide\" aria-label=\"2 de 11\"><figure class=\"swiper-slide-inner\"><img decoding=\"async\" class=\"swiper-slide-image\" src=\"https:\/\/soymigrante.com\/revista\/wp-content\/uploads\/2023\/10\/Variedad-de-panes-cubitos-tostadas-y-dulce-768x768.webp\" alt=\"Variedad de panes; cubitos, tostadas y dulce\" \/><figcaption class=\"elementor-image-carousel-caption\">Variedad de panes; cubitos, tostadas y dulce<\/figcaption><\/figure><\/div><div class=\"swiper-slide\" role=\"group\" aria-roledescription=\"slide\" aria-label=\"3 de 11\"><figure class=\"swiper-slide-inner\"><img decoding=\"async\" class=\"swiper-slide-image\" src=\"https:\/\/soymigrante.com\/revista\/wp-content\/uploads\/2023\/10\/Variedad-de-panes-grandes-y-chiquitos-xecas-molletes-768x768.webp\" alt=\"Variedad de panes grandes y chiquitos, xecas, molletes\" \/><figcaption class=\"elementor-image-carousel-caption\">Variedad de panes grandes y chiquitos, xecas, molletes<\/figcaption><\/figure><\/div><div class=\"swiper-slide\" role=\"group\" aria-roledescription=\"slide\" aria-label=\"4 de 11\"><figure class=\"swiper-slide-inner\"><img decoding=\"async\" class=\"swiper-slide-image\" src=\"https:\/\/soymigrante.com\/revista\/wp-content\/uploads\/2023\/10\/Cortadas--768x768.webp\" alt=\"Pan Cortado\" \/><figcaption class=\"elementor-image-carousel-caption\">Pan Cortado <\/figcaption><\/figure><\/div><div class=\"swiper-slide\" role=\"group\" aria-roledescription=\"slide\" aria-label=\"5 de 11\"><figure class=\"swiper-slide-inner\"><img decoding=\"async\" class=\"swiper-slide-image\" src=\"https:\/\/soymigrante.com\/revista\/wp-content\/uploads\/2023\/10\/Chuchito-de-masa-negra--768x768.webp\" alt=\"Chuchito de masa negra\" \/><figcaption class=\"elementor-image-carousel-caption\">Chuchito de masa negra<\/figcaption><\/figure><\/div><div class=\"swiper-slide\" role=\"group\" aria-roledescription=\"slide\" aria-label=\"6 de 11\"><figure class=\"swiper-slide-inner\"><img decoding=\"async\" class=\"swiper-slide-image\" src=\"https:\/\/soymigrante.com\/revista\/wp-content\/uploads\/2023\/10\/Tamales-de-arroz-con-pan-frances--768x768.webp\" alt=\"Tamales de arroz con pan franc\u00e9s\" \/><figcaption class=\"elementor-image-carousel-caption\">Tamales de arroz con pan franc\u00e9s<\/figcaption><\/figure><\/div><div class=\"swiper-slide\" role=\"group\" aria-roledescription=\"slide\" aria-label=\"7 de 11\"><figure class=\"swiper-slide-inner\"><img decoding=\"async\" class=\"swiper-slide-image\" src=\"https:\/\/soymigrante.com\/revista\/wp-content\/uploads\/2023\/10\/Preparacion-tamales-de-arroz--768x768.webp\" alt=\"Preparaci\u00f3n tamales de arroz\" \/><figcaption class=\"elementor-image-carousel-caption\">Preparaci\u00f3n tamales de arroz<\/figcaption><\/figure><\/div><div class=\"swiper-slide\" role=\"group\" aria-roledescription=\"slide\" aria-label=\"8 de 11\"><figure class=\"swiper-slide-inner\"><img decoding=\"async\" class=\"swiper-slide-image\" src=\"https:\/\/soymigrante.com\/revista\/wp-content\/uploads\/2023\/10\/Atol-de-elote--768x768.webp\" alt=\"Atol de elote\" \/><figcaption class=\"elementor-image-carousel-caption\">Atol de elote<\/figcaption><\/figure><\/div><div class=\"swiper-slide\" role=\"group\" aria-roledescription=\"slide\" aria-label=\"9 de 11\"><figure class=\"swiper-slide-inner\"><img decoding=\"async\" class=\"swiper-slide-image\" src=\"https:\/\/soymigrante.com\/revista\/wp-content\/uploads\/2023\/10\/Atol-de-such--768x768.webp\" alt=\"Atol de such\" \/><figcaption class=\"elementor-image-carousel-caption\">Atol de such<\/figcaption><\/figure><\/div><div class=\"swiper-slide\" role=\"group\" aria-roledescription=\"slide\" aria-label=\"10 de 11\"><figure class=\"swiper-slide-inner\"><img decoding=\"async\" class=\"swiper-slide-image\" src=\"https:\/\/soymigrante.com\/revista\/wp-content\/uploads\/2023\/10\/Chicharrones-crijientes-768x768.webp\" alt=\"Chicharrones crujientes\" \/><figcaption class=\"elementor-image-carousel-caption\">Chicharrones crujientes<\/figcaption><\/figure><\/div><div class=\"swiper-slide\" role=\"group\" aria-roledescription=\"slide\" aria-label=\"11 de 11\"><figure class=\"swiper-slide-inner\"><img decoding=\"async\" class=\"swiper-slide-image\" src=\"https:\/\/soymigrante.com\/revista\/wp-content\/uploads\/2023\/10\/Tradicional-ceviche-guatemalteco-de-camaron-768x768.webp\" alt=\"Quesadillas de elote\" \/><figcaption class=\"elementor-image-carousel-caption\">Quesadillas de elote<\/figcaption><\/figure><\/div>\t\t\t<\/div>\n\t\t\t\t\t\t\t\t\t\t\t\t<div class=\"elementor-swiper-button elementor-swiper-button-prev\" role=\"button\" tabindex=\"0\">\n\t\t\t\t\t\t<i aria-hidden=\"true\" class=\"eicon-chevron-left\"><\/i>\t\t\t\t\t<\/div>\n\t\t\t\t\t<div class=\"elementor-swiper-button elementor-swiper-button-next\" role=\"button\" tabindex=\"0\">\n\t\t\t\t\t\t<i aria-hidden=\"true\" class=\"eicon-chevron-right\"><\/i>\t\t\t\t\t<\/div>\n\t\t\t\t\n\t\t\t\t\t\t\t\t\t<div class=\"swiper-pagination\"><\/div>\n\t\t\t\t\t\t\t\t\t<\/div>\n\t\t\t\t\t\t<\/div>\n\t\t\t\t\t<\/div>\n\t\t<\/div>\n\t\t\t\t\t<\/div>\n\t\t<\/section>\n\t\t\t\t<section data-particle_enable=\"false\" data-particle-mobile-disabled=\"false\" class=\"elementor-section elementor-top-section elementor-element elementor-element-11048f1 elementor-section-boxed elementor-section-height-default elementor-section-height-default\" data-id=\"11048f1\" data-element_type=\"section\" data-e-type=\"section\">\n\t\t\t\t\t\t<div class=\"elementor-container elementor-column-gap-default\">\n\t\t\t\t\t<div class=\"elementor-column elementor-col-100 elementor-top-column elementor-element elementor-element-54ea700\" data-id=\"54ea700\" data-element_type=\"column\" data-e-type=\"column\">\n\t\t\t<div class=\"elementor-widget-wrap elementor-element-populated\">\n\t\t\t\t\t\t<div class=\"elementor-element elementor-element-ff120a2 elementor-widget elementor-widget-heading\" data-id=\"ff120a2\" data-element_type=\"widget\" data-e-type=\"widget\" data-widget_type=\"heading.default\">\n\t\t\t\t\t<h2 class=\"elementor-heading-title elementor-size-default\">Experiencia y m\u00e1s aprendizaje<\/h2>\t\t\t\t<\/div>\n\t\t\t\t\t<\/div>\n\t\t<\/div>\n\t\t\t\t\t<\/div>\n\t\t<\/section>\n\t\t\t\t<section data-particle_enable=\"false\" data-particle-mobile-disabled=\"false\" class=\"elementor-section elementor-top-section elementor-element elementor-element-1bd5313 elementor-section-boxed elementor-section-height-default elementor-section-height-default\" data-id=\"1bd5313\" data-element_type=\"section\" data-e-type=\"section\">\n\t\t\t\t\t\t<div class=\"elementor-container elementor-column-gap-default\">\n\t\t\t\t\t<div class=\"elementor-column elementor-col-100 elementor-top-column elementor-element elementor-element-61af6dc\" data-id=\"61af6dc\" data-element_type=\"column\" data-e-type=\"column\">\n\t\t\t<div class=\"elementor-widget-wrap elementor-element-populated\">\n\t\t\t\t\t\t<div class=\"elementor-element elementor-element-1a006b2 elementor-widget elementor-widget-text-editor\" data-id=\"1a006b2\" data-element_type=\"widget\" data-e-type=\"widget\" data-widget_type=\"text-editor.default\">\n\t\t\t\t\t\t\t\t\t<p><span style=\"background-color: var(--ak-bg-color);\">Aunque cada integrante de la familia tiene su empleo, todos aportan al emprendimiento familiar. Juana se encarga de cocinar tamales, atol de elote, atol de such, chuchitos,\u00a0 chicharrones y ceviches de camar\u00f3n. Su esposo se encarga de adquirir los panes en una distribuidora guatemalteca, mientras sus hijos apoyan en la toma de pedidos y empaque.\u00a0<\/span><\/p><p><span style=\"color: var( --e-global-color-text ); background-color: var(--ak-bg-color);\">\u201cCuando las personas prueban por primera vez siempre regresan, por eso sabemos que es producto de calidad\u201d cuenta Juana L\u00f3pez. Su proyecto a futuro es obtener un local y establecerse para brindar un mejor servicio. Juan Tomas esposo de Juana se dedica a realizar las entregas y vende en su veh\u00edculo los panes, mientras Juana en su hogar vende antojitos para llevar.<\/span><\/p><p><span style=\"background-color: var(--ak-bg-color); color: var( --e-global-color-text );\">Juana trabaj\u00f3 en cocinas de restaurante a su llegada a Estados Unidos. Aprendi\u00f3\u00a0 entonces y lo sigue haciendo a trav\u00e9s de redes sociales. \u201cNo me conform\u00e9, hasta que me sal\u00eda la receta. Ve\u00eda videos en Facebook y YouTube as\u00ed aprend\u00ed a cocinar\u201d agrega la migrante.\u00a0<\/span><\/p><p>Quesadillas de elote, pan franc\u00e9s, dulce, tostadas, champurradas, cubitos molletes, xecas y otros panes son los m\u00e1s solicitados por locales e inmigrantes, los pedidos se toman por medio de redes sociales y entregas a domicilio en el estado de Arlington Virginia Estados Unidos.l<\/p>\t\t\t\t\t\t\t\t<\/div>\n\t\t\t\t\t<\/div>\n\t\t<\/div>\n\t\t\t\t\t<\/div>\n\t\t<\/section>\n\t\t\t\t<section data-particle_enable=\"false\" data-particle-mobile-disabled=\"false\" class=\"elementor-section elementor-top-section elementor-element elementor-element-63fb8b9 elementor-section-boxed elementor-section-height-default elementor-section-height-default\" data-id=\"63fb8b9\" data-element_type=\"section\" data-e-type=\"section\">\n\t\t\t\t\t\t<div class=\"elementor-container elementor-column-gap-default\">\n\t\t\t\t\t<div class=\"elementor-column elementor-col-100 elementor-top-column elementor-element elementor-element-2360779\" data-id=\"2360779\" data-element_type=\"column\" data-e-type=\"column\">\n\t\t\t<div class=\"elementor-widget-wrap elementor-element-populated\">\n\t\t\t\t\t\t<div class=\"elementor-element elementor-element-8049db3 elementor-widget elementor-widget-image\" data-id=\"8049db3\" data-element_type=\"widget\" data-e-type=\"widget\" data-widget_type=\"image.default\">\n\t\t\t\t\t\t\t\t\t\t\t\t<figure class=\"wp-caption\">\n\t\t\t\t\t\t\t\t\t\t<img decoding=\"async\" width=\"768\" height=\"768\" src=\"https:\/\/soymigrante.com\/revista\/wp-content\/uploads\/2023\/10\/Despues-de-varios-anos-han-logrado-reunificarse-sus-hijos-trabajan-y-estudian-mientras-apoyan-los-fines-de-semana-en-el-negocio-familiar-el-hijo-mayo-de-Juana-se-graduo-de-la-universidad-en-Guatemala-1024x1024.webp\" class=\"attachment-large size-large wp-image-3105\" alt=\"Despu\u00e9s de varios a\u00f1os han logrado reunificarse, sus hijos trabajan y estudian mientras apoyan los fines de semana en el negocio familiar, el hijo mayo de Juana se gradu\u00f3 de la universidad en Guatemala\" srcset=\"https:\/\/soymigrante.com\/revista\/wp-content\/uploads\/2023\/10\/Despues-de-varios-anos-han-logrado-reunificarse-sus-hijos-trabajan-y-estudian-mientras-apoyan-los-fines-de-semana-en-el-negocio-familiar-el-hijo-mayo-de-Juana-se-graduo-de-la-universidad-en-Guatemala-1024x1024.webp 1024w, https:\/\/soymigrante.com\/revista\/wp-content\/uploads\/2023\/10\/Despues-de-varios-anos-han-logrado-reunificarse-sus-hijos-trabajan-y-estudian-mientras-apoyan-los-fines-de-semana-en-el-negocio-familiar-el-hijo-mayo-de-Juana-se-graduo-de-la-universidad-en-Guatemala-300x300.webp 300w, https:\/\/soymigrante.com\/revista\/wp-content\/uploads\/2023\/10\/Despues-de-varios-anos-han-logrado-reunificarse-sus-hijos-trabajan-y-estudian-mientras-apoyan-los-fines-de-semana-en-el-negocio-familiar-el-hijo-mayo-de-Juana-se-graduo-de-la-universidad-en-Guatemala-150x150.webp 150w, https:\/\/soymigrante.com\/revista\/wp-content\/uploads\/2023\/10\/Despues-de-varios-anos-han-logrado-reunificarse-sus-hijos-trabajan-y-estudian-mientras-apoyan-los-fines-de-semana-en-el-negocio-familiar-el-hijo-mayo-de-Juana-se-graduo-de-la-universidad-en-Guatemala-768x768.webp 768w, https:\/\/soymigrante.com\/revista\/wp-content\/uploads\/2023\/10\/Despues-de-varios-anos-han-logrado-reunificarse-sus-hijos-trabajan-y-estudian-mientras-apoyan-los-fines-de-semana-en-el-negocio-familiar-el-hijo-mayo-de-Juana-se-graduo-de-la-universidad-en-Guatemala-1536x1536.webp 1536w, https:\/\/soymigrante.com\/revista\/wp-content\/uploads\/2023\/10\/Despues-de-varios-anos-han-logrado-reunificarse-sus-hijos-trabajan-y-estudian-mientras-apoyan-los-fines-de-semana-en-el-negocio-familiar-el-hijo-mayo-de-Juana-se-graduo-de-la-universidad-en-Guatemala-scaled.webp 1920w, https:\/\/soymigrante.com\/revista\/wp-content\/uploads\/2023\/10\/Despues-de-varios-anos-han-logrado-reunificarse-sus-hijos-trabajan-y-estudian-mientras-apoyan-los-fines-de-semana-en-el-negocio-familiar-el-hijo-mayo-de-Juana-se-graduo-de-la-universidad-en-Guatemala-75x75.webp 75w, https:\/\/soymigrante.com\/revista\/wp-content\/uploads\/2023\/10\/Despues-de-varios-anos-han-logrado-reunificarse-sus-hijos-trabajan-y-estudian-mientras-apoyan-los-fines-de-semana-en-el-negocio-familiar-el-hijo-mayo-de-Juana-se-graduo-de-la-universidad-en-Guatemala-750x750.webp 750w, https:\/\/soymigrante.com\/revista\/wp-content\/uploads\/2023\/10\/Despues-de-varios-anos-han-logrado-reunificarse-sus-hijos-trabajan-y-estudian-mientras-apoyan-los-fines-de-semana-en-el-negocio-familiar-el-hijo-mayo-de-Juana-se-graduo-de-la-universidad-en-Guatemala-1140x1140.webp 1140w, https:\/\/soymigrante.com\/revista\/wp-content\/uploads\/2023\/10\/Despues-de-varios-anos-han-logrado-reunificarse-sus-hijos-trabajan-y-estudian-mientras-apoyan-los-fines-de-semana-en-el-negocio-familiar-el-hijo-mayo-de-Juana-se-graduo-de-la-universidad-en-Guatemala-600x600.webp 600w\" sizes=\"(max-width: 768px) 100vw, 768px\" title=\"Despu\u00e9s de varios a\u00f1os han logrado reunificarse, sus hijos trabajan y estudian mientras apoyan los fines de semana en el negocio familiar, el hijo mayo de Juana se gradu\u00f3 de la universidad en Guatemala \u2013 SoyMigrante.com REVISTA\" \/>\t\t\t\t\t\t\t\t\t\t\t<figcaption class=\"widget-image-caption wp-caption-text\">Despu\u00e9s de varios a\u00f1os han logrado reunificarse, sus hijos trabajan y estudian mientras apoyan los fines de semana en el negocio familiar, el hijo mayo de Juana se gradu\u00f3 de la universidad en Guatemala<\/figcaption>\n\t\t\t\t\t\t\t\t\t\t<\/figure>\n\t\t\t\t\t\t\t\t\t<\/div>\n\t\t\t\t\t<\/div>\n\t\t<\/div>\n\t\t\t\t\t<\/div>\n\t\t<\/section>\n\t\t\t\t<section data-particle_enable=\"false\" data-particle-mobile-disabled=\"false\" class=\"elementor-section elementor-top-section elementor-element elementor-element-c882525 elementor-section-boxed elementor-section-height-default elementor-section-height-default\" data-id=\"c882525\" data-element_type=\"section\" data-e-type=\"section\">\n\t\t\t\t\t\t<div class=\"elementor-container elementor-column-gap-default\">\n\t\t\t\t\t<div class=\"elementor-column elementor-col-100 elementor-top-column elementor-element elementor-element-83d61a1\" data-id=\"83d61a1\" data-element_type=\"column\" data-e-type=\"column\">\n\t\t\t<div class=\"elementor-widget-wrap elementor-element-populated\">\n\t\t\t\t\t\t<div class=\"elementor-element elementor-element-a3e3048 elementor-widget elementor-widget-heading\" data-id=\"a3e3048\" data-element_type=\"widget\" data-e-type=\"widget\" data-widget_type=\"heading.default\">\n\t\t\t\t\t<h2 class=\"elementor-heading-title elementor-size-default\">Un emprendimiento familiar\u00a0<\/h2>\t\t\t\t<\/div>\n\t\t\t\t<div class=\"elementor-element elementor-element-35dcce9 elementor-widget elementor-widget-text-editor\" data-id=\"35dcce9\" data-element_type=\"widget\" data-e-type=\"widget\" data-widget_type=\"text-editor.default\">\n\t\t\t\t\t\t\t\t\t<p><span style=\"font-weight: 400;\">Juana L\u00f3pez es originaria de una familia de agricultores y desde joven aprendi\u00f3 el oficio de tejer huipiles. Se cas\u00f3 con Juan Tom\u00e1s, tuvo tres hijos. Decidieron junto a su esposo encontrar una oportunidad que les permitiera crecer y ofrecer una calidad de vida. \u201cVi la realidad de vida, era m\u00e1s gasto y compromiso, pens\u00e9 en ellos y en su futuro. Yo nunca fui a la escuela y no quer\u00eda eso para mis hijos\u201d.<\/span><\/p><p><span style=\"font-weight: 400; color: var( --e-global-color-text ); background-color: var(--ak-bg-color);\">Juan Tomas fue el primero en emigrar. En 2003 Juana lleg\u00f3 a Estados Unidos. Dej\u00f3 a sus tres hijos con su mam\u00e1. Ambos trabajaron en varios oficios para lograr unificar a su familia. Fue en el a\u00f1o 2013 cuando lleg\u00f3 su primer hijo y en el siguiente a\u00f1o su hija. El mayor decidi\u00f3 quedarse con la abuela materna y culmin\u00f3 sus estudios universitarios en Guatemala.<\/span><\/p><p><span style=\"font-weight: 400;\">Durante la pandemia de 2020, falleci\u00f3 la mam\u00e1 de Juana.\u00a0<\/span><span style=\"font-weight: 400; color: var( --e-global-color-text ); background-color: var(--ak-bg-color);\">su hijo mayor se qued\u00f3 solo. \u201cMi madre viv\u00eda mejor y observaba nuestro trabaj\u00f3\u201d. Juana estuvo dispuesta regresar a Guatemala. \u201cMi hijo mayor fue el \u00faltimo en llegar, ya lleva un a\u00f1o con nosotros\u201d.<\/span><\/p><p><span style=\"font-weight: 400;\">Sus hijos Nelson, Estuardo, Midelky, Samuel y su esposo Juan Tomas han logrado el \u00e9xito a base del apoyo y amor familiar, Actualmente su hijo mayor estudia ingl\u00e9s mientras sus hermanos estudian, trabajan y todos apoyan en el negocio familiar.}<\/span><\/p>\t\t\t\t\t\t\t\t<\/div>\n\t\t\t\t\t<\/div>\n\t\t<\/div>\n\t\t\t\t\t<\/div>\n\t\t<\/section>\n\t\t\t\t<section data-particle_enable=\"false\" data-particle-mobile-disabled=\"false\" class=\"elementor-section elementor-top-section elementor-element elementor-element-11939a9 elementor-section-boxed elementor-section-height-default elementor-section-height-default\" data-id=\"11939a9\" data-element_type=\"section\" data-e-type=\"section\">\n\t\t\t\t\t\t<div class=\"elementor-container elementor-column-gap-default\">\n\t\t\t\t\t<div class=\"elementor-column elementor-col-100 elementor-top-column elementor-element elementor-element-0a8d70e\" data-id=\"0a8d70e\" data-element_type=\"column\" data-e-type=\"column\">\n\t\t\t<div class=\"elementor-widget-wrap elementor-element-populated\">\n\t\t\t\t\t\t<div class=\"elementor-element elementor-element-224e6cb elementor-widget elementor-widget-heading\" data-id=\"224e6cb\" data-element_type=\"widget\" data-e-type=\"widget\" data-widget_type=\"heading.default\">\n\t\t\t\t\t<h2 class=\"elementor-heading-title elementor-size-default\">El inicio de un d\u00eda de ventas <\/h2>\t\t\t\t<\/div>\n\t\t\t\t\t<\/div>\n\t\t<\/div>\n\t\t\t\t\t<\/div>\n\t\t<\/section>\n\t\t\t\t<section data-particle_enable=\"false\" data-particle-mobile-disabled=\"false\" class=\"elementor-section elementor-top-section elementor-element elementor-element-c9117c9 elementor-section-boxed elementor-section-height-default elementor-section-height-default\" data-id=\"c9117c9\" data-element_type=\"section\" data-e-type=\"section\">\n\t\t\t\t\t\t<div class=\"elementor-container elementor-column-gap-default\">\n\t\t\t\t\t<div class=\"elementor-column elementor-col-100 elementor-top-column elementor-element elementor-element-b2a70a2\" data-id=\"b2a70a2\" data-element_type=\"column\" data-e-type=\"column\">\n\t\t\t<div class=\"elementor-widget-wrap elementor-element-populated\">\n\t\t\t\t\t\t<div class=\"elementor-element elementor-element-4b1267a elementor-widget elementor-widget-facebook-embed\" data-id=\"4b1267a\" data-element_type=\"widget\" data-e-type=\"widget\" data-widget_type=\"facebook-embed.default\">\n\t\t\t\t\t<div style=\"min-height: 1px\" class=\"elementor-facebook-widget fb-post\" data-href=\"https:\/\/www.facebook.com\/bethania.evenezer\/videos\/2025723387827476\" data-show-text=\"false\"><\/div>\t\t\t\t<\/div>\n\t\t\t\t\t<\/div>\n\t\t<\/div>\n\t\t\t\t\t<\/div>\n\t\t<\/section>\n\t\t\t\t<section data-particle_enable=\"false\" data-particle-mobile-disabled=\"false\" class=\"elementor-section elementor-top-section elementor-element elementor-element-9c6e063 elementor-section-boxed elementor-section-height-default elementor-section-height-default\" data-id=\"9c6e063\" data-element_type=\"section\" data-e-type=\"section\">\n\t\t\t\t\t\t<div class=\"elementor-container elementor-column-gap-default\">\n\t\t\t\t\t<div class=\"elementor-column elementor-col-100 elementor-top-column elementor-element elementor-element-28582a6\" data-id=\"28582a6\" data-element_type=\"column\" data-e-type=\"column\">\n\t\t\t<div class=\"elementor-widget-wrap\">\n\t\t\t\t\t\t\t<\/div>\n\t\t<\/div>\n\t\t\t\t\t<\/div>\n\t\t<\/section>\n\t\t\t\t<section data-particle_enable=\"false\" data-particle-mobile-disabled=\"false\" class=\"elementor-section elementor-top-section elementor-element elementor-element-dbb7041 elementor-section-boxed elementor-section-height-default elementor-section-height-default\" data-id=\"dbb7041\" data-element_type=\"section\" data-e-type=\"section\">\n\t\t\t\t\t\t<div class=\"elementor-container elementor-column-gap-default\">\n\t\t\t\t\t<div class=\"elementor-column elementor-col-100 elementor-top-column elementor-element elementor-element-1e685a4\" data-id=\"1e685a4\" data-element_type=\"column\" data-e-type=\"column\">\n\t\t\t<div class=\"elementor-widget-wrap elementor-element-populated\">\n\t\t\t\t\t\t<div class=\"elementor-element elementor-element-cd5bf50 elementor-widget elementor-widget-testimonial\" data-id=\"cd5bf50\" data-element_type=\"widget\" data-e-type=\"widget\" data-widget_type=\"testimonial.default\">\n\t\t\t\t\t\t\t<div class=\"elementor-testimonial-wrapper\">\n\t\t\t\t\t\t\t<div class=\"elementor-testimonial-content\">\u201cNo tengamos miedo a emprender, si queremos progresar y salir adelante claro que se puede. Siempre hacer las cosas con  esfuerzo y amor\u201d finaliz\u00f3 Juana L\u00f3pez.\n<\/div>\n\t\t\t\n\t\t\t\t\t\t<div class=\"elementor-testimonial-meta elementor-has-image elementor-testimonial-image-position-aside\">\n\t\t\t\t<div class=\"elementor-testimonial-meta-inner\">\n\t\t\t\t\t\t\t\t\t\t\t<div class=\"elementor-testimonial-image\">\n\t\t\t\t\t\t\t<img decoding=\"async\" width=\"739\" height=\"662\" src=\"https:\/\/soymigrante.com\/revista\/wp-content\/uploads\/2023\/10\/Juanita-Lopez-aprendio-a-cocinar-cuando-llego-a-Estados-Unidos-e1698439964267.webp\" class=\"attachment-full size-full wp-image-3093\" alt=\"Juanita L\u00f3pez aprendi\u00f3 a cocinar cuando lleg\u00f3 a Estados Unidos\" title=\"Juanita L\u00f3pez aprendi\u00f3 a cocinar cuando lleg\u00f3 a Estados Unidos \u2013 SoyMigrante.com REVISTA\" srcset=\"https:\/\/soymigrante.com\/revista\/wp-content\/uploads\/2023\/10\/Juanita-Lopez-aprendio-a-cocinar-cuando-llego-a-Estados-Unidos-e1698439964267.webp 739w, https:\/\/soymigrante.com\/revista\/wp-content\/uploads\/2023\/10\/Juanita-Lopez-aprendio-a-cocinar-cuando-llego-a-Estados-Unidos-e1698439964267-300x269.webp 300w\" sizes=\"(max-width: 739px) 100vw, 739px\" \/>\t\t\t\t\t\t<\/div>\n\t\t\t\t\t\n\t\t\t\t\t\t\t\t\t\t<div class=\"elementor-testimonial-details\">\n\t\t\t\t\t\t\t\t\t\t\t\t\t\t<div class=\"elementor-testimonial-name\">Juanita L\u00f3pez S\u00e1nchez <\/div>\n\t\t\t\t\t\t\t\t\t\t\t\t\t\t\t\t\t\t\t\t\t\t<div class=\"elementor-testimonial-job\">Migrante guatemalteca<\/div>\n\t\t\t\t\t\t\t\t\t\t\t\t\t<\/div>\n\t\t\t\t\t\t\t\t\t<\/div>\n\t\t\t<\/div>\n\t\t\t\t\t<\/div>\n\t\t\t\t\t\t<\/div>\n\t\t\t\t\t<\/div>\n\t\t<\/div>\n\t\t\t\t\t<\/div>\n\t\t<\/section>\n\t\t\t\t<section data-particle_enable=\"false\" data-particle-mobile-disabled=\"false\" class=\"elementor-section elementor-top-section elementor-element elementor-element-ef33d79 elementor-section-boxed elementor-section-height-default elementor-section-height-default\" data-id=\"ef33d79\" data-element_type=\"section\" data-e-type=\"section\">\n\t\t\t\t\t\t<div class=\"elementor-container elementor-column-gap-default\">\n\t\t\t\t\t<div class=\"elementor-column elementor-col-100 elementor-top-column elementor-element elementor-element-0fc63cc\" data-id=\"0fc63cc\" data-element_type=\"column\" data-e-type=\"column\">\n\t\t\t<div class=\"elementor-widget-wrap elementor-element-populated\">\n\t\t\t\t\t\t<div class=\"elementor-element elementor-element-e9c02c8 elementor-widget elementor-widget-heading\" data-id=\"e9c02c8\" data-element_type=\"widget\" data-e-type=\"widget\" data-widget_type=\"heading.default\">\n\t\t\t\t\t<h2 class=\"elementor-heading-title elementor-size-default\">\u00a1Cada migrante cuenta y cuenta mucho!<\/h2>\t\t\t\t<\/div>\n\t\t\t\t\t<\/div>\n\t\t<\/div>\n\t\t\t\t\t<\/div>\n\t\t<\/section>\n\t\t\t\t<section data-particle_enable=\"false\" data-particle-mobile-disabled=\"false\" class=\"elementor-section elementor-top-section elementor-element elementor-element-0b749bd elementor-section-boxed elementor-section-height-default elementor-section-height-default\" data-id=\"0b749bd\" data-element_type=\"section\" data-e-type=\"section\">\n\t\t\t\t\t\t<div class=\"elementor-container elementor-column-gap-default\">\n\t\t\t\t\t<div class=\"elementor-column elementor-col-100 elementor-top-column elementor-element elementor-element-ac0144f\" data-id=\"ac0144f\" data-element_type=\"column\" data-e-type=\"column\">\n\t\t\t<div class=\"elementor-widget-wrap elementor-element-populated\">\n\t\t\t\t\t\t<div class=\"elementor-element elementor-element-6b7e2d8 elementor-grid-eael-col-2 elementor-grid-tablet-eael-col-2 elementor-grid-mobile-eael-col-1 elementor-widget elementor-widget-eael-post-grid\" data-id=\"6b7e2d8\" data-element_type=\"widget\" data-e-type=\"widget\" data-settings=\"{&quot;eael_post_grid_columns&quot;:&quot;eael-col-2&quot;,&quot;eael_post_grid_columns_tablet&quot;:&quot;eael-col-2&quot;,&quot;eael_post_grid_columns_mobile&quot;:&quot;eael-col-1&quot;}\" data-widget_type=\"eael-post-grid.default\">\n\t\t\t\t\t<div id=\"eael-post-grid-6b7e2d8\" class=\"eael-post-grid-container\">\n            <div class=\"eael-post-grid eael-post-appender eael-post-appender-6b7e2d8 eael-post-grid-style-one\" data-layout-mode=\"masonry\"><article class=\"eael-grid-post  eael-post-grid-column eael-pg-post-1427 category-exitos-guatemala tags-montana\" data-id=\"1427\">\n        <div class=\"eael-grid-post-holder\">\n            <div class=\"eael-grid-post-holder-inner\"><div class=\"eael-entry-media\"><div class=\"eael-entry-overlay fade-in\"><i class=\"fas fa-long-arrow-alt-right\" aria-hidden=\"true\"><\/i><a href=\"https:\/\/soymigrante.com\/revista\/walter-lopez-migrante-guatemalteco-en-montana\/\"><\/a><\/div><div class=\"eael-entry-thumbnail \">\n                <img loading=\"lazy\" decoding=\"async\" width=\"225\" height=\"300\" src=\"https:\/\/soymigrante.com\/revista\/wp-content\/uploads\/2023\/06\/walter-lopez-instalador-de-aires-acondicionados-16-225x300.webp\" class=\"attachment-medium size-medium wp-image-1444\" alt=\"Walter Lopez, migrante guatemalteco radicado en Montana, instala aires acondicionados en varios Estados.\" srcset=\"https:\/\/soymigrante.com\/revista\/wp-content\/uploads\/2023\/06\/walter-lopez-instalador-de-aires-acondicionados-16-225x300.webp 225w, https:\/\/soymigrante.com\/revista\/wp-content\/uploads\/2023\/06\/walter-lopez-instalador-de-aires-acondicionados-16-750x999.webp 750w, https:\/\/soymigrante.com\/revista\/wp-content\/uploads\/2023\/06\/walter-lopez-instalador-de-aires-acondicionados-16.webp 769w\" sizes=\"(max-width: 225px) 100vw, 225px\" \/>\n            <\/div>\n        <\/div><div class=\"eael-entry-wrapper\"><header class=\"eael-entry-header\"><h2 class=\"eael-entry-title\"><a class=\"eael-grid-post-link\" href=\"https:\/\/soymigrante.com\/revista\/walter-lopez-migrante-guatemalteco-en-montana\/\" title=\"&#8220;Todo lo hago por mis hijas&#8221;: Walter L\u00f3pez, migrante guatemalteco en Montana\">&#8220;Todo lo hago por mis hijas&#8221;: Walter L\u00f3pez, migrante guatemalteco en Montana<\/a><\/h2><\/header><\/div><\/div>\n        <\/div>\n    <\/article><article class=\"eael-grid-post  eael-post-grid-column eael-pg-post-1118 category-exitos\" data-id=\"1118\">\n        <div class=\"eael-grid-post-holder\">\n            <div class=\"eael-grid-post-holder-inner\"><div class=\"eael-entry-media\"><div class=\"eael-entry-overlay fade-in\"><i class=\"fas fa-long-arrow-alt-right\" aria-hidden=\"true\"><\/i><a href=\"https:\/\/soymigrante.com\/revista\/migrante-guatemalteco-julio-cota-es-fotografo-en-nueva-york\/\"><\/a><\/div><div class=\"eael-entry-thumbnail \">\n                <img loading=\"lazy\" decoding=\"async\" width=\"300\" height=\"300\" src=\"https:\/\/soymigrante.com\/revista\/wp-content\/uploads\/2023\/06\/SM_7-300x300.webp\" class=\"attachment-medium size-medium wp-image-1167\" alt=\"Julio Cota fotografo migrante en nueva york\" srcset=\"https:\/\/soymigrante.com\/revista\/wp-content\/uploads\/2023\/06\/SM_7-300x300.webp 300w, https:\/\/soymigrante.com\/revista\/wp-content\/uploads\/2023\/06\/SM_7-150x150.webp 150w, https:\/\/soymigrante.com\/revista\/wp-content\/uploads\/2023\/06\/SM_7-75x75.webp 75w, https:\/\/soymigrante.com\/revista\/wp-content\/uploads\/2023\/06\/SM_7.webp 400w\" sizes=\"(max-width: 300px) 100vw, 300px\" \/>\n            <\/div>\n        <\/div><div class=\"eael-entry-wrapper\"><header class=\"eael-entry-header\"><h2 class=\"eael-entry-title\"><a class=\"eael-grid-post-link\" href=\"https:\/\/soymigrante.com\/revista\/migrante-guatemalteco-julio-cota-es-fotografo-en-nueva-york\/\" title=\"Migrante guatemalteco Julio Cota cuenta historias fotogr\u00e1ficas en Nueva York\">Migrante guatemalteco Julio Cota cuenta historias fotogr\u00e1ficas en Nueva York<\/a><\/h2><\/header><\/div><\/div>\n        <\/div>\n    <\/article><\/div>\n            <div class=\"clearfix\"><\/div>\n        <\/div>\t\t\t\t<\/div>\n\t\t\t\t<div class=\"elementor-element elementor-element-11742e6 elementor-widget elementor-widget-facebook-page\" data-id=\"11742e6\" data-element_type=\"widget\" data-e-type=\"widget\" data-widget_type=\"facebook-page.default\">\n\t\t\t\t\t<div class=\"elementor-facebook-widget fb-page\" data-href=\"https:\/\/www.facebook.com\/bethania.evenezer?mibextid=ZbWKwL \" data-tabs=\"timeline\" data-height=\"500px\" data-width=\"500px\" data-small-header=\"false\" data-hide-cover=\"false\" data-show-facepile=\"true\" data-hide-cta=\"false\" style=\"min-height: 1px;height:500px\"><\/div>\t\t\t\t<\/div>\n\t\t\t\t\t<\/div>\n\t\t<\/div>\n\t\t\t\t\t<\/div>\n\t\t<\/section>\n\t\t\t\t<\/div>\n\t\t","protected":false},"excerpt":{"rendered":"<p>Juana L\u00f3pez S\u00e1nchez originaria de Concepci\u00f3n Chiquirichapa, Quetzaltenango, Guatemala migr\u00f3 a Estados Unidos en 2004 para encontrar una oportunidad. Es madre de cuatro hijos y emprendedora. Bethania Eben-Ezer ofrece atoles, panes y otras delicias guatemaltecas. Juanita L\u00f3pez aprendi\u00f3 a cocinar cuando lleg\u00f3 a Estados Unidos La migrante guatemalteca Juana L\u00f3pez S\u00e1nchez emprendi\u00f3 su negocio de [&hellip;]<\/p>\n","protected":false},"author":10,"featured_media":3108,"comment_status":"open","ping_status":"open","sticky":false,"template":"","format":"standard","meta":{"_acf_changed":false,"_eb_attr":"","footnotes":""},"categories":[50],"tags":[],"class_list":["post-3091","post","type-post","status-publish","format-standard","has-post-thumbnail","hentry","category-exitos"],"acf":[],"aioseo_notices":[],"aioseo_head":"\n\t\t<!-- All in One SEO Pro 4.9.6.2 - aioseo.com -->\n\t<meta name=\"description\" content=\"Julio Cota Julajuj, oriundo del caser\u00edo Tierra Linda departamento de Solol\u00e1, llego a Estados Unidos hace tres a\u00f1os y medio. Este migrante guatemalteco trabaj\u00f3 en un restaurantes, pero su pasi\u00f3n y talento es la fotograf\u00eda. Se siente muy orgulloso de ser migrante y guatemalteco. Desde la tierra del paisaje departamento de Solol\u00e1, Julio a la\" \/>\n\t<meta name=\"robots\" content=\"max-snippet:-1, max-image-preview:large, max-video-preview:-1\" \/>\n\t<meta name=\"author\" content=\"Diana Batz\"\/>\n\t<link rel=\"canonical\" href=\"https:\/\/soymigrante.com\/revista\/migrante-guatemalteco-julio-cota-es-fotografo-en-nueva-york\/\" \/>\n\t<meta name=\"generator\" content=\"All in One SEO Pro (AIOSEO) 4.9.6.2\" \/>\n\n\t\t<link rel=\"preconnect\" href=\"https:\/\/fonts.googleapis.com\" crossorigin>\n<link rel=\"preconnect\" href=\"https:\/\/fonts.gstatic.com\" crossorigin>\n\t\t<meta property=\"og:locale\" content=\"es_ES\" \/>\n\t\t<meta property=\"og:site_name\" content=\"SoyMigrante.com REVISTA \u2013 Nuestra misi\u00f3n es reconocer y dignificar al migrante.\" \/>\n\t\t<meta property=\"og:type\" content=\"article\" \/>\n\t\t<meta property=\"og:title\" content=\"Migrante guatemalteco Julio Cota cuenta historias fotogr\u00e1ficas en Nueva York\" \/>\n\t\t<meta property=\"og:description\" content=\"Julio Cota Julajuj, oriundo del caser\u00edo Tierra Linda departamento de Solol\u00e1, llego a Estados Unidos hace tres a\u00f1os y medio. Este migrante guatemalteco trabaj\u00f3 en un restaurantes, pero su pasi\u00f3n y talento es la fotograf\u00eda. Se siente muy orgulloso de ser migrante y guatemalteco. Desde la tierra del paisaje departamento de Solol\u00e1, Julio a la\" \/>\n\t\t<meta property=\"og:url\" content=\"https:\/\/soymigrante.com\/revista\/migrante-guatemalteco-julio-cota-es-fotografo-en-nueva-york\/\" \/>\n\t\t<meta property=\"og:image\" content=\"https:\/\/soymigrante.com\/revista\/wp-content\/uploads\/2023\/06\/SM_7.webp\" \/>\n\t\t<meta property=\"og:image:secure_url\" content=\"https:\/\/soymigrante.com\/revista\/wp-content\/uploads\/2023\/06\/SM_7.webp\" \/>\n\t\t<meta property=\"og:image:width\" content=\"400\" \/>\n\t\t<meta property=\"og:image:height\" content=\"400\" \/>\n\t\t<meta property=\"article:published_time\" content=\"2023-05-31T21:35:39+00:00\" \/>\n\t\t<meta property=\"article:modified_time\" content=\"2024-11-01T12:54:39+00:00\" \/>\n\t\t<meta property=\"article:publisher\" content=\"https:\/\/www.facebook.com\/soymigrantecom\" \/>\n\t\t<meta name=\"twitter:card\" content=\"summary_large_image\" \/>\n\t\t<meta name=\"twitter:site\" content=\"@SoyMigrante_com\" \/>\n\t\t<meta name=\"twitter:title\" content=\"Migrante guatemalteco Julio Cota cuenta historias fotogr\u00e1ficas en Nueva York\" \/>\n\t\t<meta name=\"twitter:description\" content=\"Julio Cota Julajuj, oriundo del caser\u00edo Tierra Linda departamento de Solol\u00e1, llego a Estados Unidos hace tres a\u00f1os y medio. Este migrante guatemalteco trabaj\u00f3 en un restaurantes, pero su pasi\u00f3n y talento es la fotograf\u00eda. Se siente muy orgulloso de ser migrante y guatemalteco. Desde la tierra del paisaje departamento de Solol\u00e1, Julio a la\" \/>\n\t\t<meta name=\"twitter:creator\" content=\"@SoyMigrante_com\" \/>\n\t\t<meta name=\"twitter:image\" content=\"https:\/\/soymigrante.com\/revista\/wp-content\/uploads\/2023\/06\/SM_7.webp\" \/>\n\t\t<!-- All in One SEO Pro -->\r\n\t\t<title>Migrante guatemalteco Julio Cota cuenta historias fotogr\u00e1ficas en Nueva York<\/title>\n\n","aioseo_head_json":{"title":"Migrante guatemalteco Julio Cota cuenta historias fotogr\u00e1ficas en Nueva York","description":"Julio Cota Julajuj, oriundo del caser\u00edo Tierra Linda departamento de Solol\u00e1, llego a Estados Unidos hace tres a\u00f1os y medio. Este migrante guatemalteco trabaj\u00f3 en un restaurantes, pero su pasi\u00f3n y talento es la fotograf\u00eda. Se siente muy orgulloso de ser migrante y guatemalteco. Desde la tierra del paisaje departamento de Solol\u00e1, Julio a la","canonical_url":"https:\/\/soymigrante.com\/revista\/migrante-guatemalteco-julio-cota-es-fotografo-en-nueva-york\/","robots":"max-snippet:-1, max-image-preview:large, max-video-preview:-1","keywords":"","webmasterTools":{"miscellaneous":"&lt;link rel=\"preconnect\" href=\"https:\/\/fonts.googleapis.com\" crossorigin&gt;\n&lt;link rel=\"preconnect\" href=\"https:\/\/fonts.gstatic.com\" crossorigin&gt;"},"schema":null,"og:locale":"es_ES","og:site_name":"SoyMigrante.com REVISTA \u2013 Nuestra misi\u00f3n es reconocer y dignificar al migrante.","og:type":"article","og:title":"Migrante guatemalteco Julio Cota cuenta historias fotogr\u00e1ficas en Nueva York","og:description":"Julio Cota Julajuj, oriundo del caser\u00edo Tierra Linda departamento de Solol\u00e1, llego a Estados Unidos hace tres a\u00f1os y medio. Este migrante guatemalteco trabaj\u00f3 en un restaurantes, pero su pasi\u00f3n y talento es la fotograf\u00eda. Se siente muy orgulloso de ser migrante y guatemalteco. Desde la tierra del paisaje departamento de Solol\u00e1, Julio a la","og:url":"https:\/\/soymigrante.com\/revista\/migrante-guatemalteco-julio-cota-es-fotografo-en-nueva-york\/","og:image":"https:\/\/soymigrante.com\/revista\/wp-content\/uploads\/2023\/06\/SM_7.webp","og:image:secure_url":"https:\/\/soymigrante.com\/revista\/wp-content\/uploads\/2023\/06\/SM_7.webp","og:image:width":400,"og:image:height":400,"article:published_time":"2023-05-31T21:35:39+00:00","article:modified_time":"2024-11-01T12:54:39+00:00","article:publisher":"https:\/\/www.facebook.com\/soymigrantecom","twitter:card":"summary_large_image","twitter:site":"@SoyMigrante_com","twitter:title":"Migrante guatemalteco Julio Cota cuenta historias fotogr\u00e1ficas en Nueva York","twitter:description":"Julio Cota Julajuj, oriundo del caser\u00edo Tierra Linda departamento de Solol\u00e1, llego a Estados Unidos hace tres a\u00f1os y medio. Este migrante guatemalteco trabaj\u00f3 en un restaurantes, pero su pasi\u00f3n y talento es la fotograf\u00eda. Se siente muy orgulloso de ser migrante y guatemalteco. Desde la tierra del paisaje departamento de Solol\u00e1, Julio a la","twitter:creator":"@SoyMigrante_com","twitter:image":"https:\/\/soymigrante.com\/revista\/wp-content\/uploads\/2023\/06\/SM_7.webp"},"aioseo_meta_data":{"post_id":"3091","title":"Migrante guatemalteca Juana L\u00f3pez ingenio del sabor chap\u00edn","description":"Juana L\u00f3pez S\u00e1nchez migrante guatemalteca emprendi\u00f3 de su negocio \u201cBethania Eben-Ezer\u201d y antojos tradicionales de su pa\u00eds Guatemala.","keywords":[],"keyphrases":{"focus":{"keyphrase":"Migrante","score":74,"analysis":{"keyphraseInTitle":{"score":9,"maxScore":9,"error":0},"keyphraseInDescription":{"score":9,"maxScore":9,"error":0},"keyphraseLength":{"score":9,"maxScore":9,"error":0,"length":1},"keyphraseInURL":{"score":5,"maxScore":5,"error":0},"keyphraseInIntroduction":{"score":3,"maxScore":9,"error":1},"keyphraseInSubHeadings":{"score":3,"maxScore":9,"error":1},"keyphraseInImageAlt":{"score":3,"maxScore":9,"error":1},"keywordDensity":{"type":"best","score":9,"maxScore":9,"error":0}}},"additional":[]},"primary_term":null,"canonical_url":null,"og_title":null,"og_description":null,"og_object_type":"default","og_image_type":"default","og_image_url":null,"og_image_width":null,"og_image_height":null,"og_image_custom_url":null,"og_image_custom_fields":null,"og_video":"","og_custom_url":null,"og_article_section":null,"og_article_tags":[],"twitter_use_og":false,"twitter_card":"default","twitter_image_type":"default","twitter_image_url":null,"twitter_image_custom_url":null,"twitter_image_custom_fields":null,"twitter_title":null,"twitter_description":null,"schema":{"blockGraphs":[],"customGraphs":[],"default":{"data":{"Article":[],"Course":[],"Dataset":[],"FAQPage":[],"Movie":[],"Person":[],"Product":[],"ProductReview":[],"Car":[],"Recipe":[],"Service":[],"SoftwareApplication":[],"WebPage":[]},"graphName":"BlogPosting","isEnabled":true},"graphs":[]},"schema_type":"default","schema_type_options":null,"pillar_content":false,"robots_default":true,"robots_noindex":false,"robots_noarchive":false,"robots_nosnippet":false,"robots_nofollow":false,"robots_noimageindex":false,"robots_noodp":false,"robots_notranslate":false,"robots_max_snippet":"-1","robots_max_videopreview":"-1","robots_max_imagepreview":"large","priority":null,"frequency":"default","local_seo":null,"seo_analyzer_scan_date":"2025-10-08 20:35:32","breadcrumb_settings":null,"limit_modified_date":false,"reviewed_by":null,"open_ai":null,"ai":null,"created":"2023-10-27 20:20:51","updated":"2026-02-04 09:50:23"},"aioseo_breadcrumb":"<div class=\"aioseo-breadcrumbs\"><span class=\"aioseo-breadcrumb\">\n\t<a href=\"https:\/\/soymigrante.com\/revista\" title=\"Home\">Home<\/a>\n<\/span><span class=\"aioseo-breadcrumb-separator\">\u00bb<\/span><span class=\"aioseo-breadcrumb\">\n\t<a href=\"https:\/\/soymigrante.com\/revista\/category\/exitos\/\" title=\"\u00c9xitos\">\u00c9xitos<\/a>\n<\/span><span class=\"aioseo-breadcrumb-separator\">\u00bb<\/span><span class=\"aioseo-breadcrumb\">\n\tLa migrante Juana L\u00f3pez y el dulce sabor de una familia unida\n<\/span><\/div>","aioseo_breadcrumb_json":[{"label":"Home","link":"https:\/\/soymigrante.com\/revista"},{"label":"\u00c9xitos","link":"https:\/\/soymigrante.com\/revista\/category\/exitos\/"},{"label":"La migrante Juana L\u00f3pez y el dulce sabor de una familia unida","link":"https:\/\/soymigrante.com\/revista\/migrante-guatemalteca-juana-lopez-ingenio-del-sabor-chapin\/"}],"_links":{"self":[{"href":"https:\/\/soymigrante.com\/revista\/wp-json\/wp\/v2\/posts\/3091","targetHints":{"allow":["GET"]}}],"collection":[{"href":"https:\/\/soymigrante.com\/revista\/wp-json\/wp\/v2\/posts"}],"about":[{"href":"https:\/\/soymigrante.com\/revista\/wp-json\/wp\/v2\/types\/post"}],"author":[{"embeddable":true,"href":"https:\/\/soymigrante.com\/revista\/wp-json\/wp\/v2\/users\/10"}],"replies":[{"embeddable":true,"href":"https:\/\/soymigrante.com\/revista\/wp-json\/wp\/v2\/comments?post=3091"}],"version-history":[{"count":0,"href":"https:\/\/soymigrante.com\/revista\/wp-json\/wp\/v2\/posts\/3091\/revisions"}],"wp:featuredmedia":[{"embeddable":true,"href":"https:\/\/soymigrante.com\/revista\/wp-json\/wp\/v2\/media\/3108"}],"wp:attachment":[{"href":"https:\/\/soymigrante.com\/revista\/wp-json\/wp\/v2\/media?parent=3091"}],"wp:term":[{"taxonomy":"category","embeddable":true,"href":"https:\/\/soymigrante.com\/revista\/wp-json\/wp\/v2\/categories?post=3091"},{"taxonomy":"post_tag","embeddable":true,"href":"https:\/\/soymigrante.com\/revista\/wp-json\/wp\/v2\/tags?post=3091"}],"curies":[{"name":"wp","href":"https:\/\/api.w.org\/{rel}","templated":true}]}}