{"id":3070,"date":"2023-10-25T12:03:40","date_gmt":"2023-10-25T18:03:40","guid":{"rendered":"https:\/\/soymigrante.com\/revista\/?p=3070"},"modified":"2024-11-01T15:51:48","modified_gmt":"2024-11-01T21:51:48","slug":"migrante-guatemalteca-ana-halliday-lleva-el-legado-de-amor","status":"publish","type":"post","link":"https:\/\/soymigrante.com\/revista\/migrante-guatemalteca-ana-halliday-lleva-el-legado-de-amor\/","title":{"rendered":"Migrante guatemalteca Ana Halliday transporta un legado de amor"},"content":{"rendered":"\t\t<div data-elementor-type=\"wp-post\" data-elementor-id=\"3070\" class=\"elementor elementor-3070\" data-elementor-post-type=\"post\">\n\t\t\t\t\t\t<section data-particle_enable=\"false\" data-particle-mobile-disabled=\"false\" class=\"elementor-section elementor-top-section elementor-element elementor-element-641c6a1 elementor-section-boxed elementor-section-height-default elementor-section-height-default\" data-id=\"641c6a1\" data-element_type=\"section\" data-e-type=\"section\">\n\t\t\t\t\t\t<div class=\"elementor-container elementor-column-gap-default\">\n\t\t\t\t\t<div class=\"elementor-column elementor-col-100 elementor-top-column elementor-element elementor-element-e165c8c\" data-id=\"e165c8c\" data-element_type=\"column\" data-e-type=\"column\">\n\t\t\t<div class=\"elementor-widget-wrap elementor-element-populated\">\n\t\t\t\t\t\t<div class=\"elementor-element elementor-element-16a2d82 elementor-widget elementor-widget-heading\" data-id=\"16a2d82\" data-element_type=\"widget\" data-e-type=\"widget\" data-widget_type=\"heading.default\">\n\t\t\t\t\t<h1 class=\"elementor-heading-title elementor-size-default\">Ana Halliday es madre, emprendedora y activista migrante guatemalteca, mantiene el legado de amor en su familia y apoyo a los guatemaltecos<\/h1>\t\t\t\t<\/div>\n\t\t\t\t\t<\/div>\n\t\t<\/div>\n\t\t\t\t\t<\/div>\n\t\t<\/section>\n\t\t\t\t<section data-particle_enable=\"false\" data-particle-mobile-disabled=\"false\" class=\"elementor-section elementor-top-section elementor-element elementor-element-092c4f5 elementor-section-boxed elementor-section-height-default elementor-section-height-default\" data-id=\"092c4f5\" data-element_type=\"section\" data-e-type=\"section\">\n\t\t\t\t\t\t<div class=\"elementor-container elementor-column-gap-default\">\n\t\t\t\t\t<div class=\"elementor-column elementor-col-100 elementor-top-column elementor-element elementor-element-7853900\" data-id=\"7853900\" data-element_type=\"column\" data-e-type=\"column\">\n\t\t\t<div class=\"elementor-widget-wrap elementor-element-populated\">\n\t\t\t\t\t\t<div class=\"elementor-element elementor-element-96566d1 elementor-widget elementor-widget-image\" data-id=\"96566d1\" data-element_type=\"widget\" data-e-type=\"widget\" data-widget_type=\"image.default\">\n\t\t\t\t\t\t\t\t\t\t\t\t<figure class=\"wp-caption\">\n\t\t\t\t\t\t\t\t\t\t<img fetchpriority=\"high\" decoding=\"async\" width=\"768\" height=\"576\" src=\"https:\/\/soymigrante.com\/revista\/wp-content\/uploads\/2023\/10\/Tener-una-compania-de-camiones-era-el-sueno-de-mi-esposo-siempre-lo-ayude-y-apoye-a-cumplir-su-sueno-1-1024x768.webp\" class=\"attachment-large size-large wp-image-3072\" alt=\"Los esposos Halliday fundaron la compa\u00f1\u00eda de trasportes en Estados Unidos siendo este una empresa de \u00e9xito en el pa\u00eds, Douglas falleci\u00f3 hace cinco a\u00f1os, su esposa Ana lidera ahora parte de la compa\u00f1\u00eda\" srcset=\"https:\/\/soymigrante.com\/revista\/wp-content\/uploads\/2023\/10\/Tener-una-compania-de-camiones-era-el-sueno-de-mi-esposo-siempre-lo-ayude-y-apoye-a-cumplir-su-sueno-1-1024x768.webp 1024w, https:\/\/soymigrante.com\/revista\/wp-content\/uploads\/2023\/10\/Tener-una-compania-de-camiones-era-el-sueno-de-mi-esposo-siempre-lo-ayude-y-apoye-a-cumplir-su-sueno-1-300x225.webp 300w, https:\/\/soymigrante.com\/revista\/wp-content\/uploads\/2023\/10\/Tener-una-compania-de-camiones-era-el-sueno-de-mi-esposo-siempre-lo-ayude-y-apoye-a-cumplir-su-sueno-1-768x576.webp 768w, https:\/\/soymigrante.com\/revista\/wp-content\/uploads\/2023\/10\/Tener-una-compania-de-camiones-era-el-sueno-de-mi-esposo-siempre-lo-ayude-y-apoye-a-cumplir-su-sueno-1-750x563.webp 750w, https:\/\/soymigrante.com\/revista\/wp-content\/uploads\/2023\/10\/Tener-una-compania-de-camiones-era-el-sueno-de-mi-esposo-siempre-lo-ayude-y-apoye-a-cumplir-su-sueno-1-1140x855.webp 1140w, https:\/\/soymigrante.com\/revista\/wp-content\/uploads\/2023\/10\/Tener-una-compania-de-camiones-era-el-sueno-de-mi-esposo-siempre-lo-ayude-y-apoye-a-cumplir-su-sueno-1.webp 1280w\" sizes=\"(max-width: 768px) 100vw, 768px\" title=\"Los esposos Halliday fundaron la compa\u00f1\u00eda de trasportes  en Estados Unidos siendo este una empresa de \u00e9xito en el pa\u00eds, Douglas falleci\u00f3 hace cinco a\u00f1os, su esposa Ana lidera ahora parte de la compa\u00f1\u00eda \u2013 SoyMigrante.com REVISTA\" \/>\t\t\t\t\t\t\t\t\t\t\t<figcaption class=\"widget-image-caption wp-caption-text\">Los esposos Halliday fundaron la compa\u00f1\u00eda de trasportes  en Estados Unidos siendo este una empresa de \u00e9xito en el pa\u00eds, Douglas falleci\u00f3 hace cinco a\u00f1os, su esposa Ana lidera ahora parte de la compa\u00f1\u00eda<\/figcaption>\n\t\t\t\t\t\t\t\t\t\t<\/figure>\n\t\t\t\t\t\t\t\t\t<\/div>\n\t\t\t\t\t<\/div>\n\t\t<\/div>\n\t\t\t\t\t<\/div>\n\t\t<\/section>\n\t\t\t\t<section data-particle_enable=\"false\" data-particle-mobile-disabled=\"false\" class=\"elementor-section elementor-top-section elementor-element elementor-element-061870a elementor-section-boxed elementor-section-height-default elementor-section-height-default\" data-id=\"061870a\" data-element_type=\"section\" data-e-type=\"section\">\n\t\t\t\t\t\t<div class=\"elementor-container elementor-column-gap-default\">\n\t\t\t\t\t<div class=\"elementor-column elementor-col-100 elementor-top-column elementor-element elementor-element-df5aaed\" data-id=\"df5aaed\" data-element_type=\"column\" data-e-type=\"column\">\n\t\t\t<div class=\"elementor-widget-wrap elementor-element-populated\">\n\t\t\t\t\t\t<div class=\"elementor-element elementor-element-e126405 elementor-widget elementor-widget-heading\" data-id=\"e126405\" data-element_type=\"widget\" data-e-type=\"widget\" data-widget_type=\"heading.default\">\n\t\t\t\t\t<h2 class=\"elementor-heading-title elementor-size-default\">Emprendimiento con esfuerzo y amor\u00a0<\/h2>\t\t\t\t<\/div>\n\t\t\t\t<div class=\"elementor-element elementor-element-1762204 elementor-widget elementor-widget-text-editor\" data-id=\"1762204\" data-element_type=\"widget\" data-e-type=\"widget\" data-widget_type=\"text-editor.default\">\n\t\t\t\t\t\t\t\t\t<p><span style=\"font-weight: 400;\">Ana Beatriz Rey Tarot de Halliday es originaria de Cob\u00e1n Alta Verapaz, Guatemala, migr\u00f3 a Estados Unidos en el a\u00f1o de 1,980 junto a su esposo Douglas Halliday Sosa, tras varios desaf\u00edos establecieron una compa\u00f1\u00eda de transporte al que llamaron A&amp;D Freight Systems, Inc.<\/span><\/p><p><span style=\"font-weight: 400;\">Los esposos llegaron como migrantes a San Francisco, luego se establecieron en Miami, Estados Unidos. Ana tom\u00f3 cursos para el cuidado de ni\u00f1os y personas de la tercera edad. Trabaj\u00f3 para una compa\u00f1\u00eda a medio tiempo mientras su esposo aprendi\u00f3 el oficio de piloto de transporte pesado. Juntos tomaron la decisi\u00f3n de establecer un negocio propio.<\/span><\/p><p><span style=\"font-weight: 400;\">Douglas aprendi\u00f3 el manejo de transporte y las estrategias, mientras Ana ayud\u00f3 en la parte administrativa, con el crecimiento Ana dej\u00f3 de trabajar en el cuidado de personas y se dedic\u00f3 completamente a la compa\u00f1\u00eda. As\u00ed crearon oportunidades laborales para migrantes centroamericanos. \u201cEmpezamos a tener m\u00e1s camiones. Ya era dif\u00edcil llevar todo, entonces decid\u00ed dejar mis trabajos y dedicarme a la compa\u00f1\u00eda junto a mi esposo\u201d.<\/span><\/p><p><span style=\"font-weight: 400;\">Para los esposos fue muy importante lograr apoyar la econom\u00eda de los migrantes en especial de los connacionales \u201cTuvimos a la oportunidad de contratar a salvadore\u00f1os, hondure\u00f1os y guatemaltecos. Mi esposo ten\u00eda un coraz\u00f3n grande y vel\u00f3 por el bien y las necesidades que ten\u00edan, porque nosotros tambi\u00e9n estuvimos en esa posici\u00f3n\u201d.<\/span><\/p>\t\t\t\t\t\t\t\t<\/div>\n\t\t\t\t<div class=\"elementor-element elementor-element-0c89dc3 elementor-widget elementor-widget-image\" data-id=\"0c89dc3\" data-element_type=\"widget\" data-e-type=\"widget\" data-widget_type=\"image.default\">\n\t\t\t\t\t\t\t\t\t\t\t\t<figure class=\"wp-caption\">\n\t\t\t\t\t\t\t\t\t\t<img decoding=\"async\" width=\"768\" height=\"509\" src=\"https:\/\/soymigrante.com\/revista\/wp-content\/uploads\/2023\/10\/Ana-Halliday-es-activista-participa-y-promueve-apoyo-para-la-comunidad-Guatemalteca--1024x678.webp\" class=\"attachment-large size-large wp-image-3073\" alt=\"Ana Halliday es activista participa y promueve apoyo para la comunidad Guatemalteca\" srcset=\"https:\/\/soymigrante.com\/revista\/wp-content\/uploads\/2023\/10\/Ana-Halliday-es-activista-participa-y-promueve-apoyo-para-la-comunidad-Guatemalteca--1024x678.webp 1024w, https:\/\/soymigrante.com\/revista\/wp-content\/uploads\/2023\/10\/Ana-Halliday-es-activista-participa-y-promueve-apoyo-para-la-comunidad-Guatemalteca--300x199.webp 300w, https:\/\/soymigrante.com\/revista\/wp-content\/uploads\/2023\/10\/Ana-Halliday-es-activista-participa-y-promueve-apoyo-para-la-comunidad-Guatemalteca--768x508.webp 768w, https:\/\/soymigrante.com\/revista\/wp-content\/uploads\/2023\/10\/Ana-Halliday-es-activista-participa-y-promueve-apoyo-para-la-comunidad-Guatemalteca--1536x1017.webp 1536w, https:\/\/soymigrante.com\/revista\/wp-content\/uploads\/2023\/10\/Ana-Halliday-es-activista-participa-y-promueve-apoyo-para-la-comunidad-Guatemalteca--750x496.webp 750w, https:\/\/soymigrante.com\/revista\/wp-content\/uploads\/2023\/10\/Ana-Halliday-es-activista-participa-y-promueve-apoyo-para-la-comunidad-Guatemalteca--1140x755.webp 1140w, https:\/\/soymigrante.com\/revista\/wp-content\/uploads\/2023\/10\/Ana-Halliday-es-activista-participa-y-promueve-apoyo-para-la-comunidad-Guatemalteca-.webp 1600w\" sizes=\"(max-width: 768px) 100vw, 768px\" title=\"Ana Halliday es activista participa y promueve apoyo para la comunidad Guatemalteca \u2013 SoyMigrante.com REVISTA\" \/>\t\t\t\t\t\t\t\t\t\t\t<figcaption class=\"widget-image-caption wp-caption-text\">Ana Halliday es activista participa y promueve apoyo para la comunidad Guatemalteca<\/figcaption>\n\t\t\t\t\t\t\t\t\t\t<\/figure>\n\t\t\t\t\t\t\t\t\t<\/div>\n\t\t\t\t\t<\/div>\n\t\t<\/div>\n\t\t\t\t\t<\/div>\n\t\t<\/section>\n\t\t\t\t<section data-particle_enable=\"false\" data-particle-mobile-disabled=\"false\" class=\"elementor-section elementor-top-section elementor-element elementor-element-aaa4b9d elementor-section-boxed elementor-section-height-default elementor-section-height-default\" data-id=\"aaa4b9d\" data-element_type=\"section\" data-e-type=\"section\">\n\t\t\t\t\t\t<div class=\"elementor-container elementor-column-gap-default\">\n\t\t\t\t\t<div class=\"elementor-column elementor-col-100 elementor-top-column elementor-element elementor-element-3703734\" data-id=\"3703734\" data-element_type=\"column\" data-e-type=\"column\">\n\t\t\t<div class=\"elementor-widget-wrap elementor-element-populated\">\n\t\t\t\t\t\t<div class=\"elementor-element elementor-element-ca443c6 elementor-widget elementor-widget-heading\" data-id=\"ca443c6\" data-element_type=\"widget\" data-e-type=\"widget\" data-widget_type=\"heading.default\">\n\t\t\t\t\t<h2 class=\"elementor-heading-title elementor-size-default\">Recorriendo todo Estados Unidos&nbsp;<\/h2>\t\t\t\t<\/div>\n\t\t\t\t<div class=\"elementor-element elementor-element-4d07e8f elementor-widget elementor-widget-text-editor\" data-id=\"4d07e8f\" data-element_type=\"widget\" data-e-type=\"widget\" data-widget_type=\"text-editor.default\">\n\t\t\t\t\t\t\t\t\t<p><span style=\"font-weight: 400;\">El tipo de negocio les permiti\u00f3 viajar juntos por mucho tiempo, conocieron varias partes del territorio estadounidense \u201cEmpec\u00e9 a viajar junto \u00e9l, mientras me dedicaba a tomar \u00f3rdenes, cargas, papeler\u00eda y todo lo administrativo, mientras el en las reparaciones y contactos con choferes\u201d.<\/span><\/p><p><span style=\"font-weight: 400;\">La compa\u00f1\u00eda inici\u00f3 con un primer cami\u00f3n en el a\u00f1o 2,000. Con el pasar de los a\u00f1os lograron obtener tres camiones m\u00e1s d\u00e1ndole cobertura a sus clientes, la compa\u00f1\u00eda recoge y distribuye contenido seg\u00fan la empresa o contratista.\u00a0<\/span><\/p><p><span style=\"font-weight: 400;\">Por decisi\u00f3n com\u00fan parte de la compa\u00f1\u00eda fue vendida en el a\u00f1o 2019, a partir de esa fecha Ana qued\u00f3 como intermediaria de la compa\u00f1\u00eda. \u201cTengo la compa\u00f1\u00eda que fundamos, pero como br\u00f3ker (intermediaria) contacto a los choferes y tan pronto terminan el trabajo se les paga.\u201d.\u00a0<\/span><\/p><p><span style=\"font-weight: 400;\">La empat\u00eda y la comprensi\u00f3n son valores que a\u00fan mantienen en el ambiente laboral, familiar y social, el pilar del \u00e9xito del negocio se concentra en el apoyo mutuo y la perseverancia del caminar de Ana y Douglas.<\/span><\/p>\t\t\t\t\t\t\t\t<\/div>\n\t\t\t\t\t<\/div>\n\t\t<\/div>\n\t\t\t\t\t<\/div>\n\t\t<\/section>\n\t\t\t\t<section data-particle_enable=\"false\" data-particle-mobile-disabled=\"false\" class=\"elementor-section elementor-top-section elementor-element elementor-element-2aff856 elementor-section-boxed elementor-section-height-default elementor-section-height-default\" data-id=\"2aff856\" data-element_type=\"section\" data-e-type=\"section\">\n\t\t\t\t\t\t<div class=\"elementor-container elementor-column-gap-default\">\n\t\t\t\t\t<div class=\"elementor-column elementor-col-100 elementor-top-column elementor-element elementor-element-168246e\" data-id=\"168246e\" data-element_type=\"column\" data-e-type=\"column\">\n\t\t\t<div class=\"elementor-widget-wrap\">\n\t\t\t\t\t\t\t<\/div>\n\t\t<\/div>\n\t\t\t\t\t<\/div>\n\t\t<\/section>\n\t\t\t\t<section data-particle_enable=\"false\" data-particle-mobile-disabled=\"false\" class=\"elementor-section elementor-top-section elementor-element elementor-element-3ed6295 elementor-section-boxed elementor-section-height-default elementor-section-height-default\" data-id=\"3ed6295\" data-element_type=\"section\" data-e-type=\"section\">\n\t\t\t\t\t\t<div class=\"elementor-container elementor-column-gap-default\">\n\t\t\t\t\t<div class=\"elementor-column elementor-col-100 elementor-top-column elementor-element elementor-element-5e23a04\" data-id=\"5e23a04\" data-element_type=\"column\" data-e-type=\"column\">\n\t\t\t<div class=\"elementor-widget-wrap elementor-element-populated\">\n\t\t\t\t\t\t<div class=\"elementor-element elementor-element-bef06fd elementor-arrows-position-inside elementor-pagination-position-outside elementor-widget elementor-widget-image-carousel\" data-id=\"bef06fd\" data-element_type=\"widget\" data-e-type=\"widget\" data-settings=\"{&quot;slides_to_show&quot;:&quot;1&quot;,&quot;navigation&quot;:&quot;both&quot;,&quot;autoplay&quot;:&quot;yes&quot;,&quot;pause_on_hover&quot;:&quot;yes&quot;,&quot;pause_on_interaction&quot;:&quot;yes&quot;,&quot;autoplay_speed&quot;:5000,&quot;infinite&quot;:&quot;yes&quot;,&quot;effect&quot;:&quot;slide&quot;,&quot;speed&quot;:500}\" data-widget_type=\"image-carousel.default\">\n\t\t\t\t\t\t\t<div class=\"elementor-image-carousel-wrapper swiper\" role=\"region\" aria-roledescription=\"carousel\" aria-label=\"Carrusel de im\u00e1genes\" dir=\"ltr\">\n\t\t\t<div class=\"elementor-image-carousel swiper-wrapper\" aria-live=\"off\">\n\t\t\t\t\t\t\t\t<div class=\"swiper-slide\" role=\"group\" aria-roledescription=\"slide\" aria-label=\"1 de 2\"><figure class=\"swiper-slide-inner\"><img decoding=\"async\" class=\"swiper-slide-image\" src=\"https:\/\/soymigrante.com\/revista\/wp-content\/uploads\/2023\/10\/Los-esposos-recorrieron-grandes-distancias-en-Estados-Unidos-768x432.webp\" alt=\"Los esposos recorrieron grandes distancias en Estados Unidos\" \/><figcaption class=\"elementor-image-carousel-caption\">Los esposos recorrieron grandes distancias en Estados Unidos<\/figcaption><\/figure><\/div><div class=\"swiper-slide\" role=\"group\" aria-roledescription=\"slide\" aria-label=\"2 de 2\"><figure class=\"swiper-slide-inner\"><img decoding=\"async\" class=\"swiper-slide-image\" src=\"https:\/\/soymigrante.com\/revista\/wp-content\/uploads\/2023\/10\/La-compania-fue-fundada-en-el-ano-2000-brindo-varios-espacios-laborales--768x381.webp\" alt=\"La compa\u00f1\u00eda fue fundada en el a\u00f1o 2000 brind\u00f3 varios espacios laborales\" \/><figcaption class=\"elementor-image-carousel-caption\">La compa\u00f1\u00eda fue fundada en el a\u00f1o 2000 brind\u00f3 varios espacios laborales<\/figcaption><\/figure><\/div>\t\t\t<\/div>\n\t\t\t\t\t\t\t\t\t\t\t\t<div class=\"elementor-swiper-button elementor-swiper-button-prev\" role=\"button\" tabindex=\"0\">\n\t\t\t\t\t\t<i aria-hidden=\"true\" class=\"eicon-chevron-left\"><\/i>\t\t\t\t\t<\/div>\n\t\t\t\t\t<div class=\"elementor-swiper-button elementor-swiper-button-next\" role=\"button\" tabindex=\"0\">\n\t\t\t\t\t\t<i aria-hidden=\"true\" class=\"eicon-chevron-right\"><\/i>\t\t\t\t\t<\/div>\n\t\t\t\t\n\t\t\t\t\t\t\t\t\t<div class=\"swiper-pagination\"><\/div>\n\t\t\t\t\t\t\t\t\t<\/div>\n\t\t\t\t\t\t<\/div>\n\t\t\t\t\t<\/div>\n\t\t<\/div>\n\t\t\t\t\t<\/div>\n\t\t<\/section>\n\t\t\t\t<section data-particle_enable=\"false\" data-particle-mobile-disabled=\"false\" class=\"elementor-section elementor-top-section elementor-element elementor-element-86fbe2a elementor-section-boxed elementor-section-height-default elementor-section-height-default\" data-id=\"86fbe2a\" data-element_type=\"section\" data-e-type=\"section\">\n\t\t\t\t\t\t<div class=\"elementor-container elementor-column-gap-default\">\n\t\t\t\t\t<div class=\"elementor-column elementor-col-100 elementor-top-column elementor-element elementor-element-898e951\" data-id=\"898e951\" data-element_type=\"column\" data-e-type=\"column\">\n\t\t\t<div class=\"elementor-widget-wrap elementor-element-populated\">\n\t\t\t\t\t\t<div class=\"elementor-element elementor-element-b7ce45a elementor-widget elementor-widget-heading\" data-id=\"b7ce45a\" data-element_type=\"widget\" data-e-type=\"widget\" data-widget_type=\"heading.default\">\n\t\t\t\t\t<h2 class=\"elementor-heading-title elementor-size-default\">El amor de Ana y Douglas es la base<\/h2>\t\t\t\t<\/div>\n\t\t\t\t<div class=\"elementor-element elementor-element-734dbee elementor-widget elementor-widget-text-editor\" data-id=\"734dbee\" data-element_type=\"widget\" data-e-type=\"widget\" data-widget_type=\"text-editor.default\">\n\t\t\t\t\t\t\t\t\t<p><span style=\"font-weight: 400\">Ana y Douglas concretaron una historia de amor despu\u00e9s de varios desaf\u00edos primero el de sus padres y luego el de la vida, en una pista de baile escolar sus almas se unieron y nunca m\u00e1s se separaron. Formaron un hogar con sus dos hijos Ana Luisa y Douglas Halliday. Sonrojada exclam\u00f3: \u201cFue algo hermoso, fuimos amigos y luego nos enamoramos perdidamente, yo ten\u00eda 17 a\u00f1os, nos casamos cuando yo ten\u00eda 22 a\u00f1os\u201d.<\/span><\/p><p><span style=\"font-weight: 400\">Una de las etapas dif\u00edciles para Ana fue perder al amor de su vida, tras padecer una enfermedad, \u201cCinco a\u00f1os de mucha paciencia y sobre todo amor\u201d etapa en la que decidieron vender parte de la compa\u00f1\u00eda para dedicarse tiempo a s\u00ed mismos y disfrutar de la vida. Una etapa en la que compartieron recuerdos y crearon nuevos.<\/span><\/p><p><span style=\"font-weight: 400\">Con un nudo en la garganta coment\u00f3: \u201cAntes de morir me dijo que fuera feliz, que no llorara no ha sido nada f\u00e1cil, s\u00e9 que \u00e9l me acompa\u00f1a en mi coraz\u00f3n. Hace poco estaba en la oficina y encontr\u00e9 recuerdos muy bonitos, me hizo recordar buenos momentos\u201d. Ana y sus hijos tuvieron un momento intimo para despedir a Douglas.<\/span><\/p><p>\u00a0<\/p><p><span style=\"font-weight: 400\">El primer desaf\u00edo para Ana es continuar con el negocio que fundaron con su esposo, ahora lidera y est\u00e1 a cargo. Tambi\u00e9n dedica su tiempo con sus hijos, nietos y como parte de la empat\u00eda y aporte forma parte de los proyectos sociales para la comunidad migrante. \u201cAntes de la pandemia, recaudamos fondos para mandar ayuda a Guatemala y as\u00ed apoyamos diversas actividades que involucren a la comunidad radicada en Estados Unidos y en Guatemala\u201d agreg\u00f3 Ana.\u00a0<\/span><\/p><p><span style=\"font-weight: 400\">\u201cTener una compa\u00f1\u00eda de camiones era el sue\u00f1o de mi esposo, siempre lo ayude y apoye\u00a0 a cumplir su sue\u00f1o\u201d.\u00a0<\/span><\/p><p>\u00a0<\/p>\t\t\t\t\t\t\t\t<\/div>\n\t\t\t\t\t<\/div>\n\t\t<\/div>\n\t\t\t\t\t<\/div>\n\t\t<\/section>\n\t\t\t\t<section data-particle_enable=\"false\" data-particle-mobile-disabled=\"false\" class=\"elementor-section elementor-top-section elementor-element elementor-element-39153a8 elementor-section-boxed elementor-section-height-default elementor-section-height-default\" data-id=\"39153a8\" data-element_type=\"section\" data-e-type=\"section\">\n\t\t\t\t\t\t<div class=\"elementor-container elementor-column-gap-default\">\n\t\t\t\t\t<div class=\"elementor-column elementor-col-100 elementor-top-column elementor-element elementor-element-e1f40b7\" data-id=\"e1f40b7\" data-element_type=\"column\" data-e-type=\"column\">\n\t\t\t<div class=\"elementor-widget-wrap elementor-element-populated\">\n\t\t\t\t\t\t<div class=\"elementor-element elementor-element-eacae28 elementor-arrows-position-inside elementor-pagination-position-outside elementor-widget elementor-widget-image-carousel\" data-id=\"eacae28\" data-element_type=\"widget\" data-e-type=\"widget\" data-settings=\"{&quot;slides_to_show&quot;:&quot;1&quot;,&quot;navigation&quot;:&quot;both&quot;,&quot;autoplay&quot;:&quot;yes&quot;,&quot;pause_on_hover&quot;:&quot;yes&quot;,&quot;pause_on_interaction&quot;:&quot;yes&quot;,&quot;autoplay_speed&quot;:5000,&quot;infinite&quot;:&quot;yes&quot;,&quot;effect&quot;:&quot;slide&quot;,&quot;speed&quot;:500}\" data-widget_type=\"image-carousel.default\">\n\t\t\t\t\t\t\t<div class=\"elementor-image-carousel-wrapper swiper\" role=\"region\" aria-roledescription=\"carousel\" aria-label=\"Carrusel de im\u00e1genes\" dir=\"ltr\">\n\t\t\t<div class=\"elementor-image-carousel swiper-wrapper\" aria-live=\"off\">\n\t\t\t\t\t\t\t\t<div class=\"swiper-slide\" role=\"group\" aria-roledescription=\"slide\" aria-label=\"1 de 3\"><figure class=\"swiper-slide-inner\"><img decoding=\"async\" class=\"swiper-slide-image\" src=\"https:\/\/soymigrante.com\/revista\/wp-content\/uploads\/2023\/10\/El-legado-de-amor-permanece-en-cartas-fotografias-y-recuerdos-que-compartieron-desde-jovenes--760x1024.webp\" alt=\"El legado de amor permanece en cartas, fotograf\u00edas y recuerdos que compartieron desde j\u00f3venes\" \/><figcaption class=\"elementor-image-carousel-caption\">El legado de amor permanece en cartas, fotograf\u00edas y recuerdos que compartieron desde j\u00f3venes<\/figcaption><\/figure><\/div><div class=\"swiper-slide\" role=\"group\" aria-roledescription=\"slide\" aria-label=\"2 de 3\"><figure class=\"swiper-slide-inner\"><img decoding=\"async\" class=\"swiper-slide-image\" src=\"https:\/\/soymigrante.com\/revista\/wp-content\/uploads\/2023\/10\/Ana-y-Douglas-se-conocieron-desde-jovenes-formaron-una-familia-y-se-establecieron-en-Miami-Estados-Unidos--768x1024.webp\" alt=\"Ana y Douglas se conocieron desde j\u00f3venes formaron una familia y se establecieron en Miami Estados Unidos\" \/><figcaption class=\"elementor-image-carousel-caption\">Ana y Douglas se conocieron desde j\u00f3venes formaron una familia y se establecieron en Miami Estados Unidos<\/figcaption><\/figure><\/div><div class=\"swiper-slide\" role=\"group\" aria-roledescription=\"slide\" aria-label=\"3 de 3\"><figure class=\"swiper-slide-inner\"><img decoding=\"async\" class=\"swiper-slide-image\" src=\"https:\/\/soymigrante.com\/revista\/wp-content\/uploads\/2023\/10\/Los-recuerdos-permanecen-en-fotografias-Ana-y-Douglas-en-epoca-de-novios--819x1024.webp\" alt=\"Los recuerdos permanecen en fotograf\u00edas Ana y Douglas en \u00e9poca de novios\" \/><figcaption class=\"elementor-image-carousel-caption\">Los recuerdos permanecen en fotograf\u00edas Ana y Douglas en \u00e9poca de novios<\/figcaption><\/figure><\/div>\t\t\t<\/div>\n\t\t\t\t\t\t\t\t\t\t\t\t<div class=\"elementor-swiper-button elementor-swiper-button-prev\" role=\"button\" tabindex=\"0\">\n\t\t\t\t\t\t<i aria-hidden=\"true\" class=\"eicon-chevron-left\"><\/i>\t\t\t\t\t<\/div>\n\t\t\t\t\t<div class=\"elementor-swiper-button elementor-swiper-button-next\" role=\"button\" tabindex=\"0\">\n\t\t\t\t\t\t<i aria-hidden=\"true\" class=\"eicon-chevron-right\"><\/i>\t\t\t\t\t<\/div>\n\t\t\t\t\n\t\t\t\t\t\t\t\t\t<div class=\"swiper-pagination\"><\/div>\n\t\t\t\t\t\t\t\t\t<\/div>\n\t\t\t\t\t\t<\/div>\n\t\t\t\t\t<\/div>\n\t\t<\/div>\n\t\t\t\t\t<\/div>\n\t\t<\/section>\n\t\t\t\t<section data-particle_enable=\"false\" data-particle-mobile-disabled=\"false\" class=\"elementor-section elementor-top-section elementor-element elementor-element-6a3b5e9 elementor-section-boxed elementor-section-height-default elementor-section-height-default\" data-id=\"6a3b5e9\" data-element_type=\"section\" data-e-type=\"section\">\n\t\t\t\t\t\t<div class=\"elementor-container elementor-column-gap-default\">\n\t\t\t\t\t<div class=\"elementor-column elementor-col-100 elementor-top-column elementor-element elementor-element-f65b09d\" data-id=\"f65b09d\" data-element_type=\"column\" data-e-type=\"column\">\n\t\t\t<div class=\"elementor-widget-wrap elementor-element-populated\">\n\t\t\t\t\t\t<div class=\"elementor-element elementor-element-d99da74 elementor-widget elementor-widget-testimonial\" data-id=\"d99da74\" data-element_type=\"widget\" data-e-type=\"widget\" data-widget_type=\"testimonial.default\">\n\t\t\t\t\t\t\t<div class=\"elementor-testimonial-wrapper\">\n\t\t\t\t\t\t\t<div class=\"elementor-testimonial-content\">\u201cPara quien quiere migrar, no es f\u00e1cil, sugiero salir adelante en Guatemala, busquen una oportunidad y para quienes est\u00e1n aqu\u00ed en Estados Unidos que trabajen y traten de organizar sus gastos para invertirlos o ahorrarlos y tener una base para construir un futuro. Tambi\u00e9n es importante apoyarnos como guatemaltecos\u201d<\/div>\n\t\t\t\n\t\t\t\t\t\t<div class=\"elementor-testimonial-meta elementor-has-image elementor-testimonial-image-position-aside\">\n\t\t\t\t<div class=\"elementor-testimonial-meta-inner\">\n\t\t\t\t\t\t\t\t\t\t\t<div class=\"elementor-testimonial-image\">\n\t\t\t\t\t\t\t<img decoding=\"async\" width=\"533\" height=\"755\" src=\"https:\/\/soymigrante.com\/revista\/wp-content\/uploads\/2023\/10\/Tener-una-compania-de-camiones-era-el-sueno-de-mi-esposo-siempre-lo-ayude-y-apoye-a-cumplir-su-sueno-e1698178664671.webp\" class=\"attachment-full size-full wp-image-3071\" alt=\"\u201cTener una compa\u00f1\u00eda de camiones era el sue\u00f1o de mi esposo, siempre lo ayude y apoye a cumplir su sue\u00f1o\u201d\" title=\"\u201cTener una compa\u00f1\u00eda de camiones era el sue\u00f1o de mi esposo, siempre lo ayude y apoye a cumplir su sue\u00f1o\u201d \u2013 SoyMigrante.com REVISTA\" srcset=\"https:\/\/soymigrante.com\/revista\/wp-content\/uploads\/2023\/10\/Tener-una-compania-de-camiones-era-el-sueno-de-mi-esposo-siempre-lo-ayude-y-apoye-a-cumplir-su-sueno-e1698178664671.webp 533w, https:\/\/soymigrante.com\/revista\/wp-content\/uploads\/2023\/10\/Tener-una-compania-de-camiones-era-el-sueno-de-mi-esposo-siempre-lo-ayude-y-apoye-a-cumplir-su-sueno-e1698178664671-212x300.webp 212w\" sizes=\"(max-width: 533px) 100vw, 533px\" \/>\t\t\t\t\t\t<\/div>\n\t\t\t\t\t\n\t\t\t\t\t\t\t\t\t\t<div class=\"elementor-testimonial-details\">\n\t\t\t\t\t\t\t\t\t\t\t\t\t\t<div class=\"elementor-testimonial-name\">Ana Halliday<\/div>\n\t\t\t\t\t\t\t\t\t\t\t\t\t\t\t\t\t\t\t\t\t\t<div class=\"elementor-testimonial-job\">Migrante guatemalteca<\/div>\n\t\t\t\t\t\t\t\t\t\t\t\t\t<\/div>\n\t\t\t\t\t\t\t\t\t<\/div>\n\t\t\t<\/div>\n\t\t\t\t\t<\/div>\n\t\t\t\t\t\t<\/div>\n\t\t\t\t\t<\/div>\n\t\t<\/div>\n\t\t\t\t\t<\/div>\n\t\t<\/section>\n\t\t\t\t<section data-particle_enable=\"false\" data-particle-mobile-disabled=\"false\" class=\"elementor-section elementor-top-section elementor-element elementor-element-9c34962 elementor-section-boxed elementor-section-height-default elementor-section-height-default\" data-id=\"9c34962\" data-element_type=\"section\" data-e-type=\"section\">\n\t\t\t\t\t\t<div class=\"elementor-container elementor-column-gap-default\">\n\t\t\t\t\t<div class=\"elementor-column elementor-col-100 elementor-top-column elementor-element elementor-element-833de79\" data-id=\"833de79\" data-element_type=\"column\" data-e-type=\"column\">\n\t\t\t<div class=\"elementor-widget-wrap elementor-element-populated\">\n\t\t\t\t\t\t<div class=\"elementor-element elementor-element-b5f91aa elementor-widget elementor-widget-heading\" data-id=\"b5f91aa\" data-element_type=\"widget\" data-e-type=\"widget\" data-widget_type=\"heading.default\">\n\t\t\t\t\t<h2 class=\"elementor-heading-title elementor-size-default\">M\u00e1s historias llenas de inspiraci\u00f3n <\/h2>\t\t\t\t<\/div>\n\t\t\t\t\t<\/div>\n\t\t<\/div>\n\t\t\t\t\t<\/div>\n\t\t<\/section>\n\t\t\t\t<section data-particle_enable=\"false\" data-particle-mobile-disabled=\"false\" class=\"elementor-section elementor-top-section elementor-element elementor-element-9f0f03a elementor-section-boxed elementor-section-height-default elementor-section-height-default\" data-id=\"9f0f03a\" data-element_type=\"section\" data-e-type=\"section\">\n\t\t\t\t\t\t<div class=\"elementor-container elementor-column-gap-default\">\n\t\t\t\t\t<div class=\"elementor-column elementor-col-100 elementor-top-column elementor-element elementor-element-e1ef058\" data-id=\"e1ef058\" data-element_type=\"column\" data-e-type=\"column\">\n\t\t\t<div class=\"elementor-widget-wrap elementor-element-populated\">\n\t\t\t\t\t\t<div class=\"elementor-element elementor-element-c20544d elementor-grid-eael-col-2 elementor-grid-tablet-eael-col-2 elementor-grid-mobile-eael-col-1 elementor-widget elementor-widget-eael-post-grid\" data-id=\"c20544d\" data-element_type=\"widget\" data-e-type=\"widget\" data-settings=\"{&quot;eael_post_grid_columns&quot;:&quot;eael-col-2&quot;,&quot;eael_post_grid_columns_tablet&quot;:&quot;eael-col-2&quot;,&quot;eael_post_grid_columns_mobile&quot;:&quot;eael-col-1&quot;}\" data-widget_type=\"eael-post-grid.default\">\n\t\t\t\t\t<div id=\"eael-post-grid-c20544d\" class=\"eael-post-grid-container\">\n            <div class=\"eael-post-grid eael-post-appender eael-post-appender-c20544d eael-post-grid-style-one\" data-layout-mode=\"masonry\"><article class=\"eael-grid-post  eael-post-grid-column eael-pg-post-1862 category-guate-nuestra\" data-id=\"1862\">\n        <div class=\"eael-grid-post-holder\">\n            <div class=\"eael-grid-post-holder-inner\"><div class=\"eael-entry-media\"><div class=\"eael-entry-overlay fade-in\"><i class=\"fas fa-long-arrow-alt-right\" aria-hidden=\"true\"><\/i><a href=\"https:\/\/soymigrante.com\/revista\/rigoberto-estafa-coyote-exito-tejidos\/\"><\/a><\/div><div class=\"eael-entry-thumbnail \">\n                <img loading=\"lazy\" decoding=\"async\" width=\"300\" height=\"200\" src=\"https:\/\/soymigrante.com\/revista\/wp-content\/uploads\/2023\/07\/Rigoberto-n-su-taller-de-textil-1-300x200.webp\" class=\"attachment-medium size-medium wp-image-1904\" alt=\"\" srcset=\"https:\/\/soymigrante.com\/revista\/wp-content\/uploads\/2023\/07\/Rigoberto-n-su-taller-de-textil-1-300x200.webp 300w, https:\/\/soymigrante.com\/revista\/wp-content\/uploads\/2023\/07\/Rigoberto-n-su-taller-de-textil-1-1024x682.webp 1024w, https:\/\/soymigrante.com\/revista\/wp-content\/uploads\/2023\/07\/Rigoberto-n-su-taller-de-textil-1-768x512.webp 768w, https:\/\/soymigrante.com\/revista\/wp-content\/uploads\/2023\/07\/Rigoberto-n-su-taller-de-textil-1-750x500.webp 750w, https:\/\/soymigrante.com\/revista\/wp-content\/uploads\/2023\/07\/Rigoberto-n-su-taller-de-textil-1-1140x760.webp 1140w, https:\/\/soymigrante.com\/revista\/wp-content\/uploads\/2023\/07\/Rigoberto-n-su-taller-de-textil-1-600x400.webp 600w, https:\/\/soymigrante.com\/revista\/wp-content\/uploads\/2023\/07\/Rigoberto-n-su-taller-de-textil-1.webp 1280w\" sizes=\"(max-width: 300px) 100vw, 300px\" \/>\n            <\/div>\n        <\/div><div class=\"eael-entry-wrapper\"><header class=\"eael-entry-header\"><h2 class=\"eael-entry-title\"><a class=\"eael-grid-post-link\" href=\"https:\/\/soymigrante.com\/revista\/rigoberto-estafa-coyote-exito-tejidos\/\" title=\"Rigoberto: De estafa migratoria a \u00e9xito en tejidos\">Rigoberto: De estafa migratoria a \u00e9xito en tejidos<\/a><\/h2><\/header><\/div><\/div>\n        <\/div>\n    <\/article><article class=\"eael-grid-post  eael-post-grid-column eael-pg-post-229 category-exitos\" data-id=\"229\">\n        <div class=\"eael-grid-post-holder\">\n            <div class=\"eael-grid-post-holder-inner\"><div class=\"eael-entry-media\"><div class=\"eael-entry-overlay fade-in\"><i class=\"fas fa-long-arrow-alt-right\" aria-hidden=\"true\"><\/i><a href=\"https:\/\/soymigrante.com\/revista\/susana-madrigal-por-a-barahona\/\"><\/a><\/div><div class=\"eael-entry-thumbnail \">\n                <img loading=\"lazy\" decoding=\"async\" width=\"300\" height=\"225\" src=\"https:\/\/soymigrante.com\/revista\/wp-content\/uploads\/2023\/02\/1-EXITOS-MADRIGAL-2-1-300x225.webp\" class=\"attachment-medium size-medium wp-image-230\" alt=\"\" srcset=\"https:\/\/soymigrante.com\/revista\/wp-content\/uploads\/2023\/02\/1-EXITOS-MADRIGAL-2-1-300x225.webp 300w, https:\/\/soymigrante.com\/revista\/wp-content\/uploads\/2023\/02\/1-EXITOS-MADRIGAL-2-1-768x576.jpeg 768w, https:\/\/soymigrante.com\/revista\/wp-content\/uploads\/2023\/02\/1-EXITOS-MADRIGAL-2-1-750x563.webp 750w, https:\/\/soymigrante.com\/revista\/wp-content\/uploads\/2023\/02\/1-EXITOS-MADRIGAL-2-1.webp 1024w\" sizes=\"(max-width: 300px) 100vw, 300px\" \/>\n            <\/div>\n        <\/div><div class=\"eael-entry-wrapper\"><header class=\"eael-entry-header\"><h2 class=\"eael-entry-title\"><a class=\"eael-grid-post-link\" href=\"https:\/\/soymigrante.com\/revista\/susana-madrigal-por-a-barahona\/\" title=\"Susana Madrigal: madre, esposa y emprendedora\">Susana Madrigal: madre, esposa y emprendedora<\/a><\/h2><\/header><\/div><\/div>\n        <\/div>\n    <\/article><\/div>\n            <div class=\"clearfix\"><\/div>\n        <\/div>\t\t\t\t<\/div>\n\t\t\t\t\t<\/div>\n\t\t<\/div>\n\t\t\t\t\t<\/div>\n\t\t<\/section>\n\t\t\t\t<\/div>\n\t\t","protected":false},"excerpt":{"rendered":"<p>Ana Halliday es madre, emprendedora y activista migrante guatemalteca, mantiene el legado de amor en su familia y apoyo a los guatemaltecos Los esposos Halliday fundaron la compa\u00f1\u00eda de trasportes en Estados Unidos siendo este una empresa de \u00e9xito en el pa\u00eds, Douglas falleci\u00f3 hace cinco a\u00f1os, su esposa Ana lidera ahora parte de la [&hellip;]<\/p>\n","protected":false},"author":10,"featured_media":3084,"comment_status":"open","ping_status":"open","sticky":false,"template":"","format":"standard","meta":{"_acf_changed":false,"_eb_attr":"","footnotes":""},"categories":[50],"tags":[],"class_list":["post-3070","post","type-post","status-publish","format-standard","has-post-thumbnail","hentry","category-exitos"],"acf":[],"aioseo_notices":[],"aioseo_head":"\n\t\t<!-- All in One SEO Pro 4.9.6.2 - aioseo.com -->\n\t<meta name=\"description\" content=\"Susana Madrigales de Montenegro, actualmente reside en Chicago, Illinois desde hace 25 a\u00f1os, es esposa de Jorge Montenegro con quien se cas\u00f3 en el a\u00f1o 1994 y con quien procre\u00f3 a sus dos hijos, Douglas de 27 a\u00f1os y Eunice de 25 a\u00f1os.\" \/>\n\t<meta name=\"robots\" content=\"max-snippet:-1, max-image-preview:large, max-video-preview:-1\" \/>\n\t<meta name=\"author\" content=\"SoyMigrante.com REVISTA\"\/>\n\t<link rel=\"canonical\" href=\"https:\/\/soymigrante.com\/revista\/susana-madrigal-por-a-barahona\/\" \/>\n\t<meta name=\"generator\" content=\"All in One SEO Pro (AIOSEO) 4.9.6.2\" \/>\n\n\t\t<link rel=\"preconnect\" href=\"https:\/\/fonts.googleapis.com\" crossorigin>\n<link rel=\"preconnect\" href=\"https:\/\/fonts.gstatic.com\" crossorigin>\n\t\t<meta property=\"og:locale\" content=\"es_ES\" \/>\n\t\t<meta property=\"og:site_name\" content=\"SoyMigrante.com REVISTA \u2013 Nuestra misi\u00f3n es reconocer y dignificar al migrante.\" \/>\n\t\t<meta property=\"og:type\" content=\"article\" \/>\n\t\t<meta property=\"og:title\" content=\"Susana Madrigal: madre, esposa y emprendedora\" \/>\n\t\t<meta property=\"og:description\" content=\"Susana Madrigales de Montenegro, actualmente reside en Chicago, Illinois desde hace 25 a\u00f1os, es esposa de Jorge Montenegro con quien se cas\u00f3 en el a\u00f1o 1994 y con quien procre\u00f3 a sus dos hijos, Douglas de 27 a\u00f1os y Eunice de 25 a\u00f1os.\" \/>\n\t\t<meta property=\"og:url\" content=\"https:\/\/soymigrante.com\/revista\/susana-madrigal-por-a-barahona\/\" \/>\n\t\t<meta property=\"og:image\" content=\"https:\/\/soymigrante.com\/revista\/wp-content\/uploads\/2023\/02\/1-EXITOS-MADRIGAL-2-1.webp\" \/>\n\t\t<meta property=\"og:image:secure_url\" content=\"https:\/\/soymigrante.com\/revista\/wp-content\/uploads\/2023\/02\/1-EXITOS-MADRIGAL-2-1.webp\" \/>\n\t\t<meta property=\"og:image:width\" content=\"1024\" \/>\n\t\t<meta property=\"og:image:height\" content=\"768\" \/>\n\t\t<meta property=\"article:published_time\" content=\"2023-05-26T00:50:14+00:00\" \/>\n\t\t<meta property=\"article:modified_time\" content=\"2024-06-25T22:20:44+00:00\" \/>\n\t\t<meta property=\"article:publisher\" content=\"https:\/\/www.facebook.com\/soymigrantecom\" \/>\n\t\t<meta name=\"twitter:card\" content=\"summary_large_image\" \/>\n\t\t<meta name=\"twitter:site\" content=\"@SoyMigrante_com\" \/>\n\t\t<meta name=\"twitter:title\" content=\"Susana Madrigal: madre, esposa y emprendedora\" \/>\n\t\t<meta name=\"twitter:description\" content=\"Susana Madrigales de Montenegro, actualmente reside en Chicago, Illinois desde hace 25 a\u00f1os, es esposa de Jorge Montenegro con quien se cas\u00f3 en el a\u00f1o 1994 y con quien procre\u00f3 a sus dos hijos, Douglas de 27 a\u00f1os y Eunice de 25 a\u00f1os.\" \/>\n\t\t<meta name=\"twitter:creator\" content=\"@SoyMigrante_com\" \/>\n\t\t<meta name=\"twitter:image\" content=\"https:\/\/soymigrante.com\/revista\/wp-content\/uploads\/2023\/02\/1-EXITOS-MADRIGAL-2-1.webp\" \/>\n\t\t<!-- All in One SEO Pro -->\r\n\t\t<title>Susana Madrigal: madre, esposa y emprendedora<\/title>\n\n","aioseo_head_json":{"title":"Susana Madrigal: madre, esposa y emprendedora","description":"Susana Madrigales de Montenegro, actualmente reside en Chicago, Illinois desde hace 25 a\u00f1os, es esposa de Jorge Montenegro con quien se cas\u00f3 en el a\u00f1o 1994 y con quien procre\u00f3 a sus dos hijos, Douglas de 27 a\u00f1os y Eunice de 25 a\u00f1os.","canonical_url":"https:\/\/soymigrante.com\/revista\/susana-madrigal-por-a-barahona\/","robots":"max-snippet:-1, max-image-preview:large, max-video-preview:-1","keywords":"","webmasterTools":{"miscellaneous":"&lt;link rel=\"preconnect\" href=\"https:\/\/fonts.googleapis.com\" crossorigin&gt;\n&lt;link rel=\"preconnect\" href=\"https:\/\/fonts.gstatic.com\" crossorigin&gt;"},"schema":null,"og:locale":"es_ES","og:site_name":"SoyMigrante.com REVISTA \u2013 Nuestra misi\u00f3n es reconocer y dignificar al migrante.","og:type":"article","og:title":"Susana Madrigal: madre, esposa y emprendedora","og:description":"Susana Madrigales de Montenegro, actualmente reside en Chicago, Illinois desde hace 25 a\u00f1os, es esposa de Jorge Montenegro con quien se cas\u00f3 en el a\u00f1o 1994 y con quien procre\u00f3 a sus dos hijos, Douglas de 27 a\u00f1os y Eunice de 25 a\u00f1os.","og:url":"https:\/\/soymigrante.com\/revista\/susana-madrigal-por-a-barahona\/","og:image":"https:\/\/soymigrante.com\/revista\/wp-content\/uploads\/2023\/02\/1-EXITOS-MADRIGAL-2-1.webp","og:image:secure_url":"https:\/\/soymigrante.com\/revista\/wp-content\/uploads\/2023\/02\/1-EXITOS-MADRIGAL-2-1.webp","og:image:width":1024,"og:image:height":768,"article:published_time":"2023-05-26T00:50:14+00:00","article:modified_time":"2024-06-25T22:20:44+00:00","article:publisher":"https:\/\/www.facebook.com\/soymigrantecom","twitter:card":"summary_large_image","twitter:site":"@SoyMigrante_com","twitter:title":"Susana Madrigal: madre, esposa y emprendedora","twitter:description":"Susana Madrigales de Montenegro, actualmente reside en Chicago, Illinois desde hace 25 a\u00f1os, es esposa de Jorge Montenegro con quien se cas\u00f3 en el a\u00f1o 1994 y con quien procre\u00f3 a sus dos hijos, Douglas de 27 a\u00f1os y Eunice de 25 a\u00f1os.","twitter:creator":"@SoyMigrante_com","twitter:image":"https:\/\/soymigrante.com\/revista\/wp-content\/uploads\/2023\/02\/1-EXITOS-MADRIGAL-2-1.webp"},"aioseo_meta_data":{"post_id":"3070","title":"Migrante guatemalteca Ana Halliday lleva el legado de amor","description":"#post_excerpt Ana Halliday es madre, emprendedora y activista migrante guatemalteca, mantiene el legado de amor en su familia y apoyo a los guatemaltecos","keywords":[],"keyphrases":{"focus":{"keyphrase":"migrante","score":74,"analysis":{"keyphraseInTitle":{"score":9,"maxScore":9,"error":0},"keyphraseInDescription":{"score":9,"maxScore":9,"error":0},"keyphraseLength":{"score":9,"maxScore":9,"error":0,"length":1},"keyphraseInURL":{"score":5,"maxScore":5,"error":0},"keyphraseInIntroduction":{"score":3,"maxScore":9,"error":1},"keyphraseInSubHeadings":{"score":3,"maxScore":9,"error":1},"keyphraseInImageAlt":{"score":3,"maxScore":9,"error":1},"keywordDensity":{"type":"best","score":9,"maxScore":9,"error":0}}},"additional":[]},"primary_term":null,"canonical_url":null,"og_title":null,"og_description":null,"og_object_type":"default","og_image_type":"default","og_image_url":null,"og_image_width":null,"og_image_height":null,"og_image_custom_url":null,"og_image_custom_fields":null,"og_video":"","og_custom_url":null,"og_article_section":null,"og_article_tags":[],"twitter_use_og":false,"twitter_card":"default","twitter_image_type":"default","twitter_image_url":null,"twitter_image_custom_url":null,"twitter_image_custom_fields":null,"twitter_title":null,"twitter_description":null,"schema":{"blockGraphs":[],"customGraphs":[],"default":{"data":{"Article":[],"Course":[],"Dataset":[],"FAQPage":[],"Movie":[],"Person":[],"Product":[],"ProductReview":[],"Car":[],"Recipe":[],"Service":[],"SoftwareApplication":[],"WebPage":[]},"graphName":"BlogPosting","isEnabled":true},"graphs":[]},"schema_type":"default","schema_type_options":null,"pillar_content":false,"robots_default":true,"robots_noindex":false,"robots_noarchive":false,"robots_nosnippet":false,"robots_nofollow":false,"robots_noimageindex":false,"robots_noodp":false,"robots_notranslate":false,"robots_max_snippet":"-1","robots_max_videopreview":"-1","robots_max_imagepreview":"large","priority":null,"frequency":"default","local_seo":null,"seo_analyzer_scan_date":"2025-10-08 20:35:31","breadcrumb_settings":null,"limit_modified_date":false,"reviewed_by":null,"open_ai":null,"ai":null,"created":"2023-10-24 19:42:00","updated":"2026-02-04 09:50:22"},"aioseo_breadcrumb":"<div class=\"aioseo-breadcrumbs\"><span class=\"aioseo-breadcrumb\">\n\t<a href=\"https:\/\/soymigrante.com\/revista\" title=\"Home\">Home<\/a>\n<\/span><span class=\"aioseo-breadcrumb-separator\">\u00bb<\/span><span class=\"aioseo-breadcrumb\">\n\t<a href=\"https:\/\/soymigrante.com\/revista\/category\/exitos\/\" title=\"\u00c9xitos\">\u00c9xitos<\/a>\n<\/span><span class=\"aioseo-breadcrumb-separator\">\u00bb<\/span><span class=\"aioseo-breadcrumb\">\n\tMigrante guatemalteca Ana Halliday transporta un legado de amor\n<\/span><\/div>","aioseo_breadcrumb_json":[{"label":"Home","link":"https:\/\/soymigrante.com\/revista"},{"label":"\u00c9xitos","link":"https:\/\/soymigrante.com\/revista\/category\/exitos\/"},{"label":"Migrante guatemalteca Ana Halliday transporta un legado de amor","link":"https:\/\/soymigrante.com\/revista\/migrante-guatemalteca-ana-halliday-lleva-el-legado-de-amor\/"}],"_links":{"self":[{"href":"https:\/\/soymigrante.com\/revista\/wp-json\/wp\/v2\/posts\/3070","targetHints":{"allow":["GET"]}}],"collection":[{"href":"https:\/\/soymigrante.com\/revista\/wp-json\/wp\/v2\/posts"}],"about":[{"href":"https:\/\/soymigrante.com\/revista\/wp-json\/wp\/v2\/types\/post"}],"author":[{"embeddable":true,"href":"https:\/\/soymigrante.com\/revista\/wp-json\/wp\/v2\/users\/10"}],"replies":[{"embeddable":true,"href":"https:\/\/soymigrante.com\/revista\/wp-json\/wp\/v2\/comments?post=3070"}],"version-history":[{"count":0,"href":"https:\/\/soymigrante.com\/revista\/wp-json\/wp\/v2\/posts\/3070\/revisions"}],"wp:featuredmedia":[{"embeddable":true,"href":"https:\/\/soymigrante.com\/revista\/wp-json\/wp\/v2\/media\/3084"}],"wp:attachment":[{"href":"https:\/\/soymigrante.com\/revista\/wp-json\/wp\/v2\/media?parent=3070"}],"wp:term":[{"taxonomy":"category","embeddable":true,"href":"https:\/\/soymigrante.com\/revista\/wp-json\/wp\/v2\/categories?post=3070"},{"taxonomy":"post_tag","embeddable":true,"href":"https:\/\/soymigrante.com\/revista\/wp-json\/wp\/v2\/tags?post=3070"}],"curies":[{"name":"wp","href":"https:\/\/api.w.org\/{rel}","templated":true}]}}