{"id":30622,"date":"2025-04-11T07:00:00","date_gmt":"2025-04-11T13:00:00","guid":{"rendered":"https:\/\/soymigrante.com\/revista\/?p=30622"},"modified":"2025-04-16T23:41:43","modified_gmt":"2025-04-17T05:41:43","slug":"educacion-en-pertinencia-ambiental-y-respeto-a-la-naturaleza-es-clave-para-el-futuro","status":"publish","type":"post","link":"https:\/\/soymigrante.com\/revista\/educacion-en-pertinencia-ambiental-y-respeto-a-la-naturaleza-es-clave-para-el-futuro\/","title":{"rendered":"Educaci\u00f3n  en pertinencia ambiental y respeto a la naturaleza es clave para el futuro"},"content":{"rendered":"\t\t<div data-elementor-type=\"wp-post\" data-elementor-id=\"30622\" class=\"elementor elementor-30622\" data-elementor-post-type=\"post\">\n\t\t\t\t<div data-particle_enable=\"false\" data-particle-mobile-disabled=\"false\" class=\"elementor-element elementor-element-0e7e3c3 e-flex e-con-boxed e-con e-parent\" data-id=\"0e7e3c3\" data-element_type=\"container\" data-e-type=\"container\">\n\t\t\t\t\t<div class=\"e-con-inner\">\n\t\t\t\t<div class=\"elementor-element elementor-element-df03210 elementor-widget elementor-widget-heading\" data-id=\"df03210\" data-element_type=\"widget\" data-e-type=\"widget\" data-widget_type=\"heading.default\">\n\t\t\t\t\t<h2 class=\"elementor-heading-title elementor-size-default\">En estos tiempos se debe aprender a tener una crianza para la resiliencia clim\u00e1tica, con ello se debe educar a los ni\u00f1os para un futuro sostenible. \n<\/h2>\t\t\t\t<\/div>\n\t\t\t\t\t<\/div>\n\t\t\t\t<\/div>\n\t\t<div data-particle_enable=\"false\" data-particle-mobile-disabled=\"false\" class=\"elementor-element elementor-element-a31da51 e-flex e-con-boxed e-con e-parent\" data-id=\"a31da51\" data-element_type=\"container\" data-e-type=\"container\">\n\t\t\t\t\t<div class=\"e-con-inner\">\n\t\t\t\t<div class=\"elementor-element elementor-element-c5decf3 elementor-widget elementor-widget-text-editor\" data-id=\"c5decf3\" data-element_type=\"widget\" data-e-type=\"widget\" data-widget_type=\"text-editor.default\">\n\t\t\t\t\t\t\t\t\t<p>En un mundo cada vez m\u00e1s afectado por el cambio clim\u00e1tico, <a href=\"https:\/\/soymigrante.com\/revista\/ensenar-a-los-ninos-a-identificar-las-emociones-puede-fortalecerlos\/\" target=\"_blank\" rel=\"noopener\">ense\u00f1ar a los ni\u00f1os sobre sostenibilidad, conservaci\u00f3n y preparaci\u00f3n ante desastres naturales se convierte en una prioridad<\/a> urgente para las familias y comunidades.<\/p><p>Los fen\u00f3menos clim\u00e1ticos extremos, como huracanes, incendios forestales, sequ\u00edas y tormentas, ya no son eventos aislados. Son parte de una nueva realidad que afecta a millones de personas en todo el mundo. En este contexto, surge una necesidad clave: educar a las futuras generaciones para que no solo comprendan los retos del clima, sino que tambi\u00e9n desarrollen habilidades para adaptarse, resistir y actuar con conciencia. Es lo que muchos llaman crianza para la resiliencia clim\u00e1tica.<\/p><p><a href=\"https:\/\/soymigrante.com\/revista\/ensenar-a-los-ninos-a-identificar-las-emociones-puede-fortalecerlos\/\" target=\"_blank\" rel=\"noopener\">Esta forma de crianza no se trata \u00fanicamente de inculcar h\u00e1bitos \u201cverdes\u201d, sino de formar ni\u00f1os y ni\u00f1as capaces<\/a> de enfrentar un entorno cambiante con herramientas pr\u00e1cticas y emocionales. Seg\u00fan expertos en sostenibilidad y pedagog\u00eda, comenzar desde casa es el primer paso.<\/p>\t\t\t\t\t\t\t\t<\/div>\n\t\t\t\t\t<\/div>\n\t\t\t\t<\/div>\n\t\t<div data-particle_enable=\"false\" data-particle-mobile-disabled=\"false\" class=\"elementor-element elementor-element-df1d62d e-flex e-con-boxed e-con e-parent\" data-id=\"df1d62d\" data-element_type=\"container\" data-e-type=\"container\">\n\t\t\t\t\t<div class=\"e-con-inner\">\n\t\t\t\t<div class=\"elementor-element elementor-element-26f100a elementor-widget elementor-widget-heading\" data-id=\"26f100a\" data-element_type=\"widget\" data-e-type=\"widget\" data-widget_type=\"heading.default\">\n\t\t\t\t\t<h3 class=\"elementor-heading-title elementor-size-default\">Sostenibilidad desde peque\u00f1os<\/h3>\t\t\t\t<\/div>\n\t\t\t\t\t<\/div>\n\t\t\t\t<\/div>\n\t\t<div data-particle_enable=\"false\" data-particle-mobile-disabled=\"false\" class=\"elementor-element elementor-element-9818f68 e-flex e-con-boxed e-con e-parent\" data-id=\"9818f68\" data-element_type=\"container\" data-e-type=\"container\">\n\t\t\t\t\t<div class=\"e-con-inner\">\n\t\t\t\t<div class=\"elementor-element elementor-element-542d978 elementor-widget elementor-widget-text-editor\" data-id=\"542d978\" data-element_type=\"widget\" data-e-type=\"widget\" data-widget_type=\"text-editor.default\">\n\t\t\t\t\t\t\t\t\t<p>Una de las bases de la resiliencia clim\u00e1tica es ense\u00f1ar a los ni\u00f1os sobre sostenibilidad: c\u00f3mo sus acciones afectan al planeta y c\u00f3mo pueden tomar decisiones responsables. \u201cDesde apagar la luz al salir de una habitaci\u00f3n hasta entender por qu\u00e9 es mejor usar una botella reutilizable, cada peque\u00f1o gesto cuenta\u201d, afirma Ana Marroqu\u00edn, educadora ambiental.<\/p><p><a href=\"https:\/\/soymigrante.com\/revista\/ensenar-a-los-ninos-a-identificar-las-emociones-puede-fortalecerlos\/\" target=\"_blank\" rel=\"noopener\">Los juegos, los cuentos y las experiencias cotidianas son grandes aliados.<\/a> Ense\u00f1ar con el ejemplo es a\u00fan m\u00e1s poderoso. \u201cSi los ni\u00f1os ven a sus padres reciclar, caminar m\u00e1s en lugar de usar el auto y cuidar el agua, aprenden naturalmente que esos comportamientos son valiosos\u201d, agrega Marroqu\u00edn.<\/p>\t\t\t\t\t\t\t\t<\/div>\n\t\t\t\t\t<\/div>\n\t\t\t\t<\/div>\n\t\t<div data-particle_enable=\"false\" data-particle-mobile-disabled=\"false\" class=\"elementor-element elementor-element-cb0fc5f e-flex e-con-boxed e-con e-parent\" data-id=\"cb0fc5f\" data-element_type=\"container\" data-e-type=\"container\">\n\t\t\t\t\t<div class=\"e-con-inner\">\n\t\t\t\t<div class=\"elementor-element elementor-element-96d1d1c elementor-widget elementor-widget-image\" data-id=\"96d1d1c\" data-element_type=\"widget\" data-e-type=\"widget\" data-widget_type=\"image.default\">\n\t\t\t\t\t\t\t\t\t\t\t\t<figure class=\"wp-caption\">\n\t\t\t\t\t\t\t\t\t\t<img fetchpriority=\"high\" decoding=\"async\" width=\"768\" height=\"512\" src=\"https:\/\/soymigrante.com\/revista\/wp-content\/uploads\/2025\/04\/Crianza-para-la-resiliencia-climatica-Educar-para-un-futuro-sostenible-4-1024x682.jpeg\" class=\"attachment-large size-large wp-image-30630\" alt=\"Juegos infantiles en un parque, ni\u00f1os disfrutando de la naturaleza y explorando la tierra en un entorno al aire libre.\" srcset=\"https:\/\/soymigrante.com\/revista\/wp-content\/uploads\/2025\/04\/Crianza-para-la-resiliencia-climatica-Educar-para-un-futuro-sostenible-4-1024x682.jpeg 1024w, https:\/\/soymigrante.com\/revista\/wp-content\/uploads\/2025\/04\/Crianza-para-la-resiliencia-climatica-Educar-para-un-futuro-sostenible-4-300x200.jpeg 300w, https:\/\/soymigrante.com\/revista\/wp-content\/uploads\/2025\/04\/Crianza-para-la-resiliencia-climatica-Educar-para-un-futuro-sostenible-4-768x512.jpeg 768w, https:\/\/soymigrante.com\/revista\/wp-content\/uploads\/2025\/04\/Crianza-para-la-resiliencia-climatica-Educar-para-un-futuro-sostenible-4-1536x1023.jpeg 1536w, https:\/\/soymigrante.com\/revista\/wp-content\/uploads\/2025\/04\/Crianza-para-la-resiliencia-climatica-Educar-para-un-futuro-sostenible-4-750x500.webp 750w, https:\/\/soymigrante.com\/revista\/wp-content\/uploads\/2025\/04\/Crianza-para-la-resiliencia-climatica-Educar-para-un-futuro-sostenible-4-1140x760.webp 1140w, https:\/\/soymigrante.com\/revista\/wp-content\/uploads\/2025\/04\/Crianza-para-la-resiliencia-climatica-Educar-para-un-futuro-sostenible-4.webp 1600w\" sizes=\"(max-width: 768px) 100vw, 768px\" title=\"Crianza para la resiliencia clim\u00e1tica: Educar para un futuro \u2013 SoyMigrante.com REVISTA\" \/>\t\t\t\t\t\t\t\t\t\t\t<figcaption class=\"widget-image-caption wp-caption-text\">Ni\u00f1os jugando en un parque, explorando la naturaleza y disfrutando del aire libre en un entorno natural con \u00e1rboles y hojas ca\u00eddas.<\/figcaption>\n\t\t\t\t\t\t\t\t\t\t<\/figure>\n\t\t\t\t\t\t\t\t\t<\/div>\n\t\t\t\t\t<\/div>\n\t\t\t\t<\/div>\n\t\t<div data-particle_enable=\"false\" data-particle-mobile-disabled=\"false\" class=\"elementor-element elementor-element-ba3564d e-flex e-con-boxed e-con e-parent\" data-id=\"ba3564d\" data-element_type=\"container\" data-e-type=\"container\">\n\t\t\t\t\t<div class=\"e-con-inner\">\n\t\t\t\t<div class=\"elementor-element elementor-element-7909115 elementor-widget elementor-widget-heading\" data-id=\"7909115\" data-element_type=\"widget\" data-e-type=\"widget\" data-widget_type=\"heading.default\">\n\t\t\t\t\t<h3 class=\"elementor-heading-title elementor-size-default\">Cultivar para comprender la tierra<\/h3>\t\t\t\t<\/div>\n\t\t\t\t\t<\/div>\n\t\t\t\t<\/div>\n\t\t<div data-particle_enable=\"false\" data-particle-mobile-disabled=\"false\" class=\"elementor-element elementor-element-601c30d e-flex e-con-boxed e-con e-parent\" data-id=\"601c30d\" data-element_type=\"container\" data-e-type=\"container\">\n\t\t\t\t\t<div class=\"e-con-inner\">\n\t\t\t\t<div class=\"elementor-element elementor-element-9ed9aa0 elementor-widget elementor-widget-text-editor\" data-id=\"9ed9aa0\" data-element_type=\"widget\" data-e-type=\"widget\" data-widget_type=\"text-editor.default\">\n\t\t\t\t\t\t\t\t\t<p><a href=\"https:\/\/soymigrante.com\/revista\/ensenar-a-los-ninos-a-identificar-las-emociones-puede-fortalecerlos\/\" target=\"_blank\" rel=\"noopener\">El cultivo de alimentos es otra herramienta poderosa en la crianza resiliente. No hace falta tener un gran terreno.<\/a> Un peque\u00f1o huerto en casa, en macetas o cajas, permite a los ni\u00f1os entender de d\u00f3nde viene la comida, cu\u00e1nto esfuerzo requiere y por qu\u00e9 es importante cuidar la tierra.<\/p><p>\u201cCuando un ni\u00f1o ve c\u00f3mo una semilla se convierte en alimento, nace un respeto profundo por la naturaleza\u201d, comenta Julio Estrada, agricultor urbano que ha trabajado con escuelas en comunidades rurales y urbanas. \u201cAdem\u00e1s, es una forma de prepararlos para el autoabastecimiento si alguna vez se enfrentan a una crisis alimentaria\u201d.<\/p>\t\t\t\t\t\t\t\t<\/div>\n\t\t\t\t\t<\/div>\n\t\t\t\t<\/div>\n\t\t<div data-particle_enable=\"false\" data-particle-mobile-disabled=\"false\" class=\"elementor-element elementor-element-126f21a e-flex e-con-boxed e-con e-parent\" data-id=\"126f21a\" data-element_type=\"container\" data-e-type=\"container\">\n\t\t\t\t\t<div class=\"e-con-inner\">\n\t\t\t\t<div class=\"elementor-element elementor-element-0648d1f elementor-widget elementor-widget-heading\" data-id=\"0648d1f\" data-element_type=\"widget\" data-e-type=\"widget\" data-widget_type=\"heading.default\">\n\t\t\t\t\t<h3 class=\"elementor-heading-title elementor-size-default\">Conservar para asegurar el futuro\n<\/h3>\t\t\t\t<\/div>\n\t\t\t\t\t<\/div>\n\t\t\t\t<\/div>\n\t\t<div data-particle_enable=\"false\" data-particle-mobile-disabled=\"false\" class=\"elementor-element elementor-element-e30444f e-flex e-con-boxed e-con e-parent\" data-id=\"e30444f\" data-element_type=\"container\" data-e-type=\"container\">\n\t\t\t\t\t<div class=\"e-con-inner\">\n\t\t\t\t<div class=\"elementor-element elementor-element-8b3b977 elementor-widget elementor-widget-text-editor\" data-id=\"8b3b977\" data-element_type=\"widget\" data-e-type=\"widget\" data-widget_type=\"text-editor.default\">\n\t\t\t\t\t\t\t\t\t<p>La conservaci\u00f3n de recursos naturales, como el agua, la energ\u00eda y los bosques, es parte fundamental de esta educaci\u00f3n. <a href=\"https:\/\/soymigrante.com\/revista\/ensenar-a-los-ninos-a-identificar-las-emociones-puede-fortalecerlos\/\" target=\"_blank\" rel=\"noopener\">Mostrar a los ni\u00f1os c\u00f3mo evitar el desperdicio, ense\u00f1arles sobre la biodiversidad de su entorno y llevarlos a parques o reservas naturales les permite conectar<\/a> con el planeta de manera emocional y consciente.<\/p>\t\t\t\t\t\t\t\t<\/div>\n\t\t\t\t\t<\/div>\n\t\t\t\t<\/div>\n\t\t<div data-particle_enable=\"false\" data-particle-mobile-disabled=\"false\" class=\"elementor-element elementor-element-02fc5ad e-flex e-con-boxed e-con e-parent\" data-id=\"02fc5ad\" data-element_type=\"container\" data-e-type=\"container\">\n\t\t\t\t\t<div class=\"e-con-inner\">\n\t\t\t\t<div class=\"elementor-element elementor-element-0164bd2 elementor-widget elementor-widget-image\" data-id=\"0164bd2\" data-element_type=\"widget\" data-e-type=\"widget\" data-widget_type=\"image.default\">\n\t\t\t\t\t\t\t\t\t\t\t\t<figure class=\"wp-caption\">\n\t\t\t\t\t\t\t\t\t\t<img decoding=\"async\" width=\"768\" height=\"512\" src=\"https:\/\/soymigrante.com\/revista\/wp-content\/uploads\/2025\/04\/Crianza-para-la-resiliencia-climatica-Educar-para-un-futuro-sostenible-2-1024x683.jpeg\" class=\"attachment-large size-large wp-image-30631\" alt=\"Mundo sostenible y ecol\u00f3gico con tema migrante, de solidaridad y ayuda humanitaria para la comunidad migrante en el mundo.\" srcset=\"https:\/\/soymigrante.com\/revista\/wp-content\/uploads\/2025\/04\/Crianza-para-la-resiliencia-climatica-Educar-para-un-futuro-sostenible-2-1024x683.jpeg 1024w, https:\/\/soymigrante.com\/revista\/wp-content\/uploads\/2025\/04\/Crianza-para-la-resiliencia-climatica-Educar-para-un-futuro-sostenible-2-300x200.jpeg 300w, https:\/\/soymigrante.com\/revista\/wp-content\/uploads\/2025\/04\/Crianza-para-la-resiliencia-climatica-Educar-para-un-futuro-sostenible-2-768x512.jpeg 768w, https:\/\/soymigrante.com\/revista\/wp-content\/uploads\/2025\/04\/Crianza-para-la-resiliencia-climatica-Educar-para-un-futuro-sostenible-2-1536x1024.jpeg 1536w, https:\/\/soymigrante.com\/revista\/wp-content\/uploads\/2025\/04\/Crianza-para-la-resiliencia-climatica-Educar-para-un-futuro-sostenible-2-750x500.webp 750w, https:\/\/soymigrante.com\/revista\/wp-content\/uploads\/2025\/04\/Crianza-para-la-resiliencia-climatica-Educar-para-un-futuro-sostenible-2-1140x760.webp 1140w, https:\/\/soymigrante.com\/revista\/wp-content\/uploads\/2025\/04\/Crianza-para-la-resiliencia-climatica-Educar-para-un-futuro-sostenible-2.webp 1600w\" sizes=\"(max-width: 768px) 100vw, 768px\" title=\"Crianza para la resiliencia clim\u00e1tica: Educar para un futuro \u2013 SoyMigrante.com REVISTA\" \/>\t\t\t\t\t\t\t\t\t\t\t<figcaption class=\"widget-image-caption wp-caption-text\">Imagen de lugare\u00f1o sosteniendo un globo terr\u00e1queo en medio de la naturaleza, simbolizando la protecci\u00f3n del medio ambiente y la solidaridad migrante.<\/figcaption>\n\t\t\t\t\t\t\t\t\t\t<\/figure>\n\t\t\t\t\t\t\t\t\t<\/div>\n\t\t\t\t\t<\/div>\n\t\t\t\t<\/div>\n\t\t<div data-particle_enable=\"false\" data-particle-mobile-disabled=\"false\" class=\"elementor-element elementor-element-39b44e1 e-flex e-con-boxed e-con e-parent\" data-id=\"39b44e1\" data-element_type=\"container\" data-e-type=\"container\">\n\t\t\t\t\t<div class=\"e-con-inner\">\n\t\t\t\t<div class=\"elementor-element elementor-element-9ea5276 elementor-widget elementor-widget-heading\" data-id=\"9ea5276\" data-element_type=\"widget\" data-e-type=\"widget\" data-widget_type=\"heading.default\">\n\t\t\t\t\t<h3 class=\"elementor-heading-title elementor-size-default\">Preparaci\u00f3n para lo inesperado\n<\/h3>\t\t\t\t<\/div>\n\t\t\t\t\t<\/div>\n\t\t\t\t<\/div>\n\t\t<div data-particle_enable=\"false\" data-particle-mobile-disabled=\"false\" class=\"elementor-element elementor-element-568ecae e-flex e-con-boxed e-con e-parent\" data-id=\"568ecae\" data-element_type=\"container\" data-e-type=\"container\">\n\t\t\t\t\t<div class=\"e-con-inner\">\n\t\t\t\t<div class=\"elementor-element elementor-element-04da468 elementor-widget elementor-widget-text-editor\" data-id=\"04da468\" data-element_type=\"widget\" data-e-type=\"widget\" data-widget_type=\"text-editor.default\">\n\t\t\t\t\t\t\t\t\t<p><a href=\"https:\/\/soymigrante.com\/revista\/ensenar-a-los-ninos-a-identificar-las-emociones-puede-fortalecerlos\/\" target=\"_blank\" rel=\"noopener\">La resiliencia clim\u00e1tica tambi\u00e9n implica ense\u00f1ar a los ni\u00f1os a prepararse para eventos extremos, sin caer en el miedo.<\/a> Saber qu\u00e9 hacer en caso de un terremoto, una tormenta o una evacuaci\u00f3n puede darles confianza y reducir su ansiedad.<\/p><p>\u201cLos simulacros, los kits de emergencia, saber a qui\u00e9n llamar o d\u00f3nde reunirse son temas que deben tratarse en casa con claridad y calma\u201d, explica Mar\u00eda L\u00f3pez, psic\u00f3loga infantil. \u201cLa clave es informar sin alarmar, empoderar sin angustiar\u201d.<\/p>\t\t\t\t\t\t\t\t<\/div>\n\t\t\t\t\t<\/div>\n\t\t\t\t<\/div>\n\t\t<div data-particle_enable=\"false\" data-particle-mobile-disabled=\"false\" class=\"elementor-element elementor-element-69620b5 e-flex e-con-boxed e-con e-parent\" data-id=\"69620b5\" data-element_type=\"container\" data-e-type=\"container\">\n\t\t\t\t\t<div class=\"e-con-inner\">\n\t\t\t\t<div class=\"elementor-element elementor-element-40622d8 elementor-widget elementor-widget-heading\" data-id=\"40622d8\" data-element_type=\"widget\" data-e-type=\"widget\" data-widget_type=\"heading.default\">\n\t\t\t\t\t<h3 class=\"elementor-heading-title elementor-size-default\">Una tarea de todos<\/h3>\t\t\t\t<\/div>\n\t\t\t\t\t<\/div>\n\t\t\t\t<\/div>\n\t\t<div data-particle_enable=\"false\" data-particle-mobile-disabled=\"false\" class=\"elementor-element elementor-element-8fc3683 e-flex e-con-boxed e-con e-parent\" data-id=\"8fc3683\" data-element_type=\"container\" data-e-type=\"container\">\n\t\t\t\t\t<div class=\"e-con-inner\">\n\t\t\t\t<div class=\"elementor-element elementor-element-6dc4825 elementor-widget elementor-widget-text-editor\" data-id=\"6dc4825\" data-element_type=\"widget\" data-e-type=\"widget\" data-widget_type=\"text-editor.default\">\n\t\t\t\t\t\t\t\t\t<p><a href=\"https:\/\/soymigrante.com\/revista\/ensenar-a-los-ninos-a-identificar-las-emociones-puede-fortalecerlos\/\" target=\"_blank\" rel=\"noopener\">Criar para la resiliencia clim\u00e1tica no es tarea exclusiva de padres y madres.<\/a> Las escuelas, los gobiernos locales y las organizaciones comunitarias tambi\u00e9n juegan un rol crucial al integrar estos temas en sus programas, generar espacios verdes y fomentar la participaci\u00f3n infantil.<\/p><p>\u201cEstamos hablando de construir una generaci\u00f3n que no solo sobreviva al cambio clim\u00e1tico, sino que lo enfrente con soluciones\u201d, concluye L\u00f3pez.<\/p><p><a href=\"https:\/\/soymigrante.com\/revista\/ensenar-a-los-ninos-a-identificar-las-emociones-puede-fortalecerlos\/\" target=\"_blank\" rel=\"noopener\">En un mundo donde la incertidumbre clim\u00e1tica es parte del d\u00eda a d\u00eda, educar con conciencia ambiental es m\u00e1s que una elecci\u00f3n<\/a>: es una necesidad. Criar con resiliencia es regalar a los ni\u00f1os la capacidad de adaptarse, cuidar y transformar el mundo que heredar\u00e1n.<\/p>\t\t\t\t\t\t\t\t<\/div>\n\t\t\t\t\t<\/div>\n\t\t\t\t<\/div>\n\t\t<div data-particle_enable=\"false\" data-particle-mobile-disabled=\"false\" class=\"elementor-element elementor-element-c804ef0 e-flex e-con-boxed e-con e-parent\" data-id=\"c804ef0\" data-element_type=\"container\" data-e-type=\"container\">\n\t\t\t\t\t<div class=\"e-con-inner\">\n\t\t\t\t<div class=\"elementor-element elementor-element-9e1df1c elementor-widget elementor-widget-heading\" data-id=\"9e1df1c\" data-element_type=\"widget\" data-e-type=\"widget\" data-widget_type=\"heading.default\">\n\t\t\t\t\t<h2 class=\"elementor-heading-title elementor-size-default\">Estos temas te pueden interesar...<\/h2>\t\t\t\t<\/div>\n\t\t\t\t\t<\/div>\n\t\t\t\t<\/div>\n\t\t<div data-particle_enable=\"false\" data-particle-mobile-disabled=\"false\" class=\"elementor-element elementor-element-c69ebac e-flex e-con-boxed e-con e-parent\" data-id=\"c69ebac\" data-element_type=\"container\" data-e-type=\"container\">\n\t\t\t\t\t<div class=\"e-con-inner\">\n\t\t\t\t<div class=\"elementor-element elementor-element-93f9768 elementor-grid-eael-col-3 elementor-grid-tablet-eael-col-2 elementor-grid-mobile-eael-col-1 elementor-widget elementor-widget-eael-post-grid\" data-id=\"93f9768\" data-element_type=\"widget\" data-e-type=\"widget\" data-settings=\"{&quot;eael_post_grid_columns&quot;:&quot;eael-col-3&quot;,&quot;eael_post_grid_columns_tablet&quot;:&quot;eael-col-2&quot;,&quot;eael_post_grid_columns_mobile&quot;:&quot;eael-col-1&quot;}\" data-widget_type=\"eael-post-grid.default\">\n\t\t\t\t\t<div id=\"eael-post-grid-93f9768\" class=\"eael-post-grid-container\">\n            <div class=\"eael-post-grid eael-post-appender eael-post-appender-93f9768 eael-post-grid-style-one\" data-layout-mode=\"masonry\"><article class=\"eael-grid-post  eael-post-grid-column eael-pg-post-8905 category-bienestar\" data-id=\"8905\">\n        <div class=\"eael-grid-post-holder\">\n            <div class=\"eael-grid-post-holder-inner\"><div class=\"eael-entry-media\"><div class=\"eael-entry-overlay fade-in\"><i class=\"far fa-hand-pointer\" aria-hidden=\"true\"><\/i><a href=\"https:\/\/soymigrante.com\/revista\/como-lidiar-con-el-choque-cultural-en-ninos-y-jovenes-al-llegar-a-usa\/\"><\/a><\/div><div class=\"eael-entry-thumbnail \">\n                <img decoding=\"async\" width=\"891\" height=\"891\" src=\"https:\/\/soymigrante.com\/revista\/wp-content\/uploads\/2024\/09\/ninos-hispanos-migrantes.webp\" class=\"attachment-large size-large wp-image-8919\" alt=\"Estudiantes escolares en aula, leyendo y estudiando juntas en un ambiente educativo, promoviendo el aprendizaje y la inclusi\u00f3n en la comunidad escolar.\" srcset=\"https:\/\/soymigrante.com\/revista\/wp-content\/uploads\/2024\/09\/ninos-hispanos-migrantes.webp 891w, https:\/\/soymigrante.com\/revista\/wp-content\/uploads\/2024\/09\/ninos-hispanos-migrantes-300x300.webp 300w, https:\/\/soymigrante.com\/revista\/wp-content\/uploads\/2024\/09\/ninos-hispanos-migrantes-150x150.webp 150w, https:\/\/soymigrante.com\/revista\/wp-content\/uploads\/2024\/09\/ninos-hispanos-migrantes-768x768.webp 768w, https:\/\/soymigrante.com\/revista\/wp-content\/uploads\/2024\/09\/ninos-hispanos-migrantes-75x75.webp 75w, https:\/\/soymigrante.com\/revista\/wp-content\/uploads\/2024\/09\/ninos-hispanos-migrantes-750x750.webp 750w\" sizes=\"(max-width: 891px) 100vw, 891px\" \/>\n            <\/div>\n        <\/div><div class=\"eael-entry-wrapper\"><header class=\"eael-entry-header\"><h2 class=\"eael-entry-title\"><a class=\"eael-grid-post-link\" href=\"https:\/\/soymigrante.com\/revista\/como-lidiar-con-el-choque-cultural-en-ninos-y-jovenes-al-llegar-a-usa\/\" title=\"C\u00f3mo lidiar con el choque cultural en ni\u00f1os y j\u00f3venes al llegar a USA\">C\u00f3mo lidiar con el choque cultural en ni\u00f1os y j\u00f3venes al llegar a USA<\/a><\/h2><\/header><div class=\"eael-entry-content\">\n                        <div class=\"eael-grid-post-excerpt\"><a href=\"https:\/\/soymigrante.com\/revista\/como-lidiar-con-el-choque-cultural-en-ninos-y-jovenes-al-llegar-a-usa\/\" class=\"eael-post-elements-readmore-btn\">CONOCE SU HISTORIA <\/a><\/div>\n                    <\/div><\/div><\/div>\n        <\/div>\n    <\/article><article class=\"eael-grid-post  eael-post-grid-column eael-pg-post-8026 category-bienestar\" data-id=\"8026\">\n        <div class=\"eael-grid-post-holder\">\n            <div class=\"eael-grid-post-holder-inner\"><div class=\"eael-entry-media\"><div class=\"eael-entry-overlay fade-in\"><i class=\"far fa-hand-pointer\" aria-hidden=\"true\"><\/i><a href=\"https:\/\/soymigrante.com\/revista\/algunas-claves-sobre-el-cuidado-de-los-ninos-de-cero-a-5-anos\/\"><\/a><\/div><div class=\"eael-entry-thumbnail \">\n                <img loading=\"lazy\" decoding=\"async\" width=\"1024\" height=\"683\" src=\"https:\/\/soymigrante.com\/revista\/wp-content\/uploads\/2024\/08\/Desarrollo-infantil-envato-1024x683.webp\" class=\"attachment-large size-large wp-image-8041\" alt=\"Ni\u00f1a en parque infantil deslizando en tobog\u00e1n, juego para ni\u00f1os, diversi\u00f3n infantil, espacio de recreo y esparcimiento, infancia y juegos.\" \/>\n            <\/div>\n        <\/div><div class=\"eael-entry-wrapper\"><header class=\"eael-entry-header\"><h2 class=\"eael-entry-title\"><a class=\"eael-grid-post-link\" href=\"https:\/\/soymigrante.com\/revista\/algunas-claves-sobre-el-cuidado-de-los-ninos-de-cero-a-5-anos\/\" title=\"Algunas claves sobre el cuidado de los ni\u00f1os de cero a 5 a\u00f1os\">Algunas claves sobre el cuidado de los ni\u00f1os de cero a 5 a\u00f1os<\/a><\/h2><\/header><div class=\"eael-entry-content\">\n                        <div class=\"eael-grid-post-excerpt\"><a href=\"https:\/\/soymigrante.com\/revista\/algunas-claves-sobre-el-cuidado-de-los-ninos-de-cero-a-5-anos\/\" class=\"eael-post-elements-readmore-btn\">CONOCE SU HISTORIA <\/a><\/div>\n                    <\/div><\/div><\/div>\n        <\/div>\n    <\/article><article class=\"eael-grid-post  eael-post-grid-column eael-pg-post-6871 category-bienestar\" data-id=\"6871\">\n        <div class=\"eael-grid-post-holder\">\n            <div class=\"eael-grid-post-holder-inner\"><div class=\"eael-entry-media\"><div class=\"eael-entry-overlay fade-in\"><i class=\"far fa-hand-pointer\" aria-hidden=\"true\"><\/i><a href=\"https:\/\/soymigrante.com\/revista\/como-ensenar-a-los-ninos-a-reconocer-y-vencer-la-frustracion\/\"><\/a><\/div><div class=\"eael-entry-thumbnail \">\n                <img loading=\"lazy\" decoding=\"async\" width=\"1024\" height=\"1024\" src=\"https:\/\/soymigrante.com\/revista\/wp-content\/uploads\/2024\/06\/footballer-5010770_1280-e1718137863274-1024x1024.webp\" class=\"attachment-large size-large wp-image-6877\" alt=\"Ni\u00f1o jugando al f\u00fatbol en un campo al aire libre durante un partido infantil de deporte.\" srcset=\"https:\/\/soymigrante.com\/revista\/wp-content\/uploads\/2024\/06\/footballer-5010770_1280-e1718137863274-1024x1024.webp 1024w, https:\/\/soymigrante.com\/revista\/wp-content\/uploads\/2024\/06\/footballer-5010770_1280-e1718137863274-300x300.webp 300w, https:\/\/soymigrante.com\/revista\/wp-content\/uploads\/2024\/06\/footballer-5010770_1280-e1718137863274-150x150.webp 150w, https:\/\/soymigrante.com\/revista\/wp-content\/uploads\/2024\/06\/footballer-5010770_1280-e1718137863274-768x768.webp 768w, https:\/\/soymigrante.com\/revista\/wp-content\/uploads\/2024\/06\/footballer-5010770_1280-e1718137863274-75x75.webp 75w, https:\/\/soymigrante.com\/revista\/wp-content\/uploads\/2024\/06\/footballer-5010770_1280-e1718137863274-750x750.webp 750w, https:\/\/soymigrante.com\/revista\/wp-content\/uploads\/2024\/06\/footballer-5010770_1280-e1718137863274.webp 1124w\" sizes=\"(max-width: 1024px) 100vw, 1024px\" \/>\n            <\/div>\n        <\/div><div class=\"eael-entry-wrapper\"><header class=\"eael-entry-header\"><h2 class=\"eael-entry-title\"><a class=\"eael-grid-post-link\" href=\"https:\/\/soymigrante.com\/revista\/como-ensenar-a-los-ninos-a-reconocer-y-vencer-la-frustracion\/\" title=\"Como ense\u00f1ar a los ni\u00f1os a reconocer y vencer la frustraci\u00f3n\">Como ense\u00f1ar a los ni\u00f1os a reconocer y vencer la frustraci\u00f3n<\/a><\/h2><\/header><div class=\"eael-entry-content\">\n                        <div class=\"eael-grid-post-excerpt\"><a href=\"https:\/\/soymigrante.com\/revista\/como-ensenar-a-los-ninos-a-reconocer-y-vencer-la-frustracion\/\" class=\"eael-post-elements-readmore-btn\">CONOCE SU HISTORIA <\/a><\/div>\n                    <\/div><\/div><\/div>\n        <\/div>\n    <\/article><\/div>\n            <div class=\"clearfix\"><\/div>\n        <\/div>\t\t\t\t<\/div>\n\t\t\t\t\t<\/div>\n\t\t\t\t<\/div>\n\t\t\t\t<\/div>\n\t\t","protected":false},"excerpt":{"rendered":"<p>En estos tiempos se debe aprender a tener una crianza para la resiliencia clim\u00e1tica, con ello se debe educar a los ni\u00f1os para un futuro sostenible. En un mundo cada vez m\u00e1s afectado por el cambio clim\u00e1tico, ense\u00f1ar a los ni\u00f1os sobre sostenibilidad, conservaci\u00f3n y preparaci\u00f3n ante desastres naturales se convierte en una prioridad urgente [&hellip;]<\/p>\n","protected":false},"author":19,"featured_media":30623,"comment_status":"open","ping_status":"open","sticky":false,"template":"","format":"standard","meta":{"_acf_changed":false,"_eb_attr":"","footnotes":""},"categories":[55],"tags":[],"class_list":["post-30622","post","type-post","status-publish","format-standard","has-post-thumbnail","hentry","category-bienestar"],"acf":[],"aioseo_notices":[],"aioseo_head":"\n\t\t<!-- All in One SEO Pro 4.9.6.2 - aioseo.com -->\n\t<meta name=\"description\" content=\"Si a los adultos les cuesta a veces reconocer y afrontar la frustraci\u00f3n, imag\u00ednese a los ni\u00f1os. Psic\u00f3loga guatemalteca brinda clavespara ayudar a los peques\" \/>\n\t<meta name=\"robots\" content=\"max-snippet:-1, max-image-preview:large, max-video-preview:-1\" \/>\n\t<meta name=\"author\" content=\"Marysabel Aldana\"\/>\n\t<link rel=\"canonical\" href=\"https:\/\/soymigrante.com\/revista\/como-ensenar-a-los-ninos-a-reconocer-y-vencer-la-frustracion\/\" \/>\n\t<meta name=\"generator\" content=\"All in One SEO Pro (AIOSEO) 4.9.6.2\" \/>\n\n\t\t<link rel=\"preconnect\" href=\"https:\/\/fonts.googleapis.com\" crossorigin>\n<link rel=\"preconnect\" href=\"https:\/\/fonts.gstatic.com\" crossorigin>\n\t\t<meta property=\"og:locale\" content=\"es_ES\" \/>\n\t\t<meta property=\"og:site_name\" content=\"SoyMigrante.com REVISTA \u2013 Nuestra misi\u00f3n es reconocer y dignificar al migrante.\" \/>\n\t\t<meta property=\"og:type\" content=\"article\" \/>\n\t\t<meta property=\"og:title\" content=\"Como ense\u00f1ar a los ni\u00f1os a reconocer y vencer la frustraci\u00f3n\" \/>\n\t\t<meta property=\"og:description\" content=\"Si a los adultos les cuesta a veces reconocer y afrontar la frustraci\u00f3n, imag\u00ednese a los ni\u00f1os. Psic\u00f3loga guatemalteca brinda clavespara ayudar a los peques\" \/>\n\t\t<meta property=\"og:url\" content=\"https:\/\/soymigrante.com\/revista\/como-ensenar-a-los-ninos-a-reconocer-y-vencer-la-frustracion\/\" \/>\n\t\t<meta property=\"og:image\" content=\"https:\/\/soymigrante.com\/revista\/wp-content\/uploads\/2024\/06\/footballer-5010770_1280-e1718137863274.webp\" \/>\n\t\t<meta property=\"og:image:secure_url\" content=\"https:\/\/soymigrante.com\/revista\/wp-content\/uploads\/2024\/06\/footballer-5010770_1280-e1718137863274.webp\" \/>\n\t\t<meta property=\"og:image:width\" content=\"1124\" \/>\n\t\t<meta property=\"og:image:height\" content=\"1124\" \/>\n\t\t<meta property=\"article:published_time\" content=\"2024-06-07T23:14:43+00:00\" \/>\n\t\t<meta property=\"article:modified_time\" content=\"2024-07-27T08:38:52+00:00\" \/>\n\t\t<meta property=\"article:publisher\" content=\"https:\/\/www.facebook.com\/soymigrantecom\" \/>\n\t\t<meta name=\"twitter:card\" content=\"summary_large_image\" \/>\n\t\t<meta name=\"twitter:site\" content=\"@SoyMigrante_com\" \/>\n\t\t<meta name=\"twitter:title\" content=\"Como ense\u00f1ar a los ni\u00f1os a reconocer y vencer la frustraci\u00f3n\" \/>\n\t\t<meta name=\"twitter:description\" content=\"Si a los adultos les cuesta a veces reconocer y afrontar la frustraci\u00f3n, imag\u00ednese a los ni\u00f1os. Psic\u00f3loga guatemalteca brinda clavespara ayudar a los peques\" \/>\n\t\t<meta name=\"twitter:creator\" content=\"@SoyMigrante_com\" \/>\n\t\t<meta name=\"twitter:image\" content=\"https:\/\/soymigrante.com\/revista\/wp-content\/uploads\/2024\/06\/footballer-5010770_1280-e1718137863274.webp\" \/>\n\t\t<!-- All in One SEO Pro -->\r\n\t\t<title>Como ense\u00f1ar a los ni\u00f1os a reconocer y vencer la frustraci\u00f3n<\/title>\n\n","aioseo_head_json":{"title":"Como ense\u00f1ar a los ni\u00f1os a reconocer y vencer la frustraci\u00f3n","description":"Si a los adultos les cuesta a veces reconocer y afrontar la frustraci\u00f3n, imag\u00ednese a los ni\u00f1os. Psic\u00f3loga guatemalteca brinda clavespara ayudar a los peques","canonical_url":"https:\/\/soymigrante.com\/revista\/como-ensenar-a-los-ninos-a-reconocer-y-vencer-la-frustracion\/","robots":"max-snippet:-1, max-image-preview:large, max-video-preview:-1","keywords":"","webmasterTools":{"miscellaneous":"&lt;link rel=\"preconnect\" href=\"https:\/\/fonts.googleapis.com\" crossorigin&gt;\n&lt;link rel=\"preconnect\" href=\"https:\/\/fonts.gstatic.com\" crossorigin&gt;"},"schema":null,"og:locale":"es_ES","og:site_name":"SoyMigrante.com REVISTA \u2013 Nuestra misi\u00f3n es reconocer y dignificar al migrante.","og:type":"article","og:title":"Como ense\u00f1ar a los ni\u00f1os a reconocer y vencer la frustraci\u00f3n","og:description":"Si a los adultos les cuesta a veces reconocer y afrontar la frustraci\u00f3n, imag\u00ednese a los ni\u00f1os. Psic\u00f3loga guatemalteca brinda clavespara ayudar a los peques","og:url":"https:\/\/soymigrante.com\/revista\/como-ensenar-a-los-ninos-a-reconocer-y-vencer-la-frustracion\/","og:image":"https:\/\/soymigrante.com\/revista\/wp-content\/uploads\/2024\/06\/footballer-5010770_1280-e1718137863274.webp","og:image:secure_url":"https:\/\/soymigrante.com\/revista\/wp-content\/uploads\/2024\/06\/footballer-5010770_1280-e1718137863274.webp","og:image:width":1124,"og:image:height":1124,"article:published_time":"2024-06-07T23:14:43+00:00","article:modified_time":"2024-07-27T08:38:52+00:00","article:publisher":"https:\/\/www.facebook.com\/soymigrantecom","twitter:card":"summary_large_image","twitter:site":"@SoyMigrante_com","twitter:title":"Como ense\u00f1ar a los ni\u00f1os a reconocer y vencer la frustraci\u00f3n","twitter:description":"Si a los adultos les cuesta a veces reconocer y afrontar la frustraci\u00f3n, imag\u00ednese a los ni\u00f1os. Psic\u00f3loga guatemalteca brinda clavespara ayudar a los peques","twitter:creator":"@SoyMigrante_com","twitter:image":"https:\/\/soymigrante.com\/revista\/wp-content\/uploads\/2024\/06\/footballer-5010770_1280-e1718137863274.webp"},"aioseo_meta_data":{"post_id":"30622","title":"Educaci\u00f3n en pertinencia ambiental es clave para el futuro","description":"En estos tiempos se debe aprender a tener una crianza para la resiliencia clim\u00e1tica, con ello se debe educar a los ni\u00f1os para un futuro sostenible.","keywords":null,"keyphrases":{"focus":{"keyphrase":"resiliencia clim\u00e1tica","score":74,"analysis":{"keyphraseInTitle":{"score":3,"maxScore":9,"error":1},"keyphraseInDescription":{"score":9,"maxScore":9,"error":0},"keyphraseLength":{"score":9,"maxScore":9,"error":0,"length":3},"keyphraseInURL":{"score":5,"maxScore":5,"error":0},"keyphraseInIntroduction":{"score":3,"maxScore":9,"error":1},"keyphraseInSubHeadings":{"score":3,"maxScore":9,"error":1},"keyphraseInImageAlt":{"score":9,"maxScore":9,"error":0},"keywordDensity":{"type":"best","score":9,"maxScore":9,"error":0}}},"additional":[{"keyphrase":"resiliencia clim\u00e1tica","score":87,"analysis":{"keyphraseInDescription":{"score":9,"maxScore":9,"error":0},"keyphraseLength":{"score":9,"maxScore":9,"error":0,"length":3},"keyphraseInIntroduction":{"score":3,"maxScore":9,"error":1},"keyphraseInImageAlt":{"score":9,"maxScore":9,"error":0},"keywordDensity":{"type":"best","score":9,"maxScore":9,"error":0}}}]},"primary_term":null,"canonical_url":null,"og_title":null,"og_description":null,"og_object_type":"default","og_image_type":"default","og_image_url":null,"og_image_width":null,"og_image_height":null,"og_image_custom_url":null,"og_image_custom_fields":null,"og_video":"","og_custom_url":null,"og_article_section":null,"og_article_tags":null,"twitter_use_og":false,"twitter_card":"default","twitter_image_type":"default","twitter_image_url":null,"twitter_image_custom_url":null,"twitter_image_custom_fields":null,"twitter_title":null,"twitter_description":null,"schema":{"blockGraphs":[],"customGraphs":[],"default":{"data":{"Article":[],"Course":[],"Dataset":[],"FAQPage":[],"Movie":[],"Person":[],"Product":[],"ProductReview":[],"Car":[],"Recipe":[],"Service":[],"SoftwareApplication":[],"WebPage":[]},"graphName":"BlogPosting","isEnabled":true},"graphs":[]},"schema_type":"default","schema_type_options":null,"pillar_content":false,"robots_default":true,"robots_noindex":false,"robots_noarchive":false,"robots_nosnippet":false,"robots_nofollow":false,"robots_noimageindex":false,"robots_noodp":false,"robots_notranslate":false,"robots_max_snippet":"-1","robots_max_videopreview":"-1","robots_max_imagepreview":"large","priority":null,"frequency":"default","local_seo":null,"seo_analyzer_scan_date":"2025-10-09 04:17:17","breadcrumb_settings":null,"limit_modified_date":false,"reviewed_by":null,"open_ai":"{\"title\":{\"suggestions\":[],\"usage\":0},\"description\":{\"suggestions\":[],\"usage\":0}}","ai":null,"created":"2025-04-10 20:38:18","updated":"2026-02-04 22:55:10"},"aioseo_breadcrumb":"<div class=\"aioseo-breadcrumbs\"><span class=\"aioseo-breadcrumb\">\n\t<a href=\"https:\/\/soymigrante.com\/revista\" title=\"Home\">Home<\/a>\n<\/span><span class=\"aioseo-breadcrumb-separator\">\u00bb<\/span><span class=\"aioseo-breadcrumb\">\n\t<a href=\"https:\/\/soymigrante.com\/revista\/category\/bienestar\/\" title=\"Bienestar\">Bienestar<\/a>\n<\/span><span class=\"aioseo-breadcrumb-separator\">\u00bb<\/span><span class=\"aioseo-breadcrumb\">\n\tEducaci\u00f3n  en pertinencia ambiental y respeto a la naturaleza es clave para el futuro\n<\/span><\/div>","aioseo_breadcrumb_json":[{"label":"Home","link":"https:\/\/soymigrante.com\/revista"},{"label":"Bienestar","link":"https:\/\/soymigrante.com\/revista\/category\/bienestar\/"},{"label":"Educaci\u00f3n  en pertinencia ambiental y respeto a la naturaleza es clave para el futuro","link":"https:\/\/soymigrante.com\/revista\/educacion-en-pertinencia-ambiental-y-respeto-a-la-naturaleza-es-clave-para-el-futuro\/"}],"_links":{"self":[{"href":"https:\/\/soymigrante.com\/revista\/wp-json\/wp\/v2\/posts\/30622","targetHints":{"allow":["GET"]}}],"collection":[{"href":"https:\/\/soymigrante.com\/revista\/wp-json\/wp\/v2\/posts"}],"about":[{"href":"https:\/\/soymigrante.com\/revista\/wp-json\/wp\/v2\/types\/post"}],"author":[{"embeddable":true,"href":"https:\/\/soymigrante.com\/revista\/wp-json\/wp\/v2\/users\/19"}],"replies":[{"embeddable":true,"href":"https:\/\/soymigrante.com\/revista\/wp-json\/wp\/v2\/comments?post=30622"}],"version-history":[{"count":1,"href":"https:\/\/soymigrante.com\/revista\/wp-json\/wp\/v2\/posts\/30622\/revisions"}],"predecessor-version":[{"id":31329,"href":"https:\/\/soymigrante.com\/revista\/wp-json\/wp\/v2\/posts\/30622\/revisions\/31329"}],"wp:featuredmedia":[{"embeddable":true,"href":"https:\/\/soymigrante.com\/revista\/wp-json\/wp\/v2\/media\/30623"}],"wp:attachment":[{"href":"https:\/\/soymigrante.com\/revista\/wp-json\/wp\/v2\/media?parent=30622"}],"wp:term":[{"taxonomy":"category","embeddable":true,"href":"https:\/\/soymigrante.com\/revista\/wp-json\/wp\/v2\/categories?post=30622"},{"taxonomy":"post_tag","embeddable":true,"href":"https:\/\/soymigrante.com\/revista\/wp-json\/wp\/v2\/tags?post=30622"}],"curies":[{"name":"wp","href":"https:\/\/api.w.org\/{rel}","templated":true}]}}