{"id":30608,"date":"2025-04-11T05:00:00","date_gmt":"2025-04-11T11:00:00","guid":{"rendered":"https:\/\/soymigrante.com\/revista\/?p=30608"},"modified":"2025-09-18T11:11:14","modified_gmt":"2025-09-18T17:11:14","slug":"testimonio-devoto-manuel-garcia-y-su-profundo-carino-a-jesus-nazareno-del-consuelo","status":"publish","type":"post","link":"https:\/\/soymigrante.com\/revista\/testimonio-devoto-manuel-garcia-y-su-profundo-carino-a-jesus-nazareno-del-consuelo\/","title":{"rendered":"Testimonio devoto: Manuel Garc\u00eda y su profundo cari\u00f1o a Jes\u00fas Nazareno del Consuelo"},"content":{"rendered":"\t\t<div data-elementor-type=\"wp-post\" data-elementor-id=\"30608\" class=\"elementor elementor-30608\" data-elementor-post-type=\"post\">\n\t\t\t\t<div data-particle_enable=\"false\" data-particle-mobile-disabled=\"false\" class=\"elementor-element elementor-element-aea76c8 e-flex e-con-boxed e-con e-parent\" data-id=\"aea76c8\" data-element_type=\"container\" data-e-type=\"container\">\n\t\t\t\t\t<div class=\"e-con-inner\">\n\t\t\t\t<div class=\"elementor-element elementor-element-aaeef16 elementor-widget elementor-widget-heading\" data-id=\"aaeef16\" data-element_type=\"widget\" data-e-type=\"widget\" data-widget_type=\"heading.default\">\n\t\t\t\t\t<h2 class=\"elementor-heading-title elementor-size-default\">Manuel Garc\u00eda es un guatemalteco devoto cargador de la Consagrada Imagen de Jes\u00fas del Consuelo, desde hace 68 a\u00f1os.  As\u00ed cuenta esta especial veneraci\u00f3n que se renueva en cada Cuaresma.<\/h2>\t\t\t\t<\/div>\n\t\t\t\t\t<\/div>\n\t\t\t\t<\/div>\n\t\t<div data-particle_enable=\"false\" data-particle-mobile-disabled=\"false\" class=\"elementor-element elementor-element-3b6ecb0 e-flex e-con-boxed e-con e-parent\" data-id=\"3b6ecb0\" data-element_type=\"container\" data-e-type=\"container\">\n\t\t\t\t\t<div class=\"e-con-inner\">\n\t\t\t\t<div class=\"elementor-element elementor-element-fdc7b25 elementor-widget elementor-widget-text-editor\" data-id=\"fdc7b25\" data-element_type=\"widget\" data-e-type=\"widget\" data-widget_type=\"text-editor.default\">\n\t\t\t\t\t\t\t\t\t<p>Por m\u00e1s de seis d\u00e9cadas, Manuel Garc\u00eda ha dedicado su vida a una misi\u00f3n: cargar en hombros a Jes\u00fas del Consuelo. A sus 82 a\u00f1os<a href=\"https:\/\/soymigrante.com\/revista\/algunas-sugerencias-para-que-devotos-migrantes-vivan-mejor-la-cuaresma-y-semana-santa\/\" target=\"_blank\" rel=\"noopener\">, su fe sigue intacta y este S\u00e1bado de Consuelo, como cada a\u00f1o, ya est\u00e1 listo para acompa\u00f1ar la imagen que le ha dado sentido a su vida.<\/a><\/p><p>Manuel Garc\u00eda es un nombre conocido entre los devotos de la Recolecci\u00f3n. Es cucurucho desde hace m\u00e1s de 68 a\u00f1os y ha dedicado su existencia a la devoci\u00f3n por Jes\u00fas del Consuelo. \u201cJes\u00fas es uno solo, pero se representa en varias im\u00e1genes\u201d, dice don Manuel, con una fe que ha traspasado generaciones.<\/p>\t\t\t\t\t\t\t\t<\/div>\n\t\t\t\t\t<\/div>\n\t\t\t\t<\/div>\n\t\t<div data-particle_enable=\"false\" data-particle-mobile-disabled=\"false\" class=\"elementor-element elementor-element-0331e55 e-flex e-con-boxed e-con e-parent\" data-id=\"0331e55\" data-element_type=\"container\" data-e-type=\"container\">\n\t\t\t\t\t<div class=\"e-con-inner\">\n\t\t\t\t<div class=\"elementor-element elementor-element-826025a elementor-widget elementor-widget-image\" data-id=\"826025a\" data-element_type=\"widget\" data-e-type=\"widget\" data-widget_type=\"image.default\">\n\t\t\t\t\t\t\t\t\t\t\t\t<figure class=\"wp-caption\">\n\t\t\t\t\t\t\t\t\t\t<img fetchpriority=\"high\" decoding=\"async\" width=\"1024\" height=\"683\" src=\"https:\/\/soymigrante.com\/revista\/wp-content\/uploads\/2025\/04\/manuel-garcia-devoto-jesus-del-consuelo-1024x683.jpg\" class=\"attachment-large size-large wp-image-30692\" alt=\"En cada Semana Santa, Manuelito, o Memito, como le llaman sus amigos, tiene una cita especial con Jes\u00fas del Consuelo de la Recolecci\u00f3n, aunque ello no le impide participar como cargador en otros cortejos. (Foto cortes\u00eda Manuel Garc\u00eda)\" srcset=\"https:\/\/soymigrante.com\/revista\/wp-content\/uploads\/2025\/04\/manuel-garcia-devoto-jesus-del-consuelo-1024x683.jpg 1024w, https:\/\/soymigrante.com\/revista\/wp-content\/uploads\/2025\/04\/manuel-garcia-devoto-jesus-del-consuelo-300x200.jpg 300w, https:\/\/soymigrante.com\/revista\/wp-content\/uploads\/2025\/04\/manuel-garcia-devoto-jesus-del-consuelo-768x512.jpg 768w, https:\/\/soymigrante.com\/revista\/wp-content\/uploads\/2025\/04\/manuel-garcia-devoto-jesus-del-consuelo-1536x1024.jpg 1536w, https:\/\/soymigrante.com\/revista\/wp-content\/uploads\/2025\/04\/manuel-garcia-devoto-jesus-del-consuelo-750x500.webp 750w, https:\/\/soymigrante.com\/revista\/wp-content\/uploads\/2025\/04\/manuel-garcia-devoto-jesus-del-consuelo-1140x760.webp 1140w, https:\/\/soymigrante.com\/revista\/wp-content\/uploads\/2025\/04\/manuel-garcia-devoto-jesus-del-consuelo.webp 1920w\" sizes=\"(max-width: 1024px) 100vw, 1024px\" title=\"En cada Semana Santa, Manuelito, o Memito, como le llaman sus amigos, tiene una cita especial con Jes\u00fas del Consuelo de la Recolecci\u00f3n, aunque ello no le impide participar como cargador en otros cortejos. (Foto cortes\u00eda Manuel Garc\u00eda) \u2013 SoyMigrante.com REVISTA\" \/>\t\t\t\t\t\t\t\t\t\t\t<figcaption class=\"widget-image-caption wp-caption-text\">En cada Semana Santa, Manuelito, o Memito, como le llaman sus amigos, tiene una cita especial con Jes\u00fas del Consuelo de la Recolecci\u00f3n, aunque ello no le impide participar como cargador en otros cortejos. (Foto cortes\u00eda Manuel Garc\u00eda)<\/figcaption>\n\t\t\t\t\t\t\t\t\t\t<\/figure>\n\t\t\t\t\t\t\t\t\t<\/div>\n\t\t\t\t\t<\/div>\n\t\t\t\t<\/div>\n\t\t<div data-particle_enable=\"false\" data-particle-mobile-disabled=\"false\" class=\"elementor-element elementor-element-e05e334 e-flex e-con-boxed e-con e-parent\" data-id=\"e05e334\" data-element_type=\"container\" data-e-type=\"container\">\n\t\t\t\t\t<div class=\"e-con-inner\">\n\t\t\t\t<div class=\"elementor-element elementor-element-cca7649 elementor-widget elementor-widget-heading\" data-id=\"cca7649\" data-element_type=\"widget\" data-e-type=\"widget\" data-widget_type=\"heading.default\">\n\t\t\t\t\t<h3 class=\"elementor-heading-title elementor-size-default\">Naci\u00f3 en la fe<\/h3>\t\t\t\t<\/div>\n\t\t\t\t\t<\/div>\n\t\t\t\t<\/div>\n\t\t<div data-particle_enable=\"false\" data-particle-mobile-disabled=\"false\" class=\"elementor-element elementor-element-67ec896 e-flex e-con-boxed e-con e-parent\" data-id=\"67ec896\" data-element_type=\"container\" data-e-type=\"container\">\n\t\t\t\t\t<div class=\"e-con-inner\">\n\t\t\t\t<div class=\"elementor-element elementor-element-0e2cb33 elementor-widget elementor-widget-text-editor\" data-id=\"0e2cb33\" data-element_type=\"widget\" data-e-type=\"widget\" data-widget_type=\"text-editor.default\">\n\t\t\t\t\t\t\t\t\t<p>Su historia con las procesiones comenz\u00f3 desde ni\u00f1o, cuando carg\u00f3 por primera vez en la procesi\u00f3n infantil de la iglesia de La Recolecci\u00f3n, en la ciudad de Guatemala. M\u00e1s adelante, estudi\u00f3 en el colegio de la misma instituci\u00f3n, lo que reforz\u00f3 a\u00fan m\u00e1s su v\u00ednculo espiritual.<\/p><p>\u201c<em>Desde peque\u00f1o sent\u00ed ese llamado. Cada vez que ve\u00eda la procesi\u00f3n, quer\u00eda estar ah\u00ed, cargando, acompa\u00f1ando<\/em>\u201d, recuerda.<\/p>\t\t\t\t\t\t\t\t<\/div>\n\t\t\t\t\t<\/div>\n\t\t\t\t<\/div>\n\t\t<div data-particle_enable=\"false\" data-particle-mobile-disabled=\"false\" class=\"elementor-element elementor-element-2e1f77d e-flex e-con-boxed e-con e-parent\" data-id=\"2e1f77d\" data-element_type=\"container\" data-e-type=\"container\">\n\t\t\t\t\t<div class=\"e-con-inner\">\n\t\t\t\t<div class=\"elementor-element elementor-element-06e7840 elementor-widget elementor-widget-image\" data-id=\"06e7840\" data-element_type=\"widget\" data-e-type=\"widget\" data-widget_type=\"image.default\">\n\t\t\t\t\t\t\t\t\t\t\t\t<figure class=\"wp-caption\">\n\t\t\t\t\t\t\t\t\t\t<img decoding=\"async\" width=\"987\" height=\"1024\" src=\"https:\/\/soymigrante.com\/revista\/wp-content\/uploads\/2025\/04\/Don-Manuel-el-cucurucho-de-la-devocion-a-Jesus-del-Consuelo-987x1024.jpeg\" class=\"attachment-large size-large wp-image-30618\" alt=\"Don Manuel el cucurucho de la devoci\u00f3n a Jes\u00fas del Consuelo\" srcset=\"https:\/\/soymigrante.com\/revista\/wp-content\/uploads\/2025\/04\/Don-Manuel-el-cucurucho-de-la-devocion-a-Jesus-del-Consuelo-987x1024.jpeg 987w, https:\/\/soymigrante.com\/revista\/wp-content\/uploads\/2025\/04\/Don-Manuel-el-cucurucho-de-la-devocion-a-Jesus-del-Consuelo-289x300.jpeg 289w, https:\/\/soymigrante.com\/revista\/wp-content\/uploads\/2025\/04\/Don-Manuel-el-cucurucho-de-la-devocion-a-Jesus-del-Consuelo-768x797.jpeg 768w, https:\/\/soymigrante.com\/revista\/wp-content\/uploads\/2025\/04\/Don-Manuel-el-cucurucho-de-la-devocion-a-Jesus-del-Consuelo-1480x1536.jpeg 1480w, https:\/\/soymigrante.com\/revista\/wp-content\/uploads\/2025\/04\/Don-Manuel-el-cucurucho-de-la-devocion-a-Jesus-del-Consuelo-750x778.webp 750w, https:\/\/soymigrante.com\/revista\/wp-content\/uploads\/2025\/04\/Don-Manuel-el-cucurucho-de-la-devocion-a-Jesus-del-Consuelo-1140x1183.webp 1140w, https:\/\/soymigrante.com\/revista\/wp-content\/uploads\/2025\/04\/Don-Manuel-el-cucurucho-de-la-devocion-a-Jesus-del-Consuelo.webp 1541w\" sizes=\"(max-width: 987px) 100vw, 987px\" title=\"Don Manuel el cucurucho de la devoci\u00f3n a Jes\u00fas del Consuelo \u2013 SoyMigrante.com REVISTA\" \/>\t\t\t\t\t\t\t\t\t\t\t<figcaption class=\"widget-image-caption wp-caption-text\">Don Manuel el cucurucho de la devoci\u00f3n a Jes\u00fas del Consuelo<\/figcaption>\n\t\t\t\t\t\t\t\t\t\t<\/figure>\n\t\t\t\t\t\t\t\t\t<\/div>\n\t\t\t\t\t<\/div>\n\t\t\t\t<\/div>\n\t\t<div data-particle_enable=\"false\" data-particle-mobile-disabled=\"false\" class=\"elementor-element elementor-element-ae5e5f6 e-flex e-con-boxed e-con e-parent\" data-id=\"ae5e5f6\" data-element_type=\"container\" data-e-type=\"container\">\n\t\t\t\t\t<div class=\"e-con-inner\">\n\t\t\t\t<div class=\"elementor-element elementor-element-8861551 elementor-widget elementor-widget-text-editor\" data-id=\"8861551\" data-element_type=\"widget\" data-e-type=\"widget\" data-widget_type=\"text-editor.default\">\n\t\t\t\t\t\t\t\t\t<p><a href=\"https:\/\/soymigrante.com\/revista\/algunas-sugerencias-para-que-devotos-migrantes-vivan-mejor-la-cuaresma-y-semana-santa\/\" target=\"_blank\" rel=\"noopener\">Cuando tuvo la edad necesaria, ingres\u00f3 a la Hermandad de Jes\u00fas del Consuelo,<\/a> donde sirvi\u00f3 durante 17 a\u00f1os. Pero su rol no fue solamente como cargador: tambi\u00e9n fue parte de la directiva como secretario de finanzas. Desde all\u00ed, aprendi\u00f3 a cuidar de las im\u00e1genes, de las andas, y a tener control sobre lo que sucede en una procesi\u00f3n. Para \u00e9l, era m\u00e1s que una tradici\u00f3n; era una responsabilidad sagrada.<\/p><p><a href=\"https:\/\/soymigrante.com\/revista\/algunas-sugerencias-para-que-devotos-migrantes-vivan-mejor-la-cuaresma-y-semana-santa\/\" target=\"_blank\" rel=\"noopener\">El paso del tiempo no ha mermado su entusiasmo.<\/a> Aunque los a\u00f1os pesan, el coraz\u00f3n de don Manuel sigue firme.<\/p><p>\u201c<em>Esta etapa de la vida es muy emotiva porque me permite vivir de cerca la procesi\u00f3n, como desde el primer d\u00eda. Es algo que uno lleva en el alma<\/em>\u201d, dice con la voz cargada de emoci\u00f3n.<\/p>\t\t\t\t\t\t\t\t<\/div>\n\t\t\t\t\t<\/div>\n\t\t\t\t<\/div>\n\t\t<div data-particle_enable=\"false\" data-particle-mobile-disabled=\"false\" class=\"elementor-element elementor-element-e1cfc20 e-flex e-con-boxed e-con e-parent\" data-id=\"e1cfc20\" data-element_type=\"container\" data-e-type=\"container\">\n\t\t\t\t\t<div class=\"e-con-inner\">\n\t\t\t\t<div class=\"elementor-element elementor-element-dcedaa3 elementor-invisible elementor-widget elementor-widget-facebook-embed\" data-id=\"dcedaa3\" data-element_type=\"widget\" data-e-type=\"widget\" data-settings=\"{&quot;_animation&quot;:&quot;zoomInDown&quot;}\" data-widget_type=\"facebook-embed.default\">\n\t\t\t\t\t<div style=\"min-height: 1px\" class=\"elementor-facebook-widget fb-post\" data-href=\"https:\/\/www.facebook.com\/photo.php?fbid=122164620260047434&#038;set=t.100064411250664&#038;type=3\" data-show-text=\"false\"><\/div>\t\t\t\t<\/div>\n\t\t\t\t\t<\/div>\n\t\t\t\t<\/div>\n\t\t<div data-particle_enable=\"false\" data-particle-mobile-disabled=\"false\" class=\"elementor-element elementor-element-ed26517 e-flex e-con-boxed e-con e-parent\" data-id=\"ed26517\" data-element_type=\"container\" data-e-type=\"container\">\n\t\t\t\t\t<div class=\"e-con-inner\">\n\t\t\t\t<div class=\"elementor-element elementor-element-1d8490f elementor-widget elementor-widget-heading\" data-id=\"1d8490f\" data-element_type=\"widget\" data-e-type=\"widget\" data-widget_type=\"heading.default\">\n\t\t\t\t\t<h3 class=\"elementor-heading-title elementor-size-default\">Ofrecimiento por su salud <\/h3>\t\t\t\t<\/div>\n\t\t\t\t\t<\/div>\n\t\t\t\t<\/div>\n\t\t<div data-particle_enable=\"false\" data-particle-mobile-disabled=\"false\" class=\"elementor-element elementor-element-88c1255 e-flex e-con-boxed e-con e-parent\" data-id=\"88c1255\" data-element_type=\"container\" data-e-type=\"container\">\n\t\t\t\t\t<div class=\"e-con-inner\">\n\t\t\t\t<div class=\"elementor-element elementor-element-b13b5e5 elementor-widget elementor-widget-text-editor\" data-id=\"b13b5e5\" data-element_type=\"widget\" data-e-type=\"widget\" data-widget_type=\"text-editor.default\">\n\t\t\t\t\t\t\t\t\t<p>Pero no todo ha sido f\u00e1cil. Hace a\u00f1os, un accidente lo hizo prometerle a Jes\u00fas del Consuelo que cargar\u00eda descalzo como muestra de agradecimiento. Y as\u00ed lo hizo, durante muchos a\u00f1os. Sin embargo, por recomendaciones m\u00e9dicas tuvo que dejar de hacerlo.<\/p><p>\u201c<em>Fue duro dejar de cargar descalzo, pero entend\u00ed que Jes\u00fas tambi\u00e9n quiere que uno se cuide. Lo importante es seguirle fiel<\/em>\u201d, afirma.<\/p><p><a href=\"https:\/\/soymigrante.com\/revista\/algunas-sugerencias-para-que-devotos-migrantes-vivan-mejor-la-cuaresma-y-semana-santa\/\" target=\"_blank\" rel=\"noopener\">Su devoci\u00f3n ha trascendido su vida personal.<\/a> Para la familia de don Manuel, el S\u00e1bado de Consuelo es m\u00e1s que una fecha del calendario; es una celebraci\u00f3n que los une.<\/p><p>\u201c<em>Nos reunimos todos el s\u00e1bado en la ma\u00f1ana. Vienen mis hijos con sus familias, estamos todos, hacemos una oraci\u00f3n, porque es un d\u00eda de fiesta<\/em>\u201d, cuenta con una sonrisa.<\/p><p><a href=\"https:\/\/soymigrante.com\/revista\/algunas-sugerencias-para-que-devotos-migrantes-vivan-mejor-la-cuaresma-y-semana-santa\/\" target=\"_blank\" rel=\"noopener\">Uno de sus hijos lleva m\u00e1s de 30 a\u00f1os cargando, siguiendo los pasos de su padre.<\/a><\/p><p>\u201c<em>Eso me llena de orgullo. Saber que la devoci\u00f3n no se qued\u00f3 solo conmigo, sino que sigue viva en mis hijos y, Dios mediante, en mis nietos tambi\u00e9n<\/em>\u201d, dice don Manuel.<\/p>\t\t\t\t\t\t\t\t<\/div>\n\t\t\t\t\t<\/div>\n\t\t\t\t<\/div>\n\t\t<div data-particle_enable=\"false\" data-particle-mobile-disabled=\"false\" class=\"elementor-element elementor-element-ab7e329 e-flex e-con-boxed e-con e-parent\" data-id=\"ab7e329\" data-element_type=\"container\" data-e-type=\"container\">\n\t\t\t\t\t<div class=\"e-con-inner\">\n\t\t\t\t<div class=\"elementor-element elementor-element-5da9ecd elementor-invisible elementor-widget elementor-widget-facebook-embed\" data-id=\"5da9ecd\" data-element_type=\"widget\" data-e-type=\"widget\" data-settings=\"{&quot;_animation&quot;:&quot;zoomInDown&quot;}\" data-widget_type=\"facebook-embed.default\">\n\t\t\t\t\t<div style=\"min-height: 1px\" class=\"elementor-facebook-widget fb-post\" data-href=\"https:\/\/www.facebook.com\/photo\/?fbid=523695964092552&#038;set=pcb.523696067425875\" data-show-text=\"false\"><\/div>\t\t\t\t<\/div>\n\t\t\t\t\t<\/div>\n\t\t\t\t<\/div>\n\t\t<div data-particle_enable=\"false\" data-particle-mobile-disabled=\"false\" class=\"elementor-element elementor-element-cb34e1d e-flex e-con-boxed e-con e-parent\" data-id=\"cb34e1d\" data-element_type=\"container\" data-e-type=\"container\">\n\t\t\t\t\t<div class=\"e-con-inner\">\n\t\t\t\t<div class=\"elementor-element elementor-element-336ba3f elementor-widget elementor-widget-heading\" data-id=\"336ba3f\" data-element_type=\"widget\" data-e-type=\"widget\" data-widget_type=\"heading.default\">\n\t\t\t\t\t<h3 class=\"elementor-heading-title elementor-size-default\">Una tradici\u00f3n familiar <\/h3>\t\t\t\t<\/div>\n\t\t\t\t\t<\/div>\n\t\t\t\t<\/div>\n\t\t<div data-particle_enable=\"false\" data-particle-mobile-disabled=\"false\" class=\"elementor-element elementor-element-d6ba695 e-flex e-con-boxed e-con e-parent\" data-id=\"d6ba695\" data-element_type=\"container\" data-e-type=\"container\">\n\t\t\t\t\t<div class=\"e-con-inner\">\n\t\t\t\t<div class=\"elementor-element elementor-element-222878b elementor-widget elementor-widget-text-editor\" data-id=\"222878b\" data-element_type=\"widget\" data-e-type=\"widget\" data-widget_type=\"text-editor.default\">\n\t\t\t\t\t\t\t\t\t<p>El S\u00e1bado de Consuelo, para \u00e9l, es sagrado.<\/p><p>\u201c<em>Todo el a\u00f1o vamos contando los d\u00edas para cargar en hombros a Jes\u00fas del Consuelo. Es nuestro momento<\/em>\u201d, afirma. Y lo dice con la misma ilusi\u00f3n de un joven que va a cargar por primera vez.<\/p><p>A sus 82 a\u00f1os, Manuel Garc\u00eda sigue esperando con ansias ese d\u00eda. <a href=\"https:\/\/soymigrante.com\/revista\/algunas-sugerencias-para-que-devotos-migrantes-vivan-mejor-la-cuaresma-y-semana-santa\/\" target=\"_blank\" rel=\"noopener\">Se prepara con oraci\u00f3n, con recogimiento y con alegr\u00eda. Porque para \u00e9l, cargar a Jes\u00fas del Consuelo no es una obligaci\u00f3n, sino un privilegio<\/a>.<\/p><p>\u201c<em>La fe es lo que me sostiene. Mientras Dios me d\u00e9 fuerzas, seguir\u00e9 acompa\u00f1ando a Jes\u00fas<\/em>\u201d, concluye.<\/p><p>Este s\u00e1bado, como lo ha hecho por d\u00e9cadas, don Manuel estar\u00e1 ah\u00ed, con su t\u00fanica morada, su coraz\u00f3n agradecido y su alma entregada, cargando en hombros no solo una imagen, sino una vida entera de devoci\u00f3n.<\/p>\t\t\t\t\t\t\t\t<\/div>\n\t\t\t\t\t<\/div>\n\t\t\t\t<\/div>\n\t\t<div data-particle_enable=\"false\" data-particle-mobile-disabled=\"false\" class=\"elementor-element elementor-element-b1c5341 e-flex e-con-boxed e-con e-parent\" data-id=\"b1c5341\" data-element_type=\"container\" data-e-type=\"container\">\n\t\t\t\t\t<div class=\"e-con-inner\">\n\t\t\t\t<div class=\"elementor-element elementor-element-4a3bdd4 elementor-invisible elementor-widget elementor-widget-facebook-embed\" data-id=\"4a3bdd4\" data-element_type=\"widget\" data-e-type=\"widget\" data-settings=\"{&quot;_animation&quot;:&quot;zoomInDown&quot;}\" data-widget_type=\"facebook-embed.default\">\n\t\t\t\t\t<div style=\"min-height: 1px\" class=\"elementor-facebook-widget fb-post\" data-href=\"https:\/\/www.facebook.com\/photo?fbid=1025408116352791&#038;set=a.540590498167891\" data-show-text=\"false\"><\/div>\t\t\t\t<\/div>\n\t\t\t\t\t<\/div>\n\t\t\t\t<\/div>\n\t\t<div data-particle_enable=\"false\" data-particle-mobile-disabled=\"false\" class=\"elementor-element elementor-element-4867e7c e-flex e-con-boxed e-con e-parent\" data-id=\"4867e7c\" data-element_type=\"container\" data-e-type=\"container\">\n\t\t\t\t\t<div class=\"e-con-inner\">\n\t\t\t\t<div class=\"elementor-element elementor-element-d097723 elementor-widget elementor-widget-heading\" data-id=\"d097723\" data-element_type=\"widget\" data-e-type=\"widget\" data-widget_type=\"heading.default\">\n\t\t\t\t\t<h2 class=\"elementor-heading-title elementor-size-default\">Conoce m\u00e1s sobre la Semana Santa en Guatemala...<\/h2>\t\t\t\t<\/div>\n\t\t\t\t\t<\/div>\n\t\t\t\t<\/div>\n\t\t<div data-particle_enable=\"false\" data-particle-mobile-disabled=\"false\" class=\"elementor-element elementor-element-c89d75a e-flex e-con-boxed e-con e-parent\" data-id=\"c89d75a\" data-element_type=\"container\" data-e-type=\"container\">\n\t\t\t\t\t<div class=\"e-con-inner\">\n\t\t\t\t<div class=\"elementor-element elementor-element-6fa6e40 elementor-grid-eael-col-3 elementor-grid-tablet-eael-col-2 elementor-grid-mobile-eael-col-1 elementor-widget elementor-widget-eael-post-grid\" data-id=\"6fa6e40\" data-element_type=\"widget\" data-e-type=\"widget\" data-settings=\"{&quot;eael_post_grid_columns&quot;:&quot;eael-col-3&quot;,&quot;eael_post_grid_columns_tablet&quot;:&quot;eael-col-2&quot;,&quot;eael_post_grid_columns_mobile&quot;:&quot;eael-col-1&quot;}\" data-widget_type=\"eael-post-grid.default\">\n\t\t\t\t\t<div id=\"eael-post-grid-6fa6e40\" class=\"eael-post-grid-container\">\n            <div class=\"eael-post-grid eael-post-appender eael-post-appender-6fa6e40 eael-post-grid-style-one\" data-layout-mode=\"masonry\"><article class=\"eael-grid-post  eael-post-grid-column eael-pg-post-26536 category-guate-nuestra\" data-id=\"26536\">\n        <div class=\"eael-grid-post-holder\">\n            <div class=\"eael-grid-post-holder-inner\"><div class=\"eael-entry-media\"><div class=\"eael-entry-overlay fade-in\"><i class=\"far fa-hand-pointer\" aria-hidden=\"true\"><\/i><a href=\"https:\/\/soymigrante.com\/revista\/las-comidas-de-semana-santa-en-guatemala-tradicion-y-sabor\/\"><\/a><\/div><div class=\"eael-entry-thumbnail \">\n                <img decoding=\"async\" width=\"259\" height=\"194\" src=\"https:\/\/soymigrante.com\/revista\/wp-content\/uploads\/2025\/02\/comida-de-semana-santa.webp\" class=\"attachment-large size-large wp-image-26537\" alt=\"Deliciosa comida tradicional con pollo en salsa, acompa\u00f1ado de pur\u00e9 de papas, en una presentaci\u00f3n colorida y apetitosa.\" \/>\n            <\/div>\n        <\/div><div class=\"eael-entry-wrapper\"><header class=\"eael-entry-header\"><h2 class=\"eael-entry-title\"><a class=\"eael-grid-post-link\" href=\"https:\/\/soymigrante.com\/revista\/las-comidas-de-semana-santa-en-guatemala-tradicion-y-sabor\/\" title=\"Comidas tradicionales de Cuaresma y Semana Santa en Guatemala\">Comidas tradicionales de Cuaresma y Semana Santa en Guatemala<\/a><\/h2><\/header><div class=\"eael-entry-content\">\n                        <div class=\"eael-grid-post-excerpt\"><a href=\"https:\/\/soymigrante.com\/revista\/las-comidas-de-semana-santa-en-guatemala-tradicion-y-sabor\/\" class=\"eael-post-elements-readmore-btn\">CONOCE SU HISTORIA <\/a><\/div>\n                    <\/div><\/div><\/div>\n        <\/div>\n    <\/article><article class=\"eael-grid-post  eael-post-grid-column eael-pg-post-27268 category-guate-nuestra\" data-id=\"27268\">\n        <div class=\"eael-grid-post-holder\">\n            <div class=\"eael-grid-post-holder-inner\"><div class=\"eael-entry-media\"><div class=\"eael-entry-overlay fade-in\"><i class=\"far fa-hand-pointer\" aria-hidden=\"true\"><\/i><a href=\"https:\/\/soymigrante.com\/revista\/los-huertos-de-semana-santa-y-sus-historias-de-agradecimientos\/\"><\/a><\/div><div class=\"eael-entry-thumbnail \">\n                <img loading=\"lazy\" decoding=\"async\" width=\"303\" height=\"303\" src=\"https:\/\/soymigrante.com\/revista\/wp-content\/uploads\/2025\/03\/hnuertos--e1741284463853.webp\" class=\"attachment-large size-large wp-image-27269\" alt=\"Jard\u00edn floral decorativo con alfombra de flores coloridas y detalles tradicionales, exhibido en la Catedral de Antigua Guatemala durante la Semana Santa 2008.\" srcset=\"https:\/\/soymigrante.com\/revista\/wp-content\/uploads\/2025\/03\/hnuertos--e1741284463853.webp 303w, https:\/\/soymigrante.com\/revista\/wp-content\/uploads\/2025\/03\/hnuertos--e1741284463853-300x300.png 300w, https:\/\/soymigrante.com\/revista\/wp-content\/uploads\/2025\/03\/hnuertos--e1741284463853-150x150.png 150w, https:\/\/soymigrante.com\/revista\/wp-content\/uploads\/2025\/03\/hnuertos--e1741284463853-75x75.webp 75w\" sizes=\"(max-width: 303px) 100vw, 303px\" \/>\n            <\/div>\n        <\/div><div class=\"eael-entry-wrapper\"><header class=\"eael-entry-header\"><h2 class=\"eael-entry-title\"><a class=\"eael-grid-post-link\" href=\"https:\/\/soymigrante.com\/revista\/los-huertos-de-semana-santa-y-sus-historias-de-agradecimientos\/\" title=\"Los huertos de Semana Santa y sus historias de agradecimientos\">Los huertos de Semana Santa y sus historias de agradecimientos<\/a><\/h2><\/header><div class=\"eael-entry-content\">\n                        <div class=\"eael-grid-post-excerpt\"><a href=\"https:\/\/soymigrante.com\/revista\/los-huertos-de-semana-santa-y-sus-historias-de-agradecimientos\/\" class=\"eael-post-elements-readmore-btn\">CONOCE SU HISTORIA <\/a><\/div>\n                    <\/div><\/div><\/div>\n        <\/div>\n    <\/article><article class=\"eael-grid-post  eael-post-grid-column eael-pg-post-26140 category-guate-nuestra\" data-id=\"26140\">\n        <div class=\"eael-grid-post-holder\">\n            <div class=\"eael-grid-post-holder-inner\"><div class=\"eael-entry-media\"><div class=\"eael-entry-overlay fade-in\"><i class=\"far fa-hand-pointer\" aria-hidden=\"true\"><\/i><a href=\"https:\/\/soymigrante.com\/revista\/algunas-sugerencias-para-que-devotos-migrantes-vivan-mejor-la-cuaresma-y-semana-santa\/\"><\/a><\/div><div class=\"eael-entry-thumbnail \">\n                <img loading=\"lazy\" decoding=\"async\" width=\"720\" height=\"720\" src=\"https:\/\/soymigrante.com\/revista\/wp-content\/uploads\/2023\/03\/2-FOTOS-DE-NAZARENO-DE-CANDELARIA-CORTESIA-DE-LANZA-SAGRADA-4-e1740965775791.webp\" class=\"attachment-large size-large wp-image-615\" alt=\"\" srcset=\"https:\/\/soymigrante.com\/revista\/wp-content\/uploads\/2023\/03\/2-FOTOS-DE-NAZARENO-DE-CANDELARIA-CORTESIA-DE-LANZA-SAGRADA-4-e1740965775791.webp 720w, https:\/\/soymigrante.com\/revista\/wp-content\/uploads\/2023\/03\/2-FOTOS-DE-NAZARENO-DE-CANDELARIA-CORTESIA-DE-LANZA-SAGRADA-4-e1740965775791-300x300.webp 300w, https:\/\/soymigrante.com\/revista\/wp-content\/uploads\/2023\/03\/2-FOTOS-DE-NAZARENO-DE-CANDELARIA-CORTESIA-DE-LANZA-SAGRADA-4-e1740965775791-150x150.webp 150w, https:\/\/soymigrante.com\/revista\/wp-content\/uploads\/2023\/03\/2-FOTOS-DE-NAZARENO-DE-CANDELARIA-CORTESIA-DE-LANZA-SAGRADA-4-e1740965775791-75x75.webp 75w\" sizes=\"(max-width: 720px) 100vw, 720px\" \/>\n            <\/div>\n        <\/div><div class=\"eael-entry-wrapper\"><header class=\"eael-entry-header\"><h2 class=\"eael-entry-title\"><a class=\"eael-grid-post-link\" href=\"https:\/\/soymigrante.com\/revista\/algunas-sugerencias-para-que-devotos-migrantes-vivan-mejor-la-cuaresma-y-semana-santa\/\" title=\"Algunas sugerencias para que devotos migrantes vivan mejor la Cuaresma y Semana Santa\">Algunas sugerencias para que devotos migrantes vivan mejor la Cuaresma y Semana Santa<\/a><\/h2><\/header><div class=\"eael-entry-content\">\n                        <div class=\"eael-grid-post-excerpt\"><a href=\"https:\/\/soymigrante.com\/revista\/algunas-sugerencias-para-que-devotos-migrantes-vivan-mejor-la-cuaresma-y-semana-santa\/\" class=\"eael-post-elements-readmore-btn\">CONOCE SU HISTORIA <\/a><\/div>\n                    <\/div><\/div><\/div>\n        <\/div>\n    <\/article><\/div>\n            <div class=\"clearfix\"><\/div>\n        <\/div>\t\t\t\t<\/div>\n\t\t\t\t\t<\/div>\n\t\t\t\t<\/div>\n\t\t\t\t<\/div>\n\t\t","protected":false},"excerpt":{"rendered":"<p>Manuel Garc\u00eda es un guatemalteco devoto cargador de la Consagrada Imagen de Jes\u00fas del Consuelo, desde hace 68 a\u00f1os. As\u00ed cuenta esta especial veneraci\u00f3n que se renueva en cada Cuaresma. Por m\u00e1s de seis d\u00e9cadas, Manuel Garc\u00eda ha dedicado su vida a una misi\u00f3n: cargar en hombros a Jes\u00fas del Consuelo. A sus 82 a\u00f1os, [&hellip;]<\/p>\n","protected":false},"author":19,"featured_media":30609,"comment_status":"open","ping_status":"open","sticky":false,"template":"","format":"standard","meta":{"_acf_changed":false,"_eb_attr":"","footnotes":""},"categories":[58],"tags":[],"class_list":["post-30608","post","type-post","status-publish","format-standard","has-post-thumbnail","hentry","category-guate-nuestra"],"acf":[],"aioseo_notices":[],"aioseo_head":"\n\t\t<!-- All in One SEO Pro 4.9.6.2 - aioseo.com -->\n\t<meta name=\"description\" content=\"Los migrantes que viven en Estados Unidos pueden recordar la Cuaresma y Semana Santa para no sentir la nostalgia.\" \/>\n\t<meta name=\"robots\" content=\"max-snippet:-1, max-image-preview:large, max-video-preview:-1\" \/>\n\t<meta name=\"author\" content=\"Marysabel Aldana\"\/>\n\t<link rel=\"canonical\" href=\"https:\/\/soymigrante.com\/revista\/algunas-sugerencias-para-que-devotos-migrantes-vivan-mejor-la-cuaresma-y-semana-santa\/\" \/>\n\t<meta name=\"generator\" content=\"All in One SEO Pro (AIOSEO) 4.9.6.2\" \/>\n\n\t\t<link rel=\"preconnect\" href=\"https:\/\/fonts.googleapis.com\" crossorigin>\n<link rel=\"preconnect\" href=\"https:\/\/fonts.gstatic.com\" crossorigin>\n\t\t<meta property=\"og:locale\" content=\"es_ES\" \/>\n\t\t<meta property=\"og:site_name\" content=\"SoyMigrante.com REVISTA \u2013 Nuestra misi\u00f3n es reconocer y dignificar al migrante.\" \/>\n\t\t<meta property=\"og:type\" content=\"article\" \/>\n\t\t<meta property=\"og:title\" content=\"Algunas sugerencias para que devotos migrantes vivan mejor la Cuaresma y Semana Santa\" \/>\n\t\t<meta property=\"og:description\" content=\"Los migrantes que viven en Estados Unidos pueden recordar la Cuaresma y Semana Santa para no sentir la nostalgia.\" \/>\n\t\t<meta property=\"og:url\" content=\"https:\/\/soymigrante.com\/revista\/algunas-sugerencias-para-que-devotos-migrantes-vivan-mejor-la-cuaresma-y-semana-santa\/\" \/>\n\t\t<meta property=\"og:image\" content=\"https:\/\/soymigrante.com\/revista\/wp-content\/uploads\/2023\/03\/2-FOTOS-DE-NAZARENO-DE-CANDELARIA-CORTESIA-DE-LANZA-SAGRADA-4-e1740965775791.webp\" \/>\n\t\t<meta property=\"og:image:secure_url\" content=\"https:\/\/soymigrante.com\/revista\/wp-content\/uploads\/2023\/03\/2-FOTOS-DE-NAZARENO-DE-CANDELARIA-CORTESIA-DE-LANZA-SAGRADA-4-e1740965775791.webp\" \/>\n\t\t<meta property=\"og:image:width\" content=\"720\" \/>\n\t\t<meta property=\"og:image:height\" content=\"720\" \/>\n\t\t<meta property=\"article:published_time\" content=\"2025-03-03T11:00:00+00:00\" \/>\n\t\t<meta property=\"article:modified_time\" content=\"2025-03-03T01:37:08+00:00\" \/>\n\t\t<meta property=\"article:publisher\" content=\"https:\/\/www.facebook.com\/soymigrantecom\" \/>\n\t\t<meta name=\"twitter:card\" content=\"summary_large_image\" \/>\n\t\t<meta name=\"twitter:site\" content=\"@SoyMigrante_com\" \/>\n\t\t<meta name=\"twitter:title\" content=\"Algunas sugerencias para que devotos migrantes vivan mejor la Cuaresma y Semana Santa\" \/>\n\t\t<meta name=\"twitter:description\" content=\"Los migrantes que viven en Estados Unidos pueden recordar la Cuaresma y Semana Santa para no sentir la nostalgia.\" \/>\n\t\t<meta name=\"twitter:creator\" content=\"@SoyMigrante_com\" \/>\n\t\t<meta name=\"twitter:image\" content=\"https:\/\/soymigrante.com\/revista\/wp-content\/uploads\/2023\/03\/2-FOTOS-DE-NAZARENO-DE-CANDELARIA-CORTESIA-DE-LANZA-SAGRADA-4-e1740965775791.webp\" \/>\n\t\t<!-- All in One SEO Pro -->\r\n\t\t<title>Algunas sugerencias para que devotos migrantes vivan mejor la Cuaresma y Semana Santa<\/title>\n\n","aioseo_head_json":{"title":"Algunas sugerencias para que devotos migrantes vivan mejor la Cuaresma y Semana Santa","description":"Los migrantes que viven en Estados Unidos pueden recordar la Cuaresma y Semana Santa para no sentir la nostalgia.","canonical_url":"https:\/\/soymigrante.com\/revista\/algunas-sugerencias-para-que-devotos-migrantes-vivan-mejor-la-cuaresma-y-semana-santa\/","robots":"max-snippet:-1, max-image-preview:large, max-video-preview:-1","keywords":"","webmasterTools":{"miscellaneous":"&lt;link rel=\"preconnect\" href=\"https:\/\/fonts.googleapis.com\" crossorigin&gt;\n&lt;link rel=\"preconnect\" href=\"https:\/\/fonts.gstatic.com\" crossorigin&gt;"},"schema":null,"og:locale":"es_ES","og:site_name":"SoyMigrante.com REVISTA \u2013 Nuestra misi\u00f3n es reconocer y dignificar al migrante.","og:type":"article","og:title":"Algunas sugerencias para que devotos migrantes vivan mejor la Cuaresma y Semana Santa","og:description":"Los migrantes que viven en Estados Unidos pueden recordar la Cuaresma y Semana Santa para no sentir la nostalgia.","og:url":"https:\/\/soymigrante.com\/revista\/algunas-sugerencias-para-que-devotos-migrantes-vivan-mejor-la-cuaresma-y-semana-santa\/","og:image":"https:\/\/soymigrante.com\/revista\/wp-content\/uploads\/2023\/03\/2-FOTOS-DE-NAZARENO-DE-CANDELARIA-CORTESIA-DE-LANZA-SAGRADA-4-e1740965775791.webp","og:image:secure_url":"https:\/\/soymigrante.com\/revista\/wp-content\/uploads\/2023\/03\/2-FOTOS-DE-NAZARENO-DE-CANDELARIA-CORTESIA-DE-LANZA-SAGRADA-4-e1740965775791.webp","og:image:width":720,"og:image:height":720,"article:published_time":"2025-03-03T11:00:00+00:00","article:modified_time":"2025-03-03T01:37:08+00:00","article:publisher":"https:\/\/www.facebook.com\/soymigrantecom","twitter:card":"summary_large_image","twitter:site":"@SoyMigrante_com","twitter:title":"Algunas sugerencias para que devotos migrantes vivan mejor la Cuaresma y Semana Santa","twitter:description":"Los migrantes que viven en Estados Unidos pueden recordar la Cuaresma y Semana Santa para no sentir la nostalgia.","twitter:creator":"@SoyMigrante_com","twitter:image":"https:\/\/soymigrante.com\/revista\/wp-content\/uploads\/2023\/03\/2-FOTOS-DE-NAZARENO-DE-CANDELARIA-CORTESIA-DE-LANZA-SAGRADA-4-e1740965775791.webp"},"aioseo_meta_data":{"post_id":"30608","title":"Testimonio devoto: Manuel Garc\u00eda, 68 a\u00f1os con Jes\u00fas del Consuelo","description":"Vive cerca del templo La Recolecci\u00f3n, de donde cada Semana Santa sale el cortejo de Jes\u00fas Nazareno del Consuelo. Manuel Garc\u00eda cuenta pinceladas de su devoci\u00f3n.","keywords":null,"keyphrases":{"focus":{"keyphrase":"Jes\u00fas del Consuelo","score":76,"analysis":{"keyphraseInTitle":{"score":9,"maxScore":9,"error":0},"keyphraseInDescription":{"score":3,"maxScore":9,"error":1},"keyphraseLength":{"score":9,"maxScore":9,"error":0,"length":4},"keyphraseInURL":{"score":1,"maxScore":5,"error":1},"keyphraseInIntroduction":{"score":9,"maxScore":9,"error":0},"keyphraseInSubHeadings":{"score":3,"maxScore":9,"error":1},"keyphraseInImageAlt":{"score":9,"maxScore":9,"error":0},"keywordDensity":{"type":"best","score":9,"maxScore":9,"error":0}}},"additional":[{"keyphrase":"cucurucho","score":53,"analysis":{"keyphraseInDescription":{"score":3,"maxScore":9,"error":1},"keyphraseLength":{"score":9,"maxScore":9,"error":0,"length":1},"keyphraseInIntroduction":{"score":3,"maxScore":9,"error":1},"keyphraseInImageAlt":{"score":9,"maxScore":9,"error":0},"keywordDensity":{"score":0,"type":"low","maxScore":9,"error":1}}}]},"primary_term":null,"canonical_url":null,"og_title":null,"og_description":null,"og_object_type":"default","og_image_type":"default","og_image_url":null,"og_image_width":null,"og_image_height":null,"og_image_custom_url":null,"og_image_custom_fields":null,"og_video":"","og_custom_url":null,"og_article_section":null,"og_article_tags":null,"twitter_use_og":false,"twitter_card":"default","twitter_image_type":"default","twitter_image_url":null,"twitter_image_custom_url":null,"twitter_image_custom_fields":null,"twitter_title":null,"twitter_description":null,"schema":{"blockGraphs":[],"customGraphs":[],"default":{"data":{"Article":[],"Course":[],"Dataset":[],"FAQPage":[],"Movie":[],"Person":[],"Product":[],"ProductReview":[],"Car":[],"Recipe":[],"Service":[],"SoftwareApplication":[],"WebPage":[]},"graphName":"none","isEnabled":true},"graphs":[]},"schema_type":"default","schema_type_options":null,"pillar_content":false,"robots_default":true,"robots_noindex":false,"robots_noarchive":false,"robots_nosnippet":false,"robots_nofollow":false,"robots_noimageindex":false,"robots_noodp":false,"robots_notranslate":false,"robots_max_snippet":"-1","robots_max_videopreview":"-1","robots_max_imagepreview":"large","priority":null,"frequency":"default","local_seo":null,"seo_analyzer_scan_date":"2025-10-09 04:15:22","breadcrumb_settings":null,"limit_modified_date":false,"reviewed_by":"0","open_ai":"{\"title\":{\"suggestions\":[],\"usage\":0},\"description\":{\"suggestions\":[],\"usage\":0}}","ai":{"faqs":[],"keyPoints":[],"titles":[],"descriptions":[],"socialPosts":{"email":[],"linkedin":[],"twitter":[],"facebook":[],"instagram":[]}},"created":"2025-04-10 17:46:26","updated":"2026-02-04 22:55:09"},"aioseo_breadcrumb":"<div class=\"aioseo-breadcrumbs\"><span class=\"aioseo-breadcrumb\">\n\t<a href=\"https:\/\/soymigrante.com\/revista\" title=\"Home\">Home<\/a>\n<\/span><span class=\"aioseo-breadcrumb-separator\">\u00bb<\/span><span class=\"aioseo-breadcrumb\">\n\t<a href=\"https:\/\/soymigrante.com\/revista\/category\/guate-nuestra\/\" title=\"Guate Nuestra\">Guate Nuestra<\/a>\n<\/span><span class=\"aioseo-breadcrumb-separator\">\u00bb<\/span><span class=\"aioseo-breadcrumb\">\n\tTestimonio devoto: Manuel Garc\u00eda y su profundo cari\u00f1o a Jes\u00fas Nazareno del Consuelo\n<\/span><\/div>","aioseo_breadcrumb_json":[{"label":"Home","link":"https:\/\/soymigrante.com\/revista"},{"label":"Guate Nuestra","link":"https:\/\/soymigrante.com\/revista\/category\/guate-nuestra\/"},{"label":"Testimonio devoto: Manuel Garc\u00eda y su profundo cari\u00f1o a Jes\u00fas Nazareno del Consuelo","link":"https:\/\/soymigrante.com\/revista\/testimonio-devoto-manuel-garcia-y-su-profundo-carino-a-jesus-nazareno-del-consuelo\/"}],"_links":{"self":[{"href":"https:\/\/soymigrante.com\/revista\/wp-json\/wp\/v2\/posts\/30608","targetHints":{"allow":["GET"]}}],"collection":[{"href":"https:\/\/soymigrante.com\/revista\/wp-json\/wp\/v2\/posts"}],"about":[{"href":"https:\/\/soymigrante.com\/revista\/wp-json\/wp\/v2\/types\/post"}],"author":[{"embeddable":true,"href":"https:\/\/soymigrante.com\/revista\/wp-json\/wp\/v2\/users\/19"}],"replies":[{"embeddable":true,"href":"https:\/\/soymigrante.com\/revista\/wp-json\/wp\/v2\/comments?post=30608"}],"version-history":[{"count":5,"href":"https:\/\/soymigrante.com\/revista\/wp-json\/wp\/v2\/posts\/30608\/revisions"}],"predecessor-version":[{"id":45308,"href":"https:\/\/soymigrante.com\/revista\/wp-json\/wp\/v2\/posts\/30608\/revisions\/45308"}],"wp:featuredmedia":[{"embeddable":true,"href":"https:\/\/soymigrante.com\/revista\/wp-json\/wp\/v2\/media\/30609"}],"wp:attachment":[{"href":"https:\/\/soymigrante.com\/revista\/wp-json\/wp\/v2\/media?parent=30608"}],"wp:term":[{"taxonomy":"category","embeddable":true,"href":"https:\/\/soymigrante.com\/revista\/wp-json\/wp\/v2\/categories?post=30608"},{"taxonomy":"post_tag","embeddable":true,"href":"https:\/\/soymigrante.com\/revista\/wp-json\/wp\/v2\/tags?post=30608"}],"curies":[{"name":"wp","href":"https:\/\/api.w.org\/{rel}","templated":true}]}}