{"id":30577,"date":"2025-04-10T11:24:19","date_gmt":"2025-04-10T17:24:19","guid":{"rendered":"https:\/\/soymigrante.com\/revista\/?p=30577"},"modified":"2025-07-21T12:21:42","modified_gmt":"2025-07-21T18:21:42","slug":"floridalia-teje-bolsas-canastas-y-hermandad-junto-a-mujeres-de-parramos-bolsos-y-bisuteria-ales-ahora-esta-en-mercado","status":"publish","type":"post","link":"https:\/\/soymigrante.com\/revista\/floridalia-teje-bolsas-canastas-y-hermandad-junto-a-mujeres-de-parramos-bolsos-y-bisuteria-ales-ahora-esta-en-mercado\/","title":{"rendered":"Floridalia teje bolsas, canastas y hermandad junto a mujeres de Parramos. Bolsos y Bisuteria Ale&#8217;s ahora est\u00e1 en MERCADO"},"content":{"rendered":"\t\t<div data-elementor-type=\"wp-post\" data-elementor-id=\"30577\" class=\"elementor elementor-30577\" data-elementor-post-type=\"post\">\n\t\t\t\t<div data-particle_enable=\"false\" data-particle-mobile-disabled=\"false\" class=\"elementor-element elementor-element-7fcf8a6 e-flex e-con-boxed e-con e-parent\" data-id=\"7fcf8a6\" data-element_type=\"container\" data-e-type=\"container\">\n\t\t\t\t\t<div class=\"e-con-inner\">\n\t\t\t\t<div class=\"elementor-element elementor-element-f256513 elementor-widget elementor-widget-heading\" data-id=\"f256513\" data-element_type=\"widget\" data-e-type=\"widget\" data-widget_type=\"heading.default\">\n\t\t\t\t\t<h2 class=\"elementor-heading-title elementor-size-default\">En Parramos, Chimaltenango, Ale's Accesorios y Bisuter\u00eda crea canastas, bolsas, mochiles, portamacetas, pero sobre todo genera oportunidades para m\u00e1s mujeres de la regi\u00f3n gracias al entusiasmo de la emprendedora Floridalia Lico. Esta es su historia.<\/h2>\t\t\t\t<\/div>\n\t\t\t\t<div class=\"elementor-element elementor-element-afacbe6 elementor-widget elementor-widget-html\" data-id=\"afacbe6\" data-element_type=\"widget\" data-e-type=\"widget\" data-widget_type=\"html.default\">\n\t\t\t\t\t<div id=\"buzzsprout-player-16953790\"><\/div><script src=\"https:\/\/www.buzzsprout.com\/2444168\/episodes\/16953790-floridalia-lico-tejiendo-suenos-y-hermandad-en-guatemala.js?container_id=buzzsprout-player-16953790&player=small\" type=\"text\/javascript\" charset=\"utf-8\"><\/script>\t\t\t\t<\/div>\n\t\t\t\t\t<\/div>\n\t\t\t\t<\/div>\n\t\t<div data-particle_enable=\"false\" data-particle-mobile-disabled=\"false\" class=\"elementor-element elementor-element-da95959 e-flex e-con-boxed e-con e-parent\" data-id=\"da95959\" data-element_type=\"container\" data-e-type=\"container\">\n\t\t\t\t\t<div class=\"e-con-inner\">\n\t\t\t\t<div class=\"elementor-element elementor-element-0e427db elementor-widget elementor-widget-text-editor\" data-id=\"0e427db\" data-element_type=\"widget\" data-e-type=\"widget\" data-widget_type=\"text-editor.default\">\n\t\t\t\t\t\t\t\t\t<p>En el coraz\u00f3n de Parramos, <a href=\"https:\/\/soymigrante.com\/revista\/departamentos-de-guatemala-chimaltenango-tiene-montanas-tradicion-y-la-primera-capital-de-guatemala\/\">Chimaltenango<\/a>, reside Floridalia Lico y su familia, artesana y fundadora de Ale&#8217;s Bolsas, un emprendimiento de tejidos utilitarios con hilo pl\u00e1stico. Elabora canastas, bolsas, paneras, portamacetas y lo que la creatividad diga&#8221;, expresa ella con entusiasmo.<\/p><p>Poco a poco a sus accesorios les ha a\u00f1adido elementos textiles t\u00edpicos, de cuero o madera, con los cuales genera oportunidades para madres del municipio. &#8220;Uno solo no puede crecer, uno solo no puede avanzar, cada uno tiene su especialidad y unidas las mujeres podemos colaborar y lograr m\u00e1s&#8221;, expresa con decisi\u00f3n.<\/p><p>Ahora <a href=\"https:\/\/soymigrante.com\/mercado\/marketplace\/seller\/profile\/artesaniasales\">Artesan\u00edas Ale&#8217;s, bolsas y accesorios,<\/a>\u00a0tiene su tienda digital abierta en SoyMigrante.com MERCADO, la comunidad en l\u00ednea creada para que emprendedores guatemaltecos puedan llegar a m\u00e1s compradores, sin l\u00edmite de horario o distancia. Es un proyecto activo, proactivo e innovador para peque\u00f1os negocios y creadores de productos elaborados a mano.<\/p><p>Detr\u00e1s de cada producto siempre hay una historia y esta es la de Ale&#8217;s Bolsas y Accesorios.<\/p>\t\t\t\t\t\t\t\t<\/div>\n\t\t\t\t\t<\/div>\n\t\t\t\t<\/div>\n\t\t<div data-particle_enable=\"false\" data-particle-mobile-disabled=\"false\" class=\"elementor-element elementor-element-3150d8c e-flex e-con-boxed e-con e-parent\" data-id=\"3150d8c\" data-element_type=\"container\" data-e-type=\"container\">\n\t\t\t\t\t<div class=\"e-con-inner\">\n\t\t\t\t<div class=\"elementor-element elementor-element-2451924 elementor-widget elementor-widget-image\" data-id=\"2451924\" data-element_type=\"widget\" data-e-type=\"widget\" data-widget_type=\"image.default\">\n\t\t\t\t\t\t\t\t\t\t\t\t<figure class=\"wp-caption\">\n\t\t\t\t\t\t\t\t\t\t\t<a href=\"https:\/\/soymigrante.com\/mercado\/marketplace\/seller\/profile\/artesaniasales\">\n\t\t\t\t\t\t\t<img fetchpriority=\"high\" decoding=\"async\" width=\"768\" height=\"371\" src=\"https:\/\/soymigrante.com\/revista\/wp-content\/uploads\/2025\/04\/ales-artesanias-mercado-floridalia-lico-1024x495.png\" class=\"attachment-large size-large wp-image-30590\" alt=\"Bolsas artesanales hechas a mano y decoraciones de hogar con artesan\u00eda guatemalteca en SoyMigrante.com REVISTA.\" srcset=\"https:\/\/soymigrante.com\/revista\/wp-content\/uploads\/2025\/04\/ales-artesanias-mercado-floridalia-lico-1024x495.png 1024w, https:\/\/soymigrante.com\/revista\/wp-content\/uploads\/2025\/04\/ales-artesanias-mercado-floridalia-lico-300x145.png 300w, https:\/\/soymigrante.com\/revista\/wp-content\/uploads\/2025\/04\/ales-artesanias-mercado-floridalia-lico-768x371.png 768w, https:\/\/soymigrante.com\/revista\/wp-content\/uploads\/2025\/04\/ales-artesanias-mercado-floridalia-lico-750x363.webp 750w, https:\/\/soymigrante.com\/revista\/wp-content\/uploads\/2025\/04\/ales-artesanias-mercado-floridalia-lico-1140x551.webp 1140w, https:\/\/soymigrante.com\/revista\/wp-content\/uploads\/2025\/04\/ales-artesanias-mercado-floridalia-lico.webp 1222w\" sizes=\"(max-width: 768px) 100vw, 768px\" title=\"ales artesanias mercado floridalia lico \u2013 SoyMigrante.com REVISTA\" \/>\t\t\t\t\t\t\t\t<\/a>\n\t\t\t\t\t\t\t\t\t\t\t<figcaption class=\"widget-image-caption wp-caption-text\">Bolsas y objetos decorativos tradicionales, hechos a mano por artesanos guatemaltecos, ideales para regalar o decorar espacios con cultura y arte local.<\/figcaption>\n\t\t\t\t\t\t\t\t\t\t<\/figure>\n\t\t\t\t\t\t\t\t\t<\/div>\n\t\t\t\t\t<\/div>\n\t\t\t\t<\/div>\n\t\t<div data-particle_enable=\"false\" data-particle-mobile-disabled=\"false\" class=\"elementor-element elementor-element-1977c19 e-flex e-con-boxed e-con e-parent\" data-id=\"1977c19\" data-element_type=\"container\" data-e-type=\"container\">\n\t\t\t\t\t<div class=\"e-con-inner\">\n\t\t\t\t<div class=\"elementor-element elementor-element-8b425ca elementor-widget elementor-widget-heading\" data-id=\"8b425ca\" data-element_type=\"widget\" data-e-type=\"widget\" data-widget_type=\"heading.default\">\n\t\t\t\t\t<h3 class=\"elementor-heading-title elementor-size-default\">Sobrevivir a la adversidad con creatividad<\/h3>\t\t\t\t<\/div>\n\t\t\t\t\t<\/div>\n\t\t\t\t<\/div>\n\t\t<div data-particle_enable=\"false\" data-particle-mobile-disabled=\"false\" class=\"elementor-element elementor-element-559a07f e-flex e-con-boxed e-con e-parent\" data-id=\"559a07f\" data-element_type=\"container\" data-e-type=\"container\">\n\t\t\t\t\t<div class=\"e-con-inner\">\n\t\t\t\t<div class=\"elementor-element elementor-element-1827dd7 elementor-widget elementor-widget-text-editor\" data-id=\"1827dd7\" data-element_type=\"widget\" data-e-type=\"widget\" data-widget_type=\"text-editor.default\">\n\t\t\t\t\t\t\t\t\t<p><span style=\"color: var( --e-global-color-text ); text-align: var(--text-align);\">Antes de 2020, Floridalia ten\u00eda un peque\u00f1o comedor en Parramos, en el cual tambi\u00e9n brindaba talleres de preparaci\u00f3n de comidas tradicionales guatemaltecas a turistas. Tambi\u00e9n cultivaba y vend\u00eda hongos comestibles. De pronto, la pandemia detuvo todo.<\/span><\/p><p>La pandemia la oblig\u00f3 a cerrar las puertas de su querido comedor, aquel rinc\u00f3n donde los turistas se deleitaban con aut\u00e9nticas experiencias culinarias guatemaltecas. Pero hab\u00eda que sobrevivir. Su esposo tambi\u00e9n estaba sin poder trabajar. Lejos de dejarse vencer por la incertidumbre, Floridalia encontr\u00f3 en la necesidad la chispa para reinventarse.<\/p><p>&#8220;No hab\u00eda qu\u00e9 hacer&#8221;, recuerda Floridalia &#8220;Ya hab\u00eda aprendido algo, pero me met\u00ed a YouTube pera mejorar y aprender a hacer cestos, canastas y bolsas con hilo pl\u00e1stico&#8221;. Impulsada por la urgencia de ocupar sus manos y su mente en medio del confinamiento, Floridalia descubri\u00f3 un nuevo camino. Y puso a toda su familia en \u00e9l.<\/p><p>El proyecto familiar comenz\u00f3 para tener algo en qu\u00e9 enfocarse durante el cierre de pandemia. &#8220;En vez de estar pensando en cosas terribles o solo viendo TV, estar ocupados nos funcion\u00f3 para motivarnos y producir&#8221;, explica.\u00a0<\/p>\t\t\t\t\t\t\t\t<\/div>\n\t\t\t\t\t<\/div>\n\t\t\t\t<\/div>\n\t\t<div data-particle_enable=\"false\" data-particle-mobile-disabled=\"false\" class=\"elementor-element elementor-element-a80990c e-flex e-con-boxed e-con e-parent\" data-id=\"a80990c\" data-element_type=\"container\" data-e-type=\"container\">\n\t\t\t\t\t<div class=\"e-con-inner\">\n\t\t\t\t<div class=\"elementor-element elementor-element-ccb2d53 elementor-widget elementor-widget-image\" data-id=\"ccb2d53\" data-element_type=\"widget\" data-e-type=\"widget\" data-widget_type=\"image.default\">\n\t\t\t\t\t\t\t\t\t\t\t\t<figure class=\"wp-caption\">\n\t\t\t\t\t\t\t\t\t\t<img decoding=\"async\" width=\"768\" height=\"421\" src=\"https:\/\/soymigrante.com\/revista\/wp-content\/uploads\/2025\/04\/emprendedora-mercado-floridalia-ales-accesorios-3-1-1024x561.jpg\" class=\"attachment-large size-large wp-image-30591\" alt=\"Bolsos artesanales y accesorios hechos a mano de inter\u00e9s cultural, resaltando la artesan\u00eda mexicana, con productos \u00fanicos y coloridos para promover el comercio justo y la cultura local en ferias y mercados.\" srcset=\"https:\/\/soymigrante.com\/revista\/wp-content\/uploads\/2025\/04\/emprendedora-mercado-floridalia-ales-accesorios-3-1-1024x561.jpg 1024w, https:\/\/soymigrante.com\/revista\/wp-content\/uploads\/2025\/04\/emprendedora-mercado-floridalia-ales-accesorios-3-1-300x164.jpg 300w, https:\/\/soymigrante.com\/revista\/wp-content\/uploads\/2025\/04\/emprendedora-mercado-floridalia-ales-accesorios-3-1-768x421.jpg 768w, https:\/\/soymigrante.com\/revista\/wp-content\/uploads\/2025\/04\/emprendedora-mercado-floridalia-ales-accesorios-3-1-1536x841.jpg 1536w, https:\/\/soymigrante.com\/revista\/wp-content\/uploads\/2025\/04\/emprendedora-mercado-floridalia-ales-accesorios-3-1-750x411.webp 750w, https:\/\/soymigrante.com\/revista\/wp-content\/uploads\/2025\/04\/emprendedora-mercado-floridalia-ales-accesorios-3-1-1140x625.webp 1140w, https:\/\/soymigrante.com\/revista\/wp-content\/uploads\/2025\/04\/emprendedora-mercado-floridalia-ales-accesorios-3-1.webp 1599w\" sizes=\"(max-width: 768px) 100vw, 768px\" title=\"Floridalia Lico participa en ferias de emprendedores y artesanos, capacita a mujeres y las organiza para cooperar en la elaboraci\u00f3n de accesorios. Ahora a trav\u00e9s de SoyMigrante.com MERCADO espera llegar a toda Guatemala. \u2013 SoyMigrante.com REVISTA\" \/>\t\t\t\t\t\t\t\t\t\t\t<figcaption class=\"widget-image-caption wp-caption-text\">Vendedor de artesan\u00edas tradicionales mexicanas en mercado, ofreciendo bolsas, canastas, bisuter\u00eda y art\u00edculos hechos a mano con fibras y textiles, promoviendo cultura y econom\u00eda local en evento de comercio justo.<\/figcaption>\n\t\t\t\t\t\t\t\t\t\t<\/figure>\n\t\t\t\t\t\t\t\t\t<\/div>\n\t\t\t\t\t<\/div>\n\t\t\t\t<\/div>\n\t\t<div data-particle_enable=\"false\" data-particle-mobile-disabled=\"false\" class=\"elementor-element elementor-element-9fadfb9 e-flex e-con-boxed e-con e-parent\" data-id=\"9fadfb9\" data-element_type=\"container\" data-e-type=\"container\">\n\t\t\t\t\t<div class=\"e-con-inner\">\n\t\t\t\t<div class=\"elementor-element elementor-element-d2a45b5 elementor-widget elementor-widget-heading\" data-id=\"d2a45b5\" data-element_type=\"widget\" data-e-type=\"widget\" data-widget_type=\"heading.default\">\n\t\t\t\t\t<h3 class=\"elementor-heading-title elementor-size-default\">Perseverancia para triunfar a pesar de la dificultad<\/h3>\t\t\t\t<\/div>\n\t\t\t\t\t<\/div>\n\t\t\t\t<\/div>\n\t\t<div data-particle_enable=\"false\" data-particle-mobile-disabled=\"false\" class=\"elementor-element elementor-element-fb44b2a e-flex e-con-boxed e-con e-parent\" data-id=\"fb44b2a\" data-element_type=\"container\" data-e-type=\"container\">\n\t\t\t\t\t<div class=\"e-con-inner\">\n\t\t\t\t<div class=\"elementor-element elementor-element-a46569f elementor-widget elementor-widget-text-editor\" data-id=\"a46569f\" data-element_type=\"widget\" data-e-type=\"widget\" data-widget_type=\"text-editor.default\">\n\t\t\t\t\t\t\t\t\t<p><span style=\"color: var( --e-global-color-text ); text-align: var(--text-align);\">Los primeros intentos en el tejido de hilo pl\u00e1stico no dieron resultados \u00f3ptimos. &#8220;Las primeras veces se perdi\u00f3 material. Las piezas no serv\u00edan, no ten\u00edan la forma correcta, pero no importaba: est\u00e1bamos aprendiendo juntos y enfocarnos en eso nos uni\u00f3&#8221;.<\/span><\/p><p>Uno de sus hijos, tambi\u00e9n sin trabajo, se encargaba de entregar algunos pedidos que surgieron. &#8220;Anunciamos el producto en redes y nos lo compraban para cumplea\u00f1os y para el D\u00eda de la Madre. Invent\u00e1bamos m\u00e1s colores y formas. Mi hijo iba a entregar los encargos en su moto. Con esas ventas sobrevivimos&#8221;, relata Floridalia. Se iba construyendo su marca y su estilo.<\/p><p>Aunque hoy la familia ha retomado sus actividades, el tejido de piezas contin\u00faa. E incluso a hora Floridalia genera oportunidades laborales: &#8220;Ahora, ya no soy solo yo. Tengo a dos personas que me ayudan a sacar los pedidos. Algunos vienen con encargo de detalles espec\u00edficos&#8221;.\u00a0<\/p>\t\t\t\t\t\t\t\t<\/div>\n\t\t\t\t\t<\/div>\n\t\t\t\t<\/div>\n\t\t<div data-particle_enable=\"false\" data-particle-mobile-disabled=\"false\" class=\"elementor-element elementor-element-b6f98e7 e-flex e-con-boxed e-con e-parent\" data-id=\"b6f98e7\" data-element_type=\"container\" data-e-type=\"container\">\n\t\t\t\t\t<div class=\"e-con-inner\">\n\t\t\t\t<div class=\"elementor-element elementor-element-16b69ff elementor-invisible elementor-widget elementor-widget-testimonial\" data-id=\"16b69ff\" data-element_type=\"widget\" data-e-type=\"widget\" data-settings=\"{&quot;_animation&quot;:&quot;rotateInUpRight&quot;}\" data-widget_type=\"testimonial.default\">\n\t\t\t\t\t\t\t<div class=\"elementor-testimonial-wrapper\">\n\t\t\t\t\t\t\t<div class=\"elementor-testimonial-content\">\"En 2022 Marcos Antil dio una conferencia en Antigua Guatemala. Me impact\u00f3 o\u00edrle decir y mostrar que no hay nada imposible. Y si alguien entre nosotros sabe y ha vivido la necesidad que tenemos es Marcos Antil. Si alguien sabe de emprender y tener \u00e9xito es Marcos Antil. Y si alguien nos quiere ayudar es Marcos Antil. Por eso cuando abri\u00f3 el SoyMigrante MERCADO,, quer\u00eda estar all\u00ed\".<\/div>\n\t\t\t\n\t\t\t\t\t\t<div class=\"elementor-testimonial-meta elementor-has-image elementor-testimonial-image-position-aside\">\n\t\t\t\t<div class=\"elementor-testimonial-meta-inner\">\n\t\t\t\t\t\t\t\t\t\t\t<div class=\"elementor-testimonial-image\">\n\t\t\t\t\t\t\t<img decoding=\"async\" width=\"593\" height=\"712\" src=\"https:\/\/soymigrante.com\/revista\/wp-content\/uploads\/2025\/04\/emprendedora-mercado-floridalia-ales-accesorios-10.webp\" class=\"attachment-full size-full wp-image-30592\" alt=\"Caballero y mujer con mascarillas y ropa tradicional, sosteniendo un bolso artesanal, en evento cultural o social en M\u00e9xico, imagen de solidaridad y comunidad ind\u00edgena, para revista SoyMigrante.com REVISTA.\" title=\"emprendedora mercado floridalia ales accesorios 10 \u2013 SoyMigrante.com REVISTA\" srcset=\"https:\/\/soymigrante.com\/revista\/wp-content\/uploads\/2025\/04\/emprendedora-mercado-floridalia-ales-accesorios-10.webp 593w, https:\/\/soymigrante.com\/revista\/wp-content\/uploads\/2025\/04\/emprendedora-mercado-floridalia-ales-accesorios-10-250x300.jpg 250w\" sizes=\"(max-width: 593px) 100vw, 593px\" \/>\t\t\t\t\t\t<\/div>\n\t\t\t\t\t\n\t\t\t\t\t\t\t\t\t\t<div class=\"elementor-testimonial-details\">\n\t\t\t\t\t\t\t\t\t\t\t\t\t\t<div class=\"elementor-testimonial-name\">Floridalia Lico<\/div>\n\t\t\t\t\t\t\t\t\t\t\t\t\t\t\t\t\t\t\t\t\t\t<div class=\"elementor-testimonial-job\">Emprendedora guatemalteca\nacerca de por qu\u00e9 decidi\u00f3 abrir\nsu tienda en SoyMigrante.com\n,MERCADO<\/div>\n\t\t\t\t\t\t\t\t\t\t\t\t\t<\/div>\n\t\t\t\t\t\t\t\t\t<\/div>\n\t\t\t<\/div>\n\t\t\t\t\t<\/div>\n\t\t\t\t\t\t<\/div>\n\t\t\t\t\t<\/div>\n\t\t\t\t<\/div>\n\t\t<div data-particle_enable=\"false\" data-particle-mobile-disabled=\"false\" class=\"elementor-element elementor-element-7d7a786 e-flex e-con-boxed e-con e-parent\" data-id=\"7d7a786\" data-element_type=\"container\" data-e-type=\"container\">\n\t\t\t\t\t<div class=\"e-con-inner\">\n\t\t\t\t<div class=\"elementor-element elementor-element-b59e70e elementor-widget elementor-widget-heading\" data-id=\"b59e70e\" data-element_type=\"widget\" data-e-type=\"widget\" data-widget_type=\"heading.default\">\n\t\t\t\t\t<h3 class=\"elementor-heading-title elementor-size-default\">Genera oportunidad para m\u00e1s emprendedoras<\/h3>\t\t\t\t<\/div>\n\t\t\t\t\t<\/div>\n\t\t\t\t<\/div>\n\t\t<div data-particle_enable=\"false\" data-particle-mobile-disabled=\"false\" class=\"elementor-element elementor-element-63aadfd e-flex e-con-boxed e-con e-parent\" data-id=\"63aadfd\" data-element_type=\"container\" data-e-type=\"container\">\n\t\t\t\t\t<div class=\"e-con-inner\">\n\t\t\t\t<div class=\"elementor-element elementor-element-16e864f elementor-widget elementor-widget-text-editor\" data-id=\"16e864f\" data-element_type=\"widget\" data-e-type=\"widget\" data-widget_type=\"text-editor.default\">\n\t\t\t\t\t\t\t\t\t<p><span style=\"color: var( --e-global-color-text ); text-align: var(--text-align);\">Su taller se ha convertido en un espacio de colaboraci\u00f3n y empoderamiento con otras mam\u00e1s. &#8220;Me gusta m\u00e1s trabajar con madres: porque les ense\u00f1o, se llevan el material y lo trabajan en casa sin descuidar a sus ni\u00f1os. Generan ingreso y cuidan su hogar. Adem\u00e1s, las mam\u00e1s tenemos la mejor motivaci\u00f3n: sacar adelante a nuestros hijos. Esa fuerza nos hace esforzarnos y crear&#8221;.<\/span><\/p><p>En esa colaboraci\u00f3n, el grupo de Floridalia abarca a otras 8 mujeres maya k&#8217;akchikel.\u00a0 &#8220;Una me trae textil t\u00edpico porque es tejedora; tambi\u00e9n chalinas rojas, con los colores. Tenemos tambi\u00e9n bisuter\u00eda: una m\u00e1s trabaja en barro, otra en cuero y todas aportamos ideas. Empec\u00e9 sola, pero es bien importante involucrar a las mujeres. Sola uno no puede, si uno quiere crecer tiene que colaborar&#8221;.<\/p><p>En su camino, no han faltado los momentos adversos&#8230; pero que se convierten en oportunidad. &#8220;Una vez mandamos a hacer un molde, hicimos los cestos, pero nos dimos cuenta que no era el tama\u00f1o correcto. En el pedido quer\u00edan m\u00e1s grandes y con un material m\u00e1s grueso&#8221;.\u00a0<\/p><p>&#8220;Para no tirar los que ya hab\u00edamos hecho, puse unas macetitas adentro de los que no sirvieron. Igual corregimos, compr\u00e9 otro molde y entregamos el otro pedido, aunque gastamos m\u00e1s&#8221;<\/p><p>&#8220;Tiempo despu\u00e9s, vinieron unos turistas al comedor&#8221; (ya se ha reabierto el comedor, ofrece la experiencia de preparar comidas a visitantes y despu\u00e9s los pasa a visitar la exhibici\u00f3n de productos) &#8220;Una visitante fue al jard\u00edn y vio la maceta dentro de los cestos que no se vendieron. \u00a1Justo eso ando buscando! \u00bfEn cu\u00e1nto me lo vende con todo y planta? Y se llev\u00f3 los que hab\u00eda. Me encarg\u00f3 m\u00e1s para centros de mesa. Y as\u00ed surgi\u00f3 un nuevo producto: macetas tejidas&#8221;.<\/p>\t\t\t\t\t\t\t\t<\/div>\n\t\t\t\t\t<\/div>\n\t\t\t\t<\/div>\n\t\t<div data-particle_enable=\"false\" data-particle-mobile-disabled=\"false\" class=\"elementor-element elementor-element-fbd492e e-flex e-con-boxed e-con e-parent\" data-id=\"fbd492e\" data-element_type=\"container\" data-e-type=\"container\">\n\t\t\t\t\t<div class=\"e-con-inner\">\n\t\t\t\t<div class=\"elementor-element elementor-element-8700796 elementor-widget elementor-widget-text-editor\" data-id=\"8700796\" data-element_type=\"widget\" data-e-type=\"widget\" data-widget_type=\"text-editor.default\">\n\t\t\t\t\t\t\t\t\t<p><b>Video de 2020 cuando durante la pandemia los hijos de Floridalia Lico aprend\u00edan y se ense\u00f1aban entre s\u00ed la forma de tejer canastos y otros accesorios. Trabajo en equipo y en familia.<\/b><\/p>\t\t\t\t\t\t\t\t<\/div>\n\t\t\t\t\t<\/div>\n\t\t\t\t<\/div>\n\t\t<div data-particle_enable=\"false\" data-particle-mobile-disabled=\"false\" class=\"elementor-element elementor-element-5e3f848 e-flex e-con-boxed e-con e-parent\" data-id=\"5e3f848\" data-element_type=\"container\" data-e-type=\"container\">\n\t\t\t\t\t<div class=\"e-con-inner\">\n\t\t\t\t<div class=\"elementor-element elementor-element-abc87cc elementor-widget elementor-widget-video\" data-id=\"abc87cc\" data-element_type=\"widget\" data-e-type=\"widget\" data-settings=\"{&quot;video_type&quot;:&quot;hosted&quot;,&quot;controls&quot;:&quot;yes&quot;}\" data-widget_type=\"video.default\">\n\t\t\t\t\t\t\t<div class=\"e-hosted-video elementor-wrapper elementor-open-inline\">\n\t\t\t\t\t<video class=\"elementor-video\" src=\"https:\/\/soymigrante.com\/revista\/wp-content\/uploads\/2025\/04\/FLORIDALIA-HIJOS.mp4\" controls=\"\" preload=\"metadata\" controlsList=\"nodownload\"><\/video>\n\t\t\t\t<\/div>\n\t\t\t\t\t\t<\/div>\n\t\t\t\t\t<\/div>\n\t\t\t\t<\/div>\n\t\t<div data-particle_enable=\"false\" data-particle-mobile-disabled=\"false\" class=\"elementor-element elementor-element-85fd940 e-flex e-con-boxed e-con e-parent\" data-id=\"85fd940\" data-element_type=\"container\" data-e-type=\"container\">\n\t\t\t\t\t<div class=\"e-con-inner\">\n\t\t\t\t<div class=\"elementor-element elementor-element-e7bb63b elementor-widget elementor-widget-heading\" data-id=\"e7bb63b\" data-element_type=\"widget\" data-e-type=\"widget\" data-widget_type=\"heading.default\">\n\t\t\t\t\t<h2 class=\"elementor-heading-title elementor-size-default\">Emprendimiento y escuela de vida<\/h2>\t\t\t\t<\/div>\n\t\t\t\t\t<\/div>\n\t\t\t\t<\/div>\n\t\t<div data-particle_enable=\"false\" data-particle-mobile-disabled=\"false\" class=\"elementor-element elementor-element-cbda9a3 e-flex e-con-boxed e-con e-parent\" data-id=\"cbda9a3\" data-element_type=\"container\" data-e-type=\"container\">\n\t\t\t\t\t<div class=\"e-con-inner\">\n\t\t\t\t<div class=\"elementor-element elementor-element-0377b39 elementor-widget elementor-widget-text-editor\" data-id=\"0377b39\" data-element_type=\"widget\" data-e-type=\"widget\" data-widget_type=\"text-editor.default\">\n\t\t\t\t\t\t\t\t\t<p><span style=\"color: var( --e-global-color-text ); text-align: var(--text-align);\">Para Floridalia, este emprendimiento es tambi\u00e9n una escuela de vida para sus hijos. &#8220;Les ense\u00f1o a ahorrar y ser su propio jefe. <a href=\"https:\/\/soymigrante.com\/mercado\/marketplace\/seller\/profile\/artesaniasales\">Si juntan su dinerito pueden invertirlo en un negocio<\/a>. No hay obst\u00e1culo que no podamos vencer&#8221;. Floridalia tiene ahora su moto y efect\u00faa entregas de producto tambi\u00e9n.<\/span><\/p><p>&#8220;Mis otras compa\u00f1eras que he ingresado, nos hemos unido. Una me trae t\u00edpico, tejedora; unas chalinas rojas, con los colores. Tenemos tambi\u00e9n bisuter\u00edas. Todas somos mam\u00e1s, barro, animalitos y unos tequileros de barro\u2026 Empec\u00e9 sola, pero es bien importante involucrar a las mujeres. Solo uno no puede, si uno quiere crecer tiene que delegar&#8221;.<\/p><p>Su visi\u00f3n de crecimiento la ha llevado incluso a compartir sus conocimientos. &#8220;Ya he salido a dar clases de cester\u00eda a mujeres de Escuintla y Sacatep\u00e9quez&#8221;. Y en su propia casa, ha abierto espacio para cursos de cocina guatemalteca, donde otras mujeres se unen y aportan sus propios productos cultivados: gallina, g\u00fcisquil, chipil\u00edn. &#8220;El producto que utilizamos para las comidas son cultivados por ellas mismas. Una se encarga de la entrada, las tortillas, ya luego a la tienda para que parte de su curso, compren\u2026&#8221;. Su mente emprendedora no se detiene<\/p>\t\t\t\t\t\t\t\t<\/div>\n\t\t\t\t\t<\/div>\n\t\t\t\t<\/div>\n\t\t<div data-particle_enable=\"false\" data-particle-mobile-disabled=\"false\" class=\"elementor-element elementor-element-7dbc0f0 e-flex e-con-boxed e-con e-parent\" data-id=\"7dbc0f0\" data-element_type=\"container\" data-e-type=\"container\">\n\t\t\t\t\t<div class=\"e-con-inner\">\n\t\t\t\t<div class=\"elementor-element elementor-element-c1fae1c elementor-widget elementor-widget-image\" data-id=\"c1fae1c\" data-element_type=\"widget\" data-e-type=\"widget\" data-widget_type=\"image.default\">\n\t\t\t\t\t\t\t\t\t\t\t\t<figure class=\"wp-caption\">\n\t\t\t\t\t\t\t\t\t\t<img loading=\"lazy\" decoding=\"async\" width=\"768\" height=\"354\" src=\"https:\/\/soymigrante.com\/revista\/wp-content\/uploads\/2025\/04\/emprendedora-mercado-floridalia-ales-accesorios-4-1024x472.jpg\" class=\"attachment-large size-large wp-image-30594\" alt=\"Camisetas y accesorios tradicionales en exhibici\u00f3n, ropa artesanal y bolsos hechos a mano, resultado del trabajo de la comunidad ind\u00edgena en M\u00e9xico.\" srcset=\"https:\/\/soymigrante.com\/revista\/wp-content\/uploads\/2025\/04\/emprendedora-mercado-floridalia-ales-accesorios-4-1024x472.jpg 1024w, https:\/\/soymigrante.com\/revista\/wp-content\/uploads\/2025\/04\/emprendedora-mercado-floridalia-ales-accesorios-4-300x138.jpg 300w, https:\/\/soymigrante.com\/revista\/wp-content\/uploads\/2025\/04\/emprendedora-mercado-floridalia-ales-accesorios-4-768x354.jpg 768w, https:\/\/soymigrante.com\/revista\/wp-content\/uploads\/2025\/04\/emprendedora-mercado-floridalia-ales-accesorios-4-1536x708.jpg 1536w, https:\/\/soymigrante.com\/revista\/wp-content\/uploads\/2025\/04\/emprendedora-mercado-floridalia-ales-accesorios-4-750x346.webp 750w, https:\/\/soymigrante.com\/revista\/wp-content\/uploads\/2025\/04\/emprendedora-mercado-floridalia-ales-accesorios-4-1140x526.webp 1140w, https:\/\/soymigrante.com\/revista\/wp-content\/uploads\/2025\/04\/emprendedora-mercado-floridalia-ales-accesorios-4.webp 1600w\" sizes=\"(max-width: 768px) 100vw, 768px\" title=\"A trav\u00e9s de su emprendimiento, Floridalia tambi\u00e9n se ha diversificado: adem\u00e1s de los accesorios de hilo pl\u00e1stico tambi\u00e9n vende textiles, cer\u00e1mica, art\u00edculos de madera y otras artesan\u00edas. \u2013 SoyMigrante.com REVISTA\" \/>\t\t\t\t\t\t\t\t\t\t\t<figcaption class=\"widget-image-caption wp-caption-text\">Venta de productos textiles y artesan\u00edas representativas de la cultura mexicana en SoyMigrante.com REVISTA.<\/figcaption>\n\t\t\t\t\t\t\t\t\t\t<\/figure>\n\t\t\t\t\t\t\t\t\t<\/div>\n\t\t\t\t\t<\/div>\n\t\t\t\t<\/div>\n\t\t<div data-particle_enable=\"false\" data-particle-mobile-disabled=\"false\" class=\"elementor-element elementor-element-a4a6684 e-flex e-con-boxed e-con e-parent\" data-id=\"a4a6684\" data-element_type=\"container\" data-e-type=\"container\">\n\t\t\t\t\t<div class=\"e-con-inner\">\n\t\t\t\t<div class=\"elementor-element elementor-element-59129cf elementor-widget elementor-widget-heading\" data-id=\"59129cf\" data-element_type=\"widget\" data-e-type=\"widget\" data-widget_type=\"heading.default\">\n\t\t\t\t\t<h3 class=\"elementor-heading-title elementor-size-default\">\u00bfPor qu\u00e9 decidi\u00f3 abrir su tienda en MERCADO?<\/h3>\t\t\t\t<\/div>\n\t\t\t\t\t<\/div>\n\t\t\t\t<\/div>\n\t\t<div data-particle_enable=\"false\" data-particle-mobile-disabled=\"false\" class=\"elementor-element elementor-element-1163858 e-flex e-con-boxed e-con e-parent\" data-id=\"1163858\" data-element_type=\"container\" data-e-type=\"container\">\n\t\t\t\t\t<div class=\"e-con-inner\">\n\t\t\t\t<div class=\"elementor-element elementor-element-687334f elementor-widget elementor-widget-text-editor\" data-id=\"687334f\" data-element_type=\"widget\" data-e-type=\"widget\" data-widget_type=\"text-editor.default\">\n\t\t\t\t\t\t\t\t\t<p><span style=\"color: var( --e-global-color-text ); text-align: var(--text-align);\">&#8220;En 2022 asist\u00ed a una conferencia de Marcos Antil en Antigua Guatemala. Me pareci\u00f3 impactante lo que dijo: que no hay nada imposible. Me tom\u00e9 la foto con \u00e9l, con mis bolsas. Si alguien entre nosotros sabe y ha vivido la necesidad que tenemos es Marcos Antil. Si alguien sabe de emprender y tener \u00e9xito es Marcos Antil. Y si alguien est\u00e1 hasta arriba y nos quiere ayudar a su pueblo, es Marcos Antil. Me qued\u00e9 con la motivaci\u00f3n de su conferencia y cuando abri\u00f3 Mercado no pod\u00eda quedarme fuera&#8221;.<\/span><\/p><p>Floridalia Lico, desde su taller en Parramos, no solo teje hilo pl\u00e1stico, sino que tambi\u00e9n entrelaza sue\u00f1os, empodera a mujeres y rescata la belleza de las tradiciones mayas. Su historia es un testimonio de resiliencia, creatividad y la convicci\u00f3n de que, incluso en los momentos m\u00e1s dif\u00edciles, la necesidad puede ser la madre de la invenci\u00f3n y la colaboraci\u00f3n, el camino hacia un futuro m\u00e1s pr\u00f3spero y lleno de color.<\/p>\t\t\t\t\t\t\t\t<\/div>\n\t\t\t\t\t<\/div>\n\t\t\t\t<\/div>\n\t\t<div data-particle_enable=\"false\" data-particle-mobile-disabled=\"false\" class=\"elementor-element elementor-element-70e90b1 e-flex e-con-boxed e-con e-parent\" data-id=\"70e90b1\" data-element_type=\"container\" data-e-type=\"container\">\n\t\t\t\t\t<div class=\"e-con-inner\">\n\t\t\t\t<div class=\"elementor-element elementor-element-c548569 elementor-widget elementor-widget-image\" data-id=\"c548569\" data-element_type=\"widget\" data-e-type=\"widget\" data-widget_type=\"image.default\">\n\t\t\t\t\t\t\t\t\t\t\t\t<figure class=\"wp-caption\">\n\t\t\t\t\t\t\t\t\t\t<img loading=\"lazy\" decoding=\"async\" width=\"768\" height=\"773\" src=\"https:\/\/soymigrante.com\/revista\/wp-content\/uploads\/2025\/04\/emprendedora-mercado-floridalia-ales-accesorios-5-1018x1024.jpg\" class=\"attachment-large size-large wp-image-30595\" alt=\"Mesas y sillas de exterior con cristal y estructura de metal en un espacio al aire libre. Dise\u00f1os elegantes para disfrutar de momentos sociales en patios o jardines. Ambiente acogedor y moderno en la revista SoyMigrante.com REVISTA.\" srcset=\"https:\/\/soymigrante.com\/revista\/wp-content\/uploads\/2025\/04\/emprendedora-mercado-floridalia-ales-accesorios-5-1018x1024.jpg 1018w, https:\/\/soymigrante.com\/revista\/wp-content\/uploads\/2025\/04\/emprendedora-mercado-floridalia-ales-accesorios-5-298x300.jpg 298w, https:\/\/soymigrante.com\/revista\/wp-content\/uploads\/2025\/04\/emprendedora-mercado-floridalia-ales-accesorios-5-150x150.jpg 150w, https:\/\/soymigrante.com\/revista\/wp-content\/uploads\/2025\/04\/emprendedora-mercado-floridalia-ales-accesorios-5-768x772.jpg 768w, https:\/\/soymigrante.com\/revista\/wp-content\/uploads\/2025\/04\/emprendedora-mercado-floridalia-ales-accesorios-5-75x75.webp 75w, https:\/\/soymigrante.com\/revista\/wp-content\/uploads\/2025\/04\/emprendedora-mercado-floridalia-ales-accesorios-5-750x754.webp 750w, https:\/\/soymigrante.com\/revista\/wp-content\/uploads\/2025\/04\/emprendedora-mercado-floridalia-ales-accesorios-5-1140x1147.webp 1140w, https:\/\/soymigrante.com\/revista\/wp-content\/uploads\/2025\/04\/emprendedora-mercado-floridalia-ales-accesorios-5.webp 1200w\" sizes=\"(max-width: 768px) 100vw, 768px\" title=\"El hilo de la creatividad es inagotable. Ahora tambi\u00e9n ya ofrecen art\u00edculos como sillas tejidas con hilo pl\u00e1stico. Floridalia y su familia siguen generando m\u00e1s ideas y oportunidades \u2013 SoyMigrante.com REVISTA\" \/>\t\t\t\t\t\t\t\t\t\t\t<figcaption class=\"widget-image-caption wp-caption-text\">El hilo de la creatividad es inagotable. Ahora tambi\u00e9n ya ofrecen art\u00edculos como sillas tejidas con hilo pl\u00e1stico. Floridalia y su familia siguen generando m\u00e1s ideas y oportunidades<\/figcaption>\n\t\t\t\t\t\t\t\t\t\t<\/figure>\n\t\t\t\t\t\t\t\t\t<\/div>\n\t\t\t\t\t<\/div>\n\t\t\t\t<\/div>\n\t\t<div data-particle_enable=\"false\" data-particle-mobile-disabled=\"false\" class=\"elementor-element elementor-element-9c0f0ee e-flex e-con-boxed e-con e-parent\" data-id=\"9c0f0ee\" data-element_type=\"container\" data-e-type=\"container\">\n\t\t\t\t\t<div class=\"e-con-inner\">\n\t\t\t\t<div class=\"elementor-element elementor-element-ef4564b elementor-widget elementor-widget-heading\" data-id=\"ef4564b\" data-element_type=\"widget\" data-e-type=\"widget\" data-widget_type=\"heading.default\">\n\t\t\t\t\t<h2 class=\"elementor-heading-title elementor-size-default\">Potencial para transformar emprendimientos<\/h2>\t\t\t\t<\/div>\n\t\t\t\t\t<\/div>\n\t\t\t\t<\/div>\n\t\t<div data-particle_enable=\"false\" data-particle-mobile-disabled=\"false\" class=\"elementor-element elementor-element-18a0dc8 e-flex e-con-boxed e-con e-parent\" data-id=\"18a0dc8\" data-element_type=\"container\" data-e-type=\"container\">\n\t\t\t\t\t<div class=\"e-con-inner\">\n\t\t\t\t<div class=\"elementor-element elementor-element-27e6689 elementor-grid-eael-col-3 elementor-grid-tablet-eael-col-2 elementor-grid-mobile-eael-col-1 elementor-widget elementor-widget-eael-post-grid\" data-id=\"27e6689\" data-element_type=\"widget\" data-e-type=\"widget\" data-settings=\"{&quot;eael_post_grid_columns&quot;:&quot;eael-col-3&quot;,&quot;eael_post_grid_columns_tablet&quot;:&quot;eael-col-2&quot;,&quot;eael_post_grid_columns_mobile&quot;:&quot;eael-col-1&quot;}\" data-widget_type=\"eael-post-grid.default\">\n\t\t\t\t\t<div id=\"eael-post-grid-27e6689\" class=\"eael-post-grid-container\">\n            <div class=\"eael-post-grid eael-post-appender eael-post-appender-27e6689 eael-post-grid-style-one\" data-layout-mode=\"masonry\"><article class=\"eael-grid-post  eael-post-grid-column eael-pg-post-15681 category-bienestar\" data-id=\"15681\">\n        <div class=\"eael-grid-post-holder\">\n            <div class=\"eael-grid-post-holder-inner\"><div class=\"eael-entry-media\"><div class=\"eael-entry-overlay fade-in\"><i class=\"far fa-hand-pointer\" aria-hidden=\"true\"><\/i><a href=\"https:\/\/soymigrante.com\/revista\/desafio-de-emprendedores-el-empaque-adecuado-de-productos-para-envio\/\"><\/a><\/div><div class=\"eael-entry-thumbnail \">\n                <img loading=\"lazy\" decoding=\"async\" width=\"1024\" height=\"1024\" src=\"https:\/\/soymigrante.com\/revista\/wp-content\/uploads\/2024\/12\/Co\u0301mo-crear-empaques-efectivos-para-envi\u0301os-de-emprendedores-scaled-e1733504852532-1024x1024.jpg\" class=\"attachment-large size-large wp-image-15683\" alt=\"C\u00f3mo crear empaques efectivos para env\u00edos de emprendedores\" srcset=\"https:\/\/soymigrante.com\/revista\/wp-content\/uploads\/2024\/12\/Co\u0301mo-crear-empaques-efectivos-para-envi\u0301os-de-emprendedores-scaled-e1733504852532-1024x1024.jpg 1024w, https:\/\/soymigrante.com\/revista\/wp-content\/uploads\/2024\/12\/Co\u0301mo-crear-empaques-efectivos-para-envi\u0301os-de-emprendedores-scaled-e1733504852532-300x300.jpg 300w, https:\/\/soymigrante.com\/revista\/wp-content\/uploads\/2024\/12\/Co\u0301mo-crear-empaques-efectivos-para-envi\u0301os-de-emprendedores-scaled-e1733504852532-150x150.jpg 150w, https:\/\/soymigrante.com\/revista\/wp-content\/uploads\/2024\/12\/Co\u0301mo-crear-empaques-efectivos-para-envi\u0301os-de-emprendedores-scaled-e1733504852532-768x768.jpg 768w, https:\/\/soymigrante.com\/revista\/wp-content\/uploads\/2024\/12\/Co\u0301mo-crear-empaques-efectivos-para-envi\u0301os-de-emprendedores-scaled-e1733504852532-1536x1536.jpg 1536w, https:\/\/soymigrante.com\/revista\/wp-content\/uploads\/2024\/12\/Co\u0301mo-crear-empaques-efectivos-para-envi\u0301os-de-emprendedores-scaled-e1733504852532-75x75.webp 75w, https:\/\/soymigrante.com\/revista\/wp-content\/uploads\/2024\/12\/Co\u0301mo-crear-empaques-efectivos-para-envi\u0301os-de-emprendedores-scaled-e1733504852532-750x750.webp 750w, https:\/\/soymigrante.com\/revista\/wp-content\/uploads\/2024\/12\/Co\u0301mo-crear-empaques-efectivos-para-envi\u0301os-de-emprendedores-scaled-e1733504852532-1140x1140.webp 1140w, https:\/\/soymigrante.com\/revista\/wp-content\/uploads\/2024\/12\/Co\u0301mo-crear-empaques-efectivos-para-envi\u0301os-de-emprendedores-scaled-e1733504852532.webp 1706w\" sizes=\"(max-width: 1024px) 100vw, 1024px\" \/>\n            <\/div>\n        <\/div><div class=\"eael-entry-wrapper\"><header class=\"eael-entry-header\"><h2 class=\"eael-entry-title\"><a class=\"eael-grid-post-link\" href=\"https:\/\/soymigrante.com\/revista\/desafio-de-emprendedores-el-empaque-adecuado-de-productos-para-envio\/\" title=\"Lo que el emprendedor debe saber: el empaque adecuado de productos para env\u00edo\">Lo que el emprendedor debe saber: el empaque adecuado de productos para env\u00edo<\/a><\/h2><\/header><div class=\"eael-entry-content\">\n                        <div class=\"eael-grid-post-excerpt\"><a href=\"https:\/\/soymigrante.com\/revista\/desafio-de-emprendedores-el-empaque-adecuado-de-productos-para-envio\/\" class=\"eael-post-elements-readmore-btn\">CONOCE SU HISTORIA <\/a><\/div>\n                    <\/div><\/div><\/div>\n        <\/div>\n    <\/article><article class=\"eael-grid-post  eael-post-grid-column eael-pg-post-13651 category-bienestar\" data-id=\"13651\">\n        <div class=\"eael-grid-post-holder\">\n            <div class=\"eael-grid-post-holder-inner\"><div class=\"eael-entry-media\"><div class=\"eael-entry-overlay fade-in\"><i class=\"far fa-hand-pointer\" aria-hidden=\"true\"><\/i><a href=\"https:\/\/soymigrante.com\/revista\/apunta-estas-claves-del-exito-en-servicio-al-cliente-para-e-commerce-de-emprendimientos\/\"><\/a><\/div><div class=\"eael-entry-thumbnail \">\n                <img loading=\"lazy\" decoding=\"async\" width=\"1024\" height=\"1024\" src=\"https:\/\/soymigrante.com\/revista\/wp-content\/uploads\/2024\/11\/ecommerce-mercado-migrante5-1024x1024.jpg\" class=\"attachment-large size-large wp-image-13681\" alt=\"C\u00e1mara fotogr\u00e1fica, trabajo de fot\u00f3grafo, contenido visual, moda, ropa, accesorios, creaci\u00f3n de contenido digital, cultura migrante, medios de comunicaci\u00f3n, historia de migrantes, revista SoyMigrante.com.\" srcset=\"https:\/\/soymigrante.com\/revista\/wp-content\/uploads\/2024\/11\/ecommerce-mercado-migrante5-1024x1024.jpg 1024w, https:\/\/soymigrante.com\/revista\/wp-content\/uploads\/2024\/11\/ecommerce-mercado-migrante5-300x300.jpg 300w, https:\/\/soymigrante.com\/revista\/wp-content\/uploads\/2024\/11\/ecommerce-mercado-migrante5-150x150.jpg 150w, https:\/\/soymigrante.com\/revista\/wp-content\/uploads\/2024\/11\/ecommerce-mercado-migrante5-768x768.jpg 768w, https:\/\/soymigrante.com\/revista\/wp-content\/uploads\/2024\/11\/ecommerce-mercado-migrante5-1536x1536.jpg 1536w, https:\/\/soymigrante.com\/revista\/wp-content\/uploads\/2024\/11\/ecommerce-mercado-migrante5-2048x2048.jpg 2048w, https:\/\/soymigrante.com\/revista\/wp-content\/uploads\/2024\/11\/ecommerce-mercado-migrante5-75x75.webp 75w, https:\/\/soymigrante.com\/revista\/wp-content\/uploads\/2024\/11\/ecommerce-mercado-migrante5-750x750.webp 750w, https:\/\/soymigrante.com\/revista\/wp-content\/uploads\/2024\/11\/ecommerce-mercado-migrante5-1140x1140.webp 1140w, https:\/\/soymigrante.com\/revista\/wp-content\/uploads\/2024\/11\/ecommerce-mercado-migrante5-scaled.webp 1920w\" sizes=\"(max-width: 1024px) 100vw, 1024px\" \/>\n            <\/div>\n        <\/div><div class=\"eael-entry-wrapper\"><header class=\"eael-entry-header\"><h2 class=\"eael-entry-title\"><a class=\"eael-grid-post-link\" href=\"https:\/\/soymigrante.com\/revista\/apunta-estas-claves-del-exito-en-servicio-al-cliente-para-e-commerce-de-emprendimientos\/\" title=\"Apunta estas claves del \u00e9xito en servicio al cliente para e-commerce de emprendimientos\">Apunta estas claves del \u00e9xito en servicio al cliente para e-commerce de emprendimientos<\/a><\/h2><\/header><div class=\"eael-entry-content\">\n                        <div class=\"eael-grid-post-excerpt\"><a href=\"https:\/\/soymigrante.com\/revista\/apunta-estas-claves-del-exito-en-servicio-al-cliente-para-e-commerce-de-emprendimientos\/\" class=\"eael-post-elements-readmore-btn\">CONOCE SU HISTORIA <\/a><\/div>\n                    <\/div><\/div><\/div>\n        <\/div>\n    <\/article><article class=\"eael-grid-post  eael-post-grid-column eael-pg-post-10146 category-bienestar\" data-id=\"10146\">\n        <div class=\"eael-grid-post-holder\">\n            <div class=\"eael-grid-post-holder-inner\"><div class=\"eael-entry-media\"><div class=\"eael-entry-overlay fade-in\"><i class=\"far fa-hand-pointer\" aria-hidden=\"true\"><\/i><a href=\"https:\/\/soymigrante.com\/revista\/como-promocionar-productos-y-tener-una-conexion-con-los-clientes\/\"><\/a><\/div><div class=\"eael-entry-thumbnail \">\n                <img loading=\"lazy\" decoding=\"async\" width=\"1024\" height=\"819\" src=\"https:\/\/soymigrante.com\/revista\/wp-content\/uploads\/2024\/10\/Como-promocionar-productos-y-tener-una-conexion-con-el-cliente1-1024x819.webp\" class=\"attachment-large size-large wp-image-10147\" alt=\"Joven mujer sonriendo en mercado de frutas y verduras, empleada en puesto de venta, comunidad multicultural, ambiente de comercio local, trabajo y emprendimiento en alimentaci\u00f3n saludable.\" srcset=\"https:\/\/soymigrante.com\/revista\/wp-content\/uploads\/2024\/10\/Como-promocionar-productos-y-tener-una-conexion-con-el-cliente1-1024x819.webp 1024w, https:\/\/soymigrante.com\/revista\/wp-content\/uploads\/2024\/10\/Como-promocionar-productos-y-tener-una-conexion-con-el-cliente1-300x240.webp 300w, https:\/\/soymigrante.com\/revista\/wp-content\/uploads\/2024\/10\/Como-promocionar-productos-y-tener-una-conexion-con-el-cliente1-768x614.webp 768w, https:\/\/soymigrante.com\/revista\/wp-content\/uploads\/2024\/10\/Como-promocionar-productos-y-tener-una-conexion-con-el-cliente1-750x600.webp 750w, https:\/\/soymigrante.com\/revista\/wp-content\/uploads\/2024\/10\/Como-promocionar-productos-y-tener-una-conexion-con-el-cliente1-1140x912.webp 1140w, https:\/\/soymigrante.com\/revista\/wp-content\/uploads\/2024\/10\/Como-promocionar-productos-y-tener-una-conexion-con-el-cliente1.webp 1280w\" sizes=\"(max-width: 1024px) 100vw, 1024px\" \/>\n            <\/div>\n        <\/div><div class=\"eael-entry-wrapper\"><header class=\"eael-entry-header\"><h2 class=\"eael-entry-title\"><a class=\"eael-grid-post-link\" href=\"https:\/\/soymigrante.com\/revista\/como-promocionar-productos-y-tener-una-conexion-con-los-clientes\/\" title=\"C\u00f3mo promocionar productos y tener una conexi\u00f3n con los clientes\">C\u00f3mo promocionar productos y tener una conexi\u00f3n con los clientes<\/a><\/h2><\/header><div class=\"eael-entry-content\">\n                        <div class=\"eael-grid-post-excerpt\"><a href=\"https:\/\/soymigrante.com\/revista\/como-promocionar-productos-y-tener-una-conexion-con-los-clientes\/\" class=\"eael-post-elements-readmore-btn\">CONOCE SU HISTORIA <\/a><\/div>\n                    <\/div><\/div><\/div>\n        <\/div>\n    <\/article><\/div>\n            <div class=\"clearfix\"><\/div>\n        <\/div>\t\t\t\t<\/div>\n\t\t\t\t\t<\/div>\n\t\t\t\t<\/div>\n\t\t\t\t<\/div>\n\t\t","protected":false},"excerpt":{"rendered":"<p>En Parramos, Chimaltenango, Ale&#8217;s Accesorios y Bisuter\u00eda crea canastas, bolsas, mochiles, portamacetas, pero sobre todo genera oportunidades para m\u00e1s mujeres de la regi\u00f3n gracias al entusiasmo de la emprendedora Floridalia Lico. Esta es su historia. En el coraz\u00f3n de Parramos, Chimaltenango, reside Floridalia Lico y su familia, artesana y fundadora de Ale&#8217;s Bolsas, un emprendimiento [&hellip;]<\/p>\n","protected":false},"author":7,"featured_media":30579,"comment_status":"open","ping_status":"open","sticky":false,"template":"","format":"standard","meta":{"_acf_changed":false,"_eb_attr":"","footnotes":""},"categories":[58],"tags":[130],"class_list":["post-30577","post","type-post","status-publish","format-standard","has-post-thumbnail","hentry","category-guate-nuestra","tag-mercado-emprendedores"],"acf":[],"aioseo_notices":[],"aioseo_head":"\n\t\t<!-- All in One SEO Pro 4.9.6.2 - aioseo.com -->\n\t<meta name=\"description\" content=\"En un mercado competitivo y din\u00e1mico es necesario hallar v\u00edas eficaces de conectar con potenciales clientes. Claves para mejorar las ventas digitales.\" \/>\n\t<meta name=\"robots\" content=\"max-snippet:-1, max-image-preview:large, max-video-preview:-1\" \/>\n\t<meta name=\"author\" content=\"Marysabel Aldana\"\/>\n\t<link rel=\"canonical\" href=\"https:\/\/soymigrante.com\/revista\/como-promocionar-productos-y-tener-una-conexion-con-los-clientes\/\" \/>\n\t<meta name=\"generator\" content=\"All in One SEO Pro (AIOSEO) 4.9.6.2\" \/>\n\n\t\t<link rel=\"preconnect\" href=\"https:\/\/fonts.googleapis.com\" crossorigin>\n<link rel=\"preconnect\" href=\"https:\/\/fonts.gstatic.com\" crossorigin>\n\t\t<meta property=\"og:locale\" content=\"es_ES\" \/>\n\t\t<meta property=\"og:site_name\" content=\"SoyMigrante.com REVISTA \u2013 Nuestra misi\u00f3n es reconocer y dignificar al migrante.\" \/>\n\t\t<meta property=\"og:type\" content=\"article\" \/>\n\t\t<meta property=\"og:title\" content=\"C\u00f3mo promocionar productos y tener una conexi\u00f3n con los clientes\" \/>\n\t\t<meta property=\"og:description\" content=\"En un mercado competitivo y din\u00e1mico es necesario hallar v\u00edas eficaces de conectar con potenciales clientes. Claves para mejorar las ventas digitales.\" \/>\n\t\t<meta property=\"og:url\" content=\"https:\/\/soymigrante.com\/revista\/como-promocionar-productos-y-tener-una-conexion-con-los-clientes\/\" \/>\n\t\t<meta property=\"og:image\" content=\"https:\/\/soymigrante.com\/revista\/wp-content\/uploads\/2024\/10\/Como-promocionar-productos-y-tener-una-conexion-con-el-cliente1-e1728407516210.webp\" \/>\n\t\t<meta property=\"og:image:secure_url\" content=\"https:\/\/soymigrante.com\/revista\/wp-content\/uploads\/2024\/10\/Como-promocionar-productos-y-tener-una-conexion-con-el-cliente1-e1728407516210.webp\" \/>\n\t\t<meta property=\"og:image:width\" content=\"1280\" \/>\n\t\t<meta property=\"og:image:height\" content=\"1024\" \/>\n\t\t<meta property=\"article:published_time\" content=\"2024-10-10T17:02:17+00:00\" \/>\n\t\t<meta property=\"article:modified_time\" content=\"2024-10-10T17:02:18+00:00\" \/>\n\t\t<meta property=\"article:publisher\" content=\"https:\/\/www.facebook.com\/soymigrantecom\" \/>\n\t\t<meta name=\"twitter:card\" content=\"summary_large_image\" \/>\n\t\t<meta name=\"twitter:site\" content=\"@SoyMigrante_com\" \/>\n\t\t<meta name=\"twitter:title\" content=\"C\u00f3mo promocionar productos y tener una conexi\u00f3n con los clientes\" \/>\n\t\t<meta name=\"twitter:description\" content=\"En un mercado competitivo y din\u00e1mico es necesario hallar v\u00edas eficaces de conectar con potenciales clientes. Claves para mejorar las ventas digitales.\" \/>\n\t\t<meta name=\"twitter:creator\" content=\"@SoyMigrante_com\" \/>\n\t\t<meta name=\"twitter:image\" content=\"https:\/\/soymigrante.com\/revista\/wp-content\/uploads\/2024\/10\/Como-promocionar-productos-y-tener-una-conexion-con-el-cliente1-e1728407516210.webp\" \/>\n\t\t<!-- All in One SEO Pro -->\r\n\t\t<title>C\u00f3mo promocionar productos y tener una conexi\u00f3n con los clientes<\/title>\n\n","aioseo_head_json":{"title":"C\u00f3mo promocionar productos y tener una conexi\u00f3n con los clientes","description":"En un mercado competitivo y din\u00e1mico es necesario hallar v\u00edas eficaces de conectar con potenciales clientes. Claves para mejorar las ventas digitales.","canonical_url":"https:\/\/soymigrante.com\/revista\/como-promocionar-productos-y-tener-una-conexion-con-los-clientes\/","robots":"max-snippet:-1, max-image-preview:large, max-video-preview:-1","keywords":"","webmasterTools":{"miscellaneous":"&lt;link rel=\"preconnect\" href=\"https:\/\/fonts.googleapis.com\" crossorigin&gt;\n&lt;link rel=\"preconnect\" href=\"https:\/\/fonts.gstatic.com\" crossorigin&gt;"},"schema":null,"og:locale":"es_ES","og:site_name":"SoyMigrante.com REVISTA \u2013 Nuestra misi\u00f3n es reconocer y dignificar al migrante.","og:type":"article","og:title":"C\u00f3mo promocionar productos y tener una conexi\u00f3n con los clientes","og:description":"En un mercado competitivo y din\u00e1mico es necesario hallar v\u00edas eficaces de conectar con potenciales clientes. Claves para mejorar las ventas digitales.","og:url":"https:\/\/soymigrante.com\/revista\/como-promocionar-productos-y-tener-una-conexion-con-los-clientes\/","og:image":"https:\/\/soymigrante.com\/revista\/wp-content\/uploads\/2024\/10\/Como-promocionar-productos-y-tener-una-conexion-con-el-cliente1-e1728407516210.webp","og:image:secure_url":"https:\/\/soymigrante.com\/revista\/wp-content\/uploads\/2024\/10\/Como-promocionar-productos-y-tener-una-conexion-con-el-cliente1-e1728407516210.webp","og:image:width":1280,"og:image:height":1024,"article:published_time":"2024-10-10T17:02:17+00:00","article:modified_time":"2024-10-10T17:02:18+00:00","article:publisher":"https:\/\/www.facebook.com\/soymigrantecom","twitter:card":"summary_large_image","twitter:site":"@SoyMigrante_com","twitter:title":"C\u00f3mo promocionar productos y tener una conexi\u00f3n con los clientes","twitter:description":"En un mercado competitivo y din\u00e1mico es necesario hallar v\u00edas eficaces de conectar con potenciales clientes. Claves para mejorar las ventas digitales.","twitter:creator":"@SoyMigrante_com","twitter:image":"https:\/\/soymigrante.com\/revista\/wp-content\/uploads\/2024\/10\/Como-promocionar-productos-y-tener-una-conexion-con-el-cliente1-e1728407516210.webp"},"aioseo_meta_data":{"post_id":"30577","title":"Floridalia Lico teje hermandad en Bolsas y Accesorios Ale's","description":"Emprendedora de Parramos, Chimaltenango, teje canastas, bolsas, mochilas y m\u00e1s. Junto a otras mujeres maya k'akchiqel ahora est\u00e1 en SoyMigrante MERCADO","keywords":null,"keyphrases":{"focus":{"keyphrase":"Emprendedora","score":68,"analysis":{"keyphraseInTitle":{"score":3,"maxScore":9,"error":1},"keyphraseInDescription":{"score":9,"maxScore":9,"error":0},"keyphraseLength":{"score":9,"maxScore":9,"error":0,"length":1},"keyphraseInURL":{"score":1,"maxScore":5,"error":1},"keyphraseInIntroduction":{"score":3,"maxScore":9,"error":1},"keyphraseInSubHeadings":[],"keyphraseInImageAlt":[],"keywordDensity":{"type":"best","score":9,"maxScore":9,"error":0}}},"additional":[{"keyphrase":"Chimaltenango","score":83,"analysis":{"keyphraseInDescription":{"score":9,"maxScore":9,"error":0},"keyphraseLength":{"score":9,"maxScore":9,"error":0,"length":1},"keyphraseInIntroduction":{"score":3,"maxScore":9,"error":1},"keyphraseInImageAlt":[],"keywordDensity":{"type":"best","score":9,"maxScore":9,"error":0}}},{"keyphrase":"Canastas","score":83,"analysis":{"keyphraseInDescription":{"score":9,"maxScore":9,"error":0},"keyphraseLength":{"score":9,"maxScore":9,"error":0,"length":1},"keyphraseInIntroduction":{"score":3,"maxScore":9,"error":1},"keyphraseInImageAlt":[],"keywordDensity":{"type":"best","score":9,"maxScore":9,"error":0}}},{"keyphrase":"Teje","score":83,"analysis":{"keyphraseInDescription":{"score":9,"maxScore":9,"error":0},"keyphraseLength":{"score":9,"maxScore":9,"error":0,"length":1},"keyphraseInIntroduction":{"score":3,"maxScore":9,"error":1},"keyphraseInImageAlt":[],"keywordDensity":{"type":"best","score":9,"maxScore":9,"error":0}}}]},"primary_term":null,"canonical_url":null,"og_title":null,"og_description":null,"og_object_type":"default","og_image_type":"default","og_image_url":null,"og_image_width":null,"og_image_height":null,"og_image_custom_url":null,"og_image_custom_fields":null,"og_video":"","og_custom_url":null,"og_article_section":null,"og_article_tags":null,"twitter_use_og":false,"twitter_card":"default","twitter_image_type":"default","twitter_image_url":null,"twitter_image_custom_url":null,"twitter_image_custom_fields":null,"twitter_title":null,"twitter_description":null,"schema":{"blockGraphs":[],"customGraphs":[],"default":{"data":{"Article":[],"Course":[],"Dataset":[],"FAQPage":[],"Movie":[],"Person":[],"Product":[],"ProductReview":[],"Car":[],"Recipe":[],"Service":[],"SoftwareApplication":[],"WebPage":[]},"graphName":"BlogPosting","isEnabled":true},"graphs":[]},"schema_type":"default","schema_type_options":null,"pillar_content":false,"robots_default":true,"robots_noindex":false,"robots_noarchive":false,"robots_nosnippet":false,"robots_nofollow":false,"robots_noimageindex":false,"robots_noodp":false,"robots_notranslate":false,"robots_max_snippet":"-1","robots_max_videopreview":"-1","robots_max_imagepreview":"large","priority":null,"frequency":"default","local_seo":null,"seo_analyzer_scan_date":"2025-10-09 04:15:21","breadcrumb_settings":null,"limit_modified_date":false,"reviewed_by":null,"open_ai":"{\"title\":{\"suggestions\":[],\"usage\":0},\"description\":{\"suggestions\":[],\"usage\":0}}","ai":null,"created":"2025-04-10 16:36:17","updated":"2026-02-04 22:55:09"},"aioseo_breadcrumb":"<div class=\"aioseo-breadcrumbs\"><span class=\"aioseo-breadcrumb\">\n\t<a href=\"https:\/\/soymigrante.com\/revista\" title=\"Home\">Home<\/a>\n<\/span><span class=\"aioseo-breadcrumb-separator\">\u00bb<\/span><span class=\"aioseo-breadcrumb\">\n\t<a href=\"https:\/\/soymigrante.com\/revista\/category\/guate-nuestra\/\" title=\"Guate Nuestra\">Guate Nuestra<\/a>\n<\/span><span class=\"aioseo-breadcrumb-separator\">\u00bb<\/span><span class=\"aioseo-breadcrumb\">\n\tFloridalia teje bolsas, canastas y hermandad junto a mujeres de Parramos. Bolsos y Bisuteria Ale\u2019s ahora est\u00e1 en MERCADO\n<\/span><\/div>","aioseo_breadcrumb_json":[{"label":"Home","link":"https:\/\/soymigrante.com\/revista"},{"label":"Guate Nuestra","link":"https:\/\/soymigrante.com\/revista\/category\/guate-nuestra\/"},{"label":"Floridalia teje bolsas, canastas y hermandad junto a mujeres de Parramos. Bolsos y Bisuteria Ale&#8217;s ahora est\u00e1 en MERCADO","link":"https:\/\/soymigrante.com\/revista\/floridalia-teje-bolsas-canastas-y-hermandad-junto-a-mujeres-de-parramos-bolsos-y-bisuteria-ales-ahora-esta-en-mercado\/"}],"_links":{"self":[{"href":"https:\/\/soymigrante.com\/revista\/wp-json\/wp\/v2\/posts\/30577","targetHints":{"allow":["GET"]}}],"collection":[{"href":"https:\/\/soymigrante.com\/revista\/wp-json\/wp\/v2\/posts"}],"about":[{"href":"https:\/\/soymigrante.com\/revista\/wp-json\/wp\/v2\/types\/post"}],"author":[{"embeddable":true,"href":"https:\/\/soymigrante.com\/revista\/wp-json\/wp\/v2\/users\/7"}],"replies":[{"embeddable":true,"href":"https:\/\/soymigrante.com\/revista\/wp-json\/wp\/v2\/comments?post=30577"}],"version-history":[{"count":5,"href":"https:\/\/soymigrante.com\/revista\/wp-json\/wp\/v2\/posts\/30577\/revisions"}],"predecessor-version":[{"id":39915,"href":"https:\/\/soymigrante.com\/revista\/wp-json\/wp\/v2\/posts\/30577\/revisions\/39915"}],"wp:featuredmedia":[{"embeddable":true,"href":"https:\/\/soymigrante.com\/revista\/wp-json\/wp\/v2\/media\/30579"}],"wp:attachment":[{"href":"https:\/\/soymigrante.com\/revista\/wp-json\/wp\/v2\/media?parent=30577"}],"wp:term":[{"taxonomy":"category","embeddable":true,"href":"https:\/\/soymigrante.com\/revista\/wp-json\/wp\/v2\/categories?post=30577"},{"taxonomy":"post_tag","embeddable":true,"href":"https:\/\/soymigrante.com\/revista\/wp-json\/wp\/v2\/tags?post=30577"}],"curies":[{"name":"wp","href":"https:\/\/api.w.org\/{rel}","templated":true}]}}