{"id":3056,"date":"2024-09-27T13:42:06","date_gmt":"2024-09-27T19:42:06","guid":{"rendered":"https:\/\/soymigrante.com\/revista\/?p=3056"},"modified":"2024-09-27T15:00:21","modified_gmt":"2024-09-27T21:00:21","slug":"actriz-migrante-y-defensora-del-talento-de-la-mujer-hispana-sandra-chavarria","status":"publish","type":"post","link":"https:\/\/soymigrante.com\/revista\/actriz-migrante-y-defensora-del-talento-de-la-mujer-hispana-sandra-chavarria\/","title":{"rendered":"Actriz guatemalteca Sandra Chavarr\u00eda cosecha \u00e9xitos en teatro y cine"},"content":{"rendered":"\t\t<div data-elementor-type=\"wp-post\" data-elementor-id=\"3056\" class=\"elementor elementor-3056\" data-elementor-post-type=\"post\">\n\t\t\t\t\t\t<section data-particle_enable=\"false\" data-particle-mobile-disabled=\"false\" class=\"elementor-section elementor-top-section elementor-element elementor-element-64c57fa elementor-section-boxed elementor-section-height-default elementor-section-height-default\" data-id=\"64c57fa\" data-element_type=\"section\" data-e-type=\"section\">\n\t\t\t\t\t\t<div class=\"elementor-container elementor-column-gap-default\">\n\t\t\t\t\t<div class=\"elementor-column elementor-col-100 elementor-top-column elementor-element elementor-element-30813f2\" data-id=\"30813f2\" data-element_type=\"column\" data-e-type=\"column\">\n\t\t\t<div class=\"elementor-widget-wrap elementor-element-populated\">\n\t\t\t\t\t\t<div class=\"elementor-element elementor-element-4b53940 elementor-widget elementor-widget-heading\" data-id=\"4b53940\" data-element_type=\"widget\" data-e-type=\"widget\" data-widget_type=\"heading.default\">\n\t\t\t\t\t<h2 class=\"elementor-heading-title elementor-size-default\">Naci\u00f3 en Jutiapa, Guatemala, pero se cri\u00f3 en San Antonio Pajonal, Santa Ana, El Salvador. Sandra Chavarr\u00eda es migrante en Estados Unidos desde hace 30 a\u00f1os y actriz desde hace 15. Recientemente interpret\u00f3 a la procer Dolores Bedoya de Molina y fue premiada por el corto The Wereback<\/h2>\t\t\t\t<\/div>\n\t\t\t\t\t<\/div>\n\t\t<\/div>\n\t\t\t\t\t<\/div>\n\t\t<\/section>\n\t\t\t\t<section data-particle_enable=\"false\" data-particle-mobile-disabled=\"false\" class=\"elementor-section elementor-top-section elementor-element elementor-element-b377269 elementor-section-boxed elementor-section-height-default elementor-section-height-default\" data-id=\"b377269\" data-element_type=\"section\" data-e-type=\"section\">\n\t\t\t\t\t\t<div class=\"elementor-container elementor-column-gap-default\">\n\t\t\t\t\t<div class=\"elementor-column elementor-col-100 elementor-top-column elementor-element elementor-element-48f1564\" data-id=\"48f1564\" data-element_type=\"column\" data-e-type=\"column\">\n\t\t\t<div class=\"elementor-widget-wrap elementor-element-populated\">\n\t\t\t\t\t\t<div class=\"elementor-element elementor-element-eca4e09 elementor-widget elementor-widget-image\" data-id=\"eca4e09\" data-element_type=\"widget\" data-e-type=\"widget\" data-widget_type=\"image.default\">\n\t\t\t\t\t\t\t\t\t\t\t\t<figure class=\"wp-caption\">\n\t\t\t\t\t\t\t\t\t\t<img fetchpriority=\"high\" decoding=\"async\" width=\"720\" height=\"509\" src=\"https:\/\/soymigrante.com\/revista\/wp-content\/uploads\/2023\/10\/dolores-bedoya-1.webp\" class=\"attachment-large size-large wp-image-3065\" alt=\"Sandra Chavarr\u00eda fue invitada a dirigir y protagonizar la obra Dolores Bedoya de Molina, que desde 2021 se presenta con \u00e9xito durante el mes de Independencia centroamericana. Bedoya fue esposa del tambi\u00e9n pr\u00f3cer Pedro Molina.\" srcset=\"https:\/\/soymigrante.com\/revista\/wp-content\/uploads\/2023\/10\/dolores-bedoya-1.webp 720w, https:\/\/soymigrante.com\/revista\/wp-content\/uploads\/2023\/10\/dolores-bedoya-1-300x212.webp 300w, https:\/\/soymigrante.com\/revista\/wp-content\/uploads\/2023\/10\/dolores-bedoya-1-120x86.webp 120w\" sizes=\"(max-width: 720px) 100vw, 720px\" title=\"Sandra Chavarr\u00eda fue invitada a dirigir y protagonizar la obra Dolores Bedoya de Molina, que desde 2021 se presenta con \u00e9xito durante el mes de Independencia centroamericana. Bedoya fue esposa del tambi\u00e9n pr\u00f3cer Pedro Molina. \u2013 SoyMigrante.com REVISTA\" \/>\t\t\t\t\t\t\t\t\t\t\t<figcaption class=\"widget-image-caption wp-caption-text\">Sandra Chavarr\u00eda fue invitada a dirigir y protagonizar la obra Dolores Bedoya de Molina, que desde 2021 se presenta con \u00e9xito durante el mes de Independencia centroamericana. Bedoya fue esposa del tambi\u00e9n pr\u00f3cer Pedro Molina.<\/figcaption>\n\t\t\t\t\t\t\t\t\t\t<\/figure>\n\t\t\t\t\t\t\t\t\t<\/div>\n\t\t\t\t\t<\/div>\n\t\t<\/div>\n\t\t\t\t\t<\/div>\n\t\t<\/section>\n\t\t\t\t<section data-particle_enable=\"false\" data-particle-mobile-disabled=\"false\" class=\"elementor-section elementor-top-section elementor-element elementor-element-96a9b8b elementor-section-boxed elementor-section-height-default elementor-section-height-default\" data-id=\"96a9b8b\" data-element_type=\"section\" data-e-type=\"section\">\n\t\t\t\t\t\t<div class=\"elementor-container elementor-column-gap-default\">\n\t\t\t\t\t<div class=\"elementor-column elementor-col-100 elementor-top-column elementor-element elementor-element-968aef7\" data-id=\"968aef7\" data-element_type=\"column\" data-e-type=\"column\">\n\t\t\t<div class=\"elementor-widget-wrap elementor-element-populated\">\n\t\t\t\t\t\t<div class=\"elementor-element elementor-element-f32adf3 elementor-widget elementor-widget-text-editor\" data-id=\"f32adf3\" data-element_type=\"widget\" data-e-type=\"widget\" data-widget_type=\"text-editor.default\">\n\t\t\t\t\t\t\t\t\t<p>Es el a\u00f1o 1821 y la pr\u00f3cer Dolores Bedoya de Molina defiende la dignidad de las mujeres en un encendido discurso:\u00a0\u201cNosotras las mujeres reclamamos nuestros derechos y no se burlen de lo que podr\u00edamos lograr&#8221;, exclama, interpretada por la actriz y migrante guatemalteca Sandra Chavarr\u00eda, quien dirige desde 2021 la obra teatral que se presenta cada septiembre, en Los Angeles, California, con motivo de las fiesta patrias. Este 2024 no fue la excepci\u00f3n y ella recibi\u00f3 muchos elogios junto al elenco.<\/p><p>La obra, dirigida y protagonizada por Sandra Chavarr\u00eda, acerca de la vida de la pr\u00f3cer independentista guatemalteca, <span style=\"background-color: var(--ak-bg-color); color: var( --e-global-color-text );\">se basa en las cartas que ella le escrib\u00eda a uno de sus hijos, quien tambi\u00e9n era migrante. \u201cEn 2021 me invit\u00f3 un productor a interpretar ese personaje hist\u00f3rico y a dirigir el montaje\u201d.\u00a0<\/span><\/p><p><span style=\"background-color: var(--ak-bg-color);\">Las presentaciones fueron un \u00e9xito, junto a un destacado elenco. \u201cEs un rol que representa a muchas mujeres de hoy en d\u00eda. Bedoya defend\u00eda la independencia de Centro Am\u00e9rica pero tambi\u00e9n de la mujer. Buscaba que la mujer y los ind\u00edgeneas tuvieran los mismos derechos que\u00a0 los espa\u00f1oles. Y es una lucha que sigue hasta ahora&#8221;, dice la locutora, actriz e impulsora del talento art\u00edstico migrante.<br \/><\/span><\/p>\t\t\t\t\t\t\t\t<\/div>\n\t\t\t\t\t<\/div>\n\t\t<\/div>\n\t\t\t\t\t<\/div>\n\t\t<\/section>\n\t\t\t\t<section data-particle_enable=\"false\" data-particle-mobile-disabled=\"false\" class=\"elementor-section elementor-top-section elementor-element elementor-element-39ef8c9 elementor-section-boxed elementor-section-height-default elementor-section-height-default\" data-id=\"39ef8c9\" data-element_type=\"section\" data-e-type=\"section\">\n\t\t\t\t\t\t<div class=\"elementor-container elementor-column-gap-default\">\n\t\t\t\t\t<div class=\"elementor-column elementor-col-100 elementor-top-column elementor-element elementor-element-fbf8e13\" data-id=\"fbf8e13\" data-element_type=\"column\" data-e-type=\"column\">\n\t\t\t<div class=\"elementor-widget-wrap elementor-element-populated\">\n\t\t\t\t\t\t<div class=\"elementor-element elementor-element-7811d29 elementor-arrows-position-inside elementor-pagination-position-outside elementor-widget elementor-widget-image-carousel\" data-id=\"7811d29\" data-element_type=\"widget\" data-e-type=\"widget\" data-settings=\"{&quot;slides_to_show&quot;:&quot;1&quot;,&quot;navigation&quot;:&quot;both&quot;,&quot;autoplay&quot;:&quot;yes&quot;,&quot;pause_on_hover&quot;:&quot;yes&quot;,&quot;pause_on_interaction&quot;:&quot;yes&quot;,&quot;autoplay_speed&quot;:5000,&quot;infinite&quot;:&quot;yes&quot;,&quot;effect&quot;:&quot;slide&quot;,&quot;speed&quot;:500}\" data-widget_type=\"image-carousel.default\">\n\t\t\t\t\t\t\t<div class=\"elementor-image-carousel-wrapper swiper\" role=\"region\" aria-roledescription=\"carousel\" aria-label=\"Carrusel de im\u00e1genes\" dir=\"ltr\">\n\t\t\t<div class=\"elementor-image-carousel swiper-wrapper\" aria-live=\"off\">\n\t\t\t\t\t\t\t\t<div class=\"swiper-slide\" role=\"group\" aria-roledescription=\"slide\" aria-label=\"1 de 4\"><figure class=\"swiper-slide-inner\"><img decoding=\"async\" class=\"swiper-slide-image\" src=\"https:\/\/soymigrante.com\/revista\/wp-content\/uploads\/2023\/10\/madre-y-esposa.webp\" alt=\"Sandra junto a su amado esposo e hijos, a quienes siempre inculca el af\u00e1n de superaci\u00f3n y los grandes sue\u00f1os.\" \/><figcaption class=\"elementor-image-carousel-caption\">Sandra junto a su amado esposo e hijos, a quienes siempre inculca el af\u00e1n de superaci\u00f3n y los grandes sue\u00f1os.<\/figcaption><\/figure><\/div><div class=\"swiper-slide\" role=\"group\" aria-roledescription=\"slide\" aria-label=\"2 de 4\"><figure class=\"swiper-slide-inner\"><img decoding=\"async\" class=\"swiper-slide-image\" src=\"https:\/\/soymigrante.com\/revista\/wp-content\/uploads\/2023\/10\/sandra-chavarria-principal-e1698144920494.webp\" alt=\"La locutora, actriz y directora teatral Sandra Chavarr\u00eda naci\u00f3 en la aldea Loma de Chavarr\u00eda, Asunci\u00f3n Mita Jutiapa, de donde era originario su padre. Sin embargo, fue llevada de all\u00ed a muy temprana edad, hacia Santa Ana, El Salvador.\" \/><figcaption class=\"elementor-image-carousel-caption\">La locutora, actriz y directora teatral Sandra Chavarr\u00eda naci\u00f3 en la aldea Loma de Chavarr\u00eda, Asunci\u00f3n Mita Jutiapa, de donde era originario su padre. Sin embargo, fue llevada de all\u00ed  a muy temprana edad, hacia Santa Ana, El Salvador.<\/figcaption><\/figure><\/div><div class=\"swiper-slide\" role=\"group\" aria-roledescription=\"slide\" aria-label=\"3 de 4\"><figure class=\"swiper-slide-inner\"><img decoding=\"async\" class=\"swiper-slide-image\" src=\"https:\/\/soymigrante.com\/revista\/wp-content\/uploads\/2023\/10\/WhatsApp-Image-2023-10-18-at-9.03.48-AM-4-1.webp\" alt=\"Sandra Chavarr\u00eda tambi\u00e9n ha incursionado en la publicidad y el modelaje, adem\u00e1s de la locucii\u00f3n y la organizaci\u00f3nd e eventos.\" \/><figcaption class=\"elementor-image-carousel-caption\">Sandra Chavarr\u00eda tambi\u00e9n ha incursionado en la publicidad y el modelaje, adem\u00e1s de la locucii\u00f3n y la organizaci\u00f3nd e eventos.<\/figcaption><\/figure><\/div><div class=\"swiper-slide\" role=\"group\" aria-roledescription=\"slide\" aria-label=\"4 de 4\"><figure class=\"swiper-slide-inner\"><img decoding=\"async\" class=\"swiper-slide-image\" src=\"https:\/\/soymigrante.com\/revista\/wp-content\/uploads\/2023\/10\/WhatsApp-Image-2023-10-18-at-9.03.48-AM-1.webp\" alt=\"Sandra siempre se siengte orgullosa de ser centroamericana por los valores y tradiciones que aprendi\u00f3, los cuales ahora expone en Los Angeles, California.\" \/><figcaption class=\"elementor-image-carousel-caption\">Sandra siempre se siengte orgullosa de ser centroamericana por los valores y tradiciones que aprendi\u00f3, los cuales ahora expone en Los Angeles, California.<\/figcaption><\/figure><\/div>\t\t\t<\/div>\n\t\t\t\t\t\t\t\t\t\t\t\t<div class=\"elementor-swiper-button elementor-swiper-button-prev\" role=\"button\" tabindex=\"0\">\n\t\t\t\t\t\t<i aria-hidden=\"true\" class=\"eicon-chevron-left\"><\/i>\t\t\t\t\t<\/div>\n\t\t\t\t\t<div class=\"elementor-swiper-button elementor-swiper-button-next\" role=\"button\" tabindex=\"0\">\n\t\t\t\t\t\t<i aria-hidden=\"true\" class=\"eicon-chevron-right\"><\/i>\t\t\t\t\t<\/div>\n\t\t\t\t\n\t\t\t\t\t\t\t\t\t<div class=\"swiper-pagination\"><\/div>\n\t\t\t\t\t\t\t\t\t<\/div>\n\t\t\t\t\t\t<\/div>\n\t\t\t\t\t<\/div>\n\t\t<\/div>\n\t\t\t\t\t<\/div>\n\t\t<\/section>\n\t\t\t\t<section data-particle_enable=\"false\" data-particle-mobile-disabled=\"false\" class=\"elementor-section elementor-top-section elementor-element elementor-element-4e664b4 elementor-section-boxed elementor-section-height-default elementor-section-height-default\" data-id=\"4e664b4\" data-element_type=\"section\" data-e-type=\"section\">\n\t\t\t\t\t\t<div class=\"elementor-container elementor-column-gap-default\">\n\t\t\t\t\t<div class=\"elementor-column elementor-col-100 elementor-top-column elementor-element elementor-element-e737d48\" data-id=\"e737d48\" data-element_type=\"column\" data-e-type=\"column\">\n\t\t\t<div class=\"elementor-widget-wrap elementor-element-populated\">\n\t\t\t\t\t\t<div class=\"elementor-element elementor-element-72e9001 elementor-widget elementor-widget-heading\" data-id=\"72e9001\" data-element_type=\"widget\" data-e-type=\"widget\" data-widget_type=\"heading.default\">\n\t\t\t\t\t<h3 class=\"elementor-heading-title elementor-size-default\">Talento esc\u00e9nico y en las pantallas<\/h3>\t\t\t\t<\/div>\n\t\t\t\t\t<\/div>\n\t\t<\/div>\n\t\t\t\t\t<\/div>\n\t\t<\/section>\n\t\t\t\t<section data-particle_enable=\"false\" data-particle-mobile-disabled=\"false\" class=\"elementor-section elementor-top-section elementor-element elementor-element-a04d76a elementor-section-boxed elementor-section-height-default elementor-section-height-default\" data-id=\"a04d76a\" data-element_type=\"section\" data-e-type=\"section\">\n\t\t\t\t\t\t<div class=\"elementor-container elementor-column-gap-default\">\n\t\t\t\t\t<div class=\"elementor-column elementor-col-100 elementor-top-column elementor-element elementor-element-c4bd9c3\" data-id=\"c4bd9c3\" data-element_type=\"column\" data-e-type=\"column\">\n\t\t\t<div class=\"elementor-widget-wrap elementor-element-populated\">\n\t\t\t\t\t\t<div class=\"elementor-element elementor-element-9f1f8ad elementor-widget elementor-widget-text-editor\" data-id=\"9f1f8ad\" data-element_type=\"widget\" data-e-type=\"widget\" data-widget_type=\"text-editor.default\">\n\t\t\t\t\t\t\t\t\t<p><span style=\"background-color: var(--ak-bg-color);\">Sandra Chavarr\u00eda ha tenido una vers\u00e1til carrera como actriz para interpretar personajes muy diversos.\u00a0<\/span><span style=\"color: var( --e-global-color-text ); background-color: var(--ak-bg-color);\">\u201cMi carrera ha sido bastante intensa, nunca he dejado de trabajar, siempre haciendo teatro, comerciales, trabajando en cortometrajes\u201d, cuenta.\u00a0<\/span><\/p><p>Lleg\u00f3 hace 30 a\u00f1os a Estados Unidos. Es originaria de la aldea Loma de Chavarr\u00eda, Asunci\u00f3n Mita, Jutiapa, Guatemala, de donde era originario su pap\u00e1. Su apellido lo delata. Pero creci\u00f3 desde muy peque\u00f1a en San Antonio Pajonal, departamento de Santa Ana, El Salvador.\u00a0<\/p><p>\u201cHasta hace pocos a\u00f1os fuimos con mi hermana a visitar Loma de Chavarr\u00eda. Tenemos bastantes familiares que no conoc\u00eda.. Por eso digo que soy guatemalteca, salvadore\u00f1a y por supuesto hispana\u201d.<\/p>\t\t\t\t\t\t\t\t<\/div>\n\t\t\t\t\t<\/div>\n\t\t<\/div>\n\t\t\t\t\t<\/div>\n\t\t<\/section>\n\t\t<div data-particle_enable=\"false\" data-particle-mobile-disabled=\"false\" class=\"elementor-element elementor-element-bf88438 e-flex e-con-boxed e-con e-parent\" data-id=\"bf88438\" data-element_type=\"container\" data-e-type=\"container\">\n\t\t\t\t\t<div class=\"e-con-inner\">\n\t\t\t\t<div class=\"elementor-element elementor-element-597effe elementor-widget elementor-widget-image\" data-id=\"597effe\" data-element_type=\"widget\" data-e-type=\"widget\" data-widget_type=\"image.default\">\n\t\t\t\t\t\t\t\t\t\t\t\t\t\t\t<img decoding=\"async\" width=\"768\" height=\"978\" src=\"https:\/\/soymigrante.com\/revista\/wp-content\/uploads\/2024\/09\/periodico-maria-dolores-804x1024.webp\" class=\"attachment-large size-large wp-image-9814\" alt=\"Revisi\u00f3n y an\u00e1lisis de obra teatral y participaci\u00f3n cultural en Los \u00c1ngeles, enfocada en historias de independencia y resistencia del pueblo centroamericano, con im\u00e1genes de actores y comunidad.\" srcset=\"https:\/\/soymigrante.com\/revista\/wp-content\/uploads\/2024\/09\/periodico-maria-dolores-804x1024.webp 804w, https:\/\/soymigrante.com\/revista\/wp-content\/uploads\/2024\/09\/periodico-maria-dolores-236x300.webp 236w, https:\/\/soymigrante.com\/revista\/wp-content\/uploads\/2024\/09\/periodico-maria-dolores-768x978.webp 768w, https:\/\/soymigrante.com\/revista\/wp-content\/uploads\/2024\/09\/periodico-maria-dolores-1207x1536.webp 1207w, https:\/\/soymigrante.com\/revista\/wp-content\/uploads\/2024\/09\/periodico-maria-dolores-750x955.webp 750w, https:\/\/soymigrante.com\/revista\/wp-content\/uploads\/2024\/09\/periodico-maria-dolores-1140x1451.webp 1140w, https:\/\/soymigrante.com\/revista\/wp-content\/uploads\/2024\/09\/periodico-maria-dolores.webp 1508w\" sizes=\"(max-width: 768px) 100vw, 768px\" title=\"periodico maria dolores \u2013 SoyMigrante.com REVISTA\" \/>\t\t\t\t\t\t\t\t\t\t\t\t\t\t\t<\/div>\n\t\t\t\t\t<\/div>\n\t\t\t\t<\/div>\n\t\t<div data-particle_enable=\"false\" data-particle-mobile-disabled=\"false\" class=\"elementor-element elementor-element-f9252d1 e-flex e-con-boxed e-con e-parent\" data-id=\"f9252d1\" data-element_type=\"container\" data-e-type=\"container\">\n\t\t\t\t\t<div class=\"e-con-inner\">\n\t\t\t\t<div class=\"elementor-element elementor-element-cee7b1f elementor-widget elementor-widget-heading\" data-id=\"cee7b1f\" data-element_type=\"widget\" data-e-type=\"widget\" data-widget_type=\"heading.default\">\n\t\t\t\t\t<h3 class=\"elementor-heading-title elementor-size-default\">Cortometraje premiado en festival de cine<\/h3>\t\t\t\t<\/div>\n\t\t\t\t\t<\/div>\n\t\t\t\t<\/div>\n\t\t<div data-particle_enable=\"false\" data-particle-mobile-disabled=\"false\" class=\"elementor-element elementor-element-4e67eb2 e-flex e-con-boxed e-con e-parent\" data-id=\"4e67eb2\" data-element_type=\"container\" data-e-type=\"container\">\n\t\t\t\t\t<div class=\"e-con-inner\">\n\t\t\t\t<div class=\"elementor-element elementor-element-bfb1cfc elementor-widget elementor-widget-text-editor\" data-id=\"bfb1cfc\" data-element_type=\"widget\" data-e-type=\"widget\" data-widget_type=\"text-editor.default\">\n\t\t\t\t\t\t\t\t\t<p>En el primer Festival de cine Broadway de Los Angeles, se proyectaron varias producciones en concurso. Una de ellas fue The Wereback, un corto de terror, que dura solo cinco minutos, pero que fue premiado en su categor\u00eda en dicho festival. El director John Francis Estrada, recibi\u00f3 dos premios, uno por esta pieza y el otro por el documental La Liberaci\u00f3n de Filiberto Garc\u00eda.\u00a0\u00a0<\/p><p>Es una historia corta sobre un suceso ficticio, terror\u00edfico, ocurrido durante el traslado de un grupo de migrantes indocumentados por una ruta des\u00e9rtica. Sandra Chavarr\u00eda encarna el personaje central, que sufre una transformaci\u00f3n que genera la impactante escena. &#8220;Estas son experiencias que no se olvidan jam\u00e1s&#8221;, dice Sandra.<\/p><p>Si lo quiere ver, est\u00e1 a continuaci\u00f3n.<\/p>\t\t\t\t\t\t\t\t<\/div>\n\t\t\t\t\t<\/div>\n\t\t\t\t<\/div>\n\t\t<div data-particle_enable=\"false\" data-particle-mobile-disabled=\"false\" class=\"elementor-element elementor-element-0a19caa e-flex e-con-boxed e-con e-parent\" data-id=\"0a19caa\" data-element_type=\"container\" data-e-type=\"container\">\n\t\t\t\t\t<div class=\"e-con-inner\">\n\t\t\t\t<div class=\"elementor-element elementor-element-bb8848a elementor-widget elementor-widget-video\" data-id=\"bb8848a\" data-element_type=\"widget\" data-e-type=\"widget\" data-settings=\"{&quot;youtube_url&quot;:&quot;https:\\\/\\\/www.youtube.com\\\/watch?v=lWb3SM_g6q8&quot;,&quot;video_type&quot;:&quot;youtube&quot;,&quot;controls&quot;:&quot;yes&quot;}\" data-widget_type=\"video.default\">\n\t\t\t\t\t\t\t<div class=\"elementor-wrapper elementor-open-inline\">\n\t\t\t<div class=\"elementor-video\"><\/div>\t\t<\/div>\n\t\t\t\t\t\t<\/div>\n\t\t\t\t\t<\/div>\n\t\t\t\t<\/div>\n\t\t\t\t<section data-particle_enable=\"false\" data-particle-mobile-disabled=\"false\" class=\"elementor-section elementor-top-section elementor-element elementor-element-befde73 elementor-section-boxed elementor-section-height-default elementor-section-height-default\" data-id=\"befde73\" data-element_type=\"section\" data-e-type=\"section\">\n\t\t\t\t\t\t<div class=\"elementor-container elementor-column-gap-default\">\n\t\t\t\t\t<div class=\"elementor-column elementor-col-100 elementor-top-column elementor-element elementor-element-eb43b51\" data-id=\"eb43b51\" data-element_type=\"column\" data-e-type=\"column\">\n\t\t\t<div class=\"elementor-widget-wrap elementor-element-populated\">\n\t\t\t\t\t\t<div class=\"elementor-element elementor-element-2ec0d69 elementor-widget elementor-widget-heading\" data-id=\"2ec0d69\" data-element_type=\"widget\" data-e-type=\"widget\" data-widget_type=\"heading.default\">\n\t\t\t\t\t<h4 class=\"elementor-heading-title elementor-size-default\">Actuaci\u00f3n en videoclip de rap como agente policial<\/h4>\t\t\t\t<\/div>\n\t\t\t\t\t<\/div>\n\t\t<\/div>\n\t\t\t\t\t<\/div>\n\t\t<\/section>\n\t\t\t\t<section data-particle_enable=\"false\" data-particle-mobile-disabled=\"false\" class=\"elementor-section elementor-top-section elementor-element elementor-element-9d25bc0 elementor-section-boxed elementor-section-height-default elementor-section-height-default\" data-id=\"9d25bc0\" data-element_type=\"section\" data-e-type=\"section\">\n\t\t\t\t\t\t<div class=\"elementor-container elementor-column-gap-default\">\n\t\t\t\t\t<div class=\"elementor-column elementor-col-100 elementor-top-column elementor-element elementor-element-7aeace7\" data-id=\"7aeace7\" data-element_type=\"column\" data-e-type=\"column\">\n\t\t\t<div class=\"elementor-widget-wrap elementor-element-populated\">\n\t\t\t\t\t\t<div class=\"elementor-element elementor-element-5cb5628 elementor-widget elementor-widget-video\" data-id=\"5cb5628\" data-element_type=\"widget\" data-e-type=\"widget\" data-settings=\"{&quot;youtube_url&quot;:&quot;https:\\\/\\\/youtu.be\\\/JnVhN9ZHUVo&quot;,&quot;start&quot;:198,&quot;video_type&quot;:&quot;youtube&quot;,&quot;controls&quot;:&quot;yes&quot;}\" data-widget_type=\"video.default\">\n\t\t\t\t\t\t\t<div class=\"elementor-wrapper elementor-open-inline\">\n\t\t\t<div class=\"elementor-video\"><\/div>\t\t<\/div>\n\t\t\t\t\t\t<\/div>\n\t\t\t\t\t<\/div>\n\t\t<\/div>\n\t\t\t\t\t<\/div>\n\t\t<\/section>\n\t\t\t\t<section data-particle_enable=\"false\" data-particle-mobile-disabled=\"false\" class=\"elementor-section elementor-top-section elementor-element elementor-element-aebb641 elementor-section-boxed elementor-section-height-default elementor-section-height-default\" data-id=\"aebb641\" data-element_type=\"section\" data-e-type=\"section\">\n\t\t\t\t\t\t<div class=\"elementor-container elementor-column-gap-default\">\n\t\t\t\t\t<div class=\"elementor-column elementor-col-100 elementor-top-column elementor-element elementor-element-e5c7512\" data-id=\"e5c7512\" data-element_type=\"column\" data-e-type=\"column\">\n\t\t\t<div class=\"elementor-widget-wrap elementor-element-populated\">\n\t\t\t\t\t\t<div class=\"elementor-element elementor-element-aa4fd88 elementor-widget elementor-widget-heading\" data-id=\"aa4fd88\" data-element_type=\"widget\" data-e-type=\"widget\" data-widget_type=\"heading.default\">\n\t\t\t\t\t<h3 class=\"elementor-heading-title elementor-size-default\">De la enfermer\u00eda a Sandra TV<\/h3>\t\t\t\t<\/div>\n\t\t\t\t\t<\/div>\n\t\t<\/div>\n\t\t\t\t\t<\/div>\n\t\t<\/section>\n\t\t\t\t<section data-particle_enable=\"false\" data-particle-mobile-disabled=\"false\" class=\"elementor-section elementor-top-section elementor-element elementor-element-5b2b443 elementor-section-boxed elementor-section-height-default elementor-section-height-default\" data-id=\"5b2b443\" data-element_type=\"section\" data-e-type=\"section\">\n\t\t\t\t\t\t<div class=\"elementor-container elementor-column-gap-default\">\n\t\t\t\t\t<div class=\"elementor-column elementor-col-100 elementor-top-column elementor-element elementor-element-57a5ffa\" data-id=\"57a5ffa\" data-element_type=\"column\" data-e-type=\"column\">\n\t\t\t<div class=\"elementor-widget-wrap elementor-element-populated\">\n\t\t\t\t\t\t<div class=\"elementor-element elementor-element-8a95501 elementor-widget elementor-widget-text-editor\" data-id=\"8a95501\" data-element_type=\"widget\" data-e-type=\"widget\" data-widget_type=\"text-editor.default\">\n\t\t\t\t\t\t\t\t\t<p>Sandra lleg\u00f3 a Estados Unidos\u00a0 \u00a0con ganas de triunfar.\u00a0<span style=\"font-family: Roboto, sans-serif; font-size: 16px; font-style: normal; font-variant-ligatures: normal; font-variant-caps: normal; font-weight: 400; color: var( --e-global-color-text ); background-color: var(--ak-bg-color);\">Su primer trabajo estaba lejos de las c\u00e1maras y reflectores. \u201cVine a Estados Unidos a los 16 a\u00f1os. Obtuve una visa con la cual me dieron una beca para estudiar enfermer\u00eda. Estudi\u00e9 bastante y descubr\u00ed que no me gustaba la carrera.\u00a0 Pero me permiti\u00f3 trabajar en el cuidado de beb\u00e9s. Desde muy peque\u00f1itos, reci\u00e9n nacidos, me contrataban para atenderlos y as\u00ed me gan\u00e9 la vida desde los 17 a\u00f1os.\u00a0<\/span><\/p><p><span style=\"font-family: Roboto, sans-serif; font-size: 16px; font-style: normal; font-variant-ligatures: normal; font-variant-caps: normal; font-weight: 400; color: var( --e-global-color-text ); background-color: var(--ak-bg-color);\">&#8220;Poco despu\u00e9s hice una audici\u00f3n y empec\u00e9 a trabajar presentando videos musicales en televisi\u00f3n.<\/span><span style=\"color: var( --e-global-color-text ); background-color: var(--ak-bg-color);\">Tuve un programa de televisi\u00f3n, con variedades y entrevistas.\u00a0 Se llam\u00f3 Sandra TV. Tard\u00f3 10 a\u00f1os al aire, se encuentra en Youtube y finaliz\u00f3 su ciclo unos 6 meses antes de la pandemia. Cubr\u00eda belleza, pol\u00edtica, actualidad y tambi\u00e9n m\u00fasica. Lo cancel\u00e9 porque\u00a0 quer\u00eda quer\u00eda concentrarme un poquito m\u00e1s en mi carrera de actuaci\u00f3n\u201d.\u00a0<\/span><\/p><p>\u00a0<\/p>\t\t\t\t\t\t\t\t<\/div>\n\t\t\t\t\t<\/div>\n\t\t<\/div>\n\t\t\t\t\t<\/div>\n\t\t<\/section>\n\t\t\t\t<section data-particle_enable=\"false\" data-particle-mobile-disabled=\"false\" class=\"elementor-section elementor-top-section elementor-element elementor-element-71883af elementor-section-boxed elementor-section-height-default elementor-section-height-default\" data-id=\"71883af\" data-element_type=\"section\" data-e-type=\"section\">\n\t\t\t\t\t\t<div class=\"elementor-container elementor-column-gap-default\">\n\t\t\t\t\t<div class=\"elementor-column elementor-col-100 elementor-top-column elementor-element elementor-element-6e50f4e\" data-id=\"6e50f4e\" data-element_type=\"column\" data-e-type=\"column\">\n\t\t\t<div class=\"elementor-widget-wrap elementor-element-populated\">\n\t\t\t\t\t\t<div class=\"elementor-element elementor-element-be2dd9b elementor-widget elementor-widget-heading\" data-id=\"be2dd9b\" data-element_type=\"widget\" data-e-type=\"widget\" data-widget_type=\"heading.default\">\n\t\t\t\t\t<h4 class=\"elementor-heading-title elementor-size-default\">Uno de los muchos programas de Variedades con Sandra TV<\/h4>\t\t\t\t<\/div>\n\t\t\t\t\t<\/div>\n\t\t<\/div>\n\t\t\t\t\t<\/div>\n\t\t<\/section>\n\t\t\t\t<section data-particle_enable=\"false\" data-particle-mobile-disabled=\"false\" class=\"elementor-section elementor-top-section elementor-element elementor-element-8ec9ced elementor-section-boxed elementor-section-height-default elementor-section-height-default\" data-id=\"8ec9ced\" data-element_type=\"section\" data-e-type=\"section\">\n\t\t\t\t\t\t<div class=\"elementor-container elementor-column-gap-default\">\n\t\t\t\t\t<div class=\"elementor-column elementor-col-100 elementor-top-column elementor-element elementor-element-c6afeb1\" data-id=\"c6afeb1\" data-element_type=\"column\" data-e-type=\"column\">\n\t\t\t<div class=\"elementor-widget-wrap elementor-element-populated\">\n\t\t\t\t\t\t<div class=\"elementor-element elementor-element-aa7b3db elementor-widget elementor-widget-video\" data-id=\"aa7b3db\" data-element_type=\"widget\" data-e-type=\"widget\" data-settings=\"{&quot;youtube_url&quot;:&quot;https:\\\/\\\/www.youtube.com\\\/watch?v=eo5-RkV3RPY&amp;t=1142s&quot;,&quot;start&quot;:10,&quot;video_type&quot;:&quot;youtube&quot;,&quot;controls&quot;:&quot;yes&quot;}\" data-widget_type=\"video.default\">\n\t\t\t\t\t\t\t<div class=\"elementor-wrapper elementor-open-inline\">\n\t\t\t<div class=\"elementor-video\"><\/div>\t\t<\/div>\n\t\t\t\t\t\t<\/div>\n\t\t\t\t\t<\/div>\n\t\t<\/div>\n\t\t\t\t\t<\/div>\n\t\t<\/section>\n\t\t\t\t<section data-particle_enable=\"false\" data-particle-mobile-disabled=\"false\" class=\"elementor-section elementor-top-section elementor-element elementor-element-b6a507a elementor-section-boxed elementor-section-height-default elementor-section-height-default\" data-id=\"b6a507a\" data-element_type=\"section\" data-e-type=\"section\">\n\t\t\t\t\t\t<div class=\"elementor-container elementor-column-gap-default\">\n\t\t\t\t\t<div class=\"elementor-column elementor-col-100 elementor-top-column elementor-element elementor-element-3abbaca\" data-id=\"3abbaca\" data-element_type=\"column\" data-e-type=\"column\">\n\t\t\t<div class=\"elementor-widget-wrap elementor-element-populated\">\n\t\t\t\t\t\t<div class=\"elementor-element elementor-element-3ea63eb elementor-widget elementor-widget-heading\" data-id=\"3ea63eb\" data-element_type=\"widget\" data-e-type=\"widget\" data-widget_type=\"heading.default\">\n\t\t\t\t\t<h3 class=\"elementor-heading-title elementor-size-default\">\u00bfC\u00f3mo ve a la comunidad migrante guatemalteca?<\/h3>\t\t\t\t<\/div>\n\t\t\t\t\t<\/div>\n\t\t<\/div>\n\t\t\t\t\t<\/div>\n\t\t<\/section>\n\t\t\t\t<section data-particle_enable=\"false\" data-particle-mobile-disabled=\"false\" class=\"elementor-section elementor-top-section elementor-element elementor-element-05ddd93 elementor-section-boxed elementor-section-height-default elementor-section-height-default\" data-id=\"05ddd93\" data-element_type=\"section\" data-e-type=\"section\">\n\t\t\t\t\t\t<div class=\"elementor-container elementor-column-gap-default\">\n\t\t\t\t\t<div class=\"elementor-column elementor-col-100 elementor-top-column elementor-element elementor-element-dde4ece\" data-id=\"dde4ece\" data-element_type=\"column\" data-e-type=\"column\">\n\t\t\t<div class=\"elementor-widget-wrap elementor-element-populated\">\n\t\t\t\t\t\t<div class=\"elementor-element elementor-element-8b0b842 elementor-widget elementor-widget-text-editor\" data-id=\"8b0b842\" data-element_type=\"widget\" data-e-type=\"widget\" data-widget_type=\"text-editor.default\">\n\t\t\t\t\t\t\t\t\t<p><span style=\"color: var( --e-global-color-text ); background-color: var(--ak-bg-color);\">&#8220;Es una comunidad muy fuerte, trabajadora, que ayuda mucho al Guatemala. Pero creo que el migrante guatemalteco a\u00fan no funda ra\u00edces muy grandes en este pa\u00eds.\u00a0 Porque las ra\u00edces siempre van a estar en Guatemala y trabaja para Guatemala&#8221;.<\/span><\/p><p><span style=\"color: var( --e-global-color-text ); background-color: var(--ak-bg-color);\">&#8220;Nuestras ra\u00edces est\u00e1n en Guatemala Y los problemas de Guatemala se sufren mucho desde aqu\u00ed en Estados Unidos. Con todo lo que est\u00e1 pasando en Guatemala actualmente (por la crisis pol\u00edtica)\u00a0 los migrantes lo est\u00e1n sintiendo y est\u00e1n luchando, apoyando para que se mejore&#8221;.\u00a0<\/span><\/p>\t\t\t\t\t\t\t\t<\/div>\n\t\t\t\t\t<\/div>\n\t\t<\/div>\n\t\t\t\t\t<\/div>\n\t\t<\/section>\n\t\t\t\t<section data-particle_enable=\"false\" data-particle-mobile-disabled=\"false\" class=\"elementor-section elementor-top-section elementor-element elementor-element-2a09629 elementor-section-boxed elementor-section-height-default elementor-section-height-default\" data-id=\"2a09629\" data-element_type=\"section\" data-e-type=\"section\">\n\t\t\t\t\t\t<div class=\"elementor-container elementor-column-gap-default\">\n\t\t\t\t\t<div class=\"elementor-column elementor-col-100 elementor-top-column elementor-element elementor-element-c4b3cfd\" data-id=\"c4b3cfd\" data-element_type=\"column\" data-e-type=\"column\">\n\t\t\t<div class=\"elementor-widget-wrap elementor-element-populated\">\n\t\t\t\t\t\t<div class=\"elementor-element elementor-element-e2881d6 elementor-widget elementor-widget-facebook-page\" data-id=\"e2881d6\" data-element_type=\"widget\" data-e-type=\"widget\" data-widget_type=\"facebook-page.default\">\n\t\t\t\t\t<div class=\"elementor-facebook-widget fb-page\" data-href=\"https:\/\/www.facebook.com\/sattycha\" data-tabs=\"timeline\" data-height=\"500px\" data-width=\"500px\" data-small-header=\"false\" data-hide-cover=\"false\" data-show-facepile=\"true\" data-hide-cta=\"false\" style=\"min-height: 1px;height:500px\"><\/div>\t\t\t\t<\/div>\n\t\t\t\t\t<\/div>\n\t\t<\/div>\n\t\t\t\t\t<\/div>\n\t\t<\/section>\n\t\t\t\t<section data-particle_enable=\"false\" data-particle-mobile-disabled=\"false\" class=\"elementor-section elementor-top-section elementor-element elementor-element-d237b6c elementor-section-boxed elementor-section-height-default elementor-section-height-default\" data-id=\"d237b6c\" data-element_type=\"section\" data-e-type=\"section\">\n\t\t\t\t\t\t<div class=\"elementor-container elementor-column-gap-default\">\n\t\t\t\t\t<div class=\"elementor-column elementor-col-100 elementor-top-column elementor-element elementor-element-241b89f\" data-id=\"241b89f\" data-element_type=\"column\" data-e-type=\"column\">\n\t\t\t<div class=\"elementor-widget-wrap elementor-element-populated\">\n\t\t\t\t\t\t<div class=\"elementor-element elementor-element-9cbcf79 elementor-widget elementor-widget-heading\" data-id=\"9cbcf79\" data-element_type=\"widget\" data-e-type=\"widget\" data-widget_type=\"heading.default\">\n\t\t\t\t\t<h2 class=\"elementor-heading-title elementor-size-default\">Tambi\u00e9n podr\u00eda interesarle<\/h2>\t\t\t\t<\/div>\n\t\t\t\t\t<\/div>\n\t\t<\/div>\n\t\t\t\t\t<\/div>\n\t\t<\/section>\n\t\t\t\t<section data-particle_enable=\"false\" data-particle-mobile-disabled=\"false\" class=\"elementor-section elementor-top-section elementor-element elementor-element-c6d0d01 elementor-section-boxed elementor-section-height-default elementor-section-height-default\" data-id=\"c6d0d01\" data-element_type=\"section\" data-e-type=\"section\">\n\t\t\t\t\t\t<div class=\"elementor-container elementor-column-gap-default\">\n\t\t\t\t\t<div class=\"elementor-column elementor-col-100 elementor-top-column elementor-element elementor-element-4c288a2\" data-id=\"4c288a2\" data-element_type=\"column\" data-e-type=\"column\">\n\t\t\t<div class=\"elementor-widget-wrap elementor-element-populated\">\n\t\t\t\t\t\t<div class=\"elementor-element elementor-element-386d1e1 elementor-widget elementor-widget-blfe-post-grid\" data-id=\"386d1e1\" data-element_type=\"widget\" data-e-type=\"widget\" data-settings=\"{&quot;columns&quot;:&quot;6&quot;,&quot;columns_tablet&quot;:&quot;6&quot;,&quot;columns_mobile&quot;:&quot;12&quot;,&quot;classic1_layout_column_gap&quot;:{&quot;unit&quot;:&quot;px&quot;,&quot;size&quot;:30,&quot;sizes&quot;:[]},&quot;classic1_layout_column_gap_tablet&quot;:{&quot;unit&quot;:&quot;px&quot;,&quot;size&quot;:&quot;&quot;,&quot;sizes&quot;:[]},&quot;classic1_layout_column_gap_mobile&quot;:{&quot;unit&quot;:&quot;px&quot;,&quot;size&quot;:&quot;&quot;,&quot;sizes&quot;:[]},&quot;classic1_layout_row_gap&quot;:{&quot;unit&quot;:&quot;px&quot;,&quot;size&quot;:30,&quot;sizes&quot;:[]},&quot;classic1_layout_row_gap_tablet&quot;:{&quot;unit&quot;:&quot;px&quot;,&quot;size&quot;:&quot;&quot;,&quot;sizes&quot;:[]},&quot;classic1_layout_row_gap_mobile&quot;:{&quot;unit&quot;:&quot;px&quot;,&quot;size&quot;:&quot;&quot;,&quot;sizes&quot;:[]}}\" data-widget_type=\"blfe-post-grid.classic1\">\n\t\t\t\t<div class=\"elementor-widget-container\">\n\t\t\t\t\t\n                        <div class=\"blfe-post-grid-container \">\n            \n                <div data-skin=\"classic1\" class=\"blfe-row blfe-posts-inner blfe-classic1 blfe-posts-inner blfe-col-6 blfe-col-tab-6 blfe-col-mob-12     \">\n                            <div class=\"blfe-post-grid-item \">\n            <div class=\"blfe-post-grid-item-inner blfe-modern-zoom\">\n                <a class=\"blfe-post-grid-image\" href=\"https:\/\/soymigrante.com\/revista\/miss-gualan-usa-coronacion-imprevisto-guatemaltecos-en-estados-unidos-union-abril-2026\/\" title=\"Un imprevisto en la coronaci\u00f3n de Miss Gualan U.S.A. 2026 en Los Angeles hizo brillar la uni\u00f3n guatemalteca\" rel=\"nofollow\" target=\"_blank\"><img decoding=\"async\" src=\"https:\/\/soymigrante.com\/revista\/wp-content\/uploads\/2026\/04\/guatemaltecos-en-Estados-Unidos-miss-gualan-USA-coronacion-5.jpg\" alt=\"Un imprevisto en la coronaci\u00f3n de Miss Gualan U.S.A. 2026 en Los Angeles hizo brillar la uni\u00f3n guatemalteca\"\/><\/a>                <span class=\"blfe-post-category\"><a href=\"https:\/\/soymigrante.com\/revista\/category\/estamos-unidos\/\">Estamos Unidos<\/a><\/span>                <div class=\"blfe-post-grid-details\">\n                    <div class=\"blfe-post-grid-details-inner\">\n                        <h3 class=\"blfe-post-grid-title\">\n            <a href=\"https:\/\/soymigrante.com\/revista\/miss-gualan-usa-coronacion-imprevisto-guatemaltecos-en-estados-unidos-union-abril-2026\/\" title=\"Un imprevisto en la coronaci\u00f3n de Miss Gualan U.S.A. 2026 en Los Angeles hizo brillar la uni\u00f3n guatemalteca\" rel=\"nofollow\" target=\"_blank\">Un imprevisto en la coronaci\u00f3n de Miss Gualan U.S.A. 2026 en Los Angeles hizo brillar la uni\u00f3n guatemalteca<\/a>\n            <\/h3>                        <p class=\"blfe-post-grid-excerpt\">A poco de haber comenzado la esperada coronaci\u00f3n de Christal Ivette Cabrera, Miss Gual\u00e1n U.S.A. 2026-2027, el s\u00e1bado 25 de...<\/p>                                                                    <\/div>\n                <\/div>\n\n            <\/div>\n        <\/div>\n                <div class=\"blfe-post-grid-item \">\n            <div class=\"blfe-post-grid-item-inner blfe-modern-zoom\">\n                <a class=\"blfe-post-grid-image\" href=\"https:\/\/soymigrante.com\/revista\/cantautora-migrante-guatemalteca-wendy-dgi-crea-cancion-desafiante-la-envidia\/\" title=\"&#8220;La Envidia&#8221;: cantautora migrante guatemalteca Wendy DGi crea una canci\u00f3n desafiante\" rel=\"nofollow\" target=\"_blank\"><img decoding=\"async\" src=\"https:\/\/soymigrante.com\/revista\/wp-content\/uploads\/2026\/04\/wendy-DGi-cantautora-migrante-guatemalteca-en-nueva-york-copia.jpg\" alt=\"&#8220;La Envidia&#8221;: cantautora migrante guatemalteca Wendy DGi crea una canci\u00f3n desafiante\"\/><\/a>                <span class=\"blfe-post-category\"><a href=\"https:\/\/soymigrante.com\/revista\/category\/estamos-unidos\/lugar-de-voces\/\">Lugar de Voces<\/a><\/span>                <div class=\"blfe-post-grid-details\">\n                    <div class=\"blfe-post-grid-details-inner\">\n                        <h3 class=\"blfe-post-grid-title\">\n            <a href=\"https:\/\/soymigrante.com\/revista\/cantautora-migrante-guatemalteca-wendy-dgi-crea-cancion-desafiante-la-envidia\/\" title=\"&#8220;La Envidia&#8221;: cantautora migrante guatemalteca Wendy DGi crea una canci\u00f3n desafiante\" rel=\"nofollow\" target=\"_blank\">&#8220;La Envidia&#8221;: cantautora migrante guatemalteca Wendy DGi crea una canci\u00f3n desafiante<\/a>\n            <\/h3>                        <p class=\"blfe-post-grid-excerpt\">Cantautora migrante guatemalteca Wendy DGi cuenta el origen de su m\u00e1s reciente canci\u00f3n La Envidia. Radicada en Nueva York, posee...<\/p>                                                                    <\/div>\n                <\/div>\n\n            <\/div>\n        <\/div>\n                        <\/div>\n\n                        <\/div>\n            \n                        <div class=\"blfe-post-footer\">\n                        <\/div>\n            \t\t\t\t<\/div>\n\t\t\t\t<\/div>\n\t\t\t\t\t<\/div>\n\t\t<\/div>\n\t\t\t\t\t<\/div>\n\t\t<\/section>\n\t\t\t\t<\/div>\n\t\t","protected":false},"excerpt":{"rendered":"<p>Naci\u00f3 en Jutiapa, Guatemala, pero se cri\u00f3 en San Antonio Pajonal, Santa Ana, El Salvador. Sandra Chavarr\u00eda es migrante en Estados Unidos desde hace 30 a\u00f1os y actriz desde hace 15. Recientemente interpret\u00f3 a la procer Dolores Bedoya de Molina y fue premiada por el corto The Wereback Sandra Chavarr\u00eda fue invitada a dirigir y [&hellip;]<\/p>\n","protected":false},"author":7,"featured_media":9813,"comment_status":"open","ping_status":"open","sticky":false,"template":"","format":"standard","meta":{"_acf_changed":false,"_eb_attr":"","footnotes":""},"categories":[50],"tags":[],"class_list":["post-3056","post","type-post","status-publish","format-standard","has-post-thumbnail","hentry","category-exitos"],"acf":[],"aioseo_notices":[],"aioseo_head":"\n\t\t<!-- All in One SEO Pro 4.9.6.2 - aioseo.com -->\n\t<meta name=\"description\" content=\"Un tema desafiante, con letra que exhibe valent\u00eda: la cantautora migrante guatemalteca Wendy DGi presenta su m\u00e1s reciente composici\u00f3n. Escucha y analiza\" \/>\n\t<meta name=\"robots\" content=\"max-snippet:-1, max-image-preview:large, max-video-preview:-1\" \/>\n\t<meta name=\"author\" content=\"SoyMigrante.com REVISTA\"\/>\n\t<link rel=\"canonical\" href=\"https:\/\/soymigrante.com\/revista\/cantautora-migrante-guatemalteca-wendy-dgi-crea-cancion-desafiante-la-envidia\/\" \/>\n\t<meta name=\"generator\" content=\"All in One SEO Pro (AIOSEO) 4.9.6.2\" \/>\n\n\t\t<link rel=\"preconnect\" href=\"https:\/\/fonts.googleapis.com\" crossorigin>\n<link rel=\"preconnect\" href=\"https:\/\/fonts.gstatic.com\" crossorigin>\n\t\t<meta property=\"og:locale\" content=\"es_ES\" \/>\n\t\t<meta property=\"og:site_name\" content=\"SoyMigrante.com REVISTA \u2013 Nuestra misi\u00f3n es reconocer y dignificar al migrante.\" \/>\n\t\t<meta property=\"og:type\" content=\"article\" \/>\n\t\t<meta property=\"og:title\" content=\"Wendy DGi, cantautora guatemalteca en NY lanza La Envidia\" \/>\n\t\t<meta property=\"og:description\" content=\"Un tema desafiante, con letra que exhibe valent\u00eda: la cantautora migrante guatemalteca Wendy DGi presenta su m\u00e1s reciente composici\u00f3n. Escucha y analiza\" \/>\n\t\t<meta property=\"og:url\" content=\"https:\/\/soymigrante.com\/revista\/cantautora-migrante-guatemalteca-wendy-dgi-crea-cancion-desafiante-la-envidia\/\" \/>\n\t\t<meta property=\"og:image\" content=\"https:\/\/soymigrante.com\/revista\/wp-content\/uploads\/2026\/04\/wendy-DGi-cantautora-migrante-guatemalteca-en-nueva-york-copia.jpg\" \/>\n\t\t<meta property=\"og:image:secure_url\" content=\"https:\/\/soymigrante.com\/revista\/wp-content\/uploads\/2026\/04\/wendy-DGi-cantautora-migrante-guatemalteca-en-nueva-york-copia.jpg\" \/>\n\t\t<meta property=\"og:image:width\" content=\"1203\" \/>\n\t\t<meta property=\"og:image:height\" content=\"1203\" \/>\n\t\t<meta property=\"article:published_time\" content=\"2026-04-24T22:06:30+00:00\" \/>\n\t\t<meta property=\"article:modified_time\" content=\"2026-04-24T22:14:53+00:00\" \/>\n\t\t<meta property=\"article:publisher\" content=\"https:\/\/www.facebook.com\/soymigrantecom\" \/>\n\t\t<meta name=\"twitter:card\" content=\"summary_large_image\" \/>\n\t\t<meta name=\"twitter:site\" content=\"@SoyMigrante_com\" \/>\n\t\t<meta name=\"twitter:title\" content=\"Wendy DGi, cantautora guatemalteca en NY lanza La Envidia\" \/>\n\t\t<meta name=\"twitter:description\" content=\"Un tema desafiante, con letra que exhibe valent\u00eda: la cantautora migrante guatemalteca Wendy DGi presenta su m\u00e1s reciente composici\u00f3n. Escucha y analiza\" \/>\n\t\t<meta name=\"twitter:creator\" content=\"@SoyMigrante_com\" \/>\n\t\t<meta name=\"twitter:image\" content=\"https:\/\/soymigrante.com\/revista\/wp-content\/uploads\/2026\/04\/wendy-DGi-cantautora-migrante-guatemalteca-en-nueva-york-copia.jpg\" \/>\n\t\t<!-- All in One SEO Pro -->\r\n\t\t<title>Wendy DGi, cantautora guatemalteca en NY lanza La Envidia<\/title>\n\n","aioseo_head_json":{"title":"Wendy DGi, cantautora guatemalteca en NY lanza La Envidia","description":"Un tema desafiante, con letra que exhibe valent\u00eda: la cantautora migrante guatemalteca Wendy DGi presenta su m\u00e1s reciente composici\u00f3n. Escucha y analiza","canonical_url":"https:\/\/soymigrante.com\/revista\/cantautora-migrante-guatemalteca-wendy-dgi-crea-cancion-desafiante-la-envidia\/","robots":"max-snippet:-1, max-image-preview:large, max-video-preview:-1","keywords":"","webmasterTools":{"miscellaneous":"&lt;link rel=\"preconnect\" href=\"https:\/\/fonts.googleapis.com\" crossorigin&gt;\n&lt;link rel=\"preconnect\" href=\"https:\/\/fonts.gstatic.com\" crossorigin&gt;"},"schema":null,"og:locale":"es_ES","og:site_name":"SoyMigrante.com REVISTA \u2013 Nuestra misi\u00f3n es reconocer y dignificar al migrante.","og:type":"article","og:title":"Wendy DGi, cantautora guatemalteca en NY lanza La Envidia","og:description":"Un tema desafiante, con letra que exhibe valent\u00eda: la cantautora migrante guatemalteca Wendy DGi presenta su m\u00e1s reciente composici\u00f3n. Escucha y analiza","og:url":"https:\/\/soymigrante.com\/revista\/cantautora-migrante-guatemalteca-wendy-dgi-crea-cancion-desafiante-la-envidia\/","og:image":"https:\/\/soymigrante.com\/revista\/wp-content\/uploads\/2026\/04\/wendy-DGi-cantautora-migrante-guatemalteca-en-nueva-york-copia.jpg","og:image:secure_url":"https:\/\/soymigrante.com\/revista\/wp-content\/uploads\/2026\/04\/wendy-DGi-cantautora-migrante-guatemalteca-en-nueva-york-copia.jpg","og:image:width":1203,"og:image:height":1203,"article:published_time":"2026-04-24T22:06:30+00:00","article:modified_time":"2026-04-24T22:14:53+00:00","article:publisher":"https:\/\/www.facebook.com\/soymigrantecom","twitter:card":"summary_large_image","twitter:site":"@SoyMigrante_com","twitter:title":"Wendy DGi, cantautora guatemalteca en NY lanza La Envidia","twitter:description":"Un tema desafiante, con letra que exhibe valent\u00eda: la cantautora migrante guatemalteca Wendy DGi presenta su m\u00e1s reciente composici\u00f3n. Escucha y analiza","twitter:creator":"@SoyMigrante_com","twitter:image":"https:\/\/soymigrante.com\/revista\/wp-content\/uploads\/2026\/04\/wendy-DGi-cantautora-migrante-guatemalteca-en-nueva-york-copia.jpg"},"aioseo_meta_data":{"post_id":"3056","title":"Actriz Sandra Chavarr\u00eda cosecha \u00e9xitos en cortometraje y teatro","description":"Naci\u00f3 en Jutiapa, creci\u00f3 en El Salvador. Vive en Los Angeles. Mira el cortometraje por el cual fue premiada en el Film Festival Broadway LA y conoce su historia","keywords":null,"keyphrases":{"focus":{"keyphrase":"Migrante","score":74,"analysis":{"keyphraseInTitle":{"score":3,"maxScore":9,"error":1},"keyphraseInDescription":{"score":3,"maxScore":9,"error":1},"keyphraseLength":{"score":9,"maxScore":9,"error":0,"length":1},"keyphraseInURL":{"score":5,"maxScore":5,"error":0},"keyphraseInIntroduction":{"score":9,"maxScore":9,"error":0},"keyphraseInSubHeadings":{"score":9,"maxScore":9,"error":0},"keyphraseInImageAlt":{"score":3,"maxScore":9,"error":1},"keywordDensity":{"type":"best","score":9,"maxScore":9,"error":0}}},"additional":[{"keyphrase":"Actriz","score":67,"analysis":{"keyphraseInDescription":{"score":3,"maxScore":9,"error":1},"keyphraseLength":{"score":9,"maxScore":9,"error":0,"length":1},"keyphraseInIntroduction":{"score":9,"maxScore":9,"error":0},"keyphraseInImageAlt":{"score":9,"maxScore":9,"error":0},"keywordDensity":{"score":0,"type":"low","maxScore":9,"error":1}}}]},"primary_term":null,"canonical_url":null,"og_title":null,"og_description":null,"og_object_type":"default","og_image_type":"default","og_image_url":null,"og_image_width":null,"og_image_height":null,"og_image_custom_url":null,"og_image_custom_fields":null,"og_video":"","og_custom_url":null,"og_article_section":null,"og_article_tags":null,"twitter_use_og":false,"twitter_card":"default","twitter_image_type":"default","twitter_image_url":null,"twitter_image_custom_url":null,"twitter_image_custom_fields":null,"twitter_title":null,"twitter_description":null,"schema":{"blockGraphs":[],"customGraphs":[],"default":{"data":{"Article":[],"Course":[],"Dataset":[],"FAQPage":[],"Movie":[],"Person":[],"Product":[],"ProductReview":[],"Car":[],"Recipe":[],"Service":[],"SoftwareApplication":[],"WebPage":[]},"graphName":"Article","isEnabled":true},"graphs":[]},"schema_type":"default","schema_type_options":null,"pillar_content":false,"robots_default":true,"robots_noindex":false,"robots_noarchive":false,"robots_nosnippet":false,"robots_nofollow":false,"robots_noimageindex":false,"robots_noodp":false,"robots_notranslate":false,"robots_max_snippet":"-1","robots_max_videopreview":"-1","robots_max_imagepreview":"large","priority":null,"frequency":"default","local_seo":null,"seo_analyzer_scan_date":"2025-10-08 23:23:36","breadcrumb_settings":null,"limit_modified_date":false,"reviewed_by":null,"open_ai":"{\"title\":{\"suggestions\":[],\"usage\":0},\"description\":{\"suggestions\":[],\"usage\":0}}","ai":null,"created":"2023-10-24 00:25:07","updated":"2026-02-04 14:01:18"},"aioseo_breadcrumb":"<div class=\"aioseo-breadcrumbs\"><span class=\"aioseo-breadcrumb\">\n\t<a href=\"https:\/\/soymigrante.com\/revista\" title=\"Home\">Home<\/a>\n<\/span><span class=\"aioseo-breadcrumb-separator\">\u00bb<\/span><span class=\"aioseo-breadcrumb\">\n\t<a href=\"https:\/\/soymigrante.com\/revista\/category\/exitos\/\" title=\"\u00c9xitos\">\u00c9xitos<\/a>\n<\/span><span class=\"aioseo-breadcrumb-separator\">\u00bb<\/span><span class=\"aioseo-breadcrumb\">\n\tActriz guatemalteca Sandra Chavarr\u00eda cosecha \u00e9xitos en teatro y cine\n<\/span><\/div>","aioseo_breadcrumb_json":[{"label":"Home","link":"https:\/\/soymigrante.com\/revista"},{"label":"\u00c9xitos","link":"https:\/\/soymigrante.com\/revista\/category\/exitos\/"},{"label":"Actriz guatemalteca Sandra Chavarr\u00eda cosecha \u00e9xitos en teatro y cine","link":"https:\/\/soymigrante.com\/revista\/actriz-migrante-y-defensora-del-talento-de-la-mujer-hispana-sandra-chavarria\/"}],"_links":{"self":[{"href":"https:\/\/soymigrante.com\/revista\/wp-json\/wp\/v2\/posts\/3056","targetHints":{"allow":["GET"]}}],"collection":[{"href":"https:\/\/soymigrante.com\/revista\/wp-json\/wp\/v2\/posts"}],"about":[{"href":"https:\/\/soymigrante.com\/revista\/wp-json\/wp\/v2\/types\/post"}],"author":[{"embeddable":true,"href":"https:\/\/soymigrante.com\/revista\/wp-json\/wp\/v2\/users\/7"}],"replies":[{"embeddable":true,"href":"https:\/\/soymigrante.com\/revista\/wp-json\/wp\/v2\/comments?post=3056"}],"version-history":[{"count":0,"href":"https:\/\/soymigrante.com\/revista\/wp-json\/wp\/v2\/posts\/3056\/revisions"}],"wp:featuredmedia":[{"embeddable":true,"href":"https:\/\/soymigrante.com\/revista\/wp-json\/wp\/v2\/media\/9813"}],"wp:attachment":[{"href":"https:\/\/soymigrante.com\/revista\/wp-json\/wp\/v2\/media?parent=3056"}],"wp:term":[{"taxonomy":"category","embeddable":true,"href":"https:\/\/soymigrante.com\/revista\/wp-json\/wp\/v2\/categories?post=3056"},{"taxonomy":"post_tag","embeddable":true,"href":"https:\/\/soymigrante.com\/revista\/wp-json\/wp\/v2\/tags?post=3056"}],"curies":[{"name":"wp","href":"https:\/\/api.w.org\/{rel}","templated":true}]}}