{"id":3049,"date":"2023-10-21T13:10:41","date_gmt":"2023-10-21T19:10:41","guid":{"rendered":"https:\/\/soymigrante.com\/revista\/?p=3049"},"modified":"2024-11-01T15:44:24","modified_gmt":"2024-11-01T21:44:24","slug":"soy-una-migrante-cantante-guatemalteca-gaby-moreno-en-la-casa-blanca","status":"publish","type":"post","link":"https:\/\/soymigrante.com\/revista\/soy-una-migrante-cantante-guatemalteca-gaby-moreno-en-la-casa-blanca\/","title":{"rendered":"&#8220;Soy una migrante&#8221;: cantante guatemalteca Gaby Moreno en la Casa Blanca"},"content":{"rendered":"\t\t<div data-elementor-type=\"wp-post\" data-elementor-id=\"3049\" class=\"elementor elementor-3049\" data-elementor-post-type=\"post\">\n\t\t\t\t\t\t<section data-particle_enable=\"false\" data-particle-mobile-disabled=\"false\" class=\"elementor-section elementor-top-section elementor-element elementor-element-8507818 elementor-section-boxed elementor-section-height-default elementor-section-height-default\" data-id=\"8507818\" data-element_type=\"section\" data-e-type=\"section\">\n\t\t\t\t\t\t<div class=\"elementor-container elementor-column-gap-default\">\n\t\t\t\t\t<div class=\"elementor-column elementor-col-100 elementor-top-column elementor-element elementor-element-89e99e3\" data-id=\"89e99e3\" data-element_type=\"column\" data-e-type=\"column\">\n\t\t\t<div class=\"elementor-widget-wrap elementor-element-populated\">\n\t\t\t\t\t\t<div class=\"elementor-element elementor-element-57580a6 elementor-widget elementor-widget-heading\" data-id=\"57580a6\" data-element_type=\"widget\" data-e-type=\"widget\" data-widget_type=\"heading.default\">\n\t\t\t\t\t<h1 class=\"elementor-heading-title elementor-size-default\">Cantante y compositora migrante Gaby Moreno declar\u00f3 con orgullo sus ra\u00edces guatemaltecas en gala del Mes de la Herencia Hispana, en la Casa Blanca, Washington D.C. donde abri\u00f3 su presentaci\u00f3n con Luna de Xelaj\u00fa<\/h1>\t\t\t\t<\/div>\n\t\t\t\t\t<\/div>\n\t\t<\/div>\n\t\t\t\t\t<\/div>\n\t\t<\/section>\n\t\t\t\t<section data-particle_enable=\"false\" data-particle-mobile-disabled=\"false\" class=\"elementor-section elementor-top-section elementor-element elementor-element-b8450f8 elementor-section-boxed elementor-section-height-default elementor-section-height-default\" data-id=\"b8450f8\" data-element_type=\"section\" data-e-type=\"section\">\n\t\t\t\t\t\t<div class=\"elementor-container elementor-column-gap-default\">\n\t\t\t\t\t<div class=\"elementor-column elementor-col-100 elementor-top-column elementor-element elementor-element-c42552e\" data-id=\"c42552e\" data-element_type=\"column\" data-e-type=\"column\">\n\t\t\t<div class=\"elementor-widget-wrap elementor-element-populated\">\n\t\t\t\t\t\t<div class=\"elementor-element elementor-element-b106e46 elementor-widget elementor-widget-image\" data-id=\"b106e46\" data-element_type=\"widget\" data-e-type=\"widget\" data-widget_type=\"image.default\">\n\t\t\t\t\t\t\t\t\t\t\t\t\t\t\t<img fetchpriority=\"high\" decoding=\"async\" width=\"768\" height=\"336\" src=\"https:\/\/soymigrante.com\/revista\/wp-content\/uploads\/2023\/10\/GABY-BANNER-1024x448.webp\" class=\"attachment-large size-large wp-image-3053\" alt=\"La vicepresidenta de Estados Unidos anunci\u00f3 la presentaci\u00f3n de Gaby Moreno en la gala por el Mes de la Herencia Hispana en la Casa Blanca.\" srcset=\"https:\/\/soymigrante.com\/revista\/wp-content\/uploads\/2023\/10\/GABY-BANNER-1024x448.webp 1024w, https:\/\/soymigrante.com\/revista\/wp-content\/uploads\/2023\/10\/GABY-BANNER-300x131.webp 300w, https:\/\/soymigrante.com\/revista\/wp-content\/uploads\/2023\/10\/GABY-BANNER-768x336.webp 768w, https:\/\/soymigrante.com\/revista\/wp-content\/uploads\/2023\/10\/GABY-BANNER-750x328.webp 750w, https:\/\/soymigrante.com\/revista\/wp-content\/uploads\/2023\/10\/GABY-BANNER-1140x499.webp 1140w, https:\/\/soymigrante.com\/revista\/wp-content\/uploads\/2023\/10\/GABY-BANNER.webp 1502w\" sizes=\"(max-width: 768px) 100vw, 768px\" title=\"La vicepresidenta de Estados Unidos anunci\u00f3 la presentaci\u00f3n de Gaby Moreno en la gala por el Mes de la Herencia Hispana en la Casa Blanca. \u2013 SoyMigrante.com REVISTA\" \/>\t\t\t\t\t\t\t\t\t\t\t\t\t\t\t<\/div>\n\t\t\t\t\t<\/div>\n\t\t<\/div>\n\t\t\t\t\t<\/div>\n\t\t<\/section>\n\t\t\t\t<section data-particle_enable=\"false\" data-particle-mobile-disabled=\"false\" class=\"elementor-section elementor-top-section elementor-element elementor-element-b96ef7e elementor-section-boxed elementor-section-height-default elementor-section-height-default\" data-id=\"b96ef7e\" data-element_type=\"section\" data-e-type=\"section\">\n\t\t\t\t\t\t<div class=\"elementor-container elementor-column-gap-default\">\n\t\t\t\t\t<div class=\"elementor-column elementor-col-100 elementor-top-column elementor-element elementor-element-7b28153\" data-id=\"7b28153\" data-element_type=\"column\" data-e-type=\"column\">\n\t\t\t<div class=\"elementor-widget-wrap elementor-element-populated\">\n\t\t\t\t\t\t<div class=\"elementor-element elementor-element-0a09a4d elementor-widget elementor-widget-text-editor\" data-id=\"0a09a4d\" data-element_type=\"widget\" data-e-type=\"widget\" data-widget_type=\"text-editor.default\">\n\t\t\t\t\t\t\t\t\t<p>&#8220;Soy una migrante&#8221;, dijo en ingl\u00e9s la cantante y compositora guatemalteca Gaby Moreno al iniciar su presentaci\u00f3n en La Casa Blanca, invitada como punto culminante de la gala por el cierre del Mes de la Herencia Hispana el 18 de octubre de 2023.<\/p><p><span style=\"color: var( --e-global-color-text ); background-color: var(--ak-bg-color);\">&#8220;Es un honor estar aqu\u00ed&#8221;, agreg\u00f3 la guatemalteca Moreno, sonriente y con gran emoci\u00f3n.\u00a0\u00a0<\/span><span style=\"color: var( --e-global-color-text ); background-color: var(--ak-bg-color);\">&#8220;H<\/span><span style=\"color: var( --e-global-color-text ); background-color: var(--ak-bg-color);\">ace 23 a\u00f1os este pa\u00eds me acogi\u00f3,\u00a0<\/span><span style=\"color: var( --e-global-color-text ); background-color: var(--ak-bg-color);\">con solo una guitarra y el sue\u00f1o de hacer m\u00fasica&#8221;. En un escenario instalado en el jard\u00edn de la residencia presidencial de Estados Unidos, tom\u00f3 solo unos minutos acoplar la guitarra al sistema de sonido.\u00a0<\/span><\/p><p>Momentos antes, la vicepresidenta Kamala Harris resalt\u00f3 el aporte de la comunidad hispana en el desarrollo econ\u00f3mico de Estados Unidos. &#8220;Los emprendimientos de hispanos son el 25% y muchos de ellos son liderados por mujeres. Pero solo un 2% de ellos tienen acceso a cr\u00e9ditos&#8221;. Se\u00f1al\u00f3 que hab\u00eda criterios extremistas que ven en los migrantes hispanos una amenaza, cuando en realidad son un aporte clave.<\/p>\t\t\t\t\t\t\t\t<\/div>\n\t\t\t\t\t<\/div>\n\t\t<\/div>\n\t\t\t\t\t<\/div>\n\t\t<\/section>\n\t\t\t\t<section data-particle_enable=\"false\" data-particle-mobile-disabled=\"false\" class=\"elementor-section elementor-top-section elementor-element elementor-element-d72081c elementor-section-boxed elementor-section-height-default elementor-section-height-default\" data-id=\"d72081c\" data-element_type=\"section\" data-e-type=\"section\">\n\t\t\t\t\t\t<div class=\"elementor-container elementor-column-gap-default\">\n\t\t\t\t\t<div class=\"elementor-column elementor-col-100 elementor-top-column elementor-element elementor-element-395177b\" data-id=\"395177b\" data-element_type=\"column\" data-e-type=\"column\">\n\t\t\t<div class=\"elementor-widget-wrap elementor-element-populated\">\n\t\t\t\t\t\t<div class=\"elementor-element elementor-element-f0777ac elementor-widget elementor-widget-testimonial\" data-id=\"f0777ac\" data-element_type=\"widget\" data-e-type=\"widget\" data-widget_type=\"testimonial.default\">\n\t\t\t\t\t\t\t<div class=\"elementor-testimonial-wrapper\">\n\t\t\t\t\t\t\t<div class=\"elementor-testimonial-content\">\"Nuestra diversidad es nuestra fortaleza y en la unidad hay poder\"<\/div>\n\t\t\t\n\t\t\t\t\t\t<div class=\"elementor-testimonial-meta elementor-has-image elementor-testimonial-image-position-aside\">\n\t\t\t\t<div class=\"elementor-testimonial-meta-inner\">\n\t\t\t\t\t\t\t\t\t\t\t<div class=\"elementor-testimonial-image\">\n\t\t\t\t\t\t\t<img decoding=\"async\" width=\"987\" height=\"787\" src=\"https:\/\/soymigrante.com\/revista\/wp-content\/uploads\/2023\/10\/kamala-harris.webp\" class=\"attachment-full size-full wp-image-3055\" alt=\"\" title=\"kamala harris \u2013 SoyMigrante.com REVISTA\" srcset=\"https:\/\/soymigrante.com\/revista\/wp-content\/uploads\/2023\/10\/kamala-harris.webp 987w, https:\/\/soymigrante.com\/revista\/wp-content\/uploads\/2023\/10\/kamala-harris-300x239.webp 300w, https:\/\/soymigrante.com\/revista\/wp-content\/uploads\/2023\/10\/kamala-harris-768x612.webp 768w, https:\/\/soymigrante.com\/revista\/wp-content\/uploads\/2023\/10\/kamala-harris-750x598.webp 750w\" sizes=\"(max-width: 987px) 100vw, 987px\" \/>\t\t\t\t\t\t<\/div>\n\t\t\t\t\t\n\t\t\t\t\t\t\t\t\t\t<div class=\"elementor-testimonial-details\">\n\t\t\t\t\t\t\t\t\t\t\t\t\t\t<div class=\"elementor-testimonial-name\">Kamala Harris<\/div>\n\t\t\t\t\t\t\t\t\t\t\t\t\t\t\t\t\t\t\t\t\t\t<div class=\"elementor-testimonial-job\">Vicepresidenta de Estados Unidos al exaltar el valor de la comunidad hispana.<\/div>\n\t\t\t\t\t\t\t\t\t\t\t\t\t<\/div>\n\t\t\t\t\t\t\t\t\t<\/div>\n\t\t\t<\/div>\n\t\t\t\t\t<\/div>\n\t\t\t\t\t\t<\/div>\n\t\t\t\t\t<\/div>\n\t\t<\/div>\n\t\t\t\t\t<\/div>\n\t\t<\/section>\n\t\t\t\t<section data-particle_enable=\"false\" data-particle-mobile-disabled=\"false\" class=\"elementor-section elementor-top-section elementor-element elementor-element-4779ff0 elementor-section-boxed elementor-section-height-default elementor-section-height-default\" data-id=\"4779ff0\" data-element_type=\"section\" data-e-type=\"section\">\n\t\t\t\t\t\t<div class=\"elementor-container elementor-column-gap-default\">\n\t\t\t\t\t<div class=\"elementor-column elementor-col-100 elementor-top-column elementor-element elementor-element-c7d06aa\" data-id=\"c7d06aa\" data-element_type=\"column\" data-e-type=\"column\">\n\t\t\t<div class=\"elementor-widget-wrap elementor-element-populated\">\n\t\t\t\t\t\t<div class=\"elementor-element elementor-element-44f38ee elementor-widget elementor-widget-heading\" data-id=\"44f38ee\" data-element_type=\"widget\" data-e-type=\"widget\" data-widget_type=\"heading.default\">\n\t\t\t\t\t<h2 class=\"elementor-heading-title elementor-size-default\">Gaby reafirma identidad guatemalteca <\/h2>\t\t\t\t<\/div>\n\t\t\t\t\t<\/div>\n\t\t<\/div>\n\t\t\t\t\t<\/div>\n\t\t<\/section>\n\t\t\t\t<section data-particle_enable=\"false\" data-particle-mobile-disabled=\"false\" class=\"elementor-section elementor-top-section elementor-element elementor-element-b58243f elementor-section-boxed elementor-section-height-default elementor-section-height-default\" data-id=\"b58243f\" data-element_type=\"section\" data-e-type=\"section\">\n\t\t\t\t\t\t<div class=\"elementor-container elementor-column-gap-default\">\n\t\t\t\t\t<div class=\"elementor-column elementor-col-100 elementor-top-column elementor-element elementor-element-27529b2\" data-id=\"27529b2\" data-element_type=\"column\" data-e-type=\"column\">\n\t\t\t<div class=\"elementor-widget-wrap elementor-element-populated\">\n\t\t\t\t\t\t<div class=\"elementor-element elementor-element-6012f35 elementor-widget elementor-widget-text-editor\" data-id=\"6012f35\" data-element_type=\"widget\" data-e-type=\"widget\" data-widget_type=\"text-editor.default\">\n\t\t\t\t\t\t\t\t\t<p><span style=\"background-color: var(--ak-bg-color);\">&#8220;Nac\u00ed y crec\u00ed en Guatemala&#8221; declar\u00f3 Gaby Moreno, en ingl\u00e9s. Luego pregunt\u00f3. &#8220;\u00bfHay chapines ac\u00e1?&#8221;. Agradeci\u00f3 de todo coraz\u00f3n el haber sido invitada y a continuaci\u00f3n anunci\u00f3 el primer tema.\u00a0<\/span><\/p><p><span style=\"background-color: var(--ak-bg-color); color: var( --e-global-color-text );\">&#8220;Quisiera compartir una canci\u00f3n que he estado cantando desde que era ni\u00f1a. Si le preguntan a cualquier guatemalteco si conocen esta canci\u00f3n, les dir\u00e1 que s\u00ed.\u00a0 Es como un segundo himno nacional, se llama Luna de Xelaj\u00fa&#8221;.\u00a0<\/span><\/p>\t\t\t\t\t\t\t\t<\/div>\n\t\t\t\t\t<\/div>\n\t\t<\/div>\n\t\t\t\t\t<\/div>\n\t\t<\/section>\n\t\t\t\t<section data-particle_enable=\"false\" data-particle-mobile-disabled=\"false\" class=\"elementor-section elementor-top-section elementor-element elementor-element-ed32964 elementor-section-boxed elementor-section-height-default elementor-section-height-default\" data-id=\"ed32964\" data-element_type=\"section\" data-e-type=\"section\">\n\t\t\t\t\t\t<div class=\"elementor-container elementor-column-gap-default\">\n\t\t\t\t\t<div class=\"elementor-column elementor-col-100 elementor-top-column elementor-element elementor-element-4c92e7a\" data-id=\"4c92e7a\" data-element_type=\"column\" data-e-type=\"column\">\n\t\t\t<div class=\"elementor-widget-wrap elementor-element-populated\">\n\t\t\t\t\t\t<div class=\"elementor-element elementor-element-e024425 elementor-widget elementor-widget-video\" data-id=\"e024425\" data-element_type=\"widget\" data-e-type=\"widget\" data-settings=\"{&quot;youtube_url&quot;:&quot;https:\\\/\\\/www.youtube.com\\\/watch?v=9w-JRmWnfLo&quot;,&quot;start&quot;:1401,&quot;video_type&quot;:&quot;youtube&quot;,&quot;controls&quot;:&quot;yes&quot;}\" data-widget_type=\"video.default\">\n\t\t\t\t\t\t\t<div class=\"elementor-wrapper elementor-open-inline\">\n\t\t\t<div class=\"elementor-video\"><\/div>\t\t<\/div>\n\t\t\t\t\t\t<\/div>\n\t\t\t\t\t<\/div>\n\t\t<\/div>\n\t\t\t\t\t<\/div>\n\t\t<\/section>\n\t\t\t\t<section data-particle_enable=\"false\" data-particle-mobile-disabled=\"false\" class=\"elementor-section elementor-top-section elementor-element elementor-element-f2aa69a elementor-section-boxed elementor-section-height-default elementor-section-height-default\" data-id=\"f2aa69a\" data-element_type=\"section\" data-e-type=\"section\">\n\t\t\t\t\t\t<div class=\"elementor-container elementor-column-gap-default\">\n\t\t\t\t\t<div class=\"elementor-column elementor-col-100 elementor-top-column elementor-element elementor-element-4da6a60\" data-id=\"4da6a60\" data-element_type=\"column\" data-e-type=\"column\">\n\t\t\t<div class=\"elementor-widget-wrap elementor-element-populated\">\n\t\t\t\t\t\t<div class=\"elementor-element elementor-element-4f5046f elementor-widget elementor-widget-heading\" data-id=\"4f5046f\" data-element_type=\"widget\" data-e-type=\"widget\" data-widget_type=\"heading.default\">\n\t\t\t\t\t<h2 class=\"elementor-heading-title elementor-size-default\">Cronolog\u00eda de Gaby Moreno<\/h2>\t\t\t\t<\/div>\n\t\t\t\t\t<\/div>\n\t\t<\/div>\n\t\t\t\t\t<\/div>\n\t\t<\/section>\n\t\t\t\t<section data-particle_enable=\"false\" data-particle-mobile-disabled=\"false\" class=\"elementor-section elementor-top-section elementor-element elementor-element-d64ba29 elementor-section-boxed elementor-section-height-default elementor-section-height-default\" data-id=\"d64ba29\" data-element_type=\"section\" data-e-type=\"section\">\n\t\t\t\t\t\t<div class=\"elementor-container elementor-column-gap-default\">\n\t\t\t\t\t<div class=\"elementor-column elementor-col-100 elementor-top-column elementor-element elementor-element-a4d586b\" data-id=\"a4d586b\" data-element_type=\"column\" data-e-type=\"column\">\n\t\t\t<div class=\"elementor-widget-wrap elementor-element-populated\">\n\t\t\t\t\t\t<div class=\"elementor-element elementor-element-31893e1 elementor-widget elementor-widget-text-editor\" data-id=\"31893e1\" data-element_type=\"widget\" data-e-type=\"widget\" data-widget_type=\"text-editor.default\">\n\t\t\t\t\t\t\t\t\t<p>1981: Mar\u00eda Gabriela Moreno Bonilla nace en la Ciudad de Guatemala.<\/p><p>1991: Gaby Moreno sube al escenario por primera vez. Al inicio ten\u00eda m\u00e1s habilidad para el saxof\u00f3n, pero se decant\u00f3 por la guitarra para interpretar canciones y tambi\u00e9n empez\u00f3 a componerlas.<\/p><p>1995: Durante un viaje de vacaciones a Nueva York, descubre el g\u00e9nero blues. Comenz\u00f3 a explorar el jazz, folk y el R&amp;B, ritmos y texturas cuya influencia fue configurando su personalidad musical.<\/p><p><span style=\"color: var( --e-global-color-text ); background-color: var(--ak-bg-color);\">2001: Consigue un contrato con la compa\u00f1\u00eda disquera Warner y migra aLos Angeles California.\u00a0 Meses despu\u00e9s obtiene una beca para estudiar solfeo, guitarra y canto en el Musicians Institute de Hollywood.<\/span><\/p><p><span style=\"color: var( --e-global-color-text ); background-color: var(--ak-bg-color);\">2008: Lanza su primer \u00e1lbum independiente, en ingl\u00e9s: &#8220;Still the unknown&#8221;, al cual siguieron\u00a0<\/span><span style=\"font-family: Roboto, sans-serif; font-size: 16px; font-style: normal; font-variant-ligatures: normal; font-variant-caps: normal; font-weight: 400; color: var( --e-global-color-text ); background-color: var(--ak-bg-color);\">Good Old Christmas Time (2010) e<\/span><span style=\"background-color: var(--ak-bg-color); color: var( --e-global-color-text );\">\u00a0Ilustrated Songs (2011).<\/span><\/p><p><span style=\"background-color: var(--ak-bg-color); color: var( --e-global-color-text );\">2011: Gaby Moreno y su banda efect\u00faan su primera gira por Europa gracias a su disco Illustrated Songs con el cual alcanz\u00f3 primeros lugares de ventas en iTunes y Amazon.<\/span><\/p><p><span style=\"background-color: var(--ak-bg-color); color: var( --e-global-color-text );\">2012: Se produce la hist\u00f3rica grabaci\u00f3n a d\u00fao con Ricardo Arjona, del tema Fuiste T\u00fa, que a la fecha sigue marcando el punto en el cual muchos guatemaltecos y latinoamer5icanos empezaron a seguir la trayectoria de la talentosa artista guatemalteca, que ya era ampliamente conocida en EE.UU. y Europa.<\/span><\/p><p><span style=\"background-color: var(--ak-bg-color); color: var( --e-global-color-text );\">2013. Gana el Premio Grammy Latino a Mejor Artista Revelaci\u00f3n.<\/span><\/p><p><span style=\"background-color: var(--ak-bg-color); color: var( --e-global-color-text );\">2015:\u00a0<\/span><span style=\"background-color: var(--ak-bg-color);\">Presenta el Festival Ac\u00fastico: Gaby Moreno y amigos. El primer d\u00eda del festival fue el 28 de febrero y cont\u00f3 con las actuaciones de \u00d3scar Isaac, Sara Watkins e Ishto Jueves.<\/span><\/p><p><span style=\"background-color: var(--ak-bg-color);\">2017. La guatemalteca Gaby Moreno recibe su primera nominaci\u00f3n a los premios Grammy de la Academia Americana de Grabaci\u00f3n, por Mejor Album Latino, por Ilusi\u00f3n.<\/span><\/p><p><span style=\"background-color: var(--ak-bg-color);\">2023. Moreno fue nominada al premio Grammy a mejor \u00e1lbum de rock o m\u00fasica alternativa con el \u00e1lbum Alegor\u00eda, y para un Grammy Latino por el \u00e1lbum Cantando Juntos; y fue la invitada estelar del cierre del Mes de la Herencia Hispana, celebrado en una gala en la Casa Blanca.<\/span><\/p>\t\t\t\t\t\t\t\t<\/div>\n\t\t\t\t\t<\/div>\n\t\t<\/div>\n\t\t\t\t\t<\/div>\n\t\t<\/section>\n\t\t\t\t<section data-particle_enable=\"false\" data-particle-mobile-disabled=\"false\" class=\"elementor-section elementor-top-section elementor-element elementor-element-3e1468e elementor-section-boxed elementor-section-height-default elementor-section-height-default\" data-id=\"3e1468e\" data-element_type=\"section\" data-e-type=\"section\">\n\t\t\t\t\t\t<div class=\"elementor-container elementor-column-gap-default\">\n\t\t\t\t\t<div class=\"elementor-column elementor-col-100 elementor-top-column elementor-element elementor-element-9205c15\" data-id=\"9205c15\" data-element_type=\"column\" data-e-type=\"column\">\n\t\t\t<div class=\"elementor-widget-wrap elementor-element-populated\">\n\t\t\t\t\t\t<div class=\"elementor-element elementor-element-9d203a2 elementor-widget elementor-widget-heading\" data-id=\"9d203a2\" data-element_type=\"widget\" data-e-type=\"widget\" data-widget_type=\"heading.default\">\n\t\t\t\t\t<h2 class=\"elementor-heading-title elementor-size-default\">Quiz\u00e1 podr\u00eda interesarle...<\/h2>\t\t\t\t<\/div>\n\t\t\t\t\t<\/div>\n\t\t<\/div>\n\t\t\t\t\t<\/div>\n\t\t<\/section>\n\t\t\t\t<section data-particle_enable=\"false\" data-particle-mobile-disabled=\"false\" class=\"elementor-section elementor-top-section elementor-element elementor-element-191864f elementor-section-boxed elementor-section-height-default elementor-section-height-default\" data-id=\"191864f\" data-element_type=\"section\" data-e-type=\"section\">\n\t\t\t\t\t\t<div class=\"elementor-container elementor-column-gap-default\">\n\t\t\t\t\t<div class=\"elementor-column elementor-col-100 elementor-top-column elementor-element elementor-element-486acac\" data-id=\"486acac\" data-element_type=\"column\" data-e-type=\"column\">\n\t\t\t<div class=\"elementor-widget-wrap elementor-element-populated\">\n\t\t\t\t\t\t<div class=\"elementor-element elementor-element-1399d42 elementor-grid-eael-col-1 elementor-grid-tablet-eael-col-2 elementor-grid-mobile-eael-col-1 elementor-widget elementor-widget-eael-post-grid\" data-id=\"1399d42\" data-element_type=\"widget\" data-e-type=\"widget\" data-settings=\"{&quot;eael_post_grid_columns&quot;:&quot;eael-col-1&quot;,&quot;eael_post_grid_columns_tablet&quot;:&quot;eael-col-2&quot;,&quot;eael_post_grid_columns_mobile&quot;:&quot;eael-col-1&quot;}\" data-widget_type=\"eael-post-grid.default\">\n\t\t\t\t\t<div id=\"eael-post-grid-1399d42\" class=\"eael-post-grid-container\">\n            <div class=\"eael-post-grid eael-post-appender eael-post-appender-1399d42 eael-post-grid-style-one\" data-layout-mode=\"masonry\"><article class=\"eael-grid-post  eael-post-grid-column eael-pg-post-235 category-exitos\" data-id=\"235\">\n        <div class=\"eael-grid-post-holder\">\n            <div class=\"eael-grid-post-holder-inner\"><div class=\"eael-entry-media\"><div class=\"eael-entry-overlay fade-in\"><i class=\"fas fa-long-arrow-alt-right\" aria-hidden=\"true\"><\/i><a href=\"https:\/\/soymigrante.com\/revista\/cronologia-ricardo-arjona\/\"><\/a><\/div><div class=\"eael-entry-thumbnail \">\n                <img decoding=\"async\" width=\"300\" height=\"169\" src=\"https:\/\/soymigrante.com\/revista\/wp-content\/uploads\/2023\/02\/1-EXITOS-ARJONA-A-300x169.webp\" class=\"attachment-medium size-medium wp-image-236\" alt=\"\" srcset=\"https:\/\/soymigrante.com\/revista\/wp-content\/uploads\/2023\/02\/1-EXITOS-ARJONA-A-300x169.webp 300w, https:\/\/soymigrante.com\/revista\/wp-content\/uploads\/2023\/02\/1-EXITOS-ARJONA-A-1024x576.jpg 1024w, https:\/\/soymigrante.com\/revista\/wp-content\/uploads\/2023\/02\/1-EXITOS-ARJONA-A-768x432.jpg 768w, https:\/\/soymigrante.com\/revista\/wp-content\/uploads\/2023\/02\/1-EXITOS-ARJONA-A-750x422.webp 750w, https:\/\/soymigrante.com\/revista\/wp-content\/uploads\/2023\/02\/1-EXITOS-ARJONA-A-1140x641.jpg 1140w, https:\/\/soymigrante.com\/revista\/wp-content\/uploads\/2023\/02\/1-EXITOS-ARJONA-A.webp 1280w\" sizes=\"(max-width: 300px) 100vw, 300px\" \/>\n            <\/div>\n        <\/div><div class=\"eael-entry-wrapper\"><header class=\"eael-entry-header\"><h2 class=\"eael-entry-title\"><a class=\"eael-grid-post-link\" href=\"https:\/\/soymigrante.com\/revista\/cronologia-ricardo-arjona\/\" title=\"Ricardo Arjona: una cronolog\u00eda migrante desde antes de nacer\">Ricardo Arjona: una cronolog\u00eda migrante desde antes de nacer<\/a><\/h2><\/header><div class=\"eael-entry-content\">\n                        <div class=\"eael-grid-post-excerpt\"><p>Ser migrante fue un salto de fe para el cantautor guatemalteco Ricardo Arjona. Al igual que para muchos otros connacionales que se han marchado fuera del pa\u00eds,...<\/p><\/div>\n                    <\/div><\/div><\/div>\n        <\/div>\n    <\/article><\/div>\n            <div class=\"clearfix\"><\/div>\n        <\/div>\t\t\t\t<\/div>\n\t\t\t\t\t<\/div>\n\t\t<\/div>\n\t\t\t\t\t<\/div>\n\t\t<\/section>\n\t\t\t\t<\/div>\n\t\t","protected":false},"excerpt":{"rendered":"<p>Cantante y compositora migrante Gaby Moreno declar\u00f3 con orgullo sus ra\u00edces guatemaltecas en gala del Mes de la Herencia Hispana, en la Casa Blanca, Washington D.C. donde abri\u00f3 su presentaci\u00f3n con Luna de Xelaj\u00fa &#8220;Soy una migrante&#8221;, dijo en ingl\u00e9s la cantante y compositora guatemalteca Gaby Moreno al iniciar su presentaci\u00f3n en La Casa Blanca, [&hellip;]<\/p>\n","protected":false},"author":7,"featured_media":3050,"comment_status":"open","ping_status":"open","sticky":false,"template":"","format":"standard","meta":{"_acf_changed":false,"_eb_attr":"","footnotes":""},"categories":[54],"tags":[],"class_list":["post-3049","post","type-post","status-publish","format-standard","has-post-thumbnail","hentry","category-estamos-unidos"],"acf":[],"aioseo_notices":[],"aioseo_head":"\n\t\t<!-- All in One SEO Pro 4.9.6.2 - aioseo.com -->\n\t<meta name=\"description\" content=\"Ser migrante fue un salto de fe para el cantautor guatemalteco Ricardo Arjona. Al igual que para muchos otros connacionales que se han marchado fuera del pa\u00eds, especialmente a EE.UU., en busca de oportunidades de \u00e9xito, no fue un camino sencillo ni breve. Con base en una autobiograf\u00eda publicada como parte del folleto de un \u00e1lbum en 2005 y datos de diversas entrevistas durante sus giras, se construye esta cronolog\u00eda que inicia hace m\u00e1s de siglo y medio.\" \/>\n\t<meta name=\"robots\" content=\"max-snippet:-1, max-image-preview:large, max-video-preview:-1\" \/>\n\t<meta name=\"author\" content=\"SoyMigrante.com REVISTA\"\/>\n\t<link rel=\"canonical\" href=\"https:\/\/soymigrante.com\/revista\/cronologia-ricardo-arjona\/\" \/>\n\t<meta name=\"generator\" content=\"All in One SEO Pro (AIOSEO) 4.9.6.2\" \/>\n\n\t\t<link rel=\"preconnect\" href=\"https:\/\/fonts.googleapis.com\" crossorigin>\n<link rel=\"preconnect\" href=\"https:\/\/fonts.gstatic.com\" crossorigin>\n\t\t<meta property=\"og:locale\" content=\"es_ES\" \/>\n\t\t<meta property=\"og:site_name\" content=\"SoyMigrante.com REVISTA \u2013 Nuestra misi\u00f3n es reconocer y dignificar al migrante.\" \/>\n\t\t<meta property=\"og:type\" content=\"article\" \/>\n\t\t<meta property=\"og:title\" content=\"Ricardo Arjona: una cronolog\u00eda migrante desde antes de nacer\" \/>\n\t\t<meta property=\"og:description\" content=\"Ser migrante fue un salto de fe para el cantautor guatemalteco Ricardo Arjona. Al igual que para muchos otros connacionales que se han marchado fuera del pa\u00eds, especialmente a EE.UU., en busca de oportunidades de \u00e9xito, no fue un camino sencillo ni breve. Con base en una autobiograf\u00eda publicada como parte del folleto de un \u00e1lbum en 2005 y datos de diversas entrevistas durante sus giras, se construye esta cronolog\u00eda que inicia hace m\u00e1s de siglo y medio.\" \/>\n\t\t<meta property=\"og:url\" content=\"https:\/\/soymigrante.com\/revista\/cronologia-ricardo-arjona\/\" \/>\n\t\t<meta property=\"og:image\" content=\"https:\/\/soymigrante.com\/revista\/wp-content\/uploads\/2023\/02\/1-EXITOS-ARJONA-A.webp\" \/>\n\t\t<meta property=\"og:image:secure_url\" content=\"https:\/\/soymigrante.com\/revista\/wp-content\/uploads\/2023\/02\/1-EXITOS-ARJONA-A.webp\" \/>\n\t\t<meta property=\"og:image:width\" content=\"1280\" \/>\n\t\t<meta property=\"og:image:height\" content=\"720\" \/>\n\t\t<meta property=\"article:published_time\" content=\"2023-05-26T00:48:12+00:00\" \/>\n\t\t<meta property=\"article:modified_time\" content=\"2024-06-25T22:20:19+00:00\" \/>\n\t\t<meta property=\"article:publisher\" content=\"https:\/\/www.facebook.com\/soymigrantecom\" \/>\n\t\t<meta name=\"twitter:card\" content=\"summary_large_image\" \/>\n\t\t<meta name=\"twitter:site\" content=\"@SoyMigrante_com\" \/>\n\t\t<meta name=\"twitter:title\" content=\"Ricardo Arjona: una cronolog\u00eda migrante desde antes de nacer\" \/>\n\t\t<meta name=\"twitter:description\" content=\"Ser migrante fue un salto de fe para el cantautor guatemalteco Ricardo Arjona. Al igual que para muchos otros connacionales que se han marchado fuera del pa\u00eds, especialmente a EE.UU., en busca de oportunidades de \u00e9xito, no fue un camino sencillo ni breve. Con base en una autobiograf\u00eda publicada como parte del folleto de un \u00e1lbum en 2005 y datos de diversas entrevistas durante sus giras, se construye esta cronolog\u00eda que inicia hace m\u00e1s de siglo y medio.\" \/>\n\t\t<meta name=\"twitter:creator\" content=\"@SoyMigrante_com\" \/>\n\t\t<meta name=\"twitter:image\" content=\"https:\/\/soymigrante.com\/revista\/wp-content\/uploads\/2023\/02\/1-EXITOS-ARJONA-A.webp\" \/>\n\t\t<!-- All in One SEO Pro -->\r\n\t\t<title>Ricardo Arjona: una cronolog\u00eda migrante desde antes de nacer<\/title>\n\n","aioseo_head_json":{"title":"Ricardo Arjona: una cronolog\u00eda migrante desde antes de nacer","description":"Ser migrante fue un salto de fe para el cantautor guatemalteco Ricardo Arjona. Al igual que para muchos otros connacionales que se han marchado fuera del pa\u00eds, especialmente a EE.UU., en busca de oportunidades de \u00e9xito, no fue un camino sencillo ni breve. Con base en una autobiograf\u00eda publicada como parte del folleto de un \u00e1lbum en 2005 y datos de diversas entrevistas durante sus giras, se construye esta cronolog\u00eda que inicia hace m\u00e1s de siglo y medio.","canonical_url":"https:\/\/soymigrante.com\/revista\/cronologia-ricardo-arjona\/","robots":"max-snippet:-1, max-image-preview:large, max-video-preview:-1","keywords":"","webmasterTools":{"miscellaneous":"&lt;link rel=\"preconnect\" href=\"https:\/\/fonts.googleapis.com\" crossorigin&gt;\n&lt;link rel=\"preconnect\" href=\"https:\/\/fonts.gstatic.com\" crossorigin&gt;"},"schema":null,"og:locale":"es_ES","og:site_name":"SoyMigrante.com REVISTA \u2013 Nuestra misi\u00f3n es reconocer y dignificar al migrante.","og:type":"article","og:title":"Ricardo Arjona: una cronolog\u00eda migrante desde antes de nacer","og:description":"Ser migrante fue un salto de fe para el cantautor guatemalteco Ricardo Arjona. Al igual que para muchos otros connacionales que se han marchado fuera del pa\u00eds, especialmente a EE.UU., en busca de oportunidades de \u00e9xito, no fue un camino sencillo ni breve. Con base en una autobiograf\u00eda publicada como parte del folleto de un \u00e1lbum en 2005 y datos de diversas entrevistas durante sus giras, se construye esta cronolog\u00eda que inicia hace m\u00e1s de siglo y medio.","og:url":"https:\/\/soymigrante.com\/revista\/cronologia-ricardo-arjona\/","og:image":"https:\/\/soymigrante.com\/revista\/wp-content\/uploads\/2023\/02\/1-EXITOS-ARJONA-A.webp","og:image:secure_url":"https:\/\/soymigrante.com\/revista\/wp-content\/uploads\/2023\/02\/1-EXITOS-ARJONA-A.webp","og:image:width":1280,"og:image:height":720,"article:published_time":"2023-05-26T00:48:12+00:00","article:modified_time":"2024-06-25T22:20:19+00:00","article:publisher":"https:\/\/www.facebook.com\/soymigrantecom","twitter:card":"summary_large_image","twitter:site":"@SoyMigrante_com","twitter:title":"Ricardo Arjona: una cronolog\u00eda migrante desde antes de nacer","twitter:description":"Ser migrante fue un salto de fe para el cantautor guatemalteco Ricardo Arjona. Al igual que para muchos otros connacionales que se han marchado fuera del pa\u00eds, especialmente a EE.UU., en busca de oportunidades de \u00e9xito, no fue un camino sencillo ni breve. Con base en una autobiograf\u00eda publicada como parte del folleto de un \u00e1lbum en 2005 y datos de diversas entrevistas durante sus giras, se construye esta cronolog\u00eda que inicia hace m\u00e1s de siglo y medio.","twitter:creator":"@SoyMigrante_com","twitter:image":"https:\/\/soymigrante.com\/revista\/wp-content\/uploads\/2023\/02\/1-EXITOS-ARJONA-A.webp"},"aioseo_meta_data":{"post_id":"3049","title":null,"description":null,"keywords":[],"keyphrases":{"focus":{"keyphrase":"Migrante","score":74,"analysis":{"keyphraseInTitle":{"score":9,"maxScore":9,"error":0},"keyphraseInDescription":{"score":9,"maxScore":9,"error":0},"keyphraseLength":{"score":9,"maxScore":9,"error":0,"length":1},"keyphraseInURL":{"score":5,"maxScore":5,"error":0},"keyphraseInIntroduction":{"score":3,"maxScore":9,"error":1},"keyphraseInSubHeadings":{"score":3,"maxScore":9,"error":1},"keyphraseInImageAlt":{"score":3,"maxScore":9,"error":1},"keywordDensity":{"type":"best","score":9,"maxScore":9,"error":0}}},"additional":[]},"primary_term":null,"canonical_url":null,"og_title":null,"og_description":null,"og_object_type":"default","og_image_type":"default","og_image_url":null,"og_image_width":null,"og_image_height":null,"og_image_custom_url":null,"og_image_custom_fields":null,"og_video":"","og_custom_url":null,"og_article_section":null,"og_article_tags":[],"twitter_use_og":false,"twitter_card":"default","twitter_image_type":"default","twitter_image_url":null,"twitter_image_custom_url":null,"twitter_image_custom_fields":null,"twitter_title":null,"twitter_description":null,"schema":{"blockGraphs":[],"customGraphs":[],"default":{"data":{"Article":[],"Course":[],"Dataset":[],"FAQPage":[],"Movie":[],"Person":[],"Product":[],"ProductReview":[],"Car":[],"Recipe":[],"Service":[],"SoftwareApplication":[],"WebPage":[]},"graphName":"BlogPosting","isEnabled":true},"graphs":[]},"schema_type":"default","schema_type_options":null,"pillar_content":false,"robots_default":true,"robots_noindex":false,"robots_noarchive":false,"robots_nosnippet":false,"robots_nofollow":false,"robots_noimageindex":false,"robots_noodp":false,"robots_notranslate":false,"robots_max_snippet":"-1","robots_max_videopreview":"-1","robots_max_imagepreview":"large","priority":null,"frequency":"default","local_seo":null,"seo_analyzer_scan_date":"2025-10-08 20:35:31","breadcrumb_settings":null,"limit_modified_date":false,"reviewed_by":null,"open_ai":null,"ai":null,"created":"2023-10-21 17:53:14","updated":"2026-02-04 09:46:22"},"aioseo_breadcrumb":"<div class=\"aioseo-breadcrumbs\"><span class=\"aioseo-breadcrumb\">\n\t<a href=\"https:\/\/soymigrante.com\/revista\" title=\"Home\">Home<\/a>\n<\/span><span class=\"aioseo-breadcrumb-separator\">\u00bb<\/span><span class=\"aioseo-breadcrumb\">\n\t<a href=\"https:\/\/soymigrante.com\/revista\/category\/estamos-unidos\/\" title=\"Estamos Unidos\">Estamos Unidos<\/a>\n<\/span><span class=\"aioseo-breadcrumb-separator\">\u00bb<\/span><span class=\"aioseo-breadcrumb\">\n\t\u201cSoy una migrante\u201d: cantante guatemalteca Gaby Moreno en la Casa Blanca\n<\/span><\/div>","aioseo_breadcrumb_json":[{"label":"Home","link":"https:\/\/soymigrante.com\/revista"},{"label":"Estamos Unidos","link":"https:\/\/soymigrante.com\/revista\/category\/estamos-unidos\/"},{"label":"&#8220;Soy una migrante&#8221;: cantante guatemalteca Gaby Moreno en la Casa Blanca","link":"https:\/\/soymigrante.com\/revista\/soy-una-migrante-cantante-guatemalteca-gaby-moreno-en-la-casa-blanca\/"}],"_links":{"self":[{"href":"https:\/\/soymigrante.com\/revista\/wp-json\/wp\/v2\/posts\/3049","targetHints":{"allow":["GET"]}}],"collection":[{"href":"https:\/\/soymigrante.com\/revista\/wp-json\/wp\/v2\/posts"}],"about":[{"href":"https:\/\/soymigrante.com\/revista\/wp-json\/wp\/v2\/types\/post"}],"author":[{"embeddable":true,"href":"https:\/\/soymigrante.com\/revista\/wp-json\/wp\/v2\/users\/7"}],"replies":[{"embeddable":true,"href":"https:\/\/soymigrante.com\/revista\/wp-json\/wp\/v2\/comments?post=3049"}],"version-history":[{"count":0,"href":"https:\/\/soymigrante.com\/revista\/wp-json\/wp\/v2\/posts\/3049\/revisions"}],"wp:featuredmedia":[{"embeddable":true,"href":"https:\/\/soymigrante.com\/revista\/wp-json\/wp\/v2\/media\/3050"}],"wp:attachment":[{"href":"https:\/\/soymigrante.com\/revista\/wp-json\/wp\/v2\/media?parent=3049"}],"wp:term":[{"taxonomy":"category","embeddable":true,"href":"https:\/\/soymigrante.com\/revista\/wp-json\/wp\/v2\/categories?post=3049"},{"taxonomy":"post_tag","embeddable":true,"href":"https:\/\/soymigrante.com\/revista\/wp-json\/wp\/v2\/tags?post=3049"}],"curies":[{"name":"wp","href":"https:\/\/api.w.org\/{rel}","templated":true}]}}