{"id":30478,"date":"2025-04-13T13:57:30","date_gmt":"2025-04-13T19:57:30","guid":{"rendered":"https:\/\/soymigrante.com\/revista\/?p=30478"},"modified":"2025-04-17T00:35:09","modified_gmt":"2025-04-17T06:35:09","slug":"semana-santa-sin-salir-de-la-ciudad-ni-ver-procesiones","status":"publish","type":"post","link":"https:\/\/soymigrante.com\/revista\/semana-santa-sin-salir-de-la-ciudad-ni-ver-procesiones\/","title":{"rendered":"\u00bfSemana Santa sin salir de la ciudad ni ver procesiones?"},"content":{"rendered":"\t\t<div data-elementor-type=\"wp-post\" data-elementor-id=\"30478\" class=\"elementor elementor-30478\" data-elementor-post-type=\"post\">\n\t\t\t\t<div data-particle_enable=\"false\" data-particle-mobile-disabled=\"false\" class=\"elementor-element elementor-element-fed8d50 e-flex e-con-boxed e-con e-parent\" data-id=\"fed8d50\" data-element_type=\"container\" data-e-type=\"container\">\n\t\t\t\t\t<div class=\"e-con-inner\">\n\t\t\t\t<div class=\"elementor-element elementor-element-dcd5a2f elementor-widget elementor-widget-heading\" data-id=\"dcd5a2f\" data-element_type=\"widget\" data-e-type=\"widget\" data-widget_type=\"heading.default\">\n\t\t\t\t\t<h2 class=\"elementor-heading-title elementor-size-default\">Semana Santa en Guatemala es una ocasi\u00f3n especial, pero hay personas que no les gusta salir de la ciudad y tampoco ver procesiones. \n<\/h2>\t\t\t\t<\/div>\n\t\t\t\t\t<\/div>\n\t\t\t\t<\/div>\n\t\t<div data-particle_enable=\"false\" data-particle-mobile-disabled=\"false\" class=\"elementor-element elementor-element-6242940 e-flex e-con-boxed e-con e-parent\" data-id=\"6242940\" data-element_type=\"container\" data-e-type=\"container\">\n\t\t\t\t\t<div class=\"e-con-inner\">\n\t\t\t\t<div class=\"elementor-element elementor-element-8d6bb91 elementor-widget elementor-widget-text-editor\" data-id=\"8d6bb91\" data-element_type=\"widget\" data-e-type=\"widget\" data-widget_type=\"text-editor.default\">\n\t\t\t\t\t\t\t\t\t<p>La Semana Santa en Guatemala es sin\u00f3nimo de solemnidad, tradici\u00f3n y procesiones. Sin embargo, no todos disfrutan de las aglomeraciones, el incienso o los cortejos.<\/p><p><a href=\"https:\/\/soymigrante.com\/revista\/las-comidas-de-semana-santa-en-guatemala-tradicion-y-sabor\/\" target=\"_blank\" rel=\"noopener\">Para quienes prefieren un ambiente m\u00e1s tranquilo o simplemente desean desconectarse sin salir de la ciudad,<\/a> existen varias opciones para disfrutar este tiempo de descanso de forma diferente, creativa y relajante.<\/p>\t\t\t\t\t\t\t\t<\/div>\n\t\t\t\t\t<\/div>\n\t\t\t\t<\/div>\n\t\t<div data-particle_enable=\"false\" data-particle-mobile-disabled=\"false\" class=\"elementor-element elementor-element-7ed66bb e-flex e-con-boxed e-con e-parent\" data-id=\"7ed66bb\" data-element_type=\"container\" data-e-type=\"container\">\n\t\t\t\t\t<div class=\"e-con-inner\">\n\t\t\t\t<div class=\"elementor-element elementor-element-43b0ba0 elementor-widget elementor-widget-heading\" data-id=\"43b0ba0\" data-element_type=\"widget\" data-e-type=\"widget\" data-widget_type=\"heading.default\">\n\t\t\t\t\t<h3 class=\"elementor-heading-title elementor-size-default\">1. Redescubrir la ciudad como turista local<\/h3>\t\t\t\t<\/div>\n\t\t\t\t\t<\/div>\n\t\t\t\t<\/div>\n\t\t<div data-particle_enable=\"false\" data-particle-mobile-disabled=\"false\" class=\"elementor-element elementor-element-b862379 e-flex e-con-boxed e-con e-parent\" data-id=\"b862379\" data-element_type=\"container\" data-e-type=\"container\">\n\t\t\t\t\t<div class=\"e-con-inner\">\n\t\t\t\t<div class=\"elementor-element elementor-element-430329b elementor-widget elementor-widget-text-editor\" data-id=\"430329b\" data-element_type=\"widget\" data-e-type=\"widget\" data-widget_type=\"text-editor.default\">\n\t\t\t\t\t\t\t\t\t<p>Muchas veces no conocemos los rincones culturales que tenemos cerca. <a href=\"https:\/\/soymigrante.com\/revista\/las-comidas-de-semana-santa-en-guatemala-tradicion-y-sabor\/\" target=\"_blank\" rel=\"noopener\">Museos, galer\u00edas de arte, bibliotecas o centros culturales suelen tener actividades especiales<\/a> o simplemente abren con tranquilidad durante estos d\u00edas.<\/p><p>Lugares como el Museo Miraflores, el Museo Popol Vuh, o el Centro Cultural Miguel \u00c1ngel Asturias ofrecen recorridos relajados y sin multitudes.<\/p>\t\t\t\t\t\t\t\t<\/div>\n\t\t\t\t\t<\/div>\n\t\t\t\t<\/div>\n\t\t<div data-particle_enable=\"false\" data-particle-mobile-disabled=\"false\" class=\"elementor-element elementor-element-c61d2d8 e-flex e-con-boxed e-con e-parent\" data-id=\"c61d2d8\" data-element_type=\"container\" data-e-type=\"container\">\n\t\t\t\t\t<div class=\"e-con-inner\">\n\t\t\t\t<div class=\"elementor-element elementor-element-78ef3e2 elementor-widget elementor-widget-heading\" data-id=\"78ef3e2\" data-element_type=\"widget\" data-e-type=\"widget\" data-widget_type=\"heading.default\">\n\t\t\t\t\t<h3 class=\"elementor-heading-title elementor-size-default\">2. Marat\u00f3n de pel\u00edculas o series con sentido espiritual, cultural o personal<\/h3>\t\t\t\t<\/div>\n\t\t\t\t\t<\/div>\n\t\t\t\t<\/div>\n\t\t<div data-particle_enable=\"false\" data-particle-mobile-disabled=\"false\" class=\"elementor-element elementor-element-d03a2ef e-flex e-con-boxed e-con e-parent\" data-id=\"d03a2ef\" data-element_type=\"container\" data-e-type=\"container\">\n\t\t\t\t\t<div class=\"e-con-inner\">\n\t\t\t\t<div class=\"elementor-element elementor-element-4c0f346 elementor-widget elementor-widget-text-editor\" data-id=\"4c0f346\" data-element_type=\"widget\" data-e-type=\"widget\" data-widget_type=\"text-editor.default\">\n\t\t\t\t\t\t\t\t\t<p>Semana Santa puede ser el momento ideal para desconectarse del estr\u00e9s y reconectarse con uno mismo. Ver documentales<a href=\"https:\/\/soymigrante.com\/revista\/las-comidas-de-semana-santa-en-guatemala-tradicion-y-sabor\/\" target=\"_blank\" rel=\"noopener\">, pel\u00edculas cl\u00e1sicas o inspiradoras puede ser una experiencia renovadora.<\/a><\/p><p>Se pueden crear tem\u00e1ticas como: cine latinoamericano, pel\u00edculas de reflexi\u00f3n, comedias familiares o incluso cl\u00e1sicos del cine guatemalteco.<\/p>\t\t\t\t\t\t\t\t<\/div>\n\t\t\t\t\t<\/div>\n\t\t\t\t<\/div>\n\t\t<div data-particle_enable=\"false\" data-particle-mobile-disabled=\"false\" class=\"elementor-element elementor-element-1a6c056 e-flex e-con-boxed e-con e-parent\" data-id=\"1a6c056\" data-element_type=\"container\" data-e-type=\"container\">\n\t\t\t\t\t<div class=\"e-con-inner\">\n\t\t\t\t<div class=\"elementor-element elementor-element-035e9ea elementor-widget elementor-widget-heading\" data-id=\"035e9ea\" data-element_type=\"widget\" data-e-type=\"widget\" data-widget_type=\"heading.default\">\n\t\t\t\t\t<h3 class=\"elementor-heading-title elementor-size-default\">3. Cocinar en casa y probar recetas nuevas<\/h3>\t\t\t\t<\/div>\n\t\t\t\t\t<\/div>\n\t\t\t\t<\/div>\n\t\t<div data-particle_enable=\"false\" data-particle-mobile-disabled=\"false\" class=\"elementor-element elementor-element-86a1d20 e-flex e-con-boxed e-con e-parent\" data-id=\"86a1d20\" data-element_type=\"container\" data-e-type=\"container\">\n\t\t\t\t\t<div class=\"e-con-inner\">\n\t\t\t\t<div class=\"elementor-element elementor-element-2614041 elementor-widget elementor-widget-text-editor\" data-id=\"2614041\" data-element_type=\"widget\" data-e-type=\"widget\" data-widget_type=\"text-editor.default\">\n\t\t\t\t\t\t\t\t\t<p>Aunque no se participe en procesiones,<a href=\"https:\/\/soymigrante.com\/revista\/las-comidas-de-semana-santa-en-guatemala-tradicion-y-sabor\/\" target=\"_blank\" rel=\"noopener\"> la gastronom\u00eda de Semana Santa es un punto com\u00fan entre todos los guatemaltecos.<\/a><\/p><p>Preparar platillos t\u00edpicos como el pepian, los chiles rellenos, los dulces de garbanzo o camote, o incluso atreverse con un fiambre vegetariano o una versi\u00f3n casera de tamalitos de masa, puede ser una forma deliciosa de vivir la tradici\u00f3n.<\/p>\t\t\t\t\t\t\t\t<\/div>\n\t\t\t\t\t<\/div>\n\t\t\t\t<\/div>\n\t\t<div data-particle_enable=\"false\" data-particle-mobile-disabled=\"false\" class=\"elementor-element elementor-element-a9ba043 e-flex e-con-boxed e-con e-parent\" data-id=\"a9ba043\" data-element_type=\"container\" data-e-type=\"container\">\n\t\t\t\t\t<div class=\"e-con-inner\">\n\t\t\t\t<div class=\"elementor-element elementor-element-b78137d elementor-widget elementor-widget-image\" data-id=\"b78137d\" data-element_type=\"widget\" data-e-type=\"widget\" data-widget_type=\"image.default\">\n\t\t\t\t\t\t\t\t\t\t\t\t<figure class=\"wp-caption\">\n\t\t\t\t\t\t\t\t\t\t<img fetchpriority=\"high\" decoding=\"async\" width=\"768\" height=\"512\" src=\"https:\/\/soymigrante.com\/revista\/wp-content\/uploads\/2025\/04\/Semana-Santa-en-Guatemala-sin-salir-de-la-ciudad-ni-ver-procesiones-1-1024x682.jpeg\" class=\"attachment-large size-large wp-image-30484\" alt=\"Ramos secos en jarr\u00f3n decorativo en primer plano, fondo con pareja acostada en sof\u00e1, en ambiente acogedor y moderno, estilo minimalista, foco en florero, ambiente dom\u00e9stico relajado.\" srcset=\"https:\/\/soymigrante.com\/revista\/wp-content\/uploads\/2025\/04\/Semana-Santa-en-Guatemala-sin-salir-de-la-ciudad-ni-ver-procesiones-1-1024x682.jpeg 1024w, https:\/\/soymigrante.com\/revista\/wp-content\/uploads\/2025\/04\/Semana-Santa-en-Guatemala-sin-salir-de-la-ciudad-ni-ver-procesiones-1-300x200.jpeg 300w, https:\/\/soymigrante.com\/revista\/wp-content\/uploads\/2025\/04\/Semana-Santa-en-Guatemala-sin-salir-de-la-ciudad-ni-ver-procesiones-1-768x512.jpeg 768w, https:\/\/soymigrante.com\/revista\/wp-content\/uploads\/2025\/04\/Semana-Santa-en-Guatemala-sin-salir-de-la-ciudad-ni-ver-procesiones-1-1536x1023.jpeg 1536w, https:\/\/soymigrante.com\/revista\/wp-content\/uploads\/2025\/04\/Semana-Santa-en-Guatemala-sin-salir-de-la-ciudad-ni-ver-procesiones-1-750x500.webp 750w, https:\/\/soymigrante.com\/revista\/wp-content\/uploads\/2025\/04\/Semana-Santa-en-Guatemala-sin-salir-de-la-ciudad-ni-ver-procesiones-1-1140x760.webp 1140w, https:\/\/soymigrante.com\/revista\/wp-content\/uploads\/2025\/04\/Semana-Santa-en-Guatemala-sin-salir-de-la-ciudad-ni-ver-procesiones-1.webp 1600w\" sizes=\"(max-width: 768px) 100vw, 768px\" title=\"Semana Santa en Guatemala sin salir de la ciudad ni ver procesiones \u2013 SoyMigrante.com REVISTA\" \/>\t\t\t\t\t\t\t\t\t\t\t<figcaption class=\"widget-image-caption wp-caption-text\">Pareja en casa, relax y bienestar, ambiente familiar y c\u00f3modo con decoraci\u00f3n moderna y sencilla, momento de ocio y descanso en un espacio luminoso y tranquilo.<\/figcaption>\n\t\t\t\t\t\t\t\t\t\t<\/figure>\n\t\t\t\t\t\t\t\t\t<\/div>\n\t\t\t\t\t<\/div>\n\t\t\t\t<\/div>\n\t\t<div data-particle_enable=\"false\" data-particle-mobile-disabled=\"false\" class=\"elementor-element elementor-element-b4c040a e-flex e-con-boxed e-con e-parent\" data-id=\"b4c040a\" data-element_type=\"container\" data-e-type=\"container\">\n\t\t\t\t\t<div class=\"e-con-inner\">\n\t\t\t\t<div class=\"elementor-element elementor-element-40acc1e elementor-widget elementor-widget-heading\" data-id=\"40acc1e\" data-element_type=\"widget\" data-e-type=\"widget\" data-widget_type=\"heading.default\">\n\t\t\t\t\t<h3 class=\"elementor-heading-title elementor-size-default\">4. Actividades de relajaci\u00f3n o bienestar en casa<\/h3>\t\t\t\t<\/div>\n\t\t\t\t\t<\/div>\n\t\t\t\t<\/div>\n\t\t<div data-particle_enable=\"false\" data-particle-mobile-disabled=\"false\" class=\"elementor-element elementor-element-0fb6846 e-flex e-con-boxed e-con e-parent\" data-id=\"0fb6846\" data-element_type=\"container\" data-e-type=\"container\">\n\t\t\t\t\t<div class=\"e-con-inner\">\n\t\t\t\t<div class=\"elementor-element elementor-element-ac4067c elementor-widget elementor-widget-text-editor\" data-id=\"ac4067c\" data-element_type=\"widget\" data-e-type=\"widget\" data-widget_type=\"text-editor.default\">\n\t\t\t\t\t\t\t\t\t<p>Otra opci\u00f3n es transformar el hogar en un peque\u00f1o centro de bienestar: <a href=\"https:\/\/soymigrante.com\/revista\/las-comidas-de-semana-santa-en-guatemala-tradicion-y-sabor\/\" target=\"_blank\" rel=\"noopener\">sesiones de meditaci\u00f3n, yoga, lectura, journaling o simplemente descansar sin interrupciones.<\/a> Aprovechar estos d\u00edas para desconectarse de redes sociales y enfocarse en el descanso puede ser terap\u00e9utico.<\/p>\t\t\t\t\t\t\t\t<\/div>\n\t\t\t\t\t<\/div>\n\t\t\t\t<\/div>\n\t\t<div data-particle_enable=\"false\" data-particle-mobile-disabled=\"false\" class=\"elementor-element elementor-element-4427d9f e-flex e-con-boxed e-con e-parent\" data-id=\"4427d9f\" data-element_type=\"container\" data-e-type=\"container\">\n\t\t\t\t\t<div class=\"e-con-inner\">\n\t\t\t\t<div class=\"elementor-element elementor-element-c90b161 elementor-widget elementor-widget-heading\" data-id=\"c90b161\" data-element_type=\"widget\" data-e-type=\"widget\" data-widget_type=\"heading.default\">\n\t\t\t\t\t<h3 class=\"elementor-heading-title elementor-size-default\">5. Explorar parques y \u00e1reas verdes dentro de la ciudad<\/h3>\t\t\t\t<\/div>\n\t\t\t\t\t<\/div>\n\t\t\t\t<\/div>\n\t\t<div data-particle_enable=\"false\" data-particle-mobile-disabled=\"false\" class=\"elementor-element elementor-element-61b239b e-flex e-con-boxed e-con e-parent\" data-id=\"61b239b\" data-element_type=\"container\" data-e-type=\"container\">\n\t\t\t\t\t<div class=\"e-con-inner\">\n\t\t\t\t<div class=\"elementor-element elementor-element-7504a68 elementor-widget elementor-widget-text-editor\" data-id=\"7504a68\" data-element_type=\"widget\" data-e-type=\"widget\" data-widget_type=\"text-editor.default\">\n\t\t\t\t\t\t\t\t\t<p>Si se desea salir de casa, pero no de la ciudad, se pueden visitar espacios como el Parque Ecol\u00f3gico La Asunci\u00f3n, el Jard\u00edn Bot\u00e1nico, el Parque Naciones Unidas en el Cerro del Carmen, o la Laguna del Pino si se busca un poco m\u00e1s de contacto con la naturaleza sin viajar lejos. <a href=\"https:\/\/soymigrante.com\/revista\/las-comidas-de-semana-santa-en-guatemala-tradicion-y-sabor\/\" target=\"_blank\" rel=\"noopener\">Muchos de estos lugares est\u00e1n m\u00e1s tranquilos durante Semana Santa, especialmente durante las procesiones.<\/a><\/p>\t\t\t\t\t\t\t\t<\/div>\n\t\t\t\t\t<\/div>\n\t\t\t\t<\/div>\n\t\t<div data-particle_enable=\"false\" data-particle-mobile-disabled=\"false\" class=\"elementor-element elementor-element-02b9bd0 e-flex e-con-boxed e-con e-parent\" data-id=\"02b9bd0\" data-element_type=\"container\" data-e-type=\"container\">\n\t\t\t\t\t<div class=\"e-con-inner\">\n\t\t\t\t<div class=\"elementor-element elementor-element-5d16e83 elementor-widget elementor-widget-heading\" data-id=\"5d16e83\" data-element_type=\"widget\" data-e-type=\"widget\" data-widget_type=\"heading.default\">\n\t\t\t\t\t<h3 class=\"elementor-heading-title elementor-size-default\">6. Tiempo de reconexi\u00f3n personal o espiritual sin religi\u00f3n tradicional<\/h3>\t\t\t\t<\/div>\n\t\t\t\t\t<\/div>\n\t\t\t\t<\/div>\n\t\t<div data-particle_enable=\"false\" data-particle-mobile-disabled=\"false\" class=\"elementor-element elementor-element-da58995 e-flex e-con-boxed e-con e-parent\" data-id=\"da58995\" data-element_type=\"container\" data-e-type=\"container\">\n\t\t\t\t\t<div class=\"e-con-inner\">\n\t\t\t\t<div class=\"elementor-element elementor-element-8397f6d elementor-widget elementor-widget-text-editor\" data-id=\"8397f6d\" data-element_type=\"widget\" data-e-type=\"widget\" data-widget_type=\"text-editor.default\">\n\t\t\t\t\t\t\t\t\t<p><a href=\"https:\/\/soymigrante.com\/revista\/las-comidas-de-semana-santa-en-guatemala-tradicion-y-sabor\/\" target=\"_blank\" rel=\"noopener\">Semana Santa tambi\u00e9n puede ser un momento de introspecci\u00f3n personal.<\/a> Algunas personas aprovechan estos d\u00edas para escribir, pintar, planificar sus metas o simplemente reencontrarse con sus emociones. No es necesario asistir a templos o ritos si se desea vivir este tiempo de forma distinta pero significativa.<\/p>\t\t\t\t\t\t\t\t<\/div>\n\t\t\t\t\t<\/div>\n\t\t\t\t<\/div>\n\t\t<div data-particle_enable=\"false\" data-particle-mobile-disabled=\"false\" class=\"elementor-element elementor-element-5c06c92 e-flex e-con-boxed e-con e-parent\" data-id=\"5c06c92\" data-element_type=\"container\" data-e-type=\"container\">\n\t\t\t\t\t<div class=\"e-con-inner\">\n\t\t\t\t<div class=\"elementor-element elementor-element-5f52047 elementor-widget elementor-widget-image\" data-id=\"5f52047\" data-element_type=\"widget\" data-e-type=\"widget\" data-widget_type=\"image.default\">\n\t\t\t\t\t\t\t\t\t\t\t\t<figure class=\"wp-caption\">\n\t\t\t\t\t\t\t\t\t\t<img decoding=\"async\" width=\"683\" height=\"1024\" src=\"https:\/\/soymigrante.com\/revista\/wp-content\/uploads\/2025\/04\/Semana-Santa-en-Guatemala-sin-salir-de-la-ciudad-ni-ver-procesiones-3-683x1024.jpeg\" class=\"attachment-large size-large wp-image-30485\" alt=\"Personas viendo televisi\u00f3n en una sala de estar con un perro acostado en el sof\u00e1.\" srcset=\"https:\/\/soymigrante.com\/revista\/wp-content\/uploads\/2025\/04\/Semana-Santa-en-Guatemala-sin-salir-de-la-ciudad-ni-ver-procesiones-3-683x1024.jpeg 683w, https:\/\/soymigrante.com\/revista\/wp-content\/uploads\/2025\/04\/Semana-Santa-en-Guatemala-sin-salir-de-la-ciudad-ni-ver-procesiones-3-200x300.jpeg 200w, https:\/\/soymigrante.com\/revista\/wp-content\/uploads\/2025\/04\/Semana-Santa-en-Guatemala-sin-salir-de-la-ciudad-ni-ver-procesiones-3-768x1152.jpeg 768w, https:\/\/soymigrante.com\/revista\/wp-content\/uploads\/2025\/04\/Semana-Santa-en-Guatemala-sin-salir-de-la-ciudad-ni-ver-procesiones-3-1024x1536.jpeg 1024w, https:\/\/soymigrante.com\/revista\/wp-content\/uploads\/2025\/04\/Semana-Santa-en-Guatemala-sin-salir-de-la-ciudad-ni-ver-procesiones-3-750x1125.webp 750w, https:\/\/soymigrante.com\/revista\/wp-content\/uploads\/2025\/04\/Semana-Santa-en-Guatemala-sin-salir-de-la-ciudad-ni-ver-procesiones-3.webp 1067w\" sizes=\"(max-width: 683px) 100vw, 683px\" title=\"Semana Santa en Guatemala sin salir de la ciudad ni ver procesiones 3 \u2013 SoyMigrante.com REVISTA\" \/>\t\t\t\t\t\t\t\t\t\t\t<figcaption class=\"widget-image-caption wp-caption-text\">Im\u00e1genes de una sala acogedora donde un grupo de amigos disfruta viendo las noticias en un televisor con contenido actualizado y relevante para la comunidad migrante.<\/figcaption>\n\t\t\t\t\t\t\t\t\t\t<\/figure>\n\t\t\t\t\t\t\t\t\t<\/div>\n\t\t\t\t\t<\/div>\n\t\t\t\t<\/div>\n\t\t<div data-particle_enable=\"false\" data-particle-mobile-disabled=\"false\" class=\"elementor-element elementor-element-d7bf025 e-flex e-con-boxed e-con e-parent\" data-id=\"d7bf025\" data-element_type=\"container\" data-e-type=\"container\">\n\t\t\t\t\t<div class=\"e-con-inner\">\n\t\t\t\t<div class=\"elementor-element elementor-element-4ae616d elementor-widget elementor-widget-text-editor\" data-id=\"4ae616d\" data-element_type=\"widget\" data-e-type=\"widget\" data-widget_type=\"text-editor.default\">\n\t\t\t\t\t\t\t\t\t<p>Disfrutar la Semana Santa no implica necesariamente participar en procesiones o salir de la ciudad. Guatemala ofrece m\u00faltiples formas de vivir estos d\u00edas con calma, introspecci\u00f3n y bienestar.<\/p><p><a href=\"https:\/\/soymigrante.com\/revista\/las-comidas-de-semana-santa-en-guatemala-tradicion-y-sabor\/\" target=\"_blank\" rel=\"noopener\">Lo importante es encontrar lo que realmente aporta descanso y significado,<\/a> respetando las tradiciones, pero tambi\u00e9n abriendo espacio para otras maneras de vivir la espiritualidad y el descanso.<\/p>\t\t\t\t\t\t\t\t<\/div>\n\t\t\t\t\t<\/div>\n\t\t\t\t<\/div>\n\t\t<div data-particle_enable=\"false\" data-particle-mobile-disabled=\"false\" class=\"elementor-element elementor-element-fc6d600 e-flex e-con-boxed e-con e-parent\" data-id=\"fc6d600\" data-element_type=\"container\" data-e-type=\"container\">\n\t\t\t\t\t<div class=\"e-con-inner\">\n\t\t\t\t<div class=\"elementor-element elementor-element-e606490 elementor-widget elementor-widget-heading\" data-id=\"e606490\" data-element_type=\"widget\" data-e-type=\"widget\" data-widget_type=\"heading.default\">\n\t\t\t\t\t<h2 class=\"elementor-heading-title elementor-size-default\">Conoce m\u00e1s de la Semana Santa en Guatemala, ac\u00e1...<\/h2>\t\t\t\t<\/div>\n\t\t\t\t\t<\/div>\n\t\t\t\t<\/div>\n\t\t<div data-particle_enable=\"false\" data-particle-mobile-disabled=\"false\" class=\"elementor-element elementor-element-12e8b7f e-flex e-con-boxed e-con e-parent\" data-id=\"12e8b7f\" data-element_type=\"container\" data-e-type=\"container\">\n\t\t\t\t\t<div class=\"e-con-inner\">\n\t\t\t\t<div class=\"elementor-element elementor-element-6ce409a elementor-grid-eael-col-3 elementor-grid-tablet-eael-col-2 elementor-grid-mobile-eael-col-1 elementor-widget elementor-widget-eael-post-grid\" data-id=\"6ce409a\" data-element_type=\"widget\" data-e-type=\"widget\" data-settings=\"{&quot;eael_post_grid_columns&quot;:&quot;eael-col-3&quot;,&quot;eael_post_grid_columns_tablet&quot;:&quot;eael-col-2&quot;,&quot;eael_post_grid_columns_mobile&quot;:&quot;eael-col-1&quot;}\" data-widget_type=\"eael-post-grid.default\">\n\t\t\t\t\t<div id=\"eael-post-grid-6ce409a\" class=\"eael-post-grid-container\">\n            <div class=\"eael-post-grid eael-post-appender eael-post-appender-6ce409a eael-post-grid-style-one\" data-layout-mode=\"masonry\"><article class=\"eael-grid-post  eael-post-grid-column eael-pg-post-5562 category-guate-nuestra\" data-id=\"5562\">\n        <div class=\"eael-grid-post-holder\">\n            <div class=\"eael-grid-post-holder-inner\"><div class=\"eael-entry-media\"><div class=\"eael-entry-overlay fade-in\"><i class=\"far fa-hand-pointer\" aria-hidden=\"true\"><\/i><a href=\"https:\/\/soymigrante.com\/revista\/chapines-food-comida-guatemalteca-antojitos\/\"><\/a><\/div><div class=\"eael-entry-thumbnail \">\n                <img decoding=\"async\" width=\"1024\" height=\"456\" src=\"https:\/\/soymigrante.com\/revista\/wp-content\/uploads\/2024\/03\/comidas-guatemaltecas-para-semana-santa--1024x456.webp\" class=\"attachment-large size-large wp-image-5569\" alt=\"comidas guatemaltecas para semana santa\" srcset=\"https:\/\/soymigrante.com\/revista\/wp-content\/uploads\/2024\/03\/comidas-guatemaltecas-para-semana-santa--1024x456.webp 1024w, https:\/\/soymigrante.com\/revista\/wp-content\/uploads\/2024\/03\/comidas-guatemaltecas-para-semana-santa--300x134.webp 300w, https:\/\/soymigrante.com\/revista\/wp-content\/uploads\/2024\/03\/comidas-guatemaltecas-para-semana-santa--768x342.webp 768w, https:\/\/soymigrante.com\/revista\/wp-content\/uploads\/2024\/03\/comidas-guatemaltecas-para-semana-santa--750x334.webp 750w, https:\/\/soymigrante.com\/revista\/wp-content\/uploads\/2024\/03\/comidas-guatemaltecas-para-semana-santa-.webp 1141w\" sizes=\"(max-width: 1024px) 100vw, 1024px\" \/>\n            <\/div>\n        <\/div><div class=\"eael-entry-wrapper\"><header class=\"eael-entry-header\"><h2 class=\"eael-entry-title\"><a class=\"eael-grid-post-link\" href=\"https:\/\/soymigrante.com\/revista\/chapines-food-comida-guatemalteca-antojitos\/\" title=\"Antojitos guatemaltecos propios de Cuaresma y Semana Santa\">Antojitos guatemaltecos propios de Cuaresma y Semana Santa<\/a><\/h2><\/header><div class=\"eael-entry-content\">\n                        <div class=\"eael-grid-post-excerpt\"><a href=\"https:\/\/soymigrante.com\/revista\/chapines-food-comida-guatemalteca-antojitos\/\" class=\"eael-post-elements-readmore-btn\">CONOCE SU HISTORIA <\/a><\/div>\n                    <\/div><\/div><\/div>\n        <\/div>\n    <\/article><article class=\"eael-grid-post  eael-post-grid-column eael-pg-post-24353 category-guate-nuestra\" data-id=\"24353\">\n        <div class=\"eael-grid-post-holder\">\n            <div class=\"eael-grid-post-holder-inner\"><div class=\"eael-entry-media\"><div class=\"eael-entry-overlay fade-in\"><i class=\"far fa-hand-pointer\" aria-hidden=\"true\"><\/i><a href=\"https:\/\/soymigrante.com\/revista\/la-antigua-guatemala-florece-en-tradiciones-de-piedad-popular-en-cuaresma-y-semana-santa\/\"><\/a><\/div><div class=\"eael-entry-thumbnail \">\n                <img loading=\"lazy\" decoding=\"async\" width=\"1024\" height=\"683\" src=\"https:\/\/soymigrante.com\/revista\/wp-content\/uploads\/2025\/02\/procesion-3-1024x683.jpeg\" class=\"attachment-large size-large wp-image-24363\" alt=\"Im\u00e1genes de la celebraci\u00f3n navide\u00f1a en la ciudad de Puebla, con una impresionante decoraci\u00f3n en la fachada de un edificio hist\u00f3rico y figuras religiosas tradicionales iluminadas por la noche.\" srcset=\"https:\/\/soymigrante.com\/revista\/wp-content\/uploads\/2025\/02\/procesion-3-1024x683.jpeg 1024w, https:\/\/soymigrante.com\/revista\/wp-content\/uploads\/2025\/02\/procesion-3-300x200.jpeg 300w, https:\/\/soymigrante.com\/revista\/wp-content\/uploads\/2025\/02\/procesion-3-768x512.jpeg 768w, https:\/\/soymigrante.com\/revista\/wp-content\/uploads\/2025\/02\/procesion-3-1536x1024.jpeg 1536w, https:\/\/soymigrante.com\/revista\/wp-content\/uploads\/2025\/02\/procesion-3-750x500.webp 750w, https:\/\/soymigrante.com\/revista\/wp-content\/uploads\/2025\/02\/procesion-3-1140x760.webp 1140w, https:\/\/soymigrante.com\/revista\/wp-content\/uploads\/2025\/02\/procesion-3.webp 1620w\" sizes=\"(max-width: 1024px) 100vw, 1024px\" \/>\n            <\/div>\n        <\/div><div class=\"eael-entry-wrapper\"><header class=\"eael-entry-header\"><h2 class=\"eael-entry-title\"><a class=\"eael-grid-post-link\" href=\"https:\/\/soymigrante.com\/revista\/la-antigua-guatemala-florece-en-tradiciones-de-piedad-popular-en-cuaresma-y-semana-santa\/\" title=\"La Antigua Guatemala florece en tradiciones de piedad popular en Cuaresma y Semana Santa\">La Antigua Guatemala florece en tradiciones de piedad popular en Cuaresma y Semana Santa<\/a><\/h2><\/header><div class=\"eael-entry-content\">\n                        <div class=\"eael-grid-post-excerpt\"><a href=\"https:\/\/soymigrante.com\/revista\/la-antigua-guatemala-florece-en-tradiciones-de-piedad-popular-en-cuaresma-y-semana-santa\/\" class=\"eael-post-elements-readmore-btn\">CONOCE SU HISTORIA <\/a><\/div>\n                    <\/div><\/div><\/div>\n        <\/div>\n    <\/article><article class=\"eael-grid-post  eael-post-grid-column eael-pg-post-5615 category-bienestar\" data-id=\"5615\">\n        <div class=\"eael-grid-post-holder\">\n            <div class=\"eael-grid-post-holder-inner\"><div class=\"eael-entry-media\"><div class=\"eael-entry-overlay fade-in\"><i class=\"far fa-hand-pointer\" aria-hidden=\"true\"><\/i><a href=\"https:\/\/soymigrante.com\/revista\/dar-y-compartir-en-esta-semana-santa-y-mas-alla\/\"><\/a><\/div><div class=\"eael-entry-thumbnail \">\n                <img loading=\"lazy\" decoding=\"async\" width=\"1002\" height=\"700\" src=\"https:\/\/soymigrante.com\/revista\/wp-content\/uploads\/2024\/03\/Captura-de-pantalla-2024-03-25-132254.webp\" class=\"attachment-large size-large wp-image-5616\" alt=\"Consejos de salud f\u00edsica y espiritual para migrantes en Semana Santa. Foto de atardecer mujer en oraci\u00f3n\" srcset=\"https:\/\/soymigrante.com\/revista\/wp-content\/uploads\/2024\/03\/Captura-de-pantalla-2024-03-25-132254.webp 1002w, https:\/\/soymigrante.com\/revista\/wp-content\/uploads\/2024\/03\/Captura-de-pantalla-2024-03-25-132254-300x210.webp 300w, https:\/\/soymigrante.com\/revista\/wp-content\/uploads\/2024\/03\/Captura-de-pantalla-2024-03-25-132254-768x537.webp 768w, https:\/\/soymigrante.com\/revista\/wp-content\/uploads\/2024\/03\/Captura-de-pantalla-2024-03-25-132254-750x524.webp 750w\" sizes=\"(max-width: 1002px) 100vw, 1002px\" \/>\n            <\/div>\n        <\/div><div class=\"eael-entry-wrapper\"><header class=\"eael-entry-header\"><h2 class=\"eael-entry-title\"><a class=\"eael-grid-post-link\" href=\"https:\/\/soymigrante.com\/revista\/dar-y-compartir-en-esta-semana-santa-y-mas-alla\/\" title=\"Salud f\u00edsica y espiritual en esta Semana Santa y m\u00e1s all\u00e1\">Salud f\u00edsica y espiritual en esta Semana Santa y m\u00e1s all\u00e1<\/a><\/h2><\/header><div class=\"eael-entry-content\">\n                        <div class=\"eael-grid-post-excerpt\"><a href=\"https:\/\/soymigrante.com\/revista\/dar-y-compartir-en-esta-semana-santa-y-mas-alla\/\" class=\"eael-post-elements-readmore-btn\">CONOCE SU HISTORIA <\/a><\/div>\n                    <\/div><\/div><\/div>\n        <\/div>\n    <\/article><\/div>\n            <div class=\"clearfix\"><\/div>\n        <\/div>\t\t\t\t<\/div>\n\t\t\t\t\t<\/div>\n\t\t\t\t<\/div>\n\t\t\t\t<\/div>\n\t\t","protected":false},"excerpt":{"rendered":"<p>Semana Santa en Guatemala es una ocasi\u00f3n especial, pero hay personas que no les gusta salir de la ciudad y tampoco ver procesiones. La Semana Santa en Guatemala es sin\u00f3nimo de solemnidad, tradici\u00f3n y procesiones. Sin embargo, no todos disfrutan de las aglomeraciones, el incienso o los cortejos. Para quienes prefieren un ambiente m\u00e1s tranquilo [&hellip;]<\/p>\n","protected":false},"author":19,"featured_media":30479,"comment_status":"open","ping_status":"open","sticky":false,"template":"","format":"standard","meta":{"_acf_changed":false,"_eb_attr":"","footnotes":""},"categories":[55],"tags":[],"class_list":["post-30478","post","type-post","status-publish","format-standard","has-post-thumbnail","hentry","category-bienestar"],"acf":[],"aioseo_notices":[],"aioseo_head":"\n\t\t<!-- All in One SEO Pro 4.9.6.2 - aioseo.com -->\n\t<meta name=\"description\" content=\"La vida del migrante tiene aspiraciones y trabajos, dificultades y momentos en que se clama al cielo o se ayuda a alguien m\u00e1s. Esta Semana Santa puede ser para descubrir a Dios y ayudar a los dem\u00e1s a encontrarlo. Por Guillermo Delgado, fraile dominico, espcial para SoyMigrante.com En esta Semana Santa deseamos que todo lo\" \/>\n\t<meta name=\"robots\" content=\"max-snippet:-1, max-image-preview:large, max-video-preview:-1\" \/>\n\t<meta name=\"author\" content=\"Marysabel Aldana\"\/>\n\t<link rel=\"canonical\" href=\"https:\/\/soymigrante.com\/revista\/semana-santa-sin-salir-de-la-ciudad-ni-ver-procesiones\/\" \/>\n\t<meta name=\"generator\" content=\"All in One SEO Pro (AIOSEO) 4.9.6.2\" \/>\n\n\t\t<link rel=\"preconnect\" href=\"https:\/\/fonts.googleapis.com\" crossorigin>\n<link rel=\"preconnect\" href=\"https:\/\/fonts.gstatic.com\" crossorigin>\n\t\t<meta property=\"og:locale\" content=\"es_ES\" \/>\n\t\t<meta property=\"og:site_name\" content=\"SoyMigrante.com REVISTA \u2013 Nuestra misi\u00f3n es reconocer y dignificar al migrante.\" \/>\n\t\t<meta property=\"og:type\" content=\"article\" \/>\n\t\t<meta property=\"og:title\" content=\"\u00bfSemana Santa sin salir de la ciudad ni ver procesiones?\" \/>\n\t\t<meta property=\"og:description\" content=\"Semana Santa en Guatemala es una ocasi\u00f3n especial, pero hay personas que no les gusta salir de la ciudad y tampoco ver procesiones.\" \/>\n\t\t<meta property=\"og:url\" content=\"https:\/\/soymigrante.com\/revista\/semana-santa-sin-salir-de-la-ciudad-ni-ver-procesiones\/\" \/>\n\t\t<meta property=\"og:image\" content=\"https:\/\/soymigrante.com\/revista\/wp-content\/uploads\/2025\/04\/Semana-Santa-en-Guatemala-sin-salir-de-la-ciudad-ni-ver-procesiones-2-e1744225644489.webp\" \/>\n\t\t<meta property=\"og:image:secure_url\" content=\"https:\/\/soymigrante.com\/revista\/wp-content\/uploads\/2025\/04\/Semana-Santa-en-Guatemala-sin-salir-de-la-ciudad-ni-ver-procesiones-2-e1744225644489.webp\" \/>\n\t\t<meta property=\"og:image:width\" content=\"1200\" \/>\n\t\t<meta property=\"og:image:height\" content=\"1200\" \/>\n\t\t<meta property=\"article:published_time\" content=\"2025-04-13T19:57:30+00:00\" \/>\n\t\t<meta property=\"article:modified_time\" content=\"2025-04-17T06:35:09+00:00\" \/>\n\t\t<meta property=\"article:publisher\" content=\"https:\/\/www.facebook.com\/soymigrantecom\" \/>\n\t\t<meta name=\"twitter:card\" content=\"summary_large_image\" \/>\n\t\t<meta name=\"twitter:site\" content=\"@SoyMigrante_com\" \/>\n\t\t<meta name=\"twitter:title\" content=\"\u00bfSemana Santa sin salir de la ciudad ni ver procesiones?\" \/>\n\t\t<meta name=\"twitter:description\" content=\"Semana Santa en Guatemala es una ocasi\u00f3n especial, pero hay personas que no les gusta salir de la ciudad y tampoco ver procesiones.\" \/>\n\t\t<meta name=\"twitter:creator\" content=\"@SoyMigrante_com\" \/>\n\t\t<meta name=\"twitter:image\" content=\"https:\/\/soymigrante.com\/revista\/wp-content\/uploads\/2025\/04\/Semana-Santa-en-Guatemala-sin-salir-de-la-ciudad-ni-ver-procesiones-2-e1744225644489.webp\" \/>\n\t\t<!-- All in One SEO Pro -->\r\n\t\t<title>\u00bfSemana Santa sin salir de la ciudad ni ver procesiones?<\/title>\n\n","aioseo_head_json":{"title":"\u00bfSemana Santa sin salir de la ciudad ni ver procesiones?","description":"Semana Santa en Guatemala es una ocasi\u00f3n especial, pero hay personas que no les gusta salir de la ciudad y tampoco ver procesiones.","canonical_url":"https:\/\/soymigrante.com\/revista\/semana-santa-sin-salir-de-la-ciudad-ni-ver-procesiones\/","robots":"max-snippet:-1, max-image-preview:large, max-video-preview:-1","keywords":"","webmasterTools":{"miscellaneous":"&lt;link rel=\"preconnect\" href=\"https:\/\/fonts.googleapis.com\" crossorigin&gt;\n&lt;link rel=\"preconnect\" href=\"https:\/\/fonts.gstatic.com\" crossorigin&gt;"},"schema":null,"og:locale":"es_ES","og:site_name":"SoyMigrante.com REVISTA \u2013 Nuestra misi\u00f3n es reconocer y dignificar al migrante.","og:type":"article","og:title":"\u00bfSemana Santa sin salir de la ciudad ni ver procesiones?","og:description":"Semana Santa en Guatemala es una ocasi\u00f3n especial, pero hay personas que no les gusta salir de la ciudad y tampoco ver procesiones.","og:url":"https:\/\/soymigrante.com\/revista\/semana-santa-sin-salir-de-la-ciudad-ni-ver-procesiones\/","og:image":"https:\/\/soymigrante.com\/revista\/wp-content\/uploads\/2025\/04\/Semana-Santa-en-Guatemala-sin-salir-de-la-ciudad-ni-ver-procesiones-2-e1744225644489.webp","og:image:secure_url":"https:\/\/soymigrante.com\/revista\/wp-content\/uploads\/2025\/04\/Semana-Santa-en-Guatemala-sin-salir-de-la-ciudad-ni-ver-procesiones-2-e1744225644489.webp","og:image:width":1200,"og:image:height":1200,"article:published_time":"2025-04-13T19:57:30+00:00","article:modified_time":"2025-04-17T06:35:09+00:00","article:publisher":"https:\/\/www.facebook.com\/soymigrantecom","twitter:card":"summary_large_image","twitter:site":"@SoyMigrante_com","twitter:title":"\u00bfSemana Santa sin salir de la ciudad ni ver procesiones?","twitter:description":"Semana Santa en Guatemala es una ocasi\u00f3n especial, pero hay personas que no les gusta salir de la ciudad y tampoco ver procesiones.","twitter:creator":"@SoyMigrante_com","twitter:image":"https:\/\/soymigrante.com\/revista\/wp-content\/uploads\/2025\/04\/Semana-Santa-en-Guatemala-sin-salir-de-la-ciudad-ni-ver-procesiones-2-e1744225644489.webp"},"aioseo_meta_data":{"post_id":"30478","title":null,"description":"Semana Santa en Guatemala es una ocasi\u00f3n especial, pero hay personas que no les gusta salir de la ciudad y tampoco ver procesiones.","keywords":null,"keyphrases":{"focus":{"keyphrase":"Semana Santa","score":91,"analysis":{"keyphraseInTitle":{"score":9,"maxScore":9,"error":0},"keyphraseInDescription":{"score":9,"maxScore":9,"error":0},"keyphraseLength":{"score":9,"maxScore":9,"error":0,"length":2},"keyphraseInURL":{"score":5,"maxScore":5,"error":0},"keyphraseInIntroduction":{"score":9,"maxScore":9,"error":0},"keyphraseInSubHeadings":{"score":3,"maxScore":9,"error":1},"keyphraseInImageAlt":{"score":9,"maxScore":9,"error":0},"keywordDensity":{"type":"best","score":9,"maxScore":9,"error":0}}},"additional":[{"keyphrase":"Semana Santa","score":100,"analysis":{"keyphraseInDescription":{"score":9,"maxScore":9,"error":0},"keyphraseLength":{"score":9,"maxScore":9,"error":0,"length":2},"keyphraseInIntroduction":{"score":9,"maxScore":9,"error":0},"keyphraseInImageAlt":{"score":9,"maxScore":9,"error":0},"keywordDensity":{"type":"best","score":9,"maxScore":9,"error":0}}}]},"primary_term":null,"canonical_url":null,"og_title":null,"og_description":null,"og_object_type":"default","og_image_type":"default","og_image_url":null,"og_image_width":null,"og_image_height":null,"og_image_custom_url":null,"og_image_custom_fields":null,"og_video":"","og_custom_url":null,"og_article_section":null,"og_article_tags":null,"twitter_use_og":false,"twitter_card":"default","twitter_image_type":"default","twitter_image_url":null,"twitter_image_custom_url":null,"twitter_image_custom_fields":null,"twitter_title":null,"twitter_description":null,"schema":{"blockGraphs":[],"customGraphs":[],"default":{"data":{"Article":[],"Course":[],"Dataset":[],"FAQPage":[],"Movie":[],"Person":[],"Product":[],"ProductReview":[],"Car":[],"Recipe":[],"Service":[],"SoftwareApplication":[],"WebPage":[]},"graphName":"none","isEnabled":true},"graphs":[]},"schema_type":"default","schema_type_options":null,"pillar_content":false,"robots_default":true,"robots_noindex":false,"robots_noarchive":false,"robots_nosnippet":false,"robots_nofollow":false,"robots_noimageindex":false,"robots_noodp":false,"robots_notranslate":false,"robots_max_snippet":"-1","robots_max_videopreview":"-1","robots_max_imagepreview":"large","priority":null,"frequency":"default","local_seo":null,"seo_analyzer_scan_date":"2025-10-09 04:18:33","breadcrumb_settings":null,"limit_modified_date":false,"reviewed_by":null,"open_ai":"{\"title\":{\"suggestions\":[],\"usage\":0},\"description\":{\"suggestions\":[],\"usage\":0}}","ai":null,"created":"2025-04-09 18:51:31","updated":"2026-02-04 22:58:20"},"aioseo_breadcrumb":"<div class=\"aioseo-breadcrumbs\"><span class=\"aioseo-breadcrumb\">\n\t<a href=\"https:\/\/soymigrante.com\/revista\" title=\"Home\">Home<\/a>\n<\/span><span class=\"aioseo-breadcrumb-separator\">\u00bb<\/span><span class=\"aioseo-breadcrumb\">\n\t<a href=\"https:\/\/soymigrante.com\/revista\/category\/bienestar\/\" title=\"Bienestar\">Bienestar<\/a>\n<\/span><span class=\"aioseo-breadcrumb-separator\">\u00bb<\/span><span class=\"aioseo-breadcrumb\">\n\t\u00bfSemana Santa sin salir de la ciudad ni ver procesiones?\n<\/span><\/div>","aioseo_breadcrumb_json":[{"label":"Home","link":"https:\/\/soymigrante.com\/revista"},{"label":"Bienestar","link":"https:\/\/soymigrante.com\/revista\/category\/bienestar\/"},{"label":"\u00bfSemana Santa sin salir de la ciudad ni ver procesiones?","link":"https:\/\/soymigrante.com\/revista\/semana-santa-sin-salir-de-la-ciudad-ni-ver-procesiones\/"}],"_links":{"self":[{"href":"https:\/\/soymigrante.com\/revista\/wp-json\/wp\/v2\/posts\/30478","targetHints":{"allow":["GET"]}}],"collection":[{"href":"https:\/\/soymigrante.com\/revista\/wp-json\/wp\/v2\/posts"}],"about":[{"href":"https:\/\/soymigrante.com\/revista\/wp-json\/wp\/v2\/types\/post"}],"author":[{"embeddable":true,"href":"https:\/\/soymigrante.com\/revista\/wp-json\/wp\/v2\/users\/19"}],"replies":[{"embeddable":true,"href":"https:\/\/soymigrante.com\/revista\/wp-json\/wp\/v2\/comments?post=30478"}],"version-history":[{"count":1,"href":"https:\/\/soymigrante.com\/revista\/wp-json\/wp\/v2\/posts\/30478\/revisions"}],"predecessor-version":[{"id":31336,"href":"https:\/\/soymigrante.com\/revista\/wp-json\/wp\/v2\/posts\/30478\/revisions\/31336"}],"wp:featuredmedia":[{"embeddable":true,"href":"https:\/\/soymigrante.com\/revista\/wp-json\/wp\/v2\/media\/30479"}],"wp:attachment":[{"href":"https:\/\/soymigrante.com\/revista\/wp-json\/wp\/v2\/media?parent=30478"}],"wp:term":[{"taxonomy":"category","embeddable":true,"href":"https:\/\/soymigrante.com\/revista\/wp-json\/wp\/v2\/categories?post=30478"},{"taxonomy":"post_tag","embeddable":true,"href":"https:\/\/soymigrante.com\/revista\/wp-json\/wp\/v2\/tags?post=30478"}],"curies":[{"name":"wp","href":"https:\/\/api.w.org\/{rel}","templated":true}]}}