{"id":30434,"date":"2025-04-09T12:04:56","date_gmt":"2025-04-09T18:04:56","guid":{"rendered":"https:\/\/soymigrante.com\/revista\/?p=30434"},"modified":"2025-10-03T14:49:42","modified_gmt":"2025-10-03T20:49:42","slug":"alex-jalapa-convierte-muros-en-caminos-y-la-pintura-spray-en-mundos-nuevos","status":"publish","type":"post","link":"https:\/\/soymigrante.com\/revista\/alex-jalapa-convierte-muros-en-caminos-y-la-pintura-spray-en-mundos-nuevos\/","title":{"rendered":"Alex Jalapa convierte muros en caminos y  spray en coloridos mundos, en Florida"},"content":{"rendered":"\t\t<div data-elementor-type=\"wp-post\" data-elementor-id=\"30434\" class=\"elementor elementor-30434\" data-elementor-post-type=\"post\">\n\t\t\t\t<div data-particle_enable=\"false\" data-particle-mobile-disabled=\"false\" class=\"elementor-element elementor-element-895db57 e-flex e-con-boxed e-con e-parent\" data-id=\"895db57\" data-element_type=\"container\" data-e-type=\"container\">\n\t\t\t\t\t<div class=\"e-con-inner\">\n\t\t\t\t<div class=\"elementor-element elementor-element-21c6305 elementor-widget elementor-widget-heading\" data-id=\"21c6305\" data-element_type=\"widget\" data-e-type=\"widget\" data-widget_type=\"heading.default\">\n\t\t\t\t\t<h2 class=\"elementor-heading-title elementor-size-default\"><span style=\"font-size: 31.2px\">Desde los d\u00edas en que dibujaba con carbones sobre papel reciclado en su natal Jalapa, Guatemala,  el artista Alex Cruz sabe convertir las barreras en desaf\u00edos de superaci\u00f3n. Actualmente en Florida, plasma m\u00faltiples temas con spray en toda superficie.<\/span><\/h2>\t\t\t\t<\/div>\n\t\t\t\t<div class=\"elementor-element elementor-element-3879a50 elementor-widget elementor-widget-html\" data-id=\"3879a50\" data-element_type=\"widget\" data-e-type=\"widget\" data-widget_type=\"html.default\">\n\t\t\t\t\t <div id=\"buzzsprout-player-16949402\"><\/div><script src=\"https:\/\/www.buzzsprout.com\/2444168\/episodes\/16949402-artista-alex-jalapa-sorprende-con-spray-y-creatividad-en-estados-unidos.js?container_id=buzzsprout-player-16949402&player=small\" type=\"text\/javascript\" charset=\"utf-8\"><\/script>\t\t\t\t<\/div>\n\t\t\t\t\t<\/div>\n\t\t\t\t<\/div>\n\t\t<div data-particle_enable=\"false\" data-particle-mobile-disabled=\"false\" class=\"elementor-element elementor-element-64c6a3f e-flex e-con-boxed e-con e-parent\" data-id=\"64c6a3f\" data-element_type=\"container\" data-e-type=\"container\">\n\t\t\t\t\t<div class=\"e-con-inner\">\n\t\t\t\t<div class=\"elementor-element elementor-element-5c9391a elementor-widget elementor-widget-text-editor\" data-id=\"5c9391a\" data-element_type=\"widget\" data-e-type=\"widget\" data-widget_type=\"text-editor.default\">\n\t\t\t\t\t\t\t\t\t<p>La historia del artista Alex Jalapa es una constante transformaci\u00f3n de obst\u00e1culos y limitaciones en impulsos creativos y creatividad ilimitada. Su nombre es Alex Cruz, pero con su nombre art\u00edstico identifica y se enorgullece de su lugar de origen, Jalapa, Guatemala, donde naci\u00f3 su pasi\u00f3n por el arte visual, con el apoyo de su mam\u00e1, Rita El\u00edas, cuando solo ten\u00eda 7 a\u00f1os.\u00a0<\/p><p>&#8220;Mi mam\u00e1 iba a una panader\u00eda a pedir las bolsas de papel de los sacos de harina, las recortaba en pliegos grandes, me daba carbones que usaba para cocinar y me dec\u00eda: Dibuje m&#8217;ijo, aproveche su tiempo\u201d.<\/p><p>Lamentablemente su mam\u00e1 muri\u00f3 cuando\u00a0Alex\u00a0 ten\u00eda 8 a\u00f1os. Entonces era su abuelo paterno le anim\u00f3 a cultivar su talento. &#8220;En una ocasi\u00f3n me consigui\u00f3 tres botes de pintura de aceite, yo hice un drag\u00f3n en una pared de la casa. Cuando llegu\u00e9 mi pap\u00e1 se puso furioso. Pero no borr\u00f3 el drag\u00f3n&#8221;, relata el artista. Y hay una an\u00e9cdota de drag\u00f3n,\u00a0 ya como migrante en Estados Unidos.<\/p><p>As\u00ed que estas son unas pinceladas de la historia del artista migrante guatemalteco Alex Jalapa, quien actualmente reside en Florida.\u00a0El video a continuaci\u00f3n es una participaci\u00f3n art\u00edstica de Alex Jalapa durante un festival ind\u00edgena Pow Wow, en este 2025, ejecutando una de sus pinturas sobre un tambor.<\/p>\t\t\t\t\t\t\t\t<\/div>\n\t\t\t\t\t<\/div>\n\t\t\t\t<\/div>\n\t\t<div data-particle_enable=\"false\" data-particle-mobile-disabled=\"false\" class=\"elementor-element elementor-element-622579e e-flex e-con-boxed e-con e-parent\" data-id=\"622579e\" data-element_type=\"container\" data-e-type=\"container\">\n\t\t\t\t\t<div class=\"e-con-inner\">\n\t\t\t\t<div class=\"elementor-element elementor-element-7d80274 elementor-widget elementor-widget-video\" data-id=\"7d80274\" data-element_type=\"widget\" data-e-type=\"widget\" data-settings=\"{&quot;video_type&quot;:&quot;hosted&quot;,&quot;controls&quot;:&quot;yes&quot;}\" data-widget_type=\"video.default\">\n\t\t\t\t\t\t\t<div class=\"e-hosted-video elementor-wrapper elementor-open-inline\">\n\t\t\t\t\t<video class=\"elementor-video\" src=\"https:\/\/soymigrante.com\/revista\/wp-content\/uploads\/2025\/04\/alex-jalapa-video.mp4\" controls=\"\" preload=\"metadata\" controlsList=\"nodownload\"><\/video>\n\t\t\t\t<\/div>\n\t\t\t\t\t\t<\/div>\n\t\t\t\t\t<\/div>\n\t\t\t\t<\/div>\n\t\t<div data-particle_enable=\"false\" data-particle-mobile-disabled=\"false\" class=\"elementor-element elementor-element-cd63d83 e-flex e-con-boxed e-con e-parent\" data-id=\"cd63d83\" data-element_type=\"container\" data-e-type=\"container\">\n\t\t\t\t\t<div class=\"e-con-inner\">\n\t\t\t\t<div class=\"elementor-element elementor-element-2d1df78 elementor-widget elementor-widget-heading\" data-id=\"2d1df78\" data-element_type=\"widget\" data-e-type=\"widget\" data-widget_type=\"heading.default\">\n\t\t\t\t\t<h3 class=\"elementor-heading-title elementor-size-default\">Convierte barreras en desaf\u00edos<\/h3>\t\t\t\t<\/div>\n\t\t\t\t\t<\/div>\n\t\t\t\t<\/div>\n\t\t<div data-particle_enable=\"false\" data-particle-mobile-disabled=\"false\" class=\"elementor-element elementor-element-fe9ff34 e-flex e-con-boxed e-con e-parent\" data-id=\"fe9ff34\" data-element_type=\"container\" data-e-type=\"container\">\n\t\t\t\t\t<div class=\"e-con-inner\">\n\t\t\t\t<div class=\"elementor-element elementor-element-8f6d64f elementor-widget elementor-widget-text-editor\" data-id=\"8f6d64f\" data-element_type=\"widget\" data-e-type=\"widget\" data-widget_type=\"text-editor.default\">\n\t\t\t\t\t\t\t\t\t<p>De ni\u00f1o, Alex no siempre encontr\u00f3 apoyo a pesar de su talento.\u00a0 Incluso quienes deb\u00edan cultivar su habilidad no necesariamente lo hac\u00edan. Estudi\u00f3 en un instituto estatal de Jalapa y en una ocasi\u00f3n llev\u00f3 un dibujo\u00a0 elaborado para una tarea. &#8220;Me qued\u00f3 muy bonito por la habilidad que ten\u00eda. Pero la maestra me dijo con tono despectivo: &#8220;\u00a1No creo que hay\u00e1s hecho este dibujo! Aqu\u00ed en Jalapa no hay artistas. Y vos con la planta que traes, nunca vas a lograr ser un artista.\u201d\u00a0<\/p><p>Aquella cr\u00edtica injustificada y cruel se convirti\u00f3 en un reto: \u201cLejos de desmotivarme, me impuls\u00f3 a demostrar que s\u00ed era un artista\u201d, dice Alex. Vend\u00eda sus dibujos a compa\u00f1eros por 2 quetzales 50 centavos. A los 16 a\u00f1os empez\u00f3 a pintar r\u00f3tulos y dibujos en negocios locales con brocha y pinceles. Hab\u00eda aprendido el oficio de electricista y lo efectu\u00f3 alg\u00fan tiempo. &#8220;Pero con la pintura empec\u00e9 a ganar m\u00e1s que de electricista y con menos tiempo, haciendo algo que me gustaba&#8221;.<\/p>\t\t\t\t\t\t\t\t<\/div>\n\t\t\t\t\t<\/div>\n\t\t\t\t<\/div>\n\t\t<div data-particle_enable=\"false\" data-particle-mobile-disabled=\"false\" class=\"elementor-element elementor-element-9e0d0f7 e-flex e-con-boxed e-con e-parent\" data-id=\"9e0d0f7\" data-element_type=\"container\" data-e-type=\"container\">\n\t\t\t\t\t<div class=\"e-con-inner\">\n\t\t\t\t<div class=\"elementor-element elementor-element-872d785 elementor-widget elementor-widget-image\" data-id=\"872d785\" data-element_type=\"widget\" data-e-type=\"widget\" data-widget_type=\"image.default\">\n\t\t\t\t\t\t\t\t\t\t\t\t<figure class=\"wp-caption\">\n\t\t\t\t\t\t\t\t\t\t<img fetchpriority=\"high\" decoding=\"async\" width=\"1024\" height=\"504\" src=\"https:\/\/soymigrante.com\/revista\/wp-content\/uploads\/2025\/04\/pow-wow-alex-jalapa-1024x504.jpg\" class=\"attachment-large size-large wp-image-30443\" alt=\"Tradicionales ind\u00edgenas en exhibici\u00f3n en la revista SoyMigrante.com, resaltando cultura, arte y comunidades migrantes en eventos con artistas y muralistas profesionales.\" srcset=\"https:\/\/soymigrante.com\/revista\/wp-content\/uploads\/2025\/04\/pow-wow-alex-jalapa-1024x504.jpg 1024w, https:\/\/soymigrante.com\/revista\/wp-content\/uploads\/2025\/04\/pow-wow-alex-jalapa-300x148.jpg 300w, https:\/\/soymigrante.com\/revista\/wp-content\/uploads\/2025\/04\/pow-wow-alex-jalapa-768x378.jpg 768w, https:\/\/soymigrante.com\/revista\/wp-content\/uploads\/2025\/04\/pow-wow-alex-jalapa-1536x757.jpg 1536w, https:\/\/soymigrante.com\/revista\/wp-content\/uploads\/2025\/04\/pow-wow-alex-jalapa-750x369.webp 750w, https:\/\/soymigrante.com\/revista\/wp-content\/uploads\/2025\/04\/pow-wow-alex-jalapa-1140x561.webp 1140w, https:\/\/soymigrante.com\/revista\/wp-content\/uploads\/2025\/04\/pow-wow-alex-jalapa.webp 1870w\" sizes=\"(max-width: 1024px) 100vw, 1024px\" title=\"A trav\u00e9s del arte y tem\u00e1ticas m\u00edsticas, as\u00ed como el respeto a todas las culturas prehisp\u00e1nicas y prebrit\u00e1nicas Alex Jalapa es invitado frecuente a los festivales ind\u00edgenas Pow Wow, en donde crea pinturas a la vista y al gusto del p\u00fablico. (Foto cortes\u00eda Alex Jalapa) \u2013 SoyMigrante.com REVISTA\" \/>\t\t\t\t\t\t\t\t\t\t\t<figcaption class=\"widget-image-caption wp-caption-text\">Imagen de ind\u00edgenas en feria cultural, mostrando indumentaria tradicional y arte.<\/figcaption>\n\t\t\t\t\t\t\t\t\t\t<\/figure>\n\t\t\t\t\t\t\t\t\t<\/div>\n\t\t\t\t\t<\/div>\n\t\t\t\t<\/div>\n\t\t<div data-particle_enable=\"false\" data-particle-mobile-disabled=\"false\" class=\"elementor-element elementor-element-627821f e-flex e-con-boxed e-con e-parent\" data-id=\"627821f\" data-element_type=\"container\" data-e-type=\"container\">\n\t\t\t\t\t<div class=\"e-con-inner\">\n\t\t\t\t<div class=\"elementor-element elementor-element-7fcd61b elementor-widget elementor-widget-heading\" data-id=\"7fcd61b\" data-element_type=\"widget\" data-e-type=\"widget\" data-widget_type=\"heading.default\">\n\t\t\t\t\t<h3 class=\"elementor-heading-title elementor-size-default\">Descubre el spray y el fuego <\/h3>\t\t\t\t<\/div>\n\t\t\t\t\t<\/div>\n\t\t\t\t<\/div>\n\t\t<div data-particle_enable=\"false\" data-particle-mobile-disabled=\"false\" class=\"elementor-element elementor-element-e464df3 e-flex e-con-boxed e-con e-parent\" data-id=\"e464df3\" data-element_type=\"container\" data-e-type=\"container\">\n\t\t\t\t\t<div class=\"e-con-inner\">\n\t\t\t\t<div class=\"elementor-element elementor-element-35efd1e elementor-widget elementor-widget-text-editor\" data-id=\"35efd1e\" data-element_type=\"widget\" data-e-type=\"widget\" data-widget_type=\"text-editor.default\">\n\t\t\t\t\t\t\t\t\t<p>Comenz\u00f3 a estudiar las carreras de Arquitectura y Dise\u00f1o Gr\u00e1fico en la universidad de San Carlos. Diversos factores impidieron completarlas. Eso s\u00ed, all\u00ed fue donde naci\u00f3 lo de Alex Jalapa, pues para diferenciarlo de otros estudiantes, profesores y compa\u00f1eros le llamaban \u00a1Jalapa!, por su lugar de nacimiento.<\/p><p>Alex fue a M\u00e9xico, donde empez\u00f3 a cultivar el muralismo y, sobre todo, descubri\u00f3 la t\u00e9cnica de pintura con spray en las calles de esa ciudad. \u201cLo que pintas con brocha en medio d\u00eda, con spray lo haces en media hora. Esa t\u00e9cnica es llamada Zadotgraf\u00eda, por el nombre de su inventor, Rub\u00e9n Zadot&#8221;, cuenta.<\/p><p>Y esa t\u00e9cnica se convirti\u00f3 en un camino que lo llev\u00f3 de vuelta a destacar en Guatemala: pintaba en plazas y parques, ferias, conciertos y calles, donde hubiera p\u00fablico. El arte lo llev\u00f3 por Francia, Portugal, Espa\u00f1a y posteriormente a Estados Unidos. Actualmente Alex vive en Florida, pero primero estuvo en Minnesota. Casi desde su llegada conoci\u00f3 los\u00a0 festivales ind\u00edgenas PowWow y eventos de la comunidad hispana y guatemalteca, en ferias e instituciones de muchos Estados.\u00a0<\/p><p>&#8220;La pintura en spray sorprende porque se realiza a la vista del p\u00fablico, es un espect\u00e1culo que finaliza con una obra. A la gente siempre le encanta el momento en que se usa fuego para secarla&#8221;, agrega con entusiasmo.<\/p>\t\t\t\t\t\t\t\t<\/div>\n\t\t\t\t\t<\/div>\n\t\t\t\t<\/div>\n\t\t<div data-particle_enable=\"false\" data-particle-mobile-disabled=\"false\" class=\"elementor-element elementor-element-803ddd9 e-flex e-con-boxed e-con e-parent\" data-id=\"803ddd9\" data-element_type=\"container\" data-e-type=\"container\">\n\t\t\t\t\t<div class=\"e-con-inner\">\n\t\t\t\t<div class=\"elementor-element elementor-element-dd54e9f elementor-arrows-position-inside elementor-pagination-position-outside elementor-widget elementor-widget-image-carousel\" data-id=\"dd54e9f\" data-element_type=\"widget\" data-e-type=\"widget\" data-settings=\"{&quot;slides_to_show&quot;:&quot;1&quot;,&quot;navigation&quot;:&quot;both&quot;,&quot;autoplay&quot;:&quot;yes&quot;,&quot;pause_on_hover&quot;:&quot;yes&quot;,&quot;pause_on_interaction&quot;:&quot;yes&quot;,&quot;autoplay_speed&quot;:5000,&quot;infinite&quot;:&quot;yes&quot;,&quot;effect&quot;:&quot;slide&quot;,&quot;speed&quot;:500}\" data-widget_type=\"image-carousel.default\">\n\t\t\t\t\t\t\t<div class=\"elementor-image-carousel-wrapper swiper\" role=\"region\" aria-roledescription=\"carousel\" aria-label=\"Carrusel de im\u00e1genes\" dir=\"ltr\">\n\t\t\t<div class=\"elementor-image-carousel swiper-wrapper\" aria-live=\"off\">\n\t\t\t\t\t\t\t\t<div class=\"swiper-slide\" role=\"group\" aria-roledescription=\"slide\" aria-label=\"1 de 6\"><figure class=\"swiper-slide-inner\"><img decoding=\"async\" class=\"swiper-slide-image\" src=\"https:\/\/soymigrante.com\/revista\/wp-content\/uploads\/2025\/04\/alex-jalapa-2.webp\" alt=\"SoyMigrante.com REVISTA arte mural cultura migrante y arte urbano en comunidad migrante en Estados Unidos.\" \/><\/figure><\/div><div class=\"swiper-slide\" role=\"group\" aria-roledescription=\"slide\" aria-label=\"2 de 6\"><figure class=\"swiper-slide-inner\"><img decoding=\"async\" class=\"swiper-slide-image\" src=\"https:\/\/soymigrante.com\/revista\/wp-content\/uploads\/2025\/04\/alex-jalapa-pinturas-18.webp\" alt=\"Colorful mural of a woman&#039;s face with flowers on transportation vehicle, promoting diversity and cultural expression, featuring vibrant street art in urban environments.\" \/><\/figure><\/div><div class=\"swiper-slide\" role=\"group\" aria-roledescription=\"slide\" aria-label=\"3 de 6\"><figure class=\"swiper-slide-inner\"><img decoding=\"async\" class=\"swiper-slide-image\" src=\"https:\/\/soymigrante.com\/revista\/wp-content\/uploads\/2025\/04\/alex-jalapa-pinturas-15-1024x577.jpg\" alt=\"Esquina art\u00edstica con exposiciones de arte ind\u00edgena y muralismo en SoyMigrante.com REVISTA, destacando cultura, arte y migrantes en M\u00e9xico.\" \/><\/figure><\/div><div class=\"swiper-slide\" role=\"group\" aria-roledescription=\"slide\" aria-label=\"4 de 6\"><figure class=\"swiper-slide-inner\"><img decoding=\"async\" class=\"swiper-slide-image\" src=\"https:\/\/soymigrante.com\/revista\/wp-content\/uploads\/2025\/04\/alex-jalapa-pinturas-13-1024x618.jpg\" alt=\"Colorido grupo de artistas guatemaltecos mostrando su arte en un evento cultural, destacando pintura y arte callejero en una exposici\u00f3n al aire libre.\" \/><\/figure><\/div><div class=\"swiper-slide\" role=\"group\" aria-roledescription=\"slide\" aria-label=\"5 de 6\"><figure class=\"swiper-slide-inner\"><img decoding=\"async\" class=\"swiper-slide-image\" src=\"https:\/\/soymigrante.com\/revista\/wp-content\/uploads\/2025\/04\/alex-jalapa-pinturas-11-1024x462.jpg\" alt=\"Homenaje art\u00edstico en un parque con pintura de paisajes y naturaleza, personas felices mostrando obra art\u00edstica, evento cultural y art\u00edstico, arte en exteriores, arte rural, artistas y comunidad.\" \/><\/figure><\/div><div class=\"swiper-slide\" role=\"group\" aria-roledescription=\"slide\" aria-label=\"6 de 6\"><figure class=\"swiper-slide-inner\"><img decoding=\"async\" class=\"swiper-slide-image\" src=\"https:\/\/soymigrante.com\/revista\/wp-content\/uploads\/2025\/04\/alex-jalapa-pinturas-7-1024x577.jpg\" alt=\"Colores vibrantes en pintura art\u00edstica de la cultura ind\u00edgena y la naturaleza, destacando escenas con paisajes, animales y elementos tradicionales para revista SoyMigrante.com REVISTA.\" \/><\/figure><\/div>\t\t\t<\/div>\n\t\t\t\t\t\t\t\t\t\t\t\t<div class=\"elementor-swiper-button elementor-swiper-button-prev\" role=\"button\" tabindex=\"0\">\n\t\t\t\t\t\t<i aria-hidden=\"true\" class=\"eicon-chevron-left\"><\/i>\t\t\t\t\t<\/div>\n\t\t\t\t\t<div class=\"elementor-swiper-button elementor-swiper-button-next\" role=\"button\" tabindex=\"0\">\n\t\t\t\t\t\t<i aria-hidden=\"true\" class=\"eicon-chevron-right\"><\/i>\t\t\t\t\t<\/div>\n\t\t\t\t\n\t\t\t\t\t\t\t\t\t<div class=\"swiper-pagination\"><\/div>\n\t\t\t\t\t\t\t\t\t<\/div>\n\t\t\t\t\t\t<\/div>\n\t\t\t\t\t<\/div>\n\t\t\t\t<\/div>\n\t\t<div data-particle_enable=\"false\" data-particle-mobile-disabled=\"false\" class=\"elementor-element elementor-element-f77eb69 e-flex e-con-boxed e-con e-parent\" data-id=\"f77eb69\" data-element_type=\"container\" data-e-type=\"container\">\n\t\t\t\t\t<div class=\"e-con-inner\">\n\t\t\t\t<div class=\"elementor-element elementor-element-67e65bd elementor-widget elementor-widget-heading\" data-id=\"67e65bd\" data-element_type=\"widget\" data-e-type=\"widget\" data-widget_type=\"heading.default\">\n\t\t\t\t\t<h3 class=\"elementor-heading-title elementor-size-default\">Creatividad migrante en Estados Unidos<\/h3>\t\t\t\t<\/div>\n\t\t\t\t\t<\/div>\n\t\t\t\t<\/div>\n\t\t<div data-particle_enable=\"false\" data-particle-mobile-disabled=\"false\" class=\"elementor-element elementor-element-bf16ec6 e-flex e-con-boxed e-con e-parent\" data-id=\"bf16ec6\" data-element_type=\"container\" data-e-type=\"container\">\n\t\t\t\t\t<div class=\"e-con-inner\">\n\t\t\t\t<div class=\"elementor-element elementor-element-8da26df elementor-widget elementor-widget-text-editor\" data-id=\"8da26df\" data-element_type=\"widget\" data-e-type=\"widget\" data-widget_type=\"text-editor.default\">\n\t\t\t\t\t\t\t\t\t<p>Alex lleg\u00f3 a Minnesota en 2016. El clima limitaba su trabajo solo a la \u00e9poca de primavera y verano, pero fue un \u00e9xito.\u00a0 \u201cAqu\u00ed el spray fue un boom, porque nadie lo hab\u00eda visto pintar en vivo&#8221;, refiere.<\/p><p>Al poco tiempo de llegar le pidieron una obra para la Gala Latina en Minneapolis. \u201cRepresentaba el esfuerzo y la cultura latinoamericana. En el centro puse la bandera wiphala, que representa a los pueblos originarios y otros elementos de latinoam\u00e9rica.\u201d La obra gust\u00f3 tanto que el c\u00f3nsul de M\u00e9xico pidi\u00f3 exhibirla permanentemente en el vest\u00edbulo.<\/p>\t\t\t\t\t\t\t\t<\/div>\n\t\t\t\t\t<\/div>\n\t\t\t\t<\/div>\n\t\t<div data-particle_enable=\"false\" data-particle-mobile-disabled=\"false\" class=\"elementor-element elementor-element-a9d89c8 e-flex e-con-boxed e-con e-parent\" data-id=\"a9d89c8\" data-element_type=\"container\" data-e-type=\"container\">\n\t\t\t\t\t<div class=\"e-con-inner\">\n\t\t\t\t<div class=\"elementor-element elementor-element-0b1b208 elementor-widget elementor-widget-image\" data-id=\"0b1b208\" data-element_type=\"widget\" data-e-type=\"widget\" data-widget_type=\"image.default\">\n\t\t\t\t\t\t\t\t\t\t\t\t<figure class=\"wp-caption\">\n\t\t\t\t\t\t\t\t\t\t<img decoding=\"async\" width=\"1024\" height=\"939\" src=\"https:\/\/soymigrante.com\/revista\/wp-content\/uploads\/2025\/04\/alex-jalapa-pinturas-3-1-1024x939.jpg\" class=\"attachment-large size-large wp-image-30460\" alt=\"Traductor de la imagen:.\" srcset=\"https:\/\/soymigrante.com\/revista\/wp-content\/uploads\/2025\/04\/alex-jalapa-pinturas-3-1-1024x939.jpg 1024w, https:\/\/soymigrante.com\/revista\/wp-content\/uploads\/2025\/04\/alex-jalapa-pinturas-3-1-300x275.jpg 300w, https:\/\/soymigrante.com\/revista\/wp-content\/uploads\/2025\/04\/alex-jalapa-pinturas-3-1-768x704.jpg 768w, https:\/\/soymigrante.com\/revista\/wp-content\/uploads\/2025\/04\/alex-jalapa-pinturas-3-1-750x688.webp 750w, https:\/\/soymigrante.com\/revista\/wp-content\/uploads\/2025\/04\/alex-jalapa-pinturas-3-1.webp 1080w\" sizes=\"(max-width: 1024px) 100vw, 1024px\" title=\"Esta fue la pintura que, literalmente, le abri\u00f3 las primeras puertas a Alex Jalapa en Minnesota en 2016: fue para una actividad que un\u00eda a pueblos hispanos e ind\u00edgenas. La obra a\u00fan sigue en exhibici\u00f3n en el consulado de M\u00e9xico  de dicho Estado. (Foto cortes\u00eda Alex Jalapa) \u2013 SoyMigrante.com REVISTA\" \/>\t\t\t\t\t\t\t\t\t\t\t<figcaption class=\"widget-image-caption wp-caption-text\">1. Retrato de un hombre con traje oscuro y corbata, posando junto a una colorida obra de arte en un marco dorado, en un entorno interior con paredes de madera.<\/figcaption>\n\t\t\t\t\t\t\t\t\t\t<\/figure>\n\t\t\t\t\t\t\t\t\t<\/div>\n\t\t\t\t\t<\/div>\n\t\t\t\t<\/div>\n\t\t<div data-particle_enable=\"false\" data-particle-mobile-disabled=\"false\" class=\"elementor-element elementor-element-0ca0f91 e-flex e-con-boxed e-con e-parent\" data-id=\"0ca0f91\" data-element_type=\"container\" data-e-type=\"container\">\n\t\t\t\t\t<div class=\"e-con-inner\">\n\t\t\t\t<div class=\"elementor-element elementor-element-5b69a31 elementor-widget elementor-widget-heading\" data-id=\"5b69a31\" data-element_type=\"widget\" data-e-type=\"widget\" data-widget_type=\"heading.default\">\n\t\t\t\t\t<h3 class=\"elementor-heading-title elementor-size-default\">Conexi\u00f3n ancestral de vivos colores<\/h3>\t\t\t\t<\/div>\n\t\t\t\t\t<\/div>\n\t\t\t\t<\/div>\n\t\t<div data-particle_enable=\"false\" data-particle-mobile-disabled=\"false\" class=\"elementor-element elementor-element-743330d e-flex e-con-boxed e-con e-parent\" data-id=\"743330d\" data-element_type=\"container\" data-e-type=\"container\">\n\t\t\t\t\t<div class=\"e-con-inner\">\n\t\t\t\t<div class=\"elementor-element elementor-element-399867f elementor-widget elementor-widget-text-editor\" data-id=\"399867f\" data-element_type=\"widget\" data-e-type=\"widget\" data-widget_type=\"text-editor.default\">\n\t\t\t\t\t\t\t\t\t<p>\u00a0<\/p><p>Alex empez\u00f3 a participar en festivales ind\u00edgenas Pow Wow (expresi\u00f3n en idioma ind\u00edgena narrangasset que significa &#8220;L\u00edder Espiritual)&#8221;. Con su t\u00e9cnica spray pintaba lobos, venados y elementos de naturaleza. \u201cYo me adapto a su cultura, a los temas que ellos desean representar, sobre cualquier material.\u201d\u00a0\u00a0<\/p><p>Al due\u00f1o de un cami\u00f3n de comida le propuso pintarlo con spray. Al principio que quer\u00eda, pero le hizo un trato: \u201cSi no te gusta, no me pagues\u201d \u00bfEl resultado? No solo le encant\u00f3 al propietario sino tiempo despu\u00e9s le cont\u00f3 que hab\u00eda puesto un canasto de propinas para todos aquellos que quisieran tomarse la foto con el cami\u00f3n \u201cMe dijo que ya casi hab\u00eda recuperado la inversi\u00f3n en propinas porque la gente se tomaba fotos con el cami\u00f3n a donde fuera que iba\u201d.<\/p><p><span style=\"font-family: Roboto, sans-serif; font-size: 16px; font-style: normal; font-variant-ligatures: normal; font-variant-caps: normal; font-weight: 400;\">Subraya que existe una hermandad cultural entre los pueblos ind\u00edgenas de Norte Am\u00e9rica y otros pueblos prehisp\u00e1nicos como los mayas. Eso facilita comprender s\u00edmbolos y valores ancestrales.<\/span><\/p><p><span style=\"font-family: Roboto, sans-serif; font-size: 16px; font-style: normal; font-variant-ligatures: normal; font-variant-caps: normal; font-weight: 400;\">\u00a0&#8220;Pero a\u00fan no nos conocemos: en este 2025 se logr\u00f3 invitar a una marimba para presentar el Baile del Venado: la presentaci\u00f3n estaba para 45 minutos, pero se alarg\u00f3 porque todos se pusieron a bailar. Y dijeron que para el otro a\u00f1o esperaban tener la marimba durante los 3 d\u00edas del Pow Wow&#8221; relata Alex.<\/span><\/p>\t\t\t\t\t\t\t\t<\/div>\n\t\t\t\t\t<\/div>\n\t\t\t\t<\/div>\n\t\t<div data-particle_enable=\"false\" data-particle-mobile-disabled=\"false\" class=\"elementor-element elementor-element-8a89903 e-flex e-con-boxed e-con e-parent\" data-id=\"8a89903\" data-element_type=\"container\" data-e-type=\"container\">\n\t\t\t\t\t<div class=\"e-con-inner\">\n\t\t\t\t<div class=\"elementor-element elementor-element-6480326 elementor-widget elementor-widget-image\" data-id=\"6480326\" data-element_type=\"widget\" data-e-type=\"widget\" data-widget_type=\"image.default\">\n\t\t\t\t\t\t\t\t\t\t\t\t<figure class=\"wp-caption\">\n\t\t\t\t\t\t\t\t\t\t<img decoding=\"async\" width=\"1024\" height=\"606\" src=\"https:\/\/soymigrante.com\/revista\/wp-content\/uploads\/2025\/04\/alex-jalapa-pinturas-2-1-1024x606.jpg\" class=\"attachment-large size-large wp-image-30448\" alt=\"Agricultor con bandera de Guatemala junto a mural colorido en un remolque, promoviendo la cultura y el orgullo nacional.\" srcset=\"https:\/\/soymigrante.com\/revista\/wp-content\/uploads\/2025\/04\/alex-jalapa-pinturas-2-1-1024x606.jpg 1024w, https:\/\/soymigrante.com\/revista\/wp-content\/uploads\/2025\/04\/alex-jalapa-pinturas-2-1-300x178.jpg 300w, https:\/\/soymigrante.com\/revista\/wp-content\/uploads\/2025\/04\/alex-jalapa-pinturas-2-1-768x454.jpg 768w, https:\/\/soymigrante.com\/revista\/wp-content\/uploads\/2025\/04\/alex-jalapa-pinturas-2-1-750x444.webp 750w, https:\/\/soymigrante.com\/revista\/wp-content\/uploads\/2025\/04\/alex-jalapa-pinturas-2-1.webp 1080w\" sizes=\"(max-width: 1024px) 100vw, 1024px\" title=\"Alex Jalapa pint\u00f3 este food truck de un participante en un festival ind\u00edgena, todo con t\u00e9cnica de spray. El due\u00f1o ten\u00eda dudas al inicio pero despu\u00e9s, hasta recib\u00eda propinas de quienes deseaban fotografiarse junto a su mural. (Foto cortes\u00eda Alex Jalapa) \u2013 SoyMigrante.com REVISTA\" \/>\t\t\t\t\t\t\t\t\t\t\t<figcaption class=\"widget-image-caption wp-caption-text\">Una woman orgullosa sostiene la bandera de Guatemala frente a un mural vibrante en un remolque, resaltando identidad cultural y migraci\u00f3n en la revista SoyMigrante.com REVISTA.<\/figcaption>\n\t\t\t\t\t\t\t\t\t\t<\/figure>\n\t\t\t\t\t\t\t\t\t<\/div>\n\t\t\t\t\t<\/div>\n\t\t\t\t<\/div>\n\t\t<div data-particle_enable=\"false\" data-particle-mobile-disabled=\"false\" class=\"elementor-element elementor-element-b505525 e-flex e-con-boxed e-con e-parent\" data-id=\"b505525\" data-element_type=\"container\" data-e-type=\"container\">\n\t\t\t\t\t<div class=\"e-con-inner\">\n\t\t\t\t<div class=\"elementor-element elementor-element-f88523e elementor-widget elementor-widget-heading\" data-id=\"f88523e\" data-element_type=\"widget\" data-e-type=\"widget\" data-widget_type=\"heading.default\">\n\t\t\t\t\t<h3 class=\"elementor-heading-title elementor-size-default\">Trabaj\u00f3 en Disney y sigue adelante<\/h3>\t\t\t\t<\/div>\n\t\t\t\t\t<\/div>\n\t\t\t\t<\/div>\n\t\t<div data-particle_enable=\"false\" data-particle-mobile-disabled=\"false\" class=\"elementor-element elementor-element-df3708d e-flex e-con-boxed e-con e-parent\" data-id=\"df3708d\" data-element_type=\"container\" data-e-type=\"container\">\n\t\t\t\t\t<div class=\"e-con-inner\">\n\t\t\t\t<div class=\"elementor-element elementor-element-d9acec7 elementor-widget elementor-widget-text-editor\" data-id=\"d9acec7\" data-element_type=\"widget\" data-e-type=\"widget\" data-widget_type=\"text-editor.default\">\n\t\t\t\t\t\t\t\t\t<p>Hoy, radicado en Florida, Alex Jalapa prosigue la ruta creativa que su mam\u00e1 inici\u00f3 con papel y carb\u00f3n. \u201cEl principal es seguir representando a mi pa\u00eds con orgullo.\u201d Recientemente restaur\u00f3 un drag\u00f3n de fibra de vidrio cuyo due\u00f1o lo ten\u00eda arrumbado sin ninguna utilidad. Alex aplic\u00f3 all\u00ed la experiencia que obtuvo al trabajar en parques de Disney.<\/p><p>&#8220;Me mud\u00e9 a Florida porque me contrataron en Disney gracias a la habilidad de pintar con aer\u00f3grafo, algo que aprend\u00ed en la carrera de Dise\u00f1o Gr\u00e1fico. Tocaba pintar piedras y otros elementos. Entonces, al encontrar la figura del drag\u00f3n, record\u00e9 aquel que una vez pint\u00e9 en la casa de mi pap\u00e1. Le propuse al due\u00f1o restaurarlo y \u00e9l me dio total libertad creativa. Qued\u00f3 muy bonito y lo coloc\u00f3 para exhibici\u00f3n&#8221;, relata.\u00a0<\/p>\t\t\t\t\t\t\t\t<\/div>\n\t\t\t\t\t<\/div>\n\t\t\t\t<\/div>\n\t\t<div data-particle_enable=\"false\" data-particle-mobile-disabled=\"false\" class=\"elementor-element elementor-element-1462beb e-flex e-con-boxed e-con e-parent\" data-id=\"1462beb\" data-element_type=\"container\" data-e-type=\"container\">\n\t\t\t\t\t<div class=\"e-con-inner\">\n\t\t\t\t<div class=\"elementor-element elementor-element-03c5105 elementor-invisible elementor-widget elementor-widget-facebook-embed\" data-id=\"03c5105\" data-element_type=\"widget\" data-e-type=\"widget\" data-settings=\"{&quot;_animation&quot;:&quot;zoomInDown&quot;}\" data-widget_type=\"facebook-embed.default\">\n\t\t\t\t\t<div style=\"min-height: 1px\" class=\"elementor-facebook-widget fb-video\" data-href=\"https:\/\/www.facebook.com\/artistalexjalapa\/videos\/2662816860585969\" data-show-text=\"true\" data-allowfullscreen=\"false\" data-autoplay=\"false\" data-show-captions=\"true\"><\/div>\t\t\t\t<\/div>\n\t\t\t\t\t<\/div>\n\t\t\t\t<\/div>\n\t\t<div data-particle_enable=\"false\" data-particle-mobile-disabled=\"false\" class=\"elementor-element elementor-element-af0f9f3 e-flex e-con-boxed e-con e-parent\" data-id=\"af0f9f3\" data-element_type=\"container\" data-e-type=\"container\">\n\t\t\t\t\t<div class=\"e-con-inner\">\n\t\t\t\t<div class=\"elementor-element elementor-element-8291513 elementor-widget elementor-widget-heading\" data-id=\"8291513\" data-element_type=\"widget\" data-e-type=\"widget\" data-widget_type=\"heading.default\">\n\t\t\t\t\t<h3 class=\"elementor-heading-title elementor-size-default\">Guatemala ya llevo en el alma<\/h3>\t\t\t\t<\/div>\n\t\t\t\t\t<\/div>\n\t\t\t\t<\/div>\n\t\t<div data-particle_enable=\"false\" data-particle-mobile-disabled=\"false\" class=\"elementor-element elementor-element-1a0eafe e-flex e-con-boxed e-con e-parent\" data-id=\"1a0eafe\" data-element_type=\"container\" data-e-type=\"container\">\n\t\t\t\t\t<div class=\"e-con-inner\">\n\t\t\t\t<div class=\"elementor-element elementor-element-487c645 elementor-widget elementor-widget-text-editor\" data-id=\"487c645\" data-element_type=\"widget\" data-e-type=\"widget\" data-widget_type=\"text-editor.default\">\n\t\t\t\t\t\t\t\t\t<p>Alex no se ha desconectado de su pa\u00eds. En un viaje a Guatemala, pint\u00f3 un mural de m\u00e1s de 40 metros en El Rancho. \u201cRepresenta la cultura guatemalteca de norte a sur, de este a oeste\u2026 el arco de Santa Catalina, el lago de Atitl\u00e1n, la marimba, el Cristo Negro de Esquipulas y la Estela E de Quirigu\u00e1. Todo encajonado en un barrilete gigante de Sumpango&#8221;.<\/p><p>Alex Jalapa no solo pinta murales: pinta identidad, pinta resistencia, pinta a Guatemala en cada trazo. \u201cYo adoro mi pa\u00eds. Y estando en Estados Unidos, lo amo m\u00e1s.\u201d<\/p>\t\t\t\t\t\t\t\t<\/div>\n\t\t\t\t\t<\/div>\n\t\t\t\t<\/div>\n\t\t<div data-particle_enable=\"false\" data-particle-mobile-disabled=\"false\" class=\"elementor-element elementor-element-be9e43d e-flex e-con-boxed e-con e-parent\" data-id=\"be9e43d\" data-element_type=\"container\" data-e-type=\"container\">\n\t\t\t\t\t<div class=\"e-con-inner\">\n\t\t\t\t<div class=\"elementor-element elementor-element-3f92b83 elementor-widget elementor-widget-image\" data-id=\"3f92b83\" data-element_type=\"widget\" data-e-type=\"widget\" data-widget_type=\"image.default\">\n\t\t\t\t\t\t\t\t\t\t\t\t<figure class=\"wp-caption\">\n\t\t\t\t\t\t\t\t\t\t<img loading=\"lazy\" decoding=\"async\" width=\"1024\" height=\"676\" src=\"https:\/\/soymigrante.com\/revista\/wp-content\/uploads\/2025\/04\/mural-el-rancho-1024x676.jpg\" class=\"attachment-large size-large wp-image-30461\" alt=\"Int\u00e9rprete del arte mural, con fondo de universo y s\u00edmbolos, creando conciencia sobre migrantes y cultura en M\u00e9xico, en vivo para revista SoyMigrante.com, resaltando la expresi\u00f3n art\u00edstica y diversidad cultural.\" srcset=\"https:\/\/soymigrante.com\/revista\/wp-content\/uploads\/2025\/04\/mural-el-rancho-1024x676.jpg 1024w, https:\/\/soymigrante.com\/revista\/wp-content\/uploads\/2025\/04\/mural-el-rancho-300x198.jpg 300w, https:\/\/soymigrante.com\/revista\/wp-content\/uploads\/2025\/04\/mural-el-rancho-768x507.jpg 768w, https:\/\/soymigrante.com\/revista\/wp-content\/uploads\/2025\/04\/mural-el-rancho-1536x1014.jpg 1536w, https:\/\/soymigrante.com\/revista\/wp-content\/uploads\/2025\/04\/mural-el-rancho-750x495.webp 750w, https:\/\/soymigrante.com\/revista\/wp-content\/uploads\/2025\/04\/mural-el-rancho-1140x753.webp 1140w, https:\/\/soymigrante.com\/revista\/wp-content\/uploads\/2025\/04\/mural-el-rancho.webp 1920w\" sizes=\"(max-width: 1024px) 100vw, 1024px\" title=\"En 2024, Alex Jalapa pint\u00f3 un mural para un restaurante de El Rancho, El Progreso, Guatemala, con elementos de identidad del pa\u00eds, entre los cuales figura el cantautor Ricardo Arjona, as\u00ed como paisajes y s\u00edmbolos nacionalistas. (Foto cortes\u00eda Alex Jalapa) \u2013 SoyMigrante.com REVISTA\" \/>\t\t\t\t\t\t\t\t\t\t\t<figcaption class=\"widget-image-caption wp-caption-text\">Un artista en proceso de creaci\u00f3n art\u00edstica en un mural vibrante y lleno de simbolismo, resaltando temas de introspecci\u00f3n, espiritualidad y creatividad en la revista Soy Migrante.<\/figcaption>\n\t\t\t\t\t\t\t\t\t\t<\/figure>\n\t\t\t\t\t\t\t\t\t<\/div>\n\t\t\t\t\t<\/div>\n\t\t\t\t<\/div>\n\t\t<div data-particle_enable=\"false\" data-particle-mobile-disabled=\"false\" class=\"elementor-element elementor-element-f175366 e-flex e-con-boxed e-con e-parent\" data-id=\"f175366\" data-element_type=\"container\" data-e-type=\"container\">\n\t\t\t\t\t<div class=\"e-con-inner\">\n\t\t\t\t<div class=\"elementor-element elementor-element-92773b3 elementor-widget elementor-widget-heading\" data-id=\"92773b3\" data-element_type=\"widget\" data-e-type=\"widget\" data-widget_type=\"heading.default\">\n\t\t\t\t\t<h2 class=\"elementor-heading-title elementor-size-default\">Creatividad guatemalteca brilla sin fronteras<\/h2>\t\t\t\t<\/div>\n\t\t\t\t\t<\/div>\n\t\t\t\t<\/div>\n\t\t<div data-particle_enable=\"false\" data-particle-mobile-disabled=\"false\" class=\"elementor-element elementor-element-c12d021 e-flex e-con-boxed e-con e-parent\" data-id=\"c12d021\" data-element_type=\"container\" data-e-type=\"container\">\n\t\t\t\t\t<div class=\"e-con-inner\">\n\t\t\t\t<div class=\"elementor-element elementor-element-3684a18 elementor-grid-eael-col-3 elementor-grid-tablet-eael-col-2 elementor-grid-mobile-eael-col-1 elementor-widget elementor-widget-eael-post-grid\" data-id=\"3684a18\" data-element_type=\"widget\" data-e-type=\"widget\" data-settings=\"{&quot;eael_post_grid_columns&quot;:&quot;eael-col-3&quot;,&quot;eael_post_grid_columns_tablet&quot;:&quot;eael-col-2&quot;,&quot;eael_post_grid_columns_mobile&quot;:&quot;eael-col-1&quot;}\" data-widget_type=\"eael-post-grid.default\">\n\t\t\t\t\t<div id=\"eael-post-grid-3684a18\" class=\"eael-post-grid-container\">\n            <div class=\"eael-post-grid eael-post-appender eael-post-appender-3684a18 eael-post-grid-style-one\" data-layout-mode=\"masonry\"><article class=\"eael-grid-post  eael-post-grid-column eael-pg-post-2709 category-exitos\" data-id=\"2709\">\n        <div class=\"eael-grid-post-holder\">\n            <div class=\"eael-grid-post-holder-inner\"><div class=\"eael-entry-media\"><div class=\"eael-entry-overlay fade-in\"><i class=\"far fa-hand-pointer\" aria-hidden=\"true\"><\/i><a href=\"https:\/\/soymigrante.com\/revista\/migrante-guatemalteca-claudia-hernandez-dignifica-a-la-mujer\/\"><\/a><\/div><div class=\"eael-entry-thumbnail \">\n                <img loading=\"lazy\" decoding=\"async\" width=\"1024\" height=\"660\" src=\"https:\/\/soymigrante.com\/revista\/wp-content\/uploads\/2023\/09\/clau-hern-1024x660.webp\" class=\"attachment-large size-large wp-image-2886\" alt=\"Claudia D. Hern\u00e1ndez, migrante y escritora guatemalteca.\" srcset=\"https:\/\/soymigrante.com\/revista\/wp-content\/uploads\/2023\/09\/clau-hern-1024x660.webp 1024w, https:\/\/soymigrante.com\/revista\/wp-content\/uploads\/2023\/09\/clau-hern-300x193.webp 300w, https:\/\/soymigrante.com\/revista\/wp-content\/uploads\/2023\/09\/clau-hern-768x495.webp 768w, https:\/\/soymigrante.com\/revista\/wp-content\/uploads\/2023\/09\/clau-hern-750x483.webp 750w, https:\/\/soymigrante.com\/revista\/wp-content\/uploads\/2023\/09\/clau-hern-1140x735.webp 1140w, https:\/\/soymigrante.com\/revista\/wp-content\/uploads\/2023\/09\/clau-hern.webp 1187w\" sizes=\"(max-width: 1024px) 100vw, 1024px\" \/>\n            <\/div>\n        <\/div><div class=\"eael-entry-wrapper\"><header class=\"eael-entry-header\"><h2 class=\"eael-entry-title\"><a class=\"eael-grid-post-link\" href=\"https:\/\/soymigrante.com\/revista\/migrante-guatemalteca-claudia-hernandez-dignifica-a-la-mujer\/\" title=\"Migrante guatemalteca Claudia D. Hern\u00e1ndez  dignifica a las mujeres con arte y poes\u00eda\">Migrante guatemalteca Claudia D. Hern\u00e1ndez  dignifica a las mujeres con arte y poes\u00eda<\/a><\/h2><\/header><div class=\"eael-entry-content\">\n                        <div class=\"eael-grid-post-excerpt\"><a href=\"https:\/\/soymigrante.com\/revista\/migrante-guatemalteca-claudia-hernandez-dignifica-a-la-mujer\/\" class=\"eael-post-elements-readmore-btn\">CONOCE SU HISTORIA <\/a><\/div>\n                    <\/div><\/div><\/div>\n        <\/div>\n    <\/article><article class=\"eael-grid-post  eael-post-grid-column eael-pg-post-1084 category-exitos tags-california\" data-id=\"1084\">\n        <div class=\"eael-grid-post-holder\">\n            <div class=\"eael-grid-post-holder-inner\"><div class=\"eael-entry-media\"><div class=\"eael-entry-overlay fade-in\"><i class=\"far fa-hand-pointer\" aria-hidden=\"true\"><\/i><a href=\"https:\/\/soymigrante.com\/revista\/nuestro-deber-es-impulsar-nuevos-suenos-raul-monterroso-artista-y-constructor-en-l-a\/\"><\/a><\/div><div class=\"eael-entry-thumbnail \">\n                <img loading=\"lazy\" decoding=\"async\" width=\"719\" height=\"719\" src=\"https:\/\/soymigrante.com\/revista\/wp-content\/uploads\/2023\/05\/senor-con-raul.webp\" class=\"attachment-large size-large wp-image-20784\" alt=\"Cristo crucificado y figuras religiosas en un altar en una presentaci\u00f3n cultural.\" srcset=\"https:\/\/soymigrante.com\/revista\/wp-content\/uploads\/2023\/05\/senor-con-raul.webp 719w, https:\/\/soymigrante.com\/revista\/wp-content\/uploads\/2023\/05\/senor-con-raul-300x300.jpg 300w, https:\/\/soymigrante.com\/revista\/wp-content\/uploads\/2023\/05\/senor-con-raul-150x150.jpg 150w, https:\/\/soymigrante.com\/revista\/wp-content\/uploads\/2023\/05\/senor-con-raul-75x75.webp 75w\" sizes=\"(max-width: 719px) 100vw, 719px\" \/>\n            <\/div>\n        <\/div><div class=\"eael-entry-wrapper\"><header class=\"eael-entry-header\"><h2 class=\"eael-entry-title\"><a class=\"eael-grid-post-link\" href=\"https:\/\/soymigrante.com\/revista\/nuestro-deber-es-impulsar-nuevos-suenos-raul-monterroso-artista-y-constructor-en-l-a\/\" title=\"Artista migrante Ra\u00fal Monterroso  elabora piezas en homenaje a emblemas de Guatemala\">Artista migrante Ra\u00fal Monterroso  elabora piezas en homenaje a emblemas de Guatemala<\/a><\/h2><\/header><div class=\"eael-entry-content\">\n                        <div class=\"eael-grid-post-excerpt\"><a href=\"https:\/\/soymigrante.com\/revista\/nuestro-deber-es-impulsar-nuevos-suenos-raul-monterroso-artista-y-constructor-en-l-a\/\" class=\"eael-post-elements-readmore-btn\">CONOCE SU HISTORIA <\/a><\/div>\n                    <\/div><\/div><\/div>\n        <\/div>\n    <\/article><article class=\"eael-grid-post  eael-post-grid-column eael-pg-post-235 category-exitos\" data-id=\"235\">\n        <div class=\"eael-grid-post-holder\">\n            <div class=\"eael-grid-post-holder-inner\"><div class=\"eael-entry-media\"><div class=\"eael-entry-overlay fade-in\"><i class=\"far fa-hand-pointer\" aria-hidden=\"true\"><\/i><a href=\"https:\/\/soymigrante.com\/revista\/cronologia-ricardo-arjona\/\"><\/a><\/div><div class=\"eael-entry-thumbnail \">\n                <img loading=\"lazy\" decoding=\"async\" width=\"1024\" height=\"576\" src=\"https:\/\/soymigrante.com\/revista\/wp-content\/uploads\/2023\/02\/1-EXITOS-ARJONA-A-1024x576.jpg\" class=\"attachment-large size-large wp-image-236\" alt=\"\" srcset=\"https:\/\/soymigrante.com\/revista\/wp-content\/uploads\/2023\/02\/1-EXITOS-ARJONA-A-1024x576.jpg 1024w, https:\/\/soymigrante.com\/revista\/wp-content\/uploads\/2023\/02\/1-EXITOS-ARJONA-A-300x169.webp 300w, https:\/\/soymigrante.com\/revista\/wp-content\/uploads\/2023\/02\/1-EXITOS-ARJONA-A-768x432.jpg 768w, https:\/\/soymigrante.com\/revista\/wp-content\/uploads\/2023\/02\/1-EXITOS-ARJONA-A-750x422.webp 750w, https:\/\/soymigrante.com\/revista\/wp-content\/uploads\/2023\/02\/1-EXITOS-ARJONA-A-1140x641.jpg 1140w, https:\/\/soymigrante.com\/revista\/wp-content\/uploads\/2023\/02\/1-EXITOS-ARJONA-A.webp 1280w\" sizes=\"(max-width: 1024px) 100vw, 1024px\" \/>\n            <\/div>\n        <\/div><div class=\"eael-entry-wrapper\"><header class=\"eael-entry-header\"><h2 class=\"eael-entry-title\"><a class=\"eael-grid-post-link\" href=\"https:\/\/soymigrante.com\/revista\/cronologia-ricardo-arjona\/\" title=\"Ricardo Arjona: una cronolog\u00eda migrante desde antes de nacer\">Ricardo Arjona: una cronolog\u00eda migrante desde antes de nacer<\/a><\/h2><\/header><div class=\"eael-entry-content\">\n                        <div class=\"eael-grid-post-excerpt\"><a href=\"https:\/\/soymigrante.com\/revista\/cronologia-ricardo-arjona\/\" class=\"eael-post-elements-readmore-btn\">CONOCE SU HISTORIA <\/a><\/div>\n                    <\/div><\/div><\/div>\n        <\/div>\n    <\/article><\/div>\n            <div class=\"clearfix\"><\/div>\n        <\/div>\t\t\t\t<\/div>\n\t\t\t\t\t<\/div>\n\t\t\t\t<\/div>\n\t\t\t\t<\/div>\n\t\t","protected":false},"excerpt":{"rendered":"<p>Desde los d\u00edas en que dibujaba con carbones sobre papel reciclado en su natal Jalapa, Guatemala, el artista Alex Cruz sabe convertir las barreras en desaf\u00edos de superaci\u00f3n. Actualmente en Florida, plasma m\u00faltiples temas con spray en toda superficie. La historia del artista Alex Jalapa es una constante transformaci\u00f3n de obst\u00e1culos y limitaciones en impulsos [&hellip;]<\/p>\n","protected":false},"author":7,"featured_media":30436,"comment_status":"open","ping_status":"open","sticky":false,"template":"","format":"standard","meta":{"_acf_changed":false,"_eb_attr":"","footnotes":""},"categories":[50,274],"tags":[],"class_list":["post-30434","post","type-post","status-publish","format-standard","has-post-thumbnail","hentry","category-exitos","category-guatemala"],"acf":[],"aioseo_notices":[],"aioseo_head":"\n\t\t<!-- All in One SEO Pro 4.9.6.2 - aioseo.com -->\n\t<meta name=\"description\" content=\"Ser migrante fue un salto de fe para el cantautor guatemalteco Ricardo Arjona. Al igual que para muchos otros connacionales que se han marchado fuera del pa\u00eds, especialmente a EE.UU., en busca de oportunidades de \u00e9xito, no fue un camino sencillo ni breve. Con base en una autobiograf\u00eda publicada como parte del folleto de un \u00e1lbum en 2005 y datos de diversas entrevistas durante sus giras, se construye esta cronolog\u00eda que inicia hace m\u00e1s de siglo y medio.\" \/>\n\t<meta name=\"robots\" content=\"max-snippet:-1, max-image-preview:large, max-video-preview:-1\" \/>\n\t<meta name=\"author\" content=\"SoyMigrante.com REVISTA\"\/>\n\t<link rel=\"canonical\" href=\"https:\/\/soymigrante.com\/revista\/cronologia-ricardo-arjona\/\" \/>\n\t<meta name=\"generator\" content=\"All in One SEO Pro (AIOSEO) 4.9.6.2\" \/>\n\n\t\t<link rel=\"preconnect\" href=\"https:\/\/fonts.googleapis.com\" crossorigin>\n<link rel=\"preconnect\" href=\"https:\/\/fonts.gstatic.com\" crossorigin>\n\t\t<meta property=\"og:locale\" content=\"es_ES\" \/>\n\t\t<meta property=\"og:site_name\" content=\"SoyMigrante.com REVISTA \u2013 Nuestra misi\u00f3n es reconocer y dignificar al migrante.\" \/>\n\t\t<meta property=\"og:type\" content=\"article\" \/>\n\t\t<meta property=\"og:title\" content=\"Ricardo Arjona: una cronolog\u00eda migrante desde antes de nacer\" \/>\n\t\t<meta property=\"og:description\" content=\"Ser migrante fue un salto de fe para el cantautor guatemalteco Ricardo Arjona. Al igual que para muchos otros connacionales que se han marchado fuera del pa\u00eds, especialmente a EE.UU., en busca de oportunidades de \u00e9xito, no fue un camino sencillo ni breve. Con base en una autobiograf\u00eda publicada como parte del folleto de un \u00e1lbum en 2005 y datos de diversas entrevistas durante sus giras, se construye esta cronolog\u00eda que inicia hace m\u00e1s de siglo y medio.\" \/>\n\t\t<meta property=\"og:url\" content=\"https:\/\/soymigrante.com\/revista\/cronologia-ricardo-arjona\/\" \/>\n\t\t<meta property=\"og:image\" content=\"https:\/\/soymigrante.com\/revista\/wp-content\/uploads\/2023\/02\/1-EXITOS-ARJONA-A.webp\" \/>\n\t\t<meta property=\"og:image:secure_url\" content=\"https:\/\/soymigrante.com\/revista\/wp-content\/uploads\/2023\/02\/1-EXITOS-ARJONA-A.webp\" \/>\n\t\t<meta property=\"og:image:width\" content=\"1280\" \/>\n\t\t<meta property=\"og:image:height\" content=\"720\" \/>\n\t\t<meta property=\"article:published_time\" content=\"2023-05-26T00:48:12+00:00\" \/>\n\t\t<meta property=\"article:modified_time\" content=\"2024-06-25T22:20:19+00:00\" \/>\n\t\t<meta property=\"article:publisher\" content=\"https:\/\/www.facebook.com\/soymigrantecom\" \/>\n\t\t<meta name=\"twitter:card\" content=\"summary_large_image\" \/>\n\t\t<meta name=\"twitter:site\" content=\"@SoyMigrante_com\" \/>\n\t\t<meta name=\"twitter:title\" content=\"Ricardo Arjona: una cronolog\u00eda migrante desde antes de nacer\" \/>\n\t\t<meta name=\"twitter:description\" content=\"Ser migrante fue un salto de fe para el cantautor guatemalteco Ricardo Arjona. Al igual que para muchos otros connacionales que se han marchado fuera del pa\u00eds, especialmente a EE.UU., en busca de oportunidades de \u00e9xito, no fue un camino sencillo ni breve. Con base en una autobiograf\u00eda publicada como parte del folleto de un \u00e1lbum en 2005 y datos de diversas entrevistas durante sus giras, se construye esta cronolog\u00eda que inicia hace m\u00e1s de siglo y medio.\" \/>\n\t\t<meta name=\"twitter:creator\" content=\"@SoyMigrante_com\" \/>\n\t\t<meta name=\"twitter:image\" content=\"https:\/\/soymigrante.com\/revista\/wp-content\/uploads\/2023\/02\/1-EXITOS-ARJONA-A.webp\" \/>\n\t\t<!-- All in One SEO Pro -->\r\n\t\t<title>Ricardo Arjona: una cronolog\u00eda migrante desde antes de nacer<\/title>\n\n","aioseo_head_json":{"title":"Ricardo Arjona: una cronolog\u00eda migrante desde antes de nacer","description":"Ser migrante fue un salto de fe para el cantautor guatemalteco Ricardo Arjona. Al igual que para muchos otros connacionales que se han marchado fuera del pa\u00eds, especialmente a EE.UU., en busca de oportunidades de \u00e9xito, no fue un camino sencillo ni breve. Con base en una autobiograf\u00eda publicada como parte del folleto de un \u00e1lbum en 2005 y datos de diversas entrevistas durante sus giras, se construye esta cronolog\u00eda que inicia hace m\u00e1s de siglo y medio.","canonical_url":"https:\/\/soymigrante.com\/revista\/cronologia-ricardo-arjona\/","robots":"max-snippet:-1, max-image-preview:large, max-video-preview:-1","keywords":"","webmasterTools":{"miscellaneous":"&lt;link rel=\"preconnect\" href=\"https:\/\/fonts.googleapis.com\" crossorigin&gt;\n&lt;link rel=\"preconnect\" href=\"https:\/\/fonts.gstatic.com\" crossorigin&gt;"},"schema":null,"og:locale":"es_ES","og:site_name":"SoyMigrante.com REVISTA \u2013 Nuestra misi\u00f3n es reconocer y dignificar al migrante.","og:type":"article","og:title":"Ricardo Arjona: una cronolog\u00eda migrante desde antes de nacer","og:description":"Ser migrante fue un salto de fe para el cantautor guatemalteco Ricardo Arjona. Al igual que para muchos otros connacionales que se han marchado fuera del pa\u00eds, especialmente a EE.UU., en busca de oportunidades de \u00e9xito, no fue un camino sencillo ni breve. Con base en una autobiograf\u00eda publicada como parte del folleto de un \u00e1lbum en 2005 y datos de diversas entrevistas durante sus giras, se construye esta cronolog\u00eda que inicia hace m\u00e1s de siglo y medio.","og:url":"https:\/\/soymigrante.com\/revista\/cronologia-ricardo-arjona\/","og:image":"https:\/\/soymigrante.com\/revista\/wp-content\/uploads\/2023\/02\/1-EXITOS-ARJONA-A.webp","og:image:secure_url":"https:\/\/soymigrante.com\/revista\/wp-content\/uploads\/2023\/02\/1-EXITOS-ARJONA-A.webp","og:image:width":1280,"og:image:height":720,"article:published_time":"2023-05-26T00:48:12+00:00","article:modified_time":"2024-06-25T22:20:19+00:00","article:publisher":"https:\/\/www.facebook.com\/soymigrantecom","twitter:card":"summary_large_image","twitter:site":"@SoyMigrante_com","twitter:title":"Ricardo Arjona: una cronolog\u00eda migrante desde antes de nacer","twitter:description":"Ser migrante fue un salto de fe para el cantautor guatemalteco Ricardo Arjona. Al igual que para muchos otros connacionales que se han marchado fuera del pa\u00eds, especialmente a EE.UU., en busca de oportunidades de \u00e9xito, no fue un camino sencillo ni breve. Con base en una autobiograf\u00eda publicada como parte del folleto de un \u00e1lbum en 2005 y datos de diversas entrevistas durante sus giras, se construye esta cronolog\u00eda que inicia hace m\u00e1s de siglo y medio.","twitter:creator":"@SoyMigrante_com","twitter:image":"https:\/\/soymigrante.com\/revista\/wp-content\/uploads\/2023\/02\/1-EXITOS-ARJONA-A.webp"},"aioseo_meta_data":{"post_id":"30434","title":"Artista Alex Jalapa abre mundos nuevos con spray en Florida","description":"Sobre muros, cartulinas, buses o cualquier superficie, el artista guatemalteco Alex Jalapa sorprende y crea puentes culturales en Florida, USA. Esta es su historia.","keywords":null,"keyphrases":{"focus":{"keyphrase":"Artista","score":76,"analysis":{"keyphraseInTitle":{"score":9,"maxScore":9,"error":0},"keyphraseInDescription":{"score":9,"maxScore":9,"error":0},"keyphraseLength":{"score":9,"maxScore":9,"error":0,"length":1},"keyphraseInURL":{"score":1,"maxScore":5,"error":1},"keyphraseInIntroduction":{"score":9,"maxScore":9,"error":0},"keyphraseInSubHeadings":{"score":3,"maxScore":9,"error":1},"keyphraseInImageAlt":{"score":3,"maxScore":9,"error":1},"keywordDensity":{"type":"best","score":9,"maxScore":9,"error":0}}},"additional":[{"keyphrase":"Pintura","score":53,"analysis":{"keyphraseInDescription":{"score":3,"maxScore":9,"error":1},"keyphraseLength":{"score":9,"maxScore":9,"error":0,"length":1},"keyphraseInIntroduction":{"score":3,"maxScore":9,"error":1},"keyphraseInImageAlt":{"score":9,"maxScore":9,"error":0},"keywordDensity":{"score":0,"type":"low","maxScore":9,"error":1}}},{"keyphrase":"Alex Jalapa","score":100,"analysis":{"keyphraseInDescription":{"score":9,"maxScore":9,"error":0},"keyphraseLength":{"score":9,"maxScore":9,"error":0,"length":2},"keyphraseInIntroduction":{"score":9,"maxScore":9,"error":0},"keyphraseInImageAlt":{"score":9,"maxScore":9,"error":0},"keywordDensity":{"type":"best","score":9,"maxScore":9,"error":0}}}]},"primary_term":null,"canonical_url":null,"og_title":null,"og_description":null,"og_object_type":"default","og_image_type":"default","og_image_url":null,"og_image_width":null,"og_image_height":null,"og_image_custom_url":null,"og_image_custom_fields":null,"og_video":"","og_custom_url":null,"og_article_section":null,"og_article_tags":null,"twitter_use_og":false,"twitter_card":"default","twitter_image_type":"default","twitter_image_url":null,"twitter_image_custom_url":null,"twitter_image_custom_fields":null,"twitter_title":null,"twitter_description":null,"schema":{"blockGraphs":[],"customGraphs":[],"default":{"data":{"Article":[],"Course":[],"Dataset":[],"FAQPage":[],"Movie":[],"Person":[],"Product":[],"ProductReview":[],"Car":[],"Recipe":[],"Service":[],"SoftwareApplication":[],"WebPage":[]},"graphName":"BlogPosting","isEnabled":true},"graphs":[]},"schema_type":"default","schema_type_options":null,"pillar_content":false,"robots_default":true,"robots_noindex":false,"robots_noarchive":false,"robots_nosnippet":false,"robots_nofollow":false,"robots_noimageindex":false,"robots_noodp":false,"robots_notranslate":false,"robots_max_snippet":"-1","robots_max_videopreview":"-1","robots_max_imagepreview":"large","priority":null,"frequency":"default","local_seo":null,"seo_analyzer_scan_date":"2025-10-09 04:13:28","breadcrumb_settings":null,"limit_modified_date":false,"reviewed_by":null,"open_ai":"{\"title\":{\"suggestions\":[],\"usage\":0},\"description\":{\"suggestions\":[],\"usage\":0}}","ai":null,"created":"2025-04-09 15:53:22","updated":"2026-02-04 22:55:08"},"aioseo_breadcrumb":"<div class=\"aioseo-breadcrumbs\"><span class=\"aioseo-breadcrumb\">\n\t<a href=\"https:\/\/soymigrante.com\/revista\" title=\"Home\">Home<\/a>\n<\/span><span class=\"aioseo-breadcrumb-separator\">\u00bb<\/span><span class=\"aioseo-breadcrumb\">\n\t<a href=\"https:\/\/soymigrante.com\/revista\/category\/exitos\/\" title=\"\u00c9xitos\">\u00c9xitos<\/a>\n<\/span><span class=\"aioseo-breadcrumb-separator\">\u00bb<\/span><span class=\"aioseo-breadcrumb\">\n\t<a href=\"https:\/\/soymigrante.com\/revista\/category\/exitos\/guatemala\/\" title=\"Guatemala\">Guatemala<\/a>\n<\/span><span class=\"aioseo-breadcrumb-separator\">\u00bb<\/span><span class=\"aioseo-breadcrumb\">\n\tAlex Jalapa convierte muros en caminos y  spray en coloridos mundos, en Florida\n<\/span><\/div>","aioseo_breadcrumb_json":[{"label":"Home","link":"https:\/\/soymigrante.com\/revista"},{"label":"\u00c9xitos","link":"https:\/\/soymigrante.com\/revista\/category\/exitos\/"},{"label":"Guatemala","link":"https:\/\/soymigrante.com\/revista\/category\/exitos\/guatemala\/"},{"label":"Alex Jalapa convierte muros en caminos y  spray en coloridos mundos, en Florida","link":"https:\/\/soymigrante.com\/revista\/alex-jalapa-convierte-muros-en-caminos-y-la-pintura-spray-en-mundos-nuevos\/"}],"_links":{"self":[{"href":"https:\/\/soymigrante.com\/revista\/wp-json\/wp\/v2\/posts\/30434","targetHints":{"allow":["GET"]}}],"collection":[{"href":"https:\/\/soymigrante.com\/revista\/wp-json\/wp\/v2\/posts"}],"about":[{"href":"https:\/\/soymigrante.com\/revista\/wp-json\/wp\/v2\/types\/post"}],"author":[{"embeddable":true,"href":"https:\/\/soymigrante.com\/revista\/wp-json\/wp\/v2\/users\/7"}],"replies":[{"embeddable":true,"href":"https:\/\/soymigrante.com\/revista\/wp-json\/wp\/v2\/comments?post=30434"}],"version-history":[{"count":3,"href":"https:\/\/soymigrante.com\/revista\/wp-json\/wp\/v2\/posts\/30434\/revisions"}],"predecessor-version":[{"id":31339,"href":"https:\/\/soymigrante.com\/revista\/wp-json\/wp\/v2\/posts\/30434\/revisions\/31339"}],"wp:featuredmedia":[{"embeddable":true,"href":"https:\/\/soymigrante.com\/revista\/wp-json\/wp\/v2\/media\/30436"}],"wp:attachment":[{"href":"https:\/\/soymigrante.com\/revista\/wp-json\/wp\/v2\/media?parent=30434"}],"wp:term":[{"taxonomy":"category","embeddable":true,"href":"https:\/\/soymigrante.com\/revista\/wp-json\/wp\/v2\/categories?post=30434"},{"taxonomy":"post_tag","embeddable":true,"href":"https:\/\/soymigrante.com\/revista\/wp-json\/wp\/v2\/tags?post=30434"}],"curies":[{"name":"wp","href":"https:\/\/api.w.org\/{rel}","templated":true}]}}