{"id":30400,"date":"2025-04-09T04:00:00","date_gmt":"2025-04-09T10:00:00","guid":{"rendered":"https:\/\/soymigrante.com\/revista\/?p=30400"},"modified":"2025-04-17T02:09:06","modified_gmt":"2025-04-17T08:09:06","slug":"modales-digitales-claves-para-la-comunicacion-efectiva-en-mensajes-y-videollamadas","status":"publish","type":"post","link":"https:\/\/soymigrante.com\/revista\/modales-digitales-claves-para-la-comunicacion-efectiva-en-mensajes-y-videollamadas\/","title":{"rendered":"Modales digitales: claves para la comunicaci\u00f3n efectiva en mensajes y videollamadas"},"content":{"rendered":"\t\t<div data-elementor-type=\"wp-post\" data-elementor-id=\"30400\" class=\"elementor elementor-30400\" data-elementor-post-type=\"post\">\n\t\t\t\t<div data-particle_enable=\"false\" data-particle-mobile-disabled=\"false\" class=\"elementor-element elementor-element-1922e20 e-flex e-con-boxed e-con e-parent\" data-id=\"1922e20\" data-element_type=\"container\" data-e-type=\"container\">\n\t\t\t\t\t<div class=\"e-con-inner\">\n\t\t\t\t<div class=\"elementor-element elementor-element-1740714 elementor-widget elementor-widget-heading\" data-id=\"1740714\" data-element_type=\"widget\" data-e-type=\"widget\" data-widget_type=\"heading.default\">\n\t\t\t\t\t<h2 class=\"elementor-heading-title elementor-size-default\">Comunicarnos con respeto en los tiempos de mensajes y videollamadas puede ser un desaf\u00edo, pero existen reglas de etiqueta que no puedes perder. \n<\/h2>\t\t\t\t<\/div>\n\t\t\t\t\t<\/div>\n\t\t\t\t<\/div>\n\t\t<div data-particle_enable=\"false\" data-particle-mobile-disabled=\"false\" class=\"elementor-element elementor-element-829ea8a e-flex e-con-boxed e-con e-parent\" data-id=\"829ea8a\" data-element_type=\"container\" data-e-type=\"container\">\n\t\t\t\t\t<div class=\"e-con-inner\">\n\t\t\t\t<div class=\"elementor-element elementor-element-f30b15c elementor-widget elementor-widget-text-editor\" data-id=\"f30b15c\" data-element_type=\"widget\" data-e-type=\"widget\" data-widget_type=\"text-editor.default\">\n\t\t\t\t\t\t\t\t\t<p>En la era de la inmediatez y los tel\u00e9fonos inteligentes, <a href=\"https:\/\/soymigrante.com\/revista\/en-la-era-digital-los-ninos-deben-tener-tambien-descanso-de-la-tecnologia\/\" target=\"_blank\" rel=\"noopener\">saber comunicarse correctamente a trav\u00e9s de medios digitales se ha convertido en una necesidad.<\/a><\/p><p>WhatsApp, correos electr\u00f3nicos, redes sociales y videollamadas tienen reglas no escritas que marcan la diferencia entre una conversaci\u00f3n efectiva o una falta de respeto involuntaria.<\/p><p><a href=\"https:\/\/soymigrante.com\/revista\/en-la-era-digital-los-ninos-deben-tener-tambien-descanso-de-la-tecnologia\/\" target=\"_blank\" rel=\"noopener\">La forma en que nos comunicamos ha cambiado dr\u00e1sticamente<\/a>. Hoy, gran parte de nuestras interacciones personales y laborales se realiza a trav\u00e9s de mensajes de texto, correos electr\u00f3nicos, audios y videollamadas. Sin embargo, muchas veces se olvida que, al igual que en una conversaci\u00f3n presencial, existen normas de cortes\u00eda y respeto que debemos seguir.<\/p><p>Esta \u201cetiqueta digital\u201d ayuda a evitar malentendidos y favorece una comunicaci\u00f3n clara y profesional.<\/p>\t\t\t\t\t\t\t\t<\/div>\n\t\t\t\t\t<\/div>\n\t\t\t\t<\/div>\n\t\t<div data-particle_enable=\"false\" data-particle-mobile-disabled=\"false\" class=\"elementor-element elementor-element-455743d e-flex e-con-boxed e-con e-parent\" data-id=\"455743d\" data-element_type=\"container\" data-e-type=\"container\">\n\t\t\t\t\t<div class=\"e-con-inner\">\n\t\t\t\t<div class=\"elementor-element elementor-element-cebb98c elementor-widget elementor-widget-image\" data-id=\"cebb98c\" data-element_type=\"widget\" data-e-type=\"widget\" data-widget_type=\"image.default\">\n\t\t\t\t\t\t\t\t\t\t\t\t<figure class=\"wp-caption\">\n\t\t\t\t\t\t\t\t\t\t<img fetchpriority=\"high\" decoding=\"async\" width=\"768\" height=\"512\" src=\"https:\/\/soymigrante.com\/revista\/wp-content\/uploads\/2025\/04\/Como-comunicarnos-con-respeto-en-tiempos-de-mensajes-y-videollamadas4-1024x682.jpeg\" class=\"attachment-large size-large wp-image-30403\" alt=\"Personas usando tel\u00e9fono m\u00f3vil en espacios abiertos, comunicaci\u00f3n digital, importancia de la tecnolog\u00eda en la migraci\u00f3n, conectividad y redes sociales para migrantes.\" srcset=\"https:\/\/soymigrante.com\/revista\/wp-content\/uploads\/2025\/04\/Como-comunicarnos-con-respeto-en-tiempos-de-mensajes-y-videollamadas4-1024x682.jpeg 1024w, https:\/\/soymigrante.com\/revista\/wp-content\/uploads\/2025\/04\/Como-comunicarnos-con-respeto-en-tiempos-de-mensajes-y-videollamadas4-300x200.jpeg 300w, https:\/\/soymigrante.com\/revista\/wp-content\/uploads\/2025\/04\/Como-comunicarnos-con-respeto-en-tiempos-de-mensajes-y-videollamadas4-768x512.jpeg 768w, https:\/\/soymigrante.com\/revista\/wp-content\/uploads\/2025\/04\/Como-comunicarnos-con-respeto-en-tiempos-de-mensajes-y-videollamadas4-1536x1023.jpeg 1536w, https:\/\/soymigrante.com\/revista\/wp-content\/uploads\/2025\/04\/Como-comunicarnos-con-respeto-en-tiempos-de-mensajes-y-videollamadas4-750x500.webp 750w, https:\/\/soymigrante.com\/revista\/wp-content\/uploads\/2025\/04\/Como-comunicarnos-con-respeto-en-tiempos-de-mensajes-y-videollamadas4-1140x760.webp 1140w, https:\/\/soymigrante.com\/revista\/wp-content\/uploads\/2025\/04\/Como-comunicarnos-con-respeto-en-tiempos-de-mensajes-y-videollamadas4.webp 1600w\" sizes=\"(max-width: 768px) 100vw, 768px\" title=\"C\u00f3mo comunicarnos con respeto por mensajes y videollamadas \u2013 SoyMigrante.com REVISTA\" \/>\t\t\t\t\t\t\t\t\t\t\t<figcaption class=\"widget-image-caption wp-caption-text\">Captura de una persona usando smartphone en un entorno exterior, resaltando la comunicaci\u00f3n digital y redes sociales en la comunidad migrante.<\/figcaption>\n\t\t\t\t\t\t\t\t\t\t<\/figure>\n\t\t\t\t\t\t\t\t\t<\/div>\n\t\t\t\t\t<\/div>\n\t\t\t\t<\/div>\n\t\t<div data-particle_enable=\"false\" data-particle-mobile-disabled=\"false\" class=\"elementor-element elementor-element-21c846c e-flex e-con-boxed e-con e-parent\" data-id=\"21c846c\" data-element_type=\"container\" data-e-type=\"container\">\n\t\t\t\t\t<div class=\"e-con-inner\">\n\t\t\t\t<div class=\"elementor-element elementor-element-35e9bc2 elementor-widget elementor-widget-heading\" data-id=\"35e9bc2\" data-element_type=\"widget\" data-e-type=\"widget\" data-widget_type=\"heading.default\">\n\t\t\t\t\t<h3 class=\"elementor-heading-title elementor-size-default\">1. Las may\u00fasculas no son para todo<\/h3>\t\t\t\t<\/div>\n\t\t\t\t\t<\/div>\n\t\t\t\t<\/div>\n\t\t<div data-particle_enable=\"false\" data-particle-mobile-disabled=\"false\" class=\"elementor-element elementor-element-284cd13 e-flex e-con-boxed e-con e-parent\" data-id=\"284cd13\" data-element_type=\"container\" data-e-type=\"container\">\n\t\t\t\t\t<div class=\"e-con-inner\">\n\t\t\t\t<div class=\"elementor-element elementor-element-b7945a3 elementor-widget elementor-widget-text-editor\" data-id=\"b7945a3\" data-element_type=\"widget\" data-e-type=\"widget\" data-widget_type=\"text-editor.default\">\n\t\t\t\t\t\t\t\t\t<p>Escribir todo un mensaje en may\u00fasculas en un chat o correo electr\u00f3nico puede interpretarse como si estuvi\u00e9ramos gritando. Aunque a veces se usen para resaltar algo, como una palabra o t\u00edtulo, su uso excesivo puede incomodar a la persona que lo recibe.<\/p><p><a href=\"https:\/\/soymigrante.com\/revista\/en-la-era-digital-los-ninos-deben-tener-tambien-descanso-de-la-tecnologia\/\" target=\"_blank\" rel=\"noopener\">Lo ideal es escribir con una redacci\u00f3n natural, usando las may\u00fasculas solo donde corresponde.<\/a><\/p>\t\t\t\t\t\t\t\t<\/div>\n\t\t\t\t\t<\/div>\n\t\t\t\t<\/div>\n\t\t<div data-particle_enable=\"false\" data-particle-mobile-disabled=\"false\" class=\"elementor-element elementor-element-2c80e59 e-flex e-con-boxed e-con e-parent\" data-id=\"2c80e59\" data-element_type=\"container\" data-e-type=\"container\">\n\t\t\t\t\t<div class=\"e-con-inner\">\n\t\t\t\t<div class=\"elementor-element elementor-element-6023bec elementor-widget elementor-widget-heading\" data-id=\"6023bec\" data-element_type=\"widget\" data-e-type=\"widget\" data-widget_type=\"heading.default\">\n\t\t\t\t\t<h3 class=\"elementor-heading-title elementor-size-default\">2. \u00bfEmoticonos o no? Depende del contexto\n<\/h3>\t\t\t\t<\/div>\n\t\t\t\t\t<\/div>\n\t\t\t\t<\/div>\n\t\t<div data-particle_enable=\"false\" data-particle-mobile-disabled=\"false\" class=\"elementor-element elementor-element-588d059 e-flex e-con-boxed e-con e-parent\" data-id=\"588d059\" data-element_type=\"container\" data-e-type=\"container\">\n\t\t\t\t\t<div class=\"e-con-inner\">\n\t\t\t\t<div class=\"elementor-element elementor-element-99f5f18 elementor-widget elementor-widget-text-editor\" data-id=\"99f5f18\" data-element_type=\"widget\" data-e-type=\"widget\" data-widget_type=\"text-editor.default\">\n\t\t\t\t\t\t\t\t\t<div><a href=\"https:\/\/soymigrante.com\/revista\/en-la-era-digital-los-ninos-deben-tener-tambien-descanso-de-la-tecnologia\/\" target=\"_blank\" rel=\"noopener\">Los emoticonos o emojis pueden transmitir emociones, romper el hielo o hacer un mensaje m\u00e1s amable<\/a>. Sin embargo, su uso debe depender del grado de confianza y el contexto:<\/div><div>\u2022En ambientes laborales o con personas que no conocemos bien, es mejor evitarlos o usarlos con mucha moderaci\u00f3n.<\/div><div>\u2022Con amigos o personas cercanas, pueden humanizar el mensaje y hacerlo m\u00e1s c\u00e1lido.<\/div>\t\t\t\t\t\t\t\t<\/div>\n\t\t\t\t\t<\/div>\n\t\t\t\t<\/div>\n\t\t<div data-particle_enable=\"false\" data-particle-mobile-disabled=\"false\" class=\"elementor-element elementor-element-9abe3ea e-flex e-con-boxed e-con e-parent\" data-id=\"9abe3ea\" data-element_type=\"container\" data-e-type=\"container\">\n\t\t\t\t\t<div class=\"e-con-inner\">\n\t\t\t\t<div class=\"elementor-element elementor-element-f4090a7 elementor-widget elementor-widget-heading\" data-id=\"f4090a7\" data-element_type=\"widget\" data-e-type=\"widget\" data-widget_type=\"heading.default\">\n\t\t\t\t\t<h3 class=\"elementor-heading-title elementor-size-default\">3. Audios s\u00ed, pero con criterio<\/h3>\t\t\t\t<\/div>\n\t\t\t\t\t<\/div>\n\t\t\t\t<\/div>\n\t\t<div data-particle_enable=\"false\" data-particle-mobile-disabled=\"false\" class=\"elementor-element elementor-element-f55bf0a e-flex e-con-boxed e-con e-parent\" data-id=\"f55bf0a\" data-element_type=\"container\" data-e-type=\"container\">\n\t\t\t\t\t<div class=\"e-con-inner\">\n\t\t\t\t<div class=\"elementor-element elementor-element-17c51a1 elementor-widget elementor-widget-text-editor\" data-id=\"17c51a1\" data-element_type=\"widget\" data-e-type=\"widget\" data-widget_type=\"text-editor.default\">\n\t\t\t\t\t\t\t\t\t<p>Enviar mensajes de voz puede ser pr\u00e1ctico, pero si no se tiene confianza con la persona o si no se sabe si puede escucharlos (por ejemplo, si est\u00e1 trabajando), es mejor escribir. Tambi\u00e9n es recomendable que los audios sean cortos, claros y no excedan los 1-2 minutos.<\/p><p>Antes de enviar un audio a alguien con quien no se tiene mucha cercan\u00eda, es buena idea preguntar: <a href=\"https:\/\/soymigrante.com\/revista\/en-la-era-digital-los-ninos-deben-tener-tambien-descanso-de-la-tecnologia\/\" target=\"_blank\" rel=\"noopener\">\u201c\u00bfTe puedo enviar un audio?\u201d<\/a><\/p>\t\t\t\t\t\t\t\t<\/div>\n\t\t\t\t\t<\/div>\n\t\t\t\t<\/div>\n\t\t<div data-particle_enable=\"false\" data-particle-mobile-disabled=\"false\" class=\"elementor-element elementor-element-2fcf740 e-flex e-con-boxed e-con e-parent\" data-id=\"2fcf740\" data-element_type=\"container\" data-e-type=\"container\">\n\t\t\t\t\t<div class=\"e-con-inner\">\n\t\t\t\t<div class=\"elementor-element elementor-element-418efbc elementor-widget elementor-widget-heading\" data-id=\"418efbc\" data-element_type=\"widget\" data-e-type=\"widget\" data-widget_type=\"heading.default\">\n\t\t\t\t\t<h3 class=\"elementor-heading-title elementor-size-default\">4. Videollamadas: \u00bfcu\u00e1ndo s\u00ed, cu\u00e1ndo no?<\/h3>\t\t\t\t<\/div>\n\t\t\t\t\t<\/div>\n\t\t\t\t<\/div>\n\t\t<div data-particle_enable=\"false\" data-particle-mobile-disabled=\"false\" class=\"elementor-element elementor-element-a931014 e-flex e-con-boxed e-con e-parent\" data-id=\"a931014\" data-element_type=\"container\" data-e-type=\"container\">\n\t\t\t\t\t<div class=\"e-con-inner\">\n\t\t\t\t<div class=\"elementor-element elementor-element-aac9a88 elementor-widget elementor-widget-text-editor\" data-id=\"aac9a88\" data-element_type=\"widget\" data-e-type=\"widget\" data-widget_type=\"text-editor.default\">\n\t\t\t\t\t\t\t\t\t<div><a href=\"https:\/\/soymigrante.com\/revista\/en-la-era-digital-los-ninos-deben-tener-tambien-descanso-de-la-tecnologia\/\" target=\"_blank\" rel=\"noopener\">Las videollamadas son herramientas \u00fatiles, pero no deben usarse sin previo aviso.<\/a> Las normas b\u00e1sicas son:<\/div><div>\u2022No hacer videollamadas sorpresa, a menos que se tenga mucha confianza.<\/div><div>\u2022Pedir permiso o coordinar previamente.<\/div><div>\u2022Asegurarse de que la persona est\u00e1 disponible, con buena conexi\u00f3n y en un entorno c\u00f3modo.<\/div><div>\u00a0<\/div><div>En lo laboral, se recomiendan solo cuando la situaci\u00f3n lo amerite y no puede resolverse con un correo o mensaje breve.<\/div>\t\t\t\t\t\t\t\t<\/div>\n\t\t\t\t\t<\/div>\n\t\t\t\t<\/div>\n\t\t<div data-particle_enable=\"false\" data-particle-mobile-disabled=\"false\" class=\"elementor-element elementor-element-730f94f e-flex e-con-boxed e-con e-parent\" data-id=\"730f94f\" data-element_type=\"container\" data-e-type=\"container\">\n\t\t\t\t\t<div class=\"e-con-inner\">\n\t\t\t\t<div class=\"elementor-element elementor-element-19d6ad9 elementor-widget elementor-widget-image\" data-id=\"19d6ad9\" data-element_type=\"widget\" data-e-type=\"widget\" data-widget_type=\"image.default\">\n\t\t\t\t\t\t\t\t\t\t\t\t<figure class=\"wp-caption\">\n\t\t\t\t\t\t\t\t\t\t<img decoding=\"async\" width=\"768\" height=\"512\" src=\"https:\/\/soymigrante.com\/revista\/wp-content\/uploads\/2025\/04\/Como-comunicarnos-con-respeto-en-tiempos-de-mensajes-y-videollamadas2-1024x682.jpeg\" class=\"attachment-large size-large wp-image-30405\" alt=\"J\u00f3venes migrantes usando tel\u00e9fonos m\u00f3viles, promoviendo la conectividad y cultura migrante en la comunidad internacional.\" srcset=\"https:\/\/soymigrante.com\/revista\/wp-content\/uploads\/2025\/04\/Como-comunicarnos-con-respeto-en-tiempos-de-mensajes-y-videollamadas2-1024x682.jpeg 1024w, https:\/\/soymigrante.com\/revista\/wp-content\/uploads\/2025\/04\/Como-comunicarnos-con-respeto-en-tiempos-de-mensajes-y-videollamadas2-300x200.jpeg 300w, https:\/\/soymigrante.com\/revista\/wp-content\/uploads\/2025\/04\/Como-comunicarnos-con-respeto-en-tiempos-de-mensajes-y-videollamadas2-768x512.jpeg 768w, https:\/\/soymigrante.com\/revista\/wp-content\/uploads\/2025\/04\/Como-comunicarnos-con-respeto-en-tiempos-de-mensajes-y-videollamadas2-1536x1023.jpeg 1536w, https:\/\/soymigrante.com\/revista\/wp-content\/uploads\/2025\/04\/Como-comunicarnos-con-respeto-en-tiempos-de-mensajes-y-videollamadas2-750x500.webp 750w, https:\/\/soymigrante.com\/revista\/wp-content\/uploads\/2025\/04\/Como-comunicarnos-con-respeto-en-tiempos-de-mensajes-y-videollamadas2-1140x760.webp 1140w, https:\/\/soymigrante.com\/revista\/wp-content\/uploads\/2025\/04\/Como-comunicarnos-con-respeto-en-tiempos-de-mensajes-y-videollamadas2.webp 1600w\" sizes=\"(max-width: 768px) 100vw, 768px\" title=\"C\u00f3mo comunicarnos con respeto en tiempos de mensajes y videollamadas2 \u2013 SoyMigrante.com REVISTA\" \/>\t\t\t\t\t\t\t\t\t\t\t<figcaption class=\"widget-image-caption wp-caption-text\">J\u00f3venes migrantes conectados a trav\u00e9s de smartphones en un encuentro cultural.<\/figcaption>\n\t\t\t\t\t\t\t\t\t\t<\/figure>\n\t\t\t\t\t\t\t\t\t<\/div>\n\t\t\t\t\t<\/div>\n\t\t\t\t<\/div>\n\t\t<div data-particle_enable=\"false\" data-particle-mobile-disabled=\"false\" class=\"elementor-element elementor-element-4391fdc e-flex e-con-boxed e-con e-parent\" data-id=\"4391fdc\" data-element_type=\"container\" data-e-type=\"container\">\n\t\t\t\t\t<div class=\"e-con-inner\">\n\t\t\t\t<div class=\"elementor-element elementor-element-e6819b4 elementor-widget elementor-widget-heading\" data-id=\"e6819b4\" data-element_type=\"widget\" data-e-type=\"widget\" data-widget_type=\"heading.default\">\n\t\t\t\t\t<h3 class=\"elementor-heading-title elementor-size-default\">5. \u00bfWhatsApp, correo o redes? Elige bien el canal<\/h3>\t\t\t\t<\/div>\n\t\t\t\t\t<\/div>\n\t\t\t\t<\/div>\n\t\t<div data-particle_enable=\"false\" data-particle-mobile-disabled=\"false\" class=\"elementor-element elementor-element-a285c64 e-flex e-con-boxed e-con e-parent\" data-id=\"a285c64\" data-element_type=\"container\" data-e-type=\"container\">\n\t\t\t\t\t<div class=\"e-con-inner\">\n\t\t\t\t<div class=\"elementor-element elementor-element-a35c7e8 elementor-widget elementor-widget-text-editor\" data-id=\"a35c7e8\" data-element_type=\"widget\" data-e-type=\"widget\" data-widget_type=\"text-editor.default\">\n\t\t\t\t\t\t\t\t\t<div>Cada canal tiene su prop\u00f3sito. Usar el correcto tambi\u00e9n es parte de una comunicaci\u00f3n efectiva:<\/div><div><strong>\u2022WhatsApp:<\/strong> \u00fatil para mensajes r\u00e1pidos, personales o de coordinaci\u00f3n inmediata. Mejor no enviar textos largos o temas formales.<\/div><div><strong>\u2022Correo electr\u00f3nico:<\/strong> ideal para temas laborales, formales o donde se requiere dejar constancia.<\/div><div><strong>\u2022Redes sociales:<\/strong> se usan para interacciones informales o para conectar con personas de manera m\u00e1s general. No es el canal ideal para tratar asuntos delicados o formales.<\/div>\t\t\t\t\t\t\t\t<\/div>\n\t\t\t\t\t<\/div>\n\t\t\t\t<\/div>\n\t\t<div data-particle_enable=\"false\" data-particle-mobile-disabled=\"false\" class=\"elementor-element elementor-element-59225c7 e-flex e-con-boxed e-con e-parent\" data-id=\"59225c7\" data-element_type=\"container\" data-e-type=\"container\">\n\t\t\t\t\t<div class=\"e-con-inner\">\n\t\t\t\t<div class=\"elementor-element elementor-element-87bfb63 elementor-widget elementor-widget-heading\" data-id=\"87bfb63\" data-element_type=\"widget\" data-e-type=\"widget\" data-widget_type=\"heading.default\">\n\t\t\t\t\t<h3 class=\"elementor-heading-title elementor-size-default\">6. S\u00e9 breve, claro y directo<\/h3>\t\t\t\t<\/div>\n\t\t\t\t\t<\/div>\n\t\t\t\t<\/div>\n\t\t<div data-particle_enable=\"false\" data-particle-mobile-disabled=\"false\" class=\"elementor-element elementor-element-346af7c e-flex e-con-boxed e-con e-parent\" data-id=\"346af7c\" data-element_type=\"container\" data-e-type=\"container\">\n\t\t\t\t\t<div class=\"e-con-inner\">\n\t\t\t\t<div class=\"elementor-element elementor-element-a87a0ac elementor-widget elementor-widget-text-editor\" data-id=\"a87a0ac\" data-element_type=\"widget\" data-e-type=\"widget\" data-widget_type=\"text-editor.default\">\n\t\t\t\t\t\t\t\t\t<p>Un mensaje bien escrito debe ser claro, sin rodeos innecesarios. Revisar antes de enviar ayuda a evitar errores ortogr\u00e1ficos o malentendidos. Si se trata de un mensaje importante, conviene leerlo una vez m\u00e1s antes de darle \u201cenviar\u201d.<\/p>\t\t\t\t\t\t\t\t<\/div>\n\t\t\t\t\t<\/div>\n\t\t\t\t<\/div>\n\t\t<div data-particle_enable=\"false\" data-particle-mobile-disabled=\"false\" class=\"elementor-element elementor-element-444bf51 e-flex e-con-boxed e-con e-parent\" data-id=\"444bf51\" data-element_type=\"container\" data-e-type=\"container\">\n\t\t\t\t\t<div class=\"e-con-inner\">\n\t\t\t\t<div class=\"elementor-element elementor-element-6608e26 elementor-widget elementor-widget-heading\" data-id=\"6608e26\" data-element_type=\"widget\" data-e-type=\"widget\" data-widget_type=\"heading.default\">\n\t\t\t\t\t<h3 class=\"elementor-heading-title elementor-size-default\">7. Grados de confianza: la clave para adaptar el tono<\/h3>\t\t\t\t<\/div>\n\t\t\t\t\t<\/div>\n\t\t\t\t<\/div>\n\t\t<div data-particle_enable=\"false\" data-particle-mobile-disabled=\"false\" class=\"elementor-element elementor-element-8a581af e-flex e-con-boxed e-con e-parent\" data-id=\"8a581af\" data-element_type=\"container\" data-e-type=\"container\">\n\t\t\t\t\t<div class=\"e-con-inner\">\n\t\t\t\t<div class=\"elementor-element elementor-element-6e77700 elementor-widget elementor-widget-text-editor\" data-id=\"6e77700\" data-element_type=\"widget\" data-e-type=\"widget\" data-widget_type=\"text-editor.default\">\n\t\t\t\t\t\t\t\t\t<div><a href=\"https:\/\/soymigrante.com\/revista\/en-la-era-digital-los-ninos-deben-tener-tambien-descanso-de-la-tecnologia\/\" target=\"_blank\" rel=\"noopener\">La comunicaci\u00f3n digital se adapta seg\u00fan la relaci\u00f3n:<\/a><\/div><div><strong>\u2022Con desconocidos o superiores:<\/strong> mensajes formales, sin emojis, sin audios largos, y preferiblemente por correo.<\/div><div><strong>\u2022Con colegas o conocidos:<\/strong> mensajes m\u00e1s relajados, pero siempre con respeto.<\/div><div><strong>\u2022Con amigos o familiares:<\/strong> tono casual, emojis permitidos, audios y hasta videollamadas espont\u00e1neas, seg\u00fan la confianza.<\/div><div>\u00a0<\/div>\t\t\t\t\t\t\t\t<\/div>\n\t\t\t\t\t<\/div>\n\t\t\t\t<\/div>\n\t\t<div data-particle_enable=\"false\" data-particle-mobile-disabled=\"false\" class=\"elementor-element elementor-element-8f93ef7 e-flex e-con-boxed e-con e-parent\" data-id=\"8f93ef7\" data-element_type=\"container\" data-e-type=\"container\">\n\t\t\t\t\t<div class=\"e-con-inner\">\n\t\t\t\t<div class=\"elementor-element elementor-element-3aa7f32 elementor-widget elementor-widget-image\" data-id=\"3aa7f32\" data-element_type=\"widget\" data-e-type=\"widget\" data-widget_type=\"image.default\">\n\t\t\t\t\t\t\t\t\t\t\t\t<figure class=\"wp-caption\">\n\t\t\t\t\t\t\t\t\t\t<img decoding=\"async\" width=\"768\" height=\"513\" src=\"https:\/\/soymigrante.com\/revista\/wp-content\/uploads\/2025\/04\/Como-comunicarnos-con-respeto-en-tiempos-de-mensajes-y-videollamadas3-1024x684.jpeg\" class=\"attachment-large size-large wp-image-30404\" alt=\"Amor y mensajes rom\u00e1nticos en dispositivos m\u00f3viles, enfoque en relaciones y comunicaci\u00f3n afectiva para audiencia migrante y global.\" srcset=\"https:\/\/soymigrante.com\/revista\/wp-content\/uploads\/2025\/04\/Como-comunicarnos-con-respeto-en-tiempos-de-mensajes-y-videollamadas3-1024x684.jpeg 1024w, https:\/\/soymigrante.com\/revista\/wp-content\/uploads\/2025\/04\/Como-comunicarnos-con-respeto-en-tiempos-de-mensajes-y-videollamadas3-300x200.jpeg 300w, https:\/\/soymigrante.com\/revista\/wp-content\/uploads\/2025\/04\/Como-comunicarnos-con-respeto-en-tiempos-de-mensajes-y-videollamadas3-768x513.jpeg 768w, https:\/\/soymigrante.com\/revista\/wp-content\/uploads\/2025\/04\/Como-comunicarnos-con-respeto-en-tiempos-de-mensajes-y-videollamadas3-1536x1025.jpeg 1536w, https:\/\/soymigrante.com\/revista\/wp-content\/uploads\/2025\/04\/Como-comunicarnos-con-respeto-en-tiempos-de-mensajes-y-videollamadas3-750x501.webp 750w, https:\/\/soymigrante.com\/revista\/wp-content\/uploads\/2025\/04\/Como-comunicarnos-con-respeto-en-tiempos-de-mensajes-y-videollamadas3-1140x761.webp 1140w, https:\/\/soymigrante.com\/revista\/wp-content\/uploads\/2025\/04\/Como-comunicarnos-con-respeto-en-tiempos-de-mensajes-y-videollamadas3.webp 1600w\" sizes=\"(max-width: 768px) 100vw, 768px\" title=\"C\u00f3mo comunicarnos con respeto por mensajes y videollamadas \u2013 SoyMigrante.com REVISTA\" \/>\t\t\t\t\t\t\t\t\t\t\t<figcaption class=\"widget-image-caption wp-caption-text\">Mensaje de amor en pantalla de tel\u00e9fono m\u00f3vil, referencia a comunicaci\u00f3n emocional y relaciones a distancia.<\/figcaption>\n\t\t\t\t\t\t\t\t\t\t<\/figure>\n\t\t\t\t\t\t\t\t\t<\/div>\n\t\t\t\t\t<\/div>\n\t\t\t\t<\/div>\n\t\t<div data-particle_enable=\"false\" data-particle-mobile-disabled=\"false\" class=\"elementor-element elementor-element-0e5d157 e-flex e-con-boxed e-con e-parent\" data-id=\"0e5d157\" data-element_type=\"container\" data-e-type=\"container\">\n\t\t\t\t\t<div class=\"e-con-inner\">\n\t\t\t\t<div class=\"elementor-element elementor-element-cfac456 elementor-widget elementor-widget-text-editor\" data-id=\"cfac456\" data-element_type=\"widget\" data-e-type=\"widget\" data-widget_type=\"text-editor.default\">\n\t\t\t\t\t\t\t\t\t<p>En un mundo cada vez m\u00e1s conectado, saber cu\u00e1ndo y c\u00f3mo comunicarse puede marcar una gran diferencia.<a href=\"https:\/\/soymigrante.com\/revista\/en-la-era-digital-los-ninos-deben-tener-tambien-descanso-de-la-tecnologia\/\" target=\"_blank\" rel=\"noopener\"> La cortes\u00eda digital no solo demuestra respeto, sino tambi\u00e9n inteligencia emocional.<\/a> La clave est\u00e1 en usar el canal adecuado, con el tono correcto, y siempre tener presente que del otro lado hay una persona.<\/p>\t\t\t\t\t\t\t\t<\/div>\n\t\t\t\t\t<\/div>\n\t\t\t\t<\/div>\n\t\t<div data-particle_enable=\"false\" data-particle-mobile-disabled=\"false\" class=\"elementor-element elementor-element-029a55b e-flex e-con-boxed e-con e-parent\" data-id=\"029a55b\" data-element_type=\"container\" data-e-type=\"container\">\n\t\t\t\t\t<div class=\"e-con-inner\">\n\t\t\t\t<div class=\"elementor-element elementor-element-b4e522a elementor-widget elementor-widget-heading\" data-id=\"b4e522a\" data-element_type=\"widget\" data-e-type=\"widget\" data-widget_type=\"heading.default\">\n\t\t\t\t\t<h2 class=\"elementor-heading-title elementor-size-default\">Estos temas te pueden interesar...<\/h2>\t\t\t\t<\/div>\n\t\t\t\t\t<\/div>\n\t\t\t\t<\/div>\n\t\t<div data-particle_enable=\"false\" data-particle-mobile-disabled=\"false\" class=\"elementor-element elementor-element-ef8467f e-flex e-con-boxed e-con e-parent\" data-id=\"ef8467f\" data-element_type=\"container\" data-e-type=\"container\">\n\t\t\t\t\t<div class=\"e-con-inner\">\n\t\t\t\t<div class=\"elementor-element elementor-element-5b084af elementor-grid-eael-col-3 elementor-grid-tablet-eael-col-2 elementor-grid-mobile-eael-col-1 elementor-widget elementor-widget-eael-post-grid\" data-id=\"5b084af\" data-element_type=\"widget\" data-e-type=\"widget\" data-settings=\"{&quot;eael_post_grid_columns&quot;:&quot;eael-col-3&quot;,&quot;eael_post_grid_columns_tablet&quot;:&quot;eael-col-2&quot;,&quot;eael_post_grid_columns_mobile&quot;:&quot;eael-col-1&quot;}\" data-widget_type=\"eael-post-grid.default\">\n\t\t\t\t\t<div id=\"eael-post-grid-5b084af\" class=\"eael-post-grid-container\">\n            <div class=\"eael-post-grid eael-post-appender eael-post-appender-5b084af eael-post-grid-style-one\" data-layout-mode=\"masonry\"><article class=\"eael-grid-post  eael-post-grid-column eael-pg-post-26480 category-bienestar\" data-id=\"26480\">\n        <div class=\"eael-grid-post-holder\">\n            <div class=\"eael-grid-post-holder-inner\"><div class=\"eael-entry-media\"><div class=\"eael-entry-overlay fade-in\"><i class=\"far fa-hand-pointer\" aria-hidden=\"true\"><\/i><a href=\"https:\/\/soymigrante.com\/revista\/migrantes-han-estado-continuamente-en-los-mensajes-y-oraciones-del-papa-francisco\/\"><\/a><\/div><div class=\"eael-entry-thumbnail \">\n                <img loading=\"lazy\" decoding=\"async\" width=\"426\" height=\"426\" src=\"https:\/\/soymigrante.com\/revista\/wp-content\/uploads\/2025\/02\/papa-francisco-migrantes.jpeg\" class=\"attachment-large size-large wp-image-31561\" alt=\"Refugiados y migrantes en marchas por derechos humanos y justicia social en espacios p\u00fablicos, promoviendo inclusi\u00f3n y solidaridad.\" srcset=\"https:\/\/soymigrante.com\/revista\/wp-content\/uploads\/2025\/02\/papa-francisco-migrantes.jpeg 426w, https:\/\/soymigrante.com\/revista\/wp-content\/uploads\/2025\/02\/papa-francisco-migrantes-300x300.jpeg 300w, https:\/\/soymigrante.com\/revista\/wp-content\/uploads\/2025\/02\/papa-francisco-migrantes-150x150.jpeg 150w, https:\/\/soymigrante.com\/revista\/wp-content\/uploads\/2025\/02\/papa-francisco-migrantes-75x75.jpeg 75w\" sizes=\"(max-width: 426px) 100vw, 426px\" \/>\n            <\/div>\n        <\/div><div class=\"eael-entry-wrapper\"><header class=\"eael-entry-header\"><h2 class=\"eael-entry-title\"><a class=\"eael-grid-post-link\" href=\"https:\/\/soymigrante.com\/revista\/migrantes-han-estado-continuamente-en-los-mensajes-y-oraciones-del-papa-francisco\/\" title=\"Migrantes siempre estuvieron presentes en  mensajes y oraciones del Papa Francisco (1936-2025)\">Migrantes siempre estuvieron presentes en  mensajes y oraciones del Papa Francisco (1936-2025)<\/a><\/h2><\/header><div class=\"eael-entry-content\">\n                        <div class=\"eael-grid-post-excerpt\"><a href=\"https:\/\/soymigrante.com\/revista\/migrantes-han-estado-continuamente-en-los-mensajes-y-oraciones-del-papa-francisco\/\" class=\"eael-post-elements-readmore-btn\">CONOCE SU HISTORIA <\/a><\/div>\n                    <\/div><\/div><\/div>\n        <\/div>\n    <\/article><article class=\"eael-grid-post  eael-post-grid-column eael-pg-post-26426 category-bienestar\" data-id=\"26426\">\n        <div class=\"eael-grid-post-holder\">\n            <div class=\"eael-grid-post-holder-inner\"><div class=\"eael-entry-media\"><div class=\"eael-entry-overlay fade-in\"><i class=\"far fa-hand-pointer\" aria-hidden=\"true\"><\/i><a href=\"https:\/\/soymigrante.com\/revista\/en-la-era-digital-los-ninos-deben-tener-tambien-descanso-de-la-tecnologia\/\"><\/a><\/div><div class=\"eael-entry-thumbnail \">\n                <img loading=\"lazy\" decoding=\"async\" width=\"1024\" height=\"1024\" src=\"https:\/\/soymigrante.com\/revista\/wp-content\/uploads\/2025\/02\/Co\u0301mo-alejar-a-los-nin\u0303os-de-la-tecnologi\u0301a-en-la-era-digital-4-scaled-e1740514893836-1024x1024.jpg\" class=\"attachment-large size-large wp-image-26427\" alt=\"C\u00f3mo alejar a los ni\u00f1os de la tecnolog\u00eda en la era digital\" srcset=\"https:\/\/soymigrante.com\/revista\/wp-content\/uploads\/2025\/02\/Co\u0301mo-alejar-a-los-nin\u0303os-de-la-tecnologi\u0301a-en-la-era-digital-4-scaled-e1740514893836-1024x1024.jpg 1024w, https:\/\/soymigrante.com\/revista\/wp-content\/uploads\/2025\/02\/Co\u0301mo-alejar-a-los-nin\u0303os-de-la-tecnologi\u0301a-en-la-era-digital-4-scaled-e1740514893836-300x300.jpg 300w, https:\/\/soymigrante.com\/revista\/wp-content\/uploads\/2025\/02\/Co\u0301mo-alejar-a-los-nin\u0303os-de-la-tecnologi\u0301a-en-la-era-digital-4-scaled-e1740514893836-150x150.jpg 150w, https:\/\/soymigrante.com\/revista\/wp-content\/uploads\/2025\/02\/Co\u0301mo-alejar-a-los-nin\u0303os-de-la-tecnologi\u0301a-en-la-era-digital-4-scaled-e1740514893836-768x768.jpg 768w, https:\/\/soymigrante.com\/revista\/wp-content\/uploads\/2025\/02\/Co\u0301mo-alejar-a-los-nin\u0303os-de-la-tecnologi\u0301a-en-la-era-digital-4-scaled-e1740514893836-1536x1536.jpg 1536w, https:\/\/soymigrante.com\/revista\/wp-content\/uploads\/2025\/02\/Co\u0301mo-alejar-a-los-nin\u0303os-de-la-tecnologi\u0301a-en-la-era-digital-4-scaled-e1740514893836-75x75.webp 75w, https:\/\/soymigrante.com\/revista\/wp-content\/uploads\/2025\/02\/Co\u0301mo-alejar-a-los-nin\u0303os-de-la-tecnologi\u0301a-en-la-era-digital-4-scaled-e1740514893836-750x750.webp 750w, https:\/\/soymigrante.com\/revista\/wp-content\/uploads\/2025\/02\/Co\u0301mo-alejar-a-los-nin\u0303os-de-la-tecnologi\u0301a-en-la-era-digital-4-scaled-e1740514893836-1140x1140.webp 1140w, https:\/\/soymigrante.com\/revista\/wp-content\/uploads\/2025\/02\/Co\u0301mo-alejar-a-los-nin\u0303os-de-la-tecnologi\u0301a-en-la-era-digital-4-scaled-e1740514893836.webp 1707w\" sizes=\"(max-width: 1024px) 100vw, 1024px\" \/>\n            <\/div>\n        <\/div><div class=\"eael-entry-wrapper\"><header class=\"eael-entry-header\"><h2 class=\"eael-entry-title\"><a class=\"eael-grid-post-link\" href=\"https:\/\/soymigrante.com\/revista\/en-la-era-digital-los-ninos-deben-tener-tambien-descanso-de-la-tecnologia\/\" title=\"En la era digital, los ni\u00f1os deben tener tambi\u00e9n descanso de la tecnolog\u00eda\">En la era digital, los ni\u00f1os deben tener tambi\u00e9n descanso de la tecnolog\u00eda<\/a><\/h2><\/header><div class=\"eael-entry-content\">\n                        <div class=\"eael-grid-post-excerpt\"><a href=\"https:\/\/soymigrante.com\/revista\/en-la-era-digital-los-ninos-deben-tener-tambien-descanso-de-la-tecnologia\/\" class=\"eael-post-elements-readmore-btn\">CONOCE SU HISTORIA <\/a><\/div>\n                    <\/div><\/div><\/div>\n        <\/div>\n    <\/article><article class=\"eael-grid-post  eael-post-grid-column eael-pg-post-18117 category-en-familia\" data-id=\"18117\">\n        <div class=\"eael-grid-post-holder\">\n            <div class=\"eael-grid-post-holder-inner\"><div class=\"eael-entry-media\"><div class=\"eael-entry-overlay fade-in\"><i class=\"far fa-hand-pointer\" aria-hidden=\"true\"><\/i><a href=\"https:\/\/soymigrante.com\/revista\/sugerencias-para-crear-mensajes-motivadores-de-ano-nuevo-para-familiares-migrantes\/\"><\/a><\/div><div class=\"eael-entry-thumbnail \">\n                <img loading=\"lazy\" decoding=\"async\" width=\"690\" height=\"690\" src=\"https:\/\/soymigrante.com\/revista\/wp-content\/uploads\/2024\/12\/nube-palabras-ano-nuevo-e1735315993154.webp\" class=\"attachment-large size-large wp-image-18439\" alt=\"Esfuerzo y gratitud, palabras clave en la revista SoyMigrante.com REVISTA que inspiran: fuerza, perseverancia y apoyo en la comunidad migrante de habla hispana.\" srcset=\"https:\/\/soymigrante.com\/revista\/wp-content\/uploads\/2024\/12\/nube-palabras-ano-nuevo-e1735315993154.webp 690w, https:\/\/soymigrante.com\/revista\/wp-content\/uploads\/2024\/12\/nube-palabras-ano-nuevo-e1735315993154-300x300.jpg 300w, https:\/\/soymigrante.com\/revista\/wp-content\/uploads\/2024\/12\/nube-palabras-ano-nuevo-e1735315993154-150x150.jpg 150w, https:\/\/soymigrante.com\/revista\/wp-content\/uploads\/2024\/12\/nube-palabras-ano-nuevo-e1735315993154-75x75.webp 75w\" sizes=\"(max-width: 690px) 100vw, 690px\" \/>\n            <\/div>\n        <\/div><div class=\"eael-entry-wrapper\"><header class=\"eael-entry-header\"><h2 class=\"eael-entry-title\"><a class=\"eael-grid-post-link\" href=\"https:\/\/soymigrante.com\/revista\/sugerencias-para-crear-mensajes-motivadores-de-ano-nuevo-para-familiares-migrantes\/\" title=\"Sugerencias para crear mensajes motivadores de A\u00f1o Nuevo para familiares migrantes\">Sugerencias para crear mensajes motivadores de A\u00f1o Nuevo para familiares migrantes<\/a><\/h2><\/header><div class=\"eael-entry-content\">\n                        <div class=\"eael-grid-post-excerpt\"><a href=\"https:\/\/soymigrante.com\/revista\/sugerencias-para-crear-mensajes-motivadores-de-ano-nuevo-para-familiares-migrantes\/\" class=\"eael-post-elements-readmore-btn\">CONOCE SU HISTORIA <\/a><\/div>\n                    <\/div><\/div><\/div>\n        <\/div>\n    <\/article><\/div>\n            <div class=\"clearfix\"><\/div>\n        <\/div>\t\t\t\t<\/div>\n\t\t\t\t\t<\/div>\n\t\t\t\t<\/div>\n\t\t\t\t<\/div>\n\t\t","protected":false},"excerpt":{"rendered":"<p>Comunicarnos con respeto en los tiempos de mensajes y videollamadas puede ser un desaf\u00edo, pero existen reglas de etiqueta que no puedes perder. En la era de la inmediatez y los tel\u00e9fonos inteligentes, saber comunicarse correctamente a trav\u00e9s de medios digitales se ha convertido en una necesidad. WhatsApp, correos electr\u00f3nicos, redes sociales y videollamadas tienen [&hellip;]<\/p>\n","protected":false},"author":19,"featured_media":30401,"comment_status":"open","ping_status":"open","sticky":false,"template":"","format":"standard","meta":{"_acf_changed":false,"_eb_attr":"","footnotes":""},"categories":[55],"tags":[],"class_list":["post-30400","post","type-post","status-publish","format-standard","has-post-thumbnail","hentry","category-bienestar"],"acf":[],"aioseo_notices":[],"aioseo_head":"\n\t\t<!-- All in One SEO Pro 4.9.6.2 - aioseo.com -->\n\t<meta name=\"description\" content=\"Un mensaje optimista fortalece el puente emocional entre las familias guatemaltecas y sus seres queridos en USA. Estas son algunas ideas para expresar.\" \/>\n\t<meta name=\"robots\" content=\"max-snippet:-1, max-image-preview:large, max-video-preview:-1\" \/>\n\t<meta name=\"author\" content=\"Marysabel Aldana\"\/>\n\t<link rel=\"canonical\" href=\"https:\/\/soymigrante.com\/revista\/sugerencias-para-crear-mensajes-motivadores-de-ano-nuevo-para-familiares-migrantes\/\" \/>\n\t<meta name=\"generator\" content=\"All in One SEO Pro (AIOSEO) 4.9.6.2\" \/>\n\n\t\t<link rel=\"preconnect\" href=\"https:\/\/fonts.googleapis.com\" crossorigin>\n<link rel=\"preconnect\" href=\"https:\/\/fonts.gstatic.com\" crossorigin>\n\t\t<meta property=\"og:locale\" content=\"es_ES\" \/>\n\t\t<meta property=\"og:site_name\" content=\"SoyMigrante.com REVISTA \u2013 Nuestra misi\u00f3n es reconocer y dignificar al migrante.\" \/>\n\t\t<meta property=\"og:type\" content=\"article\" \/>\n\t\t<meta property=\"og:title\" content=\"Sugerencias para crear mensajes motivadores de A\u00f1o Nuevo para familiares migrantes\" \/>\n\t\t<meta property=\"og:description\" content=\"Un mensaje optimista fortalece el puente emocional entre las familias guatemaltecas y sus seres queridos en USA. Estas son algunas ideas para expresar.\" \/>\n\t\t<meta property=\"og:url\" content=\"https:\/\/soymigrante.com\/revista\/sugerencias-para-crear-mensajes-motivadores-de-ano-nuevo-para-familiares-migrantes\/\" \/>\n\t\t<meta property=\"og:image\" content=\"https:\/\/soymigrante.com\/revista\/wp-content\/uploads\/2024\/12\/nube-palabras-ano-nuevo-e1735315993154.webp\" \/>\n\t\t<meta property=\"og:image:secure_url\" content=\"https:\/\/soymigrante.com\/revista\/wp-content\/uploads\/2024\/12\/nube-palabras-ano-nuevo-e1735315993154.webp\" \/>\n\t\t<meta property=\"og:image:width\" content=\"690\" \/>\n\t\t<meta property=\"og:image:height\" content=\"690\" \/>\n\t\t<meta property=\"article:published_time\" content=\"2024-12-27T16:22:30+00:00\" \/>\n\t\t<meta property=\"article:modified_time\" content=\"2025-08-28T05:40:49+00:00\" \/>\n\t\t<meta property=\"article:publisher\" content=\"https:\/\/www.facebook.com\/soymigrantecom\" \/>\n\t\t<meta name=\"twitter:card\" content=\"summary_large_image\" \/>\n\t\t<meta name=\"twitter:site\" content=\"@SoyMigrante_com\" \/>\n\t\t<meta name=\"twitter:title\" content=\"Sugerencias para crear mensajes motivadores de A\u00f1o Nuevo para familiares migrantes\" \/>\n\t\t<meta name=\"twitter:description\" content=\"Un mensaje optimista fortalece el puente emocional entre las familias guatemaltecas y sus seres queridos en USA. Estas son algunas ideas para expresar.\" \/>\n\t\t<meta name=\"twitter:creator\" content=\"@SoyMigrante_com\" \/>\n\t\t<meta name=\"twitter:image\" content=\"https:\/\/soymigrante.com\/revista\/wp-content\/uploads\/2024\/12\/nube-palabras-ano-nuevo-e1735315993154.webp\" \/>\n\t\t<!-- All in One SEO Pro -->\r\n\t\t<title>Sugerencias para crear mensajes motivadores de A\u00f1o Nuevo para familiares migrantes<\/title>\n\n","aioseo_head_json":{"title":"Sugerencias para crear mensajes motivadores de A\u00f1o Nuevo para familiares migrantes","description":"Un mensaje optimista fortalece el puente emocional entre las familias guatemaltecas y sus seres queridos en USA. Estas son algunas ideas para expresar.","canonical_url":"https:\/\/soymigrante.com\/revista\/sugerencias-para-crear-mensajes-motivadores-de-ano-nuevo-para-familiares-migrantes\/","robots":"max-snippet:-1, max-image-preview:large, max-video-preview:-1","keywords":"","webmasterTools":{"miscellaneous":"&lt;link rel=\"preconnect\" href=\"https:\/\/fonts.googleapis.com\" crossorigin&gt;\n&lt;link rel=\"preconnect\" href=\"https:\/\/fonts.gstatic.com\" crossorigin&gt;"},"schema":null,"og:locale":"es_ES","og:site_name":"SoyMigrante.com REVISTA \u2013 Nuestra misi\u00f3n es reconocer y dignificar al migrante.","og:type":"article","og:title":"Sugerencias para crear mensajes motivadores de A\u00f1o Nuevo para familiares migrantes","og:description":"Un mensaje optimista fortalece el puente emocional entre las familias guatemaltecas y sus seres queridos en USA. Estas son algunas ideas para expresar.","og:url":"https:\/\/soymigrante.com\/revista\/sugerencias-para-crear-mensajes-motivadores-de-ano-nuevo-para-familiares-migrantes\/","og:image":"https:\/\/soymigrante.com\/revista\/wp-content\/uploads\/2024\/12\/nube-palabras-ano-nuevo-e1735315993154.webp","og:image:secure_url":"https:\/\/soymigrante.com\/revista\/wp-content\/uploads\/2024\/12\/nube-palabras-ano-nuevo-e1735315993154.webp","og:image:width":690,"og:image:height":690,"article:published_time":"2024-12-27T16:22:30+00:00","article:modified_time":"2025-08-28T05:40:49+00:00","article:publisher":"https:\/\/www.facebook.com\/soymigrantecom","twitter:card":"summary_large_image","twitter:site":"@SoyMigrante_com","twitter:title":"Sugerencias para crear mensajes motivadores de A\u00f1o Nuevo para familiares migrantes","twitter:description":"Un mensaje optimista fortalece el puente emocional entre las familias guatemaltecas y sus seres queridos en USA. Estas son algunas ideas para expresar.","twitter:creator":"@SoyMigrante_com","twitter:image":"https:\/\/soymigrante.com\/revista\/wp-content\/uploads\/2024\/12\/nube-palabras-ano-nuevo-e1735315993154.webp"},"aioseo_meta_data":{"post_id":"30400","title":"Modales digitales: claves para mejorar mensajes y videollamadas","description":"Vivimos tiempos de comunicaci\u00f3n electr\u00f3nica por m\u00faltiples dispositivos. Pero ello precisa de ciertas maneras correctas, por educaci\u00f3n y para mayor efectividad.","keywords":null,"keyphrases":{"focus":{"keyphrase":"Comunicarnos","score":51,"analysis":{"keyphraseInTitle":{"score":3,"maxScore":9,"error":1},"keyphraseInDescription":{"score":3,"maxScore":9,"error":1},"keyphraseLength":{"score":9,"maxScore":9,"error":0,"length":1},"keyphraseInURL":{"score":5,"maxScore":5,"error":0},"keyphraseInIntroduction":{"score":3,"maxScore":9,"error":1},"keyphraseInSubHeadings":{"score":3,"maxScore":9,"error":1},"keyphraseInImageAlt":{"score":9,"maxScore":9,"error":0},"keywordDensity":{"score":0,"type":"low","maxScore":9,"error":1}}},"additional":[{"keyphrase":"Comunicarnos","score":53,"analysis":{"keyphraseInDescription":{"score":3,"maxScore":9,"error":1},"keyphraseLength":{"score":9,"maxScore":9,"error":0,"length":1},"keyphraseInIntroduction":{"score":3,"maxScore":9,"error":1},"keyphraseInImageAlt":{"score":9,"maxScore":9,"error":0},"keywordDensity":{"score":0,"type":"low","maxScore":9,"error":1}}},{"keyphrase":"Mensajes","score":73,"analysis":{"keyphraseInDescription":{"score":3,"maxScore":9,"error":1},"keyphraseLength":{"score":9,"maxScore":9,"error":0,"length":1},"keyphraseInIntroduction":{"score":3,"maxScore":9,"error":1},"keyphraseInImageAlt":{"score":9,"maxScore":9,"error":0},"keywordDensity":{"type":"best","score":9,"maxScore":9,"error":0}}}]},"primary_term":null,"canonical_url":null,"og_title":null,"og_description":null,"og_object_type":"default","og_image_type":"default","og_image_url":null,"og_image_width":null,"og_image_height":null,"og_image_custom_url":null,"og_image_custom_fields":null,"og_video":"","og_custom_url":null,"og_article_section":null,"og_article_tags":null,"twitter_use_og":false,"twitter_card":"default","twitter_image_type":"default","twitter_image_url":null,"twitter_image_custom_url":null,"twitter_image_custom_fields":null,"twitter_title":null,"twitter_description":null,"schema":{"blockGraphs":[],"customGraphs":[],"default":{"data":{"Article":[],"Course":[],"Dataset":[],"FAQPage":[],"Movie":[],"Person":[],"Product":[],"ProductReview":[],"Car":[],"Recipe":[],"Service":[],"SoftwareApplication":[],"WebPage":[]},"graphName":"BlogPosting","isEnabled":true},"graphs":[]},"schema_type":"default","schema_type_options":null,"pillar_content":false,"robots_default":true,"robots_noindex":false,"robots_noarchive":false,"robots_nosnippet":false,"robots_nofollow":false,"robots_noimageindex":false,"robots_noodp":false,"robots_notranslate":false,"robots_max_snippet":"-1","robots_max_videopreview":"-1","robots_max_imagepreview":"large","priority":null,"frequency":"default","local_seo":null,"seo_analyzer_scan_date":"2025-10-09 04:11:15","breadcrumb_settings":null,"limit_modified_date":false,"reviewed_by":null,"open_ai":"{\"title\":{\"suggestions\":[],\"usage\":0},\"description\":{\"suggestions\":[],\"usage\":0}}","ai":null,"created":"2025-04-08 21:16:18","updated":"2026-02-04 22:51:27"},"aioseo_breadcrumb":"<div class=\"aioseo-breadcrumbs\"><span class=\"aioseo-breadcrumb\">\n\t<a href=\"https:\/\/soymigrante.com\/revista\" title=\"Home\">Home<\/a>\n<\/span><span class=\"aioseo-breadcrumb-separator\">\u00bb<\/span><span class=\"aioseo-breadcrumb\">\n\t<a href=\"https:\/\/soymigrante.com\/revista\/category\/bienestar\/\" title=\"Bienestar\">Bienestar<\/a>\n<\/span><span class=\"aioseo-breadcrumb-separator\">\u00bb<\/span><span class=\"aioseo-breadcrumb\">\n\tModales digitales: claves para la comunicaci\u00f3n efectiva en mensajes y videollamadas\n<\/span><\/div>","aioseo_breadcrumb_json":[{"label":"Home","link":"https:\/\/soymigrante.com\/revista"},{"label":"Bienestar","link":"https:\/\/soymigrante.com\/revista\/category\/bienestar\/"},{"label":"Modales digitales: claves para la comunicaci\u00f3n efectiva en mensajes y videollamadas","link":"https:\/\/soymigrante.com\/revista\/modales-digitales-claves-para-la-comunicacion-efectiva-en-mensajes-y-videollamadas\/"}],"_links":{"self":[{"href":"https:\/\/soymigrante.com\/revista\/wp-json\/wp\/v2\/posts\/30400","targetHints":{"allow":["GET"]}}],"collection":[{"href":"https:\/\/soymigrante.com\/revista\/wp-json\/wp\/v2\/posts"}],"about":[{"href":"https:\/\/soymigrante.com\/revista\/wp-json\/wp\/v2\/types\/post"}],"author":[{"embeddable":true,"href":"https:\/\/soymigrante.com\/revista\/wp-json\/wp\/v2\/users\/19"}],"replies":[{"embeddable":true,"href":"https:\/\/soymigrante.com\/revista\/wp-json\/wp\/v2\/comments?post=30400"}],"version-history":[{"count":1,"href":"https:\/\/soymigrante.com\/revista\/wp-json\/wp\/v2\/posts\/30400\/revisions"}],"predecessor-version":[{"id":31347,"href":"https:\/\/soymigrante.com\/revista\/wp-json\/wp\/v2\/posts\/30400\/revisions\/31347"}],"wp:featuredmedia":[{"embeddable":true,"href":"https:\/\/soymigrante.com\/revista\/wp-json\/wp\/v2\/media\/30401"}],"wp:attachment":[{"href":"https:\/\/soymigrante.com\/revista\/wp-json\/wp\/v2\/media?parent=30400"}],"wp:term":[{"taxonomy":"category","embeddable":true,"href":"https:\/\/soymigrante.com\/revista\/wp-json\/wp\/v2\/categories?post=30400"},{"taxonomy":"post_tag","embeddable":true,"href":"https:\/\/soymigrante.com\/revista\/wp-json\/wp\/v2\/tags?post=30400"}],"curies":[{"name":"wp","href":"https:\/\/api.w.org\/{rel}","templated":true}]}}