{"id":30368,"date":"2025-04-11T10:27:39","date_gmt":"2025-04-11T16:27:39","guid":{"rendered":"https:\/\/soymigrante.com\/revista\/?p=30368"},"modified":"2025-08-27T11:48:45","modified_gmt":"2025-08-27T17:48:45","slug":"cinco-de-las-carreras-con-mas-futuro-para-los-jovenes-en-la-actualidad","status":"publish","type":"post","link":"https:\/\/soymigrante.com\/revista\/cinco-de-las-carreras-con-mas-futuro-para-los-jovenes-en-la-actualidad\/","title":{"rendered":"Cinco de las carreras con m\u00e1s futuro para los j\u00f3venes en la actualidad"},"content":{"rendered":"\t\t<div data-elementor-type=\"wp-post\" data-elementor-id=\"30368\" class=\"elementor elementor-30368\" data-elementor-post-type=\"post\">\n\t\t\t\t<div data-particle_enable=\"false\" data-particle-mobile-disabled=\"false\" class=\"elementor-element elementor-element-fbd48e1 e-flex e-con-boxed e-con e-parent\" data-id=\"fbd48e1\" data-element_type=\"container\" data-e-type=\"container\">\n\t\t\t\t\t<div class=\"e-con-inner\">\n\t\t\t\t<div class=\"elementor-element elementor-element-1c9faae elementor-widget elementor-widget-heading\" data-id=\"1c9faae\" data-element_type=\"widget\" data-e-type=\"widget\" data-widget_type=\"heading.default\">\n\t\t\t\t\t<h2 class=\"elementor-heading-title elementor-size-default\">Las carreras con m\u00e1s futuro para los j\u00f3venes te podr\u00edan sorprender, muchas de ellas tiene que ver con la IA. <\/h2>\t\t\t\t<\/div>\n\t\t\t\t\t<\/div>\n\t\t\t\t<\/div>\n\t\t<div data-particle_enable=\"false\" data-particle-mobile-disabled=\"false\" class=\"elementor-element elementor-element-05c6a0a e-flex e-con-boxed e-con e-parent\" data-id=\"05c6a0a\" data-element_type=\"container\" data-e-type=\"container\">\n\t\t\t\t\t<div class=\"e-con-inner\">\n\t\t\t\t<div class=\"elementor-element elementor-element-b4d65ec elementor-widget elementor-widget-text-editor\" data-id=\"b4d65ec\" data-element_type=\"widget\" data-e-type=\"widget\" data-widget_type=\"text-editor.default\">\n\t\t\t\t\t\t\t\t\t<p><a href=\"https:\/\/soymigrante.com\/revista\/aprender-ingles-en-usa-puede-ser-gratuito-o-a-bajo-costo-la-clave-es-querer\/\" target=\"_blank\" rel=\"noopener\">Elegir una carrera universitaria es una de las decisiones m\u00e1s importantes en la vida de un joven<\/a>. En un mundo en constante cambio, las preferencias de los estudiantes y las demandas del mercado laboral han evolucionado.<\/p><p>Actualmente, hay carreras que ofrecen mayores oportunidades de empleo y desarrollo profesional, combinando tecnolog\u00eda, creatividad e impacto social.<\/p><p>A continuaci\u00f3n, te presentamos cinco opciones de <a href=\"https:\/\/soymigrante.com\/revista\/aprender-ingles-en-usa-puede-ser-gratuito-o-a-bajo-costo-la-clave-es-querer\/\" target=\"_blank\" rel=\"noopener\">estudio que se ajustan a los intereses y expectativas de los j\u00f3venes en la actualidad.<\/a><\/p>\t\t\t\t\t\t\t\t<\/div>\n\t\t\t\t\t<\/div>\n\t\t\t\t<\/div>\n\t\t<div data-particle_enable=\"false\" data-particle-mobile-disabled=\"false\" class=\"elementor-element elementor-element-9a33412 e-flex e-con-boxed e-con e-parent\" data-id=\"9a33412\" data-element_type=\"container\" data-e-type=\"container\">\n\t\t\t\t\t<div class=\"e-con-inner\">\n\t\t\t\t<div class=\"elementor-element elementor-element-9c8cd69 elementor-widget elementor-widget-heading\" data-id=\"9c8cd69\" data-element_type=\"widget\" data-e-type=\"widget\" data-widget_type=\"heading.default\">\n\t\t\t\t\t<h3 class=\"elementor-heading-title elementor-size-default\">1. Ingenier\u00eda en Inteligencia Artificial y Ciencia de Datos<\/h3>\t\t\t\t<\/div>\n\t\t\t\t\t<\/div>\n\t\t\t\t<\/div>\n\t\t<div data-particle_enable=\"false\" data-particle-mobile-disabled=\"false\" class=\"elementor-element elementor-element-c6092d8 e-flex e-con-boxed e-con e-parent\" data-id=\"c6092d8\" data-element_type=\"container\" data-e-type=\"container\">\n\t\t\t\t\t<div class=\"e-con-inner\">\n\t\t\t\t<div class=\"elementor-element elementor-element-40b919e elementor-widget elementor-widget-text-editor\" data-id=\"40b919e\" data-element_type=\"widget\" data-e-type=\"widget\" data-widget_type=\"text-editor.default\">\n\t\t\t\t\t\t\t\t\t<div>\u2022 \u00bfPor qu\u00e9 elegirla?<a href=\"https:\/\/soymigrante.com\/revista\/aprender-ingles-en-usa-puede-ser-gratuito-o-a-bajo-costo-la-clave-es-querer\/\" target=\"_blank\" rel=\"noopener\"> El auge de la inteligencia artificial ha generado una gran demanda de expertos en esta \u00e1rea.<\/a> Empresas tecnol\u00f3gicas, bancos y hasta el sector salud buscan profesionales capaces de analizar datos y desarrollar soluciones automatizadas.<\/div><div>\u2022\u00bfD\u00f3nde se aplica? Desarrollo de software, an\u00e1lisis de datos en empresas, inteligencia artificial en salud, comercio y entretenimiento.<\/div>\t\t\t\t\t\t\t\t<\/div>\n\t\t\t\t\t<\/div>\n\t\t\t\t<\/div>\n\t\t<div data-particle_enable=\"false\" data-particle-mobile-disabled=\"false\" class=\"elementor-element elementor-element-f591f96 e-flex e-con-boxed e-con e-parent\" data-id=\"f591f96\" data-element_type=\"container\" data-e-type=\"container\">\n\t\t\t\t\t<div class=\"e-con-inner\">\n\t\t\t\t<div class=\"elementor-element elementor-element-266dbb9 elementor-widget elementor-widget-heading\" data-id=\"266dbb9\" data-element_type=\"widget\" data-e-type=\"widget\" data-widget_type=\"heading.default\">\n\t\t\t\t\t<h3 class=\"elementor-heading-title elementor-size-default\">2. Marketing Digital y Comercio Electr\u00f3nico<\/h3>\t\t\t\t<\/div>\n\t\t\t\t\t<\/div>\n\t\t\t\t<\/div>\n\t\t<div data-particle_enable=\"false\" data-particle-mobile-disabled=\"false\" class=\"elementor-element elementor-element-11492aa e-flex e-con-boxed e-con e-parent\" data-id=\"11492aa\" data-element_type=\"container\" data-e-type=\"container\">\n\t\t\t\t\t<div class=\"e-con-inner\">\n\t\t\t\t<div class=\"elementor-element elementor-element-ac1caf9 elementor-widget elementor-widget-text-editor\" data-id=\"ac1caf9\" data-element_type=\"widget\" data-e-type=\"widget\" data-widget_type=\"text-editor.default\">\n\t\t\t\t\t\t\t\t\t<div>\u2022 \u00bfPor qu\u00e9 elegirla? Con el crecimiento del comercio en l\u00ednea y la digitalizaci\u00f3n de los negocios, las empresas necesitan expertos en estrategias digitales, redes sociales y ventas en internet.<\/div><div>\u2022\u00bfD\u00f3nde se aplica? Agencias de publicidad, tiendas en l\u00ednea, empresas de tecnolog\u00eda y emprendimientos propios.<\/div>\t\t\t\t\t\t\t\t<\/div>\n\t\t\t\t\t<\/div>\n\t\t\t\t<\/div>\n\t\t<div data-particle_enable=\"false\" data-particle-mobile-disabled=\"false\" class=\"elementor-element elementor-element-a048386 e-flex e-con-boxed e-con e-parent\" data-id=\"a048386\" data-element_type=\"container\" data-e-type=\"container\">\n\t\t\t\t\t<div class=\"e-con-inner\">\n\t\t\t\t<div class=\"elementor-element elementor-element-1ff860b elementor-widget elementor-widget-image\" data-id=\"1ff860b\" data-element_type=\"widget\" data-e-type=\"widget\" data-widget_type=\"image.default\">\n\t\t\t\t\t\t\t\t\t\t\t\t<figure class=\"wp-caption\">\n\t\t\t\t\t\t\t\t\t\t<img fetchpriority=\"high\" decoding=\"async\" width=\"1024\" height=\"682\" src=\"https:\/\/soymigrante.com\/revista\/wp-content\/uploads\/2025\/04\/Las-5-carreras-con-mas-futuro-para-los-jovenes-hoy-en-dia2-1024x682.jpeg\" class=\"attachment-large size-large wp-image-30378\" alt=\"J\u00f3venes estudiantes conversando en un pasillo de una universidad moderna, simbolizando educaci\u00f3n, intercambio cultural y oportunidades acad\u00e9micas en un entorno universitario internacional.\" srcset=\"https:\/\/soymigrante.com\/revista\/wp-content\/uploads\/2025\/04\/Las-5-carreras-con-mas-futuro-para-los-jovenes-hoy-en-dia2-1024x682.jpeg 1024w, https:\/\/soymigrante.com\/revista\/wp-content\/uploads\/2025\/04\/Las-5-carreras-con-mas-futuro-para-los-jovenes-hoy-en-dia2-300x200.jpeg 300w, https:\/\/soymigrante.com\/revista\/wp-content\/uploads\/2025\/04\/Las-5-carreras-con-mas-futuro-para-los-jovenes-hoy-en-dia2-768x512.jpeg 768w, https:\/\/soymigrante.com\/revista\/wp-content\/uploads\/2025\/04\/Las-5-carreras-con-mas-futuro-para-los-jovenes-hoy-en-dia2-1536x1023.jpeg 1536w, https:\/\/soymigrante.com\/revista\/wp-content\/uploads\/2025\/04\/Las-5-carreras-con-mas-futuro-para-los-jovenes-hoy-en-dia2-750x500.webp 750w, https:\/\/soymigrante.com\/revista\/wp-content\/uploads\/2025\/04\/Las-5-carreras-con-mas-futuro-para-los-jovenes-hoy-en-dia2-1140x760.webp 1140w, https:\/\/soymigrante.com\/revista\/wp-content\/uploads\/2025\/04\/Las-5-carreras-con-mas-futuro-para-los-jovenes-hoy-en-dia2.webp 1600w\" sizes=\"(max-width: 1024px) 100vw, 1024px\" title=\"Las 5 carreras con m\u00e1s futuro para los j\u00f3venes hoy en d\u00eda2 \u2013 SoyMigrante.com REVISTA\" \/>\t\t\t\t\t\t\t\t\t\t\t<figcaption class=\"widget-image-caption wp-caption-text\">J\u00f3venes estudiantes intercambiando ideas en un espacio universitario moderno, promoviendo comunidad y aprendizaje en un entorno acad\u00e9mico innovador.<\/figcaption>\n\t\t\t\t\t\t\t\t\t\t<\/figure>\n\t\t\t\t\t\t\t\t\t<\/div>\n\t\t\t\t\t<\/div>\n\t\t\t\t<\/div>\n\t\t<div data-particle_enable=\"false\" data-particle-mobile-disabled=\"false\" class=\"elementor-element elementor-element-474b774 e-flex e-con-boxed e-con e-parent\" data-id=\"474b774\" data-element_type=\"container\" data-e-type=\"container\">\n\t\t\t\t\t<div class=\"e-con-inner\">\n\t\t\t\t<div class=\"elementor-element elementor-element-74fd7c2 elementor-widget elementor-widget-heading\" data-id=\"74fd7c2\" data-element_type=\"widget\" data-e-type=\"widget\" data-widget_type=\"heading.default\">\n\t\t\t\t\t<h3 class=\"elementor-heading-title elementor-size-default\">3. Desarrollo de Videojuegos y Realidad Virtual<\/h3>\t\t\t\t<\/div>\n\t\t\t\t\t<\/div>\n\t\t\t\t<\/div>\n\t\t<div data-particle_enable=\"false\" data-particle-mobile-disabled=\"false\" class=\"elementor-element elementor-element-ed447a2 e-flex e-con-boxed e-con e-parent\" data-id=\"ed447a2\" data-element_type=\"container\" data-e-type=\"container\">\n\t\t\t\t\t<div class=\"e-con-inner\">\n\t\t\t\t<div class=\"elementor-element elementor-element-839f53b elementor-widget elementor-widget-text-editor\" data-id=\"839f53b\" data-element_type=\"widget\" data-e-type=\"widget\" data-widget_type=\"text-editor.default\">\n\t\t\t\t\t\t\t\t\t<div>\u2022 \u00bfPor qu\u00e9 elegirla?<a href=\"https:\/\/soymigrante.com\/revista\/aprender-ingles-en-usa-puede-ser-gratuito-o-a-bajo-costo-la-clave-es-querer\/\" target=\"_blank\" rel=\"noopener\"> La industria de los videojuegos mueve miles de millones de d\u00f3lares y sigue en crecimiento<\/a>. Adem\u00e1s, la realidad virtual se est\u00e1 utilizando en educaci\u00f3n, medicina y turismo.<\/div><div>\u2022\u00bfD\u00f3nde se aplica? Empresas de videojuegos, simuladores de realidad virtual, educaci\u00f3n digital y entretenimiento.<\/div>\t\t\t\t\t\t\t\t<\/div>\n\t\t\t\t\t<\/div>\n\t\t\t\t<\/div>\n\t\t<div data-particle_enable=\"false\" data-particle-mobile-disabled=\"false\" class=\"elementor-element elementor-element-a2cb131 e-flex e-con-boxed e-con e-parent\" data-id=\"a2cb131\" data-element_type=\"container\" data-e-type=\"container\">\n\t\t\t\t\t<div class=\"e-con-inner\">\n\t\t\t\t<div class=\"elementor-element elementor-element-1a0d59b elementor-widget elementor-widget-heading\" data-id=\"1a0d59b\" data-element_type=\"widget\" data-e-type=\"widget\" data-widget_type=\"heading.default\">\n\t\t\t\t\t<h3 class=\"elementor-heading-title elementor-size-default\">4. Energ\u00edas Renovables e Ingenier\u00eda Ambiental<\/h3>\t\t\t\t<\/div>\n\t\t\t\t\t<\/div>\n\t\t\t\t<\/div>\n\t\t<div data-particle_enable=\"false\" data-particle-mobile-disabled=\"false\" class=\"elementor-element elementor-element-760d405 e-flex e-con-boxed e-con e-parent\" data-id=\"760d405\" data-element_type=\"container\" data-e-type=\"container\">\n\t\t\t\t\t<div class=\"e-con-inner\">\n\t\t\t\t<div class=\"elementor-element elementor-element-3feb89b elementor-widget elementor-widget-text-editor\" data-id=\"3feb89b\" data-element_type=\"widget\" data-e-type=\"widget\" data-widget_type=\"text-editor.default\">\n\t\t\t\t\t\t\t\t\t<div>\u2022 \u00bfPor qu\u00e9 elegirla? La sostenibilidad es una prioridad global y los gobiernos y empresas invierten cada vez m\u00e1s en energ\u00eda limpia y protecci\u00f3n del medio ambiente.<\/div><div>\u2022\u00bfD\u00f3nde se aplica? Proyectos de energ\u00eda solar y e\u00f3lica, gesti\u00f3n de residuos, protecci\u00f3n de ecosistemas y consultor\u00eda ambiental.<\/div>\t\t\t\t\t\t\t\t<\/div>\n\t\t\t\t\t<\/div>\n\t\t\t\t<\/div>\n\t\t<div data-particle_enable=\"false\" data-particle-mobile-disabled=\"false\" class=\"elementor-element elementor-element-9210342 e-flex e-con-boxed e-con e-parent\" data-id=\"9210342\" data-element_type=\"container\" data-e-type=\"container\">\n\t\t\t\t\t<div class=\"e-con-inner\">\n\t\t\t\t<div class=\"elementor-element elementor-element-d8332ad elementor-widget elementor-widget-heading\" data-id=\"d8332ad\" data-element_type=\"widget\" data-e-type=\"widget\" data-widget_type=\"heading.default\">\n\t\t\t\t\t<h3 class=\"elementor-heading-title elementor-size-default\">5. Psicolog\u00eda y Bienestar Mental<\/h3>\t\t\t\t<\/div>\n\t\t\t\t\t<\/div>\n\t\t\t\t<\/div>\n\t\t<div data-particle_enable=\"false\" data-particle-mobile-disabled=\"false\" class=\"elementor-element elementor-element-aa437a0 e-flex e-con-boxed e-con e-parent\" data-id=\"aa437a0\" data-element_type=\"container\" data-e-type=\"container\">\n\t\t\t\t\t<div class=\"e-con-inner\">\n\t\t\t\t<div class=\"elementor-element elementor-element-a1e1636 elementor-widget elementor-widget-text-editor\" data-id=\"a1e1636\" data-element_type=\"widget\" data-e-type=\"widget\" data-widget_type=\"text-editor.default\">\n\t\t\t\t\t\t\t\t\t<div>\u2022 \u00bfPor qu\u00e9 elegirla? <a href=\"https:\/\/soymigrante.com\/revista\/aprender-ingles-en-usa-puede-ser-gratuito-o-a-bajo-costo-la-clave-es-querer\/\" target=\"_blank\" rel=\"noopener\">La salud mental es un tema que ha cobrado mayor relevancia en los \u00faltimos a\u00f1os.<\/a> Cada vez m\u00e1s personas buscan ayuda psicol\u00f3gica para mejorar su calidad de vida.<\/div><div>\u2022\u00bfD\u00f3nde se aplica? Cl\u00ednicas, hospitales, empresas, instituciones educativas y consultorios privados.<\/div><div>\u00a0<\/div>\t\t\t\t\t\t\t\t<\/div>\n\t\t\t\t\t<\/div>\n\t\t\t\t<\/div>\n\t\t<div data-particle_enable=\"false\" data-particle-mobile-disabled=\"false\" class=\"elementor-element elementor-element-4c03f4f e-flex e-con-boxed e-con e-parent\" data-id=\"4c03f4f\" data-element_type=\"container\" data-e-type=\"container\">\n\t\t\t\t\t<div class=\"e-con-inner\">\n\t\t\t\t<div class=\"elementor-element elementor-element-091139e elementor-widget elementor-widget-image\" data-id=\"091139e\" data-element_type=\"widget\" data-e-type=\"widget\" data-widget_type=\"image.default\">\n\t\t\t\t\t\t\t\t\t\t\t\t<figure class=\"wp-caption\">\n\t\t\t\t\t\t\t\t\t\t<img decoding=\"async\" width=\"1024\" height=\"682\" src=\"https:\/\/soymigrante.com\/revista\/wp-content\/uploads\/2025\/04\/Las-5-carreras-con-mas-futuro-para-los-jovenes-hoy-en-dia3-1024x682.jpeg\" class=\"attachment-large size-large wp-image-30380\" alt=\"Diversos j\u00f3venes migrantes sonriendo y conversando al aire libre, portando libros y tablets en un entorno urbano con \u00e1rboles, representando comunidad, integraci\u00f3n y \u00e9xito de la migraci\u00f3n en Espa\u00f1a.\" srcset=\"https:\/\/soymigrante.com\/revista\/wp-content\/uploads\/2025\/04\/Las-5-carreras-con-mas-futuro-para-los-jovenes-hoy-en-dia3-1024x682.jpeg 1024w, https:\/\/soymigrante.com\/revista\/wp-content\/uploads\/2025\/04\/Las-5-carreras-con-mas-futuro-para-los-jovenes-hoy-en-dia3-300x200.jpeg 300w, https:\/\/soymigrante.com\/revista\/wp-content\/uploads\/2025\/04\/Las-5-carreras-con-mas-futuro-para-los-jovenes-hoy-en-dia3-768x512.jpeg 768w, https:\/\/soymigrante.com\/revista\/wp-content\/uploads\/2025\/04\/Las-5-carreras-con-mas-futuro-para-los-jovenes-hoy-en-dia3-1536x1023.jpeg 1536w, https:\/\/soymigrante.com\/revista\/wp-content\/uploads\/2025\/04\/Las-5-carreras-con-mas-futuro-para-los-jovenes-hoy-en-dia3-750x500.webp 750w, https:\/\/soymigrante.com\/revista\/wp-content\/uploads\/2025\/04\/Las-5-carreras-con-mas-futuro-para-los-jovenes-hoy-en-dia3-1140x760.webp 1140w, https:\/\/soymigrante.com\/revista\/wp-content\/uploads\/2025\/04\/Las-5-carreras-con-mas-futuro-para-los-jovenes-hoy-en-dia3.webp 1600w\" sizes=\"(max-width: 1024px) 100vw, 1024px\" title=\"Las 5 carreras con m\u00e1s futuro para los j\u00f3venes hoy en d\u00eda3 \u2013 SoyMigrante.com REVISTA\" \/>\t\t\t\t\t\t\t\t\t\t\t<figcaption class=\"widget-image-caption wp-caption-text\">Estudiantes migrantes celebran la comunidad en Espa\u00f1a con diversidad cultural, integraci\u00f3n y educaci\u00f3n, destacando historias de \u00e9xito de migrantes en entornos acad\u00e9micos y sociales.<\/figcaption>\n\t\t\t\t\t\t\t\t\t\t<\/figure>\n\t\t\t\t\t\t\t\t\t<\/div>\n\t\t\t\t\t<\/div>\n\t\t\t\t<\/div>\n\t\t<div data-particle_enable=\"false\" data-particle-mobile-disabled=\"false\" class=\"elementor-element elementor-element-aaeb423 e-flex e-con-boxed e-con e-parent\" data-id=\"aaeb423\" data-element_type=\"container\" data-e-type=\"container\">\n\t\t\t\t\t<div class=\"e-con-inner\">\n\t\t\t\t<div class=\"elementor-element elementor-element-1460715 elementor-widget elementor-widget-text-editor\" data-id=\"1460715\" data-element_type=\"widget\" data-e-type=\"widget\" data-widget_type=\"text-editor.default\">\n\t\t\t\t\t\t\t\t\t<p><a href=\"https:\/\/soymigrante.com\/revista\/aprender-ingles-en-usa-puede-ser-gratuito-o-a-bajo-costo-la-clave-es-querer\/\" target=\"_blank\" rel=\"noopener\">Las carreras con m\u00e1s futuro combinan tecnolog\u00eda, creatividad y bienestar social.<\/a> Los j\u00f3venes de hoy buscan profesiones que no solo les garanticen estabilidad econ\u00f3mica, sino que tambi\u00e9n les permitan innovar y generar impacto.<\/p><p>Al elegir una carrera,<a href=\"https:\/\/soymigrante.com\/revista\/aprender-ingles-en-usa-puede-ser-gratuito-o-a-bajo-costo-la-clave-es-querer\/\" target=\"_blank\" rel=\"noopener\"> es clave considerar los gustos personales<\/a>, las tendencias del mercado y las oportunidades de crecimiento.<\/p>\t\t\t\t\t\t\t\t<\/div>\n\t\t\t\t\t<\/div>\n\t\t\t\t<\/div>\n\t\t<div data-particle_enable=\"false\" data-particle-mobile-disabled=\"false\" class=\"elementor-element elementor-element-9b4c146 e-flex e-con-boxed e-con e-parent\" data-id=\"9b4c146\" data-element_type=\"container\" data-e-type=\"container\">\n\t\t\t\t\t<div class=\"e-con-inner\">\n\t\t\t\t<div class=\"elementor-element elementor-element-69913c2 elementor-widget elementor-widget-heading\" data-id=\"69913c2\" data-element_type=\"widget\" data-e-type=\"widget\" data-widget_type=\"heading.default\">\n\t\t\t\t\t<h2 class=\"elementor-heading-title elementor-size-default\">Conoce estos temas que te podr\u00edan interesar...<\/h2>\t\t\t\t<\/div>\n\t\t\t\t\t<\/div>\n\t\t\t\t<\/div>\n\t\t<div data-particle_enable=\"false\" data-particle-mobile-disabled=\"false\" class=\"elementor-element elementor-element-0500edd e-flex e-con-boxed e-con e-parent\" data-id=\"0500edd\" data-element_type=\"container\" data-e-type=\"container\">\n\t\t\t\t\t<div class=\"e-con-inner\">\n\t\t\t\t<div class=\"elementor-element elementor-element-66bbae5 elementor-grid-eael-col-3 elementor-grid-tablet-eael-col-2 elementor-grid-mobile-eael-col-1 elementor-widget elementor-widget-eael-post-grid\" data-id=\"66bbae5\" data-element_type=\"widget\" data-e-type=\"widget\" data-settings=\"{&quot;eael_post_grid_columns&quot;:&quot;eael-col-3&quot;,&quot;eael_post_grid_columns_tablet&quot;:&quot;eael-col-2&quot;,&quot;eael_post_grid_columns_mobile&quot;:&quot;eael-col-1&quot;}\" data-widget_type=\"eael-post-grid.default\">\n\t\t\t\t\t<div id=\"eael-post-grid-66bbae5\" class=\"eael-post-grid-container\">\n            <div class=\"eael-post-grid eael-post-appender eael-post-appender-66bbae5 eael-post-grid-style-one\" data-layout-mode=\"masonry\"><article class=\"eael-grid-post  eael-post-grid-column eael-pg-post-2390 category-guate-nuestra tags-danzas-de-guatemala\" data-id=\"2390\">\n        <div class=\"eael-grid-post-holder\">\n            <div class=\"eael-grid-post-holder-inner\"><div class=\"eael-entry-media\"><div class=\"eael-entry-overlay fade-in\"><i class=\"far fa-hand-pointer\" aria-hidden=\"true\"><\/i><a href=\"https:\/\/soymigrante.com\/revista\/guatemala-danza-el-baile-de-la-paach-de-san-marcos-es-patrimonio-de-la-humanidad\/\"><\/a><\/div><div class=\"eael-entry-thumbnail \">\n                <img decoding=\"async\" width=\"1000\" height=\"636\" src=\"https:\/\/soymigrante.com\/revista\/wp-content\/uploads\/2023\/09\/03672-HUG.webp\" class=\"attachment-large size-large wp-image-2424\" alt=\"La percusi\u00f3n del tambor abre paso al recorrido de los ancianos, padrinos y comunidad, en camino a la Casa de la Paazh (Fotograf\u00eda Archivo FLAAR-Unesco)\" srcset=\"https:\/\/soymigrante.com\/revista\/wp-content\/uploads\/2023\/09\/03672-HUG.webp 1000w, https:\/\/soymigrante.com\/revista\/wp-content\/uploads\/2023\/09\/03672-HUG-300x191.webp 300w, https:\/\/soymigrante.com\/revista\/wp-content\/uploads\/2023\/09\/03672-HUG-768x488.webp 768w, https:\/\/soymigrante.com\/revista\/wp-content\/uploads\/2023\/09\/03672-HUG-750x477.webp 750w\" sizes=\"(max-width: 1000px) 100vw, 1000px\" \/>\n            <\/div>\n        <\/div><div class=\"eael-entry-wrapper\"><header class=\"eael-entry-header\"><h2 class=\"eael-entry-title\"><a class=\"eael-grid-post-link\" href=\"https:\/\/soymigrante.com\/revista\/guatemala-danza-el-baile-de-la-paach-de-san-marcos-es-patrimonio-de-la-humanidad\/\" title=\"Danzas de Guatemala: El baile de La Paach, de San Marcos es Patrimonio de la Humanidad\">Danzas de Guatemala: El baile de La Paach, de San Marcos es Patrimonio de la Humanidad<\/a><\/h2><\/header><div class=\"eael-entry-content\">\n                        <div class=\"eael-grid-post-excerpt\"><a href=\"https:\/\/soymigrante.com\/revista\/guatemala-danza-el-baile-de-la-paach-de-san-marcos-es-patrimonio-de-la-humanidad\/\" class=\"eael-post-elements-readmore-btn\">CONOCE SU HISTORIA <\/a><\/div>\n                    <\/div><\/div><\/div>\n        <\/div>\n    <\/article><article class=\"eael-grid-post  eael-post-grid-column eael-pg-post-2456 category-guate-nuestra tags-danzas-de-guatemala\" data-id=\"2456\">\n        <div class=\"eael-grid-post-holder\">\n            <div class=\"eael-grid-post-holder-inner\"><div class=\"eael-entry-media\"><div class=\"eael-entry-overlay fade-in\"><i class=\"far fa-hand-pointer\" aria-hidden=\"true\"><\/i><a href=\"https:\/\/soymigrante.com\/revista\/guatemala-danza-el-palo-volador-en-joyabaj-cubulco-o-chichicastenango-siempre-es-memorable\/\"><\/a><\/div><div class=\"eael-entry-thumbnail \">\n                <img loading=\"lazy\" decoding=\"async\" width=\"1024\" height=\"604\" src=\"https:\/\/soymigrante.com\/revista\/wp-content\/uploads\/2023\/09\/Captura-de-pantalla-2023-09-04-073800-e1693837574983-1024x604.webp\" class=\"attachment-large size-large wp-image-2458\" alt=\"Los monos Hun Batz y Hun Chouen en lo alto del palo antes de descender. Captura de pantalla de video de TV Asunci\u00f3n Joyabaj.\" srcset=\"https:\/\/soymigrante.com\/revista\/wp-content\/uploads\/2023\/09\/Captura-de-pantalla-2023-09-04-073800-e1693837574983-1024x604.webp 1024w, https:\/\/soymigrante.com\/revista\/wp-content\/uploads\/2023\/09\/Captura-de-pantalla-2023-09-04-073800-e1693837574983-300x177.webp 300w, https:\/\/soymigrante.com\/revista\/wp-content\/uploads\/2023\/09\/Captura-de-pantalla-2023-09-04-073800-e1693837574983-768x453.webp 768w, https:\/\/soymigrante.com\/revista\/wp-content\/uploads\/2023\/09\/Captura-de-pantalla-2023-09-04-073800-e1693837574983-750x442.webp 750w, https:\/\/soymigrante.com\/revista\/wp-content\/uploads\/2023\/09\/Captura-de-pantalla-2023-09-04-073800-e1693837574983-1140x673.webp 1140w, https:\/\/soymigrante.com\/revista\/wp-content\/uploads\/2023\/09\/Captura-de-pantalla-2023-09-04-073800-e1693837574983.webp 1256w\" sizes=\"(max-width: 1024px) 100vw, 1024px\" \/>\n            <\/div>\n        <\/div><div class=\"eael-entry-wrapper\"><header class=\"eael-entry-header\"><h2 class=\"eael-entry-title\"><a class=\"eael-grid-post-link\" href=\"https:\/\/soymigrante.com\/revista\/guatemala-danza-el-palo-volador-en-joyabaj-cubulco-o-chichicastenango-siempre-es-memorable\/\" title=\"Danzas de Guatemala: El Palo Volador en Joyabaj, Cubulco o Chichicastenango es inolvidable\">Danzas de Guatemala: El Palo Volador en Joyabaj, Cubulco o Chichicastenango es inolvidable<\/a><\/h2><\/header><div class=\"eael-entry-content\">\n                        <div class=\"eael-grid-post-excerpt\"><a href=\"https:\/\/soymigrante.com\/revista\/guatemala-danza-el-palo-volador-en-joyabaj-cubulco-o-chichicastenango-siempre-es-memorable\/\" class=\"eael-post-elements-readmore-btn\">CONOCE SU HISTORIA <\/a><\/div>\n                    <\/div><\/div><\/div>\n        <\/div>\n    <\/article><article class=\"eael-grid-post  eael-post-grid-column eael-pg-post-2449 category-guate-nuestra tags-danzas-de-guatemala\" data-id=\"2449\">\n        <div class=\"eael-grid-post-holder\">\n            <div class=\"eael-grid-post-holder-inner\"><div class=\"eael-entry-media\"><div class=\"eael-entry-overlay fade-in\"><i class=\"far fa-hand-pointer\" aria-hidden=\"true\"><\/i><a href=\"https:\/\/soymigrante.com\/revista\/danza-guatemala-el-ancestral-baile-del-venado\/\"><\/a><\/div><div class=\"eael-entry-thumbnail \">\n                <img loading=\"lazy\" decoding=\"async\" width=\"1024\" height=\"683\" src=\"https:\/\/soymigrante.com\/revista\/wp-content\/uploads\/2023\/09\/DANZA-DEL-VENADO-CUNEN-QUICHE-1024x683.webp\" class=\"attachment-large size-large wp-image-2450\" alt=\"DANZA DEL VENADO CUNEN QUICHE\" srcset=\"https:\/\/soymigrante.com\/revista\/wp-content\/uploads\/2023\/09\/DANZA-DEL-VENADO-CUNEN-QUICHE-1024x683.webp 1024w, https:\/\/soymigrante.com\/revista\/wp-content\/uploads\/2023\/09\/DANZA-DEL-VENADO-CUNEN-QUICHE-300x200.webp 300w, https:\/\/soymigrante.com\/revista\/wp-content\/uploads\/2023\/09\/DANZA-DEL-VENADO-CUNEN-QUICHE-768x512.webp 768w, https:\/\/soymigrante.com\/revista\/wp-content\/uploads\/2023\/09\/DANZA-DEL-VENADO-CUNEN-QUICHE-1536x1024.webp 1536w, https:\/\/soymigrante.com\/revista\/wp-content\/uploads\/2023\/09\/DANZA-DEL-VENADO-CUNEN-QUICHE-750x500.webp 750w, https:\/\/soymigrante.com\/revista\/wp-content\/uploads\/2023\/09\/DANZA-DEL-VENADO-CUNEN-QUICHE-1140x760.webp 1140w, https:\/\/soymigrante.com\/revista\/wp-content\/uploads\/2023\/09\/DANZA-DEL-VENADO-CUNEN-QUICHE-600x400.webp 600w, https:\/\/soymigrante.com\/revista\/wp-content\/uploads\/2023\/09\/DANZA-DEL-VENADO-CUNEN-QUICHE.webp 1920w\" sizes=\"(max-width: 1024px) 100vw, 1024px\" \/>\n            <\/div>\n        <\/div><div class=\"eael-entry-wrapper\"><header class=\"eael-entry-header\"><h2 class=\"eael-entry-title\"><a class=\"eael-grid-post-link\" href=\"https:\/\/soymigrante.com\/revista\/danza-guatemala-el-ancestral-baile-del-venado\/\" title=\"Danzas de Guatemala: El  Baile del Venado est\u00e1 en la memoria de muchos migrantes.\">Danzas de Guatemala: El  Baile del Venado est\u00e1 en la memoria de muchos migrantes.<\/a><\/h2><\/header><div class=\"eael-entry-content\">\n                        <div class=\"eael-grid-post-excerpt\"><a href=\"https:\/\/soymigrante.com\/revista\/danza-guatemala-el-ancestral-baile-del-venado\/\" class=\"eael-post-elements-readmore-btn\">CONOCE SU HISTORIA <\/a><\/div>\n                    <\/div><\/div><\/div>\n        <\/div>\n    <\/article><\/div>\n            <div class=\"clearfix\"><\/div>\n        <\/div>\t\t\t\t<\/div>\n\t\t\t\t\t<\/div>\n\t\t\t\t<\/div>\n\t\t\t\t<\/div>\n\t\t","protected":false},"excerpt":{"rendered":"<p>Las carreras con m\u00e1s futuro para los j\u00f3venes te podr\u00edan sorprender, muchas de ellas tiene que ver con la IA. Elegir una carrera universitaria es una de las decisiones m\u00e1s importantes en la vida de un joven. En un mundo en constante cambio, las preferencias de los estudiantes y las demandas del mercado laboral han [&hellip;]<\/p>\n","protected":false},"author":19,"featured_media":30369,"comment_status":"open","ping_status":"open","sticky":false,"template":"","format":"standard","meta":{"_acf_changed":false,"_eb_attr":"","footnotes":""},"categories":[55],"tags":[269],"class_list":["post-30368","post","type-post","status-publish","format-standard","has-post-thumbnail","hentry","category-bienestar","tag-liderazgo"],"acf":[],"aioseo_notices":[],"aioseo_head":"\n\t\t<!-- All in One SEO Pro 4.9.6.2 - aioseo.com -->\n\t<meta name=\"description\" content=\"Se calcula que El Baile del Venado surgi\u00f3 hace 1,500 a\u00f1os como un ritual de cacer\u00eda; tiene unos 26 danzantes y en cada localidad donde se celebra tiene distintas caracter\u00edsticas. Tradici\u00f3n en al menos 35 comunidades El Baile del Venado es una danza ritual que surgi\u00f3 hace unos 1,500 a\u00f1os, es decir en plena \u00e9poca\" \/>\n\t<meta name=\"robots\" content=\"max-snippet:-1, max-image-preview:large, max-video-preview:-1\" \/>\n\t<meta name=\"author\" content=\"Marysabel Aldana\"\/>\n\t<link rel=\"canonical\" href=\"https:\/\/soymigrante.com\/revista\/cinco-de-las-carreras-con-mas-futuro-para-los-jovenes-en-la-actualidad\/\" \/>\n\t<meta name=\"generator\" content=\"All in One SEO Pro (AIOSEO) 4.9.6.2\" \/>\n\n\t\t<link rel=\"preconnect\" href=\"https:\/\/fonts.googleapis.com\" crossorigin>\n<link rel=\"preconnect\" href=\"https:\/\/fonts.gstatic.com\" crossorigin>\n\t\t<meta property=\"og:locale\" content=\"es_ES\" \/>\n\t\t<meta property=\"og:site_name\" content=\"SoyMigrante.com REVISTA \u2013 Nuestra misi\u00f3n es reconocer y dignificar al migrante.\" \/>\n\t\t<meta property=\"og:type\" content=\"article\" \/>\n\t\t<meta property=\"og:title\" content=\"Para j\u00f3venes: 5 de las carreras con m\u00e1s futuro en la actualidad\" \/>\n\t\t<meta property=\"og:description\" content=\"\u00bfQu\u00e9 carrera seguir? Es una decisi\u00f3n que depende de las aptitudes personales, tambi\u00e9n de preferencias, pero sin duda, las oportunidades laborales son clave.\" \/>\n\t\t<meta property=\"og:url\" content=\"https:\/\/soymigrante.com\/revista\/cinco-de-las-carreras-con-mas-futuro-para-los-jovenes-en-la-actualidad\/\" \/>\n\t\t<meta property=\"og:image\" content=\"https:\/\/soymigrante.com\/revista\/wp-content\/uploads\/2025\/04\/Las-5-carreras-con-mas-futuro-para-los-jovenes-hoy-en-dia1-e1744131122311.webp\" \/>\n\t\t<meta property=\"og:image:secure_url\" content=\"https:\/\/soymigrante.com\/revista\/wp-content\/uploads\/2025\/04\/Las-5-carreras-con-mas-futuro-para-los-jovenes-hoy-en-dia1-e1744131122311.webp\" \/>\n\t\t<meta property=\"og:image:width\" content=\"1045\" \/>\n\t\t<meta property=\"og:image:height\" content=\"1045\" \/>\n\t\t<meta property=\"article:published_time\" content=\"2025-04-11T16:27:39+00:00\" \/>\n\t\t<meta property=\"article:modified_time\" content=\"2025-08-27T17:48:45+00:00\" \/>\n\t\t<meta property=\"article:publisher\" content=\"https:\/\/www.facebook.com\/soymigrantecom\" \/>\n\t\t<meta name=\"twitter:card\" content=\"summary_large_image\" \/>\n\t\t<meta name=\"twitter:site\" content=\"@SoyMigrante_com\" \/>\n\t\t<meta name=\"twitter:title\" content=\"Para j\u00f3venes: 5 de las carreras con m\u00e1s futuro en la actualidad\" \/>\n\t\t<meta name=\"twitter:description\" content=\"\u00bfQu\u00e9 carrera seguir? Es una decisi\u00f3n que depende de las aptitudes personales, tambi\u00e9n de preferencias, pero sin duda, las oportunidades laborales son clave.\" \/>\n\t\t<meta name=\"twitter:creator\" content=\"@SoyMigrante_com\" \/>\n\t\t<meta name=\"twitter:image\" content=\"https:\/\/soymigrante.com\/revista\/wp-content\/uploads\/2025\/04\/Las-5-carreras-con-mas-futuro-para-los-jovenes-hoy-en-dia1-e1744131122311.webp\" \/>\n\t\t<!-- All in One SEO Pro -->\r\n\t\t<title>Para j\u00f3venes: 5 de las carreras con m\u00e1s futuro en la actualidad<\/title>\n\n","aioseo_head_json":{"title":"Para j\u00f3venes: 5 de las carreras con m\u00e1s futuro en la actualidad","description":"\u00bfQu\u00e9 carrera seguir? Es una decisi\u00f3n que depende de las aptitudes personales, tambi\u00e9n de preferencias, pero sin duda, las oportunidades laborales son clave.","canonical_url":"https:\/\/soymigrante.com\/revista\/cinco-de-las-carreras-con-mas-futuro-para-los-jovenes-en-la-actualidad\/","robots":"max-snippet:-1, max-image-preview:large, max-video-preview:-1","keywords":"","webmasterTools":{"miscellaneous":"&lt;link rel=\"preconnect\" href=\"https:\/\/fonts.googleapis.com\" crossorigin&gt;\n&lt;link rel=\"preconnect\" href=\"https:\/\/fonts.gstatic.com\" crossorigin&gt;"},"schema":null,"og:locale":"es_ES","og:site_name":"SoyMigrante.com REVISTA \u2013 Nuestra misi\u00f3n es reconocer y dignificar al migrante.","og:type":"article","og:title":"Para j\u00f3venes: 5 de las carreras con m\u00e1s futuro en la actualidad","og:description":"\u00bfQu\u00e9 carrera seguir? Es una decisi\u00f3n que depende de las aptitudes personales, tambi\u00e9n de preferencias, pero sin duda, las oportunidades laborales son clave.","og:url":"https:\/\/soymigrante.com\/revista\/cinco-de-las-carreras-con-mas-futuro-para-los-jovenes-en-la-actualidad\/","og:image":"https:\/\/soymigrante.com\/revista\/wp-content\/uploads\/2025\/04\/Las-5-carreras-con-mas-futuro-para-los-jovenes-hoy-en-dia1-e1744131122311.webp","og:image:secure_url":"https:\/\/soymigrante.com\/revista\/wp-content\/uploads\/2025\/04\/Las-5-carreras-con-mas-futuro-para-los-jovenes-hoy-en-dia1-e1744131122311.webp","og:image:width":1045,"og:image:height":1045,"article:published_time":"2025-04-11T16:27:39+00:00","article:modified_time":"2025-08-27T17:48:45+00:00","article:publisher":"https:\/\/www.facebook.com\/soymigrantecom","twitter:card":"summary_large_image","twitter:site":"@SoyMigrante_com","twitter:title":"Para j\u00f3venes: 5 de las carreras con m\u00e1s futuro en la actualidad","twitter:description":"\u00bfQu\u00e9 carrera seguir? Es una decisi\u00f3n que depende de las aptitudes personales, tambi\u00e9n de preferencias, pero sin duda, las oportunidades laborales son clave.","twitter:creator":"@SoyMigrante_com","twitter:image":"https:\/\/soymigrante.com\/revista\/wp-content\/uploads\/2025\/04\/Las-5-carreras-con-mas-futuro-para-los-jovenes-hoy-en-dia1-e1744131122311.webp"},"aioseo_meta_data":{"post_id":"30368","title":"Para j\u00f3venes: 5 de las carreras con m\u00e1s futuro en la actualidad","description":"\u00bfQu\u00e9 carrera seguir? Es una decisi\u00f3n que depende de las aptitudes personales, tambi\u00e9n de preferencias, pero sin duda, las oportunidades laborales son clave.","keywords":null,"keyphrases":{"focus":{"keyphrase":"Carreras","score":74,"analysis":{"keyphraseInTitle":{"score":9,"maxScore":9,"error":0},"keyphraseInDescription":{"score":3,"maxScore":9,"error":1},"keyphraseLength":{"score":9,"maxScore":9,"error":0,"length":1},"keyphraseInURL":{"score":5,"maxScore":5,"error":0},"keyphraseInIntroduction":{"score":3,"maxScore":9,"error":1},"keyphraseInSubHeadings":{"score":3,"maxScore":9,"error":1},"keyphraseInImageAlt":{"score":9,"maxScore":9,"error":0},"keywordDensity":{"type":"best","score":9,"maxScore":9,"error":0}}},"additional":[{"keyphrase":"vocaci\u00f3n","score":40,"analysis":{"keyphraseInDescription":{"score":3,"maxScore":9,"error":1},"keyphraseLength":{"score":9,"maxScore":9,"error":0,"length":2},"keyphraseInIntroduction":{"score":3,"maxScore":9,"error":1},"keyphraseInImageAlt":{"score":3,"maxScore":9,"error":1},"keywordDensity":{"score":0,"type":"low","maxScore":9,"error":1}}},{"keyphrase":"universidad","score":40,"analysis":{"keyphraseInDescription":{"score":3,"maxScore":9,"error":1},"keyphraseLength":{"score":9,"maxScore":9,"error":0,"length":1},"keyphraseInIntroduction":{"score":3,"maxScore":9,"error":1},"keyphraseInImageAlt":{"score":3,"maxScore":9,"error":1},"keywordDensity":{"score":0,"type":"low","maxScore":9,"error":1}}}]},"primary_term":null,"canonical_url":null,"og_title":null,"og_description":null,"og_object_type":"default","og_image_type":"default","og_image_url":null,"og_image_width":null,"og_image_height":null,"og_image_custom_url":null,"og_image_custom_fields":null,"og_video":"","og_custom_url":null,"og_article_section":null,"og_article_tags":null,"twitter_use_og":false,"twitter_card":"default","twitter_image_type":"default","twitter_image_url":null,"twitter_image_custom_url":null,"twitter_image_custom_fields":null,"twitter_title":null,"twitter_description":null,"schema":{"blockGraphs":[],"customGraphs":[],"default":{"data":{"Article":[],"Course":[],"Dataset":[],"FAQPage":[],"Movie":[],"Person":[],"Product":[],"ProductReview":[],"Car":[],"Recipe":[],"Service":[],"SoftwareApplication":[],"WebPage":[]},"graphName":"none","isEnabled":true},"graphs":[]},"schema_type":"default","schema_type_options":null,"pillar_content":false,"robots_default":true,"robots_noindex":false,"robots_noarchive":false,"robots_nosnippet":false,"robots_nofollow":false,"robots_noimageindex":false,"robots_noodp":false,"robots_notranslate":false,"robots_max_snippet":"-1","robots_max_videopreview":"-1","robots_max_imagepreview":"large","priority":null,"frequency":"default","local_seo":null,"seo_analyzer_scan_date":"2025-10-09 04:17:19","breadcrumb_settings":null,"limit_modified_date":false,"reviewed_by":"0","open_ai":"{\"title\":{\"suggestions\":[],\"usage\":0},\"description\":{\"suggestions\":[],\"usage\":0}}","ai":{"faqs":[],"keyPoints":[],"titles":[],"descriptions":[],"socialPosts":{"email":[],"linkedin":[],"twitter":[],"facebook":[],"instagram":[]}},"created":"2025-04-08 16:51:20","updated":"2026-02-04 22:58:19"},"aioseo_breadcrumb":"<div class=\"aioseo-breadcrumbs\"><span class=\"aioseo-breadcrumb\">\n\t<a href=\"https:\/\/soymigrante.com\/revista\" title=\"Home\">Home<\/a>\n<\/span><span class=\"aioseo-breadcrumb-separator\">\u00bb<\/span><span class=\"aioseo-breadcrumb\">\n\t<a href=\"https:\/\/soymigrante.com\/revista\/category\/bienestar\/\" title=\"Bienestar\">Bienestar<\/a>\n<\/span><span class=\"aioseo-breadcrumb-separator\">\u00bb<\/span><span class=\"aioseo-breadcrumb\">\n\tCinco de las carreras con m\u00e1s futuro para los j\u00f3venes en la actualidad\n<\/span><\/div>","aioseo_breadcrumb_json":[{"label":"Home","link":"https:\/\/soymigrante.com\/revista"},{"label":"Bienestar","link":"https:\/\/soymigrante.com\/revista\/category\/bienestar\/"},{"label":"Cinco de las carreras con m\u00e1s futuro para los j\u00f3venes en la actualidad","link":"https:\/\/soymigrante.com\/revista\/cinco-de-las-carreras-con-mas-futuro-para-los-jovenes-en-la-actualidad\/"}],"_links":{"self":[{"href":"https:\/\/soymigrante.com\/revista\/wp-json\/wp\/v2\/posts\/30368","targetHints":{"allow":["GET"]}}],"collection":[{"href":"https:\/\/soymigrante.com\/revista\/wp-json\/wp\/v2\/posts"}],"about":[{"href":"https:\/\/soymigrante.com\/revista\/wp-json\/wp\/v2\/types\/post"}],"author":[{"embeddable":true,"href":"https:\/\/soymigrante.com\/revista\/wp-json\/wp\/v2\/users\/19"}],"replies":[{"embeddable":true,"href":"https:\/\/soymigrante.com\/revista\/wp-json\/wp\/v2\/comments?post=30368"}],"version-history":[{"count":3,"href":"https:\/\/soymigrante.com\/revista\/wp-json\/wp\/v2\/posts\/30368\/revisions"}],"predecessor-version":[{"id":42856,"href":"https:\/\/soymigrante.com\/revista\/wp-json\/wp\/v2\/posts\/30368\/revisions\/42856"}],"wp:featuredmedia":[{"embeddable":true,"href":"https:\/\/soymigrante.com\/revista\/wp-json\/wp\/v2\/media\/30369"}],"wp:attachment":[{"href":"https:\/\/soymigrante.com\/revista\/wp-json\/wp\/v2\/media?parent=30368"}],"wp:term":[{"taxonomy":"category","embeddable":true,"href":"https:\/\/soymigrante.com\/revista\/wp-json\/wp\/v2\/categories?post=30368"},{"taxonomy":"post_tag","embeddable":true,"href":"https:\/\/soymigrante.com\/revista\/wp-json\/wp\/v2\/tags?post=30368"}],"curies":[{"name":"wp","href":"https:\/\/api.w.org\/{rel}","templated":true}]}}