{"id":30318,"date":"2025-04-08T00:10:56","date_gmt":"2025-04-08T06:10:56","guid":{"rendered":"https:\/\/soymigrante.com\/revista\/?p=30318"},"modified":"2025-04-08T00:31:17","modified_gmt":"2025-04-08T06:31:17","slug":"galeria-fotografica-de-fe-y-vivencia-popular-en-cuaresma-y-semana-santa","status":"publish","type":"post","link":"https:\/\/soymigrante.com\/revista\/galeria-fotografica-de-fe-y-vivencia-popular-en-cuaresma-y-semana-santa\/","title":{"rendered":"Galer\u00eda fotogr\u00e1fica de fe y vivencia popular en Cuaresma y Semana Santa"},"content":{"rendered":"\t\t<div data-elementor-type=\"wp-post\" data-elementor-id=\"30318\" class=\"elementor elementor-30318\" data-elementor-post-type=\"post\">\n\t\t\t\t<div data-particle_enable=\"false\" data-particle-mobile-disabled=\"false\" class=\"elementor-element elementor-element-ede005d e-flex e-con-boxed e-con e-parent\" data-id=\"ede005d\" data-element_type=\"container\" data-e-type=\"container\">\n\t\t\t\t\t<div class=\"e-con-inner\">\n\t\t\t\t<div class=\"elementor-element elementor-element-e4fb1ec elementor-widget elementor-widget-heading\" data-id=\"e4fb1ec\" data-element_type=\"widget\" data-e-type=\"widget\" data-widget_type=\"heading.default\">\n\t\t\t\t\t<h2 class=\"elementor-heading-title elementor-size-default\">La vida bulle de muchas formas en la devoci\u00f3n cuaresmal guatemalteca: en los altares, en las procesiones, en las ventas de quienes salen a ganarse el sustento: estas son algunas escenas captadas en este a\u00f1o jubilar 2025.<\/h2>\t\t\t\t<\/div>\n\t\t\t\t\t<\/div>\n\t\t\t\t<\/div>\n\t\t<div data-particle_enable=\"false\" data-particle-mobile-disabled=\"false\" class=\"elementor-element elementor-element-a3aff24 e-flex e-con-boxed e-con e-parent\" data-id=\"a3aff24\" data-element_type=\"container\" data-e-type=\"container\">\n\t\t\t\t\t<div class=\"e-con-inner\">\n\t\t\t\t<div class=\"elementor-element elementor-element-4cf86ca elementor-widget elementor-widget-text-editor\" data-id=\"4cf86ca\" data-element_type=\"widget\" data-e-type=\"widget\" data-widget_type=\"text-editor.default\">\n\t\t\t\t\t\t\t\t\t<p><b>Fotograf\u00edas por Michelle Gonz\u00e1lez<\/b><\/p>\t\t\t\t\t\t\t\t<\/div>\n\t\t\t\t\t<\/div>\n\t\t\t\t<\/div>\n\t\t<div data-particle_enable=\"false\" data-particle-mobile-disabled=\"false\" class=\"elementor-element elementor-element-bbaed83 e-flex e-con-boxed e-con e-parent\" data-id=\"bbaed83\" data-element_type=\"container\" data-e-type=\"container\">\n\t\t\t\t\t<div class=\"e-con-inner\">\n\t\t\t\t<div class=\"elementor-element elementor-element-7ba8b31 elementor-widget elementor-widget-text-editor\" data-id=\"7ba8b31\" data-element_type=\"widget\" data-e-type=\"widget\" data-widget_type=\"text-editor.default\">\n\t\t\t\t\t\t\t\t\t<p>Sobre las andas va el Nazareno o la Dolorosa,\u00a0 rodeados del adorno que llev\u00f3 semanas o incluso meses confeccionar. Son unas cuantas horas de recorrido que ser\u00e1 admirado por miles o decenas de miles. Pero no hay procesi\u00f3n peque\u00f1a, porque hasta en las parroquias m\u00e1s sencillas hay fe del tama\u00f1o de un grano de mostaza y eso basta. Esta es una galer\u00eda de instantes de fe y vida en la ciudad capital y Antigua Guatemala.<\/p>\t\t\t\t\t\t\t\t<\/div>\n\t\t\t\t\t<\/div>\n\t\t\t\t<\/div>\n\t\t<div data-particle_enable=\"false\" data-particle-mobile-disabled=\"false\" class=\"elementor-element elementor-element-b131c27 e-flex e-con-boxed e-con e-parent\" data-id=\"b131c27\" data-element_type=\"container\" data-e-type=\"container\">\n\t\t\t\t\t<div class=\"e-con-inner\">\n\t\t\t\t<div class=\"elementor-element elementor-element-e01948d elementor-widget elementor-widget-image\" data-id=\"e01948d\" data-element_type=\"widget\" data-e-type=\"widget\" data-widget_type=\"image.default\">\n\t\t\t\t\t\t\t\t\t\t\t\t<figure class=\"wp-caption\">\n\t\t\t\t\t\t\t\t\t\t<img fetchpriority=\"high\" decoding=\"async\" width=\"768\" height=\"1024\" src=\"https:\/\/soymigrante.com\/revista\/wp-content\/uploads\/2025\/04\/procesiones-cuaresma-y-semana-santa-768x1024.jpg\" class=\"attachment-large size-large wp-image-30330\" alt=\"Cortina de terciopelo rojo y mantos dorados en una ceremonia religiosa, con asistentes observando devotamente, en un entorno decorado con cortinas azules y elementos religiosos, en una iglesia cat\u00f3lica.\" srcset=\"https:\/\/soymigrante.com\/revista\/wp-content\/uploads\/2025\/04\/procesiones-cuaresma-y-semana-santa-768x1024.jpg 768w, https:\/\/soymigrante.com\/revista\/wp-content\/uploads\/2025\/04\/procesiones-cuaresma-y-semana-santa-225x300.jpg 225w, https:\/\/soymigrante.com\/revista\/wp-content\/uploads\/2025\/04\/procesiones-cuaresma-y-semana-santa-1152x1536.jpg 1152w, https:\/\/soymigrante.com\/revista\/wp-content\/uploads\/2025\/04\/procesiones-cuaresma-y-semana-santa-1536x2048.jpg 1536w, https:\/\/soymigrante.com\/revista\/wp-content\/uploads\/2025\/04\/procesiones-cuaresma-y-semana-santa-750x1000.webp 750w, https:\/\/soymigrante.com\/revista\/wp-content\/uploads\/2025\/04\/procesiones-cuaresma-y-semana-santa-1140x1520.webp 1140w, https:\/\/soymigrante.com\/revista\/wp-content\/uploads\/2025\/04\/procesiones-cuaresma-y-semana-santa-scaled.webp 1440w\" sizes=\"(max-width: 768px) 100vw, 768px\" title=\"La madre del Var\u00f3n de Dolores recibe las plegarias, el acompa\u00f1amiento y tambi\u00e9n el afecto de los fieles en la velaci\u00f3n de San Pedro Las Huertas. (Foto Michelle Gonzalez) \u2013 SoyMigrante.com REVISTA\" \/>\t\t\t\t\t\t\t\t\t\t\t<figcaption class=\"widget-image-caption wp-caption-text\">Celebraci\u00f3n religiosa con decoraci\u00f3n elegante en la iglesia, incluyendo cortinas coloridas y un altar con s\u00edmbolos religiosos, donde la comunidad participa en una ceremonia importante.<\/figcaption>\n\t\t\t\t\t\t\t\t\t\t<\/figure>\n\t\t\t\t\t\t\t\t\t<\/div>\n\t\t\t\t\t<\/div>\n\t\t\t\t<\/div>\n\t\t<div data-particle_enable=\"false\" data-particle-mobile-disabled=\"false\" class=\"elementor-element elementor-element-6d1d2fe e-flex e-con-boxed e-con e-parent\" data-id=\"6d1d2fe\" data-element_type=\"container\" data-e-type=\"container\">\n\t\t\t\t\t<div class=\"e-con-inner\">\n\t\t\t\t<div class=\"elementor-element elementor-element-7df4b11 elementor-widget elementor-widget-image\" data-id=\"7df4b11\" data-element_type=\"widget\" data-e-type=\"widget\" data-widget_type=\"image.default\">\n\t\t\t\t\t\t\t\t\t\t\t\t<figure class=\"wp-caption\">\n\t\t\t\t\t\t\t\t\t\t<img decoding=\"async\" width=\"768\" height=\"1024\" src=\"https:\/\/soymigrante.com\/revista\/wp-content\/uploads\/2025\/04\/procesiones-cuaresma-y-semana-santa-7-768x1024.jpg\" class=\"attachment-large size-large wp-image-30331\" alt=\"Alto contenido de figuras religiosas y celebraci\u00f3n del D\u00eda de Muertos en un altar tradicional con frutas, velas y decoraci\u00f3n colorida en un espacio cultural mexicano.\" srcset=\"https:\/\/soymigrante.com\/revista\/wp-content\/uploads\/2025\/04\/procesiones-cuaresma-y-semana-santa-7-768x1024.jpg 768w, https:\/\/soymigrante.com\/revista\/wp-content\/uploads\/2025\/04\/procesiones-cuaresma-y-semana-santa-7-225x300.jpg 225w, https:\/\/soymigrante.com\/revista\/wp-content\/uploads\/2025\/04\/procesiones-cuaresma-y-semana-santa-7-1152x1536.jpg 1152w, https:\/\/soymigrante.com\/revista\/wp-content\/uploads\/2025\/04\/procesiones-cuaresma-y-semana-santa-7-1536x2048.jpg 1536w, https:\/\/soymigrante.com\/revista\/wp-content\/uploads\/2025\/04\/procesiones-cuaresma-y-semana-santa-7-750x1000.webp 750w, https:\/\/soymigrante.com\/revista\/wp-content\/uploads\/2025\/04\/procesiones-cuaresma-y-semana-santa-7-1140x1520.webp 1140w, https:\/\/soymigrante.com\/revista\/wp-content\/uploads\/2025\/04\/procesiones-cuaresma-y-semana-santa-7-scaled.webp 1440w\" sizes=\"(max-width: 768px) 100vw, 768px\" title=\"El fruto del trabajo se convierte en ofrenda piadosa alrededor de una alfombra que ayer fue \u00e1rbol y ma\u00f1ana ser\u00e1 recuerdo. San Pedro  Las Huertas 2025 (Foto Michelle Gonzalez) \u2013 SoyMigrante.com REVISTA\" \/>\t\t\t\t\t\t\t\t\t\t\t<figcaption class=\"widget-image-caption wp-caption-text\">Fotograf\u00eda de un altar de D\u00eda de Muertos con frutas, velas, flores y figuras religiosas en un espacio interior decorado con tem\u00e1tica mexicana.<\/figcaption>\n\t\t\t\t\t\t\t\t\t\t<\/figure>\n\t\t\t\t\t\t\t\t\t<\/div>\n\t\t\t\t\t<\/div>\n\t\t\t\t<\/div>\n\t\t<div data-particle_enable=\"false\" data-particle-mobile-disabled=\"false\" class=\"elementor-element elementor-element-3d79e06 e-flex e-con-boxed e-con e-parent\" data-id=\"3d79e06\" data-element_type=\"container\" data-e-type=\"container\">\n\t\t\t\t\t<div class=\"e-con-inner\">\n\t\t\t\t<div class=\"elementor-element elementor-element-4b45b47 elementor-widget elementor-widget-image\" data-id=\"4b45b47\" data-element_type=\"widget\" data-e-type=\"widget\" data-widget_type=\"image.default\">\n\t\t\t\t\t\t\t\t\t\t\t\t<figure class=\"wp-caption\">\n\t\t\t\t\t\t\t\t\t\t<img decoding=\"async\" width=\"768\" height=\"1024\" src=\"https:\/\/soymigrante.com\/revista\/wp-content\/uploads\/2025\/04\/procesiones-cuaresma-y-semana-santa-4-768x1024.jpg\" class=\"attachment-large size-large wp-image-30332\" alt=\"Ni\u00f1os disfrazados en una procesi\u00f3n religiosa vestida con t\u00fanicas moradas, participando en una celebraci\u00f3n tradicional en un ambiente comunitario en la calle.\" srcset=\"https:\/\/soymigrante.com\/revista\/wp-content\/uploads\/2025\/04\/procesiones-cuaresma-y-semana-santa-4-768x1024.jpg 768w, https:\/\/soymigrante.com\/revista\/wp-content\/uploads\/2025\/04\/procesiones-cuaresma-y-semana-santa-4-225x300.jpg 225w, https:\/\/soymigrante.com\/revista\/wp-content\/uploads\/2025\/04\/procesiones-cuaresma-y-semana-santa-4-1152x1536.jpg 1152w, https:\/\/soymigrante.com\/revista\/wp-content\/uploads\/2025\/04\/procesiones-cuaresma-y-semana-santa-4-1536x2048.jpg 1536w, https:\/\/soymigrante.com\/revista\/wp-content\/uploads\/2025\/04\/procesiones-cuaresma-y-semana-santa-4-750x1000.webp 750w, https:\/\/soymigrante.com\/revista\/wp-content\/uploads\/2025\/04\/procesiones-cuaresma-y-semana-santa-4-1140x1520.webp 1140w, https:\/\/soymigrante.com\/revista\/wp-content\/uploads\/2025\/04\/procesiones-cuaresma-y-semana-santa-4-scaled.webp 1440w\" sizes=\"(max-width: 768px) 100vw, 768px\" title=\"Semanas antes de la procesi\u00f3n mayor, ni\u00f1os se aprestan a cargar en el cortejo infanil de Jes\u00fas Nazareno de la Ca\u00edda de San Bartolom\u00e9 Becerra. (Foto Michelle Gonz\u00e1lez) \u2013 SoyMigrante.com REVISTA\" \/>\t\t\t\t\t\t\t\t\t\t\t<figcaption class=\"widget-image-caption wp-caption-text\">Semanas antes de la procesi\u00f3n mayor, ni\u00f1os se aprestan a cargar en el cortejo infanil de Jes\u00fas Nazareno de la Ca\u00edda de San Bartolom\u00e9 Becerra. (Foto Michelle Gonz\u00e1lez)<\/figcaption>\n\t\t\t\t\t\t\t\t\t\t<\/figure>\n\t\t\t\t\t\t\t\t\t<\/div>\n\t\t\t\t\t<\/div>\n\t\t\t\t<\/div>\n\t\t<div data-particle_enable=\"false\" data-particle-mobile-disabled=\"false\" class=\"elementor-element elementor-element-ca92180 e-flex e-con-boxed e-con e-parent\" data-id=\"ca92180\" data-element_type=\"container\" data-e-type=\"container\">\n\t\t\t\t\t<div class=\"e-con-inner\">\n\t\t\t\t<div class=\"elementor-element elementor-element-f2ace36 elementor-widget elementor-widget-image\" data-id=\"f2ace36\" data-element_type=\"widget\" data-e-type=\"widget\" data-widget_type=\"image.default\">\n\t\t\t\t\t\t\t\t\t\t\t\t<figure class=\"wp-caption\">\n\t\t\t\t\t\t\t\t\t\t<img loading=\"lazy\" decoding=\"async\" width=\"768\" height=\"576\" src=\"https:\/\/soymigrante.com\/revista\/wp-content\/uploads\/2025\/04\/nazareno-de-la-caida-san-bartolo-1024x768.jpg\" class=\"attachment-large size-large wp-image-30333\" alt=\"Procesi\u00f3n religiosa con ni\u00f1os y adultos participando en una celebraci\u00f3n tradicional en M\u00e9xico, con estatua de la Virgen de Guadalupe y una multitud en la calle.\" srcset=\"https:\/\/soymigrante.com\/revista\/wp-content\/uploads\/2025\/04\/nazareno-de-la-caida-san-bartolo-1024x768.jpg 1024w, https:\/\/soymigrante.com\/revista\/wp-content\/uploads\/2025\/04\/nazareno-de-la-caida-san-bartolo-300x225.jpg 300w, https:\/\/soymigrante.com\/revista\/wp-content\/uploads\/2025\/04\/nazareno-de-la-caida-san-bartolo-768x576.jpg 768w, https:\/\/soymigrante.com\/revista\/wp-content\/uploads\/2025\/04\/nazareno-de-la-caida-san-bartolo-1536x1152.jpg 1536w, https:\/\/soymigrante.com\/revista\/wp-content\/uploads\/2025\/04\/nazareno-de-la-caida-san-bartolo-2048x1536.jpg 2048w, https:\/\/soymigrante.com\/revista\/wp-content\/uploads\/2025\/04\/nazareno-de-la-caida-san-bartolo-750x563.webp 750w, https:\/\/soymigrante.com\/revista\/wp-content\/uploads\/2025\/04\/nazareno-de-la-caida-san-bartolo-1140x855.webp 1140w, https:\/\/soymigrante.com\/revista\/wp-content\/uploads\/2025\/04\/nazareno-de-la-caida-san-bartolo-scaled.webp 1920w\" sizes=\"(max-width: 768px) 100vw, 768px\" title=\"Aunque la afluencia a la infantil de San Bartolom\u00e9 Becerra no es tan masiva como la del Quinto Domingo, aqu\u00ed es donde est\u00e1 la semilla de futuros devotos. \u00a1Y all\u00e1 van en el tiempo! (Foto Michelle Gonz\u00e1lez) \u2013 SoyMigrante.com REVISTA\" \/>\t\t\t\t\t\t\t\t\t\t\t<figcaption class=\"widget-image-caption wp-caption-text\">Celebraci\u00f3n religiosa mexicana con procesi\u00f3n infantil ante la Virgen de Guadalupe, s\u00edmbolo importante de la cultura y fe en M\u00e9xico, en un evento tradicional de comunidad.<\/figcaption>\n\t\t\t\t\t\t\t\t\t\t<\/figure>\n\t\t\t\t\t\t\t\t\t<\/div>\n\t\t\t\t\t<\/div>\n\t\t\t\t<\/div>\n\t\t<div data-particle_enable=\"false\" data-particle-mobile-disabled=\"false\" class=\"elementor-element elementor-element-12b6990 e-flex e-con-boxed e-con e-parent\" data-id=\"12b6990\" data-element_type=\"container\" data-e-type=\"container\">\n\t\t\t\t\t<div class=\"e-con-inner\">\n\t\t\t\t<div class=\"elementor-element elementor-element-decfe7b elementor-widget elementor-widget-image\" data-id=\"decfe7b\" data-element_type=\"widget\" data-e-type=\"widget\" data-widget_type=\"image.default\">\n\t\t\t\t\t\t\t\t\t\t\t\t<figure class=\"wp-caption\">\n\t\t\t\t\t\t\t\t\t\t<img loading=\"lazy\" decoding=\"async\" width=\"768\" height=\"1024\" src=\"https:\/\/soymigrante.com\/revista\/wp-content\/uploads\/2025\/04\/procesiones-cuaresma-y-semana-santa-1-768x1024.jpg\" class=\"attachment-large size-large wp-image-30334\" alt=\"Calle de comida callejera nocturna en M\u00e9xico, puestos de antojitos mexicanos, vendedores ambulantes sirviendo alimentos t\u00edpicos, ambiente vibrante y cultural en la noche, promoci\u00f3n de la gastronom\u00eda popular.\" srcset=\"https:\/\/soymigrante.com\/revista\/wp-content\/uploads\/2025\/04\/procesiones-cuaresma-y-semana-santa-1-768x1024.jpg 768w, https:\/\/soymigrante.com\/revista\/wp-content\/uploads\/2025\/04\/procesiones-cuaresma-y-semana-santa-1-225x300.jpg 225w, https:\/\/soymigrante.com\/revista\/wp-content\/uploads\/2025\/04\/procesiones-cuaresma-y-semana-santa-1-1152x1536.jpg 1152w, https:\/\/soymigrante.com\/revista\/wp-content\/uploads\/2025\/04\/procesiones-cuaresma-y-semana-santa-1-1536x2048.jpg 1536w, https:\/\/soymigrante.com\/revista\/wp-content\/uploads\/2025\/04\/procesiones-cuaresma-y-semana-santa-1-750x1000.webp 750w, https:\/\/soymigrante.com\/revista\/wp-content\/uploads\/2025\/04\/procesiones-cuaresma-y-semana-santa-1-1140x1520.webp 1140w, https:\/\/soymigrante.com\/revista\/wp-content\/uploads\/2025\/04\/procesiones-cuaresma-y-semana-santa-1-scaled.webp 1440w\" sizes=\"(max-width: 768px) 100vw, 768px\" title=\"\u00bfQu\u00e9 tal un snack para el camino? \u00bfNo ser\u00e1 mucha tentaci\u00f3n? Hay plataninas tambi\u00e9n. (Foto Michelle Gonz\u00e1lez) \u2013 SoyMigrante.com REVISTA\" \/>\t\t\t\t\t\t\t\t\t\t\t<figcaption class=\"widget-image-caption wp-caption-text\">\u00bfQu\u00e9 tal un snack para el camino? \u00bfNo ser\u00e1 mucha tentaci\u00f3n? Hay plataninas tambi\u00e9n. (Foto Michelle Gonz\u00e1lez)<\/figcaption>\n\t\t\t\t\t\t\t\t\t\t<\/figure>\n\t\t\t\t\t\t\t\t\t<\/div>\n\t\t\t\t\t<\/div>\n\t\t\t\t<\/div>\n\t\t<div data-particle_enable=\"false\" data-particle-mobile-disabled=\"false\" class=\"elementor-element elementor-element-a777eb0 e-flex e-con-boxed e-con e-parent\" data-id=\"a777eb0\" data-element_type=\"container\" data-e-type=\"container\">\n\t\t\t\t\t<div class=\"e-con-inner\">\n\t\t\t\t<div class=\"elementor-element elementor-element-610e5a2 elementor-widget elementor-widget-image\" data-id=\"610e5a2\" data-element_type=\"widget\" data-e-type=\"widget\" data-widget_type=\"image.default\">\n\t\t\t\t\t\t\t\t\t\t\t\t<figure class=\"wp-caption\">\n\t\t\t\t\t\t\t\t\t\t<img loading=\"lazy\" decoding=\"async\" width=\"768\" height=\"1024\" src=\"https:\/\/soymigrante.com\/revista\/wp-content\/uploads\/2025\/04\/procesiones-cuaresma-y-semana-santa-3-768x1024.jpg\" class=\"attachment-large size-large wp-image-30335\" alt=\"Saborea churros tradicionales en un puesto callejero con aceite caliente, promoviendo la gastronom\u00eda y cultura mexicana en el contexto de migrantes y comunidades inmigrantes.\" srcset=\"https:\/\/soymigrante.com\/revista\/wp-content\/uploads\/2025\/04\/procesiones-cuaresma-y-semana-santa-3-768x1024.jpg 768w, https:\/\/soymigrante.com\/revista\/wp-content\/uploads\/2025\/04\/procesiones-cuaresma-y-semana-santa-3-225x300.jpg 225w, https:\/\/soymigrante.com\/revista\/wp-content\/uploads\/2025\/04\/procesiones-cuaresma-y-semana-santa-3-1152x1536.jpg 1152w, https:\/\/soymigrante.com\/revista\/wp-content\/uploads\/2025\/04\/procesiones-cuaresma-y-semana-santa-3-1536x2048.jpg 1536w, https:\/\/soymigrante.com\/revista\/wp-content\/uploads\/2025\/04\/procesiones-cuaresma-y-semana-santa-3-750x1000.webp 750w, https:\/\/soymigrante.com\/revista\/wp-content\/uploads\/2025\/04\/procesiones-cuaresma-y-semana-santa-3-1140x1520.webp 1140w, https:\/\/soymigrante.com\/revista\/wp-content\/uploads\/2025\/04\/procesiones-cuaresma-y-semana-santa-3-scaled.webp 1440w\" sizes=\"(max-width: 768px) 100vw, 768px\" title=\"Ver el rollo de churro dorado, con ese aroma hipnotizante, m\u00e1s azucar o sirope de chocolate es verdaderamente irresistible. (Foto Michelle Gonz\u00e1lez) \u2013 SoyMigrante.com REVISTA\" \/>\t\t\t\t\t\t\t\t\t\t\t<figcaption class=\"widget-image-caption wp-caption-text\">Disfruta de deliciosos churros en un mercado callejero, s\u00edmbolo de la gastronom\u00eda y cultura mexicana, en un entorno que refleja la vida y tradiciones de la comunidad migrante.<\/figcaption>\n\t\t\t\t\t\t\t\t\t\t<\/figure>\n\t\t\t\t\t\t\t\t\t<\/div>\n\t\t\t\t\t<\/div>\n\t\t\t\t<\/div>\n\t\t<div data-particle_enable=\"false\" data-particle-mobile-disabled=\"false\" class=\"elementor-element elementor-element-10fbbc9 e-flex e-con-boxed e-con e-parent\" data-id=\"10fbbc9\" data-element_type=\"container\" data-e-type=\"container\">\n\t\t\t\t\t<div class=\"e-con-inner\">\n\t\t\t\t<div class=\"elementor-element elementor-element-126b1e6 elementor-widget elementor-widget-image\" data-id=\"126b1e6\" data-element_type=\"widget\" data-e-type=\"widget\" data-widget_type=\"image.default\">\n\t\t\t\t\t\t\t\t\t\t\t\t<figure class=\"wp-caption\">\n\t\t\t\t\t\t\t\t\t\t<img loading=\"lazy\" decoding=\"async\" width=\"768\" height=\"1024\" src=\"https:\/\/soymigrante.com\/revista\/wp-content\/uploads\/2025\/04\/velacion-santa-ana-antigua-guatemala-768x1024.jpg\" class=\"attachment-large size-large wp-image-30337\" alt=\"Noche de carnaval tradicional con personajes de la obra &quot;Don Quijote&quot; en un escenario iluminado con luna llena y \u00e1rboles, representando la cultura y festividades de M\u00e9xico.\" srcset=\"https:\/\/soymigrante.com\/revista\/wp-content\/uploads\/2025\/04\/velacion-santa-ana-antigua-guatemala-768x1024.jpg 768w, https:\/\/soymigrante.com\/revista\/wp-content\/uploads\/2025\/04\/velacion-santa-ana-antigua-guatemala-225x300.jpg 225w, https:\/\/soymigrante.com\/revista\/wp-content\/uploads\/2025\/04\/velacion-santa-ana-antigua-guatemala-1152x1536.jpg 1152w, https:\/\/soymigrante.com\/revista\/wp-content\/uploads\/2025\/04\/velacion-santa-ana-antigua-guatemala-1536x2048.jpg 1536w, https:\/\/soymigrante.com\/revista\/wp-content\/uploads\/2025\/04\/velacion-santa-ana-antigua-guatemala-750x1000.webp 750w, https:\/\/soymigrante.com\/revista\/wp-content\/uploads\/2025\/04\/velacion-santa-ana-antigua-guatemala-1140x1520.webp 1140w, https:\/\/soymigrante.com\/revista\/wp-content\/uploads\/2025\/04\/velacion-santa-ana-antigua-guatemala-scaled.webp 1440w\" sizes=\"(max-width: 768px) 100vw, 768px\" title=\"El silencio y a soledad del Huerto de Getseman\u00ed se recre\u00f3 en el huerto de velaci\u00f3n del templo Santa Ana, Antigua Guatemala. (Foto Michelle Gonz\u00e1lez) \u2013 SoyMigrante.com REVISTA\" \/>\t\t\t\t\t\t\t\t\t\t\t<figcaption class=\"widget-image-caption wp-caption-text\">Escenario de carnaval con personajes hist\u00f3ricos y culturales, iluminado con luna llena y \u00e1rboles, destacando la tradici\u00f3n mexicana y las celebraciones folcl\u00f3ricas.<\/figcaption>\n\t\t\t\t\t\t\t\t\t\t<\/figure>\n\t\t\t\t\t\t\t\t\t<\/div>\n\t\t\t\t\t<\/div>\n\t\t\t\t<\/div>\n\t\t<div data-particle_enable=\"false\" data-particle-mobile-disabled=\"false\" class=\"elementor-element elementor-element-ef6afc0 e-flex e-con-boxed e-con e-parent\" data-id=\"ef6afc0\" data-element_type=\"container\" data-e-type=\"container\">\n\t\t\t\t\t<div class=\"e-con-inner\">\n\t\t\t\t<div class=\"elementor-element elementor-element-b4aa0b0 elementor-widget elementor-widget-image\" data-id=\"b4aa0b0\" data-element_type=\"widget\" data-e-type=\"widget\" data-widget_type=\"image.default\">\n\t\t\t\t\t\t\t\t\t\t\t\t<figure class=\"wp-caption\">\n\t\t\t\t\t\t\t\t\t\t<img loading=\"lazy\" decoding=\"async\" width=\"768\" height=\"1024\" src=\"https:\/\/soymigrante.com\/revista\/wp-content\/uploads\/2025\/04\/procesiones-cuaresma-y-semana-santa-5-768x1024.jpg\" class=\"attachment-large size-large wp-image-30339\" alt=\"Barroco altar con frutas y flores en iglesia religiosa, celebraci\u00f3n tradicional mexicana, cultura, arte sacro, decoraci\u00f3n festiva, festividad religiosa, patrimonio cultural, ambiente espiritual, ceremonias, tradici\u00f3n mexicana.\" srcset=\"https:\/\/soymigrante.com\/revista\/wp-content\/uploads\/2025\/04\/procesiones-cuaresma-y-semana-santa-5-768x1024.jpg 768w, https:\/\/soymigrante.com\/revista\/wp-content\/uploads\/2025\/04\/procesiones-cuaresma-y-semana-santa-5-225x300.jpg 225w, https:\/\/soymigrante.com\/revista\/wp-content\/uploads\/2025\/04\/procesiones-cuaresma-y-semana-santa-5-1152x1536.jpg 1152w, https:\/\/soymigrante.com\/revista\/wp-content\/uploads\/2025\/04\/procesiones-cuaresma-y-semana-santa-5-1536x2048.jpg 1536w, https:\/\/soymigrante.com\/revista\/wp-content\/uploads\/2025\/04\/procesiones-cuaresma-y-semana-santa-5-750x1000.webp 750w, https:\/\/soymigrante.com\/revista\/wp-content\/uploads\/2025\/04\/procesiones-cuaresma-y-semana-santa-5-1140x1520.webp 1140w, https:\/\/soymigrante.com\/revista\/wp-content\/uploads\/2025\/04\/procesiones-cuaresma-y-semana-santa-5-scaled.webp 1440w\" sizes=\"(max-width: 768px) 100vw, 768px\" title=\"Una semana antes del cortejo procesional m\u00e1s concurrido de la Antigua Guatemala, el de Jes\u00fas de la Ca\u00edda de San Bartolom\u00e9 Becerra, se vive la velaci\u00f3n con un impresionante huerto como ofrenda. (Foto Michelle Gonz\u00e1lez) \u2013 SoyMigrante.com REVISTA\" \/>\t\t\t\t\t\t\t\t\t\t\t<figcaption class=\"widget-image-caption wp-caption-text\">#separator_sa #blog_title #image_title<\/figcaption>\n\t\t\t\t\t\t\t\t\t\t<\/figure>\n\t\t\t\t\t\t\t\t\t<\/div>\n\t\t\t\t\t<\/div>\n\t\t\t\t<\/div>\n\t\t<div data-particle_enable=\"false\" data-particle-mobile-disabled=\"false\" class=\"elementor-element elementor-element-68c3b2a e-flex e-con-boxed e-con e-parent\" data-id=\"68c3b2a\" data-element_type=\"container\" data-e-type=\"container\">\n\t\t\t\t\t<div class=\"e-con-inner\">\n\t\t\t\t<div class=\"elementor-element elementor-element-292aa9d elementor-widget elementor-widget-image\" data-id=\"292aa9d\" data-element_type=\"widget\" data-e-type=\"widget\" data-widget_type=\"image.default\">\n\t\t\t\t\t\t\t\t\t\t\t\t<figure class=\"wp-caption\">\n\t\t\t\t\t\t\t\t\t\t<img loading=\"lazy\" decoding=\"async\" width=\"576\" height=\"1024\" src=\"https:\/\/soymigrante.com\/revista\/wp-content\/uploads\/2025\/04\/jesus-de-los-milagros-mujeres-576x1024.jpg\" class=\"attachment-large size-large wp-image-30340\" alt=\"Altar de la figura de Jes\u00fas cargando la cruz en una procesi\u00f3n nocturna durante la Semana Santa en M\u00e9xico.\" srcset=\"https:\/\/soymigrante.com\/revista\/wp-content\/uploads\/2025\/04\/jesus-de-los-milagros-mujeres-576x1024.jpg 576w, https:\/\/soymigrante.com\/revista\/wp-content\/uploads\/2025\/04\/jesus-de-los-milagros-mujeres-169x300.jpg 169w, https:\/\/soymigrante.com\/revista\/wp-content\/uploads\/2025\/04\/jesus-de-los-milagros-mujeres-768x1365.jpg 768w, https:\/\/soymigrante.com\/revista\/wp-content\/uploads\/2025\/04\/jesus-de-los-milagros-mujeres-864x1536.jpg 864w, https:\/\/soymigrante.com\/revista\/wp-content\/uploads\/2025\/04\/jesus-de-los-milagros-mujeres-1152x2048.jpg 1152w, https:\/\/soymigrante.com\/revista\/wp-content\/uploads\/2025\/04\/jesus-de-los-milagros-mujeres-750x1333.webp 750w, https:\/\/soymigrante.com\/revista\/wp-content\/uploads\/2025\/04\/jesus-de-los-milagros-mujeres-scaled.webp 1080w\" sizes=\"(max-width: 576px) 100vw, 576px\" title=\"El 8 de marzo de 2025, coincidi\u00f3 el D\u00eda de la Mujer con la excepcional procesi\u00f3n de Jes\u00fas Nazareno de los Milagros del Santuario de San Jos\u00e9,  cargada exclusivamente por damas. (Foto Michelle Gonzalez) \u2013 SoyMigrante.com REVISTA\" \/>\t\t\t\t\t\t\t\t\t\t\t<figcaption class=\"widget-image-caption wp-caption-text\">Imagen de la procesi\u00f3n de Semana Santa con la figura de Jes\u00fas cargando la cruz en una celebraci\u00f3n religiosa en la noche.<\/figcaption>\n\t\t\t\t\t\t\t\t\t\t<\/figure>\n\t\t\t\t\t\t\t\t\t<\/div>\n\t\t\t\t\t<\/div>\n\t\t\t\t<\/div>\n\t\t<div data-particle_enable=\"false\" data-particle-mobile-disabled=\"false\" class=\"elementor-element elementor-element-41013e7 e-flex e-con-boxed e-con e-parent\" data-id=\"41013e7\" data-element_type=\"container\" data-e-type=\"container\">\n\t\t\t\t\t<div class=\"e-con-inner\">\n\t\t\t\t<div class=\"elementor-element elementor-element-466245e elementor-widget elementor-widget-image\" data-id=\"466245e\" data-element_type=\"widget\" data-e-type=\"widget\" data-widget_type=\"image.default\">\n\t\t\t\t\t\t\t\t\t\t\t\t<figure class=\"wp-caption\">\n\t\t\t\t\t\t\t\t\t\t<img loading=\"lazy\" decoding=\"async\" width=\"768\" height=\"500\" src=\"https:\/\/soymigrante.com\/revista\/wp-content\/uploads\/2025\/04\/jesus-santa-marta-1024x666.jpg\" class=\"attachment-large size-large wp-image-30352\" alt=\"Figura religiosa de Jes\u00fas en la cruz con flores y \u00e1rboles decorativos, representando tem\u00e1tica de fe y tradici\u00f3n para contenido de Revista SoyMigrante.com.\" srcset=\"https:\/\/soymigrante.com\/revista\/wp-content\/uploads\/2025\/04\/jesus-santa-marta-1024x666.jpg 1024w, https:\/\/soymigrante.com\/revista\/wp-content\/uploads\/2025\/04\/jesus-santa-marta-300x195.jpg 300w, https:\/\/soymigrante.com\/revista\/wp-content\/uploads\/2025\/04\/jesus-santa-marta-768x499.jpg 768w, https:\/\/soymigrante.com\/revista\/wp-content\/uploads\/2025\/04\/jesus-santa-marta-1536x999.jpg 1536w, https:\/\/soymigrante.com\/revista\/wp-content\/uploads\/2025\/04\/jesus-santa-marta-750x488.webp 750w, https:\/\/soymigrante.com\/revista\/wp-content\/uploads\/2025\/04\/jesus-santa-marta-1140x741.webp 1140w, https:\/\/soymigrante.com\/revista\/wp-content\/uploads\/2025\/04\/jesus-santa-marta.webp 1838w\" sizes=\"(max-width: 768px) 100vw, 768px\" title=\"Jes\u00fas Nazareno Redentor de los Cautivos, de la Parroquia Santa Marta, zona 3, debe su nombre a que alguna vez fue venerado en la capilla de la antigua Penitencier\u00eda. Este 2025 su cortejo procesional cumpli\u00f3 100 a\u00f1os. (Foto Michelle Gonzalez) \u2013 SoyMigrante.com REVISTA\" \/>\t\t\t\t\t\t\t\t\t\t\t<figcaption class=\"widget-image-caption wp-caption-text\">Jes\u00fas en la cruz adornado con flores en un entorno nocturno, reflejando tradici\u00f3n religiosa y cultura mexicana, ideal para art\u00edculos sobre festividades y cultura en SoyMigrante.com.<\/figcaption>\n\t\t\t\t\t\t\t\t\t\t<\/figure>\n\t\t\t\t\t\t\t\t\t<\/div>\n\t\t\t\t\t<\/div>\n\t\t\t\t<\/div>\n\t\t<div data-particle_enable=\"false\" data-particle-mobile-disabled=\"false\" class=\"elementor-element elementor-element-387002e e-flex e-con-boxed e-con e-parent\" data-id=\"387002e\" data-element_type=\"container\" data-e-type=\"container\">\n\t\t\t\t\t<div class=\"e-con-inner\">\n\t\t\t\t<div class=\"elementor-element elementor-element-a5370f6 elementor-widget elementor-widget-image\" data-id=\"a5370f6\" data-element_type=\"widget\" data-e-type=\"widget\" data-widget_type=\"image.default\">\n\t\t\t\t\t\t\t\t\t\t\t\t<figure class=\"wp-caption\">\n\t\t\t\t\t\t\t\t\t\t<img loading=\"lazy\" decoding=\"async\" width=\"768\" height=\"1024\" src=\"https:\/\/soymigrante.com\/revista\/wp-content\/uploads\/2025\/04\/santo-entierro-senor-sepultado-parroquia-san-cristobal-768x1024.jpg\" class=\"attachment-large size-large wp-image-30345\" alt=\"Centenario evento cultural con iluminaci\u00f3n, candelabros y decoraci\u00f3n teatral, interior de sal\u00f3n con gente disfrutando de actividad art\u00edstica en ambiente festivo.\" srcset=\"https:\/\/soymigrante.com\/revista\/wp-content\/uploads\/2025\/04\/santo-entierro-senor-sepultado-parroquia-san-cristobal-768x1024.jpg 768w, https:\/\/soymigrante.com\/revista\/wp-content\/uploads\/2025\/04\/santo-entierro-senor-sepultado-parroquia-san-cristobal-225x300.jpg 225w, https:\/\/soymigrante.com\/revista\/wp-content\/uploads\/2025\/04\/santo-entierro-senor-sepultado-parroquia-san-cristobal-1152x1536.jpg 1152w, https:\/\/soymigrante.com\/revista\/wp-content\/uploads\/2025\/04\/santo-entierro-senor-sepultado-parroquia-san-cristobal-1536x2048.jpg 1536w, https:\/\/soymigrante.com\/revista\/wp-content\/uploads\/2025\/04\/santo-entierro-senor-sepultado-parroquia-san-cristobal-750x1000.webp 750w, https:\/\/soymigrante.com\/revista\/wp-content\/uploads\/2025\/04\/santo-entierro-senor-sepultado-parroquia-san-cristobal-1140x1520.webp 1140w, https:\/\/soymigrante.com\/revista\/wp-content\/uploads\/2025\/04\/santo-entierro-senor-sepultado-parroquia-san-cristobal-scaled.webp 1440w\" sizes=\"(max-width: 768px) 100vw, 768px\" title=\"Esta foto es del a\u00f1o pasado porque es el Santo Entierro de la Parroquia San Crist\u00f3bal, en la zona 11 de la capital. Te bendecimos Se\u00f1or porque por tu Santa Cruz redimiste al mundo (Foto Michelle Gonzalez) \u2013 SoyMigrante.com REVISTA\" \/>\t\t\t\t\t\t\t\t\t\t\t<figcaption class=\"widget-image-caption wp-caption-text\">Impresionante escena en un sal\u00f3n con techo de madera, decoraciones con cortinas y candelabros, en un evento cultural que une comunidad y tradiciones.<\/figcaption>\n\t\t\t\t\t\t\t\t\t\t<\/figure>\n\t\t\t\t\t\t\t\t\t<\/div>\n\t\t\t\t\t<\/div>\n\t\t\t\t<\/div>\n\t\t<div data-particle_enable=\"false\" data-particle-mobile-disabled=\"false\" class=\"elementor-element elementor-element-115db00 e-flex e-con-boxed e-con e-parent\" data-id=\"115db00\" data-element_type=\"container\" data-e-type=\"container\">\n\t\t\t\t\t<div class=\"e-con-inner\">\n\t\t\t\t<div class=\"elementor-element elementor-element-f79fa7d elementor-widget elementor-widget-heading\" data-id=\"f79fa7d\" data-element_type=\"widget\" data-e-type=\"widget\" data-widget_type=\"heading.default\">\n\t\t\t\t\t<h2 class=\"elementor-heading-title elementor-size-default\">M\u00e1s de la tradici\u00f3n popular guatemalteca<\/h2>\t\t\t\t<\/div>\n\t\t\t\t\t<\/div>\n\t\t\t\t<\/div>\n\t\t<div data-particle_enable=\"false\" data-particle-mobile-disabled=\"false\" class=\"elementor-element elementor-element-82116b8 e-flex e-con-boxed e-con e-parent\" data-id=\"82116b8\" data-element_type=\"container\" data-e-type=\"container\">\n\t\t\t\t\t<div class=\"e-con-inner\">\n\t\t\t\t<div class=\"elementor-element elementor-element-7950167 elementor-grid-eael-col-3 elementor-grid-tablet-eael-col-2 elementor-grid-mobile-eael-col-1 elementor-widget elementor-widget-eael-post-grid\" data-id=\"7950167\" data-element_type=\"widget\" data-e-type=\"widget\" data-settings=\"{&quot;eael_post_grid_columns&quot;:&quot;eael-col-3&quot;,&quot;eael_post_grid_columns_tablet&quot;:&quot;eael-col-2&quot;,&quot;eael_post_grid_columns_mobile&quot;:&quot;eael-col-1&quot;}\" data-widget_type=\"eael-post-grid.default\">\n\t\t\t\t\t<div id=\"eael-post-grid-7950167\" class=\"eael-post-grid-container\">\n            <div class=\"eael-post-grid eael-post-appender eael-post-appender-7950167 eael-post-grid-style-one\" data-layout-mode=\"masonry\"><article class=\"eael-grid-post  eael-post-grid-column eael-pg-post-29642 category-guate-nuestra tags-patrimonio-cuaresma-y-semana-santa\" data-id=\"29642\">\n        <div class=\"eael-grid-post-holder\">\n            <div class=\"eael-grid-post-holder-inner\"><div class=\"eael-entry-media\"><div class=\"eael-entry-overlay fade-in\"><i class=\"far fa-hand-pointer\" aria-hidden=\"true\"><\/i><a href=\"https:\/\/soymigrante.com\/revista\/galeria-de-indumentarias-de-devotos-y-cucuruchos-de-cuaresma-y-semana-santa-guatemalteca\/\"><\/a><\/div><div class=\"eael-entry-thumbnail \">\n                <img loading=\"lazy\" decoding=\"async\" width=\"1024\" height=\"1024\" src=\"https:\/\/soymigrante.com\/revista\/wp-content\/uploads\/2025\/03\/galeria-de-indumentaria-semana-santa-1024x1024.png\" class=\"attachment-large size-large wp-image-29648\" alt=\"Traje del cucurucho y el devoto en la Cuaresma y Semana Santa Guatemalteca\" srcset=\"https:\/\/soymigrante.com\/revista\/wp-content\/uploads\/2025\/03\/galeria-de-indumentaria-semana-santa-1024x1024.png 1024w, https:\/\/soymigrante.com\/revista\/wp-content\/uploads\/2025\/03\/galeria-de-indumentaria-semana-santa-300x300.png 300w, https:\/\/soymigrante.com\/revista\/wp-content\/uploads\/2025\/03\/galeria-de-indumentaria-semana-santa-150x150.png 150w, https:\/\/soymigrante.com\/revista\/wp-content\/uploads\/2025\/03\/galeria-de-indumentaria-semana-santa-768x768.png 768w, https:\/\/soymigrante.com\/revista\/wp-content\/uploads\/2025\/03\/galeria-de-indumentaria-semana-santa-75x75.webp 75w, https:\/\/soymigrante.com\/revista\/wp-content\/uploads\/2025\/03\/galeria-de-indumentaria-semana-santa-750x750.webp 750w, https:\/\/soymigrante.com\/revista\/wp-content\/uploads\/2025\/03\/galeria-de-indumentaria-semana-santa.webp 1080w\" sizes=\"(max-width: 1024px) 100vw, 1024px\" \/>\n            <\/div>\n        <\/div><div class=\"eael-entry-wrapper\"><header class=\"eael-entry-header\"><h2 class=\"eael-entry-title\"><a class=\"eael-grid-post-link\" href=\"https:\/\/soymigrante.com\/revista\/galeria-de-indumentarias-de-devotos-y-cucuruchos-de-cuaresma-y-semana-santa-guatemalteca\/\" title=\"Lleg\u00f3 la Cuaresma y esta es una galer\u00eda de cucuruchos y devotos en procesiones guatemaltecas\">Lleg\u00f3 la Cuaresma y esta es una galer\u00eda de cucuruchos y devotos en procesiones guatemaltecas<\/a><\/h2><\/header><div class=\"eael-entry-content\">\n                        <div class=\"eael-grid-post-excerpt\"><a href=\"https:\/\/soymigrante.com\/revista\/galeria-de-indumentarias-de-devotos-y-cucuruchos-de-cuaresma-y-semana-santa-guatemalteca\/\" class=\"eael-post-elements-readmore-btn\">CONOCE SU HISTORIA <\/a><\/div>\n                    <\/div><\/div><\/div>\n        <\/div>\n    <\/article><article class=\"eael-grid-post  eael-post-grid-column eael-pg-post-27675 category-bienestar\" data-id=\"27675\">\n        <div class=\"eael-grid-post-holder\">\n            <div class=\"eael-grid-post-holder-inner\"><div class=\"eael-entry-media\"><div class=\"eael-entry-overlay fade-in\"><i class=\"far fa-hand-pointer\" aria-hidden=\"true\"><\/i><a href=\"https:\/\/soymigrante.com\/revista\/pescado-a-la-vizcaina-es-un-platillo-cuaresmal-que-se-ha-vuelto-muy-guatemalteco\/\"><\/a><\/div><div class=\"eael-entry-thumbnail \">\n                <img loading=\"lazy\" decoding=\"async\" width=\"183\" height=\"183\" src=\"https:\/\/soymigrante.com\/revista\/wp-content\/uploads\/2025\/03\/pescado-a-la-viscaina-2-e1741639765830.webp\" class=\"attachment-large size-large wp-image-27676\" alt=\"Deliciosa pasta con salsa de tomate y carne, presentada en un plato blanco, resaltando sabores tradicionales italianos.\" srcset=\"https:\/\/soymigrante.com\/revista\/wp-content\/uploads\/2025\/03\/pescado-a-la-viscaina-2-e1741639765830.webp 183w, https:\/\/soymigrante.com\/revista\/wp-content\/uploads\/2025\/03\/pescado-a-la-viscaina-2-e1741639765830-150x150.jpeg 150w, https:\/\/soymigrante.com\/revista\/wp-content\/uploads\/2025\/03\/pescado-a-la-viscaina-2-e1741639765830-75x75.webp 75w\" sizes=\"(max-width: 183px) 100vw, 183px\" \/>\n            <\/div>\n        <\/div><div class=\"eael-entry-wrapper\"><header class=\"eael-entry-header\"><h2 class=\"eael-entry-title\"><a class=\"eael-grid-post-link\" href=\"https:\/\/soymigrante.com\/revista\/pescado-a-la-vizcaina-es-un-platillo-cuaresmal-que-se-ha-vuelto-muy-guatemalteco\/\" title=\"Pescado a la Vizca\u00edna es un platillo cuaresmal que se ha vuelto muy guatemalteco\">Pescado a la Vizca\u00edna es un platillo cuaresmal que se ha vuelto muy guatemalteco<\/a><\/h2><\/header><div class=\"eael-entry-content\">\n                        <div class=\"eael-grid-post-excerpt\"><a href=\"https:\/\/soymigrante.com\/revista\/pescado-a-la-vizcaina-es-un-platillo-cuaresmal-que-se-ha-vuelto-muy-guatemalteco\/\" class=\"eael-post-elements-readmore-btn\">CONOCE SU HISTORIA <\/a><\/div>\n                    <\/div><\/div><\/div>\n        <\/div>\n    <\/article><article class=\"eael-grid-post  eael-post-grid-column eael-pg-post-28695 category-guate-nuestra\" data-id=\"28695\">\n        <div class=\"eael-grid-post-holder\">\n            <div class=\"eael-grid-post-holder-inner\"><div class=\"eael-entry-media\"><div class=\"eael-entry-overlay fade-in\"><i class=\"far fa-hand-pointer\" aria-hidden=\"true\"><\/i><a href=\"https:\/\/soymigrante.com\/revista\/llevar-un-bebe-en-el-turno-y-otras-costumbres-populares-de-cucuruchos-en-procesiones\/\"><\/a><\/div><div class=\"eael-entry-thumbnail \">\n                <img loading=\"lazy\" decoding=\"async\" width=\"683\" height=\"1024\" src=\"https:\/\/soymigrante.com\/revista\/wp-content\/uploads\/2025\/03\/cordon-683x1024.jpeg\" class=\"attachment-large size-large wp-image-27912\" alt=\"El D\u00eda del Cucurucho: Devoci\u00f3n y tradici\u00f3n de Guatemala\" \/>\n            <\/div>\n        <\/div><div class=\"eael-entry-wrapper\"><header class=\"eael-entry-header\"><h2 class=\"eael-entry-title\"><a class=\"eael-grid-post-link\" href=\"https:\/\/soymigrante.com\/revista\/llevar-un-bebe-en-el-turno-y-otras-costumbres-populares-de-cucuruchos-en-procesiones\/\" title=\"Llevar un beb\u00e9 en el turno y otras costumbres populares de cucuruchos en procesiones\">Llevar un beb\u00e9 en el turno y otras costumbres populares de cucuruchos en procesiones<\/a><\/h2><\/header><div class=\"eael-entry-content\">\n                        <div class=\"eael-grid-post-excerpt\"><a href=\"https:\/\/soymigrante.com\/revista\/llevar-un-bebe-en-el-turno-y-otras-costumbres-populares-de-cucuruchos-en-procesiones\/\" class=\"eael-post-elements-readmore-btn\">CONOCE SU HISTORIA <\/a><\/div>\n                    <\/div><\/div><\/div>\n        <\/div>\n    <\/article><\/div>\n            <div class=\"clearfix\"><\/div>\n        <\/div>\t\t\t\t<\/div>\n\t\t\t\t\t<\/div>\n\t\t\t\t<\/div>\n\t\t\t\t<\/div>\n\t\t","protected":false},"excerpt":{"rendered":"<p>La vida bulle de muchas formas en la devoci\u00f3n cuaresmal guatemalteca: en los altares, en las procesiones, en las ventas de quienes salen a ganarse el sustento: estas son algunas escenas captadas en este a\u00f1o jubilar 2025. Fotograf\u00edas por Michelle Gonz\u00e1lez Sobre las andas va el Nazareno o la Dolorosa,\u00a0 rodeados del adorno que llev\u00f3 [&hellip;]<\/p>\n","protected":false},"author":1,"featured_media":30320,"comment_status":"open","ping_status":"open","sticky":false,"template":"","format":"standard","meta":{"_acf_changed":false,"_eb_attr":"","footnotes":""},"categories":[58],"tags":[],"class_list":["post-30318","post","type-post","status-publish","format-standard","has-post-thumbnail","hentry","category-guate-nuestra"],"acf":[],"aioseo_notices":[],"aioseo_head":"\n\t\t<!-- All in One SEO Pro 4.9.6.2 - aioseo.com -->\n\t<meta name=\"description\" content=\"Los cucuruchos no solo cargan las andas, sino tambi\u00e9n historias de fe, sacrificio y tradici\u00f3n llenas de color popular. Estas son algunas de esas costumbres\" \/>\n\t<meta name=\"robots\" content=\"max-snippet:-1, max-image-preview:large, max-video-preview:-1\" \/>\n\t<meta name=\"author\" content=\"Marysabel Aldana\"\/>\n\t<link rel=\"canonical\" href=\"https:\/\/soymigrante.com\/revista\/llevar-un-bebe-en-el-turno-y-otras-costumbres-populares-de-cucuruchos-en-procesiones\/\" \/>\n\t<meta name=\"generator\" content=\"All in One SEO Pro (AIOSEO) 4.9.6.2\" \/>\n\n\t\t<link rel=\"preconnect\" href=\"https:\/\/fonts.googleapis.com\" crossorigin>\n<link rel=\"preconnect\" href=\"https:\/\/fonts.gstatic.com\" crossorigin>\n\t\t<meta property=\"og:locale\" content=\"es_ES\" \/>\n\t\t<meta property=\"og:site_name\" content=\"SoyMigrante.com REVISTA \u2013 Nuestra misi\u00f3n es reconocer y dignificar al migrante.\" \/>\n\t\t<meta property=\"og:type\" content=\"article\" \/>\n\t\t<meta property=\"og:title\" content=\"Algunas costumbres y tradiciones curiosas de cucuruchos\" \/>\n\t\t<meta property=\"og:description\" content=\"Los cucuruchos no solo cargan las andas, sino tambi\u00e9n historias de fe, sacrificio y tradici\u00f3n llenas de color popular. Estas son algunas de esas costumbres\" \/>\n\t\t<meta property=\"og:url\" content=\"https:\/\/soymigrante.com\/revista\/llevar-un-bebe-en-el-turno-y-otras-costumbres-populares-de-cucuruchos-en-procesiones\/\" \/>\n\t\t<meta property=\"og:image\" content=\"https:\/\/soymigrante.com\/revista\/wp-content\/uploads\/2025\/03\/cordon-e1742337605519.webp\" \/>\n\t\t<meta property=\"og:image:secure_url\" content=\"https:\/\/soymigrante.com\/revista\/wp-content\/uploads\/2025\/03\/cordon-e1742337605519.webp\" \/>\n\t\t<meta property=\"og:image:width\" content=\"716\" \/>\n\t\t<meta property=\"og:image:height\" content=\"716\" \/>\n\t\t<meta property=\"article:published_time\" content=\"2025-03-21T11:06:00+00:00\" \/>\n\t\t<meta property=\"article:modified_time\" content=\"2025-03-21T04:55:37+00:00\" \/>\n\t\t<meta property=\"article:publisher\" content=\"https:\/\/www.facebook.com\/soymigrantecom\" \/>\n\t\t<meta name=\"twitter:card\" content=\"summary_large_image\" \/>\n\t\t<meta name=\"twitter:site\" content=\"@SoyMigrante_com\" \/>\n\t\t<meta name=\"twitter:title\" content=\"Algunas costumbres y tradiciones curiosas de cucuruchos\" \/>\n\t\t<meta name=\"twitter:description\" content=\"Los cucuruchos no solo cargan las andas, sino tambi\u00e9n historias de fe, sacrificio y tradici\u00f3n llenas de color popular. Estas son algunas de esas costumbres\" \/>\n\t\t<meta name=\"twitter:creator\" content=\"@SoyMigrante_com\" \/>\n\t\t<meta name=\"twitter:image\" content=\"https:\/\/soymigrante.com\/revista\/wp-content\/uploads\/2025\/03\/cordon-e1742337605519.webp\" \/>\n\t\t<!-- All in One SEO Pro -->\r\n\t\t<title>Algunas costumbres y tradiciones curiosas de cucuruchos<\/title>\n\n","aioseo_head_json":{"title":"Algunas costumbres y tradiciones curiosas de cucuruchos","description":"Los cucuruchos no solo cargan las andas, sino tambi\u00e9n historias de fe, sacrificio y tradici\u00f3n llenas de color popular. Estas son algunas de esas costumbres","canonical_url":"https:\/\/soymigrante.com\/revista\/llevar-un-bebe-en-el-turno-y-otras-costumbres-populares-de-cucuruchos-en-procesiones\/","robots":"max-snippet:-1, max-image-preview:large, max-video-preview:-1","keywords":"","webmasterTools":{"miscellaneous":"&lt;link rel=\"preconnect\" href=\"https:\/\/fonts.googleapis.com\" crossorigin&gt;\n&lt;link rel=\"preconnect\" href=\"https:\/\/fonts.gstatic.com\" crossorigin&gt;"},"schema":null,"og:locale":"es_ES","og:site_name":"SoyMigrante.com REVISTA \u2013 Nuestra misi\u00f3n es reconocer y dignificar al migrante.","og:type":"article","og:title":"Algunas costumbres y tradiciones curiosas de cucuruchos","og:description":"Los cucuruchos no solo cargan las andas, sino tambi\u00e9n historias de fe, sacrificio y tradici\u00f3n llenas de color popular. Estas son algunas de esas costumbres","og:url":"https:\/\/soymigrante.com\/revista\/llevar-un-bebe-en-el-turno-y-otras-costumbres-populares-de-cucuruchos-en-procesiones\/","og:image":"https:\/\/soymigrante.com\/revista\/wp-content\/uploads\/2025\/03\/cordon-e1742337605519.webp","og:image:secure_url":"https:\/\/soymigrante.com\/revista\/wp-content\/uploads\/2025\/03\/cordon-e1742337605519.webp","og:image:width":716,"og:image:height":716,"article:published_time":"2025-03-21T11:06:00+00:00","article:modified_time":"2025-03-21T04:55:37+00:00","article:publisher":"https:\/\/www.facebook.com\/soymigrantecom","twitter:card":"summary_large_image","twitter:site":"@SoyMigrante_com","twitter:title":"Algunas costumbres y tradiciones curiosas de cucuruchos","twitter:description":"Los cucuruchos no solo cargan las andas, sino tambi\u00e9n historias de fe, sacrificio y tradici\u00f3n llenas de color popular. Estas son algunas de esas costumbres","twitter:creator":"@SoyMigrante_com","twitter:image":"https:\/\/soymigrante.com\/revista\/wp-content\/uploads\/2025\/03\/cordon-e1742337605519.webp"},"aioseo_meta_data":{"post_id":"30318","title":null,"description":"En cada Cuaresma guatemalteca hay velaciones, procesiones, tambi\u00e9n ventas, rostros devotos. Estos son instantes de fe captados por Michelle Gonzalez","keywords":null,"keyphrases":{"focus":{"keyphrase":"Cuaresma","score":100,"analysis":{"keyphraseInTitle":{"score":9,"maxScore":9,"error":0},"keyphraseInDescription":{"score":9,"maxScore":9,"error":0},"keyphraseLength":{"score":9,"maxScore":9,"error":0,"length":1},"keyphraseInURL":{"score":5,"maxScore":5,"error":0}}},"additional":[{"keyphrase":"Semana Santa","score":67,"analysis":{"keyphraseInDescription":{"score":3,"maxScore":9,"error":1},"keyphraseLength":{"score":9,"maxScore":9,"error":0,"length":2}}}]},"primary_term":null,"canonical_url":null,"og_title":null,"og_description":null,"og_object_type":"default","og_image_type":"default","og_image_url":null,"og_image_width":null,"og_image_height":null,"og_image_custom_url":null,"og_image_custom_fields":null,"og_video":"","og_custom_url":null,"og_article_section":null,"og_article_tags":null,"twitter_use_og":false,"twitter_card":"default","twitter_image_type":"default","twitter_image_url":null,"twitter_image_custom_url":null,"twitter_image_custom_fields":null,"twitter_title":null,"twitter_description":null,"schema":{"blockGraphs":[],"customGraphs":[],"default":{"data":{"Article":[],"Course":[],"Dataset":[],"FAQPage":[],"Movie":[],"Person":[],"Product":[],"ProductReview":[],"Car":[],"Recipe":[],"Service":[],"SoftwareApplication":[],"WebPage":[]},"graphName":"BlogPosting","isEnabled":true},"graphs":[]},"schema_type":"default","schema_type_options":null,"pillar_content":false,"robots_default":true,"robots_noindex":false,"robots_noarchive":false,"robots_nosnippet":false,"robots_nofollow":false,"robots_noimageindex":false,"robots_noodp":false,"robots_notranslate":false,"robots_max_snippet":"-1","robots_max_videopreview":"-1","robots_max_imagepreview":"large","priority":null,"frequency":"default","local_seo":null,"seo_analyzer_scan_date":"2025-10-09 04:08:48","breadcrumb_settings":null,"limit_modified_date":false,"reviewed_by":null,"open_ai":"{\"title\":{\"suggestions\":[],\"usage\":0},\"description\":{\"suggestions\":[],\"usage\":0}}","ai":null,"created":"2025-04-08 05:20:02","updated":"2026-02-04 22:51:26"},"aioseo_breadcrumb":"<div class=\"aioseo-breadcrumbs\"><span class=\"aioseo-breadcrumb\">\n\t<a href=\"https:\/\/soymigrante.com\/revista\" title=\"Home\">Home<\/a>\n<\/span><span class=\"aioseo-breadcrumb-separator\">\u00bb<\/span><span class=\"aioseo-breadcrumb\">\n\t<a href=\"https:\/\/soymigrante.com\/revista\/category\/guate-nuestra\/\" title=\"Guate Nuestra\">Guate Nuestra<\/a>\n<\/span><span class=\"aioseo-breadcrumb-separator\">\u00bb<\/span><span class=\"aioseo-breadcrumb\">\n\tGaler\u00eda fotogr\u00e1fica de fe y vivencia popular en Cuaresma y Semana Santa\n<\/span><\/div>","aioseo_breadcrumb_json":[{"label":"Home","link":"https:\/\/soymigrante.com\/revista"},{"label":"Guate Nuestra","link":"https:\/\/soymigrante.com\/revista\/category\/guate-nuestra\/"},{"label":"Galer\u00eda fotogr\u00e1fica de fe y vivencia popular en Cuaresma y Semana Santa","link":"https:\/\/soymigrante.com\/revista\/galeria-fotografica-de-fe-y-vivencia-popular-en-cuaresma-y-semana-santa\/"}],"_links":{"self":[{"href":"https:\/\/soymigrante.com\/revista\/wp-json\/wp\/v2\/posts\/30318","targetHints":{"allow":["GET"]}}],"collection":[{"href":"https:\/\/soymigrante.com\/revista\/wp-json\/wp\/v2\/posts"}],"about":[{"href":"https:\/\/soymigrante.com\/revista\/wp-json\/wp\/v2\/types\/post"}],"author":[{"embeddable":true,"href":"https:\/\/soymigrante.com\/revista\/wp-json\/wp\/v2\/users\/1"}],"replies":[{"embeddable":true,"href":"https:\/\/soymigrante.com\/revista\/wp-json\/wp\/v2\/comments?post=30318"}],"version-history":[{"count":0,"href":"https:\/\/soymigrante.com\/revista\/wp-json\/wp\/v2\/posts\/30318\/revisions"}],"wp:featuredmedia":[{"embeddable":true,"href":"https:\/\/soymigrante.com\/revista\/wp-json\/wp\/v2\/media\/30320"}],"wp:attachment":[{"href":"https:\/\/soymigrante.com\/revista\/wp-json\/wp\/v2\/media?parent=30318"}],"wp:term":[{"taxonomy":"category","embeddable":true,"href":"https:\/\/soymigrante.com\/revista\/wp-json\/wp\/v2\/categories?post=30318"},{"taxonomy":"post_tag","embeddable":true,"href":"https:\/\/soymigrante.com\/revista\/wp-json\/wp\/v2\/tags?post=30318"}],"curies":[{"name":"wp","href":"https:\/\/api.w.org\/{rel}","templated":true}]}}