{"id":30292,"date":"2025-04-07T18:42:09","date_gmt":"2025-04-08T00:42:09","guid":{"rendered":"https:\/\/soymigrante.com\/revista\/?p=30292"},"modified":"2025-04-07T19:05:34","modified_gmt":"2025-04-08T01:05:34","slug":"marzo-2025-marca-nuevo-pico-historico-en-envio-de-remesas-migrantes-a-guatemala","status":"publish","type":"post","link":"https:\/\/soymigrante.com\/revista\/marzo-2025-marca-nuevo-pico-historico-en-envio-de-remesas-migrantes-a-guatemala\/","title":{"rendered":"Marzo 2025 registra hist\u00f3rica escalada de remesas: m\u00e1s de US$2 mil millones"},"content":{"rendered":"\t\t<div data-elementor-type=\"wp-post\" data-elementor-id=\"30292\" class=\"elementor elementor-30292\" data-elementor-post-type=\"post\">\n\t\t\t\t<div data-particle_enable=\"false\" data-particle-mobile-disabled=\"false\" class=\"elementor-element elementor-element-5142cec e-flex e-con-boxed e-con e-parent\" data-id=\"5142cec\" data-element_type=\"container\" data-e-type=\"container\">\n\t\t\t\t\t<div class=\"e-con-inner\">\n\t\t\t\t<div class=\"elementor-element elementor-element-ce5701e elementor-widget elementor-widget-heading\" data-id=\"ce5701e\" data-element_type=\"widget\" data-e-type=\"widget\" data-widget_type=\"heading.default\">\n\t\t\t\t\t<h2 class=\"elementor-heading-title elementor-size-default\">El 2025 se ha caracterizado por un marcado incremento en el env\u00edo de remesas, lo cual se atribuye a las pol\u00edticas implementadas por el gobierno de Estados Unidos. Estos env\u00edos reflejan el compromiso de amor y solidaridad de los migrantes con sus familias.<\/h2>\t\t\t\t<\/div>\n\t\t\t\t\t<\/div>\n\t\t\t\t<\/div>\n\t\t<div data-particle_enable=\"false\" data-particle-mobile-disabled=\"false\" class=\"elementor-element elementor-element-cde8f46 e-flex e-con-boxed e-con e-parent\" data-id=\"cde8f46\" data-element_type=\"container\" data-e-type=\"container\">\n\t\t\t\t\t<div class=\"e-con-inner\">\n\t\t\t\t<div class=\"elementor-element elementor-element-5e324e3 elementor-widget elementor-widget-text-editor\" data-id=\"5e324e3\" data-element_type=\"widget\" data-e-type=\"widget\" data-widget_type=\"text-editor.default\">\n\t\t\t\t\t\t\t\t\t<p>Los anuncios y la ret\u00f3rica antimigrante que han caracterizado el primer mes y medio del gobierno de Donald Trump en Estados Unidos han tenido un efecto disparador sobre las remesas enviadas por migrantes guatemaltecos, lo cual se puede deducir del aumento en el monto de las mismas en enero, febrero y marzo de 2025, que han marcado picos hist\u00f3ricos.<\/p><p>En marzo de 2025, el monto de remesas fue de <b>US$2,003.7 millones de d\u00f3lares<\/b>. Comparativamente, en el mismo mes del a\u00f1o pasado se recibieron<strong> US$1,686.6 millones<\/strong>; es decir que la diferencia es de <strong>US$317 millones<\/strong>. <span style=\"color: var( --e-global-color-text ); text-align: var(--text-align);\">En enero de 2024, la cantidad de remesas fue de<b> US$1,468 millones<\/b>. Un aumento\u00a0 de US$349 millones respecto del mismo mes de 2024.\u00a0<\/span><\/p><p><span style=\"color: var( --e-global-color-text ); text-align: var(--text-align);\">Si se suman los meses de 2025, el total es de <b>US$5461 millones: <\/b>US$1,200millones m\u00e1s que en los primeros tres meses de 2024.<\/span><\/p>\t\t\t\t\t\t\t\t<\/div>\n\t\t\t\t\t<\/div>\n\t\t\t\t<\/div>\n\t\t<div data-particle_enable=\"false\" data-particle-mobile-disabled=\"false\" class=\"elementor-element elementor-element-31b4317 e-flex e-con-boxed e-con e-parent\" data-id=\"31b4317\" data-element_type=\"container\" data-e-type=\"container\">\n\t\t\t\t\t<div class=\"e-con-inner\">\n\t\t\t\t\t<\/div>\n\t\t\t\t<\/div>\n\t\t<div data-particle_enable=\"false\" data-particle-mobile-disabled=\"false\" class=\"elementor-element elementor-element-54d313a e-flex e-con-boxed e-con e-parent\" data-id=\"54d313a\" data-element_type=\"container\" data-e-type=\"container\">\n\t\t\t\t\t<div class=\"e-con-inner\">\n\t\t\t\t<div class=\"elementor-element elementor-element-924bd01 elementor-widget elementor-widget-heading\" data-id=\"924bd01\" data-element_type=\"widget\" data-e-type=\"widget\" data-widget_type=\"heading.default\">\n\t\t\t\t\t<h3 class=\"elementor-heading-title elementor-size-default\">Remesas no son modelo sostenible a largo plazo<\/h3>\t\t\t\t<\/div>\n\t\t\t\t\t<\/div>\n\t\t\t\t<\/div>\n\t\t<div data-particle_enable=\"false\" data-particle-mobile-disabled=\"false\" class=\"elementor-element elementor-element-f44a23f e-flex e-con-boxed e-con e-parent\" data-id=\"f44a23f\" data-element_type=\"container\" data-e-type=\"container\">\n\t\t\t\t\t<div class=\"e-con-inner\">\n\t\t\t\t<div class=\"elementor-element elementor-element-abc0ff4 elementor-widget elementor-widget-text-editor\" data-id=\"abc0ff4\" data-element_type=\"widget\" data-e-type=\"widget\" data-widget_type=\"text-editor.default\">\n\t\t\t\t\t\t\t\t\t<p>Las remesas migrantes son el principal pilar de la econom\u00eda de Guatemala, al constituir una quinta parte del Producto Interno Bruto. Sin embargo, a largo plazo no son sostenibles por alto costo humano de perder fuerza laboral y la separaci\u00f3n de familias, pero adem\u00e1s porque el modelo econ\u00f3mico de pa\u00eds necesita ser transformado.<\/p><p><span style=\"color: var( --e-global-color-text ); text-align: var(--text-align);\">La llegada de Donald Trump de nuevo a la Casa Blanca y sus pol\u00edticas antimigrantes ha sido se\u00f1alada como un factor que iimpactar\u00e1 el env\u00edo de remesas.\u00a0\u00a0<\/span><span style=\"color: var( --e-global-color-text ); text-align: var(--text-align);\">&#8220;Aunque no se anticipe un colapso econ\u00f3mico en 2025, la vulnerabilidad estructural persiste y la dependencia de Guatemala de este flujo externo se mantiene como un riesgo latente. Esta dependencia tiene un l\u00edmite, el pa\u00eds sigue en un modelo econ\u00f3mico que privilegia el consumo sobre la producci\u00f3n&#8221;, se\u00f1al\u00f3 en enero el economista <a href=\"https:\/\/cien.org.gt\/index.php\/deportaciones-y-remesas-llamada-de-alerta-de-trump-a-guatemala\/\">Hugo Ma\u00fal, del Centro de Investigaciones Econ\u00f3micas Nacionales, CIEN.<\/a><\/span><\/p>\t\t\t\t\t\t\t\t<\/div>\n\t\t\t\t\t<\/div>\n\t\t\t\t<\/div>\n\t\t<div data-particle_enable=\"false\" data-particle-mobile-disabled=\"false\" class=\"elementor-element elementor-element-00d6fad e-flex e-con-boxed e-con e-parent\" data-id=\"00d6fad\" data-element_type=\"container\" data-e-type=\"container\">\n\t\t\t\t\t<div class=\"e-con-inner\">\n\t\t\t\t<div class=\"elementor-element elementor-element-c0c674c elementor-widget elementor-widget-heading\" data-id=\"c0c674c\" data-element_type=\"widget\" data-e-type=\"widget\" data-widget_type=\"heading.default\">\n\t\t\t\t\t<h2 class=\"elementor-heading-title elementor-size-default\">Perspectivas del tema remesas migrantes<\/h2>\t\t\t\t<\/div>\n\t\t\t\t\t<\/div>\n\t\t\t\t<\/div>\n\t\t<div data-particle_enable=\"false\" data-particle-mobile-disabled=\"false\" class=\"elementor-element elementor-element-dd76bcd e-flex e-con-boxed e-con e-parent\" data-id=\"dd76bcd\" data-element_type=\"container\" data-e-type=\"container\">\n\t\t\t\t\t<div class=\"e-con-inner\">\n\t\t\t\t<div class=\"elementor-element elementor-element-4300066 elementor-grid-eael-col-3 elementor-grid-tablet-eael-col-2 elementor-grid-mobile-eael-col-1 elementor-widget elementor-widget-eael-post-grid\" data-id=\"4300066\" data-element_type=\"widget\" data-e-type=\"widget\" data-settings=\"{&quot;eael_post_grid_columns&quot;:&quot;eael-col-3&quot;,&quot;eael_post_grid_columns_tablet&quot;:&quot;eael-col-2&quot;,&quot;eael_post_grid_columns_mobile&quot;:&quot;eael-col-1&quot;}\" data-widget_type=\"eael-post-grid.default\">\n\t\t\t\t\t<div id=\"eael-post-grid-4300066\" class=\"eael-post-grid-container\">\n            <div class=\"eael-post-grid eael-post-appender eael-post-appender-4300066 eael-post-grid-style-one\" data-layout-mode=\"masonry\"><article class=\"eael-grid-post  eael-post-grid-column eael-pg-post-23208 category-estamos-unidos\" data-id=\"23208\">\n        <div class=\"eael-grid-post-holder\">\n            <div class=\"eael-grid-post-holder-inner\"><div class=\"eael-entry-media\"><div class=\"eael-entry-overlay fade-in\"><i class=\"far fa-hand-pointer\" aria-hidden=\"true\"><\/i><a href=\"https:\/\/soymigrante.com\/revista\/remesas-han-sido-el-recurso-mas-efectivo-para-reducir-pobreza-afirma-economista-guillermo-diaz\/\"><\/a><\/div><div class=\"eael-entry-thumbnail \">\n                <img fetchpriority=\"high\" decoding=\"async\" width=\"695\" height=\"695\" src=\"https:\/\/soymigrante.com\/revista\/wp-content\/uploads\/2025\/01\/remesas-migranes.webp\" class=\"attachment-large size-large wp-image-23210\" alt=\"Remesas de dinero img, mujer en noche frente a casa de remesas, servicios de env\u00edo de dinero para migrantes, dinero internacional transferencia, fotograf\u00eda atm\u00f3sfera nocturna remesas.\" srcset=\"https:\/\/soymigrante.com\/revista\/wp-content\/uploads\/2025\/01\/remesas-migranes.webp 695w, https:\/\/soymigrante.com\/revista\/wp-content\/uploads\/2025\/01\/remesas-migranes-300x300.jpg 300w, https:\/\/soymigrante.com\/revista\/wp-content\/uploads\/2025\/01\/remesas-migranes-150x150.jpg 150w, https:\/\/soymigrante.com\/revista\/wp-content\/uploads\/2025\/01\/remesas-migranes-75x75.webp 75w\" sizes=\"(max-width: 695px) 100vw, 695px\" \/>\n            <\/div>\n        <\/div><div class=\"eael-entry-wrapper\"><header class=\"eael-entry-header\"><h2 class=\"eael-entry-title\"><a class=\"eael-grid-post-link\" href=\"https:\/\/soymigrante.com\/revista\/remesas-han-sido-el-recurso-mas-efectivo-para-reducir-pobreza-afirma-economista-guillermo-diaz\/\" title=\"Remesas migrantes han reducido la pobreza m\u00e1s que cualquier otro factor: economista Guillermo D\u00edaz\">Remesas migrantes han reducido la pobreza m\u00e1s que cualquier otro factor: economista Guillermo D\u00edaz<\/a><\/h2><\/header><div class=\"eael-entry-content\">\n                        <div class=\"eael-grid-post-excerpt\"><a href=\"https:\/\/soymigrante.com\/revista\/remesas-han-sido-el-recurso-mas-efectivo-para-reducir-pobreza-afirma-economista-guillermo-diaz\/\" class=\"eael-post-elements-readmore-btn\">CONOCE SU HISTORIA <\/a><\/div>\n                    <\/div><\/div><\/div>\n        <\/div>\n    <\/article><article class=\"eael-grid-post  eael-post-grid-column eael-pg-post-21652 category-estamos-unidos\" data-id=\"21652\">\n        <div class=\"eael-grid-post-holder\">\n            <div class=\"eael-grid-post-holder-inner\"><div class=\"eael-entry-media\"><div class=\"eael-entry-overlay fade-in\"><i class=\"far fa-hand-pointer\" aria-hidden=\"true\"><\/i><a href=\"https:\/\/soymigrante.com\/revista\/los-guatemaltecos-estan-acostumbrados-a-superar-condiciones-adversas-pedro-pablo-solares-experto-migratorio\/\"><\/a><\/div><div class=\"eael-entry-thumbnail \">\n                <img decoding=\"async\" width=\"1024\" height=\"1024\" src=\"https:\/\/soymigrante.com\/revista\/wp-content\/uploads\/2025\/01\/guatemaltecos-usa-1024x1024.jpg\" class=\"attachment-large size-large wp-image-21677\" alt=\"Camisa, bandera y souvenirs de Guatemala en puesto de venta en evento cultural de inmigrantes en EE. UU.\" srcset=\"https:\/\/soymigrante.com\/revista\/wp-content\/uploads\/2025\/01\/guatemaltecos-usa-1024x1024.jpg 1024w, https:\/\/soymigrante.com\/revista\/wp-content\/uploads\/2025\/01\/guatemaltecos-usa-300x300.jpg 300w, https:\/\/soymigrante.com\/revista\/wp-content\/uploads\/2025\/01\/guatemaltecos-usa-150x150.jpg 150w, https:\/\/soymigrante.com\/revista\/wp-content\/uploads\/2025\/01\/guatemaltecos-usa-768x768.jpg 768w, https:\/\/soymigrante.com\/revista\/wp-content\/uploads\/2025\/01\/guatemaltecos-usa-75x75.webp 75w, https:\/\/soymigrante.com\/revista\/wp-content\/uploads\/2025\/01\/guatemaltecos-usa-750x750.webp 750w, https:\/\/soymigrante.com\/revista\/wp-content\/uploads\/2025\/01\/guatemaltecos-usa-1140x1140.webp 1140w, https:\/\/soymigrante.com\/revista\/wp-content\/uploads\/2025\/01\/guatemaltecos-usa.webp 1365w\" sizes=\"(max-width: 1024px) 100vw, 1024px\" \/>\n            <\/div>\n        <\/div><div class=\"eael-entry-wrapper\"><header class=\"eael-entry-header\"><h2 class=\"eael-entry-title\"><a class=\"eael-grid-post-link\" href=\"https:\/\/soymigrante.com\/revista\/los-guatemaltecos-estan-acostumbrados-a-superar-condiciones-adversas-pedro-pablo-solares-experto-migratorio\/\" title=\"\u201cLos guatemaltecos est\u00e1n acostumbrados a superar condiciones adversas\u201d: Pedro Pablo Solares, experto migratorio\">\u201cLos guatemaltecos est\u00e1n acostumbrados a superar condiciones adversas\u201d: Pedro Pablo Solares, experto migratorio<\/a><\/h2><\/header><div class=\"eael-entry-content\">\n                        <div class=\"eael-grid-post-excerpt\"><a href=\"https:\/\/soymigrante.com\/revista\/los-guatemaltecos-estan-acostumbrados-a-superar-condiciones-adversas-pedro-pablo-solares-experto-migratorio\/\" class=\"eael-post-elements-readmore-btn\">CONOCE SU HISTORIA <\/a><\/div>\n                    <\/div><\/div><\/div>\n        <\/div>\n    <\/article><article class=\"eael-grid-post  eael-post-grid-column eael-pg-post-9125 category-bienestar\" data-id=\"9125\">\n        <div class=\"eael-grid-post-holder\">\n            <div class=\"eael-grid-post-holder-inner\"><div class=\"eael-entry-media\"><div class=\"eael-entry-overlay fade-in\"><i class=\"far fa-hand-pointer\" aria-hidden=\"true\"><\/i><a href=\"https:\/\/soymigrante.com\/revista\/como-manejar-las-remesas-claves-para-aprovechar-al-maximo\/\"><\/a><\/div><div class=\"eael-entry-thumbnail \">\n                <img decoding=\"async\" width=\"1024\" height=\"682\" src=\"https:\/\/soymigrante.com\/revista\/wp-content\/uploads\/2024\/09\/Como-manejar-las-remesas-Claves-para-aprovechar-al-maximo-1-1024x682.webp\" class=\"attachment-large size-large wp-image-9126\" alt=\"Dinero en billetes de d\u00f3lar estadounidense, simbolizando finanzas, econom\u00eda y migraci\u00f3n laboral.\" srcset=\"https:\/\/soymigrante.com\/revista\/wp-content\/uploads\/2024\/09\/Como-manejar-las-remesas-Claves-para-aprovechar-al-maximo-1-1024x682.webp 1024w, https:\/\/soymigrante.com\/revista\/wp-content\/uploads\/2024\/09\/Como-manejar-las-remesas-Claves-para-aprovechar-al-maximo-1-300x200.webp 300w, https:\/\/soymigrante.com\/revista\/wp-content\/uploads\/2024\/09\/Como-manejar-las-remesas-Claves-para-aprovechar-al-maximo-1-768x512.webp 768w, https:\/\/soymigrante.com\/revista\/wp-content\/uploads\/2024\/09\/Como-manejar-las-remesas-Claves-para-aprovechar-al-maximo-1-750x500.webp 750w, https:\/\/soymigrante.com\/revista\/wp-content\/uploads\/2024\/09\/Como-manejar-las-remesas-Claves-para-aprovechar-al-maximo-1-1140x760.webp 1140w, https:\/\/soymigrante.com\/revista\/wp-content\/uploads\/2024\/09\/Como-manejar-las-remesas-Claves-para-aprovechar-al-maximo-1.webp 1280w\" sizes=\"(max-width: 1024px) 100vw, 1024px\" \/>\n            <\/div>\n        <\/div><div class=\"eael-entry-wrapper\"><header class=\"eael-entry-header\"><h2 class=\"eael-entry-title\"><a class=\"eael-grid-post-link\" href=\"https:\/\/soymigrante.com\/revista\/como-manejar-las-remesas-claves-para-aprovechar-al-maximo\/\" title=\"C\u00f3mo manejar las remesas: Claves para aprovechar al m\u00e1ximo\">C\u00f3mo manejar las remesas: Claves para aprovechar al m\u00e1ximo<\/a><\/h2><\/header><div class=\"eael-entry-content\">\n                        <div class=\"eael-grid-post-excerpt\"><a href=\"https:\/\/soymigrante.com\/revista\/como-manejar-las-remesas-claves-para-aprovechar-al-maximo\/\" class=\"eael-post-elements-readmore-btn\">CONOCE SU HISTORIA <\/a><\/div>\n                    <\/div><\/div><\/div>\n        <\/div>\n    <\/article><\/div>\n            <div class=\"clearfix\"><\/div>\n        <\/div>\t\t\t\t<\/div>\n\t\t\t\t\t<\/div>\n\t\t\t\t<\/div>\n\t\t\t\t<\/div>\n\t\t","protected":false},"excerpt":{"rendered":"<p>El 2025 se ha caracterizado por un marcado incremento en el env\u00edo de remesas, lo cual se atribuye a las pol\u00edticas implementadas por el gobierno de Estados Unidos. Estos env\u00edos reflejan el compromiso de amor y solidaridad de los migrantes con sus familias. Los anuncios y la ret\u00f3rica antimigrante que han caracterizado el primer mes [&hellip;]<\/p>\n","protected":false},"author":19,"featured_media":27377,"comment_status":"open","ping_status":"open","sticky":false,"template":"","format":"standard","meta":{"_acf_changed":false,"_eb_attr":"","footnotes":""},"categories":[54],"tags":[84],"class_list":["post-30292","post","type-post","status-publish","format-standard","has-post-thumbnail","hentry","category-estamos-unidos","tag-remesas-migrantes"],"acf":[],"aioseo_notices":[],"aioseo_head":"\n\t\t<!-- All in One SEO Pro 4.9.6.2 - aioseo.com -->\n\t<meta name=\"description\" content=\"Manejar bien las remesas migrantes te pueden ayudar a construir un futuro un poco m\u00e1s c\u00f3modo e invertir tu dinero en algo que te haga m\u00e1s feliz y productivo Las remesas, el dinero enviado por migrantes a sus familias en sus pa\u00edses de origen, representan un salvavidas econ\u00f3mico para millones de hogares en Latinoam\u00e9rica y\" \/>\n\t<meta name=\"robots\" content=\"max-snippet:-1, max-image-preview:large, max-video-preview:-1\" \/>\n\t<meta name=\"author\" content=\"Marysabel Aldana\"\/>\n\t<link rel=\"canonical\" href=\"https:\/\/soymigrante.com\/revista\/marzo-2025-marca-nuevo-pico-historico-en-envio-de-remesas-migrantes-a-guatemala\/\" \/>\n\t<meta name=\"generator\" content=\"All in One SEO Pro (AIOSEO) 4.9.6.2\" \/>\n\n\t\t<link rel=\"preconnect\" href=\"https:\/\/fonts.googleapis.com\" crossorigin>\n<link rel=\"preconnect\" href=\"https:\/\/fonts.gstatic.com\" crossorigin>\n\t\t<meta property=\"og:locale\" content=\"es_ES\" \/>\n\t\t<meta property=\"og:site_name\" content=\"SoyMigrante.com REVISTA \u2013 Nuestra misi\u00f3n es reconocer y dignificar al migrante.\" \/>\n\t\t<meta property=\"og:type\" content=\"article\" \/>\n\t\t<meta property=\"og:title\" content=\"Marzo 2025 marca nueva escalada de remesas migrantes\" \/>\n\t\t<meta property=\"og:description\" content=\"La voluntad y compromiso hist\u00f3rico de los migrantes guatemaltecos se expresa en un nuevo repunte en el env\u00edo de remesas\" \/>\n\t\t<meta property=\"og:url\" content=\"https:\/\/soymigrante.com\/revista\/marzo-2025-marca-nuevo-pico-historico-en-envio-de-remesas-migrantes-a-guatemala\/\" \/>\n\t\t<meta property=\"og:image\" content=\"https:\/\/soymigrante.com\/revista\/wp-content\/uploads\/2025\/03\/remesas-migrantes-imagen-ia-de-envato.webp\" \/>\n\t\t<meta property=\"og:image:secure_url\" content=\"https:\/\/soymigrante.com\/revista\/wp-content\/uploads\/2025\/03\/remesas-migrantes-imagen-ia-de-envato.webp\" \/>\n\t\t<meta property=\"og:image:width\" content=\"1024\" \/>\n\t\t<meta property=\"og:image:height\" content=\"1024\" \/>\n\t\t<meta property=\"article:published_time\" content=\"2025-04-08T00:42:09+00:00\" \/>\n\t\t<meta property=\"article:modified_time\" content=\"2025-04-08T01:05:34+00:00\" \/>\n\t\t<meta property=\"article:publisher\" content=\"https:\/\/www.facebook.com\/soymigrantecom\" \/>\n\t\t<meta name=\"twitter:card\" content=\"summary_large_image\" \/>\n\t\t<meta name=\"twitter:site\" content=\"@SoyMigrante_com\" \/>\n\t\t<meta name=\"twitter:title\" content=\"Marzo 2025 marca nueva escalada de remesas migrantes\" \/>\n\t\t<meta name=\"twitter:description\" content=\"La voluntad y compromiso hist\u00f3rico de los migrantes guatemaltecos se expresa en un nuevo repunte en el env\u00edo de remesas\" \/>\n\t\t<meta name=\"twitter:creator\" content=\"@SoyMigrante_com\" \/>\n\t\t<meta name=\"twitter:image\" content=\"https:\/\/soymigrante.com\/revista\/wp-content\/uploads\/2025\/03\/remesas-migrantes-imagen-ia-de-envato.webp\" \/>\n\t\t<!-- All in One SEO Pro -->\r\n\t\t<title>Marzo 2025 marca nueva escalada de remesas migrantes<\/title>\n\n","aioseo_head_json":{"title":"Marzo 2025 marca nueva escalada de remesas migrantes","description":"La voluntad y compromiso hist\u00f3rico de los migrantes guatemaltecos se expresa en un nuevo repunte en el env\u00edo de remesas","canonical_url":"https:\/\/soymigrante.com\/revista\/marzo-2025-marca-nuevo-pico-historico-en-envio-de-remesas-migrantes-a-guatemala\/","robots":"max-snippet:-1, max-image-preview:large, max-video-preview:-1","keywords":"","webmasterTools":{"miscellaneous":"&lt;link rel=\"preconnect\" href=\"https:\/\/fonts.googleapis.com\" crossorigin&gt;\n&lt;link rel=\"preconnect\" href=\"https:\/\/fonts.gstatic.com\" crossorigin&gt;"},"schema":null,"og:locale":"es_ES","og:site_name":"SoyMigrante.com REVISTA \u2013 Nuestra misi\u00f3n es reconocer y dignificar al migrante.","og:type":"article","og:title":"Marzo 2025 marca nueva escalada de remesas migrantes","og:description":"La voluntad y compromiso hist\u00f3rico de los migrantes guatemaltecos se expresa en un nuevo repunte en el env\u00edo de remesas","og:url":"https:\/\/soymigrante.com\/revista\/marzo-2025-marca-nuevo-pico-historico-en-envio-de-remesas-migrantes-a-guatemala\/","og:image":"https:\/\/soymigrante.com\/revista\/wp-content\/uploads\/2025\/03\/remesas-migrantes-imagen-ia-de-envato.webp","og:image:secure_url":"https:\/\/soymigrante.com\/revista\/wp-content\/uploads\/2025\/03\/remesas-migrantes-imagen-ia-de-envato.webp","og:image:width":1024,"og:image:height":1024,"article:published_time":"2025-04-08T00:42:09+00:00","article:modified_time":"2025-04-08T01:05:34+00:00","article:publisher":"https:\/\/www.facebook.com\/soymigrantecom","twitter:card":"summary_large_image","twitter:site":"@SoyMigrante_com","twitter:title":"Marzo 2025 marca nueva escalada de remesas migrantes","twitter:description":"La voluntad y compromiso hist\u00f3rico de los migrantes guatemaltecos se expresa en un nuevo repunte en el env\u00edo de remesas","twitter:creator":"@SoyMigrante_com","twitter:image":"https:\/\/soymigrante.com\/revista\/wp-content\/uploads\/2025\/03\/remesas-migrantes-imagen-ia-de-envato.webp"},"aioseo_meta_data":{"post_id":"30292","title":"Marzo 2025 marca nueva escalada de remesas migrantes","description":"La voluntad y compromiso hist\u00f3rico de los migrantes guatemaltecos se expresa en un nuevo repunte en el env\u00edo de remesas","keywords":null,"keyphrases":{"focus":{"keyphrase":"remesas","score":78,"analysis":{"keyphraseInTitle":{"score":9,"maxScore":9,"error":0},"keyphraseInDescription":{"score":9,"maxScore":9,"error":0},"keyphraseLength":{"score":9,"maxScore":9,"error":0,"length":1},"keyphraseInURL":{"score":5,"maxScore":5,"error":0},"keyphraseInIntroduction":{"score":9,"maxScore":9,"error":0},"keyphraseInSubHeadings":{"score":3,"maxScore":9,"error":1},"keyphraseInImageAlt":{"score":9,"maxScore":9,"error":0},"keywordDensity":{"type":"high","score":0,"maxScore":9,"error":1}}},"additional":[]},"primary_term":null,"canonical_url":null,"og_title":null,"og_description":null,"og_object_type":"default","og_image_type":"default","og_image_url":null,"og_image_width":null,"og_image_height":null,"og_image_custom_url":null,"og_image_custom_fields":null,"og_video":"","og_custom_url":null,"og_article_section":null,"og_article_tags":null,"twitter_use_og":false,"twitter_card":"default","twitter_image_type":"default","twitter_image_url":null,"twitter_image_custom_url":null,"twitter_image_custom_fields":null,"twitter_title":null,"twitter_description":null,"schema":{"blockGraphs":[],"customGraphs":[],"default":{"data":{"Article":[],"Course":[],"Dataset":[],"FAQPage":[],"Movie":[],"Person":[],"Product":[],"ProductReview":[],"Car":[],"Recipe":[],"Service":[],"SoftwareApplication":[],"WebPage":[]},"graphName":"BlogPosting","isEnabled":true},"graphs":[]},"schema_type":"default","schema_type_options":null,"pillar_content":false,"robots_default":true,"robots_noindex":false,"robots_noarchive":false,"robots_nosnippet":false,"robots_nofollow":false,"robots_noimageindex":false,"robots_noodp":false,"robots_notranslate":false,"robots_max_snippet":"-1","robots_max_videopreview":"-1","robots_max_imagepreview":"large","priority":null,"frequency":"default","local_seo":null,"seo_analyzer_scan_date":"2025-10-09 04:08:46","breadcrumb_settings":null,"limit_modified_date":false,"reviewed_by":null,"open_ai":"{\"title\":{\"suggestions\":[],\"usage\":0},\"description\":{\"suggestions\":[],\"usage\":0}}","ai":null,"created":"2025-04-08 00:21:16","updated":"2026-02-04 22:51:25"},"aioseo_breadcrumb":"<div class=\"aioseo-breadcrumbs\"><span class=\"aioseo-breadcrumb\">\n\t<a href=\"https:\/\/soymigrante.com\/revista\" title=\"Home\">Home<\/a>\n<\/span><span class=\"aioseo-breadcrumb-separator\">\u00bb<\/span><span class=\"aioseo-breadcrumb\">\n\t<a href=\"https:\/\/soymigrante.com\/revista\/category\/estamos-unidos\/\" title=\"Estamos Unidos\">Estamos Unidos<\/a>\n<\/span><span class=\"aioseo-breadcrumb-separator\">\u00bb<\/span><span class=\"aioseo-breadcrumb\">\n\tMarzo 2025 registra hist\u00f3rica escalada de remesas: m\u00e1s de US$2 mil millones\n<\/span><\/div>","aioseo_breadcrumb_json":[{"label":"Home","link":"https:\/\/soymigrante.com\/revista"},{"label":"Estamos Unidos","link":"https:\/\/soymigrante.com\/revista\/category\/estamos-unidos\/"},{"label":"Marzo 2025 registra hist\u00f3rica escalada de remesas: m\u00e1s de US$2 mil millones","link":"https:\/\/soymigrante.com\/revista\/marzo-2025-marca-nuevo-pico-historico-en-envio-de-remesas-migrantes-a-guatemala\/"}],"_links":{"self":[{"href":"https:\/\/soymigrante.com\/revista\/wp-json\/wp\/v2\/posts\/30292","targetHints":{"allow":["GET"]}}],"collection":[{"href":"https:\/\/soymigrante.com\/revista\/wp-json\/wp\/v2\/posts"}],"about":[{"href":"https:\/\/soymigrante.com\/revista\/wp-json\/wp\/v2\/types\/post"}],"author":[{"embeddable":true,"href":"https:\/\/soymigrante.com\/revista\/wp-json\/wp\/v2\/users\/19"}],"replies":[{"embeddable":true,"href":"https:\/\/soymigrante.com\/revista\/wp-json\/wp\/v2\/comments?post=30292"}],"version-history":[{"count":0,"href":"https:\/\/soymigrante.com\/revista\/wp-json\/wp\/v2\/posts\/30292\/revisions"}],"wp:featuredmedia":[{"embeddable":true,"href":"https:\/\/soymigrante.com\/revista\/wp-json\/wp\/v2\/media\/27377"}],"wp:attachment":[{"href":"https:\/\/soymigrante.com\/revista\/wp-json\/wp\/v2\/media?parent=30292"}],"wp:term":[{"taxonomy":"category","embeddable":true,"href":"https:\/\/soymigrante.com\/revista\/wp-json\/wp\/v2\/categories?post=30292"},{"taxonomy":"post_tag","embeddable":true,"href":"https:\/\/soymigrante.com\/revista\/wp-json\/wp\/v2\/tags?post=30292"}],"curies":[{"name":"wp","href":"https:\/\/api.w.org\/{rel}","templated":true}]}}